{"id":14321,"date":"2022-12-08T21:58:23","date_gmt":"2022-12-08T19:58:23","guid":{"rendered":"http:\/\/kommentatorenblog.de\/?p=14321"},"modified":"2022-12-08T21:58:24","modified_gmt":"2022-12-08T19:58:24","slug":"1303-rechteverlaengerung-und-viertelfinalzeit","status":"publish","type":"post","link":"https:\/\/kommentatorenblog.de\/?p=14321","title":{"rendered":"1303 &#8211; Rechteverl\u00e4ngerung und Viertelfinalzeit"},"content":{"rendered":"\n<p>N&#8217;Abend Allerseits, <\/p>\n\n\n\n<p>Das Viertelfinale der Weltmeisterschaft in Katar steht an, doch bevor wir dazu kommen ein kurzer Exkurs in den Clubfu\u00dfball.<\/p>\n\n\n\n<p>Gestern war es so weit, Prime Video verk\u00fcndete die Verl\u00e4ngerung der Champions League Rechte des Topspiels am Dienstag bis 2027. Im Laufe des Tages kristallisierte sich dann aber allgemein, dass sich in Sachen Champions League im TV nichts ver\u00e4ndert. DAZN hat zwar nichts best\u00e4tigt, aber laut \u00fcbereinstimmenden Medienberichten zeigt DAZN weiterhin alle weiteren Spiele. Bedeutet also auch in den Saisons 2024\/25 bis 2026\/27 gibt es das Topspiel am Dienstag auf Prime und den Rest exklusiv auf DAZN. Ver\u00e4ndern wird sich aber ja die Quantit\u00e4t an Spielen durch die Vergr\u00f6\u00dferung der Champions League auf 36 Teams. <\/p>\n\n\n\n<p>Gewinner und Verlierer des Deals sind auf den ersten Blick zu erkennen. DAZN zeigt auch in der dritten Rechteperiode hintereinander die Champions League und ist damit sicherlich ein gro\u00dfer Gewinner. Prime Video bzw. Amazon holt sich genau das, was sie wollten. Ein Topspiel pro Woche, mit dem sie Zuschauer durch hochklassige \u00dcbertragungen anlocken wollen. Sky wiederum ist auch bei dieser Rechtevergabe eher als Verlierer zu titulieren. Da ich nicht Sub-Lizenzen glaube, ist mit sechs Jahren ohne Champions League auf Sky zu rechnen. Ich bin auch mal mit Blick auf z.B. Wolff Fuss gespannt, ob es mehr Kommentatoren geben wird, die sowohl f\u00fcr Sky in der Bundesliga als auch f\u00fcr DAZN in der Champions League arbeiten. <\/p>\n\n\n\n<p>Nun aber zur Weltmeisterschaft: Ich will hier gar nicht als Miesepeter auftreten, aber tats\u00e4chlich hat sich meine Prognose im Vorfeld der WM f\u00fcr mich bewahrheitet. Ein tats\u00e4chliches WM-Feeling hat Seltenheitswert und anders als bei anderen Gro\u00dfturnieren verzichtet ich auch mal komplett auf Fu\u00dfball. Das h\u00e4ngt einerseits mit der politischen Dimension zusammen, aber auch die Themen der hin und wieder ausbauf\u00e4higen Stimmung und aus meiner Sicht fu\u00dfballerisch eher geringen Qualit\u00e4t lassen sich hierf\u00fcr zur Rate ziehen. Um den letzten Punkt weiter auszuf\u00fchren: Allein am Teilnehmerfeld sieht man, dass sich die fehlende Vorbereitung insofern auswirkt, dass Gruppen und Mannschaftstaktische Elemente weitaus weniger komplex im Vergleich zum Vereinsfussball sind, da die Teams dort weitaus eingespielter sind und somit die Teams mit den individuell st\u00e4rksten Spielern auch die besten sind. Rausnehmen w\u00fcrde ich dahingehend tats\u00e4chlich nur die Brasilianer und die Franzosen. Bei beiden Mannschaften war bereits weitaus vor dem Turnier klar, was die fu\u00dfballerische Grundidee ist. <\/p>\n\n\n\n<p>Also, Vorfreude ist bei mir \u00fcberwiegend mit Blick auf Weihnachten und den Boxing-Day vorhanden, nichtsdestotrotz gibt es nat\u00fcrlich wie gewohnt die Ansetzungen vom Wochenende. <\/p>\n\n\n\n<p><strong>Die Ansetzungen vom 10. Dezember 2022 bis zum 12. Dezember 2022<\/strong><\/p>\n\n\n\n<hr class=\"wp-block-separator is-style-default\"\/>\n\n\n\n<p><strong>Weltmeisterschaft 2022, Achtelfinale (ARD\/ZDF\/Magenta TV)<\/strong><\/p>\n\n\n\n<p><u>Freitag, 09. Dezember ab 15.00 Uhr (Magenta TV)<\/u><\/p>\n\n\n\n<p><strong style=\"font-style: italic;\">Kroatien <strong><em><span><b style=\"font-style: italic;\">\u2013<\/b><\/span><\/em><\/strong><\/strong> <em><strong>Brasilien (16.00 Uhr)<\/strong><\/em> <\/p>\n\n\n\n<p><img loading=\"lazy\" decoding=\"async\" width=\"10\" height=\"21\" class=\"wp-image-3656\" style=\"width: 10px;\" src=\"http:\/\/kommentatorenblog.de\/wp-content\/uploads\/2020\/09\/shure-55sh-ii-e1601485394796.jpg\" alt=\"\" srcset=\"https:\/\/kommentatorenblog.de\/wp-content\/uploads\/2020\/09\/shure-55sh-ii-e1601485394796.jpg 415w, https:\/\/kommentatorenblog.de\/wp-content\/uploads\/2020\/09\/shure-55sh-ii-e1601485394796-142x300.jpg 142w\" sizes=\"auto, (max-width: 10px) 100vw, 10px\" \/> Marco Hagemann<\/p>\n\n\n\n<p>Moderation: Johannes B. Kerner, Expertin: Tabea Kemme<\/p>\n\n\n\n<p><u>ab 18.50 Uhr (ARD) bzw. ab 19.00Uhr (Magenta TV)<\/u><\/p>\n\n\n\n<p><strong style=\"font-style: italic;\">Niederlande <strong><em><span><b style=\"font-style: italic;\">\u2013<\/b><\/span><\/em><\/strong><\/strong> <em><strong>Argentinien (20.00 Uhr)<\/strong><\/em> <\/p>\n\n\n\n<p><img loading=\"lazy\" decoding=\"async\" width=\"10\" height=\"21\" class=\"wp-image-3656\" style=\"width: 10px;\" src=\"http:\/\/kommentatorenblog.de\/wp-content\/uploads\/2020\/09\/shure-55sh-ii-e1601485394796.jpg\" alt=\"\" srcset=\"https:\/\/kommentatorenblog.de\/wp-content\/uploads\/2020\/09\/shure-55sh-ii-e1601485394796.jpg 415w, https:\/\/kommentatorenblog.de\/wp-content\/uploads\/2020\/09\/shure-55sh-ii-e1601485394796-142x300.jpg 142w\" sizes=\"auto, (max-width: 10px) 100vw, 10px\" \/> ARD: Tom Bartels<\/p>\n\n\n\n<p><img loading=\"lazy\" decoding=\"async\" width=\"10\" height=\"21\" class=\"wp-image-3656\" style=\"width: 10px;\" src=\"http:\/\/kommentatorenblog.de\/wp-content\/uploads\/2020\/09\/shure-55sh-ii-e1601485394796.jpg\" alt=\"\" srcset=\"https:\/\/kommentatorenblog.de\/wp-content\/uploads\/2020\/09\/shure-55sh-ii-e1601485394796.jpg 415w, https:\/\/kommentatorenblog.de\/wp-content\/uploads\/2020\/09\/shure-55sh-ii-e1601485394796-142x300.jpg 142w\" sizes=\"auto, (max-width: 10px) 100vw, 10px\" \/> Magenta TV: Christian Stra\u00dfburger<\/p>\n\n\n\n<p><img loading=\"lazy\" decoding=\"async\" width=\"10\" height=\"21\" class=\"wp-image-3656\" style=\"width: 10px;\" src=\"http:\/\/kommentatorenblog.de\/wp-content\/uploads\/2020\/09\/shure-55sh-ii-e1601485394796.jpg\" alt=\"\" srcset=\"https:\/\/kommentatorenblog.de\/wp-content\/uploads\/2020\/09\/shure-55sh-ii-e1601485394796.jpg 415w, https:\/\/kommentatorenblog.de\/wp-content\/uploads\/2020\/09\/shure-55sh-ii-e1601485394796-142x300.jpg 142w\" sizes=\"auto, (max-width: 10px) 100vw, 10px\" \/> Magenta TV (Taktik-Feed): Benni Zander, Experte: Manuel Baum<\/p>\n\n\n\n<p>Moderation (ARD-Stadion): Esther Sedlaczek, Experte: Bastian Schweinsteiger<\/p>\n\n\n\n<p>Moderation (ARD-Studio): Jessy Wellmer, Experten: Almuth Schult, Thomas Hitzlsberger und Sami Khedira<\/p>\n\n\n\n<p>Moderation (Magenta TV): Johannes B. Kerner, Expertin: Tabea Kemme<\/p>\n\n\n\n<p><u>Samstag, 10. Dezember 2022, ab 15.00 Uhr (Magenta TV) bzw. ab 15.15 Uhr (ZDF)<\/u><\/p>\n\n\n\n<p><strong style=\"font-style: italic;\">Marokko <strong><em><span><b style=\"font-style: italic;\">\u2013<\/b><\/span><\/em><\/strong><\/strong> <em><strong>Portugal (16.00 Uhr)<\/strong><\/em> <\/p>\n\n\n\n<p><img loading=\"lazy\" decoding=\"async\" width=\"10\" height=\"21\" class=\"wp-image-3656\" style=\"width: 10px;\" src=\"http:\/\/kommentatorenblog.de\/wp-content\/uploads\/2020\/09\/shure-55sh-ii-e1601485394796.jpg\" alt=\"\" srcset=\"https:\/\/kommentatorenblog.de\/wp-content\/uploads\/2020\/09\/shure-55sh-ii-e1601485394796.jpg 415w, https:\/\/kommentatorenblog.de\/wp-content\/uploads\/2020\/09\/shure-55sh-ii-e1601485394796-142x300.jpg 142w\" sizes=\"auto, (max-width: 10px) 100vw, 10px\" \/> ZDF: B\u00e9la R\u00e9thy<\/p>\n\n\n\n<p><img loading=\"lazy\" decoding=\"async\" width=\"10\" height=\"21\" class=\"wp-image-3656\" style=\"width: 10px;\" src=\"http:\/\/kommentatorenblog.de\/wp-content\/uploads\/2020\/09\/shure-55sh-ii-e1601485394796.jpg\" alt=\"\" srcset=\"https:\/\/kommentatorenblog.de\/wp-content\/uploads\/2020\/09\/shure-55sh-ii-e1601485394796.jpg 415w, https:\/\/kommentatorenblog.de\/wp-content\/uploads\/2020\/09\/shure-55sh-ii-e1601485394796-142x300.jpg 142w\" sizes=\"auto, (max-width: 10px) 100vw, 10px\" \/> Magenta TV: Jan Platte<\/p>\n\n\n\n<p>Moderation (ZDF): Katrin M\u00fcller-Hohenstein, Experten: Christoph Kramer und Per Mertesacker<\/p>\n\n\n\n<p>Moderation (Magenta TV): Johannes B. Kerner, Experten: Michael Ballack und Lars Stindl<\/p>\n\n\n\n<p><u>ab 19.00 Uhr (Magenta TV) bzw. ab 19.25 Uhr (ZDF)<\/u><\/p>\n\n\n\n<p><strong style=\"font-style: italic;\">England <strong><em><span><b style=\"font-style: italic;\">\u2013<\/b><\/span><\/em><\/strong><\/strong> <em><strong>Frankreich (20.00 Uhr)<\/strong><\/em> <\/p>\n\n\n\n<p><img loading=\"lazy\" decoding=\"async\" width=\"10\" height=\"21\" class=\"wp-image-3656\" style=\"width: 10px;\" src=\"http:\/\/kommentatorenblog.de\/wp-content\/uploads\/2020\/09\/shure-55sh-ii-e1601485394796.jpg\" alt=\"\" srcset=\"https:\/\/kommentatorenblog.de\/wp-content\/uploads\/2020\/09\/shure-55sh-ii-e1601485394796.jpg 415w, https:\/\/kommentatorenblog.de\/wp-content\/uploads\/2020\/09\/shure-55sh-ii-e1601485394796-142x300.jpg 142w\" sizes=\"auto, (max-width: 10px) 100vw, 10px\" \/> ZDF: Oliver Schmidt, Experte: Sandro Wagner<\/p>\n\n\n\n<p><img loading=\"lazy\" decoding=\"async\" width=\"10\" height=\"21\" class=\"wp-image-3656\" style=\"width: 10px;\" src=\"http:\/\/kommentatorenblog.de\/wp-content\/uploads\/2020\/09\/shure-55sh-ii-e1601485394796.jpg\" alt=\"\" srcset=\"https:\/\/kommentatorenblog.de\/wp-content\/uploads\/2020\/09\/shure-55sh-ii-e1601485394796.jpg 415w, https:\/\/kommentatorenblog.de\/wp-content\/uploads\/2020\/09\/shure-55sh-ii-e1601485394796-142x300.jpg 142w\" sizes=\"auto, (max-width: 10px) 100vw, 10px\" \/> Magenta TV: Wolff Fuss<\/p>\n\n\n\n<p><img loading=\"lazy\" decoding=\"async\" width=\"10\" height=\"21\" class=\"wp-image-3656\" style=\"width: 10px;\" src=\"http:\/\/kommentatorenblog.de\/wp-content\/uploads\/2020\/09\/shure-55sh-ii-e1601485394796.jpg\" alt=\"\" srcset=\"https:\/\/kommentatorenblog.de\/wp-content\/uploads\/2020\/09\/shure-55sh-ii-e1601485394796.jpg 415w, https:\/\/kommentatorenblog.de\/wp-content\/uploads\/2020\/09\/shure-55sh-ii-e1601485394796-142x300.jpg 142w\" sizes=\"auto, (max-width: 10px) 100vw, 10px\" \/> Magenta TV (Taktik-Feed): Benni Zander, Experte: Manuel Baum<\/p>\n\n\n\n<p>Moderation (ZDF): Jochen Breyer, Experten: Christoph Kramer und Per Mertesacker<\/p>\n\n\n\n<p>Moderation (Magenta TV): Johannes B. Kerner, Experten: Michael Ballack und Lars Stindl<\/p>\n\n\n\n<hr class=\"wp-block-separator\"\/>\n\n\n\n<p><strong>Frauen-Bundesliga, 10. Spieltag (Magenta Sport\/Eurosport)<\/strong><\/p>\n\n\n\n<p><u>Freitag, 09. Dezember 2022, ab 19.00 Uhr (Magenta Sport bzw. Eurosport)<\/u><\/p>\n\n\n\n<p><strong style=\"font-style: italic;\">Eintracht Frankfurt <strong><em><span><b style=\"font-style: italic;\">\u2013<\/b><\/span><\/em><\/strong><\/strong> <em><strong>1.FFC Turbine Potsdam (19.15 Uhr)<\/strong><\/em> <\/p>\n\n\n\n<p><img loading=\"lazy\" decoding=\"async\" width=\"10\" height=\"21\" class=\"wp-image-3656\" style=\"width: 10px;\" src=\"http:\/\/kommentatorenblog.de\/wp-content\/uploads\/2020\/09\/shure-55sh-ii-e1601485394796.jpg\" alt=\"\" srcset=\"https:\/\/kommentatorenblog.de\/wp-content\/uploads\/2020\/09\/shure-55sh-ii-e1601485394796.jpg 415w, https:\/\/kommentatorenblog.de\/wp-content\/uploads\/2020\/09\/shure-55sh-ii-e1601485394796-142x300.jpg 142w\" sizes=\"auto, (max-width: 10px) 100vw, 10px\" \/> Magenta Sport: Michael Seyberth<\/p>\n\n\n\n<p><img loading=\"lazy\" decoding=\"async\" width=\"10\" height=\"21\" class=\"wp-image-3656\" style=\"width: 10px;\" src=\"http:\/\/kommentatorenblog.de\/wp-content\/uploads\/2020\/09\/shure-55sh-ii-e1601485394796.jpg\" alt=\"\" srcset=\"https:\/\/kommentatorenblog.de\/wp-content\/uploads\/2020\/09\/shure-55sh-ii-e1601485394796.jpg 415w, https:\/\/kommentatorenblog.de\/wp-content\/uploads\/2020\/09\/shure-55sh-ii-e1601485394796-142x300.jpg 142w\" sizes=\"auto, (max-width: 10px) 100vw, 10px\" \/> Eurosport: Markus Theil <\/p>\n\n\n\n<p>Moderation (Magenta Sport): Cedric Pick<\/p>\n\n\n\n<p><span style=\"text-decoration: underline;\">Samstag, 10. Dezember 2022 ab 13.45 Uhr (Magenta Sport)<\/span><\/p>\n\n\n\n<p><em><strong>FC Bayern M\u00fcnchen \u2013 <em><strong>Bayer 04 Leverkusen<\/strong><\/em> (14.00 Uhr)<\/strong><\/em><\/p>\n\n\n\n<p><img loading=\"lazy\" decoding=\"async\" width=\"10\" height=\"21\" class=\"wp-image-3656\" style=\"width: 10px;\" src=\"http:\/\/kommentatorenblog.de\/wp-content\/uploads\/2020\/09\/shure-55sh-ii-e1601485394796.jpg\" alt=\"\" srcset=\"https:\/\/kommentatorenblog.de\/wp-content\/uploads\/2020\/09\/shure-55sh-ii-e1601485394796.jpg 415w, https:\/\/kommentatorenblog.de\/wp-content\/uploads\/2020\/09\/shure-55sh-ii-e1601485394796-142x300.jpg 142w\" sizes=\"auto, (max-width: 10px) 100vw, 10px\" \/> Martin Piller<\/p>\n\n\n\n<p><span style=\"text-decoration: underline;\">Sonntag, 11. Dezember 2022 ab 12.45 Uhr (Magenta Sport)<\/span><\/p>\n\n\n\n<p class=\"has-text-align-left\"><em><strong>VfL Wolfsburg \u2013 SV Meppen (13.00 Uhr)<\/strong><\/em><\/p>\n\n\n\n<p><img loading=\"lazy\" decoding=\"async\" width=\"10\" height=\"21\" class=\"wp-image-3656\" style=\"width: 10px;\" src=\"http:\/\/kommentatorenblog.de\/wp-content\/uploads\/2020\/09\/shure-55sh-ii-e1601485394796.jpg\" alt=\"\" srcset=\"https:\/\/kommentatorenblog.de\/wp-content\/uploads\/2020\/09\/shure-55sh-ii-e1601485394796.jpg 415w, https:\/\/kommentatorenblog.de\/wp-content\/uploads\/2020\/09\/shure-55sh-ii-e1601485394796-142x300.jpg 142w\" sizes=\"auto, (max-width: 10px) 100vw, 10px\" \/> Oskar Heirler<\/p>\n\n\n\n<p><strong><em>1.FC K\u00f6ln \u2013 SC Freiburg (13.00 Uhr)<\/em><\/strong><\/p>\n\n\n\n<p><img loading=\"lazy\" decoding=\"async\" width=\"10\" height=\"21\" class=\"wp-image-3656\" style=\"width: 10px;\" src=\"http:\/\/kommentatorenblog.de\/wp-content\/uploads\/2020\/09\/shure-55sh-ii-e1601485394796.jpg\" alt=\"\" srcset=\"https:\/\/kommentatorenblog.de\/wp-content\/uploads\/2020\/09\/shure-55sh-ii-e1601485394796.jpg 415w, https:\/\/kommentatorenblog.de\/wp-content\/uploads\/2020\/09\/shure-55sh-ii-e1601485394796-142x300.jpg 142w\" sizes=\"auto, (max-width: 10px) 100vw, 10px\" \/> Michael Seyberth<\/p>\n\n\n\n<p><span style=\"text-decoration: underline;\">ab 15.45 Uhr<\/span><\/p>\n\n\n\n<p><em><strong>MSV Duisburg \u2013 SGS Essen (16.00 Uhr)<\/strong><\/em><\/p>\n\n\n\n<p><img loading=\"lazy\" decoding=\"async\" width=\"10\" height=\"21\" class=\"wp-image-3656\" style=\"width: 10px;\" src=\"http:\/\/kommentatorenblog.de\/wp-content\/uploads\/2020\/09\/shure-55sh-ii-e1601485394796.jpg\" alt=\"\" srcset=\"https:\/\/kommentatorenblog.de\/wp-content\/uploads\/2020\/09\/shure-55sh-ii-e1601485394796.jpg 415w, https:\/\/kommentatorenblog.de\/wp-content\/uploads\/2020\/09\/shure-55sh-ii-e1601485394796-142x300.jpg 142w\" sizes=\"auto, (max-width: 10px) 100vw, 10px\" \/> Simon K\u00f6pfer<\/p>\n\n\n\n<p><em><strong>SV Werder Bremen \u2013 TSG 1899 Hoffenheim (16.00 Uhr)<\/strong><\/em><\/p>\n\n\n\n<p><img loading=\"lazy\" decoding=\"async\" width=\"10\" height=\"21\" class=\"wp-image-3656\" style=\"width: 10px;\" src=\"http:\/\/kommentatorenblog.de\/wp-content\/uploads\/2020\/09\/shure-55sh-ii-e1601485394796.jpg\" alt=\"\" srcset=\"https:\/\/kommentatorenblog.de\/wp-content\/uploads\/2020\/09\/shure-55sh-ii-e1601485394796.jpg 415w, https:\/\/kommentatorenblog.de\/wp-content\/uploads\/2020\/09\/shure-55sh-ii-e1601485394796-142x300.jpg 142w\" sizes=\"auto, (max-width: 10px) 100vw, 10px\" \/> Martin Piller<\/p>\n\n\n\n<hr class=\"wp-block-separator\"\/>\n\n\n\n<p><strong>Women\u00b4s Super League (Sky)<\/strong><\/p>\n\n\n\n<p><span style=\"text-decoration: underline;\">Sonntag, 11. Dezember 2022 ab 13.20 Uhr<\/span><\/p>\n\n\n\n<p><em><strong>Manchester City \u2013 <em><strong>Manchester United <\/strong><\/em>(13.30 Uhr)<\/strong><\/em><\/p>\n\n\n\n<p><img loading=\"lazy\" decoding=\"async\" width=\"10\" height=\"21\" class=\"wp-image-3656\" style=\"width: 10px;\" src=\"http:\/\/kommentatorenblog.de\/wp-content\/uploads\/2020\/09\/shure-55sh-ii-e1601485394796.jpg\" alt=\"\" srcset=\"https:\/\/kommentatorenblog.de\/wp-content\/uploads\/2020\/09\/shure-55sh-ii-e1601485394796.jpg 415w, https:\/\/kommentatorenblog.de\/wp-content\/uploads\/2020\/09\/shure-55sh-ii-e1601485394796-142x300.jpg 142w\" sizes=\"auto, (max-width: 10px) 100vw, 10px\" \/> tba<\/p>\n\n\n\n<hr class=\"wp-block-separator is-style-default\"\/>\n\n\n\n<p><strong>Analyse<\/strong><\/p>\n\n\n\n<p>Den Start in die Viertelfinals gibt es exklusiv auf Magenta TV. Nach dem WarmUp mit Anett Sattler melden sich ab 15Uhr Johannes B. Kerner, Tabea Kemme und nat\u00fcrlich auch Jan Henkel aus dem Studio. Kommentieren wird dann die Partie zwischen Kroatien und Brasilien Marco Hagemann.<\/p>\n\n\n\n<p>Ab 18.50Uhr steigt dann auch die ARD in das Geschehen ein. Die Vorberichterstattung auf Argentinien gegen die Niederlande l\u00e4uft wie immer zweigeteilt aus dem Studio und dem Stadion. Kommentieren wird Final-Kommentator Tom Bartels. Bei Magenta TV bleibt das Team im Studio bestehen, kommentieren wird dann Christian Stra\u00dfburger. Die Argentinier kennt er ja noch gut aus der Gruppenphase. Alternativ gibt es nat\u00fcrlich auch den Taktik Feed mit Benni Zander und Manuel &#8211; eine \u00dcbertragungsform, die ich auch gerne hin und wieder im Vereinsfu\u00dfball sehen w\u00fcrde.<\/p>\n\n\n\n<p>Die beiden Spiele am Samstag laufen dann Co-exklusiv auf Magenta TV und im ZDF. Bei der fr\u00fchen Partie zwischen Portugal und Marokko (die beiden aus meiner Sicht schw\u00e4chsten Viertelfinalisten) melden sich Katrin M\u00fcller-Hohenstein, Christoph Kramer und Per Mertesacker im ZDF und Johannes B. Kerner, Michael Ballack und Lars Stindl bei Magenta TV. Bei den Kommentatoren habt die ihr die Auswahl zwischen B\u00e9la R\u00e9thy (viele Chancen, ihn zu h\u00f6ren, gibt es leider nicht mehr) und Jan Platte. <\/p>\n\n\n\n<p>Bei der sp\u00e4ten Ansto\u00dfzeit springt dann Jochen Breyer f\u00fcr M\u00fcller-Hohenstein an, ansonsten bleiben die Studioteams identisch. Bei dem nominell gr\u00f6\u00dften Viertelfinale zwischen England und Frankreich gibt es dann wenig \u00fcberraschend absolutes Spitzenpersonal am Mikrofon. Wolff Fuss bzw. Oliver Schmidt mit Sandro Wagner sind da sicherlich Top Auswahlm\u00f6glichkeiten. Ebenso gibt es aber nat\u00fcrlich auch hier das Taktik-Feed mit Zander und Baum.<\/p>\n\n\n\n<p>Bis dahin, habt ein sch\u00f6nes Wochenende!<\/p>\n","protected":false},"excerpt":{"rendered":"<p>N&#8217;Abend Allerseits, Das Viertelfinale der Weltmeisterschaft in Katar steht an, doch bevor wir dazu kommen ein kurzer Exkurs in den Clubfu\u00dfball. Gestern war es so weit, Prime Video verk\u00fcndete die Verl\u00e4ngerung der Champions League Rechte des Topspiels am Dienstag bis 2027. Im Laufe des Tages kristallisierte sich dann aber allgemein, dass sich in Sachen Champions [&hellip;]<\/p>\n","protected":false},"author":5,"featured_media":0,"comment_status":"open","ping_status":"open","sticky":false,"template":"","format":"standard","meta":{"footnotes":""},"categories":[879],"tags":[548,19,355,47,21,256,35,544,97,14,543,48,274,39,520,50,892,9,542,488,43,239,130,500,634,109,293,161,732,350,415,639,891,273,37],"class_list":["post-14321","post","type-post","status-publish","format-standard","hentry","category-wm-2022","tag-almuth-schult","tag-ard","tag-bastian-schweinsteiger","tag-bela-rethy","tag-benni-zander","tag-cedric-pick","tag-christian-strassburger","tag-christoph-kramer","tag-esther-sedlaczek","tag-eurosport","tag-jan-henkel","tag-jan-platte","tag-jessy-wellmer","tag-jochen-breyer","tag-johannes-b-kerner","tag-katrin-mueller-hohenstein","tag-lars-stindl","tag-magenta-sport","tag-magentatv","tag-manuel-baum","tag-marco-hagemann","tag-markus-theil","tag-martin-piller","tag-michael-ballack","tag-michael-seyberth","tag-oliver-schmidt","tag-oskar-heirler","tag-per-mertesacker","tag-sami-khedira","tag-sandro-wagner","tag-simon-koepfer","tag-tabea-kemme","tag-thomas-hitzlsperger","tag-tom-bartels","tag-zdf"],"_links":{"self":[{"href":"https:\/\/kommentatorenblog.de\/index.php?rest_route=\/wp\/v2\/posts\/14321","targetHints":{"allow":["GET"]}}],"collection":[{"href":"https:\/\/kommentatorenblog.de\/index.php?rest_route=\/wp\/v2\/posts"}],"about":[{"href":"https:\/\/kommentatorenblog.de\/index.php?rest_route=\/wp\/v2\/types\/post"}],"author":[{"embeddable":true,"href":"https:\/\/kommentatorenblog.de\/index.php?rest_route=\/wp\/v2\/users\/5"}],"replies":[{"embeddable":true,"href":"https:\/\/kommentatorenblog.de\/index.php?rest_route=%2Fwp%2Fv2%2Fcomments&post=14321"}],"version-history":[{"count":3,"href":"https:\/\/kommentatorenblog.de\/index.php?rest_route=\/wp\/v2\/posts\/14321\/revisions"}],"predecessor-version":[{"id":14324,"href":"https:\/\/kommentatorenblog.de\/index.php?rest_route=\/wp\/v2\/posts\/14321\/revisions\/14324"}],"wp:attachment":[{"href":"https:\/\/kommentatorenblog.de\/index.php?rest_route=%2Fwp%2Fv2%2Fmedia&parent=14321"}],"wp:term":[{"taxonomy":"category","embeddable":true,"href":"https:\/\/kommentatorenblog.de\/index.php?rest_route=%2Fwp%2Fv2%2Fcategories&post=14321"},{"taxonomy":"post_tag","embeddable":true,"href":"https:\/\/kommentatorenblog.de\/index.php?rest_route=%2Fwp%2Fv2%2Ftags&post=14321"}],"curies":[{"name":"wp","href":"https:\/\/api.w.org\/{rel}","templated":true}]}}