{"id":14327,"date":"2022-12-12T19:05:44","date_gmt":"2022-12-12T17:05:44","guid":{"rendered":"http:\/\/kommentatorenblog.de\/?p=14327"},"modified":"2023-01-02T16:37:24","modified_gmt":"2023-01-02T14:37:24","slug":"1304-rehtys-abschied","status":"publish","type":"post","link":"https:\/\/kommentatorenblog.de\/?p=14327","title":{"rendered":"1304 &#8211; R\u00e9thys Abschied"},"content":{"rendered":"\n<p>Hallo zusammen, <\/p>\n\n\n\n<p>die Fu\u00dfball- WM befindet sich auf der Zielgerade, noch insgesamt vier Spiele sind zu spielen, zwei Halbfinals, das Finale und auch das Spiel um Platz drei stehen noch an.<\/p>\n\n\n\n<p>W\u00e4hrend f\u00fcr die Spieler und Teams damit noch je zwei Spiele anstehen, wird f\u00fcr einen am Mittwoch das letzte Spiel seiner Karriere anstehen: B\u00e9la R\u00e9thy.<\/p>\n\n\n\n<p>Es ist ja bereits l\u00e4nger bekannt, dass R\u00e9thy, Jahrgang 1956, nach der WM in Rente gehen wird, nun steht auch fest, mit welcher Partie er in den Ruhestand verabschiedet wird: Es ist die Halbfinal- Partie Frankreich- Marokko.<\/p>\n\n\n\n<p>Damit geht f\u00fcr B\u00e9la R\u00e9thy eine lange Karriere zu Ende, welche 1979 als freier Mitarbeiter im ZDF begann. Ab 1986 war er bei Weltmeisterschaften f\u00fcr das zweite deutsche Fernsehen im Einsatz, zuerst als Reporter und Assistent, ab 1994 war er dann auch als Kommentator Teil des ZDF- Teams. Sein Deb\u00fct als WM- Kommentator feierte er 1994 in den USA, nun, 28 Jahre endet seine Karriere bei der WM in Katar.<\/p>\n\n\n\n<p>In der Zwischenzeit war R\u00e9thy bei allen Welt- und Europameisterschaften bei den Fu\u00dfball- Herren als Kommentator im Einsatz und kommentierte dabei auch einige Finals bei EMs und WMs. Dazu geh\u00f6rt das WM- Finale 2002, als Deutschland an Brasilien scheiterte, oder das EM- Finale 1996, als Deutschland den EM- Titel bejubeln konnte. <\/p>\n\n\n\n<p>Auch Spiele der Frauen- WM 2015, L\u00e4nderspiele der deutschen Fu\u00dfballnationalmannschaft, Bundesliga- und Champions League- Spiele kommentierte R\u00e9thy in seiner Karriere. Daneben f\u00fchrte in sein Weg auch zu einigen olympischen Sommer- und Winterspiele, wo er u.a. Hockey- Spiele und Langlauf- Wettbewerbe kommentierte.<\/p>\n\n\n\n<p>Die Ansetzungen seines letzten Spiels und alle weiteren Partien findet ihr, wie gewohnt unten:<\/p>\n\n\n\n<p><strong>Die Ansetzungen vom 13. Dezember 2022 bis zum 15. Dezember 2022<\/strong><\/p>\n\n\n\n<hr class=\"wp-block-separator is-style-default\"\/>\n\n\n\n<p><strong>Weltmeisterschaft 2022, Halbfinale (ARD\/ZDF\/Magenta TV)<\/strong><\/p>\n\n\n\n<p><u>Dienstag, 13. Dezember ab 18.50 Uhr (ARD)\/ ab 19.00 Uhr (Magenta TV)<\/u><\/p>\n\n\n\n<p><strong style=\"font-style: italic;\">Argentinien <strong><em><span><b style=\"font-style: italic;\">\u2013<\/b><\/span><\/em><\/strong><\/strong> <em><strong>Kroatien (20.00 Uhr)<\/strong><\/em> <\/p>\n\n\n\n<p><img loading=\"lazy\" decoding=\"async\" width=\"10\" height=\"21\" class=\"wp-image-3656\" style=\"width: 10px;\" src=\"http:\/\/kommentatorenblog.de\/wp-content\/uploads\/2020\/09\/shure-55sh-ii-e1601485394796.jpg\" alt=\"\" srcset=\"https:\/\/kommentatorenblog.de\/wp-content\/uploads\/2020\/09\/shure-55sh-ii-e1601485394796.jpg 415w, https:\/\/kommentatorenblog.de\/wp-content\/uploads\/2020\/09\/shure-55sh-ii-e1601485394796-142x300.jpg 142w\" sizes=\"auto, (max-width: 10px) 100vw, 10px\" \/> ARD: Gerd Gottlob<\/p>\n\n\n\n<p><img loading=\"lazy\" decoding=\"async\" width=\"10\" height=\"21\" class=\"wp-image-3656\" style=\"width: 10px;\" src=\"http:\/\/kommentatorenblog.de\/wp-content\/uploads\/2020\/09\/shure-55sh-ii-e1601485394796.jpg\" alt=\"\" srcset=\"https:\/\/kommentatorenblog.de\/wp-content\/uploads\/2020\/09\/shure-55sh-ii-e1601485394796.jpg 415w, https:\/\/kommentatorenblog.de\/wp-content\/uploads\/2020\/09\/shure-55sh-ii-e1601485394796-142x300.jpg 142w\" sizes=\"auto, (max-width: 10px) 100vw, 10px\" \/> Magenta TV: Wolff Fuss<\/p>\n\n\n\n<p><img loading=\"lazy\" decoding=\"async\" width=\"10\" height=\"21\" class=\"wp-image-3656\" style=\"width: 10px;\" src=\"http:\/\/kommentatorenblog.de\/wp-content\/uploads\/2020\/09\/shure-55sh-ii-e1601485394796.jpg\" alt=\"\" srcset=\"https:\/\/kommentatorenblog.de\/wp-content\/uploads\/2020\/09\/shure-55sh-ii-e1601485394796.jpg 415w, https:\/\/kommentatorenblog.de\/wp-content\/uploads\/2020\/09\/shure-55sh-ii-e1601485394796-142x300.jpg 142w\" sizes=\"auto, (max-width: 10px) 100vw, 10px\" \/> Magenta TV (Taktik-Feed): Benni Zander, Experte: Manuel Baum<\/p>\n\n\n\n<p><img loading=\"lazy\" decoding=\"async\" width=\"10\" height=\"21\" class=\"wp-image-3656\" style=\"width: 10px;\" src=\"http:\/\/kommentatorenblog.de\/wp-content\/uploads\/2020\/09\/shure-55sh-ii-e1601485394796.jpg\" alt=\"\" srcset=\"https:\/\/kommentatorenblog.de\/wp-content\/uploads\/2020\/09\/shure-55sh-ii-e1601485394796.jpg 415w, https:\/\/kommentatorenblog.de\/wp-content\/uploads\/2020\/09\/shure-55sh-ii-e1601485394796-142x300.jpg 142w\" sizes=\"auto, (max-width: 10px) 100vw, 10px\" \/> Magenta TV (Einfach mal luppen): Toni &amp; Felix Kroos<\/p>\n\n\n\n<p>Moderation (ARD- Stadion): Esther Sedlaczek, Experte: Bastian Schweinsteiger<\/p>\n\n\n\n<p>Moderation (ARD- Studio): Jessy Wellmer, Expertin: Almuth Schult, Experten: Thomas Hitzlsperger &amp; Sami Khedira<\/p>\n\n\n\n<p>Moderation (Magenta TV): Johannes B.Kerner, Expertin: Tabea Kemme, Experte: Toni Kroos<\/p>\n\n\n\n<p><u><u>Mittwoch, 14. Dezember 2022, ab 19.15 Uhr (ZDF<\/u>)\/ ab 19.00 Uhr (Magenta TV)<\/u><\/p>\n\n\n\n<p><strong style=\"font-style: italic;\">Frankreich <strong><em><span><b style=\"font-style: italic;\">\u2013<\/b><\/span><\/em><\/strong><\/strong> <em><strong>Marokko (20.00 Uhr)<\/strong><\/em> <\/p>\n\n\n\n<p><img loading=\"lazy\" decoding=\"async\" width=\"10\" height=\"21\" class=\"wp-image-3656\" style=\"width: 10px;\" src=\"http:\/\/kommentatorenblog.de\/wp-content\/uploads\/2020\/09\/shure-55sh-ii-e1601485394796.jpg\" alt=\"\" srcset=\"https:\/\/kommentatorenblog.de\/wp-content\/uploads\/2020\/09\/shure-55sh-ii-e1601485394796.jpg 415w, https:\/\/kommentatorenblog.de\/wp-content\/uploads\/2020\/09\/shure-55sh-ii-e1601485394796-142x300.jpg 142w\" sizes=\"auto, (max-width: 10px) 100vw, 10px\" \/> ZDF: B\u00e9la R\u00e9thy, Experte: Sandro Wagner<\/p>\n\n\n\n<p><img loading=\"lazy\" decoding=\"async\" width=\"10\" height=\"21\" class=\"wp-image-3656\" style=\"width: 10px;\" src=\"http:\/\/kommentatorenblog.de\/wp-content\/uploads\/2020\/09\/shure-55sh-ii-e1601485394796.jpg\" alt=\"\" srcset=\"https:\/\/kommentatorenblog.de\/wp-content\/uploads\/2020\/09\/shure-55sh-ii-e1601485394796.jpg 415w, https:\/\/kommentatorenblog.de\/wp-content\/uploads\/2020\/09\/shure-55sh-ii-e1601485394796-142x300.jpg 142w\" sizes=\"auto, (max-width: 10px) 100vw, 10px\" \/> Magenta TV: Marco Hagemann<\/p>\n\n\n\n<p><img loading=\"lazy\" decoding=\"async\" width=\"10\" height=\"21\" class=\"wp-image-3656\" style=\"width: 10px;\" src=\"http:\/\/kommentatorenblog.de\/wp-content\/uploads\/2020\/09\/shure-55sh-ii-e1601485394796.jpg\" alt=\"\" srcset=\"https:\/\/kommentatorenblog.de\/wp-content\/uploads\/2020\/09\/shure-55sh-ii-e1601485394796.jpg 415w, https:\/\/kommentatorenblog.de\/wp-content\/uploads\/2020\/09\/shure-55sh-ii-e1601485394796-142x300.jpg 142w\" sizes=\"auto, (max-width: 10px) 100vw, 10px\" \/> Magenta TV (Taktik-Feed): Benni Zander, Experte: Manuel Baum<\/p>\n\n\n\n<p>Moderation (ZDF): Jochen Breyer, Expertin: Martina Voss- Tecklenburg, Experte: Christoph Kramer, Per Mertesacker<\/p>\n\n\n\n<p>Moderation (Magenta TV): Johannes B. Kerner, Experte: Michael Ballack<\/p>\n\n\n\n<hr class=\"wp-block-separator\"\/>\n\n\n\n<p><strong>UEFA Women\u00b4s Champions League, 5. Spieltag (DAZN\/DAZN YouTube)<\/strong><\/p>\n\n\n\n<p><u>Donnerstag, 15. Dezember 2022, ab 18.45 Uhr<\/u><\/p>\n\n\n\n<p><strong style=\"font-style: italic;\">FC Rosengard <strong><em><span><b style=\"font-style: italic;\">\u2013<\/b><\/span><\/em><\/strong><\/strong> <em><strong>FC Bayern M\u00fcnchen (18.45 Uhr)<\/strong><\/em> <\/p>\n\n\n\n<p><img loading=\"lazy\" decoding=\"async\" width=\"10\" height=\"21\" class=\"wp-image-3656\" style=\"width: 10px;\" src=\"http:\/\/kommentatorenblog.de\/wp-content\/uploads\/2020\/09\/shure-55sh-ii-e1601485394796.jpg\" alt=\"\" srcset=\"https:\/\/kommentatorenblog.de\/wp-content\/uploads\/2020\/09\/shure-55sh-ii-e1601485394796.jpg 415w, https:\/\/kommentatorenblog.de\/wp-content\/uploads\/2020\/09\/shure-55sh-ii-e1601485394796-142x300.jpg 142w\" sizes=\"auto, (max-width: 10px) 100vw, 10px\" \/> Christoph Fetzer<\/p>\n\n\n\n<p><strong style=\"font-style: italic;\">Juventus Turin <strong><em><span><b style=\"font-style: italic;\">\u2013<\/b><\/span><\/em><\/strong><\/strong> <em><strong>FC Z\u00fcrich (18.45 Uhr)<\/strong><\/em> <\/p>\n\n\n\n<p><img loading=\"lazy\" decoding=\"async\" width=\"10\" height=\"21\" class=\"wp-image-3656\" style=\"width: 10px;\" src=\"http:\/\/kommentatorenblog.de\/wp-content\/uploads\/2020\/09\/shure-55sh-ii-e1601485394796.jpg\" alt=\"\" srcset=\"https:\/\/kommentatorenblog.de\/wp-content\/uploads\/2020\/09\/shure-55sh-ii-e1601485394796.jpg 415w, https:\/\/kommentatorenblog.de\/wp-content\/uploads\/2020\/09\/shure-55sh-ii-e1601485394796-142x300.jpg 142w\" sizes=\"auto, (max-width: 10px) 100vw, 10px\" \/> Guido H\u00fcsgen<\/p>\n\n\n\n<p><u>Freitag, 16. Dezember 2022, ab 18.45 Uhr<\/u><\/p>\n\n\n\n<p><strong style=\"font-style: italic;\">AS Rom <strong><em><span><b style=\"font-style: italic;\">\u2013<\/b><\/span><\/em><\/strong><\/strong> <em><strong>St P\u00f6lten (18.45 Uhr)<\/strong><\/em> <\/p>\n\n\n\n<p><img loading=\"lazy\" decoding=\"async\" width=\"10\" height=\"21\" class=\"wp-image-3656\" style=\"width: 10px;\" src=\"http:\/\/kommentatorenblog.de\/wp-content\/uploads\/2020\/09\/shure-55sh-ii-e1601485394796.jpg\" alt=\"\" srcset=\"https:\/\/kommentatorenblog.de\/wp-content\/uploads\/2020\/09\/shure-55sh-ii-e1601485394796.jpg 415w, https:\/\/kommentatorenblog.de\/wp-content\/uploads\/2020\/09\/shure-55sh-ii-e1601485394796-142x300.jpg 142w\" sizes=\"auto, (max-width: 10px) 100vw, 10px\" \/> Michael Seyberth<\/p>\n\n\n\n<p><strong style=\"font-style: italic;\">VfL Wolfsburg <strong><em><span><b style=\"font-style: italic;\">\u2013<\/b><\/span><\/em><\/strong><\/strong> <em><strong>Slavia Prag (21.00 Uhr)<\/strong><\/em> <\/p>\n\n\n\n<p><img loading=\"lazy\" decoding=\"async\" width=\"10\" height=\"21\" class=\"wp-image-3656\" style=\"width: 10px;\" src=\"http:\/\/kommentatorenblog.de\/wp-content\/uploads\/2020\/09\/shure-55sh-ii-e1601485394796.jpg\" alt=\"\" srcset=\"https:\/\/kommentatorenblog.de\/wp-content\/uploads\/2020\/09\/shure-55sh-ii-e1601485394796.jpg 415w, https:\/\/kommentatorenblog.de\/wp-content\/uploads\/2020\/09\/shure-55sh-ii-e1601485394796-142x300.jpg 142w\" sizes=\"auto, (max-width: 10px) 100vw, 10px\" \/> Nico Seepe, Expertin: Josephine Henning<\/p>\n\n\n\n<p>Field- Reporterin: Ann-Sophie Kimmel<\/p>\n\n\n\n<hr class=\"wp-block-separator\"\/>\n\n\n\n<hr class=\"wp-block-separator is-style-default\"\/>\n\n\n\n<p><strong>Analyse<\/strong><\/p>\n\n\n\n<p>Nach einer kurzen WM- Pause gehen die Partien am Dienstag in Katar weiter, dann stehen die Halbfinals an. Mit dabei Argentinien, Kroatien, der amtierende Weltmeister Frankreich sowie Halbfinal- Deb\u00fctant Marokko.<\/p>\n\n\n\n<p><strong>Dienstags im Ersten und bei Magenta&#8230;<\/strong><\/p>\n\n\n\n<p>Los gehen die Halbfinals mit der Partie Argentinien- Kroatien, \u00fcbertragen von Magenta TV sowie der ARD. F\u00fcr Magenta \u00fcbernimmt die Nummer 1 im Kommentatoren- Team, Wolff Fuss, die Partie. Im Ersten wird Gerd Gottlob die Partie kommentieren, mit Blick auf den Turnierverlauf kann man sagen, dass die Ansetzung nicht wirklich \u00fcberrascht.<\/p>\n\n\n\n<p>Denn im Vergleich zur Euro im letzten Jahr, hat sich bei dieser WM bei der ARD vielmehr eine Reihenfolge im Kommentatoren- und Kommentatorin- Team herauskristallisiert. So ist Tom Bartels, der am Sonntag das Finale \u00fcbernimmt die Nummer eins. Dahinter folgt dann Gerd Gottlob, der eben das ARD- Halbfinale kommentiert und auch schon beim DFB- Gruppenendspiel im Einsatz war.<\/p>\n\n\n\n<p>Deutliche Nummer 3 ist dieses Jahr Florian Na\u00df, f\u00fcr den das Turnier, erwartungsgem\u00e4\u00df, mit dem Achtelfinale zu Ende war. Bei der Euro im letzten Jahr war dies noch nicht so offensichtlich, da kommentierte Na\u00df beispielsweise das Er\u00f6ffnungsspiel, sowie das deutsche Achtelfinale. Vervollst\u00e4ndigt wird das Team von Christina Graf, die bei ihrem WM- Deb\u00fct vier Gruppenspiele kommentieren durfte.<\/p>\n\n\n\n<p><strong>&#8230; Mittwochs im Zweiten und wieder bei Magenta<\/strong><\/p>\n\n\n\n<p>Das zweit Halbfinale zwischen dem (noch?) amtierenden Weltmeister Frankreich und Marokko gibt es dann sowohl bei Magenta als auch im ZDF zu sehen. W\u00e4hrend bei Magenta Marco Hagemann ran darf, nimmt im Zweiten, wie bereits im Vorwort angeklungen, Bela R\u00e9thy ein letztes Mal auf den Kommentatoren- Sitz platz und kommentiert das Spiel aus dem Al- Bayt- Stadium.<\/p>\n\n\n\n<p><strong>Bayern und Wolfsburg international<\/strong><\/p>\n\n\n\n<p>W\u00e4hrend es bei den M\u00e4nnern um den WM- Titel geht, treten die Frauen unterdessen in der K\u00f6nigsklasse an. Am Donnerstag und Freitag stehen dabei der f\u00fcnfte Spieltag in der Gruppenphase an. F\u00fcr die M\u00fcnchnerinnen geht es nach dem Erfolg gegen Barca in der heimischen Arena nach Rosengard, kommentiert wird die Partie von Christoph Fetzer. Daneben gibt es noch die Partie Juventus- FC Zur\u00fcch mit Guido H\u00fcsgen als Kommentator zu sehen.<\/p>\n\n\n\n<p>Am Freitag steht dann f\u00fcr den VfL Wolfsburg das f\u00fcnfte Spiel in der diesj\u00e4hrigen Champions League- Saison an, zu Gast ist Slavia Prag. Kommentieren wird Nico Seepe zusammen mit Josephine Henning. Im Stadion wird Ann- Sophie Kimmel f\u00fcr die Interviews sein.<\/p>\n\n\n\n<p>Am Freitag meldet sich dann hier Nico mit dem Beitrag zum WM- Finale, und auch dem Spiel um Platz 3. Bis dahin allen eine gute Woche.<\/p>\n","protected":false},"excerpt":{"rendered":"<p>Hallo zusammen, die Fu\u00dfball- WM befindet sich auf der Zielgerade, noch insgesamt vier Spiele sind zu spielen, zwei Halbfinals, das Finale und auch das Spiel um Platz drei stehen noch an. W\u00e4hrend f\u00fcr die Spieler und Teams damit noch je zwei Spiele anstehen, wird f\u00fcr einen am Mittwoch das letzte Spiel seiner Karriere anstehen: B\u00e9la [&hellip;]<\/p>\n","protected":false},"author":10,"featured_media":0,"comment_status":"open","ping_status":"open","sticky":false,"template":"","format":"standard","meta":{"footnotes":""},"categories":[879],"tags":[548,404,19,355,890,21,544,13,97,896,272,274,520,675,893,488,43,500,634,191,161,732,639,891,895,107,37],"class_list":["post-14327","post","type-post","status-publish","format-standard","hentry","category-wm-2022","tag-almuth-schult","tag-ann-sophie-kimmel","tag-ard","tag-bastian-schweinsteiger","tag-bela-rehty","tag-benni-zander","tag-christoph-kramer","tag-dazn","tag-esther-sedlaczek","tag-felix-kross","tag-gerd-gottlob","tag-jessy-wellmer","tag-johannes-b-kerner","tag-josephine-henning","tag-magenta-tv","tag-manuel-baum","tag-marco-hagemann","tag-michael-ballack","tag-michael-seyberth","tag-nico-seepe","tag-per-mertesacker","tag-sami-khedira","tag-tabea-kemme","tag-thomas-hitzlsperger","tag-toni-kroos","tag-wolff-fuss","tag-zdf"],"_links":{"self":[{"href":"https:\/\/kommentatorenblog.de\/index.php?rest_route=\/wp\/v2\/posts\/14327","targetHints":{"allow":["GET"]}}],"collection":[{"href":"https:\/\/kommentatorenblog.de\/index.php?rest_route=\/wp\/v2\/posts"}],"about":[{"href":"https:\/\/kommentatorenblog.de\/index.php?rest_route=\/wp\/v2\/types\/post"}],"author":[{"embeddable":true,"href":"https:\/\/kommentatorenblog.de\/index.php?rest_route=\/wp\/v2\/users\/10"}],"replies":[{"embeddable":true,"href":"https:\/\/kommentatorenblog.de\/index.php?rest_route=%2Fwp%2Fv2%2Fcomments&post=14327"}],"version-history":[{"count":10,"href":"https:\/\/kommentatorenblog.de\/index.php?rest_route=\/wp\/v2\/posts\/14327\/revisions"}],"predecessor-version":[{"id":14342,"href":"https:\/\/kommentatorenblog.de\/index.php?rest_route=\/wp\/v2\/posts\/14327\/revisions\/14342"}],"wp:attachment":[{"href":"https:\/\/kommentatorenblog.de\/index.php?rest_route=%2Fwp%2Fv2%2Fmedia&parent=14327"}],"wp:term":[{"taxonomy":"category","embeddable":true,"href":"https:\/\/kommentatorenblog.de\/index.php?rest_route=%2Fwp%2Fv2%2Fcategories&post=14327"},{"taxonomy":"post_tag","embeddable":true,"href":"https:\/\/kommentatorenblog.de\/index.php?rest_route=%2Fwp%2Fv2%2Ftags&post=14327"}],"curies":[{"name":"wp","href":"https:\/\/api.w.org\/{rel}","templated":true}]}}