{"id":14377,"date":"2022-12-29T17:33:20","date_gmt":"2022-12-29T15:33:20","guid":{"rendered":"http:\/\/kommentatorenblog.de\/?p=14377"},"modified":"2023-01-01T16:27:56","modified_gmt":"2023-01-01T14:27:56","slug":"1307-jahresabschluss","status":"publish","type":"post","link":"https:\/\/kommentatorenblog.de\/?p=14377","title":{"rendered":"1307 &#8211; Jahresabschluss"},"content":{"rendered":"\n<p>N&#8217;Abend allerseits,<\/p>\n\n\n\n<p>Inzwischen hat es ja bereits Tradition, im letzten Beitrag des Jahres zur\u00fcckzuschauen, aber auch aufs neue Jahr zu schauen. Dies wollen wir nat\u00fcrlich nicht sterben lassen, weshalb ich (Nico) gerne einen R\u00fcckblick wagen will und auf das neue Jahr schauen.<\/p>\n\n\n\n<p>2022 war ein turbulentes Jahr sowohl in der Gesellschaft durch die Corona-Pandemie, aber eben auch der russische Angriffskrieg in der Ukraine. Beides hatte auch Einfluss auf den Fussball und diesen Blog und war ja auch Thema im Blog. Aus sportlicher Sicht gab es aber auch einige Neuerungen, ganz besonders nat\u00fcrlich eine Weltmeisterschaft im Winter. Ich selbst habe das Turnier ja sowohl vor als auch w\u00e4hrend des Turniers h\u00e4ufig kritisiert, letztlich war es ein spannungstechnisch \u00fcberragendes Turnier mit tollen TV-\u00dcbertragungen. Ob man allerdings Momente wie eine Pokal\u00fcbergabe f\u00fcr politische Dinge und Marketing nutzen sollten, stelle ich aber mal infrage und br\u00e4uchte zumindest ich in Zukunft nicht. Aber beim Gr\u00f6\u00dfenwahn von Gianni Infantino &#8230; wer wei\u00df?<\/p>\n\n\n\n<p><strong>Zu der Website<\/strong><\/p>\n\n\n\n<p>Unsere Website ist vom prinzipiellen Layout zwar nicht ver\u00e4ndert, aber durch gr\u00f6\u00dfere Aufdr\u00f6selung und ein paar Formatierungs\u00e4nderungen haben wir versucht, alles etwas \u00fcbersichtlicher zu gestalten. Mit den Aufrufzahlen bin ich von meiner Warte auch durchaus zufrieden. Im Schnitt mehr als 3000 Aufrufe pro Beitrag sind f\u00fcr uns eine Best\u00e4tigung, dass wir mit unserem Blog durchaus unser Ziel erreichen, euch \u00fcber aktuelle Ansetzungen bestm\u00f6glich zu informieren. <\/p>\n\n\n\n<p><strong>Zum Konzept<\/strong><\/p>\n\n\n\n<p>Unser Konzept hat sich inzwischen seit 2008 etabliert und wird sich auch im neuen Jahr nicht ver\u00e4ndern. Jeden Donnerstag und fast jeden Montag werden wir euch wie gewohnt neue Ansetzungsware liefern. Und wie jedes Jahr erw\u00e4hne ich auch dieses Jahr gerne zur Transparenz: Wir sind ein freier unabh\u00e4ngiger Blog, der einen Service ohne Werbung oder Einfluss der Sender liefert. Des Weiteren ist es auch weiterhin nur unser Hobby \u2013 wir verdienen mit dem Blog kein Geld. Genauer gesagt ist dieser Blog tats\u00e4chlich mit Kosten verbunden, die eine Website fordert. <\/p>\n\n\n\n<p><strong>Zum Personal<\/strong><\/p>\n\n\n\n<p>Rein personell gab es zu Beginn des Jahres zwei Neuzug\u00e4nge. Hannes und Tim sind seit Januar mit dabei und ich bin sehr froh, dass diese jetzt bereits ein Jahr Teil unseres Teams sind. Verlassen hat uns leider im Sommer Erik, an dieser Stelle noch einmal gro\u00dfen Dank an ihn f\u00fcr drei Jahr Einsatz im Blog und alles Gute auf dem weiteren Weg. Im neuen Jahr werden neben Hannes und Tim nat\u00fcrlich weiterhin Jonas und Justin und meine Wenigkeit Teil des Blogs bleiben und euch mit den Ansetzungen versorgen.<\/p>\n\n\n\n<p><strong>Der Kommentarbereich<\/strong><\/p>\n\n\n\n<p>Auch in diesem Jahr m\u00f6chten wir uns auch noch einmal herzlich f\u00fcr tolle Diskussionen, Erg\u00e4nzungen und einen allgemeinen wichtigen Austausch im Kommentarbereich bedanken. F\u00fcr freuen uns \u00fcber jedes konstruktive Feedback, sei es positiv oder negatives, aber auch allgemeinere Diskussionen oder Erg\u00e4nzungen wie Audioreportagen. Nat\u00fcrlich sehen wir uns manchmal gezwungen, gewisse Kommentare nicht freizugeben, weil sie sich um Spam oder herablassende Kommentare gegen\u00fcber Journalistinnen und Journalisten oder uns Bloggern handelt, aber dies hat Seltenheit. Es gibt tats\u00e4chlich nur eine einzige Person, bei der wir aufgrund dauerhafter Respektlosigkeit keine Kommentare freigeben, Leser, die schon etwas l\u00e4nger dabei sind, werden wohl wissen, \u00fcber wen ich rede \ud83d\ude09 Nichtsdestotrotz mal ein Beispiel, was der Junge Mann so schreibt:<\/p>\n\n\n\n<blockquote class=\"wp-block-quote is-layout-flow wp-block-quote-is-layout-flow\"><p>Nullbock-Nico ist hier seitens der Blog-Mitarbeiter f\u00fcr die eher einfachen T\u00e4tigkeiten wie das Einf\u00fcgen der Ansetzungen zust\u00e4ndig. Allerdings fordert ihn das schon sehr. Insbesondere in L\u00e4nderspielwochen begibt er sich regelm\u00e4\u00dfig in den Schmollwinkel und er stellt seine arbeitsscheue Grundhaltung zur Schau.<\/p><p>Meine momentane Geliebte Chiara, die dir sicher schon in Instagram ins Auge gesprungen sein d\u00fcrfte, hat k\u00fcrzlich das Gebaren von Nico gut zusammengefasst, als sie meinte: \u201cEste ragazzi pui tanti riveri.\u201d Dem ist sicher nichts mehr hinzuzuf\u00fcgen<\/p><\/blockquote>\n\n\n\n<p><strong>Social Media<\/strong><\/p>\n\n\n\n<p>Die mit Abstand gr\u00f6\u00dfte Ver\u00e4nderung des letzten Jahres war die Professionalisierung von Social Media. Gro\u00dfer Dank an Hannes, der hier auf Instagram t\u00e4glich tolle Grafiken erstellt und postet, schaut also gerne auf Instagram und Twitter vorbei.<\/p>\n\n\n\n<p><strong>Pers\u00f6nliche Worte<\/strong><\/p>\n\n\n\n<p>2022 war ein turbulentes Jahr. Es war mein erstes komplettes Jahr als &#8222;Chefredakteur&#8220; hier im Blog und auch sonst war sehr viel los. Sowohl auf pers\u00f6nlicher Ebene mehrere Todesf\u00e4lle im n\u00e4heren Umfeld, aber auch, dass ich seit August die M\u00f6glichkeit habe, meinen ersten Schritt als Kommentator zu gehen. Auch da bin ich sehr froh bei Flashscore &#8211; durch meine Arbeit beim Blog &#8211; diese M\u00f6glichkeit bekommen zu haben. Nebenbei werde ich im kommenden Jahr auch noch mein Abitur machen, von daher kann ich mich definitiv nicht \u00fcber Langeweile beschweren. Ich werde auch dementsprechend mein Pensum in Sachen Beitr\u00e4ge etwas reduzieren, da es ja auch noch Dinge wie FUMS, mit den wir ja eine Partnerschaft haben, zu machen gilt.<\/p>\n\n\n\n<p>Danken m\u00f6chte ich an dieser Stelle aber auch den Kolleginnen und Kollegen von Sportdigital FUSSBALL, thinXpool (macht die \u00dcbertragungen bei Magenta Sport), Sky, DAZN, RTL, SPORT1, SWORDFISH (macht die \u00dcbertragungen von PrimeVideo), ARD und ZDF, die uns immer wieder mit vielen Informationen versorgen. Ebenso ein Dankesch\u00f6n an meine Mitblogger f\u00fcr ihre Mitarbeit am Blog und nat\u00fcrlich an euch f\u00fcrs reinschauen, kommentieren etc. im Jahr 2022 und wir hoffen, dass ihr uns auch im neuen Jahr gewogen bleibt.<\/p>\n\n\n\n<p>Bis dahin, Tschau von meiner Seite, einen guten Rutsch in das Jahr 2023 und ein Dankesch\u00f6n an Tim, der die Ansetzungen der n\u00e4chsten Tage inkl. der Analyse \u00fcbernommen hat. <\/p>\n\n\n\n<p><strong><em>Die Ansetzungen vom 30. Dezember 2022 bis zum 5. Januar 2023<\/em><\/strong><\/p>\n\n\n\n<hr class=\"wp-block-separator is-style-default\"\/>\n\n\n\n<p><strong>Premier League, 18. Spieltag (Sky)<\/strong><\/p>\n\n\n\n<p><span style=\"text-decoration: underline;\">Freitag, 30. Dezember 2022, ab 20.35 Uhr <\/span><\/p>\n\n\n\n<p><em><strong>West Ham United \u2013 FC Brentford (20.45 Uhr)<\/strong><\/em><\/p>\n\n\n\n<p><img loading=\"lazy\" decoding=\"async\" width=\"10\" height=\"21\" class=\"wp-image-3656\" style=\"width: 10px;\" src=\"http:\/\/kommentatorenblog.de\/wp-content\/uploads\/2020\/09\/shure-55sh-ii-e1601485394796.jpg\" alt=\"\" srcset=\"https:\/\/kommentatorenblog.de\/wp-content\/uploads\/2020\/09\/shure-55sh-ii-e1601485394796.jpg 415w, https:\/\/kommentatorenblog.de\/wp-content\/uploads\/2020\/09\/shure-55sh-ii-e1601485394796-142x300.jpg 142w\" sizes=\"auto, (max-width: 10px) 100vw, 10px\" \/> Hannes Herrmann <\/p>\n\n\n\n<p><span style=\"text-decoration: underline;\">ab 20.50 Uhr <\/span><\/p>\n\n\n\n<p><em><strong>FC Liverpool \u2013 Leicester City (21.00 Uhr)<\/strong><\/em><\/p>\n\n\n\n<p><img loading=\"lazy\" decoding=\"async\" width=\"10\" height=\"21\" class=\"wp-image-3656\" style=\"width: 10px;\" src=\"http:\/\/kommentatorenblog.de\/wp-content\/uploads\/2020\/09\/shure-55sh-ii-e1601485394796.jpg\" alt=\"\" srcset=\"https:\/\/kommentatorenblog.de\/wp-content\/uploads\/2020\/09\/shure-55sh-ii-e1601485394796.jpg 415w, https:\/\/kommentatorenblog.de\/wp-content\/uploads\/2020\/09\/shure-55sh-ii-e1601485394796-142x300.jpg 142w\" sizes=\"auto, (max-width: 10px) 100vw, 10px\" \/> Toni Tomic<\/p>\n\n\n\n<hr class=\"wp-block-separator is-style-default\"\/>\n\n\n\n<p><span style=\"text-decoration: underline;\">Samstag, 31. Dezember 2022, ab 13.20 Uhr<\/span><\/p>\n\n\n\n<p><em><strong>Wolverhampton Wanderers \u2013 Manchester United (13.30 Uhr)<\/strong><\/em><\/p>\n\n\n\n<p><img loading=\"lazy\" decoding=\"async\" width=\"10\" height=\"21\" class=\"wp-image-3656\" style=\"width: 10px;\" src=\"http:\/\/kommentatorenblog.de\/wp-content\/uploads\/2020\/09\/shure-55sh-ii-e1601485394796.jpg\" alt=\"\" srcset=\"https:\/\/kommentatorenblog.de\/wp-content\/uploads\/2020\/09\/shure-55sh-ii-e1601485394796.jpg 415w, https:\/\/kommentatorenblog.de\/wp-content\/uploads\/2020\/09\/shure-55sh-ii-e1601485394796-142x300.jpg 142w\" sizes=\"auto, (max-width: 10px) 100vw, 10px\" \/> <s>Toni Tomic<\/s> Thomas Wagner<\/p>\n\n\n\n<p><span style=\"text-decoration: underline;\">ab 15.50 Uhr <\/span><\/p>\n\n\n\n<p><em><strong>Die Konferenz: <\/strong><\/em><\/p>\n\n\n\n<p><img loading=\"lazy\" decoding=\"async\" width=\"10\" height=\"21\" class=\"wp-image-3656\" style=\"width: 10px;\" src=\"http:\/\/kommentatorenblog.de\/wp-content\/uploads\/2020\/09\/shure-55sh-ii-e1601485394796.jpg\" alt=\"\" srcset=\"https:\/\/kommentatorenblog.de\/wp-content\/uploads\/2020\/09\/shure-55sh-ii-e1601485394796.jpg 415w, https:\/\/kommentatorenblog.de\/wp-content\/uploads\/2020\/09\/shure-55sh-ii-e1601485394796-142x300.jpg 142w\" sizes=\"auto, (max-width: 10px) 100vw, 10px\" \/> Markus Gaupp <\/p>\n\n\n\n<p><em><strong>Manchester City \u2013 FC Everton (16.00 Uhr)<\/strong><\/em><\/p>\n\n\n\n<p><img loading=\"lazy\" decoding=\"async\" width=\"10\" height=\"21\" class=\"wp-image-3656\" style=\"width: 10px;\" src=\"http:\/\/kommentatorenblog.de\/wp-content\/uploads\/2020\/09\/shure-55sh-ii-e1601485394796.jpg\" alt=\"\" srcset=\"https:\/\/kommentatorenblog.de\/wp-content\/uploads\/2020\/09\/shure-55sh-ii-e1601485394796.jpg 415w, https:\/\/kommentatorenblog.de\/wp-content\/uploads\/2020\/09\/shure-55sh-ii-e1601485394796-142x300.jpg 142w\" sizes=\"auto, (max-width: 10px) 100vw, 10px\" \/> Jonas Friedrich <\/p>\n\n\n\n<p><em><strong>Newcastle United \u2013 Leeds United (16.00 Uhr)<\/strong><\/em><\/p>\n\n\n\n<p><img loading=\"lazy\" decoding=\"async\" width=\"10\" height=\"21\" class=\"wp-image-3656\" style=\"width: 10px;\" src=\"http:\/\/kommentatorenblog.de\/wp-content\/uploads\/2020\/09\/shure-55sh-ii-e1601485394796.jpg\" alt=\"\" srcset=\"https:\/\/kommentatorenblog.de\/wp-content\/uploads\/2020\/09\/shure-55sh-ii-e1601485394796.jpg 415w, https:\/\/kommentatorenblog.de\/wp-content\/uploads\/2020\/09\/shure-55sh-ii-e1601485394796-142x300.jpg 142w\" sizes=\"auto, (max-width: 10px) 100vw, 10px\" \/> Uli Hebel <\/p>\n\n\n\n<p><em><strong>AFC Bournemouth \u2013 Crystal Palace (16.00 Uhr)<\/strong><\/em><\/p>\n\n\n\n<p><img loading=\"lazy\" decoding=\"async\" width=\"10\" height=\"21\" class=\"wp-image-3656\" style=\"width: 10px;\" src=\"http:\/\/kommentatorenblog.de\/wp-content\/uploads\/2020\/09\/shure-55sh-ii-e1601485394796.jpg\" alt=\"\" srcset=\"https:\/\/kommentatorenblog.de\/wp-content\/uploads\/2020\/09\/shure-55sh-ii-e1601485394796.jpg 415w, https:\/\/kommentatorenblog.de\/wp-content\/uploads\/2020\/09\/shure-55sh-ii-e1601485394796-142x300.jpg 142w\" sizes=\"auto, (max-width: 10px) 100vw, 10px\" \/> Florian Malburg <\/p>\n\n\n\n<p><em><strong>FC Fulham \u2013 FC Southampton (16.00 Uhr)<\/strong><\/em><\/p>\n\n\n\n<p><img loading=\"lazy\" decoding=\"async\" width=\"10\" height=\"21\" class=\"wp-image-3656\" style=\"width: 10px;\" src=\"http:\/\/kommentatorenblog.de\/wp-content\/uploads\/2020\/09\/shure-55sh-ii-e1601485394796.jpg\" alt=\"\" srcset=\"https:\/\/kommentatorenblog.de\/wp-content\/uploads\/2020\/09\/shure-55sh-ii-e1601485394796.jpg 415w, https:\/\/kommentatorenblog.de\/wp-content\/uploads\/2020\/09\/shure-55sh-ii-e1601485394796-142x300.jpg 142w\" sizes=\"auto, (max-width: 10px) 100vw, 10px\" \/> Thomas Wagner <\/p>\n\n\n\n<p><span style=\"text-decoration: underline;\">ab 18.20 Uhr<\/span><\/p>\n\n\n\n<p><em><strong>Brighton &amp; Hove Albion \u2013 FC Arsenal (18.30 Uhr)<\/strong><\/em><\/p>\n\n\n\n<p><img loading=\"lazy\" decoding=\"async\" width=\"10\" height=\"21\" class=\"wp-image-3656\" style=\"width: 10px;\" src=\"http:\/\/kommentatorenblog.de\/wp-content\/uploads\/2020\/09\/shure-55sh-ii-e1601485394796.jpg\" alt=\"\" srcset=\"https:\/\/kommentatorenblog.de\/wp-content\/uploads\/2020\/09\/shure-55sh-ii-e1601485394796.jpg 415w, https:\/\/kommentatorenblog.de\/wp-content\/uploads\/2020\/09\/shure-55sh-ii-e1601485394796-142x300.jpg 142w\" sizes=\"auto, (max-width: 10px) 100vw, 10px\" \/> Joachim Hebel<\/p>\n\n\n\n<hr class=\"wp-block-separator is-style-default\"\/>\n\n\n\n<p><span style=\"text-decoration: underline;\">Sonntag, 1. Januar 2023 ab 14.50 Uhr<\/span><\/p>\n\n\n\n<p><em><strong>Tottenham Hotspur \u2013 Aston Villa (15.00 Uhr)<\/strong><\/em><\/p>\n\n\n\n<p><img loading=\"lazy\" decoding=\"async\" width=\"10\" height=\"21\" class=\"wp-image-3656\" style=\"width: 10px;\" src=\"http:\/\/kommentatorenblog.de\/wp-content\/uploads\/2020\/09\/shure-55sh-ii-e1601485394796.jpg\" alt=\"\" srcset=\"https:\/\/kommentatorenblog.de\/wp-content\/uploads\/2020\/09\/shure-55sh-ii-e1601485394796.jpg 415w, https:\/\/kommentatorenblog.de\/wp-content\/uploads\/2020\/09\/shure-55sh-ii-e1601485394796-142x300.jpg 142w\" sizes=\"auto, (max-width: 10px) 100vw, 10px\" \/> Sven Schr\u00f6ter <\/p>\n\n\n\n<p><span style=\"text-decoration: underline;\">ab 17.20 Uhr <\/span><\/p>\n\n\n\n<p><em><strong>Nottingham Forest \u2013 FC Chelsea (17.30 Uhr)<\/strong><\/em><\/p>\n\n\n\n<p><img loading=\"lazy\" decoding=\"async\" width=\"10\" height=\"21\" class=\"wp-image-3656\" style=\"width: 10px;\" src=\"http:\/\/kommentatorenblog.de\/wp-content\/uploads\/2020\/09\/shure-55sh-ii-e1601485394796.jpg\" alt=\"\" srcset=\"https:\/\/kommentatorenblog.de\/wp-content\/uploads\/2020\/09\/shure-55sh-ii-e1601485394796.jpg 415w, https:\/\/kommentatorenblog.de\/wp-content\/uploads\/2020\/09\/shure-55sh-ii-e1601485394796-142x300.jpg 142w\" sizes=\"auto, (max-width: 10px) 100vw, 10px\" \/> Markus Gaupp<\/p>\n\n\n\n<hr class=\"wp-block-separator is-style-default\"\/>\n\n\n\n<p><strong>Premier League, 19. Spieltag (Sky)<\/strong><\/p>\n\n\n\n<p><span style=\"text-decoration: underline;\">Montag, 2. Januar, ab 18.20 Uhr <\/span><\/p>\n\n\n\n<p><em><strong>FC Brentford \u2013 FC Liverpool (18.30 Uhr)<\/strong><\/em><\/p>\n\n\n\n<p><img loading=\"lazy\" decoding=\"async\" width=\"10\" height=\"21\" class=\"wp-image-3656\" style=\"width: 10px;\" src=\"http:\/\/kommentatorenblog.de\/wp-content\/uploads\/2020\/09\/shure-55sh-ii-e1601485394796.jpg\" alt=\"\" srcset=\"https:\/\/kommentatorenblog.de\/wp-content\/uploads\/2020\/09\/shure-55sh-ii-e1601485394796.jpg 415w, https:\/\/kommentatorenblog.de\/wp-content\/uploads\/2020\/09\/shure-55sh-ii-e1601485394796-142x300.jpg 142w\" sizes=\"auto, (max-width: 10px) 100vw, 10px\" \/> Joachim Hebel<\/p>\n\n\n\n<hr class=\"wp-block-separator is-style-default\"\/>\n\n\n\n<p><span style=\"text-decoration: underline;\">Dienstag, 3. Januar 2023, ab 20.35 Uhr <\/span><\/p>\n\n\n\n<p><em><strong>FC Arsenal \u2013 Newcastle United (20.45 Uhr)<\/strong><\/em><\/p>\n\n\n\n<p><img loading=\"lazy\" decoding=\"async\" width=\"10\" height=\"21\" class=\"wp-image-3656\" style=\"width: 10px;\" src=\"http:\/\/kommentatorenblog.de\/wp-content\/uploads\/2020\/09\/shure-55sh-ii-e1601485394796.jpg\" alt=\"\" srcset=\"https:\/\/kommentatorenblog.de\/wp-content\/uploads\/2020\/09\/shure-55sh-ii-e1601485394796.jpg 415w, https:\/\/kommentatorenblog.de\/wp-content\/uploads\/2020\/09\/shure-55sh-ii-e1601485394796-142x300.jpg 142w\" sizes=\"auto, (max-width: 10px) 100vw, 10px\" \/> Hannes Herrmann <\/p>\n\n\n\n<p><em><strong>FC Everton \u2013 Brighton &amp; Hove Albion (20.45 Uhr)<\/strong><\/em><\/p>\n\n\n\n<p><img loading=\"lazy\" decoding=\"async\" width=\"10\" height=\"21\" class=\"wp-image-3656\" style=\"width: 10px;\" src=\"http:\/\/kommentatorenblog.de\/wp-content\/uploads\/2020\/09\/shure-55sh-ii-e1601485394796.jpg\" alt=\"\" srcset=\"https:\/\/kommentatorenblog.de\/wp-content\/uploads\/2020\/09\/shure-55sh-ii-e1601485394796.jpg 415w, https:\/\/kommentatorenblog.de\/wp-content\/uploads\/2020\/09\/shure-55sh-ii-e1601485394796-142x300.jpg 142w\" sizes=\"auto, (max-width: 10px) 100vw, 10px\" \/> Jonas Friedrich <\/p>\n\n\n\n<p><strong><em>Leicester City \u2013 FC Fulham (20.45 Uhr)<\/em><\/strong><\/p>\n\n\n\n<p><img loading=\"lazy\" decoding=\"async\" width=\"10\" height=\"21\" class=\"wp-image-3656\" style=\"width: 10px;\" src=\"http:\/\/kommentatorenblog.de\/wp-content\/uploads\/2020\/09\/shure-55sh-ii-e1601485394796.jpg\" alt=\"\" srcset=\"https:\/\/kommentatorenblog.de\/wp-content\/uploads\/2020\/09\/shure-55sh-ii-e1601485394796.jpg 415w, https:\/\/kommentatorenblog.de\/wp-content\/uploads\/2020\/09\/shure-55sh-ii-e1601485394796-142x300.jpg 142w\" sizes=\"auto, (max-width: 10px) 100vw, 10px\" \/> Sven Schr\u00f6ter <\/p>\n\n\n\n<p><span style=\"text-decoration: underline;\">ab 20.50 Uhr <\/span><\/p>\n\n\n\n<p><em><strong>Manchester United \u2013 AFC Bournemouth (21.00 Uhr)<\/strong><\/em><\/p>\n\n\n\n<p><img loading=\"lazy\" decoding=\"async\" width=\"10\" height=\"21\" class=\"wp-image-3656\" style=\"width: 10px;\" src=\"http:\/\/kommentatorenblog.de\/wp-content\/uploads\/2020\/09\/shure-55sh-ii-e1601485394796.jpg\" alt=\"\" srcset=\"https:\/\/kommentatorenblog.de\/wp-content\/uploads\/2020\/09\/shure-55sh-ii-e1601485394796.jpg 415w, https:\/\/kommentatorenblog.de\/wp-content\/uploads\/2020\/09\/shure-55sh-ii-e1601485394796-142x300.jpg 142w\" sizes=\"auto, (max-width: 10px) 100vw, 10px\" \/> Uli Hebel<\/p>\n\n\n\n<hr class=\"wp-block-separator is-style-default\"\/>\n\n\n\n<p><span style=\"text-decoration: underline;\">Mittwoch, 4. Januar 2022 ab 20.20 Uhr <\/span><\/p>\n\n\n\n<p><em><strong>FC Southampton \u2013 Nottingham Forest (20.30 Uhr)<\/strong><\/em><\/p>\n\n\n\n<p><img loading=\"lazy\" decoding=\"async\" width=\"10\" height=\"21\" class=\"wp-image-3656\" style=\"width: 10px;\" src=\"http:\/\/kommentatorenblog.de\/wp-content\/uploads\/2020\/09\/shure-55sh-ii-e1601485394796.jpg\" alt=\"\" srcset=\"https:\/\/kommentatorenblog.de\/wp-content\/uploads\/2020\/09\/shure-55sh-ii-e1601485394796.jpg 415w, https:\/\/kommentatorenblog.de\/wp-content\/uploads\/2020\/09\/shure-55sh-ii-e1601485394796-142x300.jpg 142w\" sizes=\"auto, (max-width: 10px) 100vw, 10px\" \/> Markus Gaupp <\/p>\n\n\n\n<p><span style=\"text-decoration: underline;\">ab 20.35 Uhr <\/span><\/p>\n\n\n\n<p><strong><em>Leeds United \u2013 West Ham United (20.45 Uhr)<\/em><\/strong><\/p>\n\n\n\n<p><img loading=\"lazy\" decoding=\"async\" width=\"10\" height=\"21\" class=\"wp-image-3656\" style=\"width: 10px;\" src=\"http:\/\/kommentatorenblog.de\/wp-content\/uploads\/2020\/09\/shure-55sh-ii-e1601485394796.jpg\" alt=\"\" srcset=\"https:\/\/kommentatorenblog.de\/wp-content\/uploads\/2020\/09\/shure-55sh-ii-e1601485394796.jpg 415w, https:\/\/kommentatorenblog.de\/wp-content\/uploads\/2020\/09\/shure-55sh-ii-e1601485394796-142x300.jpg 142w\" sizes=\"auto, (max-width: 10px) 100vw, 10px\" \/> Thomas Wagner <\/p>\n\n\n\n<p><span style=\"text-decoration: underline;\">ab 20.50 Uhr <\/span><\/p>\n\n\n\n<p><em><strong>Crystal Palace \u2013 Tottenham Hotspur (21.00 Uhr)<\/strong><\/em><\/p>\n\n\n\n<p><img loading=\"lazy\" decoding=\"async\" width=\"10\" height=\"21\" class=\"wp-image-3656\" style=\"width: 10px;\" src=\"http:\/\/kommentatorenblog.de\/wp-content\/uploads\/2020\/09\/shure-55sh-ii-e1601485394796.jpg\" alt=\"\" srcset=\"https:\/\/kommentatorenblog.de\/wp-content\/uploads\/2020\/09\/shure-55sh-ii-e1601485394796.jpg 415w, https:\/\/kommentatorenblog.de\/wp-content\/uploads\/2020\/09\/shure-55sh-ii-e1601485394796-142x300.jpg 142w\" sizes=\"auto, (max-width: 10px) 100vw, 10px\" \/> Joachim Hebel<\/p>\n\n\n\n<p><em><strong>Aston Villa \u2013 Wolverhampton Wanderers (21.00 Uhr)<\/strong><\/em><\/p>\n\n\n\n<p><img loading=\"lazy\" decoding=\"async\" width=\"10\" height=\"21\" class=\"wp-image-3656\" style=\"width: 10px;\" src=\"http:\/\/kommentatorenblog.de\/wp-content\/uploads\/2020\/09\/shure-55sh-ii-e1601485394796.jpg\" alt=\"\" srcset=\"https:\/\/kommentatorenblog.de\/wp-content\/uploads\/2020\/09\/shure-55sh-ii-e1601485394796.jpg 415w, https:\/\/kommentatorenblog.de\/wp-content\/uploads\/2020\/09\/shure-55sh-ii-e1601485394796-142x300.jpg 142w\" sizes=\"auto, (max-width: 10px) 100vw, 10px\" \/> Florian Malburg<\/p>\n\n\n\n<hr class=\"wp-block-separator is-style-default\"\/>\n\n\n\n<p><span style=\"text-decoration: underline;\">Donnerstag, 5. Januar 2023, ab 20.30 Uhr<\/span> <\/p>\n\n\n\n<p><em><strong>FC Chelsea \u2013 Manchester City (21.00 Uhr<\/strong><\/em>)<\/p>\n\n\n\n<p><img loading=\"lazy\" decoding=\"async\" width=\"10\" height=\"21\" class=\"wp-image-3656\" style=\"width: 10px;\" src=\"http:\/\/kommentatorenblog.de\/wp-content\/uploads\/2020\/09\/shure-55sh-ii-e1601485394796.jpg\" alt=\"\" srcset=\"https:\/\/kommentatorenblog.de\/wp-content\/uploads\/2020\/09\/shure-55sh-ii-e1601485394796.jpg 415w, https:\/\/kommentatorenblog.de\/wp-content\/uploads\/2020\/09\/shure-55sh-ii-e1601485394796-142x300.jpg 142w\" sizes=\"auto, (max-width: 10px) 100vw, 10px\" \/> Florian Schmidt-Sommerfeld; Experte: Mladen Petric <\/p>\n\n\n\n<p>Field-Reporter: Raphael Honigstein<\/p>\n\n\n\n<hr class=\"wp-block-separator is-style-default\"\/>\n\n\n\n<p><strong>Internationaler Fu\u00dfball (DAZN)<\/strong><\/p>\n\n\n\n<p><strong>La Liga, 15. Spieltag<\/strong><\/p>\n\n\n\n<p><span style=\"text-decoration: underline;\">Freitag, 30. Dezember 2022 <\/span><\/p>\n\n\n\n<p><em><strong>Valladolid \u2013 Real Madrid (21.30 Uhr)<\/strong><\/em><\/p>\n\n\n\n<p><img loading=\"lazy\" decoding=\"async\" width=\"10\" height=\"21\" class=\"wp-image-3656\" style=\"width: 10px;\" src=\"http:\/\/kommentatorenblog.de\/wp-content\/uploads\/2020\/09\/shure-55sh-ii-e1601485394796.jpg\" alt=\"\" srcset=\"https:\/\/kommentatorenblog.de\/wp-content\/uploads\/2020\/09\/shure-55sh-ii-e1601485394796.jpg 415w, https:\/\/kommentatorenblog.de\/wp-content\/uploads\/2020\/09\/shure-55sh-ii-e1601485394796-142x300.jpg 142w\" sizes=\"auto, (max-width: 10px) 100vw, 10px\" \/> Uli Hebel; Experte: Ralph Gunesch<\/p>\n\n\n\n<hr class=\"wp-block-separator is-style-default\"\/>\n\n\n\n<p><span style=\"text-decoration: underline;\">Samstag, 31. Dezember 2022 <\/span><\/p>\n\n\n\n<p><em><strong>FC Barcelona \u2013 Espanyol (14.00 Uhr)<\/strong><\/em><\/p>\n\n\n\n<p><img loading=\"lazy\" decoding=\"async\" width=\"10\" height=\"21\" class=\"wp-image-3656\" style=\"width: 10px;\" src=\"http:\/\/kommentatorenblog.de\/wp-content\/uploads\/2020\/09\/shure-55sh-ii-e1601485394796.jpg\" alt=\"\" srcset=\"https:\/\/kommentatorenblog.de\/wp-content\/uploads\/2020\/09\/shure-55sh-ii-e1601485394796.jpg 415w, https:\/\/kommentatorenblog.de\/wp-content\/uploads\/2020\/09\/shure-55sh-ii-e1601485394796-142x300.jpg 142w\" sizes=\"auto, (max-width: 10px) 100vw, 10px\" \/> Marcel Seufert; Experte: Michael Hofmann <\/p>\n\n\n\n<p><em><strong>Villarreal \u2013 FC Valencia (16.15 Uhr)<\/strong><\/em><\/p>\n\n\n\n<p><img loading=\"lazy\" decoding=\"async\" width=\"10\" height=\"21\" class=\"wp-image-3656\" style=\"width: 10px;\" src=\"http:\/\/kommentatorenblog.de\/wp-content\/uploads\/2020\/09\/shure-55sh-ii-e1601485394796.jpg\" alt=\"\" srcset=\"https:\/\/kommentatorenblog.de\/wp-content\/uploads\/2020\/09\/shure-55sh-ii-e1601485394796.jpg 415w, https:\/\/kommentatorenblog.de\/wp-content\/uploads\/2020\/09\/shure-55sh-ii-e1601485394796-142x300.jpg 142w\" sizes=\"auto, (max-width: 10px) 100vw, 10px\" \/> Adrian Geiler<\/p>\n\n\n\n<hr class=\"wp-block-separator is-style-default\"\/>\n\n\n\n<p><strong>Ligue 1 17. Spieltag <\/strong><\/p>\n\n\n\n<p><span style=\"text-decoration: underline;\">Sonntag, 1. Januar 2023 <\/span><\/p>\n\n\n\n<p> <em><strong>Lyon \u2013 Clermont (17.00 Uhr<\/strong><\/em>)<\/p>\n\n\n\n<p><img loading=\"lazy\" decoding=\"async\" width=\"10\" height=\"21\" class=\"wp-image-3656\" style=\"width: 10px;\" src=\"http:\/\/kommentatorenblog.de\/wp-content\/uploads\/2020\/09\/shure-55sh-ii-e1601485394796.jpg\" alt=\"\" srcset=\"https:\/\/kommentatorenblog.de\/wp-content\/uploads\/2020\/09\/shure-55sh-ii-e1601485394796.jpg 415w, https:\/\/kommentatorenblog.de\/wp-content\/uploads\/2020\/09\/shure-55sh-ii-e1601485394796-142x300.jpg 142w\" sizes=\"auto, (max-width: 10px) 100vw, 10px\" \/> Guido H\u00fcsgen<\/p>\n\n\n\n<p><em><strong>Lens \u2013 Paris SG (20.45 Uhr)<\/strong><\/em><\/p>\n\n\n\n<p><img loading=\"lazy\" decoding=\"async\" width=\"10\" height=\"21\" class=\"wp-image-3656\" style=\"width: 10px;\" src=\"http:\/\/kommentatorenblog.de\/wp-content\/uploads\/2020\/09\/shure-55sh-ii-e1601485394796.jpg\" alt=\"\" srcset=\"https:\/\/kommentatorenblog.de\/wp-content\/uploads\/2020\/09\/shure-55sh-ii-e1601485394796.jpg 415w, https:\/\/kommentatorenblog.de\/wp-content\/uploads\/2020\/09\/shure-55sh-ii-e1601485394796-142x300.jpg 142w\" sizes=\"auto, (max-width: 10px) 100vw, 10px\" \/> Stefan Galler; Experte: Alexis Menuge<\/p>\n\n\n\n<hr class=\"wp-block-separator is-style-default\"\/>\n\n\n\n<p><span style=\"text-decoration: underline;\">Montag, 2. Januar 2023 <\/span><\/p>\n\n\n\n<p><em><strong>Montpellier \u2013  Marseille (19.00 Uhr)<\/strong><\/em><\/p>\n\n\n\n<p><img loading=\"lazy\" decoding=\"async\" width=\"10\" height=\"21\" class=\"wp-image-3656\" style=\"width: 10px;\" src=\"http:\/\/kommentatorenblog.de\/wp-content\/uploads\/2020\/09\/shure-55sh-ii-e1601485394796.jpg\" alt=\"\" srcset=\"https:\/\/kommentatorenblog.de\/wp-content\/uploads\/2020\/09\/shure-55sh-ii-e1601485394796.jpg 415w, https:\/\/kommentatorenblog.de\/wp-content\/uploads\/2020\/09\/shure-55sh-ii-e1601485394796-142x300.jpg 142w\" sizes=\"auto, (max-width: 10px) 100vw, 10px\" \/> Chris Putz<\/p>\n\n\n\n<hr class=\"wp-block-separator is-style-default\"\/>\n\n\n\n<p><strong>Internationaler Fu\u00dfball (Sportdigital FUSSBALL) <\/strong><\/p>\n\n\n\n<p><strong>A-League 10. Spieltag <\/strong><\/p>\n\n\n\n<p><span style=\"text-decoration: underline;\">Freitag, 30. Dezember 2022 <\/span><\/p>\n\n\n\n<p><em><strong>Western United FC \u2013 Brisbane Roar (09.45 Uhr)<\/strong><\/em><\/p>\n\n\n\n<p><img loading=\"lazy\" decoding=\"async\" width=\"10\" height=\"21\" class=\"wp-image-3656\" style=\"width: 10px;\" src=\"http:\/\/kommentatorenblog.de\/wp-content\/uploads\/2020\/09\/shure-55sh-ii-e1601485394796.jpg\" alt=\"\" srcset=\"https:\/\/kommentatorenblog.de\/wp-content\/uploads\/2020\/09\/shure-55sh-ii-e1601485394796.jpg 415w, https:\/\/kommentatorenblog.de\/wp-content\/uploads\/2020\/09\/shure-55sh-ii-e1601485394796-142x300.jpg 142w\" sizes=\"auto, (max-width: 10px) 100vw, 10px\" \/> Marcus Radefeld<\/p>\n\n\n\n<hr class=\"wp-block-separator is-style-default\"\/>\n\n\n\n<p><span style=\"text-decoration: underline;\">Montag, 2. Januar 2023 <\/span><\/p>\n\n\n\n<p><em><strong>Adeaide United \u2013 Perth (09.45 Uhr)<\/strong><\/em><\/p>\n\n\n\n<p><img loading=\"lazy\" decoding=\"async\" width=\"10\" height=\"21\" class=\"wp-image-3656\" style=\"width: 10px;\" src=\"http:\/\/kommentatorenblog.de\/wp-content\/uploads\/2020\/09\/shure-55sh-ii-e1601485394796.jpg\" alt=\"\" srcset=\"https:\/\/kommentatorenblog.de\/wp-content\/uploads\/2020\/09\/shure-55sh-ii-e1601485394796.jpg 415w, https:\/\/kommentatorenblog.de\/wp-content\/uploads\/2020\/09\/shure-55sh-ii-e1601485394796-142x300.jpg 142w\" sizes=\"auto, (max-width: 10px) 100vw, 10px\" \/> Hannes Herrmann<\/p>\n\n\n\n<hr class=\"wp-block-separator is-style-default\"\/>\n\n\n\n<p><strong>Primeira Liga 14. Spieltag <\/strong><\/p>\n\n\n\n<p><span style=\"text-decoration: underline;\">Freitag, 30. Dezember 2022 <\/span><\/p>\n\n\n\n<p><strong><em>Sporting Braga \u2013 Benfica Lissabon (22.15 Uhr)<\/em><\/strong><\/p>\n\n\n\n<p><img loading=\"lazy\" decoding=\"async\" width=\"10\" height=\"21\" class=\"wp-image-3656\" style=\"width: 10px;\" src=\"http:\/\/kommentatorenblog.de\/wp-content\/uploads\/2020\/09\/shure-55sh-ii-e1601485394796.jpg\" alt=\"\" srcset=\"https:\/\/kommentatorenblog.de\/wp-content\/uploads\/2020\/09\/shure-55sh-ii-e1601485394796.jpg 415w, https:\/\/kommentatorenblog.de\/wp-content\/uploads\/2020\/09\/shure-55sh-ii-e1601485394796-142x300.jpg 142w\" sizes=\"auto, (max-width: 10px) 100vw, 10px\" \/> Christian Blunck<\/p>\n\n\n\n<hr class=\"wp-block-separator is-style-default\"\/>\n\n\n\n<p> <strong>Championship 26. Spieltag<\/strong><\/p>\n\n\n\n<p><span style=\"text-decoration: underline;\">Sonntag, 1. Januar 2023 <\/span><\/p>\n\n\n\n<p><em><strong>Blackburn Rovers \u2013 Cardiff City (13.00 Uhr)<\/strong><\/em><\/p>\n\n\n\n<p><img loading=\"lazy\" decoding=\"async\" width=\"10\" height=\"21\" class=\"wp-image-3656\" style=\"width: 10px;\" src=\"http:\/\/kommentatorenblog.de\/wp-content\/uploads\/2020\/09\/shure-55sh-ii-e1601485394796.jpg\" alt=\"\" srcset=\"https:\/\/kommentatorenblog.de\/wp-content\/uploads\/2020\/09\/shure-55sh-ii-e1601485394796.jpg 415w, https:\/\/kommentatorenblog.de\/wp-content\/uploads\/2020\/09\/shure-55sh-ii-e1601485394796-142x300.jpg 142w\" sizes=\"auto, (max-width: 10px) 100vw, 10px\" \/> Jakob Vogel <\/p>\n\n\n\n<p><em><strong>FC Blackpool \u2013 AFC Sunderland (16.00 Uhr)<\/strong><\/em><\/p>\n\n\n\n<p><img loading=\"lazy\" decoding=\"async\" width=\"10\" height=\"21\" class=\"wp-image-3656\" style=\"width: 10px;\" src=\"http:\/\/kommentatorenblog.de\/wp-content\/uploads\/2020\/09\/shure-55sh-ii-e1601485394796.jpg\" alt=\"\" srcset=\"https:\/\/kommentatorenblog.de\/wp-content\/uploads\/2020\/09\/shure-55sh-ii-e1601485394796.jpg 415w, https:\/\/kommentatorenblog.de\/wp-content\/uploads\/2020\/09\/shure-55sh-ii-e1601485394796-142x300.jpg 142w\" sizes=\"auto, (max-width: 10px) 100vw, 10px\" \/> Karsten Linke<\/p>\n\n\n\n<hr class=\"wp-block-separator is-style-default\"\/>\n\n\n\n<p><span style=\"text-decoration: underline;\">Montag, 2. Januar 2023 <\/span><\/p>\n\n\n\n<p><em><strong>Norwich City \u2013 FC Watford (16.00 Uhr)<\/strong><\/em><\/p>\n\n\n\n<p><img loading=\"lazy\" decoding=\"async\" width=\"10\" height=\"21\" class=\"wp-image-3656\" style=\"width: 10px;\" src=\"http:\/\/kommentatorenblog.de\/wp-content\/uploads\/2020\/09\/shure-55sh-ii-e1601485394796.jpg\" alt=\"\" srcset=\"https:\/\/kommentatorenblog.de\/wp-content\/uploads\/2020\/09\/shure-55sh-ii-e1601485394796.jpg 415w, https:\/\/kommentatorenblog.de\/wp-content\/uploads\/2020\/09\/shure-55sh-ii-e1601485394796-142x300.jpg 142w\" sizes=\"auto, (max-width: 10px) 100vw, 10px\" \/>tbd <\/p>\n\n\n\n<p><em><strong>Queens Park Rangers \u2013 Sheffield United (21.00 Uhr)<\/strong><\/em><\/p>\n\n\n\n<p><img loading=\"lazy\" decoding=\"async\" width=\"10\" height=\"21\" class=\"wp-image-3656\" style=\"width: 10px;\" src=\"http:\/\/kommentatorenblog.de\/wp-content\/uploads\/2020\/09\/shure-55sh-ii-e1601485394796.jpg\" alt=\"\" srcset=\"https:\/\/kommentatorenblog.de\/wp-content\/uploads\/2020\/09\/shure-55sh-ii-e1601485394796.jpg 415w, https:\/\/kommentatorenblog.de\/wp-content\/uploads\/2020\/09\/shure-55sh-ii-e1601485394796-142x300.jpg 142w\" sizes=\"auto, (max-width: 10px) 100vw, 10px\" \/> tbd <\/p>\n\n\n\n<hr class=\"wp-block-separator is-style-default\"\/>\n\n\n\n<p><strong><em>Die Analyse<\/em><\/strong><\/p>\n\n\n\n<p><\/p>\n\n\n\n<p>Viel Fu\u00dfball von der Insel. Am Freitag geht&#8217;s gleich mit 2 Spielen los. Herrmann und Tomic \u00fcbernehmen die Schose. Dann begl\u00fcckt uns Sky am Samstag leider erneut nicht mit einer &#8222;echten&#8220; Konferenz. Markus Gaupp ist gleich nach dem Einzelspiel von Toni Tomic dran und schaltet sich in die Partien des Nachmittags.<\/p>\n\n\n\n<p>Joachim Hebel beschlie\u00dft den Samstag mit dem Ausw\u00e4rtsspiel der Gunners. <\/p>\n\n\n\n<p>Am Sonntag sind dann Sven Schr\u00f6ter und Markus Gaupp zu h\u00f6ren. <\/p>\n\n\n\n<p>Montag geht&#8217;s gleich weiter mit dem 19. Spieltag. Die \u00fcblichen Verd\u00e4chtigen sind zu h\u00f6ren. Das Topspiel ist wie immer Schmiso vorbehalten, Petric wird im Studio, Honigstein im Stadion sein. <\/p>\n\n\n\n<p><\/p>\n\n\n\n<p>DAZN hat LaLIGA und Ligue 1 im Programm. An der Seite von Uli Hebel gibt es hier ein Wiedersehen mit Ralph Gunesch als Experten. Galler und Menuge k\u00fcmmern sich, wie gewohnt, um PSG. <\/p>\n\n\n\n<p>Auch Sportdigital FUSSBALL hat die zweite englische Liga im Programm, dazu noch Australien und Portugal. Hannes Herrmann kommt auch bei den Hamburgern zum Einsatz.<\/p>\n\n\n\n<p>Auch von mir f\u00fcr euch alle die besten W\u00fcnsche f\u00fcr 2023. Wir sehen uns hoffentlich im n\u00e4chsten Jahr hier im Blog wieder! Ab dem 5. Januar geht&#8217;s weiter. <\/p>\n","protected":false},"excerpt":{"rendered":"<p>N&#8217;Abend allerseits, Inzwischen hat es ja bereits Tradition, im letzten Beitrag des Jahres zur\u00fcckzuschauen, aber auch aufs neue Jahr zu schauen. Dies wollen wir nat\u00fcrlich nicht sterben lassen, weshalb ich (Nico) gerne einen R\u00fcckblick wagen will und auf das neue Jahr schauen. 2022 war ein turbulentes Jahr sowohl in der Gesellschaft durch die Corona-Pandemie, aber [&hellip;]<\/p>\n","protected":false},"author":14,"featured_media":0,"comment_status":"open","ping_status":"open","sticky":false,"template":"","format":"standard","meta":{"footnotes":""},"categories":[429],"tags":[598,153,499,57,13,308,89,155,104,405,347,69,59,276,503,121,330,83,108,340,22,134,154,27,33,24,105],"class_list":["post-14377","post","type-post","status-publish","format-standard","hentry","category-diverses","tag-adrian-geiler","tag-alexis-menuge","tag-chris-putz","tag-christian-blunck","tag-dazn","tag-florian-malburg","tag-florian-schmidt-sommerfeld","tag-guido-huesgen","tag-hannes-herrmann","tag-jakob-vogel","tag-joachim-hebel","tag-jonas-friedrich","tag-karsten-linke","tag-marcel-seufert","tag-marcus-radefeld","tag-markus-gaupp","tag-michael-hofmann","tag-mladen-petric","tag-ralph-gunesch","tag-raphael-honigstein","tag-sky","tag-sportdigital-fussball","tag-stefan-galler","tag-sven-schroeter","tag-thomas-wagner","tag-toni-tomic","tag-uli-hebel"],"_links":{"self":[{"href":"https:\/\/kommentatorenblog.de\/index.php?rest_route=\/wp\/v2\/posts\/14377","targetHints":{"allow":["GET"]}}],"collection":[{"href":"https:\/\/kommentatorenblog.de\/index.php?rest_route=\/wp\/v2\/posts"}],"about":[{"href":"https:\/\/kommentatorenblog.de\/index.php?rest_route=\/wp\/v2\/types\/post"}],"author":[{"embeddable":true,"href":"https:\/\/kommentatorenblog.de\/index.php?rest_route=\/wp\/v2\/users\/14"}],"replies":[{"embeddable":true,"href":"https:\/\/kommentatorenblog.de\/index.php?rest_route=%2Fwp%2Fv2%2Fcomments&post=14377"}],"version-history":[{"count":8,"href":"https:\/\/kommentatorenblog.de\/index.php?rest_route=\/wp\/v2\/posts\/14377\/revisions"}],"predecessor-version":[{"id":14393,"href":"https:\/\/kommentatorenblog.de\/index.php?rest_route=\/wp\/v2\/posts\/14377\/revisions\/14393"}],"wp:attachment":[{"href":"https:\/\/kommentatorenblog.de\/index.php?rest_route=%2Fwp%2Fv2%2Fmedia&parent=14377"}],"wp:term":[{"taxonomy":"category","embeddable":true,"href":"https:\/\/kommentatorenblog.de\/index.php?rest_route=%2Fwp%2Fv2%2Fcategories&post=14377"},{"taxonomy":"post_tag","embeddable":true,"href":"https:\/\/kommentatorenblog.de\/index.php?rest_route=%2Fwp%2Fv2%2Ftags&post=14377"}],"curies":[{"name":"wp","href":"https:\/\/api.w.org\/{rel}","templated":true}]}}