{"id":14420,"date":"2023-01-12T21:35:24","date_gmt":"2023-01-12T19:35:24","guid":{"rendered":"http:\/\/kommentatorenblog.de\/?p=14420"},"modified":"2023-01-16T20:43:21","modified_gmt":"2023-01-16T18:43:21","slug":"1310-handball-wm-und-liga-3","status":"publish","type":"post","link":"https:\/\/kommentatorenblog.de\/?p=14420","title":{"rendered":"1310 &#8211; Handball WM und Liga 3"},"content":{"rendered":"\n<hr class=\"wp-block-separator is-style-default\"\/>\n\n\n\n<p>(Update)<\/p>\n\n\n\n<p>N&#8217;abend allerseits, <\/p>\n\n\n\n<p>hier gibt&#8217;s schnell das Update der Spiele von Dienstag bis Donnerstag! <\/p>\n\n\n\n<p>Viel ist aber nicht wirklich los: der FA Cup hat beispielsweise noch zwei Wiederholungsspiele im Angebot, welche von Uli Hebel (mit Benny Lauth) und Fabi Pavlakovic begleitet werden. <\/p>\n\n\n\n<p>DAZN \u00fcbertr\u00e4gt au\u00dferdem zwei Spiele der Coppa Italia mit deutschem Kommentar. Matthias Naebers und Julian Engelhard sitzen an den Mikrofonen. Au\u00dferdem findet das Duell der beiden Mail\u00e4nder Clubs im Supercup in Saudi-Arabien statt. Fu\u00df und Bernhard begleiten das ganze, und dies tun sie bei diesem Duell nicht zum ersten Mal. <\/p>\n\n\n\n<p><strong><em>Update: Die Ansetzungen vom 17. Januar 2023 bis zum 19. Januar 2023 <\/em><\/strong><\/p>\n\n\n\n<p><strong>FA Cup (DAZN)<\/strong><\/p>\n\n\n\n<p><u>Dienstag, 17. Januar 2023<\/u><\/p>\n\n\n\n<p><em><strong style=\"font-style: italic;\">Wolverhampton Wanderers \u2013 FC Liverpool<\/strong><strong> (20.45 Uhr)<\/strong> <\/em><\/p>\n\n\n\n<p><img loading=\"lazy\" decoding=\"async\" width=\"10\" height=\"21\" class=\"wp-image-3656\" style=\"width: 10px;\" src=\"http:\/\/kommentatorenblog.de\/wp-content\/uploads\/2020\/09\/shure-55sh-ii-e1601485394796.jpg\" alt=\"\" srcset=\"https:\/\/kommentatorenblog.de\/wp-content\/uploads\/2020\/09\/shure-55sh-ii-e1601485394796.jpg 415w, https:\/\/kommentatorenblog.de\/wp-content\/uploads\/2020\/09\/shure-55sh-ii-e1601485394796-142x300.jpg 142w\" sizes=\"auto, (max-width: 10px) 100vw, 10px\" \/> Uli Hebel, Experte: Benny Lauth<\/p>\n\n\n\n<p><u>Mittwoch, 18. Januar 2023<\/u><\/p>\n\n\n\n<p><em><strong style=\"font-style: italic;\">Leeds United \u2013 <\/strong><strong>Cardiff City <\/strong><strong>(20.45 Uhr)<\/strong> <\/em><\/p>\n\n\n\n<p><img loading=\"lazy\" decoding=\"async\" width=\"10\" height=\"21\" class=\"wp-image-3656\" style=\"width: 10px;\" src=\"http:\/\/kommentatorenblog.de\/wp-content\/uploads\/2020\/09\/shure-55sh-ii-e1601485394796.jpg\" alt=\"\" srcset=\"https:\/\/kommentatorenblog.de\/wp-content\/uploads\/2020\/09\/shure-55sh-ii-e1601485394796.jpg 415w, https:\/\/kommentatorenblog.de\/wp-content\/uploads\/2020\/09\/shure-55sh-ii-e1601485394796-142x300.jpg 142w\" sizes=\"auto, (max-width: 10px) 100vw, 10px\" \/> Fabi Pavlakovic <\/p>\n\n\n\n<hr class=\"wp-block-separator\"\/>\n\n\n\n<p><strong>Coppa Italia Frecciarossa (DAZN)<\/strong><\/p>\n\n\n\n<p><span style=\"text-decoration: underline;\"><span style=\"text-decoration: underline;\">Dientag, 17. Januar 2023<\/span><\/span><\/p>\n\n\n\n<p><strong><em>SSC Neapel \u2013 Cremonese (21.00 Uhr) <\/em><\/strong><\/p>\n\n\n\n<p><img loading=\"lazy\" decoding=\"async\" width=\"10\" height=\"21\" class=\"wp-image-3656\" style=\"width: 10px;\" src=\"http:\/\/kommentatorenblog.de\/wp-content\/uploads\/2020\/09\/shure-55sh-ii-e1601485394796.jpg\" alt=\"\" srcset=\"https:\/\/kommentatorenblog.de\/wp-content\/uploads\/2020\/09\/shure-55sh-ii-e1601485394796.jpg 415w, https:\/\/kommentatorenblog.de\/wp-content\/uploads\/2020\/09\/shure-55sh-ii-e1601485394796-142x300.jpg 142w\" sizes=\"auto, (max-width: 10px) 100vw, 10px\" \/> Matthias Naebers<\/p>\n\n\n\n<p><span style=\"text-decoration: underline;\"><span style=\"text-decoration: underline;\">Donnerstag, 21.00 Uhr<\/span><\/span><\/p>\n\n\n\n<p><strong style=\"font-style: italic;\"><em><strong>Juventus Turin \u2013 AC Monza (21.00<\/strong><\/em><\/strong><em><strong> Uhr)<\/strong><\/em> <\/p>\n\n\n\n<p><img loading=\"lazy\" decoding=\"async\" width=\"10\" height=\"21\" class=\"wp-image-3656\" style=\"width: 10px;\" src=\"http:\/\/kommentatorenblog.de\/wp-content\/uploads\/2020\/09\/shure-55sh-ii-e1601485394796.jpg\" alt=\"\" srcset=\"https:\/\/kommentatorenblog.de\/wp-content\/uploads\/2020\/09\/shure-55sh-ii-e1601485394796.jpg 415w, https:\/\/kommentatorenblog.de\/wp-content\/uploads\/2020\/09\/shure-55sh-ii-e1601485394796-142x300.jpg 142w\" sizes=\"auto, (max-width: 10px) 100vw, 10px\" \/> Julian Engelhard <\/p>\n\n\n\n<hr class=\"wp-block-separator\"\/>\n\n\n\n<p><strong>EA Sports Supercup (DAZN)<\/strong><\/p>\n\n\n\n<p><span style=\"text-decoration: underline;\"><span style=\"text-decoration: underline;\">Mittwoch, 18. Januar <\/span>2023<\/span><\/p>\n\n\n\n<p><strong style=\"font-style: italic;\">AC Mailand \u2013 <\/strong><em><strong>Inter Mailand <\/strong><\/em><em><strong>(20.00 Uhr)<\/strong><\/em> <\/p>\n\n\n\n<p><img loading=\"lazy\" decoding=\"async\" width=\"10\" height=\"21\" class=\"wp-image-3656\" style=\"width: 10px;\" src=\"http:\/\/kommentatorenblog.de\/wp-content\/uploads\/2020\/09\/shure-55sh-ii-e1601485394796.jpg\" alt=\"\" srcset=\"https:\/\/kommentatorenblog.de\/wp-content\/uploads\/2020\/09\/shure-55sh-ii-e1601485394796.jpg 415w, https:\/\/kommentatorenblog.de\/wp-content\/uploads\/2020\/09\/shure-55sh-ii-e1601485394796-142x300.jpg 142w\" sizes=\"auto, (max-width: 10px) 100vw, 10px\" \/> Carsten Fu\u00df, Experte: Christian Bernhard<\/p>\n\n\n\n<p>wie der Titel es schon verr\u00e4t, geht heute der Blick auf die k\u00fcrzlich gestartete Handball- WM der M\u00e4nner. W\u00e4hrend sich die Fu\u00dfball- Bundesligisten noch auf den Start nach der Winterpause vorbereiten, wird es f\u00fcr die Handballer schon ernst und das erste Highlight des Jahres steht an. Die WM findet in Polen und Schweden statt und ist bereits am Mittwoch gestartet, das deutsche Team steigt dann am Freitag in das Turnier ein.<\/p>\n\n\n\n<p><strong>Die \u00dcbertragungen<\/strong><\/p>\n\n\n\n<p>Wer das Turnier live verfolgen m\u00f6chte, hat dabei mehrere M\u00f6glichkeiten. ARD und ZDF \u00fcbertragen wieder alle Spiele des DHB- Teams im Wechsel, am Freitag \u00fcbertr\u00e4gt das Zweite, dann die ARD und das letzte Vorrundenspiel gibt es dann wieder im ZDF. Daneben zeigt Eurosport dank einer Sublizenz 15 weitere Partien im Free- TV.<\/p>\n\n\n\n<p>Alle Spiele dagegen gibt es nur gegen ein Abo bei sportdeutschland.tv zu sehen.<\/p>\n\n\n\n<p>Die ARD bietet zudem wieder einen Netcast aller deutschen Spiele sowie Radioeinblendungen an, zudem wird es auf den Plattformen von ARD und ZDF (sportschau.de und sportstudio.de) Zusammenfassungen anderer Spiele geben.<\/p>\n\n\n\n<p><strong>Das Personal<\/strong><\/p>\n\n\n\n<p>Im Vergleich zu den letzten Gro\u00dfereignissen gibt es bei ARD und ZDF durchaus Ver\u00e4nderungen. Da Alexander Bommes weiterhin krankheitsbedingt ausf\u00e4llt, \u00fcbernimmt Stephanie M\u00fcller- Spirra, die Bommes auch schon bei Bundesliga- Spielen vertreten hat, die Moderation zusammen mit Experte Dominik Klein. Kommentator bleibt wie gewohnt Florian Na\u00df. F\u00fcr die Interviews war die letzten Jahre immer Lennert Brinkhoff verantwortlich, dieser hat jedoch die ARD verlassen und wird wahrscheinlich von Desir\u00e9e Krause oder Peter Carstens ersetzt.<\/p>\n\n\n\n<p>Beim ZDF gibt es auch einen Moderationswechsel, hier \u00fcbernimmt Katrin M\u00fcller- Hohenstein von Yorck Polus, der seit kurzem ZDF- Sportchef ist. Bei den Experten \u00e4ndert sich dagegen nichts, S\u00f6ren Christophersen meldet sich von der Presenter und Markus Baur bleibt Co- Kommentator. Kommentator zum Auftakt wird Christoph Hamm sein, beim zweiten ZDF- Spiel kommentiert dann Martin Schneider. Grund daf\u00fcr d\u00fcrfte sein, dass Hamm weiter zum Biathlon- Weltcup reist.<\/p>\n\n\n\n<p>Bei Sportdeutschland.tv werden unterdessen die folgenden Stimmen zu h\u00f6ren sein: Karsten Petrzika, Tobias Schimon, Sascha Staat, Maik Thiele, Jari Br\u00fcggmann und Finn-Ole Martins. Dazu gesellen sich hochkar\u00e4tige Experten wie Stefan Kretzschmar oder Timo Kastening.<\/p>\n\n\n\n<hr class=\"wp-block-separator is-style-default\"\/>\n\n\n\n<p><strong><em>Die Ansetzungen vom 13. Januar 2023 bis zum 16. Januar 2023 <\/em><\/strong><\/p>\n\n\n\n<p><strong>3. Liga, 17. Spieltag<\/strong><\/p>\n\n\n\n<p><u>Freitag, 13. Januar 2023, <\/u><span style=\"text-decoration: underline;\"><span style=\"text-decoration: underline;\">ab 18.30 Uhr (Magenta Sport)<\/span><\/span><\/p>\n\n\n\n<p><em><strong style=\"font-style: italic;\">FSV Zwickau <strong><span><b style=\"font-style: italic;\">\u2013<\/b><\/span><\/strong><\/strong> <strong><strong style=\"font-style: italic;\">VfB Oldenburg<\/strong> (19.00 Uhr)<\/strong> <\/em><\/p>\n\n\n\n<p><img loading=\"lazy\" decoding=\"async\" width=\"10\" height=\"21\" class=\"wp-image-3656\" style=\"width: 10px;\" src=\"http:\/\/kommentatorenblog.de\/wp-content\/uploads\/2020\/09\/shure-55sh-ii-e1601485394796.jpg\" alt=\"\" srcset=\"https:\/\/kommentatorenblog.de\/wp-content\/uploads\/2020\/09\/shure-55sh-ii-e1601485394796.jpg 415w, https:\/\/kommentatorenblog.de\/wp-content\/uploads\/2020\/09\/shure-55sh-ii-e1601485394796-142x300.jpg 142w\" sizes=\"auto, (max-width: 10px) 100vw, 10px\" \/> Lenny Leonhardt<\/p>\n\n\n\n<p>Moderation: Anett Sattler<\/p>\n\n\n\n<p><u>Samstag, 14. Januar 2023, <\/u><span style=\"text-decoration: underline;\"><span style=\"text-decoration: underline;\">ab 13.45 Uhr (Magenta Sport)<\/span><\/span><\/p>\n\n\n\n<p><strong><em>Konferenz (14.00Uhr)<\/em><\/strong><\/p>\n\n\n\n<p><img loading=\"lazy\" decoding=\"async\" width=\"10\" height=\"21\" class=\"wp-image-3656\" style=\"width: 10px;\" src=\"http:\/\/kommentatorenblog.de\/wp-content\/uploads\/2020\/09\/shure-55sh-ii-e1601485394796.jpg\" alt=\"\" srcset=\"https:\/\/kommentatorenblog.de\/wp-content\/uploads\/2020\/09\/shure-55sh-ii-e1601485394796.jpg 415w, https:\/\/kommentatorenblog.de\/wp-content\/uploads\/2020\/09\/shure-55sh-ii-e1601485394796-142x300.jpg 142w\" sizes=\"auto, (max-width: 10px) 100vw, 10px\" \/> Sascha Bandermann Experte: Steven Ruprecht<\/p>\n\n\n\n<p><strong style=\"font-style: italic;\"><em><strong>1.FC Saarbr\u00fccken <\/strong><\/em><strong><em><b style=\"font-style: italic;\">\u2013<\/b><\/em><\/strong><\/strong> <em><strong>MSV Duisburg (14.00 Uhr)<\/strong><\/em> <\/p>\n\n\n\n<p><img loading=\"lazy\" decoding=\"async\" width=\"10\" height=\"21\" class=\"wp-image-3656\" style=\"width: 10px;\" src=\"http:\/\/kommentatorenblog.de\/wp-content\/uploads\/2020\/09\/shure-55sh-ii-e1601485394796.jpg\" alt=\"\" srcset=\"https:\/\/kommentatorenblog.de\/wp-content\/uploads\/2020\/09\/shure-55sh-ii-e1601485394796.jpg 415w, https:\/\/kommentatorenblog.de\/wp-content\/uploads\/2020\/09\/shure-55sh-ii-e1601485394796-142x300.jpg 142w\" sizes=\"auto, (max-width: 10px) 100vw, 10px\" \/> Mario Bast<\/p>\n\n\n\n<p>Moderation: Kevin Gerwin<\/p>\n\n\n\n<p><strong style=\"font-style: italic;\"><em><strong>SC Freiburg II<\/strong><\/em> <strong><em><span><b style=\"font-style: italic;\">\u2013<\/b><\/span><\/em><\/strong><\/strong> <em><strong>SC Verl (14.00 Uhr)<\/strong><\/em> <\/p>\n\n\n\n<p><img loading=\"lazy\" decoding=\"async\" width=\"10\" height=\"21\" class=\"wp-image-3656\" style=\"width: 10px;\" src=\"http:\/\/kommentatorenblog.de\/wp-content\/uploads\/2020\/09\/shure-55sh-ii-e1601485394796.jpg\" alt=\"\" srcset=\"https:\/\/kommentatorenblog.de\/wp-content\/uploads\/2020\/09\/shure-55sh-ii-e1601485394796.jpg 415w, https:\/\/kommentatorenblog.de\/wp-content\/uploads\/2020\/09\/shure-55sh-ii-e1601485394796-142x300.jpg 142w\" sizes=\"auto, (max-width: 10px) 100vw, 10px\" \/> Oskar Heirler<\/p>\n\n\n\n<p>Moderation: Martin Piller<\/p>\n\n\n\n<p><strong style=\"font-style: italic;\"><em><em><strong>SV Wehen Wiesbaden<\/strong><\/em><\/em> <strong><em><span><b style=\"font-style: italic;\">\u2013<\/b><\/span><\/em><\/strong><\/strong> <em><strong>SV Elversberg (14.00 Uhr)<\/strong><\/em> <\/p>\n\n\n\n<p><img loading=\"lazy\" decoding=\"async\" width=\"10\" height=\"21\" class=\"wp-image-3656\" style=\"width: 10px;\" src=\"http:\/\/kommentatorenblog.de\/wp-content\/uploads\/2020\/09\/shure-55sh-ii-e1601485394796.jpg\" alt=\"\" srcset=\"https:\/\/kommentatorenblog.de\/wp-content\/uploads\/2020\/09\/shure-55sh-ii-e1601485394796.jpg 415w, https:\/\/kommentatorenblog.de\/wp-content\/uploads\/2020\/09\/shure-55sh-ii-e1601485394796-142x300.jpg 142w\" sizes=\"auto, (max-width: 10px) 100vw, 10px\" \/> Philip Konrad<\/p>\n\n\n\n<p>Moderation: Cedric Pick<\/p>\n\n\n\n<p><span style=\"text-decoration: underline;\"><span style=\"text-decoration: underline;\">ab 13.45 Uhr (Magenta Sport)<\/span> bzw. ab 14.00 Uhr (BR\/SWR)<\/span><\/p>\n\n\n\n<p><em><strong>SV Waldhof Mannheim <span><b style=\"font-style: italic;\">\u2013<\/b><\/span> TSV 1860 M\u00fcnchen (14.00 Uhr) <\/strong><\/em><\/p>\n\n\n\n<p>Magenta Sport: <img loading=\"lazy\" decoding=\"async\" width=\"10\" height=\"21\" class=\"wp-image-3656\" style=\"width: 10px;\" src=\"http:\/\/kommentatorenblog.de\/wp-content\/uploads\/2020\/09\/shure-55sh-ii-e1601485394796.jpg\" alt=\"\" srcset=\"https:\/\/kommentatorenblog.de\/wp-content\/uploads\/2020\/09\/shure-55sh-ii-e1601485394796.jpg 415w, https:\/\/kommentatorenblog.de\/wp-content\/uploads\/2020\/09\/shure-55sh-ii-e1601485394796-142x300.jpg 142w\" sizes=\"auto, (max-width: 10px) 100vw, 10px\" \/> Christian Stra\u00dfburger<\/p>\n\n\n\n<p>SWR: <img loading=\"lazy\" decoding=\"async\" width=\"10\" height=\"21\" class=\"wp-image-3656\" style=\"width: 10px;\" src=\"http:\/\/kommentatorenblog.de\/wp-content\/uploads\/2020\/09\/shure-55sh-ii-e1601485394796.jpg\" alt=\"\" srcset=\"https:\/\/kommentatorenblog.de\/wp-content\/uploads\/2020\/09\/shure-55sh-ii-e1601485394796.jpg 415w, https:\/\/kommentatorenblog.de\/wp-content\/uploads\/2020\/09\/shure-55sh-ii-e1601485394796-142x300.jpg 142w\" sizes=\"auto, (max-width: 10px) 100vw, 10px\" \/> Martin Maib\u00fccher<\/p>\n\n\n\n<p>BR: <img loading=\"lazy\" decoding=\"async\" width=\"10\" height=\"21\" class=\"wp-image-3656\" style=\"width: 10px;\" src=\"http:\/\/kommentatorenblog.de\/wp-content\/uploads\/2020\/09\/shure-55sh-ii-e1601485394796.jpg\" alt=\"\" srcset=\"https:\/\/kommentatorenblog.de\/wp-content\/uploads\/2020\/09\/shure-55sh-ii-e1601485394796.jpg 415w, https:\/\/kommentatorenblog.de\/wp-content\/uploads\/2020\/09\/shure-55sh-ii-e1601485394796-142x300.jpg 142w\" sizes=\"auto, (max-width: 10px) 100vw, 10px\" \/> Florian Eckl<\/p>\n\n\n\n<p>Moderation (Magenta Sport): Thomas Wagner<\/p>\n\n\n\n<p>Moderation (SWR): Marius Zimmermann<\/p>\n\n\n\n<p>Moderation (BR): Dominik Vischer<\/p>\n\n\n\n<p><em><strong style=\"font-style: italic;\"><em><strong>VfL Osnabr\u00fcck<\/strong><\/em> <strong><span><b style=\"font-style: italic;\">\u2013<\/b><\/span><\/strong><\/strong> <strong>FC Viktoria K\u00f6ln (14.00 Uhr)<\/strong> <\/em><\/p>\n\n\n\n<p>Magenta Sport: <img loading=\"lazy\" decoding=\"async\" width=\"10\" height=\"21\" class=\"wp-image-3656\" style=\"width: 10px;\" src=\"http:\/\/kommentatorenblog.de\/wp-content\/uploads\/2020\/09\/shure-55sh-ii-e1601485394796.jpg\" alt=\"\" srcset=\"https:\/\/kommentatorenblog.de\/wp-content\/uploads\/2020\/09\/shure-55sh-ii-e1601485394796.jpg 415w, https:\/\/kommentatorenblog.de\/wp-content\/uploads\/2020\/09\/shure-55sh-ii-e1601485394796-142x300.jpg 142w\" sizes=\"auto, (max-width: 10px) 100vw, 10px\" \/> Michael Augustin<\/p>\n\n\n\n<p>NDR: <img loading=\"lazy\" decoding=\"async\" width=\"10\" height=\"21\" class=\"wp-image-3656\" style=\"width: 10px;\" src=\"http:\/\/kommentatorenblog.de\/wp-content\/uploads\/2020\/09\/shure-55sh-ii-e1601485394796.jpg\" alt=\"\" srcset=\"https:\/\/kommentatorenblog.de\/wp-content\/uploads\/2020\/09\/shure-55sh-ii-e1601485394796.jpg 415w, https:\/\/kommentatorenblog.de\/wp-content\/uploads\/2020\/09\/shure-55sh-ii-e1601485394796-142x300.jpg 142w\" sizes=\"auto, (max-width: 10px) 100vw, 10px\" \/> Jan Neumann<\/p>\n\n\n\n<p>Moderation (Magenta Sport): Holger Speckhahn<\/p>\n\n\n\n<p>Moderation (NDR): Andreas K\u00e4ckell<\/p>\n\n\n\n<p><em><strong style=\"font-style: italic;\"><em><strong>Rot Weiss Essen<\/strong><\/em> <strong><span><b style=\"font-style: italic;\">\u2013<\/b><\/span><\/strong><\/strong> <strong>Hallescher FC (14.00 Uhr)<\/strong> <\/em><\/p>\n\n\n\n<p>Magenta Sport: <img loading=\"lazy\" decoding=\"async\" width=\"10\" height=\"21\" class=\"wp-image-3656\" style=\"width: 10px;\" src=\"http:\/\/kommentatorenblog.de\/wp-content\/uploads\/2020\/09\/shure-55sh-ii-e1601485394796.jpg\" alt=\"\" srcset=\"https:\/\/kommentatorenblog.de\/wp-content\/uploads\/2020\/09\/shure-55sh-ii-e1601485394796.jpg 415w, https:\/\/kommentatorenblog.de\/wp-content\/uploads\/2020\/09\/shure-55sh-ii-e1601485394796-142x300.jpg 142w\" sizes=\"auto, (max-width: 10px) 100vw, 10px\" \/> Markus H\u00f6hner<\/p>\n\n\n\n<p>MDR: <img loading=\"lazy\" decoding=\"async\" width=\"10\" height=\"21\" class=\"wp-image-3656\" style=\"width: 10px;\" src=\"http:\/\/kommentatorenblog.de\/wp-content\/uploads\/2020\/09\/shure-55sh-ii-e1601485394796.jpg\" alt=\"\" srcset=\"https:\/\/kommentatorenblog.de\/wp-content\/uploads\/2020\/09\/shure-55sh-ii-e1601485394796.jpg 415w, https:\/\/kommentatorenblog.de\/wp-content\/uploads\/2020\/09\/shure-55sh-ii-e1601485394796-142x300.jpg 142w\" sizes=\"auto, (max-width: 10px) 100vw, 10px\" \/> Stephan Weidling<\/p>\n\n\n\n<p>Moderation (Magenta Sport): Konstantin Klostermann<\/p>\n\n\n\n<p>Moderation (MDR): Tom Scheunemann<\/p>\n\n\n\n<p><u>Sonntag, 15. Januar 2023, <\/u><span style=\"text-decoration: underline;\"><span style=\"text-decoration: underline;\">ab 12.45 Uhr (Magenta Sport)<\/span><\/span><\/p>\n\n\n\n<p><strong><em>Dynamo Dresden <span><b style=\"font-style: italic;\">\u2013<\/b><\/span> SV Meppen (13.00 Uhr) <\/em><\/strong><\/p>\n\n\n\n<p><img loading=\"lazy\" decoding=\"async\" width=\"10\" height=\"21\" class=\"wp-image-3656\" style=\"width: 10px;\" src=\"http:\/\/kommentatorenblog.de\/wp-content\/uploads\/2020\/09\/shure-55sh-ii-e1601485394796.jpg\" alt=\"\" srcset=\"https:\/\/kommentatorenblog.de\/wp-content\/uploads\/2020\/09\/shure-55sh-ii-e1601485394796.jpg 415w, https:\/\/kommentatorenblog.de\/wp-content\/uploads\/2020\/09\/shure-55sh-ii-e1601485394796-142x300.jpg 142w\" sizes=\"auto, (max-width: 10px) 100vw, 10px\" \/> Andreas Mann<\/p>\n\n\n\n<p>Moderation: Anett Sattler<\/p>\n\n\n\n<p><span style=\"text-decoration: underline;\"><span style=\"text-decoration: underline;\">ab 13.45 Uhr (Magenta Sport)<\/span><\/span><\/p>\n\n\n\n<p><em><strong>SpVgg Bayreuth <span><b style=\"font-style: italic;\">\u2013<\/b><\/span> BVB II (14.00 Uhr) <\/strong><\/em><\/p>\n\n\n\n<p><img loading=\"lazy\" decoding=\"async\" width=\"10\" height=\"21\" class=\"wp-image-3656\" style=\"width: 10px;\" src=\"http:\/\/kommentatorenblog.de\/wp-content\/uploads\/2020\/09\/shure-55sh-ii-e1601485394796.jpg\" alt=\"\" srcset=\"https:\/\/kommentatorenblog.de\/wp-content\/uploads\/2020\/09\/shure-55sh-ii-e1601485394796.jpg 415w, https:\/\/kommentatorenblog.de\/wp-content\/uploads\/2020\/09\/shure-55sh-ii-e1601485394796-142x300.jpg 142w\" sizes=\"auto, (max-width: 10px) 100vw, 10px\" \/> Oskar Heirler<\/p>\n\n\n\n<p>Moderation: Alexander K\u00fcpper<\/p>\n\n\n\n<p><u>Montag, 16. Januar 2023 <\/u><span style=\"text-decoration: underline;\"><span style=\"text-decoration: underline;\">ab 18.30 Uhr (Magenta Sport)<\/span><\/span><\/p>\n\n\n\n<p><em><strong>FC Ingolstadt <span><b style=\"font-style: italic;\">\u2013<\/b><\/span> FC Erzgebirge Aue (19.00 Uhr) <\/strong><\/em><\/p>\n\n\n\n<p><img loading=\"lazy\" decoding=\"async\" width=\"10\" height=\"21\" class=\"wp-image-3656\" style=\"width: 10px;\" src=\"http:\/\/kommentatorenblog.de\/wp-content\/uploads\/2020\/09\/shure-55sh-ii-e1601485394796.jpg\" alt=\"\" srcset=\"https:\/\/kommentatorenblog.de\/wp-content\/uploads\/2020\/09\/shure-55sh-ii-e1601485394796.jpg 415w, https:\/\/kommentatorenblog.de\/wp-content\/uploads\/2020\/09\/shure-55sh-ii-e1601485394796-142x300.jpg 142w\" sizes=\"auto, (max-width: 10px) 100vw, 10px\" \/> Franz B\u00fcchner<\/p>\n\n\n\n<p>Moderation: Alexander Klich<\/p>\n\n\n\n<hr class=\"wp-block-separator is-style-default\"\/>\n\n\n\n<p><strong>Premier League, (Sky)<\/strong><\/p>\n\n\n\n<p><u>Freitag, 13. Januar 2023, <\/u><span style=\"text-decoration: underline;\"><span style=\"text-decoration: underline;\">ab 20.50 Uhr<\/span><\/span><\/p>\n\n\n\n<p><em><strong style=\"font-style: italic;\">Aston Villa \u2013 Leeds United<\/strong><strong> (21.00 Uhr)<\/strong> <\/em><\/p>\n\n\n\n<p><img loading=\"lazy\" decoding=\"async\" width=\"10\" height=\"21\" class=\"wp-image-3656\" style=\"width: 10px;\" src=\"http:\/\/kommentatorenblog.de\/wp-content\/uploads\/2020\/09\/shure-55sh-ii-e1601485394796.jpg\" alt=\"\" srcset=\"https:\/\/kommentatorenblog.de\/wp-content\/uploads\/2020\/09\/shure-55sh-ii-e1601485394796.jpg 415w, https:\/\/kommentatorenblog.de\/wp-content\/uploads\/2020\/09\/shure-55sh-ii-e1601485394796-142x300.jpg 142w\" sizes=\"auto, (max-width: 10px) 100vw, 10px\" \/> Florian Malburg<\/p>\n\n\n\n<p><u>Samstag, 12. November 2022, <\/u><span style=\"text-decoration: underline;\"><span style=\"text-decoration: underline;\">ab 13.20 Uhr<\/span><\/span><\/p>\n\n\n\n<p><em><strong style=\"font-style: italic;\">Manchester United \u2013 Manchester City<\/strong><strong> (13.30 Uhr)<\/strong> <\/em><\/p>\n\n\n\n<p><img loading=\"lazy\" decoding=\"async\" width=\"10\" height=\"21\" class=\"wp-image-3656\" style=\"width: 10px;\" src=\"http:\/\/kommentatorenblog.de\/wp-content\/uploads\/2020\/09\/shure-55sh-ii-e1601485394796.jpg\" alt=\"\" srcset=\"https:\/\/kommentatorenblog.de\/wp-content\/uploads\/2020\/09\/shure-55sh-ii-e1601485394796.jpg 415w, https:\/\/kommentatorenblog.de\/wp-content\/uploads\/2020\/09\/shure-55sh-ii-e1601485394796-142x300.jpg 142w\" sizes=\"auto, (max-width: 10px) 100vw, 10px\" \/> Wolff Fuss<\/p>\n\n\n\n<p><span style=\"text-decoration: underline;\"><span style=\"text-decoration: underline;\">ab 15.50 Uhr<\/span><\/span><\/p>\n\n\n\n<p><strong><em>Brighton &amp; Hove Albion \u2013 FC Liverpool (16.00 Uhr) <\/em><\/strong><\/p>\n\n\n\n<p><img loading=\"lazy\" decoding=\"async\" width=\"10\" height=\"21\" class=\"wp-image-3656\" style=\"width: 10px;\" src=\"http:\/\/kommentatorenblog.de\/wp-content\/uploads\/2020\/09\/shure-55sh-ii-e1601485394796.jpg\" alt=\"\" srcset=\"https:\/\/kommentatorenblog.de\/wp-content\/uploads\/2020\/09\/shure-55sh-ii-e1601485394796.jpg 415w, https:\/\/kommentatorenblog.de\/wp-content\/uploads\/2020\/09\/shure-55sh-ii-e1601485394796-142x300.jpg 142w\" sizes=\"auto, (max-width: 10px) 100vw, 10px\" \/> Wolff Fuss ??<\/p>\n\n\n\n<p><em><strong style=\"font-style: italic;\">Nottingham Forest \u2013 Leicester City<\/strong> <strong>(16.00 Uhr)<\/strong> <\/em><\/p>\n\n\n\n<p><img loading=\"lazy\" decoding=\"async\" width=\"10\" height=\"21\" class=\"wp-image-3656\" style=\"width: 10px;\" src=\"http:\/\/kommentatorenblog.de\/wp-content\/uploads\/2020\/09\/shure-55sh-ii-e1601485394796.jpg\" alt=\"\" srcset=\"https:\/\/kommentatorenblog.de\/wp-content\/uploads\/2020\/09\/shure-55sh-ii-e1601485394796.jpg 415w, https:\/\/kommentatorenblog.de\/wp-content\/uploads\/2020\/09\/shure-55sh-ii-e1601485394796-142x300.jpg 142w\" sizes=\"auto, (max-width: 10px) 100vw, 10px\" \/> Paul H\u00e4user<\/p>\n\n\n\n<p><em><strong>FC Everton \u2013 FC Southampton(16.00 Uhr) <\/strong><\/em><\/p>\n\n\n\n<p><img loading=\"lazy\" decoding=\"async\" width=\"10\" height=\"21\" class=\"wp-image-3656\" style=\"width: 10px;\" src=\"http:\/\/kommentatorenblog.de\/wp-content\/uploads\/2020\/09\/shure-55sh-ii-e1601485394796.jpg\" alt=\"\" srcset=\"https:\/\/kommentatorenblog.de\/wp-content\/uploads\/2020\/09\/shure-55sh-ii-e1601485394796.jpg 415w, https:\/\/kommentatorenblog.de\/wp-content\/uploads\/2020\/09\/shure-55sh-ii-e1601485394796-142x300.jpg 142w\" sizes=\"auto, (max-width: 10px) 100vw, 10px\" \/> Markus Gaupp<\/p>\n\n\n\n<p><em><strong>Wolverhampton Wanderers \u2013 West Ham United<\/strong><\/em> <em><strong>(16.00 Uhr) <\/strong><\/em><\/p>\n\n\n\n<p><img loading=\"lazy\" decoding=\"async\" width=\"10\" height=\"21\" class=\"wp-image-3656\" style=\"width: 10px;\" src=\"http:\/\/kommentatorenblog.de\/wp-content\/uploads\/2020\/09\/shure-55sh-ii-e1601485394796.jpg\" alt=\"\" srcset=\"https:\/\/kommentatorenblog.de\/wp-content\/uploads\/2020\/09\/shure-55sh-ii-e1601485394796.jpg 415w, https:\/\/kommentatorenblog.de\/wp-content\/uploads\/2020\/09\/shure-55sh-ii-e1601485394796-142x300.jpg 142w\" sizes=\"auto, (max-width: 10px) 100vw, 10px\" \/> Timo Schmidtchen<\/p>\n\n\n\n<p><span style=\"text-decoration: underline;\"><span style=\"text-decoration: underline;\">ab 18.20 Uhr<\/span><\/span><\/p>\n\n\n\n<p><strong style=\"font-style: italic;\"><em><strong>FC Brentford \u2013 AFC Bournemouth<\/strong><\/em><\/strong><em><strong> (18.30 Uhr)<\/strong><\/em> <\/p>\n\n\n\n<p><img loading=\"lazy\" decoding=\"async\" width=\"10\" height=\"21\" class=\"wp-image-3656\" style=\"width: 10px;\" src=\"http:\/\/kommentatorenblog.de\/wp-content\/uploads\/2020\/09\/shure-55sh-ii-e1601485394796.jpg\" alt=\"\" srcset=\"https:\/\/kommentatorenblog.de\/wp-content\/uploads\/2020\/09\/shure-55sh-ii-e1601485394796.jpg 415w, https:\/\/kommentatorenblog.de\/wp-content\/uploads\/2020\/09\/shure-55sh-ii-e1601485394796-142x300.jpg 142w\" sizes=\"auto, (max-width: 10px) 100vw, 10px\" \/> Sven Schr\u00f6ter<\/p>\n\n\n\n<p><span style=\"text-decoration: underline;\"><span style=\"text-decoration: underline;\">Sonntag, 15. Januar <\/span>2023, ab 14.50 Uhr<\/span><\/p>\n\n\n\n<p><strong style=\"font-style: italic;\">FC Chelsea \u2013 Crystal Palace<\/strong><em><strong> (15.00 Uhr)<\/strong><\/em> <\/p>\n\n\n\n<p><img loading=\"lazy\" decoding=\"async\" width=\"10\" height=\"21\" class=\"wp-image-3656\" style=\"width: 10px;\" src=\"http:\/\/kommentatorenblog.de\/wp-content\/uploads\/2020\/09\/shure-55sh-ii-e1601485394796.jpg\" alt=\"\" srcset=\"https:\/\/kommentatorenblog.de\/wp-content\/uploads\/2020\/09\/shure-55sh-ii-e1601485394796.jpg 415w, https:\/\/kommentatorenblog.de\/wp-content\/uploads\/2020\/09\/shure-55sh-ii-e1601485394796-142x300.jpg 142w\" sizes=\"auto, (max-width: 10px) 100vw, 10px\" \/> Joachim Hebel<\/p>\n\n\n\n<p><strong style=\"font-style: italic;\">Newcastle United \u2013 FC Fulham<\/strong><em><strong> (15.00 Uhr)<\/strong><\/em> <\/p>\n\n\n\n<p><img loading=\"lazy\" decoding=\"async\" width=\"10\" height=\"21\" class=\"wp-image-3656\" style=\"width: 10px;\" src=\"http:\/\/kommentatorenblog.de\/wp-content\/uploads\/2020\/09\/shure-55sh-ii-e1601485394796.jpg\" alt=\"\" srcset=\"https:\/\/kommentatorenblog.de\/wp-content\/uploads\/2020\/09\/shure-55sh-ii-e1601485394796.jpg 415w, https:\/\/kommentatorenblog.de\/wp-content\/uploads\/2020\/09\/shure-55sh-ii-e1601485394796-142x300.jpg 142w\" sizes=\"auto, (max-width: 10px) 100vw, 10px\" \/> Joachim Hebel ???<\/p>\n\n\n\n<p><span style=\"text-decoration: underline;\">ab 17.00 Uhr<\/span><\/p>\n\n\n\n<p><strong style=\"font-style: italic;\">Tottenham Hotspur \u2013 FC Arsenal<\/strong><em><strong> (17.30 Uhr)<\/strong><\/em> <\/p>\n\n\n\n<p><img loading=\"lazy\" decoding=\"async\" width=\"10\" height=\"21\" class=\"wp-image-3656\" style=\"width: 10px;\" src=\"http:\/\/kommentatorenblog.de\/wp-content\/uploads\/2020\/09\/shure-55sh-ii-e1601485394796.jpg\" alt=\"\" srcset=\"https:\/\/kommentatorenblog.de\/wp-content\/uploads\/2020\/09\/shure-55sh-ii-e1601485394796.jpg 415w, https:\/\/kommentatorenblog.de\/wp-content\/uploads\/2020\/09\/shure-55sh-ii-e1601485394796-142x300.jpg 142w\" sizes=\"auto, (max-width: 10px) 100vw, 10px\" \/> Toni Tomic, Experte: Mladen Petric<\/p>\n\n\n\n<p>Field-Reporter: Raphael Honigstein<\/p>\n\n\n\n<p><strong>WSL (Sky)<\/strong><\/p>\n\n\n\n<p><u>Sonntag, 15. Januar 2023, <\/u><span style=\"text-decoration: underline;\"><span style=\"text-decoration: underline;\">ab 12.30 Uhr<\/span><\/span><\/p>\n\n\n\n<p><em><strong style=\"font-style: italic;\">FC Arsenal &#8211; FC Chelsea<\/strong><strong> (12.30 Uhr)<\/strong> <\/em><\/p>\n\n\n\n<p><img loading=\"lazy\" decoding=\"async\" width=\"10\" height=\"21\" class=\"wp-image-3656\" style=\"width: 10px;\" src=\"http:\/\/kommentatorenblog.de\/wp-content\/uploads\/2020\/09\/shure-55sh-ii-e1601485394796.jpg\" alt=\"\" srcset=\"https:\/\/kommentatorenblog.de\/wp-content\/uploads\/2020\/09\/shure-55sh-ii-e1601485394796.jpg 415w, https:\/\/kommentatorenblog.de\/wp-content\/uploads\/2020\/09\/shure-55sh-ii-e1601485394796-142x300.jpg 142w\" sizes=\"auto, (max-width: 10px) 100vw, 10px\" \/> Hannes Herrmann. Expertin: Verena Schweers<\/p>\n\n\n\n<p><em><strong style=\"font-style: italic;\">West Ham United &#8211; Manchester City<\/strong><strong> (19.35Uhr)<\/strong> <\/em><\/p>\n\n\n\n<p><img loading=\"lazy\" decoding=\"async\" width=\"10\" height=\"21\" class=\"wp-image-3656\" style=\"width: 10px;\" src=\"http:\/\/kommentatorenblog.de\/wp-content\/uploads\/2020\/09\/shure-55sh-ii-e1601485394796.jpg\" alt=\"\" srcset=\"https:\/\/kommentatorenblog.de\/wp-content\/uploads\/2020\/09\/shure-55sh-ii-e1601485394796.jpg 415w, https:\/\/kommentatorenblog.de\/wp-content\/uploads\/2020\/09\/shure-55sh-ii-e1601485394796-142x300.jpg 142w\" sizes=\"auto, (max-width: 10px) 100vw, 10px\" \/>  ???<\/p>\n\n\n\n<hr class=\"wp-block-separator\"\/>\n\n\n\n<p><strong>La Liga<\/strong><\/p>\n\n\n\n<p><span style=\"text-decoration: underline;\">Freitag 13. Januar 2023, ab 21.00Uhr <\/span><\/p>\n\n\n\n<p><em><strong>Celta Vigo \u2013 FC Villareal <\/strong><\/em><\/p>\n\n\n\n<p><img loading=\"lazy\" decoding=\"async\" width=\"10\" height=\"21\" class=\"wp-image-3656\" style=\"width: 10px;\" src=\"http:\/\/kommentatorenblog.de\/wp-content\/uploads\/2020\/09\/shure-55sh-ii-e1601485394796.jpg\" alt=\"\" srcset=\"https:\/\/kommentatorenblog.de\/wp-content\/uploads\/2020\/09\/shure-55sh-ii-e1601485394796.jpg 415w, https:\/\/kommentatorenblog.de\/wp-content\/uploads\/2020\/09\/shure-55sh-ii-e1601485394796-142x300.jpg 142w\" sizes=\"auto, (max-width: 10px) 100vw, 10px\" \/> Michi Brandes<\/p>\n\n\n\n<p><span style=\"text-decoration: underline;\">Samstag, 14. Januar 2023 ab 21.00 Uhr <\/span><\/p>\n\n\n\n<p><em><strong>Real Sociedad \u2013 Atletic Bilbao (<\/strong><\/em><strong><em>21<\/em><\/strong><strong><em>.00)<\/em><\/strong><\/p>\n\n\n\n<p><img loading=\"lazy\" decoding=\"async\" width=\"10\" height=\"21\" class=\"wp-image-3656\" style=\"width: 10px;\" src=\"http:\/\/kommentatorenblog.de\/wp-content\/uploads\/2020\/09\/shure-55sh-ii-e1601485394796.jpg\" alt=\"\" srcset=\"https:\/\/kommentatorenblog.de\/wp-content\/uploads\/2020\/09\/shure-55sh-ii-e1601485394796.jpg 415w, https:\/\/kommentatorenblog.de\/wp-content\/uploads\/2020\/09\/shure-55sh-ii-e1601485394796-142x300.jpg 142w\" sizes=\"auto, (max-width: 10px) 100vw, 10px\" \/> Uwe Morawe<\/p>\n\n\n\n<p><span style=\"text-decoration: underline;\">Sonntag, 15. Januar 2023 ab 16.15 Uhr <\/span><\/p>\n\n\n\n<p><strong><em>Almeria \u2013 <strong><em>Atletico Madrid<\/em><\/strong> (16.15) <\/em><\/strong><\/p>\n\n\n\n<p><img loading=\"lazy\" decoding=\"async\" width=\"10\" height=\"21\" class=\"wp-image-3656\" style=\"width: 10px;\" src=\"http:\/\/kommentatorenblog.de\/wp-content\/uploads\/2020\/09\/shure-55sh-ii-e1601485394796.jpg\" alt=\"\" srcset=\"https:\/\/kommentatorenblog.de\/wp-content\/uploads\/2020\/09\/shure-55sh-ii-e1601485394796.jpg 415w, https:\/\/kommentatorenblog.de\/wp-content\/uploads\/2020\/09\/shure-55sh-ii-e1601485394796-142x300.jpg 142w\" sizes=\"auto, (max-width: 10px) 100vw, 10px\" \/> Oliver Forster<\/p>\n\n\n\n<hr class=\"wp-block-separator is-style-default\"\/>\n\n\n\n<p><strong>Ligue 1, 19. Spieltag (DAZN)<\/strong><\/p>\n\n\n\n<p><span style=\"text-decoration: underline;\">Samstag, 14. Januar 2023 ab 19.00 Uhr <\/span><\/p>\n\n\n\n<p><em><strong>Olympique Marseille \u2013 Lorient (<\/strong><\/em><strong><em>19.00)<\/em><\/strong><\/p>\n\n\n\n<p><img loading=\"lazy\" decoding=\"async\" width=\"10\" height=\"21\" class=\"wp-image-3656\" style=\"width: 10px;\" src=\"http:\/\/kommentatorenblog.de\/wp-content\/uploads\/2020\/09\/shure-55sh-ii-e1601485394796.jpg\" alt=\"\" srcset=\"https:\/\/kommentatorenblog.de\/wp-content\/uploads\/2020\/09\/shure-55sh-ii-e1601485394796.jpg 415w, https:\/\/kommentatorenblog.de\/wp-content\/uploads\/2020\/09\/shure-55sh-ii-e1601485394796-142x300.jpg 142w\" sizes=\"auto, (max-width: 10px) 100vw, 10px\" \/> Guido H\u00fcsgen<\/p>\n\n\n\n<p><span style=\"text-decoration: underline;\"><span style=\"text-decoration: underline;\">Sonntag, 15. Januar 2023 ab 20.45 Uhr <\/span><\/span><\/p>\n\n\n\n<p><em><strong>Rennes \u2013 Paris Saint- Germain (20.45) <\/strong><\/em><\/p>\n\n\n\n<p><img loading=\"lazy\" decoding=\"async\" width=\"10\" height=\"21\" class=\"wp-image-3656\" style=\"width: 10px;\" src=\"http:\/\/kommentatorenblog.de\/wp-content\/uploads\/2020\/09\/shure-55sh-ii-e1601485394796.jpg\" alt=\"\" srcset=\"https:\/\/kommentatorenblog.de\/wp-content\/uploads\/2020\/09\/shure-55sh-ii-e1601485394796.jpg 415w, https:\/\/kommentatorenblog.de\/wp-content\/uploads\/2020\/09\/shure-55sh-ii-e1601485394796-142x300.jpg 142w\" sizes=\"auto, (max-width: 10px) 100vw, 10px\" \/> Stefan Galler; Experte: Alexis Menuge <\/p>\n\n\n\n<hr class=\"wp-block-separator is-style-default\"\/>\n\n\n\n<p><strong>Serie A (DAZN)<\/strong><\/p>\n\n\n\n<p><span style=\"text-decoration: underline;\">Freitag 13. Januar 2023 ab 20.45Uhr <\/span><\/p>\n\n\n\n<p><em><strong>SSC Neapel \u2013 Juventus Turin (20.45) <\/strong><\/em><\/p>\n\n\n\n<p><img loading=\"lazy\" decoding=\"async\" width=\"10\" height=\"21\" class=\"wp-image-3656\" style=\"width: 10px;\" src=\"http:\/\/kommentatorenblog.de\/wp-content\/uploads\/2020\/09\/shure-55sh-ii-e1601485394796.jpg\" alt=\"\" srcset=\"https:\/\/kommentatorenblog.de\/wp-content\/uploads\/2020\/09\/shure-55sh-ii-e1601485394796.jpg 415w, https:\/\/kommentatorenblog.de\/wp-content\/uploads\/2020\/09\/shure-55sh-ii-e1601485394796-142x300.jpg 142w\" sizes=\"auto, (max-width: 10px) 100vw, 10px\" \/> Mario Rieker, Experte: Christian Bernhard<\/p>\n\n\n\n<hr class=\"wp-block-separator is-style-default\"\/>\n\n\n\n<p><span style=\"text-decoration: underline;\">Samstag, 14. Januar 2023 ab 18.00 Uhr <\/span><\/p>\n\n\n\n<p><em><strong>Lecce \u2013 <em><strong>AC Mailand<\/strong><\/em> (18.00) <\/strong><\/em><\/p>\n\n\n\n<p><img loading=\"lazy\" decoding=\"async\" width=\"10\" height=\"21\" class=\"wp-image-3656\" style=\"width: 10px;\" src=\"http:\/\/kommentatorenblog.de\/wp-content\/uploads\/2020\/09\/shure-55sh-ii-e1601485394796.jpg\" alt=\"\" srcset=\"https:\/\/kommentatorenblog.de\/wp-content\/uploads\/2020\/09\/shure-55sh-ii-e1601485394796.jpg 415w, https:\/\/kommentatorenblog.de\/wp-content\/uploads\/2020\/09\/shure-55sh-ii-e1601485394796-142x300.jpg 142w\" sizes=\"auto, (max-width: 10px) 100vw, 10px\" \/> Tobi Fischbeck<\/p>\n\n\n\n<p><em><strong>Inter Mailand \u2013 <em><strong>Hellas Verona <\/strong><\/em>(20.45) <\/strong><\/em><\/p>\n\n\n\n<p><img loading=\"lazy\" decoding=\"async\" width=\"10\" height=\"21\" class=\"wp-image-3656\" style=\"width: 10px;\" src=\"http:\/\/kommentatorenblog.de\/wp-content\/uploads\/2020\/09\/shure-55sh-ii-e1601485394796.jpg\" alt=\"\" srcset=\"https:\/\/kommentatorenblog.de\/wp-content\/uploads\/2020\/09\/shure-55sh-ii-e1601485394796.jpg 415w, https:\/\/kommentatorenblog.de\/wp-content\/uploads\/2020\/09\/shure-55sh-ii-e1601485394796-142x300.jpg 142w\" sizes=\"auto, (max-width: 10px) 100vw, 10px\" \/>Carsten Fu\u00df<\/p>\n\n\n\n<hr class=\"wp-block-separator is-style-default\"\/>\n\n\n\n<p><span style=\"text-decoration: underline;\">Sonntag, 15. Januar 2023 ab 21.00 Uhr <\/span><\/p>\n\n\n\n<p><em><strong>AS Rom \u2013 AC Florenz<\/strong><\/em> <strong><em>(21.00)<\/em><\/strong><\/p>\n\n\n\n<p><img loading=\"lazy\" decoding=\"async\" width=\"10\" height=\"21\" class=\"wp-image-3656\" style=\"width: 10px;\" src=\"http:\/\/kommentatorenblog.de\/wp-content\/uploads\/2020\/09\/shure-55sh-ii-e1601485394796.jpg\" alt=\"\" srcset=\"https:\/\/kommentatorenblog.de\/wp-content\/uploads\/2020\/09\/shure-55sh-ii-e1601485394796.jpg 415w, https:\/\/kommentatorenblog.de\/wp-content\/uploads\/2020\/09\/shure-55sh-ii-e1601485394796-142x300.jpg 142w\" sizes=\"auto, (max-width: 10px) 100vw, 10px\" \/> Mario Rieker<\/p>\n\n\n\n<hr class=\"wp-block-separator is-style-default\"\/>\n\n\n\n<hr class=\"wp-block-separator is-style-default\"\/>\n\n\n\n<p><strong>Internationaler Fu\u00dfball Sportdigital FUSSBALL <\/strong><\/p>\n\n\n\n<p><span style=\"text-decoration: underline;\">Freitag, 13. Januar 2023 ab 09.45 Uhr <\/span><\/p>\n\n\n\n<p>A-League (12. Spieltag) <em><strong>Macarthur FC &#8211; Central Coast Mariners<\/strong><\/em> <em><strong>(09.45)<\/strong><\/em><\/p>\n\n\n\n<p><img loading=\"lazy\" decoding=\"async\" width=\"10\" height=\"21\" class=\"wp-image-3656\" style=\"width: 10px;\" src=\"http:\/\/kommentatorenblog.de\/wp-content\/uploads\/2020\/09\/shure-55sh-ii-e1601485394796.jpg\" alt=\"\" srcset=\"https:\/\/kommentatorenblog.de\/wp-content\/uploads\/2020\/09\/shure-55sh-ii-e1601485394796.jpg 415w, https:\/\/kommentatorenblog.de\/wp-content\/uploads\/2020\/09\/shure-55sh-ii-e1601485394796-142x300.jpg 142w\" sizes=\"auto, (max-width: 10px) 100vw, 10px\" \/> Marcus Radefeld<\/p>\n\n\n\n<p><span style=\"text-decoration: underline;\">Samstag, 14. Januar 2023 <\/span><\/p>\n\n\n\n<p>A-League (12. Spieltag) <em><strong>Adelaide United &#8211; Melbourne Victory<\/strong><\/em> <em><strong>(09.45)<\/strong><\/em><\/p>\n\n\n\n<p><img loading=\"lazy\" decoding=\"async\" width=\"10\" height=\"21\" class=\"wp-image-3656\" style=\"width: 10px;\" src=\"http:\/\/kommentatorenblog.de\/wp-content\/uploads\/2020\/09\/shure-55sh-ii-e1601485394796.jpg\" alt=\"\" srcset=\"https:\/\/kommentatorenblog.de\/wp-content\/uploads\/2020\/09\/shure-55sh-ii-e1601485394796.jpg 415w, https:\/\/kommentatorenblog.de\/wp-content\/uploads\/2020\/09\/shure-55sh-ii-e1601485394796-142x300.jpg 142w\" sizes=\"auto, (max-width: 10px) 100vw, 10px\" \/> Ulf Kahmke<\/p>\n\n\n\n<p>Eredivisie (16. Spieltag) <em><strong>SC Heerenveen \u2013 <em><strong>AZ Alkmaar <\/strong><\/em>(18.45) <\/strong><\/em><\/p>\n\n\n\n<p><img loading=\"lazy\" decoding=\"async\" width=\"10\" height=\"21\" class=\"wp-image-3656\" style=\"width: 10px;\" src=\"http:\/\/kommentatorenblog.de\/wp-content\/uploads\/2020\/09\/shure-55sh-ii-e1601485394796.jpg\" alt=\"\" srcset=\"https:\/\/kommentatorenblog.de\/wp-content\/uploads\/2020\/09\/shure-55sh-ii-e1601485394796.jpg 415w, https:\/\/kommentatorenblog.de\/wp-content\/uploads\/2020\/09\/shure-55sh-ii-e1601485394796-142x300.jpg 142w\" sizes=\"auto, (max-width: 10px) 100vw, 10px\" \/> Karsten Linke<\/p>\n\n\n\n<p>Eredivisie (16. Spieltag) <em><strong>Ajax Amsterdam &#8211; FC Twente Enschede<em><strong> <\/strong><\/em>(21.00) <\/strong><\/em><\/p>\n\n\n\n<p><img loading=\"lazy\" decoding=\"async\" width=\"10\" height=\"21\" class=\"wp-image-3656\" style=\"width: 10px;\" src=\"http:\/\/kommentatorenblog.de\/wp-content\/uploads\/2020\/09\/shure-55sh-ii-e1601485394796.jpg\" alt=\"\" srcset=\"https:\/\/kommentatorenblog.de\/wp-content\/uploads\/2020\/09\/shure-55sh-ii-e1601485394796.jpg 415w, https:\/\/kommentatorenblog.de\/wp-content\/uploads\/2020\/09\/shure-55sh-ii-e1601485394796-142x300.jpg 142w\" sizes=\"auto, (max-width: 10px) 100vw, 10px\" \/> Marvin Kirsch<\/p>\n\n\n\n<p><span style=\"text-decoration: underline;\">Sonntag, 15. Januar 2023 <\/span><\/p>\n\n\n\n<p>Eredivisie (16. Spieltag) <em><strong>Fortuna Sittard &#8211; PSV Eindhoven (14.30) <\/strong><\/em><\/p>\n\n\n\n<p><img loading=\"lazy\" decoding=\"async\" width=\"10\" height=\"21\" class=\"wp-image-3656\" style=\"width: 10px;\" src=\"http:\/\/kommentatorenblog.de\/wp-content\/uploads\/2020\/09\/shure-55sh-ii-e1601485394796.jpg\" alt=\"\" srcset=\"https:\/\/kommentatorenblog.de\/wp-content\/uploads\/2020\/09\/shure-55sh-ii-e1601485394796.jpg 415w, https:\/\/kommentatorenblog.de\/wp-content\/uploads\/2020\/09\/shure-55sh-ii-e1601485394796-142x300.jpg 142w\" sizes=\"auto, (max-width: 10px) 100vw, 10px\" \/> Jonathan Dreiner<\/p>\n\n\n\n<p>Eredivisie (16. Spieltag) <em><strong>FC Groningen &#8211; Feyenoord Rotterdam<em><strong> <\/strong><\/em>(16.45) <\/strong><\/em><\/p>\n\n\n\n<p><img loading=\"lazy\" decoding=\"async\" width=\"10\" height=\"21\" class=\"wp-image-3656\" style=\"width: 10px;\" src=\"http:\/\/kommentatorenblog.de\/wp-content\/uploads\/2020\/09\/shure-55sh-ii-e1601485394796.jpg\" alt=\"\" srcset=\"https:\/\/kommentatorenblog.de\/wp-content\/uploads\/2020\/09\/shure-55sh-ii-e1601485394796.jpg 415w, https:\/\/kommentatorenblog.de\/wp-content\/uploads\/2020\/09\/shure-55sh-ii-e1601485394796-142x300.jpg 142w\" sizes=\"auto, (max-width: 10px) 100vw, 10px\" \/> Jakob Vogel<\/p>\n\n\n\n<p>Primeira Liga (16. Spieltag) <em><strong>Benfica Lissabon &#8211; Sporting Lissabon (19.00) <\/strong><\/em><\/p>\n\n\n\n<p><img loading=\"lazy\" decoding=\"async\" width=\"10\" height=\"21\" class=\"wp-image-3656\" style=\"width: 10px;\" src=\"http:\/\/kommentatorenblog.de\/wp-content\/uploads\/2020\/09\/shure-55sh-ii-e1601485394796.jpg\" alt=\"\" srcset=\"https:\/\/kommentatorenblog.de\/wp-content\/uploads\/2020\/09\/shure-55sh-ii-e1601485394796.jpg 415w, https:\/\/kommentatorenblog.de\/wp-content\/uploads\/2020\/09\/shure-55sh-ii-e1601485394796-142x300.jpg 142w\" sizes=\"auto, (max-width: 10px) 100vw, 10px\" \/> Christian Blunck<\/p>\n\n\n\n<p><em><strong>Finale Supercopa de Espana (Finale)<em><strong> <\/strong><\/em>(20.00) <\/strong><\/em><\/p>\n\n\n\n<p><img loading=\"lazy\" decoding=\"async\" width=\"10\" height=\"21\" class=\"wp-image-3656\" style=\"width: 10px;\" src=\"http:\/\/kommentatorenblog.de\/wp-content\/uploads\/2020\/09\/shure-55sh-ii-e1601485394796.jpg\" alt=\"\" srcset=\"https:\/\/kommentatorenblog.de\/wp-content\/uploads\/2020\/09\/shure-55sh-ii-e1601485394796.jpg 415w, https:\/\/kommentatorenblog.de\/wp-content\/uploads\/2020\/09\/shure-55sh-ii-e1601485394796-142x300.jpg 142w\" sizes=\"auto, (max-width: 10px) 100vw, 10px\" \/>Karsten Linke<\/p>\n\n\n\n<p>Primeira Liga (16. Spieltag) <em><strong>FC Porto &#8211; FC Famalicao (21.30) <\/strong><\/em><\/p>\n\n\n\n<p><img loading=\"lazy\" decoding=\"async\" width=\"10\" height=\"21\" class=\"wp-image-3656\" style=\"width: 10px;\" src=\"http:\/\/kommentatorenblog.de\/wp-content\/uploads\/2020\/09\/shure-55sh-ii-e1601485394796.jpg\" alt=\"\" srcset=\"https:\/\/kommentatorenblog.de\/wp-content\/uploads\/2020\/09\/shure-55sh-ii-e1601485394796.jpg 415w, https:\/\/kommentatorenblog.de\/wp-content\/uploads\/2020\/09\/shure-55sh-ii-e1601485394796-142x300.jpg 142w\" sizes=\"auto, (max-width: 10px) 100vw, 10px\" \/> J\u00f6rg Steiger<\/p>\n\n\n\n<hr class=\"wp-block-separator is-style-default\"\/>\n\n\n\n<p><strong>Die Analyse<\/strong><\/p>\n\n\n\n<p>W\u00e4hrend die Bundesliga- Profis sich, wie gesagt, noch auf den Jahresstart vorbereiten, geht es f\u00fcr die Drittligisten weiter mit der Saison. Los geht es am Freitag mit der Partie Zwickau- Oldenburg und Kommentator Lenny Leonhardt. Am Samstag gibt es dann wieder die Konferenz (mit Bandermann) und die Einzelspiele bei Magenta zu sehen. Daneben haben auch die Dritten (BR, MDR, NDR, SWR) drei Spiele in Liga 3 im Angebot. F\u00fcr den BR ist hierbei Florian Eckl als Kommentator im Einsatz.<\/p>\n\n\n\n<p>Magenta setzt bei ihren \u00dcbertragungen auf bew\u00e4hrtes 3.Liga- Persona wie H\u00f6hner, Stra\u00dfburger oder B\u00fcchner. F\u00fcr Oskar Heirler und Anett Sattler gibt es dabei an diesem Wochenende einen Doppeleinsatz.<\/p>\n\n\n\n<p>Ebenfalls am Freitag starten bei Sky die Premier League- \u00dcbertragungen. Ein Highlight dabei am Samstag das Stadtderby in Manchester zwischen United und City. Hier darf Wolff Fuss die Partie kommentieren. Fuss ist Stand jetzt auch f\u00fcr die knapp 2,5 h sp\u00e4ter startende Partie Brighton &amp; Hove gegen Albion als Kommentator vorgesehen.<\/p>\n\n\n\n<p>Daneben sind in Schr\u00f6ter und Gaupp bekannte Stimmen zu h\u00f6ren, aber auch in Paul H\u00e4user und Timo Schmidtchen zwei unbekanntere Stimmen. Am Sonntag ist dann Jogi Hebel f\u00fcr zwei zeitgleiche Partien vorgesehen, wir versuchen herauszufinden, wo er tats\u00e4chlich zum Einsatz kommt.<\/p>\n\n\n\n<p>Das Topspiel am Abend darf dann wieder mal Toni Tomic ran.<\/p>\n\n\n\n<p>DAZN zeigt an diesem Wochenende wieder die anderen internationalen Topligen (La Liga, Ligue 1 und Serie A). Die spanische Liga \u00fcbernehmen dabei Brandes, Morawe und Forster. Guido H\u00fcsgen wird sich um das Heimspiel von Olympique Marseille k\u00fcmmern, w\u00e4hrend sich Stefan Galler, wie so oft, mit Alexis Menuge um das Spiel von PSG k\u00fcmmert.<\/p>\n\n\n\n<p>In der Serie A wird Mario Rieker sowohl am Freitag als auch am Montag zum Einsatz kommen, am Freitag erh\u00e4lt er dabei Unterst\u00fctzung von Christian Bernhard.<\/p>\n\n\n\n<p>Dar\u00fcber hinaus hat Sportdigital auch wieder eine Menge Fu\u00dfball, aus Australien, den Niederlanden und Portugal zu bieten.<\/p>\n\n\n\n<p>Das wars f\u00fcr diese Woche, allen ein sch\u00f6nes Wochenende.<\/p>\n\n\n\n<p><\/p>\n","protected":false},"excerpt":{"rendered":"<p>(Update) N&#8217;abend allerseits, hier gibt&#8217;s schnell das Update der Spiele von Dienstag bis Donnerstag! Viel ist aber nicht wirklich los: der FA Cup hat beispielsweise noch zwei Wiederholungsspiele im Angebot, welche von Uli Hebel (mit Benny Lauth) und Fabi Pavlakovic begleitet werden. DAZN \u00fcbertr\u00e4gt au\u00dferdem zwei Spiele der Coppa Italia mit deutschem Kommentar. Matthias Naebers [&hellip;]<\/p>\n","protected":false},"author":9,"featured_media":0,"comment_status":"open","ping_status":"open","sticky":false,"template":"","format":"standard","meta":{"footnotes":""},"categories":[429],"tags":[34,163,216,46,131,901,256,164,57,35,13,400,356,318,900,120,352,405,347,58,315,59,491,378,294,9,572,243,121,67,223,383,878,183,293,606,690,12,22,134,154,27,33,341,152,24,105,149,107],"class_list":["post-14420","post","type-post","status-publish","format-standard","hentry","category-diverses","tag-alex-klich","tag-alexander-kuepper","tag-andreas-mann","tag-anett-sattler","tag-carsten-fuss","tag-casren-fuss","tag-cedric-pick","tag-christian-bernhard","tag-christian-blunck","tag-christian-strassburger","tag-dazn","tag-dominik-vischer","tag-fabian-pavlakovic","tag-flo-eckl","tag-flo-malburg","tag-franz-buechner","tag-holger-speckhahn","tag-jakob-vogel","tag-joachim-hebel","tag-joerg-steiger","tag-julian-engelhard","tag-karsten-linke","tag-kevin-gerwin","tag-konstantin-klostermann","tag-lenny-leonhardt","tag-magenta-sport","tag-mario-bast","tag-mario-rieker","tag-markus-gaupp","tag-markus-hoehner","tag-matthias-naebers","tag-michael-augustin","tag-michi-brandes","tag-oliver-forster","tag-oskar-heirler","tag-paul-haeuser","tag-philip-konrad","tag-sascha-bandermann","tag-sky","tag-sportdigital-fussball","tag-stefan-galler","tag-sven-schroeter","tag-thomas-wagner","tag-timo-schmidtchen","tag-tobi-fischbeck","tag-toni-tomic","tag-uli-hebel","tag-uwe-morawe","tag-wolff-fuss"],"_links":{"self":[{"href":"https:\/\/kommentatorenblog.de\/index.php?rest_route=\/wp\/v2\/posts\/14420","targetHints":{"allow":["GET"]}}],"collection":[{"href":"https:\/\/kommentatorenblog.de\/index.php?rest_route=\/wp\/v2\/posts"}],"about":[{"href":"https:\/\/kommentatorenblog.de\/index.php?rest_route=\/wp\/v2\/types\/post"}],"author":[{"embeddable":true,"href":"https:\/\/kommentatorenblog.de\/index.php?rest_route=\/wp\/v2\/users\/9"}],"replies":[{"embeddable":true,"href":"https:\/\/kommentatorenblog.de\/index.php?rest_route=%2Fwp%2Fv2%2Fcomments&post=14420"}],"version-history":[{"count":19,"href":"https:\/\/kommentatorenblog.de\/index.php?rest_route=\/wp\/v2\/posts\/14420\/revisions"}],"predecessor-version":[{"id":14457,"href":"https:\/\/kommentatorenblog.de\/index.php?rest_route=\/wp\/v2\/posts\/14420\/revisions\/14457"}],"wp:attachment":[{"href":"https:\/\/kommentatorenblog.de\/index.php?rest_route=%2Fwp%2Fv2%2Fmedia&parent=14420"}],"wp:term":[{"taxonomy":"category","embeddable":true,"href":"https:\/\/kommentatorenblog.de\/index.php?rest_route=%2Fwp%2Fv2%2Fcategories&post=14420"},{"taxonomy":"post_tag","embeddable":true,"href":"https:\/\/kommentatorenblog.de\/index.php?rest_route=%2Fwp%2Fv2%2Ftags&post=14420"}],"curies":[{"name":"wp","href":"https:\/\/api.w.org\/{rel}","templated":true}]}}