{"id":14465,"date":"2023-01-23T21:35:20","date_gmt":"2023-01-23T19:35:20","guid":{"rendered":"http:\/\/kommentatorenblog.de\/?p=14465"},"modified":"2023-01-25T18:29:12","modified_gmt":"2023-01-25T16:29:12","slug":"1312-41-tore-und-next-generation","status":"publish","type":"post","link":"https:\/\/kommentatorenblog.de\/?p=14465","title":{"rendered":"1312 &#8211; 41 Tore und Next Generation"},"content":{"rendered":"\n<p>N&#8217;Abend allerseits,<\/p>\n\n\n\n<p>darf man am 23. Januar noch ein frohes neues Jahr w\u00fcnschen? Da eine solche Frage hier recht rhetorischer Natur ist, da technisch eher schwierig in Echtzeit eine Antwort kommt, w\u00fcnsche ich es auf jeden Fall mal noch. Die Bundesliga hat sich am Wochenende zur\u00fcckgemeldet und womit? Mit Toren, Toren und Toren. 41 Tore sind geteilter Bestwert seit der Saison 2001\/2002 und nat\u00fcrlich auch der torreichste Spieltag. Allein in K\u00f6ln, Dortmund und Wolfsburg fielen acht, sieben und sechs Tore. Mir hat es einfach einen gro\u00dfen Spa\u00df gemacht und ich bin umso froher, dass wir direkt eine englische Woche vor der Brust haben, von daher gehts direkt weiter. <\/p>\n\n\n\n<p>Doch bevor wir nach vorne schauen, m\u00f6chte ich noch auf eine spezielle \u00dcbertragung des vergangenen Wochenendes zur\u00fcckschauen. Sky Next Generation beim Topspiel zwischen K\u00f6ln und Bremen am vergangenen Samstag zur\u00fcckschauen. Es war ein auf allen Ebenen gro\u00dfes Vergn\u00fcgen. Ich bin ja selbst jemand, der sich gerne mal in Sport\u00fcbertragungen mit dem diametral abkippenden Sechser besch\u00e4ftigt &#8211; nicht umsonst bin ich ein Verfechter des Scouting-Feeds, aber diese Art der \u00dcbertragung am Samstag hat einfach Spa\u00df gemacht. Lukas, Julian und Sophie als Kids am Mikro und dazu Frank &#8222;Buschi&#8220; Buschmann mit dem ber\u00fchmt ber\u00fcchtigten &#8222;edukativen Ansatz&#8220; waren einfach erfrischend ehrlich und es hat einfach Bock gemacht, diese \u00dcbertragung zu wiederholen. Ich freue mich definitiv darauf, wenn das Format noch ein-zwei Mal in der R\u00fcckrunde wiederholt wird, denn auch so wird das oft recht ungreifbare System Profifussball auch mal etwas nahbarer. Und das sage ich, obwohl ich den Sport und diese Liga Liebe und Woche f\u00fcr Woche genie\u00dfe!<\/p>\n\n\n\n<p>So, jetzt war ich erstmal genug pathetisch und gef\u00fchlsduselig. Ab geht&#8217;s in die Ansetzungen der englischen Woche Nummer zwei. <\/p>\n\n\n\n<hr class=\"wp-block-separator\"\/>\n\n\n\n<p><strong>Die Ansetzungen vom 24. Januar 2023 bis zum 26. Januar 2023<\/strong><\/p>\n\n\n\n<hr class=\"wp-block-separator is-style-default\"\/>\n\n\n\n<p><strong>Bundesliga, 17. Spieltag (Sky)<\/strong><\/p>\n\n\n\n<p><u>Dienstag, 24. Januar 2023, ab 17.30 Uhr (Sky)<\/u><\/p>\n\n\n\n<p><em><strong style=\"font-style: italic;\">FC Schalke 04 <strong><span><b style=\"font-style: italic;\">\u2013<\/b><\/span><\/strong><\/strong> <strong>RB Leipzig (18.30 Uhr)<\/strong> <\/em><\/p>\n\n\n\n<p><img loading=\"lazy\" decoding=\"async\" width=\"10\" height=\"21\" class=\"wp-image-3656\" style=\"width: 10px;\" src=\"http:\/\/kommentatorenblog.de\/wp-content\/uploads\/2020\/09\/shure-55sh-ii-e1601485394796.jpg\" alt=\"\" srcset=\"https:\/\/kommentatorenblog.de\/wp-content\/uploads\/2020\/09\/shure-55sh-ii-e1601485394796.jpg 415w, https:\/\/kommentatorenblog.de\/wp-content\/uploads\/2020\/09\/shure-55sh-ii-e1601485394796-142x300.jpg 142w\" sizes=\"auto, (max-width: 10px) 100vw, 10px\" \/> Martin Gro\u00df<\/p>\n\n\n\n<p>Field-Reporter: Dirk gro\u00dfe Schlarmann<\/p>\n\n\n\n<p><u>ab 20.15 Uhr (Sky\/Sat1)<\/u><\/p>\n\n\n\n<p><strong style=\"font-style: italic;\">FC Bayern M\u00fcnchen <strong><em><span><b style=\"font-style: italic;\">\u2013<\/b><\/span><\/em><\/strong><\/strong> <em><strong><strong style=\"font-style: italic;\">1.FC K\u00f6ln<\/strong> (20.30 Uhr)<\/strong><\/em> <\/p>\n\n\n\n<p><img loading=\"lazy\" decoding=\"async\" width=\"10\" height=\"21\" class=\"wp-image-3656\" style=\"width: 10px;\" src=\"http:\/\/kommentatorenblog.de\/wp-content\/uploads\/2020\/09\/shure-55sh-ii-e1601485394796.jpg\" alt=\"\" srcset=\"https:\/\/kommentatorenblog.de\/wp-content\/uploads\/2020\/09\/shure-55sh-ii-e1601485394796.jpg 415w, https:\/\/kommentatorenblog.de\/wp-content\/uploads\/2020\/09\/shure-55sh-ii-e1601485394796-142x300.jpg 142w\" sizes=\"auto, (max-width: 10px) 100vw, 10px\" \/> Sky: Kai Dittmann (Einzelspiel), Frank Buschmann (Konferenz)<\/p>\n\n\n\n<p><img loading=\"lazy\" decoding=\"async\" width=\"10\" height=\"21\" class=\"wp-image-3656\" style=\"width: 10px;\" src=\"http:\/\/kommentatorenblog.de\/wp-content\/uploads\/2020\/09\/shure-55sh-ii-e1601485394796.jpg\" alt=\"\" srcset=\"https:\/\/kommentatorenblog.de\/wp-content\/uploads\/2020\/09\/shure-55sh-ii-e1601485394796.jpg 415w, https:\/\/kommentatorenblog.de\/wp-content\/uploads\/2020\/09\/shure-55sh-ii-e1601485394796-142x300.jpg 142w\" sizes=\"auto, (max-width: 10px) 100vw, 10px\" \/> Sat1: Wolff Fuss<\/p>\n\n\n\n<p>Field-Reporter (Sky): Michael Leopold<\/p>\n\n\n\n<p>Moderation (Sat1): Matthias Opdenh\u00f6vel, Experte: Stefan Kuntz, Field-Reporter: Matthias Killing<\/p>\n\n\n\n<p><u>ab 20.15 Uhr (Sky)<\/u><\/p>\n\n\n\n<p><strong style=\"font-style: italic;\">TSG 1899 Hoffenheim <strong><em><span><b style=\"font-style: italic;\">\u2013<\/b><\/span><\/em><\/strong><\/strong> <em><strong>VfB Stuttgart (20.30 Uhr)<\/strong><\/em> <\/p>\n\n\n\n<p><img loading=\"lazy\" decoding=\"async\" width=\"10\" height=\"21\" class=\"wp-image-3656\" style=\"width: 10px;\" src=\"http:\/\/kommentatorenblog.de\/wp-content\/uploads\/2020\/09\/shure-55sh-ii-e1601485394796.jpg\" alt=\"\" srcset=\"https:\/\/kommentatorenblog.de\/wp-content\/uploads\/2020\/09\/shure-55sh-ii-e1601485394796.jpg 415w, https:\/\/kommentatorenblog.de\/wp-content\/uploads\/2020\/09\/shure-55sh-ii-e1601485394796-142x300.jpg 142w\" sizes=\"auto, (max-width: 10px) 100vw, 10px\" \/> Klaus Veltman (Einzelspiel), Florian Schmidt-Sommerfeld (Konferenz)<\/p>\n\n\n\n<p>Field-Reporter: Ulli Potofski<\/p>\n\n\n\n<p><strong style=\"font-style: italic;\">Hertha BSC <strong><em><span><b style=\"font-style: italic;\">\u2013<\/b><\/span><\/em><\/strong><\/strong> <em><strong>VfL Wolfsburg (20.30 Uhr)<\/strong><\/em> <\/p>\n\n\n\n<p><img loading=\"lazy\" decoding=\"async\" width=\"10\" height=\"21\" class=\"wp-image-3656\" style=\"width: 10px;\" src=\"http:\/\/kommentatorenblog.de\/wp-content\/uploads\/2020\/09\/shure-55sh-ii-e1601485394796.jpg\" alt=\"\" srcset=\"https:\/\/kommentatorenblog.de\/wp-content\/uploads\/2020\/09\/shure-55sh-ii-e1601485394796.jpg 415w, https:\/\/kommentatorenblog.de\/wp-content\/uploads\/2020\/09\/shure-55sh-ii-e1601485394796-142x300.jpg 142w\" sizes=\"auto, (max-width: 10px) 100vw, 10px\" \/> Toni Tomic (Einzelspiel), <s>Torsten Kunde<\/s> Markus G\u00f6tz (Konferenz)<\/p>\n\n\n\n<p>Field-Reporter: Jens Westen<\/p>\n\n\n\n<p>Moderation: Britta Hofmann, Experten: Didi Hamann und Erik Meijer<\/p>\n\n\n\n<p><u>Mittwoch, 25. Januar 2023, ab 17.30 Uhr (Sky)<\/u><\/p>\n\n\n\n<p><strong style=\"font-style: italic;\">1.FSV Mainz 05 <strong><em><span><b style=\"font-style: italic;\">\u2013<\/b><\/span><\/em><\/strong><\/strong> <em><strong>Borussia Dortmund (18.30 Uhr)<\/strong><\/em> <\/p>\n\n\n\n<p><img loading=\"lazy\" decoding=\"async\" width=\"10\" height=\"21\" class=\"wp-image-3656\" style=\"width: 10px;\" src=\"http:\/\/kommentatorenblog.de\/wp-content\/uploads\/2020\/09\/shure-55sh-ii-e1601485394796.jpg\" alt=\"\" srcset=\"https:\/\/kommentatorenblog.de\/wp-content\/uploads\/2020\/09\/shure-55sh-ii-e1601485394796.jpg 415w, https:\/\/kommentatorenblog.de\/wp-content\/uploads\/2020\/09\/shure-55sh-ii-e1601485394796-142x300.jpg 142w\" sizes=\"auto, (max-width: 10px) 100vw, 10px\" \/> <s>Torsten Kunde<\/s> Klaus Veltman<\/p>\n\n\n\n<p>Field-Reporter: Patrick Wasserziehr<\/p>\n\n\n\n<p><u>ab 20.15 Uhr (Sky)<\/u><\/p>\n\n\n\n<p><b style=\"font-style: italic;\">SV Werder Bremen <\/b><span style=\"\"><b style=\"font-style: italic; font-weight: bold;\">\u2013<\/b><\/span><em><strong> 1.FC Union Berlin<\/strong><\/em><em><strong> (20.30 Uhr)<\/strong><\/em> <\/p>\n\n\n\n<p><img loading=\"lazy\" decoding=\"async\" width=\"10\" height=\"21\" class=\"wp-image-3656\" style=\"width: 10px;\" src=\"http:\/\/kommentatorenblog.de\/wp-content\/uploads\/2020\/09\/shure-55sh-ii-e1601485394796.jpg\" alt=\"\" srcset=\"https:\/\/kommentatorenblog.de\/wp-content\/uploads\/2020\/09\/shure-55sh-ii-e1601485394796.jpg 415w, https:\/\/kommentatorenblog.de\/wp-content\/uploads\/2020\/09\/shure-55sh-ii-e1601485394796-142x300.jpg 142w\" sizes=\"auto, (max-width: 10px) 100vw, 10px\" \/> Hansi K\u00fcpper (Einzelspiel), Frank Buschmann (Konferenz)<\/p>\n\n\n\n<p>Field-Reporter: Jens Westen<\/p>\n\n\n\n<p><strong style=\"font-style: italic;\">Eintracht Frankfurt <strong><em><span><b style=\"font-style: italic;\">\u2013<\/b><\/span><\/em><\/strong><\/strong> <em><strong>SC Freiburg (20.30 Uhr)<\/strong><\/em> <\/p>\n\n\n\n<p><img loading=\"lazy\" decoding=\"async\" width=\"10\" height=\"21\" class=\"wp-image-3656\" style=\"width: 10px;\" src=\"http:\/\/kommentatorenblog.de\/wp-content\/uploads\/2020\/09\/shure-55sh-ii-e1601485394796.jpg\" alt=\"\" srcset=\"https:\/\/kommentatorenblog.de\/wp-content\/uploads\/2020\/09\/shure-55sh-ii-e1601485394796.jpg 415w, https:\/\/kommentatorenblog.de\/wp-content\/uploads\/2020\/09\/shure-55sh-ii-e1601485394796-142x300.jpg 142w\" sizes=\"auto, (max-width: 10px) 100vw, 10px\" \/> Hannes Herrmann (Einzelspiel), Wolff Fuss (Konferenz)<\/p>\n\n\n\n<p>Field-Reporterin: Katharina Kleinfeldt<\/p>\n\n\n\n<p><strong style=\"font-style: italic;\">FC Augsburg <strong><em><span><b style=\"font-style: italic;\">\u2013<\/b><\/span><\/em><\/strong><\/strong> <em><strong>Borussia M\u00f6nchengladbach (20.30 Uhr)<\/strong><\/em> <\/p>\n\n\n\n<p><img loading=\"lazy\" decoding=\"async\" width=\"10\" height=\"21\" class=\"wp-image-3656\" style=\"width: 10px;\" src=\"http:\/\/kommentatorenblog.de\/wp-content\/uploads\/2020\/09\/shure-55sh-ii-e1601485394796.jpg\" alt=\"\" srcset=\"https:\/\/kommentatorenblog.de\/wp-content\/uploads\/2020\/09\/shure-55sh-ii-e1601485394796.jpg 415w, https:\/\/kommentatorenblog.de\/wp-content\/uploads\/2020\/09\/shure-55sh-ii-e1601485394796-142x300.jpg 142w\" sizes=\"auto, (max-width: 10px) 100vw, 10px\" \/> Jonas Friedrich (Einzelspiel), Marcel Meinert (Konferenz)<\/p>\n\n\n\n<p>Field-Reporterin: Nele Schenker<\/p>\n\n\n\n<p><strong style=\"font-style: italic;\">Bayer 04 Leverkusen <strong><em><span><b style=\"font-style: italic;\">\u2013<\/b><\/span><\/em><\/strong><\/strong> <em><strong>VfL Bochum (20.30 Uhr)<\/strong><\/em> <\/p>\n\n\n\n<p><img loading=\"lazy\" decoding=\"async\" width=\"10\" height=\"21\" class=\"wp-image-3656\" style=\"width: 10px;\" src=\"http:\/\/kommentatorenblog.de\/wp-content\/uploads\/2020\/09\/shure-55sh-ii-e1601485394796.jpg\" alt=\"\" srcset=\"https:\/\/kommentatorenblog.de\/wp-content\/uploads\/2020\/09\/shure-55sh-ii-e1601485394796.jpg 415w, https:\/\/kommentatorenblog.de\/wp-content\/uploads\/2020\/09\/shure-55sh-ii-e1601485394796-142x300.jpg 142w\" sizes=\"auto, (max-width: 10px) 100vw, 10px\" \/> Marcus Lindemann (Einzelspiel), Markus G\u00f6tz (Konferenz)<\/p>\n\n\n\n<p>Field-Reporter: Martin Gro\u00df<\/p>\n\n\n\n<p>Moderation: Michael Leopold, Experten: Lothar Matth\u00e4us und Erik Meijer<\/p>\n\n\n\n<hr class=\"wp-block-separator is-style-default\"\/>\n\n\n\n<p><strong>Internationaler Fussball<\/strong><\/p>\n\n\n\n<hr class=\"wp-block-separator\"\/>\n\n\n\n<p><strong>Carabao Cup, Halbfinal-Hinspiele (DAZN)<\/strong><\/p>\n\n\n\n<p><u>Dienstag, 24. Januar 2023<\/u><\/p>\n\n\n\n<p><em><strong style=\"font-style: italic;\">FC Southampton <strong><span><b style=\"font-style: italic;\">\u2013<\/b><\/span><\/strong><\/strong> <strong>Newcastle United (21.00 Uhr)<\/strong> <\/em><\/p>\n\n\n\n<p><img loading=\"lazy\" decoding=\"async\" width=\"10\" height=\"21\" class=\"wp-image-3656\" style=\"width: 10px;\" src=\"http:\/\/kommentatorenblog.de\/wp-content\/uploads\/2020\/09\/shure-55sh-ii-e1601485394796.jpg\" alt=\"\" srcset=\"https:\/\/kommentatorenblog.de\/wp-content\/uploads\/2020\/09\/shure-55sh-ii-e1601485394796.jpg 415w, https:\/\/kommentatorenblog.de\/wp-content\/uploads\/2020\/09\/shure-55sh-ii-e1601485394796-142x300.jpg 142w\" sizes=\"auto, (max-width: 10px) 100vw, 10px\" \/> Uli Hebel<\/p>\n\n\n\n<p><u>Mittwoch, 25. Januar 2023<\/u><\/p>\n\n\n\n<p><strong style=\"font-style: italic;\">Nottingham Forest <strong><em><span><b style=\"font-style: italic;\">\u2013<\/b><\/span><\/em><\/strong><\/strong> <em><strong>Manchester United (21.00 Uhr)<\/strong><\/em> <\/p>\n\n\n\n<p><img loading=\"lazy\" decoding=\"async\" width=\"10\" height=\"21\" class=\"wp-image-3656\" style=\"width: 10px;\" src=\"http:\/\/kommentatorenblog.de\/wp-content\/uploads\/2020\/09\/shure-55sh-ii-e1601485394796.jpg\" alt=\"\" srcset=\"https:\/\/kommentatorenblog.de\/wp-content\/uploads\/2020\/09\/shure-55sh-ii-e1601485394796.jpg 415w, https:\/\/kommentatorenblog.de\/wp-content\/uploads\/2020\/09\/shure-55sh-ii-e1601485394796-142x300.jpg 142w\" sizes=\"auto, (max-width: 10px) 100vw, 10px\" \/> Marco Hagemann, Experte: Sebastian Knei\u00dfl <\/p>\n\n\n\n<hr class=\"wp-block-separator\"\/>\n\n\n\n<p><strong>Copa del Rey, Viertelfinale (Sportdigital FUSSBALL)<\/strong><\/p>\n\n\n\n<p><u>Mittwoch, 25. Januar 2023<\/u><\/p>\n\n\n\n<p><em><strong style=\"font-style: italic;\">FC Barcelona <strong><span><b style=\"font-style: italic;\">\u2013<\/b><\/span><\/strong><\/strong> <strong>Real Sociedad (21.00 Uhr)<\/strong> <\/em><\/p>\n\n\n\n<p><img loading=\"lazy\" decoding=\"async\" width=\"10\" height=\"21\" class=\"wp-image-3656\" style=\"width: 10px;\" src=\"http:\/\/kommentatorenblog.de\/wp-content\/uploads\/2020\/09\/shure-55sh-ii-e1601485394796.jpg\" alt=\"\" srcset=\"https:\/\/kommentatorenblog.de\/wp-content\/uploads\/2020\/09\/shure-55sh-ii-e1601485394796.jpg 415w, https:\/\/kommentatorenblog.de\/wp-content\/uploads\/2020\/09\/shure-55sh-ii-e1601485394796-142x300.jpg 142w\" sizes=\"auto, (max-width: 10px) 100vw, 10px\" \/> Christian Blunck<\/p>\n\n\n\n<p><em><strong style=\"font-style: italic;\">CA Osasuna <strong><span><b style=\"font-style: italic;\">\u2013<\/b><\/span><\/strong><\/strong> <strong>FC Sevilla (21.45 Uhr)<\/strong> <\/em><\/p>\n\n\n\n<p><img loading=\"lazy\" decoding=\"async\" width=\"10\" height=\"21\" class=\"wp-image-3656\" style=\"width: 10px;\" src=\"http:\/\/kommentatorenblog.de\/wp-content\/uploads\/2020\/09\/shure-55sh-ii-e1601485394796.jpg\" alt=\"\" srcset=\"https:\/\/kommentatorenblog.de\/wp-content\/uploads\/2020\/09\/shure-55sh-ii-e1601485394796.jpg 415w, https:\/\/kommentatorenblog.de\/wp-content\/uploads\/2020\/09\/shure-55sh-ii-e1601485394796-142x300.jpg 142w\" sizes=\"auto, (max-width: 10px) 100vw, 10px\" \/> Jonathan Dreier<\/p>\n\n\n\n<p><u><span style=\"text-decoration: underline;\">Donnerstag, 26. Januar 2023<\/span><\/u><\/p>\n\n\n\n<p><em><strong style=\"font-style: italic;\">FC Valencia <strong><span><b style=\"font-style: italic;\">\u2013<\/b><\/span><\/strong><\/strong> <strong>Athletic Bilbao (20.00 Uhr)<\/strong> <\/em><\/p>\n\n\n\n<p><img loading=\"lazy\" decoding=\"async\" width=\"10\" height=\"21\" class=\"wp-image-3656\" style=\"width: 10px;\" src=\"http:\/\/kommentatorenblog.de\/wp-content\/uploads\/2020\/09\/shure-55sh-ii-e1601485394796.jpg\" alt=\"\" srcset=\"https:\/\/kommentatorenblog.de\/wp-content\/uploads\/2020\/09\/shure-55sh-ii-e1601485394796.jpg 415w, https:\/\/kommentatorenblog.de\/wp-content\/uploads\/2020\/09\/shure-55sh-ii-e1601485394796-142x300.jpg 142w\" sizes=\"auto, (max-width: 10px) 100vw, 10px\" \/> Marvin Kirsch<\/p>\n\n\n\n<p><em><strong style=\"font-style: italic;\">Real Madrid <strong><span><b style=\"font-style: italic;\">\u2013<\/b><\/span><\/strong><\/strong> <strong>Atletico Madrid (20.45 Uhr)<\/strong> <\/em><\/p>\n\n\n\n<p><img loading=\"lazy\" decoding=\"async\" width=\"10\" height=\"21\" class=\"wp-image-3656\" style=\"width: 10px;\" src=\"http:\/\/kommentatorenblog.de\/wp-content\/uploads\/2020\/09\/shure-55sh-ii-e1601485394796.jpg\" alt=\"\" srcset=\"https:\/\/kommentatorenblog.de\/wp-content\/uploads\/2020\/09\/shure-55sh-ii-e1601485394796.jpg 415w, https:\/\/kommentatorenblog.de\/wp-content\/uploads\/2020\/09\/shure-55sh-ii-e1601485394796-142x300.jpg 142w\" sizes=\"auto, (max-width: 10px) 100vw, 10px\" \/> Karsten Linke<\/p>\n\n\n\n<hr class=\"wp-block-separator\"\/>\n\n\n\n<p><strong>Serie A, 19.Spieltag (DAZN)<\/strong><\/p>\n\n\n\n<p><u>Dienstag, 24. Januar 2023<\/u><\/p>\n\n\n\n<p><em><strong style=\"font-style: italic;\">Lazio Rom <strong><span><b style=\"font-style: italic;\">\u2013<\/b><\/span><\/strong><\/strong> <strong>AC Mailand (20.45 Uhr)<\/strong> <\/em><\/p>\n\n\n\n<p><img loading=\"lazy\" decoding=\"async\" width=\"10\" height=\"21\" class=\"wp-image-3656\" style=\"width: 10px;\" src=\"http:\/\/kommentatorenblog.de\/wp-content\/uploads\/2020\/09\/shure-55sh-ii-e1601485394796.jpg\" alt=\"\" srcset=\"https:\/\/kommentatorenblog.de\/wp-content\/uploads\/2020\/09\/shure-55sh-ii-e1601485394796.jpg 415w, https:\/\/kommentatorenblog.de\/wp-content\/uploads\/2020\/09\/shure-55sh-ii-e1601485394796-142x300.jpg 142w\" sizes=\"auto, (max-width: 10px) 100vw, 10px\" \/> Nico Seepe, Experte: Christian Bernhard<\/p>\n\n\n\n<hr class=\"wp-block-separator\"\/>\n\n\n\n<p><strong>Eredivisie, 18.Spieltag (Sportdigital FUSSBALL)<\/strong><\/p>\n\n\n\n<p><u>Dienstag, 24. Januar 2023<\/u><\/p>\n\n\n\n<p><em><span style=\"font-style: italic;\"><b>FC Emmen <\/b><b style=\"font-weight: bold; font-style: italic;\">\u2013<\/b><\/span> <strong>PSV Eindhoven (18.30 Uhr)<\/strong> <\/em><\/p>\n\n\n\n<p><img loading=\"lazy\" decoding=\"async\" width=\"10\" height=\"21\" class=\"wp-image-3656\" style=\"width: 10px;\" src=\"http:\/\/kommentatorenblog.de\/wp-content\/uploads\/2020\/09\/shure-55sh-ii-e1601485394796.jpg\" alt=\"\" srcset=\"https:\/\/kommentatorenblog.de\/wp-content\/uploads\/2020\/09\/shure-55sh-ii-e1601485394796.jpg 415w, https:\/\/kommentatorenblog.de\/wp-content\/uploads\/2020\/09\/shure-55sh-ii-e1601485394796-142x300.jpg 142w\" sizes=\"auto, (max-width: 10px) 100vw, 10px\" \/> Karsten Linke<\/p>\n\n\n\n<p><u>Mittwoch, 25. Januar 2023<\/u><\/p>\n\n\n\n<p><strong style=\"font-style: italic;\">Go Ahead Eagles <strong><em><span><b style=\"font-style: italic;\">\u2013<\/b><\/span><\/em><\/strong><\/strong> <em><strong>AZ Alkmaar (18.30 Uhr)<\/strong><\/em> <\/p>\n\n\n\n<p><img loading=\"lazy\" decoding=\"async\" width=\"10\" height=\"21\" class=\"wp-image-3656\" style=\"width: 10px;\" src=\"http:\/\/kommentatorenblog.de\/wp-content\/uploads\/2020\/09\/shure-55sh-ii-e1601485394796.jpg\" alt=\"\" srcset=\"https:\/\/kommentatorenblog.de\/wp-content\/uploads\/2020\/09\/shure-55sh-ii-e1601485394796.jpg 415w, https:\/\/kommentatorenblog.de\/wp-content\/uploads\/2020\/09\/shure-55sh-ii-e1601485394796-142x300.jpg 142w\" sizes=\"auto, (max-width: 10px) 100vw, 10px\" \/> Marcus Radefeld<\/p>\n\n\n\n<hr class=\"wp-block-separator\"\/>\n\n\n\n<p><strong>Die Analyse<\/strong><\/p>\n\n\n\n<p><strong>Gro\u00df auf Schalke<\/strong><\/p>\n\n\n\n<p>Die englische Woche startet in Gelsenkirchen. Der FC Schalke empf\u00e4ngt in der Veltins-Arena RB Leipzig. Eine Partie, bei der sicherlich der Name Rouven Schr\u00f6der eine Rolle spielen wird. Ab 17.30Uhr melden sich Britta Hofmann, Didi Hamann und Erik Meijer wie bereits am Samstag aus Unterf\u00f6hring und stimmen auf die Partie ein, w\u00e4hrend Dirk gro\u00dfe Schlarmann vor Ort auf Stimmenfang gehen wird. Als Kommentator kommt Martin Gro\u00df zum Einsatz. Die Schalker \u00fcbernahm er bereits am Wochenende in der Konferenz. <\/p>\n\n\n\n<p><strong>Fuss und Dittmann in der Allianz-Arena<\/strong><\/p>\n\n\n\n<p>Um 20.30Uhr finden dann drei weitere Partien statt. Sky \u00fcbertragt alle Spiele Einzeln und in der Konferenz. Das Spiel der Bayern \u00fcbertr\u00e4gt wie bereits in der ersten englischen Woche Sat1 Co-Exklusiv. <\/p>\n\n\n\n<p>Das Team beim Heimspiel des Rekordmeisters gegen K\u00f6ln wird dabei im Vergleich zu Freitag nur an einer Stelle ver\u00e4ndert. Matthias \u201cThe Killing Machine\u201c Killing \u00fcbernimmt f\u00fcr Andrea Kaiser den Job als Field-Reporter. Bei Sky meldet sich Kai Dittmann als Kommentator und Michael Leopold als Field-Reporter aus der Allianz-Arena. <\/p>\n\n\n\n<p>Parallel gibt es auch das Duell der Hoffenheimer gegen den VfB Stuttgart und die Hertha gegen Wolfsburg, zumindest zwei Spiele, die von der Distanz verh\u00e4ltnism\u00e4\u00dfig angenehm f\u00fcr G\u00e4stefans sind. F\u00fcr die Leute, die es nicht ins Stadion schaffen, stehen Klaus Veltman bzw. Toni Tomic als Kommentatoren bereit.<\/p>\n\n\n\n<p>In der Dreierkonferenz \u00fcbernimmt Buschi die Bayern gegen K\u00f6ln. Ebenso ist nat\u00fcrlich Schmiso dabei, der das Duell der zwei Teams aus Baden W\u00fcrttemberg kommentiert. Komplettiert wird die Runde von <s>Torsten Kunde &#8211; mit zwei Teams aus dem Norden f\u00fchlt sich dieser nat\u00fcrlich wohl. <\/s> Markus G\u00f6tz. <\/p>\n\n\n\n<p><strong>Ungewohntes Terrain f\u00fcr Torsten Kunde<\/strong><\/p>\n\n\n\n<p>Der Mittwoch l\u00e4uft dann exklusiv auf Sky. Ab 17.30Uhr melden sich hier Michael Leopold Lothar Matth\u00e4us und Erik Meijer aus M\u00fcnchen und f\u00fchren gemeinsam durch den Abend. Er\u00f6ffnet wird dieser mit dem fr\u00fchen Spiel zwischen Mainz 05 und dem BVB. <s>Der Kommentator hier verwundert dann doch. Torsten Kunde traut sich aus dem Norden heraus und begibt sich das ungewohnte Rhein-Terrain.<\/s> Klaus Veltman springt als Kommentator kurzfristig f\u00fcr Torsten Kunde ein. Als Field-Reporter ist Patrick Wasserziehr mit in der Opel Arena.<\/p>\n\n\n\n<p><strong>Fuss und Buschmann in der Konferenz<\/strong><\/p>\n\n\n\n<p>Um 20.30Uhr finden dann vier weitere Spiele statt. Hannes Herrmann freut sich hier auf sein zweites Bundesligaspiel als Kommentator. Wie bereits beim ersten Mal \u00fcbernimmt er die Eintracht aus Frankfurt &#8211; beim ersten Mal in Augsburg, diesmal geht&#8217;s f\u00fcr ihn ins Breisgau. Augsburg ist das Stichwort, die Fuggerst\u00e4dter empfangen neben Borussia M\u00f6nchengladbach Nele Schenker und Jonas Friedrich. Das Duo Marcus Lindemann und Martin Gro\u00df war bis Sommer 2021 eines, das wir jeden Sonntag gesehen haben. Inzwischen hat dieses Duo leider einen gro\u00dfen Seltenheitswert, aber im Zuge der englischen Woche melden sich beide aus Leverkusen. Zu guter Letzt noch der Blick nach Bremen, wo Werder nach der 7-1 Demontage in K\u00f6ln Wunden lecken will. Ob dies gegen die Eisernen gelingt, verfolgt Hansi K\u00fcpper.<\/p>\n\n\n\n<p>In der Konferenz freuen wir uns auf den ersten Bundesligakonferenz-Einsatz von Wolff Fuss in dieser Saison. Das letzte Mal hatten wir dieses Vergn\u00fcgen &#8211; falls ich nichts \u00fcbersehe &#8211; am 15. Dezember 2021. Er k\u00fcmmert sich um Freiburg gegen Frankfurt. Mit dabei ist nat\u00fcrlich sein Co-Moderator bei der Glanzparade, Buschi schaut in Richtung Weser. Es komplettieren Marcel Meinert und Markus G\u00f6tz. <\/p>\n\n\n\n<p><strong>Was sonst in Europa los ist<\/strong><\/p>\n\n\n\n<p>In England stehen die Hinspiele des Carabao Cups an. Am Dienstag macht das Spiel des FC Southampton gegen Newcastle United den Auftakt. In der Liga l\u00e4uft es f\u00fcr die Gastgeber ja schlecht, im Carabao-Cup allerdings schmissen sie ja in der letzten Runde Manchester City raus. Ob sie ihr Liga oder Pokal Gesicht zeigen, schaut sich Uli Hebel an.<\/p>\n\n\n\n<p>Am Folgetag reist Manchester United dann nach Nottingham. Die Red Devils sind im Wettbewerb als einzig verbliebender Big6-Club sicherlich als Favorit zu titulieren. Ob sie diese Rolle best\u00e4tigen k\u00f6nnen, verfolgen Marco Hagemann und <s>Ralph Gunesch. Ein Duo, auf das ich mich sehr freue!<\/s> Sebastian Knei\u00dfl.<\/p>\n\n\n\n<p>Ebenso ist Spanien Pokalzeit, die Viertelfinals des Copa del Rey bei Sportdigital FUSSBALL stehen an. Karsten Linke k\u00fcmmert sich hierbei um das Derbi madrile\u00f1o. Ansonsten haben wir eine wirklich sehr ruhige Woche. In der Serie A gibt&#8217;s noch ein Spielchen mit Nico Seepe und Christian Bernhard und bei Sportdigital gibts zwei Spiele aus der Eredivisie im Programm.<\/p>\n\n\n\n<p>Bis dahin, habt eine sch\u00f6ne Woche! <\/p>\n\n\n\n<p><\/p>\n\n\n\n<p><\/p>\n\n\n\n<p><\/p>\n","protected":false},"excerpt":{"rendered":"<p>N&#8217;Abend allerseits, darf man am 23. Januar noch ein frohes neues Jahr w\u00fcnschen? Da eine solche Frage hier recht rhetorischer Natur ist, da technisch eher schwierig in Echtzeit eine Antwort kommt, w\u00fcnsche ich es auf jeden Fall mal noch. Die Bundesliga hat sich am Wochenende zur\u00fcckgemeldet und womit? Mit Toren, Toren und Toren. 41 Tore [&hellip;]<\/p>\n","protected":false},"author":5,"featured_media":0,"comment_status":"open","ping_status":"open","sticky":false,"template":"","format":"standard","meta":{"footnotes":""},"categories":[424],"tags":[73,164,57,13,30,392,82,89,61,104,25,213,69,507,93,59,585,676,31,70,43,112,503,126,95,581,571,101,88,369,191,94,108,22,134,549,24,87,105,289,107],"class_list":["post-14465","post","type-post","status-publish","format-standard","hentry","category-bundesliga-und-co","tag-britta-hofmann","tag-christian-bernhard","tag-christian-blunck","tag-dazn","tag-didi-hamann","tag-dirk-grosse-schlarmann","tag-erik-meijer","tag-florian-schmidt-sommerfeld","tag-frank-buschmann","tag-hannes-herrmann","tag-hansi-kuepper","tag-jens-westen","tag-jonas-friedrich","tag-jonathan-dreier","tag-kai-dittmann","tag-karsten-linke","tag-katharina-kleinfeldt","tag-klaus-veltman","tag-lothar-matthaeus","tag-marcel-meinert","tag-marco-hagemann","tag-marcus-lindemann","tag-marcus-radefeld","tag-markus-goetz","tag-martin-gross","tag-marvin-kirsch","tag-matthias-killling","tag-matthias-opdenhoevel","tag-michael-leopold","tag-nele-schenker","tag-nico-seepe","tag-patrick-wasserziehr","tag-ralph-gunesch","tag-sky","tag-sportdigital-fussball","tag-stefan-kuntz","tag-toni-tomic","tag-torsten-kunde","tag-uli-hebel","tag-ulli-potofski","tag-wolff-fuss"],"_links":{"self":[{"href":"https:\/\/kommentatorenblog.de\/index.php?rest_route=\/wp\/v2\/posts\/14465","targetHints":{"allow":["GET"]}}],"collection":[{"href":"https:\/\/kommentatorenblog.de\/index.php?rest_route=\/wp\/v2\/posts"}],"about":[{"href":"https:\/\/kommentatorenblog.de\/index.php?rest_route=\/wp\/v2\/types\/post"}],"author":[{"embeddable":true,"href":"https:\/\/kommentatorenblog.de\/index.php?rest_route=\/wp\/v2\/users\/5"}],"replies":[{"embeddable":true,"href":"https:\/\/kommentatorenblog.de\/index.php?rest_route=%2Fwp%2Fv2%2Fcomments&post=14465"}],"version-history":[{"count":13,"href":"https:\/\/kommentatorenblog.de\/index.php?rest_route=\/wp\/v2\/posts\/14465\/revisions"}],"predecessor-version":[{"id":14508,"href":"https:\/\/kommentatorenblog.de\/index.php?rest_route=\/wp\/v2\/posts\/14465\/revisions\/14508"}],"wp:attachment":[{"href":"https:\/\/kommentatorenblog.de\/index.php?rest_route=%2Fwp%2Fv2%2Fmedia&parent=14465"}],"wp:term":[{"taxonomy":"category","embeddable":true,"href":"https:\/\/kommentatorenblog.de\/index.php?rest_route=%2Fwp%2Fv2%2Fcategories&post=14465"},{"taxonomy":"post_tag","embeddable":true,"href":"https:\/\/kommentatorenblog.de\/index.php?rest_route=%2Fwp%2Fv2%2Ftags&post=14465"}],"curies":[{"name":"wp","href":"https:\/\/api.w.org\/{rel}","templated":true}]}}