{"id":14769,"date":"2023-03-23T20:40:56","date_gmt":"2023-03-23T18:40:56","guid":{"rendered":"http:\/\/kommentatorenblog.de\/?p=14769"},"modified":"2023-06-26T13:30:44","modified_gmt":"2023-06-26T11:30:44","slug":"1328-ein-bisschen-ligafussball-und-laenderspiele","status":"publish","type":"post","link":"https:\/\/kommentatorenblog.de\/?p=14769","title":{"rendered":"1328 \u2013 Ein bisschen Ligafu\u00dfball und L\u00e4nderspiele"},"content":{"rendered":"\n<p><strong>N&#8217;Abend allerseits!<\/strong><\/p>\n\n\n\n<p><strong><em>UPDATE<\/em><\/strong><\/p>\n\n\n\n<p><strong><em>L\u00e4nderspiel<\/em><\/strong><em><strong>e (RTL)<\/strong><\/em><\/p>\n\n\n\n<p><span style=\"text-decoration: underline;\">Dienstag, 28. M\u00e4rz 2023 (RTL)<\/span><\/p>\n\n\n\n<p><em><strong>Deutschland \u2013 <\/strong><\/em><strong><em>Belgien<\/em> <\/strong>(20.45 Uhr)<\/p>\n\n\n\n<p><img loading=\"lazy\" decoding=\"async\" width=\"10\" height=\"21\" class=\"wp-image-3656\" style=\"width: 10px;\" src=\"http:\/\/kommentatorenblog.de\/wp-content\/uploads\/2020\/09\/shure-55sh-ii-e1601485394796.jpg\" alt=\"\" srcset=\"https:\/\/kommentatorenblog.de\/wp-content\/uploads\/2020\/09\/shure-55sh-ii-e1601485394796.jpg 415w, https:\/\/kommentatorenblog.de\/wp-content\/uploads\/2020\/09\/shure-55sh-ii-e1601485394796-142x300.jpg 142w\" sizes=\"auto, (max-width: 10px) 100vw, 10px\" \/> Marco Hagemann; Experte: Steffen Freund <\/p>\n\n\n\n<p>Moderation Florian K\u00f6nig, Experte: Lothar Matth\u00e4us<\/p>\n\n\n\n<p><strong><em>UEFA Womens Champions League (DAZN\/ DAZN YouTube- Kanal)<\/em><\/strong><\/p>\n\n\n\n<p><span style=\"text-decoration: underline;\">Mittwoch, 29. M\u00e4rz 2023 <\/span><\/p>\n\n\n\n<p><em><strong>FC Barcelona \u2013 AS Rom<\/strong><\/em> (18.45 Uhr)<\/p>\n\n\n\n<p><img loading=\"lazy\" decoding=\"async\" width=\"10\" height=\"21\" class=\"wp-image-3656\" style=\"width: 10px;\" src=\"http:\/\/kommentatorenblog.de\/wp-content\/uploads\/2020\/09\/shure-55sh-ii-e1601485394796.jpg\" alt=\"\" srcset=\"https:\/\/kommentatorenblog.de\/wp-content\/uploads\/2020\/09\/shure-55sh-ii-e1601485394796.jpg 415w, https:\/\/kommentatorenblog.de\/wp-content\/uploads\/2020\/09\/shure-55sh-ii-e1601485394796-142x300.jpg 142w\" sizes=\"auto, (max-width: 10px) 100vw, 10px\" \/>  Nico Seepe<\/p>\n\n\n\n<p><em><strong>FC Arsenal \u2013 FC Bayern <\/strong><\/em><strong><em>M\u00fcnchen<\/em> <\/strong>(21.00 Uhr)<\/p>\n\n\n\n<p><img loading=\"lazy\" decoding=\"async\" width=\"10\" height=\"21\" class=\"wp-image-3656\" style=\"width: 10px;\" src=\"http:\/\/kommentatorenblog.de\/wp-content\/uploads\/2020\/09\/shure-55sh-ii-e1601485394796.jpg\" alt=\"\" srcset=\"https:\/\/kommentatorenblog.de\/wp-content\/uploads\/2020\/09\/shure-55sh-ii-e1601485394796.jpg 415w, https:\/\/kommentatorenblog.de\/wp-content\/uploads\/2020\/09\/shure-55sh-ii-e1601485394796-142x300.jpg 142w\" sizes=\"auto, (max-width: 10px) 100vw, 10px\" \/> Christoph Fetzer Expertin: Almuth Schult<\/p>\n\n\n\n<p><span style=\"text-decoration: underline;\">Mittwoch, 29. M\u00e4rz 2023, ab 18.30 Uhr <\/span><\/p>\n\n\n\n<p><em><strong>Vfl Wolfsburg \u2013 Paris Saint- Germain<\/strong><\/em> (18.45 Uhr)<\/p>\n\n\n\n<p><img loading=\"lazy\" decoding=\"async\" width=\"10\" height=\"21\" class=\"wp-image-3656\" style=\"width: 10px;\" src=\"http:\/\/kommentatorenblog.de\/wp-content\/uploads\/2020\/09\/shure-55sh-ii-e1601485394796.jpg\" alt=\"\" srcset=\"https:\/\/kommentatorenblog.de\/wp-content\/uploads\/2020\/09\/shure-55sh-ii-e1601485394796.jpg 415w, https:\/\/kommentatorenblog.de\/wp-content\/uploads\/2020\/09\/shure-55sh-ii-e1601485394796-142x300.jpg 142w\" sizes=\"auto, (max-width: 10px) 100vw, 10px\" \/>  Jan Platte, Expertin: Almuth Schult<\/p>\n\n\n\n<p>Moderation: Tobi Wahnschaffe, Field- Reporterin: Ann- Sophie Kimmel<\/p>\n\n\n\n<p><em><strong>FC Chelsea \u2013 Olympique Lyon<\/strong><\/em><strong> <\/strong>(21.00 Uhr)<\/p>\n\n\n\n<p><img loading=\"lazy\" decoding=\"async\" width=\"10\" height=\"21\" class=\"wp-image-3656\" style=\"width: 10px;\" src=\"http:\/\/kommentatorenblog.de\/wp-content\/uploads\/2020\/09\/shure-55sh-ii-e1601485394796.jpg\" alt=\"\" srcset=\"https:\/\/kommentatorenblog.de\/wp-content\/uploads\/2020\/09\/shure-55sh-ii-e1601485394796.jpg 415w, https:\/\/kommentatorenblog.de\/wp-content\/uploads\/2020\/09\/shure-55sh-ii-e1601485394796-142x300.jpg 142w\" sizes=\"auto, (max-width: 10px) 100vw, 10px\" \/> Guido H\u00fcsgen<\/p>\n\n\n\n<p><strong><em>L\u00e4nderspiel<\/em><\/strong><em><strong>e (DAZN)<\/strong><\/em><\/p>\n\n\n\n<p><span style=\"text-decoration: underline;\">Dienstag, 28. M\u00e4rz 2023 <\/span><\/p>\n\n\n\n<p><em><strong>Schottland \u2013 <\/strong><\/em><strong><em>Spanien<\/em><\/strong><strong> <\/strong>(20.45 Uhr)<\/p>\n\n\n\n<p><img loading=\"lazy\" decoding=\"async\" width=\"10\" height=\"21\" class=\"wp-image-3656\" style=\"width: 10px;\" src=\"http:\/\/kommentatorenblog.de\/wp-content\/uploads\/2020\/09\/shure-55sh-ii-e1601485394796.jpg\" alt=\"\" srcset=\"https:\/\/kommentatorenblog.de\/wp-content\/uploads\/2020\/09\/shure-55sh-ii-e1601485394796.jpg 415w, https:\/\/kommentatorenblog.de\/wp-content\/uploads\/2020\/09\/shure-55sh-ii-e1601485394796-142x300.jpg 142w\" sizes=\"auto, (max-width: 10px) 100vw, 10px\" \/> Jan Platte<\/p>\n\n\n\n<p><em><strong>T\u00fcrkei \u2013 <\/strong><\/em><strong><em>Kroatien<\/em><\/strong><strong> <\/strong>(20.45 Uhr)<\/p>\n\n\n\n<p><img loading=\"lazy\" decoding=\"async\" width=\"10\" height=\"21\" class=\"wp-image-3656\" style=\"width: 10px;\" src=\"http:\/\/kommentatorenblog.de\/wp-content\/uploads\/2020\/09\/shure-55sh-ii-e1601485394796.jpg\" alt=\"\" srcset=\"https:\/\/kommentatorenblog.de\/wp-content\/uploads\/2020\/09\/shure-55sh-ii-e1601485394796.jpg 415w, https:\/\/kommentatorenblog.de\/wp-content\/uploads\/2020\/09\/shure-55sh-ii-e1601485394796-142x300.jpg 142w\" sizes=\"auto, (max-width: 10px) 100vw, 10px\" \/> Max Gross<\/p>\n\n\n\n<p>Zweites Testspiel in diesem Jahr, dieses Mal zu sehen bei RTL, in deren Heimatstadt K\u00f6ln. Begleitet wird die \u00dcbertragung dabei von der bekannten Crew um Marco Hagemann und Florian K\u00f6nig. <\/p>\n\n\n\n<p><strong>2 x Schult 2x London<\/strong><\/p>\n\n\n\n<p>In der Champions League der Frauen stehen zudem am Mittwoch und Donnerstag die R\u00fcckspiele im Viertelfinale an. Mit dabei zwei Teams aus London und Almuth Schult mit zwei Experteneins\u00e4tzen. Los gehts am Mittwoch mit dem Spiel des FC Bayern zusammen mit Christoph Fetzer. Damit gibt es auf der Kommentatorenposition einen Tausch im Vergleich zum Hinspiel: Fetzer hatte im Hinspiel die W\u00f6lfinnen und jetzt die M\u00fcnchnerinnen, bei Jan Platte wird es am Donnerstag dagegen genau umgekehrt sein. Damit hat Platte immer die sp\u00e4ten, moderierten Spiele im Viertelfinale \u00fcbernommen. Wie erw\u00e4hnt wird auch an seiner Seite Almuth Schult als Expertin sein.<\/p>\n\n\n\n<p>Dazu gibts noch die anderen beiden CL- Spiele und zwei L\u00e4nderspiele kommentiert bei DAZN.<\/p>\n\n\n\n<p>Ich muss mich ja mal outen, auch ich bin kein Fan der L\u00e4nderspiele. Bis auf gro\u00dfe Turniere schaue ich schon seit vielen Jahren keine L\u00e4nderspiele mehr. Ich glaube, angefangen hat das bei mir 2007, nach dem Sommerm\u00e4rchen. Es interessiert mich schlicht nicht, auch wenn man jetzt mit DAZN die M\u00f6glichkeit hat, mehr L\u00e4nderspiele zu sehen als fr\u00fcher. Daher mache ich heute keine gro\u00dfen Worte, das w\u00e4re ungef\u00e4hr so, wie wenn der Blinde von der Farbe erz\u00e4hlt. Deshalb gehen wir direkt rein in die Ansetzungen.<\/p>\n\n\n\n<hr class=\"wp-block-separator\"\/>\n\n\n\n<p><strong><em>Die Ansetzungen<\/em><\/strong><strong><em> vom 24. M\u00e4rz bis zum 30. M\u00e4rz 2023 <\/em><\/strong><\/p>\n\n\n\n<p><strong><em>L\u00e4nderspiel<\/em><\/strong><em><strong>e (ZDF\/DAZN\/RTL)<\/strong><\/em><\/p>\n\n\n\n<p><span style=\"text-decoration: underline;\">Samstag, 25. M\u00e4rz 2023 ab 20.15 Uhr (ZDF):<\/span><\/p>\n\n\n\n<p><em><strong>Deutschland \u2013 Peru (20.45 Uhr)<\/strong><\/em><\/p>\n\n\n\n<p><img loading=\"lazy\" decoding=\"async\" width=\"10\" height=\"21\" class=\"wp-image-3656\" style=\"width: 10px;\" src=\"http:\/\/kommentatorenblog.de\/wp-content\/uploads\/2020\/09\/shure-55sh-ii-e1601485394796.jpg\" alt=\"\" srcset=\"https:\/\/kommentatorenblog.de\/wp-content\/uploads\/2020\/09\/shure-55sh-ii-e1601485394796.jpg 415w, https:\/\/kommentatorenblog.de\/wp-content\/uploads\/2020\/09\/shure-55sh-ii-e1601485394796-142x300.jpg 142w\" sizes=\"auto, (max-width: 10px) 100vw, 10px\" \/> Oliver Schmidt <\/p>\n\n\n\n<p>Moderation: Jochen Breyer <\/p>\n\n\n\n<p><img loading=\"lazy\" decoding=\"async\" width=\"10\" height=\"21\" class=\"wp-image-3656\" style=\"width: 10px;\" src=\"http:\/\/kommentatorenblog.de\/wp-content\/uploads\/2020\/09\/shure-55sh-ii-e1601485394796.jpg\" alt=\"\" srcset=\"https:\/\/kommentatorenblog.de\/wp-content\/uploads\/2020\/09\/shure-55sh-ii-e1601485394796.jpg 415w, https:\/\/kommentatorenblog.de\/wp-content\/uploads\/2020\/09\/shure-55sh-ii-e1601485394796-142x300.jpg 142w\" sizes=\"auto, (max-width: 10px) 100vw, 10px\" \/> Ruben Zimmermann (DAZN Re-Live)<\/p>\n\n\n\n<p><span style=\"text-decoration: underline;\">Dienstag, 28. M\u00e4rz 2023 (RTL)<\/span><\/p>\n\n\n\n<p><em><strong>Deutschland \u2013 Belgie<\/strong><\/em>n (20.45 Uhr)<\/p>\n\n\n\n<p><img loading=\"lazy\" decoding=\"async\" width=\"10\" height=\"21\" class=\"wp-image-3656\" style=\"width: 10px;\" src=\"http:\/\/kommentatorenblog.de\/wp-content\/uploads\/2020\/09\/shure-55sh-ii-e1601485394796.jpg\" alt=\"\" srcset=\"https:\/\/kommentatorenblog.de\/wp-content\/uploads\/2020\/09\/shure-55sh-ii-e1601485394796.jpg 415w, https:\/\/kommentatorenblog.de\/wp-content\/uploads\/2020\/09\/shure-55sh-ii-e1601485394796-142x300.jpg 142w\" sizes=\"auto, (max-width: 10px) 100vw, 10px\" \/> Marco Hagemann; Experte: Steffen Freund <\/p>\n\n\n\n<hr class=\"wp-block-separator\"\/>\n\n\n\n<p><strong><em>Bundesliga (Frauen), 16. Spieltag <\/em><\/strong><\/p>\n\n\n\n<p><span style=\"text-decoration: underline;\">Freitag, 24. M\u00e4rz 2023 ab 19.00 Uhr (Magenta\/Eurosport<\/span>)<\/p>\n\n\n\n<p><em><strong>SV Werder Bremen \u2013 1. FC K\u00f6ln (19.15 Uhr)<\/strong><\/em><\/p>\n\n\n\n<p>Magenta: <img loading=\"lazy\" decoding=\"async\" width=\"10\" height=\"21\" class=\"wp-image-3656\" style=\"width: 10px;\" src=\"http:\/\/kommentatorenblog.de\/wp-content\/uploads\/2020\/09\/shure-55sh-ii-e1601485394796.jpg\" alt=\"\" srcset=\"https:\/\/kommentatorenblog.de\/wp-content\/uploads\/2020\/09\/shure-55sh-ii-e1601485394796.jpg 415w, https:\/\/kommentatorenblog.de\/wp-content\/uploads\/2020\/09\/shure-55sh-ii-e1601485394796-142x300.jpg 142w\" sizes=\"auto, (max-width: 10px) 100vw, 10px\" \/> Oska Heirler<\/p>\n\n\n\n<p>Eurosport: <img loading=\"lazy\" decoding=\"async\" width=\"10\" height=\"21\" class=\"wp-image-3656\" style=\"width: 10px;\" src=\"http:\/\/kommentatorenblog.de\/wp-content\/uploads\/2020\/09\/shure-55sh-ii-e1601485394796.jpg\" alt=\"\" srcset=\"https:\/\/kommentatorenblog.de\/wp-content\/uploads\/2020\/09\/shure-55sh-ii-e1601485394796.jpg 415w, https:\/\/kommentatorenblog.de\/wp-content\/uploads\/2020\/09\/shure-55sh-ii-e1601485394796-142x300.jpg 142w\" sizes=\"auto, (max-width: 10px) 100vw, 10px\" \/> Markus Theil <\/p>\n\n\n\n<p><span style=\"text-decoration: underline;\">Samstag, 26. M\u00e4rz 2023 ab 17.45 Uhr (ARD\/Magenta)<\/span><\/p>\n\n\n\n<p><em><strong>FC Bayern M\u00fcnchen \u2013 VfL Wolfsburg (17.55 Uhr)<\/strong><\/em><\/p>\n\n\n\n<p>ARD: <img loading=\"lazy\" decoding=\"async\" width=\"10\" height=\"21\" class=\"wp-image-3656\" style=\"width: 10px;\" src=\"http:\/\/kommentatorenblog.de\/wp-content\/uploads\/2020\/09\/shure-55sh-ii-e1601485394796.jpg\" alt=\"\" srcset=\"https:\/\/kommentatorenblog.de\/wp-content\/uploads\/2020\/09\/shure-55sh-ii-e1601485394796.jpg 415w, https:\/\/kommentatorenblog.de\/wp-content\/uploads\/2020\/09\/shure-55sh-ii-e1601485394796-142x300.jpg 142w\" sizes=\"auto, (max-width: 10px) 100vw, 10px\" \/> Bernd Schmelzer , Field- Reporterin: Julia B\u00fcchler<\/p>\n\n\n\n<p>Magenta: <img loading=\"lazy\" decoding=\"async\" width=\"10\" height=\"21\" class=\"wp-image-3656\" style=\"width: 10px;\" src=\"http:\/\/kommentatorenblog.de\/wp-content\/uploads\/2020\/09\/shure-55sh-ii-e1601485394796.jpg\" alt=\"\" srcset=\"https:\/\/kommentatorenblog.de\/wp-content\/uploads\/2020\/09\/shure-55sh-ii-e1601485394796.jpg 415w, https:\/\/kommentatorenblog.de\/wp-content\/uploads\/2020\/09\/shure-55sh-ii-e1601485394796-142x300.jpg 142w\" sizes=\"auto, (max-width: 10px) 100vw, 10px\" \/> Martin Piller <\/p>\n\n\n\n<p>Moderation (ARD): Claus Lufen; Expertin: Nia K\u00fcnzer <\/p>\n\n\n\n<p>Moderation (Magenta): Simon K\u00f6pfer <\/p>\n\n\n\n<p><span style=\"text-decoration: underline;\">Sonntag, 26. M\u00e4rz 2023 ab 12.45 Uhr (Magenta)<\/span><\/p>\n\n\n\n<p><em><strong>Bayer 04 Leverkusen \u2013 SC Freiburg (13.00 Uhr)<\/strong><\/em><\/p>\n\n\n\n<p><img loading=\"lazy\" decoding=\"async\" width=\"10\" height=\"21\" class=\"wp-image-3656\" style=\"width: 10px;\" src=\"http:\/\/kommentatorenblog.de\/wp-content\/uploads\/2020\/09\/shure-55sh-ii-e1601485394796.jpg\" alt=\"\" srcset=\"https:\/\/kommentatorenblog.de\/wp-content\/uploads\/2020\/09\/shure-55sh-ii-e1601485394796.jpg 415w, https:\/\/kommentatorenblog.de\/wp-content\/uploads\/2020\/09\/shure-55sh-ii-e1601485394796-142x300.jpg 142w\" sizes=\"auto, (max-width: 10px) 100vw, 10px\" \/> Oskar Heirler <\/p>\n\n\n\n<p><em><strong>TSG Hoffenheim \u2013 SGS Essen (13.00 Uh<\/strong><\/em>r)<\/p>\n\n\n\n<p><img loading=\"lazy\" decoding=\"async\" width=\"10\" height=\"21\" class=\"wp-image-3656\" style=\"width: 10px;\" src=\"http:\/\/kommentatorenblog.de\/wp-content\/uploads\/2020\/09\/shure-55sh-ii-e1601485394796.jpg\" alt=\"\" srcset=\"https:\/\/kommentatorenblog.de\/wp-content\/uploads\/2020\/09\/shure-55sh-ii-e1601485394796.jpg 415w, https:\/\/kommentatorenblog.de\/wp-content\/uploads\/2020\/09\/shure-55sh-ii-e1601485394796-142x300.jpg 142w\" sizes=\"auto, (max-width: 10px) 100vw, 10px\" \/> Alex Kunz<\/p>\n\n\n\n<p><span style=\"text-decoration: underline;\">ab 15.45 Uhr <\/span><\/p>\n\n\n\n<p><em><strong>FFC Turbine Potsdam \u2013 SV Meppen (16.00 Uhr)<\/strong><\/em><\/p>\n\n\n\n<p><img loading=\"lazy\" decoding=\"async\" width=\"10\" height=\"21\" class=\"wp-image-3656\" style=\"width: 10px;\" src=\"http:\/\/kommentatorenblog.de\/wp-content\/uploads\/2020\/09\/shure-55sh-ii-e1601485394796.jpg\" alt=\"\" srcset=\"https:\/\/kommentatorenblog.de\/wp-content\/uploads\/2020\/09\/shure-55sh-ii-e1601485394796.jpg 415w, https:\/\/kommentatorenblog.de\/wp-content\/uploads\/2020\/09\/shure-55sh-ii-e1601485394796-142x300.jpg 142w\" sizes=\"auto, (max-width: 10px) 100vw, 10px\" \/> Simon K\u00f6pfer <\/p>\n\n\n\n<p><em><strong>MSV Duisburg \u2013 Eintracht Frankfurt (16.00 Uhr)<\/strong><\/em><\/p>\n\n\n\n<p><img loading=\"lazy\" decoding=\"async\" width=\"10\" height=\"21\" class=\"wp-image-3656\" style=\"width: 10px;\" src=\"http:\/\/kommentatorenblog.de\/wp-content\/uploads\/2020\/09\/shure-55sh-ii-e1601485394796.jpg\" alt=\"\" srcset=\"https:\/\/kommentatorenblog.de\/wp-content\/uploads\/2020\/09\/shure-55sh-ii-e1601485394796.jpg 415w, https:\/\/kommentatorenblog.de\/wp-content\/uploads\/2020\/09\/shure-55sh-ii-e1601485394796-142x300.jpg 142w\" sizes=\"auto, (max-width: 10px) 100vw, 10px\" \/> Michael Seyberth<\/p>\n\n\n\n<hr class=\"wp-block-separator\"\/>\n\n\n\n<p><strong>3. Liga, 29. Spieltag <\/strong><\/p>\n\n\n\n<p><span style=\"text-decoration: underline;\">Freitag, 25. M\u00e4rz 2023 ab 18.30 Uhr (Magenta)<\/span><\/p>\n\n\n\n<p><em><strong>Hallescher FC \u2013 MSV Duisburg (19.00 Uhr)<\/strong><\/em><\/p>\n\n\n\n<p><img loading=\"lazy\" decoding=\"async\" width=\"10\" height=\"21\" class=\"wp-image-3656\" style=\"width: 10px;\" src=\"http:\/\/kommentatorenblog.de\/wp-content\/uploads\/2020\/09\/shure-55sh-ii-e1601485394796.jpg\" alt=\"\" srcset=\"https:\/\/kommentatorenblog.de\/wp-content\/uploads\/2020\/09\/shure-55sh-ii-e1601485394796.jpg 415w, https:\/\/kommentatorenblog.de\/wp-content\/uploads\/2020\/09\/shure-55sh-ii-e1601485394796-142x300.jpg 142w\" sizes=\"auto, (max-width: 10px) 100vw, 10px\" \/> Lenny Leonhardt <\/p>\n\n\n\n<p>Moderation: Stefanie Blochwitz; Experte: Martin Lanig <\/p>\n\n\n\n<p><span style=\"text-decoration: underline;\">Samstag, 26. M\u00e4rz 2023 ab 13.45 Uhr (Magenta)<\/span><\/p>\n\n\n\n<p><em><strong>Die Konferenz: <\/strong><\/em> Alex Klich; Experte: Steven Ruprecht <\/p>\n\n\n\n<p><span style=\"text-decoration: underline;\">ab 13.45 (Magenta) bzw. ab 14.00 Uhr (BR\/NDR\/MDR)<\/span><\/p>\n\n\n\n<p><strong><em>SG Dynamo Dresden \u2013 SpVgg. Bayreuth (14.00 Uhr)<\/em><\/strong><\/p>\n\n\n\n<p>Magenta: <img loading=\"lazy\" decoding=\"async\" width=\"10\" height=\"21\" class=\"wp-image-3656\" style=\"width: 10px;\" src=\"http:\/\/kommentatorenblog.de\/wp-content\/uploads\/2020\/09\/shure-55sh-ii-e1601485394796.jpg\" alt=\"\" srcset=\"https:\/\/kommentatorenblog.de\/wp-content\/uploads\/2020\/09\/shure-55sh-ii-e1601485394796.jpg 415w, https:\/\/kommentatorenblog.de\/wp-content\/uploads\/2020\/09\/shure-55sh-ii-e1601485394796-142x300.jpg 142w\" sizes=\"auto, (max-width: 10px) 100vw, 10px\" \/> Andreas Mann<\/p>\n\n\n\n<p>BR:  Florian Eckl<\/p>\n\n\n\n<p>MDR: ??? <\/p>\n\n\n\n<p>Moderation Magenta: Anett Sattler<\/p>\n\n\n\n<p>Moderation BR: Markus Othmer<\/p>\n\n\n\n<p>Moderation MDR: ??? <\/p>\n\n\n\n<p><em><strong>Rot-Weiss Essen \u2013 SV Wehen Wiesbaden (14.00 Uhr<\/strong><\/em>)<\/p>\n\n\n\n<p><img loading=\"lazy\" decoding=\"async\" width=\"10\" height=\"21\" class=\"wp-image-3656\" style=\"width: 10px;\" src=\"http:\/\/kommentatorenblog.de\/wp-content\/uploads\/2020\/09\/shure-55sh-ii-e1601485394796.jpg\" alt=\"\" srcset=\"https:\/\/kommentatorenblog.de\/wp-content\/uploads\/2020\/09\/shure-55sh-ii-e1601485394796.jpg 415w, https:\/\/kommentatorenblog.de\/wp-content\/uploads\/2020\/09\/shure-55sh-ii-e1601485394796-142x300.jpg 142w\" sizes=\"auto, (max-width: 10px) 100vw, 10px\" \/> Markus H\u00f6hner <\/p>\n\n\n\n<p>Moderation: Thomas Wagner <\/p>\n\n\n\n<p><em><strong>SC Verl \u2013 SV Elversberg 07 (14.00 Uhr)<\/strong><\/em><\/p>\n\n\n\n<p><img loading=\"lazy\" decoding=\"async\" width=\"10\" height=\"21\" class=\"wp-image-3656\" style=\"width: 10px;\" src=\"http:\/\/kommentatorenblog.de\/wp-content\/uploads\/2020\/09\/shure-55sh-ii-e1601485394796.jpg\" alt=\"\" srcset=\"https:\/\/kommentatorenblog.de\/wp-content\/uploads\/2020\/09\/shure-55sh-ii-e1601485394796.jpg 415w, https:\/\/kommentatorenblog.de\/wp-content\/uploads\/2020\/09\/shure-55sh-ii-e1601485394796-142x300.jpg 142w\" sizes=\"auto, (max-width: 10px) 100vw, 10px\" \/> Philip Konrad <\/p>\n\n\n\n<p>Moderation: Cedric Pick <\/p>\n\n\n\n<p><em><strong>SV Meppen \u2013 FC Erzgebirge Aue (14.00 Uhr)<\/strong><\/em><\/p>\n\n\n\n<p><img loading=\"lazy\" decoding=\"async\" width=\"10\" height=\"21\" class=\"wp-image-3656\" style=\"width: 10px;\" src=\"http:\/\/kommentatorenblog.de\/wp-content\/uploads\/2020\/09\/shure-55sh-ii-e1601485394796.jpg\" alt=\"\" srcset=\"https:\/\/kommentatorenblog.de\/wp-content\/uploads\/2020\/09\/shure-55sh-ii-e1601485394796.jpg 415w, https:\/\/kommentatorenblog.de\/wp-content\/uploads\/2020\/09\/shure-55sh-ii-e1601485394796-142x300.jpg 142w\" sizes=\"auto, (max-width: 10px) 100vw, 10px\" \/> Michael Augustin <\/p>\n\n\n\n<p>Moderation: Kamila Benschop <\/p>\n\n\n\n<p><em><strong>SV Waldhof Mannheim \u2013 VfL Osnabr\u00fcck (14.00 Uhr)<\/strong><\/em><\/p>\n\n\n\n<p>Magenta:<img loading=\"lazy\" decoding=\"async\" width=\"10\" height=\"21\" class=\"wp-image-3656\" style=\"width: 10px;\" src=\"http:\/\/kommentatorenblog.de\/wp-content\/uploads\/2020\/09\/shure-55sh-ii-e1601485394796.jpg\" alt=\"\" srcset=\"https:\/\/kommentatorenblog.de\/wp-content\/uploads\/2020\/09\/shure-55sh-ii-e1601485394796.jpg 415w, https:\/\/kommentatorenblog.de\/wp-content\/uploads\/2020\/09\/shure-55sh-ii-e1601485394796-142x300.jpg 142w\" sizes=\"auto, (max-width: 10px) 100vw, 10px\" \/> Mario Bast<\/p>\n\n\n\n<p>NDR: ???<\/p>\n\n\n\n<p>SWR: ???<\/p>\n\n\n\n<p>Moderation Magenta: Tobi Sch\u00e4fer<\/p>\n\n\n\n<p>Moderation NDR: ??? <\/p>\n\n\n\n<p>Moderation SWR: <\/p>\n\n\n\n<p><em><strong>VFB Oldenburg \u2013 FC Viktoria K\u00f6ln (14.00 Uhr)<\/strong><\/em><\/p>\n\n\n\n<p><img loading=\"lazy\" decoding=\"async\" width=\"10\" height=\"21\" class=\"wp-image-3656\" style=\"width: 10px;\" src=\"http:\/\/kommentatorenblog.de\/wp-content\/uploads\/2020\/09\/shure-55sh-ii-e1601485394796.jpg\" alt=\"\" srcset=\"https:\/\/kommentatorenblog.de\/wp-content\/uploads\/2020\/09\/shure-55sh-ii-e1601485394796.jpg 415w, https:\/\/kommentatorenblog.de\/wp-content\/uploads\/2020\/09\/shure-55sh-ii-e1601485394796-142x300.jpg 142w\" sizes=\"auto, (max-width: 10px) 100vw, 10px\" \/> Gari Paubandt <\/p>\n\n\n\n<p>Moderation: Holger Speckhahn<\/p>\n\n\n\n<p><span style=\"text-decoration: underline;\">Sonntag, 26. M\u00e4rz 2023 ab 12.45 Uhr (Magenta)<\/span><\/p>\n\n\n\n<p><em><strong>TSV 1860 M\u00fcnchen \u2013 Borussia Dortmund II (13.00 Uhr)<\/strong><\/em><\/p>\n\n\n\n<p><img loading=\"lazy\" decoding=\"async\" width=\"10\" height=\"21\" class=\"wp-image-3656\" style=\"width: 10px;\" src=\"http:\/\/kommentatorenblog.de\/wp-content\/uploads\/2020\/09\/shure-55sh-ii-e1601485394796.jpg\" alt=\"\" srcset=\"https:\/\/kommentatorenblog.de\/wp-content\/uploads\/2020\/09\/shure-55sh-ii-e1601485394796.jpg 415w, https:\/\/kommentatorenblog.de\/wp-content\/uploads\/2020\/09\/shure-55sh-ii-e1601485394796-142x300.jpg 142w\" sizes=\"auto, (max-width: 10px) 100vw, 10px\" \/> Martin Piller <\/p>\n\n\n\n<p>Moderation: Sascha Bandermann <\/p>\n\n\n\n<p><span style=\"text-decoration: underline;\">ab 13.45 Uhr <\/span><\/p>\n\n\n\n<p><em><strong>FSV Zwickau \u2013 FC Ingolstadt 04 (14.00 Uhr)<\/strong><\/em><\/p>\n\n\n\n<p><img loading=\"lazy\" decoding=\"async\" width=\"10\" height=\"21\" class=\"wp-image-3656\" style=\"width: 10px;\" src=\"http:\/\/kommentatorenblog.de\/wp-content\/uploads\/2020\/09\/shure-55sh-ii-e1601485394796.jpg\" alt=\"\" srcset=\"https:\/\/kommentatorenblog.de\/wp-content\/uploads\/2020\/09\/shure-55sh-ii-e1601485394796.jpg 415w, https:\/\/kommentatorenblog.de\/wp-content\/uploads\/2020\/09\/shure-55sh-ii-e1601485394796-142x300.jpg 142w\" sizes=\"auto, (max-width: 10px) 100vw, 10px\" \/> Alex K\u00fcpper <\/p>\n\n\n\n<p>Moderation: Stefanie Blochwitz <\/p>\n\n\n\n<p><span style=\"text-decoration: underline;\">Montag, 27. M\u00e4rz 2023 ab 18.45 Uhr (Magenta)<\/span><\/p>\n\n\n\n<p><em><strong>SC Freiburg II \u2013 1. FC Saarbr\u00fccken (19.00 Uhr)<\/strong><\/em><\/p>\n\n\n\n<p><img loading=\"lazy\" decoding=\"async\" width=\"10\" height=\"21\" class=\"wp-image-3656\" style=\"width: 10px;\" src=\"http:\/\/kommentatorenblog.de\/wp-content\/uploads\/2020\/09\/shure-55sh-ii-e1601485394796.jpg\" alt=\"\" srcset=\"https:\/\/kommentatorenblog.de\/wp-content\/uploads\/2020\/09\/shure-55sh-ii-e1601485394796.jpg 415w, https:\/\/kommentatorenblog.de\/wp-content\/uploads\/2020\/09\/shure-55sh-ii-e1601485394796-142x300.jpg 142w\" sizes=\"auto, (max-width: 10px) 100vw, 10px\" \/> Oskar Heirler <\/p>\n\n\n\n<p>Moderation: Franz B\u00fcchner<\/p>\n\n\n\n<p><strong>L\u00e4nderspiele &#8211; European Qualifiers (DAZN)<\/strong><\/p>\n\n\n\n<p><span style=\"text-decoration: underline;\">Freitag, 25. M\u00e4rz 2023 ab 20.45 Uhr <\/span><\/p>\n\n\n\n<p><em><strong>Frankreich \u2013 Niederlande (20.45 Uhr)<\/strong><\/em><\/p>\n\n\n\n<p><img loading=\"lazy\" decoding=\"async\" width=\"10\" height=\"21\" class=\"wp-image-3656\" style=\"width: 10px;\" src=\"http:\/\/kommentatorenblog.de\/wp-content\/uploads\/2020\/09\/shure-55sh-ii-e1601485394796.jpg\" alt=\"\" srcset=\"https:\/\/kommentatorenblog.de\/wp-content\/uploads\/2020\/09\/shure-55sh-ii-e1601485394796.jpg 415w, https:\/\/kommentatorenblog.de\/wp-content\/uploads\/2020\/09\/shure-55sh-ii-e1601485394796-142x300.jpg 142w\" sizes=\"auto, (max-width: 10px) 100vw, 10px\" \/> Marco Hagemann, Experte: Alexis Menuge<\/p>\n\n\n\n<p><em><strong>Schweden \u2013 Belgien (20.45 Uhr)<\/strong><\/em><\/p>\n\n\n\n<p><img loading=\"lazy\" decoding=\"async\" width=\"10\" height=\"21\" class=\"wp-image-3656\" style=\"width: 10px;\" src=\"http:\/\/kommentatorenblog.de\/wp-content\/uploads\/2020\/09\/shure-55sh-ii-e1601485394796.jpg\" alt=\"\" srcset=\"https:\/\/kommentatorenblog.de\/wp-content\/uploads\/2020\/09\/shure-55sh-ii-e1601485394796.jpg 415w, https:\/\/kommentatorenblog.de\/wp-content\/uploads\/2020\/09\/shure-55sh-ii-e1601485394796-142x300.jpg 142w\" sizes=\"auto, (max-width: 10px) 100vw, 10px\" \/> Max Gross<\/p>\n\n\n\n<p><em><strong>Tschechien \u2013 Polen (20.45 Uhr)<\/strong><\/em><\/p>\n\n\n\n<p><img loading=\"lazy\" decoding=\"async\" width=\"10\" height=\"21\" class=\"wp-image-3656\" style=\"width: 10px;\" src=\"http:\/\/kommentatorenblog.de\/wp-content\/uploads\/2020\/09\/shure-55sh-ii-e1601485394796.jpg\" alt=\"\" srcset=\"https:\/\/kommentatorenblog.de\/wp-content\/uploads\/2020\/09\/shure-55sh-ii-e1601485394796.jpg 415w, https:\/\/kommentatorenblog.de\/wp-content\/uploads\/2020\/09\/shure-55sh-ii-e1601485394796-142x300.jpg 142w\" sizes=\"auto, (max-width: 10px) 100vw, 10px\" \/> Michael Brandes<\/p>\n\n\n\n<p><span style=\"text-decoration: underline;\">Samstag, 26. M\u00e4rz 2023<\/span><\/p>\n\n\n\n<p><em><strong>Spanien \u2013 Norwegen (20.45 Uhr)<\/strong><\/em><\/p>\n\n\n\n<p><img loading=\"lazy\" decoding=\"async\" width=\"10\" height=\"21\" class=\"wp-image-3656\" style=\"width: 10px;\" src=\"http:\/\/kommentatorenblog.de\/wp-content\/uploads\/2020\/09\/shure-55sh-ii-e1601485394796.jpg\" alt=\"\" srcset=\"https:\/\/kommentatorenblog.de\/wp-content\/uploads\/2020\/09\/shure-55sh-ii-e1601485394796.jpg 415w, https:\/\/kommentatorenblog.de\/wp-content\/uploads\/2020\/09\/shure-55sh-ii-e1601485394796-142x300.jpg 142w\" sizes=\"auto, (max-width: 10px) 100vw, 10px\" \/> Andreas Renner<\/p>\n\n\n\n<p><span style=\"text-decoration: underline;\">Sonntag, 26. M\u00e4rz 2023 <\/span><\/p>\n\n\n\n<p><em><strong>England \u2013 Ukraine (18.00 Uhr)<\/strong><\/em><\/p>\n\n\n\n<p><img loading=\"lazy\" decoding=\"async\" width=\"10\" height=\"21\" class=\"wp-image-3656\" style=\"width: 10px;\" src=\"http:\/\/kommentatorenblog.de\/wp-content\/uploads\/2020\/09\/shure-55sh-ii-e1601485394796.jpg\" alt=\"\" srcset=\"https:\/\/kommentatorenblog.de\/wp-content\/uploads\/2020\/09\/shure-55sh-ii-e1601485394796.jpg 415w, https:\/\/kommentatorenblog.de\/wp-content\/uploads\/2020\/09\/shure-55sh-ii-e1601485394796-142x300.jpg 142w\" sizes=\"auto, (max-width: 10px) 100vw, 10px\" \/> Uli Hebel<\/p>\n\n\n\n<p><em><strong>Luxemburg \u2013 Portugal (20.45 Uhr)<\/strong><\/em><\/p>\n\n\n\n<p><img loading=\"lazy\" decoding=\"async\" width=\"10\" height=\"21\" class=\"wp-image-3656\" style=\"width: 10px;\" src=\"http:\/\/kommentatorenblog.de\/wp-content\/uploads\/2020\/09\/shure-55sh-ii-e1601485394796.jpg\" alt=\"\" srcset=\"https:\/\/kommentatorenblog.de\/wp-content\/uploads\/2020\/09\/shure-55sh-ii-e1601485394796.jpg 415w, https:\/\/kommentatorenblog.de\/wp-content\/uploads\/2020\/09\/shure-55sh-ii-e1601485394796-142x300.jpg 142w\" sizes=\"auto, (max-width: 10px) 100vw, 10px\" \/> Matthias Naebers<\/p>\n\n\n\n<p><em><strong>Malta \u2013 Italien (20.45 Uhr)<\/strong><\/em><\/p>\n\n\n\n<p><img loading=\"lazy\" decoding=\"async\" width=\"10\" height=\"21\" class=\"wp-image-3656\" style=\"width: 10px;\" src=\"http:\/\/kommentatorenblog.de\/wp-content\/uploads\/2020\/09\/shure-55sh-ii-e1601485394796.jpg\" alt=\"\" srcset=\"https:\/\/kommentatorenblog.de\/wp-content\/uploads\/2020\/09\/shure-55sh-ii-e1601485394796.jpg 415w, https:\/\/kommentatorenblog.de\/wp-content\/uploads\/2020\/09\/shure-55sh-ii-e1601485394796-142x300.jpg 142w\" sizes=\"auto, (max-width: 10px) 100vw, 10px\" \/> Oliver Fa\u00dfnacht<\/p>\n\n\n\n<p><em><strong>Luxemburg \u2013 Portugal (20.45 Uhr)<\/strong><\/em><\/p>\n\n\n\n<p><img loading=\"lazy\" decoding=\"async\" width=\"10\" height=\"21\" class=\"wp-image-3656\" style=\"width: 10px;\" src=\"http:\/\/kommentatorenblog.de\/wp-content\/uploads\/2020\/09\/shure-55sh-ii-e1601485394796.jpg\" alt=\"\" srcset=\"https:\/\/kommentatorenblog.de\/wp-content\/uploads\/2020\/09\/shure-55sh-ii-e1601485394796.jpg 415w, https:\/\/kommentatorenblog.de\/wp-content\/uploads\/2020\/09\/shure-55sh-ii-e1601485394796-142x300.jpg 142w\" sizes=\"auto, (max-width: 10px) 100vw, 10px\" \/> Matthias Naebers<\/p>\n\n\n\n<hr class=\"wp-block-separator\"\/>\n\n\n\n<p><strong>Die Analyse:<\/strong><\/p>\n\n\n\n<p>Das ZDF zeigt das erste der beiden DFB- L\u00e4nderspiele. Mal wieder muss man sagen, denn seit der neuen Rechteperiode wechseln sich RTL und ZDF ab, die ARD, da laut mehreren Berichten sich eigentlich die Rechte mit dem Zweiten teilt, ist bisher au\u00dfen vor. <em>Sport Bild<\/em> (<a href=\"https:\/\/sportbild.bild.de\/fussball\/2023\/fussball\/internes-problem-darum-zeigt-die-ard-vorerst-keine-dfb-spiele-83280608.sport.html\">Internes Problem: Darum zeigt die ARD vorerst keine DFB-Spiele &#8211; FUSSBALL &#8211; SPORT BILD<\/a>) will nun den Grund daf\u00fcr erfahren haben: die Zustimmung der Rundfunkanstalten stehe noch aus. Offiziell best\u00e4tigt wurde der Rechteerwerb von ARD und ZDF im \u00dcbrigen noch nicht.<\/p>\n\n\n\n<p>Nun zeigt aber das ZDF das Testspiel der Nationalelf, welches auch f\u00fcr den Sender ein echtes Heimspiel ist. Gespielt wird in Mainz, Oliver Schmidt kommentiert, Jochen Breyer moderiert. Das Zweite schickt also sein vermeintliches Topteam.<\/p>\n\n\n\n<p>Bei RTL wird&#8217;s wohl das altbekannte Duo Hagemann und Freund, obwohl es hier noch keine Infos bez\u00fcglich Moderation und Experten gibt, k\u00f6nnen wir wohl davon ausgehen, dass alles beim alten bleibt. <\/p>\n\n\n\n<p>Die Frauen- Bundesliga startet mit einem Kellerduell in den Spieltag. Die Partie Werder- K\u00f6ln, Tabellenachter gegen -elfter k\u00f6nnte schon eine kleine Vorentscheidung im Abstiegskampf mit sich bringen. K\u00f6ln hat aktuell neben Turbine die schlechteste Ausgangslage, liegt aber nur einen Punkt hinter Duisburg, Meppen und eben auch Werder.  Sowohl Eurosport als auch Magenta zeigen euch die Partie.<\/p>\n\n\n\n<p><strong>Spitzenspiel in der Bundesliga der Frauen<\/strong><\/p>\n\n\n\n<p>Am Samstag steht dann das Tospspiel der Liga an. Bayern M\u00fcnchen empf\u00e4ngt Meister Wolfsburg. Auch hier k\u00f6nnte es schon eine kleine Vorentscheidung mit Blick auf den Meisterstitel geben. Die Sieger (sofern es einen geben wird) hat ist zumindest mal Tabellenf\u00fchrer. Neben Magenta ist dann auch die ARD dabei. Die Bundesliga-Pause der Herren wird dabei genutzt und das Spiel gibt es ab 17.45 im Ersten zu sehen. Wenig \u00fcberraschend kommentiert Bernd Schmelzer. Expertin ist Nia K\u00fcnzer und moderieren wird wohl Claus Lufen, auch das w\u00e4re keine \u00dcberraschung.<\/p>\n\n\n\n<p>Neben der Frauen- Bundesliga hat Magenta auch wieder die 3.Liga, samt Konferenz im Angebot. Die ARD ist mit vier Dritten vertretet. Das Personal reichen wir nach, sofern wir hier noch Informationen bekommen.<\/p>\n\n\n\n<p>Updates werden nachgereicht. Euch ein sch\u00f6nes Wochenende! <\/p>\n\n\n\n<p>  <\/p>\n","protected":false},"excerpt":{"rendered":"<p>N&#8217;Abend allerseits! UPDATE L\u00e4nderspiele (RTL) Dienstag, 28. M\u00e4rz 2023 (RTL) Deutschland \u2013 Belgien (20.45 Uhr) Marco Hagemann; Experte: Steffen Freund Moderation Florian K\u00f6nig, Experte: Lothar Matth\u00e4us UEFA Womens Champions League (DAZN\/ DAZN YouTube- Kanal) Mittwoch, 29. M\u00e4rz 2023 FC Barcelona \u2013 AS Rom (18.45 Uhr) Nico Seepe FC Arsenal \u2013 FC Bayern M\u00fcnchen (21.00 Uhr) [&hellip;]<\/p>\n","protected":false},"author":13,"featured_media":0,"comment_status":"open","ping_status":"open","sticky":false,"template":"","format":"standard","meta":{"footnotes":""},"categories":[426],"tags":[292,577,216,46,19,636,13,32,39,489,294,9,43,572,130,383,634,637,109,293,690,138,301,12,415,673,33],"class_list":["post-14769","post","type-post","status-publish","format-standard","hentry","category-laenderspiele","tag-alex-kunz","tag-alex-kuepper","tag-andreas-mann","tag-anett-sattler","tag-ard","tag-claus-lufen","tag-dazn","tag-gari-paubandt","tag-jochen-breyer","tag-kamila-benschop","tag-lenny-leonhardt","tag-magenta-sport","tag-marco-hagemann","tag-mario-bast","tag-martin-piller","tag-michael-augustin","tag-michael-seyberth","tag-nia-kuenzer","tag-oliver-schmidt","tag-oskar-heirler","tag-philip-konrad","tag-rtl","tag-ruben-zimmermann","tag-sascha-bandermann","tag-simon-koepfer","tag-steven-ruprecht","tag-thomas-wagner"],"_links":{"self":[{"href":"https:\/\/kommentatorenblog.de\/index.php?rest_route=\/wp\/v2\/posts\/14769","targetHints":{"allow":["GET"]}}],"collection":[{"href":"https:\/\/kommentatorenblog.de\/index.php?rest_route=\/wp\/v2\/posts"}],"about":[{"href":"https:\/\/kommentatorenblog.de\/index.php?rest_route=\/wp\/v2\/types\/post"}],"author":[{"embeddable":true,"href":"https:\/\/kommentatorenblog.de\/index.php?rest_route=\/wp\/v2\/users\/13"}],"replies":[{"embeddable":true,"href":"https:\/\/kommentatorenblog.de\/index.php?rest_route=%2Fwp%2Fv2%2Fcomments&post=14769"}],"version-history":[{"count":13,"href":"https:\/\/kommentatorenblog.de\/index.php?rest_route=\/wp\/v2\/posts\/14769\/revisions"}],"predecessor-version":[{"id":14792,"href":"https:\/\/kommentatorenblog.de\/index.php?rest_route=\/wp\/v2\/posts\/14769\/revisions\/14792"}],"wp:attachment":[{"href":"https:\/\/kommentatorenblog.de\/index.php?rest_route=%2Fwp%2Fv2%2Fmedia&parent=14769"}],"wp:term":[{"taxonomy":"category","embeddable":true,"href":"https:\/\/kommentatorenblog.de\/index.php?rest_route=%2Fwp%2Fv2%2Fcategories&post=14769"},{"taxonomy":"post_tag","embeddable":true,"href":"https:\/\/kommentatorenblog.de\/index.php?rest_route=%2Fwp%2Fv2%2Ftags&post=14769"}],"curies":[{"name":"wp","href":"https:\/\/api.w.org\/{rel}","templated":true}]}}