{"id":14808,"date":"2023-04-03T21:37:18","date_gmt":"2023-04-03T19:37:18","guid":{"rendered":"http:\/\/kommentatorenblog.de\/?p=14808"},"modified":"2023-04-05T19:55:57","modified_gmt":"2023-04-05T17:55:57","slug":"1330-eine-besondere-konferenz","status":"publish","type":"post","link":"https:\/\/kommentatorenblog.de\/?p=14808","title":{"rendered":"1330 &#8211; Eine besondere Konferenz"},"content":{"rendered":"\n<figure class=\"wp-block-embed is-type-rich is-provider-twitter wp-block-embed-twitter\"><div class=\"wp-block-embed__wrapper\">\nhttps:\/\/twitter.com\/komm_blog\/status\/1643673404384460801?s=46&#038;t=8zE6zQz9aNxi6W5h46vSsw\n<\/div><\/figure>\n\n\n\n<p><br>N&#8217;Abend allerseits,<\/p>\n\n\n\n<p>Viertelfinale im DFB Pokal und eine ganz besondere Konferenz sind heute das Thema, aus Zeitgr\u00fcnden verlagert sich dies aber alles in die Analyse!<\/p>\n\n\n\n<p><strong>Die Ansetzungen vom 04. April 2023 bis 06. April 2023:<\/strong><\/p>\n\n\n\n<hr class=\"wp-block-separator is-style-default\"\/>\n\n\n\n<p><strong>DFB-Pokal, Viertelfinale<\/strong><\/p>\n\n\n\n<p><u>Dienstag, 04. April 2023, ab 17.40 Uhr (ZDF) bzw. ab 17.45 Uhr (Sky)<\/u><\/p>\n\n\n\n<p><em><strong style=\"font-style: italic;\">Eintracht Frankfurt <strong><span><b style=\"font-style: italic;\">\u2013<\/b><\/span><\/strong><\/strong> <strong>1. FC Union Berlin (18.00 Uhr)<\/strong> <\/em><\/p>\n\n\n\n<p>ZDF: <img loading=\"lazy\" decoding=\"async\" width=\"10\" height=\"21\" class=\"wp-image-3656\" style=\"width: 10px;\" src=\"http:\/\/kommentatorenblog.de\/wp-content\/uploads\/2020\/09\/shure-55sh-ii-e1601485394796.jpg\" alt=\"\" srcset=\"https:\/\/kommentatorenblog.de\/wp-content\/uploads\/2020\/09\/shure-55sh-ii-e1601485394796.jpg 415w, https:\/\/kommentatorenblog.de\/wp-content\/uploads\/2020\/09\/shure-55sh-ii-e1601485394796-142x300.jpg 142w\" sizes=\"auto, (max-width: 10px) 100vw, 10px\" \/> Oliver Schmidt<\/p>\n\n\n\n<p>Sky: <img loading=\"lazy\" decoding=\"async\" width=\"10\" height=\"21\" class=\"wp-image-3656\" style=\"width: 10px;\" src=\"http:\/\/kommentatorenblog.de\/wp-content\/uploads\/2020\/09\/shure-55sh-ii-e1601485394796.jpg\" alt=\"\" srcset=\"https:\/\/kommentatorenblog.de\/wp-content\/uploads\/2020\/09\/shure-55sh-ii-e1601485394796.jpg 415w, https:\/\/kommentatorenblog.de\/wp-content\/uploads\/2020\/09\/shure-55sh-ii-e1601485394796-142x300.jpg 142w\" sizes=\"auto, (max-width: 10px) 100vw, 10px\" \/> Martin Gro\u00df, Experte: Benjamin K\u00f6hler<\/p>\n\n\n\n<p>Moderation (ZDF): Jochen Breyer, Experte: Felix Kroos, Field-Reporter: Amelie Stiefvatter und Boris B\u00fcchler<\/p>\n\n\n\n<p>Field-Reporter (Sky): Yannick Erkenbrecher<\/p>\n\n\n\n<p><u>ab 20.15 Uhr (ARD\/Sky)<\/u><\/p>\n\n\n\n<p><strong><em>FC Bayern M\u00fcnchen <span><b style=\"font-style: italic;\">\u2013<\/b><\/span> SC Freiburg (20.45 Uhr) <\/em><\/strong><\/p>\n\n\n\n<p>ARD: <img loading=\"lazy\" decoding=\"async\" width=\"10\" height=\"21\" class=\"wp-image-3656\" style=\"width: 10px;\" src=\"http:\/\/kommentatorenblog.de\/wp-content\/uploads\/2020\/09\/shure-55sh-ii-e1601485394796.jpg\" alt=\"\" srcset=\"https:\/\/kommentatorenblog.de\/wp-content\/uploads\/2020\/09\/shure-55sh-ii-e1601485394796.jpg 415w, https:\/\/kommentatorenblog.de\/wp-content\/uploads\/2020\/09\/shure-55sh-ii-e1601485394796-142x300.jpg 142w\" sizes=\"auto, (max-width: 10px) 100vw, 10px\" \/> Gerd Gottlob (Einzelspiel)<\/p>\n\n\n\n<p>Sky: <img loading=\"lazy\" decoding=\"async\" width=\"10\" height=\"21\" class=\"wp-image-3656\" style=\"width: 10px;\" src=\"http:\/\/kommentatorenblog.de\/wp-content\/uploads\/2020\/09\/shure-55sh-ii-e1601485394796.jpg\" alt=\"\" srcset=\"https:\/\/kommentatorenblog.de\/wp-content\/uploads\/2020\/09\/shure-55sh-ii-e1601485394796.jpg 415w, https:\/\/kommentatorenblog.de\/wp-content\/uploads\/2020\/09\/shure-55sh-ii-e1601485394796-142x300.jpg 142w\" sizes=\"auto, (max-width: 10px) 100vw, 10px\" \/> Kai Dittmann (Einzelspiel), Frank Buschmann (Konferenz)<\/p>\n\n\n\n<p>Moderation (ARD): Alexander Bommes, Experte: Bastian Schweinsteiger, Field-Reporter: Markus Othmer<\/p>\n\n\n\n<p>Moderation (Sky): Michael Leopold, Field-Reporterin: Katharina Kleinfeldt<\/p>\n\n\n\n<p><u>Mittwoch, 05. April 2023, ab 17.45 Uhr (Sky)<\/u><\/p>\n\n\n\n<p><strong><em>1. FC N\u00fcrnberg <span><b style=\"font-style: italic;\">\u2013<\/b><\/span> VfB Stuttgart (18.00 Uhr) <\/em><\/strong><\/p>\n\n\n\n<p><img loading=\"lazy\" decoding=\"async\" width=\"10\" height=\"21\" class=\"wp-image-3656\" style=\"width: 10px;\" src=\"http:\/\/kommentatorenblog.de\/wp-content\/uploads\/2020\/09\/shure-55sh-ii-e1601485394796.jpg\" alt=\"\" srcset=\"https:\/\/kommentatorenblog.de\/wp-content\/uploads\/2020\/09\/shure-55sh-ii-e1601485394796.jpg 415w, https:\/\/kommentatorenblog.de\/wp-content\/uploads\/2020\/09\/shure-55sh-ii-e1601485394796-142x300.jpg 142w\" sizes=\"auto, (max-width: 10px) 100vw, 10px\" \/> Roland Evers<\/p>\n\n\n\n<p>Field-Reporter: Stefan Hempel, Gast: Rainer Zietsch<\/p>\n\n\n\n<p><u>ab 20.15 Uhr (Sky\/ZDF)<\/u><\/p>\n\n\n\n<p><strong><em>RB Leipzig <span><b style=\"font-style: italic;\">\u2013<\/b><\/span> Borussia Dortmund (20.45 Uhr) <\/em><\/strong><\/p>\n\n\n\n<p>ZDF: <img loading=\"lazy\" decoding=\"async\" width=\"10\" height=\"21\" class=\"wp-image-3656\" style=\"width: 10px;\" src=\"http:\/\/kommentatorenblog.de\/wp-content\/uploads\/2020\/09\/shure-55sh-ii-e1601485394796.jpg\" alt=\"\" srcset=\"https:\/\/kommentatorenblog.de\/wp-content\/uploads\/2020\/09\/shure-55sh-ii-e1601485394796.jpg 415w, https:\/\/kommentatorenblog.de\/wp-content\/uploads\/2020\/09\/shure-55sh-ii-e1601485394796-142x300.jpg 142w\" sizes=\"auto, (max-width: 10px) 100vw, 10px\" \/> Claudia Neumann<\/p>\n\n\n\n<p>Sky: <img loading=\"lazy\" decoding=\"async\" width=\"10\" height=\"21\" class=\"wp-image-3656\" style=\"width: 10px;\" src=\"http:\/\/kommentatorenblog.de\/wp-content\/uploads\/2020\/09\/shure-55sh-ii-e1601485394796.jpg\" alt=\"\" srcset=\"https:\/\/kommentatorenblog.de\/wp-content\/uploads\/2020\/09\/shure-55sh-ii-e1601485394796.jpg 415w, https:\/\/kommentatorenblog.de\/wp-content\/uploads\/2020\/09\/shure-55sh-ii-e1601485394796-142x300.jpg 142w\" sizes=\"auto, (max-width: 10px) 100vw, 10px\" \/> Wolff Fuss<\/p>\n\n\n\n<p>Moderation (ZDF): Sven Voss, Experte: Per Mertesacker, Field-Reporter: tba<\/p>\n\n\n\n<p>Moderation (Sky): Patrick Wasserziehr, Field-Reporterin: Nele Schenker<\/p>\n\n\n\n<hr class=\"wp-block-separator is-style-default\"\/>\n\n\n\n<p><strong>Premier League, Nachholspiel (Sky)<\/strong><\/p>\n\n\n\n<p><u>Dienstag, 04. April 2023, ab 20.35 Uhr<\/u><\/p>\n\n\n\n<p><strong style=\"font-style: italic;\">AFC Bournemouth <strong><em><span><b style=\"font-style: italic;\">\u2013<\/b><\/span><\/em><\/strong><\/strong> <em><strong>Brighton Hove &amp; Albion (20.45 Uhr)<\/strong><\/em> <\/p>\n\n\n\n<p><img loading=\"lazy\" decoding=\"async\" width=\"10\" height=\"21\" class=\"wp-image-3656\" style=\"width: 10px;\" src=\"http:\/\/kommentatorenblog.de\/wp-content\/uploads\/2020\/09\/shure-55sh-ii-e1601485394796.jpg\" alt=\"\" srcset=\"https:\/\/kommentatorenblog.de\/wp-content\/uploads\/2020\/09\/shure-55sh-ii-e1601485394796.jpg 415w, https:\/\/kommentatorenblog.de\/wp-content\/uploads\/2020\/09\/shure-55sh-ii-e1601485394796-142x300.jpg 142w\" sizes=\"auto, (max-width: 10px) 100vw, 10px\" \/> Paul H\u00e4user<\/p>\n\n\n\n<p><span style=\"text-decoration: underline;\">ab 20.50 Uhr<\/span><\/p>\n\n\n\n<p><strong style=\"font-style: italic;\">FC Chelsea <strong><em><span><b style=\"font-style: italic;\">\u2013<\/b><\/span><\/em><\/strong><\/strong> <em><strong>FC Liverpool (21.00 Uhr)<\/strong><\/em> <\/p>\n\n\n\n<p><img loading=\"lazy\" decoding=\"async\" width=\"10\" height=\"21\" class=\"wp-image-3656\" style=\"width: 10px;\" src=\"http:\/\/kommentatorenblog.de\/wp-content\/uploads\/2020\/09\/shure-55sh-ii-e1601485394796.jpg\" alt=\"\" srcset=\"https:\/\/kommentatorenblog.de\/wp-content\/uploads\/2020\/09\/shure-55sh-ii-e1601485394796.jpg 415w, https:\/\/kommentatorenblog.de\/wp-content\/uploads\/2020\/09\/shure-55sh-ii-e1601485394796-142x300.jpg 142w\" sizes=\"auto, (max-width: 10px) 100vw, 10px\" \/> Florian Schmidt-Sommerfeld (Einzelspiel), Wolff Fuss (Konferenz)<\/p>\n\n\n\n<p><u>Mittwoch, 05. April 2023, ab 20.50 Uhr<\/u><\/p>\n\n\n\n<p><em><strong style=\"font-style: italic;\">Manchester United <strong><span><b style=\"font-style: italic;\">\u2013<\/b><\/span><\/strong><\/strong> <strong>FC Brentford (21.00 Uhr)<\/strong> <\/em><\/p>\n\n\n\n<p><img loading=\"lazy\" decoding=\"async\" width=\"10\" height=\"21\" class=\"wp-image-3656\" style=\"width: 10px;\" src=\"http:\/\/kommentatorenblog.de\/wp-content\/uploads\/2020\/09\/shure-55sh-ii-e1601485394796.jpg\" alt=\"\" srcset=\"https:\/\/kommentatorenblog.de\/wp-content\/uploads\/2020\/09\/shure-55sh-ii-e1601485394796.jpg 415w, https:\/\/kommentatorenblog.de\/wp-content\/uploads\/2020\/09\/shure-55sh-ii-e1601485394796-142x300.jpg 142w\" sizes=\"auto, (max-width: 10px) 100vw, 10px\" \/> Joachim Hebel<\/p>\n\n\n\n<p><strong style=\"font-style: italic;\">West Ham United <strong><em><span><b style=\"font-style: italic;\">\u2013<\/b><\/span><\/em><\/strong><\/strong> <em><strong>Newcastle United (21.00 Uhr)<\/strong><\/em> <\/p>\n\n\n\n<p><img loading=\"lazy\" decoding=\"async\" width=\"10\" height=\"21\" class=\"wp-image-3656\" style=\"width: 10px;\" src=\"http:\/\/kommentatorenblog.de\/wp-content\/uploads\/2020\/09\/shure-55sh-ii-e1601485394796.jpg\" alt=\"\" srcset=\"https:\/\/kommentatorenblog.de\/wp-content\/uploads\/2020\/09\/shure-55sh-ii-e1601485394796.jpg 415w, https:\/\/kommentatorenblog.de\/wp-content\/uploads\/2020\/09\/shure-55sh-ii-e1601485394796-142x300.jpg 142w\" sizes=\"auto, (max-width: 10px) 100vw, 10px\" \/> Marcel Meinert<\/p>\n\n\n\n<hr class=\"wp-block-separator\"\/>\n\n\n\n<p><strong>Copa del Rey, Halbfinal-R\u00fcckspiel (Sportdigital Fu\u00dfball)<\/strong><\/p>\n\n\n\n<p><u>Dienstag, 04. April 2023<\/u><\/p>\n\n\n\n<p><strong style=\"font-style: italic;\">Athletic Bilbao <strong><em><span><b style=\"font-style: italic;\">\u2013<\/b><\/span><\/em><\/strong><\/strong> <em><strong>CA Osasuna (21.00 Uhr)<\/strong><\/em> <\/p>\n\n\n\n<p><img loading=\"lazy\" decoding=\"async\" width=\"10\" height=\"21\" class=\"wp-image-3656\" style=\"width: 10px;\" src=\"http:\/\/kommentatorenblog.de\/wp-content\/uploads\/2020\/09\/shure-55sh-ii-e1601485394796.jpg\" alt=\"\" srcset=\"https:\/\/kommentatorenblog.de\/wp-content\/uploads\/2020\/09\/shure-55sh-ii-e1601485394796.jpg 415w, https:\/\/kommentatorenblog.de\/wp-content\/uploads\/2020\/09\/shure-55sh-ii-e1601485394796-142x300.jpg 142w\" sizes=\"auto, (max-width: 10px) 100vw, 10px\" \/> Jonathan Dreier<\/p>\n\n\n\n<p><u>Mittwoch, 05. April 2023<\/u><\/p>\n\n\n\n<p><strong style=\"font-style: italic;\">FC Barcelona <strong><em><span><b style=\"font-style: italic;\">\u2013<\/b><\/span><\/em><\/strong><\/strong> <em><strong>Real Madrid (21.00 Uhr)<\/strong><\/em> <\/p>\n\n\n\n<p><img loading=\"lazy\" decoding=\"async\" width=\"10\" height=\"21\" class=\"wp-image-3656\" style=\"width: 10px;\" src=\"http:\/\/kommentatorenblog.de\/wp-content\/uploads\/2020\/09\/shure-55sh-ii-e1601485394796.jpg\" alt=\"\" srcset=\"https:\/\/kommentatorenblog.de\/wp-content\/uploads\/2020\/09\/shure-55sh-ii-e1601485394796.jpg 415w, https:\/\/kommentatorenblog.de\/wp-content\/uploads\/2020\/09\/shure-55sh-ii-e1601485394796-142x300.jpg 142w\" sizes=\"auto, (max-width: 10px) 100vw, 10px\" \/> Karsten Linke<\/p>\n\n\n\n<hr class=\"wp-block-separator\"\/>\n\n\n\n<p><strong>Coppa Italia, Halbfinale (DAZN)<\/strong><\/p>\n\n\n\n<p><u>Dienstag, 04. April 2023<\/u><\/p>\n\n\n\n<p><strong style=\"font-style: italic;\">Juventus Turin <strong><em><span><b style=\"font-style: italic;\">\u2013<\/b><\/span><\/em><\/strong><\/strong> <em><strong>Inter Mailand (21.00 Uhr)<\/strong><\/em> <\/p>\n\n\n\n<p><img loading=\"lazy\" decoding=\"async\" width=\"10\" height=\"21\" class=\"wp-image-3656\" style=\"width: 10px;\" src=\"http:\/\/kommentatorenblog.de\/wp-content\/uploads\/2020\/09\/shure-55sh-ii-e1601485394796.jpg\" alt=\"\" srcset=\"https:\/\/kommentatorenblog.de\/wp-content\/uploads\/2020\/09\/shure-55sh-ii-e1601485394796.jpg 415w, https:\/\/kommentatorenblog.de\/wp-content\/uploads\/2020\/09\/shure-55sh-ii-e1601485394796-142x300.jpg 142w\" sizes=\"auto, (max-width: 10px) 100vw, 10px\" \/> Carsten Fu\u00df, Experte: Christian Bernhard<\/p>\n\n\n\n<hr class=\"wp-block-separator is-style-default\"\/>\n\n\n\n<p><strong>KNVB-Becker, Halbfinale (Sportdigital Fu\u00dfball)<\/strong><\/p>\n\n\n\n<p><u>Dienstag, 04. April 2023<\/u><\/p>\n\n\n\n<p><strong style=\"font-style: italic;\">SV Spakenburg <strong><em><span><b style=\"font-style: italic;\">\u2013<\/b><\/span><\/em><\/strong><\/strong> <em><strong>PSV Eindhoven (20.00 Uhr)<\/strong><\/em> <\/p>\n\n\n\n<p><img loading=\"lazy\" decoding=\"async\" width=\"10\" height=\"21\" class=\"wp-image-3656\" style=\"width: 10px;\" src=\"http:\/\/kommentatorenblog.de\/wp-content\/uploads\/2020\/09\/shure-55sh-ii-e1601485394796.jpg\" alt=\"\" srcset=\"https:\/\/kommentatorenblog.de\/wp-content\/uploads\/2020\/09\/shure-55sh-ii-e1601485394796.jpg 415w, https:\/\/kommentatorenblog.de\/wp-content\/uploads\/2020\/09\/shure-55sh-ii-e1601485394796-142x300.jpg 142w\" sizes=\"auto, (max-width: 10px) 100vw, 10px\" \/> Christian Blunck<\/p>\n\n\n\n<p><u>Mittwoch, 05. April 2023<\/u><\/p>\n\n\n\n<p><strong style=\"font-style: italic;\">Feyenoord Rotterdam <strong><em><span><b style=\"font-style: italic;\">\u2013<\/b><\/span><\/em><\/strong><\/strong> <em><strong>Ajax Amsterdam (20.00 Uhr)<\/strong><\/em> <\/p>\n\n\n\n<p><img loading=\"lazy\" decoding=\"async\" width=\"10\" height=\"21\" class=\"wp-image-3656\" style=\"width: 10px;\" src=\"http:\/\/kommentatorenblog.de\/wp-content\/uploads\/2020\/09\/shure-55sh-ii-e1601485394796.jpg\" alt=\"\" srcset=\"https:\/\/kommentatorenblog.de\/wp-content\/uploads\/2020\/09\/shure-55sh-ii-e1601485394796.jpg 415w, https:\/\/kommentatorenblog.de\/wp-content\/uploads\/2020\/09\/shure-55sh-ii-e1601485394796-142x300.jpg 142w\" sizes=\"auto, (max-width: 10px) 100vw, 10px\" \/> Marvin Kirsch<\/p>\n\n\n\n<hr class=\"wp-block-separator\"\/>\n\n\n\n<p><strong>Saudi Arabian Pro League, 22. Spieltag (Sportdigital Fu\u00dfball)<\/strong><\/p>\n\n\n\n<p><u>Dienstag, 04. April 2023<\/u><\/p>\n\n\n\n<p><strong style=\"font-style: italic;\">Al-Adalah FC <strong style=\"font-style: italic;\"><strong style=\"font-style: italic;\"><strong><em><span><b style=\"font-style: italic;\">\u2013<\/b><\/span><\/em><\/strong><\/strong><\/strong> Al-Nassr FC<\/strong> <em><strong>(21.00 Uhr)<\/strong><\/em> <\/p>\n\n\n\n<p><img loading=\"lazy\" decoding=\"async\" width=\"10\" height=\"21\" class=\"wp-image-3656\" style=\"width: 10px;\" src=\"http:\/\/kommentatorenblog.de\/wp-content\/uploads\/2020\/09\/shure-55sh-ii-e1601485394796.jpg\" alt=\"\" srcset=\"https:\/\/kommentatorenblog.de\/wp-content\/uploads\/2020\/09\/shure-55sh-ii-e1601485394796.jpg 415w, https:\/\/kommentatorenblog.de\/wp-content\/uploads\/2020\/09\/shure-55sh-ii-e1601485394796-142x300.jpg 142w\" sizes=\"auto, (max-width: 10px) 100vw, 10px\" \/> Henrik Hinrichsen<\/p>\n\n\n\n<hr class=\"wp-block-separator is-style-default\"\/>\n\n\n\n<p><strong>Die Analyse<\/strong><\/p>\n\n\n\n<p>Das erste DFB-Pokal Viertelfinale startet in Frankfurt, die SGE empf\u00e4ngt Union Berlin. Neben Sky zeigt auch das ZDF die Partie. Im ZDF melden sich ab 17.40Uhr Jochen Breyer und Felix Kroos aus der Arena, zudem gehen Boris B\u00fcchler und Amelie Stiefvatter auf Stimmenfang. Kommentator ist Oliver Schmidt. Bei Sky ist Yannick Erkenbrecher am Spielfeldrand und Martin Gro\u00df am Mikrofon unterwegs.<\/p>\n\n\n\n<p>Am Abend gibt es dann Teil eins von Bayern gegen Freiburg, aber eben auch ein Topspiel in der Premier League zwischen Chelsea und Liverpool. Sky nimmt sich diesen Anlass und zeigt eine Konferenz der beiden Spiele. Hierbei kommt ein Duo zum Einsatz, das wir von FIFA und der Glanzparade kennen: Topspielkommentator Wolff Fuss und Konferenz-Guru Frank Buschmann. Ich finde die Idee \u00fcberragend gut, bin ein Fan der beiden Kommentatoren und werde daher definitiv einschalten! Alternativ k\u00f6nnt ihr aber nat\u00fcrlich auch beide Spiele einzeln verfolgen. Die Premier League \u00fcbernimmt dabei nat\u00fcrlich kein Geringerer als Florian Schmidt-Sommerfeld, w\u00e4hrend es beim zweiten Tuchel-Spiel die Auswahl zwischen Kai Dittmann und Gerd Gottlob gibt. <\/p>\n\n\n\n<p>Am Mittwoch gibt es dann zur fr\u00fchen Ansto\u00dfzeit das Sky-Exklusivspiel. Der 1.FC N\u00fcrnberg empf\u00e4ngt den VfB Stuttgart inklusive Sebastian Hoene\u00df. Stefan Hempel steht mit dem On-Air Gast Rainer Zietsch am Spielfeldrand und Roland Evers wird kommentieren. Am Abend steht dann ein Topspiel zwischen Leipzig und Dortmund an, beide haben nach dem Wochenende noch was gut zu machen &#8211; insbesondere die Leipziger. Patrick Wasserziehr meldet sich als Moderator aus der Arena und auch Nele Schenker ist f\u00fcr Interviews in der Arena. Kommentieren wird nat\u00fcrlich kein geringerer als Wolff Christoph Fuss. Im ZDF \u00fcbernehmen Sven Voss und Per Mertesacker ab 20.15Uhr und durch die 90 Minuten wird dann Claudia Neumann \u00fcbernehmen. <\/p>\n\n\n\n<p>Bis dahin, entschuldigt den etwas knappen Beitrag und habt eine sch\u00f6ne Osterwoche!<\/p>\n","protected":false},"excerpt":{"rendered":"<p>N&#8217;Abend allerseits, Viertelfinale im DFB Pokal und eine ganz besondere Konferenz sind heute das Thema, aus Zeitgr\u00fcnden verlagert sich dies aber alles in die Analyse! Die Ansetzungen vom 04. April 2023 bis 06. April 2023: DFB-Pokal, Viertelfinale Dienstag, 04. April 2023, ab 17.40 Uhr (ZDF) bzw. ab 17.45 Uhr (Sky) Eintracht Frankfurt \u2013 1. FC [&hellip;]<\/p>\n","protected":false},"author":5,"featured_media":0,"comment_status":"open","ping_status":"open","sticky":false,"template":"","format":"standard","meta":{"footnotes":""},"categories":[504],"tags":[],"class_list":["post-14808","post","type-post","status-publish","format-standard","hentry","category-dfb-pokal-co"],"_links":{"self":[{"href":"https:\/\/kommentatorenblog.de\/index.php?rest_route=\/wp\/v2\/posts\/14808","targetHints":{"allow":["GET"]}}],"collection":[{"href":"https:\/\/kommentatorenblog.de\/index.php?rest_route=\/wp\/v2\/posts"}],"about":[{"href":"https:\/\/kommentatorenblog.de\/index.php?rest_route=\/wp\/v2\/types\/post"}],"author":[{"embeddable":true,"href":"https:\/\/kommentatorenblog.de\/index.php?rest_route=\/wp\/v2\/users\/5"}],"replies":[{"embeddable":true,"href":"https:\/\/kommentatorenblog.de\/index.php?rest_route=%2Fwp%2Fv2%2Fcomments&post=14808"}],"version-history":[{"count":6,"href":"https:\/\/kommentatorenblog.de\/index.php?rest_route=\/wp\/v2\/posts\/14808\/revisions"}],"predecessor-version":[{"id":14825,"href":"https:\/\/kommentatorenblog.de\/index.php?rest_route=\/wp\/v2\/posts\/14808\/revisions\/14825"}],"wp:attachment":[{"href":"https:\/\/kommentatorenblog.de\/index.php?rest_route=%2Fwp%2Fv2%2Fmedia&parent=14808"}],"wp:term":[{"taxonomy":"category","embeddable":true,"href":"https:\/\/kommentatorenblog.de\/index.php?rest_route=%2Fwp%2Fv2%2Fcategories&post=14808"},{"taxonomy":"post_tag","embeddable":true,"href":"https:\/\/kommentatorenblog.de\/index.php?rest_route=%2Fwp%2Fv2%2Ftags&post=14808"}],"curies":[{"name":"wp","href":"https:\/\/api.w.org\/{rel}","templated":true}]}}