{"id":14837,"date":"2023-04-10T15:47:00","date_gmt":"2023-04-10T13:47:00","guid":{"rendered":"http:\/\/kommentatorenblog.de\/?p=14837"},"modified":"2023-04-11T15:58:09","modified_gmt":"2023-04-11T13:58:09","slug":"1332-rein-in-die-viertelfinals","status":"publish","type":"post","link":"https:\/\/kommentatorenblog.de\/?p=14837","title":{"rendered":"1332 &#8211; Rein in die Viertelfinals"},"content":{"rendered":"\n<p>Hallo zusammen,<\/p>\n\n\n\n<p>Letztens haben wir ja den Blick auf den Streaminganbieter Dyn Sport gerichtet, heute soll der Blick auf einen anderen Streaminganbieter gehen, bei dem Fu\u00dfball auch nicht im Fokus steht: sportdeutschland.tv.<\/p>\n\n\n\n<p>Der Sender existiert bereits seit einigen Jahren und wurde vom DOSB (Deutscher Olympischer Sportbund) gegr\u00fcndet und hat dadurch auch ein breites Spektrum an Sportarten im Programm. Anfang M\u00e4rz hat der Anbieter dabei wahrscheinlich nochmal an Bekanntheit zugelegt, denn da wurde bekannt, dass man ab 2024 u.a. die Eishockey WM \u00fcbertragen wird. Beg\u00fcnstigt wurde dies wohl durch die Neuaufstellung des Sportsenders, so stieg Thomas Riedel als neuer Miteigent\u00fcmer bei sportdeutschland.tv ein.<\/p>\n\n\n\n<p>Insgesamt wei\u00dft sportdeutschland.tv ein breites Portfolio an Sportarten und \u00dcbertragungen auf, dazu geh\u00f6ren u.a.:<\/p>\n\n\n\n<ul class=\"wp-block-list\"><li>Eishockey<\/li><li>Handball<\/li><li>Basketball<\/li><li>Leichtathletik<\/li><li>Volleyball<\/li><li>Football<\/li><li>Badminton<\/li><\/ul>\n\n\n\n<p>Im <strong>Eishockey<\/strong> besitz man ab 2024 die Exklusivrechte f\u00fcr die WM, allerdings wurden hier letzte Woche Sublizenzen an ProSiebenSat1 (u.a. f\u00fcr alle deutschen Spiele) vergeben. Dazu kommen ab kommender Saison Spiele aus der NHL und der Champions Hockey League, mittelfristig m\u00f6chte man sogar noch mehr Eishockey ins Programm holen. <\/p>\n\n\n\n<p>Beim <strong>Handball<\/strong> hat man gerade erst einen neuen TV- Vertrag f\u00fcr die erste und zweite Bundesliga der Frauen (HBF), samt DHB- Pokal und Supercup unterschrieben und wird diese Spiele auch weiterhin zeigen, durch eine Sublizenz an Dyn Sport werden auch dort alle Spiele (mit Ausnahme der 2. Liga) zu sehen sein. Daneben hat sportdeutschland.tv in den letzten Jahren auch immer wieder die Gro\u00dfereignisse im Handball gezeigt, dazu geh\u00f6rten u.a. alle Spiele der M\u00e4nner- WM diesen Jahres sowie die Frauen- EM letztes Jahr. Aktuell gibt es auch noch die 2. Liga der M\u00e4nner zu sehen, ab n\u00e4chster Saison l\u00e4uft diese dann aber bekanntlich bei Dyn Sport.<\/p>\n\n\n\n<p>Im <strong>Basketball <\/strong>wird die 2. Liga der M\u00e4nner (kostenlos) \u00fcbertragen, dazu gibt es \u00dcbertragungen der German Football League sowie der 2. Liga im <strong>Football<\/strong>. Ebenso wurden die <strong>Volleyball<\/strong>&#8211; Weltmeisterschaften der M\u00e4nner als auch der Frauen im letzten Jahr \u00fcbertragen.<\/p>\n\n\n\n<p>Neben Mannschaftssportarten gibt es u.a. auch \u00dcbertragungen von <strong>Leichtathletik<\/strong>&#8211; Meetings, u.a. der World Athletics Tour. Im Allgemeinen l\u00e4sst sich sagen, dass eine \u00dcbertragungs-\/Rechte\u00fcbersicht bei sportdeutschland.tv nicht ganz so einfach ist, da das Portfolio sehr gro\u00df und extrem viele Sportarten abdeckt.<\/p>\n\n\n\n<p><strong>Medienpartnerschaft<\/strong><\/p>\n\n\n\n<p>Durch eine Sublizenz von ARD und ZDF hat sich sportdeutschland.tv weiterhin die Rechte an 37 weiteren Sportarten gesichert (<a href=\"https:\/\/www.presseportal.de\/pm\/107240\/5348533\">DOSB New Media verl\u00e4ngert Vertrag mit SportA &#8211; Sportdeutschland.TV bleibt Partner von &#8230; | Presseportal<\/a>) und \u00fcbertr\u00e4gt laut eigenen Angaben 40 Bundesligen und mehr als 300 Meisterschaften dazu kommen viele weitere Events, wie Qualifikationswettk\u00e4mpfe f\u00fcr Meisterschaften&#8230;<\/p>\n\n\n\n<p><strong>Der Preis<\/strong><\/p>\n\n\n\n<p>Anders als bei Dyn Sport braucht es bei sportdeutschland.tv nicht unbedingt ein Abo. So werden hier viele Events verschiedener Sportarten kostenlos gestreamt. F\u00fcr manche Sportarten fallen jedoch auch Kosten, so zum Beispiel bei der HBF: Hier gibt es ausgew\u00e4hlte Spiele kostenlos, die restlichen k\u00f6nnen per Pay-per-View, Follow-your-team, oder durch Season-Passes angeschaut werden.<\/p>\n\n\n\n<p><strong>Die Ansetzungen vom 11. April 2023 bis 13.April 2023:<\/strong><\/p>\n\n\n\n<hr class=\"wp-block-separator is-style-default\"\/>\n\n\n\n<p><strong>L\u00e4nderspiel, Testspiel Frauen<\/strong><\/p>\n\n\n\n<p><span style=\"text-decoration: underline;\">Dienstag, 11. April 2023 ab 17.45 Uhr (Das Erste)<\/span><\/p>\n\n\n\n<p><em><strong>Deutschland \u2013 Brasilien (18.00 Uhr)<\/strong><\/em><\/p>\n\n\n\n<p><img loading=\"lazy\" decoding=\"async\" width=\"10\" height=\"21\" class=\"wp-image-3656\" style=\"width: 10px;\" src=\"http:\/\/kommentatorenblog.de\/wp-content\/uploads\/2020\/09\/shure-55sh-ii-e1601485394796.jpg\" alt=\"\" srcset=\"https:\/\/kommentatorenblog.de\/wp-content\/uploads\/2020\/09\/shure-55sh-ii-e1601485394796.jpg 415w, https:\/\/kommentatorenblog.de\/wp-content\/uploads\/2020\/09\/shure-55sh-ii-e1601485394796-142x300.jpg 142w\" sizes=\"auto, (max-width: 10px) 100vw, 10px\" \/> Bernd Schmelzer, Field- Reporterin: Julia B\u00fcchler?<\/p>\n\n\n\n<p>Moderation: Claus Lufen, Expertin: Nia K\u00fcnzer<\/p>\n\n\n\n<p><strong>UEFA Champions League, Viertelfinal- Hinspiel (DAZN\/Prime Video)<\/strong><\/p>\n\n\n\n<p><u>Dienstag, 11. April <\/u><u>2023, ab 20.00 Uhr (Prime Video)<\/u><\/p>\n\n\n\n<p><strong style=\"font-style: italic;\">Manchester City <strong><em><span><b style=\"font-style: italic;\">\u2013<\/b><\/span><\/em><\/strong><\/strong> <em><strong>FC Bayern M\u00fcnchen (21.00 Uhr)<\/strong><\/em> <br><img loading=\"lazy\" decoding=\"async\" width=\"10\" height=\"21\" class=\"wp-image-3656\" style=\"width: 10px;\" src=\"http:\/\/kommentatorenblog.de\/wp-content\/uploads\/2020\/09\/shure-55sh-ii-e1601485394796.jpg\" alt=\"\" srcset=\"https:\/\/kommentatorenblog.de\/wp-content\/uploads\/2020\/09\/shure-55sh-ii-e1601485394796.jpg 415w, https:\/\/kommentatorenblog.de\/wp-content\/uploads\/2020\/09\/shure-55sh-ii-e1601485394796-142x300.jpg 142w\" sizes=\"auto, (max-width: 10px) 100vw, 10px\" \/> Jonas Friedrich, Experte: Benedikt H\u00f6wedes<br>Field-Reporter:innen: Annika Zimmermann und Sebastian Benesch<br>Moderation: Sebastian Hellmann, Expert:innen: Josephine Henning, Matthias Sammer und Mario Gomez<\/p>\n\n\n\n<p><u>ab 20.50 Uhr (DAZN)<\/u><\/p>\n\n\n\n<p><strong style=\"font-style: italic;\">Benfica Lissabon <strong><em><span><b style=\"font-style: italic;\">\u2013<\/b><\/span><\/em><\/strong><\/strong> <em><strong>Inter Mailand (21.00 Uhr)<\/strong><\/em> <br><img loading=\"lazy\" decoding=\"async\" width=\"10\" height=\"21\" class=\"wp-image-3656\" style=\"width: 10px;\" src=\"http:\/\/kommentatorenblog.de\/wp-content\/uploads\/2020\/09\/shure-55sh-ii-e1601485394796.jpg\" alt=\"\" srcset=\"https:\/\/kommentatorenblog.de\/wp-content\/uploads\/2020\/09\/shure-55sh-ii-e1601485394796.jpg 415w, https:\/\/kommentatorenblog.de\/wp-content\/uploads\/2020\/09\/shure-55sh-ii-e1601485394796-142x300.jpg 142w\" sizes=\"auto, (max-width: 10px) 100vw, 10px\" \/> Marco Hagemann, Experte: Sebastian Knei\u00dfl<\/p>\n\n\n\n<p><u>Mittwoch, 12. April<\/u><u> 2023, ab 20.15 Uhr (DAZN)<\/u><\/p>\n\n\n\n<p><strong style=\"font-style: italic;\">Real Madrid <strong><em><span><b style=\"font-style: italic;\">\u2013<\/b><\/span><\/em><\/strong><\/strong> <strong><em>FC <\/em><\/strong><em><strong>Chelsea (21.00 Uhr)<\/strong><\/em> <br><img loading=\"lazy\" decoding=\"async\" width=\"10\" height=\"21\" class=\"wp-image-3656\" style=\"width: 10px;\" src=\"http:\/\/kommentatorenblog.de\/wp-content\/uploads\/2020\/09\/shure-55sh-ii-e1601485394796.jpg\" alt=\"\" srcset=\"https:\/\/kommentatorenblog.de\/wp-content\/uploads\/2020\/09\/shure-55sh-ii-e1601485394796.jpg 415w, https:\/\/kommentatorenblog.de\/wp-content\/uploads\/2020\/09\/shure-55sh-ii-e1601485394796-142x300.jpg 142w\" sizes=\"auto, (max-width: 10px) 100vw, 10px\" \/> Uli Hebel, Experte: Sami Khedira (Einzelspiel), Jan Platte (Konferenz)<br>Moderation: Tobi Wahnschaffe, Field-Reporter: Daniel Herzog<\/p>\n\n\n\n<p><u>ab 20.45 Uhr (DAZN)<\/u><\/p>\n\n\n\n<p><strong style=\"font-style: italic;\">AC Mailand <strong style=\"font-style: italic;\"><strong><em><span><b style=\"font-style: italic;\">\u2013<\/b><\/span><\/em><\/strong><\/strong> SSC Neapel<\/strong><em><strong> (21.00 Uhr)<\/strong><\/em> <br><img loading=\"lazy\" decoding=\"async\" width=\"10\" height=\"21\" class=\"wp-image-3656\" style=\"width: 10px;\" src=\"http:\/\/kommentatorenblog.de\/wp-content\/uploads\/2020\/09\/shure-55sh-ii-e1601485394796.jpg\" alt=\"\" srcset=\"https:\/\/kommentatorenblog.de\/wp-content\/uploads\/2020\/09\/shure-55sh-ii-e1601485394796.jpg 415w, https:\/\/kommentatorenblog.de\/wp-content\/uploads\/2020\/09\/shure-55sh-ii-e1601485394796-142x300.jpg 142w\" sizes=\"auto, (max-width: 10px) 100vw, 10px\" \/> Carsten Fu\u00df, Experte: Sandro Wagner (Einzelspiel), Max Siebald (Konferenz)<\/p>\n\n\n\n<hr class=\"wp-block-separator is-style-default\"\/>\n\n\n\n<p><strong>UEFA Europa League (RTL+\/RTL)<\/strong><\/p>\n\n\n\n<p><u>Donnerstag, 13. April<\/u><u> 2023, ab 18.15 Uhr (RTL+)<\/u><\/p>\n\n\n\n<p><strong style=\"font-style: italic;\">Feyenoord Rotterdam \u2013 AS Roma<\/strong><em><strong> (18.45 Uhr)<\/strong><\/em> <br><img loading=\"lazy\" decoding=\"async\" width=\"10\" height=\"21\" class=\"wp-image-3656\" style=\"width: 10px;\" src=\"http:\/\/kommentatorenblog.de\/wp-content\/uploads\/2020\/09\/shure-55sh-ii-e1601485394796.jpg\" alt=\"\" srcset=\"https:\/\/kommentatorenblog.de\/wp-content\/uploads\/2020\/09\/shure-55sh-ii-e1601485394796.jpg 415w, https:\/\/kommentatorenblog.de\/wp-content\/uploads\/2020\/09\/shure-55sh-ii-e1601485394796-142x300.jpg 142w\" sizes=\"auto, (max-width: 10px) 100vw, 10px\" \/> &nbsp;Stefan Galler (Einzelspiel), Stefan Fuckert (Konferenz)<\/p>\n\n\n\n<p><strong style=\"font-style: italic;\">KAA Gent \u2013 West Ham United<\/strong><em><strong> (18.45 Uhr)<\/strong><\/em> <br><img loading=\"lazy\" decoding=\"async\" width=\"10\" height=\"21\" class=\"wp-image-3656\" style=\"width: 10px;\" src=\"http:\/\/kommentatorenblog.de\/wp-content\/uploads\/2020\/09\/shure-55sh-ii-e1601485394796.jpg\" alt=\"\" srcset=\"https:\/\/kommentatorenblog.de\/wp-content\/uploads\/2020\/09\/shure-55sh-ii-e1601485394796.jpg 415w, https:\/\/kommentatorenblog.de\/wp-content\/uploads\/2020\/09\/shure-55sh-ii-e1601485394796-142x300.jpg 142w\" sizes=\"auto, (max-width: 10px) 100vw, 10px\" \/> Rene Langhoff (Einzelspiel), Alexander K\u00fcpper (Konferenz)<\/p>\n\n\n\n<p><u>ab 20.15 Uhr (RTL\/RTL+)<\/u><\/p>\n\n\n\n<p><strong style=\"font-style: italic;\">Bayer 04 Leverkusen \u2013 Union Saint-Gilloise<\/strong><em><strong> (21.00 Uhr)<\/strong><\/em><\/p>\n\n\n\n<p> <img loading=\"lazy\" decoding=\"async\" width=\"10\" height=\"21\" class=\"wp-image-3656\" style=\"width: 10px;\" src=\"http:\/\/kommentatorenblog.de\/wp-content\/uploads\/2020\/09\/shure-55sh-ii-e1601485394796.jpg\" alt=\"\" srcset=\"https:\/\/kommentatorenblog.de\/wp-content\/uploads\/2020\/09\/shure-55sh-ii-e1601485394796.jpg 415w, https:\/\/kommentatorenblog.de\/wp-content\/uploads\/2020\/09\/shure-55sh-ii-e1601485394796-142x300.jpg 142w\" sizes=\"auto, (max-width: 10px) 100vw, 10px\" \/> <em>RTL: <\/em>Marco Hagemann, Experte: Steffen Freund<\/p>\n\n\n\n<p> <img loading=\"lazy\" decoding=\"async\" width=\"10\" height=\"21\" class=\"wp-image-3656\" style=\"width: 10px;\" src=\"http:\/\/kommentatorenblog.de\/wp-content\/uploads\/2020\/09\/shure-55sh-ii-e1601485394796.jpg\" alt=\"\" srcset=\"https:\/\/kommentatorenblog.de\/wp-content\/uploads\/2020\/09\/shure-55sh-ii-e1601485394796.jpg 415w, https:\/\/kommentatorenblog.de\/wp-content\/uploads\/2020\/09\/shure-55sh-ii-e1601485394796-142x300.jpg 142w\" sizes=\"auto, (max-width: 10px) 100vw, 10px\" \/> <em>RTL+: <\/em>Robby Hunke &amp; Patrick Helmes (Einzelspiel), Cornelius K\u00fcpper (Konferenz)<\/p>\n\n\n\n<p>Field-Reporter: ???<\/p>\n\n\n\n<p>Moderation (RTL): Laura Papendick, Experten: Lothar Matth\u00e4us und Karl-Heinz Riedle<\/p>\n\n\n\n<p><u>ab 20.40 Uhr (RTL+)<\/u><\/p>\n\n\n\n<p><strong style=\"font-style: italic;\">Manchester United \u2013 FC Sevilla<\/strong><em><strong> (21.00 Uhr)<\/strong><\/em> <br><img loading=\"lazy\" decoding=\"async\" width=\"10\" height=\"21\" class=\"wp-image-3656\" style=\"width: 10px;\" src=\"http:\/\/kommentatorenblog.de\/wp-content\/uploads\/2020\/09\/shure-55sh-ii-e1601485394796.jpg\" alt=\"\" srcset=\"https:\/\/kommentatorenblog.de\/wp-content\/uploads\/2020\/09\/shure-55sh-ii-e1601485394796.jpg 415w, https:\/\/kommentatorenblog.de\/wp-content\/uploads\/2020\/09\/shure-55sh-ii-e1601485394796-142x300.jpg 142w\" sizes=\"auto, (max-width: 10px) 100vw, 10px\" \/> Oliver Seidler &amp; Felix Kroos&nbsp; (Einzelspiel), Christian Stra\u00dfburger (Konferenz)<\/p>\n\n\n\n<p><strong style=\"font-style: italic;\">Juventus Turin \u2013 Sporting Lissabon<\/strong><em><strong> (21.00 Uhr)<\/strong><\/em> <br><img loading=\"lazy\" decoding=\"async\" width=\"10\" height=\"21\" class=\"wp-image-3656\" style=\"width: 10px;\" src=\"http:\/\/kommentatorenblog.de\/wp-content\/uploads\/2020\/09\/shure-55sh-ii-e1601485394796.jpg\" alt=\"\" srcset=\"https:\/\/kommentatorenblog.de\/wp-content\/uploads\/2020\/09\/shure-55sh-ii-e1601485394796.jpg 415w, https:\/\/kommentatorenblog.de\/wp-content\/uploads\/2020\/09\/shure-55sh-ii-e1601485394796-142x300.jpg 142w\" sizes=\"auto, (max-width: 10px) 100vw, 10px\" \/> Michael Born (Einzelspiel), J\u00fcrgen Schmitz (Konferenz)<\/p>\n\n\n\n<p><strong style=\"font-style: italic;\">Lech Posen \u2013 AC Florenz<\/strong><em><strong> (21.00 Uhr)<\/strong><\/em> <br><img loading=\"lazy\" decoding=\"async\" width=\"10\" height=\"21\" class=\"wp-image-3656\" style=\"width: 10px;\" src=\"http:\/\/kommentatorenblog.de\/wp-content\/uploads\/2020\/09\/shure-55sh-ii-e1601485394796.jpg\" alt=\"\" srcset=\"https:\/\/kommentatorenblog.de\/wp-content\/uploads\/2020\/09\/shure-55sh-ii-e1601485394796.jpg 415w, https:\/\/kommentatorenblog.de\/wp-content\/uploads\/2020\/09\/shure-55sh-ii-e1601485394796-142x300.jpg 142w\" sizes=\"auto, (max-width: 10px) 100vw, 10px\" \/> Julian Engelhard (Einzelspiel),&nbsp;Christina Graf (Konferenz)<\/p>\n\n\n\n<p><strong style=\"font-style: italic;\">RSC Anderlecht \u2013 AZ Alkmaar<\/strong><em><strong> (21.00 Uhr)<\/strong><\/em> <br><img loading=\"lazy\" decoding=\"async\" width=\"10\" height=\"21\" class=\"wp-image-3656\" style=\"width: 10px;\" src=\"http:\/\/kommentatorenblog.de\/wp-content\/uploads\/2020\/09\/shure-55sh-ii-e1601485394796.jpg\" alt=\"\" srcset=\"https:\/\/kommentatorenblog.de\/wp-content\/uploads\/2020\/09\/shure-55sh-ii-e1601485394796.jpg 415w, https:\/\/kommentatorenblog.de\/wp-content\/uploads\/2020\/09\/shure-55sh-ii-e1601485394796-142x300.jpg 142w\" sizes=\"auto, (max-width: 10px) 100vw, 10px\" \/> Frederick Schulz (Einzelspiel), Klaus Veltman (Konferenz)<\/p>\n\n\n\n<p><strong style=\"font-style: italic;\">Real Sociedad <strong><em><span><b style=\"font-style: italic;\">\u2013<\/b><\/span><\/em><\/strong><\/strong> <em><strong>AS Rom (21.00 Uhr)<\/strong><\/em> <br><img loading=\"lazy\" decoding=\"async\" width=\"10\" height=\"21\" class=\"wp-image-3656\" style=\"width: 10px;\" src=\"http:\/\/kommentatorenblog.de\/wp-content\/uploads\/2020\/09\/shure-55sh-ii-e1601485394796.jpg\" alt=\"\" srcset=\"https:\/\/kommentatorenblog.de\/wp-content\/uploads\/2020\/09\/shure-55sh-ii-e1601485394796.jpg 415w, https:\/\/kommentatorenblog.de\/wp-content\/uploads\/2020\/09\/shure-55sh-ii-e1601485394796-142x300.jpg 142w\" sizes=\"auto, (max-width: 10px) 100vw, 10px\" \/> Florian von Stackelberg (Einzelspiel), Philip Konrad (Konferenz)<\/p>\n\n\n\n<p>Moderation (RTL+): Anna Kraft, Arnd Zeigler und Ansgar Brinkmann<\/p>\n\n\n\n<hr class=\"wp-block-separator is-style-default\"\/>\n\n\n\n<hr class=\"wp-block-separator is-style-default\"\/>\n\n\n\n<p><strong>Liga Profesional (Argentinien) (Sportdigital Fu\u00dfball)<\/strong><\/p>\n\n\n\n<p><u>Dienstag, 11.April <\/u><u>2023<\/u><\/p>\n\n\n\n<p><strong style=\"font-style: italic;\">CA San Lorenzo &#8211; Boca Juniors<\/strong><em><strong> (21.30 Uhr)<\/strong><\/em> <br><img loading=\"lazy\" decoding=\"async\" width=\"10\" height=\"21\" class=\"wp-image-3656\" style=\"width: 10px;\" src=\"http:\/\/kommentatorenblog.de\/wp-content\/uploads\/2020\/09\/shure-55sh-ii-e1601485394796.jpg\" alt=\"\" srcset=\"https:\/\/kommentatorenblog.de\/wp-content\/uploads\/2020\/09\/shure-55sh-ii-e1601485394796.jpg 415w, https:\/\/kommentatorenblog.de\/wp-content\/uploads\/2020\/09\/shure-55sh-ii-e1601485394796-142x300.jpg 142w\" sizes=\"auto, (max-width: 10px) 100vw, 10px\" \/> Arne Malsch<\/p>\n\n\n\n<hr class=\"wp-block-separator is-style-default\"\/>\n\n\n\n<p><strong><code>ANALYSE<\/code><\/strong><\/p>\n\n\n\n<p><strong>EM Zweiter &#8211; S\u00fcdamerikameister in N\u00fcrnberg<\/strong><\/p>\n\n\n\n<p>Nach dem 1:0- Erfolg gegen die Niederlande geht es f\u00fcr die DFB- Frauen am Dienstag mit einem weiteren Test auf dem Weg zur WM im Sommer in Australien und Neuseeland weiter. Anpfiff der Partie gegen Brasilien in N\u00fcrnberg, welche auch das Abschiedsspiel von Dszenifer Maroszan ist, wie ihr bereits in den Kommentaren lesen konntet, ist um 18.00 Uhr, das Erste wird ab 17.45 Uhr \u00fcbertragen. Dann meldet sich Moderator Claus Lufen zusammen mit Expertin Nia K\u00fcnzer. Die Ansetzung ist keinerlei \u00dcberraschung, so waren Lufen und K\u00fcnzer bei allen L\u00e4nderspiel- \u00dcbertragungen in der ARD in letzter Zeit im Einsatz. Genauso wenig \u00fcberraschend ist es auch, dass BR- Mann Bernd Schmelzer die Partie in N\u00fcrnberg kommentieren wird. Field- Reporterin wird wohl Julia B\u00fcchler, ebenfalls vom Bayrischen Rundfunk, sein. Direkt vor der WM sollen dann nochmal zwei Testheimspiele anstehen, gegen wen ist noch nicht bekannt.<\/p>\n\n\n\n<p><strong>CL: Bayern bei ManCity<\/strong><\/p>\n\n\n\n<p>Dazu startet am Dienstag auch die Champions League in die Viertelfinals. F\u00fcr den FC Bayern M\u00fcnchen, das einzig verbliebene deutsche Team in der Champions League, geht es gegen den RB Leipzig- Bezwinger Manchester City. Das Hinspiel findet am Dienstag statt, dementsprechend hat sich auch Prime die \u00dcbertragung gesichert. Moderiert wird die Begegnung, wie gewohnt, von Sebastian Hellmann, kommentieren wird Jonas Friedrich zusammen mit Experte Benedikt H\u00f6wedes. Neben Hellmann werden auch wieder Matthias Sammer und Josephine Henning die Partie analysieren. Dazu kommt, als einzige Ver\u00e4nderung zur letzten \u00dcbertragung, Mario Gomez als Experte. Er ersetzt damit Patrick Owomoyela, welcher sich nach Spielende der Bayern- Partie der anderen Partie des Tages widmen wird.<\/p>\n\n\n\n<p>Diese andere Partie, Benfica- Inter, gibt es in voller l\u00e4nge bei DAZN zu sehen, und wird von Marco Hagemann kommentiert. Experte an seiner Seite ist Sebastian Knei\u00dfl, der auch schon beim Achtelfinale von Inter im Einsatz war.<\/p>\n\n\n\n<p>Am Mittwoch stehen dann die anderen beiden Viertelfinals bei DAZN an, deshalb wird es auch wieder eine Konferenz geben, hier kommentieren Jan Platte (Real-Chelsea) und Max Siebald.<\/p>\n\n\n\n<p>Im Einzelspiel liegt der Fokus ganz klar auf Real- Chelsea, hier startet die Berichterstattung ab 20.15 aus Madrid mit Moderator Daniel Herzog und Experte Sami Khedira, der anschlie\u00dfend das Spiel zusammen mit Uli Hebel kommentieren wird. Ebenso wird sich Tobi Wahnschaffe aus M\u00fcnchen melden. Das zweite Spiel an diesem Abend, das italienische Duell AC Mailand- SSC Neapel \u00fcbernehmen Carsten Fu\u00df und Experte Sandro Wagner.<\/p>\n\n\n\n<p><strong>Bayer 04 gegen Saint- Gilloise<\/strong><\/p>\n\n\n\n<p>In der Europa League ist auch nur noch ein deutscher Vertreter dabei: Bayer 04 Leverkusen. Die werden, ebenfalls wie Bayern in der CL, auf ein Team treffen, welches in der Runde davor ein deutsches Team aus dem Wettbewerb geworfen hat: Union Saint- Gilloise, der Union Berlin- Bezwinger. RTL \u00fcbertr\u00e4gt nat\u00fcrlich die Partie von Leverkusen im Free TV. Beim Personal gibt es dabei keinerlei \u00dcberraschung, Hagemann kommentiert, Papendick moderiert und auch die Experten bleiben gleich. RTL+ bietet neben einer Konferenz auch wieder das Spiel mit eigenem Kommentar an, hier \u00fcbernimmt Robert Hunke mit Patrick Helmes. Z\u00e4hlt man alle zusammen, sind f\u00fcr die Partie also vier Experten und drei Kommentatoren im Einsatz. Dazu kommen noch die RTL+- Experten von Matchday.<\/p>\n\n\n\n<p>Ansonsten zeigt RTL+ alle weiteren Viertelfinals der Europa und Conference League. F\u00fcr die Partie Manchester United- Sevilla kommt neben Kommentator Seidler auch noch Felix Kroos als Experte zum Einsatz. Am fr\u00fchen Abend wird es eine kleine Konferenz mit den Partien Rotterdam- Rom und Gent- West Ham geben, hier \u00fcbernehmen Stefan Fuckert und Alexander K\u00fcpper.<\/p>\n\n\n\n<p>Ab 21.00 Uhr werden dann in der Konferenz Cornelius K\u00fcpper, Christian Stra\u00dfburger, J\u00fcrgen Schmitz, Christina Grad, Klaus Veltman und Philip Konrad zu h\u00f6ren sein.<\/p>\n\n\n\n<p>Das wars von dieser Stelle, am Donnerstag geht dann der Blick auf den 28. Spieltag der M\u00e4nner- Bundesliga und die Halbfinals im DFB- Pokal der Frauen.<\/p>\n\n\n\n<p>Bis dahin, allen eine sch\u00f6ne Woche.<\/p>\n","protected":false},"excerpt":{"rendered":"<p>Hallo zusammen, Letztens haben wir ja den Blick auf den Streaminganbieter Dyn Sport gerichtet, heute soll der Blick auf einen anderen Streaminganbieter gehen, bei dem Fu\u00dfball auch nicht im Fokus steht: sportdeutschland.tv. Der Sender existiert bereits seit einigen Jahren und wurde vom DOSB (Deutscher Olympischer Sportbund) gegr\u00fcndet und hat dadurch auch ein breites Spektrum an [&hellip;]<\/p>\n","protected":false},"author":10,"featured_media":0,"comment_status":"open","ping_status":"open","sticky":false,"template":"","format":"standard","meta":{"footnotes":""},"categories":[424,426],"tags":[163,517,19,582,131,615,636,614,212,13,695,703,702,48,69,315,612,676,75,31,43,279,637,113,903,690,290,874,853,138,656,350,222,394,154,151,252,105],"class_list":["post-14837","post","type-post","status-publish","format-standard","hentry","category-bundesliga-und-co","category-laenderspiele","tag-alexander-kuepper","tag-anna-kraft","tag-ard","tag-bernd-schmelzer","tag-carsten-fuss","tag-christina-graf","tag-claus-lufen","tag-cornelius-kuepper","tag-daniel-herzog","tag-dazn","tag-felix-kroos","tag-florian-von-stackelberg","tag-frederick-schulz","tag-jan-platte","tag-jonas-friedrich","tag-julian-engelhard","tag-karl-heinz-riedle","tag-klaus-veltman","tag-laura-papendick","tag-lothar-matthaeus","tag-marco-hagemann","tag-max-siebald","tag-nia-kuenzer","tag-oliver-seidler","tag-patrick-helmes","tag-philip-konrad","tag-primevideo","tag-rene-langhoff","tag-robert-hunke","tag-rtl","tag-rtl-2","tag-sandro-wagner","tag-sebastian-kneissl","tag-stefan-fuckert","tag-stefan-galler","tag-steffen-freund","tag-tobi-wahnschaffe","tag-uli-hebel"],"_links":{"self":[{"href":"https:\/\/kommentatorenblog.de\/index.php?rest_route=\/wp\/v2\/posts\/14837","targetHints":{"allow":["GET"]}}],"collection":[{"href":"https:\/\/kommentatorenblog.de\/index.php?rest_route=\/wp\/v2\/posts"}],"about":[{"href":"https:\/\/kommentatorenblog.de\/index.php?rest_route=\/wp\/v2\/types\/post"}],"author":[{"embeddable":true,"href":"https:\/\/kommentatorenblog.de\/index.php?rest_route=\/wp\/v2\/users\/10"}],"replies":[{"embeddable":true,"href":"https:\/\/kommentatorenblog.de\/index.php?rest_route=%2Fwp%2Fv2%2Fcomments&post=14837"}],"version-history":[{"count":15,"href":"https:\/\/kommentatorenblog.de\/index.php?rest_route=\/wp\/v2\/posts\/14837\/revisions"}],"predecessor-version":[{"id":14869,"href":"https:\/\/kommentatorenblog.de\/index.php?rest_route=\/wp\/v2\/posts\/14837\/revisions\/14869"}],"wp:attachment":[{"href":"https:\/\/kommentatorenblog.de\/index.php?rest_route=%2Fwp%2Fv2%2Fmedia&parent=14837"}],"wp:term":[{"taxonomy":"category","embeddable":true,"href":"https:\/\/kommentatorenblog.de\/index.php?rest_route=%2Fwp%2Fv2%2Fcategories&post=14837"},{"taxonomy":"post_tag","embeddable":true,"href":"https:\/\/kommentatorenblog.de\/index.php?rest_route=%2Fwp%2Fv2%2Ftags&post=14837"}],"curies":[{"name":"wp","href":"https:\/\/api.w.org\/{rel}","templated":true}]}}