{"id":14981,"date":"2023-05-04T15:06:23","date_gmt":"2023-05-04T13:06:23","guid":{"rendered":"http:\/\/kommentatorenblog.de\/?p=14981"},"modified":"2023-05-06T18:44:53","modified_gmt":"2023-05-06T16:44:53","slug":"1339-tv-blackout","status":"publish","type":"post","link":"https:\/\/kommentatorenblog.de\/?p=14981","title":{"rendered":"1339- TV- Blackout?"},"content":{"rendered":"\n<hr class=\"wp-block-separator\"\/>\n\n\n\n<p class=\"has-text-align-center\">&#8222;<em>Um es ganz klar zu sagen: Wir haben eine moralische und rechtliche Verpflichtung, die Rechte an der FIFA Frauen-Weltmeisterschaft\u2122 nicht unter Wert zu verkaufen. Sollten die Gebote weiterhin nicht fair (f\u00fcr Frauen und den Frauenfussball) bleiben, werden wir uns gezwungen sehen, die FIFA Frauen-WM 2023\u2122 nicht in die f\u00fcnf gro\u00dfen europ\u00e4ischen L\u00e4nder zu \u00fcbertragen.<\/em>&#8222;<\/p>\n\n\n\n<p class=\"has-text-align-center has-small-font-size\">Quelle: <a href=\"https:\/\/www.fifa.com\/de\/about-fifa\/president\/news\/sendeanstalten-zur-zahlung-fairer-preise-fuer-die-frauen-wm-2023-medienrechte-angehalten\">Sendeanstalten zur Zahlung fairer Preise f\u00fcr die Medienrechte der FIFA Frauen-Weltmeisterschaft\u2122 angehalten<\/a><\/p>\n\n\n\n<p>So hei\u00dft es von Seiten der FIFA beziehungsweise ihrem Pr\u00e4sidenten mit Blick auf die in elf Wochen beginnende Weltmeisterschaft. Die Aussage richtet sich vor allem an die Sendeanstalten der &#8222;Big 5&#8220; Europas, also Deutschland, England, Frankreich, Italien und Spanien. Denn hier gibt es immer noch keinen TV- Vertrag f\u00fcr das anstehende Turnier.<\/p>\n\n\n\n<p><strong><em>Der Grund? <\/em><\/strong><\/p>\n\n\n\n<p class=\"has-text-align-center\"><em>&#8222;Die Gebote der Sendeanstalten sind insbesondere in den f\u00fcnf gro\u00dfen europ\u00e4ischen L\u00e4ndern noch sehr unbefriedigend und auf Grundlage von vier Kriterien nicht akzeptabel&#8220;<\/em><\/p>\n\n\n\n<p>So die Aussage von Infantino. Seine Kriterien sind, dass die Geb\u00fchren direkt in den Frauenfu\u00dfball reinvestiert w\u00fcrden, die Sender die Pflicht h\u00e4tten, den Frauensport zu f\u00f6rdern, sowie (Kriterium drei und vier ist eigentlich nur eins), dass die Zuschauerzahlen bei der Frauen- WM 50-60% der Zuschauerzahlen der M\u00e4nner-WM erreichen w\u00fcrden, die Angebote aber 20 bis 100 mal niedriger seien.<\/p>\n\n\n\n<p><strong><em>Was sagen die Sender?<\/em><\/strong><\/p>\n\n\n\n<p>Die Sportchefs von ARD und ZDF, Axel Balkausky und Yorck Polus, sprachen beide davon ein &#8222;marktgerechtes Angebot&#8220; bei der FIFA platziert zu haben und zeigten sich \u00fcber das Vorgehen verwundert. Eine genaue H\u00f6he des Angebots ist nicht bekannt.<\/p>\n\n\n\n<p>Vergleiche mit vorangegangenen Weltmeisterschaften kann es ohnehin nicht geben, weil erstmalig die Rechte der Frauen- WM alleine vergeben werden. F\u00fcr die WM 2019 wurden diese noch im Paket mit der M\u00e4nner- WM 2022 verkauft.<\/p>\n\n\n\n<p>Das Problem alleine ARD und ZDF zuzuschreiben, greift dabei aus vielerlei Gr\u00fcnden zu kurz. Einmal g\u00e4be es in Deutschland nat\u00fcrlich auch noch andere Sender, die ein solches Turnier \u00fcbertragen k\u00f6nnten, das Interesse, so macht es zumindest den Anschein, ist aber nicht allzu gro\u00df. Sky und ab und an DAZN wurden noch als (vorsichtige) Interessenten gehandelt. Dazu kommt, dass es auch die anderen der &#8222;Big 5&#8220; betrifft. In den meisten anderen europ\u00e4ischen L\u00e4nder, darunter u.a. die Schweiz, gibt es daf\u00fcr schon l\u00e4nger Vereinbarungen, getroffen zwischen EBU (European Broadcasting Union) und FIFA. Ob diese Sender direkt die Forderungen der FIFA erf\u00fcllten, oder es hier andere Anforderungen gab, ist allerdings nicht bekannt.<\/p>\n\n\n\n<p><strong><em>Die Quoten<\/em><\/strong><\/p>\n\n\n\n<p class=\"has-text-align-center\"><em>[D]ie Zeitverschiebung zu Europa d\u00fcrfe keine Entschuldigung f\u00fcr die niedrigen Angebote sein. &#8222;Das l\u00e4sst sich wirtschaftlich nicht begr\u00fcnden, denn die Einschaltquoten sind da. Weil das Turnier in Australien und Neuseeland stattfindet, wird es in Europa nicht zur Hauptsendezeit ausgestrahlt. Aber die Ausstrahlungen um 9 oder 10 Uhr vormittags sind doch eine recht vern\u00fcnftige Zeit.&#8220;<\/em><\/p>\n\n\n\n<p>So hei\u00dft es vom FIFA- Pr\u00e4sidenten, was durchaus interessant ist, da es wohl in der Vergangenheit einen Bericht von Seiten eben jener Organisation gab, der gegenteiliges sagte (<a href=\"https:\/\/www.deutschlandfunk.de\/sport-aktuell-fifa-wm-frauen-infantino-tv-rechte-drohung-100.html\">Infantino droht Europa: Verkaufen Rechte an der WM 2023 nicht | deutschlandfunk.de<\/a>). Schaut man sich die Ansto\u00dfzeiten der deutschen Mannschaft in der Gruppenphase an, 10:30 (Montag), 11:30 (Sonntag) und immerhin 12:00 (Donnerstag) deutscher Zeit, stellt man schnell fest, dass es schwierig werden k\u00f6nnte, all diese Spiele zu verfolgen. Insgesamt wird es in der Gruppenphase f\u00fcnfzehn verschiedene Ansto\u00dfzeiten zwischen 2 Uhr nachts und 14:30 geben, bei der WM 2022 waren es f\u00fcnf. Inwiefern zu diesen Zeiten 50-60 % der Zuschauer der M\u00e4nner- WM (welcher WM genau?) erreicht werden sollen, ist daher schwierig zu beantworten. Bei der letzten WM 2019 (in Frankreich) war der Anteil im Vergleich zur WM 2018 in Russland noch unter 50 % (einen Vergleich k\u00f6nnt ihr euch hier anschauen:<a href=\"https:\/\/de.statista.com\/statistik\/daten\/studie\/871890\/umfrage\/spiele-bei-der-fussball-wm-in-russland-mit-den-hoechsten-tv-quoten\/\">WM 2018 &#8211; Ranking der TV-Quoten in Deutschland | Statista<\/a> &amp; <a href=\"https:\/\/de.statista.com\/statistik\/daten\/studie\/1017078\/umfrage\/tv-quoten-der-spiele-der-deutschen-frauen-nationalmannschaft-bei-der-wm-2019\/#:~:text=Am%20Samstag%2C%20dem%2029.,der%20deutschen%20Mannschaft%20beim%20Turnier.\">Fu\u00dfball-WM 2019 &#8211; TV-Quoten der deutschen Frauen-Nationalmannschaft | Statista<\/a>). Vergleicht man die Durchschnittsquoten der letzten beiden Europameisterschaften, kommt man in diesen Bereich. Allerdings ist es schwierig diese Zahlen direkt zu Vergleichen, da sie auch von anderen Faktoren, wie dem Abschneiden der DFB- Elf und der Anzahl der deutschen Spiele im Vergleich zur Gesamtanzahl, Anzahl der \u00dcbertragungen im Ersten bzw. Zweiten, Spiele bereits um 15 Uhr bei der Euro 2021, abh\u00e4ngen k\u00f6nnen. Vorteil immerhin sind die sehr schwachen Quoten der WM 2022 in Deutschland (allerdings fast nur hierzulande, in England und Frankreich beispielsweise fielen diese deutlich besser aus).<\/p>\n\n\n\n<figure class=\"wp-block-image size-full is-resized\"><img loading=\"lazy\" decoding=\"async\" src=\"http:\/\/kommentatorenblog.de\/wp-content\/uploads\/2023\/05\/2023-05-03-4.png\" alt=\"\" class=\"wp-image-14987\" width=\"574\" height=\"94\" srcset=\"https:\/\/kommentatorenblog.de\/wp-content\/uploads\/2023\/05\/2023-05-03-4.png 739w, https:\/\/kommentatorenblog.de\/wp-content\/uploads\/2023\/05\/2023-05-03-4-300x50.png 300w\" sizes=\"auto, (max-width: 574px) 100vw, 574px\" \/><figcaption>Quoten\u00fcbersicht der letzten drei Gro\u00dfereignisse, sowie Anzahl \u00dcbertragungen im Ersten\/Zweiten<\/figcaption><\/figure>\n\n\n\n<p>Eine andere Vergleichsm\u00f6glichkeit w\u00e4re z.B. das quotenbeste Spiel der jeweiligen Vorrunde zu vergleichen (EM 21: 22,55 Mio Ger-Fra; EM 22 8,02 Mio Ger-Esp; WM 22 17,43 Mio Ger-Cri). <\/p>\n\n\n\n<p><strong>Mehr TV- Geld &#8211; mehr F\u00f6rderung?<\/strong><\/p>\n\n\n\n<p>Die Einnahmen durch die TV- Rechte sollen direkt in den Frauenfu\u00dfball reinvestiert werden. Die FIFA hat ihre Pr\u00e4mienzahlung im Vergleich zur WM 2019 auf rund 140 Mio \u20ac erh\u00f6ht, gleichzeitig wurde aber auch die Teilnehmerzahl um 8 erh\u00f6ht. Damit betragen die Pr\u00e4mien nun ein Drittel der, die die M\u00e4nner 2022 bekamen. Trotz Pr\u00e4mienerh\u00f6hung ist\/ war unklar, wie diese genau verteilt werden, was zu Planungsschwierigkeiten bei den teilnehmenden Nationen f\u00fchrte. Da die FIFA alleine im Zeitraum 2019 -2022  einen Gewinn von fast einer Milliarde Euro machte, w\u00e4re man also nicht unbedingt auf TV- Anbieter (und deren Geld) angewiesen, um den Frauenfu\u00dfball zu f\u00f6rdern.<\/p>\n\n\n\n<p>Vielmehr schwingt bei vielen der Verdacht mit, dass der Fu\u00dfball- Weltverband, eine gemeinn\u00fctzige Organisation, darauf aus ist, seinen Gewinn weiter zu vergr\u00f6\u00dfern und mit der WM der Frauen einen neuen Markt f\u00fcr sich entdeckt hat. Eigentliches Ziel einer gemeinn\u00fctzigen Organisation ist es im \u00dcbrigen, soziale Ziele zu erreichen und ihre gemeinn\u00fctzigen Zwecke zu erf\u00fcllen, dazu geh\u00f6rt u.a. die F\u00f6rderung des Sportes, wof\u00fcr es dann Steuererleichterungen. <\/p>\n\n\n\n<p><strong>L\u00f6sung?<\/strong><\/p>\n\n\n\n<p>Abschlie\u00dfend bleibt zu hoffen, dass es zu einer L\u00f6sung kommt, und die WM doch noch in den entsprechenden L\u00e4ndern \u00fcbertragen wird, denn auch wenn die Uhrzeiten z.T. suboptimal sind, gibt es gen\u00fcgend Leute die das Event verfolgen w\u00fcrden und vor allem f\u00fcr die F\u00f6rderung w\u00e4re Sichtbarkeit beim Gro\u00dfereignis des Jahres durchaus hilfreich. Die Tendenz geht aber wohl eher in eine andere Richtung &#8230;<\/p>\n\n\n\n<p><strong><em>Ausblick<\/em><\/strong><\/p>\n\n\n\n<p>2027 k\u00f6nnte die WM dann in Deutschland, Belgien und den Niederlanden ausgetragen werden. K\u00f6nnte deshalb, weil die offizielle Vergabe erst 2024 erfolgen wird, die Bewerbungsfrist f\u00fcr dieses Turnier wurde zwischenzeitlich mehrmals verschoben. Hier bleibt zu hoffen, dass die TV- Ausschreibungen hier fr\u00fchzeitiger beginnen, als f\u00fcr die aktuelle Weltmeisterschaft.<\/p>\n\n\n\n<p>Wer sich unabh\u00e4ngig von meinem Kommentar hier zu der Thematik informieren m\u00f6chte, dem kann ich den &#8222;Podcast&#8220; vom Deutschlandfunk empfehlen: <a href=\"https:\/\/www.deutschlandfunk.de\/frauen-wm-rechte-interview-raab-100.html\">Medienpolitikerin Raab kritisiert FIFA-Vorgehen bei WM-Rechten | deutschlandfunk.de<\/a>.<\/p>\n\n\n\n<p>Anbei noch meine Quellen zu den TV- Zahlen:<\/p>\n\n\n\n<ul class=\"wp-block-list\"><li><a href=\"https:\/\/presseportal.zdf.de\/pressemitteilung\/1219-millionen-sehen-em-halbfinalsieg-der-dfb-frauen\">12,19 Millionen sehen EM-Halbfinalsieg der DFB-Frauen: ZDF-Presseportal<\/a><\/li><li><a href=\"https:\/\/www.presseportal.de\/pm\/6694\/5286704\">Rekordquote im Ersten: Fast 22 Millionen in der Spitze sahen EM-Finale der Frauen &#8230; | Presseportal<\/a><\/li><li><a href=\"https:\/\/www.presseportal.de\/pm\/7840\/4966119\">ZDF zieht positive Bilanz der UEFA EURO 2020 \/ Rekord-Nutzungszahlen f\u00fcr ZDFmediathek | Presseportal<\/a><\/li><li><a href=\"https:\/\/www.presseportal.de\/pm\/29876\/4963666\">Bilanz: ARD mit Publikumsrekord bei Einzelspiel | Presseportal<\/a><\/li><li><a href=\"https:\/\/www.presseportal.de\/pm\/6694\/5398094\">ARD zieht Bilanz \u00fcber die \u00dcbertragungen von der FIFA WM 2022 | Presseportal<\/a><\/li><li><a href=\"https:\/\/www.zdf.de\/nachrichten\/sport\/fussball-wm-zuschauer-zahlen-fernsehen-100.html#:~:text=24%2C08%20Millionen%20Menschen%20sahen,4%20Millionen%20Menschen%20die%20Partie.\">Fu\u00dfball-WM: R\u00fcckl\u00e4ufige Quoten in Deutschland &#8211; ZDFheute<\/a><\/li><\/ul>\n\n\n\n<p><strong><em>Die Ansetzungen vom 05. Mai bis zum 08. Mai 2023<\/em><\/strong><\/p>\n\n\n\n<hr class=\"wp-block-separator\"\/>\n\n\n\n<p><strong>Bundesliga, 31. Spieltag <\/strong><\/p>\n\n\n\n<p><span style=\"text-decoration: underline;\">Freitag, 05. Mai ab 20.00 Uhr (DAZN)<\/span><\/p>\n\n\n\n<p><em><strong>Bayer 04 Leverkusen &#8211; 1. FC K\u00f6ln  (20.30 Uhr)<\/strong><\/em><\/p>\n\n\n\n<p><img loading=\"lazy\" decoding=\"async\" width=\"10\" height=\"21\" class=\"wp-image-3656\" style=\"width: 10px;\" src=\"http:\/\/kommentatorenblog.de\/wp-content\/uploads\/2020\/09\/shure-55sh-ii-e1601485394796.jpg\" alt=\"\" srcset=\"https:\/\/kommentatorenblog.de\/wp-content\/uploads\/2020\/09\/shure-55sh-ii-e1601485394796.jpg 415w, https:\/\/kommentatorenblog.de\/wp-content\/uploads\/2020\/09\/shure-55sh-ii-e1601485394796-142x300.jpg 142w\" sizes=\"auto, (max-width: 10px) 100vw, 10px\" \/> Michael Born, Experte: Seb Knei\u00dfl (Einzelspiel), Max Siebald (Konferenz)<\/p>\n\n\n\n<p>Moderation: Tobi Wahnschaffe, Field-Reporter: Tom Kirsten<\/p>\n\n\n\n<p><span style=\"text-decoration: underline;\">ab 19.45 Uhr (DAZN)<\/span><\/p>\n\n\n\n<p><em><strong>1. FSV Mainz 05 &#8211; FC Schalke 04  (20.30 Uhr)<\/strong><\/em><\/p>\n\n\n\n<p><img loading=\"lazy\" decoding=\"async\" width=\"10\" height=\"21\" class=\"wp-image-3656\" style=\"width: 10px;\" src=\"http:\/\/kommentatorenblog.de\/wp-content\/uploads\/2020\/09\/shure-55sh-ii-e1601485394796.jpg\" alt=\"\" srcset=\"https:\/\/kommentatorenblog.de\/wp-content\/uploads\/2020\/09\/shure-55sh-ii-e1601485394796.jpg 415w, https:\/\/kommentatorenblog.de\/wp-content\/uploads\/2020\/09\/shure-55sh-ii-e1601485394796-142x300.jpg 142w\" sizes=\"auto, (max-width: 10px) 100vw, 10px\" \/> Einzelspiel Uli Hebel, Experte: Tim Borowski (Einzelspiel), Max Gross (Konferenz)<\/p>\n\n\n\n<p>Moderation: Lukas Sch\u00f6nm\u00fcller<\/p>\n\n\n\n<p><span style=\"text-decoration: underline;\">ab 20.10 Uhr (DAZN)<\/span><\/p>\n\n\n\n<p>Moderation (Konferenz): Mario Rieker<\/p>\n\n\n\n<p><span style=\"text-decoration: underline;\">Samstag, 06. Mai  2023 ab 14.00 Uhr (Sky)<\/span><\/p>\n\n\n\n<p><strong><em>Hertha BSC &#8211; VfB Stuttgart  (15.30 Uhr)<\/em><\/strong><\/p>\n\n\n\n<p><img loading=\"lazy\" decoding=\"async\" width=\"10\" height=\"21\" class=\"wp-image-3656\" style=\"width: 10px;\" src=\"http:\/\/kommentatorenblog.de\/wp-content\/uploads\/2020\/09\/shure-55sh-ii-e1601485394796.jpg\" alt=\"\" srcset=\"https:\/\/kommentatorenblog.de\/wp-content\/uploads\/2020\/09\/shure-55sh-ii-e1601485394796.jpg 415w, https:\/\/kommentatorenblog.de\/wp-content\/uploads\/2020\/09\/shure-55sh-ii-e1601485394796-142x300.jpg 142w\" sizes=\"auto, (max-width: 10px) 100vw, 10px\" \/> &nbsp;Torsten Kunde (Einzelspiel), Jonas Friedrich (Konferenz)<\/p>\n\n\n\n<p>Field-Reporter: Jens Westen<\/p>\n\n\n\n<p><strong><em>SC Freiburg &#8211; RB Leipzig (15.30 Uhr)<\/em><\/strong><\/p>\n\n\n\n<p>Kai Dittmann (Einzelspiel), Frank Buschmann (Konferenz)<\/p>\n\n\n\n<p>Field-Reporterin: <s>Nele Schenker <\/s> Thomas Wagner<\/p>\n\n\n\n<p><strong><em>FC Augsburg &#8211; 1. FC Union Berlin<\/em><\/strong> <strong><em>(15.30 Uhr)<\/em><\/strong><\/p>\n\n\n\n<p><img loading=\"lazy\" decoding=\"async\" width=\"10\" height=\"21\" class=\"wp-image-3656\" style=\"width: 10px;\" src=\"http:\/\/kommentatorenblog.de\/wp-content\/uploads\/2020\/09\/shure-55sh-ii-e1601485394796.jpg\" alt=\"\" srcset=\"https:\/\/kommentatorenblog.de\/wp-content\/uploads\/2020\/09\/shure-55sh-ii-e1601485394796.jpg 415w, https:\/\/kommentatorenblog.de\/wp-content\/uploads\/2020\/09\/shure-55sh-ii-e1601485394796-142x300.jpg 142w\" sizes=\"auto, (max-width: 10px) 100vw, 10px\" \/> Hannes Herrmann (Einzelspiel), Marcel Meinert (Konferenz)<\/p>\n\n\n\n<p>Field-Reporter: Yannick Erkenbrecher<\/p>\n\n\n\n<p><strong><em>1899 Hoffenheim &#8211; Eintracht Frankfurt(15.30 Uhr)<\/em><\/strong><\/p>\n\n\n\n<p><img loading=\"lazy\" decoding=\"async\" width=\"10\" height=\"21\" class=\"wp-image-3656\" style=\"width: 10px;\" src=\"http:\/\/kommentatorenblog.de\/wp-content\/uploads\/2020\/09\/shure-55sh-ii-e1601485394796.jpg\" alt=\"\" srcset=\"https:\/\/kommentatorenblog.de\/wp-content\/uploads\/2020\/09\/shure-55sh-ii-e1601485394796.jpg 415w, https:\/\/kommentatorenblog.de\/wp-content\/uploads\/2020\/09\/shure-55sh-ii-e1601485394796-142x300.jpg 142w\" sizes=\"auto, (max-width: 10px) 100vw, 10px\" \/> Martin Gro\u00df (Einzelspiel), Hansi K\u00fcpper (Konferenz)<\/p>\n\n\n\n<p>Field-Reporter: Riccardo Basile<\/p>\n\n\n\n<p><em><strong>Borussia M\u00f6nchengladbach &#8211; VfL Bochum (15.30 Uhr)<\/strong><\/em><\/p>\n\n\n\n<p><img loading=\"lazy\" decoding=\"async\" width=\"10\" height=\"21\" class=\"wp-image-3656\" style=\"width: 10px;\" src=\"http:\/\/kommentatorenblog.de\/wp-content\/uploads\/2020\/09\/shure-55sh-ii-e1601485394796.jpg\" alt=\"\" srcset=\"https:\/\/kommentatorenblog.de\/wp-content\/uploads\/2020\/09\/shure-55sh-ii-e1601485394796.jpg 415w, https:\/\/kommentatorenblog.de\/wp-content\/uploads\/2020\/09\/shure-55sh-ii-e1601485394796-142x300.jpg 142w\" sizes=\"auto, (max-width: 10px) 100vw, 10px\" \/> Marcus Lindemann (Einzelspiel); Florian Schmidt-Sommerfeld (Konferenz)   <\/p>\n\n\n\n<p>Field-Reporter: Ulli Potofski<\/p>\n\n\n\n<p>Moderation: Michael Leopold, Experten: Didi Hamann und Erik Meijer<\/p>\n\n\n\n<p><span style=\"text-decoration: underline;\">ab 17.30 Uhr (Sky)<\/span><\/p>\n\n\n\n<p><em><strong>SV Werder Bremen \u2013 FC Bayern M\u00fcnchen (18.30 Uhr)<\/strong><\/em><\/p>\n\n\n\n<p><img loading=\"lazy\" decoding=\"async\" width=\"10\" height=\"21\" class=\"wp-image-3656\" style=\"width: 10px;\" src=\"http:\/\/kommentatorenblog.de\/wp-content\/uploads\/2020\/09\/shure-55sh-ii-e1601485394796.jpg\" alt=\"\" srcset=\"https:\/\/kommentatorenblog.de\/wp-content\/uploads\/2020\/09\/shure-55sh-ii-e1601485394796.jpg 415w, https:\/\/kommentatorenblog.de\/wp-content\/uploads\/2020\/09\/shure-55sh-ii-e1601485394796-142x300.jpg 142w\" sizes=\"auto, (max-width: 10px) 100vw, 10px\" \/> Wolff Fuss<\/p>\n\n\n\n<p>Field-Reporter:  Patrick Wasserziehr<\/p>\n\n\n\n<p>Moderation: Sebastian Hellmann, Experten: Lothar Matth\u00e4us und Julia Simic<\/p>\n\n\n\n<p><span style=\"text-decoration: underline;\">Sonntag, 07.Mai 2023, ab 16.45 Uhr (DAZN)<\/span><\/p>\n\n\n\n<p><em><strong>Borussia Dortmund &#8211; VfL Wolfsburg (17.30 Uhr<\/strong><\/em><strong><em>)<\/em><\/strong><\/p>\n\n\n\n<p><img loading=\"lazy\" decoding=\"async\" width=\"10\" height=\"21\" class=\"wp-image-3656\" style=\"width: 10px;\" src=\"http:\/\/kommentatorenblog.de\/wp-content\/uploads\/2020\/09\/shure-55sh-ii-e1601485394796.jpg\" alt=\"\" srcset=\"https:\/\/kommentatorenblog.de\/wp-content\/uploads\/2020\/09\/shure-55sh-ii-e1601485394796.jpg 415w, https:\/\/kommentatorenblog.de\/wp-content\/uploads\/2020\/09\/shure-55sh-ii-e1601485394796-142x300.jpg 142w\" sizes=\"auto, (max-width: 10px) 100vw, 10px\" \/> Marco Hagemann , Experte: Sami Khedira<\/p>\n\n\n\n<p>Moderation: Alex Schl\u00fcter  Field-Reporter: Freddy Harder<\/p>\n\n\n\n<p><strong><strong><strong><strong>Bundesliga Frauen 19. Spieltag<\/strong><\/strong><\/strong><\/strong><\/p>\n\n\n\n<p><span style=\"text-decoration: underline;\">Samstag, 06. Mai 2023 ab 12.45\/13.00 Uhr (Magenta\/sportschau.de)<\/span><\/p>\n\n\n\n<p><strong><em>SGS Essen \u2013 FC Bayern M\u00fcnchen (13.00 Uhr)<\/em><\/strong><\/p>\n\n\n\n<p>Magenta Sport <img loading=\"lazy\" decoding=\"async\" width=\"10\" height=\"21\" class=\"wp-image-3656\" style=\"width: 10px;\" src=\"http:\/\/kommentatorenblog.de\/wp-content\/uploads\/2020\/09\/shure-55sh-ii-e1601485394796.jpg\" alt=\"\" srcset=\"https:\/\/kommentatorenblog.de\/wp-content\/uploads\/2020\/09\/shure-55sh-ii-e1601485394796.jpg 415w, https:\/\/kommentatorenblog.de\/wp-content\/uploads\/2020\/09\/shure-55sh-ii-e1601485394796-142x300.jpg 142w\" sizes=\"auto, (max-width: 10px) 100vw, 10px\" \/>: Michael Seyberth<\/p>\n\n\n\n<p>sportschau.de <img loading=\"lazy\" decoding=\"async\" width=\"10\" height=\"21\" class=\"wp-image-3656\" style=\"width: 10px;\" src=\"http:\/\/kommentatorenblog.de\/wp-content\/uploads\/2020\/09\/shure-55sh-ii-e1601485394796.jpg\" alt=\"\" srcset=\"https:\/\/kommentatorenblog.de\/wp-content\/uploads\/2020\/09\/shure-55sh-ii-e1601485394796.jpg 415w, https:\/\/kommentatorenblog.de\/wp-content\/uploads\/2020\/09\/shure-55sh-ii-e1601485394796-142x300.jpg 142w\" sizes=\"auto, (max-width: 10px) 100vw, 10px\" \/>: &#8211; (aufgrund technischer Probleme)<\/p>\n\n\n\n<p><span style=\"text-decoration: underline;\">Samstag, 06. Mai 2023 ab 12.45 Uhr (Magenta)<\/span><\/p>\n\n\n\n<p><strong><em>Bayer 04 Leverkusen \u2013 Eintracht Frankfurt (13.00 Uhr)<\/em><\/strong><\/p>\n\n\n\n<p><img loading=\"lazy\" decoding=\"async\" width=\"10\" height=\"21\" class=\"wp-image-3656\" style=\"width: 10px;\" src=\"http:\/\/kommentatorenblog.de\/wp-content\/uploads\/2020\/09\/shure-55sh-ii-e1601485394796.jpg\" alt=\"\" srcset=\"https:\/\/kommentatorenblog.de\/wp-content\/uploads\/2020\/09\/shure-55sh-ii-e1601485394796.jpg 415w, https:\/\/kommentatorenblog.de\/wp-content\/uploads\/2020\/09\/shure-55sh-ii-e1601485394796-142x300.jpg 142w\" sizes=\"auto, (max-width: 10px) 100vw, 10px\" \/> Simon K\u00f6pfer<\/p>\n\n\n\n<p><span style=\"text-decoration: underline;\">Sonntag, 07. Mai 2023, ab 12.45 Uhr (Magenta)<\/span><\/p>\n\n\n\n<p><strong><em>SC Freiburg \u2013 SV Werder Bremen (13.00 Uhr)<\/em><\/strong><\/p>\n\n\n\n<p><img loading=\"lazy\" decoding=\"async\" width=\"10\" height=\"21\" class=\"wp-image-3656\" style=\"width: 10px;\" src=\"http:\/\/kommentatorenblog.de\/wp-content\/uploads\/2020\/09\/shure-55sh-ii-e1601485394796.jpg\" alt=\"\" srcset=\"https:\/\/kommentatorenblog.de\/wp-content\/uploads\/2020\/09\/shure-55sh-ii-e1601485394796.jpg 415w, https:\/\/kommentatorenblog.de\/wp-content\/uploads\/2020\/09\/shure-55sh-ii-e1601485394796-142x300.jpg 142w\" sizes=\"auto, (max-width: 10px) 100vw, 10px\" \/> Simon K\u00f6pfer<\/p>\n\n\n\n<p><em><strong>VfL Wolfsburg \u2013 1.FC K\u00f6ln (13.00 Uhr) <\/strong><\/em><\/p>\n\n\n\n<p><img loading=\"lazy\" decoding=\"async\" width=\"10\" height=\"21\" class=\"wp-image-3656\" style=\"width: 10px;\" src=\"http:\/\/kommentatorenblog.de\/wp-content\/uploads\/2020\/09\/shure-55sh-ii-e1601485394796.jpg\" alt=\"\" srcset=\"https:\/\/kommentatorenblog.de\/wp-content\/uploads\/2020\/09\/shure-55sh-ii-e1601485394796.jpg 415w, https:\/\/kommentatorenblog.de\/wp-content\/uploads\/2020\/09\/shure-55sh-ii-e1601485394796-142x300.jpg 142w\" sizes=\"auto, (max-width: 10px) 100vw, 10px\" \/> Martin Piller<\/p>\n\n\n\n<p>Moderation: Stefanie Blochwitz<\/p>\n\n\n\n<p><span style=\"text-decoration: underline;\">ab 15.45 Uhr <\/span><\/p>\n\n\n\n<p><strong><em>SV Meppen \u2013 MSV Duisburg (16.00 Uhr)<\/em><\/strong><\/p>\n\n\n\n<p><img loading=\"lazy\" decoding=\"async\" width=\"10\" height=\"21\" class=\"wp-image-3656\" style=\"width: 10px;\" src=\"http:\/\/kommentatorenblog.de\/wp-content\/uploads\/2020\/09\/shure-55sh-ii-e1601485394796.jpg\" alt=\"\" srcset=\"https:\/\/kommentatorenblog.de\/wp-content\/uploads\/2020\/09\/shure-55sh-ii-e1601485394796.jpg 415w, https:\/\/kommentatorenblog.de\/wp-content\/uploads\/2020\/09\/shure-55sh-ii-e1601485394796-142x300.jpg 142w\" sizes=\"auto, (max-width: 10px) 100vw, 10px\" \/> Michael Seyberth<\/p>\n\n\n\n<p><strong><em>TSG 1899 Hoffenheim \u2013 1.FFC Turbine Potsdam (16.00 Uhr)<\/em><\/strong><\/p>\n\n\n\n<p><img loading=\"lazy\" decoding=\"async\" width=\"10\" height=\"21\" class=\"wp-image-3656\" style=\"width: 10px;\" src=\"http:\/\/kommentatorenblog.de\/wp-content\/uploads\/2020\/09\/shure-55sh-ii-e1601485394796.jpg\" alt=\"\" srcset=\"https:\/\/kommentatorenblog.de\/wp-content\/uploads\/2020\/09\/shure-55sh-ii-e1601485394796.jpg 415w, https:\/\/kommentatorenblog.de\/wp-content\/uploads\/2020\/09\/shure-55sh-ii-e1601485394796-142x300.jpg 142w\" sizes=\"auto, (max-width: 10px) 100vw, 10px\" \/> Oskar Heirler<\/p>\n\n\n\n<hr class=\"wp-block-separator\"\/>\n\n\n\n<p><strong>2. Bundesliga, 31. Spieltag <\/strong><\/p>\n\n\n\n<p><span style=\"text-decoration: underline;\">Freitag, 05. Mai 2023 ab 18.00 Uhr (Sky)<\/span><\/p>\n\n\n\n<p><strong><em>Konferenz: <img loading=\"lazy\" decoding=\"async\" width=\"10\" height=\"21\" class=\"wp-image-3656\" style=\"width: 10px;\" src=\"http:\/\/kommentatorenblog.de\/wp-content\/uploads\/2020\/09\/shure-55sh-ii-e1601485394796.jpg\" alt=\"\" srcset=\"https:\/\/kommentatorenblog.de\/wp-content\/uploads\/2020\/09\/shure-55sh-ii-e1601485394796.jpg 415w, https:\/\/kommentatorenblog.de\/wp-content\/uploads\/2020\/09\/shure-55sh-ii-e1601485394796-142x300.jpg 142w\" sizes=\"auto, (max-width: 10px) 100vw, 10px\" \/><\/em><\/strong> Toni Tomic<\/p>\n\n\n\n<p><strong><em>Hamburger SV \u2013 SC Paderborn 07 (18.30 Uhr)<\/em><\/strong><\/p>\n\n\n\n<p><img loading=\"lazy\" decoding=\"async\" width=\"10\" height=\"21\" class=\"wp-image-3656\" style=\"width: 10px;\" src=\"http:\/\/kommentatorenblog.de\/wp-content\/uploads\/2020\/09\/shure-55sh-ii-e1601485394796.jpg\" alt=\"\" srcset=\"https:\/\/kommentatorenblog.de\/wp-content\/uploads\/2020\/09\/shure-55sh-ii-e1601485394796.jpg 415w, https:\/\/kommentatorenblog.de\/wp-content\/uploads\/2020\/09\/shure-55sh-ii-e1601485394796-142x300.jpg 142w\" sizes=\"auto, (max-width: 10px) 100vw, 10px\" \/> Hansi K\u00fcpper, Field-Reporter: Sven T\u00f6llner<\/p>\n\n\n\n<p><strong><em>Arminia Bielefeld \u2013 SpVgg Greuther F\u00fcrth (18.30 Uhr)<\/em><\/strong><\/p>\n\n\n\n<p><img loading=\"lazy\" decoding=\"async\" width=\"10\" height=\"21\" class=\"wp-image-3656\" style=\"width: 10px;\" src=\"http:\/\/kommentatorenblog.de\/wp-content\/uploads\/2020\/09\/shure-55sh-ii-e1601485394796.jpg\" alt=\"\" srcset=\"https:\/\/kommentatorenblog.de\/wp-content\/uploads\/2020\/09\/shure-55sh-ii-e1601485394796.jpg 415w, https:\/\/kommentatorenblog.de\/wp-content\/uploads\/2020\/09\/shure-55sh-ii-e1601485394796-142x300.jpg 142w\" sizes=\"auto, (max-width: 10px) 100vw, 10px\" \/> Joachim Hebel, Interviews: Schalte<\/p>\n\n\n\n<p>Moderation: Hartmut von Kameke <\/p>\n\n\n\n<p><span style=\"text-decoration: underline;\">Samstag, 06. Mai 2023 ab 12.30 Uhr (Sky)<\/span><\/p>\n\n\n\n<p><em><strong>Konferenz: <\/strong><\/em><img loading=\"lazy\" decoding=\"async\" width=\"10\" height=\"21\" class=\"wp-image-3656\" style=\"width: 10px;\" src=\"http:\/\/kommentatorenblog.de\/wp-content\/uploads\/2020\/09\/shure-55sh-ii-e1601485394796.jpg\" alt=\"\" srcset=\"https:\/\/kommentatorenblog.de\/wp-content\/uploads\/2020\/09\/shure-55sh-ii-e1601485394796.jpg 415w, https:\/\/kommentatorenblog.de\/wp-content\/uploads\/2020\/09\/shure-55sh-ii-e1601485394796-142x300.jpg 142w\" sizes=\"auto, (max-width: 10px) 100vw, 10px\" \/> <\/p>\n\n\n\n<p><strong><em>Hansa Rostock \u2013 Jahn Regensburg&nbsp;&nbsp;(13.00 Uhr)<\/em><\/strong><\/p>\n\n\n\n<p><img loading=\"lazy\" decoding=\"async\" width=\"10\" height=\"21\" class=\"wp-image-3656\" style=\"width: 10px;\" src=\"http:\/\/kommentatorenblog.de\/wp-content\/uploads\/2020\/09\/shure-55sh-ii-e1601485394796.jpg\" alt=\"\" srcset=\"https:\/\/kommentatorenblog.de\/wp-content\/uploads\/2020\/09\/shure-55sh-ii-e1601485394796.jpg 415w, https:\/\/kommentatorenblog.de\/wp-content\/uploads\/2020\/09\/shure-55sh-ii-e1601485394796-142x300.jpg 142w\" sizes=\"auto, (max-width: 10px) 100vw, 10px\" \/> Oliver Seidler, Field- Reporter: Karsten Petrzika<\/p>\n\n\n\n<p><strong><em>Fortuna D\u00fcsseldorf \u2013 Holstein Kiel&nbsp;(13.00 Uhr)<\/em><\/strong><\/p>\n\n\n\n<p><img loading=\"lazy\" decoding=\"async\" width=\"10\" height=\"21\" class=\"wp-image-3656\" style=\"width: 10px;\" src=\"http:\/\/kommentatorenblog.de\/wp-content\/uploads\/2020\/09\/shure-55sh-ii-e1601485394796.jpg\" alt=\"\" srcset=\"https:\/\/kommentatorenblog.de\/wp-content\/uploads\/2020\/09\/shure-55sh-ii-e1601485394796.jpg 415w, https:\/\/kommentatorenblog.de\/wp-content\/uploads\/2020\/09\/shure-55sh-ii-e1601485394796-142x300.jpg 142w\" sizes=\"auto, (max-width: 10px) 100vw, 10px\" \/> Martin Weinberger<\/p>\n\n\n\n<p><strong><em>Karlsruher SC \u2013 Hannover 96&nbsp;(13.00 Uhr)<\/em><\/strong><\/p>\n\n\n\n<p><img loading=\"lazy\" decoding=\"async\" width=\"10\" height=\"21\" class=\"wp-image-3656\" style=\"width: 10px;\" src=\"http:\/\/kommentatorenblog.de\/wp-content\/uploads\/2020\/09\/shure-55sh-ii-e1601485394796.jpg\" alt=\"\" srcset=\"https:\/\/kommentatorenblog.de\/wp-content\/uploads\/2020\/09\/shure-55sh-ii-e1601485394796.jpg 415w, https:\/\/kommentatorenblog.de\/wp-content\/uploads\/2020\/09\/shure-55sh-ii-e1601485394796-142x300.jpg 142w\" sizes=\"auto, (max-width: 10px) 100vw, 10px\" \/> Markus G\u00f6tz., Interviews: Schalte<\/p>\n\n\n\n<p>Moderation: Christian Akber-Sade <\/p>\n\n\n\n<p><span style=\"text-decoration: underline;\">ab 19.45Uhr (SPORT1) bzw. 20.00 Uhr (Sky<\/span>) <\/p>\n\n\n\n<p><strong><em>SV Darmstadt 98 \u2013 FC St. Pauli<\/em><\/strong> <strong><em>(20.30 Uhr)<\/em><\/strong><\/p>\n\n\n\n<p>Sky: <img loading=\"lazy\" decoding=\"async\" width=\"10\" height=\"21\" class=\"wp-image-3656\" style=\"width: 10px;\" src=\"http:\/\/kommentatorenblog.de\/wp-content\/uploads\/2020\/09\/shure-55sh-ii-e1601485394796.jpg\" alt=\"\" srcset=\"https:\/\/kommentatorenblog.de\/wp-content\/uploads\/2020\/09\/shure-55sh-ii-e1601485394796.jpg 415w, https:\/\/kommentatorenblog.de\/wp-content\/uploads\/2020\/09\/shure-55sh-ii-e1601485394796-142x300.jpg 142w\" sizes=\"auto, (max-width: 10px) 100vw, 10px\" \/> Stefan Hempel, Experte: Torsten Mattuschka ; Field- Reporter Klaus Veltman<\/p>\n\n\n\n<p>SPORT1: <img loading=\"lazy\" decoding=\"async\" width=\"10\" height=\"21\" class=\"wp-image-3656\" style=\"width: 10px;\" src=\"http:\/\/kommentatorenblog.de\/wp-content\/uploads\/2020\/09\/shure-55sh-ii-e1601485394796.jpg\" alt=\"\" srcset=\"https:\/\/kommentatorenblog.de\/wp-content\/uploads\/2020\/09\/shure-55sh-ii-e1601485394796.jpg 415w, https:\/\/kommentatorenblog.de\/wp-content\/uploads\/2020\/09\/shure-55sh-ii-e1601485394796-142x300.jpg 142w\" sizes=\"auto, (max-width: 10px) 100vw, 10px\" \/> Markus H\u00f6hner<\/p>\n\n\n\n<p>Moderation (SPORT1): Ruth Hofmann, Experte: Olaf Thon<\/p>\n\n\n\n<p>Field-Reporter (SPORT1): Thorsten Siegmund<\/p>\n\n\n\n<p><span style=\"text-decoration: underline;\">Sonntag, 07. Mai 2023, ab 13.00 Uhr (Sky)<\/span><\/p>\n\n\n\n<p><em><strong>Konferenz: <\/strong><\/em><img loading=\"lazy\" decoding=\"async\" width=\"10\" height=\"21\" class=\"wp-image-3656\" style=\"width: 10px;\" src=\"http:\/\/kommentatorenblog.de\/wp-content\/uploads\/2020\/09\/shure-55sh-ii-e1601485394796.jpg\" alt=\"\" srcset=\"https:\/\/kommentatorenblog.de\/wp-content\/uploads\/2020\/09\/shure-55sh-ii-e1601485394796.jpg 415w, https:\/\/kommentatorenblog.de\/wp-content\/uploads\/2020\/09\/shure-55sh-ii-e1601485394796-142x300.jpg 142w\" sizes=\"auto, (max-width: 10px) 100vw, 10px\" \/> <\/p>\n\n\n\n<p><em><strong>1. FC Heidenheim \u2013 1. FC Magdeburg (13.30 Uhr)<\/strong><\/em><\/p>\n\n\n\n<p><img loading=\"lazy\" decoding=\"async\" width=\"10\" height=\"21\" class=\"wp-image-3656\" style=\"width: 10px;\" src=\"http:\/\/kommentatorenblog.de\/wp-content\/uploads\/2020\/09\/shure-55sh-ii-e1601485394796.jpg\" alt=\"\" srcset=\"https:\/\/kommentatorenblog.de\/wp-content\/uploads\/2020\/09\/shure-55sh-ii-e1601485394796.jpg 415w, https:\/\/kommentatorenblog.de\/wp-content\/uploads\/2020\/09\/shure-55sh-ii-e1601485394796-142x300.jpg 142w\" sizes=\"auto, (max-width: 10px) 100vw, 10px\" \/> Sven Schr\u00f6ter , Interviews: Schalte<\/p>\n\n\n\n<p><em><strong>Eintracht Braunschweig \u2013 SV Sandhausen  (13.30 Uhr)<\/strong><\/em><\/p>\n\n\n\n<p><img loading=\"lazy\" decoding=\"async\" width=\"10\" height=\"21\" class=\"wp-image-3656\" style=\"width: 10px;\" src=\"http:\/\/kommentatorenblog.de\/wp-content\/uploads\/2020\/09\/shure-55sh-ii-e1601485394796.jpg\" alt=\"\" srcset=\"https:\/\/kommentatorenblog.de\/wp-content\/uploads\/2020\/09\/shure-55sh-ii-e1601485394796.jpg 415w, https:\/\/kommentatorenblog.de\/wp-content\/uploads\/2020\/09\/shure-55sh-ii-e1601485394796-142x300.jpg 142w\" sizes=\"auto, (max-width: 10px) 100vw, 10px\" \/> Christian Stra\u00dfburger, Field- Reporter: Martin Gro\u00df<\/p>\n\n\n\n<p><em><strong>1. FC N\u00fcrnberg \u2013 1. FC Kaiserslautern (13.30 Uhr)<\/strong><\/em><\/p>\n\n\n\n<p><img loading=\"lazy\" decoding=\"async\" width=\"10\" height=\"21\" class=\"wp-image-3656\" style=\"width: 10px;\" src=\"http:\/\/kommentatorenblog.de\/wp-content\/uploads\/2020\/09\/shure-55sh-ii-e1601485394796.jpg\" alt=\"\" srcset=\"https:\/\/kommentatorenblog.de\/wp-content\/uploads\/2020\/09\/shure-55sh-ii-e1601485394796.jpg 415w, https:\/\/kommentatorenblog.de\/wp-content\/uploads\/2020\/09\/shure-55sh-ii-e1601485394796-142x300.jpg 142w\" sizes=\"auto, (max-width: 10px) 100vw, 10px\" \/> Oliver Seidler; Gast im Stadion: Taliso Engel<\/p>\n\n\n\n<p>Moderation: Yannick Erkenbrecher<\/p>\n\n\n\n<hr class=\"wp-block-separator\"\/>\n\n\n\n<hr class=\"wp-block-separator\"\/>\n\n\n\n<p><strong>3. Liga, 34. Spieltag<\/strong><\/p>\n\n\n\n<p><span style=\"text-decoration: underline;\">Freitag, 05. Mai 2023 ab 18.30 Uhr (Magenta Sport)<\/span><\/p>\n\n\n\n<p><strong>MSV Duisburg \u2013 FC Erzgebirge Aue (19.00 Uhr)<\/strong><\/p>\n\n\n\n<p><img loading=\"lazy\" decoding=\"async\" width=\"10\" height=\"21\" class=\"wp-image-3656\" style=\"width: 10px;\" src=\"http:\/\/kommentatorenblog.de\/wp-content\/uploads\/2020\/09\/shure-55sh-ii-e1601485394796.jpg\" alt=\"\" srcset=\"https:\/\/kommentatorenblog.de\/wp-content\/uploads\/2020\/09\/shure-55sh-ii-e1601485394796.jpg 415w, https:\/\/kommentatorenblog.de\/wp-content\/uploads\/2020\/09\/shure-55sh-ii-e1601485394796-142x300.jpg 142w\" sizes=\"auto, (max-width: 10px) 100vw, 10px\" \/> Christian Stra\u00dfburger<\/p>\n\n\n\n<p>Moderation: Konstantin Klostermann, Experte: Thomas Kraus<\/p>\n\n\n\n<p><span style=\"text-decoration: underline;\">Samstag, 06.Mai 2023 ab 13.45 Uhr (Magenta Sport)<\/span><\/p>\n\n\n\n<p><em><strong>Konferenz: <img loading=\"lazy\" decoding=\"async\" width=\"10\" height=\"21\" class=\"wp-image-3656\" style=\"width: 10px;\" src=\"http:\/\/kommentatorenblog.de\/wp-content\/uploads\/2020\/09\/shure-55sh-ii-e1601485394796.jpg\" alt=\"\" srcset=\"https:\/\/kommentatorenblog.de\/wp-content\/uploads\/2020\/09\/shure-55sh-ii-e1601485394796.jpg 415w, https:\/\/kommentatorenblog.de\/wp-content\/uploads\/2020\/09\/shure-55sh-ii-e1601485394796-142x300.jpg 142w\" sizes=\"auto, (max-width: 10px) 100vw, 10px\" \/><\/strong><\/em> Sascha Bandermann, Experte: Steven Ruprecht<\/p>\n\n\n\n<p><strong><em>FSV Zwickau \u2013 SV Waldhof Mannheim <\/em>(14.00 Uhr)<\/strong><\/p>\n\n\n\n<p><img loading=\"lazy\" decoding=\"async\" width=\"10\" height=\"21\" class=\"wp-image-3656\" style=\"width: 10px;\" src=\"http:\/\/kommentatorenblog.de\/wp-content\/uploads\/2020\/09\/shure-55sh-ii-e1601485394796.jpg\" alt=\"\" srcset=\"https:\/\/kommentatorenblog.de\/wp-content\/uploads\/2020\/09\/shure-55sh-ii-e1601485394796.jpg 415w, https:\/\/kommentatorenblog.de\/wp-content\/uploads\/2020\/09\/shure-55sh-ii-e1601485394796-142x300.jpg 142w\" sizes=\"auto, (max-width: 10px) 100vw, 10px\" \/> Lenny Leonhardt<\/p>\n\n\n\n<p>Moderation: Stefanie Blochwitz<\/p>\n\n\n\n<p><strong><em>Hallescher FC \u2013 FC Ingolstadt<\/em> (14.00 Uhr)<\/strong><\/p>\n\n\n\n<p><img loading=\"lazy\" decoding=\"async\" width=\"10\" height=\"21\" class=\"wp-image-3656\" style=\"width: 10px;\" src=\"http:\/\/kommentatorenblog.de\/wp-content\/uploads\/2020\/09\/shure-55sh-ii-e1601485394796.jpg\" alt=\"\" srcset=\"https:\/\/kommentatorenblog.de\/wp-content\/uploads\/2020\/09\/shure-55sh-ii-e1601485394796.jpg 415w, https:\/\/kommentatorenblog.de\/wp-content\/uploads\/2020\/09\/shure-55sh-ii-e1601485394796-142x300.jpg 142w\" sizes=\"auto, (max-width: 10px) 100vw, 10px\" \/> Martin Piller <\/p>\n\n\n\n<p>Moderation: Alexander K\u00fcpper<\/p>\n\n\n\n<p><strong><em>SV Meppen \u2013 Rot Weiss Essen <\/em>(14.00 Uhr)<\/strong><\/p>\n\n\n\n<p><img loading=\"lazy\" decoding=\"async\" width=\"10\" height=\"21\" class=\"wp-image-3656\" style=\"width: 10px;\" src=\"http:\/\/kommentatorenblog.de\/wp-content\/uploads\/2020\/09\/shure-55sh-ii-e1601485394796.jpg\" alt=\"\" srcset=\"https:\/\/kommentatorenblog.de\/wp-content\/uploads\/2020\/09\/shure-55sh-ii-e1601485394796.jpg 415w, https:\/\/kommentatorenblog.de\/wp-content\/uploads\/2020\/09\/shure-55sh-ii-e1601485394796-142x300.jpg 142w\" sizes=\"auto, (max-width: 10px) 100vw, 10px\" \/> Gari Paubandt<\/p>\n\n\n\n<p>Moderation: Tobi Sch\u00e4fer<\/p>\n\n\n\n<p><span style=\"text-decoration: underline;\">ab 13.45 Uhr (Magenta\/MDR\/BR)<\/span><\/p>\n\n\n\n<p><strong><em>TSV 1860 M\u00fcnchen \u2013 SC Freiburg II (14.00 Uhr)<\/em><\/strong><\/p>\n\n\n\n<p>Magenta Sport: Franz B\u00fcchner<\/p>\n\n\n\n<p>BR <img loading=\"lazy\" decoding=\"async\" width=\"10\" height=\"21\" class=\"wp-image-3656\" style=\"width: 10px;\" src=\"http:\/\/kommentatorenblog.de\/wp-content\/uploads\/2020\/09\/shure-55sh-ii-e1601485394796.jpg\" alt=\"\" srcset=\"https:\/\/kommentatorenblog.de\/wp-content\/uploads\/2020\/09\/shure-55sh-ii-e1601485394796.jpg 415w, https:\/\/kommentatorenblog.de\/wp-content\/uploads\/2020\/09\/shure-55sh-ii-e1601485394796-142x300.jpg 142w\" sizes=\"auto, (max-width: 10px) 100vw, 10px\" \/>: Florian Eckl<\/p>\n\n\n\n<p>Moderation (Magenta Sport): Bastian Schwele<\/p>\n\n\n\n<p>Moderation (BR): Markus Othmer<\/p>\n\n\n\n<p><strong><em>Dynamo Dresden \u2013 SV Wehen Wiesbaden (14.00 Uhr)<\/em><\/strong><\/p>\n\n\n\n<p>Magenta Sport: <img loading=\"lazy\" decoding=\"async\" width=\"10\" height=\"21\" class=\"wp-image-3656\" style=\"width: 10px;\" src=\"http:\/\/kommentatorenblog.de\/wp-content\/uploads\/2020\/09\/shure-55sh-ii-e1601485394796.jpg\" alt=\"\" srcset=\"https:\/\/kommentatorenblog.de\/wp-content\/uploads\/2020\/09\/shure-55sh-ii-e1601485394796.jpg 415w, https:\/\/kommentatorenblog.de\/wp-content\/uploads\/2020\/09\/shure-55sh-ii-e1601485394796-142x300.jpg 142w\" sizes=\"auto, (max-width: 10px) 100vw, 10px\" \/> Andreas Mann<\/p>\n\n\n\n<p>MDR: <img loading=\"lazy\" decoding=\"async\" width=\"10\" height=\"21\" class=\"wp-image-3656\" style=\"width: 10px;\" src=\"http:\/\/kommentatorenblog.de\/wp-content\/uploads\/2020\/09\/shure-55sh-ii-e1601485394796.jpg\" alt=\"\" srcset=\"https:\/\/kommentatorenblog.de\/wp-content\/uploads\/2020\/09\/shure-55sh-ii-e1601485394796.jpg 415w, https:\/\/kommentatorenblog.de\/wp-content\/uploads\/2020\/09\/shure-55sh-ii-e1601485394796-142x300.jpg 142w\" sizes=\"auto, (max-width: 10px) 100vw, 10px\" \/> Torsten P\u00fcschel <\/p>\n\n\n\n<p>HR: <img loading=\"lazy\" decoding=\"async\" width=\"10\" height=\"21\" class=\"wp-image-3656\" style=\"width: 10px;\" src=\"http:\/\/kommentatorenblog.de\/wp-content\/uploads\/2020\/09\/shure-55sh-ii-e1601485394796.jpg\" alt=\"\" srcset=\"https:\/\/kommentatorenblog.de\/wp-content\/uploads\/2020\/09\/shure-55sh-ii-e1601485394796.jpg 415w, https:\/\/kommentatorenblog.de\/wp-content\/uploads\/2020\/09\/shure-55sh-ii-e1601485394796-142x300.jpg 142w\" sizes=\"auto, (max-width: 10px) 100vw, 10px\" \/> Daniel H\u00f6hr<\/p>\n\n\n\n<p>Moderation (Magenta Sport): Anett Sattler<\/p>\n\n\n\n<p>Moderation (MDR): Stephanie M\u00fcller- Spirra<\/p>\n\n\n\n<p>Moderation (HR): Sebastian Rieth<\/p>\n\n\n\n<p><strong><em>SV Elversberg \u2013 SpVgg Bayreuth <\/em>(14.00 Uhr)<\/strong><\/p>\n\n\n\n<p>Magenta Sport: <img loading=\"lazy\" decoding=\"async\" width=\"10\" height=\"21\" class=\"wp-image-3656\" style=\"width: 10px;\" src=\"http:\/\/kommentatorenblog.de\/wp-content\/uploads\/2020\/09\/shure-55sh-ii-e1601485394796.jpg\" alt=\"\" srcset=\"https:\/\/kommentatorenblog.de\/wp-content\/uploads\/2020\/09\/shure-55sh-ii-e1601485394796.jpg 415w, https:\/\/kommentatorenblog.de\/wp-content\/uploads\/2020\/09\/shure-55sh-ii-e1601485394796-142x300.jpg 142w\" sizes=\"auto, (max-width: 10px) 100vw, 10px\" \/> Julian Engelhard<\/p>\n\n\n\n<p>SR <img loading=\"lazy\" decoding=\"async\" width=\"10\" height=\"21\" class=\"wp-image-3656\" style=\"width: 10px;\" src=\"http:\/\/kommentatorenblog.de\/wp-content\/uploads\/2020\/09\/shure-55sh-ii-e1601485394796.jpg\" alt=\"\" srcset=\"https:\/\/kommentatorenblog.de\/wp-content\/uploads\/2020\/09\/shure-55sh-ii-e1601485394796.jpg 415w, https:\/\/kommentatorenblog.de\/wp-content\/uploads\/2020\/09\/shure-55sh-ii-e1601485394796-142x300.jpg 142w\" sizes=\"auto, (max-width: 10px) 100vw, 10px\" \/> :Frank Grundhever <\/p>\n\n\n\n<p>Moderation (Magenta Sport): Kevin Gerwin<\/p>\n\n\n\n<p>Moderation (SR):Thomas Braml<\/p>\n\n\n\n<p><span style=\"text-decoration: underline;\">Sonntag, 07.Mai 2023, ab 12.45 Uhr (Magenta Sport)<\/span><\/p>\n\n\n\n<p><em><strong>VfB Oldenburg \u2013 1.FC Saarbr\u00fccken (13.00 Uhr)<\/strong><\/em><\/p>\n\n\n\n<p><img loading=\"lazy\" decoding=\"async\" width=\"10\" height=\"21\" class=\"wp-image-3656\" style=\"width: 10px;\" src=\"http:\/\/kommentatorenblog.de\/wp-content\/uploads\/2020\/09\/shure-55sh-ii-e1601485394796.jpg\" alt=\"\" srcset=\"https:\/\/kommentatorenblog.de\/wp-content\/uploads\/2020\/09\/shure-55sh-ii-e1601485394796.jpg 415w, https:\/\/kommentatorenblog.de\/wp-content\/uploads\/2020\/09\/shure-55sh-ii-e1601485394796-142x300.jpg 142w\" sizes=\"auto, (max-width: 10px) 100vw, 10px\" \/> Mike M\u00fcnkel<\/p>\n\n\n\n<p>Moderation: Michael Augustin<\/p>\n\n\n\n<p><span style=\"text-decoration: underline;\">ab 13.45 Uhr (Magenta Sport)<\/span><\/p>\n\n\n\n<p><em><strong>FC Viktoria K\u00f6ln \u2013 Borussia Dortmund II (14.00 Uhr)<\/strong><\/em><\/p>\n\n\n\n<p><img loading=\"lazy\" decoding=\"async\" width=\"10\" height=\"21\" class=\"wp-image-3656\" style=\"width: 10px;\" src=\"http:\/\/kommentatorenblog.de\/wp-content\/uploads\/2020\/09\/shure-55sh-ii-e1601485394796.jpg\" alt=\"\" srcset=\"https:\/\/kommentatorenblog.de\/wp-content\/uploads\/2020\/09\/shure-55sh-ii-e1601485394796.jpg 415w, https:\/\/kommentatorenblog.de\/wp-content\/uploads\/2020\/09\/shure-55sh-ii-e1601485394796-142x300.jpg 142w\" sizes=\"auto, (max-width: 10px) 100vw, 10px\" \/> Markus H\u00f6hner<\/p>\n\n\n\n<p>Moderation: Thomas Wagner<\/p>\n\n\n\n<p><span style=\"text-decoration: underline;\"><span style=\"text-decoration: underline;\">Montag, 08.Mai 2023, ab 18.45 Uhr (Magenta Sport<\/span><\/span>)<\/p>\n\n\n\n<p><strong><em>SC Verl \u2013 VfL Osnabr\u00fcck (19.00 Uhr)<\/em><\/strong><\/p>\n\n\n\n<p><img loading=\"lazy\" decoding=\"async\" width=\"10\" height=\"21\" class=\"wp-image-3656\" style=\"width: 10px;\" src=\"http:\/\/kommentatorenblog.de\/wp-content\/uploads\/2020\/09\/shure-55sh-ii-e1601485394796.jpg\" alt=\"\" srcset=\"https:\/\/kommentatorenblog.de\/wp-content\/uploads\/2020\/09\/shure-55sh-ii-e1601485394796.jpg 415w, https:\/\/kommentatorenblog.de\/wp-content\/uploads\/2020\/09\/shure-55sh-ii-e1601485394796-142x300.jpg 142w\" sizes=\"auto, (max-width: 10px) 100vw, 10px\" \/> Christian Stra\u00dfburger<\/p>\n\n\n\n<p>Moderation:  Konstantin Klostermann<\/p>\n\n\n\n<hr class=\"wp-block-separator\"\/>\n\n\n\n<p><strong>Premier League, 35. Spieltag (Sky)<\/strong><\/p>\n\n\n\n<p><span style=\"text-decoration: underline;\">Samstag, 06. Mai 2023 ab 15.50 Uhr (Sky)<\/span><\/p>\n\n\n\n<p><strong><em>Manchester City \u2013 Leeds United<\/em><\/strong> <strong><em>(16.00 Uhr)<\/em><\/strong><\/p>\n\n\n\n<p><img loading=\"lazy\" decoding=\"async\" width=\"10\" height=\"21\" class=\"wp-image-3656\" style=\"width: 10px;\" src=\"http:\/\/kommentatorenblog.de\/wp-content\/uploads\/2020\/09\/shure-55sh-ii-e1601485394796.jpg\" alt=\"\" srcset=\"https:\/\/kommentatorenblog.de\/wp-content\/uploads\/2020\/09\/shure-55sh-ii-e1601485394796.jpg 415w, https:\/\/kommentatorenblog.de\/wp-content\/uploads\/2020\/09\/shure-55sh-ii-e1601485394796-142x300.jpg 142w\" sizes=\"auto, (max-width: 10px) 100vw, 10px\" \/> Sven Schr\u00f6ter <\/p>\n\n\n\n<p><em><strong>AFC Bournemouth \u2013 FC Chelsea (16.00 Uhr)<\/strong><\/em><\/p>\n\n\n\n<p><img loading=\"lazy\" decoding=\"async\" width=\"10\" height=\"21\" class=\"wp-image-3656\" style=\"width: 10px;\" src=\"http:\/\/kommentatorenblog.de\/wp-content\/uploads\/2020\/09\/shure-55sh-ii-e1601485394796.jpg\" alt=\"\" srcset=\"https:\/\/kommentatorenblog.de\/wp-content\/uploads\/2020\/09\/shure-55sh-ii-e1601485394796.jpg 415w, https:\/\/kommentatorenblog.de\/wp-content\/uploads\/2020\/09\/shure-55sh-ii-e1601485394796-142x300.jpg 142w\" sizes=\"auto, (max-width: 10px) 100vw, 10px\" \/> Markus Gaupp <\/p>\n\n\n\n<p><span style=\"text-decoration: underline;\">ab 18.20 Uhr:<\/span><\/p>\n\n\n\n<p><em><strong>FC Liverpool \u2013 FC Brentford (18.30 Uhr)<\/strong><\/em><\/p>\n\n\n\n<p><img loading=\"lazy\" decoding=\"async\" width=\"10\" height=\"21\" class=\"wp-image-3656\" style=\"width: 10px;\" src=\"http:\/\/kommentatorenblog.de\/wp-content\/uploads\/2020\/09\/shure-55sh-ii-e1601485394796.jpg\" alt=\"\" srcset=\"https:\/\/kommentatorenblog.de\/wp-content\/uploads\/2020\/09\/shure-55sh-ii-e1601485394796.jpg 415w, https:\/\/kommentatorenblog.de\/wp-content\/uploads\/2020\/09\/shure-55sh-ii-e1601485394796-142x300.jpg 142w\" sizes=\"auto, (max-width: 10px) 100vw, 10px\" \/> Joachim Hebel <\/p>\n\n\n\n<p><span style=\"text-decoration: underline;\">Sonntag, 07. Mai 2023, ab 17.00 Uhr<\/span><\/p>\n\n\n\n<p><em><strong>Newcastle United \u2013 FC Arsenal<\/strong><\/em> <em><strong>(17.30 Uhr)<\/strong><\/em><\/p>\n\n\n\n<p><img loading=\"lazy\" decoding=\"async\" width=\"10\" height=\"21\" class=\"wp-image-3656\" style=\"width: 10px;\" src=\"http:\/\/kommentatorenblog.de\/wp-content\/uploads\/2020\/09\/shure-55sh-ii-e1601485394796.jpg\" alt=\"\" srcset=\"https:\/\/kommentatorenblog.de\/wp-content\/uploads\/2020\/09\/shure-55sh-ii-e1601485394796.jpg 415w, https:\/\/kommentatorenblog.de\/wp-content\/uploads\/2020\/09\/shure-55sh-ii-e1601485394796-142x300.jpg 142w\" sizes=\"auto, (max-width: 10px) 100vw, 10px\" \/> Florian Schmidt-Sommerfeld; Experte: Ren\u00e9 Adler <\/p>\n\n\n\n<p>Field-Reporter: Raphael Honigstein <\/p>\n\n\n\n<p><span style=\"text-decoration: underline;\"><span style=\"text-decoration: underline;\">Montag, 08. Mai 2023, ab 15.50 Uhr<\/span><\/span><\/p>\n\n\n\n<p><em><strong>FC Fulham \u2013 Leicester City<\/strong><\/em> <em><strong>(16.00 Uhr<\/strong>)<\/em><\/p>\n\n\n\n<p><img loading=\"lazy\" decoding=\"async\" width=\"10\" height=\"21\" class=\"wp-image-3656\" style=\"width: 10px;\" src=\"http:\/\/kommentatorenblog.de\/wp-content\/uploads\/2020\/09\/shure-55sh-ii-e1601485394796.jpg\" alt=\"\" srcset=\"https:\/\/kommentatorenblog.de\/wp-content\/uploads\/2020\/09\/shure-55sh-ii-e1601485394796.jpg 415w, https:\/\/kommentatorenblog.de\/wp-content\/uploads\/2020\/09\/shure-55sh-ii-e1601485394796-142x300.jpg 142w\" sizes=\"auto, (max-width: 10px) 100vw, 10px\" \/> Florian Malburg<\/p>\n\n\n\n<p><span style=\"text-decoration: underline;\">ab 18.20 Uhr:<\/span><\/p>\n\n\n\n<p><em><strong>Brighton &amp; Hove Albion \u2013 FC Everton (18.30 Uhr<\/strong>)<\/em><\/p>\n\n\n\n<p><img loading=\"lazy\" decoding=\"async\" width=\"10\" height=\"21\" class=\"wp-image-3656\" style=\"width: 10px;\" src=\"http:\/\/kommentatorenblog.de\/wp-content\/uploads\/2020\/09\/shure-55sh-ii-e1601485394796.jpg\" alt=\"\" srcset=\"https:\/\/kommentatorenblog.de\/wp-content\/uploads\/2020\/09\/shure-55sh-ii-e1601485394796.jpg 415w, https:\/\/kommentatorenblog.de\/wp-content\/uploads\/2020\/09\/shure-55sh-ii-e1601485394796-142x300.jpg 142w\" sizes=\"auto, (max-width: 10px) 100vw, 10px\" \/> Uli Hebel<\/p>\n\n\n\n<p><span style=\"text-decoration: underline;\">ab 20.50 Uhr:<\/span><\/p>\n\n\n\n<p><em><strong>Nottingham Forest \u2013 FC Southampton<\/strong><\/em> <em><strong>(21.00 Uhr)<\/strong><\/em><\/p>\n\n\n\n<p><img loading=\"lazy\" decoding=\"async\" width=\"10\" height=\"21\" class=\"wp-image-3656\" style=\"width: 10px;\" src=\"http:\/\/kommentatorenblog.de\/wp-content\/uploads\/2020\/09\/shure-55sh-ii-e1601485394796.jpg\" alt=\"\" srcset=\"https:\/\/kommentatorenblog.de\/wp-content\/uploads\/2020\/09\/shure-55sh-ii-e1601485394796.jpg 415w, https:\/\/kommentatorenblog.de\/wp-content\/uploads\/2020\/09\/shure-55sh-ii-e1601485394796-142x300.jpg 142w\" sizes=\"auto, (max-width: 10px) 100vw, 10px\" \/> &nbsp;Marcel Meinert<\/p>\n\n\n\n<p><strong>WSL, 20. Spieltag (Sky)<\/strong><\/p>\n\n\n\n<p><span style=\"text-decoration: underline;\">Freitag, 05. Mai 2023 ab 20.20 Uhr (Sky)<\/span><\/p>\n\n\n\n<p><strong><em>FC Arsenal  \u2013 Leicester City<\/em><\/strong> <strong><em>(20.30 Uhr)<\/em><\/strong><\/p>\n\n\n\n<p><img loading=\"lazy\" decoding=\"async\" width=\"10\" height=\"21\" class=\"wp-image-3656\" style=\"width: 10px;\" src=\"http:\/\/kommentatorenblog.de\/wp-content\/uploads\/2020\/09\/shure-55sh-ii-e1601485394796.jpg\" alt=\"\" srcset=\"https:\/\/kommentatorenblog.de\/wp-content\/uploads\/2020\/09\/shure-55sh-ii-e1601485394796.jpg 415w, https:\/\/kommentatorenblog.de\/wp-content\/uploads\/2020\/09\/shure-55sh-ii-e1601485394796-142x300.jpg 142w\" sizes=\"auto, (max-width: 10px) 100vw, 10px\" \/> ???<\/p>\n\n\n\n<p><span style=\"text-decoration: underline;\">Sonntag, 07. Mai 2023, ab 13.20 Uhr<\/span><\/p>\n\n\n\n<p><em><strong>Manchester United \u2013 Tottenham Hotspur<\/strong><\/em> <em><strong>(13.30 Uhr)<\/strong><\/em><\/p>\n\n\n\n<p><img loading=\"lazy\" decoding=\"async\" width=\"10\" height=\"21\" class=\"wp-image-3656\" style=\"width: 10px;\" src=\"http:\/\/kommentatorenblog.de\/wp-content\/uploads\/2020\/09\/shure-55sh-ii-e1601485394796.jpg\" alt=\"\" srcset=\"https:\/\/kommentatorenblog.de\/wp-content\/uploads\/2020\/09\/shure-55sh-ii-e1601485394796.jpg 415w, https:\/\/kommentatorenblog.de\/wp-content\/uploads\/2020\/09\/shure-55sh-ii-e1601485394796-142x300.jpg 142w\" sizes=\"auto, (max-width: 10px) 100vw, 10px\" \/> ???<\/p>\n\n\n\n<p><em><strong>FC Chelsea \u2013 FC Everton (19.30 Uhr)<\/strong><\/em><\/p>\n\n\n\n<p><img loading=\"lazy\" decoding=\"async\" width=\"10\" height=\"21\" class=\"wp-image-3656\" style=\"width: 10px;\" src=\"http:\/\/kommentatorenblog.de\/wp-content\/uploads\/2020\/09\/shure-55sh-ii-e1601485394796.jpg\" alt=\"\" srcset=\"https:\/\/kommentatorenblog.de\/wp-content\/uploads\/2020\/09\/shure-55sh-ii-e1601485394796.jpg 415w, https:\/\/kommentatorenblog.de\/wp-content\/uploads\/2020\/09\/shure-55sh-ii-e1601485394796-142x300.jpg 142w\" sizes=\"auto, (max-width: 10px) 100vw, 10px\" \/> ??? <\/p>\n\n\n\n<hr class=\"wp-block-separator\"\/>\n\n\n\n<p><strong>Internationaler Fu\u00dfball (DAZN\/sportdigital FUSSBALL)<\/strong><\/p>\n\n\n\n<hr class=\"wp-block-separator\"\/>\n\n\n\n<p><strong>Copa del Rey (sportdigital FUSSBALL) <\/strong><\/p>\n\n\n\n<p><span style=\"text-decoration: underline;\">Samstag, 06. Mai 2023<\/span><\/p>\n\n\n\n<p><em><strong>Real Madrid &#8211; CA Osasuna<\/strong><\/em> <em><strong>(22.00 Uhr)<\/strong><\/em><\/p>\n\n\n\n<p><img loading=\"lazy\" decoding=\"async\" width=\"10\" height=\"21\" class=\"wp-image-3656\" style=\"width: 10px;\" src=\"http:\/\/kommentatorenblog.de\/wp-content\/uploads\/2020\/09\/shure-55sh-ii-e1601485394796.jpg\" alt=\"\" srcset=\"https:\/\/kommentatorenblog.de\/wp-content\/uploads\/2020\/09\/shure-55sh-ii-e1601485394796.jpg 415w, https:\/\/kommentatorenblog.de\/wp-content\/uploads\/2020\/09\/shure-55sh-ii-e1601485394796-142x300.jpg 142w\" sizes=\"auto, (max-width: 10px) 100vw, 10px\" \/> Jonathan Dreier<\/p>\n\n\n\n<hr class=\"wp-block-separator\"\/>\n\n\n\n<p><strong>Serie A, 34. Spieltag<\/strong> <\/p>\n\n\n\n<p><span style=\"text-decoration: underline;\">Samstag, 06. Mai 2023<\/span><\/p>\n\n\n\n<p><em><strong>AC Mailand &#8211; Lazio Rom (15.00 Uhr)<\/strong><\/em><\/p>\n\n\n\n<p><img loading=\"lazy\" decoding=\"async\" width=\"10\" height=\"21\" class=\"wp-image-3656\" style=\"width: 10px;\" src=\"http:\/\/kommentatorenblog.de\/wp-content\/uploads\/2020\/09\/shure-55sh-ii-e1601485394796.jpg\" alt=\"\" srcset=\"https:\/\/kommentatorenblog.de\/wp-content\/uploads\/2020\/09\/shure-55sh-ii-e1601485394796.jpg 415w, https:\/\/kommentatorenblog.de\/wp-content\/uploads\/2020\/09\/shure-55sh-ii-e1601485394796-142x300.jpg 142w\" sizes=\"auto, (max-width: 10px) 100vw, 10px\" \/> Uli Hebel, Experte: Christian Bernhard<\/p>\n\n\n\n<p><em><strong>AS Rom &#8211; Inter Mailand (18.00 Uhr)<\/strong><\/em><\/p>\n\n\n\n<p><img loading=\"lazy\" decoding=\"async\" width=\"10\" height=\"21\" class=\"wp-image-3656\" style=\"width: 10px;\" src=\"http:\/\/kommentatorenblog.de\/wp-content\/uploads\/2020\/09\/shure-55sh-ii-e1601485394796.jpg\" alt=\"\" srcset=\"https:\/\/kommentatorenblog.de\/wp-content\/uploads\/2020\/09\/shure-55sh-ii-e1601485394796.jpg 415w, https:\/\/kommentatorenblog.de\/wp-content\/uploads\/2020\/09\/shure-55sh-ii-e1601485394796-142x300.jpg 142w\" sizes=\"auto, (max-width: 10px) 100vw, 10px\" \/> Carsten Fu\u00df; Experte: Seb Knei\u00dfl<\/p>\n\n\n\n<p><span style=\"text-decoration: underline;\">Sonntag, 07. Mai 2023<\/span><\/p>\n\n\n\n<p><em><strong>Atalanta &#8211; Juventus<\/strong><\/em><strong><em> (12.30 Uhr)<\/em><\/strong><\/p>\n\n\n\n<p><img loading=\"lazy\" decoding=\"async\" width=\"10\" height=\"21\" class=\"wp-image-3656\" style=\"width: 10px;\" src=\"http:\/\/kommentatorenblog.de\/wp-content\/uploads\/2020\/09\/shure-55sh-ii-e1601485394796.jpg\" alt=\"\" srcset=\"https:\/\/kommentatorenblog.de\/wp-content\/uploads\/2020\/09\/shure-55sh-ii-e1601485394796.jpg 415w, https:\/\/kommentatorenblog.de\/wp-content\/uploads\/2020\/09\/shure-55sh-ii-e1601485394796-142x300.jpg 142w\" sizes=\"auto, (max-width: 10px) 100vw, 10px\" \/> Freddie Schulz<\/p>\n\n\n\n<p><strong><em><strong><em>SSC Neapel \u2013 AC Florenz<\/em><\/strong> (18.00 Uhr)<\/em><\/strong><\/p>\n\n\n\n<p><img loading=\"lazy\" decoding=\"async\" width=\"10\" height=\"21\" class=\"wp-image-3656\" style=\"width: 10px;\" src=\"http:\/\/kommentatorenblog.de\/wp-content\/uploads\/2020\/09\/shure-55sh-ii-e1601485394796.jpg\" alt=\"\" srcset=\"https:\/\/kommentatorenblog.de\/wp-content\/uploads\/2020\/09\/shure-55sh-ii-e1601485394796.jpg 415w, https:\/\/kommentatorenblog.de\/wp-content\/uploads\/2020\/09\/shure-55sh-ii-e1601485394796-142x300.jpg 142w\" sizes=\"auto, (max-width: 10px) 100vw, 10px\" \/> Mario Rieker  <\/p>\n\n\n\n<hr class=\"wp-block-separator\"\/>\n\n\n\n<p><strong>Ligue 1, 34. Spieltag <\/strong><\/p>\n\n\n\n<p><span style=\"text-decoration: underline;\">Samstag, 06. Mai 2023<\/span><\/p>\n\n\n\n<p><em><strong>Lens <em><strong>\u2013  <\/strong><\/em>Marseille (21.00 Uhr)<\/strong><\/em><\/p>\n\n\n\n<p><img loading=\"lazy\" decoding=\"async\" width=\"10\" height=\"21\" class=\"wp-image-3656\" style=\"width: 10px;\" src=\"http:\/\/kommentatorenblog.de\/wp-content\/uploads\/2020\/09\/shure-55sh-ii-e1601485394796.jpg\" alt=\"\" srcset=\"https:\/\/kommentatorenblog.de\/wp-content\/uploads\/2020\/09\/shure-55sh-ii-e1601485394796.jpg 415w, https:\/\/kommentatorenblog.de\/wp-content\/uploads\/2020\/09\/shure-55sh-ii-e1601485394796-142x300.jpg 142w\" sizes=\"auto, (max-width: 10px) 100vw, 10px\" \/> Stefan Galler<\/p>\n\n\n\n<p><span style=\"text-decoration: underline;\">Sonntag, 07. Mai 2023<\/span><\/p>\n\n\n\n<p><strong><em>Troyes &#8211; Paris Saint Germain<\/em><\/strong> <strong><em>(20.45 Uhr)<\/em><\/strong><\/p>\n\n\n\n<p><img loading=\"lazy\" decoding=\"async\" width=\"10\" height=\"21\" class=\"wp-image-3656\" style=\"width: 10px;\" src=\"http:\/\/kommentatorenblog.de\/wp-content\/uploads\/2020\/09\/shure-55sh-ii-e1601485394796.jpg\" alt=\"\" srcset=\"https:\/\/kommentatorenblog.de\/wp-content\/uploads\/2020\/09\/shure-55sh-ii-e1601485394796.jpg 415w, https:\/\/kommentatorenblog.de\/wp-content\/uploads\/2020\/09\/shure-55sh-ii-e1601485394796-142x300.jpg 142w\" sizes=\"auto, (max-width: 10px) 100vw, 10px\" \/> Guido H\u00fcsgen<\/p>\n\n\n\n<hr class=\"wp-block-separator\"\/>\n\n\n\n<p><strong>Internationaler Fussball (Sportdigital FUSSBALL)<\/strong><\/p>\n\n\n\n<hr class=\"wp-block-separator\"\/>\n\n\n\n<p><strong>Sky Bet Championship (46. Spieltag) <\/strong><\/p>\n\n\n\n<p><span style=\"text-decoration: underline;\">Montag, 08. Mai 2023<\/span><\/p>\n\n\n\n<p><em><strong>Konferenz (15.50 Uhr)<\/strong><\/em><\/p>\n\n\n\n<p><img loading=\"lazy\" decoding=\"async\" width=\"10\" height=\"21\" class=\"wp-image-3656\" style=\"width: 10px;\" src=\"http:\/\/kommentatorenblog.de\/wp-content\/uploads\/2020\/09\/shure-55sh-ii-e1601485394796.jpg\" alt=\"\" srcset=\"https:\/\/kommentatorenblog.de\/wp-content\/uploads\/2020\/09\/shure-55sh-ii-e1601485394796.jpg 415w, https:\/\/kommentatorenblog.de\/wp-content\/uploads\/2020\/09\/shure-55sh-ii-e1601485394796-142x300.jpg 142w\" sizes=\"auto, (max-width: 10px) 100vw, 10px\" \/> ???<\/p>\n\n\n\n<hr class=\"wp-block-separator is-style-default\"\/>\n\n\n\n<p><strong>Eredivisie, 31. Spieltag<\/strong><\/p>\n\n\n\n<p><span style=\"text-decoration: underline;\">Samstag, 06. Mai 2023<\/span><\/p>\n\n\n\n<p><em><strong>Sparta Rotterdam &#8211; PSV Eindhoven (18.45 Uhr)<\/strong><\/em><\/p>\n\n\n\n<p><img loading=\"lazy\" decoding=\"async\" width=\"10\" height=\"21\" class=\"wp-image-3656\" style=\"width: 10px;\" src=\"http:\/\/kommentatorenblog.de\/wp-content\/uploads\/2020\/09\/shure-55sh-ii-e1601485394796.jpg\" alt=\"\" srcset=\"https:\/\/kommentatorenblog.de\/wp-content\/uploads\/2020\/09\/shure-55sh-ii-e1601485394796.jpg 415w, https:\/\/kommentatorenblog.de\/wp-content\/uploads\/2020\/09\/shure-55sh-ii-e1601485394796-142x300.jpg 142w\" sizes=\"auto, (max-width: 10px) 100vw, 10px\" \/> Martin Hahn<\/p>\n\n\n\n<p><span style=\"text-decoration: underline;\">Sonntag, 07. Mai 2023<\/span><\/p>\n\n\n\n<p><em><strong>FC Emmen &#8211; FC Twente Enschede (12.15 Uhr)<\/strong><\/em><\/p>\n\n\n\n<p><img loading=\"lazy\" decoding=\"async\" width=\"10\" height=\"21\" class=\"wp-image-3656\" style=\"width: 10px;\" src=\"http:\/\/kommentatorenblog.de\/wp-content\/uploads\/2020\/09\/shure-55sh-ii-e1601485394796.jpg\" alt=\"\" srcset=\"https:\/\/kommentatorenblog.de\/wp-content\/uploads\/2020\/09\/shure-55sh-ii-e1601485394796.jpg 415w, https:\/\/kommentatorenblog.de\/wp-content\/uploads\/2020\/09\/shure-55sh-ii-e1601485394796-142x300.jpg 142w\" sizes=\"auto, (max-width: 10px) 100vw, 10px\" \/> J\u00f6rg Steiger<\/p>\n\n\n\n<p><em><strong>Excelsior Rotterdam &#8211; Feyenoord Rotterdam (14.30 Uhr)<\/strong><\/em><\/p>\n\n\n\n<p><img loading=\"lazy\" decoding=\"async\" width=\"10\" height=\"21\" class=\"wp-image-3656\" style=\"width: 10px;\" src=\"http:\/\/kommentatorenblog.de\/wp-content\/uploads\/2020\/09\/shure-55sh-ii-e1601485394796.jpg\" alt=\"\" srcset=\"https:\/\/kommentatorenblog.de\/wp-content\/uploads\/2020\/09\/shure-55sh-ii-e1601485394796.jpg 415w, https:\/\/kommentatorenblog.de\/wp-content\/uploads\/2020\/09\/shure-55sh-ii-e1601485394796-142x300.jpg 142w\" sizes=\"auto, (max-width: 10px) 100vw, 10px\" \/> Karsten Linke<\/p>\n\n\n\n<hr class=\"wp-block-separator is-style-default\"\/>\n\n\n\n<hr class=\"wp-block-separator is-style-default\"\/>\n\n\n\n<p><strong>Campeonato Brasileiro, 4. Spieltag <\/strong><\/p>\n\n\n\n<p><span style=\"text-decoration: underline;\">Sonntag, 07. Mai 2023<\/span><\/p>\n\n\n\n<p><em><strong>Fluminense &#8211; Vasco da Gama (01.55Uhr)<\/strong><\/em><\/p>\n\n\n\n<p><img loading=\"lazy\" decoding=\"async\" width=\"10\" height=\"21\" class=\"wp-image-3656\" style=\"width: 10px;\" src=\"http:\/\/kommentatorenblog.de\/wp-content\/uploads\/2020\/09\/shure-55sh-ii-e1601485394796.jpg\" alt=\"\" srcset=\"https:\/\/kommentatorenblog.de\/wp-content\/uploads\/2020\/09\/shure-55sh-ii-e1601485394796.jpg 415w, https:\/\/kommentatorenblog.de\/wp-content\/uploads\/2020\/09\/shure-55sh-ii-e1601485394796-142x300.jpg 142w\" sizes=\"auto, (max-width: 10px) 100vw, 10px\" \/> Henrik Hinrichsen<\/p>\n\n\n\n<hr class=\"wp-block-separator is-style-default\"\/>\n\n\n\n<p><strong>A-League, Elimination Final<\/strong><\/p>\n\n\n\n<p><span style=\"text-decoration: underline;\">Freitag, 05. Mai 2023<\/span><\/p>\n\n\n\n<p><em><strong>Adelaide United &#8211; Wellington Phoenix (11.30 Uhr)<\/strong><\/em><\/p>\n\n\n\n<p><img loading=\"lazy\" decoding=\"async\" width=\"10\" height=\"21\" class=\"wp-image-3656\" style=\"width: 10px;\" src=\"http:\/\/kommentatorenblog.de\/wp-content\/uploads\/2020\/09\/shure-55sh-ii-e1601485394796.jpg\" alt=\"\" srcset=\"https:\/\/kommentatorenblog.de\/wp-content\/uploads\/2020\/09\/shure-55sh-ii-e1601485394796.jpg 415w, https:\/\/kommentatorenblog.de\/wp-content\/uploads\/2020\/09\/shure-55sh-ii-e1601485394796-142x300.jpg 142w\" sizes=\"auto, (max-width: 10px) 100vw, 10px\" \/> Jakob Vogel<\/p>\n\n\n\n<p><span style=\"text-decoration: underline;\">Samstag, 06. Mai 2023<\/span><\/p>\n\n\n\n<p><strong><em>Western Sydney Wanderers &#8211; Sydney FC (11.30 Uhr)<\/em><\/strong><\/p>\n\n\n\n<p><img loading=\"lazy\" decoding=\"async\" width=\"10\" height=\"21\" class=\"wp-image-3656\" style=\"width: 10px;\" src=\"http:\/\/kommentatorenblog.de\/wp-content\/uploads\/2020\/09\/shure-55sh-ii-e1601485394796.jpg\" alt=\"\" srcset=\"https:\/\/kommentatorenblog.de\/wp-content\/uploads\/2020\/09\/shure-55sh-ii-e1601485394796.jpg 415w, https:\/\/kommentatorenblog.de\/wp-content\/uploads\/2020\/09\/shure-55sh-ii-e1601485394796-142x300.jpg 142w\" sizes=\"auto, (max-width: 10px) 100vw, 10px\" \/> Marcus Radefeld<\/p>\n\n\n\n<hr class=\"wp-block-separator\"\/>\n\n\n\n<p><strong>Liga Profesional 15. Spieltag  <\/strong><\/p>\n\n\n\n<p><span style=\"text-decoration: underline;\">Sonntag, 07.Mai 2023 <\/span><\/p>\n\n\n\n<p><em><strong>CA River Plate &#8211; Boca Juniors (22.30 Uhr)<\/strong><\/em><\/p>\n\n\n\n<p><img loading=\"lazy\" decoding=\"async\" width=\"10\" height=\"21\" class=\"wp-image-3656\" style=\"width: 10px;\" src=\"http:\/\/kommentatorenblog.de\/wp-content\/uploads\/2020\/09\/shure-55sh-ii-e1601485394796.jpg\" alt=\"\" srcset=\"https:\/\/kommentatorenblog.de\/wp-content\/uploads\/2020\/09\/shure-55sh-ii-e1601485394796.jpg 415w, https:\/\/kommentatorenblog.de\/wp-content\/uploads\/2020\/09\/shure-55sh-ii-e1601485394796-142x300.jpg 142w\" sizes=\"auto, (max-width: 10px) 100vw, 10px\" \/> Christian Blunck<\/p>\n\n\n\n<hr class=\"wp-block-separator\"\/>\n\n\n\n<p><strong>Ekstraklasa, 30. Spieltag<\/strong><\/p>\n\n\n\n<p><span style=\"text-decoration: underline;\">Freitag, 05.Mai 2023<\/span><\/p>\n\n\n\n<p><em><strong>Gornik Zabrze &#8211; Warta Posen<\/strong> <strong>(18.00 Uhr)<\/strong><\/em><\/p>\n\n\n\n<p><img loading=\"lazy\" decoding=\"async\" width=\"10\" height=\"21\" class=\"wp-image-3656\" style=\"width: 10px;\" src=\"http:\/\/kommentatorenblog.de\/wp-content\/uploads\/2020\/09\/shure-55sh-ii-e1601485394796.jpg\" alt=\"\" srcset=\"https:\/\/kommentatorenblog.de\/wp-content\/uploads\/2020\/09\/shure-55sh-ii-e1601485394796.jpg 415w, https:\/\/kommentatorenblog.de\/wp-content\/uploads\/2020\/09\/shure-55sh-ii-e1601485394796-142x300.jpg 142w\" sizes=\"auto, (max-width: 10px) 100vw, 10px\" \/> Marcus Radefeld<\/p>\n\n\n\n<p><span style=\"text-decoration: underline;\">Sonntag, 07.Mai 2023 <\/span><\/p>\n\n\n\n<p><em><strong>Pogon Szczecin &#8211; Legia Warschau <em><strong>(17.30 Uhr)<\/strong><\/em> <\/strong><\/em><\/p>\n\n\n\n<p><img loading=\"lazy\" decoding=\"async\" width=\"10\" height=\"21\" class=\"wp-image-3656\" style=\"width: 10px;\" src=\"http:\/\/kommentatorenblog.de\/wp-content\/uploads\/2020\/09\/shure-55sh-ii-e1601485394796.jpg\" alt=\"\" srcset=\"https:\/\/kommentatorenblog.de\/wp-content\/uploads\/2020\/09\/shure-55sh-ii-e1601485394796.jpg 415w, https:\/\/kommentatorenblog.de\/wp-content\/uploads\/2020\/09\/shure-55sh-ii-e1601485394796-142x300.jpg 142w\" sizes=\"auto, (max-width: 10px) 100vw, 10px\" \/> Ulf Kahmke <em><strong> <\/strong><\/em>  <\/p>\n\n\n\n<hr class=\"wp-block-separator\"\/>\n\n\n\n<p><strong>Die Analyse<\/strong><\/p>\n\n\n\n<p>Aufgrund des l\u00e4ngeren Vorwortes, wird die Analyse etwas k\u00fcrzer ausfallen. Nichtsdestotrotz geht nat\u00fcrlich der Blick auf den 31. Spieltag.<\/p>\n\n\n\n<p><strong>Konferenz am Freitag<\/strong><\/p>\n\n\n\n<p>Der Freitag startet dabei gleich mal mit etwas Besonderem: einer Konferenz. Durch die Vorverlegung der Partie Leverkusen- K\u00f6ln von Sonntag auf Freitag aufgrund des Europa League- Halbfinals von Bayer, finden zwei Partien gleichzeitig statt. Aus diesem Grund wird es eine Konferenz, moderiert von Mario Rieker, geben. Kommentatoren werden Max Gross (M05-S04) und Max Siebald (B04-1.FC) sein. Dazu kommen bei den Einzelspielen Michael Born in Leverkusen und Uli Hebel in Mainz zum Einsatz. W\u00e4hrend sich Hebel samt Experte Borowski und Lukas Sch\u00f6nm\u00fcller aus dem Mainzer Stadion melden werden, ist in Leverkusen nur Tom Kirsten als Interviewer vor Ort.<\/p>\n\n\n\n<p>Am Samstag steht dann wieder eine Konferenz an, diesmal mit f\u00fcnf Mannschaften. Mit dabei eine Partie, die erst am Dienstag genau am selben Ort stattfand: SC Freiburg- RB Leipzig. Die m\u00f6gliche Pokal- Revanche gab es f\u00fcr den Sportclub am Dienstag nicht, ganz im Gegenteil. Nun geht der Blick auf die Liga, hier ist man ja immerhin noch Vierter, gefolgt von Gegner Leipzig. Die Partie im Breisgau \u00fcbernimmt f\u00fcr Sky Kai Dittmann im Einzelspiel, welche bereits das Pokal- Halbfinale der beiden Teams begleiten durfte. Auch Field- Reporterin Schenker war unter der Woche in Baden- W\u00fcrttemberg beim Halbfinale im Einsatz, allerdings am Mittwoch in Stuttgart. Konferenz- Kommentator wird Frank Buschmann sein. Dar\u00fcber hinaus kommen Jonas Friedrich, Hansi K\u00fcpper, Florian Schmidt- Sommerfeld als auch Martin Gro\u00df zu Konferenzeins\u00e4tzen. Das Kellerduell Hertha- VfB wird Torsten Kunde im Einzelspiel kommentieren. <strong><em>Update:<\/em><\/strong> Personalrochade in der Bundesliga, da Veltman doch nicht Hoffenheim- Eintracht kommentiert, Infos dazu im Kommentar von Nico.<\/p>\n\n\n\n<p>Am Samstagabend kommt es zum Traditionsduell zwischen Werder und Bayern. Kommentieren wird hier, wie \u00fcblich Wolff Fuss. Expertin neben Matth\u00e4us ist Julia Simic und Moderator nat\u00fcrlich Sebastian Hellmann.<\/p>\n\n\n\n<p>Der Sonntag ist dann nat\u00fcrlich leerer als sonst, nur ein Spiel steht an: der BVB empf\u00e4ngt Wolfsburg. Ein Spiel, wof\u00fcr DAZN sein Top- Personal auspackt, Alex Schl\u00fcter moderiert und analysiert zusammen mit Sami Khedira, Kommentator wird Marco Hagemann sein.<\/p>\n\n\n\n<p>Zwei Freitagsspiele in der 1. Liga der M\u00e4nner hat zur Folge, dass es kein Freitagsspiel in der 1. Liga der Frauen geben wird. Warum das? Eigentlich h\u00e4tten die Bayer- Frauen am Freitagabend Eintracht Frankfurt empfangen, da aber nun die Bayer- M\u00e4nner nahezu zeitgleich ebenfalls daheim spielen und die Stadien der beiden Teams aneinandergrenzen, war eine parallel Austragung nicht m\u00f6glich. Dadurch spielen die Teams nun am Samstag ab 13.00 Uhr gegeneinander. Zeitgleich ist auch der aktuelle Tabellenf\u00fchrer aus M\u00fcnchen in Essen zu Gast. Neben Magenta streamt hier auch sportschau.de, wer hier kommentiert ist uns noch nicht bekannt, reichen wir aber nach, sofern wir die Info noch rechtzeitig bekommen. Ein Kandidat w\u00e4re Stefan H\u00e4nsel, welcher die Sportschau- Zusammenfassung macht. <em><strong>Update<\/strong>: <\/em>Aufgrund eines technischen Problems fand der Stream ohne Kommentar statt \/ konnte nicht mit Kommentar stattfinden. Sonntag stehen dann die restlichen Partien bei Magenta an, Eurosport \u00fcbertr\u00e4gt dieses Wochenende laut DFB nicht. Aus Wolfsburg meldet sich neben Kommentator Piller auch Moderatorin Stefanie Blochwitz. Sowohl Michael Seyberth als auch Simon K\u00f6pfer kommen an diesem Wochenende zu Doppeleins\u00e4tzen.<\/p>\n\n\n\n<p>Bevor Hansi K\u00fcpper seinen Konferenz- Einsatz in Liga 1 haben wird, wird aber am Samstagabend noch die 2.Liga- Partie HSV- Paderborn kommentieren. Die zweite Partie am Abend \u00fcbernimmt Joachim Hebel. Die Konferenz- Kommentatoren sind uns aktuell noch nicht bekannt, reichen wir ggf. nach, sofern wir die Information noch bekommen.<\/p>\n\n\n\n<p><strong>\u00dcberraschung am Abend<\/strong><\/p>\n\n\n\n<p>In der Regel besteht am Samstagabend das Sky- Team aus einem Duo, Stefan Hempel und Torsten Mattuschka. Die beiden werden auch dieses Mal im Einsatz sein, dazu kommt aber wohl noch Klaus Veltman f\u00fcr die Interviews. Veltman kommentiert am Nachmittag noch in Sinsheim und reist danach wohl weiter nach Darmstadt. <strong><em>Update<\/em><\/strong>: Der Zeitplan scheint wohl zu ambitioniert gewesen zu sein, Veltman \u00fcbernimmt nur die Interviews, alle \u00c4nderungen zu Bundesliga- Kommentatoren findet ihr im Kommentar von Nico. Bei Sport1 kommentiert Markus H\u00f6hner die Partie, moderieren wird, wie gewohnt Ruth Hoffmann.<\/p>\n\n\n\n<p>In Liga drei ist die ARD mit vier Sendern im Einsatz, der Fokus dabei geht \u00fcberwiegend auf die Tabellenspitze, die Top 4 der Liga werden im SR, BR, MDR und HR zu sehen, dazu nat\u00fcrlich auch bei Magenta Sport.<\/p>\n\n\n\n<p>Dazu gibt es eine Menge internationalen Fu\u00dfball, Sky hat noch die Premier League und WSL im Angebot, DAZN Serie A und Ligue 1, Sportdigital u.a. das Finale der Copa del Rey.<\/p>\n\n\n\n<p>Damit allen ein sch\u00f6nes Wochenende.<\/p>\n","protected":false},"excerpt":{"rendered":"<p>&#8222;Um es ganz klar zu sagen: Wir haben eine moralische und rechtliche Verpflichtung, die Rechte an der FIFA Frauen-Weltmeisterschaft\u2122 nicht unter Wert zu verkaufen. Sollten die Gebote weiterhin nicht fair (f\u00fcr Frauen und den Frauenfussball) bleiben, werden wir uns gezwungen sehen, die FIFA Frauen-WM 2023\u2122 nicht in die f\u00fcnf gro\u00dfen europ\u00e4ischen L\u00e4nder zu \u00fcbertragen.&#8222; Quelle: [&hellip;]<\/p>\n","protected":false},"author":10,"featured_media":0,"comment_status":"open","ping_status":"open","sticky":false,"template":"","format":"standard","meta":{"footnotes":""},"categories":[424],"tags":[49,163,216,46,19,257,178,131,382,57,35,915,13,906,308,61,120,331,295,32,155,104,25,211,726,405,213,347,69,507,58,315,93,59,491,676,378,294,9,70,43,503,243,121,126,67,250,649,130,71,912,17,383,88,634,409,369,113,293,94,340,917,76,98,914,415,22,134,911,344,154,28,27,33,395,87,402,105,289,107,196],"class_list":["post-14981","post","type-post","status-publish","format-standard","hentry","category-bundesliga-und-co","tag-alex-schlueter","tag-alexander-kuepper","tag-andreas-mann","tag-anett-sattler","tag-ard","tag-basti-schwele","tag-br","tag-carsten-fuss","tag-christian-akber-sade","tag-christian-blunck","tag-christian-strassburger","tag-daniel-hoehr","tag-dazn","tag-florian-eckl","tag-florian-malburg","tag-frank-buschmann","tag-franz-buechner","tag-freddie-schulz","tag-freddy-harder","tag-gari-paubandt","tag-guido-huesgen","tag-hannes-herrmann","tag-hansi-kuepper","tag-hartmut-von-kameke","tag-henrik-hinrichsen","tag-jakob-vogel","tag-jens-westen","tag-joachim-hebel","tag-jonas-friedrich","tag-jonathan-dreier","tag-joerg-steiger","tag-julian-engelhard","tag-kai-dittmann","tag-karsten-linke","tag-kevin-gerwin","tag-klaus-veltman","tag-konstantin-klostermann","tag-lenny-leonhardt","tag-magenta-sport","tag-marcel-meinert","tag-marco-hagemann","tag-marcus-radefeld","tag-mario-rieker","tag-markus-gaupp","tag-markus-goetz","tag-markus-hoehner","tag-markus-othmer","tag-martin-hahn","tag-martin-piller","tag-martin-weinberger","tag-matin-gross","tag-mdr","tag-michael-augustin","tag-michael-leopold","tag-michael-seyberth","tag-mike-muenkel","tag-nele-schenker","tag-oliver-seidler","tag-oskar-heirler","tag-patrick-wasserziehr","tag-raphael-honigstein","tag-rene-adler-2","tag-ruth-hofmann","tag-sebastian-hellmann","tag-sebastian-rieth","tag-simon-koepfer","tag-sky","tag-sportdigital-fussball","tag-sportschau-de","tag-sr","tag-stefan-galler","tag-stefan-hempel","tag-sven-schroeter","tag-thomas-wagner","tag-tobi-schaefer","tag-torsten-kunde","tag-ulf-kahmke","tag-uli-hebel","tag-ulli-potofski","tag-wolff-fuss","tag-yannick-erkenbrecher"],"_links":{"self":[{"href":"https:\/\/kommentatorenblog.de\/index.php?rest_route=\/wp\/v2\/posts\/14981","targetHints":{"allow":["GET"]}}],"collection":[{"href":"https:\/\/kommentatorenblog.de\/index.php?rest_route=\/wp\/v2\/posts"}],"about":[{"href":"https:\/\/kommentatorenblog.de\/index.php?rest_route=\/wp\/v2\/types\/post"}],"author":[{"embeddable":true,"href":"https:\/\/kommentatorenblog.de\/index.php?rest_route=\/wp\/v2\/users\/10"}],"replies":[{"embeddable":true,"href":"https:\/\/kommentatorenblog.de\/index.php?rest_route=%2Fwp%2Fv2%2Fcomments&post=14981"}],"version-history":[{"count":32,"href":"https:\/\/kommentatorenblog.de\/index.php?rest_route=\/wp\/v2\/posts\/14981\/revisions"}],"predecessor-version":[{"id":15023,"href":"https:\/\/kommentatorenblog.de\/index.php?rest_route=\/wp\/v2\/posts\/14981\/revisions\/15023"}],"wp:attachment":[{"href":"https:\/\/kommentatorenblog.de\/index.php?rest_route=%2Fwp%2Fv2%2Fmedia&parent=14981"}],"wp:term":[{"taxonomy":"category","embeddable":true,"href":"https:\/\/kommentatorenblog.de\/index.php?rest_route=%2Fwp%2Fv2%2Fcategories&post=14981"},{"taxonomy":"post_tag","embeddable":true,"href":"https:\/\/kommentatorenblog.de\/index.php?rest_route=%2Fwp%2Fv2%2Ftags&post=14981"}],"curies":[{"name":"wp","href":"https:\/\/api.w.org\/{rel}","templated":true}]}}