{"id":15026,"date":"2023-05-08T21:40:50","date_gmt":"2023-05-08T19:40:50","guid":{"rendered":"https:\/\/kommentatorenblog.de\/?p=15026"},"modified":"2023-05-08T21:40:52","modified_gmt":"2023-05-08T19:40:52","slug":"1340-die-letzten-halbfinals-2022-23-im-europaeischen-spitzenfussball-part-1","status":"publish","type":"post","link":"https:\/\/kommentatorenblog.de\/?p=15026","title":{"rendered":"1340 &#8211; Die letzten Halbfinals 2022\/23 im europ\u00e4ischen Spitzenfu\u00dfball, part 1"},"content":{"rendered":"\n<p>N&#8217;Abend allerseits,<\/p>\n\n\n\n<p>das deutsche Pokal-Halbfinale ist durch, mit Leipzig und Frankfurt setzten sich die vermeintlichen Favoriten der Begegnungen mehr oder weniger deutlich respektive gl\u00fccklich durch, und stehen sich Anfang Juni in Berlin (zu sehen bei Sky und im ZDF) gegen\u00fcber. Auch bei den anderen Pokalwettbewerbe in den europ\u00e4ischen Topligen ist das Halbfinale schon durch: Im altehrw\u00fcrdigen englischen FA Cup haben sich dort die beiden Manchester-Clubs durchgesetzt und so findet am gleichen Tag wie das DFB-Pokal-Finale nun das Manchester Derby im Wembley Stadium statt (zu sehen bei DAZN). Der andere Pokal der Insel, der EFL Cup, ist schon seit Ende Februar entschieden &#8211; hier hat Man United schon zugeschlagen. <br>Ebenfalls entschieden ist die spanische Copa del Rey seit Samstag; Real Madrid beendete eine Art Pokalfluch und holte die erste Copa seit 2014. Auch im Coupe de France, dem niederl\u00e4ndischen KNVB Beker, dem belgischen Pokal und dem \u00d6FB-Cup sind die Endspiele schon durch. Die Pokalsieger dort hei\u00dfen FC Toulouse, PSV Eindhoven, Royal Antwerpen und Sturm Graz. Noch offen sind dagegen die Finalpartien in Portugal und Schottland Anfang Juni, wo aber mit Braga und Porto respektive Celtic und Inverness die Finalisten allesamt schon feststehen.<\/p>\n\n\n\n<p>Auch in der UEFA Women&#8217;s Champions League steht mit Barca-Wolfsburg die Finalpaarung schon fest.<\/p>\n\n\n\n<p>Noch offen dagegen die Finalisten in den wichtigsten Wettbewerben des Kontinents im M\u00e4nnerfu\u00dfball, wo wir dieser Tage mit den Halbfinal-Hinspielen etwas Licht ins Dunkel bekommen. Bei den Buchmachern ist in der Champions League \u00fcbrigens das Finale ManCity-Inter hoch im Kurs (dann mit dem Favoriten City), in der Europa League das Finale Juventus-Leverkusen (mit Favorit Juventus) und in der Conference League das Finale Florenz-West Ham (mit Favorit West Ham).<br>Meine pers\u00f6nlichen Tipps sind leicht anders, ich tippe auf die Finals Real-Milan, Leverkusen-Sevilla und Florenz-Alkmaar. Was sind eure Prognosen?<\/p>\n\n\n\n<p><strong>UEFA Champions League, Halbfinal-Hinspiele (Prime Video\/DAZN)<\/strong><\/p>\n\n\n\n<p><u>Dienstag, 09<\/u><u>. Mai 2023, ab 20.00 Uhr (Prime Video)<\/u><\/p>\n\n\n\n<p><strong style=\"font-style: italic;\"><em><strong>Real Madrid<\/strong><\/em> <strong><em><span><b style=\"font-style: italic;\">\u2013<\/b><\/span><\/em><\/strong><\/strong> <em><strong><em><strong>Manchester City<\/strong><\/em> (21.00 Uhr)<\/strong><\/em> <br><img loading=\"lazy\" decoding=\"async\" width=\"10\" height=\"21\" class=\"wp-image-3656\" style=\"width: 10px;\" src=\"http:\/\/kommentatorenblog.de\/wp-content\/uploads\/2020\/09\/shure-55sh-ii-e1601485394796.jpg\" alt=\"\" srcset=\"https:\/\/kommentatorenblog.de\/wp-content\/uploads\/2020\/09\/shure-55sh-ii-e1601485394796.jpg 415w, https:\/\/kommentatorenblog.de\/wp-content\/uploads\/2020\/09\/shure-55sh-ii-e1601485394796-142x300.jpg 142w\" sizes=\"auto, (max-width: 10px) 100vw, 10px\" \/> Jonas Friedrich, Experte: Benedikt H\u00f6wedes<br>Field-Reporter:innen: Annika Zimmermann und Sebastian Benesch<br>Moderation: Sebastian Hellmann, Expert:innen: Josephine Henning, Matthias Sammer und Mario G\u00f3mez<\/p>\n\n\n\n<p><u>Mittwoch, 10<\/u><u>. Mai 2023, ab 20.15 Uhr (DAZN)<\/u><\/p>\n\n\n\n<p><strong style=\"font-style: italic;\">AC Mailand <strong><em><span><b style=\"font-style: italic;\">\u2013<\/b><\/span><\/em><\/strong><\/strong> <em><strong>Inter Mailand (21.00 Uhr)<\/strong><\/em> <br><img loading=\"lazy\" decoding=\"async\" width=\"10\" height=\"21\" class=\"wp-image-3656\" style=\"width: 10px;\" src=\"http:\/\/kommentatorenblog.de\/wp-content\/uploads\/2020\/09\/shure-55sh-ii-e1601485394796.jpg\" alt=\"\" srcset=\"https:\/\/kommentatorenblog.de\/wp-content\/uploads\/2020\/09\/shure-55sh-ii-e1601485394796.jpg 415w, https:\/\/kommentatorenblog.de\/wp-content\/uploads\/2020\/09\/shure-55sh-ii-e1601485394796-142x300.jpg 142w\" sizes=\"auto, (max-width: 10px) 100vw, 10px\" \/> Marco Hagemann, Experte: Sandro Wagner<br>Field-Reporterin: Laura Wontorra<br>Moderation: Tobi Wahnschaffe, Experte: Seb Knei\u00dfl<\/p>\n\n\n\n<hr class=\"wp-block-separator is-style-default\"\/>\n\n\n\n<p><strong>UEFA Europa League \/ Europa Conference League, Halbfinal-Hinspiele (RTL+\/RTL)<\/strong><\/p>\n\n\n\n<p><u>Donnerstag, 11<\/u><u>. Mai 2023, ab 20.15 Uhr (RTL\/RTL+)<\/u><\/p>\n\n\n\n<p><em>EL: <\/em><strong style=\"font-style: italic;\">AS Rom<\/strong><strong style=\"font-style: italic;\"> <strong><em><span><b style=\"font-style: italic;\">\u2013<\/b><\/span><\/em><\/strong><\/strong> <em><strong>Bayer 04 Leverkusen (21.00 Uhr)<\/strong><\/em><\/p>\n\n\n\n<p> <img loading=\"lazy\" decoding=\"async\" width=\"10\" height=\"21\" class=\"wp-image-3656\" style=\"width: 10px;\" src=\"http:\/\/kommentatorenblog.de\/wp-content\/uploads\/2020\/09\/shure-55sh-ii-e1601485394796.jpg\" alt=\"\" srcset=\"https:\/\/kommentatorenblog.de\/wp-content\/uploads\/2020\/09\/shure-55sh-ii-e1601485394796.jpg 415w, https:\/\/kommentatorenblog.de\/wp-content\/uploads\/2020\/09\/shure-55sh-ii-e1601485394796-142x300.jpg 142w\" sizes=\"auto, (max-width: 10px) 100vw, 10px\" \/> <em>RTL: <\/em>Marco Hagemann, Experte: Steffen Freund<\/p>\n\n\n\n<p> <img loading=\"lazy\" decoding=\"async\" width=\"10\" height=\"21\" class=\"wp-image-3656\" style=\"width: 10px;\" src=\"http:\/\/kommentatorenblog.de\/wp-content\/uploads\/2020\/09\/shure-55sh-ii-e1601485394796.jpg\" alt=\"\" srcset=\"https:\/\/kommentatorenblog.de\/wp-content\/uploads\/2020\/09\/shure-55sh-ii-e1601485394796.jpg 415w, https:\/\/kommentatorenblog.de\/wp-content\/uploads\/2020\/09\/shure-55sh-ii-e1601485394796-142x300.jpg 142w\" sizes=\"auto, (max-width: 10px) 100vw, 10px\" \/> <em>RTL+: <\/em>Robby Hunke, Experte: Patrick Helmes (Einzelspiel), Cornelius K\u00fcpper (Konferenz)<\/p>\n\n\n\n<p>Moderation (RTL): Laura Papendick, Experten: Lothar Matth\u00e4us und Karl-Heinz Riedle<\/p>\n\n\n\n<p><em>EL: <\/em><strong style=\"font-style: italic;\">Juventus Turin<\/strong><strong style=\"font-style: italic;\"> <strong><em><span><b style=\"font-style: italic;\">\u2013<\/b><\/span><\/em><\/strong><\/strong> <em><strong>FC Sevilla (21.00 Uhr)<\/strong><\/em> <br><img loading=\"lazy\" decoding=\"async\" width=\"10\" height=\"21\" class=\"wp-image-3656\" style=\"width: 10px;\" src=\"http:\/\/kommentatorenblog.de\/wp-content\/uploads\/2020\/09\/shure-55sh-ii-e1601485394796.jpg\" alt=\"\" srcset=\"https:\/\/kommentatorenblog.de\/wp-content\/uploads\/2020\/09\/shure-55sh-ii-e1601485394796.jpg 415w, https:\/\/kommentatorenblog.de\/wp-content\/uploads\/2020\/09\/shure-55sh-ii-e1601485394796-142x300.jpg 142w\" sizes=\"auto, (max-width: 10px) 100vw, 10px\" \/> Oliver Seidler, Experte: Felix Kroos (Einzelspiel), Christian Stra\u00dfburger (Konferenz)<\/p>\n\n\n\n<p><em>ECL: <\/em><strong style=\"font-style: italic;\">West Ham United<\/strong><strong style=\"font-style: italic;\"> <strong><em><span><b style=\"font-style: italic;\">\u2013<\/b><\/span><\/em><\/strong><\/strong> <em><strong>AZ Alkmaar (21.00 Uhr)<\/strong><\/em> <br><img loading=\"lazy\" decoding=\"async\" width=\"10\" height=\"21\" class=\"wp-image-3656\" style=\"width: 10px;\" src=\"http:\/\/kommentatorenblog.de\/wp-content\/uploads\/2020\/09\/shure-55sh-ii-e1601485394796.jpg\" alt=\"\" srcset=\"https:\/\/kommentatorenblog.de\/wp-content\/uploads\/2020\/09\/shure-55sh-ii-e1601485394796.jpg 415w, https:\/\/kommentatorenblog.de\/wp-content\/uploads\/2020\/09\/shure-55sh-ii-e1601485394796-142x300.jpg 142w\" sizes=\"auto, (max-width: 10px) 100vw, 10px\" \/> Rene Langhoff (Einzelspiel), Klaus Veltman (Konferenz)<\/p>\n\n\n\n<p><em>ECL: <\/em><strong style=\"font-style: italic;\">AC Florenz<\/strong><strong style=\"font-style: italic;\"> <strong><em><span><b style=\"font-style: italic;\">\u2013<\/b><\/span><\/em><\/strong><\/strong> <em><strong>FC Basel (21.00 Uhr)<\/strong><\/em> <br><img loading=\"lazy\" decoding=\"async\" width=\"10\" height=\"21\" class=\"wp-image-3656\" style=\"width: 10px;\" src=\"http:\/\/kommentatorenblog.de\/wp-content\/uploads\/2020\/09\/shure-55sh-ii-e1601485394796.jpg\" alt=\"\" srcset=\"https:\/\/kommentatorenblog.de\/wp-content\/uploads\/2020\/09\/shure-55sh-ii-e1601485394796.jpg 415w, https:\/\/kommentatorenblog.de\/wp-content\/uploads\/2020\/09\/shure-55sh-ii-e1601485394796-142x300.jpg 142w\" sizes=\"auto, (max-width: 10px) 100vw, 10px\" \/> Philip Konrad (Einzelspiel), Christina Graf (Konferenz)<\/p>\n\n\n\n<p>Moderation (RTL+): Anna Kraft, Arnd Zeigler und Ansgar Brinkmann<\/p>\n\n\n\n<hr class=\"wp-block-separator is-style-default\"\/>\n\n\n\n<p><strong>Women&#8217;s Super League (ENG), Nachholspiel (Sky)<\/strong><\/p>\n\n\n\n<p><u>Mittwoch, 10<\/u><u>. Mai 2023, ab 20.20 Uhr<\/u><\/p>\n\n\n\n<p><strong style=\"font-style: italic;\">Brighton &amp; Hove Albion <strong><em><span><b style=\"font-style: italic;\">\u2013<\/b><\/span><\/em><\/strong><\/strong> <em><strong>FC Arsenal (20.30 Uhr)<\/strong><\/em> <br><img loading=\"lazy\" decoding=\"async\" width=\"10\" height=\"21\" class=\"wp-image-3656\" style=\"width: 10px;\" src=\"http:\/\/kommentatorenblog.de\/wp-content\/uploads\/2020\/09\/shure-55sh-ii-e1601485394796.jpg\" alt=\"\" srcset=\"https:\/\/kommentatorenblog.de\/wp-content\/uploads\/2020\/09\/shure-55sh-ii-e1601485394796.jpg 415w, https:\/\/kommentatorenblog.de\/wp-content\/uploads\/2020\/09\/shure-55sh-ii-e1601485394796-142x300.jpg 142w\" sizes=\"auto, (max-width: 10px) 100vw, 10px\" \/> tba<\/p>\n\n\n\n<hr class=\"wp-block-separator is-style-default\"\/>\n\n\n\n<p><strong>Campeonato Brasileiro (BRA), 5. Spieltag (Sportdigital Fu\u00dfball)<\/strong><\/p>\n\n\n\n<p><u>Donnerstag, 11<\/u><u>. Mai 2023, ab 23.55 Uhr<\/u><\/p>\n\n\n\n<p><strong style=\"font-style: italic;\">Botafogo FR <strong><em><span><b style=\"font-style: italic;\">\u2013<\/b><\/span><\/em><\/strong><\/strong> <em><strong>Corinthians S\u00e3o Paulo (24.00 Uhr)<\/strong><\/em> <br><img loading=\"lazy\" decoding=\"async\" width=\"10\" height=\"21\" class=\"wp-image-3656\" style=\"width: 10px;\" src=\"http:\/\/kommentatorenblog.de\/wp-content\/uploads\/2020\/09\/shure-55sh-ii-e1601485394796.jpg\" alt=\"\" srcset=\"https:\/\/kommentatorenblog.de\/wp-content\/uploads\/2020\/09\/shure-55sh-ii-e1601485394796.jpg 415w, https:\/\/kommentatorenblog.de\/wp-content\/uploads\/2020\/09\/shure-55sh-ii-e1601485394796-142x300.jpg 142w\" sizes=\"auto, (max-width: 10px) 100vw, 10px\" \/> Henrik Hinrichsen<\/p>\n\n\n\n<hr class=\"wp-block-separator is-style-default\"\/>\n\n\n\n<p><strong><code>ANALYSE<\/code><\/strong><\/p>\n\n\n\n<p>Das vorletzte Mal Champions League bei Amazon f\u00fcr diese Saison, das vorletzte Mal der gleiche Stamm: Jonas Friedrich und Benedikt H\u00f6wedes kommentieren, Sebastian Benesch und Annika Zimmermann interviewen, Sebastian Hellmann, Matthias Sammer und Mario Gomez analysieren &#8211; im Vergleich zur letzten Runde rotiert nur Josephine Henning an den Tisch am Spielfeldrand. Wolfgang Stark steht f\u00fcr Schiedsrichter-Expertise im Studio bereit.<\/p>\n\n\n\n<p>Am Mittwoch \u00fcbernimmt dann DAZN Teil 2 der Halbfinal-Hinspiele. Das Derby della Madonnina ist mit Kommentator Marco Hagemann (auf seiner Italien-Rundreise), Experte Sandro Wagner und Laura Wontorra als Reporterin vor Ort besetzt. Des Weiteren sind Moderator Tobi Wahnschaffe und Experte Seb Knei\u00dfl gelistet.<\/p>\n\n\n\n<p>Donnerstag ab 20:15 Uhr ist dann der gro\u00dfe RTL-\/RTL+-Abend. Im Free-TV ist das bew\u00e4hrte Team mit Laura Papendick, Lothar Matth\u00e4us und Karl-Heinz Riedle sowie Steffen Freund und besagtem Marco Hagemann auf dessen Italien-Rundreise von Mailand nach Rom besetzt. F\u00fcr RTL+ \u00fcbernehmen wie schon im Viertelfinale Robby Hunke und Patrick Helmes den Kommentar der Leverkusener. In der Konferenz begleitet Cornelius K\u00fcpper den Auftritt des letzten deutschen Vertreters auf internationalem Parkett, auch er hat dies schon in der Runde zuvor getan. <\/p>\n\n\n\n<p>Die Konferenz komplettieren Christian Stra\u00dfburger, der wieder den FC Sevilla bekommt, Klaus Veltman, der wieder Alkmaar in der Schalte begleitet, und Christina Graf, die wie schon im Viertelfinale das Hinspiel von Florenz in der Konferenz macht. Den gro\u00dfen Europa (Conference) League-Abend bei RTL+ hosten wie gewohnt Arnd Zeigler, Anna Kraft und Ansgar Brinkmann. Neben dem Leverkusen-Spiel und der Konferenz gibt&#8217;s dort wie gewohnt auch die anderen Partien im Einzelfeed. Dort \u00fcbernehmen wieder Olli Seidler und Felix Kroos das Spitzenspiel, das in dieser Runde Juve-Sevilla lauten wird. Die Conference League-Partien begleiten Rene Langhoff und Philip Konrad.<\/p>\n\n\n\n<p>Damit viel Spa\u00df f\u00fcr die anstehende Halbfinal-Woche, wem auch immer ihr &#8211; neben Leverkusen &#8211; die Daumen dr\u00fcckt!<\/p>\n","protected":false},"excerpt":{"rendered":"<p>N&#8217;Abend allerseits, das deutsche Pokal-Halbfinale ist durch, mit Leipzig und Frankfurt setzten sich die vermeintlichen Favoriten der Begegnungen mehr oder weniger deutlich respektive gl\u00fccklich durch, und stehen sich Anfang Juni in Berlin (zu sehen bei Sky und im ZDF) gegen\u00fcber. Auch bei den anderen Pokalwettbewerbe in den europ\u00e4ischen Topligen ist das Halbfinale schon durch: Im [&hellip;]<\/p>\n","protected":false},"author":12,"featured_media":0,"comment_status":"open","ping_status":"open","sticky":false,"template":"","format":"standard","meta":{"footnotes":""},"categories":[425],"tags":[],"class_list":["post-15026","post","type-post","status-publish","format-standard","hentry","category-champions-league-und-co"],"_links":{"self":[{"href":"https:\/\/kommentatorenblog.de\/index.php?rest_route=\/wp\/v2\/posts\/15026","targetHints":{"allow":["GET"]}}],"collection":[{"href":"https:\/\/kommentatorenblog.de\/index.php?rest_route=\/wp\/v2\/posts"}],"about":[{"href":"https:\/\/kommentatorenblog.de\/index.php?rest_route=\/wp\/v2\/types\/post"}],"author":[{"embeddable":true,"href":"https:\/\/kommentatorenblog.de\/index.php?rest_route=\/wp\/v2\/users\/12"}],"replies":[{"embeddable":true,"href":"https:\/\/kommentatorenblog.de\/index.php?rest_route=%2Fwp%2Fv2%2Fcomments&post=15026"}],"version-history":[{"count":4,"href":"https:\/\/kommentatorenblog.de\/index.php?rest_route=\/wp\/v2\/posts\/15026\/revisions"}],"predecessor-version":[{"id":15030,"href":"https:\/\/kommentatorenblog.de\/index.php?rest_route=\/wp\/v2\/posts\/15026\/revisions\/15030"}],"wp:attachment":[{"href":"https:\/\/kommentatorenblog.de\/index.php?rest_route=%2Fwp%2Fv2%2Fmedia&parent=15026"}],"wp:term":[{"taxonomy":"category","embeddable":true,"href":"https:\/\/kommentatorenblog.de\/index.php?rest_route=%2Fwp%2Fv2%2Fcategories&post=15026"},{"taxonomy":"post_tag","embeddable":true,"href":"https:\/\/kommentatorenblog.de\/index.php?rest_route=%2Fwp%2Fv2%2Ftags&post=15026"}],"curies":[{"name":"wp","href":"https:\/\/api.w.org\/{rel}","templated":true}]}}