{"id":1513,"date":"2020-02-10T22:20:13","date_gmt":"2020-02-10T22:20:13","guid":{"rendered":"http:\/\/kommentatorenblog.de\/?p=1513"},"modified":"2020-12-30T16:06:09","modified_gmt":"2020-12-30T16:06:09","slug":"1055-frueh-uebt-sich","status":"publish","type":"post","link":"https:\/\/kommentatorenblog.de\/?p=1513","title":{"rendered":"1055 &#8211; Fr\u00fch \u00fcbt sich"},"content":{"rendered":"\n<p>N\u00b4Abend allerseits!<\/p>\n\n\n\n<p>Ich habe es getan! Ich war tats\u00e4chlich mal wieder live dabei, habe Fu\u00dfball vor Ort betrachtet. Nun ist dieser Ort jedoch um ein paar Einwohner kleiner gewesen als Stuttgart, mein sonstiges Ziel der Begierde, wenn ich ins Stadion gehe. Und um ehrlich zu sein war ich auch nicht im Stadion, sondern in der Halle. Hallenfu\u00dfball, D-Junioren Turnier, mein kleiner Bruder stand mit seiner Mannschaft tats\u00e4chlich unter den letzten Acht, ausgespielt wurde der Bezirkspokal. Letzten Endes ist es Platz 5 geworden, was f\u00fcr den Ort, in dem ich wohne, im Grunde genommen eine riesige Sache gewesen ist. So wurde dies auch zuvor vom Trainer vermittelt: Es ist das mit Abstand &#8222;gr\u00f6\u00dfte&#8220; Turnier gewesen, welches die Jungs in ihrer bislang noch sehr jungen Karriere bestreiten durften, der Coach wollte all seine Jungs dabei haben. Egal ob kerngesund, verletzt oder erk\u00e4ltet, schlie\u00dflich ist das auch f\u00fcr die Jungs eine gro\u00dfe Sache. So kam es, das die komplette Mannschaft tats\u00e4chlich bei dem Turnier anwesend war, aber l\u00e4ngst nicht jeder zum Einsatz kommen konnte. Auch mein Bruder bekam lediglich begrenzte Spielzeit, freute sich aber trotzdem sehr dar\u00fcber, dabei gewesen zu sein &#8211; &#8222;Vor so vielen Leuten m\u00f6chte ich noch einmal spielen&#8220;, so sein Statement im von mir gef\u00fchrten Interview nach dem Ausscheiden. Ich muss zugeben, auch mir hat es, trotz leichter Erk\u00e4ltung, viel Spa\u00df gemacht sich das anzuschauen. Man sieht das Strahlen in den Augen der Kinder, sobald diese spielen d\u00fcrfen und man merkt ihnen den Spa\u00df in jeder Sekunde an. Noch dazu muss ich sagen, dass auch die Zuschauer wunderbar waren, die Teams wurden angefeuert, es wurde zwischendurch auch mal laut, es hat wirklich Laune gemacht. In solchen Momenten denke ich auch an meine, wenn auch nur bis zur C-Jugend gehenden Karriere zur\u00fcck. Damals bin ich der Motor auf der linken Seite gewesen und habe laut meinem damaligen Coach nie aufgegeben, egal wie aussichtslos die Situation war. Dann kam irgendwann mein Muskelfaserriss, die damit verbundene Ausfallzeit und auch der Entschluss, sich lieber auf die Schule zu konzentrieren wie auf eine Fu\u00dfballerkarriere.  Ich hoffe, den Jungs, denen ich am Samstag zugesehen habe, bleibt die Motivation l\u00e4nger erhalten wie meiner Wenigkeit.<\/p>\n\n\n\n<p>Eure Erfahrungen mit dem Jugendfu\u00dfball? Selber mal Fu\u00dfball gespielt oder spielt ihr gar heute noch im Verein? W\u00fcrde mich interessieren, ab in die Kommentare damit!<\/p>\n\n\n\n<p>Was gibt es sonst so auf der Welt momentan? Sabine? Corona-Virus? AKK-R\u00fccktritt? Die Wahl in Th\u00fcringen? Kann man sich gerne mal wann anders dr\u00fcber unterhalten, jetzt geht es um die Partien, die in den kommenden 3 Tagen ausgespielt werden.<\/p>\n\n\n\n<p><strong><em><span style=\"text-decoration: underline;\">Die Ansetzungen vom 11. Februar 2020 bis zum 13. Februar 2020<\/span><\/em><\/strong><\/p>\n\n\n\n<p><strong><em>Fu\u00dfball International<\/em><\/strong><\/p>\n\n\n\n<p><span style=\"text-decoration: underline;\">Dienstag, 11. Februar 2020<\/span><\/p>\n\n\n\n<p>Copa Libertadores, 2. Runde, R\u00fcckspiel: <strong><em>Internacional (BRA) &#8211; Universidad de Chile (CHI)<\/em><\/strong> <strong><em>(23.15 Uhr)<\/em><\/strong><\/p>\n\n\n\n<p>sportdigital FUSSBALL: Christian Blunck <\/p>\n\n\n\n<p><span style=\"text-decoration: underline;\">Mittwoch, 12. Februar 2020 <\/span><\/p>\n\n\n\n<p>Coupe de France, Viertelfinale: <b><i>Dijon &#8211; Paris Saint Germain (<\/i><\/b><strong><em>18.30 Uhr)<\/em><\/strong><\/p>\n\n\n\n<p>DAZN: Flo Hauser, Experte: Alexis Menuge<\/p>\n\n\n\n<p>Coppa Italia, Halbfinal-Hinspiel: <strong><em>Inter Mailand &#8211; SSC Neapel (20.45 Uhr)<\/em><\/strong><\/p>\n\n\n\n<p>DAZN: Mario Rieker, Experte: Christian Bernhard<\/p>\n\n\n\n<p>Coupe de France, Viertelfinale: <strong><em>Olympique Lyon &#8211; Olympique Marseille (21.05 Uhr)<\/em><\/strong><\/p>\n\n\n\n<p>DAZN: Guido H\u00fcsgen, Experte: Sascha Bigalke<\/p>\n\n\n\n<p><span style=\"text-decoration: underline;\">Donnerstag, 13. Februar 2020<\/span><\/p>\n\n\n\n<p>Coppa Italia, Halbfinal-Hinspiel: <strong><em>AC Mailand &#8211; Juventus Turin (20.45 Uhr)<\/em><\/strong><\/p>\n\n\n\n<p>DAZN: Carsten Fu\u00df, Experte: Christian Bernhard<\/p>\n\n\n\n<p><strong><em><span style=\"text-decoration: underline;\">Die Analyse<\/span><\/em><\/strong><\/p>\n\n\n\n<p>DFB-Pokal war letzte Woche, in Frankreich und Italien wird nun im Pokal weitergespielt. In Italien sind sie bereits im Halbfinale und da warten zwei absolute Klassiker. Nat\u00fcrlich sind die Fachm\u00e4nner Carsten Fu\u00df und Mario Rieker im Einsatz, unterst\u00fctzt werden sie jeweils von Christian Bernhard. In Frankreich spielt man das Viertelfinale, Stefan Galler hat Pause, Guido H\u00fcsgen und Flo Hauser \u00fcbernehmen das Mikro.<\/p>\n\n\n\n<p>Copa Libertadores l\u00e4uft auch schon wieder, Christian Blunck \u00fcbernimmt die Partie Internacional gegen Universidad de Chile!<\/p>\n\n\n\n<p>Euch eine ruhige, und m\u00f6glichst sturmfreie, Woche!<\/p>\n","protected":false},"excerpt":{"rendered":"<p>N\u00b4Abend allerseits! Ich habe es getan! Ich war tats\u00e4chlich mal wieder live dabei, habe Fu\u00dfball vor Ort betrachtet. Nun ist dieser Ort jedoch um ein paar Einwohner kleiner gewesen als Stuttgart, mein sonstiges Ziel der Begierde, wenn ich ins Stadion gehe. Und um ehrlich zu sein war ich auch nicht im Stadion, sondern in der [&hellip;]<\/p>\n","protected":false},"author":4,"featured_media":0,"comment_status":"open","ping_status":"open","sticky":false,"template":"","format":"standard","meta":{"footnotes":""},"categories":[429],"tags":[181,235,259,13,134],"class_list":["post-1513","post","type-post","status-publish","format-standard","hentry","category-diverses","tag-copa-libertadores","tag-coppa-italia","tag-coupe-de-france","tag-dazn","tag-sportdigital-fussball"],"_links":{"self":[{"href":"https:\/\/kommentatorenblog.de\/index.php?rest_route=\/wp\/v2\/posts\/1513","targetHints":{"allow":["GET"]}}],"collection":[{"href":"https:\/\/kommentatorenblog.de\/index.php?rest_route=\/wp\/v2\/posts"}],"about":[{"href":"https:\/\/kommentatorenblog.de\/index.php?rest_route=\/wp\/v2\/types\/post"}],"author":[{"embeddable":true,"href":"https:\/\/kommentatorenblog.de\/index.php?rest_route=\/wp\/v2\/users\/4"}],"replies":[{"embeddable":true,"href":"https:\/\/kommentatorenblog.de\/index.php?rest_route=%2Fwp%2Fv2%2Fcomments&post=1513"}],"version-history":[{"count":1,"href":"https:\/\/kommentatorenblog.de\/index.php?rest_route=\/wp\/v2\/posts\/1513\/revisions"}],"predecessor-version":[{"id":1514,"href":"https:\/\/kommentatorenblog.de\/index.php?rest_route=\/wp\/v2\/posts\/1513\/revisions\/1514"}],"wp:attachment":[{"href":"https:\/\/kommentatorenblog.de\/index.php?rest_route=%2Fwp%2Fv2%2Fmedia&parent=1513"}],"wp:term":[{"taxonomy":"category","embeddable":true,"href":"https:\/\/kommentatorenblog.de\/index.php?rest_route=%2Fwp%2Fv2%2Fcategories&post=1513"},{"taxonomy":"post_tag","embeddable":true,"href":"https:\/\/kommentatorenblog.de\/index.php?rest_route=%2Fwp%2Fv2%2Ftags&post=1513"}],"curies":[{"name":"wp","href":"https:\/\/api.w.org\/{rel}","templated":true}]}}