{"id":15142,"date":"2023-05-30T23:22:27","date_gmt":"2023-05-30T21:22:27","guid":{"rendered":"http:\/\/kommentatorenblog.de\/?p=15142"},"modified":"2023-06-26T13:29:38","modified_gmt":"2023-06-26T11:29:38","slug":"1345-ein-wochenende-voller-ejakulative","status":"publish","type":"post","link":"https:\/\/kommentatorenblog.de\/?p=15142","title":{"rendered":"1345 &#8211; Ein Wochenende voller Ejakulative"},"content":{"rendered":"\n<p>N&#8217;Abend allerseits,<\/p>\n\n\n\n<p>die regul\u00e4re Saison 22\/23 steht also in den B\u00fcchern, zumindest in den meisten nationalen Wettbewerben. Die letzten Tage brachten dabei Geschichten mit sich, die wohl im Vorfeld als v\u00f6llig kitschig\/\u00fcber dramatisch bezeichnet geworden w\u00e4ren, aber nun alle zusammen gekommen sind. In der Bundesliga sind das Drama rund um die Meisterschaft und die Last Minute Qualifikation der Eintracht f\u00fcr Europa nur zwei Beispiele f\u00fcr v\u00f6llig irre Geschichten und in der 2.Bundesliga und 3.Liga hat sich mal wieder die Magie der Nachspielzeit gezeigt. An dieser Stelle m\u00f6chte ich nat\u00fcrlich auch Gl\u00fcckw\u00fcnsche aussprechen: An die Bayern zur doppelten Meisterschaft (in der Bundesliga der Damen und Herren), an Union Berlin zur Qualifikation zur Champions League, an den VfL Bochum zum Klassenerhalt, Darmstadt 98, Heidenheim, Elversberg und Osnabr\u00fcck zum Aufstieg in die n\u00e4chsth\u00f6here Liga etc. Doch den gr\u00f6\u00dften Gl\u00fcckwunsch will ich an die Sender aussprechen. Ein letzter Spieltag und dessen Dramatik braucht nat\u00fcrlich auch eine entsprechende B\u00fchne und Magenta Sport und Sky haben diese absolut geboten. Bei Magenta Sport Christian Stra\u00dfburger, Markus H\u00f6hner und Pipo Konrad, um drei Namen exemplarisch rauszuziehen, die den dramatischen Aufstiegskampf der 3.Liga toll begleitet haben oder bei Sky die kompletten Crews bei den Einzelspielen und den Konferenzen. Ganz besonders die Neunerkonferenzen waren wie immer magisch. Enden soll dieses Vorwort trotz der Euphorie aber mit einer traurigen Nachricht. Kurz nach der Ver\u00f6ffentlichung des letzten Beitrag kam die Nachricht vom Tod von Michael Morhardt. Der Assistent von Wolff Fuss ist viel zu fr\u00fch gegangen und auch wenn er nie zu h\u00f6ren war, sondern nur im Hintergrund zu sehen war, geht einer, der uns alle bei den gr\u00f6\u00dften \u00dcbertragungen der letzten 10 Jahre begleitete. Wir sprechen an die Familie und Freunde von &#8222;Mourinho&#8220; unsere Anteilnahme aus.<\/p>\n\n\n\n<hr class=\"wp-block-separator\"\/>\n\n\n\n<p id=\"Ansetzungen\"><strong>Die Ansetzungen vom 31. Mai bis zum 02. Juni 2023:<\/strong><\/p>\n\n\n\n<p><strong>Europa League- Finale (RTL\/RTL+)<\/strong><\/p>\n\n\n\n<p><span style=\"text-decoration: underline;\">Mittwoch, 31. Mai 2023, ab 20.15 Uhr (RTL\/RTL+)<\/span><\/p>\n\n\n\n<p><strong style=\"font-style: italic;\">FC Sevilla <strong><em><span><b style=\"font-style: italic;\">\u2013<\/b><\/span><\/em><\/strong><\/strong> <em><strong>AS Rom (21.00Uhr)<\/strong><\/em><\/p>\n\n\n\n<p><img loading=\"lazy\" decoding=\"async\" width=\"10\" height=\"21\" class=\"wp-image-3656\" style=\"width: 10px;\" src=\"http:\/\/kommentatorenblog.de\/wp-content\/uploads\/2020\/09\/shure-55sh-ii-e1601485394796.jpg\" alt=\"\" srcset=\"https:\/\/kommentatorenblog.de\/wp-content\/uploads\/2020\/09\/shure-55sh-ii-e1601485394796.jpg 415w, https:\/\/kommentatorenblog.de\/wp-content\/uploads\/2020\/09\/shure-55sh-ii-e1601485394796-142x300.jpg 142w\" sizes=\"auto, (max-width: 10px) 100vw, 10px\" \/> RTL: Marco Hagemann, Experte: Steffen Freund<\/p>\n\n\n\n<p><img loading=\"lazy\" decoding=\"async\" width=\"10\" height=\"21\" class=\"wp-image-3656\" style=\"width: 10px;\" src=\"http:\/\/kommentatorenblog.de\/wp-content\/uploads\/2020\/09\/shure-55sh-ii-e1601485394796.jpg\" alt=\"\" srcset=\"https:\/\/kommentatorenblog.de\/wp-content\/uploads\/2020\/09\/shure-55sh-ii-e1601485394796.jpg 415w, https:\/\/kommentatorenblog.de\/wp-content\/uploads\/2020\/09\/shure-55sh-ii-e1601485394796-142x300.jpg 142w\" sizes=\"auto, (max-width: 10px) 100vw, 10px\" \/> RTL+: Cornelius K\u00fcpper, Experte: Patrick Helmes<\/p>\n\n\n\n<p>Moderation (RTL): Florian K\u00f6nig, Experten: Lothar Matth\u00e4us und Karl-Heinz Riedle, Field-Reporter: Felix G\u00f6rner<\/p>\n\n\n\n<p>Moderation (RTL+): Anna Kraft und Arnd Zeigler, Experte: Ansgar Brinkmann<\/p>\n\n\n\n<hr class=\"wp-block-separator\"\/>\n\n\n\n<p class=\"has-black-color has-text-color\"><strong>Relegationshinspiel Bundesliga (Sat1\/Sky)<\/strong><\/p>\n\n\n\n<p><span style=\"text-decoration: underline;\">Donnerstag, 01. Juni 2023, ab 20.15 Uhr<\/span><\/p>\n\n\n\n<p><strong><em>VfB Stuttgart<\/em> <strong><em><span><b style=\"font-style: italic;\">\u2013<\/b><\/span><\/em><\/strong><\/strong> <em><strong>Hamburger SV (20.45 Uhr)<\/strong><\/em><\/p>\n\n\n\n<p><img loading=\"lazy\" decoding=\"async\" width=\"10\" height=\"21\" class=\"wp-image-3656\" style=\"width: 10px;\" src=\"http:\/\/kommentatorenblog.de\/wp-content\/uploads\/2020\/09\/shure-55sh-ii-e1601485394796.jpg\" alt=\"\" srcset=\"https:\/\/kommentatorenblog.de\/wp-content\/uploads\/2020\/09\/shure-55sh-ii-e1601485394796.jpg 415w, https:\/\/kommentatorenblog.de\/wp-content\/uploads\/2020\/09\/shure-55sh-ii-e1601485394796-142x300.jpg 142w\" sizes=\"auto, (max-width: 10px) 100vw, 10px\" \/> Sat 1: Wolff Fuss<\/p>\n\n\n\n<p><img loading=\"lazy\" decoding=\"async\" width=\"10\" height=\"21\" class=\"wp-image-3656\" style=\"width: 10px;\" src=\"http:\/\/kommentatorenblog.de\/wp-content\/uploads\/2020\/09\/shure-55sh-ii-e1601485394796.jpg\" alt=\"\" srcset=\"https:\/\/kommentatorenblog.de\/wp-content\/uploads\/2020\/09\/shure-55sh-ii-e1601485394796.jpg 415w, https:\/\/kommentatorenblog.de\/wp-content\/uploads\/2020\/09\/shure-55sh-ii-e1601485394796-142x300.jpg 142w\" sizes=\"auto, (max-width: 10px) 100vw, 10px\" \/> Sky: Marcus Lindemann<\/p>\n\n\n\n<p>Moderation (Sat1): Matthias Opdenh\u00f6vel, Experte: Markus Babbel, Field-Reporter: Matthias Killing<\/p>\n\n\n\n<p>Moderation (Sky): Yannick Erkenbrecher, Field-Reporter: Martin Gro\u00df<\/p>\n\n\n\n<hr class=\"wp-block-separator\"\/>\n\n\n\n<p class=\"has-black-color has-text-color\"><strong>Relegationshinspiel 2.Bundesliga (Sat1\/Sky)<\/strong><\/p>\n\n\n\n<p><span style=\"text-decoration: underline;\">Freitag, 02. Juni 2023, ab 20.15 Uhr<\/span><\/p>\n\n\n\n<p><strong><em>SV Wehen Wiesbaden<\/em> <strong><em><span><b style=\"font-style: italic;\">\u2013<\/b><\/span><\/em><\/strong><\/strong> <em><strong>DSC Arminia Bielefeld (20.45 Uhr)<\/strong><\/em><\/p>\n\n\n\n<p><img loading=\"lazy\" decoding=\"async\" width=\"10\" height=\"21\" class=\"wp-image-3656\" style=\"width: 10px;\" src=\"http:\/\/kommentatorenblog.de\/wp-content\/uploads\/2020\/09\/shure-55sh-ii-e1601485394796.jpg\" alt=\"\" srcset=\"https:\/\/kommentatorenblog.de\/wp-content\/uploads\/2020\/09\/shure-55sh-ii-e1601485394796.jpg 415w, https:\/\/kommentatorenblog.de\/wp-content\/uploads\/2020\/09\/shure-55sh-ii-e1601485394796-142x300.jpg 142w\" sizes=\"auto, (max-width: 10px) 100vw, 10px\" \/> Sat 1: Wolff Fuss<\/p>\n\n\n\n<p><img loading=\"lazy\" decoding=\"async\" width=\"10\" height=\"21\" class=\"wp-image-3656\" style=\"width: 10px;\" src=\"http:\/\/kommentatorenblog.de\/wp-content\/uploads\/2020\/09\/shure-55sh-ii-e1601485394796.jpg\" alt=\"\" srcset=\"https:\/\/kommentatorenblog.de\/wp-content\/uploads\/2020\/09\/shure-55sh-ii-e1601485394796.jpg 415w, https:\/\/kommentatorenblog.de\/wp-content\/uploads\/2020\/09\/shure-55sh-ii-e1601485394796-142x300.jpg 142w\" sizes=\"auto, (max-width: 10px) 100vw, 10px\" \/> Sky: Stefan Hempel, Experte: S\u00f6ren Gonther<\/p>\n\n\n\n<p>Moderation (Sat1): Matthias Opdenh\u00f6vel, Experte: Markus Babbel, Field-Reporter: Andrea Kaiser und Matthias Killing<\/p>\n\n\n\n<hr class=\"wp-block-separator\"\/>\n\n\n\n<p class=\"has-black-color has-text-color\"><strong>Saudi Arabian Pro League, 30.Spieltag (Sportdigital FUSSBALL)<\/strong><\/p>\n\n\n\n<p><span style=\"text-decoration: underline;\">Mittwoch, 31. Mai 2023<\/span><\/p>\n\n\n\n<p><strong><em>Al-Nassr FC <strong><strong><em><span><b style=\"font-style: italic;\">\u2013<\/b><\/span><\/em><\/strong><\/strong><\/em><\/strong> <strong><em>Al-Fateh SC<\/em><\/strong><em><strong> (20.00 Uhr)<\/strong><\/em><\/p>\n\n\n\n<p><img loading=\"lazy\" decoding=\"async\" width=\"10\" height=\"21\" class=\"wp-image-3656\" style=\"width: 10px;\" src=\"http:\/\/kommentatorenblog.de\/wp-content\/uploads\/2020\/09\/shure-55sh-ii-e1601485394796.jpg\" alt=\"\" srcset=\"https:\/\/kommentatorenblog.de\/wp-content\/uploads\/2020\/09\/shure-55sh-ii-e1601485394796.jpg 415w, https:\/\/kommentatorenblog.de\/wp-content\/uploads\/2020\/09\/shure-55sh-ii-e1601485394796-142x300.jpg 142w\" sizes=\"auto, (max-width: 10px) 100vw, 10px\" \/> Moritz Knorr<\/p>\n\n\n\n<hr class=\"wp-block-separator\"\/>\n\n\n\n<p class=\"has-black-color has-text-color\"><strong>Eredivisie, Conference League Playoff-Halbfinalhinspiel (Sportdigital FUSSBALL)<\/strong><\/p>\n\n\n\n<p><span style=\"text-decoration: underline;\">Donnerstag, 01. Juni 2023<\/span><\/p>\n\n\n\n<p><strong><em>SC Heerenveen <strong><em><strong><strong><em><span><b style=\"font-style: italic;\">\u2013<\/b><\/span><\/em><\/strong><\/strong><\/em><\/strong> FC Twente Enschede<\/em><\/strong><em><strong> (18.45Uhr)<\/strong><\/em><\/p>\n\n\n\n<p><img loading=\"lazy\" decoding=\"async\" width=\"10\" height=\"21\" class=\"wp-image-3656\" style=\"width: 10px;\" src=\"http:\/\/kommentatorenblog.de\/wp-content\/uploads\/2020\/09\/shure-55sh-ii-e1601485394796.jpg\" alt=\"\" srcset=\"https:\/\/kommentatorenblog.de\/wp-content\/uploads\/2020\/09\/shure-55sh-ii-e1601485394796.jpg 415w, https:\/\/kommentatorenblog.de\/wp-content\/uploads\/2020\/09\/shure-55sh-ii-e1601485394796-142x300.jpg 142w\" sizes=\"auto, (max-width: 10px) 100vw, 10px\" \/> Jonathan Dreier<\/p>\n\n\n\n<p><strong><em>FC Utrecht <strong><em><strong><strong><em><span><b style=\"font-style: italic;\">\u2013<\/b><\/span><\/em><\/strong><\/strong><\/em><\/strong> Sparta Rotterdam<\/em><\/strong><em><strong> (21.00 Uhr)<\/strong><\/em><\/p>\n\n\n\n<p><img loading=\"lazy\" decoding=\"async\" width=\"10\" height=\"21\" class=\"wp-image-3656\" style=\"width: 10px;\" src=\"http:\/\/kommentatorenblog.de\/wp-content\/uploads\/2020\/09\/shure-55sh-ii-e1601485394796.jpg\" alt=\"\" srcset=\"https:\/\/kommentatorenblog.de\/wp-content\/uploads\/2020\/09\/shure-55sh-ii-e1601485394796.jpg 415w, https:\/\/kommentatorenblog.de\/wp-content\/uploads\/2020\/09\/shure-55sh-ii-e1601485394796-142x300.jpg 142w\" sizes=\"auto, (max-width: 10px) 100vw, 10px\" \/> Karsten Linke<\/p>\n\n\n\n<hr class=\"wp-block-separator\"\/>\n\n\n\n<p><strong>Die Analyse<\/strong><\/p>\n\n\n\n<p>Am Mittwoch wartet das Europa League Finale auf uns. Die AS Rom trifft in Budapest auf den FC Sevilla. Die Roma will unter Jose Mourinho nach dem Halbfinalerfolg gegen Bayer Leverkusen und dem letztj\u00e4hrigen Erfolg in der Conference League nun den zweith\u00f6chsten europ\u00e4ischen Clubwettbewerb f\u00fcr sich entscheiden, allerdings ist der Gegner aus Andalusien wohl das in der Europa League, was die Bayern in der Bundesliga sind. Ganz schwer zu besiegen. Die Partie gibt es sowohl auf RTL, als auch auf RTL+. Die Vorberichte kommen aus K\u00f6ln bzw. Budapest mit den \u00fcblichen Crews. Einzig Laura Papendick befindet sich in der Babypause und wird durch Florian K\u00f6nig ersetzt. Als Field-Reporter ist zudem Felix G\u00f6rner mit dabei. Bei den Kommentatoren habt ihr die Auswahl zwischen den Duo Hagemann &amp; Freund bzw. K\u00fcpper &amp; Helmes. <\/p>\n\n\n\n<p>Am Donnerstag steht dann das Relegationshinspiel um den letzten Platz der Bundesliga aus. Stuttgart empf\u00e4ngt den HSV in der Mercedes Benz Arena. Sat1 und Sky melden sich ab 20.15Uhr mit der Vorberichterstattung. Im FreeTV ist nat\u00fcrlich Matthias Opdenh\u00f6vel mit dabei, an seiner Seite gibt Markus Babbel seine Expertise ab und Matthias Killing geht auf Stimmenfang. Bei Sky \u00fcbernimmt Yannick Erkenbrecher die Moderation und Martin Gro\u00df den Posten des Field-Reporters. Im FreeTV gibt es dann Wolff Fuss zu h\u00f6ren, w\u00e4hrend Marcus Lindemann fern der Heimat bei Sky \u00fcbernimmt. Beim Relegationsspiel um die 2.Bundesliga ist dann Bielefeld zu Gast bei Wehen Wiesbaden. Bei SAT1 \u00fcbernimmt die Selbe Crew wie am Vortag, w\u00e4hrend bei Sky Stefan Hempel und S\u00f6ren Gonther \u00fcbernehmen. Das Duo wird \u00e4hnlich zur Berichterstattung vom Topspiel der 2.Bundesliga dann sowohl den Vorlauf\/Nachlauf \u00fcbernehmen, als auch die neunzig Minuten begleiten. <\/p>\n\n\n\n<p>Donnerstag geht&#8217;s dann weiter mit dem XXL-Beitrag mit ganz vielen Finals. Bis dahin, habt eine sch\u00f6ne Woche und Ruhe in Frieden Mourinho.<\/p>\n","protected":false},"excerpt":{"rendered":"<p>N&#8217;Abend allerseits, die regul\u00e4re Saison 22\/23 steht also in den B\u00fcchern, zumindest in den meisten nationalen Wettbewerben. Die letzten Tage brachten dabei Geschichten mit sich, die wohl im Vorfeld als v\u00f6llig kitschig\/\u00fcber dramatisch bezeichnet geworden w\u00e4ren, aber nun alle zusammen gekommen sind. In der Bundesliga sind das Drama rund um die Meisterschaft und die Last [&hellip;]<\/p>\n","protected":false},"author":5,"featured_media":0,"comment_status":"open","ping_status":"open","sticky":false,"template":"","format":"standard","meta":{"footnotes":""},"categories":[429],"tags":[],"class_list":["post-15142","post","type-post","status-publish","format-standard","hentry","category-diverses"],"_links":{"self":[{"href":"https:\/\/kommentatorenblog.de\/index.php?rest_route=\/wp\/v2\/posts\/15142","targetHints":{"allow":["GET"]}}],"collection":[{"href":"https:\/\/kommentatorenblog.de\/index.php?rest_route=\/wp\/v2\/posts"}],"about":[{"href":"https:\/\/kommentatorenblog.de\/index.php?rest_route=\/wp\/v2\/types\/post"}],"author":[{"embeddable":true,"href":"https:\/\/kommentatorenblog.de\/index.php?rest_route=\/wp\/v2\/users\/5"}],"replies":[{"embeddable":true,"href":"https:\/\/kommentatorenblog.de\/index.php?rest_route=%2Fwp%2Fv2%2Fcomments&post=15142"}],"version-history":[{"count":6,"href":"https:\/\/kommentatorenblog.de\/index.php?rest_route=\/wp\/v2\/posts\/15142\/revisions"}],"predecessor-version":[{"id":15162,"href":"https:\/\/kommentatorenblog.de\/index.php?rest_route=\/wp\/v2\/posts\/15142\/revisions\/15162"}],"wp:attachment":[{"href":"https:\/\/kommentatorenblog.de\/index.php?rest_route=%2Fwp%2Fv2%2Fmedia&parent=15142"}],"wp:term":[{"taxonomy":"category","embeddable":true,"href":"https:\/\/kommentatorenblog.de\/index.php?rest_route=%2Fwp%2Fv2%2Fcategories&post=15142"},{"taxonomy":"post_tag","embeddable":true,"href":"https:\/\/kommentatorenblog.de\/index.php?rest_route=%2Fwp%2Fv2%2Ftags&post=15142"}],"curies":[{"name":"wp","href":"https:\/\/api.w.org\/{rel}","templated":true}]}}