{"id":15157,"date":"2023-06-01T19:15:10","date_gmt":"2023-06-01T17:15:10","guid":{"rendered":"http:\/\/kommentatorenblog.de\/?p=15157"},"modified":"2023-06-06T17:27:23","modified_gmt":"2023-06-06T15:27:23","slug":"1346-finaltag-ueberall","status":"publish","type":"post","link":"https:\/\/kommentatorenblog.de\/?p=15157","title":{"rendered":"1346 &#8211; Finaltag \u00fcberall"},"content":{"rendered":"\n<p>Update mit den Ansetzungen <strong>vom 06. Juni 2023 bis 08. Juni 2023<\/strong><\/p>\n\n\n\n<p><strong>Europa Conference League, Finale (RTL\/RTL+)<\/strong><\/p>\n\n\n\n<p><span style=\"text-decoration: underline;\">Mittwoch, 07. Juni 2023, ab 20.15 Uhr (RTL\/RTL+)<\/span><\/p>\n\n\n\n<p><strong style=\"font-style: italic;\">West Ham United <strong><em><span><b style=\"font-style: italic;\">\u2013<\/b><\/span><\/em><\/strong><\/strong> <em><strong>AC Florenz (21.00Uhr)<\/strong><\/em><\/p>\n\n\n\n<p><img loading=\"lazy\" decoding=\"async\" width=\"10\" height=\"21\" class=\"wp-image-3656\" style=\"width: 10px;\" src=\"http:\/\/kommentatorenblog.de\/wp-content\/uploads\/2020\/09\/shure-55sh-ii-e1601485394796.jpg\" alt=\"\" srcset=\"https:\/\/kommentatorenblog.de\/wp-content\/uploads\/2020\/09\/shure-55sh-ii-e1601485394796.jpg 415w, https:\/\/kommentatorenblog.de\/wp-content\/uploads\/2020\/09\/shure-55sh-ii-e1601485394796-142x300.jpg 142w\" sizes=\"auto, (max-width: 10px) 100vw, 10px\" \/> RTL: Marco Hagemann, Experte: Steffen Freund<\/p>\n\n\n\n<p><img loading=\"lazy\" decoding=\"async\" width=\"10\" height=\"21\" class=\"wp-image-3656\" style=\"width: 10px;\" src=\"http:\/\/kommentatorenblog.de\/wp-content\/uploads\/2020\/09\/shure-55sh-ii-e1601485394796.jpg\" alt=\"\" srcset=\"https:\/\/kommentatorenblog.de\/wp-content\/uploads\/2020\/09\/shure-55sh-ii-e1601485394796.jpg 415w, https:\/\/kommentatorenblog.de\/wp-content\/uploads\/2020\/09\/shure-55sh-ii-e1601485394796-142x300.jpg 142w\" sizes=\"auto, (max-width: 10px) 100vw, 10px\" \/> RTL+: tba<\/p>\n\n\n\n<p>Moderation (RTL): Florian K\u00f6nig, Experten: Lothar Matth\u00e4us und Karl-Heinz Riedle, Field-Reporter: tba<\/p>\n\n\n\n<p>Moderation (RTL+): Anna Kraft und Arnd Zeigler, Experte: Ansgar Brinkmann<\/p>\n\n\n\n<p><strong>Aufstiegsspiel 3.Liga, Hinspiel<\/strong><\/p>\n\n\n\n<p><span style=\"text-decoration: underline;\">Mittwoch, 07. Juni 2023, ab 20.15 Uhr (Magenta Sport\/RBB)<\/span><\/p>\n\n\n\n<p><strong style=\"font-style: italic;\">Energie Cottbus <strong><em><span><b style=\"font-style: italic;\">\u2013<\/b><\/span><\/em><\/strong><\/strong> <em><strong>SpVgg Unterhaching (20.30Uhr)<\/strong><\/em><\/p>\n\n\n\n<p><img loading=\"lazy\" decoding=\"async\" width=\"10\" height=\"21\" class=\"wp-image-3656\" style=\"width: 10px;\" src=\"http:\/\/kommentatorenblog.de\/wp-content\/uploads\/2020\/09\/shure-55sh-ii-e1601485394796.jpg\" alt=\"\" srcset=\"https:\/\/kommentatorenblog.de\/wp-content\/uploads\/2020\/09\/shure-55sh-ii-e1601485394796.jpg 415w, https:\/\/kommentatorenblog.de\/wp-content\/uploads\/2020\/09\/shure-55sh-ii-e1601485394796-142x300.jpg 142w\" sizes=\"auto, (max-width: 10px) 100vw, 10px\" \/> Magenta Sport: Andreas Mann<\/p>\n\n\n\n<p><img loading=\"lazy\" decoding=\"async\" width=\"10\" height=\"21\" class=\"wp-image-3656\" style=\"width: 10px;\" src=\"http:\/\/kommentatorenblog.de\/wp-content\/uploads\/2020\/09\/shure-55sh-ii-e1601485394796.jpg\" alt=\"\" srcset=\"https:\/\/kommentatorenblog.de\/wp-content\/uploads\/2020\/09\/shure-55sh-ii-e1601485394796.jpg 415w, https:\/\/kommentatorenblog.de\/wp-content\/uploads\/2020\/09\/shure-55sh-ii-e1601485394796-142x300.jpg 142w\" sizes=\"auto, (max-width: 10px) 100vw, 10px\" \/> RBB: Max Zobel<\/p>\n\n\n\n<p>Moderation (Magenta Sport): Stefanie Blochwitz<\/p>\n\n\n\n<p>Moderation (RBB): Christian Dexne<\/p>\n\n\n\n<hr class=\"wp-block-separator\"\/>\n\n\n\n<p class=\"has-black-color has-text-color\"><strong>Eredivisie, Conference League Playoff-Finalhinspiel (Sportdigital FUSSBALL)<\/strong><\/p>\n\n\n\n<p><span style=\"text-decoration: underline;\">Donnerstag, 08. Juni 2023<\/span><\/p>\n\n\n\n<p><strong><em>Sparta Rotterdam &#8211; FC Twente Enschede<\/em><\/strong><em><strong> (20.00Uhr)<\/strong><\/em><\/p>\n\n\n\n<p><img loading=\"lazy\" decoding=\"async\" width=\"10\" height=\"21\" class=\"wp-image-3656\" style=\"width: 10px;\" src=\"http:\/\/kommentatorenblog.de\/wp-content\/uploads\/2020\/09\/shure-55sh-ii-e1601485394796.jpg\" alt=\"\" srcset=\"https:\/\/kommentatorenblog.de\/wp-content\/uploads\/2020\/09\/shure-55sh-ii-e1601485394796.jpg 415w, https:\/\/kommentatorenblog.de\/wp-content\/uploads\/2020\/09\/shure-55sh-ii-e1601485394796-142x300.jpg 142w\" sizes=\"auto, (max-width: 10px) 100vw, 10px\" \/> Marvin Kirsch<\/p>\n\n\n\n<hr class=\"wp-block-separator\"\/>\n\n\n\n<p>N&#8217;Abend allerseits,<\/p>\n\n\n\n<p>Die \u00dcberschrift deutet das Motto an diesem Wochenende schon ein mal an. So gibt es am Samstag nicht nur den Finaltag der Amateure im Ersten, sondern auch das Champions League Finale der Frauen und das DFB- Pokalfinale der M\u00e4nner im Zweiten sowie bei DAZN bzw. Sky. Auch der Sonntag bietet einiges, alles dazu gibt es in den Ansetzungen.<\/p>\n\n\n\n<p>Doch nochmal der Blick auf den Samstag, der Fu\u00dfball pur bietet. Ab 12.05 startet die ARD die \u00dcbertragung ihres Finaltags der Amateure, also der Endspiele in den 21 Landespokalen, wo es nicht nur um den Pokal, sondern (in den meisten F\u00e4llen) auch noch um das Ticket f\u00fcr den DFB- Pokal geht. Eingeteilt sind die Spiele in drei Konferenzen, mit Start um 12.15 Uhr, 14.15 Uhr und 16.15 Uhr. Ab 16.45 Uhr sto\u00dfen in der letzten Konferenz dann noch die Partien aus Bayern und Hessen hinzu, da es hier keine Verl\u00e4ngerung sondern direkt ein Elfmeterschie\u00dfen geben w\u00fcrde.<\/p>\n\n\n\n<p>Mit dem Ende der 2. Konferenz lohnt sich aber auch ein Blick r\u00fcber ins ZDF bzw. zu DAZN. Denn hier startet ab 15.30 bzw. 15.45 Uhr die \u00dcbertragung des Champions League- Finals der Frauen, wof\u00fcr sich, mit dem VfL Wolfsburg, auch mal wieder ein deutsches Team qualifiziert hat. Eigentlich liegen die TV- Rechte hier exklusiv bei DAZN, doch dank einer Sublizenz \u00fcber die EBU wird auch das ZDF dieses Finale live \u00fcbertragen.<\/p>\n\n\n\n<p>Ebenfalls \u00fcbertragen wird das ZDF das Finale im DFB- Pokal der M\u00e4nner. Hier hat man ja seit dieser Saison wieder Live- Rechte und wechselt sich mit den Free- TV- Spielen mit der ARD ab. Dadurch kann man wohl damit rechnen, dass das Finale n\u00e4chstes Jahr wieder im Ersten laufen wird. Neben dem ZDF zeigt nat\u00fcrlich auch Sky, wie alle anderen Spiele in dieser DFB- Pokal Saison, das Finale live. Edit: Im Anschluss an die Pokal\u00fcbertragung gibt es im ZDF noch eine Zeitreise durch 60 Jahre aktuelles sportstudio.<\/p>\n\n\n\n<p><strong>Die Ansetzungen vom 02. Juni 2023 bis 05. Juni 2023:<\/strong><\/p>\n\n\n\n<hr class=\"wp-block-separator is-style-default\"\/>\n\n\n\n<p><strong>UEFA Womens Champions League- Finale (ZDF &amp; DAZN)<\/strong><\/p>\n\n\n\n<p><u>Samstag, 03. Juni <\/u><u>2023, ab 15.45 Uhr(ZDF) bzw. 15.30 Uhr (DAZN)<\/u><\/p>\n\n\n\n<p><strong style=\"font-style: italic;\">VfL Wolfsburg <strong><em><b style=\"font-style: italic;\">\u2013<\/b><\/em><\/strong><\/strong> <em><strong>FC Barcelona (16.00 Uhr)<\/strong><\/em> <br><img loading=\"lazy\" decoding=\"async\" width=\"10\" height=\"21\" class=\"wp-image-3656\" style=\"width: 10px;\" src=\"http:\/\/kommentatorenblog.de\/wp-content\/uploads\/2020\/09\/shure-55sh-ii-e1601485394796.jpg\" alt=\"\" srcset=\"https:\/\/kommentatorenblog.de\/wp-content\/uploads\/2020\/09\/shure-55sh-ii-e1601485394796.jpg 415w, https:\/\/kommentatorenblog.de\/wp-content\/uploads\/2020\/09\/shure-55sh-ii-e1601485394796-142x300.jpg 142w\" sizes=\"auto, (max-width: 10px) 100vw, 10px\" \/> ZDF: Claudia Neumann, Expertin: Josephine Henning<\/p>\n\n\n\n<p><img loading=\"lazy\" decoding=\"async\" width=\"10\" height=\"21\" class=\"wp-image-3656\" style=\"width: 10px;\" src=\"http:\/\/kommentatorenblog.de\/wp-content\/uploads\/2020\/09\/shure-55sh-ii-e1601485394796.jpg\" alt=\"\" srcset=\"https:\/\/kommentatorenblog.de\/wp-content\/uploads\/2020\/09\/shure-55sh-ii-e1601485394796.jpg 415w, https:\/\/kommentatorenblog.de\/wp-content\/uploads\/2020\/09\/shure-55sh-ii-e1601485394796-142x300.jpg 142w\" sizes=\"auto, (max-width: 10px) 100vw, 10px\" \/> DAZN: Christina Rann<\/p>\n\n\n\n<p>Moderation (ZDF): Sven Voss, Gast Martina Voss- Tecklenburg, Field- Reporter Gari Paubandt<\/p>\n\n\n\n<p>Moderation (DAZN): Tobi Wahnschaffe, Expertinnen Almuth Schult, Turid Knaak, Field- Reporter: Andres Veredas<\/p>\n\n\n\n<p><strong>DFB- Pokalfinale der M\u00e4nner (ZDF &amp; Sky)<\/strong><\/p>\n\n\n\n<p><u><u>Samstag, 03. Juni 2023<\/u>, ab 19.25 Uhr(ZDF)<\/u><\/p>\n\n\n\n<p><strong style=\"font-style: italic;\">SG Eintracht Frankfurt <strong><em><span><b style=\"font-style: italic;\">\u2013<\/b><\/span><\/em><\/strong><\/strong> <em><strong>RB Leipzig (20.00 Uhr)<\/strong><\/em> <br><img loading=\"lazy\" decoding=\"async\" width=\"10\" height=\"21\" class=\"wp-image-3656\" style=\"width: 10px;\" src=\"http:\/\/kommentatorenblog.de\/wp-content\/uploads\/2020\/09\/shure-55sh-ii-e1601485394796.jpg\" alt=\"\" srcset=\"https:\/\/kommentatorenblog.de\/wp-content\/uploads\/2020\/09\/shure-55sh-ii-e1601485394796.jpg 415w, https:\/\/kommentatorenblog.de\/wp-content\/uploads\/2020\/09\/shure-55sh-ii-e1601485394796-142x300.jpg 142w\" sizes=\"auto, (max-width: 10px) 100vw, 10px\" \/> ZDF: Oliver Schmidt, Experte: Hanno Balitsch<\/p>\n\n\n\n<p><img loading=\"lazy\" decoding=\"async\" width=\"10\" height=\"21\" class=\"wp-image-3656\" style=\"width: 10px;\" src=\"http:\/\/kommentatorenblog.de\/wp-content\/uploads\/2020\/09\/shure-55sh-ii-e1601485394796.jpg\" alt=\"\" srcset=\"https:\/\/kommentatorenblog.de\/wp-content\/uploads\/2020\/09\/shure-55sh-ii-e1601485394796.jpg 415w, https:\/\/kommentatorenblog.de\/wp-content\/uploads\/2020\/09\/shure-55sh-ii-e1601485394796-142x300.jpg 142w\" sizes=\"auto, (max-width: 10px) 100vw, 10px\" \/> Sky: Wolff Fuss<\/p>\n\n\n\n<p>Moderation (ZDF): Katrin M\u00fcller- Hohenstein,  Experte: Per Mertesacker<\/p>\n\n\n\n<p>Field- Reporter\/in (ZDF): Boris B\u00fcchler, Amelie Stiefvatter, VIP- Reporter: Florian Zschiedrich<\/p>\n\n\n\n<p>Moderation (Sky): Britta Hofmann, Experte: Lothar Matth\u00e4us, Field- Reporter: Patrick Wasserziehr, Michael Leopold<\/p>\n\n\n\n<p><strong>Finaltag der Amateure, Finale der Landespokale (ARD)<\/strong><\/p>\n\n\n\n<p><u>Samstag, 03. Juli 2023, ab 12.05 Uhr (ARD; Konferenz), ab 12.15 Uhr (sportschau.de; Einzelspiele) <\/u><\/p>\n\n\n\n<p>Moderation: Claus Lufen, Experte: Thomas Broich<\/p>\n\n\n\n<p>Baden: <strong style=\"font-style: italic;\">1. CfR Pforzheim (Oberliga) &#8211; FC-Astoria Walldorf (Regionalliga)<\/strong><em><strong>(12.15 Uhr)<\/strong><\/em> <br><img loading=\"lazy\" decoding=\"async\" width=\"10\" height=\"21\" class=\"wp-image-3656\" style=\"width: 10px;\" src=\"http:\/\/kommentatorenblog.de\/wp-content\/uploads\/2020\/09\/shure-55sh-ii-e1601485394796.jpg\" alt=\"\" srcset=\"https:\/\/kommentatorenblog.de\/wp-content\/uploads\/2020\/09\/shure-55sh-ii-e1601485394796.jpg 415w, https:\/\/kommentatorenblog.de\/wp-content\/uploads\/2020\/09\/shure-55sh-ii-e1601485394796-142x300.jpg 142w\" sizes=\"auto, (max-width: 10px) 100vw, 10px\" \/> Christina Graf ; Field- Reporterin: Regina Saur<\/p>\n\n\n\n<p>Berlin: <strong style=\"font-style: italic;\">TuS Makkabi (Oberliga) &#8211; Sparta Lichtenberg (Verbandsliga)<\/strong><em><strong>(12.15 Uhr)<\/strong><\/em> <br><img loading=\"lazy\" decoding=\"async\" width=\"10\" height=\"21\" class=\"wp-image-3656\" style=\"width: 10px;\" src=\"http:\/\/kommentatorenblog.de\/wp-content\/uploads\/2020\/09\/shure-55sh-ii-e1601485394796.jpg\" alt=\"\" srcset=\"https:\/\/kommentatorenblog.de\/wp-content\/uploads\/2020\/09\/shure-55sh-ii-e1601485394796.jpg 415w, https:\/\/kommentatorenblog.de\/wp-content\/uploads\/2020\/09\/shure-55sh-ii-e1601485394796-142x300.jpg 142w\" sizes=\"auto, (max-width: 10px) 100vw, 10px\" \/> Stephanie Baczyk; Stream: Jan- Ole Behrens; Field- Reporter: Uri Zahavi<\/p>\n\n\n\n<p>Brandenburg: <strong style=\"font-style: italic;\">Energie Cottbus (Regionalliga) &#8211; FSV Luckenwalde (Regionalliga)<\/strong><em><strong>(12.15 Uhr)<\/strong><\/em> <br><img loading=\"lazy\" decoding=\"async\" width=\"10\" height=\"21\" class=\"wp-image-3656\" style=\"width: 10px;\" src=\"http:\/\/kommentatorenblog.de\/wp-content\/uploads\/2020\/09\/shure-55sh-ii-e1601485394796.jpg\" alt=\"\" srcset=\"https:\/\/kommentatorenblog.de\/wp-content\/uploads\/2020\/09\/shure-55sh-ii-e1601485394796.jpg 415w, https:\/\/kommentatorenblog.de\/wp-content\/uploads\/2020\/09\/shure-55sh-ii-e1601485394796-142x300.jpg 142w\" sizes=\"auto, (max-width: 10px) 100vw, 10px\" \/> Christian Dexne; Stream: Lars Becker ; Field- Reporterin: Caroline Labes<\/p>\n\n\n\n<p>Bremen: <strong style=\"font-style: italic;\">&nbsp;FC Oberneuland (Oberliga) &#8211; SG Aumund-Vegesack (Oberliga)<\/strong><em><strong>(12.15 Uhr)<\/strong><\/em> <br><img loading=\"lazy\" decoding=\"async\" width=\"10\" height=\"21\" class=\"wp-image-3656\" style=\"width: 10px;\" src=\"http:\/\/kommentatorenblog.de\/wp-content\/uploads\/2020\/09\/shure-55sh-ii-e1601485394796.jpg\" alt=\"\" srcset=\"https:\/\/kommentatorenblog.de\/wp-content\/uploads\/2020\/09\/shure-55sh-ii-e1601485394796.jpg 415w, https:\/\/kommentatorenblog.de\/wp-content\/uploads\/2020\/09\/shure-55sh-ii-e1601485394796-142x300.jpg 142w\" sizes=\"auto, (max-width: 10px) 100vw, 10px\" \/> Stephan Schiffner ; Stream: Dino Bernabeo ; Field- Reporterin Janna Betten<\/p>\n\n\n\n<p>Hamburg: <strong style=\"font-style: italic;\">TSV Sasel (Oberliga) &#8211; FC Teutonia 05 Ottensen (Regionalliga)<\/strong><em><strong>(12.15 Uhr)<\/strong><\/em> <br><img loading=\"lazy\" decoding=\"async\" width=\"10\" height=\"21\" class=\"wp-image-3656\" style=\"width: 10px;\" src=\"http:\/\/kommentatorenblog.de\/wp-content\/uploads\/2020\/09\/shure-55sh-ii-e1601485394796.jpg\" alt=\"\" srcset=\"https:\/\/kommentatorenblog.de\/wp-content\/uploads\/2020\/09\/shure-55sh-ii-e1601485394796.jpg 415w, https:\/\/kommentatorenblog.de\/wp-content\/uploads\/2020\/09\/shure-55sh-ii-e1601485394796-142x300.jpg 142w\" sizes=\"auto, (max-width: 10px) 100vw, 10px\" \/> Patrick Halatsch; Stream: Moritz K\u00fchn; Field- Reporter: Patrick Halatsch <\/p>\n\n\n\n<p>Sachsen- Anhalt: <strong style=\"font-style: italic;\">&nbsp;FC Einheit Wernigerode (Oberliga) &#8211; Hallescher FC (3. Liga) <\/strong><em><strong>(12.15 Uhr)<\/strong><\/em> <br><img loading=\"lazy\" decoding=\"async\" width=\"10\" height=\"21\" class=\"wp-image-3656\" style=\"width: 10px;\" src=\"http:\/\/kommentatorenblog.de\/wp-content\/uploads\/2020\/09\/shure-55sh-ii-e1601485394796.jpg\" alt=\"\" srcset=\"https:\/\/kommentatorenblog.de\/wp-content\/uploads\/2020\/09\/shure-55sh-ii-e1601485394796.jpg 415w, https:\/\/kommentatorenblog.de\/wp-content\/uploads\/2020\/09\/shure-55sh-ii-e1601485394796-142x300.jpg 142w\" sizes=\"auto, (max-width: 10px) 100vw, 10px\" \/> Stephan Weidling; Stream: Markus Herwig ; Field- Reporter Tom Scheunemann<\/p>\n\n\n\n<p>Schleswig- Holstein : <strong style=\"font-style: italic;\">SC Weiche Flensburg 08 (Regionalliga) &#8211; VfB L\u00fcbeck (Regionalliga)<\/strong><em><strong>(12.15 Uhr)<\/strong><\/em> <br><img loading=\"lazy\" decoding=\"async\" width=\"10\" height=\"21\" class=\"wp-image-3656\" style=\"width: 10px;\" src=\"http:\/\/kommentatorenblog.de\/wp-content\/uploads\/2020\/09\/shure-55sh-ii-e1601485394796.jpg\" alt=\"\" srcset=\"https:\/\/kommentatorenblog.de\/wp-content\/uploads\/2020\/09\/shure-55sh-ii-e1601485394796.jpg 415w, https:\/\/kommentatorenblog.de\/wp-content\/uploads\/2020\/09\/shure-55sh-ii-e1601485394796-142x300.jpg 142w\" sizes=\"auto, (max-width: 10px) 100vw, 10px\" \/> Hendrik Deichmann; Stream: Florian Neuhauss ; Field- Reporter: Hendrik Deichmann<\/p>\n\n\n\n<p>Th\u00fcringen : <strong style=\"font-style: italic;\">FC Carl Zeiss Jena (Regionalliga) &#8211; FSV Wacker Nordhausen (Oberliga)<\/strong><em><strong>(12.15 Uhr)<\/strong><\/em> <br><img loading=\"lazy\" decoding=\"async\" width=\"10\" height=\"21\" class=\"wp-image-3656\" style=\"width: 10px;\" src=\"http:\/\/kommentatorenblog.de\/wp-content\/uploads\/2020\/09\/shure-55sh-ii-e1601485394796.jpg\" alt=\"\" srcset=\"https:\/\/kommentatorenblog.de\/wp-content\/uploads\/2020\/09\/shure-55sh-ii-e1601485394796.jpg 415w, https:\/\/kommentatorenblog.de\/wp-content\/uploads\/2020\/09\/shure-55sh-ii-e1601485394796-142x300.jpg 142w\" sizes=\"auto, (max-width: 10px) 100vw, 10px\" \/> Torsten P\u00fcschel; Stream: Jeremias Diel ; Field- Reporter: Rene Kindermann<\/p>\n\n\n\n<p><u>ab 14.15 Uhr<\/u><\/p>\n\n\n\n<p>Mecklenburg- Vorpommern: <strong style=\"font-style: italic;\">FSV Einheit 49 Ueckerm\u00fcnde (Verbandsliga) &#8211; Rostocker FC (Oberliga)<\/strong><em><strong> (14.15 Uhr)<\/strong><\/em> <br><img loading=\"lazy\" decoding=\"async\" width=\"10\" height=\"21\" class=\"wp-image-3656\" style=\"width: 10px;\" src=\"http:\/\/kommentatorenblog.de\/wp-content\/uploads\/2020\/09\/shure-55sh-ii-e1601485394796.jpg\" alt=\"\" srcset=\"https:\/\/kommentatorenblog.de\/wp-content\/uploads\/2020\/09\/shure-55sh-ii-e1601485394796.jpg 415w, https:\/\/kommentatorenblog.de\/wp-content\/uploads\/2020\/09\/shure-55sh-ii-e1601485394796-142x300.jpg 142w\" sizes=\"auto, (max-width: 10px) 100vw, 10px\" \/> Wilfried Hark; Stream: Michael Maske ; Field- Reporter: Wilfried Hark<\/p>\n\n\n\n<p>Mittelrhein: <strong style=\"font-style: italic;\">1. FC D\u00fcren (Regionalliga) &#8211; Viktoria K\u00f6ln (3. Liga)<\/strong><em><strong> (14.15 Uhr)<\/strong><\/em> <br><img loading=\"lazy\" decoding=\"async\" width=\"10\" height=\"21\" class=\"wp-image-3656\" style=\"width: 10px;\" src=\"http:\/\/kommentatorenblog.de\/wp-content\/uploads\/2020\/09\/shure-55sh-ii-e1601485394796.jpg\" alt=\"\" srcset=\"https:\/\/kommentatorenblog.de\/wp-content\/uploads\/2020\/09\/shure-55sh-ii-e1601485394796.jpg 415w, https:\/\/kommentatorenblog.de\/wp-content\/uploads\/2020\/09\/shure-55sh-ii-e1601485394796-142x300.jpg 142w\" sizes=\"auto, (max-width: 10px) 100vw, 10px\" \/> J\u00fcrgen Bergener; Stream: Tim Wichmann ; Field- Reporter: Tobias Sch\u00e4fer<\/p>\n\n\n\n<p>Niedersachsen: <strong style=\"font-style: italic;\">Atlas Delmenhorst (Regionalliga) &#8211; VfL Osnabr\u00fcck (3. Liga)<\/strong><em><strong> (14.15 Uhr)<\/strong><\/em> <br><img loading=\"lazy\" decoding=\"async\" width=\"10\" height=\"21\" class=\"wp-image-3656\" style=\"width: 10px;\" src=\"http:\/\/kommentatorenblog.de\/wp-content\/uploads\/2020\/09\/shure-55sh-ii-e1601485394796.jpg\" alt=\"\" srcset=\"https:\/\/kommentatorenblog.de\/wp-content\/uploads\/2020\/09\/shure-55sh-ii-e1601485394796.jpg 415w, https:\/\/kommentatorenblog.de\/wp-content\/uploads\/2020\/09\/shure-55sh-ii-e1601485394796-142x300.jpg 142w\" sizes=\"auto, (max-width: 10px) 100vw, 10px\" \/> Jan Neumann; Stream: Alexander Kobs ; Field- Reporter: Jan Neumann<\/p>\n\n\n\n<p>Rheinland: <strong style=\"font-style: italic;\">TuS Immendorf (Bezirksliga) &#8211; FC Rot-Wei\u00df Koblenz (Regionalliga)<\/strong><em><strong>(14.15 Uhr)<\/strong><\/em> <br><img loading=\"lazy\" decoding=\"async\" width=\"10\" height=\"21\" class=\"wp-image-3656\" style=\"width: 10px;\" src=\"http:\/\/kommentatorenblog.de\/wp-content\/uploads\/2020\/09\/shure-55sh-ii-e1601485394796.jpg\" alt=\"\" srcset=\"https:\/\/kommentatorenblog.de\/wp-content\/uploads\/2020\/09\/shure-55sh-ii-e1601485394796.jpg 415w, https:\/\/kommentatorenblog.de\/wp-content\/uploads\/2020\/09\/shure-55sh-ii-e1601485394796-142x300.jpg 142w\" sizes=\"auto, (max-width: 10px) 100vw, 10px\" \/> Florian Winkler; Field- Reporter: Stephan Mai<\/p>\n\n\n\n<p>S\u00fcdbaden:  <strong style=\"font-style: italic;\">FC 08 Villingen (Oberliga) &#8211; SV Oberachern (Oberliga)<\/strong><em><strong> (14.15 Uhr)<\/strong><\/em> <br><img loading=\"lazy\" decoding=\"async\" width=\"10\" height=\"21\" class=\"wp-image-3656\" style=\"width: 10px;\" src=\"http:\/\/kommentatorenblog.de\/wp-content\/uploads\/2020\/09\/shure-55sh-ii-e1601485394796.jpg\" alt=\"\" srcset=\"https:\/\/kommentatorenblog.de\/wp-content\/uploads\/2020\/09\/shure-55sh-ii-e1601485394796.jpg 415w, https:\/\/kommentatorenblog.de\/wp-content\/uploads\/2020\/09\/shure-55sh-ii-e1601485394796-142x300.jpg 142w\" sizes=\"auto, (max-width: 10px) 100vw, 10px\" \/> Daniel G\u00fcnther ; Field- Reporter: Jens Ottmann<\/p>\n\n\n\n<p>S\u00fcdwest: <strong style=\"font-style: italic;\">VfR Wormatia Worms (Regionalliga) &#8211; TSV Schott Mainz (Oberliga)<\/strong><em><strong> (14.15 Uhr)<\/strong><\/em> <br><img loading=\"lazy\" decoding=\"async\" width=\"10\" height=\"21\" class=\"wp-image-3656\" style=\"width: 10px;\" src=\"http:\/\/kommentatorenblog.de\/wp-content\/uploads\/2020\/09\/shure-55sh-ii-e1601485394796.jpg\" alt=\"\" srcset=\"https:\/\/kommentatorenblog.de\/wp-content\/uploads\/2020\/09\/shure-55sh-ii-e1601485394796.jpg 415w, https:\/\/kommentatorenblog.de\/wp-content\/uploads\/2020\/09\/shure-55sh-ii-e1601485394796-142x300.jpg 142w\" sizes=\"auto, (max-width: 10px) 100vw, 10px\" \/> Tom Bartels ; Field- Reporter: Kersten Eichhorn<\/p>\n\n\n\n<p>Westfalen <strong style=\"font-style: italic;\">SpVgg Erkenschwick (Verbandsliga) &#8211; FC G\u00fctersloh (Oberliga)<\/strong><em><strong> (14.15 Uhr)<\/strong><\/em> <br><img loading=\"lazy\" decoding=\"async\" width=\"10\" height=\"21\" class=\"wp-image-3656\" style=\"width: 10px;\" src=\"http:\/\/kommentatorenblog.de\/wp-content\/uploads\/2020\/09\/shure-55sh-ii-e1601485394796.jpg\" alt=\"\" srcset=\"https:\/\/kommentatorenblog.de\/wp-content\/uploads\/2020\/09\/shure-55sh-ii-e1601485394796.jpg 415w, https:\/\/kommentatorenblog.de\/wp-content\/uploads\/2020\/09\/shure-55sh-ii-e1601485394796-142x300.jpg 142w\" sizes=\"auto, (max-width: 10px) 100vw, 10px\" \/> Jan Wochner; Stream: Anne van Eickels Field- Reporterin: Nesrin Elnabolsy<\/p>\n\n\n\n<p><u>ab 16.15 Uhr<\/u><\/p>\n\n\n\n<p>Niederrhein: <strong style=\"font-style: italic;\">&nbsp;Rot-Weiss Essen (3. Liga) &#8211; Rot-Wei\u00df Oberhausen (Regionalliga)<\/strong><em><strong> (16.15 Uhr)<\/strong><\/em> <br><img loading=\"lazy\" decoding=\"async\" width=\"10\" height=\"21\" class=\"wp-image-3656\" style=\"width: 10px;\" src=\"http:\/\/kommentatorenblog.de\/wp-content\/uploads\/2020\/09\/shure-55sh-ii-e1601485394796.jpg\" alt=\"\" srcset=\"https:\/\/kommentatorenblog.de\/wp-content\/uploads\/2020\/09\/shure-55sh-ii-e1601485394796.jpg 415w, https:\/\/kommentatorenblog.de\/wp-content\/uploads\/2020\/09\/shure-55sh-ii-e1601485394796-142x300.jpg 142w\" sizes=\"auto, (max-width: 10px) 100vw, 10px\" \/> Benedikt Brinsa; Stream: Torsten Winkler ; Field- Reporter: Andreas Kramer<\/p>\n\n\n\n<p>Saarland: <strong style=\"font-style: italic;\">&nbsp;1. FC Saarbr\u00fccken (3. Liga) &#8211; SV Elversberg (3. Liga)<\/strong><em><strong> (16.15 Uhr)<\/strong><\/em> <br><img loading=\"lazy\" decoding=\"async\" width=\"10\" height=\"21\" class=\"wp-image-3656\" style=\"width: 10px;\" src=\"http:\/\/kommentatorenblog.de\/wp-content\/uploads\/2020\/09\/shure-55sh-ii-e1601485394796.jpg\" alt=\"\" srcset=\"https:\/\/kommentatorenblog.de\/wp-content\/uploads\/2020\/09\/shure-55sh-ii-e1601485394796.jpg 415w, https:\/\/kommentatorenblog.de\/wp-content\/uploads\/2020\/09\/shure-55sh-ii-e1601485394796-142x300.jpg 142w\" sizes=\"auto, (max-width: 10px) 100vw, 10px\" \/> Frank Grundhever; Stream: Sven Roland ; Field- Reporter: Thomas Braml<\/p>\n\n\n\n<p>Sachsen: <strong style=\"font-style: italic;\">1. FC Lokomotive Leipzig (Regionalliga) &#8211; Chemnitzer FC (Regionalliga)<\/strong><em><strong> (16.15 Uhr)<\/strong><\/em> <br><img loading=\"lazy\" decoding=\"async\" width=\"10\" height=\"21\" class=\"wp-image-3656\" style=\"width: 10px;\" src=\"http:\/\/kommentatorenblog.de\/wp-content\/uploads\/2020\/09\/shure-55sh-ii-e1601485394796.jpg\" alt=\"\" srcset=\"https:\/\/kommentatorenblog.de\/wp-content\/uploads\/2020\/09\/shure-55sh-ii-e1601485394796.jpg 415w, https:\/\/kommentatorenblog.de\/wp-content\/uploads\/2020\/09\/shure-55sh-ii-e1601485394796-142x300.jpg 142w\" sizes=\"auto, (max-width: 10px) 100vw, 10px\" \/> Eik Galley; Stream: Florian Weichert; Field- Reporter: Toni Mielke<\/p>\n\n\n\n<p>W\u00fcrttemberg: <strong style=\"font-style: italic;\">&nbsp;Stuttgarter Kickers (Oberliga) &#8211; TSG Balingen (Regionalliga)<\/strong><em><strong> (16.15 Uhr)<\/strong><\/em> <br><img loading=\"lazy\" decoding=\"async\" width=\"10\" height=\"21\" class=\"wp-image-3656\" style=\"width: 10px;\" src=\"http:\/\/kommentatorenblog.de\/wp-content\/uploads\/2020\/09\/shure-55sh-ii-e1601485394796.jpg\" alt=\"\" srcset=\"https:\/\/kommentatorenblog.de\/wp-content\/uploads\/2020\/09\/shure-55sh-ii-e1601485394796.jpg 415w, https:\/\/kommentatorenblog.de\/wp-content\/uploads\/2020\/09\/shure-55sh-ii-e1601485394796-142x300.jpg 142w\" sizes=\"auto, (max-width: 10px) 100vw, 10px\" \/> Michael Bollenbacher;  Field- Reporter: Andreas K\u00f6stler<\/p>\n\n\n\n<p><u>ab 16.45 Uhr<\/u><\/p>\n\n\n\n<p>Hessen: <strong style=\"font-style: italic;\">FSV Frankfurt (Regionalliga) &#8211; TSV Steinbach Haiger (Regionalliga)<\/strong><em><strong> (16.45 Uhr)<\/strong><\/em> <br><img loading=\"lazy\" decoding=\"async\" width=\"10\" height=\"21\" class=\"wp-image-3656\" style=\"width: 10px;\" src=\"http:\/\/kommentatorenblog.de\/wp-content\/uploads\/2020\/09\/shure-55sh-ii-e1601485394796.jpg\" alt=\"\" srcset=\"https:\/\/kommentatorenblog.de\/wp-content\/uploads\/2020\/09\/shure-55sh-ii-e1601485394796.jpg 415w, https:\/\/kommentatorenblog.de\/wp-content\/uploads\/2020\/09\/shure-55sh-ii-e1601485394796-142x300.jpg 142w\" sizes=\"auto, (max-width: 10px) 100vw, 10px\" \/> Florian Na\u00df; Stream: <s>Ann-Kathrin Rose<\/s> Martina Knief ; Field- Reporter: Markus Philipp<\/p>\n\n\n\n<p>Bayern: <strong style=\"font-style: italic;\">FV Illertissen (Regionalliga) &#8211; FC Ingolstadt 04 (3. Liga)<\/strong><em><strong> (16.45 Uhr)<\/strong><\/em> <br><img loading=\"lazy\" decoding=\"async\" width=\"10\" height=\"21\" class=\"wp-image-3656\" style=\"width: 10px;\" src=\"http:\/\/kommentatorenblog.de\/wp-content\/uploads\/2020\/09\/shure-55sh-ii-e1601485394796.jpg\" alt=\"\" srcset=\"https:\/\/kommentatorenblog.de\/wp-content\/uploads\/2020\/09\/shure-55sh-ii-e1601485394796.jpg 415w, https:\/\/kommentatorenblog.de\/wp-content\/uploads\/2020\/09\/shure-55sh-ii-e1601485394796-142x300.jpg 142w\" sizes=\"auto, (max-width: 10px) 100vw, 10px\" \/> Bernd Schmelzer; Stream: Lukas Sch\u00f6nm\u00fcller ; Field- Reporter: Dominik Vischer<\/p>\n\n\n\n<hr class=\"wp-block-separator is-style-default\"\/>\n\n\n\n<hr class=\"wp-block-separator is-style-default\"\/>\n\n\n\n<p><strong>Relegationsr\u00fcckspiel, 1. &amp; 2. Bundesliga (Sky\/Sat1)<\/strong><\/p>\n\n\n\n<p><u>Montag, 05. Juni 2023, ab 20.15 Uhr (Sat1 &amp; Sky)<\/u><\/p>\n\n\n\n<p><strong style=\"font-style: italic;\">Hamburger SV <strong><em><span><b style=\"font-style: italic;\">\u2013<\/b><\/span><\/em><\/strong><\/strong> <em><strong>VfB Stuttgart (20.45 Uhr)<\/strong><\/em> <br><img loading=\"lazy\" decoding=\"async\" width=\"10\" height=\"21\" class=\"wp-image-3656\" style=\"width: 10px;\" src=\"http:\/\/kommentatorenblog.de\/wp-content\/uploads\/2020\/09\/shure-55sh-ii-e1601485394796.jpg\" alt=\"\" srcset=\"https:\/\/kommentatorenblog.de\/wp-content\/uploads\/2020\/09\/shure-55sh-ii-e1601485394796.jpg 415w, https:\/\/kommentatorenblog.de\/wp-content\/uploads\/2020\/09\/shure-55sh-ii-e1601485394796-142x300.jpg 142w\" sizes=\"auto, (max-width: 10px) 100vw, 10px\" \/> Sat1: Wolff Fuss<\/p>\n\n\n\n<p><img loading=\"lazy\" decoding=\"async\" width=\"10\" height=\"21\" class=\"wp-image-3656\" style=\"width: 10px;\" src=\"http:\/\/kommentatorenblog.de\/wp-content\/uploads\/2020\/09\/shure-55sh-ii-e1601485394796.jpg\" alt=\"\" srcset=\"https:\/\/kommentatorenblog.de\/wp-content\/uploads\/2020\/09\/shure-55sh-ii-e1601485394796.jpg 415w, https:\/\/kommentatorenblog.de\/wp-content\/uploads\/2020\/09\/shure-55sh-ii-e1601485394796-142x300.jpg 142w\" sizes=\"auto, (max-width: 10px) 100vw, 10px\" \/> Sky: Oliver Seidler<\/p>\n\n\n\n<p>Moderation (Sat1): Matthias Opdenh\u00f6vel, Experte: Markus Babbel, Field- Reporterin: Andreas Kaiser<\/p>\n\n\n\n<p>Moderation (Sky): Patrick Wasserziehr, Field- Reporter: Sven T\u00f6llner<\/p>\n\n\n\n<p><strong>Relegationsr\u00fcckspiel, 2. Bundesliga &amp; 3.Liga (Sky\/Sat1)<\/strong><\/p>\n\n\n\n<p><u>Dienstag, 06. Juni<\/u><u> 2023, ab 20.15 Uhr (Sat1 &amp; Sky)<\/u><\/p>\n\n\n\n<p><strong style=\"font-style: italic;\">Arminia Bielefeld <strong><em><span><b style=\"font-style: italic;\">\u2013<\/b><\/span><\/em><\/strong><\/strong> <em><strong>S<strong style=\"font-style: italic;\">V Wehen Wiesbaden<\/strong> (20.45 Uhr)<\/strong><\/em> <\/p>\n\n\n\n<p><img loading=\"lazy\" decoding=\"async\" width=\"10\" height=\"21\" class=\"wp-image-3656\" style=\"width: 10px;\" src=\"http:\/\/kommentatorenblog.de\/wp-content\/uploads\/2020\/09\/shure-55sh-ii-e1601485394796.jpg\" alt=\"\" srcset=\"https:\/\/kommentatorenblog.de\/wp-content\/uploads\/2020\/09\/shure-55sh-ii-e1601485394796.jpg 415w, https:\/\/kommentatorenblog.de\/wp-content\/uploads\/2020\/09\/shure-55sh-ii-e1601485394796-142x300.jpg 142w\" sizes=\"auto, (max-width: 10px) 100vw, 10px\" \/> Sat1: Wolff Fuss<\/p>\n\n\n\n<p><img loading=\"lazy\" decoding=\"async\" width=\"10\" height=\"21\" class=\"wp-image-3656\" style=\"width: 10px;\" src=\"http:\/\/kommentatorenblog.de\/wp-content\/uploads\/2020\/09\/shure-55sh-ii-e1601485394796.jpg\" alt=\"\" srcset=\"https:\/\/kommentatorenblog.de\/wp-content\/uploads\/2020\/09\/shure-55sh-ii-e1601485394796.jpg 415w, https:\/\/kommentatorenblog.de\/wp-content\/uploads\/2020\/09\/shure-55sh-ii-e1601485394796-142x300.jpg 142w\" sizes=\"auto, (max-width: 10px) 100vw, 10px\" \/> Sky: Stefan Hempel. Experte: Torsten Mattuschka<\/p>\n\n\n\n<p>Moderation (Sat1): Matthias Opdenh\u00f6vel, Experte: Markus Babbel, Field- Reporter: Matthias Killing<\/p>\n\n\n\n<hr class=\"wp-block-separator is-style-default\"\/>\n\n\n\n<p><strong>FA Cup (ENG), Finale (DAZN)<\/strong><\/p>\n\n\n\n<p><u>Samstag, 03. Juni 2023, ab 15.40 Uhr <\/u><\/p>\n\n\n\n<p><strong style=\"font-style: italic;\">Manchester City <strong><em><span><b style=\"font-style: italic;\">\u2013<\/b><\/span><\/em><\/strong><\/strong> <em><strong>Manchester United (16.00 Uhr)<\/strong><\/em> <\/p>\n\n\n\n<p><img loading=\"lazy\" decoding=\"async\" width=\"10\" height=\"21\" class=\"wp-image-3656\" style=\"width: 10px;\" src=\"http:\/\/kommentatorenblog.de\/wp-content\/uploads\/2020\/09\/shure-55sh-ii-e1601485394796.jpg\" alt=\"\" srcset=\"https:\/\/kommentatorenblog.de\/wp-content\/uploads\/2020\/09\/shure-55sh-ii-e1601485394796.jpg 415w, https:\/\/kommentatorenblog.de\/wp-content\/uploads\/2020\/09\/shure-55sh-ii-e1601485394796-142x300.jpg 142w\" sizes=\"auto, (max-width: 10px) 100vw, 10px\" \/> Marco Hagemann<\/p>\n\n\n\n<p>Moderation: Daniel Herzog, Experte: Michael Ballack<\/p>\n\n\n\n<p><strong><strong><strong>LaLiga <\/strong><\/strong>(ESP), 38. Spieltag (DAZN)<\/strong><\/p>\n\n\n\n<p><u><u>Sonntag, 04. Juni 2023, ab 18.30<\/u><\/u><\/p>\n\n\n\n<p><strong style=\"font-style: italic;\"><em><strong>Real Sociedad<\/strong><\/em><strong><em><b style=\"font-style: italic;\">\u2013<\/b><\/em><\/strong><\/strong> <em><strong>FC Sevilla (18.30 Uhr)<\/strong><\/em> <br><img loading=\"lazy\" decoding=\"async\" width=\"10\" height=\"21\" class=\"wp-image-3656\" style=\"width: 10px;\" src=\"http:\/\/kommentatorenblog.de\/wp-content\/uploads\/2020\/09\/shure-55sh-ii-e1601485394796.jpg\" alt=\"\" srcset=\"https:\/\/kommentatorenblog.de\/wp-content\/uploads\/2020\/09\/shure-55sh-ii-e1601485394796.jpg 415w, https:\/\/kommentatorenblog.de\/wp-content\/uploads\/2020\/09\/shure-55sh-ii-e1601485394796-142x300.jpg 142w\" sizes=\"auto, (max-width: 10px) 100vw, 10px\" \/> Guido H\u00fcsgen<\/p>\n\n\n\n<p><strong style=\"font-style: italic;\"><em><strong><em><strong>Real Madrid<\/strong><\/em><\/strong><\/em> <strong><em><span><b style=\"font-style: italic;\">\u2013<\/b><\/span><\/em><\/strong><\/strong> <em><strong>Athletic Bilbao (18.30 Uhr)<\/strong><\/em> <br><img loading=\"lazy\" decoding=\"async\" width=\"10\" height=\"21\" class=\"wp-image-3656\" style=\"width: 10px;\" src=\"http:\/\/kommentatorenblog.de\/wp-content\/uploads\/2020\/09\/shure-55sh-ii-e1601485394796.jpg\" alt=\"\" srcset=\"https:\/\/kommentatorenblog.de\/wp-content\/uploads\/2020\/09\/shure-55sh-ii-e1601485394796.jpg 415w, https:\/\/kommentatorenblog.de\/wp-content\/uploads\/2020\/09\/shure-55sh-ii-e1601485394796-142x300.jpg 142w\" sizes=\"auto, (max-width: 10px) 100vw, 10px\" \/> Flo Hauser, Experte: Michi Hofmann<\/p>\n\n\n\n<p><strong style=\"font-style: italic;\">Villareal <strong><em><span><b style=\"font-style: italic;\">\u2013<\/b><\/span><\/em><\/strong><\/strong> <em><strong>Atletico Madrid (18.30 Uhr)<\/strong><\/em> <br><img loading=\"lazy\" decoding=\"async\" width=\"10\" height=\"21\" class=\"wp-image-3656\" style=\"width: 10px;\" src=\"http:\/\/kommentatorenblog.de\/wp-content\/uploads\/2020\/09\/shure-55sh-ii-e1601485394796.jpg\" alt=\"\" srcset=\"https:\/\/kommentatorenblog.de\/wp-content\/uploads\/2020\/09\/shure-55sh-ii-e1601485394796.jpg 415w, https:\/\/kommentatorenblog.de\/wp-content\/uploads\/2020\/09\/shure-55sh-ii-e1601485394796-142x300.jpg 142w\" sizes=\"auto, (max-width: 10px) 100vw, 10px\" \/> Julian Engelhard<\/p>\n\n\n\n<p><strong style=\"font-style: italic;\">Real Betis Sevilla <strong><em><span><b style=\"font-style: italic;\">\u2013<\/b><\/span><\/em><\/strong><\/strong> <em><strong>FC Valencia (21.00 Uhr)<\/strong><\/em> <br><img loading=\"lazy\" decoding=\"async\" width=\"10\" height=\"21\" class=\"wp-image-3656\" style=\"width: 10px;\" src=\"http:\/\/kommentatorenblog.de\/wp-content\/uploads\/2020\/09\/shure-55sh-ii-e1601485394796.jpg\" alt=\"\" srcset=\"https:\/\/kommentatorenblog.de\/wp-content\/uploads\/2020\/09\/shure-55sh-ii-e1601485394796.jpg 415w, https:\/\/kommentatorenblog.de\/wp-content\/uploads\/2020\/09\/shure-55sh-ii-e1601485394796-142x300.jpg 142w\" sizes=\"auto, (max-width: 10px) 100vw, 10px\" \/> Tobias Fischbeck<\/p>\n\n\n\n<p><strong style=\"font-style: italic;\">Celta Vigo <strong><em><span><b style=\"font-style: italic;\">\u2013<\/b><\/span><\/em><\/strong><\/strong> <em><strong>FC Barcelona (21.00 Uhr)<\/strong><\/em> <br><img loading=\"lazy\" decoding=\"async\" width=\"10\" height=\"21\" class=\"wp-image-3656\" style=\"width: 10px;\" src=\"http:\/\/kommentatorenblog.de\/wp-content\/uploads\/2020\/09\/shure-55sh-ii-e1601485394796.jpg\" alt=\"\" srcset=\"https:\/\/kommentatorenblog.de\/wp-content\/uploads\/2020\/09\/shure-55sh-ii-e1601485394796.jpg 415w, https:\/\/kommentatorenblog.de\/wp-content\/uploads\/2020\/09\/shure-55sh-ii-e1601485394796-142x300.jpg 142w\" sizes=\"auto, (max-width: 10px) 100vw, 10px\" \/> Ruben Zimmermann<\/p>\n\n\n\n<p><strong>Serie A (ITA), 38. Spieltag (DAZN)<\/strong><\/p>\n\n\n\n<p><u><u>Samstag, 03. Juni 2023, ab 18.30 Uhr <\/u><\/u><\/p>\n\n\n\n<p><strong style=\"font-style: italic;\"><em><strong>FC Turin<\/strong><\/em> <strong><em><span><b style=\"font-style: italic;\">\u2013<\/b><\/span><\/em><\/strong><\/strong> <em><strong>Inter Mailand (18.30 Uhr)<\/strong><\/em> <br><img loading=\"lazy\" decoding=\"async\" width=\"10\" height=\"21\" class=\"wp-image-3656\" style=\"width: 10px;\" src=\"http:\/\/kommentatorenblog.de\/wp-content\/uploads\/2020\/09\/shure-55sh-ii-e1601485394796.jpg\" alt=\"\" srcset=\"https:\/\/kommentatorenblog.de\/wp-content\/uploads\/2020\/09\/shure-55sh-ii-e1601485394796.jpg 415w, https:\/\/kommentatorenblog.de\/wp-content\/uploads\/2020\/09\/shure-55sh-ii-e1601485394796-142x300.jpg 142w\" sizes=\"auto, (max-width: 10px) 100vw, 10px\" \/> Uli Hebel<\/p>\n\n\n\n<p><u>Sonntag, 04. Juni<\/u><u> 2023, ab 18.10<\/u><\/p>\n\n\n\n<p><strong style=\"font-style: italic;\">SSC Neapel <strong><em><span><b style=\"font-style: italic;\">\u2013<\/b><\/span><\/em><\/strong><\/strong> <em><strong><strong style=\"font-style: italic;\">Sampdoria<\/strong> (18.30 Uhr)<\/strong><\/em> <br><img loading=\"lazy\" decoding=\"async\" width=\"10\" height=\"21\" class=\"wp-image-3656\" style=\"width: 10px;\" src=\"http:\/\/kommentatorenblog.de\/wp-content\/uploads\/2020\/09\/shure-55sh-ii-e1601485394796.jpg\" alt=\"\" srcset=\"https:\/\/kommentatorenblog.de\/wp-content\/uploads\/2020\/09\/shure-55sh-ii-e1601485394796.jpg 415w, https:\/\/kommentatorenblog.de\/wp-content\/uploads\/2020\/09\/shure-55sh-ii-e1601485394796-142x300.jpg 142w\" sizes=\"auto, (max-width: 10px) 100vw, 10px\" \/> Mario Rieker, Experte: Christian Bernhard<\/p>\n\n\n\n<p>Moderation: Christoph Stadtler, Field- Reporter: Carsten Fu\u00df<\/p>\n\n\n\n<p><strong style=\"font-style: italic;\">AS Rom <strong><em><span><b style=\"font-style: italic;\">\u2013<\/b><\/span><\/em><\/strong><\/strong> <em><strong>Spezia (21.00 Uhr)<\/strong><\/em> <br><img loading=\"lazy\" decoding=\"async\" width=\"10\" height=\"21\" class=\"wp-image-3656\" style=\"width: 10px;\" src=\"http:\/\/kommentatorenblog.de\/wp-content\/uploads\/2020\/09\/shure-55sh-ii-e1601485394796.jpg\" alt=\"\" srcset=\"https:\/\/kommentatorenblog.de\/wp-content\/uploads\/2020\/09\/shure-55sh-ii-e1601485394796.jpg 415w, https:\/\/kommentatorenblog.de\/wp-content\/uploads\/2020\/09\/shure-55sh-ii-e1601485394796-142x300.jpg 142w\" sizes=\"auto, (max-width: 10px) 100vw, 10px\" \/> Oliver&nbsp;Fa\u00dfnacht<\/p>\n\n\n\n<p><strong style=\"font-style: italic;\">AC Mailand <strong><em><span><b style=\"font-style: italic;\">\u2013<\/b><\/span><\/em><\/strong><\/strong> <em><strong>Hellas Verona (21.00 Uhr)<\/strong><\/em> <br><img loading=\"lazy\" decoding=\"async\" width=\"10\" height=\"21\" class=\"wp-image-3656\" style=\"width: 10px;\" src=\"http:\/\/kommentatorenblog.de\/wp-content\/uploads\/2020\/09\/shure-55sh-ii-e1601485394796.jpg\" alt=\"\" srcset=\"https:\/\/kommentatorenblog.de\/wp-content\/uploads\/2020\/09\/shure-55sh-ii-e1601485394796.jpg 415w, https:\/\/kommentatorenblog.de\/wp-content\/uploads\/2020\/09\/shure-55sh-ii-e1601485394796-142x300.jpg 142w\" sizes=\"auto, (max-width: 10px) 100vw, 10px\" \/> Nico Seepe<\/p>\n\n\n\n<p><strong style=\"font-style: italic;\">Udinese <strong><em><span><b style=\"font-style: italic;\">\u2013<\/b><\/span><\/em><\/strong><\/strong> <em><strong>Juventus Turin (21.00 Uhr)<\/strong><\/em> <br><img loading=\"lazy\" decoding=\"async\" width=\"10\" height=\"21\" class=\"wp-image-3656\" style=\"width: 10px;\" src=\"http:\/\/kommentatorenblog.de\/wp-content\/uploads\/2020\/09\/shure-55sh-ii-e1601485394796.jpg\" alt=\"\" srcset=\"https:\/\/kommentatorenblog.de\/wp-content\/uploads\/2020\/09\/shure-55sh-ii-e1601485394796.jpg 415w, https:\/\/kommentatorenblog.de\/wp-content\/uploads\/2020\/09\/shure-55sh-ii-e1601485394796-142x300.jpg 142w\" sizes=\"auto, (max-width: 10px) 100vw, 10px\" \/>  Uwe Morawe<\/p>\n\n\n\n<hr class=\"wp-block-separator is-style-default\"\/>\n\n\n\n<p><strong>Ligue 1, 38. Spieltag (DAZN)<\/strong><\/p>\n\n\n\n<p><u><u><u>Samstag, 03. Juni 2023, ab 21.00 Uhr <\/u><\/u><\/u><\/p>\n\n\n\n<p><strong style=\"font-style: italic;\">Auxerre <strong><em><span><b style=\"font-style: italic;\">\u2013<\/b><\/span><\/em><\/strong><\/strong> <em><strong><strong style=\"font-style: italic;\">Lens<\/strong> (21.00 Uhr)<\/strong><\/em> <br><img loading=\"lazy\" decoding=\"async\" width=\"10\" height=\"21\" class=\"wp-image-3656\" style=\"width: 10px;\" src=\"http:\/\/kommentatorenblog.de\/wp-content\/uploads\/2020\/09\/shure-55sh-ii-e1601485394796.jpg\" alt=\"\" srcset=\"https:\/\/kommentatorenblog.de\/wp-content\/uploads\/2020\/09\/shure-55sh-ii-e1601485394796.jpg 415w, https:\/\/kommentatorenblog.de\/wp-content\/uploads\/2020\/09\/shure-55sh-ii-e1601485394796-142x300.jpg 142w\" sizes=\"auto, (max-width: 10px) 100vw, 10px\" \/> Matthias Naebers<\/p>\n\n\n\n<p><strong style=\"font-style: italic;\">Paris Saint- Germain <strong><em><span><b style=\"font-style: italic;\">\u2013<\/b><\/span><\/em><\/strong><\/strong> <em><strong>Clermont (21.00 Uhr)<\/strong><\/em> <br><img loading=\"lazy\" decoding=\"async\" width=\"10\" height=\"21\" class=\"wp-image-3656\" style=\"width: 10px;\" src=\"http:\/\/kommentatorenblog.de\/wp-content\/uploads\/2020\/09\/shure-55sh-ii-e1601485394796.jpg\" alt=\"\" srcset=\"https:\/\/kommentatorenblog.de\/wp-content\/uploads\/2020\/09\/shure-55sh-ii-e1601485394796.jpg 415w, https:\/\/kommentatorenblog.de\/wp-content\/uploads\/2020\/09\/shure-55sh-ii-e1601485394796-142x300.jpg 142w\" sizes=\"auto, (max-width: 10px) 100vw, 10px\" \/> Stefan Galler, Experte: Alexis Menuge<\/p>\n\n\n\n<hr class=\"wp-block-separator is-style-default\"\/>\n\n\n\n<p><strong>Internationaler Fu\u00dfball<\/strong><\/p>\n\n\n\n<p><strong>Eredivisie, Conference League-Playoff-Halbfinale, R\u00fcckspiele (Sportdigital Fu\u00dfball)<\/strong><\/p>\n\n\n\n<p><u>Sonntag, 04. Juni<\/u><u> 2023<\/u><\/p>\n\n\n\n<p><strong style=\"font-style: italic;\"><em><strong>FC Twente Enschede &#8211; SC Heerenveen<\/strong><\/em><\/strong><em><strong> (14.30 Uhr)<\/strong><\/em> <\/p>\n\n\n\n<p><img loading=\"lazy\" decoding=\"async\" width=\"10\" height=\"21\" class=\"wp-image-3656\" style=\"width: 10px;\" src=\"http:\/\/kommentatorenblog.de\/wp-content\/uploads\/2020\/09\/shure-55sh-ii-e1601485394796.jpg\" alt=\"\" srcset=\"https:\/\/kommentatorenblog.de\/wp-content\/uploads\/2020\/09\/shure-55sh-ii-e1601485394796.jpg 415w, https:\/\/kommentatorenblog.de\/wp-content\/uploads\/2020\/09\/shure-55sh-ii-e1601485394796-142x300.jpg 142w\" sizes=\"auto, (max-width: 10px) 100vw, 10px\" \/> <em> <\/em>Marcus Radefeld<\/p>\n\n\n\n<p><strong style=\"font-style: italic;\"><em><strong>Sparta Rotterdam &#8211; FC Utrecht<\/strong><\/em><\/strong><em><strong> (18.00 Uhr)<\/strong><\/em> <\/p>\n\n\n\n<p><img loading=\"lazy\" decoding=\"async\" width=\"10\" height=\"21\" class=\"wp-image-3656\" style=\"width: 10px;\" src=\"http:\/\/kommentatorenblog.de\/wp-content\/uploads\/2020\/09\/shure-55sh-ii-e1601485394796.jpg\" alt=\"\" srcset=\"https:\/\/kommentatorenblog.de\/wp-content\/uploads\/2020\/09\/shure-55sh-ii-e1601485394796.jpg 415w, https:\/\/kommentatorenblog.de\/wp-content\/uploads\/2020\/09\/shure-55sh-ii-e1601485394796-142x300.jpg 142w\" sizes=\"auto, (max-width: 10px) 100vw, 10px\" \/> <em> <\/em>Karsten Linke<\/p>\n\n\n\n<hr class=\"wp-block-separator is-style-default\"\/>\n\n\n\n<p><strong>A-League (Grand Final)<\/strong><\/p>\n\n\n\n<p><u>Samstag, 03. Juni<\/u><u> 2023<\/u><\/p>\n\n\n\n<p><em><strong>Melbourne City &#8211; Central Coast Mariners (11.40)<\/strong><\/em> <br><img loading=\"lazy\" decoding=\"async\" width=\"10\" height=\"21\" class=\"wp-image-3656\" style=\"width: 10px;\" src=\"http:\/\/kommentatorenblog.de\/wp-content\/uploads\/2020\/09\/shure-55sh-ii-e1601485394796.jpg\" alt=\"\" srcset=\"https:\/\/kommentatorenblog.de\/wp-content\/uploads\/2020\/09\/shure-55sh-ii-e1601485394796.jpg 415w, https:\/\/kommentatorenblog.de\/wp-content\/uploads\/2020\/09\/shure-55sh-ii-e1601485394796-142x300.jpg 142w\" sizes=\"auto, (max-width: 10px) 100vw, 10px\" \/> Jakob Vogel<\/p>\n\n\n\n<hr class=\"wp-block-separator is-style-default\"\/>\n\n\n\n<p><strong><strong><strong>Liga Profesional (19. Spieltag)<\/strong><\/strong><\/strong><\/p>\n\n\n\n<p><u><u>Samstag, 03. Juni 2023<\/u><\/u><\/p>\n\n\n\n<p><strong style=\"font-style: italic;\"><em><strong>CA River Plate &#8211; Defensa y Justicia<\/strong><\/em><\/strong><em><strong> (21.30Uhr)<\/strong><\/em> <br><img loading=\"lazy\" decoding=\"async\" width=\"10\" height=\"21\" class=\"wp-image-3656\" style=\"width: 10px;\" src=\"http:\/\/kommentatorenblog.de\/wp-content\/uploads\/2020\/09\/shure-55sh-ii-e1601485394796.jpg\" alt=\"\" srcset=\"https:\/\/kommentatorenblog.de\/wp-content\/uploads\/2020\/09\/shure-55sh-ii-e1601485394796.jpg 415w, https:\/\/kommentatorenblog.de\/wp-content\/uploads\/2020\/09\/shure-55sh-ii-e1601485394796-142x300.jpg 142w\" sizes=\"auto, (max-width: 10px) 100vw, 10px\" \/> Christian Blunck<\/p>\n\n\n\n<p><strong>Campeonato Brasileiro (9. Spieltag)<\/strong><\/p>\n\n\n\n<p><u><u><u>Samstag, 03. Juni 2023<\/u><\/u><\/u><\/p>\n\n\n\n<p><em><strong>CA Cruzeiro &#8211; Atletico Mineiro(23.30 Uhr)<\/strong><\/em> <br><img loading=\"lazy\" decoding=\"async\" width=\"10\" height=\"21\" class=\"wp-image-3656\" style=\"width: 10px;\" src=\"http:\/\/kommentatorenblog.de\/wp-content\/uploads\/2020\/09\/shure-55sh-ii-e1601485394796.jpg\" alt=\"\" srcset=\"https:\/\/kommentatorenblog.de\/wp-content\/uploads\/2020\/09\/shure-55sh-ii-e1601485394796.jpg 415w, https:\/\/kommentatorenblog.de\/wp-content\/uploads\/2020\/09\/shure-55sh-ii-e1601485394796-142x300.jpg 142w\" sizes=\"auto, (max-width: 10px) 100vw, 10px\" \/> Ulf Kahmke<\/p>\n\n\n\n<p><u><u><u>Sonntag, 04. Juni 2023<\/u><\/u><\/u><\/p>\n\n\n\n<p><strong style=\"font-style: italic;\"><em><strong>Gremio &#8211; FC Sao Paulo<\/strong><\/em><\/strong><em><strong> (21.00 Uhr)<\/strong><\/em> <br><img loading=\"lazy\" decoding=\"async\" width=\"10\" height=\"21\" class=\"wp-image-3656\" style=\"width: 10px;\" src=\"http:\/\/kommentatorenblog.de\/wp-content\/uploads\/2020\/09\/shure-55sh-ii-e1601485394796.jpg\" alt=\"\" srcset=\"https:\/\/kommentatorenblog.de\/wp-content\/uploads\/2020\/09\/shure-55sh-ii-e1601485394796.jpg 415w, https:\/\/kommentatorenblog.de\/wp-content\/uploads\/2020\/09\/shure-55sh-ii-e1601485394796-142x300.jpg 142w\" sizes=\"auto, (max-width: 10px) 100vw, 10px\" \/> Martin Hahn<\/p>\n\n\n\n<p><strong style=\"font-style: italic;\">Palmeiras &#8211; Coritiba FC<\/strong><em><strong> (23.20 Uhr)<\/strong><\/em> <br><img loading=\"lazy\" decoding=\"async\" width=\"10\" height=\"21\" class=\"wp-image-3656\" style=\"width: 10px;\" src=\"http:\/\/kommentatorenblog.de\/wp-content\/uploads\/2020\/09\/shure-55sh-ii-e1601485394796.jpg\" alt=\"\" srcset=\"https:\/\/kommentatorenblog.de\/wp-content\/uploads\/2020\/09\/shure-55sh-ii-e1601485394796.jpg 415w, https:\/\/kommentatorenblog.de\/wp-content\/uploads\/2020\/09\/shure-55sh-ii-e1601485394796-142x300.jpg 142w\" sizes=\"auto, (max-width: 10px) 100vw, 10px\" \/> Henrik Hinrichsen<\/p>\n\n\n\n<hr class=\"wp-block-separator is-style-default\"\/>\n\n\n\n<hr class=\"wp-block-separator is-style-default\"\/>\n\n\n\n<p><strong><code>ANALYSE<\/code><\/strong><\/p>\n\n\n\n<p><strong>Rann &amp; Neumann kommentieren die W\u00f6lfinnen &#8230;<\/strong><\/p>\n\n\n\n<p>Los geht\u2019s mit dem Champions League- Finale der W\u00f6lfinnen in Eindhoven. Wenn der VfL Wolfsburg auf den FC Barcelona trifft, sind sowohl das ZDF als auch DAZN mit dabei. DAZN startet die \u00dcbertragung ab 15.30 Uhr dann meldet sich Wahnschaffe mit den Expertinnen und Ex- W\u00f6lfinnen Almuth Schult und Turid Knaak. Kommentieren wird die Partie aus dem Stadion Christina Rann. Ihr erster Einsatz als Kommentatorin bei DAZN, und damit dann wohl auch die erste Fu\u00dfball- Kommentatorin bei dem Streaminganbieter.<\/p>\n\n\n\n<p>F\u00fcr das ZDF meldet sich dann ab 15.45 Uhr Sven Voss aus dem Stadion in Eindhoven. Er wird die \u00dcbertragung moderieren und anschlie\u00dfend zusammen mit Gari Paubandt auch die Interviews f\u00fchren. W\u00e4hrend der \u00dcbertragung steht ihm die Bundestrainerin Martina Voss- Tecklenburg, die auch ZDF- Expertin ist, als Gespr\u00e4chsgast zur Seite. Kommentatorin des Finals wird dann Claudia Neumann sein, welche n\u00e4chste Woche dann auch das M\u00e4nner- Finale \u00fcbernehmen wird.<\/p>\n\n\n\n<p><strong>&#8230; Fuss &amp; Schmidt den DFB- Pokal<\/strong><\/p>\n\n\n\n<p>Nach dem Ende der Partie gibt es im ZDF eine kleine Fu\u00dfball- Pause, ehe es ab 19.25 mit den Vorberichten f\u00fcr das DFB- Pokalfinale weitergeht. Hier moderiert dann Katrin M\u00fcller- Hohenstein mit Experte Mertesacker. Kommentator wird Oliver Schmidt sein, der Unterst\u00fctzung von Hanno Balitsch als Co- Kommentator erh\u00e4lt, f\u00fcr Balitsch keine ungewohnte Position, die hat er u.a. in der 1. Runde schon ausgef\u00fcllt.<\/p>\n\n\n\n<p>Bei Sky \u00fcbernimmt die Partie Wolff Fuss, sein drittes Spiel in drei Tagen, der Weg f\u00fchrte ihn \u00fcber Stuttgart, Wiesbaden nach Berlin und dann am Montag wohl weiter nach Hamburg zum Relegationsr\u00fcckspiel. Moderatorin des Finals ist Britta Hofmann, welche zusammen mit Lothar Matth\u00e4us das Spielgeschehen analysiert.<\/p>\n\n\n\n<p><strong>Dreifach- Konferenz im Ersten<\/strong><\/p>\n\n\n\n<p>Zur Einstimmung auf das DFB- Pokalfinale findet am Mittag der Finaltag der Amateure in der ARD sowie auf sportschau.de statt. Das Personal des Finaltags der Amateure nach Landesfunkanstalt analysiert:<\/p>\n\n\n\n<p>WDR: Da Claus Lufen die \u00dcbertragung zusammen mit Thomas Broich moderiert, f\u00e4llt er als Kommentator weg, in der Konferenz \u00fcbernimmt daf\u00fcr Jan Wochner. Erstmals im Einzelspiel- Einsatz sind Anne van Eickels und Tim Wichmann.<\/p>\n\n\n\n<p>SWR: Da es im Sendegebiet gleich f\u00fcnf Finals gibt, fallen hier die Einzelstreams weg, ansonsten bieten alle Anstalten neben der Konferenz noch die Einzelspiel\u00fcbertragungen an. Etwas \u00fcberraschend sind im SWR weder Philipp Sohmer und Jens J\u00f6rg Rieck am Start, daf\u00fcr aber die WM- Kommentatoren Christina Graf und Tom Bartels.<\/p>\n\n\n\n<p>NDR: Weder Gottlob noch Cammann als Kommentatoren, daf\u00fcr u.a Jan Neumann und Willi Hark. Im Stream kommt mit Moritz K\u00fchn ein Radioreporter zum Einsatz und Alexander Kobs zu seinem (vermutlich) ersten Livespiel.<\/p>\n\n\n\n<p>MDR &amp; RBB: Wenig \u00dcberraschung in der Konferenz mit Galley, P\u00fcschel und Weidling sowie Baczyk. Einzig der Einsatz von Dexne \u00fcberrascht leicht, da in den Vorjahren Max Zobel zum Einsatz kam und Dexne moderierte. <\/p>\n\n\n\n<p>BR, HR, SR &amp; radio bremen: Hier gibts in der Konferenz keinerlei \u00dcberraschungen bei den Kommentatoren. Den HR- Stream \u00fcbernimmt <s>wieder Ann- Kathrin Rose, die zuletzt \u00fcberwiegend f\u00fcr den SWR im Einsatz war.<\/s> Martina Knief, bekannt aus der ARD- Bundesliga- Konferenz.<\/p>\n\n\n\n<p><em>Kurzfristig kann es nat\u00fcrlich noch zu \u00c4nderungen in den Ansetzungen kommen.<\/em><\/p>\n\n\n\n<p><s>F\u00fcr die Relegationsspiele und die entsprechenden Ansetzungen wird es die Tage ein Update oder einen neuen Beitrag geben, da noch nicht alle Informationen vorliegen.<\/s><\/p>\n\n\n\n<p><strong><em>Update zu den Relegationsspielen:<\/em><\/strong><\/p>\n\n\n\n<p>Wie bereits erw\u00e4hnt geht es f\u00fcr Wolff Fuss nach einem Tag Pause weiter in Hamburg mit dem Relegations- R\u00fcckspiel f\u00fcr die Bundesliga. Bei Sat1 gibt es wenig Ver\u00e4nderung, Opdenh\u00f6vel und Babbel bleiben, Andrea Kaiser kommt daf\u00fcr neu als Field- Reporterin hinzu. Matthias Killing \u00fcbernimmt daf\u00fcr am Dienstag die Interviews das Relegationsspiel zwischen 2.und 3. Liga. Auch hier gibt es sonst keine Ver\u00e4nderung bei Sat1 im Vergleich zum Hinspiel aber auch zur Montags\u00fcbertragung.<\/p>\n\n\n\n<p>Sky rotiert dagegen deutlich mehr, am Montag kommentiert Oliver Seidler w\u00e4hrend Patrick Wasserziehr die Moderation \u00fcbernehmen wird. Am Dienstag ist dann wieder Stefan Hempel im Einsatz, diesmal an der Seite seines Stamm- Experten Mattuschka.<\/p>\n\n\n\n<p>Daneben gibt es noch eine Menge internationalen Fu\u00dfball bei DAZN und sportdigital.<\/p>\n\n\n\n<p>Allen ein sch\u00f6nes Wochenende!<\/p>\n","protected":false},"excerpt":{"rendered":"<p>Update mit den Ansetzungen vom 06. Juni 2023 bis 08. Juni 2023 Europa Conference League, Finale (RTL\/RTL+) Mittwoch, 07. Juni 2023, ab 20.15 Uhr (RTL\/RTL+) West Ham United \u2013 AC Florenz (21.00Uhr) RTL: Marco Hagemann, Experte: Steffen Freund RTL+: tba Moderation (RTL): Florian K\u00f6nig, Experten: Lothar Matth\u00e4us und Karl-Heinz Riedle, Field-Reporter: tba Moderation (RTL+): Anna [&hellip;]<\/p>\n","protected":false},"author":10,"featured_media":0,"comment_status":"open","ping_status":"open","sticky":false,"template":"","format":"standard","meta":{"footnotes":""},"categories":[425,504,429],"tags":[749,153,548,920,216,610,600,925,19,527,582,240,73,57,535,615,657,36,636,262,212,13,772,462,132,99,923,578,501,908,420,32,155,540,704,726,464,921,770,315,470,59,50,753,31,205,43,503,243,118,649,223,500,593,88,775,922,191,109,497,94,161,301,22,134,154,773,524,620,763,710,247,924,252,927,705,926,829,402,105,149,502,107,37],"class_list":["post-15157","post","type-post","status-publish","format-standard","hentry","category-champions-league-und-co","category-dfb-pokal-co","category-diverses","tag-alexander-kobs","tag-alexis-menuge","tag-almuth-schult","tag-amelie-stiefvatter","tag-andreas-mann","tag-andres-veredas","tag-ann-kathrin-rose","tag-anne-van-eickels","tag-ard","tag-benedikt-brinsa","tag-bernd-schmelzer","tag-boris-buechler","tag-britta-hofmann","tag-christian-blunck","tag-christian-dexne","tag-christina-graf","tag-christina-rann","tag-claudia-neumann","tag-claus-lufen","tag-daniel-guenther","tag-daniel-herzog","tag-dazn","tag-dino-bernabeo","tag-eik-galley","tag-flo-hauser","tag-florian-nass","tag-florian-neuhauss","tag-florian-weichert","tag-florian-winkler","tag-florian-zschiedrich","tag-frank-grundhever","tag-gari-paubandt","tag-guido-huesgen","tag-hanno-balitsch","tag-hendrik-deichmann","tag-henrik-hinrichsen","tag-jan-neumann","tag-jan-ole-behrens","tag-jan-wochner","tag-julian-engelhard","tag-juergen-bergener","tag-karsten-linke","tag-katrin-mueller-hohenstein","tag-lars-becker","tag-lothar-matthaeus","tag-lukas-schoenmueller","tag-marco-hagemann","tag-marcus-radefeld","tag-mario-rieker","tag-markus-herwig","tag-martin-hahn","tag-matthias-naebers","tag-michael-ballack","tag-michael-bollenbacher","tag-michael-leopold","tag-michael-maske","tag-moritz-kuehn","tag-nico-seepe","tag-oliver-schmidt","tag-patrick-halatsch","tag-patrick-wasserziehr","tag-per-mertesacker","tag-ruben-zimmermann","tag-sky","tag-sportdigital-fussball","tag-stefan-galler","tag-stephan-schiffner","tag-stephan-weidling","tag-stephanie-baczyk","tag-sven-roland","tag-sven-voss","tag-thomas-broich","tag-tim-wichmann","tag-tobi-wahnschaffe","tag-tobias-fischbeck","tag-torsten-pueschel","tag-torsten-winkler","tag-turid-knaak","tag-ulf-kahmke","tag-uli-hebel","tag-uwe-morawe","tag-wilfried-hark","tag-wolff-fuss","tag-zdf"],"_links":{"self":[{"href":"https:\/\/kommentatorenblog.de\/index.php?rest_route=\/wp\/v2\/posts\/15157","targetHints":{"allow":["GET"]}}],"collection":[{"href":"https:\/\/kommentatorenblog.de\/index.php?rest_route=\/wp\/v2\/posts"}],"about":[{"href":"https:\/\/kommentatorenblog.de\/index.php?rest_route=\/wp\/v2\/types\/post"}],"author":[{"embeddable":true,"href":"https:\/\/kommentatorenblog.de\/index.php?rest_route=\/wp\/v2\/users\/10"}],"replies":[{"embeddable":true,"href":"https:\/\/kommentatorenblog.de\/index.php?rest_route=%2Fwp%2Fv2%2Fcomments&post=15157"}],"version-history":[{"count":17,"href":"https:\/\/kommentatorenblog.de\/index.php?rest_route=\/wp\/v2\/posts\/15157\/revisions"}],"predecessor-version":[{"id":15186,"href":"https:\/\/kommentatorenblog.de\/index.php?rest_route=\/wp\/v2\/posts\/15157\/revisions\/15186"}],"wp:attachment":[{"href":"https:\/\/kommentatorenblog.de\/index.php?rest_route=%2Fwp%2Fv2%2Fmedia&parent=15157"}],"wp:term":[{"taxonomy":"category","embeddable":true,"href":"https:\/\/kommentatorenblog.de\/index.php?rest_route=%2Fwp%2Fv2%2Fcategories&post=15157"},{"taxonomy":"post_tag","embeddable":true,"href":"https:\/\/kommentatorenblog.de\/index.php?rest_route=%2Fwp%2Fv2%2Ftags&post=15157"}],"curies":[{"name":"wp","href":"https:\/\/api.w.org\/{rel}","templated":true}]}}