{"id":15195,"date":"2023-06-16T16:05:13","date_gmt":"2023-06-16T14:05:13","guid":{"rendered":"http:\/\/kommentatorenblog.de\/?p=15195"},"modified":"2023-06-26T13:28:59","modified_gmt":"2023-06-26T11:28:59","slug":"1348","status":"publish","type":"post","link":"https:\/\/kommentatorenblog.de\/?p=15195","title":{"rendered":"1348 &#8211; Sommerloch"},"content":{"rendered":"\n<p>N&#8217;Abend allerseits,<\/p>\n\n\n\n<p>gefangen im Sommerloch, zumindest im fu\u00dfballerischen Sinne. Aber immerhin gab es unter Woche eine gute Nachricht. Die Weltmeisterschaft aus Australien und Neuseeland wird auch hierzulande zu sehen sein. Die ARD und das ZDF \u00fcbernehmen. \u00dcbertragungstechnisch mit Informationen der On-Air Teams und wie viel im TV selbst stattfindet gibt es noch keine, sobald wir mehr wissen, liefern wir euch diese Infos aber nat\u00fcrlich nach. Jetzt aber erstmal die Ansetzungen der n\u00e4chsten Tage und an der Stelle eine Programmempfehlung f\u00fcr die Special Olympics! Habt ein sch\u00f6nes Wochenende!<\/p>\n\n\n\n<hr class=\"wp-block-separator\"\/>\n\n\n\n<p><strong>UEFA Nations League, Spiel um Platz drei (DAZN)<\/strong><\/p>\n\n\n\n<p><u>Sonntag, 18. Juni 2023<\/u><\/p>\n\n\n\n<p><strong style=\"font-style: italic;\">Niederlande <strong><em><b style=\"font-style: italic;\">\u2013<\/b><\/em><\/strong><\/strong> <em><strong>Italien (15.00 Uhr)<\/strong><\/em> <\/p>\n\n\n\n<p><img loading=\"lazy\" decoding=\"async\" width=\"10\" height=\"21\" class=\"wp-image-3656\" style=\"width: 10px;\" src=\"http:\/\/kommentatorenblog.de\/wp-content\/uploads\/2020\/09\/shure-55sh-ii-e1601485394796.jpg\" alt=\"\" srcset=\"https:\/\/kommentatorenblog.de\/wp-content\/uploads\/2020\/09\/shure-55sh-ii-e1601485394796.jpg 415w, https:\/\/kommentatorenblog.de\/wp-content\/uploads\/2020\/09\/shure-55sh-ii-e1601485394796-142x300.jpg 142w\" sizes=\"auto, (max-width: 10px) 100vw, 10px\" \/> Carsten Fu\u00df<\/p>\n\n\n\n<hr class=\"wp-block-separator\"\/>\n\n\n\n<p><strong>UEFA Nations League, Finale (DAZN &amp; RTL)<\/strong><\/p>\n\n\n\n<p><u>Sonntag, 18. Juni 2023, ab 20.45 Uhr (DAZN) bzw. 20.15 Uhr (RTL)<\/u><\/p>\n\n\n\n<p><strong style=\"font-style: italic;\">Kroatien <strong><em><b style=\"font-style: italic;\">\u2013<\/b><\/em><\/strong><\/strong> <em><strong>Spanien (20.45 Uhr)<\/strong><\/em> <\/p>\n\n\n\n<p><img loading=\"lazy\" decoding=\"async\" width=\"10\" height=\"21\" class=\"wp-image-3656\" style=\"width: 10px;\" src=\"http:\/\/kommentatorenblog.de\/wp-content\/uploads\/2020\/09\/shure-55sh-ii-e1601485394796.jpg\" alt=\"\" srcset=\"https:\/\/kommentatorenblog.de\/wp-content\/uploads\/2020\/09\/shure-55sh-ii-e1601485394796.jpg 415w, https:\/\/kommentatorenblog.de\/wp-content\/uploads\/2020\/09\/shure-55sh-ii-e1601485394796-142x300.jpg 142w\" sizes=\"auto, (max-width: 10px) 100vw, 10px\" \/> DAZN: Jan Platte, Experte: Sascha Bigalke<\/p>\n\n\n\n<p><img loading=\"lazy\" decoding=\"async\" width=\"10\" height=\"21\" class=\"wp-image-3656\" style=\"width: 10px;\" src=\"http:\/\/kommentatorenblog.de\/wp-content\/uploads\/2020\/09\/shure-55sh-ii-e1601485394796.jpg\" alt=\"\" srcset=\"https:\/\/kommentatorenblog.de\/wp-content\/uploads\/2020\/09\/shure-55sh-ii-e1601485394796.jpg 415w, https:\/\/kommentatorenblog.de\/wp-content\/uploads\/2020\/09\/shure-55sh-ii-e1601485394796-142x300.jpg 142w\" sizes=\"auto, (max-width: 10px) 100vw, 10px\" \/> RTL: Marco Hagemann, Experte: Steffen Freund<\/p>\n\n\n\n<p>Moderation (RTL): Florian K\u00f6nig, Experte: Lothar Matth\u00e4us<\/p>\n\n\n\n<hr class=\"wp-block-separator\"\/>\n\n\n\n<p><strong>Testspiele <\/strong><\/p>\n\n\n\n<p><span style=\"text-decoration: underline;\">Freitag, 16. Juni 2023, ab 20.15 Uhr (ARD)<\/span><\/p>\n\n\n\n<p><strong style=\"font-style: italic;\">Polen <strong><em><b style=\"font-style: italic;\">\u2013<\/b><\/em><\/strong><\/strong> <em><strong>Deutschland (20.45 Uhr)<\/strong><\/em> <\/p>\n\n\n\n<p><img loading=\"lazy\" decoding=\"async\" width=\"10\" height=\"21\" class=\"wp-image-3656\" style=\"width: 10px;\" src=\"http:\/\/kommentatorenblog.de\/wp-content\/uploads\/2020\/09\/shure-55sh-ii-e1601485394796.jpg\" alt=\"\" srcset=\"https:\/\/kommentatorenblog.de\/wp-content\/uploads\/2020\/09\/shure-55sh-ii-e1601485394796.jpg 415w, https:\/\/kommentatorenblog.de\/wp-content\/uploads\/2020\/09\/shure-55sh-ii-e1601485394796-142x300.jpg 142w\" sizes=\"auto, (max-width: 10px) 100vw, 10px\" \/> Tom Bartels<\/p>\n\n\n\n<p>Moderation: Esther Sedlaczek, Experte: Bastian Schweinsteiger<\/p>\n\n\n\n<p><span style=\"text-decoration: underline;\">Montag, 19. Juni 2023, ab 14.30 Uhr (Sportdigital FUSSBALL)<\/span><\/p>\n\n\n\n<p><strong style=\"font-style: italic;\">Indonesien <strong><em><b style=\"font-style: italic;\">\u2013<\/b><\/em><\/strong><\/strong> <em><strong>Argentinien (14.30 Uhr)<\/strong><\/em> <\/p>\n\n\n\n<p><img loading=\"lazy\" decoding=\"async\" width=\"10\" height=\"21\" class=\"wp-image-3656\" style=\"width: 10px;\" src=\"http:\/\/kommentatorenblog.de\/wp-content\/uploads\/2020\/09\/shure-55sh-ii-e1601485394796.jpg\" alt=\"\" srcset=\"https:\/\/kommentatorenblog.de\/wp-content\/uploads\/2020\/09\/shure-55sh-ii-e1601485394796.jpg 415w, https:\/\/kommentatorenblog.de\/wp-content\/uploads\/2020\/09\/shure-55sh-ii-e1601485394796-142x300.jpg 142w\" sizes=\"auto, (max-width: 10px) 100vw, 10px\" \/> Marvin Kirsch<\/p>\n\n\n\n<hr class=\"wp-block-separator\"\/>\n\n\n\n<p><strong>EM 2024 Qualifikation (DAZN)<\/strong><\/p>\n\n\n\n<p><u>Freitag, 16. Juni <\/u><u>2023<\/u><\/p>\n\n\n\n<p><strong style=\"font-style: italic;\">Gibraltar <strong><em><b style=\"font-style: italic;\">\u2013<\/b><\/em><\/strong><\/strong> <em><strong>Frankreich (20.45 Uhr)<\/strong><\/em> <\/p>\n\n\n\n<p><img loading=\"lazy\" decoding=\"async\" width=\"10\" height=\"21\" class=\"wp-image-3656\" style=\"width: 10px;\" src=\"http:\/\/kommentatorenblog.de\/wp-content\/uploads\/2020\/09\/shure-55sh-ii-e1601485394796.jpg\" alt=\"\" srcset=\"https:\/\/kommentatorenblog.de\/wp-content\/uploads\/2020\/09\/shure-55sh-ii-e1601485394796.jpg 415w, https:\/\/kommentatorenblog.de\/wp-content\/uploads\/2020\/09\/shure-55sh-ii-e1601485394796-142x300.jpg 142w\" sizes=\"auto, (max-width: 10px) 100vw, 10px\" \/> Stefan Galler<\/p>\n\n\n\n<p><strong style=\"font-style: italic;\">Malta <strong><em><b style=\"font-style: italic;\">\u2013<\/b><\/em><\/strong><\/strong> <em><strong>England (20.45 Uhr)<\/strong><\/em> <\/p>\n\n\n\n<p><img loading=\"lazy\" decoding=\"async\" width=\"10\" height=\"21\" class=\"wp-image-3656\" style=\"width: 10px;\" src=\"http:\/\/kommentatorenblog.de\/wp-content\/uploads\/2020\/09\/shure-55sh-ii-e1601485394796.jpg\" alt=\"\" srcset=\"https:\/\/kommentatorenblog.de\/wp-content\/uploads\/2020\/09\/shure-55sh-ii-e1601485394796.jpg 415w, https:\/\/kommentatorenblog.de\/wp-content\/uploads\/2020\/09\/shure-55sh-ii-e1601485394796-142x300.jpg 142w\" sizes=\"auto, (max-width: 10px) 100vw, 10px\" \/> Michael Born<\/p>\n\n\n\n<p><u>Samstag, 17. Juni <\/u><u>2023<\/u><\/p>\n\n\n\n<p><strong style=\"font-style: italic;\">Portugal <strong><em><b style=\"font-style: italic;\">\u2013<\/b><\/em><\/strong><\/strong> <em><strong>Bosnien-Herzegowina (20.45 Uhr)<\/strong><\/em> <\/p>\n\n\n\n<p><img loading=\"lazy\" decoding=\"async\" width=\"10\" height=\"21\" class=\"wp-image-3656\" style=\"width: 10px;\" src=\"http:\/\/kommentatorenblog.de\/wp-content\/uploads\/2020\/09\/shure-55sh-ii-e1601485394796.jpg\" alt=\"\" srcset=\"https:\/\/kommentatorenblog.de\/wp-content\/uploads\/2020\/09\/shure-55sh-ii-e1601485394796.jpg 415w, https:\/\/kommentatorenblog.de\/wp-content\/uploads\/2020\/09\/shure-55sh-ii-e1601485394796-142x300.jpg 142w\" sizes=\"auto, (max-width: 10px) 100vw, 10px\" \/> Uwe Morawe<\/p>\n\n\n\n<p><strong style=\"font-style: italic;\">Belgien <strong><em><b style=\"font-style: italic;\">\u2013<\/b><\/em><\/strong><\/strong> <em><strong>\u00d6sterreich (20.45 Uhr)<\/strong><\/em> <\/p>\n\n\n\n<p><img loading=\"lazy\" decoding=\"async\" width=\"10\" height=\"21\" class=\"wp-image-3656\" style=\"width: 10px;\" src=\"http:\/\/kommentatorenblog.de\/wp-content\/uploads\/2020\/09\/shure-55sh-ii-e1601485394796.jpg\" alt=\"\" srcset=\"https:\/\/kommentatorenblog.de\/wp-content\/uploads\/2020\/09\/shure-55sh-ii-e1601485394796.jpg 415w, https:\/\/kommentatorenblog.de\/wp-content\/uploads\/2020\/09\/shure-55sh-ii-e1601485394796-142x300.jpg 142w\" sizes=\"auto, (max-width: 10px) 100vw, 10px\" \/> Max Gross<\/p>\n\n\n\n<p><u>Montag, 19. Juni <\/u><u>2023<\/u><\/p>\n\n\n\n<p><strong style=\"font-style: italic;\">England <strong><em><b style=\"font-style: italic;\">\u2013<\/b><\/em><\/strong><\/strong> <em><strong>Nordmazedonien (20.45 Uhr)<\/strong><\/em> <\/p>\n\n\n\n<p><img loading=\"lazy\" decoding=\"async\" width=\"10\" height=\"21\" class=\"wp-image-3656\" style=\"width: 10px;\" src=\"http:\/\/kommentatorenblog.de\/wp-content\/uploads\/2020\/09\/shure-55sh-ii-e1601485394796.jpg\" alt=\"\" srcset=\"https:\/\/kommentatorenblog.de\/wp-content\/uploads\/2020\/09\/shure-55sh-ii-e1601485394796.jpg 415w, https:\/\/kommentatorenblog.de\/wp-content\/uploads\/2020\/09\/shure-55sh-ii-e1601485394796-142x300.jpg 142w\" sizes=\"auto, (max-width: 10px) 100vw, 10px\" \/> Oliver Fa\u00dfnacht<\/p>\n\n\n\n<p><strong style=\"font-style: italic;\">T\u00fcrkei <strong><em><b style=\"font-style: italic;\">\u2013<\/b><\/em><\/strong><\/strong> <em><strong>Wales (20.45 Uhr)<\/strong><\/em> <\/p>\n\n\n\n<p><img loading=\"lazy\" decoding=\"async\" width=\"10\" height=\"21\" class=\"wp-image-3656\" style=\"width: 10px;\" src=\"http:\/\/kommentatorenblog.de\/wp-content\/uploads\/2020\/09\/shure-55sh-ii-e1601485394796.jpg\" alt=\"\" srcset=\"https:\/\/kommentatorenblog.de\/wp-content\/uploads\/2020\/09\/shure-55sh-ii-e1601485394796.jpg 415w, https:\/\/kommentatorenblog.de\/wp-content\/uploads\/2020\/09\/shure-55sh-ii-e1601485394796-142x300.jpg 142w\" sizes=\"auto, (max-width: 10px) 100vw, 10px\" \/> Guido H\u00fcsgen<\/p>\n\n\n\n<p><strong style=\"font-style: italic;\">Frankreich <strong><em><b style=\"font-style: italic;\">\u2013<\/b><\/em><\/strong><\/strong> <em><strong>Griechenland (20.45 Uhr)<\/strong><\/em> <\/p>\n\n\n\n<p><img loading=\"lazy\" decoding=\"async\" width=\"10\" height=\"21\" class=\"wp-image-3656\" style=\"width: 10px;\" src=\"http:\/\/kommentatorenblog.de\/wp-content\/uploads\/2020\/09\/shure-55sh-ii-e1601485394796.jpg\" alt=\"\" srcset=\"https:\/\/kommentatorenblog.de\/wp-content\/uploads\/2020\/09\/shure-55sh-ii-e1601485394796.jpg 415w, https:\/\/kommentatorenblog.de\/wp-content\/uploads\/2020\/09\/shure-55sh-ii-e1601485394796-142x300.jpg 142w\" sizes=\"auto, (max-width: 10px) 100vw, 10px\" \/> Stefan Galler<\/p>\n\n\n\n<p><strong style=\"font-style: italic;\">Schweiz <strong><em><b style=\"font-style: italic;\">\u2013<\/b><\/em><\/strong><\/strong> <em><strong>Rum\u00e4nien (20.45 Uhr)<\/strong><\/em> <\/p>\n\n\n\n<p><img loading=\"lazy\" decoding=\"async\" width=\"10\" height=\"21\" class=\"wp-image-3656\" style=\"width: 10px;\" src=\"http:\/\/kommentatorenblog.de\/wp-content\/uploads\/2020\/09\/shure-55sh-ii-e1601485394796.jpg\" alt=\"\" srcset=\"https:\/\/kommentatorenblog.de\/wp-content\/uploads\/2020\/09\/shure-55sh-ii-e1601485394796.jpg 415w, https:\/\/kommentatorenblog.de\/wp-content\/uploads\/2020\/09\/shure-55sh-ii-e1601485394796-142x300.jpg 142w\" sizes=\"auto, (max-width: 10px) 100vw, 10px\" \/> Michael Brandes<\/p>\n\n\n\n<p><\/p>\n","protected":false},"excerpt":{"rendered":"<p>N&#8217;Abend allerseits, gefangen im Sommerloch, zumindest im fu\u00dfballerischen Sinne. Aber immerhin gab es unter Woche eine gute Nachricht. Die Weltmeisterschaft aus Australien und Neuseeland wird auch hierzulande zu sehen sein. Die ARD und das ZDF \u00fcbernehmen. \u00dcbertragungstechnisch mit Informationen der On-Air Teams und wie viel im TV selbst stattfindet gibt es noch keine, sobald wir [&hellip;]<\/p>\n","protected":false},"author":5,"featured_media":0,"comment_status":"open","ping_status":"open","sticky":false,"template":"","format":"standard","meta":{"footnotes":""},"categories":[426],"tags":[],"class_list":["post-15195","post","type-post","status-publish","format-standard","hentry","category-laenderspiele"],"_links":{"self":[{"href":"https:\/\/kommentatorenblog.de\/index.php?rest_route=\/wp\/v2\/posts\/15195","targetHints":{"allow":["GET"]}}],"collection":[{"href":"https:\/\/kommentatorenblog.de\/index.php?rest_route=\/wp\/v2\/posts"}],"about":[{"href":"https:\/\/kommentatorenblog.de\/index.php?rest_route=\/wp\/v2\/types\/post"}],"author":[{"embeddable":true,"href":"https:\/\/kommentatorenblog.de\/index.php?rest_route=\/wp\/v2\/users\/5"}],"replies":[{"embeddable":true,"href":"https:\/\/kommentatorenblog.de\/index.php?rest_route=%2Fwp%2Fv2%2Fcomments&post=15195"}],"version-history":[{"count":4,"href":"https:\/\/kommentatorenblog.de\/index.php?rest_route=\/wp\/v2\/posts\/15195\/revisions"}],"predecessor-version":[{"id":15204,"href":"https:\/\/kommentatorenblog.de\/index.php?rest_route=\/wp\/v2\/posts\/15195\/revisions\/15204"}],"wp:attachment":[{"href":"https:\/\/kommentatorenblog.de\/index.php?rest_route=%2Fwp%2Fv2%2Fmedia&parent=15195"}],"wp:term":[{"taxonomy":"category","embeddable":true,"href":"https:\/\/kommentatorenblog.de\/index.php?rest_route=%2Fwp%2Fv2%2Fcategories&post=15195"},{"taxonomy":"post_tag","embeddable":true,"href":"https:\/\/kommentatorenblog.de\/index.php?rest_route=%2Fwp%2Fv2%2Ftags&post=15195"}],"curies":[{"name":"wp","href":"https:\/\/api.w.org\/{rel}","templated":true}]}}