{"id":15243,"date":"2023-07-24T18:25:05","date_gmt":"2023-07-24T16:25:05","guid":{"rendered":"http:\/\/kommentatorenblog.de\/?p=15243"},"modified":"2023-07-24T19:47:26","modified_gmt":"2023-07-24T17:47:26","slug":"1351-2-spieltag-der-wm-und-ein-blick-zur-gelben-filzkugel","status":"publish","type":"post","link":"https:\/\/kommentatorenblog.de\/?p=15243","title":{"rendered":"1351 &#8211; 2.Spieltag der WM und ein Blick zur gelben Filzkugel"},"content":{"rendered":"\n<p>N&#8217;Abend allerseits,<\/p>\n\n\n\n<p>der erste Spieltag der WM ist schon wieder fast vorbei. Eine Partie (Kolumbien gegen S\u00fcdkorea) steht noch an und l\u00e4uft in der Nacht von Montag auf Dienstag im Sportschau-Livestream. Ansonsten f\u00e4llt auf, dass es wahnsinnig viele enge Spiele gibt. So gab es bereits am Auftaktspieltag &#8222;nur&#8220; 1-0 Siege Gastgeberinnen aus Australien und Neuseeland und bspw. auch die Euromeisterinnen aus England taten sich durchaus schwer. M\u00f6glicherweise ist auch das ein Zeichen f\u00fcr die Weiterentwicklung des Frauenfu\u00dfballs. Es gibt nicht mehr die sogenannten &#8222;Freak-Ergebnisse&#8220; wie ein 13-0 der USA gegen Thailand bei der letzten WM im Jahr 2019. Quotentechnisch zeigt sich durchaus auch ein Anstieg, aber ein klares Fazit wage ich noch nicht, da weder die Ansto\u00dfzeiten hierzulande arbeitnehmerfreundlich sind, noch zum Zeitpunkt, an dem ich diesen Beitrag schreibe, bereits bekannt ist, wie die Quoten des ersten Spiel der deutschen Nationalmannschaft so aussehen. Ansonsten sei noch die Neuigkeit zu erw\u00e4hnen (in den Kommentaren hatte ich das ja bereits getan), dass Nia K\u00fcnzer die ARD nach der WM verlassen wird &#8211; weitere Hintergr\u00fcnde dazu gibt es <a href=\"https:\/\/www.t-online.de\/sport\/fussball\/frauenfussball\/id_100210214\/nia-kuenzer-hoert-nach-frauen-wm-2023-als-tv-expertin-der-ard-auf.html\" target=\"_blank\" rel=\"noreferrer noopener\">hier<\/a>. <\/p>\n\n\n\n<p>Bevor wir allerdings zu den Ansetzungen des 2.Spieltags komme, will ich aber noch &#8211; rund um diese Jahreszeit mache ich das ja momentan h\u00e4ufiger hier im Blog &#8211; auf den Tennissport zu sprechen kommen. Hier will ich einfach ein gro\u00dfes Kompliment an die Sky-Crew aussprechen, die Wimbledon wieder einmal auf eine tolle Art und Weise pr\u00e4sentiert haben. Ob Patrik K\u00fchnen an der Seite von Yannick Erkenbrecher oder Katharina Kleinfeldt (die \u00fcbrigens Sky in Richtung SPORT1 verl\u00e4sst) im Studio in London, Hartmut von Kameke und Moritz Lang (auch er h\u00f6rt bei Sky als Festangestellter nach 11 Jahren auf) auf der Anlage oder das gro\u00dfe Kommentatorenteam bestehend aus Stefan Hempel, Marcel Meinert, Paul H\u00e4user, Roland Evers, Kai Dittmann, Markus Gaupp, Hannes Herrmann, Jonas Friedrich, Jaron Steiner, Markus G\u00f6tz, Philipp Langosz, Thomas Wagner und Julian Jander &#8211; das komplette Team hat wirklich gut abgeliefert. Im Zuge des Tennissports gab es aber auch eine zumindest f\u00fcr mich weniger positive Nachricht. Die US Open werden ab diesem Jahr nicht mehr im FreeTV bei Eurosport laufen, sondern laufen jetzt erstmal bis einschlie\u00dflich 2027 bei Sportdeutschland.TV. Aus dem Fu\u00dfball bin ich es ja schon gewohnt, dass man sehr viele Anbieter braucht um alles zu sehen, aber beim Tennis hatte man eigentlich schon seit vielen Jahren die Verl\u00e4sslichkeit, dass die Australian Open, Roland Garros und die US Open bei Eurosport laufen und Wimbledon bei Sky l\u00e4uft, man also nur zwei Anbieter braucht. Nun ist die \u00c4ra also vorbei und zumindest ich stelle mir die Frage, ob ich nach Sky, DAZN, Magenta Sport, RTL+, Sportdigital FUSSBALL, Amazon Prime, ab August DYN noch mehr Abos haben will&#8230;..<\/p>\n\n\n\n<p>Harter Cut, jetzt gehts wieder zur Weltmeisterschaft und fast allen Ansetzungen des 2.Spieltags!<\/p>\n\n\n\n<hr class=\"wp-block-separator\"\/>\n\n\n\n<p><strong><em>Die Ansetzungen vom 25. Juli bis zum 29. Juli 2<\/em><\/strong><em><strong>023<\/strong><\/em><\/p>\n\n\n\n<hr class=\"wp-block-separator\"\/>\n\n\n\n<p><strong>Weltmeisterschaft 2023, 01. Spieltag<\/strong><\/p>\n\n\n\n<p><span style=\"text-decoration: underline;\">Dienstag, 25. Juli 2023, ab 03.50Uhr (sportschau.de)<\/span><\/p>\n\n\n\n<p><strong><em>Kolumbien \u2013 S\u00fcdkorea (04.00 Uhr)<\/em><\/strong><\/p>\n\n\n\n<p><img loading=\"lazy\" decoding=\"async\" width=\"10\" height=\"21\" class=\"wp-image-3656\" style=\"width: 10px;\" src=\"http:\/\/kommentatorenblog.de\/wp-content\/uploads\/2020\/09\/shure-55sh-ii-e1601485394796.jpg\" alt=\"\" srcset=\"https:\/\/kommentatorenblog.de\/wp-content\/uploads\/2020\/09\/shure-55sh-ii-e1601485394796.jpg 415w, https:\/\/kommentatorenblog.de\/wp-content\/uploads\/2020\/09\/shure-55sh-ii-e1601485394796-142x300.jpg 142w\" sizes=\"auto, (max-width: 10px) 100vw, 10px\" \/> Jan Neumann<\/p>\n\n\n\n<hr class=\"wp-block-separator\"\/>\n\n\n\n<p><strong>Weltmeisterschaft 2023, 02. Spieltag<\/strong><\/p>\n\n\n\n<p><span style=\"text-decoration: underline;\">Dienstag, 25. Juli 2023, ab 07.03 Uhr (ARD)<\/span><\/p>\n\n\n\n<p><strong><em>Neuseeland \u2013 Philippinen (07.30 Uhr)<\/em><\/strong><\/p>\n\n\n\n<p><img loading=\"lazy\" decoding=\"async\" width=\"10\" height=\"21\" class=\"wp-image-3656\" style=\"width: 10px;\" src=\"http:\/\/kommentatorenblog.de\/wp-content\/uploads\/2020\/09\/shure-55sh-ii-e1601485394796.jpg\" alt=\"\" srcset=\"https:\/\/kommentatorenblog.de\/wp-content\/uploads\/2020\/09\/shure-55sh-ii-e1601485394796.jpg 415w, https:\/\/kommentatorenblog.de\/wp-content\/uploads\/2020\/09\/shure-55sh-ii-e1601485394796-142x300.jpg 142w\" sizes=\"auto, (max-width: 10px) 100vw, 10px\" \/> Christina Graf<\/p>\n\n\n\n<p><span style=\"text-decoration: underline;\">ab 09.30 Uhr (ARD)<\/span><\/p>\n\n\n\n<p><strong><em>Schweiz \u2013 Norwegen (10.00 Uhr)<\/em><\/strong><\/p>\n\n\n\n<p><img loading=\"lazy\" decoding=\"async\" width=\"10\" height=\"21\" class=\"wp-image-3656\" style=\"width: 10px;\" src=\"http:\/\/kommentatorenblog.de\/wp-content\/uploads\/2020\/09\/shure-55sh-ii-e1601485394796.jpg\" alt=\"\" srcset=\"https:\/\/kommentatorenblog.de\/wp-content\/uploads\/2020\/09\/shure-55sh-ii-e1601485394796.jpg 415w, https:\/\/kommentatorenblog.de\/wp-content\/uploads\/2020\/09\/shure-55sh-ii-e1601485394796-142x300.jpg 142w\" sizes=\"auto, (max-width: 10px) 100vw, 10px\" \/> Stephanie Baczyk<\/p>\n\n\n\n<p>Moderation: Claus Lufen, Expertin: Nia K\u00fcnzer<\/p>\n\n\n\n<p><span style=\"text-decoration: underline;\">Mittwoch, 26. Juli 2023, ab 06.50 Uhr (sportstudio.de)<\/span><\/p>\n\n\n\n<p><strong><em>Japan \u2013 Costa-Rica (07.00 Uhr)<\/em><\/strong><\/p>\n\n\n\n<p><img loading=\"lazy\" decoding=\"async\" width=\"10\" height=\"21\" class=\"wp-image-3656\" style=\"width: 10px;\" src=\"http:\/\/kommentatorenblog.de\/wp-content\/uploads\/2020\/09\/shure-55sh-ii-e1601485394796.jpg\" alt=\"\" srcset=\"https:\/\/kommentatorenblog.de\/wp-content\/uploads\/2020\/09\/shure-55sh-ii-e1601485394796.jpg 415w, https:\/\/kommentatorenblog.de\/wp-content\/uploads\/2020\/09\/shure-55sh-ii-e1601485394796-142x300.jpg 142w\" sizes=\"auto, (max-width: 10px) 100vw, 10px\" \/> Oliver Schmidt<\/p>\n\n\n\n<p><span style=\"text-decoration: underline;\">ab 09.00 Uhr (ZDF)<\/span><\/p>\n\n\n\n<p><strong><em>Spanien \u2013 Sambia (09.30 Uhr)<\/em><\/strong><\/p>\n\n\n\n<p><img loading=\"lazy\" decoding=\"async\" width=\"10\" height=\"21\" class=\"wp-image-3656\" style=\"width: 10px;\" src=\"http:\/\/kommentatorenblog.de\/wp-content\/uploads\/2020\/09\/shure-55sh-ii-e1601485394796.jpg\" alt=\"\" srcset=\"https:\/\/kommentatorenblog.de\/wp-content\/uploads\/2020\/09\/shure-55sh-ii-e1601485394796.jpg 415w, https:\/\/kommentatorenblog.de\/wp-content\/uploads\/2020\/09\/shure-55sh-ii-e1601485394796-142x300.jpg 142w\" sizes=\"auto, (max-width: 10px) 100vw, 10px\" \/> Claudia Neumann<\/p>\n\n\n\n<p><span style=\"text-decoration: underline;\">ab 13.20 Uhr (ZDF)<\/span><\/p>\n\n\n\n<p><strong><em>Kanada \u2013 Irland (14.00 Uhr)<\/em><\/strong><\/p>\n\n\n\n<p><img loading=\"lazy\" decoding=\"async\" width=\"10\" height=\"21\" class=\"wp-image-3656\" style=\"width: 10px;\" src=\"http:\/\/kommentatorenblog.de\/wp-content\/uploads\/2020\/09\/shure-55sh-ii-e1601485394796.jpg\" alt=\"\" srcset=\"https:\/\/kommentatorenblog.de\/wp-content\/uploads\/2020\/09\/shure-55sh-ii-e1601485394796.jpg 415w, https:\/\/kommentatorenblog.de\/wp-content\/uploads\/2020\/09\/shure-55sh-ii-e1601485394796-142x300.jpg 142w\" sizes=\"auto, (max-width: 10px) 100vw, 10px\" \/> Norbert Galeske<\/p>\n\n\n\n<p>Moderation: Sven Voss, Expertin: Kathrin Lehmann<\/p>\n\n\n\n<p><span style=\"text-decoration: underline;\">Donnerstag, 27. Juli 2023, ab 02.50 Uhr (sportstudio.de)<\/span><\/p>\n\n\n\n<p><strong><em>USA \u2013 Niederlande (03.00 Uhr)<\/em><\/strong><\/p>\n\n\n\n<p><img loading=\"lazy\" decoding=\"async\" width=\"10\" height=\"21\" class=\"wp-image-3656\" style=\"width: 10px;\" src=\"http:\/\/kommentatorenblog.de\/wp-content\/uploads\/2020\/09\/shure-55sh-ii-e1601485394796.jpg\" alt=\"\" srcset=\"https:\/\/kommentatorenblog.de\/wp-content\/uploads\/2020\/09\/shure-55sh-ii-e1601485394796.jpg 415w, https:\/\/kommentatorenblog.de\/wp-content\/uploads\/2020\/09\/shure-55sh-ii-e1601485394796-142x300.jpg 142w\" sizes=\"auto, (max-width: 10px) 100vw, 10px\" \/> Oliver Schmidt<\/p>\n\n\n\n<p><span style=\"text-decoration: underline;\">ab 09.05 Uhr (ZDF)<\/span><\/p>\n\n\n\n<p><strong><em>Portugal \u2013 Vietnam (09.30 Uhr)<\/em><\/strong><\/p>\n\n\n\n<p><img loading=\"lazy\" decoding=\"async\" width=\"10\" height=\"21\" class=\"wp-image-3656\" style=\"width: 10px;\" src=\"http:\/\/kommentatorenblog.de\/wp-content\/uploads\/2020\/09\/shure-55sh-ii-e1601485394796.jpg\" alt=\"\" srcset=\"https:\/\/kommentatorenblog.de\/wp-content\/uploads\/2020\/09\/shure-55sh-ii-e1601485394796.jpg 415w, https:\/\/kommentatorenblog.de\/wp-content\/uploads\/2020\/09\/shure-55sh-ii-e1601485394796-142x300.jpg 142w\" sizes=\"auto, (max-width: 10px) 100vw, 10px\" \/> Norbert Galeske<\/p>\n\n\n\n<p><span style=\"text-decoration: underline;\">ab 11.30 Uhr (ZDF)<\/span><\/p>\n\n\n\n<p><strong><em>Australien \u2013 Nigeria (12.00 Uhr)<\/em><\/strong><\/p>\n\n\n\n<p><img loading=\"lazy\" decoding=\"async\" width=\"10\" height=\"21\" class=\"wp-image-3656\" style=\"width: 10px;\" src=\"http:\/\/kommentatorenblog.de\/wp-content\/uploads\/2020\/09\/shure-55sh-ii-e1601485394796.jpg\" alt=\"\" srcset=\"https:\/\/kommentatorenblog.de\/wp-content\/uploads\/2020\/09\/shure-55sh-ii-e1601485394796.jpg 415w, https:\/\/kommentatorenblog.de\/wp-content\/uploads\/2020\/09\/shure-55sh-ii-e1601485394796-142x300.jpg 142w\" sizes=\"auto, (max-width: 10px) 100vw, 10px\" \/> Claudia Neumann<\/p>\n\n\n\n<p>Moderation: Sven Voss, Expertin: Kathrin Lehmann<\/p>\n\n\n\n<p><span style=\"text-decoration: underline;\">Freitag, 28. Juli 2023, ab 01.50 Uhr (sportschau.de)<\/span><\/p>\n\n\n\n<p><strong><em>Argentinien \u2013 S\u00fcdafrika (02.00 Uhr)<\/em><\/strong><\/p>\n\n\n\n<p><img loading=\"lazy\" decoding=\"async\" width=\"10\" height=\"21\" class=\"wp-image-3656\" style=\"width: 10px;\" src=\"http:\/\/kommentatorenblog.de\/wp-content\/uploads\/2020\/09\/shure-55sh-ii-e1601485394796.jpg\" alt=\"\" srcset=\"https:\/\/kommentatorenblog.de\/wp-content\/uploads\/2020\/09\/shure-55sh-ii-e1601485394796.jpg 415w, https:\/\/kommentatorenblog.de\/wp-content\/uploads\/2020\/09\/shure-55sh-ii-e1601485394796-142x300.jpg 142w\" sizes=\"auto, (max-width: 10px) 100vw, 10px\" \/> Jan Neumannn<\/p>\n\n\n\n<p><span style=\"text-decoration: underline;\">ab 10.00 Uhr (ARD)<\/span><\/p>\n\n\n\n<p><strong><em>England \u2013 D\u00e4nemark (10.30 Uhr)<\/em><\/strong><\/p>\n\n\n\n<p><img loading=\"lazy\" decoding=\"async\" width=\"10\" height=\"21\" class=\"wp-image-3656\" style=\"width: 10px;\" src=\"http:\/\/kommentatorenblog.de\/wp-content\/uploads\/2020\/09\/shure-55sh-ii-e1601485394796.jpg\" alt=\"\" srcset=\"https:\/\/kommentatorenblog.de\/wp-content\/uploads\/2020\/09\/shure-55sh-ii-e1601485394796.jpg 415w, https:\/\/kommentatorenblog.de\/wp-content\/uploads\/2020\/09\/shure-55sh-ii-e1601485394796-142x300.jpg 142w\" sizes=\"auto, (max-width: 10px) 100vw, 10px\" \/> Bernd Schmelzer<\/p>\n\n\n\n<p><span style=\"text-decoration: underline;\">ab 12.30 Uhr (ARD)<\/span><\/p>\n\n\n\n<p><strong><em>China \u2013 Haiti (13.00 Uhr)<\/em><\/strong><\/p>\n\n\n\n<p><img loading=\"lazy\" decoding=\"async\" width=\"10\" height=\"21\" class=\"wp-image-3656\" style=\"width: 10px;\" src=\"http:\/\/kommentatorenblog.de\/wp-content\/uploads\/2020\/09\/shure-55sh-ii-e1601485394796.jpg\" alt=\"\" srcset=\"https:\/\/kommentatorenblog.de\/wp-content\/uploads\/2020\/09\/shure-55sh-ii-e1601485394796.jpg 415w, https:\/\/kommentatorenblog.de\/wp-content\/uploads\/2020\/09\/shure-55sh-ii-e1601485394796-142x300.jpg 142w\" sizes=\"auto, (max-width: 10px) 100vw, 10px\" \/> Stephanie Baczky<\/p>\n\n\n\n<p>Moderation: Claus Lufen, Expertin: Nia K\u00fcnzer<\/p>\n\n\n\n<p><span style=\"text-decoration: underline;\">Samstag, 29. Juli 2023, ab 09.05 Uhr (ZDF)<\/span><\/p>\n\n\n\n<p><strong><em>Schweiz \u2013 Italien (09.30 Uhr)<\/em><\/strong><\/p>\n\n\n\n<p><img loading=\"lazy\" decoding=\"async\" width=\"10\" height=\"21\" class=\"wp-image-3656\" style=\"width: 10px;\" src=\"http:\/\/kommentatorenblog.de\/wp-content\/uploads\/2020\/09\/shure-55sh-ii-e1601485394796.jpg\" alt=\"\" srcset=\"https:\/\/kommentatorenblog.de\/wp-content\/uploads\/2020\/09\/shure-55sh-ii-e1601485394796.jpg 415w, https:\/\/kommentatorenblog.de\/wp-content\/uploads\/2020\/09\/shure-55sh-ii-e1601485394796-142x300.jpg 142w\" sizes=\"auto, (max-width: 10px) 100vw, 10px\" \/> Norbert Galeske<\/p>\n\n\n\n<p><span style=\"text-decoration: underline;\">ab 11.30 Uhr (ZDF)<\/span><\/p>\n\n\n\n<p><strong><em>Frankreich \u2013 Brasilien (12.00 Uhr)<\/em><\/strong><\/p>\n\n\n\n<p><img loading=\"lazy\" decoding=\"async\" width=\"10\" height=\"21\" class=\"wp-image-3656\" style=\"width: 10px;\" src=\"http:\/\/kommentatorenblog.de\/wp-content\/uploads\/2020\/09\/shure-55sh-ii-e1601485394796.jpg\" alt=\"\" srcset=\"https:\/\/kommentatorenblog.de\/wp-content\/uploads\/2020\/09\/shure-55sh-ii-e1601485394796.jpg 415w, https:\/\/kommentatorenblog.de\/wp-content\/uploads\/2020\/09\/shure-55sh-ii-e1601485394796-142x300.jpg 142w\" sizes=\"auto, (max-width: 10px) 100vw, 10px\" \/> Claudia Neumann<\/p>\n\n\n\n<p><span style=\"text-decoration: underline;\">ab 14.00 Uhr (ZDF)<\/span><\/p>\n\n\n\n<p><strong><em>Panama \u2013 Jamaika (14.30 Uhr)<\/em><\/strong><\/p>\n\n\n\n<p><img loading=\"lazy\" decoding=\"async\" width=\"10\" height=\"21\" class=\"wp-image-3656\" style=\"width: 10px;\" src=\"http:\/\/kommentatorenblog.de\/wp-content\/uploads\/2020\/09\/shure-55sh-ii-e1601485394796.jpg\" alt=\"\" srcset=\"https:\/\/kommentatorenblog.de\/wp-content\/uploads\/2020\/09\/shure-55sh-ii-e1601485394796.jpg 415w, https:\/\/kommentatorenblog.de\/wp-content\/uploads\/2020\/09\/shure-55sh-ii-e1601485394796-142x300.jpg 142w\" sizes=\"auto, (max-width: 10px) 100vw, 10px\" \/> Martin Schneider<\/p>\n\n\n\n<p>Moderation: Sven Voss, Expertin: Kathrin Lehmann<\/p>\n\n\n\n<hr class=\"wp-block-separator\"\/>\n\n\n\n<p><strong>Vorbereitungsturnier (Sky)<\/strong><\/p>\n\n\n\n<p><span style=\"text-decoration: underline;\"><span style=\"text-decoration: underline;\">Samstag, 29. Juli 2023<\/span><\/span><\/p>\n\n\n\n<p><strong><em>Borussia M\u00f6nchengladbach \u2013 TSV 1860 M\u00fcnchen (15.00 Uhr)<\/em><\/strong><\/p>\n\n\n\n<p><img loading=\"lazy\" decoding=\"async\" width=\"10\" height=\"21\" class=\"wp-image-3656\" style=\"width: 10px;\" src=\"http:\/\/kommentatorenblog.de\/wp-content\/uploads\/2020\/09\/shure-55sh-ii-e1601485394796.jpg\" alt=\"\" srcset=\"https:\/\/kommentatorenblog.de\/wp-content\/uploads\/2020\/09\/shure-55sh-ii-e1601485394796.jpg 415w, https:\/\/kommentatorenblog.de\/wp-content\/uploads\/2020\/09\/shure-55sh-ii-e1601485394796-142x300.jpg 142w\" sizes=\"auto, (max-width: 10px) 100vw, 10px\" \/> Joachim Hebel<\/p>\n\n\n\n<p><strong><em>VfB Stuttgart \u2013 Borussia M\u00f6nchengladbach (16.15 Uhr)<\/em><\/strong><\/p>\n\n\n\n<p><img loading=\"lazy\" decoding=\"async\" width=\"10\" height=\"21\" class=\"wp-image-3656\" style=\"width: 10px;\" src=\"http:\/\/kommentatorenblog.de\/wp-content\/uploads\/2020\/09\/shure-55sh-ii-e1601485394796.jpg\" alt=\"\" srcset=\"https:\/\/kommentatorenblog.de\/wp-content\/uploads\/2020\/09\/shure-55sh-ii-e1601485394796.jpg 415w, https:\/\/kommentatorenblog.de\/wp-content\/uploads\/2020\/09\/shure-55sh-ii-e1601485394796-142x300.jpg 142w\" sizes=\"auto, (max-width: 10px) 100vw, 10px\" \/> Martin Weinberger<\/p>\n\n\n\n<p><strong><em>TSV 1860 M\u00fcnchen \u2013 VfB Stuttgart (17.30 Uhr)<\/em><\/strong><\/p>\n\n\n\n<p><img loading=\"lazy\" decoding=\"async\" width=\"10\" height=\"21\" class=\"wp-image-3656\" style=\"width: 10px;\" src=\"http:\/\/kommentatorenblog.de\/wp-content\/uploads\/2020\/09\/shure-55sh-ii-e1601485394796.jpg\" alt=\"\" srcset=\"https:\/\/kommentatorenblog.de\/wp-content\/uploads\/2020\/09\/shure-55sh-ii-e1601485394796.jpg 415w, https:\/\/kommentatorenblog.de\/wp-content\/uploads\/2020\/09\/shure-55sh-ii-e1601485394796-142x300.jpg 142w\" sizes=\"auto, (max-width: 10px) 100vw, 10px\" \/> Joachim Hebel<\/p>\n\n\n\n<p>Field-Reporter: Torben Hoffmann<\/p>\n\n\n\n<hr class=\"wp-block-separator\"\/>\n\n\n\n<p><strong>Testspiele<\/strong><\/p>\n\n\n\n<p><span style=\"text-decoration: underline;\"><span style=\"text-decoration: underline;\">Mittwoch, 26. Juli 2023<\/span><\/span><\/p>\n\n\n\n<p><strong><em>FC Bayern M\u00fcnchen \u2013 Manchester City (12.30 Uhr)<\/em><\/strong><\/p>\n\n\n\n<p>Sky: <img loading=\"lazy\" decoding=\"async\" width=\"10\" height=\"21\" class=\"wp-image-3656\" style=\"width: 10px;\" src=\"http:\/\/kommentatorenblog.de\/wp-content\/uploads\/2020\/09\/shure-55sh-ii-e1601485394796.jpg\" alt=\"\" srcset=\"https:\/\/kommentatorenblog.de\/wp-content\/uploads\/2020\/09\/shure-55sh-ii-e1601485394796.jpg 415w, https:\/\/kommentatorenblog.de\/wp-content\/uploads\/2020\/09\/shure-55sh-ii-e1601485394796-142x300.jpg 142w\" sizes=\"auto, (max-width: 10px) 100vw, 10px\" \/> Dominik M\u00fcller, Field-Reporter: Florian Plettenberg<\/p>\n\n\n\n<p>DAZN: <img loading=\"lazy\" decoding=\"async\" width=\"10\" height=\"21\" class=\"wp-image-3656\" style=\"width: 10px;\" src=\"http:\/\/kommentatorenblog.de\/wp-content\/uploads\/2020\/09\/shure-55sh-ii-e1601485394796.jpg\" alt=\"\" srcset=\"https:\/\/kommentatorenblog.de\/wp-content\/uploads\/2020\/09\/shure-55sh-ii-e1601485394796.jpg 415w, https:\/\/kommentatorenblog.de\/wp-content\/uploads\/2020\/09\/shure-55sh-ii-e1601485394796-142x300.jpg 142w\" sizes=\"auto, (max-width: 10px) 100vw, 10px\" \/> Mario Rieker<\/p>\n\n\n\n<p>RTL: <img loading=\"lazy\" decoding=\"async\" width=\"10\" height=\"21\" class=\"wp-image-3656\" style=\"width: 10px;\" src=\"http:\/\/kommentatorenblog.de\/wp-content\/uploads\/2020\/09\/shure-55sh-ii-e1601485394796.jpg\" alt=\"\" srcset=\"https:\/\/kommentatorenblog.de\/wp-content\/uploads\/2020\/09\/shure-55sh-ii-e1601485394796.jpg 415w, https:\/\/kommentatorenblog.de\/wp-content\/uploads\/2020\/09\/shure-55sh-ii-e1601485394796-142x300.jpg 142w\" sizes=\"auto, (max-width: 10px) 100vw, 10px\" \/> tba<\/p>\n\n\n\n<p><span style=\"text-decoration: underline;\">Freitag, 28<\/span>.<span style=\"text-decoration: underline;\"><span style=\"text-decoration: underline;\"> Juli 2023<\/span><\/span><\/p>\n\n\n\n<p><strong><em>San Diego Loyal \u2013 Borussia Dortmund (04.30 Uhr)<\/em><\/strong><\/p>\n\n\n\n<p>Sky: <img loading=\"lazy\" decoding=\"async\" width=\"10\" height=\"21\" class=\"wp-image-3656\" style=\"width: 10px;\" src=\"http:\/\/kommentatorenblog.de\/wp-content\/uploads\/2020\/09\/shure-55sh-ii-e1601485394796.jpg\" alt=\"\" srcset=\"https:\/\/kommentatorenblog.de\/wp-content\/uploads\/2020\/09\/shure-55sh-ii-e1601485394796.jpg 415w, https:\/\/kommentatorenblog.de\/wp-content\/uploads\/2020\/09\/shure-55sh-ii-e1601485394796-142x300.jpg 142w\" sizes=\"auto, (max-width: 10px) 100vw, 10px\" \/> Jonas Friedrich, Field-Reporter: Marlon Irlbacher<\/p>\n\n\n\n<p>DAZN: <img loading=\"lazy\" decoding=\"async\" width=\"10\" height=\"21\" class=\"wp-image-3656\" style=\"width: 10px;\" src=\"http:\/\/kommentatorenblog.de\/wp-content\/uploads\/2020\/09\/shure-55sh-ii-e1601485394796.jpg\" alt=\"\" srcset=\"https:\/\/kommentatorenblog.de\/wp-content\/uploads\/2020\/09\/shure-55sh-ii-e1601485394796.jpg 415w, https:\/\/kommentatorenblog.de\/wp-content\/uploads\/2020\/09\/shure-55sh-ii-e1601485394796-142x300.jpg 142w\" sizes=\"auto, (max-width: 10px) 100vw, 10px\" \/> Tobi Fischbeck<\/p>\n\n\n\n<p><span style=\"text-decoration: underline;\"><span style=\"text-decoration: underline;\">Samstag, 29. Juli 2023<\/span><\/span><\/p>\n\n\n\n<p><strong><em>FC Bayern M\u00fcnchen \u2013 Kawasaki Frontale (12.00 Uhr)<\/em><\/strong><\/p>\n\n\n\n<p>Sky: <img loading=\"lazy\" decoding=\"async\" width=\"10\" height=\"21\" class=\"wp-image-3656\" style=\"width: 10px;\" src=\"http:\/\/kommentatorenblog.de\/wp-content\/uploads\/2020\/09\/shure-55sh-ii-e1601485394796.jpg\" alt=\"\" srcset=\"https:\/\/kommentatorenblog.de\/wp-content\/uploads\/2020\/09\/shure-55sh-ii-e1601485394796.jpg 415w, https:\/\/kommentatorenblog.de\/wp-content\/uploads\/2020\/09\/shure-55sh-ii-e1601485394796-142x300.jpg 142w\" sizes=\"auto, (max-width: 10px) 100vw, 10px\" \/> Timo Sch\u00e4fers, Field-Reporter: Florian Plettenberg<\/p>\n\n\n\n<p>DAZN: <img loading=\"lazy\" decoding=\"async\" width=\"10\" height=\"21\" class=\"wp-image-3656\" style=\"width: 10px;\" src=\"http:\/\/kommentatorenblog.de\/wp-content\/uploads\/2020\/09\/shure-55sh-ii-e1601485394796.jpg\" alt=\"\" srcset=\"https:\/\/kommentatorenblog.de\/wp-content\/uploads\/2020\/09\/shure-55sh-ii-e1601485394796.jpg 415w, https:\/\/kommentatorenblog.de\/wp-content\/uploads\/2020\/09\/shure-55sh-ii-e1601485394796-142x300.jpg 142w\" sizes=\"auto, (max-width: 10px) 100vw, 10px\" \/> Guido H\u00fcsgen<\/p>\n\n\n\n<p>RTL: <img loading=\"lazy\" decoding=\"async\" width=\"10\" height=\"21\" class=\"wp-image-3656\" style=\"width: 10px;\" src=\"http:\/\/kommentatorenblog.de\/wp-content\/uploads\/2020\/09\/shure-55sh-ii-e1601485394796.jpg\" alt=\"\" srcset=\"https:\/\/kommentatorenblog.de\/wp-content\/uploads\/2020\/09\/shure-55sh-ii-e1601485394796.jpg 415w, https:\/\/kommentatorenblog.de\/wp-content\/uploads\/2020\/09\/shure-55sh-ii-e1601485394796-142x300.jpg 142w\" sizes=\"auto, (max-width: 10px) 100vw, 10px\" \/> tba<\/p>\n\n\n\n<p><span style=\"text-decoration: underline;\"><span style=\"text-decoration: underline;\">Sonntag, 30. Juli 2023<\/span><\/span><\/p>\n\n\n\n<p><strong><em>FC Liverpool \u2013 Leicester City (11.00 Uhr)<\/em><\/strong><\/p>\n\n\n\n<p>Sky: <img loading=\"lazy\" decoding=\"async\" width=\"10\" height=\"21\" class=\"wp-image-3656\" style=\"width: 10px;\" src=\"http:\/\/kommentatorenblog.de\/wp-content\/uploads\/2020\/09\/shure-55sh-ii-e1601485394796.jpg\" alt=\"\" srcset=\"https:\/\/kommentatorenblog.de\/wp-content\/uploads\/2020\/09\/shure-55sh-ii-e1601485394796.jpg 415w, https:\/\/kommentatorenblog.de\/wp-content\/uploads\/2020\/09\/shure-55sh-ii-e1601485394796-142x300.jpg 142w\" sizes=\"auto, (max-width: 10px) 100vw, 10px\" \/> Joachim Hebel<\/p>\n\n\n\n<p><strong><em>Manchester City \u2013 Atl\u00e9tico Madrid (13.00 Uhr)<\/em><\/strong><\/p>\n\n\n\n<p>Sky: <img loading=\"lazy\" decoding=\"async\" width=\"10\" height=\"21\" class=\"wp-image-3656\" style=\"width: 10px;\" src=\"http:\/\/kommentatorenblog.de\/wp-content\/uploads\/2020\/09\/shure-55sh-ii-e1601485394796.jpg\" alt=\"\" srcset=\"https:\/\/kommentatorenblog.de\/wp-content\/uploads\/2020\/09\/shure-55sh-ii-e1601485394796.jpg 415w, https:\/\/kommentatorenblog.de\/wp-content\/uploads\/2020\/09\/shure-55sh-ii-e1601485394796-142x300.jpg 142w\" sizes=\"auto, (max-width: 10px) 100vw, 10px\" \/> Jaron Steiner<\/p>\n\n\n\n<hr class=\"wp-block-separator\"\/>\n\n\n\n<p><strong>Die Analyse<\/strong><\/p>\n\n\n\n<p>Der erste Spieltag wird also &#8211; wie bereits im Vorwort erw\u00e4hnt &#8211; mit Kolumbien gegen S\u00fcdkorea und Jan Neumann im Sportschaustream abgeschlossen. Ab 7 Uhr startet dann die \u00dcbertragung im TV, Christina Graf k\u00fcmmert sich wie bereits am ersten Spieltag um die Gastgeberinnen aus Neuseeland. Den Deckel auf den Donnerstag macht dann Stephanie Baczyk aus Hamburg, wo nat\u00fcrlich auch Claus Lufen und Nia K\u00fcnzer durch den Tag f\u00fchren. <\/p>\n\n\n\n<p>Am Mittwoch und Donnerstag \u00fcbernimmt dann wieder das ZDF; Claudia Neumann, Norbert Galeske und Oliver Schmidt sind jeweils im Einsatz, wobei Neumann und Galeske im TV zu h\u00f6ren sind, w\u00e4hrend Oliver Schmidt die Nachtschichten im Stream \u00fcbernimmt. In Mainz sind nat\u00fcrlich Sven Voss und Kathrin Lehmann im Einsatz. Am Freitag gibt es dann u.a. Bernd Schmelzer mit England gegen D\u00e4nemark aus Australien und Claus Lufen mit Nia K\u00fcnzer aus Hamburg. <\/p>\n\n\n\n<p>Deutlich sch\u00f6ner ist der Blick auf den Samstag, acht Stunden Livestrecke im ZDF Hauptprogramm! Los gehts um 9Uhr mit Voss und Lehmann; das Duo stimmt auf die Partie zwischen Argentinien und S\u00fcdafrika mit Norbert Galeske am Mikro ein. Im Anschluss l\u00e4uft dann die Partie zwischen Frankreich und Brasilien mit Claudia Neumann am Mikro, w\u00e4hrend Martin Schneider mit seinem WM-Deb\u00fct den Deckel drauf macht.<\/p>\n\n\n\n<p>Hier geht es dann am Donnerstag weiter, da liefere ich euch nat\u00fcrlich die Ansetzungen vom zweiten Gruppenspiel der deutschen Nationalmannschaft und des 1.Spieltags der 2.Bundesliga. <\/p>\n","protected":false},"excerpt":{"rendered":"<p>N&#8217;Abend allerseits, der erste Spieltag der WM ist schon wieder fast vorbei. Eine Partie (Kolumbien gegen S\u00fcdkorea) steht noch an und l\u00e4uft in der Nacht von Montag auf Dienstag im Sportschau-Livestream. Ansonsten f\u00e4llt auf, dass es wahnsinnig viele enge Spiele gibt. So gab es bereits am Auftaktspieltag &#8222;nur&#8220; 1-0 Siege Gastgeberinnen aus Australien und Neuseeland [&hellip;]<\/p>\n","protected":false},"author":5,"featured_media":0,"comment_status":"open","ping_status":"open","sticky":false,"template":"","format":"standard","meta":{"footnotes":""},"categories":[934],"tags":[19,582,615,36,636,13,580,786,155,464,72,347,69,737,243,722,38,71,637,709,109,22,620,710,838,152,245,37],"class_list":["post-15243","post","type-post","status-publish","format-standard","hentry","category-wm-2023","tag-ard","tag-bernd-schmelzer","tag-christina-graf","tag-claudia-neumann","tag-claus-lufen","tag-dazn","tag-dominik-mueller","tag-florian-plettenberg","tag-guido-huesgen","tag-jan-neumann","tag-jaron-steiner","tag-joachim-hebel","tag-jonas-friedrich","tag-kathrin-lehmann","tag-mario-rieker","tag-marlon-irlbacher","tag-martin-schneider","tag-martin-weinberger","tag-nia-kuenzer","tag-norbert-galeske","tag-oliver-schmidt","tag-sky","tag-stephanie-baczyk","tag-sven-voss","tag-timo-schaefers","tag-tobi-fischbeck","tag-torben-hoffmann","tag-zdf"],"_links":{"self":[{"href":"https:\/\/kommentatorenblog.de\/index.php?rest_route=\/wp\/v2\/posts\/15243","targetHints":{"allow":["GET"]}}],"collection":[{"href":"https:\/\/kommentatorenblog.de\/index.php?rest_route=\/wp\/v2\/posts"}],"about":[{"href":"https:\/\/kommentatorenblog.de\/index.php?rest_route=\/wp\/v2\/types\/post"}],"author":[{"embeddable":true,"href":"https:\/\/kommentatorenblog.de\/index.php?rest_route=\/wp\/v2\/users\/5"}],"replies":[{"embeddable":true,"href":"https:\/\/kommentatorenblog.de\/index.php?rest_route=%2Fwp%2Fv2%2Fcomments&post=15243"}],"version-history":[{"count":7,"href":"https:\/\/kommentatorenblog.de\/index.php?rest_route=\/wp\/v2\/posts\/15243\/revisions"}],"predecessor-version":[{"id":15290,"href":"https:\/\/kommentatorenblog.de\/index.php?rest_route=\/wp\/v2\/posts\/15243\/revisions\/15290"}],"wp:attachment":[{"href":"https:\/\/kommentatorenblog.de\/index.php?rest_route=%2Fwp%2Fv2%2Fmedia&parent=15243"}],"wp:term":[{"taxonomy":"category","embeddable":true,"href":"https:\/\/kommentatorenblog.de\/index.php?rest_route=%2Fwp%2Fv2%2Fcategories&post=15243"},{"taxonomy":"post_tag","embeddable":true,"href":"https:\/\/kommentatorenblog.de\/index.php?rest_route=%2Fwp%2Fv2%2Ftags&post=15243"}],"curies":[{"name":"wp","href":"https:\/\/api.w.org\/{rel}","templated":true}]}}