{"id":15245,"date":"2023-07-18T09:56:02","date_gmt":"2023-07-18T07:56:02","guid":{"rendered":"http:\/\/kommentatorenblog.de\/?p=15245"},"modified":"2023-07-19T18:28:44","modified_gmt":"2023-07-19T16:28:44","slug":"1350-wm-auftakt","status":"publish","type":"post","link":"https:\/\/kommentatorenblog.de\/?p=15245","title":{"rendered":"1350 &#8211; WM Auftakt"},"content":{"rendered":"\n<p>Hallo zusammen,<\/p>\n\n\n\n<p>nach einer kleinen Sommerpause melden wir uns ab heute wieder regelm\u00e4\u00dfig und blicken zum Start nat\u00fcrlich auf die Weltmeisterschaft 2023 in Australien und Neuseeland. Lange war unklar, wer bzw. ob das Turnier \u00fcbertragen wird. Durch den Vertrag der EBU mit der FIFA konnten sich ARD und ZDF dann aber doch noch die Rechte sichern. Die Folge davon war nat\u00fcrlich eine extrem kurze Zeit (ca. 5 Wochen), f\u00fcr die finale Planung. Trotzdem werden ARD und ZDF umfassend von der Weltmeisterschaft berichten und haben die Berichterstattung auch schon mit Dokumentation um die DFB- Spielerinnen eingel\u00e4utet.<\/p>\n\n\n\n<p><strong><em>Die \u00dcbertragungen<\/em><\/strong><\/p>\n\n\n\n<p>Los geht es in der ARD am Donnerstag den 20.07 mit den beiden Er\u00f6ffnungsspielen in Neuseeland beziehungsweise Australien. Bis zum Finale (20.08 im <em>ZDF<\/em>) wird dann ein Gro\u00dfteil der Spiele im Ersten und Zweiten zu sehen sein, und alle Spiele in den Mediatheken, auf sportschau.de und sportstudio.de. Bei den meisten Spielen, welche nur im Stream gezeigt werden, handelt es sich in der Gruppenphase um Spiele in den ganz fr\u00fchen Morgenstunden, sowie um Parallelspiele am letzten Gruppenspieltag. Hier sind dann Zusammenfassungen im TV geplant. Zudem plant die ARD bei Parallelspielen die, von der FIFA erlaubten, kurzen Einblendungen der im Stream laufenden Partien. Aufgrund der wechselnden Ansto\u00dfzeiten l\u00e4sst sich nichts \u00fcber einen allgemeinen Sendungsbeginn sagen, die Spanne liegt in etwa zwischen sechs und zehn Uhr, wodurch sich ARD und ZDF meist aus dem gemeinsamen Morgenmagazin ausklinken werden. <\/p>\n\n\n\n<p><strong><em>Das Personal<\/em><\/strong><\/p>\n\n\n\n<p class=\"has-vivid-cyan-blue-color has-text-color\"><em>Das ARD- Team<\/em><\/p>\n\n\n\n<p class=\"has-black-color has-text-color\"><em>Moderation:<\/em> Claus Lufen; <em>Expertin:<\/em> Nia K\u00fcnzer<\/p>\n\n\n\n<p class=\"has-black-color has-text-color\"><em>Kommentatorinnen\/Kommentator TV:<\/em> Bernd Schmelzer, Christina Graf, Stephanie Baczyk<\/p>\n\n\n\n<p>Kommentatoren Livestream: Jan Neumann, Benedikt Brinsa<\/p>\n\n\n\n<p class=\"has-black-color has-text-color\"><em>DFB- Quartier:<\/em> Lea Wagner; <\/p>\n\n\n\n<p class=\"has-black-color has-text-color\"><em>Field- Reporter\/in: <\/em>Lea Wagner, Patrick Halatsch<\/p>\n\n\n\n<p class=\"has-luminous-vivid-orange-color has-text-color\"><em>Das ZDF- Team<\/em><\/p>\n\n\n\n<p class=\"has-black-color has-text-color\"><em>Moderation:<\/em> Sven Voss; <em>Expertinnen:<\/em> Kathrin Lehmann, Giulia Gwinn (moma\/mima), Josephine Henning, Tabea Kemme (beide vor Ort)<\/p>\n\n\n\n<p class=\"has-black-color has-text-color\"><em>Kommentatorin\/Kommtatoren TV:<\/em> Claudia Neumann, Norbert Galeske, Oliver Schmidt, Martin Schneider<\/p>\n\n\n\n<p><em>Kommentatoren Livestream:<\/em> Daniel Pinschower, Heiko Klasen<\/p>\n\n\n\n<p class=\"has-black-color has-text-color\"><em>DFB- Quartier:<\/em> Lena Kesting<\/p>\n\n\n\n<p><em>Field- Reporterin: <\/em>Franzi M\u00fcllers, Amelie Stiefvatter<\/p>\n\n\n\n<p class=\"has-vivid-cyan-blue-color has-text-color\"><em>ARD- H\u00f6rfunk<\/em>&#8211; <em>Team<\/em><\/p>\n\n\n\n<p><em>Kommentatoren- Team: <\/em>Martina Knief, Patricia Gabor, Kristoffer Klein, Marc Eschweiler, Matthias Dr\u00f6ge<\/p>\n\n\n\n<p>Sowohl ARD als auch ZDF sind mit einem kleineren Team in Australien und Neuseeland vor Ort, sind es f\u00fcr die ARD 15 Personen, werden es im ZDF 8 sein. Wie schon bei der EM 2022 wird die Moderation aus dem Studio erfolgen, die ARD sendet aus Hamburg, vom federf\u00fchrenden NDR aus, das ZDF aus Mainz. Das d\u00fcrfte nicht nur an der kurzen Planungszeit liegen, sondern auch an den gr\u00f6\u00dferen Distanzen zwischen den einzelnen Spielorten. Kommentiert wird dagegen bei einigen Spielen von vor Ort. F\u00fcr die ARD reisen Schmelzer und Graf nach Down Under, Stephanie Baczyk dagegen kommentiert, ebenso wie Brinsa und Jan Neumann, welche vorrangig im Stream im Einsatz sind, aus Hamburg. F\u00fcr das ZDF wird Claudia Neumann in den Stadien sein, und wird somit f\u00fcr das Finale und alle wichtigen Spiele gesetzt sein. Daneben kommt wenig \u00fcberraschend Norbert Galeske zum Einsatz. Des weiteren werden, wie bereits bei der Euro 2022 Oliver Schmidt und Martin Schneider Spiele kommentieren. \u00dcberraschender ist dagegen das Heiko Klasen und Daniel Pinschower ebenfalls zum Einsatz kommen. F\u00fcr Pinschower d\u00fcrfte es der erste Einsatz (seit langem?) bei einem Fu\u00dfball- Livespiel sein, Klasen war u.a. bei Olympia 21 im Einsatz.<\/p>\n\n\n\n<p>Im DFB- Quartier wechseln ARD und ZDF einmal durch, anstelle von Streso und Kast (in Mutterschutz) kommen Lena Kesting und Lea Wagner zum Einsatz.<\/p>\n\n\n\n<p><strong><em>Die Zusammenfassungen<\/em><\/strong><\/p>\n\n\n\n<p>Neben Zusammenfassungen vor\/ nach den Spielen, wird es auf sportschau.de und sportstudio.de sowie in den Mediatheken Zusammenfassungen aller Spiele geben. Auch stehen die kompletten Spiele relive zu Verf\u00fcgung. Daneben hat sich DAZN Sublizenzen von ARD und ZDF gesichert und wird ebenfalls Zusammenfassungen senden, gleiches gilt f\u00fcr Sport1.<\/p>\n\n\n\n<p><strong><em>U 19- EM <\/em><\/strong><\/p>\n\n\n\n<p>Nahezu parallel zu der WM findet auch die U 19- EM der Frauen statt. Die ersten Spiele finden am Dienstag, 18.07 statt, dann spielt u.a. auch die DFB- Auswahl. DAZN wird dabei alle Spiele live \u00fcbertragen. Bei Sport1 gibt es alle deutschen Spiele zu sehen, dazu kommen ebenfalls beide Halbfinals und das Finale.<\/p>\n\n\n\n<p><em><strong>Schwimm- WM<\/strong><\/em><\/p>\n\n\n\n<p>Parallel zur Fu\u00dfball- Weltmeisterschaft findet bereits seit vergangenem Sonntag die Schwimm- WM in Japan statt, wo Florian Wellbrock, Leonie Beck (jeweils Doppelgold) und Oliver Klement (Bronze) schon sehr erfolgreich im Freiwasser waren. Das ZDF wird die Finals im Becken streamen (Kommentator Volker Grube, Experte: Christian Keller), dazu sind an manchen Tagen auch \u00dcbertragungen im TV geplant. Die ARD wird wohl vorrangig nachrichtlich berichten, zeigte aber auch schon Zusammenfassungen der Freiwasserwettbewerbe w\u00e4hrend der Tour de France- \u00dcbertragung.<\/p>\n\n\n\n<p><strong><em>Die Ansetzungen vom 18. Juli bis zum 24. Juli 2<\/em><\/strong><em><strong>023<\/strong><\/em><\/p>\n\n\n\n<hr class=\"wp-block-separator\"\/>\n\n\n\n<p><strong>Weltmeisterschaft 2023, 01. Spieltag<\/strong><\/p>\n\n\n\n<p><span style=\"text-decoration: underline;\">Donnerstag, 20. Juli 2023, ab 08.03 Uhr (ARD)<\/span><\/p>\n\n\n\n<p><strong><em>Neuseeland &#8211; Norwegen (09.00 Uhr)<\/em><\/strong><\/p>\n\n\n\n<p><img loading=\"lazy\" decoding=\"async\" width=\"10\" height=\"21\" class=\"wp-image-3656\" style=\"width: 10px;\" src=\"http:\/\/kommentatorenblog.de\/wp-content\/uploads\/2020\/09\/shure-55sh-ii-e1601485394796.jpg\" alt=\"\" srcset=\"https:\/\/kommentatorenblog.de\/wp-content\/uploads\/2020\/09\/shure-55sh-ii-e1601485394796.jpg 415w, https:\/\/kommentatorenblog.de\/wp-content\/uploads\/2020\/09\/shure-55sh-ii-e1601485394796-142x300.jpg 142w\" sizes=\"auto, (max-width: 10px) 100vw, 10px\" \/> Christina Graf<\/p>\n\n\n\n<p><strong><em>Australien &#8211; Irland (12.00 Uhr)<\/em><\/strong><\/p>\n\n\n\n<p><img loading=\"lazy\" decoding=\"async\" width=\"10\" height=\"21\" class=\"wp-image-3656\" style=\"width: 10px;\" src=\"http:\/\/kommentatorenblog.de\/wp-content\/uploads\/2020\/09\/shure-55sh-ii-e1601485394796.jpg\" alt=\"\" srcset=\"https:\/\/kommentatorenblog.de\/wp-content\/uploads\/2020\/09\/shure-55sh-ii-e1601485394796.jpg 415w, https:\/\/kommentatorenblog.de\/wp-content\/uploads\/2020\/09\/shure-55sh-ii-e1601485394796-142x300.jpg 142w\" sizes=\"auto, (max-width: 10px) 100vw, 10px\" \/> Bernd Schmelzer<\/p>\n\n\n\n<p>Moderation: Claus Lufen, Expertin: Nia K\u00fcnzer<\/p>\n\n\n\n<p>Field- Reporter: Patrick Halatsch<\/p>\n\n\n\n<p><span style=\"text-decoration: underline;\"><span style=\"text-decoration: underline;\">Freitag, 21. Juli 2023, <\/span>ab 04.30 Uhr (sportstudio.de)<\/span><\/p>\n\n\n\n<p><strong><em>Nigeria &#8211; Kanada (04.30 Uhr)<\/em><\/strong><\/p>\n\n\n\n<p><img loading=\"lazy\" decoding=\"async\" width=\"10\" height=\"21\" class=\"wp-image-3656\" style=\"width: 10px;\" src=\"http:\/\/kommentatorenblog.de\/wp-content\/uploads\/2020\/09\/shure-55sh-ii-e1601485394796.jpg\" alt=\"\" srcset=\"https:\/\/kommentatorenblog.de\/wp-content\/uploads\/2020\/09\/shure-55sh-ii-e1601485394796.jpg 415w, https:\/\/kommentatorenblog.de\/wp-content\/uploads\/2020\/09\/shure-55sh-ii-e1601485394796-142x300.jpg 142w\" sizes=\"auto, (max-width: 10px) 100vw, 10px\" \/> Oliver Schmidt<\/p>\n\n\n\n<p><span style=\"text-decoration: underline;\">ab 06.30 Uhr (ZDF)<\/span><\/p>\n\n\n\n<p><strong><em><strong>Philippinen \u2013 Schweiz&nbsp;<\/strong> (07.00 Uhr)<\/em><\/strong><\/p>\n\n\n\n<p><img loading=\"lazy\" decoding=\"async\" width=\"10\" height=\"21\" class=\"wp-image-3656\" style=\"width: 10px;\" src=\"http:\/\/kommentatorenblog.de\/wp-content\/uploads\/2020\/09\/shure-55sh-ii-e1601485394796.jpg\" alt=\"\" srcset=\"https:\/\/kommentatorenblog.de\/wp-content\/uploads\/2020\/09\/shure-55sh-ii-e1601485394796.jpg 415w, https:\/\/kommentatorenblog.de\/wp-content\/uploads\/2020\/09\/shure-55sh-ii-e1601485394796-142x300.jpg 142w\" sizes=\"auto, (max-width: 10px) 100vw, 10px\" \/> Norbert Galeske<\/p>\n\n\n\n<p><strong><em><strong>Spanien \u2013 Costa Rica<\/strong> (09.30 Uhr)<\/em><\/strong><\/p>\n\n\n\n<p><img loading=\"lazy\" decoding=\"async\" width=\"10\" height=\"21\" class=\"wp-image-3656\" style=\"width: 10px;\" src=\"http:\/\/kommentatorenblog.de\/wp-content\/uploads\/2020\/09\/shure-55sh-ii-e1601485394796.jpg\" alt=\"\" srcset=\"https:\/\/kommentatorenblog.de\/wp-content\/uploads\/2020\/09\/shure-55sh-ii-e1601485394796.jpg 415w, https:\/\/kommentatorenblog.de\/wp-content\/uploads\/2020\/09\/shure-55sh-ii-e1601485394796-142x300.jpg 142w\" sizes=\"auto, (max-width: 10px) 100vw, 10px\" \/> Claudia Neumann<\/p>\n\n\n\n<p>Moderation: Sven Voss, Expertin: Kathrin Lehmann<\/p>\n\n\n\n<p>Field-Reporterinnen: Franzi M\u00fcllers, Amelie Stiefvatter<\/p>\n\n\n\n<p><span style=\"text-decoration: underline;\">Samstag, 22. Juli 2023, ab 03.00 Uhr (sportschau.de)<\/span><\/p>\n\n\n\n<p><strong><em>USA &#8211; Vietnam<\/em><\/strong> <strong><em>(03.00 Uhr)<\/em><\/strong><\/p>\n\n\n\n<p><img loading=\"lazy\" decoding=\"async\" width=\"10\" height=\"21\" class=\"wp-image-3656\" style=\"width: 10px;\" src=\"http:\/\/kommentatorenblog.de\/wp-content\/uploads\/2020\/09\/shure-55sh-ii-e1601485394796.jpg\" alt=\"\" srcset=\"https:\/\/kommentatorenblog.de\/wp-content\/uploads\/2020\/09\/shure-55sh-ii-e1601485394796.jpg 415w, https:\/\/kommentatorenblog.de\/wp-content\/uploads\/2020\/09\/shure-55sh-ii-e1601485394796-142x300.jpg 142w\" sizes=\"auto, (max-width: 10px) 100vw, 10px\" \/> Benedikt Brinsa<\/p>\n\n\n\n<p><span style=\"text-decoration: underline;\">ab 08.25 Uhr (ARD)<\/span><\/p>\n\n\n\n<p><strong><em>Sambia &#8211; Japan<\/em><\/strong> <strong><em> (09.00 Uhr)<\/em><\/strong><\/p>\n\n\n\n<p><img loading=\"lazy\" decoding=\"async\" width=\"10\" height=\"21\" class=\"wp-image-3656\" style=\"width: 10px;\" src=\"http:\/\/kommentatorenblog.de\/wp-content\/uploads\/2020\/09\/shure-55sh-ii-e1601485394796.jpg\" alt=\"\" srcset=\"https:\/\/kommentatorenblog.de\/wp-content\/uploads\/2020\/09\/shure-55sh-ii-e1601485394796.jpg 415w, https:\/\/kommentatorenblog.de\/wp-content\/uploads\/2020\/09\/shure-55sh-ii-e1601485394796-142x300.jpg 142w\" sizes=\"auto, (max-width: 10px) 100vw, 10px\" \/>  Stephanie Baczyk <\/p>\n\n\n\n<p><strong><em>England \u2013 Haiti (11.30 Uhr)<\/em><\/strong><\/p>\n\n\n\n<p><img loading=\"lazy\" decoding=\"async\" width=\"10\" height=\"21\" class=\"wp-image-3656\" style=\"width: 10px;\" src=\"http:\/\/kommentatorenblog.de\/wp-content\/uploads\/2020\/09\/shure-55sh-ii-e1601485394796.jpg\" alt=\"\" srcset=\"https:\/\/kommentatorenblog.de\/wp-content\/uploads\/2020\/09\/shure-55sh-ii-e1601485394796.jpg 415w, https:\/\/kommentatorenblog.de\/wp-content\/uploads\/2020\/09\/shure-55sh-ii-e1601485394796-142x300.jpg 142w\" sizes=\"auto, (max-width: 10px) 100vw, 10px\" \/> Bernd Schmelzer<\/p>\n\n\n\n<p>Moderation: Claus Lufen, Expertin: Nia K\u00fcnzer<\/p>\n\n\n\n<p><span style=\"text-decoration: underline;\"> ab 13.50 Uhr (sportschau.de)<\/span><\/p>\n\n\n\n<p><strong><em>D\u00e4nemark \u2013 Chile (14.00 Uhr)<\/em><\/strong><\/p>\n\n\n\n<p><img loading=\"lazy\" decoding=\"async\" width=\"10\" height=\"21\" class=\"wp-image-3656\" style=\"width: 10px;\" src=\"http:\/\/kommentatorenblog.de\/wp-content\/uploads\/2020\/09\/shure-55sh-ii-e1601485394796.jpg\" alt=\"\" srcset=\"https:\/\/kommentatorenblog.de\/wp-content\/uploads\/2020\/09\/shure-55sh-ii-e1601485394796.jpg 415w, https:\/\/kommentatorenblog.de\/wp-content\/uploads\/2020\/09\/shure-55sh-ii-e1601485394796-142x300.jpg 142w\" sizes=\"auto, (max-width: 10px) 100vw, 10px\" \/>  Jan Neumann<\/p>\n\n\n\n<p><span style=\"text-decoration: underline;\">Sonntag, 23. Juli 2023, ab 06.40 Uhr (ARD)<\/span><\/p>\n\n\n\n<p><strong><em>&nbsp;Schweden &#8211; S\u00fcdafrika (07.00 Uhr)<\/em><\/strong><\/p>\n\n\n\n<p><img loading=\"lazy\" decoding=\"async\" width=\"10\" height=\"21\" class=\"wp-image-3656\" style=\"width: 10px;\" src=\"http:\/\/kommentatorenblog.de\/wp-content\/uploads\/2020\/09\/shure-55sh-ii-e1601485394796.jpg\" alt=\"\" srcset=\"https:\/\/kommentatorenblog.de\/wp-content\/uploads\/2020\/09\/shure-55sh-ii-e1601485394796.jpg 415w, https:\/\/kommentatorenblog.de\/wp-content\/uploads\/2020\/09\/shure-55sh-ii-e1601485394796-142x300.jpg 142w\" sizes=\"auto, (max-width: 10px) 100vw, 10px\" \/> Christina Graf<\/p>\n\n\n\n<p>Moderation: Claus Lufen, Expertin: Nia K\u00fcnzer<\/p>\n\n\n\n<p><span style=\"text-decoration: underline;\">ab 09. 00 Uhr (sportschau.de)<\/span><\/p>\n\n\n\n<p><strong><em>Niederlande &#8211; Portugal (09.00 Uhr)<\/em><\/strong><\/p>\n\n\n\n<p><img loading=\"lazy\" decoding=\"async\" width=\"10\" height=\"21\" class=\"wp-image-3656\" style=\"width: 10px;\" src=\"http:\/\/kommentatorenblog.de\/wp-content\/uploads\/2020\/09\/shure-55sh-ii-e1601485394796.jpg\" alt=\"\" srcset=\"https:\/\/kommentatorenblog.de\/wp-content\/uploads\/2020\/09\/shure-55sh-ii-e1601485394796.jpg 415w, https:\/\/kommentatorenblog.de\/wp-content\/uploads\/2020\/09\/shure-55sh-ii-e1601485394796-142x300.jpg 142w\" sizes=\"auto, (max-width: 10px) 100vw, 10px\" \/> Stephanie Baczyk<\/p>\n\n\n\n<p><span style=\"text-decoration: underline;\">ab 11.55 Uhr (ARD)<\/span><\/p>\n\n\n\n<p><strong><em>Frankreich &#8211; Jamaika (12.00 Uhr)<\/em><\/strong><\/p>\n\n\n\n<p><img loading=\"lazy\" decoding=\"async\" width=\"10\" height=\"21\" class=\"wp-image-3656\" style=\"width: 10px;\" src=\"http:\/\/kommentatorenblog.de\/wp-content\/uploads\/2020\/09\/shure-55sh-ii-e1601485394796.jpg\" alt=\"\" srcset=\"https:\/\/kommentatorenblog.de\/wp-content\/uploads\/2020\/09\/shure-55sh-ii-e1601485394796.jpg 415w, https:\/\/kommentatorenblog.de\/wp-content\/uploads\/2020\/09\/shure-55sh-ii-e1601485394796-142x300.jpg 142w\" sizes=\"auto, (max-width: 10px) 100vw, 10px\" \/> Bernd Schmelzer<\/p>\n\n\n\n<p>Moderation: Claus Lufen, Expertin: Nia K\u00fcnzer<\/p>\n\n\n\n<p><span style=\"text-decoration: underline;\">Montag, 24. Juli 2023, ab 07.30 Uhr (ZDF)<\/span><\/p>\n\n\n\n<p><strong><em><strong>Italien \u2013&nbsp;Argentinien<\/strong> (08.00 Uhr)<\/em><\/strong><\/p>\n\n\n\n<p><img loading=\"lazy\" decoding=\"async\" width=\"10\" height=\"21\" class=\"wp-image-3656\" style=\"width: 10px;\" src=\"http:\/\/kommentatorenblog.de\/wp-content\/uploads\/2020\/09\/shure-55sh-ii-e1601485394796.jpg\" alt=\"\" srcset=\"https:\/\/kommentatorenblog.de\/wp-content\/uploads\/2020\/09\/shure-55sh-ii-e1601485394796.jpg 415w, https:\/\/kommentatorenblog.de\/wp-content\/uploads\/2020\/09\/shure-55sh-ii-e1601485394796-142x300.jpg 142w\" sizes=\"auto, (max-width: 10px) 100vw, 10px\" \/> Oliver Schmidt<\/p>\n\n\n\n<p><span style=\"text-decoration: underline;\">ab 10.00 Uhr (ZDF)<\/span><\/p>\n\n\n\n<p><strong><em><strong>Deutschland \u2013&nbsp;Marokko<\/strong> (10.30 Uhr)<\/em><\/strong><\/p>\n\n\n\n<p><img loading=\"lazy\" decoding=\"async\" width=\"10\" height=\"21\" class=\"wp-image-3656\" style=\"width: 10px;\" src=\"http:\/\/kommentatorenblog.de\/wp-content\/uploads\/2020\/09\/shure-55sh-ii-e1601485394796.jpg\" alt=\"\" srcset=\"https:\/\/kommentatorenblog.de\/wp-content\/uploads\/2020\/09\/shure-55sh-ii-e1601485394796.jpg 415w, https:\/\/kommentatorenblog.de\/wp-content\/uploads\/2020\/09\/shure-55sh-ii-e1601485394796-142x300.jpg 142w\" sizes=\"auto, (max-width: 10px) 100vw, 10px\" \/> Claudia Neumann, Expertin: Tabea Kemme<\/p>\n\n\n\n<p>Moderation (Stadion): Lena Kesting, Expertin: Josephine Henning<\/p>\n\n\n\n<p>Moderation(Studio): Sven Voss, Expertin: Kathrin Lehmann, Giulia Gwinn<\/p>\n\n\n\n<p><strong><em><strong>Brasilien \u2013 Panama<\/strong> (13.00 Uhr)<\/em><\/strong><\/p>\n\n\n\n<p><img loading=\"lazy\" decoding=\"async\" width=\"10\" height=\"21\" class=\"wp-image-3656\" style=\"width: 10px;\" src=\"http:\/\/kommentatorenblog.de\/wp-content\/uploads\/2020\/09\/shure-55sh-ii-e1601485394796.jpg\" alt=\"\" srcset=\"https:\/\/kommentatorenblog.de\/wp-content\/uploads\/2020\/09\/shure-55sh-ii-e1601485394796.jpg 415w, https:\/\/kommentatorenblog.de\/wp-content\/uploads\/2020\/09\/shure-55sh-ii-e1601485394796-142x300.jpg 142w\" sizes=\"auto, (max-width: 10px) 100vw, 10px\" \/> Norbert Galeske<\/p>\n\n\n\n<p>Moderation: Sven Voss, Expertin: Kathrin Lehmann<\/p>\n\n\n\n<p><strong>U 19- Europameisterschaft der Frauen 2023, Gruppenphase<\/strong><\/p>\n\n\n\n<p><span style=\"text-decoration: underline;\">Dienstag, 18. Juli 2023, ab 17.30 (DAZN\/Sport1)<\/span><\/p>\n\n\n\n<p><strong><em>Deutschland \u2013 \u00d6sterreich (17.30 Uhr)<\/em><\/strong><\/p>\n\n\n\n<p><img loading=\"lazy\" decoding=\"async\" width=\"10\" height=\"21\" class=\"wp-image-3656\" style=\"width: 10px;\" src=\"http:\/\/kommentatorenblog.de\/wp-content\/uploads\/2020\/09\/shure-55sh-ii-e1601485394796.jpg\" alt=\"\" srcset=\"https:\/\/kommentatorenblog.de\/wp-content\/uploads\/2020\/09\/shure-55sh-ii-e1601485394796.jpg 415w, https:\/\/kommentatorenblog.de\/wp-content\/uploads\/2020\/09\/shure-55sh-ii-e1601485394796-142x300.jpg 142w\" sizes=\"auto, (max-width: 10px) 100vw, 10px\" \/> Sport1: Hartwig Th\u00f6ne, Expertin: Nathalie Bischof<\/p>\n\n\n\n<p><img loading=\"lazy\" decoding=\"async\" width=\"10\" height=\"21\" class=\"wp-image-3656\" style=\"width: 10px;\" src=\"http:\/\/kommentatorenblog.de\/wp-content\/uploads\/2020\/09\/shure-55sh-ii-e1601485394796.jpg\" alt=\"\" srcset=\"https:\/\/kommentatorenblog.de\/wp-content\/uploads\/2020\/09\/shure-55sh-ii-e1601485394796.jpg 415w, https:\/\/kommentatorenblog.de\/wp-content\/uploads\/2020\/09\/shure-55sh-ii-e1601485394796-142x300.jpg 142w\" sizes=\"auto, (max-width: 10px) 100vw, 10px\" \/> DAZN: Simon Sterzer<\/p>\n\n\n\n<p><span style=\"text-decoration: underline;\">Freitag, 21. Juli 2023, ab 17.30 Uhr (DAZN\/Sport1)<\/span><\/p>\n\n\n\n<p><strong><em>Belgien \u2013 Deutschland (17.30 Uhr)<\/em><\/strong><\/p>\n\n\n\n<p><img loading=\"lazy\" decoding=\"async\" width=\"10\" height=\"21\" class=\"wp-image-3656\" style=\"width: 10px;\" src=\"http:\/\/kommentatorenblog.de\/wp-content\/uploads\/2020\/09\/shure-55sh-ii-e1601485394796.jpg\" alt=\"\" srcset=\"https:\/\/kommentatorenblog.de\/wp-content\/uploads\/2020\/09\/shure-55sh-ii-e1601485394796.jpg 415w, https:\/\/kommentatorenblog.de\/wp-content\/uploads\/2020\/09\/shure-55sh-ii-e1601485394796-142x300.jpg 142w\" sizes=\"auto, (max-width: 10px) 100vw, 10px\" \/> Sport1: Oliver Forster<\/p>\n\n\n\n<p><img loading=\"lazy\" decoding=\"async\" width=\"10\" height=\"21\" class=\"wp-image-3656\" style=\"width: 10px;\" src=\"http:\/\/kommentatorenblog.de\/wp-content\/uploads\/2020\/09\/shure-55sh-ii-e1601485394796.jpg\" alt=\"\" srcset=\"https:\/\/kommentatorenblog.de\/wp-content\/uploads\/2020\/09\/shure-55sh-ii-e1601485394796.jpg 415w, https:\/\/kommentatorenblog.de\/wp-content\/uploads\/2020\/09\/shure-55sh-ii-e1601485394796-142x300.jpg 142w\" sizes=\"auto, (max-width: 10px) 100vw, 10px\" \/> DAZN: Michi Brandes<\/p>\n\n\n\n<p><span style=\"text-decoration: underline;\">Montag, 24. Juli 2023, ab 17.30 Uhr (DAZN\/Sport1)<\/span><\/p>\n\n\n\n<p><strong><em>Niederlande \u2013 Deutschland (17.30 Uhr)<\/em><\/strong><\/p>\n\n\n\n<p><img loading=\"lazy\" decoding=\"async\" width=\"10\" height=\"21\" class=\"wp-image-3656\" style=\"width: 10px;\" src=\"http:\/\/kommentatorenblog.de\/wp-content\/uploads\/2020\/09\/shure-55sh-ii-e1601485394796.jpg\" alt=\"\" srcset=\"https:\/\/kommentatorenblog.de\/wp-content\/uploads\/2020\/09\/shure-55sh-ii-e1601485394796.jpg 415w, https:\/\/kommentatorenblog.de\/wp-content\/uploads\/2020\/09\/shure-55sh-ii-e1601485394796-142x300.jpg 142w\" sizes=\"auto, (max-width: 10px) 100vw, 10px\" \/> Sport1: Hartwig Th\u00f6ne<\/p>\n\n\n\n<p><img loading=\"lazy\" decoding=\"async\" width=\"10\" height=\"21\" class=\"wp-image-3656\" style=\"width: 10px;\" src=\"http:\/\/kommentatorenblog.de\/wp-content\/uploads\/2020\/09\/shure-55sh-ii-e1601485394796.jpg\" alt=\"\" srcset=\"https:\/\/kommentatorenblog.de\/wp-content\/uploads\/2020\/09\/shure-55sh-ii-e1601485394796.jpg 415w, https:\/\/kommentatorenblog.de\/wp-content\/uploads\/2020\/09\/shure-55sh-ii-e1601485394796-142x300.jpg 142w\" sizes=\"auto, (max-width: 10px) 100vw, 10px\" \/> DAZN: ???<\/p>\n\n\n\n<p><strong>Testspiele<\/strong><\/p>\n\n\n\n<p><span style=\"text-decoration: underline;\"><span style=\"text-decoration: underline;\">Dienstag, 18. Juli 2023, ab 18.25 (Sky)<\/span><\/span><\/p>\n\n\n\n<p><strong><em>TSV Steinbach Haiger \u2013 Eintracht Frankfurt (18.30 Uhr)<\/em><\/strong><\/p>\n\n\n\n<p><img loading=\"lazy\" decoding=\"async\" width=\"10\" height=\"21\" class=\"wp-image-3656\" style=\"width: 10px;\" src=\"http:\/\/kommentatorenblog.de\/wp-content\/uploads\/2020\/09\/shure-55sh-ii-e1601485394796.jpg\" alt=\"\" srcset=\"https:\/\/kommentatorenblog.de\/wp-content\/uploads\/2020\/09\/shure-55sh-ii-e1601485394796.jpg 415w, https:\/\/kommentatorenblog.de\/wp-content\/uploads\/2020\/09\/shure-55sh-ii-e1601485394796-142x300.jpg 142w\" sizes=\"auto, (max-width: 10px) 100vw, 10px\" \/> ???<\/p>\n\n\n\n<p><span style=\"text-decoration: underline;\">Mittwoch, 19<\/span>.<span style=\"text-decoration: underline;\"><span style=\"text-decoration: underline;\"> Juli 2023, ab 17.45 (Sky)<\/span><\/span><\/p>\n\n\n\n<p><strong><em>RW Oberhausen \u2013 Borussia Dortmund (18.00 Uhr)<\/em><\/strong><\/p>\n\n\n\n<p><img loading=\"lazy\" decoding=\"async\" width=\"10\" height=\"21\" class=\"wp-image-3656\" style=\"width: 10px;\" src=\"http:\/\/kommentatorenblog.de\/wp-content\/uploads\/2020\/09\/shure-55sh-ii-e1601485394796.jpg\" alt=\"\" srcset=\"https:\/\/kommentatorenblog.de\/wp-content\/uploads\/2020\/09\/shure-55sh-ii-e1601485394796.jpg 415w, https:\/\/kommentatorenblog.de\/wp-content\/uploads\/2020\/09\/shure-55sh-ii-e1601485394796-142x300.jpg 142w\" sizes=\"auto, (max-width: 10px) 100vw, 10px\" \/> ???<\/p>\n\n\n\n<p><span style=\"text-decoration: underline;\">Samstag, 22. Juli 2023, ab 13.15 (Sky)<\/span><\/p>\n\n\n\n<p><strong><em>FC Schalke 04 \u2013 Twente Enschede (13.15 Uhr)<\/em><\/strong><\/p>\n\n\n\n<p><img loading=\"lazy\" decoding=\"async\" width=\"10\" height=\"21\" class=\"wp-image-3656\" style=\"width: 10px;\" src=\"http:\/\/kommentatorenblog.de\/wp-content\/uploads\/2020\/09\/shure-55sh-ii-e1601485394796.jpg\" alt=\"\" srcset=\"https:\/\/kommentatorenblog.de\/wp-content\/uploads\/2020\/09\/shure-55sh-ii-e1601485394796.jpg 415w, https:\/\/kommentatorenblog.de\/wp-content\/uploads\/2020\/09\/shure-55sh-ii-e1601485394796-142x300.jpg 142w\" sizes=\"auto, (max-width: 10px) 100vw, 10px\" \/> ???<\/p>\n\n\n\n<p><span style=\"text-decoration: underline;\">Samstag, 22. Juli 2023, ab 15.25 (Sky\/hr)<\/span><\/p>\n\n\n\n<p><strong><em>SG Barockstadt Fulda-Lehnerz \u2013 Eintracht Frankfurt (15.30 Uhr)<\/em><\/strong><\/p>\n\n\n\n<p><img loading=\"lazy\" decoding=\"async\" width=\"10\" height=\"21\" class=\"wp-image-3656\" style=\"width: 10px;\" src=\"http:\/\/kommentatorenblog.de\/wp-content\/uploads\/2020\/09\/shure-55sh-ii-e1601485394796.jpg\" alt=\"\" srcset=\"https:\/\/kommentatorenblog.de\/wp-content\/uploads\/2020\/09\/shure-55sh-ii-e1601485394796.jpg 415w, https:\/\/kommentatorenblog.de\/wp-content\/uploads\/2020\/09\/shure-55sh-ii-e1601485394796-142x300.jpg 142w\" sizes=\"auto, (max-width: 10px) 100vw, 10px\" \/> Sky: ???<\/p>\n\n\n\n<p><img loading=\"lazy\" decoding=\"async\" width=\"10\" height=\"21\" class=\"wp-image-3656\" style=\"width: 10px;\" src=\"http:\/\/kommentatorenblog.de\/wp-content\/uploads\/2020\/09\/shure-55sh-ii-e1601485394796.jpg\" alt=\"\" srcset=\"https:\/\/kommentatorenblog.de\/wp-content\/uploads\/2020\/09\/shure-55sh-ii-e1601485394796.jpg 415w, https:\/\/kommentatorenblog.de\/wp-content\/uploads\/2020\/09\/shure-55sh-ii-e1601485394796-142x300.jpg 142w\" sizes=\"auto, (max-width: 10px) 100vw, 10px\" \/> hr: ???<\/p>\n\n\n\n<p><strong><em>RW Erfurt \u2013 Borussia Dortmund (16.15 Uhr)<\/em><\/strong><\/p>\n\n\n\n<p><img loading=\"lazy\" decoding=\"async\" width=\"10\" height=\"21\" class=\"wp-image-3656\" style=\"width: 10px;\" src=\"http:\/\/kommentatorenblog.de\/wp-content\/uploads\/2020\/09\/shure-55sh-ii-e1601485394796.jpg\" alt=\"\" srcset=\"https:\/\/kommentatorenblog.de\/wp-content\/uploads\/2020\/09\/shure-55sh-ii-e1601485394796.jpg 415w, https:\/\/kommentatorenblog.de\/wp-content\/uploads\/2020\/09\/shure-55sh-ii-e1601485394796-142x300.jpg 142w\" sizes=\"auto, (max-width: 10px) 100vw, 10px\" \/> ???<\/p>\n\n\n\n<p><span style=\"text-decoration: underline;\">Sonntag, 23. Juli 2023, ab 0.55 Uhr (Sky)<\/span><\/p>\n\n\n\n<p><strong><em>FC Chelsea \u2013 Brighton &amp; Hove Albion (01.00Uhr)<\/em><\/strong><\/p>\n\n\n\n<p><img loading=\"lazy\" decoding=\"async\" width=\"10\" height=\"21\" class=\"wp-image-3656\" style=\"width: 10px;\" src=\"http:\/\/kommentatorenblog.de\/wp-content\/uploads\/2020\/09\/shure-55sh-ii-e1601485394796.jpg\" alt=\"\" srcset=\"https:\/\/kommentatorenblog.de\/wp-content\/uploads\/2020\/09\/shure-55sh-ii-e1601485394796.jpg 415w, https:\/\/kommentatorenblog.de\/wp-content\/uploads\/2020\/09\/shure-55sh-ii-e1601485394796-142x300.jpg 142w\" sizes=\"auto, (max-width: 10px) 100vw, 10px\" \/> ???<\/p>\n\n\n\n<p><span style=\"text-decoration: underline;\">ab 21.50 Uhr (Sky)<\/span><\/p>\n\n\n\n<p><strong><em>FC Fulham \u2013 FC Brentford (22.00 Uhr)<\/em><\/strong><\/p>\n\n\n\n<p><img loading=\"lazy\" decoding=\"async\" width=\"10\" height=\"21\" class=\"wp-image-3656\" style=\"width: 10px;\" src=\"http:\/\/kommentatorenblog.de\/wp-content\/uploads\/2020\/09\/shure-55sh-ii-e1601485394796.jpg\" alt=\"\" srcset=\"https:\/\/kommentatorenblog.de\/wp-content\/uploads\/2020\/09\/shure-55sh-ii-e1601485394796.jpg 415w, https:\/\/kommentatorenblog.de\/wp-content\/uploads\/2020\/09\/shure-55sh-ii-e1601485394796-142x300.jpg 142w\" sizes=\"auto, (max-width: 10px) 100vw, 10px\" \/> ???<\/p>\n\n\n\n<p><span style=\"text-decoration: underline;\">Montag, 24. Juli 2023, ab 0.55 Uhr (Sky)<\/span><\/p>\n\n\n\n<p><strong><em>Newcastle United \u2013 Aston Villa (01.00 Uhr)<\/em><\/strong><\/p>\n\n\n\n<p><img loading=\"lazy\" decoding=\"async\" width=\"10\" height=\"21\" class=\"wp-image-3656\" style=\"width: 10px;\" src=\"http:\/\/kommentatorenblog.de\/wp-content\/uploads\/2020\/09\/shure-55sh-ii-e1601485394796.jpg\" alt=\"\" srcset=\"https:\/\/kommentatorenblog.de\/wp-content\/uploads\/2020\/09\/shure-55sh-ii-e1601485394796.jpg 415w, https:\/\/kommentatorenblog.de\/wp-content\/uploads\/2020\/09\/shure-55sh-ii-e1601485394796-142x300.jpg 142w\" sizes=\"auto, (max-width: 10px) 100vw, 10px\" \/> ???<\/p>\n\n\n\n<p><span style=\"text-decoration: underline;\">ab 13.15 Uhr (Sky)<\/span><\/p>\n\n\n\n<p><strong><em>SpVgg Greuther F\u00fcrth \u2013 FC Liverpool (13.15 Uhr)<\/em><\/strong><\/p>\n\n\n\n<p><img loading=\"lazy\" decoding=\"async\" width=\"10\" height=\"21\" class=\"wp-image-3656\" style=\"width: 10px;\" src=\"http:\/\/kommentatorenblog.de\/wp-content\/uploads\/2020\/09\/shure-55sh-ii-e1601485394796.jpg\" alt=\"\" srcset=\"https:\/\/kommentatorenblog.de\/wp-content\/uploads\/2020\/09\/shure-55sh-ii-e1601485394796.jpg 415w, https:\/\/kommentatorenblog.de\/wp-content\/uploads\/2020\/09\/shure-55sh-ii-e1601485394796-142x300.jpg 142w\" sizes=\"auto, (max-width: 10px) 100vw, 10px\" \/> ???<\/p>\n\n\n\n<hr class=\"wp-block-separator\"\/>\n\n\n\n<p><strong>Die Analyse<\/strong><\/p>\n\n\n\n<p>Am Donnerstag startet die Fu\u00dfball- Weltmeisterschaft der Frauen sowohl in Australien als auch in Neuseeland. Das erste Spiel wird um 9 Uhr MESZ in Neuseeland angepfiffen. Die ARD wird sich im Anschluss an die Tagesschau um 8 Uhr aus dem Morgenmagazin ausklinken und startet dann die Vorberichterstattung auf das Er\u00f6ffnungsspiel. Zu Spielbeginn wird sich dann Christina Graf aus dem Stadion in Auckland melden. Nach ihrem Deb\u00fct bei der Frauen- EM und M\u00e4nner- WM im letzten Jahr nun ihr Deb\u00fct bei einer Frauen- WM.<\/p>\n\n\n\n<p>Die Moderation der Sendung aus dem Studio in Hamburg wird, wie an allen Tagen, Claus Lufen \u00fcbernehmen. Expertin an seiner Seite, wie seit vielen Jahren gewohnt, Nia K\u00fcnzer. Um 12 Uhr (MESZ) steht dann das zweite Er\u00f6ffnungsspiel, nun in Australien, an. Hier kommentiert dann Bernd Schmelzer live aus Sydney.<\/p>\n\n\n\n<p>Am Freitag startet dann das ZDF in die WM- \u00dcbertragung. Die erste Partie, die am fr\u00fchen Morgen deutscher Zeit \u00fcbertragen wird, gibt es im Stream, kommentiert von Oliver Schmidt. Ab 6.30 Uhr ist dann das ZDF auch im Fernsehen dabei, hier kommentieren dann Norbert Galeske (Philippinen- Schweiz) und Claudia Neumann (Spanien- Costa Rica) die Partien. W\u00e4hrend Neumann im Stadion sitzt, kommentiert Galeske aus Mainz. Dort befindet sich auch das ZDF- Studio, wo, wie bei der Euro 2022 Sven Voss und Kathrin Lehmann die \u00dcbertragung begleiten werden.<\/p>\n\n\n\n<p>Samstags ist dann wieder das Erste dran. Die erste Partie der US- Amerikaner wird zu fr\u00fcher Stunde angepfiffen, und l\u00e4uft dadurch exklusiv im Stream. Kommentieren wird dabei Benedikt Brinsa. Sein Deb\u00fct bei einer WM als Live- Kommentator. Jan Neumann wird die zweite Partie des Tages (Sambia- Japan) kommentieren, er war bereits 2019 als Kommentator dabei, allerdings nur im Stream. Die Partie des Europameisters England gegen Haiti wird dann anschlie\u00dfend Bernd Schmelzer kommentieren. Ab 14.00 Uhr wird dann Stephanie Baczyk das letzte Spiel des Tages kommentieren. F\u00fcr sie ist es bereits die dritte Weltmeisterschaft und auch eine R\u00fcckkehr, nach dem sie die EM und WM 2022 wegen Schwangerschaft und Mutterschutz \u201everpasst\u201c hatte. Dazwischen werden dann Claus Lufen und Nia K\u00fcnzer die Partie analysieren, wie viel Zeit daf\u00fcr bleibt, wird auch von der L\u00e4nge der Nachspielzeit abh\u00e4ngig sein. <strong>Update: <\/strong>M\u00f6glicherweise l\u00e4uft die Partie D\u00e4nemark- Chile ebenfalls im Stream und die ARD steigt fr\u00fcher in die Tour de France- \u00dcbertragung ein, wodurch Baczyk dann die Partie Sambia- Japan \u00fcbernehmen w\u00fcrde. Mittlerweile haben wir auch die Best\u00e4tigung daf\u00fcr, Jan Neumann \u00fcbernimmt anstelle von Stephanie Baczyk dann die Partie D\u00e4nemark- China im Livestream.<\/p>\n\n\n\n<p>Am Sonntag ist dann nochmal die ARD dran, dann startet die \u00dcbertragung um 6.40 Uhr, und damit 20 Minuten vor Anpfiff. Kommentieren wird Christina Graf die Partie live aus dem Stadion in Wellington. Die anschlie\u00dfende Partie, Niederlande-Portugal, wird dann live nur im Stream zu sehen sein, welche Stephanie Baczyk aus Hamburg kommentieren wird. Frankreich- Jamaika l\u00e4uft dann wieder im TV und wird von Bernd Schmelzer aus dem Stadion begleitet.<\/p>\n\n\n\n<p>Der Montag steht dann im Zeichen des WM- Auftakts der DFB- Elf. \u00dcbertragungsbeginn ist um 7.30 Uhr mit dem Spiel der Italienerinnen gegen Argentinien, es kommentiert Oliver Schmidt.<\/p>\n\n\n\n<p><strong>DFB- Auftakt<\/strong><\/p>\n\n\n\n<p>Ab 10.00 Uhr geht dann der Blick auf die Partie Deutschland- Marokko, hier erhalten Sven Voss und Katrin Lehmann dann von Giulia Gwinn als zus\u00e4tzliche Expertin Unterst\u00fctzung. Zudem wird Lena Kesting zusammen mit Josephine Henning vor Ort sein und das Geschehen analysieren und Interviews f\u00fchren, w\u00e4hrend Tabea Kemme zusammen mit Claudia Neumann die Partie kommentieren wird. Das Duo kommentierte bereits beim Testspiel in Duisburg Anfang des Jahres. Sowohl Henning als auch Kemme waren bereits bei der EM 2022 als Gespr\u00e4chsgast in den Stadien, hier aber vorrangig f\u00fcr die ARD.<\/p>\n\n\n\n<p>Nach dem deutschen Spiel wird dann um 13.00 Uhr die letzte Partie des Tages, Brasilien- Panama angepfiffen, es kommentiert Norbert Galeske.<\/p>\n\n\n\n<p><strong>U 19- EM<\/strong><\/p>\n\n\n\n<p>Wie oben bereits angek\u00fcndigt zeigen Sport1 und DAZN jeweils die Spiele der U 19- EM der DFB- Spielerinnen. F\u00fcr Sport1 sind hier Oliver Forster und Hartwig Th\u00f6ne im Einsatz, bei DAZN kommentieren zu Beginn Simon Sterzer bzw. Michi Brandes.<\/p>\n\n\n\n<p>Das solls dann f\u00fcr die Woche gewesen sein, seht es uns bitte nach, wenn Testspiele fehlen. Am Montag meldet sich dann Nico mit dem zweiten Spieltag der WM 2023. Bis dahin allen eine sch\u00f6ne Woche.<\/p>\n","protected":false},"excerpt":{"rendered":"<p>Hallo zusammen, nach einer kleinen Sommerpause melden wir uns ab heute wieder regelm\u00e4\u00dfig und blicken zum Start nat\u00fcrlich auf die Weltmeisterschaft 2023 in Australien und Neuseeland. Lange war unklar, wer bzw. ob das Turnier \u00fcbertragen wird. Durch den Vertrag der EBU mit der FIFA konnten sich ARD und ZDF dann aber doch noch die Rechte [&hellip;]<\/p>\n","protected":false},"author":10,"featured_media":0,"comment_status":"open","ping_status":"open","sticky":false,"template":"","format":"standard","meta":{"footnotes":""},"categories":[426,934],"tags":[920,19,527,582,615,36,636,13,937,936,650,464,675,737,909,935,878,637,709,183,109,497,696,620,710,639,37],"class_list":["post-15245","post","type-post","status-publish","format-standard","hentry","category-laenderspiele","category-wm-2023","tag-amelie-stiefvatter","tag-ard","tag-benedikt-brinsa","tag-bernd-schmelzer","tag-christina-graf","tag-claudia-neumann","tag-claus-lufen","tag-dazn","tag-franzi-muellers","tag-giulia-gwinn","tag-hartwig-thoene-2","tag-jan-neumann","tag-josephine-henning","tag-kathrin-lehmann","tag-lea-wagner","tag-lena-kesting","tag-michi-brandes","tag-nia-kuenzer","tag-norbert-galeske","tag-oliver-forster","tag-oliver-schmidt","tag-patrick-halatsch","tag-simon-sterzer","tag-stephanie-baczyk","tag-sven-voss","tag-tabea-kemme","tag-zdf"],"_links":{"self":[{"href":"https:\/\/kommentatorenblog.de\/index.php?rest_route=\/wp\/v2\/posts\/15245","targetHints":{"allow":["GET"]}}],"collection":[{"href":"https:\/\/kommentatorenblog.de\/index.php?rest_route=\/wp\/v2\/posts"}],"about":[{"href":"https:\/\/kommentatorenblog.de\/index.php?rest_route=\/wp\/v2\/types\/post"}],"author":[{"embeddable":true,"href":"https:\/\/kommentatorenblog.de\/index.php?rest_route=\/wp\/v2\/users\/10"}],"replies":[{"embeddable":true,"href":"https:\/\/kommentatorenblog.de\/index.php?rest_route=%2Fwp%2Fv2%2Fcomments&post=15245"}],"version-history":[{"count":24,"href":"https:\/\/kommentatorenblog.de\/index.php?rest_route=\/wp\/v2\/posts\/15245\/revisions"}],"predecessor-version":[{"id":15279,"href":"https:\/\/kommentatorenblog.de\/index.php?rest_route=\/wp\/v2\/posts\/15245\/revisions\/15279"}],"wp:attachment":[{"href":"https:\/\/kommentatorenblog.de\/index.php?rest_route=%2Fwp%2Fv2%2Fmedia&parent=15245"}],"wp:term":[{"taxonomy":"category","embeddable":true,"href":"https:\/\/kommentatorenblog.de\/index.php?rest_route=%2Fwp%2Fv2%2Fcategories&post=15245"},{"taxonomy":"post_tag","embeddable":true,"href":"https:\/\/kommentatorenblog.de\/index.php?rest_route=%2Fwp%2Fv2%2Ftags&post=15245"}],"curies":[{"name":"wp","href":"https:\/\/api.w.org\/{rel}","templated":true}]}}