{"id":15285,"date":"2023-07-27T17:23:40","date_gmt":"2023-07-27T15:23:40","guid":{"rendered":"http:\/\/kommentatorenblog.de\/?p=15285"},"modified":"2023-08-01T14:51:22","modified_gmt":"2023-08-01T12:51:22","slug":"1352-spiel-zwei-der-deutschen-auftakt-in-liga-zwei","status":"publish","type":"post","link":"https:\/\/kommentatorenblog.de\/?p=15285","title":{"rendered":"1352 &#8211; Spiel ZWEI der Deutschen &#038; Auftakt in Liga ZWEI"},"content":{"rendered":"\n<p><strong>Weltmeisterschaft 2023, 03. Spieltag &#8211; Update<\/strong><\/p>\n\n\n\n<p><span style=\"text-decoration: underline;\">Mittwoch, 02. August 2023, ab 08.35Uhr (ARD)<\/span><\/p>\n\n\n\n<p><strong><em>S\u00fcdafrika \u2013 Italien (09.00 Uhr)<\/em><\/strong><\/p>\n\n\n\n<p>ARD: <img loading=\"lazy\" decoding=\"async\" width=\"10\" height=\"21\" class=\"wp-image-3656\" style=\"width: 10px;\" src=\"http:\/\/kommentatorenblog.de\/wp-content\/uploads\/2020\/09\/shure-55sh-ii-e1601485394796.jpg\" alt=\"\" srcset=\"https:\/\/kommentatorenblog.de\/wp-content\/uploads\/2020\/09\/shure-55sh-ii-e1601485394796.jpg 415w, https:\/\/kommentatorenblog.de\/wp-content\/uploads\/2020\/09\/shure-55sh-ii-e1601485394796-142x300.jpg 142w\" sizes=\"auto, (max-width: 10px) 100vw, 10px\" \/> Christina Graf<\/p>\n\n\n\n<p><strong><em>Argentinien \u2013 Schweden (09.00 Uhr)<\/em><\/strong><\/p>\n\n\n\n<p>Sportschau.de: <img loading=\"lazy\" decoding=\"async\" width=\"10\" height=\"21\" class=\"wp-image-3656\" style=\"width: 10px;\" src=\"http:\/\/kommentatorenblog.de\/wp-content\/uploads\/2020\/09\/shure-55sh-ii-e1601485394796.jpg\" alt=\"\" srcset=\"https:\/\/kommentatorenblog.de\/wp-content\/uploads\/2020\/09\/shure-55sh-ii-e1601485394796.jpg 415w, https:\/\/kommentatorenblog.de\/wp-content\/uploads\/2020\/09\/shure-55sh-ii-e1601485394796-142x300.jpg 142w\" sizes=\"auto, (max-width: 10px) 100vw, 10px\" \/> Jan Neumann<\/p>\n\n\n\n<p><span style=\"text-decoration: underline;\">ab 11.30 Uhr (ARD)<\/span><\/p>\n\n\n\n<p><strong><em>Jamaika \u2013 Brasilien (12.00 Uhr)<\/em><\/strong><\/p>\n\n\n\n<p>ARD: <img loading=\"lazy\" decoding=\"async\" width=\"10\" height=\"21\" class=\"wp-image-3656\" style=\"width: 10px;\" src=\"http:\/\/kommentatorenblog.de\/wp-content\/uploads\/2020\/09\/shure-55sh-ii-e1601485394796.jpg\" alt=\"\" srcset=\"https:\/\/kommentatorenblog.de\/wp-content\/uploads\/2020\/09\/shure-55sh-ii-e1601485394796.jpg 415w, https:\/\/kommentatorenblog.de\/wp-content\/uploads\/2020\/09\/shure-55sh-ii-e1601485394796-142x300.jpg 142w\" sizes=\"auto, (max-width: 10px) 100vw, 10px\" \/> Bernd Schmelzer<\/p>\n\n\n\n<p><strong><em>Panama \u2013 Frankreich (12.00 Uhr)<\/em><\/strong><\/p>\n\n\n\n<p>Sportschau.de: <img loading=\"lazy\" decoding=\"async\" width=\"10\" height=\"21\" class=\"wp-image-3656\" style=\"width: 10px;\" src=\"http:\/\/kommentatorenblog.de\/wp-content\/uploads\/2020\/09\/shure-55sh-ii-e1601485394796.jpg\" alt=\"\" srcset=\"https:\/\/kommentatorenblog.de\/wp-content\/uploads\/2020\/09\/shure-55sh-ii-e1601485394796.jpg 415w, https:\/\/kommentatorenblog.de\/wp-content\/uploads\/2020\/09\/shure-55sh-ii-e1601485394796-142x300.jpg 142w\" sizes=\"auto, (max-width: 10px) 100vw, 10px\" \/> Stephanie Baczyk<\/p>\n\n\n\n<p>Moderation: Claus Lufen, Expertin: Nia K\u00fcnzer<\/p>\n\n\n\n<p><span style=\"text-decoration: underline;\">Donnerstag, 03. August 2023, ab 11.15 Uhr (ZDF)<\/span><\/p>\n\n\n\n<p><strong><em>S\u00fcdkorea \u2013 Deutschland (12.00 Uhr)<\/em><\/strong><\/p>\n\n\n\n<p>ZDF: <img loading=\"lazy\" decoding=\"async\" width=\"10\" height=\"21\" class=\"wp-image-3656\" style=\"width: 10px;\" src=\"http:\/\/kommentatorenblog.de\/wp-content\/uploads\/2020\/09\/shure-55sh-ii-e1601485394796.jpg\" alt=\"\" srcset=\"https:\/\/kommentatorenblog.de\/wp-content\/uploads\/2020\/09\/shure-55sh-ii-e1601485394796.jpg 415w, https:\/\/kommentatorenblog.de\/wp-content\/uploads\/2020\/09\/shure-55sh-ii-e1601485394796-142x300.jpg 142w\" sizes=\"auto, (max-width: 10px) 100vw, 10px\" \/> Claudia Neumann, Field-Reporterin: Lena Kesting, Field-Reporter: Gari Paubandt<\/p>\n\n\n\n<p><strong><em>Marokko \u2013 Kolumbien (12.00 Uhr)<\/em><\/strong><\/p>\n\n\n\n<p>Sportstudio.de: <img loading=\"lazy\" decoding=\"async\" width=\"10\" height=\"21\" class=\"wp-image-3656\" style=\"width: 10px;\" src=\"http:\/\/kommentatorenblog.de\/wp-content\/uploads\/2020\/09\/shure-55sh-ii-e1601485394796.jpg\" alt=\"\" srcset=\"https:\/\/kommentatorenblog.de\/wp-content\/uploads\/2020\/09\/shure-55sh-ii-e1601485394796.jpg 415w, https:\/\/kommentatorenblog.de\/wp-content\/uploads\/2020\/09\/shure-55sh-ii-e1601485394796-142x300.jpg 142w\" sizes=\"auto, (max-width: 10px) 100vw, 10px\" \/> Heiko Klasen<\/p>\n\n\n\n<p>Moderation: Sven Voss, Expertin: Kathrin Lehmann, G\u00e4stin: Frederike Kromp<\/p>\n\n\n\n<hr class=\"wp-block-separator\"\/>\n\n\n\n<p>N&#8217;Abend allerseits,<\/p>\n\n\n\n<p>wir sind mitten im zweiten Spieltag der WM und sehen, dass das Turnier richtig an Fahrt aufnimmt. Sp\u00e4testens seit dem Auftaktsieg des Teams von Martina Voss-Tecklenburg ist die Aufmerksamkeit nochmal deutlich gestiegen. Doch auch der Vereinsfu\u00dfball kehrt an diesem Wochenende mit der 2.Bundesliga zur\u00fcck. Ich blicke daher mal darauf, was uns so bei den Live\u00fcbertragungen erwartet.<\/p>\n\n\n\n<p><strong>Sky<\/strong><\/p>\n\n\n\n<p>Sky zeigt auch in dieser Saison alle 306 Spiele der zweiten Bundesliga &#8211; 272 davon exklusiv. Kommen wir erstmal zu den Neuheiten: &#8222;Unser Studio ist das Stadion&#8220; ist zumindest mit Blick auf die Vor- und Nachberichterstattung das neue Motto. So kommen nach sechs Saisons im Studio ab dieser Saison alle Sendungen zu allen vier Ansto\u00dfzeiten aus den Stadien. Der Moderationspool ist leicht ver\u00e4ndert. Im Team bleiben <strong>Nele Schenker<\/strong>, <strong>Yannick Erkenbrecher<\/strong> und <strong>Hartmut von Kameke<\/strong>; nicht mehr dabei sind <strong>Katharina Kleinfeldt<\/strong> und <strong>Christian Akber-Sade<\/strong>, w\u00e4hrend <strong>Thomas Wagner<\/strong> wiederum neu ins Team r\u00fcckt. Als Experten stehen dabei weiterhin S\u00f6ren Gonther und Torsten Mattuschka zur Verf\u00fcgung. Das Motto &#8222;Unser Studio ist das Stadion&#8220; gilt aber leider nicht f\u00fcr die Kommentatoren. Auch in dieser Saison wird regul\u00e4r nur das Topspiel mit Stefan Hempel &amp; Torsten Mattuschka aus dem Stadion kommentiert und auch die Konferenz wird bleibt im &#8222;gewohnten&#8220; Modell. <\/p>\n\n\n\n<p><strong>SPORT1<\/strong><\/p>\n\n\n\n<p>SPORT1 zeigt auch in dieser Saison die 33 Topspiele am Samstagabend. Personell gibt es mit Katharina Kleinfeldt einen Neuzugang auf dem Moderationsposten, die langj\u00e4hrige Moderatorin von Sky wird wechselnd mit Ruth Hofmann durch die \u00dcbertragung f\u00fchren. Beim Kommentatorenteam (Forster und H\u00f6hner) gibt es keine Ver\u00e4nderungen und auch am System von wechselnden Experten wird nichts ver\u00e4ndert. <\/p>\n\n\n\n<p>So viel also zu den \u00dcbertragungen der 2.Bundesliga, weitere Einordordnungen dazu gibt es aber auch bei den Kollegen von <a rel=\"noreferrer noopener\" href=\"https:\/\/meinsportpodcast.de\/mixed-sport\/rechtebeben-us-open-bei-sportdeutschlandtv\/\" target=\"_blank\">Screentime Sport <\/a>&#8211; h\u00f6rt da gerne mal rein. Aber wollen wir doch mal schauen, wie sich die Personaltheorie so in der Praxis umsetzt&#8230;.<\/p>\n\n\n\n<hr class=\"wp-block-separator\"\/>\n\n\n\n<p><strong>Weltmeisterschaft 2023, 02. Spieltag<\/strong><\/p>\n\n\n\n<p><span style=\"text-decoration: underline;\">Sonntag, 30. Juli 2023, ab 06.15Uhr (ARD)<\/span><\/p>\n\n\n\n<p><strong><em>Kolumbien \u2013 S\u00fcdkorea (06.30 Uhr)<\/em><\/strong><\/p>\n\n\n\n<p><img loading=\"lazy\" decoding=\"async\" width=\"10\" height=\"21\" class=\"wp-image-3656\" style=\"width: 10px;\" src=\"http:\/\/kommentatorenblog.de\/wp-content\/uploads\/2020\/09\/shure-55sh-ii-e1601485394796.jpg\" alt=\"\" srcset=\"https:\/\/kommentatorenblog.de\/wp-content\/uploads\/2020\/09\/shure-55sh-ii-e1601485394796.jpg 415w, https:\/\/kommentatorenblog.de\/wp-content\/uploads\/2020\/09\/shure-55sh-ii-e1601485394796-142x300.jpg 142w\" sizes=\"auto, (max-width: 10px) 100vw, 10px\" \/> Stephanie Baczyk<\/p>\n\n\n\n<p><span style=\"text-decoration: underline;\">ab 11.00Uhr (ARD)<\/span><\/p>\n\n\n\n<p><strong><em>Deutschland \u2013 Kolumbien (11.30 Uhr)<\/em><\/strong><\/p>\n\n\n\n<p><img loading=\"lazy\" decoding=\"async\" width=\"10\" height=\"21\" class=\"wp-image-3656\" style=\"width: 10px;\" src=\"http:\/\/kommentatorenblog.de\/wp-content\/uploads\/2020\/09\/shure-55sh-ii-e1601485394796.jpg\" alt=\"\" srcset=\"https:\/\/kommentatorenblog.de\/wp-content\/uploads\/2020\/09\/shure-55sh-ii-e1601485394796.jpg 415w, https:\/\/kommentatorenblog.de\/wp-content\/uploads\/2020\/09\/shure-55sh-ii-e1601485394796-142x300.jpg 142w\" sizes=\"auto, (max-width: 10px) 100vw, 10px\" \/> Bernd Schmelzer<\/p>\n\n\n\n<p>Moderation: Claus Lufen, Expertin: Nia K\u00fcnzer<\/p>\n\n\n\n<hr class=\"wp-block-separator\"\/>\n\n\n\n<p><strong>Weltmeisterschaft 2023, 03. Spieltag<\/strong><\/p>\n\n\n\n<p><span style=\"text-decoration: underline;\">Sonntag, 30. Juli 2023, ab 08.30Uhr (ARD)<\/span><\/p>\n\n\n\n<p><strong><em>Schweiz \u2013 Neuseeland (09.00 Uhr)<\/em><\/strong><\/p>\n\n\n\n<p>ARD: <img loading=\"lazy\" decoding=\"async\" width=\"10\" height=\"21\" class=\"wp-image-3656\" style=\"width: 10px;\" src=\"http:\/\/kommentatorenblog.de\/wp-content\/uploads\/2020\/09\/shure-55sh-ii-e1601485394796.jpg\" alt=\"\" srcset=\"https:\/\/kommentatorenblog.de\/wp-content\/uploads\/2020\/09\/shure-55sh-ii-e1601485394796.jpg 415w, https:\/\/kommentatorenblog.de\/wp-content\/uploads\/2020\/09\/shure-55sh-ii-e1601485394796-142x300.jpg 142w\" sizes=\"auto, (max-width: 10px) 100vw, 10px\" \/> Christina Graf<\/p>\n\n\n\n<p><strong><em>Norwegen \u2013 Philippinen (09.00 Uhr)<\/em><\/strong><\/p>\n\n\n\n<p>Sportschau.de: <img loading=\"lazy\" decoding=\"async\" width=\"10\" height=\"21\" class=\"wp-image-3656\" style=\"width: 10px;\" src=\"http:\/\/kommentatorenblog.de\/wp-content\/uploads\/2020\/09\/shure-55sh-ii-e1601485394796.jpg\" alt=\"\" srcset=\"https:\/\/kommentatorenblog.de\/wp-content\/uploads\/2020\/09\/shure-55sh-ii-e1601485394796.jpg 415w, https:\/\/kommentatorenblog.de\/wp-content\/uploads\/2020\/09\/shure-55sh-ii-e1601485394796-142x300.jpg 142w\" sizes=\"auto, (max-width: 10px) 100vw, 10px\" \/> Sebastian Rieth<\/p>\n\n\n\n<p>Moderation: Claus Lufen, Expertin: Nia K\u00fcnzer<\/p>\n\n\n\n<p><span style=\"text-decoration: underline;\">Montag, 31. Juli 2023, ab 08.30 Uhr (ZDF)<\/span><\/p>\n\n\n\n<p><strong><em>Japan \u2013 Spanien (09.00 Uhr)<\/em><\/strong><\/p>\n\n\n\n<p>ZDF: <img loading=\"lazy\" decoding=\"async\" width=\"10\" height=\"21\" class=\"wp-image-3656\" style=\"width: 10px;\" src=\"http:\/\/kommentatorenblog.de\/wp-content\/uploads\/2020\/09\/shure-55sh-ii-e1601485394796.jpg\" alt=\"\" srcset=\"https:\/\/kommentatorenblog.de\/wp-content\/uploads\/2020\/09\/shure-55sh-ii-e1601485394796.jpg 415w, https:\/\/kommentatorenblog.de\/wp-content\/uploads\/2020\/09\/shure-55sh-ii-e1601485394796-142x300.jpg 142w\" sizes=\"auto, (max-width: 10px) 100vw, 10px\" \/> Claudia Neumann, Field-Reporterin: Franzi M\u00fcllers<\/p>\n\n\n\n<p><strong><em>Costa Rica \u2013 Sambia (09.00 Uhr)<\/em><\/strong><\/p>\n\n\n\n<p>Sportstudio.de: <img loading=\"lazy\" decoding=\"async\" width=\"10\" height=\"21\" class=\"wp-image-3656\" style=\"width: 10px;\" src=\"http:\/\/kommentatorenblog.de\/wp-content\/uploads\/2020\/09\/shure-55sh-ii-e1601485394796.jpg\" alt=\"\" srcset=\"https:\/\/kommentatorenblog.de\/wp-content\/uploads\/2020\/09\/shure-55sh-ii-e1601485394796.jpg 415w, https:\/\/kommentatorenblog.de\/wp-content\/uploads\/2020\/09\/shure-55sh-ii-e1601485394796-142x300.jpg 142w\" sizes=\"auto, (max-width: 10px) 100vw, 10px\" \/> Martin Schneider<\/p>\n\n\n\n<p><span style=\"text-decoration: underline;\">ab 11.25 Uhr (ZDF)<\/span><\/p>\n\n\n\n<p><strong><em>Kanada \u2013 Australien (12.00 Uhr)<\/em><\/strong><\/p>\n\n\n\n<p>ZDF: <img loading=\"lazy\" decoding=\"async\" width=\"10\" height=\"21\" class=\"wp-image-3656\" style=\"width: 10px;\" src=\"http:\/\/kommentatorenblog.de\/wp-content\/uploads\/2020\/09\/shure-55sh-ii-e1601485394796.jpg\" alt=\"\" srcset=\"https:\/\/kommentatorenblog.de\/wp-content\/uploads\/2020\/09\/shure-55sh-ii-e1601485394796.jpg 415w, https:\/\/kommentatorenblog.de\/wp-content\/uploads\/2020\/09\/shure-55sh-ii-e1601485394796-142x300.jpg 142w\" sizes=\"auto, (max-width: 10px) 100vw, 10px\" \/> Norbert Galeske, Field-Reporterin: Amelie Stiefvatter<\/p>\n\n\n\n<p><strong><em>Irland \u2013 Nigeria (12.00 Uhr)<\/em><\/strong><\/p>\n\n\n\n<p>Sportstudio.de: <img loading=\"lazy\" decoding=\"async\" width=\"10\" height=\"21\" class=\"wp-image-3656\" style=\"width: 10px;\" src=\"http:\/\/kommentatorenblog.de\/wp-content\/uploads\/2020\/09\/shure-55sh-ii-e1601485394796.jpg\" alt=\"\" srcset=\"https:\/\/kommentatorenblog.de\/wp-content\/uploads\/2020\/09\/shure-55sh-ii-e1601485394796.jpg 415w, https:\/\/kommentatorenblog.de\/wp-content\/uploads\/2020\/09\/shure-55sh-ii-e1601485394796-142x300.jpg 142w\" sizes=\"auto, (max-width: 10px) 100vw, 10px\" \/> Daniel Pinschower<\/p>\n\n\n\n<p>Moderation: Sven Voss, Expertin: Kathrin Lehmann, Gast: Andreas Luthe<\/p>\n\n\n\n<p><span style=\"text-decoration: underline;\">Dienstag, 01. August 2023, ab 08.30 Uhr (ZDF)<\/span><\/p>\n\n\n\n<p><strong><em>Portugal \u2013 USA (09.00 Uhr)<\/em><\/strong><\/p>\n\n\n\n<p>ZDF: <img loading=\"lazy\" decoding=\"async\" width=\"10\" height=\"21\" class=\"wp-image-3656\" style=\"width: 10px;\" src=\"http:\/\/kommentatorenblog.de\/wp-content\/uploads\/2020\/09\/shure-55sh-ii-e1601485394796.jpg\" alt=\"\" srcset=\"https:\/\/kommentatorenblog.de\/wp-content\/uploads\/2020\/09\/shure-55sh-ii-e1601485394796.jpg 415w, https:\/\/kommentatorenblog.de\/wp-content\/uploads\/2020\/09\/shure-55sh-ii-e1601485394796-142x300.jpg 142w\" sizes=\"auto, (max-width: 10px) 100vw, 10px\" \/> Claudia Neumann, Field-Reporterin: Franzi M\u00fcllers<\/p>\n\n\n\n<p><strong><em>Vietnam \u2013 Niederlande (09.00 Uhr)<\/em><\/strong><\/p>\n\n\n\n<p>Sportstudio.de: <img loading=\"lazy\" decoding=\"async\" width=\"10\" height=\"21\" class=\"wp-image-3656\" style=\"width: 10px;\" src=\"http:\/\/kommentatorenblog.de\/wp-content\/uploads\/2020\/09\/shure-55sh-ii-e1601485394796.jpg\" alt=\"\" srcset=\"https:\/\/kommentatorenblog.de\/wp-content\/uploads\/2020\/09\/shure-55sh-ii-e1601485394796.jpg 415w, https:\/\/kommentatorenblog.de\/wp-content\/uploads\/2020\/09\/shure-55sh-ii-e1601485394796-142x300.jpg 142w\" sizes=\"auto, (max-width: 10px) 100vw, 10px\" \/> Martin Schneider<\/p>\n\n\n\n<p><span style=\"text-decoration: underline;\">ab 12.35 Uhr (ZDF)<\/span><\/p>\n\n\n\n<p><strong><em>China \u2013 England (13.00 Uhr)<\/em><\/strong><\/p>\n\n\n\n<p>ZDF: <img loading=\"lazy\" decoding=\"async\" width=\"10\" height=\"21\" class=\"wp-image-3656\" style=\"width: 10px;\" src=\"http:\/\/kommentatorenblog.de\/wp-content\/uploads\/2020\/09\/shure-55sh-ii-e1601485394796.jpg\" alt=\"\" srcset=\"https:\/\/kommentatorenblog.de\/wp-content\/uploads\/2020\/09\/shure-55sh-ii-e1601485394796.jpg 415w, https:\/\/kommentatorenblog.de\/wp-content\/uploads\/2020\/09\/shure-55sh-ii-e1601485394796-142x300.jpg 142w\" sizes=\"auto, (max-width: 10px) 100vw, 10px\" \/> Norbert Galeske, Field-Reporterin: Amelie Stiefvatter<\/p>\n\n\n\n<p><strong><em>Haiti \u2013 D\u00e4nemark (13.00 Uhr)<\/em><\/strong><\/p>\n\n\n\n<p>Sportstudio.de: <img loading=\"lazy\" decoding=\"async\" width=\"10\" height=\"21\" class=\"wp-image-3656\" style=\"width: 10px;\" src=\"http:\/\/kommentatorenblog.de\/wp-content\/uploads\/2020\/09\/shure-55sh-ii-e1601485394796.jpg\" alt=\"\" srcset=\"https:\/\/kommentatorenblog.de\/wp-content\/uploads\/2020\/09\/shure-55sh-ii-e1601485394796.jpg 415w, https:\/\/kommentatorenblog.de\/wp-content\/uploads\/2020\/09\/shure-55sh-ii-e1601485394796-142x300.jpg 142w\" sizes=\"auto, (max-width: 10px) 100vw, 10px\" \/> Daniel Pinschower<\/p>\n\n\n\n<p>Moderation: Sven Voss, Expertin: Kathrin Lehmann<\/p>\n\n\n\n<hr class=\"wp-block-separator\"\/>\n\n\n\n<p><strong>2<\/strong>. <strong>Bundesliga, 01. Spieltag<\/strong><\/p>\n\n\n\n<p><span style=\"text-decoration: underline;\">Freitag, 28. Juli 2023, ab 19.00 Uhr (SAT.1) bzw. ab 19.30 Uhr (Sky)<\/span> <\/p>\n\n\n\n<p><strong><em>Hamburger SV \u2013 FC Schalke 04 (20.30 Uhr) <\/em><\/strong><\/p>\n\n\n\n<p>SAT.1: <img loading=\"lazy\" decoding=\"async\" width=\"10\" height=\"21\" class=\"wp-image-3656\" style=\"width: 10px;\" src=\"http:\/\/kommentatorenblog.de\/wp-content\/uploads\/2020\/09\/shure-55sh-ii-e1601485394796.jpg\" alt=\"\" srcset=\"https:\/\/kommentatorenblog.de\/wp-content\/uploads\/2020\/09\/shure-55sh-ii-e1601485394796.jpg 415w, https:\/\/kommentatorenblog.de\/wp-content\/uploads\/2020\/09\/shure-55sh-ii-e1601485394796-142x300.jpg 142w\" sizes=\"auto, (max-width: 10px) 100vw, 10px\" \/> Wolff Fuss, Field-Reporter: Matthias Killing<\/p>\n\n\n\n<p>Sky: <img loading=\"lazy\" decoding=\"async\" width=\"10\" height=\"21\" class=\"wp-image-3656\" style=\"width: 10px;\" src=\"http:\/\/kommentatorenblog.de\/wp-content\/uploads\/2020\/09\/shure-55sh-ii-e1601485394796.jpg\" alt=\"\" srcset=\"https:\/\/kommentatorenblog.de\/wp-content\/uploads\/2020\/09\/shure-55sh-ii-e1601485394796.jpg 415w, https:\/\/kommentatorenblog.de\/wp-content\/uploads\/2020\/09\/shure-55sh-ii-e1601485394796-142x300.jpg 142w\" sizes=\"auto, (max-width: 10px) 100vw, 10px\" \/> Martin Gro\u00df, Field-Reporterin: Nele Schenker<\/p>\n\n\n\n<p>Moderation (SAT.1): Matthias Opdenh\u00f6vel, Experte: Stefan Kuntz<\/p>\n\n\n\n<p>Moderation (Sky): Thomas Wagner, Experte: Torsten Mattuschka<\/p>\n\n\n\n<p><span style=\"text-decoration: underline;\">Samstag, 29. Juli 2023, ab 12.30 Uhr (Sky)<\/span><\/p>\n\n\n\n<p><strong><em>Konferenz (13.00Uhr)<\/em><\/strong><\/p>\n\n\n\n<p><img loading=\"lazy\" decoding=\"async\" width=\"10\" height=\"21\" class=\"wp-image-3656\" style=\"width: 10px;\" src=\"http:\/\/kommentatorenblog.de\/wp-content\/uploads\/2020\/09\/shure-55sh-ii-e1601485394796.jpg\" alt=\"\" srcset=\"https:\/\/kommentatorenblog.de\/wp-content\/uploads\/2020\/09\/shure-55sh-ii-e1601485394796.jpg 415w, https:\/\/kommentatorenblog.de\/wp-content\/uploads\/2020\/09\/shure-55sh-ii-e1601485394796-142x300.jpg 142w\" sizes=\"auto, (max-width: 10px) 100vw, 10px\" \/> Hannes Herrmann (Fokus auf FCK-STP)<\/p>\n\n\n\n<p><strong><em>1. FC Kaiserslautern \u2013 FC St. Pauli (13.00 Uhr)<\/em><\/strong><\/p>\n\n\n\n<p><img loading=\"lazy\" decoding=\"async\" width=\"10\" height=\"21\" class=\"wp-image-3656\" style=\"width: 10px;\" src=\"http:\/\/kommentatorenblog.de\/wp-content\/uploads\/2020\/09\/shure-55sh-ii-e1601485394796.jpg\" alt=\"\" srcset=\"https:\/\/kommentatorenblog.de\/wp-content\/uploads\/2020\/09\/shure-55sh-ii-e1601485394796.jpg 415w, https:\/\/kommentatorenblog.de\/wp-content\/uploads\/2020\/09\/shure-55sh-ii-e1601485394796-142x300.jpg 142w\" sizes=\"auto, (max-width: 10px) 100vw, 10px\" \/> Hansi K\u00fcpper<\/p>\n\n\n\n<p><strong><em>Hannover 96 \u2013 SV Elversberg (13.00 Uhr)<\/em><\/strong><\/p>\n\n\n\n<p><img loading=\"lazy\" decoding=\"async\" width=\"10\" height=\"21\" class=\"wp-image-3656\" style=\"width: 10px;\" src=\"http:\/\/kommentatorenblog.de\/wp-content\/uploads\/2020\/09\/shure-55sh-ii-e1601485394796.jpg\" alt=\"\" srcset=\"https:\/\/kommentatorenblog.de\/wp-content\/uploads\/2020\/09\/shure-55sh-ii-e1601485394796.jpg 415w, https:\/\/kommentatorenblog.de\/wp-content\/uploads\/2020\/09\/shure-55sh-ii-e1601485394796-142x300.jpg 142w\" sizes=\"auto, (max-width: 10px) 100vw, 10px\" \/> Toni Tomic, Field-Reporter: Sven T\u00f6llner<\/p>\n\n\n\n<p><strong><em>VfL Osnabr\u00fcck \u2013 Karlsruher SC (13.00 Uhr)<\/em><\/strong><\/p>\n\n\n\n<p><img loading=\"lazy\" decoding=\"async\" width=\"10\" height=\"21\" class=\"wp-image-3656\" style=\"width: 10px;\" src=\"http:\/\/kommentatorenblog.de\/wp-content\/uploads\/2020\/09\/shure-55sh-ii-e1601485394796.jpg\" alt=\"\" srcset=\"https:\/\/kommentatorenblog.de\/wp-content\/uploads\/2020\/09\/shure-55sh-ii-e1601485394796.jpg 415w, https:\/\/kommentatorenblog.de\/wp-content\/uploads\/2020\/09\/shure-55sh-ii-e1601485394796-142x300.jpg 142w\" sizes=\"auto, (max-width: 10px) 100vw, 10px\" \/> Christian Stra\u00dfburger,  Field-Reporter: Dirk gro\u00dfe Schlarmann<\/p>\n\n\n\n<p><strong><em>SV Wehen Wiesbaden \u2013 1. FC Magdeburg (13.00 Uhr)<\/em><\/strong><\/p>\n\n\n\n<p><img loading=\"lazy\" decoding=\"async\" width=\"10\" height=\"21\" class=\"wp-image-3656\" style=\"width: 10px;\" src=\"http:\/\/kommentatorenblog.de\/wp-content\/uploads\/2020\/09\/shure-55sh-ii-e1601485394796.jpg\" alt=\"\" srcset=\"https:\/\/kommentatorenblog.de\/wp-content\/uploads\/2020\/09\/shure-55sh-ii-e1601485394796.jpg 415w, https:\/\/kommentatorenblog.de\/wp-content\/uploads\/2020\/09\/shure-55sh-ii-e1601485394796-142x300.jpg 142w\" sizes=\"auto, (max-width: 10px) 100vw, 10px\" \/> Dominik M\u00fcller<\/p>\n\n\n\n<p>Moderation (aus Kaiserslautern): Hartmut von Kameke<\/p>\n\n\n\n<p><span style=\"text-decoration: underline;\">ab 19.30Uhr (SPORT1)\/ bzw. ab 20.00Uhr (Sky)<\/span><\/p>\n\n\n\n<p><strong><em>Fortuna D\u00fcsseldorf \u2013&nbsp;Hertha BSC <\/em><\/strong><strong><em>(20.30 Uhr)<\/em><\/strong><\/p>\n\n\n\n<p>SPORT1: <img loading=\"lazy\" decoding=\"async\" width=\"10\" height=\"21\" class=\"wp-image-3656\" style=\"width: 10px;\" src=\"http:\/\/kommentatorenblog.de\/wp-content\/uploads\/2020\/09\/shure-55sh-ii-e1601485394796.jpg\" alt=\"\" srcset=\"https:\/\/kommentatorenblog.de\/wp-content\/uploads\/2020\/09\/shure-55sh-ii-e1601485394796.jpg 415w, https:\/\/kommentatorenblog.de\/wp-content\/uploads\/2020\/09\/shure-55sh-ii-e1601485394796-142x300.jpg 142w\" sizes=\"auto, (max-width: 10px) 100vw, 10px\" \/> Oliver Forster, Field-Reporter: tba<\/p>\n\n\n\n<p>Sky: <img loading=\"lazy\" decoding=\"async\" width=\"10\" height=\"21\" class=\"wp-image-3656\" style=\"width: 10px;\" src=\"http:\/\/kommentatorenblog.de\/wp-content\/uploads\/2020\/09\/shure-55sh-ii-e1601485394796.jpg\" alt=\"\" srcset=\"https:\/\/kommentatorenblog.de\/wp-content\/uploads\/2020\/09\/shure-55sh-ii-e1601485394796.jpg 415w, https:\/\/kommentatorenblog.de\/wp-content\/uploads\/2020\/09\/shure-55sh-ii-e1601485394796-142x300.jpg 142w\" sizes=\"auto, (max-width: 10px) 100vw, 10px\" \/> Stefan Hempel, Experte: S\u00f6ren Gonther<\/p>\n\n\n\n<p>Moderation (SPORT1): Katharina Kleinfeldt, Experte: Oliver Reck<\/p>\n\n\n\n<p><span style=\"text-decoration: underline;\">Sonntag, 30. Juli 2023, ab 13.00 Uhr (Sky)<\/span><\/p>\n\n\n\n<p><strong><em>Konferenz (13.30Uhr)<\/em><\/strong><\/p>\n\n\n\n<p><img loading=\"lazy\" decoding=\"async\" width=\"10\" height=\"21\" class=\"wp-image-3656\" style=\"width: 10px;\" src=\"http:\/\/kommentatorenblog.de\/wp-content\/uploads\/2020\/09\/shure-55sh-ii-e1601485394796.jpg\" alt=\"\" srcset=\"https:\/\/kommentatorenblog.de\/wp-content\/uploads\/2020\/09\/shure-55sh-ii-e1601485394796.jpg 415w, https:\/\/kommentatorenblog.de\/wp-content\/uploads\/2020\/09\/shure-55sh-ii-e1601485394796-142x300.jpg 142w\" sizes=\"auto, (max-width: 10px) 100vw, 10px\" \/> Hansi K\u00fcpper (Fokus auf SGF-SCP)<\/p>\n\n\n\n<p><strong><em>SpVgg Greuther F\u00fcrth \u2013&nbsp;SC Paderborn 07 (13.30 Uhr)<\/em><\/strong><\/p>\n\n\n\n<p><img loading=\"lazy\" decoding=\"async\" width=\"10\" height=\"21\" class=\"wp-image-3656\" style=\"width: 10px;\" src=\"http:\/\/kommentatorenblog.de\/wp-content\/uploads\/2020\/09\/shure-55sh-ii-e1601485394796.jpg\" alt=\"\" srcset=\"https:\/\/kommentatorenblog.de\/wp-content\/uploads\/2020\/09\/shure-55sh-ii-e1601485394796.jpg 415w, https:\/\/kommentatorenblog.de\/wp-content\/uploads\/2020\/09\/shure-55sh-ii-e1601485394796-142x300.jpg 142w\" sizes=\"auto, (max-width: 10px) 100vw, 10px\" \/> Hannes Herrmann<\/p>\n\n\n\n<p><strong><em>Hansa Rostock \u2013 1. FC N\u00fcrnberg<\/em><\/strong> <strong><em>(13.30 Uhr)<\/em><\/strong><\/p>\n\n\n\n<p><img loading=\"lazy\" decoding=\"async\" width=\"10\" height=\"21\" class=\"wp-image-3656\" style=\"width: 10px;\" src=\"http:\/\/kommentatorenblog.de\/wp-content\/uploads\/2020\/09\/shure-55sh-ii-e1601485394796.jpg\" alt=\"\" srcset=\"https:\/\/kommentatorenblog.de\/wp-content\/uploads\/2020\/09\/shure-55sh-ii-e1601485394796.jpg 415w, https:\/\/kommentatorenblog.de\/wp-content\/uploads\/2020\/09\/shure-55sh-ii-e1601485394796-142x300.jpg 142w\" sizes=\"auto, (max-width: 10px) 100vw, 10px\" \/> Toni Tomic, Field-Reporter: Marcus J\u00fcrgensen<\/p>\n\n\n\n<p><strong><em>Eintracht Braunschweig \u2013 Holstein Kiel (13.30 Uhr)<\/em><\/strong><\/p>\n\n\n\n<p><img loading=\"lazy\" decoding=\"async\" width=\"10\" height=\"21\" class=\"wp-image-3656\" style=\"width: 10px;\" src=\"http:\/\/kommentatorenblog.de\/wp-content\/uploads\/2020\/09\/shure-55sh-ii-e1601485394796.jpg\" alt=\"\" srcset=\"https:\/\/kommentatorenblog.de\/wp-content\/uploads\/2020\/09\/shure-55sh-ii-e1601485394796.jpg 415w, https:\/\/kommentatorenblog.de\/wp-content\/uploads\/2020\/09\/shure-55sh-ii-e1601485394796-142x300.jpg 142w\" sizes=\"auto, (max-width: 10px) 100vw, 10px\" \/> Christian Stra\u00dfburger<\/p>\n\n\n\n<p>Moderation (aus F\u00fcrth): Nele Schenker, Experte: Marco Caligiuri<\/p>\n\n\n\n<hr class=\"wp-block-separator\"\/>\n\n\n\n<p><strong>U19-Europameisterschaft der Frauen 2023, Finale<\/strong><\/p>\n\n\n\n<p><span style=\"text-decoration: underline;\">Sonntag, 30. Juli 2023<\/span><\/p>\n\n\n\n<p><strong><em>Niederlande\/Spanien \u2013 Frankreich\/Deutschland (17.30 Uhr)<\/em><\/strong><\/p>\n\n\n\n<p><img loading=\"lazy\" decoding=\"async\" width=\"10\" height=\"21\" class=\"wp-image-3656\" style=\"width: 10px;\" src=\"http:\/\/kommentatorenblog.de\/wp-content\/uploads\/2020\/09\/shure-55sh-ii-e1601485394796.jpg\" alt=\"\" srcset=\"https:\/\/kommentatorenblog.de\/wp-content\/uploads\/2020\/09\/shure-55sh-ii-e1601485394796.jpg 415w, https:\/\/kommentatorenblog.de\/wp-content\/uploads\/2020\/09\/shure-55sh-ii-e1601485394796-142x300.jpg 142w\" sizes=\"auto, (max-width: 10px) 100vw, 10px\" \/> Sport1: Hartwig Th\u00f6ne, Expertin: Sarah Zadrazil<\/p>\n\n\n\n<p><img loading=\"lazy\" decoding=\"async\" width=\"10\" height=\"21\" class=\"wp-image-3656\" style=\"width: 10px;\" src=\"http:\/\/kommentatorenblog.de\/wp-content\/uploads\/2020\/09\/shure-55sh-ii-e1601485394796.jpg\" alt=\"\" srcset=\"https:\/\/kommentatorenblog.de\/wp-content\/uploads\/2020\/09\/shure-55sh-ii-e1601485394796.jpg 415w, https:\/\/kommentatorenblog.de\/wp-content\/uploads\/2020\/09\/shure-55sh-ii-e1601485394796-142x300.jpg 142w\" sizes=\"auto, (max-width: 10px) 100vw, 10px\" \/> DAZN: Oliver Fa\u00dfnacht<\/p>\n\n\n\n<hr class=\"wp-block-separator\"\/>\n\n\n\n<p><strong>Liga Profesional, 27.Spieltag (Sportdigital FUSSBALL)<\/strong><\/p>\n\n\n\n<p><span style=\"text-decoration: underline;\"><span style=\"text-decoration: underline;\">Samstag, 29. Juli 2023<\/span><\/span><\/p>\n\n\n\n<p><strong><em>CA River Plate <strong><em>\u2013<\/em><\/strong> Racing Club (02.30 Uhr)<\/em><\/strong><\/p>\n\n\n\n<p><img loading=\"lazy\" decoding=\"async\" width=\"10\" height=\"21\" class=\"wp-image-3656\" style=\"width: 10px;\" src=\"http:\/\/kommentatorenblog.de\/wp-content\/uploads\/2020\/09\/shure-55sh-ii-e1601485394796.jpg\" alt=\"\" srcset=\"https:\/\/kommentatorenblog.de\/wp-content\/uploads\/2020\/09\/shure-55sh-ii-e1601485394796.jpg 415w, https:\/\/kommentatorenblog.de\/wp-content\/uploads\/2020\/09\/shure-55sh-ii-e1601485394796-142x300.jpg 142w\" sizes=\"auto, (max-width: 10px) 100vw, 10px\" \/> Arne Malsch<\/p>\n\n\n\n<hr class=\"wp-block-separator\"\/>\n\n\n\n<p><strong>Campeonato Brasileiro,<\/strong><strong> 17.Spieltag (Sportdigital FUSSBALL)<\/strong><\/p>\n\n\n\n<p><span style=\"text-decoration: underline;\"><span style=\"text-decoration: underline;\">Samstag, 29. Juli 2023<\/span><\/span><\/p>\n\n\n\n<p><strong><em>Fluminense <strong><em>\u2013<\/em><\/strong> Santos FC (21.00 Uhr)<\/em><\/strong><\/p>\n\n\n\n<p><img loading=\"lazy\" decoding=\"async\" width=\"10\" height=\"21\" class=\"wp-image-3656\" style=\"width: 10px;\" src=\"http:\/\/kommentatorenblog.de\/wp-content\/uploads\/2020\/09\/shure-55sh-ii-e1601485394796.jpg\" alt=\"\" srcset=\"https:\/\/kommentatorenblog.de\/wp-content\/uploads\/2020\/09\/shure-55sh-ii-e1601485394796.jpg 415w, https:\/\/kommentatorenblog.de\/wp-content\/uploads\/2020\/09\/shure-55sh-ii-e1601485394796-142x300.jpg 142w\" sizes=\"auto, (max-width: 10px) 100vw, 10px\" \/> Arne Malsch<\/p>\n\n\n\n<hr class=\"wp-block-separator\"\/>\n\n\n\n<p><strong>Ekstraklasa, 2.Spieltag (Sportdigital FUSSBALL)<\/strong><\/p>\n\n\n\n<p><span style=\"text-decoration: underline;\"><span style=\"text-decoration: underline;\">Samstag, 29. Juli 2023<\/span><\/span><\/p>\n\n\n\n<p><strong><em>Warta Posen <strong><em>\u2013<\/em><\/strong> Gornik Zabrze<\/em><\/strong> <strong><em>(15.00 Uhr)<\/em><\/strong><\/p>\n\n\n\n<p><img loading=\"lazy\" decoding=\"async\" width=\"10\" height=\"21\" class=\"wp-image-3656\" style=\"width: 10px;\" src=\"http:\/\/kommentatorenblog.de\/wp-content\/uploads\/2020\/09\/shure-55sh-ii-e1601485394796.jpg\" alt=\"\" srcset=\"https:\/\/kommentatorenblog.de\/wp-content\/uploads\/2020\/09\/shure-55sh-ii-e1601485394796.jpg 415w, https:\/\/kommentatorenblog.de\/wp-content\/uploads\/2020\/09\/shure-55sh-ii-e1601485394796-142x300.jpg 142w\" sizes=\"auto, (max-width: 10px) 100vw, 10px\" \/> J\u00f6rg Steiger<\/p>\n\n\n\n<p><span style=\"text-decoration: underline;\"><span style=\"text-decoration: underline;\">Sonntag, 30. Juli 2023<\/span><\/span><\/p>\n\n\n\n<p><strong><em>Lech Posen <strong><em>\u2013<\/em><\/strong> Radomiak Radom (17.30 Uhr)<\/em><\/strong><\/p>\n\n\n\n<p><img loading=\"lazy\" decoding=\"async\" width=\"10\" height=\"21\" class=\"wp-image-3656\" style=\"width: 10px;\" src=\"http:\/\/kommentatorenblog.de\/wp-content\/uploads\/2020\/09\/shure-55sh-ii-e1601485394796.jpg\" alt=\"\" srcset=\"https:\/\/kommentatorenblog.de\/wp-content\/uploads\/2020\/09\/shure-55sh-ii-e1601485394796.jpg 415w, https:\/\/kommentatorenblog.de\/wp-content\/uploads\/2020\/09\/shure-55sh-ii-e1601485394796-142x300.jpg 142w\" sizes=\"auto, (max-width: 10px) 100vw, 10px\" \/> Marcus Radefeld<\/p>\n\n\n\n<hr class=\"wp-block-separator\"\/>\n\n\n\n<p><strong>Fortuna Liga, 2.Spieltag (Sportdigital FUSSBALL)<\/strong><\/p>\n\n\n\n<p><span style=\"text-decoration: underline;\"><span style=\"text-decoration: underline;\">Sonntag, 30. Juli 2023<\/span><\/span><\/p>\n\n\n\n<p><strong><em>Dynamo Budweis <strong><em>\u2013<\/em><\/strong> Slavia Prag (15.00 Uhr)<\/em><\/strong><\/p>\n\n\n\n<p><img loading=\"lazy\" decoding=\"async\" width=\"10\" height=\"21\" class=\"wp-image-3656\" style=\"width: 10px;\" src=\"http:\/\/kommentatorenblog.de\/wp-content\/uploads\/2020\/09\/shure-55sh-ii-e1601485394796.jpg\" alt=\"\" srcset=\"https:\/\/kommentatorenblog.de\/wp-content\/uploads\/2020\/09\/shure-55sh-ii-e1601485394796.jpg 415w, https:\/\/kommentatorenblog.de\/wp-content\/uploads\/2020\/09\/shure-55sh-ii-e1601485394796-142x300.jpg 142w\" sizes=\"auto, (max-width: 10px) 100vw, 10px\" \/> Jakob Vogel<\/p>\n\n\n\n<hr class=\"wp-block-separator\"\/>\n\n\n\n<p><strong>Testspiele<\/strong><\/p>\n\n\n\n<p><span style=\"text-decoration: underline;\"><span style=\"text-decoration: underline;\">Sonntag, 30. Juli 2023<\/span><\/span><\/p>\n\n\n\n<p><strong><em>FC Liverpool \u2013 Leicester City (11.00 Uhr)<\/em><\/strong><\/p>\n\n\n\n<p>Sky: <img loading=\"lazy\" decoding=\"async\" width=\"10\" height=\"21\" class=\"wp-image-3656\" style=\"width: 10px;\" src=\"http:\/\/kommentatorenblog.de\/wp-content\/uploads\/2020\/09\/shure-55sh-ii-e1601485394796.jpg\" alt=\"\" srcset=\"https:\/\/kommentatorenblog.de\/wp-content\/uploads\/2020\/09\/shure-55sh-ii-e1601485394796.jpg 415w, https:\/\/kommentatorenblog.de\/wp-content\/uploads\/2020\/09\/shure-55sh-ii-e1601485394796-142x300.jpg 142w\" sizes=\"auto, (max-width: 10px) 100vw, 10px\" \/> Joachim Hebel<\/p>\n\n\n\n<p><strong><em>Manchester City \u2013 Atl\u00e9tico Madrid (13.00 Uhr)<\/em><\/strong><\/p>\n\n\n\n<p>Sky: <img loading=\"lazy\" decoding=\"async\" width=\"10\" height=\"21\" class=\"wp-image-3656\" style=\"width: 10px;\" src=\"http:\/\/kommentatorenblog.de\/wp-content\/uploads\/2020\/09\/shure-55sh-ii-e1601485394796.jpg\" alt=\"\" srcset=\"https:\/\/kommentatorenblog.de\/wp-content\/uploads\/2020\/09\/shure-55sh-ii-e1601485394796.jpg 415w, https:\/\/kommentatorenblog.de\/wp-content\/uploads\/2020\/09\/shure-55sh-ii-e1601485394796-142x300.jpg 142w\" sizes=\"auto, (max-width: 10px) 100vw, 10px\" \/> Jaron Steiner<\/p>\n\n\n\n<p><strong><em>FC Chelsea \u2013 FC Fulham (20.45 Uhr)<\/em><\/strong><\/p>\n\n\n\n<p>Sky: <img loading=\"lazy\" decoding=\"async\" width=\"10\" height=\"21\" class=\"wp-image-3656\" style=\"width: 10px;\" src=\"http:\/\/kommentatorenblog.de\/wp-content\/uploads\/2020\/09\/shure-55sh-ii-e1601485394796.jpg\" alt=\"\" srcset=\"https:\/\/kommentatorenblog.de\/wp-content\/uploads\/2020\/09\/shure-55sh-ii-e1601485394796.jpg 415w, https:\/\/kommentatorenblog.de\/wp-content\/uploads\/2020\/09\/shure-55sh-ii-e1601485394796-142x300.jpg 142w\" sizes=\"auto, (max-width: 10px) 100vw, 10px\" \/> Timo Sch\u00e4fers<\/p>\n\n\n\n<p><span style=\"text-decoration: underline;\"><span style=\"text-decoration: underline;\">Montag, 31. Juli 2023<\/span><\/span><\/p>\n\n\n\n<p><strong><em>Manchester United \u2013 Borussia Dortmund (03.00 Uhr)<\/em><\/strong><\/p>\n\n\n\n<p>DAZN: <img loading=\"lazy\" decoding=\"async\" width=\"10\" height=\"21\" class=\"wp-image-3656\" style=\"width: 10px;\" src=\"http:\/\/kommentatorenblog.de\/wp-content\/uploads\/2020\/09\/shure-55sh-ii-e1601485394796.jpg\" alt=\"\" srcset=\"https:\/\/kommentatorenblog.de\/wp-content\/uploads\/2020\/09\/shure-55sh-ii-e1601485394796.jpg 415w, https:\/\/kommentatorenblog.de\/wp-content\/uploads\/2020\/09\/shure-55sh-ii-e1601485394796-142x300.jpg 142w\" sizes=\"auto, (max-width: 10px) 100vw, 10px\" \/> Nico Seepe<\/p>\n\n\n\n<hr class=\"wp-block-separator\"\/>\n\n\n\n<p><strong>Die Analyse<\/strong><\/p>\n\n\n\n<p>Sprechen wir zu Beginn \u00fcber die Weltmeisterschaft. Am Sonntag wird sowohl der 2.Spieltag mit der Partie der Deutschen gegen Kolumbien beschlossen, als auch auch der 3. und damit finale Spieltag der Gruppenphase eingel\u00e4utet. Nachdem das ZDF Spiel eins \u00fcbernommen hat, ist jetzt die ARD dran. Da die Partie in Australien stattfindet \u00fcbernimmt logischerweise Bernd Schmelzer. Beim Finale von Gruppe A zeigt die ARD die Partie von den Gastgeberinnen aus Neuseeland live im TV, ein drittes Mal sitzt Christina Graf am Mikro. Am Montag und Dienstag \u00fcbernimmt dann das ZDF, an beiden Tagen ist die personelle Aufteilung komplett identisch. So \u00fcbernehmen Claudia Neumann und Norbert Galekse im TV &amp; Martin Schneider und Daniel Pinschower im Livestream. Im Studio in Mainz f\u00fchren Sven Voss und Kathrin Lehmann durch die \u00dcbertragung, am Montag ist zudem Andreas Luthe zu Gast. <\/p>\n\n\n\n<hr class=\"wp-block-separator\"\/>\n\n\n\n<p>Der Auftakt der 2.Bundesliga ist ein absoluter Kracher, der HSV empf\u00e4ngt Schalke 04. Das Auftaktspiel zeigt dabei in dieser Rechteperiode neben Sky ja auch SAT1. Ab 19.30Uhr starten beide Sender in den Vorlauf. Bei Sky meldet sich hierbei Thomas Wagner gemeinsam mit Torsten Mattuschka, w\u00e4hrend bei SAT1 neben Matthias Opdenh\u00f6vel nun wieder Stefan Kuntz dabei ist. Als Field-Reporter fungieren Nele Schenker bzw. Matthias Killing, bei SAT1 ist zudem aber wieder Martin Quast f\u00fcr die etwas andere Art der Zusammenfassung dabei. Bei SAT1 ist die Frage nach dem Kommentator mit Wolff Fuss schnell beantwortet, bei Sky \u00fcbernimmt Martin Gro\u00df. <\/p>\n\n\n\n<p>Am Samstag kommt der Vorlauf aus Kaiserslautern, wo der FCK den St. Pauli empf\u00e4ngt. Harmut von Kameke f\u00fchrt durch die \u00dcbertragung und wird dabei sicherlich auch auf die anderen drei Partien zu sprechen kommen, bei denen alle drei Aufsteiger unterwegs sind. Bei den Partien Hannover-Elversberg und Osnabr\u00fcck-Karlsruhe sind Field-Reporter vor Ort, Fans von Wehen Wiesbaden m\u00fcssen wiederum vergeblich auf Interviews warten &#8211; doch ein bisschen schade. Durch die erste Konferenz des Jahres f\u00fchrt Hannes Herrmann mit dem Fokusspiel Kaiserlautern gegen St.Pauli, bei den weiteren Spielen f\u00e4llt auf, dass Aufstiegskommentator Christian Stra\u00dfburger der Bremer Br\u00fccke treu bleibt (also zumindest beim Kommentieren, leider lokal gesehen weniger). <\/p>\n\n\n\n<p>Das erste Topspiel kommt auf D\u00fcsseldorf, wo die Hertha aus Berlin zu Gast ist. Bei Sky ist ausnahmsweise nicht Tusche, sondern S\u00f6ren Gonther an der Seite von Stefan Hempel im Einsatz, w\u00e4hrend bei SPORT1 Katharina Kleinfeldt ihr Deb\u00fct feiert. Kommentieren wird im FreeTV Oliver Forster. Abgerundet wird der Spieltag am Sonntag aus F\u00fcrth mit Nele Schenker und Experte Marco Caligiuri, durch die Konferenz f\u00fchrt Hansi K\u00fcpper. <\/p>\n\n\n\n<p>So viel also zu den Ansetzungen der n\u00e4chsten Tage. Die restlichen Ansetzungen des 3.Spieltags der WM liefere ich euch am Montag oder Dienstag nach, vermutlich aber als Update und nicht als eigenen Beitrag. Bis dahin, habt ein sch\u00f6nes Wochenende!<\/p>\n","protected":false},"excerpt":{"rendered":"<p>Weltmeisterschaft 2023, 03. Spieltag &#8211; Update Mittwoch, 02. August 2023, ab 08.35Uhr (ARD) S\u00fcdafrika \u2013 Italien (09.00 Uhr) ARD: Christina Graf Argentinien \u2013 Schweden (09.00 Uhr) Sportschau.de: Jan Neumann ab 11.30 Uhr (ARD) Jamaika \u2013 Brasilien (12.00 Uhr) ARD: Bernd Schmelzer Panama \u2013 Frankreich (12.00 Uhr) Sportschau.de: Stephanie Baczyk Moderation: Claus Lufen, Expertin: Nia K\u00fcnzer [&hellip;]<\/p>\n","protected":false},"author":5,"featured_media":0,"comment_status":"open","ping_status":"open","sticky":false,"template":"","format":"standard","meta":{"footnotes":""},"categories":[424,934],"tags":[920,939,19,263,582,35,615,36,636,938,13,392,580,937,104,25,211,650,405,72,347,58,585,737,494,503,95,38,571,101,369,637,191,709,665,183,941,942,306,914,22,940,66,134,28,549,620,102,710,33,838,24,346,107,37],"class_list":["post-15285","post","type-post","status-publish","format-standard","hentry","category-bundesliga-und-co","category-wm-2023","tag-amelie-stiefvatter","tag-andreas-luthe","tag-ard","tag-arne-malsch","tag-bernd-schmelzer","tag-christian-strassburger","tag-christina-graf","tag-claudia-neumann","tag-claus-lufen","tag-daniel-pinschower","tag-dazn","tag-dirk-grosse-schlarmann","tag-dominik-mueller","tag-franzi-muellers","tag-hannes-herrmann","tag-hansi-kuepper","tag-hartmut-von-kameke","tag-hartwig-thoene-2","tag-jakob-vogel","tag-jaron-steiner","tag-joachim-hebel","tag-joerg-steiger","tag-katharina-kleinfeldt","tag-kathrin-lehmann","tag-marcus-juergensen","tag-marcus-radefeld","tag-martin-gross","tag-martin-schneider","tag-matthias-killling","tag-matthias-opdenhoevel","tag-nele-schenker","tag-nia-kuenzer","tag-nico-seepe","tag-norbert-galeske","tag-oliver-fassnacht-2","tag-oliver-forster","tag-oliver-reck","tag-sarah-zadrazil","tag-sat-1","tag-sebastian-rieth","tag-sky","tag-soeren-gonther","tag-sport1","tag-sportdigital-fussball","tag-stefan-hempel","tag-stefan-kuntz","tag-stephanie-baczyk","tag-sven-toellner","tag-sven-voss","tag-thomas-wagner","tag-timo-schaefers","tag-toni-tomic","tag-torsten-mattuschka","tag-wolff-fuss","tag-zdf"],"_links":{"self":[{"href":"https:\/\/kommentatorenblog.de\/index.php?rest_route=\/wp\/v2\/posts\/15285","targetHints":{"allow":["GET"]}}],"collection":[{"href":"https:\/\/kommentatorenblog.de\/index.php?rest_route=\/wp\/v2\/posts"}],"about":[{"href":"https:\/\/kommentatorenblog.de\/index.php?rest_route=\/wp\/v2\/types\/post"}],"author":[{"embeddable":true,"href":"https:\/\/kommentatorenblog.de\/index.php?rest_route=\/wp\/v2\/users\/5"}],"replies":[{"embeddable":true,"href":"https:\/\/kommentatorenblog.de\/index.php?rest_route=%2Fwp%2Fv2%2Fcomments&post=15285"}],"version-history":[{"count":10,"href":"https:\/\/kommentatorenblog.de\/index.php?rest_route=\/wp\/v2\/posts\/15285\/revisions"}],"predecessor-version":[{"id":15314,"href":"https:\/\/kommentatorenblog.de\/index.php?rest_route=\/wp\/v2\/posts\/15285\/revisions\/15314"}],"wp:attachment":[{"href":"https:\/\/kommentatorenblog.de\/index.php?rest_route=%2Fwp%2Fv2%2Fmedia&parent=15285"}],"wp:term":[{"taxonomy":"category","embeddable":true,"href":"https:\/\/kommentatorenblog.de\/index.php?rest_route=%2Fwp%2Fv2%2Fcategories&post=15285"},{"taxonomy":"post_tag","embeddable":true,"href":"https:\/\/kommentatorenblog.de\/index.php?rest_route=%2Fwp%2Fv2%2Ftags&post=15285"}],"curies":[{"name":"wp","href":"https:\/\/api.w.org\/{rel}","templated":true}]}}