{"id":1538,"date":"2020-02-17T19:36:04","date_gmt":"2020-02-17T19:36:04","guid":{"rendered":"http:\/\/kommentatorenblog.de\/?p=1538"},"modified":"2020-12-30T15:46:04","modified_gmt":"2020-12-30T15:46:04","slug":"1057-das-warten-auf-die-koenigsklasse-hat-ein-ende","status":"publish","type":"post","link":"https:\/\/kommentatorenblog.de\/?p=1538","title":{"rendered":"1057 &#8211; Das Warten auf die K\u00f6nigsklasse hat ein Ende"},"content":{"rendered":"\n<p>N&#8217;Abend allerseits,<\/p>\n\n\n\n<p>mit angezogener Handbremse w\u00fctete der Wind auch noch am vergangenen Wochenende. Das Sturmtief, dessen Namen ich nicht im Kopf habe, und das auf die ber\u00fcchtigte Sabine folgte, richtete weder vor meiner Haust\u00fcr noch in der Bundesliga gr\u00f6\u00dfere Schaden an. Am 22. Spieltag konnte alles wie geplant stattfinden.<\/p>\n\n\n\n<p>Somit kam am Samstagabend das rheinische Derby zustande, nachdem M\u00f6nchengladbach in der Vorwoche noch pausieren musste. Kai Dittmann und Lothar Matth\u00e4us analysierten wie immer flei\u00dfig und spekulierten lange, unter welchen Umst\u00e4nden D\u00fcsseldorf etwas mitnehmen k\u00f6nnte. In Halbzeit zwei machten die Fohlen dann kurzen Prozess.<\/p>\n\n\n\n<p><strong>Auch mit \u00fcber 80 beim Legendenkommentar<\/strong><\/p>\n\n\n\n<p>Am Vorabend hatte DAZN zum Kommentar von Marco Hagemann beim Spiel des BVB gegen Eintracht Frankfurt eine Alternative parat: Der inzwischen 81-j\u00e4hrige Werner Hansch meldete sich zum Legendenkommentar, machte seine Sache auch gut, bis ihn dann beim Treffer von Lukas Piszczek ein wenig die Reaktionsschnelligkeit verlie\u00df.<\/p>\n\n\n\n<p>Grunds\u00e4tzlich scheint der Streamingdienst mit seinem Legendenkommentar aber mittelfristig eine kleine Institution zu schaffen, die sicher auch in dieser Spielzeit noch einmal aufgefahren wird. Was haltet ihr von dem Konzept und seiner Umsetzung? Und wen w\u00fcrdet ihr euch am Mikrofon w\u00fcnschen? Werner Hansch d\u00fcrfte gezeigt haben, dass das Alter da eher keine Rolle spielt, realistisch ist also vieles. Gerne ab in die Kommentare damit!<\/p>\n\n\n\n<p>Und nun zum Tagesgesch\u00e4ft. Die K\u00f6nigsklasse steht auf dem Programm, wenn auch mit nur vier Spielen ein wenig ausged\u00fcnnt, da sie ja mit ihrem Tochterwettbewerb Schritt halten muss.<\/p>\n\n\n\n<p><strong><em><span style=\"text-decoration: underline;\">Die Ansetzungen vom 17. Februar 2020 bis zum 19. Februar 2020<\/span><\/em><\/strong><\/p>\n\n\n\n<p><strong>UEFA Champions League, Hinspiel Achtelfinale <\/strong><\/p>\n\n\n\n<p><span style=\"text-decoration: underline;\">Dienstag, 17. Februar, ab 19.30 Uhr (Sky), ab 20.40 Uhr (DAZN)<\/span><\/p>\n\n\n\n<p><em><strong>Borussia Dortmund &#8211; Paris Saint-Germain (21.00 Uhr)<\/strong><\/em><\/p>\n\n\n\n<p>DAZN: Jan Platte, Experte: Per Mertesacker (Einzelspiel)<\/p>\n\n\n\n<p>Moderation (DAZN): Alex Schl\u00fcter, Field-Reporter: Daniel Herzog<\/p>\n\n\n\n<p>Sky: Wolff Fuss (Konferenz), Field-Reporter: Sebastian Hellmann<\/p>\n\n\n\n<p><em><strong>Atl\u00e9tico Madrid&nbsp;\u2013&nbsp;FC Liverpool (21.00 Uhr)<\/strong><\/em><\/p>\n\n\n\n<p>Sky: Kai Dittmann (Einzelspiel), Frank Buschmann (Konferenz)<\/p>\n\n\n\n<p>Field-Reporter: Peter Hardenacke<\/p>\n\n\n\n<p>Moderation (Sky): Michael Leopold, Experten:&nbsp;Dietmar Hamann, Bruno Labbadia&nbsp;&amp; Erik Meijer<\/p>\n\n\n\n<p><span style=\"text-decoration: underline;\">Mittwoch, 18. Februar, ab 19.30 Uhr (Sky), ab 20.45 Uhr (DAZN)<\/span><\/p>\n\n\n\n<p><em><strong>Atalanta Bergamo&nbsp;\u2013&nbsp;FC Valencia (21.00 Uhr)<\/strong><\/em><\/p>\n\n\n\n<p>Sky: Toni Tomic (Einzelspiel), Tom Bayer (Konferenz)<\/p>\n\n\n\n<p>Moderation (Sky): Sebastian Hellmann, Experten:&nbsp;Lothar Matth\u00e4us, Rene Adler&nbsp;&amp; Erik Meijer.<\/p>\n\n\n\n<p><strong><em>Tottenham Hotspur<\/em><\/strong> <em><strong>\u2013<\/strong><\/em> <strong><em>RB Leipzig (21.00 Uhr)<\/em><\/strong><\/p>\n\n\n\n<p>DAZN: Uli Hebel, Experte Ralph Gunesch<\/p>\n\n\n\n<p>Moderation (DAZN): Tobi Wahnschaffe, Field-Reporter: Max Siebald<\/p>\n\n\n\n<p>Sky: Jonas Friedrich (Konferenz), Field-Reporterin: Jessia Libbertz<\/p>\n\n\n\n<p><strong>Europa League, Sechzehntelfinale<\/strong> &#8211; <strong>Hinspiel <\/strong> <\/p>\n\n\n\n<p><span style=\"text-decoration: underline;\">Donnerstag, 19. Februar ab 18.40 Uhr (DAZN)<\/span><\/p>\n\n\n\n<p><strong>fr\u00fche GoalZone<\/strong><\/p>\n\n\n\n<p>DAZN: Jan L\u00fcdeke, Experte: Ralph Gunesch<\/p>\n\n\n\n<p><em><strong>Eintracht Frankfurt<\/strong><\/em> <em><strong>\u2013<\/strong><\/em> <em><strong>FC Salzburg (18.55 Uhr)<\/strong><\/em><\/p>\n\n\n\n<p>DAZN: Jan Platte, Experte: Jonas Hummels<\/p>\n\n\n\n<p>Moderation (DAZN): Alex Schl\u00fcter, Field-Reporter: Sebastian Benesch<\/p>\n\n\n\n<p><em><strong>Rasgrad<\/strong><\/em> <em><strong>\u2013<\/strong><\/em> <em><strong>Inter Mailand (18.55 Uhr)<\/strong><\/em><\/p>\n\n\n\n<p>DAZN: Carsten Fu\u00df<\/p>\n\n\n\n<p><strong><em>FC Br\u00fcgge<\/em><\/strong> <em><strong>\u2013<\/strong><\/em> <strong><em>Manchester United (18.55 Uhr)<\/em><\/strong><\/p>\n\n\n\n<p>DAZN: Freddy Harder<\/p>\n\n\n\n<p><strong><em>Schachtjor Donezk<\/em><\/strong> <em><strong>\u2013<\/strong><\/em> <strong><em>Benfica Lissabon (18.55 Uhr)<\/em><\/strong><\/p>\n\n\n\n<p>DAZN: Franz B\u00fcchner<\/p>\n\n\n\n<p><strong><em>FC Getafe<\/em><\/strong> <em><strong>\u2013<\/strong><\/em> <strong><em>Ajax Amsterdam (18.55 Uhr)<\/em><\/strong><\/p>\n\n\n\n<p>DAZN: Daniel G\u00fcnther, Experte: Benny Lauth<\/p>\n\n\n\n<p><strong><em>CFR Cluj \u2013 FC Sevilla (18.55 Uhr)<\/em><\/strong><\/p>\n\n\n\n<p>DAZN: Max Gross<\/p>\n\n\n\n<p><strong><em>Wolverhampton Wanderers \u2013 Espanyol Barcelona (18.55 Uhr)<\/em><\/strong>  <\/p>\n\n\n\n<p>DAZN: Guido H\u00fcsgen<\/p>\n\n\n\n<p><span style=\"text-decoration: underline;\">ab 20.15 (RTL) \/ ab 20.45 Uhr (DAZN)<\/span><\/p>\n\n\n\n<p><strong>sp\u00e4te GoalZone<\/strong><\/p>\n\n\n\n<p>DAZN: Lukas Sch\u00f6nm\u00fcller, Experte: Ralph Gunesch<\/p>\n\n\n\n<p><strong><em>Bayer Leverkusen<\/em><\/strong> <em><strong>\u2013<\/strong><\/em> <strong><em>FC Porto (21.00 Uhr)<\/em><\/strong><\/p>\n\n\n\n<p>RTL: Marco Hagemann, Experte: Steffen Freund<\/p>\n\n\n\n<p>Moderation (RTL): Laura Wontorra, Experte: Roman Weidenfeller<\/p>\n\n\n\n<p>DAZN: Uli Hebel, Experte: Sebastian Knei\u00dfl<\/p>\n\n\n\n<p>Moderation (DAZN): Tobi Wahnschaffe<\/p>\n\n\n\n<p><span style=\"text-decoration: underline;\">ab 20.55 Uhr (DAZN)<\/span><\/p>\n\n\n\n<p><strong><em>VfL Wolfsburg <\/em><\/strong><em><strong>\u2013<\/strong><\/em> <strong><em>Malm\u00f6 FF (21.00 Uhr)<\/em><\/strong><\/p>\n\n\n\n<p>DAZN: Uwe Morawe, Experte: Alexis Menuge <\/p>\n\n\n\n<p><em><strong>AS Rom<\/strong><\/em><strong style=\"font-style: italic;\"> <\/strong><strong style=\"font-style: italic;\">\u2013<\/strong> <em><strong>KAA Gent (21.00 Uhr)<\/strong><\/em><\/p>\n\n\n\n<p>DAZN: Mario Rieker<\/p>\n\n\n\n<p><strong><em>Olympiakos<\/em><\/strong> <em><strong>\u2013<\/strong><\/em> <strong><em>FC Arsenal (21.00 Uhr)<\/em><\/strong><\/p>\n\n\n\n<p>DAZN: Matthias Naebers, Experte: Necat Ayg\u00fcn<\/p>\n\n\n\n<p><em><strong>AZ Alkmaar<\/strong><\/em> <em><strong>\u2013<\/strong><\/em> <em><strong>Linzer ASK (21.00 Uhr)<\/strong><\/em><\/p>\n\n\n\n<p>DAZN: Oliver Forster, Experte: Andreas Ivanschitz<\/p>\n\n\n\n<p><strong>Internationaler Fu\u00dfball<\/strong><\/p>\n\n\n\n<p>Copa Libertadores, 3. Runde, Hinspiel: <strong><em>Tolima &#8211; Internacional (01.30 Uhr)<\/em><\/strong><\/p>\n\n\n\n<p>sportdigital FUSSBALL: Arne Malsch<\/p>\n\n\n\n<p><strong>Die Analyse<\/strong><\/p>\n\n\n\n<p>An diesem Champions-League-Spieltag erwischt Sky zun\u00e4chst die aus deutscher Sicht unattraktiveren Begegnungen. In den Einzelspielen meldet sich am Dienstagabend Kai Dittmann bei der Partie Atl\u00e9tico Madrid &#8211; FC Liverpool zu Wort. Dittmann wird live aus dem Wanda Metropolitano kommentieren, ehe das Sky-Sprachentalent Peter Hardenacke auf Stimmenfang geht. Fr\u00fcher war Hardenacke oft f\u00fcr Sky in der Champions League unterwegs. Mittlerweile erleben wir ihn mehr in den Studios in Unterf\u00f6hring. Mittwoch kommentiert Toni Tomic das Aufeinandertreffen von Atalanta und Valencia aus der Box.  <\/p>\n\n\n\n<p>In der Konferenz gr\u00fc\u00dft am Dienstag das Fifa-Duo um Wolff Fuss (BVB) und Frank Buschmann (Liverpool). Mittwoch tragen Jonas Friedrich (Leipzig) und Tom Bayer (Valencia) die Verantwortung im Konferenzkanal. Insbesondere Friedrich, der zuletzt viele Eins\u00e4tze verbuchte, d\u00fcrfte bei RB bestens im Thema sein. Er kommentierte ja bereits am Wochenende den vergeblichen Aufgalopp des SV Werder Bremen beim Tabellenzweiten der Bundesliga. F\u00fcr Bayer m\u00fcsste es indes der erste CL-Einsatz in dieser Saison sein. Zudem gibt es seine Stimme auch im Re-Live beim Dortmund-Spiel zu h\u00f6ren. Marco Hagemann \u00fcbernimmt derweil \u00fcberraschend das Liverpool-Spiel im Re-Live.  <\/p>\n\n\n\n<p><strong>Platte und Mertesacker beim BVB<\/strong><\/p>\n\n\n\n<p>DAZN \u00fcbertr\u00e4gt das Dortmund-Spiel exklusiv. Eine Sache f\u00fcr das eingespielte Duo um Jan Platte und Per Mertesacker. Hoffen wir, dass technische Probleme jeglicher Art in dieser Woche ausbleiben. Hatten sich einige User in den Kommentaren \u00fcber Tonprobleme beim Streamingdienst beschwert, bekam ich im Spiel zwischen Inter und Lazio zeitweise sogar gar kein Bild zu sehen, was Ralph Gunesch allerdings nicht davon abhielt, die zumindest visuell nicht wahrnehmbaren Geschehnisse trocken weiter zu kommentieren. Alex Schl\u00fcter und Daniel Herzog komplettieren das On-Air-Quartett. Das ist die 1A-Aufstellung von DAZN. <\/p>\n\n\n\n<p>Ob mit oder ohne kleinere Aussetzer, auf den Kracher am Dienstag folgt am Mittwoch das Kr\u00e4ftemessen von Tottenham und Leipzig im Programmplan von DAZN. Uli Hebel und Ralph Gunesch sind nicht nur mit von der Partie, sondern melden sich nach unseren Informationen auch direkt aus London. Sp\u00e4testens Mittwoch wissen wir mehr.<\/p>\n\n\n\n<p><strong>Sky sichert sich Rechte f\u00fcr alle deutschen R\u00fcckspiele<\/strong><\/p>\n\n\n\n<p>F\u00fcr Sky ist diese Woche nicht mehr als eine unangenehme Momentaufnahme. Das R\u00fcckspiel des BVB in Paris wird der Pay-TV-Sender genauso exklusiv ausstrahlen wie das Leipzig-R\u00fcckspiel und beide Partien zwischen Bayern und Chelsea. In der kommenden Woche, wenn der deutsche Rekordmeister ausw\u00e4rts in London ran muss, sitzt dann Wolff Fuss am Mikro. Die Frage, ob er das Spiel kommentieren &#8222;darf&#8220;, weil Chelsea nicht zu den ganz Gro\u00dfen geh\u00f6rt, lasse ich jetzt mal unkommentiert.<\/p>\n\n\n\n<p>In der Europa League gibt es am Donnerstag erwartungsgem\u00e4\u00df ein kleines Battle, bei dem sowohl DAZN als auch RTL schwere Gesch\u00fctze auffahren. Marco Hagemann und Steffen Freund kommentieren die Begegnung zwischen Leverkusen und Porto im Free-TV. Parallel meldet sich Uli Hebel bei seinem zweiten Einsatz in dieser Woche zu Wort. Neben ihm: Sebastian Knei\u00dfl. DAZN gibt\u00b4s hier nur aus der Box. Wir empfehlen daher f\u00fcr alle, bei denen Karneval &amp; Co keine Rolle spielt, bei RTL einzuschalten. <\/p>\n\n\n\n<p><strong>Frankreich-Experte mit Abwechslung<\/strong><\/p>\n\n\n\n<p>Zwei kleine \u00dcberraschungen sind dar\u00fcber hinaus bei den unauff\u00e4lliger anmutenden Paarungen vorzufinden. Denn Alexis Menuge, der bei DAZN ganz klar den PSG-, Frankreich- und Ligue1-Experten gibt, scheint sich zu verirren. Er begleitet an der Seite von Uwe Morawie die Partie VfL Wolfsburg &#8211; Malm\u00f6 FF. <\/p>\n\n\n\n<p>Au\u00dferdem habe ich noch das Aufeinandertreffen zwischen dem kolumbianischen Vertreter Tolima mit Internacional aus Brasilien in der dritten Runde des Copa Libertadores mit aufgenommen. Dort kommentiert Arne Malsch, der zudem hin und wieder auch f\u00fcr Magenta Sport im Einsatz ist &#8211; zuletzt am Sonntag beim BBL-Pokalfinale.<\/p>\n\n\n\n<p>In diesem Sinne, euch eine sch\u00f6ne Woche!<\/p>\n","protected":false},"excerpt":{"rendered":"<p>N&#8217;Abend allerseits, mit angezogener Handbremse w\u00fctete der Wind auch noch am vergangenen Wochenende. Das Sturmtief, dessen Namen ich nicht im Kopf habe, und das auf die ber\u00fcchtigte Sabine folgte, richtete weder vor meiner Haust\u00fcr noch in der Bundesliga gr\u00f6\u00dfere Schaden an. Am 22. Spieltag konnte alles wie geplant stattfinden. Somit kam am Samstagabend das rheinische [&hellip;]<\/p>\n","protected":false},"author":2,"featured_media":0,"comment_status":"open","ping_status":"open","sticky":false,"template":"","format":"standard","meta":{"footnotes":""},"categories":[425],"tags":[153,263,60,160,13,42,61,48,69,93,31,43,161,29,108,138,222,22,151,85,24,105,149,261,107],"class_list":["post-1538","post","type-post","status-publish","format-standard","hentry","category-champions-league-und-co","tag-alexis-menuge","tag-arne-malsch","tag-bundesliga","tag-champions-league","tag-dazn","tag-europa-league","tag-frank-buschmann","tag-jan-platte","tag-jonas-friedrich","tag-kai-dittmann","tag-lothar-matthaeus","tag-marco-hagemann","tag-per-mertesacker","tag-peter-hardenacke","tag-ralph-gunesch","tag-rtl","tag-sebastian-kneissl","tag-sky","tag-steffen-freund","tag-tom-bayer","tag-toni-tomic","tag-uli-hebel","tag-uwe-morawe","tag-werner-hansch","tag-wolff-fuss"],"_links":{"self":[{"href":"https:\/\/kommentatorenblog.de\/index.php?rest_route=\/wp\/v2\/posts\/1538","targetHints":{"allow":["GET"]}}],"collection":[{"href":"https:\/\/kommentatorenblog.de\/index.php?rest_route=\/wp\/v2\/posts"}],"about":[{"href":"https:\/\/kommentatorenblog.de\/index.php?rest_route=\/wp\/v2\/types\/post"}],"author":[{"embeddable":true,"href":"https:\/\/kommentatorenblog.de\/index.php?rest_route=\/wp\/v2\/users\/2"}],"replies":[{"embeddable":true,"href":"https:\/\/kommentatorenblog.de\/index.php?rest_route=%2Fwp%2Fv2%2Fcomments&post=1538"}],"version-history":[{"count":21,"href":"https:\/\/kommentatorenblog.de\/index.php?rest_route=\/wp\/v2\/posts\/1538\/revisions"}],"predecessor-version":[{"id":1559,"href":"https:\/\/kommentatorenblog.de\/index.php?rest_route=\/wp\/v2\/posts\/1538\/revisions\/1559"}],"wp:attachment":[{"href":"https:\/\/kommentatorenblog.de\/index.php?rest_route=%2Fwp%2Fv2%2Fmedia&parent=1538"}],"wp:term":[{"taxonomy":"category","embeddable":true,"href":"https:\/\/kommentatorenblog.de\/index.php?rest_route=%2Fwp%2Fv2%2Fcategories&post=1538"},{"taxonomy":"post_tag","embeddable":true,"href":"https:\/\/kommentatorenblog.de\/index.php?rest_route=%2Fwp%2Fv2%2Ftags&post=1538"}],"curies":[{"name":"wp","href":"https:\/\/api.w.org\/{rel}","templated":true}]}}