{"id":15406,"date":"2023-08-21T16:10:34","date_gmt":"2023-08-21T14:10:34","guid":{"rendered":"http:\/\/kommentatorenblog.de\/?p=15406"},"modified":"2025-01-16T14:22:44","modified_gmt":"2025-01-16T13:22:44","slug":"1257-einiges-los-in-sport-deutschland","status":"publish","type":"post","link":"https:\/\/kommentatorenblog.de\/?p=15406","title":{"rendered":"1357 &#8211; Einiges los in Sport- Deutschland"},"content":{"rendered":"\n<p>Hallo zusammen,<\/p>\n\n\n\n<p>der erste Spieltag in die neue Bundesliga- Saison ist nun auch pass\u00e9, ebenso wie die Fu\u00dfball- Weltmeisterschaft der Frauen in Australien und Neuseeland, mit Spanien als neuem Weltmeister.<\/p>\n\n\n\n<p><strong>Leichtathletik WM<\/strong><\/p>\n\n\n\n<p>Da nach der WM bekanntlich vor der WM ist, l\u00e4uft bereits seit Samstag die <strong>Leichtathletik- Weltmeisterschaft in Budapest<\/strong>. Zu sehen bei Eurosport, im Ersten und Zweiten. F\u00fcr <strong>Eurosport <\/strong>werden Sigi Heinrich und Markus R\u00f6hrig im Einsatz sein, f\u00fcr die <strong>ARD <\/strong>bzw. das <strong>ZDF <\/strong>wenig \u00fcberraschend Ralf Scholt und Wilfried Hark beziehungsweise Peter Leissl, Marc Windgassen und Fabian Meseberg im Zweiten. F\u00fcr Leissl ist es dabei seine letzte WM, er wird beim ISTAF in Berlin zum letzten Mal ein Leichtathletik- Event kommentieren. Wie bereits in den Kommentaren angeklungen, moderiert Claus Lufen im Ersten, der damit direkt nach der Fu\u00dfball- \u00dcbertragung nach Budapest reiste, um dann die Leistungen mit Frank Busemann zu analysieren. Im ZDF wird Norbert K\u00f6nig als Moderator fungieren. Expertin ist Lisa Mayer.<\/p>\n\n\n\n<p>Neben der WM begann am Samstag auch die <strong>Heim- EM im Hockey<\/strong>. Sowohl die Damen als auch die Herren werden in M\u00f6nchengladbach ihren Europameister k\u00fcren. Die deutschen Spiele gibt es dabei als Stream in den Mediatheken von <strong>ARD<\/strong> und <strong>ZDF <\/strong>und auf den Sportplattformen (sportschau.de und sportstudio.de) live zu sehen. Finals mit deutscher Beteiligung gibt es dann in den Hauptprogrammen. Ebenso plant zumindest das Erste Zusammenfassungen w\u00e4hrend ihren Leichtathletik- \u00dcbertragungen im TV. Die ARD wird bei der \u00dcbertragung f\u00fcr die deutschen Damen zust\u00e4ndig, hier kommentiert Christian Blunck, die deutschen Herrenspiele \u00fcbernimmt das ZDF mit Adrian von der Groeben.<\/p>\n\n\n\n<p>Alle Spiele der EM wird es im \u00dcbrigen bei <strong>Sport1Extra <\/strong>zu sehen geben.<\/p>\n\n\n\n<p><strong>Hockey, Radsport und Kanu Spektakel in Deutschlan<\/strong>d<\/p>\n\n\n\n<p>Ab Mittwoch gesellt sich dann noch der <strong>Radsport<\/strong> mit der <strong>Deutschland- Tou<\/strong>r zu den \u00dcbertragungen, ehe ab Freitag die Kanuten in Duisburg um WM- Gold k\u00e4mpfen. Den Prolog der Tour gibt es im <strong>SR<\/strong> zu sehen, ehe sich <strong>ARD <\/strong>und <strong>ZDF <\/strong>wie bei der Leichtathletik- WM t\u00e4glich mit der \u00dcbertragung abwechseln werden. Selbiges gilt auch f\u00fcr die <strong>Kanu- Weltmeisterschaft<\/strong>. Hier kommentieren wenig \u00fcberraschend Norbert Galeske (ZDF) und J\u00f6rg Klawitter(ARD). Die Deutschland- Tour begleitet f\u00fcr die ARD Florian Na\u00df, im ZDF kommt, wie u.a. bei den European Championships, nun Michael Pfeffer zum Einsatz.<\/p>\n\n\n\n<p><strong>Die Ansetzungen vom 22. Juli 2022 bis 24. August 2023:<\/strong><\/p>\n\n\n\n<hr class=\"wp-block-separator is-style-default\"\/>\n\n\n\n<p><strong>3.Liga, 3. Spieltag (Magenta Sport)<\/strong><\/p>\n\n\n\n<p><span style=\"text-decoration: underline;\">Dienstag, 22. August 2023, ab 18.30Uhr (Magenta Sport)<\/span><\/p>\n\n\n\n<p><strong><em>Konferenz (19.00Uhr)<\/em><\/strong><\/p>\n\n\n\n<p><img loading=\"lazy\" decoding=\"async\" width=\"10\" height=\"21\" class=\"wp-image-3656\" style=\"width: 10px;\" src=\"http:\/\/kommentatorenblog.de\/wp-content\/uploads\/2020\/09\/shure-55sh-ii-e1601485394796.jpg\" alt=\"\" srcset=\"https:\/\/kommentatorenblog.de\/wp-content\/uploads\/2020\/09\/shure-55sh-ii-e1601485394796.jpg 415w, https:\/\/kommentatorenblog.de\/wp-content\/uploads\/2020\/09\/shure-55sh-ii-e1601485394796-142x300.jpg 142w\" sizes=\"auto, (max-width: 10px) 100vw, 10px\" \/> Sascha Bandermann, Experte: Sebastian Schuppan<\/p>\n\n\n\n<p><span style=\"text-decoration: underline;\">ab 18.45 Uhr (Magenta Sport)<\/span><\/p>\n\n\n\n<p><strong><em>Dynamo Dresden \u2013 Waldhof Mannheim (19.00 Uhr)<\/em><\/strong><\/p>\n\n\n\n<p><img loading=\"lazy\" decoding=\"async\" width=\"10\" height=\"21\" class=\"wp-image-3656\" style=\"width: 10px;\" src=\"http:\/\/kommentatorenblog.de\/wp-content\/uploads\/2020\/09\/shure-55sh-ii-e1601485394796.jpg\" alt=\"\" srcset=\"https:\/\/kommentatorenblog.de\/wp-content\/uploads\/2020\/09\/shure-55sh-ii-e1601485394796.jpg 415w, https:\/\/kommentatorenblog.de\/wp-content\/uploads\/2020\/09\/shure-55sh-ii-e1601485394796-142x300.jpg 142w\" sizes=\"auto, (max-width: 10px) 100vw, 10px\" \/> Andreas Mann<\/p>\n\n\n\n<p>Moderation: Stefanie Blochwitz<\/p>\n\n\n\n<p><strong><em>Hallescher FC \u2013 MSV Duisburg (19.00 Uhr)<\/em><\/strong><\/p>\n\n\n\n<p><img loading=\"lazy\" decoding=\"async\" width=\"10\" height=\"21\" class=\"wp-image-3656\" style=\"width: 10px;\" src=\"http:\/\/kommentatorenblog.de\/wp-content\/uploads\/2020\/09\/shure-55sh-ii-e1601485394796.jpg\" alt=\"\" srcset=\"https:\/\/kommentatorenblog.de\/wp-content\/uploads\/2020\/09\/shure-55sh-ii-e1601485394796.jpg 415w, https:\/\/kommentatorenblog.de\/wp-content\/uploads\/2020\/09\/shure-55sh-ii-e1601485394796-142x300.jpg 142w\" sizes=\"auto, (max-width: 10px) 100vw, 10px\" \/> Markus Herwig<\/p>\n\n\n\n<p>Moderation: Alexander K\u00fcpper<\/p>\n\n\n\n<p><strong><em>Preu\u00dfen M\u00fcnster \u2013 FC Ingolstadt (14.00 Uhr)<\/em><\/strong><\/p>\n\n\n\n<p><img loading=\"lazy\" decoding=\"async\" width=\"10\" height=\"21\" class=\"wp-image-3656\" style=\"width: 10px;\" src=\"http:\/\/kommentatorenblog.de\/wp-content\/uploads\/2020\/09\/shure-55sh-ii-e1601485394796.jpg\" alt=\"\" srcset=\"https:\/\/kommentatorenblog.de\/wp-content\/uploads\/2020\/09\/shure-55sh-ii-e1601485394796.jpg 415w, https:\/\/kommentatorenblog.de\/wp-content\/uploads\/2020\/09\/shure-55sh-ii-e1601485394796-142x300.jpg 142w\" sizes=\"auto, (max-width: 10px) 100vw, 10px\" \/> Markus H\u00f6hner<\/p>\n\n\n\n<p>Moderation: Thomas Wagner<\/p>\n\n\n\n<p><strong><em>SSV 1846 Ulm \u2013 <strong><em>DSC Arminia Bielefeld <\/em><\/strong> (19.00 Uhr)<\/em><\/strong><\/p>\n\n\n\n<p><img loading=\"lazy\" decoding=\"async\" width=\"10\" height=\"21\" class=\"wp-image-3656\" style=\"width: 10px;\" src=\"http:\/\/kommentatorenblog.de\/wp-content\/uploads\/2020\/09\/shure-55sh-ii-e1601485394796.jpg\" alt=\"\" srcset=\"https:\/\/kommentatorenblog.de\/wp-content\/uploads\/2020\/09\/shure-55sh-ii-e1601485394796.jpg 415w, https:\/\/kommentatorenblog.de\/wp-content\/uploads\/2020\/09\/shure-55sh-ii-e1601485394796-142x300.jpg 142w\" sizes=\"auto, (max-width: 10px) 100vw, 10px\" \/> Oskar Heirler<\/p>\n\n\n\n<p>Moderation: Simon K\u00f6pfer<\/p>\n\n\n\n<p><strong><em>TSV 1860 M\u00fcnchen \u2013 VfB L\u00fcbeck (19.00 Uhr)<\/em><\/strong><\/p>\n\n\n\n<p><img loading=\"lazy\" decoding=\"async\" width=\"10\" height=\"21\" class=\"wp-image-3656\" style=\"width: 10px;\" src=\"http:\/\/kommentatorenblog.de\/wp-content\/uploads\/2020\/09\/shure-55sh-ii-e1601485394796.jpg\" alt=\"\" srcset=\"https:\/\/kommentatorenblog.de\/wp-content\/uploads\/2020\/09\/shure-55sh-ii-e1601485394796.jpg 415w, https:\/\/kommentatorenblog.de\/wp-content\/uploads\/2020\/09\/shure-55sh-ii-e1601485394796-142x300.jpg 142w\" sizes=\"auto, (max-width: 10px) 100vw, 10px\" \/> Franz B\u00fcchner<\/p>\n\n\n\n<p>Moderation: Jan L\u00fcdeke<\/p>\n\n\n\n<p><span style=\"text-decoration: underline;\">Mittwoch, 23. August 2023, ab 18.30 Uhr (Magenta Sport)<\/span><\/p>\n\n\n\n<p><strong><em>Konferenz (19.00Uhr)<\/em><\/strong><\/p>\n\n\n\n<p><img loading=\"lazy\" decoding=\"async\" width=\"10\" height=\"21\" class=\"wp-image-3656\" style=\"width: 10px;\" src=\"http:\/\/kommentatorenblog.de\/wp-content\/uploads\/2020\/09\/shure-55sh-ii-e1601485394796.jpg\" alt=\"\" srcset=\"https:\/\/kommentatorenblog.de\/wp-content\/uploads\/2020\/09\/shure-55sh-ii-e1601485394796.jpg 415w, https:\/\/kommentatorenblog.de\/wp-content\/uploads\/2020\/09\/shure-55sh-ii-e1601485394796-142x300.jpg 142w\" sizes=\"auto, (max-width: 10px) 100vw, 10px\" \/> Alexander Klich, Experte: Steven Rupprecht<\/p>\n\n\n\n<p><span style=\"text-decoration: underline;\">ab 18.45 Uhr (Magenta Sport)<\/span><\/p>\n\n\n\n<p><strong><em>1.FC Saarbr\u00fccken \u2013 SC Verl (19.00 Uhr)<\/em><\/strong><\/p>\n\n\n\n<p><img loading=\"lazy\" decoding=\"async\" width=\"10\" height=\"21\" class=\"wp-image-3656\" style=\"width: 10px;\" src=\"http:\/\/kommentatorenblog.de\/wp-content\/uploads\/2020\/09\/shure-55sh-ii-e1601485394796.jpg\" alt=\"\" srcset=\"https:\/\/kommentatorenblog.de\/wp-content\/uploads\/2020\/09\/shure-55sh-ii-e1601485394796.jpg 415w, https:\/\/kommentatorenblog.de\/wp-content\/uploads\/2020\/09\/shure-55sh-ii-e1601485394796-142x300.jpg 142w\" sizes=\"auto, (max-width: 10px) 100vw, 10px\" \/> Michael Bollenbacher<\/p>\n\n\n\n<p>Moderation: Cedric Pick<\/p>\n\n\n\n<p><strong><em>Erzgebirge Aue \u2013 SV Sandhausen (19.00 Uhr)<\/em><\/strong><\/p>\n\n\n\n<p><img loading=\"lazy\" decoding=\"async\" width=\"10\" height=\"21\" class=\"wp-image-3656\" style=\"width: 10px;\" src=\"http:\/\/kommentatorenblog.de\/wp-content\/uploads\/2020\/09\/shure-55sh-ii-e1601485394796.jpg\" alt=\"\" srcset=\"https:\/\/kommentatorenblog.de\/wp-content\/uploads\/2020\/09\/shure-55sh-ii-e1601485394796.jpg 415w, https:\/\/kommentatorenblog.de\/wp-content\/uploads\/2020\/09\/shure-55sh-ii-e1601485394796-142x300.jpg 142w\" sizes=\"auto, (max-width: 10px) 100vw, 10px\" \/> Lenny Leonhardt<\/p>\n\n\n\n<p>Moderation: Alexander K\u00fcpper<\/p>\n\n\n\n<p><strong><em>Viktoria K\u00f6ln \u2013 <strong><em>Rot Weiss Essen<\/em><\/strong> (19.00 Uhr)<\/em><\/strong><\/p>\n\n\n\n<p><img loading=\"lazy\" decoding=\"async\" width=\"10\" height=\"21\" class=\"wp-image-3656\" style=\"width: 10px;\" src=\"http:\/\/kommentatorenblog.de\/wp-content\/uploads\/2020\/09\/shure-55sh-ii-e1601485394796.jpg\" alt=\"\" srcset=\"https:\/\/kommentatorenblog.de\/wp-content\/uploads\/2020\/09\/shure-55sh-ii-e1601485394796.jpg 415w, https:\/\/kommentatorenblog.de\/wp-content\/uploads\/2020\/09\/shure-55sh-ii-e1601485394796-142x300.jpg 142w\" sizes=\"auto, (max-width: 10px) 100vw, 10px\" \/> Christian Stra\u00dfburger<\/p>\n\n\n\n<p>Moderation: Konstantin Klostermann<\/p>\n\n\n\n<p><strong><em>SC Freiburg II \u2013&nbsp;SpVgg Unterhaching (19.00 Uhr)<\/em><\/strong><\/p>\n\n\n\n<p><img loading=\"lazy\" decoding=\"async\" width=\"10\" height=\"21\" class=\"wp-image-3656\" style=\"width: 10px;\" src=\"http:\/\/kommentatorenblog.de\/wp-content\/uploads\/2020\/09\/shure-55sh-ii-e1601485394796.jpg\" alt=\"\" srcset=\"https:\/\/kommentatorenblog.de\/wp-content\/uploads\/2020\/09\/shure-55sh-ii-e1601485394796.jpg 415w, https:\/\/kommentatorenblog.de\/wp-content\/uploads\/2020\/09\/shure-55sh-ii-e1601485394796-142x300.jpg 142w\" sizes=\"auto, (max-width: 10px) 100vw, 10px\" \/> Martin Piller<\/p>\n\n\n\n<p>Moderation: Simon K\u00f6pfer<\/p>\n\n\n\n<p><strong><em>SSV Jahn Regensburg \u2013 <strong><em>Borussia Dortmund II <\/em><\/strong>(19.00 Uhr)<\/em><\/strong><\/p>\n\n\n\n<p><img loading=\"lazy\" decoding=\"async\" width=\"10\" height=\"21\" class=\"wp-image-3656\" style=\"width: 10px;\" src=\"http:\/\/kommentatorenblog.de\/wp-content\/uploads\/2020\/09\/shure-55sh-ii-e1601485394796.jpg\" alt=\"\" srcset=\"https:\/\/kommentatorenblog.de\/wp-content\/uploads\/2020\/09\/shure-55sh-ii-e1601485394796.jpg 415w, https:\/\/kommentatorenblog.de\/wp-content\/uploads\/2020\/09\/shure-55sh-ii-e1601485394796-142x300.jpg 142w\" sizes=\"auto, (max-width: 10px) 100vw, 10px\" \/> Sebastian Ulrich<\/p>\n\n\n\n<p>Moderation: Sascha Bandermann<\/p>\n\n\n\n<hr class=\"wp-block-separator is-style-default\"\/>\n\n\n\n<p><strong>Champions League, Playoff- Hinspiel (Prime\/DAZN)<\/strong><\/p>\n\n\n\n<p><span style=\"text-decoration: underline;\">Dienstag, 22. August 2023, <span style=\"text-decoration: underline;\">ab 20.30 Uhr (DAZN)<\/span><\/span><\/p>\n\n\n\n<p><em><strong style=\"font-style: italic;\">Glasgow Rangers <strong><span><b style=\"font-style: italic;\">\u2013<\/b><\/span><\/strong><\/strong> <strong>PSV Eindhoven (21.00 Uhr)<\/strong> <\/em><br><img loading=\"lazy\" decoding=\"async\" width=\"10\" height=\"21\" class=\"wp-image-3656\" style=\"width: 10px;\" src=\"http:\/\/kommentatorenblog.de\/wp-content\/uploads\/2020\/09\/shure-55sh-ii-e1601485394796.jpg\" alt=\"\" srcset=\"https:\/\/kommentatorenblog.de\/wp-content\/uploads\/2020\/09\/shure-55sh-ii-e1601485394796.jpg 415w, https:\/\/kommentatorenblog.de\/wp-content\/uploads\/2020\/09\/shure-55sh-ii-e1601485394796-142x300.jpg 142w\" sizes=\"auto, (max-width: 10px) 100vw, 10px\" \/> Jonas Friedrich, Experte: Benedikt H\u00f6wedes<\/p>\n\n\n\n<p>Moderation: Sebastian Hellmann, Experten: Miroslav Klose, Patrick Owomoyela<\/p>\n\n\n\n<p>Field- Reporterin: Annika Zimmermann<\/p>\n\n\n\n<p><span style=\"text-decoration: underline;\">Dienstag, 22. August 2023, <span style=\"text-decoration: underline;\">ab 21.00 Uhr (DAZN)<\/span><\/span><\/p>\n\n\n\n<p><em><strong style=\"font-style: italic;\">Royal Antwerpen <strong><span><b style=\"font-style: italic;\">\u2013<\/b><\/span><\/strong><\/strong> <strong>AEK Athen (21.00 Uhr)<\/strong> <\/em><br><img loading=\"lazy\" decoding=\"async\" width=\"10\" height=\"21\" class=\"wp-image-3656\" style=\"width: 10px;\" src=\"http:\/\/kommentatorenblog.de\/wp-content\/uploads\/2020\/09\/shure-55sh-ii-e1601485394796.jpg\" alt=\"\" srcset=\"https:\/\/kommentatorenblog.de\/wp-content\/uploads\/2020\/09\/shure-55sh-ii-e1601485394796.jpg 415w, https:\/\/kommentatorenblog.de\/wp-content\/uploads\/2020\/09\/shure-55sh-ii-e1601485394796-142x300.jpg 142w\" sizes=\"auto, (max-width: 10px) 100vw, 10px\" \/> David Ploch<\/p>\n\n\n\n<p><em><strong style=\"font-style: italic;\">Tschenstochau <strong><span><b style=\"font-style: italic;\">\u2013<\/b><\/span><\/strong><\/strong> <strong>FC Kopenhagen (21.00 Uhr)<\/strong> <\/em><br><img loading=\"lazy\" decoding=\"async\" width=\"10\" height=\"21\" class=\"wp-image-3656\" style=\"width: 10px;\" src=\"http:\/\/kommentatorenblog.de\/wp-content\/uploads\/2020\/09\/shure-55sh-ii-e1601485394796.jpg\" alt=\"\" srcset=\"https:\/\/kommentatorenblog.de\/wp-content\/uploads\/2020\/09\/shure-55sh-ii-e1601485394796.jpg 415w, https:\/\/kommentatorenblog.de\/wp-content\/uploads\/2020\/09\/shure-55sh-ii-e1601485394796-142x300.jpg 142w\" sizes=\"auto, (max-width: 10px) 100vw, 10px\" \/> Tom Kirsten<\/p>\n\n\n\n<p><span style=\"text-decoration: underline;\"><span style=\"text-decoration: underline;\">Mittwoch, 23. August 2023, <span style=\"text-decoration: underline;\">ab 21.00 Uhr (DAZN)<\/span><\/span><\/span><\/p>\n\n\n\n<p><strong style=\"font-style: italic;\">SC Braga <strong><em><span><b style=\"font-style: italic;\">\u2013<\/b><\/span><\/em><\/strong><\/strong> <em><strong>Panathinaikos (21.00 Uhr)<\/strong><\/em> <\/p>\n\n\n\n<p><img loading=\"lazy\" decoding=\"async\" width=\"10\" height=\"21\" class=\"wp-image-3656\" style=\"width: 10px;\" src=\"http:\/\/kommentatorenblog.de\/wp-content\/uploads\/2020\/09\/shure-55sh-ii-e1601485394796.jpg\" alt=\"\" srcset=\"https:\/\/kommentatorenblog.de\/wp-content\/uploads\/2020\/09\/shure-55sh-ii-e1601485394796.jpg 415w, https:\/\/kommentatorenblog.de\/wp-content\/uploads\/2020\/09\/shure-55sh-ii-e1601485394796-142x300.jpg 142w\" sizes=\"auto, (max-width: 10px) 100vw, 10px\" \/> Mario Rieker<\/p>\n\n\n\n<p><strong style=\"font-style: italic;\"><strong style=\"font-style: italic;\">Maccabi Haifa <strong style=\"font-style: italic;\"><strong><em><span><b style=\"font-style: italic;\">\u2013<\/b><\/span><\/em><\/strong><\/strong> Young Boys<\/strong><em><strong> (21.00 Uhr)<\/strong><\/em> <\/strong><\/p>\n\n\n\n<p><img loading=\"lazy\" decoding=\"async\" width=\"10\" height=\"21\" class=\"wp-image-3656\" style=\"width: 10px;\" src=\"http:\/\/kommentatorenblog.de\/wp-content\/uploads\/2020\/09\/shure-55sh-ii-e1601485394796.jpg\" alt=\"\" srcset=\"https:\/\/kommentatorenblog.de\/wp-content\/uploads\/2020\/09\/shure-55sh-ii-e1601485394796.jpg 415w, https:\/\/kommentatorenblog.de\/wp-content\/uploads\/2020\/09\/shure-55sh-ii-e1601485394796-142x300.jpg 142w\" sizes=\"auto, (max-width: 10px) 100vw, 10px\" \/> Freddy Harder<\/p>\n\n\n\n<p><strong style=\"font-style: italic;\"><strong style=\"font-style: italic;\">Molde &#8211; Galatasaray<\/strong><em><strong> (21.00 Uhr)<\/strong><\/em> <\/strong><\/p>\n\n\n\n<p><img loading=\"lazy\" decoding=\"async\" width=\"10\" height=\"21\" class=\"wp-image-3656\" style=\"width: 10px;\" src=\"http:\/\/kommentatorenblog.de\/wp-content\/uploads\/2020\/09\/shure-55sh-ii-e1601485394796.jpg\" alt=\"\" srcset=\"https:\/\/kommentatorenblog.de\/wp-content\/uploads\/2020\/09\/shure-55sh-ii-e1601485394796.jpg 415w, https:\/\/kommentatorenblog.de\/wp-content\/uploads\/2020\/09\/shure-55sh-ii-e1601485394796-142x300.jpg 142w\" sizes=\"auto, (max-width: 10px) 100vw, 10px\" \/> Max Siebald<\/p>\n\n\n\n<hr class=\"wp-block-separator is-style-default\"\/>\n\n\n\n<p><strong>Conference League, Playoff- Hinspiel (RTL+)<\/strong><\/p>\n\n\n\n<p><span style=\"text-decoration: underline;\">Donnerstag, 24. August 2023, ab 18.35 Uhr<\/span><\/p>\n\n\n\n<p><strong><em>Levski Sofia  \u2013 Eintracht Frankfurt (19.00 Uhr)<\/em><\/strong><\/p>\n\n\n\n<p> <img loading=\"lazy\" decoding=\"async\" width=\"10\" height=\"21\" class=\"wp-image-3656\" style=\"width: 10px;\" src=\"http:\/\/kommentatorenblog.de\/wp-content\/uploads\/2020\/09\/shure-55sh-ii-e1601485394796.jpg\" alt=\"\" srcset=\"https:\/\/kommentatorenblog.de\/wp-content\/uploads\/2020\/09\/shure-55sh-ii-e1601485394796.jpg 415w, https:\/\/kommentatorenblog.de\/wp-content\/uploads\/2020\/09\/shure-55sh-ii-e1601485394796-142x300.jpg 142w\" sizes=\"auto, (max-width: 10px) 100vw, 10px\" \/> Marco Hagemann, Experte: Steffen Freund<\/p>\n\n\n\n<p>Moderation: Florian K\u00f6nig<\/p>\n\n\n\n<hr class=\"wp-block-separator is-style-default\"\/>\n\n\n\n<hr class=\"wp-block-separator is-style-default\"\/>\n\n\n\n<p><strong><code>Analyse<\/code><\/strong><\/p>\n\n\n\n<p>W\u00e4hrend die erste und zweite Bundesliga unter der Woche nicht spielen wird, steht in Liga 3 eine englische Woche an. Da die Sublizenzen der ARD nur Spiele am zwei Spiele am Samstag im Free TV erlauben, wird dieser Spieltag, wie auch in der Vergangenheit exklusiv bei Magenta Sport zu sehen sein. Nichtsdestotrotz wird die ein oder andere Stimme zu h\u00f6ren sein, welche auch f\u00fcr ARD- Sender im Einsatz ist. Dazu geh\u00f6rt u.a. Michael Bollenbacher, der seit dieser Saison neu dabei ist. Des Weiteren sind nat\u00fcrlich auch bekannte Magenta- Gesichter , wie Piller, Klich oder Bandermann, im Einsatz.<\/p>\n\n\n\n<p>Neben der dritten Liga stehen auch die Playoff- Hinspiele in der Champions League an. Da Deutschland im UEFA- Ranking noch zu den Top- Nationen geh\u00f6rt, sind alle vier deutschen Starter direkt f\u00fcr die Gruppenphase qualifiziert. <\/p>\n\n\n\n<p>Wie in der Gruppenphase und dar\u00fcber hinaus wird Prime dabei ein Spiel am Dienstag exklusiv \u00fcbertragen. Beim Hinspiel ist das die Partie der Rangers gegen Eindhoven. Obwohl es sich hierbei &#8222;nur&#8220; um ein Playoff- Spiel handelt, ist das Prime- Team nur unwesentlich kleiner als bei den restlichen CL- Spielen. Kommentieren wird, wie gewohnt, Jonas Friedrich, an seiner Seite: Benedikt H\u00f6wedes. Neben Moderator Sebastian Hellmann wird daf\u00fcr Miroslav Klose sein Experten- Deb\u00fct bei Prime feiern.<\/p>\n\n\n\n<p>Die weiteren Spiele am Dienstag und Mittwoch gibt es dann, wie gewohnt, bei DAZN zu sehen.<\/p>\n\n\n\n<p>Das war es an dieser Stelle, am Donnerstag geht es dann u.a. mit dem 2. Spieltag in der Fu\u00dfball- Bundesliga weiter. Bis dahin allen eine sch\u00f6ne Woche.<\/p>\n","protected":false},"excerpt":{"rendered":"<p>Hallo zusammen, der erste Spieltag in die neue Bundesliga- Saison ist nun auch pass\u00e9, ebenso wie die Fu\u00dfball- Weltmeisterschaft der Frauen in Australien und Neuseeland, mit Spanien als neuem Weltmeister. Leichtathletik WM Da nach der WM bekanntlich vor der WM ist, l\u00e4uft bereits seit Samstag die Leichtathletik- Weltmeisterschaft in Budapest. Zu sehen bei Eurosport, im [&hellip;]<\/p>\n","protected":false},"author":10,"featured_media":0,"comment_status":"open","ping_status":"open","sticky":false,"template":"","format":"standard","meta":{"footnotes":""},"categories":[429],"tags":[949,163,216,596,19,337,256,35,165,13,295,123,69,294,9,243,118,67,130,279,593,293,947,12,944,778,415,344,135,950,33,200,37],"class_list":["post-15406","post","type-post","status-publish","format-standard","hentry","category-diverses","tag-alexander-klich-2","tag-alexander-kuepper","tag-andreas-mann","tag-annika-zimmermann","tag-ard","tag-benedikt-hoewedes","tag-cedric-pick","tag-christian-strassburger","tag-david-ploch","tag-dazn","tag-freddy-harder","tag-jan-luedeke","tag-jonas-friedrich","tag-lenny-leonhardt","tag-magenta-sport","tag-mario-rieker","tag-markus-herwig","tag-markus-hoehner","tag-martin-piller","tag-max-siebald","tag-michael-bollenbacher","tag-oskar-heirler","tag-prime","tag-sascha-bandermann","tag-sebastian-schuppan","tag-sebastian-ulrich","tag-simon-koepfer","tag-sr","tag-stefanie-blochwitz","tag-steven-rupprecht","tag-thomas-wagner","tag-tom-kirsten","tag-zdf"],"_links":{"self":[{"href":"https:\/\/kommentatorenblog.de\/index.php?rest_route=\/wp\/v2\/posts\/15406","targetHints":{"allow":["GET"]}}],"collection":[{"href":"https:\/\/kommentatorenblog.de\/index.php?rest_route=\/wp\/v2\/posts"}],"about":[{"href":"https:\/\/kommentatorenblog.de\/index.php?rest_route=\/wp\/v2\/types\/post"}],"author":[{"embeddable":true,"href":"https:\/\/kommentatorenblog.de\/index.php?rest_route=\/wp\/v2\/users\/10"}],"replies":[{"embeddable":true,"href":"https:\/\/kommentatorenblog.de\/index.php?rest_route=%2Fwp%2Fv2%2Fcomments&post=15406"}],"version-history":[{"count":16,"href":"https:\/\/kommentatorenblog.de\/index.php?rest_route=\/wp\/v2\/posts\/15406\/revisions"}],"predecessor-version":[{"id":15448,"href":"https:\/\/kommentatorenblog.de\/index.php?rest_route=\/wp\/v2\/posts\/15406\/revisions\/15448"}],"wp:attachment":[{"href":"https:\/\/kommentatorenblog.de\/index.php?rest_route=%2Fwp%2Fv2%2Fmedia&parent=15406"}],"wp:term":[{"taxonomy":"category","embeddable":true,"href":"https:\/\/kommentatorenblog.de\/index.php?rest_route=%2Fwp%2Fv2%2Fcategories&post=15406"},{"taxonomy":"post_tag","embeddable":true,"href":"https:\/\/kommentatorenblog.de\/index.php?rest_route=%2Fwp%2Fv2%2Ftags&post=15406"}],"curies":[{"name":"wp","href":"https:\/\/api.w.org\/{rel}","templated":true}]}}