{"id":1541,"date":"2020-02-20T21:43:18","date_gmt":"2020-02-20T21:43:18","guid":{"rendered":"https:\/\/kommentatorenblog.de\/?p=1541"},"modified":"2020-12-30T15:59:52","modified_gmt":"2020-12-30T15:59:52","slug":"1058-ein-kleiner-rueckblick","status":"publish","type":"post","link":"https:\/\/kommentatorenblog.de\/?p=1541","title":{"rendered":"1058 &#8211; Ein kleiner R\u00fcckblick und Sonderfall in der Premier League"},"content":{"rendered":"\n<p>N\u2019Abend allerseits!<\/p>\n\n\n\n<p>Die ersten vier Champions League Spiele der neuen Dekade sind gelaufen. Grund genug sich anzuschauen wie Sky und DAZN geliefert haben!<\/p>\n\n\n\n<p>DAZN durfte die zwei deutschen Spiele \u00fcbertragen. Am Dienstag in Dortmund kam das A-Personal im Einsatz. Alex Schl\u00fcter und Daniel Herzog agierten am Spielfeldrand gewohnt professionell und gelassen. Das Interview vom Experten Per Mertesacker mit Marco Reus war auch abwechslungsreich. Die Idee hatte wohl der BVB. Schlie\u00dflich war Reus vorher auch bei Sky-Mann Helmer. Jan Platte hatte am Kommentatorenplatz seinen Spa\u00df und begleitete die Partie mit Sachverstand, aber auch mit Emotion. Beim Kommentar aus dem Stadion ist er f\u00fcr mich einer der Top-3 Kommentatoren in Deutschland! Am Mittwoch wiederum entschied sich DAZN f\u00fcr die \u00dcbertragung aus der Box. Aus meiner Perspektive war das einer der Gr\u00fcnde, warum die \u00dcbertragung nicht an die vom Vortag herankam.<\/p>\n\n\n\n<p>Sky wiederum lieferte, zumindest in der Konferenz, an beiden Tagen! An den Duos Fuss\/Buschmann und Friedrich\/Bayer habe ich nichts auszusetzen! Die Berichterstattung rund herum gefiel mir am Dienstag auch sehr gut! Michael Leopold, Didi Hamann und Bruno Labbadia waren ein starkes Trio. Peter Hardenacke bekam Klopp, Simeone und van Dijk ans Mikro. Am Mittwoch wiederum \u00fcberzeugte Sky mich nicht. Ren\u00e9 Adler und Lothar Matth\u00e4us habe ich schon meinungsst\u00e4rker erlebt.<\/p>\n\n\n\n<p>Und jetzt die Ansetzungen f\u00fcrs Wochenende!<\/p>\n\n\n\n<p><strong><em>Die Ansetzungen vom 21. Februar bis zum&nbsp;24. Februar 2020<\/em><\/strong><\/p>\n\n\n\n<p><strong>Bundesliga, 23. Spieltag<\/strong><\/p>\n\n\n\n<p><span style=\"text-decoration: underline;\">Freitag, 21. Januar 2020, ab 20.10 Uhr (DAZN)<\/span><\/p>\n\n\n\n<p><strong><em>Bayern M\u00fcnchen \u2013&nbsp;SC Paderborn 07 (20.30 Uhr)<\/em><\/strong><\/p>\n\n\n\n<p>DAZN: Jan Platte, Experte: Jonas Hummels<\/p>\n\n\n\n<p>Moderation (DAZN): Daniel Herzog, Field-Reporter: Sebastian Benesch<\/p>\n\n\n\n<p><span style=\"text-decoration: underline;\">Samstag, 22. Februar 2020, ab 14.00 Uhr (Sky)<\/span><\/p>\n\n\n\n<p><strong><em>SV Werder Bremen \u2013 Borussia Dortmund (15.30 Uhr)<\/em><\/strong><\/p>\n\n\n\n<p>Sky: Kai Dittmann (Einzelspiel), Frank Buschmann (Konferenz)<\/p>\n\n\n\n<p>Field-Reporter (Sky): Patrick Wasserziehr<\/p>\n\n\n\n<p><strong><em>Borussia M&#8217;gladbach \u2013 TSG 1899 Hoffenheim (15.30 Uhr)<\/em><\/strong><\/p>\n\n\n\n<p>Sky: Tom Bayer (Einzelspiel), Michael Born (Konferenz)<\/p>\n\n\n\n<p>Field-Reporter (Sky): Ecki Heuser<\/p>\n\n\n\n<p><strong><em>Hertha BSC \u2013 1. FC K\u00f6ln&nbsp;(15.30 Uhr)<\/em><\/strong><\/p>\n\n\n\n<p>Sky: Oliver Seidler (Einzelspiel), J\u00f6rg Dahlmann (Konferenz)<\/p>\n\n\n\n<p>Field-Reporter (Sky): Jens Westen<\/p>\n\n\n\n<p><strong><em>SC Freiburg \u2013 Fortuna D\u00fcsseldorf (15.30 Uhr)<\/em><\/strong><\/p>\n\n\n\n<p>Sky: Roland Evers (Einzelspiel), Holger Pfandt (Konferenz)<\/p>\n\n\n\n<p>Field-Reporter (Sky): Martin Gro\u00df<\/p>\n\n\n\n<p>Moderation (Sky): Michael Leopold,&nbsp;Experte:&nbsp;Dietmar Hamann<\/p>\n\n\n\n<p><span style=\"text-decoration: underline;\">ab 17.30 Uhr (Sky)<\/span><\/p>\n\n\n\n<p><strong><em>FC Schalke 04 \u2013 RB Leipzig (18.30 Uhr)<\/em><\/strong><\/p>\n\n\n\n<p>Sky: Wolff-Fuss <\/p>\n\n\n\n<p>Moderation (Sky): Sebastian Hellmann, Experte: Lothar Matth\u00e4us, Field-Reporter: Stefan Hempel<\/p>\n\n\n\n<p><span style=\"text-decoration: underline;\">Sonntag, 23. Februar 2020, ab 14.30 Uhr (Sky)<\/span><\/p>\n\n\n\n<p><strong><em>Bayer 04 Leverkusen \u2013 FC Augsburg (15.30 Uhr)<\/em><\/strong><\/p>\n\n\n\n<p>Sky: Klaus Veltmann <\/p>\n\n\n\n<p>Field-Reporter (Sky): Martin Gro\u00df<\/p>\n\n\n\n<p><span style=\"text-decoration: underline;\">ab 17.30 Uhr (Sky)<\/span><\/p>\n\n\n\n<p><strong><em>VfL Wolfsburg \u2013 1. FSV Mainz 05 (18.00 Uhr)<\/em><\/strong><\/p>\n\n\n\n<p>Sky: Marcus Lindemann<\/p>\n\n\n\n<p>Field-Reporterin (Sky): Esther Sedlaczek<\/p>\n\n\n\n<p>Moderation (Sky):&nbsp;Jessica Libbertz, Experte: Ren\u00e9 Adler<\/p>\n\n\n\n<p><span style=\"text-decoration: underline;\">Montag, 24. Januar 2020, ab 20.15 Uhr (DAZN)<\/span><\/p>\n\n\n\n<p><em><strong>Eintracht Frankfurt \u2013 Union Berlin (20.30 Uhr)<\/strong><\/em><\/p>\n\n\n\n<p>DAZN: Lukas Sch\u00f6nm\u00fcller, Experte: Sebastian Knei\u00dfl<\/p>\n\n\n\n<p>Moderation (DAZN): Tobi Wahnschaffe, Field-Reporter: Daniel Herzog <\/p>\n\n\n\n<p><strong>2. Bundesliga 23. Spieltag<\/strong><\/p>\n\n\n\n<p><span style=\"text-decoration: underline;\">Freitag, 21. Februar 2020, ab 18.00 Uhr (Sky)<\/span><\/p>\n\n\n\n<p><strong><em>VfL Osnabr\u00fcck \u2013&nbsp;Erzgebirge Aue (18.30 Uhr)<\/em><\/strong><\/p>\n\n\n\n<p>Sky: Klaus Veltmann, Field-Reporter: Sven T\u00f6llner <\/p>\n\n\n\n<p><strong><em>SV Wehen Wiesbaden&nbsp;\u2013&nbsp;SpVgg Greuther F\u00fcrth (18.30 Uhr)<\/em><\/strong><\/p>\n\n\n\n<p>Sky: Holger Pfandt, Interviews: Schalte <\/p>\n\n\n\n<p>Moderation (Sky): Stefan Hempel<\/p>\n\n\n\n<p><span style=\"text-decoration: underline;\">Samstag, 22. Februar 2020, ab 12.30 Uhr (Sky)<\/span><\/p>\n\n\n\n<p><strong><em>Hamburger SV&nbsp;\u2013&nbsp;FC St. Pauli (13.00 Uhr)<\/em><\/strong><\/p>\n\n\n\n<p>Sky: Hansi K\u00fcpper, Field-Reporter: Jurek Rohrberg<\/p>\n\n\n\n<p><strong><em>VfB Stuttgart&nbsp;\u2013&nbsp;Jahn Regensburg (13.00 Uhr)<\/em><\/strong><\/p>\n\n\n\n<p>Sky: J\u00fcrgen Schmitz, Interviews: Schalte<\/p>\n\n\n\n<p><strong><em>Holstein Kiel&nbsp;\u2013&nbsp;1. FC Heidenheim (13.00 Uhr)<\/em><\/strong><\/p>\n\n\n\n<p>Sky: Heiko Mallwitz <\/p>\n\n\n\n<p><strong><em>Dynamo Dresden \u2013 VfL Bochum (13.00 Uhr)<\/em><\/strong><\/p>\n\n\n\n<p>Sky: Karsten Petrzika<\/p>\n\n\n\n<p>Moderation (Sky): Peter Hardenacke<\/p>\n\n\n\n<p><span style=\"text-decoration: underline;\">Sonntag, 23. Februar 2020, ab 13.00 Uhr (Sky)<\/span><\/p>\n\n\n\n<p><strong><em>Arminia Bielefeld \u2013&nbsp;Hannover 96 (13.30 Uhr)<\/em><\/strong><\/p>\n\n\n\n<p>Sky: Torsten Kunde, Field-Reporter: Sven T\u00f6llner<\/p>\n\n\n\n<p><strong><em>1. FC N\u00fcrnberg \u2013&nbsp;SV Darmstadt 98 (13.30 Uhr)<\/em><\/strong><\/p>\n\n\n\n<p>Sky: Sven Haist, Interviews: Schalte<\/p>\n\n\n\n<p><strong><em>SV&nbsp;Sandhausen&nbsp;\u2013&nbsp;Karlsruher SC (13.30 Uhr)<\/em><\/strong><\/p>\n\n\n\n<p>Sky: Ulli Potofski <\/p>\n\n\n\n<p>Moderation (Sky): Hartmut von Kameke<\/p>\n\n\n\n<p><strong>3. Liga,&nbsp;24. Spieltag<\/strong><\/p>\n\n\n\n<p><span style=\"text-decoration: underline;\">Freitag, 21. Februar 2020, ab 18.30 Uhr (Magenta Sport)<\/span><\/p>\n\n\n\n<p><strong><em>Viktoria K\u00f6ln \u2013 Sonnenhof Gro\u00dfaspach (19.00 Uhr)<\/em><\/strong><\/p>\n\n\n\n<p>Magenta Sport: Markus H\u00f6hner<\/p>\n\n\n\n<p>Moderation (Magenta Sport): Thomas Wagner, Experte: Rudi Bommer<\/p>\n\n\n\n<p><span style=\"text-decoration: underline;\">Samstag, 22. Februar 2020, ab 13.45 Uhr (Magenta Sport)\/ ab 14.00 Uhr (Dritte)<\/span><\/p>\n\n\n\n<p><strong><em>Konferenz (14.00 Uhr)<\/em><\/strong><\/p>\n\n\n\n<p>Magenta Sport: Alexander Kunz &amp; Martin Piller<\/p>\n\n\n\n<p><strong><em>1. FC Kaiserslautern \u2013 FSV Zwickau (14.00 Uhr)<\/em><\/strong><\/p>\n\n\n\n<p>Magenta Sport: Stefan Fuckert<\/p>\n\n\n\n<p>SWR: Stefan Kiss<\/p>\n\n\n\n<p>MDR: Alexander K\u00fcpper<\/p>\n\n\n\n<p>Moderation (Magenta Sport): Thomas Wagner <\/p>\n\n\n\n<p>SWR: Lennert Brinkhoff<\/p>\n\n\n\n<p>Moderation (MDR): tba<\/p>\n\n\n\n<p><strong><em>Hansa Rostock \u2013 FC Ingolstadt (14.00 Uhr)<\/em><\/strong> <\/p>\n\n\n\n<p>Magenta Sport: Edgar Mielke<\/p>\n\n\n\n<p>NDR: tba<\/p>\n\n\n\n<p>Moderation (Magenta Sport): Gari Paubandt<\/p>\n\n\n\n<p>Moderation (NDR): Ben Wozny<\/p>\n\n\n\n<p><span style=\"text-decoration: underline;\">ab 13.45 Uhr (Magenta Sport)<\/span><\/p>\n\n\n\n<p><strong><em>MSV Duisburg \u2013 Waldhof Mannheim (14.00 Uhr)<\/em><\/strong><\/p>\n\n\n\n<p>Magenta Sport: Markus H\u00f6hner <\/p>\n\n\n\n<p>Moderation (Magenta Sport): Cedric Pick<\/p>\n\n\n\n<p><strong><em>W\u00fcrzburger Kickers \u2013 Eintracht Braunschweig<\/em><\/strong> <strong><em>(14.00 Uhr)<\/em><\/strong><\/p>\n\n\n\n<p>Magenta Sport: Basti Schwele<\/p>\n\n\n\n<p>Moderation (Magenta Sport): Sascha Bandermann<\/p>\n\n\n\n<p><strong><em>KFC Uerdingen<\/em><\/strong><strong><em> \u2013 Preu\u00dfen M\u00fcnster(14.00 Uhr)<\/em><\/strong><\/p>\n\n\n\n<p>Magenta Sport: S\u00f6nke Sievers<\/p>\n\n\n\n<p>Moderation (Magenta Sport): Kamilla Benschop<\/p>\n\n\n\n<p><strong><em>Carl Zeiss Jena<\/em><\/strong><strong><em> \u2013 SV Meppen<\/em><\/strong> <strong><em>(14.00 Uhr)<\/em><\/strong><\/p>\n\n\n\n<p>Magenta Sport: Lenny Leonhardt<\/p>\n\n\n\n<p>Moderation (Magenta Sport): Stefanie Blochwitz<\/p>\n\n\n\n<p><span style=\"text-decoration: underline;\">Sonntag, 23. Februar 2020, ab 12.45 Uhr (Magenta Sport)<\/span><\/p>\n\n\n\n<p><strong><em>TSV 1860 M\u00fcnchen \u2013 1.FC Magdeburg (13.00 Uhr)<\/em><\/strong><\/p>\n\n\n\n<p>Magenta Sport: Alex Klich<\/p>\n\n\n\n<p>Moderation (Magenta Sport): Sascha Bandermann<\/p>\n\n\n\n<p><span style=\"text-decoration: underline;\">ab 13.45 Uhr (Magenta Sport)<\/span><\/p>\n\n\n\n<p><strong><em>Hallescher FC \u2013 SpVgg Unterhaching (14.00 Uhr)<\/em><\/strong><\/p>\n\n\n\n<p>Magenta Sport: Alexander K\u00fcpper<\/p>\n\n\n\n<p>Moderation (Magenta Sport): Stefanie Blochwitz<\/p>\n\n\n\n<p><span style=\"text-decoration: underline;\">Montag, 24. Februar 2020, ab 18.45 Uhr (Magenta Sport)<\/span><\/p>\n\n\n\n<p><strong><em>Chemnitzer FC \u2013 <\/em><\/strong> <strong><em>Bayern M\u00fcnchen II<\/em><\/strong> <strong><em>(19.00 Uhr)<\/em><\/strong><\/p>\n\n\n\n<p>Magenta Sport: Andreas Mann<\/p>\n\n\n\n<p>Moderation (Magenta Sport): Gari Paubandt <\/p>\n\n\n\n<p><strong>Premier League, 27. Spieltag<\/strong><\/p>\n\n\n\n<p><span style=\"text-decoration: underline;\">Samstag, 22. Februar 2020, ab 13.15 Uhr (Sky)<\/span><\/p>\n\n\n\n<p><strong><em>FC&nbsp;Chelsea \u2013&nbsp;Tottenham Hotspur (13.30 Uhr)<\/em><\/strong><\/p>\n\n\n\n<p>Sky: Jogi Hebel<\/p>\n\n\n\n<p>ab 18.15 Uhr (Sky)<\/p>\n\n\n\n<p><strong><em>Leicester City \u2013&nbsp;Manchester City (18.30 Uhr)<\/em><\/strong><\/p>\n\n\n\n<p>Sky: Toni Tomic<\/p>\n\n\n\n<p><span style=\"text-decoration: underline;\">Sonntag, 23. Februar 2020, ab 17.00 Uhr (Sky)<\/span><\/p>\n\n\n\n<p><strong><em>FC Arsenal&nbsp;\u2013&nbsp;FC Everton (17.30 Uhr)<\/em><\/strong><\/p>\n\n\n\n<p>Sky: Florian Schmidt-Sommerfeld, Experte: Erik Meijer<\/p>\n\n\n\n<p><span style=\"text-decoration: underline;\">Montag, 24. Februar 2020, ab 20.50 Uhr (Sky)<\/span><\/p>\n\n\n\n<p><strong><em>FC Liverpool&nbsp;\u2013&nbsp;West Ham United (21.00 Uhr)<\/em><\/strong><\/p>\n\n\n\n<p>Sky: Jonas Friedrich<\/p>\n\n\n\n<p><strong>Fu\u00dfball International<\/strong><\/p>\n\n\n\n<p><span style=\"text-decoration: underline;\">Freitag, 21. Januar 2020<\/span><\/p>\n\n\n\n<p>Sky Bet Championship, 34. Spieltag: <strong><em>Derby County \u2013 FC Fulham (20.45 Uhr)<\/em><\/strong><\/p>\n\n\n\n<p>sportdigital FUSSBALL: Hannes Herrmann<\/p>\n\n\n\n<p>Serie A, 25. Spieltag:&nbsp;<strong><em>Brescia \u2013 SSC Neapel (20.45 Uhr)<\/em><\/strong><\/p>\n\n\n\n<p>DAZN: Carsten Fu\u00df<\/p>\n\n\n\n<p><span style=\"text-decoration: underline;\">Samstag, 22. Februar 2020<\/span><\/p>\n\n\n\n<p>Hyundai A-League (20. Spieltag): <strong><em>Newcastle United Jets \u2013 Melbourne Victory (09.36 Uhr)<\/em><\/strong><\/p>\n\n\n\n<p>sportdigital FUSSBALL: Ulf Kahmke<\/p>\n\n\n\n<p>Sky Bet Championship, 34. Spieltag: <strong><em>Brentford FC \u2013 Blackburn Rovers (13.30 Uhr)<\/em><\/strong><\/p>\n\n\n\n<p>sportdigital FUSSBALL: Florian Obst<\/p>\n\n\n\n<p>Sky Bet Championship, 34. Spieltag: <strong><em>Wigan Athletic \u2013 FC Millwall (16.00 Uhr)<\/em><\/strong><\/p>\n\n\n\n<p>sportdigital FUSSBALL: Florian Obst<\/p>\n\n\n\n<p>La Liga, 25. Spieltag: <em><strong>FC Barcelona \u2013 Eibar (16.00 Uhr)<\/strong><\/em><\/p>\n\n\n\n<p>DAZN: Uli Hebel, Experte: Jonas Hummels<\/p>\n\n\n\n<p>Ligue 1, 26. Spieltag: <strong><em>Marseille \u2013 Nantes (17.30 Uhr)<\/em><\/strong><\/p>\n\n\n\n<p>DAZN: Claus M\u00fcller<\/p>\n\n\n\n<p>Serie A, 25. Spieltag: <strong><em>SPAL \u2013 Juventus Turin (18.00 Uhr)<\/em><\/strong><\/p>\n\n\n\n<p>Jupiler Pro League, 27. Spieltag: <strong><em>Standard L\u00fcttich \u2013 Royal Antwerp FC (18.00 Uhr)<\/em><\/strong><\/p>\n\n\n\n<p>sportdigital FUSSBALL: Karsten Linke<\/p>\n\n\n\n<p>La Liga, 25. Spieltag: <em><strong>Real Sociedad \u2013 FC Valencia (18.30 Uhr)<\/strong><\/em><\/p>\n\n\n\n<p>DAZN: Nico Seepe<\/p>\n\n\n\n<p>Ekstraklasa, 23. Spieltag: <strong><em>Piast Gliwice \u2013 Cracovia Krakau (20.00 Uhr)<\/em><\/strong><\/p>\n\n\n\n<p>sportdigital FUSSBALL: Christian Blunk<\/p>\n\n\n\n<p>Serie A, 25. Spieltag: <strong><em>Florenz \u2013 AC Mailand (20.45 Uhr)<\/em><\/strong><\/p>\n\n\n\n<p>DAZN: Ruben Zimmermann<\/p>\n\n\n\n<p>La Liga, 25. Spieltag: <strong><em>Levante \u2013 Real Madrid (21.00 Uhr)<\/em><\/strong><\/p>\n\n\n\n<p>DAZN: Marco Hagemann, Experte: Benny Lauth<\/p>\n\n\n\n<p><span style=\"text-decoration: underline;\">Sonntag, 23. Februar 2020<\/span><\/p>\n\n\n\n<p>Serie A, 25. Spieltag: <strong><em>CFC Genua \u2013 Lazio Rom (12.30 Uhr)<\/em><\/strong><\/p>\n\n\n\n<p>DAZN: Matthias Naebers<\/p>\n\n\n\n<p>Eredivisie, 24. Spieltag: <strong><em>Vitesse Arnheim \u2013 PSV Eindhoven (14.30 Uhr)<\/em><\/strong><\/p>\n\n\n\n<p>sportdigital FUSSBALL: Christian Blunk<\/p>\n\n\n\n<p>Eredivisie, 24. Spieltag: <strong><em>SC Heracles Almelo \u2013 Ajax Amsterdam (16.40 Uhr)<\/em><\/strong><\/p>\n\n\n\n<p>sportdigital FUSSBALL: Karsten Linke<\/p>\n\n\n\n<p>Serie A, 25. Spieltag: <strong><em>AS Rom \u2013 Lecce (18.00 Uhr)<\/em><\/strong><\/p>\n\n\n\n<p>DAZN: Oliver Forster<\/p>\n\n\n\n<p>La Liga, 25. Spieltag: <strong><em>Getafe \u2013 FC Sevilla (18.30 Uhr)<\/em><\/strong><\/p>\n\n\n\n<p>DAZN: Flo Eckl<\/p>\n\n\n\n<p>Liga NOS, 22. Spieltag: <strong><em>Sporting Lissabon \u2013 Boavista Porto FC (18.30 Uhr)<\/em><\/strong><\/p>\n\n\n\n<p>sportdigital FUSSBALL: Christian Blunk<\/p>\n\n\n\n<p>Serie A, 25. Spieltag: <strong><em>Inter Mailand \u2013 Sampdoria (20.45 Uhr)<\/em><\/strong><\/p>\n\n\n\n<p>DAZN: Flo Hauser, Experte: Max Nicu<\/p>\n\n\n\n<p>La Liga, 25. Spieltag: <strong><em>Atletico Madrid \u2013 Villareal (21.00 Uhr)<\/em><\/strong><\/p>\n\n\n\n<p>DAZN: Uwe Morawe<\/p>\n\n\n\n<p>Ligue 1, 26. Spieltag: <strong><em>Paris Saint Germain \u2013 Girondins Bordeaux (21.00 Uhr)<\/em><\/strong><\/p>\n\n\n\n<p>DAZN: Stefan Galler, Experte: Alexis Menuge<\/p>\n\n\n\n<p>Liga NOS, 22. Spieltag: <strong><em>FC Porto \u2013 Portimonense SC (21.25 Uhr)<\/em><\/strong><\/p>\n\n\n\n<p>sportdigital FUSSBALL: Karsten Linke<\/p>\n\n\n\n<p>Superliga Argentina, 21. Spieltag: <strong><em>Boca Juniors \u2013 Godoy Cruz (23.40 Uhr)<\/em><\/strong><\/p>\n\n\n\n<p>sportdigital FUSSBALL: Christian Blunk<\/p>\n\n\n\n<p><span style=\"text-decoration: underline;\">Montag, 17. Februar 2020<\/span><\/p>\n\n\n\n<p>Liga NOS, 22. Spieltag: <strong><em>FC Gil Vicente &#8211; Benfica Lissabon (20.25 Uhr)<\/em><\/strong><\/p>\n\n\n\n<p>sportdigital FUSSBALL: Arne Malsch<\/p>\n\n\n\n<p><strong><em>Die Analyse<\/em><\/strong><\/p>\n\n\n\n<p><strong>DAZN im Stadion<\/strong><\/p>\n\n\n\n<p>Am Freitag spielt mal wieder der deutsche Rekordmeister. F\u00fcr DAZN ist das Grund genug die komplette Crew ins Stadion zu schicken. Weit weg von der Box ist die Allianz Arena ja sowieso nicht! Es kommentiert mal wieder Chefkommentator Jan Platte, dem Experte Jonas Hummels zur Seite steht. La Liga Fans wissen was sie erwartet! Alex Schl\u00fcter bekommt mal eine Pause. Stattdessen moderiert Daniel &#8222;Herzi&#8220; Herzog. Als Field-Reporter schickt DAZN Sebastian Benesch ins Stadion, der heute ja noch in Frankfurt war. Die Zeit der weiblichen Interviewerinnen um Wisgickl und Kimmel scheint vorerst zu ruhen. <\/p>\n\n\n\n<p><strong>Launige Runde in der Konferenz<\/strong><\/p>\n\n\n\n<p>Am Samstagnachmittag darf nach 3 Wochen mal wieder Michael Leopold die Bundesliga moderieren. Zuletzt pausierte ja auch krankheitsbedingt. Experte ist nat\u00fcrlich Didi Hamann! Das Personal in den Stadien ist \u00fcberraschungsfrei. Ob Tom Bayer am Niederrhein oder Oliver Seidler in Berlin. Kai Dittmann beim Spiel Bremen gegen Dortmund gab&#8217;s ja auch schon vor kurzem im DFB-Pokal! In der Konferenz ist J\u00f6rg Dahlmann wieder dabei. Mit ihm, Frank Buschmann, Michael Born und Holger Pfandt erwartet uns eine launige Runde! Holger Pfandt hat \u00fcbrigens bei seinem 3. Konferenz Spiel 2020 zum dritten Mal ein Spiel aus Freiburg im peto &#8211; quasi der J\u00fcrgen Schmitz des Breisgaus! Beim Topspiel auf Schalke f\u00fchrt, wie in der Vorwoche, Stefan Hempel die Interviews. Der Kommentator der Partie ist Wolff Fuss!<\/p>\n\n\n\n<p><strong>Ungewohntes am Sonntag<\/strong><\/p>\n\n\n\n<p>Der Sonntag wird nat\u00fcrlich von den Europa-League Mannschaften belegt. Den Auftakt macht Bayer Leverkusen mit der Partie gegen FC Augsburg. Klaus Veltmann bekommt hier nach l\u00e4ngerer Zeit mal wieder ein Bundesliga-Spiel am Sonntag! Im Anschluss gibt es noch das Duell zwischen Wolfsburg und Mainz. Marcus Lindemann gibt sich die Ehre und kommentiert nach 1 1\/2 Jahren mal wieder ein Spiel aus der VW-Arena.<\/p>\n\n\n\n<p><strong>Montagsspiel der lauten Natur<\/strong><\/p>\n\n\n\n<p>Das Montagsspiel zwischen Eintracht Frankfurt und Union Berlin klingt nach ordentlich Stimmung auf den R\u00e4ngen. Zweifel haben wir, ob Sch\u00f6nm\u00fcller &amp; Knei\u00dfl sich davon mitrei\u00dfen k\u00f6nnen, weil sie nat\u00fcrlich nicht live aus dem Stadion berichten. Tobi Wahnschaffe moderiert wie so oft, wenn aus der Box kommt. Alex Schl\u00fcter hat also komplette Fu\u00dfball-Pause. Der Field-Reporter in Frankfurt ist Daniel Herzog.<\/p>\n\n\n\n<p><strong>Handball-Flair in Liga 2<\/strong><\/p>\n\n\n\n<p>In der 2. Fussball Bundesliga kommen an diesem Spieltag wegen dem fehlenden Montagsspiel alle Spiele aus der Box &#8211; leider auch das Hamburg-Derby. In der letzten Saison erinnern wir uns an gro\u00dfartige Live-Produktionen mit Moderator Yannick Erkenbrecher, der u.a Oli Schulz, Elton und Axel Prahl am Spielfeldrand begr\u00fc\u00dfte. Dieses Jahr ist Sky nur mit  Jurek Rohrberg vor Ort! Schade! Ansonsten l\u00e4sst Sky mit Heiko Mallwitz und Karsten Petrzika am Samstag zwei Handball-Experten kommentieren und auch J\u00fcrgen Schmitz darf sich wieder einmal um &#8222;seinen&#8220; VfB k\u00fcmmern.<\/p>\n\n\n\n<p><strong>Wagner im Dauereinsatz &#8211; Topspiel in Duisburg!<\/strong><\/p>\n\n\n\n<p>Der 24. Spieltag in Liga drei startet in K\u00f6ln. Zwangsl\u00e4ufig moderiert Thomas Wagner, der tags zuvor noch f\u00fcr RTL bei einer magischen Europapokalnacht in Frankfurt auf Stimmenfang war. Anders formuliert: Zun\u00e4chst gibt\u00b4s Kein Karneval f\u00fcr den Geysir von Andernach :). Eine kurze Anreise hat auch Kommentator Markus H\u00f6hner. <\/p>\n\n\n\n<p>Samstag zieht\u00b4s H\u00f6hner zusammen mit Pick nach Duisburg zum Topspiel zwischen dem MSV und Waldhof. Letztes Wochenende hatte H\u00f6hner am Samstag noch die Sport1\/DAZN &#8211; Zusammenfassung gemacht &#8211; laut Twitter mit weniger gro\u00dfem Erfolg in Bezug auf die statistischen Zahlen. Wagner ist  in Kaiserslautern den dritten Tag in Folge im Stadion. In Rostock sind wieder Mielke und Paubandt. Die Sportfuzzis Schwele und Bandermann fahren gemeinsam nach W\u00fcrzburg. K\u00fcpper ist in der 3.Liga dieses Wochenende f\u00fcr den MDR und Magenta Sport unterwegs. Nix neues f\u00fcr ihn oder f\u00fcr die Kollegen Herwig und Mann. Bei den weiteren Spielen im Osten der Republik kommen die bekannten Stimmen zum Einsatz.<\/p>\n\n\n\n<p><strong>Besonderer Fall in der Premier League<\/strong><\/p>\n\n\n\n<p>Sky darf dieses Jahr bekanntlich 232 Premier League Spiele live zeigen.  Diese Zahl setzt sich zusammen aus den 200 Spielen, die auch in England im TV laufen + 32 Spielen, die Sky w\u00e4hlen darf. In der Regel ist das eines am Samstagnachmittag.  An diesem Wochenende wird Sky zu zwei Ansto\u00dfzeiten (Samstag, 16 Uhr und Sonntag, 15 Uhr) ausnahmsweise kein Live-Spiel \u00fcbertragen. Grund daf\u00fcr ist zum einen, dass die Partien am Sonntagnachmittag auch im englischen Fernsehen nicht live \u00fcbertragen werden und daher nicht Bestandteil des Rechtepakets sind. Am Samstagnachmittag wird Sky dieses Mal kein Spiel live \u00fcbertragen, um das lizenzrechtliche Maximum von 232 Live-Spielen pro Saison nicht zu \u00fcberschreiten. Grund daf\u00fcr ist die \u00fcberplanm\u00e4\u00dfige Ausstrahlung zus\u00e4tzlicher Live-Spiele im bisherigen Saisonverlauf, u.a. das aufgrund der Klub-WM verschobene Spiel des FC Liverpool. So ist dies unser Erinnerung nach in den letzten Jahren auch bei DAZN gewesen. Die Sender k\u00f6nnen quasi nix daf\u00fcr. Ob es aus Sicht der Auslandsvermarktung der Premier League sinnvoll ist, dass Sky auf eine Samstagnachmittagpartie verzichten muss, darf jeder selbst beurteilen!<\/p>\n\n\n\n<p>Im Internationalen Fu\u00dfball bleiben die absoluten Knaller aus &#8211; sucht euch eure Partien aus!<\/p>\n\n\n\n<p>Sch\u00f6nes Fu\u00dfballwochenende!<\/p>\n","protected":false},"excerpt":{"rendered":"<p>N\u2019Abend allerseits! Die ersten vier Champions League Spiele der neuen Dekade sind gelaufen. Grund genug sich anzuschauen wie Sky und DAZN geliefert haben! DAZN durfte die zwei deutschen Spiele \u00fcbertragen. Am Dienstag in Dortmund kam das A-Personal im Einsatz. Alex Schl\u00fcter und Daniel Herzog agierten am Spielfeldrand gewohnt professionell und gelassen. Das Interview vom Experten [&hellip;]<\/p>\n","protected":false},"author":5,"featured_media":0,"comment_status":"open","ping_status":"open","sticky":false,"template":"","format":"standard","meta":{"footnotes":""},"categories":[424],"tags":[20,10,115,13,265,264,48,69,93,159,79,158,80,9,17,15,23,22,134,16,85,105,107],"class_list":["post-1541","post","type-post","status-publish","format-standard","hentry","category-bundesliga-und-co","tag-2-bundesliga","tag-3-liga","tag-1-bundesliga","tag-dazn","tag-derby","tag-hamburger-derby","tag-jan-platte","tag-jonas-friedrich","tag-kai-dittmann","tag-la-liga","tag-liga-nos","tag-ligue-1","tag-ligue1","tag-magenta-sport","tag-mdr","tag-ndr","tag-premier-league","tag-sky","tag-sportdigital-fussball","tag-swr","tag-tom-bayer","tag-uli-hebel","tag-wolff-fuss"],"_links":{"self":[{"href":"https:\/\/kommentatorenblog.de\/index.php?rest_route=\/wp\/v2\/posts\/1541","targetHints":{"allow":["GET"]}}],"collection":[{"href":"https:\/\/kommentatorenblog.de\/index.php?rest_route=\/wp\/v2\/posts"}],"about":[{"href":"https:\/\/kommentatorenblog.de\/index.php?rest_route=\/wp\/v2\/types\/post"}],"author":[{"embeddable":true,"href":"https:\/\/kommentatorenblog.de\/index.php?rest_route=\/wp\/v2\/users\/5"}],"replies":[{"embeddable":true,"href":"https:\/\/kommentatorenblog.de\/index.php?rest_route=%2Fwp%2Fv2%2Fcomments&post=1541"}],"version-history":[{"count":33,"href":"https:\/\/kommentatorenblog.de\/index.php?rest_route=\/wp\/v2\/posts\/1541\/revisions"}],"predecessor-version":[{"id":1615,"href":"https:\/\/kommentatorenblog.de\/index.php?rest_route=\/wp\/v2\/posts\/1541\/revisions\/1615"}],"wp:attachment":[{"href":"https:\/\/kommentatorenblog.de\/index.php?rest_route=%2Fwp%2Fv2%2Fmedia&parent=1541"}],"wp:term":[{"taxonomy":"category","embeddable":true,"href":"https:\/\/kommentatorenblog.de\/index.php?rest_route=%2Fwp%2Fv2%2Fcategories&post=1541"},{"taxonomy":"post_tag","embeddable":true,"href":"https:\/\/kommentatorenblog.de\/index.php?rest_route=%2Fwp%2Fv2%2Ftags&post=1541"}],"curies":[{"name":"wp","href":"https:\/\/api.w.org\/{rel}","templated":true}]}}