{"id":15421,"date":"2023-08-28T20:29:51","date_gmt":"2023-08-28T18:29:51","guid":{"rendered":"https:\/\/kommentatorenblog.de\/?p=15421"},"modified":"2023-09-01T01:08:53","modified_gmt":"2023-08-31T23:08:53","slug":"1359-spiele-die-lostoepfe-fuellen","status":"publish","type":"post","link":"https:\/\/kommentatorenblog.de\/?p=15421","title":{"rendered":"1359 &#8211; Spiele, die Lost\u00f6pfe f\u00fcllen"},"content":{"rendered":"\n<p>N&#8217;Abend allerseits,<\/p>\n\n\n\n<p>schickt die Bundesliga 6 oder 7 Teams in die internationalen Wettbewerbe? Schaffen es Clubs aus Griechenland, Belgien, D\u00e4nemark, Norwegen, Polen, Israel, der T\u00fcrkei oder der Schweiz in die Gruppenphase der Champions League? Oder haben wir hier stattdessen mehrere auch Vereine aus Schottland, den Niederlanden und Portugal? Werden drei Copa-Libertadores-Halbfinalisten aus Brasilien kommen? Und wer entscheidet das argentinische Viertelfinalduell in diesem Wettbewerb f\u00fcr sich?<\/p>\n\n\n\n<p>Ein Teil der Antworten auf diese Fragen f\u00fcllen die letzten Pl\u00e4tze in den Lost\u00f6pfen f\u00fcr die Auslosung am Donnerstag bzw. Freitag, wo dann vier bzw. zwei Kommentatoren(teams) aus dem deutschen Sportfernsehen (&amp;-streaming) bereit f\u00fcr die Auslosung der CL-, EL- und ECL-Gruppenphase sind. Die CL-T\u00f6pfe sind schnell besprochen: Als Gruppenk\u00f6pfe gesetzt sind die Landesmeister aus Europas sieben Topligen (ManCity zus\u00e4tzlich auch noch als CL-Sieger) sowie der Europa League-Sieger FC Sevilla. Die darunter folgenden Lost\u00f6pfe sind nach Leistung in der j\u00fcngeren Vergangenheit besetzt. So finden wir Real, ManUnited, Inter, Atl\u00e9tico, Porto, Arsenal, Leipzig und Dortmund in Topf 2. Eins tiefer dann Teams wie Milan, Lazio oder Salzburg. Der vierte deutsche Starter Union Berlin steigt als CL-Neuling in Topf 4 ein, ebenso wie der franz\u00f6sische Vizemeister Lens.<\/p>\n\n\n\n<p>Teams aus dem selben Land k\u00f6nnen in der Gruppenphase nicht aufeinandertreffen. M\u00f6glicherweise gibt es weitere Einschr\u00e4nkungen (z.B. aus politischen Gr\u00fcnden). Diese will die UEFA im Vorfeld der Auslosung bekanntgeben. Au\u00dferdem wird die UEFA noch sogenannte Paarungen anhand von TV-Interessen vornehmen. Gepaarte Clubs aus dem selben Land werden so in die Gruppen zugeteilt, dass ihre Gruppenspiele an verschiedenen Tagen stattfinden (das eine Team also dienstags spielt wenn das andere am Mittwoch dran ist). <\/p>\n\n\n\n<p>Es ist dabei davon auszugehen, dass Real und Barca an zwei unterschiedlichen Tagen spielen werden, ebenso Bayern und Dortmund (was dazu f\u00fchren wird, dass auch Leipzig und Union nicht am gleichen Tag spielen werden). <br>Bei den italienischen Clubs tippe ich bei der Absenz von Juventus auf eine Paarung von Milan und Inter. Bei den englischen Teams bin ich auf die Handhabung gespannt, denn Magnet Liverpool ist ja nicht qualifiziert &#8211; daf\u00fcr aber die gro\u00dfe Marke ManUnited wieder.<\/p>\n\n\n\n<p>Weil das Ganze bei der Auslosung aufgrund des zeitlich sehr kurzen Abstands zwischen Playoffs und Auslosung unter Umst\u00e4nden kompliziert werden kann, stehen uns gl\u00fccklicherweise auf vier unterschiedlichen Kan\u00e4len fachkundige Begleiter zur Seite:<\/p>\n\n\n\n<hr class=\"wp-block-separator is-style-default\"\/>\n\n\n\n<p><strong>Auslosung der Gruppenphase der UEFA Champions League 2023\/24:<\/strong><\/p>\n\n\n\n<p><img loading=\"lazy\" decoding=\"async\" width=\"10\" height=\"21\" class=\"wp-image-3656\" style=\"width: 10px;\" src=\"http:\/\/kommentatorenblog.de\/wp-content\/uploads\/2020\/09\/shure-55sh-ii-e1601485394796.jpg\" alt=\"\" srcset=\"https:\/\/kommentatorenblog.de\/wp-content\/uploads\/2020\/09\/shure-55sh-ii-e1601485394796.jpg 415w, https:\/\/kommentatorenblog.de\/wp-content\/uploads\/2020\/09\/shure-55sh-ii-e1601485394796-142x300.jpg 142w\" sizes=\"auto, (max-width: 10px) 100vw, 10px\" \/> <em>ZDF: <\/em>Manu Thiele und Giulia Gwinn<\/p>\n\n\n\n<p><img loading=\"lazy\" decoding=\"async\" width=\"10\" height=\"21\" class=\"wp-image-3656\" style=\"width: 10px;\" src=\"http:\/\/kommentatorenblog.de\/wp-content\/uploads\/2020\/09\/shure-55sh-ii-e1601485394796.jpg\" alt=\"\" srcset=\"https:\/\/kommentatorenblog.de\/wp-content\/uploads\/2020\/09\/shure-55sh-ii-e1601485394796.jpg 415w, https:\/\/kommentatorenblog.de\/wp-content\/uploads\/2020\/09\/shure-55sh-ii-e1601485394796-142x300.jpg 142w\" sizes=\"auto, (max-width: 10px) 100vw, 10px\" \/> <em>DAZN: <\/em>Christoph Stadtler<\/p>\n\n\n\n<p><img loading=\"lazy\" decoding=\"async\" width=\"10\" height=\"21\" class=\"wp-image-3656\" style=\"width: 10px;\" src=\"http:\/\/kommentatorenblog.de\/wp-content\/uploads\/2020\/09\/shure-55sh-ii-e1601485394796.jpg\" alt=\"\" srcset=\"https:\/\/kommentatorenblog.de\/wp-content\/uploads\/2020\/09\/shure-55sh-ii-e1601485394796.jpg 415w, https:\/\/kommentatorenblog.de\/wp-content\/uploads\/2020\/09\/shure-55sh-ii-e1601485394796-142x300.jpg 142w\" sizes=\"auto, (max-width: 10px) 100vw, 10px\" \/> <em>Prime Video: <\/em>Jonas Friedrich<\/p>\n\n\n\n<p><img loading=\"lazy\" decoding=\"async\" width=\"10\" height=\"21\" class=\"wp-image-3656\" style=\"width: 10px;\" src=\"http:\/\/kommentatorenblog.de\/wp-content\/uploads\/2020\/09\/shure-55sh-ii-e1601485394796.jpg\" alt=\"\" srcset=\"https:\/\/kommentatorenblog.de\/wp-content\/uploads\/2020\/09\/shure-55sh-ii-e1601485394796.jpg 415w, https:\/\/kommentatorenblog.de\/wp-content\/uploads\/2020\/09\/shure-55sh-ii-e1601485394796-142x300.jpg 142w\" sizes=\"auto, (max-width: 10px) 100vw, 10px\" \/> <em>Sky Sport News: <\/em>Thomas Fleischmann und Kai Dittmann<br>Reporter vor Ort: Uli K\u00f6hler<\/p>\n\n\n\n<hr class=\"wp-block-separator is-style-default\"\/>\n\n\n\n<p>Gespielt werden die sechs Gruppenspieltage im September (19.\/20.), Oktober (3.\/4., und 24.\/25.), November (7.\/8. und 28.\/29.) und enden mit dem letzten Spieltag am 12.\/13. Dezember. <\/p>\n\n\n\n<p>Bei der Show am Donnerstagabend werden auch wieder Fu\u00dfballer:innen und Trainer:innen als Europas Beste der vergangenen Saison ausgezeichnet. In diesem Jahr sind keine Deutschen unter den je drei Verbleibenden in den vier Kategorien. \u0130lkay G\u00fcndo\u011fan wurde Vierter bei den M\u00e4nnern, Alexandra Popp F\u00fcnfte bei den Frauen und W\u00f6lfinnen-Coach Tommy Stroot ebenfalls F\u00fcnfter in seiner Kategorie.<br>F\u00fcr Europas Fu\u00dfballerin des Jahres verbleiben die WM-Vierte und englische Meisterin Sam Kerr (Chelsea) sowie die beiden Weltmeisterinnen Olga Carmona (Real Madrid) und Aitana Bonmat\u00ed (auch CL-Siegerin mit Bar\u00e7a). Bei den M\u00e4nnern sind die Nominierten die beiden CL-Sieger Kevin De Bruyne und Erling Haaland (beide ManCity) sowie Weltmeister Lionel Messi (Inter Miami). <br>F\u00fcr den M\u00e4nner-Coach des Jahres stehen Triple-Trainer Pep Guardiola (ManCity), Meister-Trainer Luciano Spalletti (Napoli) und Simone Inzaghi (Inter), der sein Team \u00fcberraschend ins CL-Finale f\u00fchrte. F\u00fcr die:den UEFA Frauen-Trainer:in des Jahres stehen CL-Sieger Jonatan Gir\u00e1ldez (Bar\u00e7a), Weltmeister Jorge Vilda (Spanien) und Vize-Weltmeisterin Sarina Wiegman (England) in den Top 3.<\/p>\n\n\n\n<p>Am Freitag werden dann noch die Europa League sowie die Europa Conference League ausgelost \u2013 ebenfalls in Monaco. Wieder begleitet Sky Sport News das Geschehen &#8211; ab 13 Uhr am gleichzeitig stattfindenden Deadline-Day. Auch RTL+ ist als \u00fcbertragender Sender der Wettbewerbe mit dabei:<\/p>\n\n\n\n<hr class=\"wp-block-separator\"\/>\n\n\n\n<p><strong>Auslosung der Gruppenphase der UEFA Europa (Conference) League 2023\/24:<\/strong><\/p>\n\n\n\n<p><img loading=\"lazy\" decoding=\"async\" width=\"10\" height=\"21\" class=\"wp-image-3656\" style=\"width: 10px;\" src=\"http:\/\/kommentatorenblog.de\/wp-content\/uploads\/2020\/09\/shure-55sh-ii-e1601485394796.jpg\" alt=\"\" srcset=\"https:\/\/kommentatorenblog.de\/wp-content\/uploads\/2020\/09\/shure-55sh-ii-e1601485394796.jpg 415w, https:\/\/kommentatorenblog.de\/wp-content\/uploads\/2020\/09\/shure-55sh-ii-e1601485394796-142x300.jpg 142w\" sizes=\"auto, (max-width: 10px) 100vw, 10px\" \/> <em>RTL+:<\/em> Cornelius K\u00fcpper<\/p>\n\n\n\n<p><img loading=\"lazy\" decoding=\"async\" width=\"10\" height=\"21\" class=\"wp-image-3656\" style=\"width: 10px;\" src=\"http:\/\/kommentatorenblog.de\/wp-content\/uploads\/2020\/09\/shure-55sh-ii-e1601485394796.jpg\" alt=\"\" srcset=\"https:\/\/kommentatorenblog.de\/wp-content\/uploads\/2020\/09\/shure-55sh-ii-e1601485394796.jpg 415w, https:\/\/kommentatorenblog.de\/wp-content\/uploads\/2020\/09\/shure-55sh-ii-e1601485394796-142x300.jpg 142w\" sizes=\"auto, (max-width: 10px) 100vw, 10px\" \/> <em>Sky Sport News: <\/em>Thomas Fleischmann, Hannes Herrmann und Horst Heldt<br>Reporter vor Ort: Uli K\u00f6hler<\/p>\n\n\n\n<hr class=\"wp-block-separator\"\/>\n\n\n\n<p>Das ganze findet dann hoffentlich auch unter Beteiligung der Frankfurter Eintracht statt. Davor ist aber noch das Playoff-R\u00fcckspiel positiv zu gestalten &#8211; womit wir bei den Ansetzungen w\u00e4ren:<\/p>\n\n\n\n<hr class=\"wp-block-separator is-style-default\"\/>\n\n\n\n<p><strong><em>Die Ansetzungen vom 29. August bis 31. August 2023:<\/em><\/strong><\/p>\n\n\n\n<hr class=\"wp-block-separator is-style-default\"\/>\n\n\n\n<p><strong>Copa Libertadores, Viertelfinal-R\u00fcckspiele (Sport1+)<\/strong><\/p>\n\n\n\n<p><span style=\"text-decoration: underline;\">Mittwoch, 30. August 2023<\/span><\/p>\n\n\n\n<p><strong style=\"font-style: italic;\"><em><strong>Internacional Porto Alegre (BRA) <\/strong><\/em><strong><em><b style=\"font-style: italic;\">\u2013<\/b><\/em><\/strong><\/strong> <span><strong style=\"font-style: italic;\">Club Bol\u00edvar (BOL)<\/strong><\/span><em><strong> (00.00 Uhr, Agg.: 1-0)<\/strong><\/em> <br><img loading=\"lazy\" decoding=\"async\" width=\"10\" height=\"21\" class=\"wp-image-3656\" style=\"width: 10px;\" src=\"http:\/\/kommentatorenblog.de\/wp-content\/uploads\/2020\/09\/shure-55sh-ii-e1601485394796.jpg\" alt=\"\" srcset=\"https:\/\/kommentatorenblog.de\/wp-content\/uploads\/2020\/09\/shure-55sh-ii-e1601485394796.jpg 415w, https:\/\/kommentatorenblog.de\/wp-content\/uploads\/2020\/09\/shure-55sh-ii-e1601485394796-142x300.jpg 142w\" sizes=\"auto, (max-width: 10px) 100vw, 10px\" \/> Steffen Bohleber<\/p>\n\n\n\n<p><span style=\"text-decoration: underline;\">Donnerstag, 31. August 2023<\/span><\/p>\n\n\n\n<p><strong style=\"font-style: italic;\"><em><strong>Racing Club de Avellaneda&nbsp;(ARG) <\/strong><\/em><strong><em><b style=\"font-style: italic;\">\u2013<\/b><\/em><\/strong><\/strong> <span><strong style=\"font-style: italic;\">Boca Juniors (ARG)<\/strong><\/span><em><strong> (02.30 Uhr, Agg.: 0-0)<\/strong><\/em> <br><img loading=\"lazy\" decoding=\"async\" width=\"10\" height=\"21\" class=\"wp-image-3656\" style=\"width: 10px;\" src=\"http:\/\/kommentatorenblog.de\/wp-content\/uploads\/2020\/09\/shure-55sh-ii-e1601485394796.jpg\" alt=\"\" srcset=\"https:\/\/kommentatorenblog.de\/wp-content\/uploads\/2020\/09\/shure-55sh-ii-e1601485394796.jpg 415w, https:\/\/kommentatorenblog.de\/wp-content\/uploads\/2020\/09\/shure-55sh-ii-e1601485394796-142x300.jpg 142w\" sizes=\"auto, (max-width: 10px) 100vw, 10px\" \/> Steffen Bohleber<\/p>\n\n\n\n<hr class=\"wp-block-separator is-style-default\"\/>\n\n\n\n<p><strong>UEFA Champions League, Playoff-R\u00fcckspiele (DAZN\/Prime Video)<\/strong><\/p>\n\n\n\n<p><span style=\"text-decoration: underline;\">Dienstag, 29. August 2023, <span style=\"text-decoration: underline;\">ab 20.30 Uhr (Prime Video)<\/span><\/span><\/p>\n\n\n\n<p><strong style=\"font-style: italic;\"><em><strong>Galatasaray Istanbul<\/strong><\/em> <strong><em><span><b style=\"font-style: italic;\">\u2013<\/b><\/span><\/em><\/strong><\/strong> <em><strong>Molde FK (21.00 Uhr, Agg.: 3-2)<\/strong><\/em> <br><img loading=\"lazy\" decoding=\"async\" width=\"10\" height=\"21\" class=\"wp-image-3656\" style=\"width: 10px;\" src=\"http:\/\/kommentatorenblog.de\/wp-content\/uploads\/2020\/09\/shure-55sh-ii-e1601485394796.jpg\" alt=\"\" srcset=\"https:\/\/kommentatorenblog.de\/wp-content\/uploads\/2020\/09\/shure-55sh-ii-e1601485394796.jpg 415w, https:\/\/kommentatorenblog.de\/wp-content\/uploads\/2020\/09\/shure-55sh-ii-e1601485394796-142x300.jpg 142w\" sizes=\"auto, (max-width: 10px) 100vw, 10px\" \/> Jonas Friedrich, Experte: Patrick Owomoyela<br>Field-Reporterin: Annika Zimmermann<br>Moderation: Sebastian Hellmann, Expert:innen: Josephine Henning und Nils Petersen, Schiedsrichter-Experte: Lutz Wagner<\/p>\n\n\n\n<p><span style=\"text-decoration: underline;\">ab <\/span><span style=\"\"><span style=\"text-decoration: underline;\">20.45 Uhr (DAZN)<\/span><\/span><\/p>\n\n\n\n<p><strong style=\"font-style: italic;\"><em><strong>BSC Young Boys <\/strong><\/em><strong><em><span><b style=\"font-style: italic;\">\u2013<\/b><\/span><\/em><\/strong><\/strong> <em><strong>Maccabi Haifa FC (21.00 Uhr, Agg.: 0-0)<\/strong><\/em> <br><img loading=\"lazy\" decoding=\"async\" width=\"10\" height=\"21\" class=\"wp-image-3656\" style=\"width: 10px;\" src=\"http:\/\/kommentatorenblog.de\/wp-content\/uploads\/2020\/09\/shure-55sh-ii-e1601485394796.jpg\" alt=\"\" srcset=\"https:\/\/kommentatorenblog.de\/wp-content\/uploads\/2020\/09\/shure-55sh-ii-e1601485394796.jpg 415w, https:\/\/kommentatorenblog.de\/wp-content\/uploads\/2020\/09\/shure-55sh-ii-e1601485394796-142x300.jpg 142w\" sizes=\"auto, (max-width: 10px) 100vw, 10px\" \/> Freddy Harder<\/p>\n\n\n\n<p><strong style=\"font-style: italic;\"><em><strong>Panathinaikos Athen <\/strong><\/em><strong><em><span><b style=\"font-style: italic;\">\u2013<\/b><\/span><\/em><\/strong><\/strong> <em><strong>Sporting Braga (21.00 Uhr, Agg.: 1-2)<\/strong><\/em> <br><img loading=\"lazy\" decoding=\"async\" width=\"10\" height=\"21\" class=\"wp-image-3656\" style=\"width: 10px;\" src=\"http:\/\/kommentatorenblog.de\/wp-content\/uploads\/2020\/09\/shure-55sh-ii-e1601485394796.jpg\" alt=\"\" srcset=\"https:\/\/kommentatorenblog.de\/wp-content\/uploads\/2020\/09\/shure-55sh-ii-e1601485394796.jpg 415w, https:\/\/kommentatorenblog.de\/wp-content\/uploads\/2020\/09\/shure-55sh-ii-e1601485394796-142x300.jpg 142w\" sizes=\"auto, (max-width: 10px) 100vw, 10px\" \/> Manuel Angstenberger<\/p>\n\n\n\n<p><span style=\"text-decoration: underline;\">Mittwoch, 30. August 2023<span style=\"text-decoration: underline;\"> (DAZN)<\/span><\/span><\/p>\n\n\n\n<p><strong style=\"font-style: italic;\"><em><strong>FC Kopenhagen <\/strong><\/em><strong><em><span><b style=\"font-style: italic;\">\u2013<\/b><\/span><\/em><\/strong><\/strong> <em><strong>Rak\u00f3w Cz\u0119stochowa (21.00 Uhr, Agg.: 1-0)<\/strong><\/em> <br><img loading=\"lazy\" decoding=\"async\" width=\"10\" height=\"21\" class=\"wp-image-3656\" style=\"width: 10px;\" src=\"http:\/\/kommentatorenblog.de\/wp-content\/uploads\/2020\/09\/shure-55sh-ii-e1601485394796.jpg\" alt=\"\" srcset=\"https:\/\/kommentatorenblog.de\/wp-content\/uploads\/2020\/09\/shure-55sh-ii-e1601485394796.jpg 415w, https:\/\/kommentatorenblog.de\/wp-content\/uploads\/2020\/09\/shure-55sh-ii-e1601485394796-142x300.jpg 142w\" sizes=\"auto, (max-width: 10px) 100vw, 10px\" \/> Tom Kirsten<\/p>\n\n\n\n<p><strong style=\"font-style: italic;\"><em><strong>AEK Athen <\/strong><\/em><strong><em><span><b style=\"font-style: italic;\">\u2013<\/b><\/span><\/em><\/strong><\/strong> <em><strong>Royal Antwerpen (21.00 Uhr, Agg.: 0-1)<\/strong><\/em> <br><img loading=\"lazy\" decoding=\"async\" width=\"10\" height=\"21\" class=\"wp-image-3656\" style=\"width: 10px;\" src=\"http:\/\/kommentatorenblog.de\/wp-content\/uploads\/2020\/09\/shure-55sh-ii-e1601485394796.jpg\" alt=\"\" srcset=\"https:\/\/kommentatorenblog.de\/wp-content\/uploads\/2020\/09\/shure-55sh-ii-e1601485394796.jpg 415w, https:\/\/kommentatorenblog.de\/wp-content\/uploads\/2020\/09\/shure-55sh-ii-e1601485394796-142x300.jpg 142w\" sizes=\"auto, (max-width: 10px) 100vw, 10px\" \/> Marcel Seufert<\/p>\n\n\n\n<p><strong style=\"font-style: italic;\"><em><strong>PSV Eindhoven <\/strong><\/em><strong><em><span><b style=\"font-style: italic;\">\u2013<\/b><\/span><\/em><\/strong><\/strong> <em><strong>Glasgow Rangers (21.00 Uhr, Agg.: 2-2)<\/strong><\/em> <br><img loading=\"lazy\" decoding=\"async\" width=\"10\" height=\"21\" class=\"wp-image-3656\" style=\"width: 10px;\" src=\"http:\/\/kommentatorenblog.de\/wp-content\/uploads\/2020\/09\/shure-55sh-ii-e1601485394796.jpg\" alt=\"\" srcset=\"https:\/\/kommentatorenblog.de\/wp-content\/uploads\/2020\/09\/shure-55sh-ii-e1601485394796.jpg 415w, https:\/\/kommentatorenblog.de\/wp-content\/uploads\/2020\/09\/shure-55sh-ii-e1601485394796-142x300.jpg 142w\" sizes=\"auto, (max-width: 10px) 100vw, 10px\" \/> Max Gross<\/p>\n\n\n\n<hr class=\"wp-block-separator is-style-default\"\/>\n\n\n\n<p><strong>UEFA Europa Conference League, Playoff-R\u00fcckspiel (Sportdigital Fu\u00dfball\/RTL)<\/strong><\/p>\n\n\n\n<p><span style=\"text-decoration: underline;\">Donnerstag, 31. August 2023, <span style=\"text-decoration: underline;\">ab 19.50 Uhr<\/span> (Sportdigital Fu\u00dfball)<\/span><\/p>\n\n\n\n<p><strong style=\"font-style: italic;\"><em><strong><strong>Be\u015fikta\u015f Istanbul<\/strong><\/strong><\/em><\/strong> <strong style=\"font-style: italic;\"><strong><em><span><b style=\"font-style: italic;\">\u2013<\/b><\/span><\/em><\/strong><\/strong> <em><strong>Dynamo Kiew (20.00 Uhr, Agg.: 3-2)<\/strong><\/em> <br><img loading=\"lazy\" decoding=\"async\" width=\"10\" height=\"21\" class=\"wp-image-3656\" style=\"width: 10px;\" src=\"http:\/\/kommentatorenblog.de\/wp-content\/uploads\/2020\/09\/shure-55sh-ii-e1601485394796.jpg\" alt=\"\" srcset=\"https:\/\/kommentatorenblog.de\/wp-content\/uploads\/2020\/09\/shure-55sh-ii-e1601485394796.jpg 415w, https:\/\/kommentatorenblog.de\/wp-content\/uploads\/2020\/09\/shure-55sh-ii-e1601485394796-142x300.jpg 142w\" sizes=\"auto, (max-width: 10px) 100vw, 10px\" \/> Moritz Knorr<\/p>\n\n\n\n<p><span style=\"text-decoration: underline;\"><span style=\"text-decoration: underline;\">ab 20.15 Uhr<\/span> (RTL)<\/span><\/p>\n\n\n\n<p><strong style=\"font-style: italic;\"><em><strong>Eintracht Frankfurt<\/strong><\/em> <strong><em><span><b style=\"font-style: italic;\">\u2013<\/b><\/span><\/em><\/strong><\/strong> <em><strong>Lewski Sofia (20.30 Uhr, Agg.: 1-1)<\/strong><\/em> <br><img loading=\"lazy\" decoding=\"async\" width=\"10\" height=\"21\" class=\"wp-image-3656\" style=\"width: 10px;\" src=\"http:\/\/kommentatorenblog.de\/wp-content\/uploads\/2020\/09\/shure-55sh-ii-e1601485394796.jpg\" alt=\"\" srcset=\"https:\/\/kommentatorenblog.de\/wp-content\/uploads\/2020\/09\/shure-55sh-ii-e1601485394796.jpg 415w, https:\/\/kommentatorenblog.de\/wp-content\/uploads\/2020\/09\/shure-55sh-ii-e1601485394796-142x300.jpg 142w\" sizes=\"auto, (max-width: 10px) 100vw, 10px\" \/> Marco Hagemann, Experte: Steffen Freund<br>Moderation: Laura Papendick<\/p>\n\n\n\n<hr class=\"wp-block-separator is-style-default\"\/>\n\n\n\n<p><strong>EFL Cup (ENG), 2. Runde (Sportdigital Fu\u00dfball)<\/strong><\/p>\n\n\n\n<p><span style=\"text-decoration: underline;\">Dienstag, 29. August 2023<\/span><\/p>\n\n\n\n<p><strong style=\"font-style: italic;\"><em><strong>FC Fulham<\/strong><\/em> <strong><em><span><b style=\"font-style: italic;\">\u2013<\/b><\/span><\/em><\/strong><\/strong> <em><strong>Tottenham Hotspur (20.45 Uhr)<\/strong><\/em> <br><img loading=\"lazy\" decoding=\"async\" width=\"10\" height=\"21\" class=\"wp-image-3656\" style=\"width: 10px;\" src=\"http:\/\/kommentatorenblog.de\/wp-content\/uploads\/2020\/09\/shure-55sh-ii-e1601485394796.jpg\" alt=\"\" srcset=\"https:\/\/kommentatorenblog.de\/wp-content\/uploads\/2020\/09\/shure-55sh-ii-e1601485394796.jpg 415w, https:\/\/kommentatorenblog.de\/wp-content\/uploads\/2020\/09\/shure-55sh-ii-e1601485394796-142x300.jpg 142w\" sizes=\"auto, (max-width: 10px) 100vw, 10px\" \/> Jonathan Dreier<\/p>\n\n\n\n<p><span style=\"text-decoration: underline;\">Mittwoch, 30. August 2023<\/span><\/p>\n\n\n\n<p><strong style=\"font-style: italic;\"><em><strong>Doncaster Rovers<\/strong><\/em> <strong><em><span><b style=\"font-style: italic;\">\u2013<\/b><\/span><\/em><\/strong><\/strong> <em><strong>FC Everton (20.45 Uhr)<\/strong><\/em> <br><img loading=\"lazy\" decoding=\"async\" width=\"10\" height=\"21\" class=\"wp-image-3656\" style=\"width: 10px;\" src=\"http:\/\/kommentatorenblog.de\/wp-content\/uploads\/2020\/09\/shure-55sh-ii-e1601485394796.jpg\" alt=\"\" srcset=\"https:\/\/kommentatorenblog.de\/wp-content\/uploads\/2020\/09\/shure-55sh-ii-e1601485394796.jpg 415w, https:\/\/kommentatorenblog.de\/wp-content\/uploads\/2020\/09\/shure-55sh-ii-e1601485394796-142x300.jpg 142w\" sizes=\"auto, (max-width: 10px) 100vw, 10px\" \/> Jonathan Dreier<\/p>\n\n\n\n<hr class=\"wp-block-separator is-style-default\"\/>\n\n\n\n<p><strong>Ekstraklasa (POL), 3. Spieltag (Sportdigital Fu\u00dfball)<\/strong><\/p>\n\n\n\n<p><span style=\"text-decoration: underline;\">Mittwoch, 30. August 2023<\/span><\/p>\n\n\n\n<p><strong style=\"font-style: italic;\"><em><strong>Pogon Szczecin <strong style=\"font-style: italic;\"><strong><em><span><b style=\"font-style: italic;\">\u2013<\/b><\/span><\/em><\/strong><\/strong> Slask Wroclaw<\/strong><\/em><\/strong><em><strong> (18.30 Uhr)<\/strong><\/em> <br><img loading=\"lazy\" decoding=\"async\" width=\"10\" height=\"21\" class=\"wp-image-3656\" style=\"width: 10px;\" src=\"http:\/\/kommentatorenblog.de\/wp-content\/uploads\/2020\/09\/shure-55sh-ii-e1601485394796.jpg\" alt=\"\" srcset=\"https:\/\/kommentatorenblog.de\/wp-content\/uploads\/2020\/09\/shure-55sh-ii-e1601485394796.jpg 415w, https:\/\/kommentatorenblog.de\/wp-content\/uploads\/2020\/09\/shure-55sh-ii-e1601485394796-142x300.jpg 142w\" sizes=\"auto, (max-width: 10px) 100vw, 10px\" \/> Christian Blunck<\/p>\n\n\n\n<hr class=\"wp-block-separator\"\/>\n\n\n\n<p><strong>Saudi Pro League (KSA), 4. Spieltag (Sportdigital Fu\u00dfball)<\/strong><\/p>\n\n\n\n<p><span style=\"text-decoration: underline;\">Dienstag, 29. August 2023<\/span><\/p>\n\n\n\n<p><strong style=\"font-style: italic;\"><em><strong>al-Nassr FC<\/strong><\/em> <strong><em><span><b style=\"font-style: italic;\">\u2013<\/b><\/span><\/em><\/strong><\/strong> <em><strong>al-Shabab Club (20.00 Uhr)<\/strong><\/em> <br><img loading=\"lazy\" decoding=\"async\" width=\"10\" height=\"21\" class=\"wp-image-3656\" style=\"width: 10px;\" src=\"http:\/\/kommentatorenblog.de\/wp-content\/uploads\/2020\/09\/shure-55sh-ii-e1601485394796.jpg\" alt=\"\" srcset=\"https:\/\/kommentatorenblog.de\/wp-content\/uploads\/2020\/09\/shure-55sh-ii-e1601485394796.jpg 415w, https:\/\/kommentatorenblog.de\/wp-content\/uploads\/2020\/09\/shure-55sh-ii-e1601485394796-142x300.jpg 142w\" sizes=\"auto, (max-width: 10px) 100vw, 10px\" \/> J\u00f6rg Steiger<\/p>\n\n\n\n<hr class=\"wp-block-separator is-style-default\"\/>\n\n\n\n<hr class=\"wp-block-separator is-style-default\"\/>\n\n\n\n<p><strong><code>ANALYSE<\/code><\/strong><\/p>\n\n\n\n<p>Prime-Video schickt wieder seine gewohnte CL-Crew um Jonas Friedrich, Annika Zimmermann und Sebastian Hellmann auf Sendung, wenn sie das publikumswirksame Playoff-R\u00fcckspiel von Galatasaray zur Champions League \u00fcbertragen. Co-Kommentator aus der Box an der Seite von Friedrich ist diese Woche Patrick Owomoyela. Weil dadurch auch der zweite Expertenposten an der Seite von Hellmann im Vergleich zu vergangener Woche frei wird (auch Klose ist diese Woche nicht mit von der Partie), holt Amazon neben der regelm\u00e4\u00dfigen G\u00e4stin Josephine Henning neu auch den Freiburger Rekordtorsch\u00fctzen Nils Petersen neu in sein CL-Team. Eine spektakul\u00e4re Neuverpflichtung wie ich finde.<\/p>\n\n\n\n<p>Alle weiteren R\u00fcckspiele sind dann bei DAZN zu sehen. Freddy Harder bleibt bei Bern-Haifa auch der Kommentator f\u00fcrs R\u00fcckspiel, Manuel Angstenberger \u00fcbernimmt am Dienstag den portugiesisch-griechischen Gradmesser von Mario Rieker. <\/p>\n\n\n\n<p>Bei den Mittwochs-R\u00fcckspielen bleibt Tom Kirsten beim d\u00e4nisch-polnischen Duell die Konstante. Marcel Seufert \u00fcbernimmt die Partie, die im Hinspiel noch von David Ploch kommentiert wurde &#8211; und Max Gross das spannungsversprechende R\u00fcckspiel des Amazon-Picks von vergangener Woche.<\/p>\n\n\n\n<p>Das Europa-Conference-League-Playoffspiel der Eintracht gibt&#8217;s in dieser Woche im FreeTV bei RTL zu sehen. Kommentieren werden dann wie im Hinspiel Marco Hagemann und Steffen Freund. Moderieren wird Laura Papendick, die damit ihr Comeback nach Babypause gibt. <br>Auch in dieser Woche hat sich Sportdigital die Rechte f\u00fcr ein Playoffspiel mit t\u00fcrkischer Beteiligung gesichert und zeigt jetzt den m\u00f6glichen Einzug von Be\u015fikta\u015f in die ECL am Donnerstag mit Marvin Kirsch am Mikro. Die Tage zuvor wird am Abend jeweils eine Partie des englischen Ligapokals beim Hamburger Sender laufen.<\/p>\n\n\n\n<p>Bedeutende Spiele zeigt auch Sport1+ unter der Woche. Wie in den Hinspielen zeigt der PayTV-Sender auch zwei der vier R\u00fcckspiele der s\u00fcdamerikanischen Copa Libertadores live. Man hat sich f\u00fcr die beiden spannenderen Vergleiche entschieden und zeigt nachts die Spiele aus Porto Alegre sowie das argentinische Duell aus dem Gro\u00dfraum Buenos Aires ( &#8211; in den anderen beiden Spielen liegen die brasilianischen Teams Fluminense und Palmeiras gegen ihre Gegner aus Paraguay und Kolumbien schon recht deutlich vorne).<\/p>\n\n\n\n<p>Damit viel Spa\u00df in der anstehenden Fu\u00dfballwoche!<\/p>\n","protected":false},"excerpt":{"rendered":"<p>N&#8217;Abend allerseits, schickt die Bundesliga 6 oder 7 Teams in die internationalen Wettbewerbe? Schaffen es Clubs aus Griechenland, Belgien, D\u00e4nemark, Norwegen, Polen, Israel, der T\u00fcrkei oder der Schweiz in die Gruppenphase der Champions League? Oder haben wir hier stattdessen mehrere auch Vereine aus Schottland, den Niederlanden und Portugal? Werden drei Copa-Libertadores-Halbfinalisten aus Brasilien kommen? Und [&hellip;]<\/p>\n","protected":false},"author":12,"featured_media":0,"comment_status":"open","ping_status":"open","sticky":false,"template":"","format":"standard","meta":{"footnotes":""},"categories":[429],"tags":[],"class_list":["post-15421","post","type-post","status-publish","format-standard","hentry","category-diverses"],"_links":{"self":[{"href":"https:\/\/kommentatorenblog.de\/index.php?rest_route=\/wp\/v2\/posts\/15421","targetHints":{"allow":["GET"]}}],"collection":[{"href":"https:\/\/kommentatorenblog.de\/index.php?rest_route=\/wp\/v2\/posts"}],"about":[{"href":"https:\/\/kommentatorenblog.de\/index.php?rest_route=\/wp\/v2\/types\/post"}],"author":[{"embeddable":true,"href":"https:\/\/kommentatorenblog.de\/index.php?rest_route=\/wp\/v2\/users\/12"}],"replies":[{"embeddable":true,"href":"https:\/\/kommentatorenblog.de\/index.php?rest_route=%2Fwp%2Fv2%2Fcomments&post=15421"}],"version-history":[{"count":22,"href":"https:\/\/kommentatorenblog.de\/index.php?rest_route=\/wp\/v2\/posts\/15421\/revisions"}],"predecessor-version":[{"id":15530,"href":"https:\/\/kommentatorenblog.de\/index.php?rest_route=\/wp\/v2\/posts\/15421\/revisions\/15530"}],"wp:attachment":[{"href":"https:\/\/kommentatorenblog.de\/index.php?rest_route=%2Fwp%2Fv2%2Fmedia&parent=15421"}],"wp:term":[{"taxonomy":"category","embeddable":true,"href":"https:\/\/kommentatorenblog.de\/index.php?rest_route=%2Fwp%2Fv2%2Fcategories&post=15421"},{"taxonomy":"post_tag","embeddable":true,"href":"https:\/\/kommentatorenblog.de\/index.php?rest_route=%2Fwp%2Fv2%2Ftags&post=15421"}],"curies":[{"name":"wp","href":"https:\/\/api.w.org\/{rel}","templated":true}]}}