{"id":15555,"date":"2023-09-11T18:13:30","date_gmt":"2023-09-11T16:13:30","guid":{"rendered":"http:\/\/kommentatorenblog.de\/?p=15555"},"modified":"2023-09-13T13:44:02","modified_gmt":"2023-09-13T11:44:02","slug":"1362-dfb-elf-und-buli-vorschau","status":"publish","type":"post","link":"https:\/\/kommentatorenblog.de\/?p=15555","title":{"rendered":"1362 &#8211; DFB- Elf und Buli- Vorschau"},"content":{"rendered":"\n<p>N&#8217;Abend allerseits,<\/p>\n\n\n\n<p>Ein ereignisreiches Sportwochende liegt hinter uns: Deutschland erstmals Weltmeister im Basketball \u2022 Flick nicht mehr Bundestrainer \u2022 Lange wird Vize- Weltmeister im Ironman bei Frodeno- Abschied \u2022 Doppel- Gold f\u00fcr von Bredow- Werndl bei Dressur- EM \u2022 Zeidler verteidigt Titel bei Ruder- WM. <\/p>\n\n\n\n<p>Am Freitag steht der Saisonstart in die neue Bundesliga- Saison der Frauen ins Haus, neben neuem Titelsponsor hat sich dabei auch die TV- Rechte- Situation ge\u00e4ndert. Kurz nach der, aus deutscher Sicht, erfolgreichen EM 2022 hat der DFB erstmals die Rechte f\u00fcr die Bundesliga der Frauen alleine ausgeschrieben. Davor wurden die Rechte im Paket mit der 3. Liga vergeben. Um die TV- Einnahmen deutlich zu steigern, was auch gelang, orientierte man sich bei den zu erwerbenden Paketen auch an W\u00fcnschen der Sender. Auch das f\u00fchrte dazu, dass es ab dieser Spielzeit ein Montagsspiel geben wird. Einerseits ein Alleinstellungsmerkmal im nationalen Fu\u00dfball, was wohl auch f\u00fcr zus\u00e4tzliche Einnahmen gef\u00fchrt haben d\u00fcrfte, andererseits d\u00fcrfte dies viele Spielerinnen, welche neben dem Fu\u00dfball noch arbeiten m\u00fcssen, vor Probleme stellen.<\/p>\n\n\n\n<p><strong>Alles live mit Magenta und DAZN<\/strong><\/p>\n\n\n\n<p>Nun ein Blick auf die \u00fcbertragenden Sender: Wie bereits im Vorjahr wird Magenta Sport alle Spiele live \u00fcbertragen. In der Regel mit 15 Minuten Vorlauf und bei einem Spiel pro Spieltag mit Moderation vor Ort. Neben Magenta wird aber auch DAZN nun alle Spiele live \u00fcbertragen. Man \u00fcbernimmt hier aber nicht den Kommentar von Magenta, sondern kommentiert alles selbst. Zu h\u00f6ren werden hier u.a. Jan L\u00fcdeke, Christoph Fetzer und Kristoffer Klein sein.<\/p>\n\n\n\n<p>Die \u00dcbertragungen werden meist, wie eben auch bei der Telekom, 15 Minuten vor Spielbeginn starten, ab diesem Zeitpunkt startet der DFB mit der \u00dcbermittlung des Signals. Bei ausgew\u00e4hlten Spielen, dazu geh\u00f6rt das Er\u00f6ffnungsspiel, aber auch die Montagsspiele, startet man mit der Vorberichterstattung bereits fr\u00fcher. Montags wird es zudem die Show &#8222;On the Rise&#8220; geben, wo Lena Cassel und Tobias Wahnschaffe die bisherigen Partien des Spieltages besprechen werden.<\/p>\n\n\n\n<p><strong><em>Update:<\/em><\/strong> Bei der Telekom wird es zudem noch ein Reportage- Format von der neuen Expertin Tabea Kemme geben. Daneben wird Kemme auch bei dem &#8222;Spiel der Woche&#8220; als Expertin zu Eins\u00e4tzen kommen. Hier melden sich Moderation, Kommentator und Expertin 30 Minuten vor Anpfiff aus dem jeweiligen Stadion.<\/p>\n\n\n\n<p><strong>Frei empfangbar bei ARD, ZDF und Sport 1<\/strong><\/p>\n\n\n\n<p>Neben den Pay- TV- \u00dcbertragungen wird es dar\u00fcber hinaus auch 32 Spiele im Free- TV sehen. F\u00fcr 10 Spiele haben ARD und ZDF die Rechte erworben, hier l\u00e4uft u.a. das Er\u00f6ffnungsspiel am kommenden Freitag im ZDF. Weiter Spiele sind im Ersten und den Dritten geplant. Ein Spiel pro Spieltag, in der Regel das Montagsspiel, ist zudem bei Sport1 zu sehen. Die \u00dcbertragung startet meist eine halbe Stunde vor Spielbeginn, das Stammteam wird aus Moderatorin Lili Engels, Kommentatorin Christina Rann und Experte Maik Franz bestehen. Bei der Wahl des Spiels hat Sport1 12 mal den First- Pick und bei den restlichen zehn Spielen den Second- Pick hinter ARD und ZDF.<\/p>\n\n\n\n<p>Alle Rechteinhaber haben zudem das Recht, Zusammenfassungen ihrer \u00fcbertragenen Spiele zu zeigen. Daneben hat SportA f\u00fcr das Erste, das Zweite und die Dritten sich das sogenannte Main- Highlight Paket gesichert, was Zusammenfassungen aller Spieler bis zu einer L\u00e4nge von 18 Minuten m\u00f6glich macht, plattformneutral. Sky und DAZN haben sich das Basic Highlight- Recht gesichert, hier d\u00fcrfen die Zusammenfassungen bis zu 6 Minuten pro Spiel dauern.<\/p>\n\n\n\n<p>Bereits seit ein paar Wochen l\u00e4uft unterdessen die 2. Frauen- Bundesliga, wo es auch ein neuen \u00dcbertragungspartner gibt: sporttotal.tv \u00fcbertr\u00e4gt ab dieser Saison alle Spiele live. Durch eine Kooperation mit Magenta Sport werden Spiele auch auf dieser Plattform zu sehen sein. Daneben wird es auch Zusammenfassungen in den Dritten geben, beispielsweise im MDR von den Spielen von Carl Zeiss Jena.<\/p>\n\n\n\n<p><strong>DFB- Frauen weiter bei ARD und ZDF<\/strong><\/p>\n\n\n\n<p>Abschlie\u00dfend noch der Blick auf die Nationalmannschaft, deren WM- Abschneiden sicher auch die Sorge mit sich bringt, dass der Boom ein schnelles Ende nimmt. Das ist nat\u00fcrlich nicht zu hoffen, und erste Anzeichen, wie der DFB- Pokal sowie Highlightspiele in den gro\u00dfen Arenen in M\u00fcnchen, Leipzig, Frankfurt und Bremen, sowie dauerhaft in N\u00fcrnberg lassen auf Gegenteiliges hoffen. Die Nationalelf und die bald beginnende Nations League wird im \u00dcbrigen weiterhin bei ARD und ZDF zu sehen, im Rahmen der Ausschreibung der Bundesliga Vergab man auch hier die Rechte f\u00fcr alle Heim- Qualifikations- und Freundschaftsspiele. Nun aber der Blick auf die L\u00e4nderspiele der Herren:<\/p>\n\n\n\n<p><strong><em>Die Ansetzungen vom 12. September bis 14. September 2023<\/em><\/strong><\/p>\n\n\n\n<p><strong>L\u00e4nderspiel, Testspiel (ARD)<\/strong><\/p>\n\n\n\n<p><span style=\"text-decoration: underline;\">Dienstag, 12. September 2023, ab 20.15 Uhr<\/span><\/p>\n\n\n\n<p><strong style=\"font-style: italic;\"><em><strong>Deutschland <\/strong><\/em><strong><em><b style=\"font-style: italic;\">\u2013<\/b><\/em><\/strong><\/strong> <em><strong>Frankreich (21.00 Uhr)<\/strong><\/em> <br><img loading=\"lazy\" decoding=\"async\" width=\"10\" height=\"21\" class=\"wp-image-3656\" style=\"width: 10px;\" src=\"http:\/\/kommentatorenblog.de\/wp-content\/uploads\/2020\/09\/shure-55sh-ii-e1601485394796.jpg\" alt=\"\" srcset=\"https:\/\/kommentatorenblog.de\/wp-content\/uploads\/2020\/09\/shure-55sh-ii-e1601485394796.jpg 415w, https:\/\/kommentatorenblog.de\/wp-content\/uploads\/2020\/09\/shure-55sh-ii-e1601485394796-142x300.jpg 142w\" sizes=\"auto, (max-width: 10px) 100vw, 10px\" \/> Gerd Gottlob<br>Moderation: Alexander Bommes, Experte: Bastian Schweinsteiger, Field- Reporterin: Lea Wagner<\/p>\n\n\n\n<p><strong>U 21- L\u00e4nderspiel (Pro7Maxx)<\/strong><\/p>\n\n\n\n<p><span style=\"text-decoration: underline;\">Dienstag, 12. September 2023, ab 18.30 Uhr<\/span><\/p>\n\n\n\n<p><strong style=\"font-style: italic;\"><em><strong>Kosovo <\/strong><\/em><strong><em><b style=\"font-style: italic;\">\u2013<\/b><\/em><\/strong><\/strong> <em><strong><strong style=\"font-style: italic;\"><em><strong>Deutschland<\/strong><\/em><\/strong> (19.00 Uhr)<\/strong><\/em> <br><img loading=\"lazy\" decoding=\"async\" width=\"10\" height=\"21\" class=\"wp-image-3656\" style=\"width: 10px;\" src=\"http:\/\/kommentatorenblog.de\/wp-content\/uploads\/2020\/09\/shure-55sh-ii-e1601485394796.jpg\" alt=\"\" srcset=\"https:\/\/kommentatorenblog.de\/wp-content\/uploads\/2020\/09\/shure-55sh-ii-e1601485394796.jpg 415w, https:\/\/kommentatorenblog.de\/wp-content\/uploads\/2020\/09\/shure-55sh-ii-e1601485394796-142x300.jpg 142w\" sizes=\"auto, (max-width: 10px) 100vw, 10px\" \/> Flo Hauser<br>Moderation: Matthias Opendh\u00f6vel , Expertin: Rachel Rinast<\/p>\n\n\n\n<hr class=\"wp-block-separator is-style-default\"\/>\n\n\n\n<p><strong>European Qualifiers, 6. Spieltag (DAZN)<\/strong><\/p>\n\n\n\n<p><span style=\"text-decoration: underline;\">Dienstag, 12. September 2023, ab 20.40 Uhr (DAZN)<\/span><\/p>\n\n\n\n<p><strong style=\"font-style: italic;\"><em><strong>Spanien<\/strong><\/em> <strong><em><span><b style=\"font-style: italic;\">\u2013<\/b><\/span><\/em><\/strong><\/strong> <em><strong>Zypern (20.45 Uhr)<\/strong><\/em> <\/p>\n\n\n\n<p><img loading=\"lazy\" decoding=\"async\" width=\"10\" height=\"21\" class=\"wp-image-3656\" style=\"width: 10px;\" src=\"http:\/\/kommentatorenblog.de\/wp-content\/uploads\/2020\/09\/shure-55sh-ii-e1601485394796.jpg\" alt=\"\" srcset=\"https:\/\/kommentatorenblog.de\/wp-content\/uploads\/2020\/09\/shure-55sh-ii-e1601485394796.jpg 415w, https:\/\/kommentatorenblog.de\/wp-content\/uploads\/2020\/09\/shure-55sh-ii-e1601485394796-142x300.jpg 142w\" sizes=\"auto, (max-width: 10px) 100vw, 10px\" \/> &nbsp;Freddy Harder<\/p>\n\n\n\n<p><strong style=\"font-style: italic;\"><em><strong>Italien <\/strong><\/em><strong><em><b style=\"font-style: italic;\">\u2013<\/b><\/em><\/strong><\/strong> <em><strong>Ukraine (20.45 Uhr)<\/strong><\/em> <br><img loading=\"lazy\" decoding=\"async\" width=\"10\" height=\"21\" class=\"wp-image-3656\" style=\"width: 10px;\" src=\"http:\/\/kommentatorenblog.de\/wp-content\/uploads\/2020\/09\/shure-55sh-ii-e1601485394796.jpg\" alt=\"\" srcset=\"https:\/\/kommentatorenblog.de\/wp-content\/uploads\/2020\/09\/shure-55sh-ii-e1601485394796.jpg 415w, https:\/\/kommentatorenblog.de\/wp-content\/uploads\/2020\/09\/shure-55sh-ii-e1601485394796-142x300.jpg 142w\" sizes=\"auto, (max-width: 10px) 100vw, 10px\" \/> Carten Fu\u00df<\/p>\n\n\n\n<p><strong style=\"font-style: italic;\"><em><strong>Schottland<\/strong><\/em> <strong><em><span><b style=\"font-style: italic;\">\u2013<\/b><\/span><\/em><\/strong><\/strong> <em><strong>England (20.45 Uhr)<\/strong><\/em> <\/p>\n\n\n\n<p><img loading=\"lazy\" decoding=\"async\" width=\"10\" height=\"21\" class=\"wp-image-3656\" style=\"width: 10px;\" src=\"http:\/\/kommentatorenblog.de\/wp-content\/uploads\/2020\/09\/shure-55sh-ii-e1601485394796.jpg\" alt=\"\" srcset=\"https:\/\/kommentatorenblog.de\/wp-content\/uploads\/2020\/09\/shure-55sh-ii-e1601485394796.jpg 415w, https:\/\/kommentatorenblog.de\/wp-content\/uploads\/2020\/09\/shure-55sh-ii-e1601485394796-142x300.jpg 142w\" sizes=\"auto, (max-width: 10px) 100vw, 10px\" \/> Uli Hebel<\/p>\n\n\n\n<p><strong style=\"font-style: italic;\"><em><strong>Schweden <\/strong><\/em><strong><em><b style=\"font-style: italic;\">\u2013<\/b><\/em><\/strong><\/strong> <em><strong>\u00d6sterreich (20.45 Uhr)<\/strong><\/em> <br><img loading=\"lazy\" decoding=\"async\" width=\"10\" height=\"21\" class=\"wp-image-3656\" style=\"width: 10px;\" src=\"http:\/\/kommentatorenblog.de\/wp-content\/uploads\/2020\/09\/shure-55sh-ii-e1601485394796.jpg\" alt=\"\" srcset=\"https:\/\/kommentatorenblog.de\/wp-content\/uploads\/2020\/09\/shure-55sh-ii-e1601485394796.jpg 415w, https:\/\/kommentatorenblog.de\/wp-content\/uploads\/2020\/09\/shure-55sh-ii-e1601485394796-142x300.jpg 142w\" sizes=\"auto, (max-width: 10px) 100vw, 10px\" \/> Max Gross<\/p>\n\n\n\n<hr class=\"wp-block-separator is-style-default\"\/>\n\n\n\n<p><strong>Campeonato Brasileiro (23. Spieltag) (Sportdigital Fu\u00dfball)<\/strong><\/p>\n\n\n\n<p><span style=\"text-decoration: underline;\">Donnerstag, 14. September 2023, ab 02.25 Uhr<\/span><\/p>\n\n\n\n<p><strong style=\"font-style: italic;\"><em><strong>Internacional <strong style=\"font-style: italic;\"><strong><em><b style=\"font-style: italic;\">\u2013<\/b><\/em><\/strong><\/strong> Sao Paulo FC<\/strong><\/em><\/strong><em><strong> (02.30 Uhr)<\/strong><\/em> <br><img loading=\"lazy\" decoding=\"async\" width=\"10\" height=\"21\" class=\"wp-image-3656\" style=\"width: 10px;\" src=\"http:\/\/kommentatorenblog.de\/wp-content\/uploads\/2020\/09\/shure-55sh-ii-e1601485394796.jpg\" alt=\"\" srcset=\"https:\/\/kommentatorenblog.de\/wp-content\/uploads\/2020\/09\/shure-55sh-ii-e1601485394796.jpg 415w, https:\/\/kommentatorenblog.de\/wp-content\/uploads\/2020\/09\/shure-55sh-ii-e1601485394796-142x300.jpg 142w\" sizes=\"auto, (max-width: 10px) 100vw, 10px\" \/> Marcus Radefeld<\/p>\n\n\n\n<hr class=\"wp-block-separator is-style-default\"\/>\n\n\n\n<hr class=\"wp-block-separator is-style-default\"\/>\n\n\n\n<p><strong><code>ANALYSE<\/code><\/strong><\/p>\n\n\n\n<p>Am Dienstag steht das zweite Testspiel der DFB- Herren, erneut daheim, diesmal gegen Frankreich und diesmal ist der Anpfiff erst um 21.00 Uhr. Zu sehen wird die Partie im Ersten sein, die ARD setzt dabei auf dasselbe Team, welches schon durch die \u00dcbertragung des DFB- Pokalspiels Osnabr\u00fcck- K\u00f6ln gef\u00fchrt hatte. Es moderiert Alexander Bommes, Experte wird Bastian Schweinsteiger sein und als Kommentator fungiert Gerd Gottlob. Tom Bartels, der das letzte ARD- L\u00e4nderspiel kommentierte, kommt dann wieder beim Duell Mexiko- Deutschland und dem DFB- Pokalspiel Wiesbaden- Leipzig zum Einsatz. Somit wechseln sich also gerade mit den Live- Eins\u00e4tzen im Fu\u00dfball, w\u00e4hrend Florian Na\u00df aktuell nicht im Ersten zum Einsatz kommt.<\/p>\n\n\n\n<p>Die Qualifikationsspiele f\u00fcr die Euro 2024 gibt es am Dienstag unterdessen exklusiv bei DAZN zu sehen. Nitro wird im Oktober wieder L\u00e4nderspiele zeigen, ebenso wie RTL und die ARD, welche den USA Trip der DFB- Elf \u00fcbertragen werden. Das Spiel gegen Mexiko findet im dann im \u00dcbrigen in der deutschen Nacht statt, weshalb das Erste im Anschluss an das moma nochmal eine Wiederholung\/ lange Zusammenfassung senden wird.<\/p>\n\n\n\n<p>Am Donnerstag meldet sich dann Tim mit der doppelten Dosis Bundesliga, bis dahin allen eine sch\u00f6ne Woche. Und ja, der Beitrag ist trotz der wenigen Spiele lang geworden, aber neue Rechtesituationen verdienen es auch ausf\u00fchrlich dargestellt zu werden. <\/p>\n\n\n\n<p><\/p>\n","protected":false},"excerpt":{"rendered":"<p>N&#8217;Abend allerseits, Ein ereignisreiches Sportwochende liegt hinter uns: Deutschland erstmals Weltmeister im Basketball \u2022 Flick nicht mehr Bundestrainer \u2022 Lange wird Vize- Weltmeister im Ironman bei Frodeno- Abschied \u2022 Doppel- Gold f\u00fcr von Bredow- Werndl bei Dressur- EM \u2022 Zeidler verteidigt Titel bei Ruder- WM. Am Freitag steht der Saisonstart in die neue Bundesliga- Saison [&hellip;]<\/p>\n","protected":false},"author":10,"featured_media":0,"comment_status":"open","ping_status":"open","sticky":false,"template":"","format":"standard","meta":{"footnotes":""},"categories":[426],"tags":[246,19,355,952,13,295,272,503,283,134],"class_list":["post-15555","post","type-post","status-publish","format-standard","hentry","category-laenderspiele","tag-alexander-bommes","tag-ard","tag-bastian-schweinsteiger","tag-carten-fuss","tag-dazn","tag-freddy-harder","tag-gerd-gottlob","tag-marcus-radefeld","tag-max-gross","tag-sportdigital-fussball"],"_links":{"self":[{"href":"https:\/\/kommentatorenblog.de\/index.php?rest_route=\/wp\/v2\/posts\/15555","targetHints":{"allow":["GET"]}}],"collection":[{"href":"https:\/\/kommentatorenblog.de\/index.php?rest_route=\/wp\/v2\/posts"}],"about":[{"href":"https:\/\/kommentatorenblog.de\/index.php?rest_route=\/wp\/v2\/types\/post"}],"author":[{"embeddable":true,"href":"https:\/\/kommentatorenblog.de\/index.php?rest_route=\/wp\/v2\/users\/10"}],"replies":[{"embeddable":true,"href":"https:\/\/kommentatorenblog.de\/index.php?rest_route=%2Fwp%2Fv2%2Fcomments&post=15555"}],"version-history":[{"count":16,"href":"https:\/\/kommentatorenblog.de\/index.php?rest_route=\/wp\/v2\/posts\/15555\/revisions"}],"predecessor-version":[{"id":15591,"href":"https:\/\/kommentatorenblog.de\/index.php?rest_route=\/wp\/v2\/posts\/15555\/revisions\/15591"}],"wp:attachment":[{"href":"https:\/\/kommentatorenblog.de\/index.php?rest_route=%2Fwp%2Fv2%2Fmedia&parent=15555"}],"wp:term":[{"taxonomy":"category","embeddable":true,"href":"https:\/\/kommentatorenblog.de\/index.php?rest_route=%2Fwp%2Fv2%2Fcategories&post=15555"},{"taxonomy":"post_tag","embeddable":true,"href":"https:\/\/kommentatorenblog.de\/index.php?rest_route=%2Fwp%2Fv2%2Ftags&post=15555"}],"curies":[{"name":"wp","href":"https:\/\/api.w.org\/{rel}","templated":true}]}}