{"id":15582,"date":"2023-09-14T15:02:53","date_gmt":"2023-09-14T13:02:53","guid":{"rendered":"http:\/\/kommentatorenblog.de\/?p=15582"},"modified":"2023-09-16T17:32:13","modified_gmt":"2023-09-16T15:32:13","slug":"1363-die-ligen-gehen-weiter","status":"publish","type":"post","link":"https:\/\/kommentatorenblog.de\/?p=15582","title":{"rendered":"1363 \u2013 Die Ligen gehen weiter!"},"content":{"rendered":"\n<p>  <strong>N&#8217;Abend Allerseits!<\/strong><\/p>\n\n\n\n<p>Nachdem ich ja kein besonderer &#8222;Fan&#8220; von L\u00e4nderspielen bin, sie interessieren mich nicht sonderlich und abseits von gro\u00dfen Turnieren schaue ich so gut wie nie eines, gab es ja so einiges zu diskutieren. Hansi Flick ist Geschichte und V\u00f6ller, Wolf und Wagner haben ihre Sache gegen Frankreich offenbar gut gemacht, wobei ich bezweifle, dass in 2 Tagen wirklich eine Ver\u00e4nderung herbeigef\u00fchrt werden kann. <\/p>\n\n\n\n<p>Zumindest f\u00fcr V\u00f6ller wird es keine R\u00fcckkehr auf die Trainerbank geben, dass hatte er ja schon kategorisch ausgeschlossen. Und so gehen die Spekulationen weiter. Ich pers\u00f6nlich w\u00fcrde mich ja \u00fcber einen Trainer aus dem Ausland freuen. Es w\u00e4re an der Zeit! <\/p>\n\n\n\n<p>Und w\u00e4hrend die Spieler so langsam von ihren L\u00e4nderspielreisen wieder bei den Vereinen eintrudeln, starten wir auch wieder rein in ein sehr volles Fu\u00dfballwochenende! <\/p>\n\n\n\n<p><strong><em>Die Ansetzungen vom 15. September 2023 bis zum 18. September 2023<\/em><\/strong><\/p>\n\n\n\n<hr class=\"wp-block-separator is-style-default\"\/>\n\n\n\n<p><strong>Bundesliga (GER), 4. Spieltag (Sky\/DAZN)<\/strong><\/p>\n\n\n\n<p><span style=\"text-decoration: underline;\">Freitag, 15. September 2023, <span style=\"text-decoration: underline;\">ab 19.30 Uhr (DAZN)<\/span><\/span><\/p>\n\n\n\n<p><strong style=\"font-style: italic;\"><em><strong>FC Bayern M\u00fcnchen \u2013 Bayer 04 Leverkusen<\/strong><\/em><\/strong><em><strong> (20.30 Uhr)<\/strong><\/em><br><img loading=\"lazy\" decoding=\"async\" width=\"10\" height=\"21\" class=\"wp-image-3656\" style=\"width: 10px;\" src=\"http:\/\/kommentatorenblog.de\/wp-content\/uploads\/2020\/09\/shure-55sh-ii-e1601485394796.jpg\" alt=\"\" srcset=\"https:\/\/kommentatorenblog.de\/wp-content\/uploads\/2020\/09\/shure-55sh-ii-e1601485394796.jpg 415w, https:\/\/kommentatorenblog.de\/wp-content\/uploads\/2020\/09\/shure-55sh-ii-e1601485394796-142x300.jpg 142w\" sizes=\"auto, (max-width: 10px) 100vw, 10px\" \/> Max Siebald, Experte: Michael Ballack<br>Moderation: Alex Schl\u00fcter, Field-Reporter: Daniel Herzog<\/p>\n\n\n\n<p><span style=\"text-decoration: underline;\">Samstag, 16. September 2023, <span style=\"text-decoration: underline;\">ab 14.00 Uhr (Sky)<\/span><\/span><\/p>\n\n\n\n<p><strong style=\"font-style: italic;\"><em><strong>SC Freiburg \u2013 Borussia Dortmund<\/strong><\/em><\/strong><em><strong> (15.30 Uhr)<\/strong><\/em> <br><img loading=\"lazy\" decoding=\"async\" width=\"10\" height=\"21\" class=\"wp-image-3656\" style=\"width: 10px;\" src=\"http:\/\/kommentatorenblog.de\/wp-content\/uploads\/2020\/09\/shure-55sh-ii-e1601485394796.jpg\" alt=\"\" srcset=\"https:\/\/kommentatorenblog.de\/wp-content\/uploads\/2020\/09\/shure-55sh-ii-e1601485394796.jpg 415w, https:\/\/kommentatorenblog.de\/wp-content\/uploads\/2020\/09\/shure-55sh-ii-e1601485394796-142x300.jpg 142w\" sizes=\"auto, (max-width: 10px) 100vw, 10px\" \/> Jonas Friedrich (Einzelspiel), Frank Buschmann (Konferenz)<br>Field-Reporter: Jens Westen<\/p>\n\n\n\n<p><strong><em>RB Leipzig \u2013 FC Augsburg (15.30 Uhr)<\/em> <br><\/strong><img loading=\"lazy\" decoding=\"async\" width=\"10\" height=\"21\" class=\"wp-image-3656\" style=\"width: 10px;\" src=\"http:\/\/kommentatorenblog.de\/wp-content\/uploads\/2020\/09\/shure-55sh-ii-e1601485394796.jpg\" alt=\"\" srcset=\"https:\/\/kommentatorenblog.de\/wp-content\/uploads\/2020\/09\/shure-55sh-ii-e1601485394796.jpg 415w, https:\/\/kommentatorenblog.de\/wp-content\/uploads\/2020\/09\/shure-55sh-ii-e1601485394796-142x300.jpg 142w\" sizes=\"auto, (max-width: 10px) 100vw, 10px\" \/> Oliver Seidler (Einzelspiel), Roland Evers (Konferenz)<br>Field-Reporter: Yannick Erkenbrecher<\/p>\n\n\n\n<p><strong style=\"font-style: italic;\">VfL Wolfsburg \u2013 1. FC Union Berlin<\/strong><em><strong> (15.30 Uhr)<\/strong><\/em> <br><img loading=\"lazy\" decoding=\"async\" width=\"10\" height=\"21\" class=\"wp-image-3656\" style=\"width: 10px;\" src=\"http:\/\/kommentatorenblog.de\/wp-content\/uploads\/2020\/09\/shure-55sh-ii-e1601485394796.jpg\" alt=\"\" srcset=\"https:\/\/kommentatorenblog.de\/wp-content\/uploads\/2020\/09\/shure-55sh-ii-e1601485394796.jpg 415w, https:\/\/kommentatorenblog.de\/wp-content\/uploads\/2020\/09\/shure-55sh-ii-e1601485394796-142x300.jpg 142w\" sizes=\"auto, (max-width: 10px) 100vw, 10px\" \/> Torsten Kunde (Einzelspiel), Kai Dittmann  (Konferenz)<br>Field-Reporter: Karsten Petrzika<\/p>\n\n\n\n<p><strong style=\"font-style: italic;\">FSV Mainz 05  \u2013 VfB Stuttgart<\/strong><em><strong> (15.30 Uhr)<\/strong><\/em> <br><img loading=\"lazy\" decoding=\"async\" width=\"10\" height=\"21\" class=\"wp-image-3656\" style=\"width: 10px;\" src=\"http:\/\/kommentatorenblog.de\/wp-content\/uploads\/2020\/09\/shure-55sh-ii-e1601485394796.jpg\" alt=\"\" srcset=\"https:\/\/kommentatorenblog.de\/wp-content\/uploads\/2020\/09\/shure-55sh-ii-e1601485394796.jpg 415w, https:\/\/kommentatorenblog.de\/wp-content\/uploads\/2020\/09\/shure-55sh-ii-e1601485394796-142x300.jpg 142w\" sizes=\"auto, (max-width: 10px) 100vw, 10px\" \/> Martin Gro\u00df (Einzelspiel), Hansi K\u00fcpper (Konferenz)<br>Field-Reporter: Patrick Wasserziehr<\/p>\n\n\n\n<p><strong style=\"font-style: italic;\">1. FC K\u00f6ln \u2013 1899 Hoffenheim<\/strong><em><strong>  (15.30 Uhr)<\/strong><\/em> <br><img loading=\"lazy\" decoding=\"async\" width=\"10\" height=\"21\" class=\"wp-image-3656\" style=\"width: 10px;\" src=\"http:\/\/kommentatorenblog.de\/wp-content\/uploads\/2020\/09\/shure-55sh-ii-e1601485394796.jpg\" alt=\"\" srcset=\"https:\/\/kommentatorenblog.de\/wp-content\/uploads\/2020\/09\/shure-55sh-ii-e1601485394796.jpg 415w, https:\/\/kommentatorenblog.de\/wp-content\/uploads\/2020\/09\/shure-55sh-ii-e1601485394796-142x300.jpg 142w\" sizes=\"auto, (max-width: 10px) 100vw, 10px\" \/> Marcus Lindemann (Einzelspiel), Florian Schmidt-Sommerfeld (Konferenz)<br>Field-Reporter: Ulli Potofski<\/p>\n\n\n\n<p>Moderation: Michael Leopold, Experten: Dietmar Hamann und Erik Meijer<\/p>\n\n\n\n<p><span style=\"text-decoration: underline;\"><span style=\"text-decoration: underline;\">ab 17.30 Uhr (Sky)<\/span><\/span><\/p>\n\n\n\n<p><strong style=\"font-style: italic;\"><em><strong>VfL Bochum \u2013 Eintracht Frankfurt<\/strong><\/em><\/strong><em><strong> (18.30 Uhr)<\/strong><\/em> <br><img loading=\"lazy\" decoding=\"async\" width=\"10\" height=\"21\" class=\"wp-image-3656\" style=\"width: 10px;\" src=\"http:\/\/kommentatorenblog.de\/wp-content\/uploads\/2020\/09\/shure-55sh-ii-e1601485394796.jpg\" alt=\"\" srcset=\"https:\/\/kommentatorenblog.de\/wp-content\/uploads\/2020\/09\/shure-55sh-ii-e1601485394796.jpg 415w, https:\/\/kommentatorenblog.de\/wp-content\/uploads\/2020\/09\/shure-55sh-ii-e1601485394796-142x300.jpg 142w\" sizes=\"auto, (max-width: 10px) 100vw, 10px\" \/> Wolff Fuss<br>Field-Reporterin: Britta Hofmann<br>Moderation: Sebastian Hellmann, Expert:innen: Julia Simic und Lothar Matth\u00e4us<\/p>\n\n\n\n<p><span style=\"text-decoration: underline;\">Sonntag, 17. September 2023, <span style=\"text-decoration: underline;\">ab 14.45 Uhr (DAZN)<\/span><\/span><\/p>\n\n\n\n<p><strong style=\"font-style: italic;\"><em><strong>1. FC Heidenheim \u2013 SV Werder Bremen<\/strong><\/em><\/strong><em><strong> (15.30 Uhr)<\/strong><\/em> <br><img loading=\"lazy\" decoding=\"async\" width=\"10\" height=\"21\" class=\"wp-image-3656\" style=\"width: 10px;\" src=\"http:\/\/kommentatorenblog.de\/wp-content\/uploads\/2020\/09\/shure-55sh-ii-e1601485394796.jpg\" alt=\"\" srcset=\"https:\/\/kommentatorenblog.de\/wp-content\/uploads\/2020\/09\/shure-55sh-ii-e1601485394796.jpg 415w, https:\/\/kommentatorenblog.de\/wp-content\/uploads\/2020\/09\/shure-55sh-ii-e1601485394796-142x300.jpg 142w\" sizes=\"auto, (max-width: 10px) 100vw, 10px\" \/> Uli Hebel, Experte: Benny Lauth<br>Moderation: Elmar Paulke; Field-Reporter: Mario Rieker <\/p>\n\n\n\n<p><span style=\"text-decoration: underline;\"><span style=\"text-decoration: underline;\">ab 16.45 Uhr (DAZN)<\/span><\/span><\/p>\n\n\n\n<p><strong style=\"font-style: italic;\"><em><strong>SV Darmstadt 98 \u2013 Borussia M\u00f6nchengladbach<\/strong><\/em><\/strong><em><strong> (17.30 Uhr)<\/strong><\/em> <br><img loading=\"lazy\" decoding=\"async\" width=\"10\" height=\"21\" class=\"wp-image-3656\" style=\"width: 10px;\" src=\"http:\/\/kommentatorenblog.de\/wp-content\/uploads\/2020\/09\/shure-55sh-ii-e1601485394796.jpg\" alt=\"\" srcset=\"https:\/\/kommentatorenblog.de\/wp-content\/uploads\/2020\/09\/shure-55sh-ii-e1601485394796.jpg 415w, https:\/\/kommentatorenblog.de\/wp-content\/uploads\/2020\/09\/shure-55sh-ii-e1601485394796-142x300.jpg 142w\" sizes=\"auto, (max-width: 10px) 100vw, 10px\" \/> Marco Hagemann, Experte: Jonas Hummels<br>Field-Reporter: Andres Veredas<br>Moderation: Tobi Wahnschaffe<\/p>\n\n\n\n<hr class=\"wp-block-separator is-style-default\"\/>\n\n\n\n<p><strong>Bundesliga Frauen, 1. Spieltag (ZDF\/Magenta\/DAZN)<\/strong><\/p>\n\n\n\n<p><span style=\"text-decoration: underline;\">Freitag, 15. September 2023 ab 17.35 (DAZN) \/ 17.45 (Magenta) \/ 18.00 (ZDF)<\/span><\/p>\n\n\n\n<p><em><strong>SC Freiburg \u2013 FC Bayern M\u00fcnchen (18.15 Uhr)<\/strong><\/em><br>ZDF: <img loading=\"lazy\" decoding=\"async\" width=\"10\" height=\"21\" class=\"wp-image-3656\" style=\"width: 10px;\" src=\"http:\/\/kommentatorenblog.de\/wp-content\/uploads\/2020\/09\/shure-55sh-ii-e1601485394796.jpg\" alt=\"\" srcset=\"https:\/\/kommentatorenblog.de\/wp-content\/uploads\/2020\/09\/shure-55sh-ii-e1601485394796.jpg 415w, https:\/\/kommentatorenblog.de\/wp-content\/uploads\/2020\/09\/shure-55sh-ii-e1601485394796-142x300.jpg 142w\" sizes=\"auto, (max-width: 10px) 100vw, 10px\" \/> Claudia Neumann;<br>Magenta: <img loading=\"lazy\" decoding=\"async\" width=\"10\" height=\"21\" class=\"wp-image-3656\" style=\"width: 10px;\" src=\"http:\/\/kommentatorenblog.de\/wp-content\/uploads\/2020\/09\/shure-55sh-ii-e1601485394796.jpg\" alt=\"\" srcset=\"https:\/\/kommentatorenblog.de\/wp-content\/uploads\/2020\/09\/shure-55sh-ii-e1601485394796.jpg 415w, https:\/\/kommentatorenblog.de\/wp-content\/uploads\/2020\/09\/shure-55sh-ii-e1601485394796-142x300.jpg 142w\" sizes=\"auto, (max-width: 10px) 100vw, 10px\" \/> Martin Piller; Expertin: Kathrin Lehmann<br>DAZN: <img loading=\"lazy\" decoding=\"async\" width=\"10\" height=\"21\" class=\"wp-image-3656\" style=\"width: 10px;\" src=\"http:\/\/kommentatorenblog.de\/wp-content\/uploads\/2020\/09\/shure-55sh-ii-e1601485394796.jpg\" alt=\"\" srcset=\"https:\/\/kommentatorenblog.de\/wp-content\/uploads\/2020\/09\/shure-55sh-ii-e1601485394796.jpg 415w, https:\/\/kommentatorenblog.de\/wp-content\/uploads\/2020\/09\/shure-55sh-ii-e1601485394796-142x300.jpg 142w\" sizes=\"auto, (max-width: 10px) 100vw, 10px\" \/> Jan Platte; Expertin: Turid Knaak<br>Moderation (ZDF): Katja Streso <br>Moderation (Magenta): Simon K\u00f6pfer <br>Moderation (DAZN): Lena Cassel <\/p>\n\n\n\n<p><span style=\"text-decoration: underline;\">Samstag, 16. September 2023 ab 11.45 Uhr (Magenta\/DAZN)<\/span><\/p>\n\n\n\n<p><em><strong>TSG Hoffenheim \u2013 MSV Duisburg (12.00 Uhr)<\/strong><\/em><br>Magenta: <img loading=\"lazy\" decoding=\"async\" width=\"10\" height=\"21\" class=\"wp-image-3656\" style=\"width: 10px;\" src=\"http:\/\/kommentatorenblog.de\/wp-content\/uploads\/2020\/09\/shure-55sh-ii-e1601485394796.jpg\" alt=\"\" srcset=\"https:\/\/kommentatorenblog.de\/wp-content\/uploads\/2020\/09\/shure-55sh-ii-e1601485394796.jpg 415w, https:\/\/kommentatorenblog.de\/wp-content\/uploads\/2020\/09\/shure-55sh-ii-e1601485394796-142x300.jpg 142w\" sizes=\"auto, (max-width: 10px) 100vw, 10px\" \/> Michael Seyberth<br>DAZN: <img loading=\"lazy\" decoding=\"async\" width=\"10\" height=\"21\" class=\"wp-image-3656\" style=\"width: 10px;\" src=\"http:\/\/kommentatorenblog.de\/wp-content\/uploads\/2020\/09\/shure-55sh-ii-e1601485394796.jpg\" alt=\"\" srcset=\"https:\/\/kommentatorenblog.de\/wp-content\/uploads\/2020\/09\/shure-55sh-ii-e1601485394796.jpg 415w, https:\/\/kommentatorenblog.de\/wp-content\/uploads\/2020\/09\/shure-55sh-ii-e1601485394796-142x300.jpg 142w\" sizes=\"auto, (max-width: 10px) 100vw, 10px\" \/>  Christoph Fetzer<\/p>\n\n\n\n<p><span style=\"text-decoration: underline;\">ab 13.45 Uhr:<\/span><\/p>\n\n\n\n<p><em><strong>1. FC N\u00fcrnberg \u2013 SV Werder Bremen (14.00 Uhr)<\/strong><\/em><\/p>\n\n\n\n<p>Magenta: <img loading=\"lazy\" decoding=\"async\" width=\"10\" height=\"21\" class=\"wp-image-3656\" style=\"width: 10px;\" src=\"http:\/\/kommentatorenblog.de\/wp-content\/uploads\/2020\/09\/shure-55sh-ii-e1601485394796.jpg\" alt=\"\" srcset=\"https:\/\/kommentatorenblog.de\/wp-content\/uploads\/2020\/09\/shure-55sh-ii-e1601485394796.jpg 415w, https:\/\/kommentatorenblog.de\/wp-content\/uploads\/2020\/09\/shure-55sh-ii-e1601485394796-142x300.jpg 142w\" sizes=\"auto, (max-width: 10px) 100vw, 10px\" \/> Martin Piller<br>DAZN: <img loading=\"lazy\" decoding=\"async\" width=\"10\" height=\"21\" class=\"wp-image-3656\" style=\"width: 10px;\" src=\"http:\/\/kommentatorenblog.de\/wp-content\/uploads\/2020\/09\/shure-55sh-ii-e1601485394796.jpg\" alt=\"\" srcset=\"https:\/\/kommentatorenblog.de\/wp-content\/uploads\/2020\/09\/shure-55sh-ii-e1601485394796.jpg 415w, https:\/\/kommentatorenblog.de\/wp-content\/uploads\/2020\/09\/shure-55sh-ii-e1601485394796-142x300.jpg 142w\" sizes=\"auto, (max-width: 10px) 100vw, 10px\" \/> Oliver Fa\u00dfnacht <\/p>\n\n\n\n<p><span style=\"text-decoration: underline;\">Sonntag, 17. September 2023 ab 13.45 Uhr<\/span><\/p>\n\n\n\n<p><em><strong>1. FC K\u00f6ln \u2013 RB Leipzig (14.00 Uhr)<\/strong><\/em><br>Magenta: <img loading=\"lazy\" decoding=\"async\" width=\"10\" height=\"21\" class=\"wp-image-3656\" style=\"width: 10px;\" src=\"http:\/\/kommentatorenblog.de\/wp-content\/uploads\/2020\/09\/shure-55sh-ii-e1601485394796.jpg\" alt=\"\" srcset=\"https:\/\/kommentatorenblog.de\/wp-content\/uploads\/2020\/09\/shure-55sh-ii-e1601485394796.jpg 415w, https:\/\/kommentatorenblog.de\/wp-content\/uploads\/2020\/09\/shure-55sh-ii-e1601485394796-142x300.jpg 142w\" sizes=\"auto, (max-width: 10px) 100vw, 10px\" \/> Julian Engelhard <br>DAZN: <img loading=\"lazy\" decoding=\"async\" width=\"10\" height=\"21\" class=\"wp-image-3656\" style=\"width: 10px;\" src=\"http:\/\/kommentatorenblog.de\/wp-content\/uploads\/2020\/09\/shure-55sh-ii-e1601485394796.jpg\" alt=\"\" srcset=\"https:\/\/kommentatorenblog.de\/wp-content\/uploads\/2020\/09\/shure-55sh-ii-e1601485394796.jpg 415w, https:\/\/kommentatorenblog.de\/wp-content\/uploads\/2020\/09\/shure-55sh-ii-e1601485394796-142x300.jpg 142w\" sizes=\"auto, (max-width: 10px) 100vw, 10px\" \/>  ??? <\/p>\n\n\n\n<p><span style=\"text-decoration: underline;\">ab 15.45 Uhr<\/span><\/p>\n\n\n\n<p><em><strong>VfL Wolfsburg \u2013 Bayer Leverkusen (16.00 Uhr)<\/strong><\/em><br>Magenta: <img loading=\"lazy\" decoding=\"async\" width=\"10\" height=\"21\" class=\"wp-image-3656\" style=\"width: 10px;\" src=\"http:\/\/kommentatorenblog.de\/wp-content\/uploads\/2020\/09\/shure-55sh-ii-e1601485394796.jpg\" alt=\"\" srcset=\"https:\/\/kommentatorenblog.de\/wp-content\/uploads\/2020\/09\/shure-55sh-ii-e1601485394796.jpg 415w, https:\/\/kommentatorenblog.de\/wp-content\/uploads\/2020\/09\/shure-55sh-ii-e1601485394796-142x300.jpg 142w\" sizes=\"auto, (max-width: 10px) 100vw, 10px\" \/>Oskar Heirler <br>DAZN: <img loading=\"lazy\" decoding=\"async\" width=\"10\" height=\"21\" class=\"wp-image-3656\" style=\"width: 10px;\" src=\"http:\/\/kommentatorenblog.de\/wp-content\/uploads\/2020\/09\/shure-55sh-ii-e1601485394796.jpg\" alt=\"\" srcset=\"https:\/\/kommentatorenblog.de\/wp-content\/uploads\/2020\/09\/shure-55sh-ii-e1601485394796.jpg 415w, https:\/\/kommentatorenblog.de\/wp-content\/uploads\/2020\/09\/shure-55sh-ii-e1601485394796-142x300.jpg 142w\" sizes=\"auto, (max-width: 10px) 100vw, 10px\" \/> Matthias Naebers <\/p>\n\n\n\n<p><span style=\"text-decoration: underline;\">ab 18.15 Uhr<\/span>:<\/p>\n\n\n\n<p><em><strong>SGS Essen \u2013 Eintracht Frankfurt (18.30 Uhr)<\/strong><\/em><br>Magenta: <img loading=\"lazy\" decoding=\"async\" width=\"10\" height=\"21\" class=\"wp-image-3656\" style=\"width: 10px;\" src=\"http:\/\/kommentatorenblog.de\/wp-content\/uploads\/2020\/09\/shure-55sh-ii-e1601485394796.jpg\" alt=\"\" srcset=\"https:\/\/kommentatorenblog.de\/wp-content\/uploads\/2020\/09\/shure-55sh-ii-e1601485394796.jpg 415w, https:\/\/kommentatorenblog.de\/wp-content\/uploads\/2020\/09\/shure-55sh-ii-e1601485394796-142x300.jpg 142w\" sizes=\"auto, (max-width: 10px) 100vw, 10px\" \/> Alex Kunz<br>DAZN: <img loading=\"lazy\" decoding=\"async\" width=\"10\" height=\"21\" class=\"wp-image-3656\" style=\"width: 10px;\" src=\"http:\/\/kommentatorenblog.de\/wp-content\/uploads\/2020\/09\/shure-55sh-ii-e1601485394796.jpg\" alt=\"\" srcset=\"https:\/\/kommentatorenblog.de\/wp-content\/uploads\/2020\/09\/shure-55sh-ii-e1601485394796.jpg 415w, https:\/\/kommentatorenblog.de\/wp-content\/uploads\/2020\/09\/shure-55sh-ii-e1601485394796-142x300.jpg 142w\" sizes=\"auto, (max-width: 10px) 100vw, 10px\" \/>  Kristoffer Klein   <\/p>\n\n\n\n<hr class=\"wp-block-separator is-style-default\"\/>\n\n\n\n<p><strong>2. Bundesliga (GER), 6. Spieltag (Sky\/Sport1)<\/strong><\/p>\n\n\n\n<p><span style=\"text-decoration: underline;\">Freitag, 15. September 2023, <span style=\"text-decoration: underline;\">ab 18.00 Uhr (Sky)<\/span><\/span><\/p>\n\n\n\n<p><strong>Konferenz: <\/strong><img loading=\"lazy\" decoding=\"async\" width=\"10\" height=\"21\" class=\"wp-image-3656\" style=\"width: 10px;\" src=\"http:\/\/kommentatorenblog.de\/wp-content\/uploads\/2020\/09\/shure-55sh-ii-e1601485394796.jpg\" alt=\"\" srcset=\"https:\/\/kommentatorenblog.de\/wp-content\/uploads\/2020\/09\/shure-55sh-ii-e1601485394796.jpg 415w, https:\/\/kommentatorenblog.de\/wp-content\/uploads\/2020\/09\/shure-55sh-ii-e1601485394796-142x300.jpg 142w\" sizes=\"auto, (max-width: 10px) 100vw, 10px\" \/> Roland Evers  (Fokus auf FCN-FUE)<\/p>\n\n\n\n<p><strong style=\"font-style: italic;\"><em><strong>1. FC N\u00fcrnberg \u2013 Spvgg. Greuther F\u00fcrth<\/strong><\/em><\/strong><em><strong> (18.30 Uhr)<\/strong><\/em> <br><img loading=\"lazy\" decoding=\"async\" width=\"10\" height=\"21\" class=\"wp-image-3656\" style=\"width: 10px;\" src=\"http:\/\/kommentatorenblog.de\/wp-content\/uploads\/2020\/09\/shure-55sh-ii-e1601485394796.jpg\" alt=\"\" srcset=\"https:\/\/kommentatorenblog.de\/wp-content\/uploads\/2020\/09\/shure-55sh-ii-e1601485394796.jpg 415w, https:\/\/kommentatorenblog.de\/wp-content\/uploads\/2020\/09\/shure-55sh-ii-e1601485394796-142x300.jpg 142w\" sizes=\"auto, (max-width: 10px) 100vw, 10px\" \/> Hansi K\u00fcpper<\/p>\n\n\n\n<p><strong style=\"font-style: italic;\"><em><strong>SC Paderborn 07 \u2013 SV Wehen Wiesbaden<\/strong><\/em><\/strong><em><strong> (18.30 Uhr)<\/strong><\/em> <br><img loading=\"lazy\" decoding=\"async\" width=\"10\" height=\"21\" class=\"wp-image-3656\" style=\"width: 10px;\" src=\"http:\/\/kommentatorenblog.de\/wp-content\/uploads\/2020\/09\/shure-55sh-ii-e1601485394796.jpg\" alt=\"\" srcset=\"https:\/\/kommentatorenblog.de\/wp-content\/uploads\/2020\/09\/shure-55sh-ii-e1601485394796.jpg 415w, https:\/\/kommentatorenblog.de\/wp-content\/uploads\/2020\/09\/shure-55sh-ii-e1601485394796-142x300.jpg 142w\" sizes=\"auto, (max-width: 10px) 100vw, 10px\" \/> Christian Stra\u00dfburger<\/p>\n\n\n\n<p>Moderation (aus N\u00fcrnberg): Hartmut von Kameke, Experte: S\u00f6ren Gonther<\/p>\n\n\n\n<p><span style=\"text-decoration: underline;\">Samstag, 16. September 2023, <span style=\"text-decoration: underline;\">ab 12.30 Uhr (Sky)<\/span><\/span><\/p>\n\n\n\n<p><strong>Konferenz: <\/strong><img loading=\"lazy\" decoding=\"async\" width=\"10\" height=\"21\" class=\"wp-image-3656\" style=\"width: 10px;\" src=\"http:\/\/kommentatorenblog.de\/wp-content\/uploads\/2020\/09\/shure-55sh-ii-e1601485394796.jpg\" alt=\"\" srcset=\"https:\/\/kommentatorenblog.de\/wp-content\/uploads\/2020\/09\/shure-55sh-ii-e1601485394796.jpg 415w, https:\/\/kommentatorenblog.de\/wp-content\/uploads\/2020\/09\/shure-55sh-ii-e1601485394796-142x300.jpg 142w\" sizes=\"auto, (max-width: 10px) 100vw, 10px\" \/>Markus Gaupp (Fokus auf KSC-FCK)  <\/p>\n\n\n\n<p><em style=\"\"><strong>SV Elversberg \u2013 Hamburger SV<\/strong><\/em><em><strong> (13.00 Uhr)<\/strong><\/em> <br><img loading=\"lazy\" decoding=\"async\" width=\"10\" height=\"21\" class=\"wp-image-3656\" style=\"width: 10px;\" src=\"http:\/\/kommentatorenblog.de\/wp-content\/uploads\/2020\/09\/shure-55sh-ii-e1601485394796.jpg\" alt=\"\" srcset=\"https:\/\/kommentatorenblog.de\/wp-content\/uploads\/2020\/09\/shure-55sh-ii-e1601485394796.jpg 415w, https:\/\/kommentatorenblog.de\/wp-content\/uploads\/2020\/09\/shure-55sh-ii-e1601485394796-142x300.jpg 142w\" sizes=\"auto, (max-width: 10px) 100vw, 10px\" \/> Klaus Veltman; Field-Reporter: Sven T\u00f6llner<\/p>\n\n\n\n<p><em style=\"\"><strong>FC Hansa Rostock \u2013 Fortuna D\u00fcsseldorf<\/strong><\/em><em><strong> (13.00 Uhr)<\/strong><\/em> <br><img loading=\"lazy\" decoding=\"async\" width=\"10\" height=\"21\" class=\"wp-image-3656\" style=\"width: 10px;\" src=\"http:\/\/kommentatorenblog.de\/wp-content\/uploads\/2020\/09\/shure-55sh-ii-e1601485394796.jpg\" alt=\"\" srcset=\"https:\/\/kommentatorenblog.de\/wp-content\/uploads\/2020\/09\/shure-55sh-ii-e1601485394796.jpg 415w, https:\/\/kommentatorenblog.de\/wp-content\/uploads\/2020\/09\/shure-55sh-ii-e1601485394796-142x300.jpg 142w\" sizes=\"auto, (max-width: 10px) 100vw, 10px\" \/> J\u00fcrgen Schmitz<\/p>\n\n\n\n<p><strong style=\"font-style: italic;\"><em><strong>Karlsruher SC \u2013 1. FC Kaiserslautern<\/strong><\/em><\/strong><em><strong> (13.00 Uhr)<\/strong><\/em> <br><img loading=\"lazy\" decoding=\"async\" width=\"10\" height=\"21\" class=\"wp-image-3656\" style=\"width: 10px;\" src=\"http:\/\/kommentatorenblog.de\/wp-content\/uploads\/2020\/09\/shure-55sh-ii-e1601485394796.jpg\" alt=\"\" srcset=\"https:\/\/kommentatorenblog.de\/wp-content\/uploads\/2020\/09\/shure-55sh-ii-e1601485394796.jpg 415w, https:\/\/kommentatorenblog.de\/wp-content\/uploads\/2020\/09\/shure-55sh-ii-e1601485394796-142x300.jpg 142w\" sizes=\"auto, (max-width: 10px) 100vw, 10px\" \/> Heiko Mallwitz<\/p>\n\n\n\n<p>Moderation (aus Karlsruhe): Toni Tomic<\/p>\n\n\n\n<p><span style=\"text-decoration: underline;\"><span style=\"text-decoration: underline;\">ab 19.30 Uhr (Sport1) bzw. 20.00 Uhr (Sky)<\/span><\/span><\/p>\n\n\n\n<p><strong style=\"font-style: italic;\"><em><strong>FC Schalke 04 \u2013 1. FC Magdeburg<\/strong><\/em><\/strong><em><strong> (20.30 Uhr)<\/strong><\/em> <\/p>\n\n\n\n<p><img loading=\"lazy\" decoding=\"async\" width=\"10\" height=\"21\" class=\"wp-image-3656\" style=\"width: 10px;\" src=\"http:\/\/kommentatorenblog.de\/wp-content\/uploads\/2020\/09\/shure-55sh-ii-e1601485394796.jpg\" alt=\"\" srcset=\"https:\/\/kommentatorenblog.de\/wp-content\/uploads\/2020\/09\/shure-55sh-ii-e1601485394796.jpg 415w, https:\/\/kommentatorenblog.de\/wp-content\/uploads\/2020\/09\/shure-55sh-ii-e1601485394796-142x300.jpg 142w\" sizes=\"auto, (max-width: 10px) 100vw, 10px\" \/> <em>Sport1: <\/em>Markus H\u00f6hner<br>Field-Reporter <em>(Sport1)<\/em>: Martin Quast<br>Moderation <em>(Sport1)<\/em>: Ruth Hofmann, Experte: Olaf Thon<\/p>\n\n\n\n<p><img loading=\"lazy\" decoding=\"async\" width=\"10\" height=\"21\" class=\"wp-image-3656\" style=\"width: 10px;\" src=\"http:\/\/kommentatorenblog.de\/wp-content\/uploads\/2020\/09\/shure-55sh-ii-e1601485394796.jpg\" alt=\"\" srcset=\"https:\/\/kommentatorenblog.de\/wp-content\/uploads\/2020\/09\/shure-55sh-ii-e1601485394796.jpg 415w, https:\/\/kommentatorenblog.de\/wp-content\/uploads\/2020\/09\/shure-55sh-ii-e1601485394796-142x300.jpg 142w\" sizes=\"auto, (max-width: 10px) 100vw, 10px\" \/> <em>Sky: <\/em>Stefan Hempel, Experte: Torsten Mattuschka<\/p>\n\n\n\n<p><span style=\"text-decoration: underline;\">Sonntag, 17. September 2023, <span style=\"text-decoration: underline;\">ab 13.00 Uhr (Sky)<\/span><\/span><\/p>\n\n\n\n<p><strong>Konferenz: <\/strong><img loading=\"lazy\" decoding=\"async\" width=\"10\" height=\"21\" class=\"wp-image-3656\" style=\"width: 10px;\" src=\"http:\/\/kommentatorenblog.de\/wp-content\/uploads\/2020\/09\/shure-55sh-ii-e1601485394796.jpg\" alt=\"\" srcset=\"https:\/\/kommentatorenblog.de\/wp-content\/uploads\/2020\/09\/shure-55sh-ii-e1601485394796.jpg 415w, https:\/\/kommentatorenblog.de\/wp-content\/uploads\/2020\/09\/shure-55sh-ii-e1601485394796-142x300.jpg 142w\" sizes=\"auto, (max-width: 10px) 100vw, 10px\" \/> Oliver Seidler (Fokus auf BSC-BTSV)<\/p>\n\n\n\n<p><strong style=\"font-style: italic;\"><em><strong>Hertha BSC \u2013 Eintracht Braunschweig<\/strong><\/em><\/strong><em><strong> (13.30 Uhr)<\/strong><\/em> <br><img loading=\"lazy\" decoding=\"async\" width=\"10\" height=\"21\" class=\"wp-image-3656\" style=\"width: 10px;\" src=\"http:\/\/kommentatorenblog.de\/wp-content\/uploads\/2020\/09\/shure-55sh-ii-e1601485394796.jpg\" alt=\"\" srcset=\"https:\/\/kommentatorenblog.de\/wp-content\/uploads\/2020\/09\/shure-55sh-ii-e1601485394796.jpg 415w, https:\/\/kommentatorenblog.de\/wp-content\/uploads\/2020\/09\/shure-55sh-ii-e1601485394796-142x300.jpg 142w\" sizes=\"auto, (max-width: 10px) 100vw, 10px\" \/> Hannes Herrmann<\/p>\n\n\n\n<p><em style=\"\"><strong>FC St. Pauli \u2013 Holstein Kiel<\/strong><\/em><em><strong> (13.30 Uhr)<\/strong><\/em> <br><img loading=\"lazy\" decoding=\"async\" width=\"10\" height=\"21\" class=\"wp-image-3656\" style=\"width: 10px;\" src=\"http:\/\/kommentatorenblog.de\/wp-content\/uploads\/2020\/09\/shure-55sh-ii-e1601485394796.jpg\" alt=\"\" srcset=\"https:\/\/kommentatorenblog.de\/wp-content\/uploads\/2020\/09\/shure-55sh-ii-e1601485394796.jpg 415w, https:\/\/kommentatorenblog.de\/wp-content\/uploads\/2020\/09\/shure-55sh-ii-e1601485394796-142x300.jpg 142w\" sizes=\"auto, (max-width: 10px) 100vw, 10px\" \/> J\u00fcrgen Schmitz<\/p>\n\n\n\n<p><strong><em>Hannover 96 \u2013 VfL Osnabr\u00fcck  (13.30 Uhr) <br><\/em><\/strong><img loading=\"lazy\" decoding=\"async\" width=\"10\" height=\"21\" class=\"wp-image-3656\" style=\"width: 10px;\" src=\"http:\/\/kommentatorenblog.de\/wp-content\/uploads\/2020\/09\/shure-55sh-ii-e1601485394796.jpg\" alt=\"\" srcset=\"https:\/\/kommentatorenblog.de\/wp-content\/uploads\/2020\/09\/shure-55sh-ii-e1601485394796.jpg 415w, https:\/\/kommentatorenblog.de\/wp-content\/uploads\/2020\/09\/shure-55sh-ii-e1601485394796-142x300.jpg 142w\" sizes=\"auto, (max-width: 10px) 100vw, 10px\" \/> Klaus Veltman; Interviews: Schalte <\/p>\n\n\n\n<p>Moderation (aus Berlin): Yannick Erkenbrecher; Experte: Torsten Mattuschka, <\/p>\n\n\n\n<hr class=\"wp-block-separator is-style-default\"\/>\n\n\n\n<p><strong>3. Liga (GER), 5. Spieltag (Magenta Sport\/WDR\/NDR\/MDR\/BR)<\/strong><\/p>\n\n\n\n<p><span style=\"text-decoration: underline;\">Freitag, 15. September 2023, <span style=\"text-decoration: underline;\">ab 18.30 Uhr (Magenta Sport)<\/span><\/span><\/p>\n\n\n\n<p><strong style=\"font-style: italic;\"><em><strong>MSV Duisburg \u2013 SC Verl<\/strong><\/em><\/strong><em><strong> (19.00 Uhr)<\/strong><\/em> <br><img loading=\"lazy\" decoding=\"async\" width=\"10\" height=\"21\" class=\"wp-image-3656\" style=\"width: 10px;\" src=\"http:\/\/kommentatorenblog.de\/wp-content\/uploads\/2020\/09\/shure-55sh-ii-e1601485394796.jpg\" alt=\"\" srcset=\"https:\/\/kommentatorenblog.de\/wp-content\/uploads\/2020\/09\/shure-55sh-ii-e1601485394796.jpg 415w, https:\/\/kommentatorenblog.de\/wp-content\/uploads\/2020\/09\/shure-55sh-ii-e1601485394796-142x300.jpg 142w\" sizes=\"auto, (max-width: 10px) 100vw, 10px\" \/> Julian Engelhard<br>Moderation: Christina Rann, Experte: ???<\/p>\n\n\n\n<p><span style=\"text-decoration: underline;\">Samstag, 16. September 2023, <span style=\"text-decoration: underline;\">ab 13.30 Uhr (Magenta Sport)<\/span><\/span><\/p>\n\n\n\n<p><strong>Konferenz: <\/strong><img loading=\"lazy\" decoding=\"async\" width=\"10\" height=\"21\" class=\"wp-image-3656\" style=\"width: 10px;\" src=\"http:\/\/kommentatorenblog.de\/wp-content\/uploads\/2020\/09\/shure-55sh-ii-e1601485394796.jpg\" alt=\"\" srcset=\"https:\/\/kommentatorenblog.de\/wp-content\/uploads\/2020\/09\/shure-55sh-ii-e1601485394796.jpg 415w, https:\/\/kommentatorenblog.de\/wp-content\/uploads\/2020\/09\/shure-55sh-ii-e1601485394796-142x300.jpg 142w\" sizes=\"auto, (max-width: 10px) 100vw, 10px\" \/> Christian Stra\u00dfburger, Experte: Sebastian Schuppan<\/p>\n\n\n\n<p><span style=\"text-decoration: underline;\"><span style=\"text-decoration: underline;\">ab 13.45 Uhr (Magenta Sport)<\/span><\/span><\/p>\n\n\n\n<p><strong style=\"font-style: italic;\"><em><strong>Borussia Dortmund II \u2013 FC Viktoria K\u00f6ln <\/strong><\/em><\/strong><em><strong> (14.00 Uhr)<\/strong><\/em> <br><img loading=\"lazy\" decoding=\"async\" width=\"10\" height=\"21\" class=\"wp-image-3656\" style=\"width: 10px;\" src=\"http:\/\/kommentatorenblog.de\/wp-content\/uploads\/2020\/09\/shure-55sh-ii-e1601485394796.jpg\" alt=\"\" srcset=\"https:\/\/kommentatorenblog.de\/wp-content\/uploads\/2020\/09\/shure-55sh-ii-e1601485394796.jpg 415w, https:\/\/kommentatorenblog.de\/wp-content\/uploads\/2020\/09\/shure-55sh-ii-e1601485394796-142x300.jpg 142w\" sizes=\"auto, (max-width: 10px) 100vw, 10px\" \/> Philip Konrad<br>Moderation: Kamila Benschop<\/p>\n\n\n\n<p><strong style=\"font-style: italic;\"><em><strong>DSC Arminia Bielefeld \u2013 SC Freiburg II<\/strong><\/em><\/strong><em><strong> (14.00 Uhr)<\/strong><\/em> <br><img loading=\"lazy\" decoding=\"async\" width=\"10\" height=\"21\" class=\"wp-image-3656\" style=\"width: 10px;\" src=\"http:\/\/kommentatorenblog.de\/wp-content\/uploads\/2020\/09\/shure-55sh-ii-e1601485394796.jpg\" alt=\"\" srcset=\"https:\/\/kommentatorenblog.de\/wp-content\/uploads\/2020\/09\/shure-55sh-ii-e1601485394796.jpg 415w, https:\/\/kommentatorenblog.de\/wp-content\/uploads\/2020\/09\/shure-55sh-ii-e1601485394796-142x300.jpg 142w\" sizes=\"auto, (max-width: 10px) 100vw, 10px\" \/> Julian-Luca Schaefer<br>Moderation: Tobi Sch\u00e4fer<\/p>\n\n\n\n<p><strong style=\"font-style: italic;\"><em><strong>SV Sandhausen \u2013 SC Preu\u00dfen M\u00fcnster<\/strong><\/em><\/strong><em><strong> (14.00 Uhr)<\/strong><\/em> <br><img loading=\"lazy\" decoding=\"async\" width=\"10\" height=\"21\" class=\"wp-image-3656\" style=\"width: 10px;\" src=\"http:\/\/kommentatorenblog.de\/wp-content\/uploads\/2020\/09\/shure-55sh-ii-e1601485394796.jpg\" alt=\"\" srcset=\"https:\/\/kommentatorenblog.de\/wp-content\/uploads\/2020\/09\/shure-55sh-ii-e1601485394796.jpg 415w, https:\/\/kommentatorenblog.de\/wp-content\/uploads\/2020\/09\/shure-55sh-ii-e1601485394796-142x300.jpg 142w\" sizes=\"auto, (max-width: 10px) 100vw, 10px\" \/> Oskar Heirler<br>Moderation: Cedric Pick<\/p>\n\n\n\n<p><span style=\"text-decoration: underline;\"><span style=\"text-decoration: underline;\">ab 13.45 Uhr (Magenta Sport) bzw. ab 14 Uhr (BR\/WDR)<\/span><\/span><\/p>\n\n\n\n<p><strong style=\"font-style: italic;\"><em><strong>RW Essen \u2013 SSV Jahn Regensburg<\/strong><\/em><\/strong><em><strong> (14.00 Uhr)<\/strong><\/em><\/p>\n\n\n\n<p><img loading=\"lazy\" decoding=\"async\" width=\"10\" height=\"21\" class=\"wp-image-3656\" style=\"width: 10px;\" src=\"http:\/\/kommentatorenblog.de\/wp-content\/uploads\/2020\/09\/shure-55sh-ii-e1601485394796.jpg\" alt=\"\" srcset=\"https:\/\/kommentatorenblog.de\/wp-content\/uploads\/2020\/09\/shure-55sh-ii-e1601485394796.jpg 415w, https:\/\/kommentatorenblog.de\/wp-content\/uploads\/2020\/09\/shure-55sh-ii-e1601485394796-142x300.jpg 142w\" sizes=\"auto, (max-width: 10px) 100vw, 10px\" \/> <em>Magenta: <\/em>Mario Bast<br>Moderation <em>(Magenta)<\/em>: Thomas Wagner<\/p>\n\n\n\n<p>BR: <img loading=\"lazy\" decoding=\"async\" width=\"10\" height=\"21\" class=\"wp-image-3656\" style=\"width: 10px;\" src=\"http:\/\/kommentatorenblog.de\/wp-content\/uploads\/2020\/09\/shure-55sh-ii-e1601485394796.jpg\" alt=\"\" srcset=\"https:\/\/kommentatorenblog.de\/wp-content\/uploads\/2020\/09\/shure-55sh-ii-e1601485394796.jpg 415w, https:\/\/kommentatorenblog.de\/wp-content\/uploads\/2020\/09\/shure-55sh-ii-e1601485394796-142x300.jpg 142w\" sizes=\"auto, (max-width: 10px) 100vw, 10px\" \/> Florian Eckl; <\/p>\n\n\n\n<p>Moderation(BR): Dominik Vischer<br>WDR: <img loading=\"lazy\" decoding=\"async\" width=\"10\" height=\"21\" class=\"wp-image-3656\" style=\"width: 10px;\" src=\"http:\/\/kommentatorenblog.de\/wp-content\/uploads\/2020\/09\/shure-55sh-ii-e1601485394796.jpg\" alt=\"\" srcset=\"https:\/\/kommentatorenblog.de\/wp-content\/uploads\/2020\/09\/shure-55sh-ii-e1601485394796.jpg 415w, https:\/\/kommentatorenblog.de\/wp-content\/uploads\/2020\/09\/shure-55sh-ii-e1601485394796-142x300.jpg 142w\" sizes=\"auto, (max-width: 10px) 100vw, 10px\" \/> ???<\/p>\n\n\n\n<p><span style=\"text-decoration: underline;\"><span style=\"text-decoration: underline;\">ab 13.45 Uhr (Magenta Sport) bzw. ab 14 Uhr (MDR\/NDR)<\/span><\/span><\/p>\n\n\n\n<p><strong style=\"font-style: italic;\"><em><strong>VfB L\u00fcbeck \u2013 SG Dynamo Dresden<\/strong><\/em><\/strong><em><strong>14.00 Uhr)<\/strong><\/em><\/p>\n\n\n\n<p><img loading=\"lazy\" decoding=\"async\" width=\"10\" height=\"21\" class=\"wp-image-3656\" style=\"width: 10px;\" src=\"http:\/\/kommentatorenblog.de\/wp-content\/uploads\/2020\/09\/shure-55sh-ii-e1601485394796.jpg\" alt=\"\" srcset=\"https:\/\/kommentatorenblog.de\/wp-content\/uploads\/2020\/09\/shure-55sh-ii-e1601485394796.jpg 415w, https:\/\/kommentatorenblog.de\/wp-content\/uploads\/2020\/09\/shure-55sh-ii-e1601485394796-142x300.jpg 142w\" sizes=\"auto, (max-width: 10px) 100vw, 10px\" \/> <em>Magenta: <\/em>Edgar Mielke<br>Moderation <em>(Magenta)<\/em>: Gari Paubandt <\/p>\n\n\n\n<p><img loading=\"lazy\" decoding=\"async\" width=\"10\" height=\"21\" class=\"wp-image-3656\" style=\"width: 10px;\" src=\"http:\/\/kommentatorenblog.de\/wp-content\/uploads\/2020\/09\/shure-55sh-ii-e1601485394796.jpg\" alt=\"\" srcset=\"https:\/\/kommentatorenblog.de\/wp-content\/uploads\/2020\/09\/shure-55sh-ii-e1601485394796.jpg 415w, https:\/\/kommentatorenblog.de\/wp-content\/uploads\/2020\/09\/shure-55sh-ii-e1601485394796-142x300.jpg 142w\" sizes=\"auto, (max-width: 10px) 100vw, 10px\" \/> <em>MDR\/NDR: <\/em>tba<br>Moderation <em>(MDR\/NDR)<\/em>: tba<\/p>\n\n\n\n<p><span style=\"text-decoration: underline;\"><span style=\"text-decoration: underline;\">ab 16.15 Uhr (Magenta Sport)<\/span><\/span><\/p>\n\n\n\n<p><strong style=\"font-style: italic;\"><em><strong>FC Ingolstadt 04 \u2013 TSV 1860 M\u00fcnchen<\/strong><\/em><\/strong><em><strong> (14.00 Uhr)<\/strong><\/em> <br><img loading=\"lazy\" decoding=\"async\" width=\"10\" height=\"21\" class=\"wp-image-3656\" style=\"width: 10px;\" src=\"http:\/\/kommentatorenblog.de\/wp-content\/uploads\/2020\/09\/shure-55sh-ii-e1601485394796.jpg\" alt=\"\" srcset=\"https:\/\/kommentatorenblog.de\/wp-content\/uploads\/2020\/09\/shure-55sh-ii-e1601485394796.jpg 415w, https:\/\/kommentatorenblog.de\/wp-content\/uploads\/2020\/09\/shure-55sh-ii-e1601485394796-142x300.jpg 142w\" sizes=\"auto, (max-width: 10px) 100vw, 10px\" \/> Alex Klich<br>Moderation: Sascha Bandermann<\/p>\n\n\n\n<p><span style=\"text-decoration: underline;\">Sonntag, 17. September 2023, <span style=\"text-decoration: underline;\">ab 13.15 Uhr (Magenta Sport)<\/span><\/span><\/p>\n\n\n\n<p>FC Erzgebirge Aue \u2013 <strong style=\"font-style: italic;\"><em><strong>Hallescher FC<\/strong><\/em> <\/strong><em><strong> (13.30 Uhr)<\/strong><\/em> <br><img loading=\"lazy\" decoding=\"async\" width=\"10\" height=\"21\" class=\"wp-image-3656\" style=\"width: 10px;\" src=\"http:\/\/kommentatorenblog.de\/wp-content\/uploads\/2020\/09\/shure-55sh-ii-e1601485394796.jpg\" alt=\"\" srcset=\"https:\/\/kommentatorenblog.de\/wp-content\/uploads\/2020\/09\/shure-55sh-ii-e1601485394796.jpg 415w, https:\/\/kommentatorenblog.de\/wp-content\/uploads\/2020\/09\/shure-55sh-ii-e1601485394796-142x300.jpg 142w\" sizes=\"auto, (max-width: 10px) 100vw, 10px\" \/> Andreas Mann<br>Moderation: Stefanie Blochwitz<\/p>\n\n\n\n<p><span style=\"text-decoration: underline;\"><span style=\"text-decoration: underline;\">ab 16.15 Uhr (Magenta Sport)<\/span><\/span><\/p>\n\n\n\n<p><strong style=\"font-style: italic;\"><em><strong>SV Waldhof Mannheim \u2013 SSV Ulm 1846<\/strong><\/em><\/strong><em><strong> (16.30 Uhr)<\/strong><\/em> <br><img loading=\"lazy\" decoding=\"async\" width=\"10\" height=\"21\" class=\"wp-image-3656\" style=\"width: 10px;\" src=\"http:\/\/kommentatorenblog.de\/wp-content\/uploads\/2020\/09\/shure-55sh-ii-e1601485394796.jpg\" alt=\"\" srcset=\"https:\/\/kommentatorenblog.de\/wp-content\/uploads\/2020\/09\/shure-55sh-ii-e1601485394796.jpg 415w, https:\/\/kommentatorenblog.de\/wp-content\/uploads\/2020\/09\/shure-55sh-ii-e1601485394796-142x300.jpg 142w\" sizes=\"auto, (max-width: 10px) 100vw, 10px\" \/> Christian Stra\u00dfburger<br>Moderation: Thomas Wagner<\/p>\n\n\n\n<p><span style=\"text-decoration: underline;\"><span style=\"text-decoration: underline;\">ab 19.15 Uhr (Magenta Sport)<\/span><\/span><\/p>\n\n\n\n<p><strong style=\"font-style: italic;\"><em><strong>Spvgg. Unterhaching \u2013 1. FC Saarbr\u00fccken<\/strong><\/em><\/strong><em><strong> (19.30 Uhr)<\/strong><\/em> <br><img loading=\"lazy\" decoding=\"async\" width=\"10\" height=\"21\" class=\"wp-image-3656\" style=\"width: 10px;\" src=\"http:\/\/kommentatorenblog.de\/wp-content\/uploads\/2020\/09\/shure-55sh-ii-e1601485394796.jpg\" alt=\"\" srcset=\"https:\/\/kommentatorenblog.de\/wp-content\/uploads\/2020\/09\/shure-55sh-ii-e1601485394796.jpg 415w, https:\/\/kommentatorenblog.de\/wp-content\/uploads\/2020\/09\/shure-55sh-ii-e1601485394796-142x300.jpg 142w\" sizes=\"auto, (max-width: 10px) 100vw, 10px\" \/> Oliver Forster<br>Moderation: Alex K\u00fcpper<\/p>\n\n\n\n<hr class=\"wp-block-separator is-style-default\"\/>\n\n\n\n<p><strong>Premier League (ENG), 5. Spieltag (Sky)<\/strong><\/p>\n\n\n\n<p><span style=\"text-decoration: underline;\">Freitag, 01. September 2023, <span style=\"text-decoration: underline;\">ab 20.50 Uhr<\/span><\/span><\/p>\n\n\n\n<p><strong style=\"font-style: italic;\"><em><strong>Luton Town<\/strong><\/em> <strong><em><span><b style=\"font-style: italic;\">\u2013<\/b><\/span><\/em><\/strong><\/strong> <em><strong>West Ham United (21.00 Uhr)<\/strong><\/em> <br><img loading=\"lazy\" decoding=\"async\" width=\"10\" height=\"21\" class=\"wp-image-3656\" style=\"width: 10px;\" src=\"http:\/\/kommentatorenblog.de\/wp-content\/uploads\/2020\/09\/shure-55sh-ii-e1601485394796.jpg\" alt=\"\" srcset=\"https:\/\/kommentatorenblog.de\/wp-content\/uploads\/2020\/09\/shure-55sh-ii-e1601485394796.jpg 415w, https:\/\/kommentatorenblog.de\/wp-content\/uploads\/2020\/09\/shure-55sh-ii-e1601485394796-142x300.jpg 142w\" sizes=\"auto, (max-width: 10px) 100vw, 10px\" \/> Hannes Herrmann<\/p>\n\n\n\n<p><span style=\"text-decoration: underline;\">Samstag, 16. September 2023, <span style=\"text-decoration: underline;\">ab 13.20 Uhr<\/span><\/span><\/p>\n\n\n\n<p><strong style=\"font-style: italic;\"><em><strong>Wolverhampton Wanderers \u2013 FC Liverpool<\/strong><\/em><\/strong><em><strong> (13.30 Uhr)<\/strong><\/em> <br><img loading=\"lazy\" decoding=\"async\" width=\"10\" height=\"21\" class=\"wp-image-3656\" style=\"width: 10px;\" src=\"http:\/\/kommentatorenblog.de\/wp-content\/uploads\/2020\/09\/shure-55sh-ii-e1601485394796.jpg\" alt=\"\" srcset=\"https:\/\/kommentatorenblog.de\/wp-content\/uploads\/2020\/09\/shure-55sh-ii-e1601485394796.jpg 415w, https:\/\/kommentatorenblog.de\/wp-content\/uploads\/2020\/09\/shure-55sh-ii-e1601485394796-142x300.jpg 142w\" sizes=\"auto, (max-width: 10px) 100vw, 10px\" \/> Uli Hebel <\/p>\n\n\n\n<p><span style=\"text-decoration: underline;\"><span style=\"text-decoration: underline;\">ab 15.50 Uhr<\/span><\/span><\/p>\n\n\n\n<p><strong style=\"font-style: italic;\"><em><strong>Manchester United<\/strong><\/em> <strong><em><span><b style=\"font-style: italic;\">\u2013<\/b><\/span><\/em><\/strong><\/strong> <em><strong>Brighton &amp; Hove Albion (16.00 Uhr)<\/strong><\/em> <br><img loading=\"lazy\" decoding=\"async\" width=\"10\" height=\"21\" class=\"wp-image-3656\" style=\"width: 10px;\" src=\"http:\/\/kommentatorenblog.de\/wp-content\/uploads\/2020\/09\/shure-55sh-ii-e1601485394796.jpg\" alt=\"\" srcset=\"https:\/\/kommentatorenblog.de\/wp-content\/uploads\/2020\/09\/shure-55sh-ii-e1601485394796.jpg 415w, https:\/\/kommentatorenblog.de\/wp-content\/uploads\/2020\/09\/shure-55sh-ii-e1601485394796-142x300.jpg 142w\" sizes=\"auto, (max-width: 10px) 100vw, 10px\" \/> Hannes Herrmann<\/p>\n\n\n\n<p><strong style=\"font-style: italic;\"><em><strong>West Ham United \u2013 Manchester City \u2013 <\/strong><\/em><\/strong><em><strong> (16.00 Uhr)<\/strong><\/em> <br><img loading=\"lazy\" decoding=\"async\" width=\"10\" height=\"21\" class=\"wp-image-3656\" style=\"width: 10px;\" src=\"http:\/\/kommentatorenblog.de\/wp-content\/uploads\/2020\/09\/shure-55sh-ii-e1601485394796.jpg\" alt=\"\" srcset=\"https:\/\/kommentatorenblog.de\/wp-content\/uploads\/2020\/09\/shure-55sh-ii-e1601485394796.jpg 415w, https:\/\/kommentatorenblog.de\/wp-content\/uploads\/2020\/09\/shure-55sh-ii-e1601485394796-142x300.jpg 142w\" sizes=\"auto, (max-width: 10px) 100vw, 10px\" \/> Joachim Hebel<\/p>\n\n\n\n<p><span style=\"text-decoration: underline;\"><span style=\"text-decoration: underline;\">ab 18.20 Uhr<\/span><\/span><\/p>\n\n\n\n<p><strong style=\"font-style: italic;\"><em><strong>FC Everton \u2013 FC Arsenal<\/strong><\/em><\/strong><em><strong> (18.30 Uhr)<\/strong><\/em> <br><img loading=\"lazy\" decoding=\"async\" width=\"10\" height=\"21\" class=\"wp-image-3656\" style=\"width: 10px;\" src=\"http:\/\/kommentatorenblog.de\/wp-content\/uploads\/2020\/09\/shure-55sh-ii-e1601485394796.jpg\" alt=\"\" srcset=\"https:\/\/kommentatorenblog.de\/wp-content\/uploads\/2020\/09\/shure-55sh-ii-e1601485394796.jpg 415w, https:\/\/kommentatorenblog.de\/wp-content\/uploads\/2020\/09\/shure-55sh-ii-e1601485394796-142x300.jpg 142w\" sizes=\"auto, (max-width: 10px) 100vw, 10px\" \/> Toni Tomic; Experte: Ren\u00e9 Adler <br>Field-Reporter: Raphael Honigstein<\/p>\n\n\n\n<p>Sonntag, 17. September 2023, ab 14.50 Uhr<\/p>\n\n\n\n<p><strong style=\"font-style: italic;\"><em><strong>AFC Bournemouth \u2013 FC Chelsea<\/strong><\/em><\/strong><em><strong> (15.00 Uhr)<\/strong><\/em> <br><img loading=\"lazy\" decoding=\"async\" width=\"10\" height=\"21\" class=\"wp-image-3656\" style=\"width: 10px;\" src=\"http:\/\/kommentatorenblog.de\/wp-content\/uploads\/2020\/09\/shure-55sh-ii-e1601485394796.jpg\" alt=\"\" srcset=\"https:\/\/kommentatorenblog.de\/wp-content\/uploads\/2020\/09\/shure-55sh-ii-e1601485394796.jpg 415w, https:\/\/kommentatorenblog.de\/wp-content\/uploads\/2020\/09\/shure-55sh-ii-e1601485394796-142x300.jpg 142w\" sizes=\"auto, (max-width: 10px) 100vw, 10px\" \/> Joachim Hebel<\/p>\n\n\n\n<p><span style=\"text-decoration: underline;\"><span style=\"text-decoration: underline;\">ab 17.20 Uhr<\/span><\/span><\/p>\n\n\n\n<p><strong style=\"font-style: italic;\"><em><strong>Newcastle United \u2013 FC Brentford<\/strong><\/em><\/strong><em><strong> (17.30 Uhr)<\/strong><\/em> <br><img loading=\"lazy\" decoding=\"async\" width=\"10\" height=\"21\" class=\"wp-image-3656\" style=\"width: 10px;\" src=\"http:\/\/kommentatorenblog.de\/wp-content\/uploads\/2020\/09\/shure-55sh-ii-e1601485394796.jpg\" alt=\"\" srcset=\"https:\/\/kommentatorenblog.de\/wp-content\/uploads\/2020\/09\/shure-55sh-ii-e1601485394796.jpg 415w, https:\/\/kommentatorenblog.de\/wp-content\/uploads\/2020\/09\/shure-55sh-ii-e1601485394796-142x300.jpg 142w\" sizes=\"auto, (max-width: 10px) 100vw, 10px\" \/> Sven Schr\u00f6ter<\/p>\n\n\n\n<p><span style=\"text-decoration: underline;\">Montag, 18. September 2023 ab 20.35<\/span><\/p>\n\n\n\n<p><em><strong>Nottingham Forest \u2013 FC Burnley (20.45 Uhr)<\/strong><\/em><br><img loading=\"lazy\" decoding=\"async\" width=\"10\" height=\"21\" class=\"wp-image-3656\" style=\"width: 10px;\" src=\"http:\/\/kommentatorenblog.de\/wp-content\/uploads\/2020\/09\/shure-55sh-ii-e1601485394796.jpg\" alt=\"\" srcset=\"https:\/\/kommentatorenblog.de\/wp-content\/uploads\/2020\/09\/shure-55sh-ii-e1601485394796.jpg 415w, https:\/\/kommentatorenblog.de\/wp-content\/uploads\/2020\/09\/shure-55sh-ii-e1601485394796-142x300.jpg 142w\" sizes=\"auto, (max-width: 10px) 100vw, 10px\" \/> Markus Gaupp <\/p>\n\n\n\n<hr class=\"wp-block-separator is-style-default\"\/>\n\n\n\n<p><strong>EFL Championship (ENG), 6. Spieltag (Sportdigital Fu\u00dfball)<\/strong><\/p>\n\n\n\n<p><span style=\"text-decoration: underline;\">Freitag, 15. September 2023, <span style=\"text-decoration: underline;\">ab 20.45 Uhr<\/span><\/span><\/p>\n\n\n\n<p> <em><strong>FC Southampton \u2013 Leicester City ()<\/strong><\/em> <br><img loading=\"lazy\" decoding=\"async\" width=\"10\" height=\"21\" class=\"wp-image-3656\" style=\"width: 10px;\" src=\"http:\/\/kommentatorenblog.de\/wp-content\/uploads\/2020\/09\/shure-55sh-ii-e1601485394796.jpg\" alt=\"\" srcset=\"https:\/\/kommentatorenblog.de\/wp-content\/uploads\/2020\/09\/shure-55sh-ii-e1601485394796.jpg 415w, https:\/\/kommentatorenblog.de\/wp-content\/uploads\/2020\/09\/shure-55sh-ii-e1601485394796-142x300.jpg 142w\" sizes=\"auto, (max-width: 10px) 100vw, 10px\" \/> Marvin Kirsch<\/p>\n\n\n\n<p><span style=\"text-decoration: underline;\"><span style=\"text-decoration: underline;\">ab 15.55 Uhr<\/span><\/span><\/p>\n\n\n\n<p><strong style=\"font-style: italic;\"><em><strong>Stoke City<\/strong><\/em> <strong><em><span><b style=\"font-style: italic;\">\u2013<\/b><\/span><\/em><\/strong><\/strong> <em><strong>Preston North End (16.00 Uhr)<\/strong><\/em> <br><img loading=\"lazy\" decoding=\"async\" width=\"10\" height=\"21\" class=\"wp-image-3656\" style=\"width: 10px;\" src=\"http:\/\/kommentatorenblog.de\/wp-content\/uploads\/2020\/09\/shure-55sh-ii-e1601485394796.jpg\" alt=\"\" srcset=\"https:\/\/kommentatorenblog.de\/wp-content\/uploads\/2020\/09\/shure-55sh-ii-e1601485394796.jpg 415w, https:\/\/kommentatorenblog.de\/wp-content\/uploads\/2020\/09\/shure-55sh-ii-e1601485394796-142x300.jpg 142w\" sizes=\"auto, (max-width: 10px) 100vw, 10px\" \/> Marcus Radefeld<\/p>\n\n\n\n<hr class=\"wp-block-separator is-style-default\"\/>\n\n\n\n<p><strong>LaLiga (ESP), 5. Spieltag (DAZN)<\/strong><\/p>\n\n\n\n<p><span style=\"text-decoration: underline;\">Samstag, 16. September 2023<\/span><\/p>\n\n\n\n<p><strong style=\"font-style: italic;\"><em><strong>Valencia \u2013 Atletico Madrid<\/strong><\/em><\/strong><em><strong> (16.15 Uhr)<\/strong><\/em> <br><img loading=\"lazy\" decoding=\"async\" width=\"10\" height=\"21\" class=\"wp-image-3656\" style=\"width: 10px;\" src=\"http:\/\/kommentatorenblog.de\/wp-content\/uploads\/2020\/09\/shure-55sh-ii-e1601485394796.jpg\" alt=\"\" srcset=\"https:\/\/kommentatorenblog.de\/wp-content\/uploads\/2020\/09\/shure-55sh-ii-e1601485394796.jpg 415w, https:\/\/kommentatorenblog.de\/wp-content\/uploads\/2020\/09\/shure-55sh-ii-e1601485394796-142x300.jpg 142w\" sizes=\"auto, (max-width: 10px) 100vw, 10px\" \/> Tobi Fischbeck<\/p>\n\n\n\n<p><strong style=\"font-style: italic;\"><em><strong>FC Barcelona \u2013 Real Betis<\/strong><\/em><\/strong><em><strong> (21.00 Uhr)<\/strong><\/em> <br><img loading=\"lazy\" decoding=\"async\" width=\"10\" height=\"21\" class=\"wp-image-3656\" style=\"width: 10px;\" src=\"http:\/\/kommentatorenblog.de\/wp-content\/uploads\/2020\/09\/shure-55sh-ii-e1601485394796.jpg\" alt=\"\" srcset=\"https:\/\/kommentatorenblog.de\/wp-content\/uploads\/2020\/09\/shure-55sh-ii-e1601485394796.jpg 415w, https:\/\/kommentatorenblog.de\/wp-content\/uploads\/2020\/09\/shure-55sh-ii-e1601485394796-142x300.jpg 142w\" sizes=\"auto, (max-width: 10px) 100vw, 10px\" \/> Lukas Sch\u00f6nm\u00fcller; Experte: Ralph Gunesch <\/p>\n\n\n\n<p><span style=\"text-decoration: underline;\">Sonntag, 17. September 2023<\/span><\/p>\n\n\n\n<p> <em><strong>FC Sevilla \u2013 Las Palmas (18.30 Uhr)<\/strong><\/em> <br><img loading=\"lazy\" decoding=\"async\" width=\"10\" height=\"21\" class=\"wp-image-3656\" style=\"width: 10px;\" src=\"http:\/\/kommentatorenblog.de\/wp-content\/uploads\/2020\/09\/shure-55sh-ii-e1601485394796.jpg\" alt=\"\" srcset=\"https:\/\/kommentatorenblog.de\/wp-content\/uploads\/2020\/09\/shure-55sh-ii-e1601485394796.jpg 415w, https:\/\/kommentatorenblog.de\/wp-content\/uploads\/2020\/09\/shure-55sh-ii-e1601485394796-142x300.jpg 142w\" sizes=\"auto, (max-width: 10px) 100vw, 10px\" \/> Marcel Seufert<\/p>\n\n\n\n<p><strong style=\"font-style: italic;\"><em><strong>Real Madrid \u2013 Real Sociedad<\/strong><\/em><\/strong><em><strong> (21.00 Uhr)<\/strong><\/em> <br><img loading=\"lazy\" decoding=\"async\" width=\"10\" height=\"21\" class=\"wp-image-3656\" style=\"width: 10px;\" src=\"http:\/\/kommentatorenblog.de\/wp-content\/uploads\/2020\/09\/shure-55sh-ii-e1601485394796.jpg\" alt=\"\" srcset=\"https:\/\/kommentatorenblog.de\/wp-content\/uploads\/2020\/09\/shure-55sh-ii-e1601485394796.jpg 415w, https:\/\/kommentatorenblog.de\/wp-content\/uploads\/2020\/09\/shure-55sh-ii-e1601485394796-142x300.jpg 142w\" sizes=\"auto, (max-width: 10px) 100vw, 10px\" \/> Jan Platte; Experte: Sascha Bigalke<\/p>\n\n\n\n<hr class=\"wp-block-separator is-style-default\"\/>\n\n\n\n<p><strong>Serie A (ITA), 4. Spieltag <\/strong>(DAZN)<\/p>\n\n\n\n<p><span style=\"text-decoration: underline;\">Samstag, 16. September 2023<\/span><\/p>\n\n\n\n<p><strong style=\"font-style: italic;\"><em><strong>Juventus<\/strong><\/em> <strong><em><span><b style=\"font-style: italic;\">\u2013<\/b><\/span><\/em><\/strong><\/strong> <em><strong>Lazio Rom (15.00 Uhr)<\/strong><\/em> <br><img loading=\"lazy\" decoding=\"async\" width=\"10\" height=\"21\" class=\"wp-image-3656\" style=\"width: 10px;\" src=\"http:\/\/kommentatorenblog.de\/wp-content\/uploads\/2020\/09\/shure-55sh-ii-e1601485394796.jpg\" alt=\"\" srcset=\"https:\/\/kommentatorenblog.de\/wp-content\/uploads\/2020\/09\/shure-55sh-ii-e1601485394796.jpg 415w, https:\/\/kommentatorenblog.de\/wp-content\/uploads\/2020\/09\/shure-55sh-ii-e1601485394796-142x300.jpg 142w\" sizes=\"auto, (max-width: 10px) 100vw, 10px\" \/> Christoph Stadtler, Experte: Michael Hofmann<\/p>\n\n\n\n<p><em><strong>Inter Mailand \u2013 AC Milan (18.00 Uhr)<\/strong><\/em><\/p>\n\n\n\n<p><img loading=\"lazy\" decoding=\"async\" width=\"10\" height=\"21\" class=\"wp-image-3656\" style=\"width: 10px;\" src=\"http:\/\/kommentatorenblog.de\/wp-content\/uploads\/2020\/09\/shure-55sh-ii-e1601485394796.jpg\" alt=\"\" srcset=\"https:\/\/kommentatorenblog.de\/wp-content\/uploads\/2020\/09\/shure-55sh-ii-e1601485394796.jpg 415w, https:\/\/kommentatorenblog.de\/wp-content\/uploads\/2020\/09\/shure-55sh-ii-e1601485394796-142x300.jpg 142w\" sizes=\"auto, (max-width: 10px) 100vw, 10px\" \/> Carsten Fu\u00df; Experte: Christian Bernhard<\/p>\n\n\n\n<p><strong><em>CFC Genua \u2013 Neapel (20.45 Uhr<\/em><\/strong>)<br><img loading=\"lazy\" decoding=\"async\" width=\"10\" height=\"21\" class=\"wp-image-3656\" style=\"width: 10px;\" src=\"http:\/\/kommentatorenblog.de\/wp-content\/uploads\/2020\/09\/shure-55sh-ii-e1601485394796.jpg\" alt=\"\" srcset=\"https:\/\/kommentatorenblog.de\/wp-content\/uploads\/2020\/09\/shure-55sh-ii-e1601485394796.jpg 415w, https:\/\/kommentatorenblog.de\/wp-content\/uploads\/2020\/09\/shure-55sh-ii-e1601485394796-142x300.jpg 142w\" sizes=\"auto, (max-width: 10px) 100vw, 10px\" \/> Freddie Schulz  <\/p>\n\n\n\n<p><span style=\"text-decoration: underline;\">Sonntag, 17. September 2023<\/span><\/p>\n\n\n\n<p><strong style=\"font-style: italic;\"><em><strong>Inter Mailand<\/strong><\/em> <strong><em><span><b style=\"font-style: italic;\">\u2013<\/b><\/span><\/em><\/strong><\/strong> <em><strong>AC Florenz (18.30 Uhr)<\/strong><\/em> <br><img loading=\"lazy\" decoding=\"async\" width=\"10\" height=\"21\" class=\"wp-image-3656\" style=\"width: 10px;\" src=\"http:\/\/kommentatorenblog.de\/wp-content\/uploads\/2020\/09\/shure-55sh-ii-e1601485394796.jpg\" alt=\"\" srcset=\"https:\/\/kommentatorenblog.de\/wp-content\/uploads\/2020\/09\/shure-55sh-ii-e1601485394796.jpg 415w, https:\/\/kommentatorenblog.de\/wp-content\/uploads\/2020\/09\/shure-55sh-ii-e1601485394796-142x300.jpg 142w\" sizes=\"auto, (max-width: 10px) 100vw, 10px\" \/> Christoph Stadtler<\/p>\n\n\n\n<p>AS Rom \u2013 <strong style=\"font-style: italic;\"><em><strong>FC Empoli<\/strong><\/em><\/strong><em><strong> (20.45 Uhr)<\/strong><\/em> <br><img loading=\"lazy\" decoding=\"async\" width=\"10\" height=\"21\" class=\"wp-image-3656\" style=\"width: 10px;\" src=\"http:\/\/kommentatorenblog.de\/wp-content\/uploads\/2020\/09\/shure-55sh-ii-e1601485394796.jpg\" alt=\"\" srcset=\"https:\/\/kommentatorenblog.de\/wp-content\/uploads\/2020\/09\/shure-55sh-ii-e1601485394796.jpg 415w, https:\/\/kommentatorenblog.de\/wp-content\/uploads\/2020\/09\/shure-55sh-ii-e1601485394796-142x300.jpg 142w\" sizes=\"auto, (max-width: 10px) 100vw, 10px\" \/> Oliver Fa\u00dfnacht<\/p>\n\n\n\n<hr class=\"wp-block-separator is-style-default\"\/>\n\n\n\n<p><strong>Primeira Liga (POR), 5. Spieltag (Sportdigital)<\/strong><\/p>\n\n\n\n<p><span style=\"text-decoration: underline;\"><em>Samstag, 16. September 2023<\/em> <\/span><\/p>\n\n\n\n<p><em><strong>FC Vizela \u2013 Benfica Lissabon (21.30 Uhr)<\/strong><\/em><br><img loading=\"lazy\" decoding=\"async\" width=\"10\" height=\"21\" class=\"wp-image-3656\" style=\"width: 10px;\" src=\"http:\/\/kommentatorenblog.de\/wp-content\/uploads\/2020\/09\/shure-55sh-ii-e1601485394796.jpg\" alt=\"\" srcset=\"https:\/\/kommentatorenblog.de\/wp-content\/uploads\/2020\/09\/shure-55sh-ii-e1601485394796.jpg 415w, https:\/\/kommentatorenblog.de\/wp-content\/uploads\/2020\/09\/shure-55sh-ii-e1601485394796-142x300.jpg 142w\" sizes=\"auto, (max-width: 10px) 100vw, 10px\" \/> Arne Malsch <\/p>\n\n\n\n<p><strong><em>Sonntag, 17. September 2023<\/em> <\/strong><\/p>\n\n\n\n<p><em><strong>Vitoria Guimaraes \u2013 Portimonense (21.30 Uhr)<\/strong><\/em><br><img loading=\"lazy\" decoding=\"async\" width=\"10\" height=\"21\" class=\"wp-image-3656\" style=\"width: 10px;\" src=\"http:\/\/kommentatorenblog.de\/wp-content\/uploads\/2020\/09\/shure-55sh-ii-e1601485394796.jpg\" alt=\"\" srcset=\"https:\/\/kommentatorenblog.de\/wp-content\/uploads\/2020\/09\/shure-55sh-ii-e1601485394796.jpg 415w, https:\/\/kommentatorenblog.de\/wp-content\/uploads\/2020\/09\/shure-55sh-ii-e1601485394796-142x300.jpg 142w\" sizes=\"auto, (max-width: 10px) 100vw, 10px\" \/> Ulf Kahmke <\/p>\n\n\n\n<hr class=\"wp-block-separator is-style-default\"\/>\n\n\n\n<p><strong>Ekstraklasa (POL), 8. Spieltag (Sportdigital)<\/strong><\/p>\n\n\n\n<p><strong><em>Montag, 18. September 2023<\/em> <\/strong><\/p>\n\n\n\n<p><em><strong>Stal Mielec \u2013 Zaglebie Lubin<\/strong><\/em><strong><em> (19.00 Uhr)<\/em><\/strong><br><img loading=\"lazy\" decoding=\"async\" width=\"10\" height=\"21\" class=\"wp-image-3656\" style=\"width: 10px;\" src=\"http:\/\/kommentatorenblog.de\/wp-content\/uploads\/2020\/09\/shure-55sh-ii-e1601485394796.jpg\" alt=\"\" srcset=\"https:\/\/kommentatorenblog.de\/wp-content\/uploads\/2020\/09\/shure-55sh-ii-e1601485394796.jpg 415w, https:\/\/kommentatorenblog.de\/wp-content\/uploads\/2020\/09\/shure-55sh-ii-e1601485394796-142x300.jpg 142w\" sizes=\"auto, (max-width: 10px) 100vw, 10px\" \/> Christian Blunck<\/p>\n\n\n\n<hr class=\"wp-block-separator is-style-default\"\/>\n\n\n\n<p><strong>J. League (JAP), 27. Spieltag (Sportdigital)<\/strong><\/p>\n\n\n\n<p><em>Samstag, 16. September 2023 <\/em><\/p>\n\n\n\n<p><strong><em>Sanfrecce Hiroshima \u2013 VVissel Kobe<\/em><\/strong> (12.03 Uhr)<br><img loading=\"lazy\" decoding=\"async\" width=\"10\" height=\"21\" class=\"wp-image-3656\" style=\"width: 10px;\" src=\"http:\/\/kommentatorenblog.de\/wp-content\/uploads\/2020\/09\/shure-55sh-ii-e1601485394796.jpg\" alt=\"\" srcset=\"https:\/\/kommentatorenblog.de\/wp-content\/uploads\/2020\/09\/shure-55sh-ii-e1601485394796.jpg 415w, https:\/\/kommentatorenblog.de\/wp-content\/uploads\/2020\/09\/shure-55sh-ii-e1601485394796-142x300.jpg 142w\" sizes=\"auto, (max-width: 10px) 100vw, 10px\" \/> Marcus Radefeld  <\/p>\n\n\n\n<hr class=\"wp-block-separator is-style-default\"\/>\n\n\n\n<p><strong>Eredivisie (NED), 5. Spieltag (Sportdigital Fu\u00dfball)<\/strong><\/p>\n\n\n\n<p><span style=\"text-decoration: underline;\">Samstag, 16. September 2023<\/span><\/p>\n\n\n\n<p><strong style=\"font-style: italic;\"><em><strong>Feyenoord Rotterdam \u2013 SC Heerenveen<\/strong><\/em><\/strong><em><strong> (16.15 Uhr)<\/strong><\/em> <br><img loading=\"lazy\" decoding=\"async\" width=\"10\" height=\"21\" class=\"wp-image-3656\" style=\"width: 10px;\" src=\"http:\/\/kommentatorenblog.de\/wp-content\/uploads\/2020\/09\/shure-55sh-ii-e1601485394796.jpg\" alt=\"\" srcset=\"https:\/\/kommentatorenblog.de\/wp-content\/uploads\/2020\/09\/shure-55sh-ii-e1601485394796.jpg 415w, https:\/\/kommentatorenblog.de\/wp-content\/uploads\/2020\/09\/shure-55sh-ii-e1601485394796-142x300.jpg 142w\" sizes=\"auto, (max-width: 10px) 100vw, 10px\" \/> Marvin Kirsch<\/p>\n\n\n\n<p><strong><em>PSV Eindhoven \u2013 NEC Nijmegen (19.45 Uhr<\/em><\/strong>)<br>  Martin Hahn <\/p>\n\n\n\n<p><span style=\"text-decoration: underline;\">Sonntag, 17. September 2023<\/span><\/p>\n\n\n\n<p><strong style=\"font-style: italic;\"><em><strong>FC Twente Enschede \u2013 Ajax Amsterdam (14.15 Uhr)<\/strong><\/em><\/strong><br>  Karsten Linke<\/p>\n\n\n\n<p><strong><em>AZ Alkmaar \u2013 Sparta Rotterdam (16.30 Uhr)<\/em><\/strong><br>  Jakob Vogel <\/p>\n\n\n\n<hr class=\"wp-block-separator is-style-default\"\/>\n\n\n\n<p><strong>Ligue 1 (FRA), 5. Spieltag (DAZN)<\/strong><\/p>\n\n\n\n<p><span style=\"text-decoration: underline;\">Freitag, 15. September 2023<\/span><\/p>\n\n\n\n<p><strong style=\"font-style: italic;\"><em><strong>Paris SG \u2013 OGC Nizza<\/strong><\/em><\/strong><em><strong> (21.00 Uhr)<\/strong><\/em> <br><img loading=\"lazy\" decoding=\"async\" width=\"10\" height=\"21\" class=\"wp-image-3656\" style=\"width: 10px;\" src=\"http:\/\/kommentatorenblog.de\/wp-content\/uploads\/2020\/09\/shure-55sh-ii-e1601485394796.jpg\" alt=\"\" srcset=\"https:\/\/kommentatorenblog.de\/wp-content\/uploads\/2020\/09\/shure-55sh-ii-e1601485394796.jpg 415w, https:\/\/kommentatorenblog.de\/wp-content\/uploads\/2020\/09\/shure-55sh-ii-e1601485394796-142x300.jpg 142w\" sizes=\"auto, (max-width: 10px) 100vw, 10px\" \/> Stefan Galler<\/p>\n\n\n\n<hr class=\"wp-block-separator is-style-default\"\/>\n\n\n\n<p><strong>Copa de la Liga Profesional (ARG), 4. Spieltag (Sportddigital) Fu\u00dfball)<\/strong><\/p>\n\n\n\n<p><span style=\"text-decoration: underline;\">Montag, 18. September 2023<\/span><\/p>\n\n\n\n<p><strong style=\"font-style: italic;\"><em><strong>CA River Plate \u2013 Arsenal de Sarandi (00.30 Uhr<\/strong><\/em><\/strong><em><strong>)<\/strong><\/em> <br><img loading=\"lazy\" decoding=\"async\" width=\"10\" height=\"21\" class=\"wp-image-3656\" style=\"width: 10px;\" src=\"http:\/\/kommentatorenblog.de\/wp-content\/uploads\/2020\/09\/shure-55sh-ii-e1601485394796.jpg\" alt=\"\" srcset=\"https:\/\/kommentatorenblog.de\/wp-content\/uploads\/2020\/09\/shure-55sh-ii-e1601485394796.jpg 415w, https:\/\/kommentatorenblog.de\/wp-content\/uploads\/2020\/09\/shure-55sh-ii-e1601485394796-142x300.jpg 142w\" sizes=\"auto, (max-width: 10px) 100vw, 10px\" \/> Henrik Hinrichsen<\/p>\n\n\n\n<hr class=\"wp-block-separator is-style-default\"\/>\n\n\n\n<p><strong>Saudi Pro League (KSA), 6. Spieltag (Sportdigital Fu\u00dfball)<\/strong><\/p>\n\n\n\n<p><span style=\"text-decoration: underline;\">Freitag, 15. September 2023<\/span><\/p>\n\n\n\n<p><strong style=\"font-style: italic;\"><em><strong>Al-Hilal FC \u2013 Al-Riyadh <\/strong><\/em><\/strong><em><strong> (19.45 Uhr)<\/strong><\/em> <br><img loading=\"lazy\" decoding=\"async\" width=\"10\" height=\"21\" class=\"wp-image-3656\" style=\"width: 10px;\" src=\"http:\/\/kommentatorenblog.de\/wp-content\/uploads\/2020\/09\/shure-55sh-ii-e1601485394796.jpg\" alt=\"\" srcset=\"https:\/\/kommentatorenblog.de\/wp-content\/uploads\/2020\/09\/shure-55sh-ii-e1601485394796.jpg 415w, https:\/\/kommentatorenblog.de\/wp-content\/uploads\/2020\/09\/shure-55sh-ii-e1601485394796-142x300.jpg 142w\" sizes=\"auto, (max-width: 10px) 100vw, 10px\" \/> J\u00f6rg Steiger<\/p>\n\n\n\n<p><span style=\"text-decoration: underline;\">Samstag, 16. September 2023<\/span><\/p>\n\n\n\n<p><strong style=\"font-style: italic;\"><em><strong>Al-Raed FC \u2013 Al-Nassr FC<\/strong><\/em><\/strong><em><strong> (17.00 Uhr)<\/strong><\/em> <br><img loading=\"lazy\" decoding=\"async\" width=\"10\" height=\"21\" class=\"wp-image-3656\" style=\"width: 10px;\" src=\"http:\/\/kommentatorenblog.de\/wp-content\/uploads\/2020\/09\/shure-55sh-ii-e1601485394796.jpg\" alt=\"\" srcset=\"https:\/\/kommentatorenblog.de\/wp-content\/uploads\/2020\/09\/shure-55sh-ii-e1601485394796.jpg 415w, https:\/\/kommentatorenblog.de\/wp-content\/uploads\/2020\/09\/shure-55sh-ii-e1601485394796-142x300.jpg 142w\" sizes=\"auto, (max-width: 10px) 100vw, 10px\" \/> Karsten Linke <\/p>\n\n\n\n<hr class=\"wp-block-separator is-style-default\"\/>\n\n\n\n<p><strong><code>ANALYSE<\/code><\/strong><\/p>\n\n\n\n<p>DAZN startet mit einem absoluten Topspiel in den Spieltag. Nat\u00fcrlich ist die gesamte Kapelle in M\u00fcnchen vor Ort. Ex-Bayer und Bayern-Spieler Ballack gibt neben Siebald den Experten, Daniel Herzog f\u00fchrt die Interviews und Alex Schl\u00fcter moderiert. <\/p>\n\n\n\n<p>Am Samstag \u00fcbernimmt Sky dann mit einer gut besetzten Konferenz, Schmiso und Buschi spielen sich die B\u00e4lle zu, daneben sind Evers, Dittmann und K\u00fcpper zu h\u00f6ren. K\u00f6nnte ein launiger Nachmittag werden. Michael Leopold \u00fcbernimmt im Studio, Britta Hofmann weilt beim Topspiel. <\/p>\n\n\n\n<p>Der Sonntag startet in Heidenheim, Elmar Paulke kommt erneut als Moderator zum Einsatz, Mario Rieker ist auf Stimmenfang. Hagemann, Hummels, Veredas und Wahnschaffe schlie\u00dfen das Ganze in Darmstadt ab.<\/p>\n\n\n\n<p>Ansonsten startet die Frauenbundesliga, Jonas hat im letzten Beitrag ausf\u00fchrlich dar\u00fcber berichtet. Am Freitag sind gleich 3 Sender von der Partie. Das ZDF steigt um 18.00 Uhr ein, DAZN ist als erster Sender mit seinem neuen Rechtepaket on air und schickt mit Jan Platte gleich mal einen Topkommentator nach Freiburg. Magenta wird nat\u00fcrlich auch \u00fcber die gesamte Spielzeit bei allen Spielen mit dabei sein, Martin Piller und Simon K\u00f6pfer begr\u00fc\u00dfen die ZuschauerInnen, Kathrin Lehmann wird als Expertin fungieren. Bei DAZN ist f\u00fcr die Frauen-BL mit Kristoffer Klein ein neuer Kommentator an Bord, der vor allem aus dem NDR- Radio bekannt ist.<\/p>\n\n\n\n<p>In der Premier League gibt es das Match of the Week bereits am Samstag und da Schmiso in der Konferenz ist, ist Everton vs. Arsenal ein Fall f\u00fcr Toni Tomic und Ren\u00e9 Adler. <\/p>\n\n\n\n<p>Ansonsten f\u00e4llt auf, dass die franz\u00f6sische Liga etwas Sparsam daher kommt, nur ein Spiel mit deutschem Kommentar, PSG-Nizza, ein klarer Fall f\u00fcr Stefan Galler. <\/p>\n\n\n\n<p>Au\u00dferdem bekommen wir es mal wieder mit einem meiner Lieblingsexperten zu tun. Ralph Gunesch. Er wird neben Lukas Sch\u00f6nm\u00fcller das Spiel Barca gegen Betis kommentieren. <\/p>\n\n\n\n<p>Ansonsten freue ich mich pers\u00f6nlich auf das Mailand-Derby, Carsten Fu\u00df begleitet das Spektakel zusammen mit Christian Bernhard. <\/p>\n\n\n\n<p>Ansonsten gibt&#8217;s nat\u00fcrlich auch wieder Fu\u00dfball aus den Niederlanden, Portugal, Argentinien usw. Sportdigital ist hier der Sender des Vertrauens und der Ronaldo-Fans. <\/p>\n\n\n\n<p>Habt ein sch\u00f6nes Fu\u00dfballwochenende!<\/p>\n","protected":false},"excerpt":{"rendered":"<p>N&#8217;Abend Allerseits! Nachdem ich ja kein besonderer &#8222;Fan&#8220; von L\u00e4nderspielen bin, sie interessieren mich nicht sonderlich und abseits von gro\u00dfen Turnieren schaue ich so gut wie nie eines, gab es ja so einiges zu diskutieren. Hansi Flick ist Geschichte und V\u00f6ller, Wolf und Wagner haben ihre Sache gegen Frankreich offenbar gut gemacht, wobei ich bezweifle, [&hellip;]<\/p>\n","protected":false},"author":13,"featured_media":0,"comment_status":"open","ping_status":"open","sticky":false,"template":"","format":"standard","meta":{"footnotes":""},"categories":[424],"tags":[34,292,49,163,216,263,166,178,73,131,256,57,35,657,955,302,171,36,212,13,30,400,119,82,906,89,61,331,32,104,25,211,92,726,48,213,347,69,169,655,315,861,86,93,489,91,737,53,946,31,205,9,276,43,112,503,572,243,67,95,130,694,581,223,279,17,500,330,88,634,15,651,665,576,183,113,293,94,690,76,12,361,98,415,22,940,134,135,27,102,33,152,395,252,24,87,346,829,105,289,18,107,196,37],"class_list":["post-15582","post","type-post","status-publish","format-standard","hentry","category-bundesliga-und-co","tag-alex-klich","tag-alex-kunz","tag-alex-schlueter","tag-alexander-kuepper","tag-andreas-mann","tag-arne-malsch","tag-benny-lauth","tag-br","tag-britta-hofmann","tag-carsten-fuss","tag-cedric-pick","tag-christian-blunck","tag-christian-strassburger","tag-christina-rann","tag-christoffer-klein","tag-christoph-fetzer","tag-christoph-stadtler","tag-claudia-neumann","tag-daniel-herzog","tag-dazn","tag-didi-hamann","tag-dominik-vischer","tag-edgar-mielke","tag-erik-meijer","tag-florian-eckl","tag-florian-schmidt-sommerfeld","tag-frank-buschmann","tag-freddie-schulz","tag-gari-paubandt","tag-hannes-herrmann","tag-hansi-kuepper","tag-hartmut-von-kameke","tag-heiko-mallwitz","tag-henrik-hinrichsen","tag-jan-platte","tag-jens-westen","tag-joachim-hebel","tag-jonas-friedrich","tag-jonas-hummels","tag-julia-simic","tag-julian-engelhard","tag-julian-luca-schaefer","tag-juergen-schmitz","tag-kai-dittmann","tag-kamila-benschop","tag-karsten-petrzika","tag-kathrin-lehmann","tag-klaus-veltmann","tag-lena-cassel","tag-lothar-matthaeus","tag-lukas-schoenmueller","tag-magenta-sport","tag-marcel-seufert","tag-marco-hagemann","tag-marcus-lindemann","tag-marcus-radefeld","tag-mario-bast","tag-mario-rieker","tag-markus-hoehner","tag-martin-gross","tag-martin-piller","tag-martin-quast","tag-marvin-kirsch","tag-matthias-naebers","tag-max-siebald","tag-mdr","tag-michael-ballack","tag-michael-hofmann","tag-michael-leopold","tag-michael-seyberth","tag-ndr","tag-olaf-thon","tag-oliver-fassnacht-2","tag-oliver-fassnacht","tag-oliver-forster","tag-oliver-seidler","tag-oskar-heirler","tag-patrick-wasserziehr","tag-philip-konrad","tag-ruth-hofmann","tag-sascha-bandermann","tag-sascha-bigalke","tag-sebastian-hellmann","tag-simon-koepfer","tag-sky","tag-soeren-gonther","tag-sportdigital-fussball","tag-stefanie-blochwitz","tag-sven-schroeter","tag-sven-toellner","tag-thomas-wagner","tag-tobi-fischbeck","tag-tobi-schaefer","tag-tobi-wahnschaffe","tag-toni-tomic","tag-torsten-kunde","tag-torsten-mattuschka","tag-turid-knaak","tag-uli-hebel","tag-ulli-potofski","tag-wdr","tag-wolff-fuss","tag-yannick-erkenbrecher","tag-zdf"],"_links":{"self":[{"href":"https:\/\/kommentatorenblog.de\/index.php?rest_route=\/wp\/v2\/posts\/15582","targetHints":{"allow":["GET"]}}],"collection":[{"href":"https:\/\/kommentatorenblog.de\/index.php?rest_route=\/wp\/v2\/posts"}],"about":[{"href":"https:\/\/kommentatorenblog.de\/index.php?rest_route=\/wp\/v2\/types\/post"}],"author":[{"embeddable":true,"href":"https:\/\/kommentatorenblog.de\/index.php?rest_route=\/wp\/v2\/users\/13"}],"replies":[{"embeddable":true,"href":"https:\/\/kommentatorenblog.de\/index.php?rest_route=%2Fwp%2Fv2%2Fcomments&post=15582"}],"version-history":[{"count":27,"href":"https:\/\/kommentatorenblog.de\/index.php?rest_route=\/wp\/v2\/posts\/15582\/revisions"}],"predecessor-version":[{"id":15622,"href":"https:\/\/kommentatorenblog.de\/index.php?rest_route=\/wp\/v2\/posts\/15582\/revisions\/15622"}],"wp:attachment":[{"href":"https:\/\/kommentatorenblog.de\/index.php?rest_route=%2Fwp%2Fv2%2Fmedia&parent=15582"}],"wp:term":[{"taxonomy":"category","embeddable":true,"href":"https:\/\/kommentatorenblog.de\/index.php?rest_route=%2Fwp%2Fv2%2Fcategories&post=15582"},{"taxonomy":"post_tag","embeddable":true,"href":"https:\/\/kommentatorenblog.de\/index.php?rest_route=%2Fwp%2Fv2%2Ftags&post=15582"}],"curies":[{"name":"wp","href":"https:\/\/api.w.org\/{rel}","templated":true}]}}