{"id":15617,"date":"2023-09-18T17:14:21","date_gmt":"2023-09-18T15:14:21","guid":{"rendered":"https:\/\/kommentatorenblog.de\/?p=15617"},"modified":"2023-09-19T16:35:20","modified_gmt":"2023-09-19T14:35:20","slug":"1364-minus-zwei-bei-der-rtl-gruppe-und-eine-samstagabenshow","status":"publish","type":"post","link":"https:\/\/kommentatorenblog.de\/?p=15617","title":{"rendered":"1364 &#8211; Minus Zwei bei der RTL-Gruppe und eine Samstagabenshow"},"content":{"rendered":"\n<p>N&#8217;Abend allerseits,<\/p>\n\n\n\n<p>Samstagabend, 20:15 Uhr, RTL \u00fcbertr\u00e4gt live aus der Lanxess Arena in K\u00f6ln. Verhaltener Applaus und ein paar vereinzelte &#8222;Deutschland, Deutschland&#8220;-Sprechch\u00f6re branden auf, als das Moderator:innen-Trio Florian K\u00f6nig, Kathrin M\u00fcller-Hohenstein und Joko Winterscheidt die Showtreppe herunterkommen und die neue Folge von &#8222;DSDNBDEWEEUIBFEIELWAZMDV\u00dcS&#8220; er\u00f6ffnen. &#8222;DSDNBDEWEEUIBFEIELWAZMDV\u00dcS&#8220; steht nat\u00fcrlich f\u00fcr &#8222;Deutschland sucht den neuen Bundestrainer, der endlich wieder Euphorie entfacht und im besten Fall Europameister im eigenen Land wird aber zumindest mal die Vorrunde \u00fcberstehen soll&#8220;, aber geneigte Zuschauer:innen wissen das nat\u00fcrlich.<br>Das Prinzip der Show ist etwas unklar. Die G\u00e4ste Rudi V. aus D\u00fcsseldorf und Bernd N. aus Bonn versuchen in einem etwas schlecht ausgeleuchteten Winkel der B\u00fchne mithilfe einer Taktiktafel das Kandidatenprofil zu erkl\u00e4ren. Recht weit kommen sie nicht, weil die 20.000 Zuschauer:innen in der Lanxess-Arena, die sich allesamt selbst als Bundestrainer:innen sehen, st\u00e4ndig dazwischenrufen. Dann klinkt sich auch, deutlich besser ausgeleuchtet, die sehr prominent platzierte Jury ein. Dort sitzt dann das Sextett Lothar Matth\u00e4us, Michael Ballack, Stefan Effenberg, Didi Hamann, Felix Magath, Uli Hoene\u00df und rufen mehr oder weniger ungefragt ihre Meinung in die Halle. Das Ganze zieht sich dann \u00fcber drei Stunden ohne dass wirklich etwas passiert. Einzig der Jury-Sitz von Felix Magath mutiert zum Hot Seat mit wechselnden G\u00e4sten, weil sich Magath unbemerkt zum Kandidatenfeld schleicht.<br>Dort stehen dann neben Magath die Kandidaten Julian N., Oliver G., Stefan K., J\u00fcrgen K., Matthias S. und einer aus den Niederlanden. Leider kommen die Kandidaten gar nicht zu Wort, weil die Zwischenrufe viel zu viel Zeit in Anspruch nehmen und um 23:30 Uhr Jan Hofer mit RTL Aktuell wartet. Aber keine Sorge: Florian K\u00f6nig k\u00fcndigt direkt f\u00fcr den n\u00e4chsten Abend eine neue Live-Folge von &#8222;DSDNBDEWEEUIBFEIELWAZMDV\u00dcS&#8220; an!<\/p>\n\n\n\n<p>Nat\u00fcrlich ist diese Satire heillos \u00fcbertrieben. Aber all zu viel Zeit sollte der DFB nicht mehr ins Land streichen lassen, sonst sind s\u00e4mtliche Kandidaten schon demontiert, bevor der neue Bundestrainer im Amt ist. Dabei w\u00e4re es enorm wichtig, nach der Entscheidung erstmal alle Kritik hinten anzustellen und geeint als deutscher Fu\u00dfball Richtung Heim-EM zu blicken. Zumindest mich hat die WM 2006 im Alter von f\u00fcnf Jahren zum absoluten Fu\u00dfballfan gemacht.<\/p>\n\n\n\n<p>Ich hoffe, ihr k\u00f6nnt mir verzeihen, dass das Vorwort jetzt wenig mit Fernseh\u00fcbertragungen zu tun hat &#8211; ein paar \u00c4nderungen gibt&#8217;s ja auch in dieser Europa-Saison. Dazu dann mehr in der Analyse. Demn\u00e4chst tauchen \u00fcbrigens wieder mehr Interviews hier im Vorwort auf.<\/p>\n\n\n\n<hr class=\"wp-block-separator is-style-default\"\/>\n\n\n\n<p><strong>UEFA Champions League, 1. Spieltag (DAZN\/Prime Video)<\/strong><\/p>\n\n\n\n<p><span style=\"text-decoration: underline;\">Dienstag, 19. September 2023, ab 18.15 Uhr (DAZN)<\/span><\/p>\n\n\n\n<p><strong style=\"font-style: italic;\"><em><strong>BSC Young Boys <\/strong><\/em><\/strong><em>(SUI)<\/em><strong style=\"font-style: italic;\"><em><strong> <\/strong><\/em><strong><em><b style=\"font-style: italic;\">\u2013<\/b><\/em><\/strong><\/strong> <em><strong>RB Leipzig <\/strong>(GER) <strong>(18.45 Uhr)<\/strong><\/em> <br><img loading=\"lazy\" decoding=\"async\" width=\"10\" height=\"21\" class=\"wp-image-3656\" style=\"width: 10px;\" src=\"http:\/\/kommentatorenblog.de\/wp-content\/uploads\/2020\/09\/shure-55sh-ii-e1601485394796.jpg\" alt=\"\" srcset=\"https:\/\/kommentatorenblog.de\/wp-content\/uploads\/2020\/09\/shure-55sh-ii-e1601485394796.jpg 415w, https:\/\/kommentatorenblog.de\/wp-content\/uploads\/2020\/09\/shure-55sh-ii-e1601485394796-142x300.jpg 142w\" sizes=\"auto, (max-width: 10px) 100vw, 10px\" \/> Marco Hagemann, Experte: Seb Knei\u00dfl (Einzelspiel), Michael Born (Konferenz)<br>Moderation: Tobi Wahnschaffe, Field-Reporterin: Ann-Sophie Kimmel<\/p>\n\n\n\n<p><strong style=\"font-style: italic;\"><em><strong>AC Mailand <\/strong><\/em><\/strong><em>(ITA)<\/em><strong style=\"font-style: italic;\"><em><strong> <\/strong><\/em><strong><em><b style=\"font-style: italic;\">\u2013<\/b><\/em><\/strong><\/strong> <em><strong>Newcastle United <\/strong><em>(ENG)<\/em><strong> <\/strong><strong>(18.45 Uhr)<\/strong><\/em> <br><img loading=\"lazy\" decoding=\"async\" width=\"10\" height=\"21\" class=\"wp-image-3656\" style=\"width: 10px;\" src=\"http:\/\/kommentatorenblog.de\/wp-content\/uploads\/2020\/09\/shure-55sh-ii-e1601485394796.jpg\" alt=\"\" srcset=\"https:\/\/kommentatorenblog.de\/wp-content\/uploads\/2020\/09\/shure-55sh-ii-e1601485394796.jpg 415w, https:\/\/kommentatorenblog.de\/wp-content\/uploads\/2020\/09\/shure-55sh-ii-e1601485394796-142x300.jpg 142w\" sizes=\"auto, (max-width: 10px) 100vw, 10px\" \/> Nico Seepe, Experte: Jonas Hummels (Einzelspiel), Mario Rieker (Konferenz)<\/p>\n\n\n\n<p><span style=\"text-decoration: underline;\">ab 20.00 Uhr (Prime Video)<\/span><\/p>\n\n\n\n<p><strong style=\"font-style: italic;\"><em><strong>Paris Saint-Germain <\/strong><\/em><\/strong><em>(FRA)<\/em><strong style=\"font-style: italic;\"><em><strong> <\/strong><\/em><strong><em><b style=\"font-style: italic;\">\u2013<\/b><\/em><\/strong><\/strong> <em><strong>Borussia Dortmund <\/strong>(GER)<strong> (21.00 Uhr)<\/strong><\/em> <br><img loading=\"lazy\" decoding=\"async\" width=\"10\" height=\"21\" class=\"wp-image-3656\" style=\"width: 10px;\" src=\"http:\/\/kommentatorenblog.de\/wp-content\/uploads\/2020\/09\/shure-55sh-ii-e1601485394796.jpg\" alt=\"\" srcset=\"https:\/\/kommentatorenblog.de\/wp-content\/uploads\/2020\/09\/shure-55sh-ii-e1601485394796.jpg 415w, https:\/\/kommentatorenblog.de\/wp-content\/uploads\/2020\/09\/shure-55sh-ii-e1601485394796-142x300.jpg 142w\" sizes=\"auto, (max-width: 10px) 100vw, 10px\" \/> Jonas Friedrich, Experte: Benedikt H\u00f6wedes<br>Field-Reporter:innen: Annika Zimmermann und Sebastian Benesch<br>Moderation: Sebastian Hellmann, Expert:innen: Josephine Henning, Matthias Sammer und Miroslav Klose<br>Highlight-Show: Lena Cassel und Patrick Owomoyela<\/p>\n\n\n\n<p><span style=\"text-decoration: underline;\">ab 20.45 Uhr (DAZN)<\/span><\/p>\n\n\n\n<p><strong style=\"font-style: italic;\"><em><strong>Lazio Rom <\/strong><\/em><\/strong><em>(ITA)<\/em><strong style=\"font-style: italic;\"><em><strong> <\/strong><\/em><strong><em><b style=\"font-style: italic;\">\u2013<\/b><\/em><\/strong><\/strong> <em><strong>Atl\u00e9tico Madrid <\/strong>(ESP)<strong> (21.00 Uhr)<\/strong><\/em> <br><img loading=\"lazy\" decoding=\"async\" width=\"10\" height=\"21\" class=\"wp-image-3656\" style=\"width: 10px;\" src=\"http:\/\/kommentatorenblog.de\/wp-content\/uploads\/2020\/09\/shure-55sh-ii-e1601485394796.jpg\" alt=\"\" srcset=\"https:\/\/kommentatorenblog.de\/wp-content\/uploads\/2020\/09\/shure-55sh-ii-e1601485394796.jpg 415w, https:\/\/kommentatorenblog.de\/wp-content\/uploads\/2020\/09\/shure-55sh-ii-e1601485394796-142x300.jpg 142w\" sizes=\"auto, (max-width: 10px) 100vw, 10px\" \/> Carsten Fu\u00df, Experte: Benny Lauth (Einzelspiel), Freddy Harder (Konferenz)<\/p>\n\n\n\n<p><strong style=\"font-style: italic;\"><em><strong>FC Barcelona <\/strong><\/em><\/strong><em>(ESP)<\/em><strong style=\"font-style: italic;\"><em><strong> <\/strong><\/em><strong><em><b style=\"font-style: italic;\">\u2013<\/b><\/em><\/strong><\/strong> <em><strong>Royal Antwerpen <\/strong>(BEL)<strong> (21.00 Uhr)<\/strong><\/em> <br><img loading=\"lazy\" decoding=\"async\" width=\"10\" height=\"21\" class=\"wp-image-3656\" style=\"width: 10px;\" src=\"http:\/\/kommentatorenblog.de\/wp-content\/uploads\/2020\/09\/shure-55sh-ii-e1601485394796.jpg\" alt=\"\" srcset=\"https:\/\/kommentatorenblog.de\/wp-content\/uploads\/2020\/09\/shure-55sh-ii-e1601485394796.jpg 415w, https:\/\/kommentatorenblog.de\/wp-content\/uploads\/2020\/09\/shure-55sh-ii-e1601485394796-142x300.jpg 142w\" sizes=\"auto, (max-width: 10px) 100vw, 10px\" \/> Flo Hauser (Einzelspiel), Freddie Schulz (Konferenz)<\/p>\n\n\n\n<p><strong style=\"font-style: italic;\"><em><strong>Manchester City <\/strong><\/em><\/strong><em>(ENG)<\/em><strong style=\"font-style: italic;\"><em><strong> <\/strong><\/em><strong><em><b style=\"font-style: italic;\">\u2013<\/b><\/em><\/strong><\/strong> <em><strong>Roter Stern Belgrad <\/strong>(SRB)<strong> (21.00 Uhr)<\/strong><\/em> <br><img loading=\"lazy\" decoding=\"async\" width=\"10\" height=\"21\" class=\"wp-image-3656\" style=\"width: 10px;\" src=\"http:\/\/kommentatorenblog.de\/wp-content\/uploads\/2020\/09\/shure-55sh-ii-e1601485394796.jpg\" alt=\"\" srcset=\"https:\/\/kommentatorenblog.de\/wp-content\/uploads\/2020\/09\/shure-55sh-ii-e1601485394796.jpg 415w, https:\/\/kommentatorenblog.de\/wp-content\/uploads\/2020\/09\/shure-55sh-ii-e1601485394796-142x300.jpg 142w\" sizes=\"auto, (max-width: 10px) 100vw, 10px\" \/> Andreas Renner (Einzelspiel), Tom Kirsten (Konferenz)<\/p>\n\n\n\n<p><strong style=\"font-style: italic;\"><em><strong>Feyenoord Rotterdam <\/strong><\/em><\/strong><em>(NED)<\/em><strong style=\"font-style: italic;\"><em><strong> <\/strong><\/em><strong><em><b style=\"font-style: italic;\">\u2013<\/b><\/em><\/strong><\/strong> <em><strong>Celtic Glasgow <\/strong>(SCO)<strong> (21.00 Uhr)<\/strong><\/em> <br><img loading=\"lazy\" decoding=\"async\" width=\"10\" height=\"21\" class=\"wp-image-3656\" style=\"width: 10px;\" src=\"http:\/\/kommentatorenblog.de\/wp-content\/uploads\/2020\/09\/shure-55sh-ii-e1601485394796.jpg\" alt=\"\" srcset=\"https:\/\/kommentatorenblog.de\/wp-content\/uploads\/2020\/09\/shure-55sh-ii-e1601485394796.jpg 415w, https:\/\/kommentatorenblog.de\/wp-content\/uploads\/2020\/09\/shure-55sh-ii-e1601485394796-142x300.jpg 142w\" sizes=\"auto, (max-width: 10px) 100vw, 10px\" \/> Uwe Morawe (Einzelspiel), Oliver Forster (Konferenz)<\/p>\n\n\n\n<p><strong style=\"font-style: italic;\"><em><strong>Schachtar Donezk <\/strong><\/em><\/strong><em>(UKR)<\/em><strong style=\"font-style: italic;\"><em><strong> <\/strong><\/em><strong><em><b style=\"font-style: italic;\">\u2013<\/b><\/em><\/strong><\/strong> <em><strong>FC Porto <\/strong>(POR)<strong> (21.00 Uhr)<\/strong><\/em> <br><img loading=\"lazy\" decoding=\"async\" width=\"10\" height=\"21\" class=\"wp-image-3656\" style=\"width: 10px;\" src=\"http:\/\/kommentatorenblog.de\/wp-content\/uploads\/2020\/09\/shure-55sh-ii-e1601485394796.jpg\" alt=\"\" srcset=\"https:\/\/kommentatorenblog.de\/wp-content\/uploads\/2020\/09\/shure-55sh-ii-e1601485394796.jpg 415w, https:\/\/kommentatorenblog.de\/wp-content\/uploads\/2020\/09\/shure-55sh-ii-e1601485394796-142x300.jpg 142w\" sizes=\"auto, (max-width: 10px) 100vw, 10px\" \/> Joachim Hebel (Einzelspiel), Ruben Zimmermann (Konferenz)<\/p>\n\n\n\n<p><span style=\"text-decoration: underline;\">Mittwoch, 20. September 2023, ab 18.15 Uhr (DAZN)<\/span><\/p>\n\n\n\n<p><strong style=\"font-style: italic;\"><em><strong>Real Madrid <\/strong><\/em><\/strong><em>(ESP)<\/em><strong style=\"font-style: italic;\"><em><strong> <\/strong><\/em><strong><em><b style=\"font-style: italic;\">\u2013<\/b><\/em><\/strong><\/strong> <em><strong>1. FC Union Berlin <\/strong>(GER)<strong> (18.45 Uhr)<\/strong><\/em> <br><img loading=\"lazy\" decoding=\"async\" width=\"10\" height=\"21\" class=\"wp-image-3656\" style=\"width: 10px;\" src=\"http:\/\/kommentatorenblog.de\/wp-content\/uploads\/2020\/09\/shure-55sh-ii-e1601485394796.jpg\" alt=\"\" srcset=\"https:\/\/kommentatorenblog.de\/wp-content\/uploads\/2020\/09\/shure-55sh-ii-e1601485394796.jpg 415w, https:\/\/kommentatorenblog.de\/wp-content\/uploads\/2020\/09\/shure-55sh-ii-e1601485394796-142x300.jpg 142w\" sizes=\"auto, (max-width: 10px) 100vw, 10px\" \/> Uli Hebel, Experte: Sami Khedira (Einzelspiel), Lukas Sch\u00f6nm\u00fcller (Konferenz)<br>Field-Reporterin: Max Siebald<\/p>\n\n\n\n<p><strong style=\"font-style: italic;\"><em><strong>Galatasaray Istanbul <\/strong><\/em><\/strong><em>(TUR)<\/em><strong style=\"font-style: italic;\"><em><strong> <\/strong><\/em><strong><em><b style=\"font-style: italic;\">\u2013<\/b><\/em><\/strong><\/strong> <em><strong>FC Kopenhagen <\/strong>(DEN)<strong> (18.45 Uhr)<\/strong><\/em> <br><img loading=\"lazy\" decoding=\"async\" width=\"10\" height=\"21\" class=\"wp-image-3656\" style=\"width: 10px;\" src=\"http:\/\/kommentatorenblog.de\/wp-content\/uploads\/2020\/09\/shure-55sh-ii-e1601485394796.jpg\" alt=\"\" srcset=\"https:\/\/kommentatorenblog.de\/wp-content\/uploads\/2020\/09\/shure-55sh-ii-e1601485394796.jpg 415w, https:\/\/kommentatorenblog.de\/wp-content\/uploads\/2020\/09\/shure-55sh-ii-e1601485394796-142x300.jpg 142w\" sizes=\"auto, (max-width: 10px) 100vw, 10px\" \/> Joachim Hebel (Einzelspiel), Stefan Galler (Konferenz)<\/p>\n\n\n\n<p><span style=\"text-decoration: underline;\">ab 20.00 Uhr (DAZN)<\/span><\/p>\n\n\n\n<p><strong style=\"font-style: italic;\"><em><strong>FC Bayern M\u00fcnchen <\/strong><\/em><\/strong><em>(GER)<\/em><strong style=\"font-style: italic;\"><em><strong> <\/strong><\/em><strong><em><b style=\"font-style: italic;\">\u2013<\/b><\/em><\/strong><\/strong> <em><strong>Manchester United <\/strong>(ENG)<strong> (21.00 Uhr)<\/strong><\/em> <br><img loading=\"lazy\" decoding=\"async\" width=\"10\" height=\"21\" class=\"wp-image-3656\" style=\"width: 10px;\" src=\"http:\/\/kommentatorenblog.de\/wp-content\/uploads\/2020\/09\/shure-55sh-ii-e1601485394796.jpg\" alt=\"\" srcset=\"https:\/\/kommentatorenblog.de\/wp-content\/uploads\/2020\/09\/shure-55sh-ii-e1601485394796.jpg 415w, https:\/\/kommentatorenblog.de\/wp-content\/uploads\/2020\/09\/shure-55sh-ii-e1601485394796-142x300.jpg 142w\" sizes=\"auto, (max-width: 10px) 100vw, 10px\" \/> Jan Platte, Experte: Michael Ballack (Einzelspiel), Marco Hagemann (Konferenz)<br>Moderation: Alex Schl\u00fcter, Field-Reporter: Daniel Herzog<\/p>\n\n\n\n<p><span style=\"text-decoration: underline;\">ab 20.45 Uhr (DAZN)<\/span><\/p>\n\n\n\n<p><strong style=\"font-style: italic;\"><em><strong>Benfica Lissabon <\/strong><\/em><\/strong><em>(POR)<\/em><strong style=\"font-style: italic;\"><em><strong> <\/strong><\/em><strong><em><b style=\"font-style: italic;\">\u2013<\/b><\/em><\/strong><\/strong> <em><strong>FC Salzburg <\/strong>(AUT)<strong> (21.00 Uhr)<\/strong><\/em> <br><img loading=\"lazy\" decoding=\"async\" width=\"10\" height=\"21\" class=\"wp-image-3656\" style=\"width: 10px;\" src=\"http:\/\/kommentatorenblog.de\/wp-content\/uploads\/2020\/09\/shure-55sh-ii-e1601485394796.jpg\" alt=\"\" srcset=\"https:\/\/kommentatorenblog.de\/wp-content\/uploads\/2020\/09\/shure-55sh-ii-e1601485394796.jpg 415w, https:\/\/kommentatorenblog.de\/wp-content\/uploads\/2020\/09\/shure-55sh-ii-e1601485394796-142x300.jpg 142w\" sizes=\"auto, (max-width: 10px) 100vw, 10px\" \/> Michael Born, Experte: Sascha Bigalke (Einzelspiel), Max Gross (Konferenz)<\/p>\n\n\n\n<p><strong style=\"font-style: italic;\"><em><strong>FC Arsenal <\/strong><\/em><\/strong><em>(ENG)<\/em><strong style=\"font-style: italic;\"><em><strong> <\/strong><\/em><strong><em><b style=\"font-style: italic;\">\u2013<\/b><\/em><\/strong><\/strong> <em><strong>PSV Eindhoven <\/strong>(NED)<strong> (21.00 Uhr)<\/strong><\/em> <br><img loading=\"lazy\" decoding=\"async\" width=\"10\" height=\"21\" class=\"wp-image-3656\" style=\"width: 10px;\" src=\"http:\/\/kommentatorenblog.de\/wp-content\/uploads\/2020\/09\/shure-55sh-ii-e1601485394796.jpg\" alt=\"\" srcset=\"https:\/\/kommentatorenblog.de\/wp-content\/uploads\/2020\/09\/shure-55sh-ii-e1601485394796.jpg 415w, https:\/\/kommentatorenblog.de\/wp-content\/uploads\/2020\/09\/shure-55sh-ii-e1601485394796-142x300.jpg 142w\" sizes=\"auto, (max-width: 10px) 100vw, 10px\" \/> Flo Hauser (Einzelspiel), Freddy Harder (Konferenz)<\/p>\n\n\n\n<p><strong style=\"font-style: italic;\"><em><strong>Real Sociedad <\/strong><\/em><\/strong><em>(ESP)<\/em><strong style=\"font-style: italic;\"><em><strong> <\/strong><\/em><strong><em><b style=\"font-style: italic;\">\u2013<\/b><\/em><\/strong><\/strong> <em><strong>Inter Mailand <\/strong>(ITA)<strong> (21.00 Uhr)<\/strong><\/em> <br><img loading=\"lazy\" decoding=\"async\" width=\"10\" height=\"21\" class=\"wp-image-3656\" style=\"width: 10px;\" src=\"http:\/\/kommentatorenblog.de\/wp-content\/uploads\/2020\/09\/shure-55sh-ii-e1601485394796.jpg\" alt=\"\" srcset=\"https:\/\/kommentatorenblog.de\/wp-content\/uploads\/2020\/09\/shure-55sh-ii-e1601485394796.jpg 415w, https:\/\/kommentatorenblog.de\/wp-content\/uploads\/2020\/09\/shure-55sh-ii-e1601485394796-142x300.jpg 142w\" sizes=\"auto, (max-width: 10px) 100vw, 10px\" \/> Christoph Stadtler (Einzelspiel), Mario Rieker (Konferenz)<\/p>\n\n\n\n<p><strong style=\"font-style: italic;\"><em><strong>Sporting Braga <\/strong><\/em><\/strong><em>(POR)<\/em><strong style=\"font-style: italic;\"><em><strong> <\/strong><\/em><strong><em><b style=\"font-style: italic;\">\u2013<\/b><\/em><\/strong><\/strong> <em><strong>SSC Neapel <\/strong>(ITA)<strong> (21.00 Uhr)<\/strong><\/em> <br><img loading=\"lazy\" decoding=\"async\" width=\"10\" height=\"21\" class=\"wp-image-3656\" style=\"width: 10px;\" src=\"http:\/\/kommentatorenblog.de\/wp-content\/uploads\/2020\/09\/shure-55sh-ii-e1601485394796.jpg\" alt=\"\" srcset=\"https:\/\/kommentatorenblog.de\/wp-content\/uploads\/2020\/09\/shure-55sh-ii-e1601485394796.jpg 415w, https:\/\/kommentatorenblog.de\/wp-content\/uploads\/2020\/09\/shure-55sh-ii-e1601485394796-142x300.jpg 142w\" sizes=\"auto, (max-width: 10px) 100vw, 10px\" \/> Carsten Fu\u00df (Einzelspiel), Nico Seepe (Konferenz)<\/p>\n\n\n\n<p><strong style=\"font-style: italic;\"><em><strong>FC Sevilla <\/strong><\/em><\/strong><em>(ESP)<\/em><strong style=\"font-style: italic;\"><em><strong> <\/strong><\/em><strong><em><b style=\"font-style: italic;\">\u2013<\/b><\/em><\/strong><\/strong> <em><strong>RC Lens <\/strong>(FRA)<strong> (21.00 Uhr)<\/strong><\/em> <br><img loading=\"lazy\" decoding=\"async\" width=\"10\" height=\"21\" class=\"wp-image-3656\" style=\"width: 10px;\" src=\"http:\/\/kommentatorenblog.de\/wp-content\/uploads\/2020\/09\/shure-55sh-ii-e1601485394796.jpg\" alt=\"\" srcset=\"https:\/\/kommentatorenblog.de\/wp-content\/uploads\/2020\/09\/shure-55sh-ii-e1601485394796.jpg 415w, https:\/\/kommentatorenblog.de\/wp-content\/uploads\/2020\/09\/shure-55sh-ii-e1601485394796-142x300.jpg 142w\" sizes=\"auto, (max-width: 10px) 100vw, 10px\" \/> Tobi Fischbeck (Einzelspiel), Marcel Seufert (Konferenz)<\/p>\n\n\n\n<hr class=\"wp-block-separator is-style-default\"\/>\n\n\n\n<p><strong>UEFA Europa League \/ UEFA Europa Conference League, 1. Spieltag (RTL+\/RTL)<\/strong><\/p>\n\n\n\n<p><span style=\"text-decoration: underline;\">Donnerstag, 21. September 2023, ab 18.15 Uhr (RTL+)<\/span><\/p>\n\n\n\n<p><strong style=\"font-style: italic;\"><em><strong>Bayer 04 Leverkusen <\/strong><\/em><\/strong><em>(GER)<\/em><strong style=\"font-style: italic;\"><em><strong> <\/strong><\/em><strong><em><b style=\"font-style: italic;\">\u2013<\/b><\/em><\/strong><\/strong> <em><strong>BK H\u00e4cken <\/strong>(SWE)<strong> (18.45 Uhr)<\/strong><\/em> <br><img loading=\"lazy\" decoding=\"async\" width=\"10\" height=\"21\" class=\"wp-image-3656\" style=\"width: 10px;\" src=\"http:\/\/kommentatorenblog.de\/wp-content\/uploads\/2020\/09\/shure-55sh-ii-e1601485394796.jpg\" alt=\"\" srcset=\"https:\/\/kommentatorenblog.de\/wp-content\/uploads\/2020\/09\/shure-55sh-ii-e1601485394796.jpg 415w, https:\/\/kommentatorenblog.de\/wp-content\/uploads\/2020\/09\/shure-55sh-ii-e1601485394796-142x300.jpg 142w\" sizes=\"auto, (max-width: 10px) 100vw, 10px\" \/> Robby Hunke, Experte: Patrick Helmes (Einzelspiel), Klaus Veltman (Konferenz)<\/p>\n\n\n\n<p><strong style=\"font-style: italic;\"><em><strong>Eintracht Frankfurt <\/strong><\/em><\/strong><em>(GER)<\/em><strong style=\"font-style: italic;\"><em><strong> <\/strong><\/em><strong><em><b style=\"font-style: italic;\">\u2013<\/b><\/em><\/strong><\/strong> <em><strong>FC Aberdeen <\/strong>(SCO)<strong> (18.45 Uhr)<\/strong><\/em> <br><img loading=\"lazy\" decoding=\"async\" width=\"10\" height=\"21\" class=\"wp-image-3656\" style=\"width: 10px;\" src=\"http:\/\/kommentatorenblog.de\/wp-content\/uploads\/2020\/09\/shure-55sh-ii-e1601485394796.jpg\" alt=\"\" srcset=\"https:\/\/kommentatorenblog.de\/wp-content\/uploads\/2020\/09\/shure-55sh-ii-e1601485394796.jpg 415w, https:\/\/kommentatorenblog.de\/wp-content\/uploads\/2020\/09\/shure-55sh-ii-e1601485394796-142x300.jpg 142w\" sizes=\"auto, (max-width: 10px) 100vw, 10px\" \/> Cornelius K\u00fcpper, Experte: Felix Kroos (Einzelspiel), Christian Stra\u00dfburger (Konferenz)<\/p>\n\n\n\n<p><strong style=\"font-style: italic;\"><em><strong>Linzer ASK <\/strong><\/em><\/strong><em>(AUT)<\/em><strong style=\"font-style: italic;\"><em><strong> <\/strong><\/em><strong><em><b style=\"font-style: italic;\">\u2013<\/b><\/em><\/strong><\/strong> <em><strong>FC Liverpool <\/strong>(ENG)<strong> (18.45 Uhr)<\/strong><\/em> <br><img loading=\"lazy\" decoding=\"async\" width=\"10\" height=\"21\" class=\"wp-image-3656\" style=\"width: 10px;\" src=\"http:\/\/kommentatorenblog.de\/wp-content\/uploads\/2020\/09\/shure-55sh-ii-e1601485394796.jpg\" alt=\"\" srcset=\"https:\/\/kommentatorenblog.de\/wp-content\/uploads\/2020\/09\/shure-55sh-ii-e1601485394796.jpg 415w, https:\/\/kommentatorenblog.de\/wp-content\/uploads\/2020\/09\/shure-55sh-ii-e1601485394796-142x300.jpg 142w\" sizes=\"auto, (max-width: 10px) 100vw, 10px\" \/> Christoph Stadtler (Einzelspiel), J\u00fcrgen Schmitz (Konferenz)<\/p>\n\n\n\n<p><strong style=\"font-style: italic;\"><em><strong>Legia Warschau <\/strong><\/em><\/strong><em>(POL)<\/em><strong style=\"font-style: italic;\"><em><strong> <\/strong><\/em><strong><em><b style=\"font-style: italic;\">\u2013<\/b><\/em><\/strong><\/strong> <em><strong>Aston Villa <\/strong>(ENG)<strong> (18.45 Uhr)<\/strong><\/em> <br><img loading=\"lazy\" decoding=\"async\" width=\"10\" height=\"21\" class=\"wp-image-3656\" style=\"width: 10px;\" src=\"http:\/\/kommentatorenblog.de\/wp-content\/uploads\/2020\/09\/shure-55sh-ii-e1601485394796.jpg\" alt=\"\" srcset=\"https:\/\/kommentatorenblog.de\/wp-content\/uploads\/2020\/09\/shure-55sh-ii-e1601485394796.jpg 415w, https:\/\/kommentatorenblog.de\/wp-content\/uploads\/2020\/09\/shure-55sh-ii-e1601485394796-142x300.jpg 142w\" sizes=\"auto, (max-width: 10px) 100vw, 10px\" \/> Michael Born (Einzelspiel), Heiko Wasser (Konferenz)<\/p>\n\n\n\n<p><span style=\"text-decoration: underline;\">ab 20.40 Uhr (RTL\/RTL+)<\/span><\/p>\n\n\n\n<p><strong style=\"font-style: italic;\"><em><strong>Olympiakos Pir\u00e4us <\/strong><\/em><\/strong><em>(GRE)<\/em><strong style=\"font-style: italic;\"><em><strong> <\/strong><\/em><strong><em><b style=\"font-style: italic;\">\u2013<\/b><\/em><\/strong><\/strong> <em><strong>SC Freiburg <\/strong>(GER)<strong> (21.00 Uhr)<\/strong><\/em><\/p>\n\n\n\n<p><img loading=\"lazy\" decoding=\"async\" width=\"10\" height=\"21\" class=\"wp-image-3656\" style=\"width: 10px;\" src=\"http:\/\/kommentatorenblog.de\/wp-content\/uploads\/2020\/09\/shure-55sh-ii-e1601485394796.jpg\" alt=\"\" srcset=\"https:\/\/kommentatorenblog.de\/wp-content\/uploads\/2020\/09\/shure-55sh-ii-e1601485394796.jpg 415w, https:\/\/kommentatorenblog.de\/wp-content\/uploads\/2020\/09\/shure-55sh-ii-e1601485394796-142x300.jpg 142w\" sizes=\"auto, (max-width: 10px) 100vw, 10px\" \/> <em>RTL: <\/em>Marco Hagemann, Experte: Steffen Freund<\/p>\n\n\n\n<p><img loading=\"lazy\" decoding=\"async\" width=\"10\" height=\"21\" class=\"wp-image-3656\" style=\"width: 10px;\" src=\"http:\/\/kommentatorenblog.de\/wp-content\/uploads\/2020\/09\/shure-55sh-ii-e1601485394796.jpg\" alt=\"\" srcset=\"https:\/\/kommentatorenblog.de\/wp-content\/uploads\/2020\/09\/shure-55sh-ii-e1601485394796.jpg 415w, https:\/\/kommentatorenblog.de\/wp-content\/uploads\/2020\/09\/shure-55sh-ii-e1601485394796-142x300.jpg 142w\" sizes=\"auto, (max-width: 10px) 100vw, 10px\" \/> <em>RTL+: <\/em>Oliver Seidler (Einzelspiel), Alexander Klich (Konferenz)<\/p>\n\n\n\n<p><span style=\"text-decoration: underline;\">ab 20.40 Uhr (RTL+)<\/span><\/p>\n\n\n\n<p><strong style=\"font-style: italic;\"><em><strong>Ajax Amsterdam <\/strong><\/em><\/strong><em>(NED)<\/em><strong style=\"font-style: italic;\"><em><strong> <\/strong><\/em><strong><em><b style=\"font-style: italic;\">\u2013<\/b><\/em><\/strong><\/strong> <em><strong>Olympique Marseille <\/strong>(FRA)<strong> (21.00 Uhr)<\/strong><\/em> <br><img loading=\"lazy\" decoding=\"async\" width=\"10\" height=\"21\" class=\"wp-image-3656\" style=\"width: 10px;\" src=\"http:\/\/kommentatorenblog.de\/wp-content\/uploads\/2020\/09\/shure-55sh-ii-e1601485394796.jpg\" alt=\"\" srcset=\"https:\/\/kommentatorenblog.de\/wp-content\/uploads\/2020\/09\/shure-55sh-ii-e1601485394796.jpg 415w, https:\/\/kommentatorenblog.de\/wp-content\/uploads\/2020\/09\/shure-55sh-ii-e1601485394796-142x300.jpg 142w\" sizes=\"auto, (max-width: 10px) 100vw, 10px\" \/> Stefan Galler (Einzelspiel), Alexander K\u00fcpper (Konferenz)<\/p>\n\n\n\n<p><strong style=\"font-style: italic;\"><em><strong>FC Br\u00fcgge <\/strong><\/em><\/strong><em>(BEL)<\/em><strong style=\"font-style: italic;\"><em><strong> <\/strong><\/em><strong><em><b style=\"font-style: italic;\">\u2013<\/b><\/em><\/strong><\/strong> <em><strong>Besiktas Istanbul <\/strong>(TUR)<strong> (21.00 Uhr)<\/strong><\/em> <br><img loading=\"lazy\" decoding=\"async\" width=\"10\" height=\"21\" class=\"wp-image-3656\" style=\"width: 10px;\" src=\"http:\/\/kommentatorenblog.de\/wp-content\/uploads\/2020\/09\/shure-55sh-ii-e1601485394796.jpg\" alt=\"\" srcset=\"https:\/\/kommentatorenblog.de\/wp-content\/uploads\/2020\/09\/shure-55sh-ii-e1601485394796.jpg 415w, https:\/\/kommentatorenblog.de\/wp-content\/uploads\/2020\/09\/shure-55sh-ii-e1601485394796-142x300.jpg 142w\" sizes=\"auto, (max-width: 10px) 100vw, 10px\" \/> Ren\u00e9 Langhoff (Einzelspiel), Stefan Fuckert (Konferenz)<\/p>\n\n\n\n<p><strong style=\"font-style: italic;\"><em><strong>West Ham United <\/strong><\/em><\/strong><em>(ENG)<\/em><strong style=\"font-style: italic;\"><em><strong> <\/strong><\/em><strong><em><b style=\"font-style: italic;\">\u2013<\/b><\/em><\/strong><\/strong> <em><strong><em>Ba\u010dka&nbsp;<\/em>Topola <\/strong>(SRB)<strong> (21.00 Uhr)<\/strong><\/em> <br><img loading=\"lazy\" decoding=\"async\" width=\"10\" height=\"21\" class=\"wp-image-3656\" style=\"width: 10px;\" src=\"http:\/\/kommentatorenblog.de\/wp-content\/uploads\/2020\/09\/shure-55sh-ii-e1601485394796.jpg\" alt=\"\" srcset=\"https:\/\/kommentatorenblog.de\/wp-content\/uploads\/2020\/09\/shure-55sh-ii-e1601485394796.jpg 415w, https:\/\/kommentatorenblog.de\/wp-content\/uploads\/2020\/09\/shure-55sh-ii-e1601485394796-142x300.jpg 142w\" sizes=\"auto, (max-width: 10px) 100vw, 10px\" \/> Tim Hemmrich (Einzelspiel), Philip Konrad (Konferenz)<\/p>\n\n\n\n<p>Moderation (RTL+): Anna Kraft, Experte: Ansgar Brinkmann<br>Community Host: Julius Fellermann<\/p>\n\n\n\n<hr class=\"wp-block-separator is-style-default\"\/>\n\n\n\n<p><strong>UEFA Youth League, 1. Spieltag (DAZN)<\/strong><\/p>\n\n\n\n<p><span style=\"text-decoration: underline;\">Dienstag, 19. September 2023<\/span><\/p>\n\n\n\n<p><strong style=\"font-style: italic;\"><em><strong>Paris Saint-Germain U19 <\/strong><\/em><\/strong><em>(FRA)<\/em><strong style=\"font-style: italic;\"><em><strong> <\/strong><\/em><strong><em><b style=\"font-style: italic;\">\u2013<\/b><\/em><\/strong><\/strong> <em><strong>Borussia Dortmund U19 <\/strong>(GER)<strong> (16.00 Uhr)<\/strong><\/em> <br><img loading=\"lazy\" decoding=\"async\" width=\"10\" height=\"21\" class=\"wp-image-3656\" style=\"width: 10px;\" src=\"http:\/\/kommentatorenblog.de\/wp-content\/uploads\/2020\/09\/shure-55sh-ii-e1601485394796.jpg\" alt=\"\" srcset=\"https:\/\/kommentatorenblog.de\/wp-content\/uploads\/2020\/09\/shure-55sh-ii-e1601485394796.jpg 415w, https:\/\/kommentatorenblog.de\/wp-content\/uploads\/2020\/09\/shure-55sh-ii-e1601485394796-142x300.jpg 142w\" sizes=\"auto, (max-width: 10px) 100vw, 10px\" \/> Korbinian Rundel<\/p>\n\n\n\n<p><span style=\"text-decoration: underline;\">Mittwoch, 20. September 2023<\/span><\/p>\n\n\n\n<p><strong style=\"font-style: italic;\"><em><strong>Benfica Lissabon U19 <\/strong><\/em><\/strong><em>(POR)<\/em><strong style=\"font-style: italic;\"><em><strong> <\/strong><\/em><strong><em><b style=\"font-style: italic;\">\u2013<\/b><\/em><\/strong><\/strong> <em><strong>FC Salzburg U19 <\/strong>(AUT)<strong> (16.00 Uhr)<\/strong><\/em> <br><img loading=\"lazy\" decoding=\"async\" width=\"10\" height=\"21\" class=\"wp-image-3656\" style=\"width: 10px;\" src=\"http:\/\/kommentatorenblog.de\/wp-content\/uploads\/2020\/09\/shure-55sh-ii-e1601485394796.jpg\" alt=\"\" srcset=\"https:\/\/kommentatorenblog.de\/wp-content\/uploads\/2020\/09\/shure-55sh-ii-e1601485394796.jpg 415w, https:\/\/kommentatorenblog.de\/wp-content\/uploads\/2020\/09\/shure-55sh-ii-e1601485394796-142x300.jpg 142w\" sizes=\"auto, (max-width: 10px) 100vw, 10px\" \/> Michi Brandes<\/p>\n\n\n\n<hr class=\"wp-block-separator is-style-default\"\/>\n\n\n\n<p><strong>EFL Championship (ENG), 7. Spieltag (Sportdigital Fu\u00dfball)<\/strong><\/p>\n\n\n\n<p><span style=\"text-decoration: underline;\">Dienstag, 19. September 2023<\/span><\/p>\n\n\n\n<p><strong style=\"font-style: italic;\"><em><strong>Sheffield Wednesday <\/strong><\/em><strong><em><b style=\"font-style: italic;\">\u2013<\/b><\/em><\/strong><\/strong> <em><strong>FC Middlesbrough (21.00 Uhr)<\/strong><\/em> <br><img loading=\"lazy\" decoding=\"async\" width=\"10\" height=\"21\" class=\"wp-image-3656\" style=\"width: 10px;\" src=\"http:\/\/kommentatorenblog.de\/wp-content\/uploads\/2020\/09\/shure-55sh-ii-e1601485394796.jpg\" alt=\"\" srcset=\"https:\/\/kommentatorenblog.de\/wp-content\/uploads\/2020\/09\/shure-55sh-ii-e1601485394796.jpg 415w, https:\/\/kommentatorenblog.de\/wp-content\/uploads\/2020\/09\/shure-55sh-ii-e1601485394796-142x300.jpg 142w\" sizes=\"auto, (max-width: 10px) 100vw, 10px\" \/> Marvin Kirsch<\/p>\n\n\n\n<p><span style=\"text-decoration: underline;\">Mittwoch, 20. September 2023<\/span><\/p>\n\n\n\n<p><strong style=\"font-style: italic;\"><em><strong>Norwich City <\/strong><\/em><strong><em><b style=\"font-style: italic;\">\u2013<\/b><\/em><\/strong><\/strong> <em><strong>Leicester City (21.00 Uhr)<\/strong><\/em> <br><img loading=\"lazy\" decoding=\"async\" width=\"10\" height=\"21\" class=\"wp-image-3656\" style=\"width: 10px;\" src=\"http:\/\/kommentatorenblog.de\/wp-content\/uploads\/2020\/09\/shure-55sh-ii-e1601485394796.jpg\" alt=\"\" srcset=\"https:\/\/kommentatorenblog.de\/wp-content\/uploads\/2020\/09\/shure-55sh-ii-e1601485394796.jpg 415w, https:\/\/kommentatorenblog.de\/wp-content\/uploads\/2020\/09\/shure-55sh-ii-e1601485394796-142x300.jpg 142w\" sizes=\"auto, (max-width: 10px) 100vw, 10px\" \/> Jonathan Dreier<\/p>\n\n\n\n<hr class=\"wp-block-separator is-style-default\"\/>\n\n\n\n<p><strong>Campeonato Brasileiro (BRA), 24. Spieltag (Sportdigital Fu\u00dfball)<\/strong><\/p>\n\n\n\n<p><span style=\"text-decoration: underline;\">Freitag, 22. September 2023<\/span><\/p>\n\n\n\n<p><strong style=\"font-style: italic;\"><em><strong>Athletico Paranaense <\/strong><\/em><strong><em><b style=\"font-style: italic;\">\u2013<\/b><\/em><\/strong><\/strong> <em><strong>Internacional Porto Alegre (00.30 Uhr)<\/strong><\/em> <br><img loading=\"lazy\" decoding=\"async\" width=\"10\" height=\"21\" class=\"wp-image-3656\" style=\"width: 10px;\" src=\"http:\/\/kommentatorenblog.de\/wp-content\/uploads\/2020\/09\/shure-55sh-ii-e1601485394796.jpg\" alt=\"\" srcset=\"https:\/\/kommentatorenblog.de\/wp-content\/uploads\/2020\/09\/shure-55sh-ii-e1601485394796.jpg 415w, https:\/\/kommentatorenblog.de\/wp-content\/uploads\/2020\/09\/shure-55sh-ii-e1601485394796-142x300.jpg 142w\" sizes=\"auto, (max-width: 10px) 100vw, 10px\" \/> Ulf Kahmke<\/p>\n\n\n\n<hr class=\"wp-block-separator is-style-default\"\/>\n\n\n\n<p><strong>Copa de la Liga Profesional (ARG), 5. Spieltag (Sportdigital Fu\u00dfball)<\/strong><\/p>\n\n\n\n<p><span style=\"text-decoration: underline;\">Dienstag, 19. September 2023<\/span><\/p>\n\n\n\n<p><strong style=\"font-style: italic;\"><em><strong>CA Central Cordoba <\/strong><\/em><strong><em><b style=\"font-style: italic;\">\u2013<\/b><\/em><\/strong><\/strong> <em><strong>Boca Juniors (23.45 Uhr)<\/strong><\/em> <br><img loading=\"lazy\" decoding=\"async\" width=\"10\" height=\"21\" class=\"wp-image-3656\" style=\"width: 10px;\" src=\"http:\/\/kommentatorenblog.de\/wp-content\/uploads\/2020\/09\/shure-55sh-ii-e1601485394796.jpg\" alt=\"\" srcset=\"https:\/\/kommentatorenblog.de\/wp-content\/uploads\/2020\/09\/shure-55sh-ii-e1601485394796.jpg 415w, https:\/\/kommentatorenblog.de\/wp-content\/uploads\/2020\/09\/shure-55sh-ii-e1601485394796-142x300.jpg 142w\" sizes=\"auto, (max-width: 10px) 100vw, 10px\" \/> Arne Malsch<\/p>\n\n\n\n<p><span style=\"text-decoration: underline;\">Mittwoch, 20. September 2023<\/span><\/p>\n\n\n\n<p><strong style=\"font-style: italic;\"><em><strong>Estudiantes de la Plata <\/strong><\/em><strong><em><b style=\"font-style: italic;\">\u2013<\/b><\/em><\/strong><\/strong> <em><strong>CA San Lorenzo (23.30 Uhr)<\/strong><\/em> <br><img loading=\"lazy\" decoding=\"async\" width=\"10\" height=\"21\" class=\"wp-image-3656\" style=\"width: 10px;\" src=\"http:\/\/kommentatorenblog.de\/wp-content\/uploads\/2020\/09\/shure-55sh-ii-e1601485394796.jpg\" alt=\"\" srcset=\"https:\/\/kommentatorenblog.de\/wp-content\/uploads\/2020\/09\/shure-55sh-ii-e1601485394796.jpg 415w, https:\/\/kommentatorenblog.de\/wp-content\/uploads\/2020\/09\/shure-55sh-ii-e1601485394796-142x300.jpg 142w\" sizes=\"auto, (max-width: 10px) 100vw, 10px\" \/> Marcus Radefeld<\/p>\n\n\n\n<hr class=\"wp-block-separator is-style-default\"\/>\n\n\n\n<p><strong>Saudi Pro League (KSA), 7. Spieltag (Sportdigital Fu\u00dfball)<\/strong><\/p>\n\n\n\n<p><span style=\"text-decoration: underline;\">Donnerstag, 21. September 2023<\/span><\/p>\n\n\n\n<p><em style=\"font-style: italic; font-weight: bold;\"><strong>Damac FC <\/strong><\/em><span style=\"\"><b style=\"font-style: italic; font-weight: bold;\">\u2013<\/b><\/span><em><strong> al-Hilal FC<\/strong><\/em><em><strong> (17.00 Uhr)<\/strong><\/em> <br><img loading=\"lazy\" decoding=\"async\" width=\"10\" height=\"21\" class=\"wp-image-3656\" style=\"width: 10px;\" src=\"http:\/\/kommentatorenblog.de\/wp-content\/uploads\/2020\/09\/shure-55sh-ii-e1601485394796.jpg\" alt=\"\" srcset=\"https:\/\/kommentatorenblog.de\/wp-content\/uploads\/2020\/09\/shure-55sh-ii-e1601485394796.jpg 415w, https:\/\/kommentatorenblog.de\/wp-content\/uploads\/2020\/09\/shure-55sh-ii-e1601485394796-142x300.jpg 142w\" sizes=\"auto, (max-width: 10px) 100vw, 10px\" \/> Jakob Vogel<\/p>\n\n\n\n<hr class=\"wp-block-separator is-style-default\"\/>\n\n\n\n<p><strong>AFC Champions League, 1. Spieltag (Sport1+\/Sport1)<\/strong><\/p>\n\n\n\n<p><span style=\"text-decoration: underline;\">Montag, 18. September 2023 (Sport1\/Sport1+)<\/span><\/p>\n\n\n\n<p><em style=\"font-style: italic;\"><strong>al-Hilal FC <\/strong>(KSA)<strong style=\"font-weight: bold;\"> <\/strong><\/em><span style=\"\"><b style=\"font-style: italic; font-weight: bold;\">\u2013<\/b><\/span><em><strong> Navbahor Namangan<\/strong><em style=\"font-style: italic;\"> <\/em><em style=\"font-style: italic;\">(UZB)<\/em><strong> <\/strong><strong>(20.00 Uhr)<\/strong><\/em> <br><img loading=\"lazy\" decoding=\"async\" width=\"10\" height=\"21\" class=\"wp-image-3656\" style=\"width: 10px;\" src=\"http:\/\/kommentatorenblog.de\/wp-content\/uploads\/2020\/09\/shure-55sh-ii-e1601485394796.jpg\" alt=\"\" srcset=\"https:\/\/kommentatorenblog.de\/wp-content\/uploads\/2020\/09\/shure-55sh-ii-e1601485394796.jpg 415w, https:\/\/kommentatorenblog.de\/wp-content\/uploads\/2020\/09\/shure-55sh-ii-e1601485394796-142x300.jpg 142w\" sizes=\"auto, (max-width: 10px) 100vw, 10px\" \/> Steffen Bohleber<\/p>\n\n\n\n<p><span style=\"text-decoration: underline;\">Mittwoch, 20. September 2023 (Sport1+)<\/span><\/p>\n\n\n\n<p><em style=\"font-style: italic;\"><strong>Wuhan Three Towns FC <\/strong>(CHN)<strong style=\"font-weight: bold;\"> <\/strong><\/em><span style=\"\"><b style=\"font-style: italic; font-weight: bold;\">\u2013<\/b><\/span><em><strong> Urawa Red Diamonds <\/strong><em style=\"font-style: italic;\">(JPN)<\/em><strong> (14.00 Uhr)<\/strong><\/em> <br><img loading=\"lazy\" decoding=\"async\" width=\"10\" height=\"21\" class=\"wp-image-3656\" style=\"width: 10px;\" src=\"http:\/\/kommentatorenblog.de\/wp-content\/uploads\/2020\/09\/shure-55sh-ii-e1601485394796.jpg\" alt=\"\" srcset=\"https:\/\/kommentatorenblog.de\/wp-content\/uploads\/2020\/09\/shure-55sh-ii-e1601485394796.jpg 415w, https:\/\/kommentatorenblog.de\/wp-content\/uploads\/2020\/09\/shure-55sh-ii-e1601485394796-142x300.jpg 142w\" sizes=\"auto, (max-width: 10px) 100vw, 10px\" \/> Oliver Forster<\/p>\n\n\n\n<hr class=\"wp-block-separator is-style-default\"\/>\n\n\n\n<p><strong>ANALYSE<\/strong><\/p>\n\n\n\n<p><strong>Klose auch beim Prime-Saisonauftakt<\/strong><\/p>\n\n\n\n<p>Bereits bei den Playoffs kam der neue Prime Video-Experte Miroslav Klose zum Einsatz. Nun wird der WM-Rekordtorsch\u00fctze auch zum Auftakt der Gruppenphase an der Seite der altbekannten Matthias Sammer, Josephine Henning und Sebastian Hellmann das Geschehen im Prinzenpark analysieren. Annika Zimmermann und Sebastian Benesch gehen wie gewohnt auf Stimmenfang, ebenso gewohnt kommentieren Jonas Friedrich und Benni H\u00f6wedes. Schiedsrichter-Experte ist wieder Wolfgang Stark.<\/p>\n\n\n\n<p><strong>Langer Vorlauf f\u00fcr die Bayern, viele Doppelkommentare<\/strong><\/p>\n\n\n\n<p>Alle anderen Spiele sind &#8211; wie auch die Konferenzen &#8211; dann nat\u00fcrlich bei DAZN zu sehen. Klarer Fokus liegt f\u00fcr den M\u00fcnchner Streamingdienst auf der Partie des FC Bayern, der ein einst\u00fcndiger Vorlauf gewidmet wird. Im Vergleich zum Freitag bleibt die Crew in der Allianz Arena nahezu unver\u00e4ndert, einzig Jan Platte rotiert f\u00fcr Max Siebald am Mikrofon neu rein. Am Freitag hatte Platte noch die Bayern-Frauen kommentiert.<\/p>\n\n\n\n<p>Max Siebald ist daf\u00fcr als Field-Reporter im umgebauten Bernabeu, wo Union sein Champions League-Deb\u00fct feiert. Uli Hebel und sehr passenderweise Sami Khedira als Ex-Madrilene und Rani-Bruder kommentieren. Hier gibt&#8217;s wie beim Leipzig-Spiel einen 30-Minuten-Vorlauf. Beim RB-Gastspiel in der Schweiz melden sich Marco Hagemann und Seb Knei\u00dfl. Das ganze wird allerdings im Gegensatz zum Union-Spiel dann aus M\u00fcnchen erfolgen, von vor Ort meldet sich Ann-Sophie Kimmel. Auch am Dienstag gibt&#8217;s \u00fcbrigens noch einen zweiten Doppelkommentar. Der kommt mit Nico Seepe und Jonas Hummels \u00fcber das Geschehen im San Siro.<br>Die weiteren Einzelspiel- und Konferenzpl\u00e4tze besetzen sich recht intuitiv.<\/p>\n\n\n\n<p><strong>Ohne Zeigler und Riedle in die neue Saison, daf\u00fcr mit Rotation<\/strong><\/p>\n\n\n\n<p>Deutlich mehr Neues zu vermelden gibt&#8217;s bei der RTL-Gruppe. Weiterhin wird ein Spiel pro Woche donnerstags im Free-TV gezeigt. Weil der Vorlauf allerdings recht quotenschwach war, beginnt die \u00dcbertragung nun immer 25 Minuten sp\u00e4ter erst um 20:40 Uhr und Elton \u00fcbernimmt als Warm-Up. Auch einen Experten hat Laura Papendick an ihrer Seite. Weil Karl-Heinz Riedle aufh\u00f6rt, bleibt &#8222;nur&#8220; noch Lothar Matth\u00e4us dabei. Das Kommentatoren-Duo bleibt unver\u00e4ndert.<\/p>\n\n\n\n<p>Auch bei RTL+ \u00e4ndert sich etwas: Co-Moderator Arnd Zeigler wird bekanntlich nicht mehr mit von der Partie sein. Das hatte er ja selbst relativ vielsagend verk\u00fcndet. Einen Nachfolger gibt&#8217;s nicht &#8211; und auch Ansgar Brinkmann wird nicht mehr st\u00e4ndig als Experte auf der Couch bei Anna Kraft Platz nehmen, denn Patrick Helmes und Felix Kroos sind von nun an immer Teil der \u00dcbertragung und rotieren mit Ansgar Brinkmann die Rollen. Wer nicht Experte im Vorlauf, Halbzeit und Nachlauf ist, ist von nun an als Doppelkommentar im Einzelfeed zu h\u00f6ren. Vornehmlich an der Seite von Robby Hunke und Corni K\u00fcpper. Neu ist auch der Community-Host, analog zur NFL.<\/p>\n\n\n\n<p>Damit: Kommt gut durch die Woche und findet einen Bundestrainer!<\/p>\n","protected":false},"excerpt":{"rendered":"<p>N&#8217;Abend allerseits, Samstagabend, 20:15 Uhr, RTL \u00fcbertr\u00e4gt live aus der Lanxess Arena in K\u00f6ln. Verhaltener Applaus und ein paar vereinzelte &#8222;Deutschland, Deutschland&#8220;-Sprechch\u00f6re branden auf, als das Moderator:innen-Trio Florian K\u00f6nig, Kathrin M\u00fcller-Hohenstein und Joko Winterscheidt die Showtreppe herunterkommen und die neue Folge von &#8222;DSDNBDEWEEUIBFEIELWAZMDV\u00dcS&#8220; er\u00f6ffnen. &#8222;DSDNBDEWEEUIBFEIELWAZMDV\u00dcS&#8220; steht nat\u00fcrlich f\u00fcr &#8222;Deutschland sucht den neuen Bundestrainer, der endlich [&hellip;]<\/p>\n","protected":false},"author":12,"featured_media":0,"comment_status":"open","ping_status":"open","sticky":false,"template":"","format":"standard","meta":{"footnotes":""},"categories":[425],"tags":[],"class_list":["post-15617","post","type-post","status-publish","format-standard","hentry","category-champions-league-und-co"],"_links":{"self":[{"href":"https:\/\/kommentatorenblog.de\/index.php?rest_route=\/wp\/v2\/posts\/15617","targetHints":{"allow":["GET"]}}],"collection":[{"href":"https:\/\/kommentatorenblog.de\/index.php?rest_route=\/wp\/v2\/posts"}],"about":[{"href":"https:\/\/kommentatorenblog.de\/index.php?rest_route=\/wp\/v2\/types\/post"}],"author":[{"embeddable":true,"href":"https:\/\/kommentatorenblog.de\/index.php?rest_route=\/wp\/v2\/users\/12"}],"replies":[{"embeddable":true,"href":"https:\/\/kommentatorenblog.de\/index.php?rest_route=%2Fwp%2Fv2%2Fcomments&post=15617"}],"version-history":[{"count":7,"href":"https:\/\/kommentatorenblog.de\/index.php?rest_route=\/wp\/v2\/posts\/15617\/revisions"}],"predecessor-version":[{"id":15633,"href":"https:\/\/kommentatorenblog.de\/index.php?rest_route=\/wp\/v2\/posts\/15617\/revisions\/15633"}],"wp:attachment":[{"href":"https:\/\/kommentatorenblog.de\/index.php?rest_route=%2Fwp%2Fv2%2Fmedia&parent=15617"}],"wp:term":[{"taxonomy":"category","embeddable":true,"href":"https:\/\/kommentatorenblog.de\/index.php?rest_route=%2Fwp%2Fv2%2Fcategories&post=15617"},{"taxonomy":"post_tag","embeddable":true,"href":"https:\/\/kommentatorenblog.de\/index.php?rest_route=%2Fwp%2Fv2%2Ftags&post=15617"}],"curies":[{"name":"wp","href":"https:\/\/api.w.org\/{rel}","templated":true}]}}