{"id":1571,"date":"2020-02-27T18:38:33","date_gmt":"2020-02-27T18:38:33","guid":{"rendered":"http:\/\/kommentatorenblog.de\/?p=1571"},"modified":"2020-12-30T15:59:46","modified_gmt":"2020-12-30T15:59:46","slug":"1060-wind-virus-und-ein-paar-ausgewaehlte-kracher","status":"publish","type":"post","link":"https:\/\/kommentatorenblog.de\/?p=1571","title":{"rendered":"1060 &#8211; Wind, Virus und ein paar ausgew\u00e4hlte Kracher"},"content":{"rendered":"\n<p>N&#8217;Abend allerseits,<\/p>\n\n\n\n<p>sportlich hielt die Champions League unter der Woche einige \u00dcberraschungen f\u00fcr uns bereit. Eine davon hatten Wolff Fuss und Kai Dittmann parat, denn mit einem Ausw\u00e4rtssieg des deutschen Rekordmeisters beim FC Chelsea hatten die meisten wohl zumindest in der H\u00f6he nicht gerechnet. Und auch das Comeback von Manchester City am Mittwochabend bei Real konnte sich sehen lassen.<\/p>\n\n\n\n<p>Doch auch andere Themen, die vor allem au\u00dferhalb des Sports einst ihre Wurzeln schlugen, sind nun in den Spielst\u00e4tten angekommen. So bewirkt das n\u00e4chste Sturmtief, dass die Partie zwischen Salzburg und Eintracht Frankfurt j\u00fcngst um einen Tag nach vorne verschoben wurde. Damit bleiben dem Team von Adi H\u00fctter nur zwei Tage Regenerationszeit, ehe es in der Bundesliga am Sonntag gegen Bremen weitergeht.<\/p>\n\n\n\n<p>DAZN schiebt seine Ansetzungen problemlos einen Tag nach hinten. Dass das f\u00fcr den Streaming-Dienst kein Problem darstellt, liegt auf der Hand. RTL zieht nach und weicht auf seinen Tochtersender Nitro aus, f\u00fcr den sich das altbew\u00e4hrten Duo um Marco Hagemann und Steffen Freund am sp\u00e4ten Nachmittag melden wird. Die RTL-Zuschauer m\u00fcssen also &#8222;Unter Uns&#8220;, &#8222;Explosiv&#8220; und &#8222;Exclusiv&#8220; nicht missen.<\/p>\n\n\n\n<p><strong>Corona-Virus beeinflusst Spiele in Norditalien<\/strong><\/p>\n\n\n\n<p>Das zweite Top-Thema kommt wenig \u00fcberraschend. So hat sich das Corona-Virus in Norditalien breitgemacht oder zumindest folgenschwere Vorkehrungen losgetreten. Spiele in den betroffenen Regionen finden am Wochenende unter Ausschluss der \u00d6ffentlichkeit statt, um die weitere Verbreitung des Virus zu verhindern.<\/p>\n\n\n\n<p>Auch das Spitzenspiel zwischen Juventus und Inter am Sonntagabend ist betroffen. Carsten Fu\u00df wird es daher wohl erstmals klar bef\u00fcrworten, nicht aus dem Stadion zu kommentieren. Und wer zurecht meint, dass die Attraktivit\u00e4t des Spiels unter diesen Vorzeichen leiden k\u00f6nnte, der hat ohnehin mit dem Clasico in Spanien eine nicht allzu schlechte Alternative parat. Kommen wir also zu den Ansetzungen&#8230;<\/p>\n\n\n\n<p> <strong><em>Die Ansetzungen vom 28. Februar 2020 bis zum<\/em><\/strong>&nbsp;<strong><em>02. M\u00e4rz 2020<\/em><\/strong><\/p>\n\n\n\n<p><strong>Europa League, Sechzehntelfinale, R\u00fcckspiel (Nachholspiel): <\/strong><\/p>\n\n\n\n<p><span style=\"text-decoration: underline;\">Freitag, 28, Februar 2020, ab 17.30 (RTL Nitro) \/ 17.45 Uhr (DAZN)<\/span><\/p>\n\n\n\n<p><em><strong>FC Salzburg &#8211; Eintracht Frankfurt (18.00 Uhr)<\/strong><\/em><\/p>\n\n\n\n<p>Nitro: Marco Hagemann, Experte: Steffen Freund<\/p>\n\n\n\n<p>Moderation (Nitro): Florian K\u00f6nig, Experte: Roman Weidenfeller<\/p>\n\n\n\n<p>DAZN: Jan Platte, Experte: Jonas Hummels<\/p>\n\n\n\n<p>Moderation (DAZN): Christoph Stadtler, Field-Reporter: Daniel Herzog<\/p>\n\n\n\n<p><strong>Bundesliga, 24. Spieltag<\/strong><\/p>\n\n\n\n<p><span style=\"text-decoration: underline;\">Freitag, 28, Februar 2020, ab 20.15 Uhr (DAZN)<\/span><\/p>\n\n\n\n<p><strong><em>Fortuna D\u00fcsseldorf &#8211; Hertha BSC (20.30 Uhr) <\/em><\/strong><\/p>\n\n\n\n<p>DAZN: Uli Hebel, Experte: Ralph Gunesch<\/p>\n\n\n\n<p>Moderation (DAZN): Alex Schl\u00fcter, Field-Reporter: Sebastian Benesch<\/p>\n\n\n\n<p><span style=\"text-decoration: underline;\">Samstag, 29. Februar 2020, ab 14.00 Uhr (Sky)<\/span><\/p>\n\n\n\n<p><em><strong>TSG Hoffenheim &#8211; FC Bayern M\u00fcnchen (15.30 Uhr)<\/strong><\/em><\/p>\n\n\n\n<p>Sky: Kai Dittmann (Einzelspiel), Wolff Fuss (Konferenz)<\/p>\n\n\n\n<p>Field-Reporter: Michael Leopold<\/p>\n\n\n\n<p><strong><em>1.FSV Mainz 05 &#8211; SC Paderborn (15.30 Uhr)<\/em><\/strong><\/p>\n\n\n\n<p>Sky: Hansi K\u00fcpper (Einzelspiel), Michael Born (Konferenz)<\/p>\n\n\n\n<p>Field-Reporter: Ulli Potofski<\/p>\n\n\n\n<p><strong><em>Borussia Dortmund &#8211; SC Freiburg (15.30 Uhr)<\/em><\/strong><\/p>\n\n\n\n<p>Sky: Marcus Lindemann (Einzelspiel), Frank Buschmann (Konferenz) <\/p>\n\n\n\n<p>Field-Reporter: Ecki Heuser<\/p>\n\n\n\n<p><strong><em>FC Augsburg &#8211; Borussia M\u00f6nchengladbach (15.30 Uhr)<\/em><\/strong><\/p>\n\n\n\n<p>Sky: Jonas Friedrich (Einzelspiel), Tom Bayer (Konferenz) <\/p>\n\n\n\n<p>Field-Reporter: Yannick Erkenbrecher <\/p>\n\n\n\n<p>Moderation (Sky): Esther Sedlacek, Experte: Didi Hamann<\/p>\n\n\n\n<p><span style=\"text-decoration: underline;\">ab 17.30 Uhr (Sky)<\/span><\/p>\n\n\n\n<p><strong><em>1.FC K\u00f6ln &#8211; FC Schalke 04 (18.30 Uhr)<\/em><\/strong><\/p>\n\n\n\n<p>Sky: Martin Gro\u00df<\/p>\n\n\n\n<p class=\"has-text-color has-very-dark-gray-color\">Moderation (Sky): Sebastian Hellmann, Experte: Lothar Matth\u00e4us<\/p>\n\n\n\n<p>Field-Reporter: Patrick Wasserziehr<\/p>\n\n\n\n<p><span style=\"text-decoration: underline;\">Sonntag, 01. M\u00e4rz 2020, ab 13.00 Uhr (DAZN)<\/span><\/p>\n\n\n\n<p><strong><em>1.FC Union Berlin &#8211; VfL Wolfsburg (13.30 Uhr)<\/em><\/strong><\/p>\n\n\n\n<p>DAZN: Uli Hebel, Experte: Ralph Gunesch<\/p>\n\n\n\n<p>Moderation (DAZN): Lukas Sch\u00f6nm\u00fcller, Field-Reporter: Daniel Herzog<\/p>\n\n\n\n<p><span style=\"text-decoration: underline;\">ab 15.30 Uhr (Sky)<\/span><\/p>\n\n\n\n<p><strong><em>RB Leipzig &#8211; Bayer Leverkusen (15.30 Uhr)<\/em><\/strong><\/p>\n\n\n\n<p>Sky: Wolff Fuss<\/p>\n\n\n\n<p>Field-Reporterin: Nele Schenker<\/p>\n\n\n\n<p><span style=\"text-decoration: underline;\">ab 17.30 Uhr (Sky)<\/span><\/p>\n\n\n\n<p><strong><em>Werder Bremen &#8211; Eintracht Frankfurt (18.00 Uhr)<\/em><\/strong><\/p>\n\n\n\n<p>Sky: Michael Born<\/p>\n\n\n\n<p>Field-Reporter: Marcus Lindemann<\/p>\n\n\n\n<p>Moderation (Sky): Jessica Libbertz, Experte: Mladen Petric <\/p>\n\n\n\n<p><strong>2. Bundesliga, 24. Spieltag<\/strong><\/p>\n\n\n\n<p><span style=\"text-decoration: underline;\">Freitag, 28. Februar 2020, ab 18.00 Uhr (Sky)<\/span><\/p>\n\n\n\n<p><em><strong>Karlsruher SC &#8211; 1.FC N\u00fcrnberg (18.30 Uhr)<\/strong><\/em><\/p>\n\n\n\n<p>Sky: Karsten Petrzika<\/p>\n\n\n\n<p>Field-Reporter (Sky): Alexander Bonengel<\/p>\n\n\n\n<p><strong><em>Jahn Regensburg &#8211; Dynamo Dresden (18.30 Uhr)<\/em><\/strong><\/p>\n\n\n\n<p>Sky: Holger Pfandt<\/p>\n\n\n\n<p>Interviews: Schalte<\/p>\n\n\n\n<p>Moderation (Sky): Stefan Hempel<\/p>\n\n\n\n<p><span style=\"text-decoration: underline;\">Samstag, 29. Februar 2020, ab 12.30 Uhr (Sky)<\/span><\/p>\n\n\n\n<p><em><strong>Erzgebirge Aue &#8211; Hamburger SV (13.00 Uhr)<\/strong><\/em><\/p>\n\n\n\n<p>Sky: J\u00fcrgen Schmitz<\/p>\n\n\n\n<p>Field-Reporter: Jurek Rohrberg<\/p>\n\n\n\n<p><strong><em>SV Darmstadt 98 &#8211; 1.FC Heidenheim (13.00 Uhr)<\/em><\/strong><\/p>\n\n\n\n<p>Sky: Holger Pfandt<\/p>\n\n\n\n<p><strong><em>SpVgg Greuther F\u00fcrth &#8211; VfB Stuttgart (13.00 Uhr)<\/em><\/strong><\/p>\n\n\n\n<p>Sky: Klaus Veltman<\/p>\n\n\n\n<p>Interviews: Schalte<\/p>\n\n\n\n<p>Moderation (Sky): Peter Hardenacke<\/p>\n\n\n\n<p><span style=\"text-decoration: underline;\">Sonntag, 01. M\u00e4rz, ab 13.00 Uhr (Sky)<\/span><\/p>\n\n\n\n<p><strong><em>VfL Bochum &#8211; SV Sandhausen (13.30 Uhr)<\/em><\/strong><\/p>\n\n\n\n<p>Sky: Sven Haist<\/p>\n\n\n\n<p><strong><em>FC St. Pauli &#8211; VfL Osnabr\u00fcck (13.30 Uhr)<\/em><\/strong><\/p>\n\n\n\n<p>Sky: Torsten Kunde<\/p>\n\n\n\n<p>Interviews: Schalte<\/p>\n\n\n\n<p><em><strong>Arminia Bielefeld &#8211; SV Wehen Wiesbaden (13.30 Uhr)<\/strong><\/em><\/p>\n\n\n\n<p>Sky: Klaus Veltman<\/p>\n\n\n\n<p>Field-Reporter: Dirk gro\u00dfe Schlarmann<\/p>\n\n\n\n<p>Moderation (Sky): Hartmut von Kameke<\/p>\n\n\n\n<p><span style=\"text-decoration: underline;\">Montag, 02. M\u00e4rz, ab 20.00 Uhr (Sky)<\/span><\/p>\n\n\n\n<p><strong><em>Hannover 96 &#8211; Holstein Kiel (20.30 Uhr<\/em><\/strong>)<\/p>\n\n\n\n<p>Sky: Hansi K\u00fcpper<\/p>\n\n\n\n<p>Field-Reporter: Marcus J\u00fcrgensen<\/p>\n\n\n\n<p>Moderation (Sky): Yannick Erkenbrecher<\/p>\n\n\n\n<p><span style=\"text-decoration: underline;\">3. Liga, 26. Spieltag<\/span><\/p>\n\n\n\n<p>Freitag, 28. Februar 2020, ab 19.00 Uhr (Magenta Sport) <\/p>\n\n\n\n<p><strong><em>SpVgg Unterhaching &#8211; FC Bayern M\u00fcnchen II (19.00 Uhr)<\/em><\/strong><\/p>\n\n\n\n<p>Magenta Sport: Franz B\u00fcchner<\/p>\n\n\n\n<p>Moderation (Magenta Sport): Sascha Bandermann, Experte: Martin Lanig<\/p>\n\n\n\n<p><span style=\"text-decoration: underline;\">Samstag, 29. Februar 2020, ab 13.45 Uhr (Magenta Sport)<\/span><\/p>\n\n\n\n<p><strong><em>Konferenz (14.00 Uhr)<\/em><\/strong><\/p>\n\n\n\n<p>Magenta Sport: Alex Kunz, Martin Piller<\/p>\n\n\n\n<p><strong><em>1.FC Magdeburg &#8211; FC Carl Zeiss Jena (14.00 Uhr)<\/em><\/strong><\/p>\n\n\n\n<p>Magenta Sport: Lenny Leonhardt<\/p>\n\n\n\n<p>Moderation (Magenta Sport): Cedric Pick<\/p>\n\n\n\n<p><strong><em>Eintracht Braunschweig &#8211; KFC Uerdingen (14.00 Uhr)<\/em><\/strong><\/p>\n\n\n\n<p>Magenta Sport: Gari Paubandt<\/p>\n\n\n\n<p>Moderation (Magenta Sport): Kamila Benschop<\/p>\n\n\n\n<p>NDR: Matthias Cammann<\/p>\n\n\n\n<p>Moderation (NDR): Ben Wozny<\/p>\n\n\n\n<p><strong><em>FSV Zwickau &#8211; FC W\u00fcrzburger Kickers (14.00 Uhr)<\/em><\/strong><\/p>\n\n\n\n<p>Magenta Sport: Andreas Mann<\/p>\n\n\n\n<p>Moderation (Magenta Sport): Benni Zander<\/p>\n\n\n\n<p><strong><em>SG Sonnenhof Gro\u00dfaspach &#8211; Hallescher FC (14.00 Uhr)<\/em><\/strong><\/p>\n\n\n\n<p>Magenta Sport: Oskar Heirler<\/p>\n\n\n\n<p>Moderation (Magenta Sport): Simon K\u00f6pfer<\/p>\n\n\n\n<p>MDR: Stephan Weidling, Experte: Lutz Lindemann<\/p>\n\n\n\n<p>Moderation (MDR): Ren\u00e9 Kindermann <\/p>\n\n\n\n<p><em><strong>SV Waldhof Mannheim &#8211; 1.FC Kaiserslautern (14.00 Uhr)<\/strong><\/em><\/p>\n\n\n\n<p>Magenta Sport: Alex Klich<\/p>\n\n\n\n<p>Moderation (Magenta Sport): Thomas Wagner<\/p>\n\n\n\n<p>SWR: Martin Maib\u00fccher<\/p>\n\n\n\n<p>Moderation (SWR): Lennert Brinkhoff<\/p>\n\n\n\n<p><strong><em>1860 M\u00fcnchen &#8211; Chemnitzer FC (14.00 Uhr)<\/em><\/strong><\/p>\n\n\n\n<p>Magenta Sport: Franz B\u00fcchner<\/p>\n\n\n\n<p>Moderation (Magenta Sport): Sascha Bandermann<\/p>\n\n\n\n<p><span style=\"text-decoration: underline;\">Sonntag, 01. M\u00e4rz, ab 12.45 Uhr (Magenta Sport)<\/span><\/p>\n\n\n\n<p><strong><em>FC Ingolstadt &#8211; FC Viktoria K\u00f6ln (14.00 Uhr)<\/em><\/strong><\/p>\n\n\n\n<p>Magenta Sport: Martin Piller<\/p>\n\n\n\n<p>Moderation (Magenta Sport): Kevin Gerwin<\/p>\n\n\n\n<p><strong><em>SV Meppen &#8211; MSV Duisburg (14.00 Uhr)<\/em><\/strong><\/p>\n\n\n\n<p>Magenta Sport: Christian Stra\u00dfburger<\/p>\n\n\n\n<p>Moderation (Magenta Sport): Thomas Wagner<\/p>\n\n\n\n<p><span style=\"text-decoration: underline;\">Montag, 02. M\u00e4rz 2020 ab 18.45 Uhr (Magenta Sport)<\/span><\/p>\n\n\n\n<p><strong><em>Preu\u00dfen M\u00fcnster &#8211; Hansa Rostock (19.00 Uhr)<\/em><\/strong><\/p>\n\n\n\n<p>Magenta Sport: Christian Stra\u00dfburger<\/p>\n\n\n\n<p>Moderation (Magenta Sport): Stefan Fuckert<\/p>\n\n\n\n<p><strong>Premier League, 28. Spieltag<\/strong><\/p>\n\n\n\n<p><span style=\"text-decoration: underline;\">Freitag, 28. Februar 2020 ab 20.50 Uhr (Sky)<\/span><\/p>\n\n\n\n<p><strong><em>Norwich City &#8211; Leicester City (21.00 Uhr)<\/em><\/strong><\/p>\n\n\n\n<p>Sky: Joachim Hebel<\/p>\n\n\n\n<p><span style=\"text-decoration: underline;\">Samstag, 29. Februar 2020, ab 13.20 Uhr (Sky)<\/span><\/p>\n\n\n\n<p><strong><em>Brighton &amp; Hove Albion &#8211; Crystal Palace (13.30 Uhr)<\/em><\/strong><\/p>\n\n\n\n<p>Sky: Hannes Hermann<\/p>\n\n\n\n<p><span style=\"text-decoration: underline;\">ab 15.50 Uhr (Sky)<\/span><\/p>\n\n\n\n<p><strong><em>AFC Bournemouth &#8211; FC Chelsea (16.00 Uhr)<\/em><\/strong><\/p>\n\n\n\n<p>Sky: Markus Gaupp<\/p>\n\n\n\n<p><span style=\"text-decoration: underline;\">ab 18.20 Uhr (Sky)<\/span><\/p>\n\n\n\n<p><strong><em>FC Watford &#8211; FC Liverpool (18.30 Uhr)<\/em><\/strong><\/p>\n\n\n\n<p>Sky: Toni Tomic<\/p>\n\n\n\n<p><span style=\"text-decoration: underline;\">Sonntag, 01. M\u00e4rz 2020, ab 14.50 Uhr (Sky)<\/span><\/p>\n\n\n\n<p><strong><em>FC Everton &#8211; Manchester United (15.00 Uhr)<\/em><\/strong><\/p>\n\n\n\n<p>Sky: Florian Schmidt-Sommerfeld, Experte: Ren\u00e9 Adler<\/p>\n\n\n\n<p><strong>Fu\u00dfball International<\/strong><\/p>\n\n\n\n<p><span style=\"text-decoration: underline;\">Freitag, 28, Februar 2020<\/span><\/p>\n\n\n\n<p>Hyundai A-League, 18. Spieltag:  <em><strong>Sydney FC &#8211; Western Sydney Wanderers (10.06 Uhr)<\/strong><\/em><\/p>\n\n\n\n<p>sportdigital FUSSBALL: J\u00f6rg Steiger<\/p>\n\n\n\n<p>Ekstraklasa, 24. Spieltag:  <em><strong>Jagiellonia Bialystok &#8211; Lech Posen (20.30 Uhr)<\/strong><\/em><\/p>\n\n\n\n<p>sportdigital FUSSBALL: Marcus Radefeld<\/p>\n\n\n\n<p>Ligue 1, 27. Spieltag: <em><strong>Nimes &#8211; Marseille (20.45 Uhr)<\/strong><\/em><\/p>\n\n\n\n<p>DAZN: Martin Sedlacek<\/p>\n\n\n\n<p><span style=\"text-decoration: underline;\">Samstag, 29. Februar 2020<\/span><\/p>\n\n\n\n<p>Hyundai A-League, 21. Spieltag:  <strong><em>Melbourne Victory &#8211; Adelaide United (09.36 Uhr)<\/em><\/strong><\/p>\n\n\n\n<p>sportdigital FUSSBALL: J\u00f6rg Steiger<\/p>\n\n\n\n<p> Sky Bet Championship, 36. Spieltag:  <strong><em>Hull City &#8211; Leeds United (13.30 Uhr)<\/em><\/strong><\/p>\n\n\n\n<p>sportdigital FUSSBALL: Marcus Radefeld<\/p>\n\n\n\n<p>Serie A, 26. Spieltag: <strong><em>Lazio Rom &#8211; FC Bologna (15.00 Uhr<\/em><\/strong>)<\/p>\n\n\n\n<p>DAZN: Flo Hauser<\/p>\n\n\n\n<p>La Liga, 26. Spieltag: <strong><em>FC Valencia &#8211; Betis Sevilla (16.00 Uhr)<\/em><\/strong><\/p>\n\n\n\n<p>DAZN: Uwe Morawe<\/p>\n\n\n\n<p>Sky Bet Championship, 36. Spieltag:  <strong><em>FC Fulham &#8211; Preston North End (16.00 Uhr)<\/em><\/strong><\/p>\n\n\n\n<p>sportdigital FUSSBALL: Florian Obst<\/p>\n\n\n\n<p>Ligue 1, 27. Spieltag: <strong><em>PSG &#8211; FC Dijon (17.30)<\/em><\/strong><\/p>\n\n\n\n<p>DAZN: Stefan Galler, Experte: Alexis Menuge<\/p>\n\n\n\n<p>Serie A, 26. Spieltag: <strong><em>SSC Neapel &#8211; FC Turin (20.45 Uhr)<\/em><\/strong><\/p>\n\n\n\n<p>DAZN: Daniel G\u00fcnther<\/p>\n\n\n\n<p>Superliga Argentina, 22. Spieltag:  <em><strong>CA River Plate &#8211; Defensa y Justicia (23.40 Uhr)<\/strong><\/em><\/p>\n\n\n\n<p>sportdigital FUSSBALL: Christian Blunck<\/p>\n\n\n\n<p><span style=\"text-decoration: underline;\">Sonntag, 01. M\u00e4rz 2020<\/span><\/p>\n\n\n\n<p>Serie A, 26. Spieltag: <strong><em>AC Mailand &#8211; CFC Genua (12.30 Uhr)<\/em><\/strong><\/p>\n\n\n\n<p>DAZN: Nico Seepe<\/p>\n\n\n\n<p>Eredivisie, 25. Spieltag:  <em><strong>PSV Eindhoven &#8211; Feyenoord Rotterdam (14.30 Uhr)<\/strong><\/em><\/p>\n\n\n\n<p>sportdigital FUSSBALL: J\u00f6rg Steiger<\/p>\n\n\n\n<p>La Liga, 26. Spieltag: <strong><em>Espanyol Barcelona &#8211; Atl\u00e9tico Madrid (16.00 Uhr)<\/em><\/strong><\/p>\n\n\n\n<p>DAZN: Guido H\u00fcsgen<\/p>\n\n\n\n<p>Carabao Cup, Finale: <strong><em>Aston Villa &#8211; Manchester City (17.30 Uhr)<\/em><\/strong><\/p>\n\n\n\n<p>DAZN: Marco Hagemann, Experte: Sebastian Knei\u00dfl<\/p>\n\n\n\n<p>Moderation (DAZN): Alex Schl\u00fcter<\/p>\n\n\n\n<p>Ekstraklasa, 24. Spieltag:  <strong><em>Zaglebie Lubin &#8211; Slask Wroclaw (17.30 Uhr)<\/em><\/strong><\/p>\n\n\n\n<p>sportdigital FUSSBALL: Christian Blunck<\/p>\n\n\n\n<p>Serie A, 26. Spieltag: <strong><em>Cagliari &#8211; AS Rom (18.00 Uhr)<\/em><\/strong><\/p>\n\n\n\n<p>DAZN: Matthias Naebers<\/p>\n\n\n\n<p>Eredivisie, 25. Spieltag:  <em><strong>Ajax Amsterdam &#8211; AZ Alkmaar (20.00 Uhr)<\/strong><\/em><\/p>\n\n\n\n<p>sportdigital FUSSBALL: Karsten Linke<\/p>\n\n\n\n<p>Serie A, 26. Spieltag: <strong><em>Juventus Turin &#8211; Inter Mailand (20.45 Uhr)<\/em><\/strong><\/p>\n\n\n\n<p>DAZN: Carsten Fu\u00df, Experte: Christian Bernhard<\/p>\n\n\n\n<p>Moderation (DAZN): Christoph Stadtler <\/p>\n\n\n\n<p>La Liga, 26. Spieltag: <strong><em>Real Madrid &#8211; FC Barcelona (21.00 Uhr)<\/em><\/strong><\/p>\n\n\n\n<p>DAZN: Jan Platte, Experte: Jonas Hummels<\/p>\n\n\n\n<p>Moderator (DAZN): Tobi Wahnschaffe<\/p>\n\n\n\n<p>Ligue 1, 27. Spieltag: <strong><em>Olympique Lyon &#8211; AS St. Etienne (21.00 Uhr)<\/em><\/strong><\/p>\n\n\n\n<p>DAZN: Flo Eckl<\/p>\n\n\n\n<p>MLS, 1. Spieltag: <em><strong>Los Angeles FC &#8211; Inter Miami (23.38 Uhr)<\/strong><\/em><\/p>\n\n\n\n<p>DAZN: Flo Hauser<\/p>\n\n\n\n<p>sportdigital FUSSBALL: Christian Blunck<\/p>\n\n\n\n<p><span style=\"text-decoration: underline;\">Montag, 02. M\u00e4rz 2020<\/span><\/p>\n\n\n\n<p>Liga NOS, 23. Spieltag:  <em><strong>CD Santa Clara &#8211; FC Porto (20.30 Uhr)<\/strong><\/em><\/p>\n\n\n\n<p>sportdigital FUSSBALL: Karsten Linke<\/p>\n\n\n\n<p>FA Cup, Sechzehntelfinale: <strong><em>Portsmouth &#8211; Arsenal (20.45 Uhr)<\/em><\/strong><\/p>\n\n\n\n<p>DAZN: Tino Polster, Experte: Benny Lauth<\/p>\n\n\n\n<p>Liga NOS, 23. Spieltag:  <em><strong>Benfica Lissabon &#8211; Moreirense FC (21.45 Uhr)<\/strong><\/em><\/p>\n\n\n\n<p>sportdigital FUSSBALL: J\u00f6rg Steiger<\/p>\n\n\n\n<p><strong>Die Analyse<\/strong><\/p>\n\n\n\n<p>Den Freitag beherrscht DAZN, erst mit dem unerwarteten Nachholspiel der Frankfurter, wobei Daniel Herzog mit in den S\u00fcden reist. Sp\u00e4ter am Abend l\u00e4uten Uli Hebel, Ralph Gunesch, Alex Schl\u00fcter und Sebastian Benesch in den 24. Spieltag der Fu\u00dfball-Bundesliga ein. Das Duo Hebel und Gunesch gibt es am Sonntag \u00fcbrigens gleich noch einmal zu h\u00f6ren, wenn Union Berlin und der VfL Wolfsburg aufeinandertreffen. Wenig \u00fcbberraschend: Der Kommentar kommt aus der Box.<\/p>\n\n\n\n<p>Bei Sky genie\u00dft Wolff Fuss am Samstag bei seinem Konferenz-Einsatz Hoffenheim &#8211; Bayern  eine kleine Einzelspiel-Pause, ehe er schon am Sonntag wieder das Spitzenspiel zwischen Leipzig und Leverkusen kommentiert.  F\u00fcr das S\u00fcd-Duell &#8222;tauscht&#8220; er quasi mit Kai Dittmann, der in der Champions Legaue noch in der Konferenz zu h\u00f6ren war und diesmal in Sinsheim sitzt. <\/p>\n\n\n\n<p>Roland Evers meldet sich aus Mainz, Marcus Lindemann kommentiert den BVB und Jonas Friedrich reist nach Augsburg. Dort gibt es im \u00dcbrigen eine mittelschwere Besonderheit abseits der Kommentatorenkabine. Nachdem der wiedergenesene Yannick Erkenbrecher ja schon vor einem Monat sein Comeback bei Sky feierte, ist er in der Bundesliga nun erstmals wieder als Field-Reporter im Einsatz.<\/p>\n\n\n\n<p><strong>Derby-Time in Liga drei &#8211; Internationaler Fu\u00dfball begeistert<\/strong><\/p>\n\n\n\n<p>In der 3. Liga gibt es die Magenta-Reporter Franz B\u00fcchner und Sascha Bandermann gleich zweimal im Doppelpack. Die beiden haben jeweils keinen langen Weg vor sich, wenn es am Freitagabend zum Bayern-Derby zwischen Unterhaching und M\u00fcnchens Reserve kommt und am Samstag 1860 den Chemnitzer FC empf\u00e4ngt.<\/p>\n\n\n\n<p>Apropos Derby: In der Pfalz treffen Mannheim und Lautern aufeinander. Die Fans im ausverkauften Carl-Benz-Stadion d\u00fcrfen sich auf einen Kracher freuen, den es dort schon lange nicht mehr gegeben hat. Alex Klich und  Martin Maib\u00fccher d\u00fcrften ebenfalls voller Vorfreude stecken, denn die sitzen f\u00fcr Magenta Sport und den SWR am Mikro. Unser einstiger <a href=\"http:\/\/kommentatorenblog.de\/?p=782\">Interview-Gast<\/a> Christian Stra\u00dfburger verzeichnet an diesem Wochenende ebenfalls zwei Eins\u00e4tze an Orten, die nicht weit voneinander entfernt liegen. Er meldet sich aus Meppen und M\u00fcnster.<\/p>\n\n\n\n<p>Im internationalen Fu\u00dfball ragen, wie bereits oben erw\u00e4hnt, zwei Kracher hervor. Italien-Experte Carsten Fu\u00df untermalt am Sonntagabend (20.45 Uhr) das Geisterspiel zwischen Juve und Inter. DAZNs Chef-Kommentator kommentiert nat\u00fcrlich das Clasico, das nur eine Viertelstunde sp\u00e4ter angesto\u00dfen wird. An seiner Seite ist Jonas Hummels, wie schon am Freitag Abend in der Europa League.<\/p>\n\n\n\n<p>In diesem Sinne, euch eine sch\u00f6ne Woche!<\/p>\n","protected":false},"excerpt":{"rendered":"<p>N&#8217;Abend allerseits, sportlich hielt die Champions League unter der Woche einige \u00dcberraschungen f\u00fcr uns bereit. Eine davon hatten Wolff Fuss und Kai Dittmann parat, denn mit einem Ausw\u00e4rtssieg des deutschen Rekordmeisters beim FC Chelsea hatten die meisten wohl zumindest in der H\u00f6he nicht gerechnet. Und auch das Comeback von Manchester City am Mittwochabend bei Real [&hellip;]<\/p>\n","protected":false},"author":2,"featured_media":0,"comment_status":"open","ping_status":"open","sticky":false,"template":"","format":"standard","meta":{"footnotes":""},"categories":[424],"tags":[10,34,49,60,131,35,13,42,148,61,120,48,69,169,93,9,43,112,270,108,45,269,268,12,189,22,151,105,107,196],"class_list":["post-1571","post","type-post","status-publish","format-standard","hentry","category-bundesliga-und-co","tag-3-liga","tag-alex-klich","tag-alex-schlueter","tag-bundesliga","tag-carsten-fuss","tag-christian-strassburger","tag-dazn","tag-europa-league","tag-florian-koenig","tag-frank-buschmann","tag-franz-buechner","tag-jan-platte","tag-jonas-friedrich","tag-jonas-hummels","tag-kai-dittmann","tag-magenta-sport","tag-marco-hagemann","tag-marcus-lindemann","tag-martin-maibuecher","tag-ralph-gunesch","tag-roland-evers","tag-roman-weidenfeller","tag-rtl-nitro","tag-sascha-bandermann","tag-sebastian-benesch","tag-sky","tag-steffen-freund","tag-uli-hebel","tag-wolff-fuss","tag-yannick-erkenbrecher"],"_links":{"self":[{"href":"https:\/\/kommentatorenblog.de\/index.php?rest_route=\/wp\/v2\/posts\/1571","targetHints":{"allow":["GET"]}}],"collection":[{"href":"https:\/\/kommentatorenblog.de\/index.php?rest_route=\/wp\/v2\/posts"}],"about":[{"href":"https:\/\/kommentatorenblog.de\/index.php?rest_route=\/wp\/v2\/types\/post"}],"author":[{"embeddable":true,"href":"https:\/\/kommentatorenblog.de\/index.php?rest_route=\/wp\/v2\/users\/2"}],"replies":[{"embeddable":true,"href":"https:\/\/kommentatorenblog.de\/index.php?rest_route=%2Fwp%2Fv2%2Fcomments&post=1571"}],"version-history":[{"count":35,"href":"https:\/\/kommentatorenblog.de\/index.php?rest_route=\/wp\/v2\/posts\/1571\/revisions"}],"predecessor-version":[{"id":1677,"href":"https:\/\/kommentatorenblog.de\/index.php?rest_route=\/wp\/v2\/posts\/1571\/revisions\/1677"}],"wp:attachment":[{"href":"https:\/\/kommentatorenblog.de\/index.php?rest_route=%2Fwp%2Fv2%2Fmedia&parent=1571"}],"wp:term":[{"taxonomy":"category","embeddable":true,"href":"https:\/\/kommentatorenblog.de\/index.php?rest_route=%2Fwp%2Fv2%2Fcategories&post=1571"},{"taxonomy":"post_tag","embeddable":true,"href":"https:\/\/kommentatorenblog.de\/index.php?rest_route=%2Fwp%2Fv2%2Ftags&post=1571"}],"curies":[{"name":"wp","href":"https:\/\/api.w.org\/{rel}","templated":true}]}}