{"id":15742,"date":"2023-10-19T13:01:00","date_gmt":"2023-10-19T11:01:00","guid":{"rendered":"http:\/\/kommentatorenblog.de\/?p=15742"},"modified":"2023-10-21T14:43:20","modified_gmt":"2023-10-21T12:43:20","slug":"1372-und-zack-steht-megan-rapinoe-vor-mir-interview-mit-franzi-muellers-teil-2","status":"publish","type":"post","link":"https:\/\/kommentatorenblog.de\/?p=15742","title":{"rendered":"1372 &#8211; &#8222;Und zack, steht Megan Rapinoe vor mir&#8220; &#8211; Interview mit Franzi M\u00fcllers (Teil 2)"},"content":{"rendered":"\n<div class=\"wp-block-media-text alignwide has-media-on-the-right is-stacked-on-mobile is-image-fill\"><figure class=\"wp-block-media-text__media\" style=\"background-image:url(http:\/\/kommentatorenblog.de\/wp-content\/uploads\/2023\/10\/Franzi-Muellers-e1697398851453.jpg);background-position:47% 32%\"><img decoding=\"async\" src=\"http:\/\/kommentatorenblog.de\/wp-content\/uploads\/2023\/10\/Franzi-Muellers-e1697398851453.jpg\" alt=\"\" class=\"wp-image-15775 size-full\"\/><\/figure><div class=\"wp-block-media-text__content\">\n<p><em>N&#8217;Abend allerseits,<\/em><br><i>in diesem Beitrag gibt es f\u00fcr euch Teil 2 unseres exklusiven Interviews mit ZDF-Reporterin <\/i><strong style=\"\"><i>Franzi M\u00fcllers <\/i><\/strong><em>(Foto: Matthias Dersch). <a rel=\"noreferrer noopener\" href=\"https:\/\/kommentatorenblog.de\/?p=15773\" data-type=\"post\" data-id=\"15773\" target=\"_blank\">Nachdem wir im ersten Teil am Montag einiges \u00fcber ihren Werdegang und die Sport-Gro\u00dfereignisse, die sie begleiten durfte, erfahren konnten,<\/a><\/em><i> <\/i><em>geht es heute unter anderem um ihren Alltag beim ZDF als Fieldreporterin und bei Social Media. Au\u00dferdem habe ich Franzi nochmal nach denkw\u00fcrdigen Momenten in der Vor-Ort-Berichterstattung gefragt:<\/em><\/p>\n<\/div><\/div>\n\n\n\n<p><strong>Kommentatorenblog: Franzi, bei den Gro\u00dfereignissen nimmst du ja auch relativ viel die Stimmung von vor Ort auf und gibst sie nach Deutschland wieder. Im Grunde relativ parallel zu deiner Zeit in den USA. Was sind alles \u00fcbergreifend die Momente und Gespr\u00e4che, die dir dabei in Erinnerung geblieben sind?&nbsp;<\/strong><\/p>\n\n\n\n<p><strong>Franzi M\u00fcllers: <\/strong>Kurz vor der US-Wahl war ich in Tampa, um dort im Swing State Florida die Stimmung in beiden Lagern, also bei den Demokraten und den Republikanern, einzufangen. F\u00fcr die republikanische Seite war ich in einem Caf\u00e9 &#8222;in the middle of nowhere&#8220;. Aber es war ein Trump-Caf\u00e9, voller Trump-Fanartikel, mit einem nachgebauten Oval Office. Das ganze Caf\u00e9 voller Trump-Fans, das war wirklich absurd. Vor allem, wenn man sich sowas in Deutschland vorstellen w\u00fcrde. Mein Kamerateam und ich waren die Einzigen, die eine Maske trugen. Es war Herbst 2020. Die Leute sprachen uns immer wieder darauf an, dass Corona nur ein \u201cHoax\u201d, also ein gro\u00dfer Witz, w\u00e4re. Da die journalistische Neutralit\u00e4t zu wahren, war schon sehr pr\u00e4gend.&nbsp;<\/p>\n\n\n\n<p>Und dann gab es noch ein zweites absurdes Ereignis. Am Tag, an dem Joe Biden zum Pr\u00e4sidenten erkl\u00e4rt worden ist \u2026<\/p>\n\n\n\n<p><strong>\u2026da m\u00fcsstest du dann in Pennsylvania gewesen sein?<\/strong><\/p>\n\n\n\n<p>Genau, da war ich in Philadelphia. Ich bin direkt nach dem Wahltag gemeinsam mit einer Kollegin hingefahren, weil relativ schnell klar war, dass Pennsylvania als Swing State entscheidend sein wird. Und an dem besagten Morgen, am 7. November 2020, twitterte Trump <em>\u201cPressekonferenz im Four Seasons um 11 Uhr\u201d<\/em>. Die Kollegin und ich riefen uns direkt ein Uber und machten uns auf den Weg zum Four Seasons Hotel der bekannten Hotelkette in Philadelphia. Noch im Uber kam dann aber ein neuer Trump-Tweet mit Korrektur der Location: \u201c<em>Four Seasons Total Landscaping<\/em>\u201d. Okay, wir haben das fix gegoogelt und gedacht: Das kann eigentlich nicht sein. Ein Gartenshop, bestehend aus einem Bungalow und einem Hinterhof mitten in einem Industriegebiet im Norden Philadelphias. Eine Gegend, die nicht ungef\u00e4hrlich ist.<\/p>\n\n\n\n<p><em>(Anm.: an dieser Stelle klinkt sich von unserem Nachbartisch in einem Caf\u00e9 am M\u00fcnchner G\u00e4rtnerplatz pl\u00f6tzlich ein Amerikaner ein mit den Worten: \u201cI know what you\u2019re talking about and I\u2019m so embarrassed to be American.\u201d)<\/em><\/p>\n\n\n\n<p>In der Zwischenzeit l\u00f6schte Trump beide Tweets wieder und verschob die PK um eine halbe Stunde, weil da wohl offensichtlich etwas nicht so gelaufen war wie geplant. Ich glaube ja, da wollte ihm ein Mitarbeiter oder Praktikant eins auswischen und hat einfach extra ein anderes \u201cFour Seasons\u201d gebucht. <em>(lacht)<\/em><\/p>\n\n\n\n<p>Jedenfalls fuhren wir dorthin und waren die Zweiten \u00fcberhaupt vor Ort, nur ein AP-Fotograf war schon da. Er guckte auch nur fragend: \u201cSind wir hier richtig?!\u201d. An dem kleinen Bungalow gab es genau eine T\u00fcr mit einem ausgedruckten Zettel: \u201cPress Check-In\u201d. Wir meldeten uns an und es wurde immer voller und voller. Dann wurden wir auf eine Art Hinterhof\/Schrottplatz gef\u00fchrt &#8211; mit einem Garagentor, auf dem ganz viele Trump-Aufkleber prangten, und zwei Lautsprechern, die nicht richtig funktionierten.&nbsp;Trump-Anwalt Rudy Giuliani kam und hielt seine Pressekonferenz, in der er schon von Wahlbetrug sprach. <br>Und w\u00e4hrend dieser PK auf einem Hinterhof im Norden Philadelphias gab es dann den Call: \u201cBiden ist Pr\u00e4sident\u201d. Das war ein krasser G\u00e4nsehautmoment und nat\u00fcrlich absolut absurd, da gerade zu stehen.<\/p>\n\n\n\n<p><strong>Und beim Sport?<\/strong><\/p>\n\n\n\n<p>Da gibt\u2019s sehr viele pr\u00e4gende Erlebnisse! Unter anderem damals vor Ort in Tokio mein allererstes Live-Interview f\u00fcrs ZDF mit Sideris Tasiadis, dem Bronzemedaillen-Gewinner im Einer-Canadier beim Kanu-Slalom. Die Situation war f\u00fcr mich einfach \u00fcberw\u00e4ltigend &#8211; ich war gerade erst drei Monate in der Sportredaktion. Einfach ein grandioses Gef\u00fchl. Und auch er konnte sein Gl\u00fccksgef\u00fchl \u00fcber die Medaille nicht so richtig in Worte fassen.<\/p>\n\n\n\n<p>Dann war ich im Mai 2022 mit der Fu\u00dfball-Nationalmannschaft der M\u00e4nner im Trainingslager in Marbella. An einem Tag waren mein Kamerateam und ich sehr fr\u00fch unterwegs und die Ersten am Trainingsplatz. Da ergab sich ein sehr cooles und lockeres Gespr\u00e4ch mit Hansi Flick bei einem Kaffee bzw. einer Cola. Es war einfach spannend, seine Gedanken mal off-cam zu h\u00f6ren. Als dann die Kollegen eintrudelten, verschwand Flick dann wieder Richtung Kabine.&nbsp;<\/p>\n\n\n\n<p><strong>Wahrscheinlich bist du die erste Nicht-Kommentatorin bei uns im Interview, somit die erste reine Field-Reporterin. Deshalb jetzt mal ein Sprung zum Alltagsgesch\u00e4ft. Nimm uns mal mit, wie dein Job als Fieldreporterin ist. Gerade nach dem Spiel. Es ist ja nicht immer ganz klar, wer da jetzt zum Interview kommt.<\/strong><\/p>\n\n\n\n<p>Im Vorhinein lese ich nat\u00fcrlich sehr, sehr viel. Sowieso immer \u00fcber die Woche verteilt, weil es einfach zum Job dazu geh\u00f6rt. Aber im Vorfeld eines Spiels dann nat\u00fcrlich nochmal besonders spezifisch.<br>Vor Ort kannst du meist vor dem Spiel gar nichts entscheiden. Hei\u00dft, ich schaue das Spiel an und habe dabei dann sehr gerne auch den Live-Kommentator des Spiels auf dem Ohr. Bei den Samstagabend-Spielen h\u00f6re ich also da wo es m\u00f6glich ist Wolff Fuss.<br>Zwischendurch mache ich mir immer wieder Notizen zu Szenen und Besonderheiten. So in Richtung 75. Minute stimme ich mich beim Bundesliga-Topspiel mit meinem Sendungsleiter ab &#8211; bzw. bei Gro\u00dfevents mache ich das alleine &#8211; und schreibe dann dem Pressesprecher oder der -sprecherin der Vereine bzw. im Falle einer WM der FIFA.<\/p>\n\n\n\n<p><strong>Aber was, wenn du in der 75. Minute deine Auswahl abgeschickt hast und dann noch jemand das entscheidende Tor in der 87. Minute schie\u00dft?<\/strong><\/p>\n\n\n\n<p>Dann kann ich auch noch mal switchen. In der 75. bis 80. Minute gebe ich meine erste Auswahl durch. Sollte sich noch etwas \u00e4ndern, ist das meist auch kein Problem.&nbsp;<\/p>\n\n\n\n<p><strong>Wo klappt das dann leichter, die Wunschpartner f\u00fcrs Interview zu bekommen? In der Bundesliga oder bei der Frauen-WM?<\/strong><\/p>\n\n\n\n<p>Also es gibt die Bundesligisten und die Bundesligisten &#8211; ich nenne jetzt keine Namen &#8211; und es funktioniert mal besser und mal schlechter. So zwei, drei Mal habe ich es schon geschafft, einen Spieler im Vorbeigehen spontan zu fragen, ob wir noch kurz sprechen k\u00f6nnen. Und wenn der Spieler dann &#8222;Ja&#8220; sagt, kann der Pressesprecher meistens auch nichts dagegen machen. <em>(lacht)<\/em><\/p>\n\n\n\n<p>Aber bei der Frauen-WM ist es einfacher, definitiv. Da kann man Weltstars wie Megan Rapinoe anfragen. Habe ich nat\u00fcrlich auch gemacht und zack, steht sie vor mir. Das w\u00fcrde bei den M\u00e4nnern so nie passieren, w\u00fcrde ich behaupten. Da bekommst du die gro\u00dfen Spieler nur, wenn du der Sender des jeweiligen Landes bist &#8211; und selbst dann kann es schwierig sein. Lionel Messi h\u00e4tte wahrscheinlich gesagt: \u201cIst das jetzt dein Ernst?\u201d, wenn er \u00fcberhaupt was gesagt h\u00e4tte. <em>(lacht)<\/em><\/p>\n\n\n\n<p>Aber ich habe auch eine schlechte Erfahrung bei der Frauen-WM, und zwar mit Jorge Vilda, mittlerweile ja Ex-Trainer der Spanierinnen. Man bekommt vor jedem WM-Spiel eine Liste der Spielerinnen und Trainer, auf der steht, wer welche Sprachen spricht. Bei den Vietnamesinnen war schnell klar: Interview unm\u00f6glich. Keine sprach Englisch und ich kein Vietnamesisch.&nbsp;<br>Bei Jorge Vilda stand eben dabei, dass er Englisch sprechen w\u00fcrde. Ich habe es auch nochmal vor dem Interview mit ihm kurz abgestimmt, dass ich das Interview eben auf Englisch f\u00fchren muss. Wir haben das Interview &#8222;Live on Tape&#8220; gemacht, also mit \u00dcbernahme, dann Interview und anschlie\u00dfend \u00fcbersetze ich &#8211; normalerweise &#8211; nochmal ins Deutsche und gebe zur\u00fcck ins Studio.&nbsp;&nbsp;<br>Erste Frage meinerseits auf Englisch &#8211; und er antwortet auf Spanisch\u2026 Bl\u00f6d, denn ich spreche kein Spanisch &#8211; und das wusste er auch. \u00dcbersetzen am Ende war dann leider nicht drin. Unn\u00f6tige und vor allem unangenehme Situation, die keiner braucht.&nbsp;<\/p>\n\n\n\n<p><strong>Wir haben ja heute viel \u00fcber die Gro\u00dfveranstaltungen gesprochen \u2013 und da gab es ja einige, bei denen du im Einsatz warst. Trotzdem ist das ja nicht allt\u00e4glich. Du bist ja als Redakteurin beim <\/strong><strong><em>sportstudio <\/em><\/strong><strong>t\u00e4tig. Wie sieht deine normale Woche da so aus?<\/strong><\/p>\n\n\n\n<p>Da bin ich tats\u00e4chlich vor allem als Social-Media-Redakteurin f\u00fcr das <em>ZDF sportstudio <\/em>t\u00e4tig. Wir arbeiten mit einer Produktionsfirma, einer \u201cEnkel-Firma\u201d des ZDF zusammen, <em>ZDF Digital<\/em>. Mein Job ist es zum einen, Konzept und Beitr\u00e4ge abzunehmen. Also eigentlich ein CvD-Job. Ansonsten &#8211; und deswegen liebe ich meinen Job ja auch &#8211; arbeite ich inhaltlich. Bedeutet, ich konzipiere Clips und Grafiken f\u00fcr unsere Social-Media-Kan\u00e4le bei Instagram, TikTok und YouTube und moderiere auch immer wieder Clips.&nbsp;<br>Da befasse ich mich mit allen m\u00f6glichen Sport-Themen, also nicht nur mit dem Fu\u00dfball. Wir haben au\u00dferdem ja viele Rechte &#8211; gerade im Fu\u00dfball mit der Champions League, Bundesliga, Frauen-Bundesliga &#8211; und diese Rechte sch\u00f6pfen wir auf allen Plattformen aus. Also das ist schon sehr, sehr bunt gemischt.&nbsp;<\/p>\n\n\n\n<p><strong>Demn\u00e4chst stehen dann ja wieder einige Gro\u00dfveranstaltungen an, allen voran die EM im eigenen Land oder Paris 2024. Sicherlich Ereignisse dabei, bei denen wir dich wieder vor der Kamera sehen werden\u2026<\/strong><\/p>\n\n\n\n<p>\u2026 das kann ich tats\u00e4chlich noch nicht sagen. Bei uns gibt\u2019s immer so eine Art Bewerbungssystem, wo man sich auf verschiedene Positionen bewerben kann. Wer dann was macht, entscheiden die Chefs. Ich wei\u00df erst, wof\u00fcr ich eingeteilt bin, wenn die sogenannte \u201cBesetzung\u201d bei uns intern ver\u00f6ffentlicht wird.<\/p>\n\n\n\n<p><strong>Der Blick noch weiter in die Zukunft gerichtet: Was soll noch kommen?<\/strong><\/p>\n\n\n\n<p>Ich bin total happy, so wie es bisher gelaufen ist und so kann\u2019s auch sehr gerne weiterlaufen. Ich liebe es einfach, vor Ort zu sein, in den Stadien, bei den Gro\u00dfveranstaltungen und vor allem bei den Athletinnen, Athleten, Sportlerinnen und Sportlern. Das ist der Grund, warum ich diesen Job mache: Menschen kennenlernen, deren Geschichten erz\u00e4hlen &#8211; und vor allem nicht nur am Schreibtisch sitzen.<\/p>\n\n\n\n<p><strong>Das ist ja bisher sehr gut gelungen. Vielen Dank f\u00fcr das Interview!<\/strong><\/p>\n\n\n\n<p><em>Dieses Gespr\u00e4ch f\u00fchrte Johannes Danzer. Teil 1 gibt es hier nochmal zum Nachlesen:<\/em><\/p>\n\n\n\n<figure class=\"wp-block-embed is-type-wp-embed is-provider-kommentatorenblog-de wp-block-embed-kommentatorenblog-de\"><div class=\"wp-block-embed__wrapper\">\n<blockquote class=\"wp-embedded-content\" data-secret=\"4M94KbNZdo\"><a href=\"https:\/\/kommentatorenblog.de\/?p=15773\">1371 &#8211; \u00dcber Karaoke-Abende, US-Wahlen und Dauerkarten &#8211; Interview mit Franzi M\u00fcllers (Teil 1)<\/a><\/blockquote><iframe loading=\"lazy\" class=\"wp-embedded-content\" sandbox=\"allow-scripts\" security=\"restricted\" style=\"position: absolute; clip: rect(1px, 1px, 1px, 1px);\" title=\"&#8222;1371 &#8211; \u00dcber Karaoke-Abende, US-Wahlen und Dauerkarten &#8211; Interview mit Franzi M\u00fcllers (Teil 1)&#8220; &#8212; kommentatorenblog.de\" src=\"https:\/\/kommentatorenblog.de\/?p=15773&#038;embed=true#?secret=7YJUb8L2lS#?secret=4M94KbNZdo\" data-secret=\"4M94KbNZdo\" width=\"600\" height=\"338\" frameborder=\"0\" marginwidth=\"0\" marginheight=\"0\" scrolling=\"no\"><\/iframe>\n<\/div><\/figure>\n\n\n\n<p>Und hier geht&#8217;s jetzt weiter mit den Ansetzungen, die Nico und ich (Hannes) uns aufgeteilt haben:<\/p>\n\n\n\n<hr class=\"wp-block-separator is-style-default\"\/>\n\n\n\n<p><strong>Die Ansetzungen vom 20. Oktober bis 23. Oktober 2023<\/strong><\/p>\n\n\n\n<hr class=\"wp-block-separator\"\/>\n\n\n\n<p><strong>Bundesliga (GER), 8. Spieltag (Sky\/DAZN)<\/strong><\/p>\n\n\n\n<p><span style=\"text-decoration: underline;\">Freitag, 20. Oktober 2023, ab 19.45 Uhr (DAZN)<\/span><\/p>\n\n\n\n<p><em><strong>Borussia Dortmund \u2013 SV Werder Bremen (20.30 Uhr)<\/strong><\/em><br><img loading=\"lazy\" decoding=\"async\" width=\"10\" height=\"21\" class=\"wp-image-3656\" style=\"width: 10px;\" src=\"http:\/\/kommentatorenblog.de\/wp-content\/uploads\/2020\/09\/shure-55sh-ii-e1601485394796.jpg\" alt=\"\" srcset=\"https:\/\/kommentatorenblog.de\/wp-content\/uploads\/2020\/09\/shure-55sh-ii-e1601485394796.jpg 415w, https:\/\/kommentatorenblog.de\/wp-content\/uploads\/2020\/09\/shure-55sh-ii-e1601485394796-142x300.jpg 142w\" sizes=\"auto, (max-width: 10px) 100vw, 10px\" \/> Jan Platte, Experte: Sami Khedira<br>Moderation: Alex Schl\u00fcter, Field-Reporter: Freddy Harder<\/p>\n\n\n\n<p><span style=\"text-decoration: underline;\">Samstag, 21. Oktober 2023, ab 14.00 Uhr (Sky)<\/span><\/p>\n\n\n\n<p><em><strong><em><strong>1. FC Union Berlin \u2013 VfB Stuttgart<\/strong><\/em> (15.30 Uhr)<\/strong><\/em><br><img loading=\"lazy\" decoding=\"async\" width=\"10\" height=\"21\" class=\"wp-image-3656\" style=\"width: 10px;\" src=\"http:\/\/kommentatorenblog.de\/wp-content\/uploads\/2020\/09\/shure-55sh-ii-e1601485394796.jpg\" alt=\"\" srcset=\"https:\/\/kommentatorenblog.de\/wp-content\/uploads\/2020\/09\/shure-55sh-ii-e1601485394796.jpg 415w, https:\/\/kommentatorenblog.de\/wp-content\/uploads\/2020\/09\/shure-55sh-ii-e1601485394796-142x300.jpg 142w\" sizes=\"auto, (max-width: 10px) 100vw, 10px\" \/> Kai Dittmann (Einzelspiel), Frank Buschmann (Konferenz)<br>Field-Reporter: Patrick Wasserziehr<\/p>\n\n\n\n<p><em><strong>SV Darmstadt 98 \u2013 RB Leipzig (15.30 Uhr)<\/strong><\/em><br><img loading=\"lazy\" decoding=\"async\" width=\"10\" height=\"21\" class=\"wp-image-3656\" style=\"width: 10px;\" src=\"http:\/\/kommentatorenblog.de\/wp-content\/uploads\/2020\/09\/shure-55sh-ii-e1601485394796.jpg\" alt=\"\" srcset=\"https:\/\/kommentatorenblog.de\/wp-content\/uploads\/2020\/09\/shure-55sh-ii-e1601485394796.jpg 415w, https:\/\/kommentatorenblog.de\/wp-content\/uploads\/2020\/09\/shure-55sh-ii-e1601485394796-142x300.jpg 142w\" sizes=\"auto, (max-width: 10px) 100vw, 10px\" \/> Klaus Veltman (Einzelspiel), Roland Evers (Konferenz)<br>Field-Reporter: Nele Schenker<\/p>\n\n\n\n<p><em><strong>TSG 1899 Hoffenheim \u2013 Eintracht Frankfurt (15.30 Uhr)<\/strong><\/em><br><img loading=\"lazy\" decoding=\"async\" width=\"10\" height=\"21\" class=\"wp-image-3656\" style=\"width: 10px;\" src=\"http:\/\/kommentatorenblog.de\/wp-content\/uploads\/2020\/09\/shure-55sh-ii-e1601485394796.jpg\" alt=\"\" srcset=\"https:\/\/kommentatorenblog.de\/wp-content\/uploads\/2020\/09\/shure-55sh-ii-e1601485394796.jpg 415w, https:\/\/kommentatorenblog.de\/wp-content\/uploads\/2020\/09\/shure-55sh-ii-e1601485394796-142x300.jpg 142w\" sizes=\"auto, (max-width: 10px) 100vw, 10px\" \/> Jonas Friedrich (Einzelspiel), Toni Tomic (Konferenz)<br>Field-Reporter: Viola Weiss<\/p>\n\n\n\n<p><em><strong>Sport-Club Freiburg \u2013 VfL Bochum (15.30 Uhr)<\/strong><\/em><br><img loading=\"lazy\" decoding=\"async\" width=\"10\" height=\"21\" class=\"wp-image-3656\" style=\"width: 10px;\" src=\"http:\/\/kommentatorenblog.de\/wp-content\/uploads\/2020\/09\/shure-55sh-ii-e1601485394796.jpg\" alt=\"\" srcset=\"https:\/\/kommentatorenblog.de\/wp-content\/uploads\/2020\/09\/shure-55sh-ii-e1601485394796.jpg 415w, https:\/\/kommentatorenblog.de\/wp-content\/uploads\/2020\/09\/shure-55sh-ii-e1601485394796-142x300.jpg 142w\" sizes=\"auto, (max-width: 10px) 100vw, 10px\" \/> Hansi K\u00fcpper (Einzelspiel), Oliver Seidler (Konferenz)<br>Field-Reporter: Torben Hoffmann<\/p>\n\n\n\n<p><em><strong>VfL Wolfsburg \u2013 Bayer 04 Leverkusen (15.30 Uhr)<\/strong><\/em><br><img loading=\"lazy\" decoding=\"async\" width=\"10\" height=\"21\" class=\"wp-image-3656\" style=\"width: 10px;\" src=\"http:\/\/kommentatorenblog.de\/wp-content\/uploads\/2020\/09\/shure-55sh-ii-e1601485394796.jpg\" alt=\"\" srcset=\"https:\/\/kommentatorenblog.de\/wp-content\/uploads\/2020\/09\/shure-55sh-ii-e1601485394796.jpg 415w, https:\/\/kommentatorenblog.de\/wp-content\/uploads\/2020\/09\/shure-55sh-ii-e1601485394796-142x300.jpg 142w\" sizes=\"auto, (max-width: 10px) 100vw, 10px\" \/> Marcus Lindemann (Einzelspiel), Martin Gro\u00df (Konferenz)<br>Field-Reporter: Karsten Petrzika<\/p>\n\n\n\n<p>Moderation: Michael Leopold, Experten: Dietmar Hamann und Erik Meijer<\/p>\n\n\n\n<p><span style=\"text-decoration: underline;\">ab 17.30 Uhr (Sk<\/span>y)<\/p>\n\n\n\n<p><em><strong>1. FSV Mainz 05 \u2013 FC Bayern M\u00fcnchen (18.30)<\/strong><\/em><br><img loading=\"lazy\" decoding=\"async\" width=\"10\" height=\"21\" class=\"wp-image-3656\" style=\"width: 10px;\" src=\"http:\/\/kommentatorenblog.de\/wp-content\/uploads\/2020\/09\/shure-55sh-ii-e1601485394796.jpg\" alt=\"\" srcset=\"https:\/\/kommentatorenblog.de\/wp-content\/uploads\/2020\/09\/shure-55sh-ii-e1601485394796.jpg 415w, https:\/\/kommentatorenblog.de\/wp-content\/uploads\/2020\/09\/shure-55sh-ii-e1601485394796-142x300.jpg 142w\" sizes=\"auto, (max-width: 10px) 100vw, 10px\" \/> Wolff Fuss<br>Field-Reporterin: Britta Hofmann<br>Moderation: Sebastian Hellmann; Expert:innen: Lothar Matth\u00e4us und Julia Simic<\/p>\n\n\n\n<p><span style=\"text-decoration: underline;\">Sonntag, 22. Oktober 2023, ab 14.45 Uhr (DAZN)<\/span><\/p>\n\n\n\n<p><em><strong>1. FC K\u00f6ln \u2013 Borussia M\u00f6nchengladbach (15.30 Uhr)<\/strong><\/em><br><img loading=\"lazy\" decoding=\"async\" width=\"10\" height=\"21\" class=\"wp-image-3656\" style=\"width: 10px;\" src=\"http:\/\/kommentatorenblog.de\/wp-content\/uploads\/2020\/09\/shure-55sh-ii-e1601485394796.jpg\" alt=\"\" srcset=\"https:\/\/kommentatorenblog.de\/wp-content\/uploads\/2020\/09\/shure-55sh-ii-e1601485394796.jpg 415w, https:\/\/kommentatorenblog.de\/wp-content\/uploads\/2020\/09\/shure-55sh-ii-e1601485394796-142x300.jpg 142w\" sizes=\"auto, (max-width: 10px) 100vw, 10px\" \/> Mario Rieker, Experte: Jonas Hummels<br>Field-Reporter: Marco Hagemann<br>Moderation: Laura Wontorra, Schiedsrichter-Experte: Urs Meier<\/p>\n\n\n\n<p><span style=\"text-decoration: underline;\">ab 17.00 Uhr (DAZN)<\/span><\/p>\n\n\n\n<p><em><strong>1. FC Heidenheim \u2013 FC Augsburg (17.30 Uhr)<\/strong><\/em><br><img loading=\"lazy\" decoding=\"async\" width=\"10\" height=\"21\" class=\"wp-image-3656\" style=\"width: 10px;\" src=\"http:\/\/kommentatorenblog.de\/wp-content\/uploads\/2020\/09\/shure-55sh-ii-e1601485394796.jpg\" alt=\"\" srcset=\"https:\/\/kommentatorenblog.de\/wp-content\/uploads\/2020\/09\/shure-55sh-ii-e1601485394796.jpg 415w, https:\/\/kommentatorenblog.de\/wp-content\/uploads\/2020\/09\/shure-55sh-ii-e1601485394796-142x300.jpg 142w\" sizes=\"auto, (max-width: 10px) 100vw, 10px\" \/> Max Gross, Experte: Sascha Bigalke<br>Moderation: Elmar Paulke, Field-Reporter: Tobi Wahnschaffe<\/p>\n\n\n\n<hr class=\"wp-block-separator\"\/>\n\n\n\n<p><strong>Frauen-Bundesliga (GER), 5. Spieltag (Magenta Sport\/DAZN\/Sport1)<\/strong><\/p>\n\n\n\n<p><span style=\"text-decoration: underline;\">Freitag, 20. Oktober 2023, ab 18.00 Uhr (Magenta) bzw. ab 18.15 Uhr (DAZN)<\/span><\/p>\n\n\n\n<p><em><strong>1. FC K\u00f6ln \u2013 Bayer 04 Leverkusen (18.30 Uhr)<\/strong><\/em><\/p>\n\n\n\n<p><img loading=\"lazy\" decoding=\"async\" width=\"10\" height=\"21\" class=\"wp-image-3656\" style=\"width: 10px;\" src=\"http:\/\/kommentatorenblog.de\/wp-content\/uploads\/2020\/09\/shure-55sh-ii-e1601485394796.jpg\" alt=\"\" srcset=\"https:\/\/kommentatorenblog.de\/wp-content\/uploads\/2020\/09\/shure-55sh-ii-e1601485394796.jpg 415w, https:\/\/kommentatorenblog.de\/wp-content\/uploads\/2020\/09\/shure-55sh-ii-e1601485394796-142x300.jpg 142w\" sizes=\"auto, (max-width: 10px) 100vw, 10px\" \/> <em>Magenta: <\/em>Julian Engelhard<br>Moderation (<em>Magenta<\/em>): Kamila Benschop, Expertin: Tabea Kemme<\/p>\n\n\n\n<p><img loading=\"lazy\" decoding=\"async\" width=\"10\" height=\"21\" class=\"wp-image-3656\" style=\"width: 10px;\" src=\"http:\/\/kommentatorenblog.de\/wp-content\/uploads\/2020\/09\/shure-55sh-ii-e1601485394796.jpg\" alt=\"\" srcset=\"https:\/\/kommentatorenblog.de\/wp-content\/uploads\/2020\/09\/shure-55sh-ii-e1601485394796.jpg 415w, https:\/\/kommentatorenblog.de\/wp-content\/uploads\/2020\/09\/shure-55sh-ii-e1601485394796-142x300.jpg 142w\" sizes=\"auto, (max-width: 10px) 100vw, 10px\" \/> <em>DAZN: <\/em>Oliver Fa\u00dfnacht<\/p>\n\n\n\n<p><span style=\"text-decoration: underline;\">Samstag, 21. Oktober 2023, ab 11.45 Uhr (Magenta\/DAZN)<\/span><\/p>\n\n\n\n<p><em><strong>Sport-Club Freiburg \u2013 1. FC N\u00fcrnberg (12.00 Uhr)<\/strong><\/em><\/p>\n\n\n\n<p><img loading=\"lazy\" decoding=\"async\" width=\"10\" height=\"21\" class=\"wp-image-3656\" style=\"width: 10px;\" src=\"http:\/\/kommentatorenblog.de\/wp-content\/uploads\/2020\/09\/shure-55sh-ii-e1601485394796.jpg\" alt=\"\" srcset=\"https:\/\/kommentatorenblog.de\/wp-content\/uploads\/2020\/09\/shure-55sh-ii-e1601485394796.jpg 415w, https:\/\/kommentatorenblog.de\/wp-content\/uploads\/2020\/09\/shure-55sh-ii-e1601485394796-142x300.jpg 142w\" sizes=\"auto, (max-width: 10px) 100vw, 10px\" \/> <em>Magenta: <\/em>Michael Seyberth<\/p>\n\n\n\n<p><img loading=\"lazy\" decoding=\"async\" width=\"10\" height=\"21\" class=\"wp-image-3656\" style=\"width: 10px;\" src=\"http:\/\/kommentatorenblog.de\/wp-content\/uploads\/2020\/09\/shure-55sh-ii-e1601485394796.jpg\" alt=\"\" srcset=\"https:\/\/kommentatorenblog.de\/wp-content\/uploads\/2020\/09\/shure-55sh-ii-e1601485394796.jpg 415w, https:\/\/kommentatorenblog.de\/wp-content\/uploads\/2020\/09\/shure-55sh-ii-e1601485394796-142x300.jpg 142w\" sizes=\"auto, (max-width: 10px) 100vw, 10px\" \/> <em>DAZN: <\/em>Guido H\u00fcsgen<\/p>\n\n\n\n<p><span style=\"text-decoration: underline;\">ab 13.45 Uhr (Magenta Sport\/DAZN)<\/span><\/p>\n\n\n\n<p><em><strong>SGS Essen \u2013 SV Werder Bremen (14.00 Uhr)<\/strong><\/em><\/p>\n\n\n\n<p><img loading=\"lazy\" decoding=\"async\" width=\"10\" height=\"21\" class=\"wp-image-3656\" style=\"width: 10px;\" src=\"http:\/\/kommentatorenblog.de\/wp-content\/uploads\/2020\/09\/shure-55sh-ii-e1601485394796.jpg\" alt=\"\" srcset=\"https:\/\/kommentatorenblog.de\/wp-content\/uploads\/2020\/09\/shure-55sh-ii-e1601485394796.jpg 415w, https:\/\/kommentatorenblog.de\/wp-content\/uploads\/2020\/09\/shure-55sh-ii-e1601485394796-142x300.jpg 142w\" sizes=\"auto, (max-width: 10px) 100vw, 10px\" \/> <em>Magenta: <\/em>Adrian Geiler<\/p>\n\n\n\n<p><img loading=\"lazy\" decoding=\"async\" width=\"10\" height=\"21\" class=\"wp-image-3656\" style=\"width: 10px;\" src=\"http:\/\/kommentatorenblog.de\/wp-content\/uploads\/2020\/09\/shure-55sh-ii-e1601485394796.jpg\" alt=\"\" srcset=\"https:\/\/kommentatorenblog.de\/wp-content\/uploads\/2020\/09\/shure-55sh-ii-e1601485394796.jpg 415w, https:\/\/kommentatorenblog.de\/wp-content\/uploads\/2020\/09\/shure-55sh-ii-e1601485394796-142x300.jpg 142w\" sizes=\"auto, (max-width: 10px) 100vw, 10px\" \/> <em>DAZN: <\/em>Christoph Fetzer<\/p>\n\n\n\n<p><span style=\"text-decoration: underline;\">Sonntag, 22. Oktober 2023, ab 13.45 Uhr (Magenta\/DAZN)<\/span><\/p>\n\n\n\n<p><em><strong>VfL Wolfsburg \u2013 TSG Hoffenheim (14.00 Uhr)<\/strong><\/em><\/p>\n\n\n\n<p><img loading=\"lazy\" decoding=\"async\" width=\"10\" height=\"21\" class=\"wp-image-3656\" style=\"width: 10px;\" src=\"http:\/\/kommentatorenblog.de\/wp-content\/uploads\/2020\/09\/shure-55sh-ii-e1601485394796.jpg\" alt=\"\" srcset=\"https:\/\/kommentatorenblog.de\/wp-content\/uploads\/2020\/09\/shure-55sh-ii-e1601485394796.jpg 415w, https:\/\/kommentatorenblog.de\/wp-content\/uploads\/2020\/09\/shure-55sh-ii-e1601485394796-142x300.jpg 142w\" sizes=\"auto, (max-width: 10px) 100vw, 10px\" \/> <em>Magenta: <\/em>Simon K\u00f6pfer<\/p>\n\n\n\n<p><img loading=\"lazy\" decoding=\"async\" width=\"10\" height=\"21\" class=\"wp-image-3656\" style=\"width: 10px;\" src=\"http:\/\/kommentatorenblog.de\/wp-content\/uploads\/2020\/09\/shure-55sh-ii-e1601485394796.jpg\" alt=\"\" srcset=\"https:\/\/kommentatorenblog.de\/wp-content\/uploads\/2020\/09\/shure-55sh-ii-e1601485394796.jpg 415w, https:\/\/kommentatorenblog.de\/wp-content\/uploads\/2020\/09\/shure-55sh-ii-e1601485394796-142x300.jpg 142w\" sizes=\"auto, (max-width: 10px) 100vw, 10px\" \/> <em>DAZN: <\/em>Markus Theil, Expertin: Turid Knaak<\/p>\n\n\n\n<p><span style=\"text-decoration: underline;\">ab 15.45 Uhr (Magenta\/DAZN)<\/span><\/p>\n\n\n\n<p><em><strong>Eintracht Frankfurt \u2013 MSV Duisburg (16.00 Uhr)<\/strong><\/em><\/p>\n\n\n\n<p><img loading=\"lazy\" decoding=\"async\" width=\"10\" height=\"21\" class=\"wp-image-3656\" style=\"width: 10px;\" src=\"http:\/\/kommentatorenblog.de\/wp-content\/uploads\/2020\/09\/shure-55sh-ii-e1601485394796.jpg\" alt=\"\" srcset=\"https:\/\/kommentatorenblog.de\/wp-content\/uploads\/2020\/09\/shure-55sh-ii-e1601485394796.jpg 415w, https:\/\/kommentatorenblog.de\/wp-content\/uploads\/2020\/09\/shure-55sh-ii-e1601485394796-142x300.jpg 142w\" sizes=\"auto, (max-width: 10px) 100vw, 10px\" \/> <em>Magenta: <\/em>Martin Piller<\/p>\n\n\n\n<p><img loading=\"lazy\" decoding=\"async\" width=\"10\" height=\"21\" class=\"wp-image-3656\" style=\"width: 10px;\" src=\"http:\/\/kommentatorenblog.de\/wp-content\/uploads\/2020\/09\/shure-55sh-ii-e1601485394796.jpg\" alt=\"\" srcset=\"https:\/\/kommentatorenblog.de\/wp-content\/uploads\/2020\/09\/shure-55sh-ii-e1601485394796.jpg 415w, https:\/\/kommentatorenblog.de\/wp-content\/uploads\/2020\/09\/shure-55sh-ii-e1601485394796-142x300.jpg 142w\" sizes=\"auto, (max-width: 10px) 100vw, 10px\" \/> <em>DAZN: <\/em>Markus Theil, Expertin: Turid Knaak<br>Moderation (<em>DAZN<\/em>): Tobi Wahnschaffe<\/p>\n\n\n\n<p><span style=\"text-decoration: underline;\">ab 18.00 Uhr (Sport1) bzw. ab 18.15 Uhr (Magenta\/DAZN)<\/span><\/p>\n\n\n\n<p><em><strong>RB Leipzig \u2013 <em><strong>FC Bayern M\u00fcnchen<\/strong><\/em> (18.30 Uhr)<\/strong><\/em><\/p>\n\n\n\n<p><img loading=\"lazy\" decoding=\"async\" width=\"10\" height=\"21\" class=\"wp-image-3656\" style=\"width: 10px;\" src=\"http:\/\/kommentatorenblog.de\/wp-content\/uploads\/2020\/09\/shure-55sh-ii-e1601485394796.jpg\" alt=\"\" srcset=\"https:\/\/kommentatorenblog.de\/wp-content\/uploads\/2020\/09\/shure-55sh-ii-e1601485394796.jpg 415w, https:\/\/kommentatorenblog.de\/wp-content\/uploads\/2020\/09\/shure-55sh-ii-e1601485394796-142x300.jpg 142w\" sizes=\"auto, (max-width: 10px) 100vw, 10px\" \/> <em>Sport1: <\/em>Christina Rann<br>Moderation (<em>Sport1<\/em>): Lili Engels, Expertin: Maik Franz<\/p>\n\n\n\n<p><img loading=\"lazy\" decoding=\"async\" width=\"10\" height=\"21\" class=\"wp-image-3656\" style=\"width: 10px;\" src=\"http:\/\/kommentatorenblog.de\/wp-content\/uploads\/2020\/09\/shure-55sh-ii-e1601485394796.jpg\" alt=\"\" srcset=\"https:\/\/kommentatorenblog.de\/wp-content\/uploads\/2020\/09\/shure-55sh-ii-e1601485394796.jpg 415w, https:\/\/kommentatorenblog.de\/wp-content\/uploads\/2020\/09\/shure-55sh-ii-e1601485394796-142x300.jpg 142w\" sizes=\"auto, (max-width: 10px) 100vw, 10px\" \/> <em>Magenta: <\/em>Michael Seyberth<\/p>\n\n\n\n<p><img loading=\"lazy\" decoding=\"async\" width=\"10\" height=\"21\" class=\"wp-image-3656\" style=\"width: 10px;\" src=\"http:\/\/kommentatorenblog.de\/wp-content\/uploads\/2020\/09\/shure-55sh-ii-e1601485394796.jpg\" alt=\"\" srcset=\"https:\/\/kommentatorenblog.de\/wp-content\/uploads\/2020\/09\/shure-55sh-ii-e1601485394796.jpg 415w, https:\/\/kommentatorenblog.de\/wp-content\/uploads\/2020\/09\/shure-55sh-ii-e1601485394796-142x300.jpg 142w\" sizes=\"auto, (max-width: 10px) 100vw, 10px\" \/> <em>DAZN: <\/em>Matthias Naebers<\/p>\n\n\n\n<hr class=\"wp-block-separator\"\/>\n\n\n\n<p><strong>2<\/strong>. <strong>Bundesliga (GER), 10. Spieltag (Sky\/Sport1)<\/strong><\/p>\n\n\n\n<p><span style=\"text-decoration: underline;\">Freitag, 20. Oktober 2023, ab 18.00 Uhr (Sky)<\/span> <\/p>\n\n\n\n<p><strong><em>Konferenz (18.30Uhr)<\/em><\/strong><br><img loading=\"lazy\" decoding=\"async\" width=\"10\" height=\"21\" class=\"wp-image-3656\" style=\"width: 10px;\" src=\"http:\/\/kommentatorenblog.de\/wp-content\/uploads\/2020\/09\/shure-55sh-ii-e1601485394796.jpg\" alt=\"\" srcset=\"https:\/\/kommentatorenblog.de\/wp-content\/uploads\/2020\/09\/shure-55sh-ii-e1601485394796.jpg 415w, https:\/\/kommentatorenblog.de\/wp-content\/uploads\/2020\/09\/shure-55sh-ii-e1601485394796-142x300.jpg 142w\" sizes=\"auto, (max-width: 10px) 100vw, 10px\" \/> Roland Evers (Fokus auf H96-FCM)<\/p>\n\n\n\n<p><strong><em>Hannover 96 \u2013 1. FC Magdeburg (18.30 Uhr)<\/em><\/strong><br><img loading=\"lazy\" decoding=\"async\" width=\"10\" height=\"21\" class=\"wp-image-3656\" style=\"width: 10px;\" src=\"http:\/\/kommentatorenblog.de\/wp-content\/uploads\/2020\/09\/shure-55sh-ii-e1601485394796.jpg\" alt=\"\" srcset=\"https:\/\/kommentatorenblog.de\/wp-content\/uploads\/2020\/09\/shure-55sh-ii-e1601485394796.jpg 415w, https:\/\/kommentatorenblog.de\/wp-content\/uploads\/2020\/09\/shure-55sh-ii-e1601485394796-142x300.jpg 142w\" sizes=\"auto, (max-width: 10px) 100vw, 10px\" \/> Oliver Seidler<\/p>\n\n\n\n<p><strong><em>SV Elversberg \u2013 Eintracht Braunschweig<\/em><\/strong> <strong><em>(18.30 Uhr)<\/em><\/strong><br><img loading=\"lazy\" decoding=\"async\" width=\"10\" height=\"21\" class=\"wp-image-3656\" style=\"width: 10px;\" src=\"http:\/\/kommentatorenblog.de\/wp-content\/uploads\/2020\/09\/shure-55sh-ii-e1601485394796.jpg\" alt=\"\" srcset=\"https:\/\/kommentatorenblog.de\/wp-content\/uploads\/2020\/09\/shure-55sh-ii-e1601485394796.jpg 415w, https:\/\/kommentatorenblog.de\/wp-content\/uploads\/2020\/09\/shure-55sh-ii-e1601485394796-142x300.jpg 142w\" sizes=\"auto, (max-width: 10px) 100vw, 10px\" \/> J\u00fcrgen Schmitz<br>Field-Reporter: Dennis Bayer<\/p>\n\n\n\n<p>Moderation (aus Hannover): Thomas Wagner, Experte: S\u00f6ren Gonther<\/p>\n\n\n\n<p><span style=\"text-decoration: underline;\">Samstag, 21. Oktober 2023, ab 12.30 Uhr (Sky)<\/span><\/p>\n\n\n\n<p><strong><em>Konferenz (13.00Uhr)<\/em><\/strong><\/p>\n\n\n\n<p><img loading=\"lazy\" decoding=\"async\" width=\"10\" height=\"21\" class=\"wp-image-3656\" style=\"width: 10px;\" src=\"http:\/\/kommentatorenblog.de\/wp-content\/uploads\/2020\/09\/shure-55sh-ii-e1601485394796.jpg\" alt=\"\" srcset=\"https:\/\/kommentatorenblog.de\/wp-content\/uploads\/2020\/09\/shure-55sh-ii-e1601485394796.jpg 415w, https:\/\/kommentatorenblog.de\/wp-content\/uploads\/2020\/09\/shure-55sh-ii-e1601485394796-142x300.jpg 142w\" sizes=\"auto, (max-width: 10px) 100vw, 10px\" \/> Christian Stra\u00dfburger (Fokus auf HSV-SGF)<\/p>\n\n\n\n<p><strong><em>Hamburger SV \u2013 SpVgg Greuther F\u00fcrth (13.00 Uhr)<\/em><\/strong><br><img loading=\"lazy\" decoding=\"async\" width=\"10\" height=\"21\" class=\"wp-image-3656\" style=\"width: 10px;\" src=\"http:\/\/kommentatorenblog.de\/wp-content\/uploads\/2020\/09\/shure-55sh-ii-e1601485394796.jpg\" alt=\"\" srcset=\"https:\/\/kommentatorenblog.de\/wp-content\/uploads\/2020\/09\/shure-55sh-ii-e1601485394796.jpg 415w, https:\/\/kommentatorenblog.de\/wp-content\/uploads\/2020\/09\/shure-55sh-ii-e1601485394796-142x300.jpg 142w\" sizes=\"auto, (max-width: 10px) 100vw, 10px\" \/> Hannes Herrmann<\/p>\n\n\n\n<p><strong><em>SC Paderborn \u2013 FC St. Pauli (13.00 Uhr)<\/em><\/strong><br><img loading=\"lazy\" decoding=\"async\" width=\"10\" height=\"21\" class=\"wp-image-3656\" style=\"width: 10px;\" src=\"http:\/\/kommentatorenblog.de\/wp-content\/uploads\/2020\/09\/shure-55sh-ii-e1601485394796.jpg\" alt=\"\" srcset=\"https:\/\/kommentatorenblog.de\/wp-content\/uploads\/2020\/09\/shure-55sh-ii-e1601485394796.jpg 415w, https:\/\/kommentatorenblog.de\/wp-content\/uploads\/2020\/09\/shure-55sh-ii-e1601485394796-142x300.jpg 142w\" sizes=\"auto, (max-width: 10px) 100vw, 10px\" \/> Torsten Kunde<br>Field-Reporter: Marlon Irlbacher<\/p>\n\n\n\n<p><strong><em>VfL Osnabr\u00fcck \u2013 SV Wehen Wiesbaden (13.00 Uhr)<\/em><\/strong><br><img loading=\"lazy\" decoding=\"async\" width=\"10\" height=\"21\" class=\"wp-image-3656\" style=\"width: 10px;\" src=\"http:\/\/kommentatorenblog.de\/wp-content\/uploads\/2020\/09\/shure-55sh-ii-e1601485394796.jpg\" alt=\"\" srcset=\"https:\/\/kommentatorenblog.de\/wp-content\/uploads\/2020\/09\/shure-55sh-ii-e1601485394796.jpg 415w, https:\/\/kommentatorenblog.de\/wp-content\/uploads\/2020\/09\/shure-55sh-ii-e1601485394796-142x300.jpg 142w\" sizes=\"auto, (max-width: 10px) 100vw, 10px\" \/> J\u00fcrgen Schmitz<\/p>\n\n\n\n<p>Moderation (aus Hamburg): Thomas Wagner<\/p>\n\n\n\n<p><span style=\"text-decoration: underline;\">ab 19.30 Uhr (SPORT1) bzw. ab 20.00 Uhr (Sky)<\/span><\/p>\n\n\n\n<p><strong><em>Fortuna D\u00fcsseldorf \u2013 1. FC Kaiserslautern<\/em><\/strong> <strong><em>(20.30 Uhr)<\/em><\/strong><\/p>\n\n\n\n<p><img loading=\"lazy\" decoding=\"async\" width=\"10\" height=\"21\" class=\"wp-image-3656\" style=\"width: 10px;\" src=\"http:\/\/kommentatorenblog.de\/wp-content\/uploads\/2020\/09\/shure-55sh-ii-e1601485394796.jpg\" alt=\"\" srcset=\"https:\/\/kommentatorenblog.de\/wp-content\/uploads\/2020\/09\/shure-55sh-ii-e1601485394796.jpg 415w, https:\/\/kommentatorenblog.de\/wp-content\/uploads\/2020\/09\/shure-55sh-ii-e1601485394796-142x300.jpg 142w\" sizes=\"auto, (max-width: 10px) 100vw, 10px\" \/> <em>Sport1: <\/em>Markus H\u00f6hner, <br>Field-Reporter (<em>Sport1<\/em>): Oliver M\u00fcller<br>Moderation (<em>Sport1<\/em>): Katharina Kleinfeldt, Experte: Friedhelm Funkel<\/p>\n\n\n\n<p><img loading=\"lazy\" decoding=\"async\" width=\"10\" height=\"21\" class=\"wp-image-3656\" style=\"width: 10px;\" src=\"http:\/\/kommentatorenblog.de\/wp-content\/uploads\/2020\/09\/shure-55sh-ii-e1601485394796.jpg\" alt=\"\" srcset=\"https:\/\/kommentatorenblog.de\/wp-content\/uploads\/2020\/09\/shure-55sh-ii-e1601485394796.jpg 415w, https:\/\/kommentatorenblog.de\/wp-content\/uploads\/2020\/09\/shure-55sh-ii-e1601485394796-142x300.jpg 142w\" sizes=\"auto, (max-width: 10px) 100vw, 10px\" \/> <em>Sky<\/em>: Stefan Hempel, Experte: Torsten Mattuschka<\/p>\n\n\n\n<p><span style=\"text-decoration: underline;\">Sonntag, 22. Oktober 2023, ab 13.00 Uhr (Sky)<\/span><\/p>\n\n\n\n<p><strong><em>Konferenz (13.30Uhr)<\/em><\/strong><br><img loading=\"lazy\" decoding=\"async\" width=\"10\" height=\"21\" class=\"wp-image-3656\" style=\"width: 10px;\" src=\"http:\/\/kommentatorenblog.de\/wp-content\/uploads\/2020\/09\/shure-55sh-ii-e1601485394796.jpg\" alt=\"\" srcset=\"https:\/\/kommentatorenblog.de\/wp-content\/uploads\/2020\/09\/shure-55sh-ii-e1601485394796.jpg 415w, https:\/\/kommentatorenblog.de\/wp-content\/uploads\/2020\/09\/shure-55sh-ii-e1601485394796-142x300.jpg 142w\" sizes=\"auto, (max-width: 10px) 100vw, 10px\" \/> Toni Tomic (Fokus auf FCN-BSC)<\/p>\n\n\n\n<p><strong><em>1. FC N\u00fcrnberg \u2013 Hertha BSC (13.30 Uhr)<\/em><\/strong><br><img loading=\"lazy\" decoding=\"async\" width=\"10\" height=\"21\" class=\"wp-image-3656\" style=\"width: 10px;\" src=\"http:\/\/kommentatorenblog.de\/wp-content\/uploads\/2020\/09\/shure-55sh-ii-e1601485394796.jpg\" alt=\"\" srcset=\"https:\/\/kommentatorenblog.de\/wp-content\/uploads\/2020\/09\/shure-55sh-ii-e1601485394796.jpg 415w, https:\/\/kommentatorenblog.de\/wp-content\/uploads\/2020\/09\/shure-55sh-ii-e1601485394796-142x300.jpg 142w\" sizes=\"auto, (max-width: 10px) 100vw, 10px\" \/> Torsten Kunde<\/p>\n\n\n\n<p><strong><em>Karlsruher SC \u2013 FC Schalke 04 (13.30 Uhr)<\/em><\/strong><br><img loading=\"lazy\" decoding=\"async\" width=\"10\" height=\"21\" class=\"wp-image-3656\" style=\"width: 10px;\" src=\"http:\/\/kommentatorenblog.de\/wp-content\/uploads\/2020\/09\/shure-55sh-ii-e1601485394796.jpg\" alt=\"\" srcset=\"https:\/\/kommentatorenblog.de\/wp-content\/uploads\/2020\/09\/shure-55sh-ii-e1601485394796.jpg 415w, https:\/\/kommentatorenblog.de\/wp-content\/uploads\/2020\/09\/shure-55sh-ii-e1601485394796-142x300.jpg 142w\" sizes=\"auto, (max-width: 10px) 100vw, 10px\" \/> Joachim Hebel<br>Field-Reporter: Dirk gro\u00dfe Schlarmann<\/p>\n\n\n\n<p><strong><em>Hansa Rostock \u2013 Holstein Kiel (13.30 Uhr)<\/em><\/strong><br><img loading=\"lazy\" decoding=\"async\" width=\"10\" height=\"21\" class=\"wp-image-3656\" style=\"width: 10px;\" src=\"http:\/\/kommentatorenblog.de\/wp-content\/uploads\/2020\/09\/shure-55sh-ii-e1601485394796.jpg\" alt=\"\" srcset=\"https:\/\/kommentatorenblog.de\/wp-content\/uploads\/2020\/09\/shure-55sh-ii-e1601485394796.jpg 415w, https:\/\/kommentatorenblog.de\/wp-content\/uploads\/2020\/09\/shure-55sh-ii-e1601485394796-142x300.jpg 142w\" sizes=\"auto, (max-width: 10px) 100vw, 10px\" \/> Timo Sch\u00e4fers<\/p>\n\n\n\n<p>Moderation (aus N\u00fcrnberg): Hartmut von Kameke, Experte: Torsten Mattuschka<\/p>\n\n\n\n<hr class=\"wp-block-separator\"\/>\n\n\n\n<p><strong>3. Liga (GER), 12. Spieltag (Magenta Sport\/BR\/MDR\/<s>WDR<\/s>)<\/strong><\/p>\n\n\n\n<p><span style=\"text-decoration: underline;\">Freitag, 20. Oktober 2023, ab 18.30 Uhr (Magenta)<\/span> <\/p>\n\n\n\n<p><strong><em>SV Waldhof Mannheim \u2013 Borussia Dortmund II (19.00 Uhr)<\/em><\/strong><br><img loading=\"lazy\" decoding=\"async\" width=\"10\" height=\"21\" class=\"wp-image-3656\" style=\"width: 10px;\" src=\"http:\/\/kommentatorenblog.de\/wp-content\/uploads\/2020\/09\/shure-55sh-ii-e1601485394796.jpg\" alt=\"\" srcset=\"https:\/\/kommentatorenblog.de\/wp-content\/uploads\/2020\/09\/shure-55sh-ii-e1601485394796.jpg 415w, https:\/\/kommentatorenblog.de\/wp-content\/uploads\/2020\/09\/shure-55sh-ii-e1601485394796-142x300.jpg 142w\" sizes=\"auto, (max-width: 10px) 100vw, 10px\" \/> Christian Stra\u00dfburger<br>Moderation: Konstantin Klostermann, Experte: Martin Lanig<\/p>\n\n\n\n<p><span style=\"text-decoration: underline;\">Samstag, 21. Oktober 2023, ab 13.30 Uhr (Magenta)<\/span><\/p>\n\n\n\n<p><strong><em>Die Konferenz (14.00Uhr)<\/em><\/strong><br><img loading=\"lazy\" decoding=\"async\" width=\"10\" height=\"21\" class=\"wp-image-3656\" style=\"width: 10px;\" src=\"http:\/\/kommentatorenblog.de\/wp-content\/uploads\/2020\/09\/shure-55sh-ii-e1601485394796.jpg\" alt=\"\" srcset=\"https:\/\/kommentatorenblog.de\/wp-content\/uploads\/2020\/09\/shure-55sh-ii-e1601485394796.jpg 415w, https:\/\/kommentatorenblog.de\/wp-content\/uploads\/2020\/09\/shure-55sh-ii-e1601485394796-142x300.jpg 142w\" sizes=\"auto, (max-width: 10px) 100vw, 10px\" \/> Sascha Bandermann, Experte: Steven Ruprecht<\/p>\n\n\n\n<p><span style=\"text-decoration: underline;\">ab 13.45 Uhr (Magenta)<\/span><\/p>\n\n\n\n<p><strong><em>VfB L\u00fcbeck \u2013 FC Viktoria K\u00f6ln (14.00 Uhr)<\/em><\/strong><br><img loading=\"lazy\" decoding=\"async\" width=\"10\" height=\"21\" class=\"wp-image-3656\" style=\"width: 10px;\" src=\"http:\/\/kommentatorenblog.de\/wp-content\/uploads\/2020\/09\/shure-55sh-ii-e1601485394796.jpg\" alt=\"\" srcset=\"https:\/\/kommentatorenblog.de\/wp-content\/uploads\/2020\/09\/shure-55sh-ii-e1601485394796.jpg 415w, https:\/\/kommentatorenblog.de\/wp-content\/uploads\/2020\/09\/shure-55sh-ii-e1601485394796-142x300.jpg 142w\" sizes=\"auto, (max-width: 10px) 100vw, 10px\" \/> Philip Konrad<br>Moderation: Christina Rann<\/p>\n\n\n\n<p><strong><em>Hallescher FC \u2013 SSV Jahn Regensburg (14.00 Uhr)<\/em><\/strong><br><img loading=\"lazy\" decoding=\"async\" width=\"10\" height=\"21\" class=\"wp-image-3656\" style=\"width: 10px;\" src=\"http:\/\/kommentatorenblog.de\/wp-content\/uploads\/2020\/09\/shure-55sh-ii-e1601485394796.jpg\" alt=\"\" srcset=\"https:\/\/kommentatorenblog.de\/wp-content\/uploads\/2020\/09\/shure-55sh-ii-e1601485394796.jpg 415w, https:\/\/kommentatorenblog.de\/wp-content\/uploads\/2020\/09\/shure-55sh-ii-e1601485394796-142x300.jpg 142w\" sizes=\"auto, (max-width: 10px) 100vw, 10px\" \/> Andreas Mann<br>Moderation: Miriam Sinno<\/p>\n\n\n\n<p><strong><em>TSV 1860 M\u00fcnchen \u2013 Sport-Club Freiburg II (14.00 Uhr)<\/em><\/strong><br><img loading=\"lazy\" decoding=\"async\" width=\"10\" height=\"21\" class=\"wp-image-3656\" style=\"width: 10px;\" src=\"http:\/\/kommentatorenblog.de\/wp-content\/uploads\/2020\/09\/shure-55sh-ii-e1601485394796.jpg\" alt=\"\" srcset=\"https:\/\/kommentatorenblog.de\/wp-content\/uploads\/2020\/09\/shure-55sh-ii-e1601485394796.jpg 415w, https:\/\/kommentatorenblog.de\/wp-content\/uploads\/2020\/09\/shure-55sh-ii-e1601485394796-142x300.jpg 142w\" sizes=\"auto, (max-width: 10px) 100vw, 10px\" \/> Sebastian Ulrich<br>Moderation: Kevin Gerwin<\/p>\n\n\n\n<p><span style=\"text-decoration: underline;\">ab 13.45 Uhr (Magenta) bzw. ab 14.00 Uhr (BR)<\/span><\/p>\n\n\n\n<p><strong><em>FC Ingolstadt \u2013 SpVgg Unterhaching (14.00 Uhr)<\/em><\/strong><\/p>\n\n\n\n<p><img loading=\"lazy\" decoding=\"async\" width=\"10\" height=\"21\" class=\"wp-image-3656\" style=\"width: 10px;\" src=\"http:\/\/kommentatorenblog.de\/wp-content\/uploads\/2020\/09\/shure-55sh-ii-e1601485394796.jpg\" alt=\"\" srcset=\"https:\/\/kommentatorenblog.de\/wp-content\/uploads\/2020\/09\/shure-55sh-ii-e1601485394796.jpg 415w, https:\/\/kommentatorenblog.de\/wp-content\/uploads\/2020\/09\/shure-55sh-ii-e1601485394796-142x300.jpg 142w\" sizes=\"auto, (max-width: 10px) 100vw, 10px\" \/> <em>Magenta: <\/em>Oskar Heirler<br>Moderation (<em>Magenta<\/em>): Tobi Wahnschaffe<\/p>\n\n\n\n<p><img loading=\"lazy\" decoding=\"async\" width=\"10\" height=\"21\" class=\"wp-image-3656\" style=\"width: 10px;\" src=\"http:\/\/kommentatorenblog.de\/wp-content\/uploads\/2020\/09\/shure-55sh-ii-e1601485394796.jpg\" alt=\"\" srcset=\"https:\/\/kommentatorenblog.de\/wp-content\/uploads\/2020\/09\/shure-55sh-ii-e1601485394796.jpg 415w, https:\/\/kommentatorenblog.de\/wp-content\/uploads\/2020\/09\/shure-55sh-ii-e1601485394796-142x300.jpg 142w\" sizes=\"auto, (max-width: 10px) 100vw, 10px\" \/> <em>BR: <\/em><s>Florian Eckl<\/s> Lukas Sch\u00f6nm\u00fcller<br>Moderation (<em>BR<\/em>): <s>Markus Othmer<\/s> Florian Eckl<\/p>\n\n\n\n<p><span style=\"text-decoration: underline;\">ab 13.45 Uhr (Magenta) bzw. ab 14.00 Uhr (MDR\/<s>WDR<\/s>)<\/span><\/p>\n\n\n\n<p><strong><em>SG Dynamo Dresden \u2013 SC Preu\u00dfen M\u00fcnster (14.00 Uhr)<\/em><\/strong><\/p>\n\n\n\n<p><img loading=\"lazy\" decoding=\"async\" width=\"10\" height=\"21\" class=\"wp-image-3656\" style=\"width: 10px;\" src=\"http:\/\/kommentatorenblog.de\/wp-content\/uploads\/2020\/09\/shure-55sh-ii-e1601485394796.jpg\" alt=\"\" srcset=\"https:\/\/kommentatorenblog.de\/wp-content\/uploads\/2020\/09\/shure-55sh-ii-e1601485394796.jpg 415w, https:\/\/kommentatorenblog.de\/wp-content\/uploads\/2020\/09\/shure-55sh-ii-e1601485394796-142x300.jpg 142w\" sizes=\"auto, (max-width: 10px) 100vw, 10px\" \/> <em>Magenta: <\/em>Markus Herwig<br>Moderation (<em>Magenta<\/em>): Stefanie Blochwitz<\/p>\n\n\n\n<p><img loading=\"lazy\" decoding=\"async\" width=\"10\" height=\"21\" class=\"wp-image-3656\" style=\"width: 10px;\" src=\"http:\/\/kommentatorenblog.de\/wp-content\/uploads\/2020\/09\/shure-55sh-ii-e1601485394796.jpg\" alt=\"\" srcset=\"https:\/\/kommentatorenblog.de\/wp-content\/uploads\/2020\/09\/shure-55sh-ii-e1601485394796.jpg 415w, https:\/\/kommentatorenblog.de\/wp-content\/uploads\/2020\/09\/shure-55sh-ii-e1601485394796-142x300.jpg 142w\" sizes=\"auto, (max-width: 10px) 100vw, 10px\" \/> <em>MDR: <\/em>Eik Galley, Experte: Benjamin Kirsten<br>Moderation (<em>MDR<\/em>): Ren\u00e9 Kindermann<\/p>\n\n\n\n<p><s><img loading=\"lazy\" decoding=\"async\" width=\"10\" height=\"21\" class=\"wp-image-3656\" style=\"width: 10px;\" src=\"http:\/\/kommentatorenblog.de\/wp-content\/uploads\/2020\/09\/shure-55sh-ii-e1601485394796.jpg\" alt=\"\" srcset=\"https:\/\/kommentatorenblog.de\/wp-content\/uploads\/2020\/09\/shure-55sh-ii-e1601485394796.jpg 415w, https:\/\/kommentatorenblog.de\/wp-content\/uploads\/2020\/09\/shure-55sh-ii-e1601485394796-142x300.jpg 142w\" sizes=\"auto, (max-width: 10px) 100vw, 10px\" \/> <em>WDR: <\/em>tba<br>Moderation (<em>WDR<\/em>): tba<\/s><\/p>\n\n\n\n<p><span style=\"text-decoration: underline;\">ab 16.15 Uhr (Magenta)<\/span><\/p>\n\n\n\n<p><strong><em>MSV Duisburg \u2013&nbsp;DSC Arminia Bielefeld (16.30 Uhr)<\/em><\/strong><br><img loading=\"lazy\" decoding=\"async\" width=\"10\" height=\"21\" class=\"wp-image-3656\" style=\"width: 10px;\" src=\"http:\/\/kommentatorenblog.de\/wp-content\/uploads\/2020\/09\/shure-55sh-ii-e1601485394796.jpg\" alt=\"\" srcset=\"https:\/\/kommentatorenblog.de\/wp-content\/uploads\/2020\/09\/shure-55sh-ii-e1601485394796.jpg 415w, https:\/\/kommentatorenblog.de\/wp-content\/uploads\/2020\/09\/shure-55sh-ii-e1601485394796-142x300.jpg 142w\" sizes=\"auto, (max-width: 10px) 100vw, 10px\" \/> Julian Engelhard<br>Moderation: Tobi Sch\u00e4fer<\/p>\n\n\n\n<p><span style=\"text-decoration: underline;\">Sonntag, 22. Oktober 2023, ab 13.15 Uhr (Magenta)<\/span> <\/p>\n\n\n\n<p><strong><em>SV Sandhausen \u2013&nbsp;SC Verl (13.30 Uhr)<\/em><\/strong><br><img loading=\"lazy\" decoding=\"async\" width=\"10\" height=\"21\" class=\"wp-image-3656\" style=\"width: 10px;\" src=\"http:\/\/kommentatorenblog.de\/wp-content\/uploads\/2020\/09\/shure-55sh-ii-e1601485394796.jpg\" alt=\"\" srcset=\"https:\/\/kommentatorenblog.de\/wp-content\/uploads\/2020\/09\/shure-55sh-ii-e1601485394796.jpg 415w, https:\/\/kommentatorenblog.de\/wp-content\/uploads\/2020\/09\/shure-55sh-ii-e1601485394796-142x300.jpg 142w\" sizes=\"auto, (max-width: 10px) 100vw, 10px\" \/> Michael Bollenbacher<br>Moderation: Cedric Pick<\/p>\n\n\n\n<p><span style=\"text-decoration: underline;\">ab 16.15 Uhr (Magenta)<\/span><\/p>\n\n\n\n<p><strong><em>Rot-Weiss Essen \u2013&nbsp;1. FC Saarbr\u00fccken (16.30 Uhr)<\/em><\/strong><br><img loading=\"lazy\" decoding=\"async\" width=\"10\" height=\"21\" class=\"wp-image-3656\" style=\"width: 10px;\" src=\"http:\/\/kommentatorenblog.de\/wp-content\/uploads\/2020\/09\/shure-55sh-ii-e1601485394796.jpg\" alt=\"\" srcset=\"https:\/\/kommentatorenblog.de\/wp-content\/uploads\/2020\/09\/shure-55sh-ii-e1601485394796.jpg 415w, https:\/\/kommentatorenblog.de\/wp-content\/uploads\/2020\/09\/shure-55sh-ii-e1601485394796-142x300.jpg 142w\" sizes=\"auto, (max-width: 10px) 100vw, 10px\" \/> Christian Stra\u00dfburger<br>Moderation: Thomas Wagner<\/p>\n\n\n\n<p><span style=\"text-decoration: underline;\">ab 19.15 Uhr (Magenta)<\/span><\/p>\n\n\n\n<p><strong><em>FC Erzgebirge Aue \u2013&nbsp;SSV Ulm 1846 (19.30 Uhr)<\/em><\/strong><br><img loading=\"lazy\" decoding=\"async\" width=\"10\" height=\"21\" class=\"wp-image-3656\" style=\"width: 10px;\" src=\"http:\/\/kommentatorenblog.de\/wp-content\/uploads\/2020\/09\/shure-55sh-ii-e1601485394796.jpg\" alt=\"\" srcset=\"https:\/\/kommentatorenblog.de\/wp-content\/uploads\/2020\/09\/shure-55sh-ii-e1601485394796.jpg 415w, https:\/\/kommentatorenblog.de\/wp-content\/uploads\/2020\/09\/shure-55sh-ii-e1601485394796-142x300.jpg 142w\" sizes=\"auto, (max-width: 10px) 100vw, 10px\" \/> Benni Zander<br>Moderation: Hannes Jakobi<\/p>\n\n\n\n<hr class=\"wp-block-separator\"\/>\n\n\n\n<p><strong>Regionalliga West (GER), 12. Spieltag (Magenta Sport)<\/strong><\/p>\n\n\n\n<p><span style=\"text-decoration: underline;\">Samstag, 21. Oktober 2023, ab 13.30 Uhr<\/span><\/p>\n\n\n\n<p><strong style=\"font-style: italic;\">Rot Weiss Ahlen \u2013 Alemannia Aaachen<\/strong><em><strong> (14.00 Uhr)<\/strong><\/em> <br><img loading=\"lazy\" decoding=\"async\" width=\"10\" height=\"21\" class=\"wp-image-3656\" style=\"width: 10px;\" src=\"http:\/\/kommentatorenblog.de\/wp-content\/uploads\/2020\/09\/shure-55sh-ii-e1601485394796.jpg\" alt=\"\" srcset=\"https:\/\/kommentatorenblog.de\/wp-content\/uploads\/2020\/09\/shure-55sh-ii-e1601485394796.jpg 415w, https:\/\/kommentatorenblog.de\/wp-content\/uploads\/2020\/09\/shure-55sh-ii-e1601485394796-142x300.jpg 142w\" sizes=\"auto, (max-width: 10px) 100vw, 10px\" \/> Julian-Luca Sch\u00e4fer<br>Moderation: Lisa Tellers, Experte: Bj\u00f6rn Mehnert<\/p>\n\n\n\n<hr class=\"wp-block-separator is-style-default\"\/>\n\n\n\n<p><strong>Regionalliga Nordost (GER), 11. Spieltag (MDR)<\/strong><\/p>\n\n\n\n<p><span style=\"text-decoration: underline;\">Samstag, 21. Oktober 2023<\/span><\/p>\n\n\n\n<p><strong style=\"font-style: italic;\">FC Energie Cottbus \u2013 FC Carl Zeiss Jena<\/strong><em><strong> (16.00 Uhr)<\/strong><\/em> <br><img loading=\"lazy\" decoding=\"async\" width=\"10\" height=\"21\" class=\"wp-image-3656\" style=\"width: 10px;\" src=\"http:\/\/kommentatorenblog.de\/wp-content\/uploads\/2020\/09\/shure-55sh-ii-e1601485394796.jpg\" alt=\"\" srcset=\"https:\/\/kommentatorenblog.de\/wp-content\/uploads\/2020\/09\/shure-55sh-ii-e1601485394796.jpg 415w, https:\/\/kommentatorenblog.de\/wp-content\/uploads\/2020\/09\/shure-55sh-ii-e1601485394796-142x300.jpg 142w\" sizes=\"auto, (max-width: 10px) 100vw, 10px\" \/> tba<\/p>\n\n\n\n<p><span style=\"text-decoration: underline;\">Sonntag, 22. Oktober 2023<\/span><\/p>\n\n\n\n<p><strong style=\"font-style: italic;\">BSG Chemie Leipzig \u2013 FC Eilenburg<\/strong><em><strong> (16.00 Uhr)<\/strong><\/em> <br><img loading=\"lazy\" decoding=\"async\" width=\"10\" height=\"21\" class=\"wp-image-3656\" style=\"width: 10px;\" src=\"http:\/\/kommentatorenblog.de\/wp-content\/uploads\/2020\/09\/shure-55sh-ii-e1601485394796.jpg\" alt=\"\" srcset=\"https:\/\/kommentatorenblog.de\/wp-content\/uploads\/2020\/09\/shure-55sh-ii-e1601485394796.jpg 415w, https:\/\/kommentatorenblog.de\/wp-content\/uploads\/2020\/09\/shure-55sh-ii-e1601485394796-142x300.jpg 142w\" sizes=\"auto, (max-width: 10px) 100vw, 10px\" \/> tba<\/p>\n\n\n\n<hr class=\"wp-block-separator is-style-default\"\/>\n\n\n\n<hr class=\"wp-block-separator is-style-default\"\/>\n\n\n\n<p><strong>Premier League (ENG), 9. Spieltag (Sky)<\/strong><\/p>\n\n\n\n<p><span style=\"text-decoration: underline;\">Samstag, 21. Oktober 2023, ab 13.20 Uhr<\/span><\/p>\n\n\n\n<p><strong style=\"font-style: italic;\">FC Liverpool \u2013 FC Everton<\/strong><em><strong> (13.30 Uhr)<\/strong><\/em> <br><img loading=\"lazy\" decoding=\"async\" width=\"10\" height=\"21\" class=\"wp-image-3656\" style=\"width: 10px;\" src=\"http:\/\/kommentatorenblog.de\/wp-content\/uploads\/2020\/09\/shure-55sh-ii-e1601485394796.jpg\" alt=\"\" srcset=\"https:\/\/kommentatorenblog.de\/wp-content\/uploads\/2020\/09\/shure-55sh-ii-e1601485394796.jpg 415w, https:\/\/kommentatorenblog.de\/wp-content\/uploads\/2020\/09\/shure-55sh-ii-e1601485394796-142x300.jpg 142w\" sizes=\"auto, (max-width: 10px) 100vw, 10px\" \/> Uli Hebel<\/p>\n\n\n\n<p><span style=\"text-decoration: underline;\">ab 15.50 Uhr<\/span><\/p>\n\n\n\n<p><strong style=\"font-style: italic;\">Manchester City \u2013 Brighton &amp; Hove Albion<\/strong><em><strong> (16.00 Uhr)<\/strong><\/em> <br><img loading=\"lazy\" decoding=\"async\" width=\"10\" height=\"21\" class=\"wp-image-3656\" style=\"width: 10px;\" src=\"http:\/\/kommentatorenblog.de\/wp-content\/uploads\/2020\/09\/shure-55sh-ii-e1601485394796.jpg\" alt=\"\" srcset=\"https:\/\/kommentatorenblog.de\/wp-content\/uploads\/2020\/09\/shure-55sh-ii-e1601485394796.jpg 415w, https:\/\/kommentatorenblog.de\/wp-content\/uploads\/2020\/09\/shure-55sh-ii-e1601485394796-142x300.jpg 142w\" sizes=\"auto, (max-width: 10px) 100vw, 10px\" \/> Joachim Hebel<\/p>\n\n\n\n<p><strong style=\"font-style: italic;\">Newcastle United \u2013 Crystal Palace<\/strong> <em><strong>(16.00 Uhr)<\/strong><\/em><br><img loading=\"lazy\" decoding=\"async\" width=\"10\" height=\"21\" class=\"wp-image-3656\" style=\"width: 10px;\" src=\"http:\/\/kommentatorenblog.de\/wp-content\/uploads\/2020\/09\/shure-55sh-ii-e1601485394796.jpg\" alt=\"\" srcset=\"https:\/\/kommentatorenblog.de\/wp-content\/uploads\/2020\/09\/shure-55sh-ii-e1601485394796.jpg 415w, https:\/\/kommentatorenblog.de\/wp-content\/uploads\/2020\/09\/shure-55sh-ii-e1601485394796-142x300.jpg 142w\" sizes=\"auto, (max-width: 10px) 100vw, 10px\" \/> Markus Gaupp<\/p>\n\n\n\n<p><span style=\"text-decoration: underline;\">ab 18.00 Uhr<\/span><\/p>\n\n\n\n<p><strong style=\"font-style: italic;\">FC Chelsea \u2013 FC Arsenal<\/strong><em><strong> (18.30 Uhr)<\/strong><\/em> <br><img loading=\"lazy\" decoding=\"async\" width=\"10\" height=\"21\" class=\"wp-image-3656\" style=\"width: 10px;\" src=\"http:\/\/kommentatorenblog.de\/wp-content\/uploads\/2020\/09\/shure-55sh-ii-e1601485394796.jpg\" alt=\"\" srcset=\"https:\/\/kommentatorenblog.de\/wp-content\/uploads\/2020\/09\/shure-55sh-ii-e1601485394796.jpg 415w, https:\/\/kommentatorenblog.de\/wp-content\/uploads\/2020\/09\/shure-55sh-ii-e1601485394796-142x300.jpg 142w\" sizes=\"auto, (max-width: 10px) 100vw, 10px\" \/> Florian Schmidt-Sommerfeld, Experte: Mladen Petri\u0107<br>Field-Reporter: Raphael Honigstein<\/p>\n\n\n\n<p><span style=\"text-decoration: underline;\">ab 20.50 Uhr<\/span><\/p>\n\n\n\n<p><strong style=\"font-style: italic;\">Sheffield United \u2013 Manchester United<\/strong> <em><strong>(21.00 Uhr)<\/strong><\/em><br><img loading=\"lazy\" decoding=\"async\" width=\"10\" height=\"21\" class=\"wp-image-3656\" style=\"width: 10px;\" src=\"http:\/\/kommentatorenblog.de\/wp-content\/uploads\/2020\/09\/shure-55sh-ii-e1601485394796.jpg\" alt=\"\" srcset=\"https:\/\/kommentatorenblog.de\/wp-content\/uploads\/2020\/09\/shure-55sh-ii-e1601485394796.jpg 415w, https:\/\/kommentatorenblog.de\/wp-content\/uploads\/2020\/09\/shure-55sh-ii-e1601485394796-142x300.jpg 142w\" sizes=\"auto, (max-width: 10px) 100vw, 10px\" \/> Markus G\u00f6tz<\/p>\n\n\n\n<p><span style=\"text-decoration: underline;\">Sonntag, 22. Oktober 2023<\/span><\/p>\n\n\n\n<p><span style=\"text-decoration: underline;\"><em>re-live <\/em>ab 00.00 Uhr <\/span><\/p>\n\n\n\n<p><strong style=\"font-style: italic;\">FC Brentford \u2013 FC Burnley<\/strong> <em><strong>(von Sa, 16.00 Uhr)<\/strong><\/em><br><img loading=\"lazy\" decoding=\"async\" width=\"10\" height=\"21\" class=\"wp-image-3656\" style=\"width: 10px;\" src=\"http:\/\/kommentatorenblog.de\/wp-content\/uploads\/2020\/09\/shure-55sh-ii-e1601485394796.jpg\" alt=\"\" srcset=\"https:\/\/kommentatorenblog.de\/wp-content\/uploads\/2020\/09\/shure-55sh-ii-e1601485394796.jpg 415w, https:\/\/kommentatorenblog.de\/wp-content\/uploads\/2020\/09\/shure-55sh-ii-e1601485394796-142x300.jpg 142w\" sizes=\"auto, (max-width: 10px) 100vw, 10px\" \/> Dominik M\u00fcller<\/p>\n\n\n\n<p><span style=\"text-decoration: underline;\"><em>re-live <\/em>ab 02.30 Uhr <\/span><\/p>\n\n\n\n<p><strong style=\"font-style: italic;\">Nottingham Forest \u2013 Luton Town<\/strong> <em><strong>(von Sa, 16.00 Uhr)<\/strong><\/em><br><img loading=\"lazy\" decoding=\"async\" width=\"10\" height=\"21\" class=\"wp-image-3656\" style=\"width: 10px;\" src=\"http:\/\/kommentatorenblog.de\/wp-content\/uploads\/2020\/09\/shure-55sh-ii-e1601485394796.jpg\" alt=\"\" srcset=\"https:\/\/kommentatorenblog.de\/wp-content\/uploads\/2020\/09\/shure-55sh-ii-e1601485394796.jpg 415w, https:\/\/kommentatorenblog.de\/wp-content\/uploads\/2020\/09\/shure-55sh-ii-e1601485394796-142x300.jpg 142w\" sizes=\"auto, (max-width: 10px) 100vw, 10px\" \/> Timo Schmidtchen<\/p>\n\n\n\n<p><span style=\"text-decoration: underline;\"><em>re-live <\/em>ab 04.45 Uhr <\/span><\/p>\n\n\n\n<p><strong style=\"font-style: italic;\">AFC Bournemouth \u2013 Wolverhampton Wanderers<\/strong> <em><strong>(von Sa, 16.00 Uhr)<\/strong><\/em><br><img loading=\"lazy\" decoding=\"async\" width=\"10\" height=\"21\" class=\"wp-image-3656\" style=\"width: 10px;\" src=\"http:\/\/kommentatorenblog.de\/wp-content\/uploads\/2020\/09\/shure-55sh-ii-e1601485394796.jpg\" alt=\"\" srcset=\"https:\/\/kommentatorenblog.de\/wp-content\/uploads\/2020\/09\/shure-55sh-ii-e1601485394796.jpg 415w, https:\/\/kommentatorenblog.de\/wp-content\/uploads\/2020\/09\/shure-55sh-ii-e1601485394796-142x300.jpg 142w\" sizes=\"auto, (max-width: 10px) 100vw, 10px\" \/> Paul H\u00e4user<\/p>\n\n\n\n<p><span style=\"text-decoration: underline;\">ab 17.00 Uhr <\/span><\/p>\n\n\n\n<p><strong style=\"font-style: italic;\">Aston Villa \u2013 West Ham United<\/strong><em><strong> (17.30 Uhr)<\/strong><\/em> <br><img loading=\"lazy\" decoding=\"async\" width=\"10\" height=\"21\" class=\"wp-image-3656\" style=\"width: 10px;\" src=\"http:\/\/kommentatorenblog.de\/wp-content\/uploads\/2020\/09\/shure-55sh-ii-e1601485394796.jpg\" alt=\"\" srcset=\"https:\/\/kommentatorenblog.de\/wp-content\/uploads\/2020\/09\/shure-55sh-ii-e1601485394796.jpg 415w, https:\/\/kommentatorenblog.de\/wp-content\/uploads\/2020\/09\/shure-55sh-ii-e1601485394796-142x300.jpg 142w\" sizes=\"auto, (max-width: 10px) 100vw, 10px\" \/> Sven Schr\u00f6ter<\/p>\n\n\n\n<p><span style=\"text-decoration: underline;\">Montag, 23. Oktober 2023, ab 20.50 Uhr <\/span><\/p>\n\n\n\n<p><strong style=\"font-style: italic;\">Tottenham Hotspur \u2013 FC Fulham <\/strong><em><strong>(21.00 Uhr)<\/strong><\/em> <br><img loading=\"lazy\" decoding=\"async\" width=\"10\" height=\"21\" class=\"wp-image-3656\" style=\"width: 10px;\" src=\"http:\/\/kommentatorenblog.de\/wp-content\/uploads\/2020\/09\/shure-55sh-ii-e1601485394796.jpg\" alt=\"\" srcset=\"https:\/\/kommentatorenblog.de\/wp-content\/uploads\/2020\/09\/shure-55sh-ii-e1601485394796.jpg 415w, https:\/\/kommentatorenblog.de\/wp-content\/uploads\/2020\/09\/shure-55sh-ii-e1601485394796-142x300.jpg 142w\" sizes=\"auto, (max-width: 10px) 100vw, 10px\" \/> Toni Tomic<\/p>\n\n\n\n<hr class=\"wp-block-separator is-style-default\"\/>\n\n\n\n<p><strong>EFL Championship (ENG), 12. Spieltag (Sportdigital Fu\u00dfball)<\/strong><\/p>\n\n\n\n<p><span style=\"text-decoration: underline;\">Freitag, 20. Oktober 2023, ab 20.50 Uhr<\/span><\/p>\n\n\n\n<p><s><em><strong>Rotherham United <em><strong>\u2013<\/strong><\/em> Ipswich Town (21.00 Uhr) <\/strong><\/em><br><img loading=\"lazy\" decoding=\"async\" width=\"10\" height=\"21\" class=\"wp-image-3656\" style=\"width: 10px;\" src=\"http:\/\/kommentatorenblog.de\/wp-content\/uploads\/2020\/09\/shure-55sh-ii-e1601485394796.jpg\" alt=\"\" srcset=\"https:\/\/kommentatorenblog.de\/wp-content\/uploads\/2020\/09\/shure-55sh-ii-e1601485394796.jpg 415w, https:\/\/kommentatorenblog.de\/wp-content\/uploads\/2020\/09\/shure-55sh-ii-e1601485394796-142x300.jpg 142w\" sizes=\"auto, (max-width: 10px) 100vw, 10px\" \/> Moritz Knorr<\/s><\/p>\n\n\n\n<p><span style=\"text-decoration: underline;\">Samstag, 21. Oktober 2023, ab 13.20 Uhr<\/span><\/p>\n\n\n\n<p><em><strong>Preston North End <em><strong>\u2013<\/strong><\/em> FC Millwall (13.30 Uhr) <\/strong><\/em><br><img loading=\"lazy\" decoding=\"async\" width=\"10\" height=\"21\" class=\"wp-image-3656\" style=\"width: 10px;\" src=\"http:\/\/kommentatorenblog.de\/wp-content\/uploads\/2020\/09\/shure-55sh-ii-e1601485394796.jpg\" alt=\"\" srcset=\"https:\/\/kommentatorenblog.de\/wp-content\/uploads\/2020\/09\/shure-55sh-ii-e1601485394796.jpg 415w, https:\/\/kommentatorenblog.de\/wp-content\/uploads\/2020\/09\/shure-55sh-ii-e1601485394796-142x300.jpg 142w\" sizes=\"auto, (max-width: 10px) 100vw, 10px\" \/> Martin Hahn<\/p>\n\n\n\n<p><span style=\"text-decoration: underline;\">ab 15.50 Uhr<\/span><\/p>\n\n\n\n<p><em><strong>Norwich City <em><strong>\u2013<\/strong><\/em> Leeds United (16.00 Uhr) <\/strong><\/em><br><img loading=\"lazy\" decoding=\"async\" width=\"10\" height=\"21\" class=\"wp-image-3656\" style=\"width: 10px;\" src=\"http:\/\/kommentatorenblog.de\/wp-content\/uploads\/2020\/09\/shure-55sh-ii-e1601485394796.jpg\" alt=\"\" srcset=\"https:\/\/kommentatorenblog.de\/wp-content\/uploads\/2020\/09\/shure-55sh-ii-e1601485394796.jpg 415w, https:\/\/kommentatorenblog.de\/wp-content\/uploads\/2020\/09\/shure-55sh-ii-e1601485394796-142x300.jpg 142w\" sizes=\"auto, (max-width: 10px) 100vw, 10px\" \/> Karsten Linke<\/p>\n\n\n\n<hr class=\"wp-block-separator is-style-default\"\/>\n\n\n\n<p><strong>LaLiga (ESP), 10. Spieltag (DAZN)<\/strong><\/p>\n\n\n\n<p><span style=\"text-decoration: underline;\">Samstag, 21. Oktober 2023<\/span><\/p>\n\n\n\n<p><strong style=\"font-style: italic;\">Real Sociedad <strong><em><span><b style=\"font-style: italic;\">\u2013<\/b><\/span><\/em><\/strong><\/strong> <em><strong>RCD Mallorca (14.00 Uhr)<\/strong><\/em> <br><img loading=\"lazy\" decoding=\"async\" width=\"10\" height=\"21\" class=\"wp-image-3656\" style=\"width: 10px;\" src=\"http:\/\/kommentatorenblog.de\/wp-content\/uploads\/2020\/09\/shure-55sh-ii-e1601485394796.jpg\" alt=\"\" srcset=\"https:\/\/kommentatorenblog.de\/wp-content\/uploads\/2020\/09\/shure-55sh-ii-e1601485394796.jpg 415w, https:\/\/kommentatorenblog.de\/wp-content\/uploads\/2020\/09\/shure-55sh-ii-e1601485394796-142x300.jpg 142w\" sizes=\"auto, (max-width: 10px) 100vw, 10px\" \/> Tobi Fischbeck<\/p>\n\n\n\n<p><strong style=\"font-style: italic;\">FC Sevilla <strong><em><span><b style=\"font-style: italic;\">\u2013<\/b><\/span><\/em><\/strong><\/strong> <em><strong>Real Madrid (18.30 Uhr)<\/strong><\/em> <br><img loading=\"lazy\" decoding=\"async\" width=\"10\" height=\"21\" class=\"wp-image-3656\" style=\"width: 10px;\" src=\"http:\/\/kommentatorenblog.de\/wp-content\/uploads\/2020\/09\/shure-55sh-ii-e1601485394796.jpg\" alt=\"\" srcset=\"https:\/\/kommentatorenblog.de\/wp-content\/uploads\/2020\/09\/shure-55sh-ii-e1601485394796.jpg 415w, https:\/\/kommentatorenblog.de\/wp-content\/uploads\/2020\/09\/shure-55sh-ii-e1601485394796-142x300.jpg 142w\" sizes=\"auto, (max-width: 10px) 100vw, 10px\" \/> David Ploch, Experte: Max Nicu<\/p>\n\n\n\n<p><strong style=\"font-style: italic;\">Celta Vigo <strong><em><span><b style=\"font-style: italic;\">\u2013<\/b><\/span><\/em><\/strong><\/strong> <em><strong>Atl\u00e9tico Madrid (21.00 Uhr)<\/strong><\/em> <br><img loading=\"lazy\" decoding=\"async\" width=\"10\" height=\"21\" class=\"wp-image-3656\" style=\"width: 10px;\" src=\"http:\/\/kommentatorenblog.de\/wp-content\/uploads\/2020\/09\/shure-55sh-ii-e1601485394796.jpg\" alt=\"\" srcset=\"https:\/\/kommentatorenblog.de\/wp-content\/uploads\/2020\/09\/shure-55sh-ii-e1601485394796.jpg 415w, https:\/\/kommentatorenblog.de\/wp-content\/uploads\/2020\/09\/shure-55sh-ii-e1601485394796-142x300.jpg 142w\" sizes=\"auto, (max-width: 10px) 100vw, 10px\" \/> Uwe Morawe<\/p>\n\n\n\n<p><span style=\"text-decoration: underline;\">Sonntag, 22. Oktober 2023<\/span><\/p>\n\n\n\n<p><strong style=\"font-style: italic;\">FC Barcelona <strong><em><span><b style=\"font-style: italic;\">\u2013<\/b><\/span><\/em><\/strong><\/strong> <em><strong>Athletic Bilbao (21.00 Uhr)<\/strong><\/em> <br><img loading=\"lazy\" decoding=\"async\" width=\"10\" height=\"21\" class=\"wp-image-3656\" style=\"width: 10px;\" src=\"http:\/\/kommentatorenblog.de\/wp-content\/uploads\/2020\/09\/shure-55sh-ii-e1601485394796.jpg\" alt=\"\" srcset=\"https:\/\/kommentatorenblog.de\/wp-content\/uploads\/2020\/09\/shure-55sh-ii-e1601485394796.jpg 415w, https:\/\/kommentatorenblog.de\/wp-content\/uploads\/2020\/09\/shure-55sh-ii-e1601485394796-142x300.jpg 142w\" sizes=\"auto, (max-width: 10px) 100vw, 10px\" \/> Jan Platte, Experte: Sebastian Knei\u00dfl<\/p>\n\n\n\n<hr class=\"wp-block-separator is-style-default\"\/>\n\n\n\n<p><strong>Serie A (ITA), 9. Spieltag (DAZN)<\/strong><\/p>\n\n\n\n<p><span style=\"text-decoration: underline;\">Samstag, 21. Oktober 2023 <\/span><\/p>\n\n\n\n<p><strong style=\"font-style: italic;\">Hellas Verona <strong><em><span><b style=\"font-style: italic;\">\u2013<\/b><\/span><\/em><\/strong><\/strong> <em><strong>SSC Neapel (15.00 Uhr)<\/strong><\/em> <br><img loading=\"lazy\" decoding=\"async\" width=\"10\" height=\"21\" class=\"wp-image-3656\" style=\"width: 10px;\" src=\"http:\/\/kommentatorenblog.de\/wp-content\/uploads\/2020\/09\/shure-55sh-ii-e1601485394796.jpg\" alt=\"\" srcset=\"https:\/\/kommentatorenblog.de\/wp-content\/uploads\/2020\/09\/shure-55sh-ii-e1601485394796.jpg 415w, https:\/\/kommentatorenblog.de\/wp-content\/uploads\/2020\/09\/shure-55sh-ii-e1601485394796-142x300.jpg 142w\" sizes=\"auto, (max-width: 10px) 100vw, 10px\" \/> Nico Seepe<\/p>\n\n\n\n<p><strong style=\"font-style: italic;\">FC Turin <strong><em><span><b style=\"font-style: italic;\">\u2013<\/b><\/span><\/em><\/strong><\/strong> <em><strong>Inter Mailand (18.00 Uhr)<\/strong><\/em> <br><img loading=\"lazy\" decoding=\"async\" width=\"10\" height=\"21\" class=\"wp-image-3656\" style=\"width: 10px;\" src=\"http:\/\/kommentatorenblog.de\/wp-content\/uploads\/2020\/09\/shure-55sh-ii-e1601485394796.jpg\" alt=\"\" srcset=\"https:\/\/kommentatorenblog.de\/wp-content\/uploads\/2020\/09\/shure-55sh-ii-e1601485394796.jpg 415w, https:\/\/kommentatorenblog.de\/wp-content\/uploads\/2020\/09\/shure-55sh-ii-e1601485394796-142x300.jpg 142w\" sizes=\"auto, (max-width: 10px) 100vw, 10px\" \/> Flo Hauser<\/p>\n\n\n\n<p><span style=\"text-decoration: underline;\">Sonntag, 22. Oktober 2023 <\/span><\/p>\n\n\n\n<p><strong style=\"font-style: italic;\">AS Rom <strong><em><span><b style=\"font-style: italic;\">\u2013<\/b><\/span><\/em><\/strong><\/strong> <em><strong>AC Monza (12.30 Uhr)<\/strong><\/em> <br><img loading=\"lazy\" decoding=\"async\" width=\"10\" height=\"21\" class=\"wp-image-3656\" style=\"width: 10px;\" src=\"http:\/\/kommentatorenblog.de\/wp-content\/uploads\/2020\/09\/shure-55sh-ii-e1601485394796.jpg\" alt=\"\" srcset=\"https:\/\/kommentatorenblog.de\/wp-content\/uploads\/2020\/09\/shure-55sh-ii-e1601485394796.jpg 415w, https:\/\/kommentatorenblog.de\/wp-content\/uploads\/2020\/09\/shure-55sh-ii-e1601485394796-142x300.jpg 142w\" sizes=\"auto, (max-width: 10px) 100vw, 10px\" \/> Nico Seepe<\/p>\n\n\n\n<p><strong style=\"font-style: italic;\">AC Mailand <strong><em><span><b style=\"font-style: italic;\">\u2013<\/b><\/span><\/em><\/strong><\/strong> <em><strong>Juventus Turin (20.45 Uhr)<\/strong><\/em> <br><img loading=\"lazy\" decoding=\"async\" width=\"10\" height=\"21\" class=\"wp-image-3656\" style=\"width: 10px;\" src=\"http:\/\/kommentatorenblog.de\/wp-content\/uploads\/2020\/09\/shure-55sh-ii-e1601485394796.jpg\" alt=\"\" srcset=\"https:\/\/kommentatorenblog.de\/wp-content\/uploads\/2020\/09\/shure-55sh-ii-e1601485394796.jpg 415w, https:\/\/kommentatorenblog.de\/wp-content\/uploads\/2020\/09\/shure-55sh-ii-e1601485394796-142x300.jpg 142w\" sizes=\"auto, (max-width: 10px) 100vw, 10px\" \/> Carsten Fu\u00df, Experte: Christian Bernhard<\/p>\n\n\n\n<hr class=\"wp-block-separator is-style-default\"\/>\n\n\n\n<p><strong>Eredivisie (NED), 8. Spieltag (Sportdigital Fu\u00dfball)<\/strong><\/p>\n\n\n\n<p><span style=\"text-decoration: underline;\">Samstag, 21. Oktober 2023, ab 18.35 Uhr<\/span><\/p>\n\n\n\n<p><strong style=\"font-style: italic;\">PSV Eindhoven <em><strong>\u2013<\/strong><\/em> Fortuna Sittard<\/strong><em><strong> (18.45 Uhr)<\/strong><\/em><br><img loading=\"lazy\" decoding=\"async\" width=\"10\" height=\"21\" class=\"wp-image-3656\" style=\"width: 10px;\" src=\"http:\/\/kommentatorenblog.de\/wp-content\/uploads\/2020\/09\/shure-55sh-ii-e1601485394796.jpg\" alt=\"\" srcset=\"https:\/\/kommentatorenblog.de\/wp-content\/uploads\/2020\/09\/shure-55sh-ii-e1601485394796.jpg 415w, https:\/\/kommentatorenblog.de\/wp-content\/uploads\/2020\/09\/shure-55sh-ii-e1601485394796-142x300.jpg 142w\" sizes=\"auto, (max-width: 10px) 100vw, 10px\" \/> Marvin Kirsch<\/p>\n\n\n\n<p><strong style=\"font-style: italic;\">Feyenoord Rotterdam <em><strong>\u2013<\/strong><\/em> Vitesse Arnheim<\/strong><em><strong> (21.00 Uhr)<\/strong><\/em> <br><img loading=\"lazy\" decoding=\"async\" width=\"10\" height=\"21\" class=\"wp-image-3656\" style=\"width: 10px;\" src=\"http:\/\/kommentatorenblog.de\/wp-content\/uploads\/2020\/09\/shure-55sh-ii-e1601485394796.jpg\" alt=\"\" srcset=\"https:\/\/kommentatorenblog.de\/wp-content\/uploads\/2020\/09\/shure-55sh-ii-e1601485394796.jpg 415w, https:\/\/kommentatorenblog.de\/wp-content\/uploads\/2020\/09\/shure-55sh-ii-e1601485394796-142x300.jpg 142w\" sizes=\"auto, (max-width: 10px) 100vw, 10px\" \/> Jonathan Dreier<\/p>\n\n\n\n<p><span style=\"text-decoration: underline;\">Sonntag, 22. Oktober 2023, ab 12.00 Uhr<\/span><\/p>\n\n\n\n<p><strong style=\"font-style: italic;\">FC Utrecht <em><strong>\u2013<\/strong><\/em> Ajax Amsterdam<\/strong><em><strong> (12.15 Uhr)<\/strong><\/em> <br><img loading=\"lazy\" decoding=\"async\" width=\"10\" height=\"21\" class=\"wp-image-3656\" style=\"width: 10px;\" src=\"http:\/\/kommentatorenblog.de\/wp-content\/uploads\/2020\/09\/shure-55sh-ii-e1601485394796.jpg\" alt=\"\" srcset=\"https:\/\/kommentatorenblog.de\/wp-content\/uploads\/2020\/09\/shure-55sh-ii-e1601485394796.jpg 415w, https:\/\/kommentatorenblog.de\/wp-content\/uploads\/2020\/09\/shure-55sh-ii-e1601485394796-142x300.jpg 142w\" sizes=\"auto, (max-width: 10px) 100vw, 10px\" \/> Karsten Linke<\/p>\n\n\n\n<hr class=\"wp-block-separator is-style-default\"\/>\n\n\n\n<p><strong>Ligue 1 (FRA), 9. Spieltag (DAZN)<\/strong><\/p>\n\n\n\n<p><span style=\"text-decoration: underline;\">Samstag, 21. Oktober 2023 <\/span><\/p>\n\n\n\n<p><strong style=\"font-style: italic;\"><em><strong>Paris Saint-Germain<\/strong><\/em> <strong><em><span><b style=\"font-style: italic;\">\u2013<\/b><\/span><\/em><\/strong><\/strong> <em><strong>Racing Stra\u00dfburg (17.00 Uhr)<\/strong><\/em><br><img loading=\"lazy\" decoding=\"async\" width=\"10\" height=\"21\" class=\"wp-image-3656\" style=\"width: 10px;\" src=\"http:\/\/kommentatorenblog.de\/wp-content\/uploads\/2020\/09\/shure-55sh-ii-e1601485394796.jpg\" alt=\"\" srcset=\"https:\/\/kommentatorenblog.de\/wp-content\/uploads\/2020\/09\/shure-55sh-ii-e1601485394796.jpg 415w, https:\/\/kommentatorenblog.de\/wp-content\/uploads\/2020\/09\/shure-55sh-ii-e1601485394796-142x300.jpg 142w\" sizes=\"auto, (max-width: 10px) 100vw, 10px\" \/> Guido H\u00fcsgen<\/p>\n\n\n\n<p><strong style=\"font-style: italic;\"><em><strong>OGC Nizza<\/strong><\/em> <strong><em><span><b style=\"font-style: italic;\">\u2013<\/b><\/span><\/em><\/strong><\/strong> <em><strong>Olympique Marseille (21.00 Uhr)<\/strong><\/em><br><img loading=\"lazy\" decoding=\"async\" width=\"10\" height=\"21\" class=\"wp-image-3656\" style=\"width: 10px;\" src=\"http:\/\/kommentatorenblog.de\/wp-content\/uploads\/2020\/09\/shure-55sh-ii-e1601485394796.jpg\" alt=\"\" srcset=\"https:\/\/kommentatorenblog.de\/wp-content\/uploads\/2020\/09\/shure-55sh-ii-e1601485394796.jpg 415w, https:\/\/kommentatorenblog.de\/wp-content\/uploads\/2020\/09\/shure-55sh-ii-e1601485394796-142x300.jpg 142w\" sizes=\"auto, (max-width: 10px) 100vw, 10px\" \/> Stefan Galler<\/p>\n\n\n\n<hr class=\"wp-block-separator is-style-default\"\/>\n\n\n\n<p><strong>Division 1A (BEL), 11. Spieltag (Sport1+)<\/strong><\/p>\n\n\n\n<p><span style=\"text-decoration: underline;\">Samstag, 21. Oktober 2023 <\/span><\/p>\n\n\n\n<p><strong style=\"font-style: italic;\"><em><strong>KV Kortrijk<\/strong><\/em> <strong><em><span><b style=\"font-style: italic;\">\u2013<\/b><\/span><\/em><\/strong><\/strong> <em><strong>FC Br\u00fcgge (16.00 Uhr)<\/strong><\/em><br><img loading=\"lazy\" decoding=\"async\" width=\"10\" height=\"21\" class=\"wp-image-3656\" style=\"width: 10px;\" src=\"http:\/\/kommentatorenblog.de\/wp-content\/uploads\/2020\/09\/shure-55sh-ii-e1601485394796.jpg\" alt=\"\" srcset=\"https:\/\/kommentatorenblog.de\/wp-content\/uploads\/2020\/09\/shure-55sh-ii-e1601485394796.jpg 415w, https:\/\/kommentatorenblog.de\/wp-content\/uploads\/2020\/09\/shure-55sh-ii-e1601485394796-142x300.jpg 142w\" sizes=\"auto, (max-width: 10px) 100vw, 10px\" \/> Hans-Joachim Wolff<\/p>\n\n\n\n<hr class=\"wp-block-separator is-style-default\"\/>\n\n\n\n<p><strong>Bundesliga (AUT), 11. Runde (Sky Austria)<\/strong><\/p>\n\n\n\n<p><span style=\"text-decoration: underline;\">Samstag, 21. Oktober 2023, ab 16.00 Uhr<\/span><\/p>\n\n\n\n<p><strong style=\"font-style: italic;\">FC Salzburg <em><strong>\u2013<\/strong><\/em> Linzer ASK<\/strong><em><strong> (17.00 Uhr)<\/strong><\/em><br><img loading=\"lazy\" decoding=\"async\" width=\"10\" height=\"21\" class=\"wp-image-3656\" style=\"width: 10px;\" src=\"http:\/\/kommentatorenblog.de\/wp-content\/uploads\/2020\/09\/shure-55sh-ii-e1601485394796.jpg\" alt=\"\" srcset=\"https:\/\/kommentatorenblog.de\/wp-content\/uploads\/2020\/09\/shure-55sh-ii-e1601485394796.jpg 415w, https:\/\/kommentatorenblog.de\/wp-content\/uploads\/2020\/09\/shure-55sh-ii-e1601485394796-142x300.jpg 142w\" sizes=\"auto, (max-width: 10px) 100vw, 10px\" \/> Martin Konrad (Einzelspiel), David Eder (Konferenz)<\/p>\n\n\n\n<p><strong style=\"font-style: italic;\">SK Sturm Graz <em><strong>\u2013<\/strong><\/em> TSV Hartberg<\/strong><em><strong> (17.00 Uhr)<\/strong><\/em><br><img loading=\"lazy\" decoding=\"async\" width=\"10\" height=\"21\" class=\"wp-image-3656\" style=\"width: 10px;\" src=\"http:\/\/kommentatorenblog.de\/wp-content\/uploads\/2020\/09\/shure-55sh-ii-e1601485394796.jpg\" alt=\"\" srcset=\"https:\/\/kommentatorenblog.de\/wp-content\/uploads\/2020\/09\/shure-55sh-ii-e1601485394796.jpg 415w, https:\/\/kommentatorenblog.de\/wp-content\/uploads\/2020\/09\/shure-55sh-ii-e1601485394796-142x300.jpg 142w\" sizes=\"auto, (max-width: 10px) 100vw, 10px\" \/> Gerfried Pr\u00f6ll (Einzelspiel), Philipp Paternina (Konferenz)<\/p>\n\n\n\n<p><strong style=\"font-style: italic;\">FC Blau-Wei\u00df Linz <em><strong>\u2013<\/strong><\/em> SC Austria Lustenau<\/strong><em><strong> (17.00 Uhr)<\/strong><\/em><br><img loading=\"lazy\" decoding=\"async\" width=\"10\" height=\"21\" class=\"wp-image-3656\" style=\"width: 10px;\" src=\"http:\/\/kommentatorenblog.de\/wp-content\/uploads\/2020\/09\/shure-55sh-ii-e1601485394796.jpg\" alt=\"\" srcset=\"https:\/\/kommentatorenblog.de\/wp-content\/uploads\/2020\/09\/shure-55sh-ii-e1601485394796.jpg 415w, https:\/\/kommentatorenblog.de\/wp-content\/uploads\/2020\/09\/shure-55sh-ii-e1601485394796-142x300.jpg 142w\" sizes=\"auto, (max-width: 10px) 100vw, 10px\" \/> Phillip Lautischer (Einzelspiel), Otto Rosenauer (Konferenz)<\/p>\n\n\n\n<p>Moderation: Constanze Weiss, Experte: Alfred Tatar<\/p>\n\n\n\n<p><span style=\"text-decoration: underline;\">Sonntag, 22. Oktober 2023, ab 13.30 Uhr<\/span><\/p>\n\n\n\n<p><strong style=\"font-style: italic;\">WSG Tirol <em><strong>\u2013<\/strong><\/em> FK Austria Wien<\/strong><em><strong> (14.30 Uhr)<\/strong><\/em><br><img loading=\"lazy\" decoding=\"async\" width=\"10\" height=\"21\" class=\"wp-image-3656\" style=\"width: 10px;\" src=\"http:\/\/kommentatorenblog.de\/wp-content\/uploads\/2020\/09\/shure-55sh-ii-e1601485394796.jpg\" alt=\"\" srcset=\"https:\/\/kommentatorenblog.de\/wp-content\/uploads\/2020\/09\/shure-55sh-ii-e1601485394796.jpg 415w, https:\/\/kommentatorenblog.de\/wp-content\/uploads\/2020\/09\/shure-55sh-ii-e1601485394796-142x300.jpg 142w\" sizes=\"auto, (max-width: 10px) 100vw, 10px\" \/> Johannes Brandt (Einzelspiel), Gerfried Pr\u00f6ll (Konferenz)<\/p>\n\n\n\n<p><strong style=\"font-style: italic;\">SCR Altach <em><strong>\u2013<\/strong><\/em> Wolfsberger AC<\/strong><em><strong> (14.30 Uhr)<\/strong><\/em><br><img loading=\"lazy\" decoding=\"async\" width=\"10\" height=\"21\" class=\"wp-image-3656\" style=\"width: 10px;\" src=\"http:\/\/kommentatorenblog.de\/wp-content\/uploads\/2020\/09\/shure-55sh-ii-e1601485394796.jpg\" alt=\"\" srcset=\"https:\/\/kommentatorenblog.de\/wp-content\/uploads\/2020\/09\/shure-55sh-ii-e1601485394796.jpg 415w, https:\/\/kommentatorenblog.de\/wp-content\/uploads\/2020\/09\/shure-55sh-ii-e1601485394796-142x300.jpg 142w\" sizes=\"auto, (max-width: 10px) 100vw, 10px\" \/> Charly Leitner (Einzelspiel), Johannes Hofer (Konferenz)<\/p>\n\n\n\n<p><span style=\"text-decoration: underline;\">ab 16.30 Uhr<\/span><\/p>\n\n\n\n<p><strong style=\"font-style: italic;\">SK Rapid Wien <em><strong>\u2013<\/strong><\/em> SK Austria Klagenfurt<\/strong><em><strong> (17.00 Uhr)<\/strong><\/em><br><img loading=\"lazy\" decoding=\"async\" width=\"10\" height=\"21\" class=\"wp-image-3656\" style=\"width: 10px;\" src=\"http:\/\/kommentatorenblog.de\/wp-content\/uploads\/2020\/09\/shure-55sh-ii-e1601485394796.jpg\" alt=\"\" srcset=\"https:\/\/kommentatorenblog.de\/wp-content\/uploads\/2020\/09\/shure-55sh-ii-e1601485394796.jpg 415w, https:\/\/kommentatorenblog.de\/wp-content\/uploads\/2020\/09\/shure-55sh-ii-e1601485394796-142x300.jpg 142w\" sizes=\"auto, (max-width: 10px) 100vw, 10px\" \/> Guido Friedrich<\/p>\n\n\n\n<p>Moderation: J\u00f6rg K\u00fcnne, Experte: Andreas Herzog<\/p>\n\n\n\n<hr class=\"wp-block-separator is-style-default\"\/>\n\n\n\n<p><strong>Fortuna:Liga (CZE), 12. Spieltag (Sportdigital Fu\u00dfball)<\/strong><\/p>\n\n\n\n<p><span style=\"text-decoration: underline;\">Sonntag, 22. Oktober 2023, ab 14.50 Uhr<\/span><\/p>\n\n\n\n<p><strong style=\"font-style: italic;\">Sparta Prag <em><strong>\u2013<\/strong><\/em> Dynamo Budweis<\/strong><em><strong> (15.00 Uhr)<\/strong><\/em> <br><img loading=\"lazy\" decoding=\"async\" width=\"10\" height=\"21\" class=\"wp-image-3656\" style=\"width: 10px;\" src=\"http:\/\/kommentatorenblog.de\/wp-content\/uploads\/2020\/09\/shure-55sh-ii-e1601485394796.jpg\" alt=\"\" srcset=\"https:\/\/kommentatorenblog.de\/wp-content\/uploads\/2020\/09\/shure-55sh-ii-e1601485394796.jpg 415w, https:\/\/kommentatorenblog.de\/wp-content\/uploads\/2020\/09\/shure-55sh-ii-e1601485394796-142x300.jpg 142w\" sizes=\"auto, (max-width: 10px) 100vw, 10px\" \/> Jakob Vogel<\/p>\n\n\n\n<hr class=\"wp-block-separator is-style-default\"\/>\n\n\n\n<p><strong>Ekstraklasa (POL), 12. Spieltag (Sportdigital Fu\u00dfball)<\/strong><\/p>\n\n\n\n<p><span style=\"text-decoration: underline;\">Sonntag, 22. Oktober 2023, ab 17.20 Uhr<\/span><\/p>\n\n\n\n<p><strong style=\"font-style: italic;\">G\u00f3rnik Zabrze <em><strong>\u2013<\/strong><\/em> Rak\u00f3w Cz\u0119stochowa<\/strong><em><strong> (17.30 Uhr)<\/strong><\/em> <br><img loading=\"lazy\" decoding=\"async\" width=\"10\" height=\"21\" class=\"wp-image-3656\" style=\"width: 10px;\" src=\"http:\/\/kommentatorenblog.de\/wp-content\/uploads\/2020\/09\/shure-55sh-ii-e1601485394796.jpg\" alt=\"\" srcset=\"https:\/\/kommentatorenblog.de\/wp-content\/uploads\/2020\/09\/shure-55sh-ii-e1601485394796.jpg 415w, https:\/\/kommentatorenblog.de\/wp-content\/uploads\/2020\/09\/shure-55sh-ii-e1601485394796-142x300.jpg 142w\" sizes=\"auto, (max-width: 10px) 100vw, 10px\" \/> Christian Blunck<\/p>\n\n\n\n<hr class=\"wp-block-separator is-style-default\"\/>\n\n\n\n<hr class=\"wp-block-separator\"\/>\n\n\n\n<p><strong>Campeonato Brasileiro (BRA), 28. Spieltag (Sportdigital Fu\u00dfball)<\/strong><\/p>\n\n\n\n<p><span style=\"text-decoration: underline;\">Samstag, 21. Oktober 2023<\/span><\/p>\n\n\n\n<p><strong style=\"font-style: italic;\">FC S\u00e3o Paulo <em><strong>\u2013<\/strong><\/em> Gr\u00eamio Porto Alegre<\/strong><em><strong> (23.30 Uhr)<\/strong><\/em> <br><img loading=\"lazy\" decoding=\"async\" width=\"10\" height=\"21\" class=\"wp-image-3656\" style=\"width: 10px;\" src=\"http:\/\/kommentatorenblog.de\/wp-content\/uploads\/2020\/09\/shure-55sh-ii-e1601485394796.jpg\" alt=\"\" srcset=\"https:\/\/kommentatorenblog.de\/wp-content\/uploads\/2020\/09\/shure-55sh-ii-e1601485394796.jpg 415w, https:\/\/kommentatorenblog.de\/wp-content\/uploads\/2020\/09\/shure-55sh-ii-e1601485394796-142x300.jpg 142w\" sizes=\"auto, (max-width: 10px) 100vw, 10px\" \/> Marcus Radefeld<\/p>\n\n\n\n<p><span style=\"text-decoration: underline;\">Sonntag, 22. Oktober 2023<\/span><\/p>\n\n\n\n<p><strong style=\"font-style: italic;\">CA Bragantino <em><strong>\u2013<\/strong><\/em> Fluminense Rio de Janeiro<\/strong><em><strong> (23.30 Uhr)<\/strong><\/em> <br><img loading=\"lazy\" decoding=\"async\" width=\"10\" height=\"21\" class=\"wp-image-3656\" style=\"width: 10px;\" src=\"http:\/\/kommentatorenblog.de\/wp-content\/uploads\/2020\/09\/shure-55sh-ii-e1601485394796.jpg\" alt=\"\" srcset=\"https:\/\/kommentatorenblog.de\/wp-content\/uploads\/2020\/09\/shure-55sh-ii-e1601485394796.jpg 415w, https:\/\/kommentatorenblog.de\/wp-content\/uploads\/2020\/09\/shure-55sh-ii-e1601485394796-142x300.jpg 142w\" sizes=\"auto, (max-width: 10px) 100vw, 10px\" \/> Henrik Hinrichsen<\/p>\n\n\n\n<hr class=\"wp-block-separator is-style-default\"\/>\n\n\n\n<p><strong>A-League (AUS), 1. Spieltag (Sportdigital Fu\u00dfball)<\/strong><\/p>\n\n\n\n<p><span style=\"text-decoration: underline;\">Freitag, 20. Oktober 2023, ab 10.30 Uhr<\/span><\/p>\n\n\n\n<p><strong style=\"font-style: italic;\">Adelaide United <em><strong>\u2013<\/strong><\/em> Central Coast Mariners<\/strong><em><strong> (10.45 Uhr)<\/strong><\/em> <br><img loading=\"lazy\" decoding=\"async\" width=\"10\" height=\"21\" class=\"wp-image-3656\" style=\"width: 10px;\" src=\"http:\/\/kommentatorenblog.de\/wp-content\/uploads\/2020\/09\/shure-55sh-ii-e1601485394796.jpg\" alt=\"\" srcset=\"https:\/\/kommentatorenblog.de\/wp-content\/uploads\/2020\/09\/shure-55sh-ii-e1601485394796.jpg 415w, https:\/\/kommentatorenblog.de\/wp-content\/uploads\/2020\/09\/shure-55sh-ii-e1601485394796-142x300.jpg 142w\" sizes=\"auto, (max-width: 10px) 100vw, 10px\" \/> Jakob Vogel<\/p>\n\n\n\n<p><span style=\"text-decoration: underline;\">Samstag, 21. Oktober 2023, ab 10.35 Uhr<\/span><\/p>\n\n\n\n<p><strong style=\"font-style: italic;\">Sydney FC <em><strong>\u2013<\/strong><\/em> Melbourne Victory<\/strong><em><strong> (10.45 Uhr)<\/strong><\/em> <br><img loading=\"lazy\" decoding=\"async\" width=\"10\" height=\"21\" class=\"wp-image-3656\" style=\"width: 10px;\" src=\"http:\/\/kommentatorenblog.de\/wp-content\/uploads\/2020\/09\/shure-55sh-ii-e1601485394796.jpg\" alt=\"\" srcset=\"https:\/\/kommentatorenblog.de\/wp-content\/uploads\/2020\/09\/shure-55sh-ii-e1601485394796.jpg 415w, https:\/\/kommentatorenblog.de\/wp-content\/uploads\/2020\/09\/shure-55sh-ii-e1601485394796-142x300.jpg 142w\" sizes=\"auto, (max-width: 10px) 100vw, 10px\" \/> Christian Blunck<\/p>\n\n\n\n<hr class=\"wp-block-separator is-style-default\"\/>\n\n\n\n<p><strong>Saudi Pro League (KSA), 10. Spieltag (Sportdigital Fu\u00dfball)<\/strong><\/p>\n\n\n\n<p><span style=\"text-decoration: underline;\">Freitag, 20. Oktober 2023, ab 16.50 Uhr<\/span><\/p>\n\n\n\n<p><strong style=\"font-style: italic;\">Al-Taawoun FC <em><strong>\u2013<\/strong><\/em> Al-Ittihad Club<\/strong><em><strong> (17.00 Uhr)<\/strong><\/em> <br><img loading=\"lazy\" decoding=\"async\" width=\"10\" height=\"21\" class=\"wp-image-3656\" style=\"width: 10px;\" src=\"http:\/\/kommentatorenblog.de\/wp-content\/uploads\/2020\/09\/shure-55sh-ii-e1601485394796.jpg\" alt=\"\" srcset=\"https:\/\/kommentatorenblog.de\/wp-content\/uploads\/2020\/09\/shure-55sh-ii-e1601485394796.jpg 415w, https:\/\/kommentatorenblog.de\/wp-content\/uploads\/2020\/09\/shure-55sh-ii-e1601485394796-142x300.jpg 142w\" sizes=\"auto, (max-width: 10px) 100vw, 10px\" \/> Ulf Kahmke<\/p>\n\n\n\n<hr class=\"wp-block-separator\"\/>\n\n\n\n<p><strong>Women&#8217;s Champions League (DAZN)<\/strong><\/p>\n\n\n\n<p><span style=\"text-decoration: underline;\">Freitag, 20. Oktober 2023<\/span><\/p>\n\n\n\n<p><strong style=\"font-style: italic;\">Auslosung Gruppenphase<\/strong><em><strong> (13.00 Uhr)<\/strong><\/em> <br><img loading=\"lazy\" decoding=\"async\" width=\"10\" height=\"21\" class=\"wp-image-3656\" style=\"width: 10px;\" src=\"http:\/\/kommentatorenblog.de\/wp-content\/uploads\/2020\/09\/shure-55sh-ii-e1601485394796.jpg\" alt=\"\" srcset=\"https:\/\/kommentatorenblog.de\/wp-content\/uploads\/2020\/09\/shure-55sh-ii-e1601485394796.jpg 415w, https:\/\/kommentatorenblog.de\/wp-content\/uploads\/2020\/09\/shure-55sh-ii-e1601485394796-142x300.jpg 142w\" sizes=\"auto, (max-width: 10px) 100vw, 10px\" \/> Nico Seepe<\/p>\n\n\n\n<hr class=\"wp-block-separator is-style-default\"\/>\n\n\n\n<hr class=\"wp-block-separator is-style-default\"\/>\n\n\n\n<p><strong><code>ANALYSE<\/code><\/strong><\/p>\n\n\n\n<p><strong>Urs Meier jetzt bei DAZN<\/strong><\/p>\n\n\n\n<p>Bundesliga-Sender DAZN hat Neues zu vermelden, was die Bundesliga-Berichterstattung angeht: Mit Urs Meier, lange Jahre beim ZDF, wird es k\u00fcnftig einen Schiedsrichter-Experten geben. Der Schweizer wird beim Rheinischen Derby zum ersten Mal zum Einsatz kommen und dabei in etwas anderer Form die Vorberichterstattung begleiten: Das Schiedsrichter-Gespann und die -Ansetzung erkl\u00e4ren, die Vorbereitung auf ein Derby. W\u00e4hrend des Spiels nimmt er nach unseren Infos dann auch neben dem Kommentatoren-Duo Mario Rieker und Jonas Hummels Platz nehmen und k\u00f6nnte bei strittigen Entscheidungen auch in die \u00dcbertragung eingeklinkt werden. Wie wir erfahren konnten, soll dies aber nicht routinem\u00e4\u00dfig bei allen Strafraumentscheidungen passieren &#8211; wie es etwa Prime Video mit Wolfgang Stark handhabt &#8211; sondern nur dosiert in Ausnahmef\u00e4llen.<br>Komplettiert wird die reine Stadion-Crew beim Derby am Sonntag \u00fcbrigens von Field-Reporter Marco Hagemann und Moderatorin Laura Wontorra.<\/p>\n\n\n\n<p>Wie beurteilt ihr die Personalie Urs Meier bei DAZN?<\/p>\n\n\n\n<p>Die zweite Sonntagspartie zwischen Heidenheim und Augsburg kommt dann aus der Box. Einzig Field-Reporter Tobi Wahnschaffe ist im Stadion des Aufsteigers zugegen. Wenn meine Recherchen stimmen, d\u00fcrfte die Partie f\u00fcr Max Gross der erste Bundesliga-Einzelspiel-Einsatz seit dem 30. Spieltag der Saison 2021\/22 sein. <\/p>\n\n\n\n<p>Der Freitagabend kommt bei DAZN mit 45 Minuten Vorlauf und Jan Platte, Sami Khedira und Alex Schl\u00fcter aus dem Westfalenstadion, Freddy Harder geht auf Stimmenfang.  <\/p>\n\n\n\n<p><strong>Buschi zur\u00fcck, Fokus auf Stuttgart<\/strong><\/p>\n\n\n\n<p>Zum ersten Mal im Oktober kommt Frank Buschmann in der Konferenz zum Einsatz und begleitet dort die durchaus interessante Partie zwischen Union und Stuttgart. Auch im Einzelfeed besetzt Sky dieses Spiel prominent: Kai Dittmann und Patrick Wasserziehr verschl\u00e4gt es an die Alte F\u00f6rsterei. Die Konferenz wird am Samstagnachmittag komplettiert von Roland Evers, Toni Tomic, Oliver Seidler und Martin Gro\u00df. <\/p>\n\n\n\n<p>Zum tabellenm\u00e4\u00dfigen Topspiel Wolfsburg-Leverkusen reisen Marcus Lindemann und Karsten Petrzika in die Arena an der Berliner Br\u00fccke. Bei den weiteren Field-Reportern am Samstagnachmittag fallen Viola Weiss und Torben Hoffmann auf, die nicht so regelm\u00e4\u00dfig im Einsatz sind, weil eher bei SSN beheimatet.<\/p>\n\n\n\n<p>Beim &#8211; etwas seltsam anmutenden &#8211; Topspiel zwischen dem Vorletzten und dem Dritten der Liga komplettieren Britta Hofmann und Julia Simic das ansonsten angestammte 17:30-Team von Sky.<\/p>\n\n\n\n<p><strong>Frauen-Bundesliga: Unterschiedlicher Fokus, Unklarheit bei SGE-MSV<\/strong><\/p>\n\n\n\n<p>Wie schon in den vergangenen Wochen zeigt sich ein unterschiedlicher Fokus der co-\u00fcbertragenden Sender. Magenta geht erneut auf den Freitag, dieses Mal mit dem &#8222;anderen&#8220; rheinischen Derby. DAZN geht laut Programmvorschau auf die Partie zwischen WCL-Teilnehmer Frankfurt und dem MSV. Da aber Tobi Wahnschaffe zeitgleich auf Stimmenfang in Heidenheim ist und das Duo Theil\/Knaak beim Spitzenspiel Wolfsburg-Hoffenheim im Einsatz sein wird, gehe ich von einem Fehler aus. <br>Sport1 ist am Sonntag bei Leipzig-Bayern mit von der Partie.<\/p>\n\n\n\n<p><strong>Friedhelm Funkel ist zur\u00fcck!<\/strong><\/p>\n\n\n\n<p>..ebenso wie gewohnt am Samstagabend in der 2. Bundesliga, wo die Fortuna den 1. FC Kaiserslautern empf\u00e4ngt. W\u00e4hrend bei Sky dabei mit Stefan Hempel und Torsten Mattuschka beide Positionen immer fix sind, ist beim Free-TV-Sender seit dieser Saison keine Konstante mehr vorhanden. Die Moderatorinnen-Frage beantwortet sich diese Woche mit Katharina Kleinfeldt, die Kommentatoren-Frage mit Markus H\u00f6hner und die Fielder-Frage mit Oliver M\u00fcller. Als Experte wird Friedhelm Funkel im Einsatz sein, der bekanntlich die Fortuna als Erfolgstrainer betreute und f\u00fcr Lautern spielte. Sein letzter Einsatz f\u00fcr Sport1 liegt bereits im Jahr 2021 zur\u00fcck &#8211; damals ebenfalls bei einem D\u00fcsseldorf-Heimspiel.<\/p>\n\n\n\n<p><strong>Ausland: Top-Samstag in \u00d6sterreich und England, Italien-Spitzenspiel am Sonntag<\/strong><\/p>\n\n\n\n<p>Noch ein kurzer Blick auf den Rest: Eine durchaus attraktive &#8211; und f\u00fcr deutsche Verh\u00e4ltnisse ungew\u00f6hnliche &#8211; Samstags-Konferenz hat die \u00f6sterreichische Bundesliga zu bieten: Die Top-4 der Liga sind gegeneinander im Einsatz. Graz empf\u00e4ngt Hartberg, Salzburg den LASK. Zu sehen ist die Konferenz wie auch alle Einzelspiele auch in Deutschland bei Sky Sport Austria 1-4.<\/p>\n\n\n\n<p>Auch in der Premier League stehen einige Topspiele am Samstag an. Die CL-Teilnehmer werden von Jogi Hebel, Schmiso, Markus Gaupp und Markus G\u00f6tz den ganzen Samstag \u00fcber bei Sky Sport Premier League bzw. Sky Sport Mix begleitet. Zudem er\u00f6ffnet Uli Hebel den Nachmittag mit dem Merseyside Derby. <\/p>\n\n\n\n<p>Stefan Galler kommt am Samstagabend noch die Begleitung der Paarung Nizza-Marseille zu, die in der Vergangenheit h\u00e4ufiger als &#8222;Skandal-Derby&#8220; negativ von sich reden machte. 24 Stunden sp\u00e4ter stehen sich dann nicht unweit davon in Mailand zwei der erfolgreichsten italienischen Klubs gegen\u00fcber: Milan empf\u00e4ngt Juve &#8211; ein Fall f\u00fcr Carsten Fu\u00df und Christian Bernhard!<\/p>\n\n\n\n<p> Damit viel Spa\u00df am ersten Bundesliga-Wochenende nach der L\u00e4nderspielpause! Schreibt uns gerne in die Kommentare, wie euch solche Interviews mit ausf\u00fchrlichen Einblicken gefallen:<\/p>\n","protected":false},"excerpt":{"rendered":"<p>N&#8217;Abend allerseits,in diesem Beitrag gibt es f\u00fcr euch Teil 2 unseres exklusiven Interviews mit ZDF-Reporterin Franzi M\u00fcllers (Foto: Matthias Dersch). Nachdem wir im ersten Teil am Montag einiges \u00fcber ihren Werdegang und die Sport-Gro\u00dfereignisse, die sie begleiten durfte, erfahren konnten, geht es heute unter anderem um ihren Alltag beim ZDF als Fieldreporterin und bei Social [&hellip;]<\/p>\n","protected":false},"author":16,"featured_media":0,"comment_status":"open","ping_status":"open","sticky":false,"template":"","format":"standard","meta":{"footnotes":""},"categories":[424],"tags":[],"class_list":["post-15742","post","type-post","status-publish","format-standard","hentry","category-bundesliga-und-co"],"_links":{"self":[{"href":"https:\/\/kommentatorenblog.de\/index.php?rest_route=\/wp\/v2\/posts\/15742","targetHints":{"allow":["GET"]}}],"collection":[{"href":"https:\/\/kommentatorenblog.de\/index.php?rest_route=\/wp\/v2\/posts"}],"about":[{"href":"https:\/\/kommentatorenblog.de\/index.php?rest_route=\/wp\/v2\/types\/post"}],"author":[{"embeddable":true,"href":"https:\/\/kommentatorenblog.de\/index.php?rest_route=\/wp\/v2\/users\/16"}],"replies":[{"embeddable":true,"href":"https:\/\/kommentatorenblog.de\/index.php?rest_route=%2Fwp%2Fv2%2Fcomments&post=15742"}],"version-history":[{"count":12,"href":"https:\/\/kommentatorenblog.de\/index.php?rest_route=\/wp\/v2\/posts\/15742\/revisions"}],"predecessor-version":[{"id":15814,"href":"https:\/\/kommentatorenblog.de\/index.php?rest_route=\/wp\/v2\/posts\/15742\/revisions\/15814"}],"wp:attachment":[{"href":"https:\/\/kommentatorenblog.de\/index.php?rest_route=%2Fwp%2Fv2%2Fmedia&parent=15742"}],"wp:term":[{"taxonomy":"category","embeddable":true,"href":"https:\/\/kommentatorenblog.de\/index.php?rest_route=%2Fwp%2Fv2%2Fcategories&post=15742"},{"taxonomy":"post_tag","embeddable":true,"href":"https:\/\/kommentatorenblog.de\/index.php?rest_route=%2Fwp%2Fv2%2Ftags&post=15742"}],"curies":[{"name":"wp","href":"https:\/\/api.w.org\/{rel}","templated":true}]}}