{"id":15773,"date":"2023-10-16T16:21:20","date_gmt":"2023-10-16T14:21:20","guid":{"rendered":"https:\/\/kommentatorenblog.de\/?p=15773"},"modified":"2023-10-17T22:32:36","modified_gmt":"2023-10-17T20:32:36","slug":"1371-ueber-karaoke-abende-us-wahlen-und-dauerkarten-interview-mit-franzi-muellers-teil-1","status":"publish","type":"post","link":"https:\/\/kommentatorenblog.de\/?p=15773","title":{"rendered":"1371 &#8211; \u00dcber Karaoke-Abende, US-Wahlen und Dauerkarten &#8211; Interview mit Franzi M\u00fcllers (Teil 1)"},"content":{"rendered":"\n<div class=\"wp-block-media-text alignwide has-media-on-the-right is-stacked-on-mobile is-image-fill\"><figure class=\"wp-block-media-text__media\" style=\"background-image:url(http:\/\/kommentatorenblog.de\/wp-content\/uploads\/2023\/10\/Franzi-Muellers-e1697398851453.jpg);background-position:49% 40%\"><img decoding=\"async\" src=\"http:\/\/kommentatorenblog.de\/wp-content\/uploads\/2023\/10\/Franzi-Muellers-e1697398851453.jpg\" alt=\"\" class=\"wp-image-15775 size-full\"\/><\/figure><div class=\"wp-block-media-text__content\">\n<p><em>N&#8217;Abend allerseits,<br>wie bereits angek\u00fcndigt, haben wir diese Woche wieder ein Interview f\u00fcr euch! Im September konnte ich mit ZDF-Reporterin <strong>Franzi M\u00fcllers<\/strong> (Foto: Matthias Dersch) sprechen. Im heutigen ersten Teil des Interviews geht es unter anderem um ihren Werdegang und die Sport-Gro\u00dfereignisse, die sie f\u00fcrs ZDF begleiten durfte:<\/em><\/p>\n<\/div><\/div>\n\n\n\n<p><strong>Kommentatorenblog: Franzi, was polarisiert mehr: Eine Fu\u00dfball-Weltmeisterschaft oder eine US-Pr\u00e4sidentschaftswahl?&nbsp;<\/strong><\/p>\n\n\n\n<p><strong>Franzi M\u00fcllers: <\/strong>Ehrlich gesagt: eine WM. Wobei die Pr\u00e4sidentschaftswahl in den USA, die ich mitgemacht habe, auch sehr polarisiert hat. Aber auf eine andere Art. Eine Weltmeisterschaft ist emotional und man hat viele G\u00e4nsehautmomente. Die hatte ich bei der Wahl, wenn dann vor allem, weil man nie so wusste, was passiert.<br>Ich war w\u00e4hrend der Wahlnacht 2020 in Washington. Es war v\u00f6llig unklar, ob es Ausschreitungen geben k\u00f6nnte, deswegen waren wir zur Sicherheit sehr gut ausger\u00fcstet: mit Schutzwesten, mit Gasmasken, mit Helmen, \u2026Das war eine andere Art von G\u00e4nsehaut.<\/p>\n\n\n\n<p><strong>Meine Frage kam jetzt ja nicht ganz unbegr\u00fcndet. Bevor wir dich als Reporterin beim ZDF Sportstudio kennengelernt haben, warst du f\u00fcr das ZDF als Journalistin\/Producerin 2020\/21 in den USA und hast von dort \u00fcber die politisch wahrscheinlich schwierigste Zeit des Landes seit 2001 berichtet. Was macht das ganze anders in der Berichterstattung im Vergleich zum Sportereignis?<\/strong><\/p>\n\n\n\n<p>Boah, das ist eine schwierige Frage. Du berichtest auf eine andere Art und Weise. Meine Zeit in den USA war eine sehr ereignisreiche Zeit, die man selten so hat &#8211; au\u00dfer, wie du schon angesprochen hast, rund um den 11. September 2001 vielleicht. Ich bin r\u00fcbergezogen und einen Monat sp\u00e4ter traf die Corona-Pandemie auch die USA. Der Travel Ban umfasste meine komplette Zeit dort. Bedeutet, es konnte mich niemand besuchen, weil keiner einreisen durfte &#8211; und die ersten zehn Monate durfte auch ich das Land nicht Richtung Deutschland\/Europa verlassen, weil ich sonst nicht mehr h\u00e4tte einreisen d\u00fcrfen.&nbsp;<\/p>\n\n\n\n<p>Aber ich habe mich dadurch komplett in die Arbeit gest\u00fcrzt und es war wahnsinnig aufregend: Corona-Pandemie, der Beginn der Black Lives Matter-Bewegung ausgel\u00f6st durch den Tod von George Floyd, die Wahlberichterstattung, der Sturm aufs Capitol.&nbsp;<br>Auf eine Art auch emotional, weil du viele Leute kennenlernst und die US-Amerikaner sind ja sowieso noch mal ein bisschen emotionaler.<br>Eine wahnsinnige aufregende Zeit, dennoch muss ich sagen, die Sportberichterstattung macht mir noch etwas mehr Spa\u00df.<\/p>\n\n\n\n<p><strong>Entsprechend nehme ich an, dass dein Weg in die Sportberichterstattung schon immer dein Wunsch war. Im Fr\u00fchjahr 2021 bist du ja dann innerhalb des ZDF zum <\/strong><strong><em>sportstudio <\/em><\/strong><strong>gewechselt. Wie kam das zustande?&nbsp;<\/strong><\/p>\n\n\n\n<p>Ich war immer schon wahnsinnig sportbegeistert, habe selbst lange Fu\u00dfball, Volleyball gespielt, bin auch lange geritten. Also viele Sportarten ausprobiert, viele noch l\u00e4nger ausge\u00fcbt.<br>Ich war mit meinem Vater schon fr\u00fch regelm\u00e4\u00dfig im Stadion, damals noch auf dem B\u00f6kelberg. 2011 habe ich mir dann eine Dauerkarte f\u00fcr die Elf vom Niederrhein gekauft, nachdem die Gladbacher in Bochum die Relegation \u00fcberstanden hatten. Damals hatten drei Freundinnen und ich beschlossen: \u201cWenn sie in der Liga bleiben, holen wir uns eine Dauerkarte\u201d. Alle anderen Leute meinten nur: \u201cSeid ihr dumm, warum gebt ihr daf\u00fcr Geld aus?\u201d. Und zack, vierter Platz. <em>(lacht)&nbsp;<\/em><\/p>\n\n\n\n<p>Als Sch\u00fclerin habe ich mit einem Praktikum bei der Lokalzeitung begonnen und dort immer wieder auch ein bisschen was beim Sport gemacht. Aber ich wollte mich damals nicht komplett darauf festlegen, denn ich hatte damals einen Artikel von einem Sportjournalisten gelesen, der im Sport angefangen hat und nicht mehr \u2018raus\u2019 kam, als er nicht mehr Sportberichterstattung machen wollte. Hintergrund: Sport bedeutet oft Abend- und Wochenendarbeit. Das hat mich irgendwie gepr\u00e4gt damals.&nbsp;<br>Also habe ich erst einmal klassisch im Lokaljournalismus begonnen. W\u00e4hrend meines Studiums habe ich parallel f\u00fcr eine Doku-Redaktion beim WDR gearbeitet, habe Praktika beim ZDF gemacht an verschiedensten Stellen (<em>Anm.: <\/em>im Auslandsstudio Singapur, im Bereich Politik und Zeitgeschehen und bei den Kindernachrichten <em>logo!<\/em>). Nach dem Studium habe ich mich um ein Volontariat bem\u00fcht und dann, auf Anraten einer Mentorin damals beim ZDF, &#8211; komplett absurd &#8211; ein Volontariat im Boulevard bei <em>taff<\/em> bei ProSieben begonnen.<\/p>\n\n\n\n<p><strong>&#8230;da habe ich ein paar Beitr\u00e4ge bei YouTube gesehen.<\/strong><\/p>\n\n\n\n<p>Hast du gesehen? Also es war schon absurd, weil ich den Boulevard-Bereich \u00fcberhaupt nicht als meinen Bereich wahrgenommen habe. Aber im Nachhinein war es eine sehr gute Entscheidung: Ich habe sehr viel gelernt, war viel unterwegs, habe wahnsinnig viel gedreht. Es gab bei ProSieben damals kein einziges Auslandsstudio, deshalb haben die Volont\u00e4re und Redakteure weltweit gedreht. Ich bin viel gereist, habe viele Leute kennengelernt und den Job einfach so von der Pike auf gelernt. Von den Erfahrungen zehre ich bis heute.&nbsp;<br>Da ich mit Promis nicht wirklich etwas anfangen konnte, habe ich mir meine eigene Nische gesucht. Wenn\u2019s Sportthemen gab, habe ich diese h\u00e4ufig bzw. fast immer abgedeckt. Ich war zum Beispiel mal drei Tage bei der TSG Hoffenheim in der Jugendakademie und habe zwei Jugendspieler begleitet &#8211; zum Thema Druck im Nachwuchsfu\u00dfball. Normalerweise kein Thema, das du bei <em>taff<\/em> siehst, aber es hat ganz gut funktioniert.&nbsp;<br>Oder &#8211; was du auf YouTube gesehen hast &#8211; ich hatte meine eigene Rubrik: \u201c<em>taff hautnah<\/em>\u201d. Darin habe ich Sachen ausprobiert, die ich schon immer mal machen wollte: Ich war als Flugbegleiterin in Tokio, war als \u201cPilotin\u201d mit der Luftwaffe in Jordanien im Einsatz, habe ein paar Tage auf einer Alm gelebt und K\u00fche gemolken, war f\u00fcr zwei Tage Tanzmariechen im K\u00f6lner Karneval, weil ich geb\u00fcrtig aus NRW komme, und war als Sea-Food-Liebhaberin Krabben fischen auf einem Fischkutter in der Nordsee.<\/p>\n\n\n\n<p>Dann bin ich ein Jahr nach meinem Volo von ProSieben zum ZDF gewechselt &#8211; nach Washington D.C.. Ich hatte mir schon vorab vorgenommen, dass ich das nur f\u00fcr eine begrenzte Zeit mache. Ich war dort als Producerin, also zust\u00e4ndig f\u00fcrs Recherchieren, f\u00fcr Interviews und Drehs. Die Beitr\u00e4ge werden von den Korrespondenten gefertigt &#8211; und genau das, das Beitr\u00e4ge machen, hat mir einfach gefehlt.<br>Das war der Moment, in dem ich beschloss, endlich in den Sportjournalismus zu gehen. Ich habe dann zwar intern mehrere Gespr\u00e4che gef\u00fchrt, auch mit dem <em>heute journal<\/em>, aber im Endeffekt habe ich mich f\u00fcr den Sport entschieden. Und heute muss ich sagen: Es war die richtige Entscheidung.<\/p>\n\n\n\n<p><strong>Du hast ja in deinen zweieinhalb Jahren beim ZDF <\/strong><strong><em>sportstudio <\/em><\/strong><strong>schon einige Sportgro\u00dfveranstaltungen als Reporterin vor Ort erlebt. Wie w\u00fcrdest du die Stimmung, deine Rolle und das Geschehen vor Ort jeweils kurz beschreiben?<\/strong><\/p>\n\n\n\n<ul class=\"wp-block-list\"><li><strong>Dein erstes Event war Olympia 2021 in Tokio.<\/strong><br>Verr\u00fcckt, weil mitten in der Pandemie. Wahnsinnig tolle Erfahrungen, weil mein erstes Gro\u00dfevent. Und super kollegialer Umgang, weil wir alle in der gleichen Situation gesteckt haben. Wir durften zwei Wochen nur zum Arbeiten raus aus dem Hotel, 15 Minuten t\u00e4glich in einen Supermarkt direkt neben dem Hotel. Und halt ins IBC (<em>Anm.: <\/em>International Broadcast Center) sowie zu den Olympischen Sportst\u00e4tten. Nach dieser Quarant\u00e4ne von zwei Wochen hatten dann die meisten von uns noch f\u00fcnf Tage vor Ort, in denen wir alles Verpasste nachgeholt haben. Dazu geh\u00f6rten unter anderem legend\u00e4re Karaoke-Abende mit unter anderem B\u00e9la R\u00e9thy, Jochen Breyer, Sven Voss &#8211; das war un\u00fcbertrefflich!<\/li><\/ul>\n\n\n\n<ul class=\"wp-block-list\"><li><strong>Ein halbes Jahr sp\u00e4ter ging\u2019s dann schon weiter mit den Olympischen Winterspielen 2022 in Peking.<\/strong><br>Daf\u00fcr gibt es eigentlich nur ein Wort: Hart! Es war gef\u00fchlt wie im Gef\u00e4ngnis, dauerhafte \u00dcberwachung &#8211; sowohl sichtbare als auch unsichtbare. Ich bin mir ziemlich sicher, dass wir abgeh\u00f6rt wurden. Insgesamt eine krasse Erfahrung, die es so hoffentlich nie wieder geben wird. F\u00fcr uns Journalisten und vor allem f\u00fcr die Sportler!&nbsp;<br>Aber f\u00fcr mich pers\u00f6nlich war es ein sehr, sehr gro\u00dfer Schritt, den ich da gemacht habe. Mein damaliger Chef rief mich Samstagmorgen eineinhalb Wochen vor dem eigentlichen Abflug des ZDF-Teams an und fragte, ob ich schon einige Tage fr\u00fcher fliegen k\u00f6nnte. Ich sollte dann die Vorberichterstattung machen, denn jemand fiel mit Corona aus. Nach kurzem Nachdenken habe ich zugesagt und musste dann sofort zum Corona-Test &#8211; ohne mehrfaches Vorabtesten keine Einreise. In China stand dann einen Tag nach meiner Ankunft die erste Live-Schalte meines Lebens an. Zwar noch mit ein bisschen Jetlag, aber so viel Adrenalin, dass es wunderbar funktionierte. Gef\u00fchlt hab ich die Zeit, bis die anderen kamen, durchgearbeitet: Alle wollten Beitr\u00e4ge von vor Ort haben: das <em>aktuelle sportstudio<\/em>, die <em>sportstudio reportage<\/em>, die Nachrichten. Insgesamt war die Zeit sehr pr\u00e4gend.<\/li><\/ul>\n\n\n\n<ul class=\"wp-block-list\"><li><strong>Dann folgte vergangenes Jahr auch noch das Sommerm\u00e4rchen mit der Fu\u00dfball-EM der Frauen 2022 in England.<\/strong><br>Das war anders als die Events zuvor. Lag nat\u00fcrlich auch daran, dass die Pandemie langsam abflachte.&nbsp;Ich war dazwischen ja schon Field-Reporterin in der Bundesliga gewesen &#8211; und die EM war f\u00fcr mich einfach ein ganz gro\u00dfer Unterschied, weil die Frauenmannschaften und das Drumherum einfach sehr viel offener waren.<br>Ich war nicht mit den Deutschen unterwegs, sondern habe vor allem die Schweizerinnen, \u00d6sterreicherinnen und Schwedinnen begleitet und bin daf\u00fcr quer durch England gefahren. Es wurde im Turnierverlauf auch immer wieder was umgeschmissen. Da wurde ich dann recht spontan England runter und wieder rauf geschickt. Spontan, aber es war super spannend.<\/li><\/ul>\n\n\n\n<ul class=\"wp-block-list\"><li><strong>Wenig sp\u00e4ter hier in M\u00fcnchen die European Championships 2022.<\/strong><br>Das war krass, weil ich ja in M\u00fcnchen wohne und im Voraus in der Stadt nicht viel davon mitbekommen habe. Ich dachte: Ob da wirklich Stimmung aufkommen kann? Und dann fing dieses Event an und gef\u00fchlt sind innerhalb von wenigen Stunden alle auf den Zug aufgesprungen. Die Stadien und Sportst\u00e4tten waren voll. Ich war damals auch privat im Stadion, als Gina L\u00fcckenkemper Europameisterin wurde und das war G\u00e4nsehaut pur.&nbsp;<br>Von der Arbeit her war es ein bisschen anstrengender aus der eigenen Stadt heraus, aber auch cool. Ich bin die ganze Zeit nur mit dem Fahrrad rumgefahren. ZDF und ARD haben da insgesamt eine sogenannte \u201cGreen Production\u201d gemacht, also nur \u00f6ffentliche Verkehrsmittel oder Fahrr\u00e4der. Selbst die Kamerateams sind vor allem mit Lastenr\u00e4dern rumgefahren statt mit Autos.<br>Als Reporterin habe ich das Klettern begleitet, ich hatte vorher noch nicht so viele Ber\u00fchrungspunkte mit dem Sport, aber die Sportler haben es uns Journalisten echt leicht gemacht. Getragen von den Zuschauern, denn die Stimmung am K\u00f6nigsplatz war wirklich krass, eine der besten in ganz M\u00fcnchen. Das Event geh\u00f6rt schon zu meinen Top 3 insgesamt, einfach von der Stimmung und Emotionalit\u00e4t her.&nbsp;&nbsp;<\/li><\/ul>\n\n\n\n<ul class=\"wp-block-list\"><li><strong>Dann etwas Kontr\u00e4res und weniger Positives aus deutscher Sicht: Die Fu\u00dfball-WM 2022 in Katar.<\/strong><br>Das war meine erste Fu\u00dfball-WM, deswegen war es super aufregend. Leider nicht so, wie ich es mir gew\u00fcnscht h\u00e4tte f\u00fcr eine erste WM &#8211; sowohl vom Abschneiden der deutschen Mannschaft als auch vom Hintergrund. Man ist nat\u00fcrlich mit Vorurteilen nach Katar gefahren &#8211; und die Kritik ist absolut berechtigt. Aber ich muss auch sagen, vor Ort habe ich wahnsinnig nette Menschen erlebt, es war eine tolle Stimmung dort. Der Flair, alles fand eigentlich nur in einer Stadt statt, war super. Also, wenn es nicht ausgerechnet Katar gewesen w\u00e4re, w\u00e4re das eine bombastische WM geworden.<br>Auch f\u00fcrs Team: Unser gesamtes ZDF-Team wohnte in einem Hotel. Das Gruppengef\u00fchl kommt da ganz anders auf, im Gegensatz zu Turnieren, bei denen alle \u00fcber das ganze Land oder bald ja auch \u00fcber mehrere L\u00e4nder verstreut arbeiten. Deswegen f\u00fcr mich eine tolle Erfahrung &#8211; trotz der Gegebenheiten.<\/li><\/ul>\n\n\n\n<ul class=\"wp-block-list\"><li><strong>Dann hast du bei der Handball-WM 2023 in Polen und Schweden zum ersten Mal Handball gemacht. Ganz was anderes?<\/strong><br>Ganz was anderes! Mega Typen! Die Spieler sind wahnsinnig freundlich und machen &#8211; bl\u00f6d gesagt &#8211; alles mit. Okay, sagen wir vieles.&nbsp;&nbsp;<br>Es ist einfach unkomplizierter als beim Fu\u00dfball. Die Stimmung war sehr gut und man war immer sehr, sehr nah an der Mannschaft dran. Das ist f\u00fcr mich als Journalistin dann auch leichter, weil im Endeffekt kann ich coolere Sachen produzieren, wenn man sich gegenseitig vertraut. Du hast auch einfach nicht so einen Stress an Interviews zu kommen wie beim Fu\u00dfball. Gef\u00fchlt sind die Spieler viel offener f\u00fcr die Zusammenarbeit mit den Medien. Gibt\u2019s beim Fu\u00dfball zwar auch, da besonders bei den Frauen, im M\u00e4nnerfu\u00dfball wird es aber immer schwieriger.<\/li><\/ul>\n\n\n\n<ul class=\"wp-block-list\"><li><strong>Und dann kam zuletzt noch die Fu\u00dfball-WM der Frauen 2023 f\u00fcr dich in Neuseeland als Gro\u00dfereignis hinzu, als wir dann eben \u00fcber Instagram den Kontakt zu den Field-Reporterinnen-Ansetzungen hatten.<\/strong><br>Freut mich, dass ich da helfen konnte. Das Turnier war krass, so am anderen Ende der Welt. Durch die sp\u00e4te Rechtevergabe wusste ich erst vier Wochen vorher, dass es f\u00fcr mich nach Neuseeland geht, welche Route ungef\u00e4hr geplant ist und welche Spiele ich betreue. Aus unserem Hochsommer ging es f\u00fcr mich dann in den Winter.<br>Sportlich: auf jeden Fall ein Turnier der Underdogs. Am Ende haben es die Spanierinnen gemacht. Ich habe die sp\u00e4teren Weltmeisterinnen bis einschlie\u00dflich zum Achtelfinale begleitet, war bei jedem Spiel dabei. Man merkte schon hinter den Kulissen, dass innerhalb des gesamten Gef\u00fcges etwas nicht stimmte. Da gab es 2022 den \u201cStreik\u201d der Nationalspielerinnen,&#8230; Dass es trotz dieser ganzen Querelen im Hintergrund und diesem gef\u00fchlt nicht harmonierenden Trainer-Mannschafts-Gef\u00fcge mit dem WM-Titel geklappt hat, Respekt! Neuseeland war ein tolles Gastgeberland, ich konnte vor Ort viele Themen f\u00fcr die Sendung umsetzen, die auch mal nichts mit Fu\u00dfball zu tun haben, sondern einfach Land und Leute abbildeten. Das war bisher insgesamt mein Nummer-1-Gro\u00dfereignis.<\/li><\/ul>\n\n\n\n<p><strong>Perfekt, das nimmt meine n\u00e4chste Frage schon vorweg <\/strong><strong><em>(lacht). <\/em><\/strong><strong>Und sportlich das beste?<\/strong><\/p>\n\n\n\n<p>Handball, weil die Deutschen echt gut gespielt haben &#8211; und nat\u00fcrlich Olympia in Tokio!<\/p>\n\n\n\n<p class=\"has-background\" style=\"background-color:#e6e8ea\"><strong><em>Dieses Gespr\u00e4ch f\u00fchrte Johannes Danzer. Im zweiten Teil des Interviews, der am Donnerstag erscheint, geht es u.a. um denkw\u00fcrdige Momente in Franzis Vor-Ort-Berichterstattung sowie ihren Alltag beim ZDF als Fieldreporterin und bei Social Media. <\/em><\/strong><\/p>\n\n\n\n<hr class=\"wp-block-separator is-style-default\"\/>\n\n\n\n<p><strong><em>Die Ansetzungen vom 17. Oktober bis 19. Oktober 2023:<\/em><\/strong><\/p>\n\n\n\n<hr class=\"wp-block-separator is-style-default\"\/>\n\n\n\n<p><strong>Women&#8217;s Champions League (HR\/DAZN\/Sky\/EintrachtTV)<\/strong><\/p>\n\n\n\n<p><span style=\"text-decoration: underline;\">Mittwoch, 18. Oktober 202<\/span>3<\/p>\n\n\n\n<p><strong style=\"font-style: italic;\"><em><strong>Sparta Prag <\/strong><\/em><strong><em><span><b style=\"font-style: italic;\">\u2013<\/b><\/span><\/em><\/strong><\/strong> <em><strong>Eintracht Frankfurt (18.30 Uhr, Agg.: 0-5)<\/strong><\/em> <\/p>\n\n\n\n<p><img loading=\"lazy\" decoding=\"async\" width=\"10\" height=\"21\" class=\"wp-image-3656\" style=\"width: 10px;\" src=\"http:\/\/kommentatorenblog.de\/wp-content\/uploads\/2020\/09\/shure-55sh-ii-e1601485394796.jpg\" alt=\"\" srcset=\"https:\/\/kommentatorenblog.de\/wp-content\/uploads\/2020\/09\/shure-55sh-ii-e1601485394796.jpg 415w, https:\/\/kommentatorenblog.de\/wp-content\/uploads\/2020\/09\/shure-55sh-ii-e1601485394796-142x300.jpg 142w\" sizes=\"auto, (max-width: 10px) 100vw, 10px\" \/> <em>hr: <\/em>Florian Na\u00df<\/p>\n\n\n\n<p><img loading=\"lazy\" decoding=\"async\" width=\"10\" height=\"21\" class=\"wp-image-3656\" style=\"width: 10px;\" src=\"http:\/\/kommentatorenblog.de\/wp-content\/uploads\/2020\/09\/shure-55sh-ii-e1601485394796.jpg\" alt=\"\" srcset=\"https:\/\/kommentatorenblog.de\/wp-content\/uploads\/2020\/09\/shure-55sh-ii-e1601485394796.jpg 415w, https:\/\/kommentatorenblog.de\/wp-content\/uploads\/2020\/09\/shure-55sh-ii-e1601485394796-142x300.jpg 142w\" sizes=\"auto, (max-width: 10px) 100vw, 10px\" \/> <em>DAZN: <\/em>Marcel Seufert<\/p>\n\n\n\n<p><img loading=\"lazy\" decoding=\"async\" width=\"10\" height=\"21\" class=\"wp-image-3656\" style=\"width: 10px;\" src=\"http:\/\/kommentatorenblog.de\/wp-content\/uploads\/2020\/09\/shure-55sh-ii-e1601485394796.jpg\" alt=\"\" srcset=\"https:\/\/kommentatorenblog.de\/wp-content\/uploads\/2020\/09\/shure-55sh-ii-e1601485394796.jpg 415w, https:\/\/kommentatorenblog.de\/wp-content\/uploads\/2020\/09\/shure-55sh-ii-e1601485394796-142x300.jpg 142w\" sizes=\"auto, (max-width: 10px) 100vw, 10px\" \/> <em>Sky: <\/em>Timo Sch\u00e4fers<\/p>\n\n\n\n<p><img loading=\"lazy\" decoding=\"async\" width=\"10\" height=\"21\" class=\"wp-image-3656\" style=\"width: 10px;\" src=\"http:\/\/kommentatorenblog.de\/wp-content\/uploads\/2020\/09\/shure-55sh-ii-e1601485394796.jpg\" alt=\"\" srcset=\"https:\/\/kommentatorenblog.de\/wp-content\/uploads\/2020\/09\/shure-55sh-ii-e1601485394796.jpg 415w, https:\/\/kommentatorenblog.de\/wp-content\/uploads\/2020\/09\/shure-55sh-ii-e1601485394796-142x300.jpg 142w\" sizes=\"auto, (max-width: 10px) 100vw, 10px\" \/> <em>EintrachtTV: <\/em>tba<\/p>\n\n\n\n<p><strong style=\"font-style: italic;\"><em><strong>VfL Wolfsburg <\/strong><\/em><strong><em><span><b style=\"font-style: italic;\">\u2013<\/b><\/span><\/em><\/strong><\/strong> <em><strong>Paris FC (18.45 Uhr, Agg.: 3-3)<\/strong><\/em><br><img loading=\"lazy\" decoding=\"async\" width=\"10\" height=\"21\" class=\"wp-image-3656\" style=\"width: 10px;\" src=\"http:\/\/kommentatorenblog.de\/wp-content\/uploads\/2020\/09\/shure-55sh-ii-e1601485394796.jpg\" alt=\"\" srcset=\"https:\/\/kommentatorenblog.de\/wp-content\/uploads\/2020\/09\/shure-55sh-ii-e1601485394796.jpg 415w, https:\/\/kommentatorenblog.de\/wp-content\/uploads\/2020\/09\/shure-55sh-ii-e1601485394796-142x300.jpg 142w\" sizes=\"auto, (max-width: 10px) 100vw, 10px\" \/> Markus Theil<\/p>\n\n\n\n<hr class=\"wp-block-separator is-style-default\"\/>\n\n\n\n<p><strong>European Qualifiers (DAZN\/NITRO.)<\/strong><\/p>\n\n\n\n<p><span style=\"text-decoration: underline;\">Dienstag, 17. Oktober 2023, ab 20.15 Uhr (NITRO.) bzw. ab 20.35 Uhr (DAZN)<\/span><\/p>\n\n\n\n<p><strong style=\"font-style: italic;\"><em><strong>England <\/strong><\/em><strong><em><span><b style=\"font-style: italic;\">\u2013<\/b><\/span><\/em><\/strong><\/strong> <em><strong>Italien (20.45 Uhr)<\/strong><\/em> <\/p>\n\n\n\n<p><img loading=\"lazy\" decoding=\"async\" width=\"10\" height=\"21\" class=\"wp-image-3656\" style=\"width: 10px;\" src=\"http:\/\/kommentatorenblog.de\/wp-content\/uploads\/2020\/09\/shure-55sh-ii-e1601485394796.jpg\" alt=\"\" srcset=\"https:\/\/kommentatorenblog.de\/wp-content\/uploads\/2020\/09\/shure-55sh-ii-e1601485394796.jpg 415w, https:\/\/kommentatorenblog.de\/wp-content\/uploads\/2020\/09\/shure-55sh-ii-e1601485394796-142x300.jpg 142w\" sizes=\"auto, (max-width: 10px) 100vw, 10px\" \/> <em>NITRO.: <\/em>Cornelius K\u00fcpper, Experte: Felix Kroos<br>Moderation (<em>NITRO.<\/em>): Laura Papendick, Field-Reporter: Marcel Klein<\/p>\n\n\n\n<p><img loading=\"lazy\" decoding=\"async\" width=\"10\" height=\"21\" class=\"wp-image-3656\" style=\"width: 10px;\" src=\"http:\/\/kommentatorenblog.de\/wp-content\/uploads\/2020\/09\/shure-55sh-ii-e1601485394796.jpg\" alt=\"\" srcset=\"https:\/\/kommentatorenblog.de\/wp-content\/uploads\/2020\/09\/shure-55sh-ii-e1601485394796.jpg 415w, https:\/\/kommentatorenblog.de\/wp-content\/uploads\/2020\/09\/shure-55sh-ii-e1601485394796-142x300.jpg 142w\" sizes=\"auto, (max-width: 10px) 100vw, 10px\" \/> <em>DAZN: <\/em>Uli Hebel, Experte: Christian Bernhard<\/p>\n\n\n\n<hr class=\"wp-block-separator is-style-default\"\/>\n\n\n\n<p><strong>L\u00e4nderspiele (DAZN\/ARD)<\/strong><\/p>\n\n\n\n<p><span style=\"text-decoration: underline;\">Dienstag, 17. Oktober 2023 (DAZN)<\/span><\/p>\n\n\n\n<p><strong style=\"font-style: italic;\"><em><strong>Frankreich <\/strong><\/em><strong><em><span><b style=\"font-style: italic;\">\u2013<\/b><\/span><\/em><\/strong><\/strong> <em><strong>Schottland (21.00 Uhr)<\/strong><\/em> <br><img loading=\"lazy\" decoding=\"async\" width=\"10\" height=\"21\" class=\"wp-image-3656\" style=\"width: 10px;\" src=\"http:\/\/kommentatorenblog.de\/wp-content\/uploads\/2020\/09\/shure-55sh-ii-e1601485394796.jpg\" alt=\"\" srcset=\"https:\/\/kommentatorenblog.de\/wp-content\/uploads\/2020\/09\/shure-55sh-ii-e1601485394796.jpg 415w, https:\/\/kommentatorenblog.de\/wp-content\/uploads\/2020\/09\/shure-55sh-ii-e1601485394796-142x300.jpg 142w\" sizes=\"auto, (max-width: 10px) 100vw, 10px\" \/> Stefan Galler<\/p>\n\n\n\n<p><span style=\"text-decoration: underline;\">Mittwoch, 18. Oktober 2023, ab 01.45 Uhr (ARD)<\/span><\/p>\n\n\n\n<p><strong style=\"font-style: italic;\"><em><strong>Mexiko <\/strong><\/em><strong><em><span><b style=\"font-style: italic;\">\u2013<\/b><\/span><\/em><\/strong><\/strong> <em><strong>Deutschland (02.00 Uhr)<\/strong><\/em> <br><img loading=\"lazy\" decoding=\"async\" width=\"10\" height=\"21\" class=\"wp-image-3656\" style=\"width: 10px;\" src=\"http:\/\/kommentatorenblog.de\/wp-content\/uploads\/2020\/09\/shure-55sh-ii-e1601485394796.jpg\" alt=\"\" srcset=\"https:\/\/kommentatorenblog.de\/wp-content\/uploads\/2020\/09\/shure-55sh-ii-e1601485394796.jpg 415w, https:\/\/kommentatorenblog.de\/wp-content\/uploads\/2020\/09\/shure-55sh-ii-e1601485394796-142x300.jpg 142w\" sizes=\"auto, (max-width: 10px) 100vw, 10px\" \/> Tom Bartels<br>Field-Reporterin: Lea Wagner<br>Moderation: Esther Sedlaczek, Experte: Bastian Schweinsteiger<\/p>\n\n\n\n<hr class=\"wp-block-separator is-style-default\"\/>\n\n\n\n<p><strong>Campeonato Brasileiro (BRA), 27. Spieltag (Sportdigital Fu\u00dfball)<\/strong><\/p>\n\n\n\n<p><span style=\"text-decoration: underline;\">Donnerstag, 19. Oktober 2023<\/span><\/p>\n\n\n\n<p><strong style=\"font-style: italic;\"><em><strong>Gremio <\/strong><\/em><strong><em><span><b style=\"font-style: italic;\">\u2013<\/b><\/span><\/em><\/strong><\/strong> <em><strong>Athletico Paranaense (00.00 Uhr)<\/strong><\/em> <br><img loading=\"lazy\" decoding=\"async\" width=\"10\" height=\"21\" class=\"wp-image-3656\" style=\"width: 10px;\" src=\"http:\/\/kommentatorenblog.de\/wp-content\/uploads\/2020\/09\/shure-55sh-ii-e1601485394796.jpg\" alt=\"\" srcset=\"https:\/\/kommentatorenblog.de\/wp-content\/uploads\/2020\/09\/shure-55sh-ii-e1601485394796.jpg 415w, https:\/\/kommentatorenblog.de\/wp-content\/uploads\/2020\/09\/shure-55sh-ii-e1601485394796-142x300.jpg 142w\" sizes=\"auto, (max-width: 10px) 100vw, 10px\" \/> Karsten Linke<\/p>\n\n\n\n<hr class=\"wp-block-separator is-style-default\"\/>\n\n\n\n<p><strong>Copa de la Liga Profesional (ARG), 9. Spieltag (Sportdigital Fu\u00dfball)<\/strong><\/p>\n\n\n\n<p><span style=\"text-decoration: underline;\">Donnerstag, 19. Oktober 2023<\/span><\/p>\n\n\n\n<p><strong style=\"font-style: italic;\"><em><strong>CA Colon <\/strong><\/em><strong><em><span><b style=\"font-style: italic;\">\u2013<\/b><\/span><\/em><\/strong><\/strong> <em><strong>CA River Plate (23.30 Uhr)<\/strong><\/em> <br><img loading=\"lazy\" decoding=\"async\" width=\"10\" height=\"21\" class=\"wp-image-3656\" style=\"width: 10px;\" src=\"http:\/\/kommentatorenblog.de\/wp-content\/uploads\/2020\/09\/shure-55sh-ii-e1601485394796.jpg\" alt=\"\" srcset=\"https:\/\/kommentatorenblog.de\/wp-content\/uploads\/2020\/09\/shure-55sh-ii-e1601485394796.jpg 415w, https:\/\/kommentatorenblog.de\/wp-content\/uploads\/2020\/09\/shure-55sh-ii-e1601485394796-142x300.jpg 142w\" sizes=\"auto, (max-width: 10px) 100vw, 10px\" \/> Arne Malsch<\/p>\n\n\n\n<hr class=\"wp-block-separator is-style-default\"\/>\n\n\n\n<p><code><strong>ANALYSE<\/strong><\/code><\/p>\n\n\n\n<p>Ein deutsches L\u00e4nderspiel um 2 Uhr nachts deutscher Zeit, um EM-Euphorie hier im Land zu erzeugen. Kannst du dir nicht ausdenken, Oliver Bierhoff wohl schon. Aus Mediensicht leidtragender Sender ist in dem Fall die ARD, die die Vorberichte ab 01:45 Uhr mit Esther Sedlaczek und Bastian Schweinsteiger aus dem WDR-Studio in K\u00f6ln senden werden. Auch Kommentator Tom Bartels meldet sich aus Deutschland. Vor Ort ist vom On-Air-Personal nur Lea Wagner f\u00fcr die Interviews. <br>Weil die Ansto\u00dfzeit nur bedingt arbeitszeitenfreundlich ist, wiederholt die ARD im Hauptprogramm die Partie am Mittwochvormittag im Anschluss an das Morgenmagazin (wobei auch das fraglich arbeitszeitenfreundlich ist). Die Sendezeit dieser Wiederholung verk\u00fcrzt sich jedoch um 20 Minuten. Das liegt daran, dass die Rahmenberichterstattung ver\u00e4ndert wird: Zum einen gibt es einen \u2013 noch in der Nacht aufgezeichneten \u2013 neuen Moderationsvorlauf. Die n\u00e4chtliche Halbzeitberichterstattung sowie der Nachlauf nach dem Spiel werden f\u00fcr die Sendung am Morgen etwas verk\u00fcrzt. Das Spiel an sich wird in voller L\u00e4nge ausgestrahlt.<\/p>\n\n\n\n<p>Am Dienstagabend finden zudem noch weitere L\u00e4nderspiele statt, wobei DAZN und NITRO. von den Qualifikationsspielen beide den Klassiker England-Italien zeigen. Der Sender der RTL-Gruppe schickt dabei Cornelius K\u00fcpper, Felix Kroos, Laura Papendick und Marcel Klein ins Wembley-Stadion, f\u00fcr DAZN kommentieren England-Experte Uli Hebel und Italien-Experte Christian Bernhard.<\/p>\n\n\n\n<p>Am Mittwochabend dann der Fokus auf den nach 5:0-Hinspielsieg relativ wahrscheinlichen CL-Einzug der Eintracht-Frauen in Prag. Wie bei Hinspiel d\u00fcrfte es wieder vier Optionen mit deutschem Kommentar geben. Bei DAZN und beim HR gibt es Kommentatorenwechsel: Marcel Seufert bzw. Florian Nass \u00fcbernehmen f\u00fcr Oliver Fa\u00dfnacht bzw. Daniel H\u00f6hr. Von Sky und von EintrachtTV liegen uns noch keine Infos vor &#8211; im Hinspiel hatten noch Dominik M\u00fcller bzw. Lars Weing\u00e4rtner und Julia Simic \u00fcbernommen.<\/p>\n\n\n\n<p>Damit viel Spa\u00df bei L\u00e4nderspiel 2 von Bundestrainer Nagelsmann und dem Rest, der diese Tage ansteht. Am Donnerstag melden wir uns u.a. mit dem zweiten Teil des Interviews.<\/p>\n","protected":false},"excerpt":{"rendered":"<p>N&#8217;Abend allerseits,wie bereits angek\u00fcndigt, haben wir diese Woche wieder ein Interview f\u00fcr euch! Im September konnte ich mit ZDF-Reporterin Franzi M\u00fcllers (Foto: Matthias Dersch) sprechen. Im heutigen ersten Teil des Interviews geht es unter anderem um ihren Werdegang und die Sport-Gro\u00dfereignisse, die sie f\u00fcrs ZDF begleiten durfte: Kommentatorenblog: Franzi, was polarisiert mehr: Eine Fu\u00dfball-Weltmeisterschaft oder [&hellip;]<\/p>\n","protected":false},"author":12,"featured_media":0,"comment_status":"open","ping_status":"open","sticky":false,"template":"","format":"standard","meta":{"footnotes":""},"categories":[426],"tags":[],"class_list":["post-15773","post","type-post","status-publish","format-standard","hentry","category-laenderspiele"],"_links":{"self":[{"href":"https:\/\/kommentatorenblog.de\/index.php?rest_route=\/wp\/v2\/posts\/15773","targetHints":{"allow":["GET"]}}],"collection":[{"href":"https:\/\/kommentatorenblog.de\/index.php?rest_route=\/wp\/v2\/posts"}],"about":[{"href":"https:\/\/kommentatorenblog.de\/index.php?rest_route=\/wp\/v2\/types\/post"}],"author":[{"embeddable":true,"href":"https:\/\/kommentatorenblog.de\/index.php?rest_route=\/wp\/v2\/users\/12"}],"replies":[{"embeddable":true,"href":"https:\/\/kommentatorenblog.de\/index.php?rest_route=%2Fwp%2Fv2%2Fcomments&post=15773"}],"version-history":[{"count":12,"href":"https:\/\/kommentatorenblog.de\/index.php?rest_route=\/wp\/v2\/posts\/15773\/revisions"}],"predecessor-version":[{"id":15794,"href":"https:\/\/kommentatorenblog.de\/index.php?rest_route=\/wp\/v2\/posts\/15773\/revisions\/15794"}],"wp:attachment":[{"href":"https:\/\/kommentatorenblog.de\/index.php?rest_route=%2Fwp%2Fv2%2Fmedia&parent=15773"}],"wp:term":[{"taxonomy":"category","embeddable":true,"href":"https:\/\/kommentatorenblog.de\/index.php?rest_route=%2Fwp%2Fv2%2Fcategories&post=15773"},{"taxonomy":"post_tag","embeddable":true,"href":"https:\/\/kommentatorenblog.de\/index.php?rest_route=%2Fwp%2Fv2%2Ftags&post=15773"}],"curies":[{"name":"wp","href":"https:\/\/api.w.org\/{rel}","templated":true}]}}