{"id":15818,"date":"2023-10-24T00:07:05","date_gmt":"2023-10-23T22:07:05","guid":{"rendered":"http:\/\/kommentatorenblog.de\/?p=15818"},"modified":"2025-01-16T14:22:09","modified_gmt":"2025-01-16T13:22:09","slug":"1373-prime-in-istanbul-dazn-in-leipzig-und-berlin","status":"publish","type":"post","link":"https:\/\/kommentatorenblog.de\/?p=15818","title":{"rendered":"1373 &#8211; Prime in Istanbul\/DAZN in Leipzig und Berlin"},"content":{"rendered":"\n<p>N&#8217;Abend allerseits,<\/p>\n\n\n\n<p>aufgrund eines kurzfristigen Ausfalls habe ich den Beitrag heute erst recht kurzfristig \u00fcbernommen. Daher lassen wir es heute mal mit dem Vorwort und starten stattdessen mit der Analyse!<\/p>\n\n\n\n<p><strong>Die Analyse<\/strong><\/p>\n\n\n\n<p>Zum zweiten Mal in der laufenden Rechteperiode zeigt Prime ein Spiel zur fr\u00fchen Ansto\u00dfzeit. Die Crew meldet sich aus Istanbul, wo die Bayern gastieren. Quotentechnisch verst\u00e4ndlich, trotzdem h\u00e4tte ich auch gerne mal Union Berlin im ganzen gro\u00dfen Rampenlicht gesehen. Personell bleiben Sebastian Hellmann und Matthias Sammer die Konstanten am Tisch, im Vergleich zur letzten Partie haben Tabea Kemme und Miro Klose Pause &#8211; daf\u00fcr sind Josi Henning und Nils Petersen neu am Tisch. Die Restlichen Personalien &#8211; ob in K\u00f6ln oder Istanbul erkl\u00e4ren sich nat\u00fcrlich von selbst. Bei DAZN gibts somit zur fr\u00fchen Ansto\u00dfzeit keine Konferenz, um Inter gegen Salzburg k\u00fcmmern sich Max Gross und Christian Bernhard. <\/p>\n\n\n\n<p>Nun aber zu den angesprochenen Berlinern. Acht Niederlagen in Folge, nichtsdestotrotz wird die Stimmung im Olympiastadion gigantisch sein. DAZN schickt vier Herren ins Olympiastadion, mit Freddy Harder und Tim Borowski sind zwei von ihnen ja bereits am 2.Spieltag dabei gewesen. Neu rein kommen Lukas Sch\u00f6nm\u00fcller und Max Siebald als Kommentator bzw. Field-Reporter. Bei den weiteren Einzelspielen kommt nichts \u00dcberraschendes, auff\u00e4llig ist vielleicht, dass keine Experten im Einsatz sind.<\/p>\n\n\n\n<p>In der Konferenz h\u00f6ren wir erstmals dieses Jahr Uli Hebel, der sich um Union k\u00fcmmert. Ebenso mit dabei sind die DAZN-Urgesteine Tom Kirsten, Nico Seepe und Flo Hauser sowie Oliver Forster und Julian Engelhard. <\/p>\n\n\n\n<p>Am Mittwoch bleiben wir mal thematisch bei der sp\u00e4ten Ansto\u00dfzeit, auch in dieser Woche spielen Leipzig und Dortmund parallel. In Leipzig ist dabei erstmals in dieser Saison Michael Born im Stadion zugegen und bekommt dabei Unterst\u00fctzung von Sascha Bigalke. Komplettiert wird das Team von Moderator Tobi Wahnschaffe. Beim Dortmunder Gastspiel in Newcastle ist leider nur Laura Wontorra vor Ort, das restliche Team meldet sich aus M\u00fcnchen.<\/p>\n\n\n\n<p>Die Konferenz ist mit Uli Hebel, Marco Hagemann und Max Siebald sehr prominent besetzt und auch die Herren Stadtler, Schulz und Seufert sorgen daf\u00fcr, dass ich mich sehr auf den Mittwoch freue.<\/p>\n\n\n\n<p>Der Europapokaldonnerstag ist mit dem \u00fcblichen Personal besetzt, die FreeTV meldet sich aus Leverkusen. <\/p>\n\n\n\n<p>Sorry f\u00fcr diesen etwas kurzen Beitrag, aber wir sind leider alle durch Schule\/Uni\/Arbeit recht eingebunden und bei einem kurzfristigen Ausfall k\u00f6nnen wir leider nicht die gewohnte Quantit\u00e4t an Infos geben. An dieser Stelle auch noch einen Dank an Jonas, der einen Teil der CL-Ansetzungen \u00fcbernommen hat.<\/p>\n\n\n\n<p>Habt eine sch\u00f6ne Woche!<\/p>\n\n\n\n<hr class=\"wp-block-separator is-style-default\"\/>\n\n\n\n<p><strong>UEFA Champions League, 3. Spieltag (DAZN\/Prime Video)<\/strong><\/p>\n\n\n\n<p><span style=\"text-decoration: underline;\">Dienstag, 24. Oktober 2023, ab 18.00 Uhr (Prime Video)<\/span><\/p>\n\n\n\n<p><strong style=\"font-style: italic;\"><em><strong>Galatasaray Istanbul <\/strong><\/em><strong><em><b style=\"font-style: italic;\">\u2013<\/b><\/em><\/strong><\/strong> <em><strong>FC Bayern M\u00fcnchen (18.45 Uhr)<\/strong><\/em> <\/p>\n\n\n\n<p><img loading=\"lazy\" decoding=\"async\" width=\"10\" height=\"21\" class=\"wp-image-3656\" style=\"width: 10px;\" src=\"http:\/\/kommentatorenblog.de\/wp-content\/uploads\/2020\/09\/shure-55sh-ii-e1601485394796.jpg\" alt=\"\" srcset=\"https:\/\/kommentatorenblog.de\/wp-content\/uploads\/2020\/09\/shure-55sh-ii-e1601485394796.jpg 415w, https:\/\/kommentatorenblog.de\/wp-content\/uploads\/2020\/09\/shure-55sh-ii-e1601485394796-142x300.jpg 142w\" sizes=\"auto, (max-width: 10px) 100vw, 10px\" \/> Jonas Friedrich, Experte: Benedikt H\u00f6wedes<\/p>\n\n\n\n<p>Field-Reporter:innen: Annika Zimmermann und Sebastian Benesch<\/p>\n\n\n\n<p>Moderation: Sebastian Hellmann, Expert:innen: Josephine Henning, Matthias Sammer, Nils Petersen, Schiedsrichter-Experte: Lutz Wagner<\/p>\n\n\n\n<p><strong>Highlight-Show (23.00 Uhr)<\/strong><\/p>\n\n\n\n<p>Moderation: Lena Cassel und Patrick Owomoyela<\/p>\n\n\n\n<p><span style=\"text-decoration: underline;\">ab 18.30 Uhr (DAZN)<\/span><\/p>\n\n\n\n<p><strong style=\"font-style: italic;\"><em><strong>Inter Mailand &#8211; FC Salzburg<\/strong><\/em><\/strong><em><strong> (18.45 Uhr)<\/strong><\/em> <\/p>\n\n\n\n<p><img loading=\"lazy\" decoding=\"async\" width=\"10\" height=\"21\" class=\"wp-image-3656\" style=\"width: 10px;\" src=\"http:\/\/kommentatorenblog.de\/wp-content\/uploads\/2020\/09\/shure-55sh-ii-e1601485394796.jpg\" alt=\"\" srcset=\"https:\/\/kommentatorenblog.de\/wp-content\/uploads\/2020\/09\/shure-55sh-ii-e1601485394796.jpg 415w, https:\/\/kommentatorenblog.de\/wp-content\/uploads\/2020\/09\/shure-55sh-ii-e1601485394796-142x300.jpg 142w\" sizes=\"auto, (max-width: 10px) 100vw, 10px\" \/> Max Gross, Experte: Christian Bernhard<\/p>\n\n\n\n<p><span style=\"text-decoration: underline;\">ab 20.30 Uhr (DAZN)<\/span><\/p>\n\n\n\n<p><strong style=\"font-style: italic;\"><em>1. FC <strong>Union Berlin <\/strong><\/em><strong><em><b style=\"font-style: italic;\">\u2013<\/b><\/em><\/strong><\/strong> <em><strong>SSC Neapel<\/strong> <strong>(21.00 Uhr)<\/strong><\/em> <\/p>\n\n\n\n<p><img loading=\"lazy\" decoding=\"async\" width=\"10\" height=\"21\" class=\"wp-image-3656\" style=\"width: 10px;\" src=\"http:\/\/kommentatorenblog.de\/wp-content\/uploads\/2020\/09\/shure-55sh-ii-e1601485394796.jpg\" alt=\"\" srcset=\"https:\/\/kommentatorenblog.de\/wp-content\/uploads\/2020\/09\/shure-55sh-ii-e1601485394796.jpg 415w, https:\/\/kommentatorenblog.de\/wp-content\/uploads\/2020\/09\/shure-55sh-ii-e1601485394796-142x300.jpg 142w\" sizes=\"auto, (max-width: 10px) 100vw, 10px\" \/> Lukas Sch\u00f6nm\u00fcller, Experte: Tim Borowski (Einzelspiel), Uli Hebel (Konferenz)<\/p>\n\n\n\n<p>Moderation: Freddy Harder, Field-Reporter: Max Siebald<\/p>\n\n\n\n<p><span style=\"text-decoration: underline;\">ab 20.45 Uhr (DAZN)<\/span><\/p>\n\n\n\n<p><strong style=\"font-style: italic;\"><em><strong>SC Braga <\/strong><\/em><strong><em><b style=\"font-style: italic;\">\u2013<\/b><\/em><\/strong><\/strong> <em><strong>Real Madrid (21.00 Uhr)<\/strong><\/em> <\/p>\n\n\n\n<p><img loading=\"lazy\" decoding=\"async\" width=\"10\" height=\"21\" class=\"wp-image-3656\" style=\"width: 10px;\" src=\"http:\/\/kommentatorenblog.de\/wp-content\/uploads\/2020\/09\/shure-55sh-ii-e1601485394796.jpg\" alt=\"\" srcset=\"https:\/\/kommentatorenblog.de\/wp-content\/uploads\/2020\/09\/shure-55sh-ii-e1601485394796.jpg 415w, https:\/\/kommentatorenblog.de\/wp-content\/uploads\/2020\/09\/shure-55sh-ii-e1601485394796-142x300.jpg 142w\" sizes=\"auto, (max-width: 10px) 100vw, 10px\" \/> Michael Born (Einzelspiel), Nico Seepe (Konferenz)<\/p>\n\n\n\n<p><strong style=\"font-style: italic;\"><em><strong>Benfica Lissabon &#8211; Real Sociedad<\/strong><\/em><\/strong><em><strong> (21.00 Uhr)<\/strong><\/em> <\/p>\n\n\n\n<p><img loading=\"lazy\" decoding=\"async\" width=\"10\" height=\"21\" class=\"wp-image-3656\" style=\"width: 10px;\" src=\"http:\/\/kommentatorenblog.de\/wp-content\/uploads\/2020\/09\/shure-55sh-ii-e1601485394796.jpg\" alt=\"\" srcset=\"https:\/\/kommentatorenblog.de\/wp-content\/uploads\/2020\/09\/shure-55sh-ii-e1601485394796.jpg 415w, https:\/\/kommentatorenblog.de\/wp-content\/uploads\/2020\/09\/shure-55sh-ii-e1601485394796-142x300.jpg 142w\" sizes=\"auto, (max-width: 10px) 100vw, 10px\" \/> Ruben Zimmermann (Einzelspiel), Julian Engelhard (Konferenz)<\/p>\n\n\n\n<p><strong style=\"font-style: italic;\"><em><strong>Manchester United <\/strong><\/em><strong><em><b style=\"font-style: italic;\">\u2013<\/b><\/em><\/strong><\/strong> <em><strong>FC Kopenhagen (21.00 Uhr)<\/strong><\/em> <\/p>\n\n\n\n<p><img loading=\"lazy\" decoding=\"async\" width=\"10\" height=\"21\" class=\"wp-image-3656\" style=\"width: 10px;\" src=\"http:\/\/kommentatorenblog.de\/wp-content\/uploads\/2020\/09\/shure-55sh-ii-e1601485394796.jpg\" alt=\"\" srcset=\"https:\/\/kommentatorenblog.de\/wp-content\/uploads\/2020\/09\/shure-55sh-ii-e1601485394796.jpg 415w, https:\/\/kommentatorenblog.de\/wp-content\/uploads\/2020\/09\/shure-55sh-ii-e1601485394796-142x300.jpg 142w\" sizes=\"auto, (max-width: 10px) 100vw, 10px\" \/> Manuel Angestenberger <a href=\"https:\/\/www.dazn.com\/de-DE\/account\/signup\"><\/a>(Einzelspiel), Tom Kirsten (Konferenz)<\/p>\n\n\n\n<p><strong style=\"font-style: italic;\"><em><strong>RC Lens <\/strong><\/em><strong><em><b style=\"font-style: italic;\">\u2013<\/b><\/em><\/strong><\/strong> <em><strong>PSV Eindhoven (21.00 Uhr)<\/strong><\/em> <\/p>\n\n\n\n<p><img loading=\"lazy\" decoding=\"async\" width=\"10\" height=\"21\" class=\"wp-image-3656\" style=\"width: 10px;\" src=\"http:\/\/kommentatorenblog.de\/wp-content\/uploads\/2020\/09\/shure-55sh-ii-e1601485394796.jpg\" alt=\"\" srcset=\"https:\/\/kommentatorenblog.de\/wp-content\/uploads\/2020\/09\/shure-55sh-ii-e1601485394796.jpg 415w, https:\/\/kommentatorenblog.de\/wp-content\/uploads\/2020\/09\/shure-55sh-ii-e1601485394796-142x300.jpg 142w\" sizes=\"auto, (max-width: 10px) 100vw, 10px\" \/> Stefan Galler (Einzelspiel), Oliver Forster (Konferenz)<\/p>\n\n\n\n<p><strong style=\"font-style: italic;\"><em><strong>FC Sevilla &#8211; Arsenal&nbsp;<\/strong><\/em><\/strong><em><strong> (21.00 Uhr)<\/strong><\/em> <\/p>\n\n\n\n<p><img loading=\"lazy\" decoding=\"async\" width=\"10\" height=\"21\" class=\"wp-image-3656\" style=\"width: 10px;\" src=\"http:\/\/kommentatorenblog.de\/wp-content\/uploads\/2020\/09\/shure-55sh-ii-e1601485394796.jpg\" alt=\"\" srcset=\"https:\/\/kommentatorenblog.de\/wp-content\/uploads\/2020\/09\/shure-55sh-ii-e1601485394796.jpg 415w, https:\/\/kommentatorenblog.de\/wp-content\/uploads\/2020\/09\/shure-55sh-ii-e1601485394796-142x300.jpg 142w\" sizes=\"auto, (max-width: 10px) 100vw, 10px\" \/>&nbsp;Jogi Hebel (Einzelspiel), Flo Hauser (Konferenz)<\/p>\n\n\n\n<p><span style=\"text-decoration: underline;\">Mittwoch, 25. Oktober 2023, ab 18.30 Uhr (DAZN)<\/span><\/p>\n\n\n\n<p><strong style=\"font-style: italic;\"><em><strong>FC Barcelona &#8211; Schachtar Donezk&nbsp;<\/strong><\/em><\/strong><em><strong> (18.45 Uhr)<\/strong><\/em> <\/p>\n\n\n\n<p><img loading=\"lazy\" decoding=\"async\" width=\"10\" height=\"21\" class=\"wp-image-3656\" style=\"width: 10px;\" src=\"http:\/\/kommentatorenblog.de\/wp-content\/uploads\/2020\/09\/shure-55sh-ii-e1601485394796.jpg\" alt=\"\" srcset=\"https:\/\/kommentatorenblog.de\/wp-content\/uploads\/2020\/09\/shure-55sh-ii-e1601485394796.jpg 415w, https:\/\/kommentatorenblog.de\/wp-content\/uploads\/2020\/09\/shure-55sh-ii-e1601485394796-142x300.jpg 142w\" sizes=\"auto, (max-width: 10px) 100vw, 10px\" \/> Uwe Morawe (Einzelspiel), Chris Putz (Konferenz)<\/p>\n\n\n\n<p><strong style=\"font-style: italic;\"><em><strong>Feyenoord Rotterdam &#8211; Lazio Rom<\/strong><\/em><\/strong><em><strong> (18.45 Uhr)<\/strong><\/em> <\/p>\n\n\n\n<p><img loading=\"lazy\" decoding=\"async\" width=\"10\" height=\"21\" class=\"wp-image-3656\" style=\"width: 10px;\" src=\"http:\/\/kommentatorenblog.de\/wp-content\/uploads\/2020\/09\/shure-55sh-ii-e1601485394796.jpg\" alt=\"\" srcset=\"https:\/\/kommentatorenblog.de\/wp-content\/uploads\/2020\/09\/shure-55sh-ii-e1601485394796.jpg 415w, https:\/\/kommentatorenblog.de\/wp-content\/uploads\/2020\/09\/shure-55sh-ii-e1601485394796-142x300.jpg 142w\" sizes=\"auto, (max-width: 10px) 100vw, 10px\" \/> Carsten Fu\u00df (Einzelspiel), Mario Rieker (Konferenz)<\/p>\n\n\n\n<p><span style=\"text-decoration: underline;\">ab 20.15 Uhr (DAZN)<\/span><\/p>\n\n\n\n<p><strong style=\"font-style: italic;\"><em><strong>Newcastle United &#8211; Borussia Dortmund<\/strong><\/em><\/strong><em><strong> (21.00 Uhr)<\/strong><\/em> <\/p>\n\n\n\n<p><img loading=\"lazy\" decoding=\"async\" width=\"10\" height=\"21\" class=\"wp-image-3656\" style=\"width: 10px;\" src=\"http:\/\/kommentatorenblog.de\/wp-content\/uploads\/2020\/09\/shure-55sh-ii-e1601485394796.jpg\" alt=\"\" srcset=\"https:\/\/kommentatorenblog.de\/wp-content\/uploads\/2020\/09\/shure-55sh-ii-e1601485394796.jpg 415w, https:\/\/kommentatorenblog.de\/wp-content\/uploads\/2020\/09\/shure-55sh-ii-e1601485394796-142x300.jpg 142w\" sizes=\"auto, (max-width: 10px) 100vw, 10px\" \/> Jan Platte, Experte: Sebastian Knei\u00dfl (Einzelspiel), Marco Hagemann (Konferenz)<\/p>\n\n\n\n<p>Moderation: Daniel Herzog, Field-Reporterin: Laura Wontorra <\/p>\n\n\n\n<p><strong style=\"font-style: italic;\"><em><strong>RB Leipzig &#8211; Roter Stern Belgrad<\/strong><\/em><\/strong><em><strong> (21.00 Uhr)<\/strong><\/em> <\/p>\n\n\n\n<p><img loading=\"lazy\" decoding=\"async\" width=\"10\" height=\"21\" class=\"wp-image-3656\" style=\"width: 10px;\" src=\"http:\/\/kommentatorenblog.de\/wp-content\/uploads\/2020\/09\/shure-55sh-ii-e1601485394796.jpg\" alt=\"\" srcset=\"https:\/\/kommentatorenblog.de\/wp-content\/uploads\/2020\/09\/shure-55sh-ii-e1601485394796.jpg 415w, https:\/\/kommentatorenblog.de\/wp-content\/uploads\/2020\/09\/shure-55sh-ii-e1601485394796-142x300.jpg 142w\" sizes=\"auto, (max-width: 10px) 100vw, 10px\" \/> Michael Born, Experte: Sascha Bigalke (Einzelspiel), Max Siebald (Konferenz)<\/p>\n\n\n\n<p>Moderation: Tobi Wahnschaffe<\/p>\n\n\n\n<p><span style=\"text-decoration: underline;\">ab 20.45 Uhr (DAZN)<\/span><\/p>\n\n\n\n<p><strong style=\"font-style: italic;\"><em><strong>Paris Saint- Germain <\/strong><\/em><strong><em><b style=\"font-style: italic;\">\u2013<\/b><\/em><\/strong><\/strong> <em><strong>AC Mailand (21.00 Uhr)<\/strong><\/em> <\/p>\n\n\n\n<p><img loading=\"lazy\" decoding=\"async\" width=\"10\" height=\"21\" class=\"wp-image-3656\" style=\"width: 10px;\" src=\"http:\/\/kommentatorenblog.de\/wp-content\/uploads\/2020\/09\/shure-55sh-ii-e1601485394796.jpg\" alt=\"\" srcset=\"https:\/\/kommentatorenblog.de\/wp-content\/uploads\/2020\/09\/shure-55sh-ii-e1601485394796.jpg 415w, https:\/\/kommentatorenblog.de\/wp-content\/uploads\/2020\/09\/shure-55sh-ii-e1601485394796-142x300.jpg 142w\" sizes=\"auto, (max-width: 10px) 100vw, 10px\" \/> Freddy Harder, Experte: Benny Lauth (Einzelspiel), Uli Hebel (Konferenz)<\/p>\n\n\n\n<p><strong style=\"font-style: italic;\"><em><strong>Young Boys Bern &#8211; Manchester City<\/strong><\/em><\/strong><em><strong> (21.00 Uhr)<\/strong><\/em> <\/p>\n\n\n\n<p><img loading=\"lazy\" decoding=\"async\" width=\"10\" height=\"21\" class=\"wp-image-3656\" style=\"width: 10px;\" src=\"http:\/\/kommentatorenblog.de\/wp-content\/uploads\/2020\/09\/shure-55sh-ii-e1601485394796.jpg\" alt=\"\" srcset=\"https:\/\/kommentatorenblog.de\/wp-content\/uploads\/2020\/09\/shure-55sh-ii-e1601485394796.jpg 415w, https:\/\/kommentatorenblog.de\/wp-content\/uploads\/2020\/09\/shure-55sh-ii-e1601485394796-142x300.jpg 142w\" sizes=\"auto, (max-width: 10px) 100vw, 10px\" \/> Franz B\u00fcchner (Einzelspiel), Marcel Seufert (Konferenz)<\/p>\n\n\n\n<p><strong style=\"font-style: italic;\">Royal <em><strong>Antwerpen &#8211; FC Porto<\/strong><\/em><\/strong><em><strong>(21.00 Uhr)<\/strong><\/em> <\/p>\n\n\n\n<p><img loading=\"lazy\" decoding=\"async\" width=\"10\" height=\"21\" class=\"wp-image-3656\" style=\"width: 10px;\" src=\"http:\/\/kommentatorenblog.de\/wp-content\/uploads\/2020\/09\/shure-55sh-ii-e1601485394796.jpg\" alt=\"\" srcset=\"https:\/\/kommentatorenblog.de\/wp-content\/uploads\/2020\/09\/shure-55sh-ii-e1601485394796.jpg 415w, https:\/\/kommentatorenblog.de\/wp-content\/uploads\/2020\/09\/shure-55sh-ii-e1601485394796-142x300.jpg 142w\" sizes=\"auto, (max-width: 10px) 100vw, 10px\" \/> Julian Engelhard (Einzelspiel), Christoph Stadtler (Konferenz)<\/p>\n\n\n\n<p><strong style=\"font-style: italic;\"><em><strong>Celtic Glasgow &#8211; Atletico Madrid<\/strong><\/em><\/strong><em><strong> (21.00 Uhr)<\/strong><\/em> <\/p>\n\n\n\n<p><img loading=\"lazy\" decoding=\"async\" width=\"10\" height=\"21\" class=\"wp-image-3656\" style=\"width: 10px;\" src=\"http:\/\/kommentatorenblog.de\/wp-content\/uploads\/2020\/09\/shure-55sh-ii-e1601485394796.jpg\" alt=\"\" srcset=\"https:\/\/kommentatorenblog.de\/wp-content\/uploads\/2020\/09\/shure-55sh-ii-e1601485394796.jpg 415w, https:\/\/kommentatorenblog.de\/wp-content\/uploads\/2020\/09\/shure-55sh-ii-e1601485394796-142x300.jpg 142w\" sizes=\"auto, (max-width: 10px) 100vw, 10px\" \/> Stephanie Baczyk (Einzelspiel), Freddie Schulz (Konferenz)<\/p>\n\n\n\n<hr class=\"wp-block-separator is-style-default\"\/>\n\n\n\n<p><strong>UEFA Europa League \/ UEFA Europa Conference League, 3. Spieltag (RTL+\/RTL)<\/strong><\/p>\n\n\n\n<p><span style=\"text-decoration: underline;\">Donnerstag, 21. September 2023, ab 18.15 Uhr (RTL+)<\/span><\/p>\n\n\n\n<p><strong style=\"font-style: italic;\"><em><strong>TSC Backa Topola \u2013 SC Freiburg<\/strong><\/em><\/strong><em><strong> (18.45 Uhr)<\/strong><\/em> <\/p>\n\n\n\n<p><img loading=\"lazy\" decoding=\"async\" width=\"10\" height=\"21\" class=\"wp-image-3656\" style=\"width: 10px;\" src=\"http:\/\/kommentatorenblog.de\/wp-content\/uploads\/2020\/09\/shure-55sh-ii-e1601485394796.jpg\" alt=\"\" srcset=\"https:\/\/kommentatorenblog.de\/wp-content\/uploads\/2020\/09\/shure-55sh-ii-e1601485394796.jpg 415w, https:\/\/kommentatorenblog.de\/wp-content\/uploads\/2020\/09\/shure-55sh-ii-e1601485394796-142x300.jpg 142w\" sizes=\"auto, (max-width: 10px) 100vw, 10px\" \/> Klaus Veltman (Einzelspiel), Alex Klich (Konferenz)<\/p>\n\n\n\n<p>Field-Reporter: Thomas Wagner<\/p>\n\n\n\n<p><strong style=\"font-style: italic;\"><em><strong>Olympiakos Pir\u00e4us \u2013 West Ham United<\/strong><\/em><\/strong><em><strong> (18.45 Uhr)<\/strong><\/em> <\/p>\n\n\n\n<p><img loading=\"lazy\" decoding=\"async\" width=\"10\" height=\"21\" class=\"wp-image-3656\" style=\"width: 10px;\" src=\"http:\/\/kommentatorenblog.de\/wp-content\/uploads\/2020\/09\/shure-55sh-ii-e1601485394796.jpg\" alt=\"\" srcset=\"https:\/\/kommentatorenblog.de\/wp-content\/uploads\/2020\/09\/shure-55sh-ii-e1601485394796.jpg 415w, https:\/\/kommentatorenblog.de\/wp-content\/uploads\/2020\/09\/shure-55sh-ii-e1601485394796-142x300.jpg 142w\" sizes=\"auto, (max-width: 10px) 100vw, 10px\" \/> Frederick Schulz (Einzelspiel), Oliver Seidler (Konferenz)<\/p>\n\n\n\n<p><strong style=\"font-style: italic;\"><em><strong>AZ Alkmaar \u2013 Aston Villa FC<\/strong><\/em><\/strong> <em><strong>(18.45 Uhr)<\/strong><\/em> <\/p>\n\n\n\n<p><img loading=\"lazy\" decoding=\"async\" width=\"10\" height=\"21\" class=\"wp-image-3656\" style=\"width: 10px;\" src=\"http:\/\/kommentatorenblog.de\/wp-content\/uploads\/2020\/09\/shure-55sh-ii-e1601485394796.jpg\" alt=\"\" srcset=\"https:\/\/kommentatorenblog.de\/wp-content\/uploads\/2020\/09\/shure-55sh-ii-e1601485394796.jpg 415w, https:\/\/kommentatorenblog.de\/wp-content\/uploads\/2020\/09\/shure-55sh-ii-e1601485394796-142x300.jpg 142w\" sizes=\"auto, (max-width: 10px) 100vw, 10px\" \/> Philip Konrad (Einzelspiel), Florian von Stackelberg (Konferenz)<\/p>\n\n\n\n<p><strong style=\"font-style: italic;\"><em><strong>Olympique Marseille \u2013 AEK Athen<\/strong><\/em><\/strong><em><strong> (18.45 Uhr)<\/strong><\/em> <\/p>\n\n\n\n<p><img loading=\"lazy\" decoding=\"async\" width=\"10\" height=\"21\" class=\"wp-image-3656\" style=\"width: 10px;\" src=\"http:\/\/kommentatorenblog.de\/wp-content\/uploads\/2020\/09\/shure-55sh-ii-e1601485394796.jpg\" alt=\"\" srcset=\"https:\/\/kommentatorenblog.de\/wp-content\/uploads\/2020\/09\/shure-55sh-ii-e1601485394796.jpg 415w, https:\/\/kommentatorenblog.de\/wp-content\/uploads\/2020\/09\/shure-55sh-ii-e1601485394796-142x300.jpg 142w\" sizes=\"auto, (max-width: 10px) 100vw, 10px\" \/> Rene Langhoff (Einzelspiel), Alex K\u00fcpper (Konferenz)<\/p>\n\n\n\n<p><span style=\"text-decoration: underline;\">ab 20.40 Uhr (RTL\/RTL+)<\/span><\/p>\n\n\n\n<p><strong style=\"font-style: italic;\"><em><strong>Bayer 04 Leverkusen \u2013 Qarabag FK<\/strong><\/em><\/strong> <em><strong>(21.00 Uhr)<\/strong><\/em><\/p>\n\n\n\n<p><img loading=\"lazy\" decoding=\"async\" width=\"10\" height=\"21\" class=\"wp-image-3656\" style=\"width: 10px;\" src=\"http:\/\/kommentatorenblog.de\/wp-content\/uploads\/2020\/09\/shure-55sh-ii-e1601485394796.jpg\" alt=\"\" srcset=\"https:\/\/kommentatorenblog.de\/wp-content\/uploads\/2020\/09\/shure-55sh-ii-e1601485394796.jpg 415w, https:\/\/kommentatorenblog.de\/wp-content\/uploads\/2020\/09\/shure-55sh-ii-e1601485394796-142x300.jpg 142w\" sizes=\"auto, (max-width: 10px) 100vw, 10px\" \/> <em>RTL: <\/em>Marco Hagemann, Experte: Steffen Freund<\/p>\n\n\n\n<p><img loading=\"lazy\" decoding=\"async\" width=\"10\" height=\"21\" class=\"wp-image-3656\" style=\"width: 10px;\" src=\"http:\/\/kommentatorenblog.de\/wp-content\/uploads\/2020\/09\/shure-55sh-ii-e1601485394796.jpg\" alt=\"\" srcset=\"https:\/\/kommentatorenblog.de\/wp-content\/uploads\/2020\/09\/shure-55sh-ii-e1601485394796.jpg 415w, https:\/\/kommentatorenblog.de\/wp-content\/uploads\/2020\/09\/shure-55sh-ii-e1601485394796-142x300.jpg 142w\" sizes=\"auto, (max-width: 10px) 100vw, 10px\" \/> <em>RTL+: <\/em>Cornelius K\u00fcpper, Experte: Ansgar Brinkmann (Einzelspiel), Michael Born (Konferenz)<\/p>\n\n\n\n<p>Field-Reporter: Felix G\u00f6rner und Stefan Fuckert<\/p>\n\n\n\n<p>Moderation (RTL): Laura Papendick, Experte: Lothar Matth\u00e4us<\/p>\n\n\n\n<p><span style=\"text-decoration: underline;\">ab 20.40 Uhr (RTL+)<\/span><\/p>\n\n\n\n<p><strong style=\"font-style: italic;\"><em><strong>Eintracht Frankfurt \u2013 HJK Helsinki<\/strong><\/em><\/strong> <em><strong>(21.00 Uhr)<\/strong><\/em> <\/p>\n\n\n\n<p><img loading=\"lazy\" decoding=\"async\" width=\"10\" height=\"21\" class=\"wp-image-3656\" style=\"width: 10px;\" src=\"http:\/\/kommentatorenblog.de\/wp-content\/uploads\/2020\/09\/shure-55sh-ii-e1601485394796.jpg\" alt=\"\" srcset=\"https:\/\/kommentatorenblog.de\/wp-content\/uploads\/2020\/09\/shure-55sh-ii-e1601485394796.jpg 415w, https:\/\/kommentatorenblog.de\/wp-content\/uploads\/2020\/09\/shure-55sh-ii-e1601485394796-142x300.jpg 142w\" sizes=\"auto, (max-width: 10px) 100vw, 10px\" \/> Robby Hunke, Experte: Felix Kroos (Einzelspiel), Christian Stra\u00dfburger (Konferenz)<\/p>\n\n\n\n<p>Field-Reporter: Christoph K\u00fcppers<\/p>\n\n\n\n<p><strong style=\"font-style: italic;\"><em><strong>FC Liverpool \u2013 Toulouse FC<\/strong><\/em><\/strong> <em><strong>(21.00 Uhr)<\/strong><\/em> <\/p>\n\n\n\n<p><img loading=\"lazy\" decoding=\"async\" width=\"10\" height=\"21\" class=\"wp-image-3656\" style=\"width: 10px;\" src=\"http:\/\/kommentatorenblog.de\/wp-content\/uploads\/2020\/09\/shure-55sh-ii-e1601485394796.jpg\" alt=\"\" srcset=\"https:\/\/kommentatorenblog.de\/wp-content\/uploads\/2020\/09\/shure-55sh-ii-e1601485394796.jpg 415w, https:\/\/kommentatorenblog.de\/wp-content\/uploads\/2020\/09\/shure-55sh-ii-e1601485394796-142x300.jpg 142w\" sizes=\"auto, (max-width: 10px) 100vw, 10px\" \/> Christoph Stadtler (Einzelspiel), Tim Hemmrich (Konferenz)<\/p>\n\n\n\n<p><strong style=\"font-style: italic;\"><em><strong>Brighton &amp; Hove Albion FC \u2013 Ajax Amsterdam<\/strong><\/em><\/strong> <em><strong>(21.00 Uhr)<\/strong><\/em> <\/p>\n\n\n\n<p><img loading=\"lazy\" decoding=\"async\" width=\"10\" height=\"21\" class=\"wp-image-3656\" style=\"width: 10px;\" src=\"http:\/\/kommentatorenblog.de\/wp-content\/uploads\/2020\/09\/shure-55sh-ii-e1601485394796.jpg\" alt=\"\" srcset=\"https:\/\/kommentatorenblog.de\/wp-content\/uploads\/2020\/09\/shure-55sh-ii-e1601485394796.jpg 415w, https:\/\/kommentatorenblog.de\/wp-content\/uploads\/2020\/09\/shure-55sh-ii-e1601485394796-142x300.jpg 142w\" sizes=\"auto, (max-width: 10px) 100vw, 10px\" \/> Julian Engelhard (Einzelspiel), J\u00fcrgen Schmitz (Konferenz)<\/p>\n\n\n\n<p>Moderation (RTL+): Anna Kraft, Experte: Patrick Helmes<br>Community Host: Jessica Matyschok<\/p>\n\n\n\n<hr class=\"wp-block-separator\"\/>\n\n\n\n<hr class=\"wp-block-separator is-style-default\"\/>\n\n\n\n<p><strong>UEFA Youth League, 3. Spieltag (DAZN)<\/strong><\/p>\n\n\n\n<p><span style=\"text-decoration: underline;\">Mittwoch, 25. Oktober 2023<\/span><\/p>\n\n\n\n<p><strong style=\"font-style: italic;\"><em><strong>Newcastle U19 &#8211; Borussia Dortmund U19&nbsp;<\/strong><\/em><\/strong><em><strong> (16.00 Uhr)<\/strong><\/em> <\/p>\n\n\n\n<p><img loading=\"lazy\" decoding=\"async\" width=\"10\" height=\"21\" class=\"wp-image-3656\" style=\"width: 10px;\" src=\"http:\/\/kommentatorenblog.de\/wp-content\/uploads\/2020\/09\/shure-55sh-ii-e1601485394796.jpg\" alt=\"\" srcset=\"https:\/\/kommentatorenblog.de\/wp-content\/uploads\/2020\/09\/shure-55sh-ii-e1601485394796.jpg 415w, https:\/\/kommentatorenblog.de\/wp-content\/uploads\/2020\/09\/shure-55sh-ii-e1601485394796-142x300.jpg 142w\" sizes=\"auto, (max-width: 10px) 100vw, 10px\" \/> Korbinian Rundel<\/p>\n\n\n\n<hr class=\"wp-block-separator is-style-default\"\/>\n\n\n\n<p>Weitere Ansetzungen folgen hier&#8230;<\/p>\n\n\n\n<hr class=\"wp-block-separator\"\/>\n","protected":false},"excerpt":{"rendered":"<p>N&#8217;Abend allerseits, aufgrund eines kurzfristigen Ausfalls habe ich den Beitrag heute erst recht kurzfristig \u00fcbernommen. Daher lassen wir es heute mal mit dem Vorwort und starten stattdessen mit der Analyse! Die Analyse Zum zweiten Mal in der laufenden Rechteperiode zeigt Prime ein Spiel zur fr\u00fchen Ansto\u00dfzeit. Die Crew meldet sich aus Istanbul, wo die Bayern [&hellip;]<\/p>\n","protected":false},"author":5,"featured_media":0,"comment_status":"open","ping_status":"open","sticky":false,"template":"","format":"standard","meta":{"footnotes":""},"categories":[425],"tags":[],"class_list":["post-15818","post","type-post","status-publish","format-standard","hentry","category-champions-league-und-co"],"_links":{"self":[{"href":"https:\/\/kommentatorenblog.de\/index.php?rest_route=\/wp\/v2\/posts\/15818","targetHints":{"allow":["GET"]}}],"collection":[{"href":"https:\/\/kommentatorenblog.de\/index.php?rest_route=\/wp\/v2\/posts"}],"about":[{"href":"https:\/\/kommentatorenblog.de\/index.php?rest_route=\/wp\/v2\/types\/post"}],"author":[{"embeddable":true,"href":"https:\/\/kommentatorenblog.de\/index.php?rest_route=\/wp\/v2\/users\/5"}],"replies":[{"embeddable":true,"href":"https:\/\/kommentatorenblog.de\/index.php?rest_route=%2Fwp%2Fv2%2Fcomments&post=15818"}],"version-history":[{"count":10,"href":"https:\/\/kommentatorenblog.de\/index.php?rest_route=\/wp\/v2\/posts\/15818\/revisions"}],"predecessor-version":[{"id":15839,"href":"https:\/\/kommentatorenblog.de\/index.php?rest_route=\/wp\/v2\/posts\/15818\/revisions\/15839"}],"wp:attachment":[{"href":"https:\/\/kommentatorenblog.de\/index.php?rest_route=%2Fwp%2Fv2%2Fmedia&parent=15818"}],"wp:term":[{"taxonomy":"category","embeddable":true,"href":"https:\/\/kommentatorenblog.de\/index.php?rest_route=%2Fwp%2Fv2%2Fcategories&post=15818"},{"taxonomy":"post_tag","embeddable":true,"href":"https:\/\/kommentatorenblog.de\/index.php?rest_route=%2Fwp%2Fv2%2Ftags&post=15818"}],"curies":[{"name":"wp","href":"https:\/\/api.w.org\/{rel}","templated":true}]}}