{"id":15927,"date":"2023-11-06T21:00:52","date_gmt":"2023-11-06T19:00:52","guid":{"rendered":"http:\/\/kommentatorenblog.de\/?p=15927"},"modified":"2023-11-06T23:12:49","modified_gmt":"2023-11-06T21:12:49","slug":"1377-awards","status":"publish","type":"post","link":"https:\/\/kommentatorenblog.de\/?p=15927","title":{"rendered":"1377 &#8211; Awards"},"content":{"rendered":"\n<p>N&#8217;Abend allerseits,<\/p>\n\n\n\n<p> in den Kommentaren gab es in der Vergangenheit ab und an mal fragen, ob wir eine Umfrage zu dem besten Kommentator bzw. der besten Kommentatorin machen werden. Dies werden wir demn\u00e4chst tun, hier schon mal eine Erkl\u00e4rung, wie das Ganze ablaufen wird:<\/p>\n\n\n\n<p class=\"has-medium-font-size\"><strong>So l\u00e4uft das ganze ab<\/strong><\/p>\n\n\n\n<p><strong><em>Die Nominierungsphase<\/em><\/strong><\/p>\n\n\n\n<p><strong>Ab dem 09. November<\/strong>, also ab <strong>Donnerstag <\/strong>mit dem n\u00e4chsten Beitrag k\u00f6nnt ihr bei uns im Blog und \u00fcber Instagram Vorschl\u00e4ge zur Nominierungen f\u00fcr die jeweiligen Kategorien einreichen.<\/p>\n\n\n\n<p>Bei uns im Blog l\u00e4uft das \u00fcber eine extra geschaffene Seite, welche wir am Donnerstag freischalten werden. Den Link dazu gibt es ab Donnerstag in den neuen Beitr\u00e4gen.<\/p>\n\n\n\n<p>Bei Instagram es ab Donnerstag in den kommenden 13 Tagen t\u00e4glich eine Story mit einem Vorschlagsfeld f\u00fcr die jeweilige Kategorie geben, wo ihr dann die entsprechende Person nennen k\u00f6nnt<\/p>\n\n\n\n<p>Die <strong>drei<\/strong> Vorschl\u00e4ge, die bis zum <strong>22. November 23:59 Uh<\/strong>r plattform\u00fcbergreifend am h\u00e4ufigsten eingereicht wurden, stehen dann, erg\u00e4nzt um einen vom KommBlog- Team erg\u00e4nzten Vorschlag zur Abstimmung bereit.<\/p>\n\n\n\n<p><strong><em>Das Voting<\/em><\/strong><\/p>\n\n\n\n<p>Mit dem Voting beginnen wir dann ab dem <strong>07. Dezember<\/strong> statt. Hier k\u00f6nnt ihr dann entweder im Blog oder via Instagram abstimmen.<\/p>\n\n\n\n<p>Im <strong>Blog <\/strong>k\u00f6nnt ihr bis zum <strong>20. Dezember 23.59 Uh<\/strong>r <strong>immer f\u00fcr alle Kategorien<\/strong> abstimmen, w\u00e4hrend auf <strong>Instagram<\/strong> die Abstimmung <strong>tageweise <\/strong>in der Story stattfinden wird. Am 07. Dezember starten wir also mit der ersten Kategorie, am 08.12 kommt die zweite Kategorie und das geht dann bis zum 19. Dezember so weiter.<\/p>\n\n\n\n<p><strong><em>Die Ergebnisse<\/em><\/strong><\/p>\n\n\n\n<p><strong>Ab <\/strong>dem <strong>28. Dezember<\/strong> pr\u00e4sentieren wird euch dann die jeweiligen Siegerinnen und Sieger. Dabei werden die Abstimmungsergebnisse der beiden Plattformen zu je 50% gewichtet.<\/p>\n\n\n\n<p><strong><em>Die Kategorien<\/em><\/strong><\/p>\n\n\n\n<p>Ganz wichtig dabei sind nat\u00fcrlich die Kategorien, in denen ihr abstimmen k\u00f6nnt:<\/p>\n\n\n\n<ul class=\"wp-block-list\"><li>Beste Kommentatorin\/ bester Kommentator Bundesliga (Herren &amp; Damen)<\/li><li>Bester Kommentator 2.\/3. Liga<\/li><li>Beste Kommentatorin\/ bester Kommentator Europapokal (CL- Herren &amp; Damen, EL, ECL)<\/li><li>Bester Kommentator Ausland<\/li><li>Beste Kommentatorin\/ bester Kommentator L\u00e4nderspiele (Herren &amp; Damen)<\/li><li>Beste Konferenzkommentatorin\/ bester Konferenzkommentator<\/li><li>Beste Co- Kommentatorin\/ bester Co- Kommentator<\/li><li>Bestes Kommentatorenduo<\/li><li>Beste Expertin\/ bester Experte<\/li><li>Beste Moderatorin\/ bester Moderator<\/li><li>Beste Field- Reporterin\/ bester Field- Reporter<\/li><li>Beste Newcomerin\/ bester Newcomer<\/li><li>Special Award zur Berichterstattung der Frauen- WM 2023<\/li><\/ul>\n\n\n\n<p><strong>Bitte beachtet<\/strong>: Mit Ausnahme der Kategorie L\u00e4nderspiele gilt die Regel, dass die Person <strong>mindestens drei Eins\u00e4tze<\/strong> in dem jeweiligen Wettbewerb in diesem Kalenderjahr haben muss.<\/p>\n\n\n\n<p>Eine Person darf nat\u00fcrlich in mehreren Kategorien vorgeschlagen werden, sofern sie hier im Einsatz war und das oben genannte Kriterium erf\u00fcllt.<\/p>\n\n\n\n<p>Ihr k\u00f6nnt euch ja jetzt schon mal Gedanken machen, wen ihr dann ab <strong>Donnerstag<\/strong> vorschlagen werdet.<\/p>\n\n\n\n<hr class=\"wp-block-separator is-style-default\"\/>\n\n\n\n<p><strong>UEFA Champions League, 4. Spieltag (DAZN\/Prime Video)<\/strong><\/p>\n\n\n\n<p><span style=\"text-decoration: underline;\">Dienstag, 07. November 2023, ab 18.00 Uhr (Prime Video)<\/span><\/p>\n\n\n\n<p><strong style=\"font-style: italic;\"><em><strong>Borussia Dortmund <\/strong><\/em><strong><em><b style=\"font-style: italic;\">\u2013<\/b><\/em><\/strong><\/strong> <em><strong>Newcastle United (18.45 Uhr)<\/strong><\/em> <\/p>\n\n\n\n<p><img loading=\"lazy\" decoding=\"async\" width=\"10\" height=\"21\" class=\"wp-image-3656\" style=\"width: 10px;\" src=\"http:\/\/kommentatorenblog.de\/wp-content\/uploads\/2020\/09\/shure-55sh-ii-e1601485394796.jpg\" alt=\"\" srcset=\"https:\/\/kommentatorenblog.de\/wp-content\/uploads\/2020\/09\/shure-55sh-ii-e1601485394796.jpg 415w, https:\/\/kommentatorenblog.de\/wp-content\/uploads\/2020\/09\/shure-55sh-ii-e1601485394796-142x300.jpg 142w\" sizes=\"auto, (max-width: 10px) 100vw, 10px\" \/> Jonas Friedrich, Experte: Benedikt H\u00f6wedes<\/p>\n\n\n\n<p>Field-Reporter:innen: Annika Zimmermann und Sebastian Benesch<\/p>\n\n\n\n<p>Moderation: Sebastian Hellmann, Expert:innen: Tabea Kemme, Matthias Sammer, Shkodran Mustafi, Schiedsrichter-Experte: Wolfgang Stark<\/p>\n\n\n\n<p><strong>Highlight-Show (23.00 Uhr)<\/strong><\/p>\n\n\n\n<p>Moderation: Lena Cassel und Patrick Owomoyela<\/p>\n\n\n\n<p><span style=\"text-decoration: underline;\">ab 18.45 Uhr (DAZN)<\/span><\/p>\n\n\n\n<p><strong style=\"font-style: italic;\"><em><strong>Schachtar Donezk <em><strong>\u2013 <\/strong><\/em>FC Barcelona<\/strong><\/em><\/strong><em><strong> (18.45 Uhr)<\/strong><\/em> <\/p>\n\n\n\n<p><img loading=\"lazy\" decoding=\"async\" width=\"10\" height=\"21\" class=\"wp-image-3656\" style=\"width: 10px;\" src=\"http:\/\/kommentatorenblog.de\/wp-content\/uploads\/2020\/09\/shure-55sh-ii-e1601485394796.jpg\" alt=\"\" srcset=\"https:\/\/kommentatorenblog.de\/wp-content\/uploads\/2020\/09\/shure-55sh-ii-e1601485394796.jpg 415w, https:\/\/kommentatorenblog.de\/wp-content\/uploads\/2020\/09\/shure-55sh-ii-e1601485394796-142x300.jpg 142w\" sizes=\"auto, (max-width: 10px) 100vw, 10px\" \/> Ruben Zimmermann<\/p>\n\n\n\n<p><span style=\"text-decoration: underline;\">ab 20.15 Uhr (DAZN)<\/span><\/p>\n\n\n\n<p><strong style=\"font-style: italic;\"><em>Roter Stern Belgrad <em><strong>\u2013 <\/strong><\/em>RB Leipzig<\/em><\/strong><em> <strong>(21.00 Uhr)<\/strong><\/em> <\/p>\n\n\n\n<p><img loading=\"lazy\" decoding=\"async\" width=\"10\" height=\"21\" class=\"wp-image-3656\" style=\"width: 10px;\" src=\"http:\/\/kommentatorenblog.de\/wp-content\/uploads\/2020\/09\/shure-55sh-ii-e1601485394796.jpg\" alt=\"\" srcset=\"https:\/\/kommentatorenblog.de\/wp-content\/uploads\/2020\/09\/shure-55sh-ii-e1601485394796.jpg 415w, https:\/\/kommentatorenblog.de\/wp-content\/uploads\/2020\/09\/shure-55sh-ii-e1601485394796-142x300.jpg 142w\" sizes=\"auto, (max-width: 10px) 100vw, 10px\" \/> Lukas Sch\u00f6nm\u00fcller, Experte: Sebastian Knei\u00dfl (Einzelspiel), Max Gross (Konferenz)<\/p>\n\n\n\n<p>Moderation: Tobi Wahnschaffe, Field-Reporter: Freddy Harder<\/p>\n\n\n\n<p><span style=\"text-decoration: underline;\">ab 20.45 Uhr (DAZN)<\/span><\/p>\n\n\n\n<p><strong style=\"font-style: italic;\"><em><strong>Atletico Madrid <em><strong>\u2013 <\/strong><\/em>Celtic<\/strong><\/em> Glasgow<\/strong><em><strong> (21.00 Uhr)<\/strong><\/em> <\/p>\n\n\n\n<p><img loading=\"lazy\" decoding=\"async\" width=\"10\" height=\"21\" class=\"wp-image-3656\" style=\"width: 10px;\" src=\"http:\/\/kommentatorenblog.de\/wp-content\/uploads\/2020\/09\/shure-55sh-ii-e1601485394796.jpg\" alt=\"\" srcset=\"https:\/\/kommentatorenblog.de\/wp-content\/uploads\/2020\/09\/shure-55sh-ii-e1601485394796.jpg 415w, https:\/\/kommentatorenblog.de\/wp-content\/uploads\/2020\/09\/shure-55sh-ii-e1601485394796-142x300.jpg 142w\" sizes=\"auto, (max-width: 10px) 100vw, 10px\" \/> Uwe Morawe (Einzelspiel),&nbsp;Christoph Stadtler (Konferenz)<\/p>\n\n\n\n<p><strong style=\"font-style: italic;\"><em><strong>Manchester City <em><strong>\u2013 <\/strong><\/em> Young Boys<\/strong><\/em> Bern<\/strong><em><strong> (21.00 Uhr)<\/strong><\/em> <\/p>\n\n\n\n<p><img loading=\"lazy\" decoding=\"async\" width=\"10\" height=\"21\" class=\"wp-image-3656\" style=\"width: 10px;\" src=\"http:\/\/kommentatorenblog.de\/wp-content\/uploads\/2020\/09\/shure-55sh-ii-e1601485394796.jpg\" alt=\"\" srcset=\"https:\/\/kommentatorenblog.de\/wp-content\/uploads\/2020\/09\/shure-55sh-ii-e1601485394796.jpg 415w, https:\/\/kommentatorenblog.de\/wp-content\/uploads\/2020\/09\/shure-55sh-ii-e1601485394796-142x300.jpg 142w\" sizes=\"auto, (max-width: 10px) 100vw, 10px\" \/> Marcel Seufert (Einzelspiel), Tom Kirsten (Konferenz)<\/p>\n\n\n\n<p><strong style=\"font-style: italic;\"><em><strong>Lazio Rom <em><strong>\u2013 <\/strong><\/em>Feyenoord Rotterdam<\/strong><\/em><\/strong><em><strong> (21.00 Uhr)<\/strong><\/em> <\/p>\n\n\n\n<p><img loading=\"lazy\" decoding=\"async\" width=\"10\" height=\"21\" class=\"wp-image-3656\" style=\"width: 10px;\" src=\"http:\/\/kommentatorenblog.de\/wp-content\/uploads\/2020\/09\/shure-55sh-ii-e1601485394796.jpg\" alt=\"\" srcset=\"https:\/\/kommentatorenblog.de\/wp-content\/uploads\/2020\/09\/shure-55sh-ii-e1601485394796.jpg 415w, https:\/\/kommentatorenblog.de\/wp-content\/uploads\/2020\/09\/shure-55sh-ii-e1601485394796-142x300.jpg 142w\" sizes=\"auto, (max-width: 10px) 100vw, 10px\" \/> Carsten Fu\u00df <a href=\"https:\/\/www.dazn.com\/de-DE\/account\/signup\"><\/a>(Einzelspiel), Julian Engelhard (Konferenz)<\/p>\n\n\n\n<p><strong style=\"font-style: italic;\">FC <em><strong>Porto <em><strong>\u2013 <\/strong><\/em>Royal Antwerpen<\/strong><\/em><\/strong> <em><strong>(21.00 Uhr)<\/strong><\/em> <\/p>\n\n\n\n<p><img loading=\"lazy\" decoding=\"async\" width=\"10\" height=\"21\" class=\"wp-image-3656\" style=\"width: 10px;\" src=\"http:\/\/kommentatorenblog.de\/wp-content\/uploads\/2020\/09\/shure-55sh-ii-e1601485394796.jpg\" alt=\"\" srcset=\"https:\/\/kommentatorenblog.de\/wp-content\/uploads\/2020\/09\/shure-55sh-ii-e1601485394796.jpg 415w, https:\/\/kommentatorenblog.de\/wp-content\/uploads\/2020\/09\/shure-55sh-ii-e1601485394796-142x300.jpg 142w\" sizes=\"auto, (max-width: 10px) 100vw, 10px\" \/> Stefan Galler (Einzelspiel), Freddie Schulz (Konferenz)<\/p>\n\n\n\n<p><strong style=\"font-style: italic;\"><em><strong>AC Mailand <em><strong>\u2013 <\/strong><\/em>Paris Saint- Germain&nbsp;<\/strong><\/em><\/strong><em><strong> (21.00 Uhr)<\/strong><\/em> <\/p>\n\n\n\n<p><img loading=\"lazy\" decoding=\"async\" width=\"10\" height=\"21\" class=\"wp-image-3656\" style=\"width: 10px;\" src=\"http:\/\/kommentatorenblog.de\/wp-content\/uploads\/2020\/09\/shure-55sh-ii-e1601485394796.jpg\" alt=\"\" srcset=\"https:\/\/kommentatorenblog.de\/wp-content\/uploads\/2020\/09\/shure-55sh-ii-e1601485394796.jpg 415w, https:\/\/kommentatorenblog.de\/wp-content\/uploads\/2020\/09\/shure-55sh-ii-e1601485394796-142x300.jpg 142w\" sizes=\"auto, (max-width: 10px) 100vw, 10px\" \/>&nbsp;Michael Born, Experte: Jonas Hummels(Einzelspiel), Nico Seepe (Konferenz)<\/p>\n\n\n\n<p>Moderation (Konferenz): &nbsp;Andres Veredas Salazar<\/p>\n\n\n\n<p><span style=\"text-decoration: underline;\">Mittwoch, 08. November 2023, ab 18.15 Uhr (DAZN)<\/span><\/p>\n\n\n\n<p><strong style=\"font-style: italic;\"><em><strong>SSC&nbsp;Neapel <em><strong>\u2013 <\/strong><\/em>1. FC Union Berlin&nbsp;<\/strong><\/em><\/strong><em><strong> (18.45 Uhr)<\/strong><\/em> <\/p>\n\n\n\n<p><img loading=\"lazy\" decoding=\"async\" width=\"10\" height=\"21\" class=\"wp-image-3656\" style=\"width: 10px;\" src=\"http:\/\/kommentatorenblog.de\/wp-content\/uploads\/2020\/09\/shure-55sh-ii-e1601485394796.jpg\" alt=\"\" srcset=\"https:\/\/kommentatorenblog.de\/wp-content\/uploads\/2020\/09\/shure-55sh-ii-e1601485394796.jpg 415w, https:\/\/kommentatorenblog.de\/wp-content\/uploads\/2020\/09\/shure-55sh-ii-e1601485394796-142x300.jpg 142w\" sizes=\"auto, (max-width: 10px) 100vw, 10px\" \/> Uli Hebel (Einzelspiel), Mario Rieker (Konferenz)<\/p>\n\n\n\n<p>Moderation: Alex Schl\u00fcter &amp; Tobi Wahnschaffe, &nbsp;Experte: Benny Lauth<\/p>\n\n\n\n<p><strong style=\"font-style: italic;\"><em><strong>Real Sociedad <em><strong>\u2013 <\/strong><\/em>Benfica Lissabon<\/strong><\/em><\/strong><em><strong> (18.45 Uhr)<\/strong><\/em> <\/p>\n\n\n\n<p><img loading=\"lazy\" decoding=\"async\" width=\"10\" height=\"21\" class=\"wp-image-3656\" style=\"width: 10px;\" src=\"http:\/\/kommentatorenblog.de\/wp-content\/uploads\/2020\/09\/shure-55sh-ii-e1601485394796.jpg\" alt=\"\" srcset=\"https:\/\/kommentatorenblog.de\/wp-content\/uploads\/2020\/09\/shure-55sh-ii-e1601485394796.jpg 415w, https:\/\/kommentatorenblog.de\/wp-content\/uploads\/2020\/09\/shure-55sh-ii-e1601485394796-142x300.jpg 142w\" sizes=\"auto, (max-width: 10px) 100vw, 10px\" \/> Uwe Morawe (Einzelspiel), Oliver Forster (Konferenz)<\/p>\n\n\n\n<p><span style=\"text-decoration: underline;\">ab 20.00 Uhr (DAZN)<\/span><\/p>\n\n\n\n<p><strong style=\"font-style: italic;\"><em><strong>FC Bayern M\u00fcnchen <em><strong>\u2013 <\/strong><\/em>Galatasaray<\/strong><\/em><\/strong><em><strong> (21.00 Uhr)<\/strong><\/em> <\/p>\n\n\n\n<p><img loading=\"lazy\" decoding=\"async\" width=\"10\" height=\"21\" class=\"wp-image-3656\" style=\"width: 10px;\" src=\"http:\/\/kommentatorenblog.de\/wp-content\/uploads\/2020\/09\/shure-55sh-ii-e1601485394796.jpg\" alt=\"\" srcset=\"https:\/\/kommentatorenblog.de\/wp-content\/uploads\/2020\/09\/shure-55sh-ii-e1601485394796.jpg 415w, https:\/\/kommentatorenblog.de\/wp-content\/uploads\/2020\/09\/shure-55sh-ii-e1601485394796-142x300.jpg 142w\" sizes=\"auto, (max-width: 10px) 100vw, 10px\" \/> Marco Hagemann, Experte: Sami Khedira (Einzelspiel), Jan Platte (Konferenz)<\/p>\n\n\n\n<p>Moderation: Laura Wontorra, Field-Reporter: Max Siebald<\/p>\n\n\n\n<p><span style=\"text-decoration: underline;\">ab 20.45 Uhr (DAZN)<\/span><\/p>\n\n\n\n<p><strong style=\"font-style: italic;\"><em><strong>FC Salzburg <em><strong>\u2013 <\/strong><\/em>Inter Mailand<\/strong><\/em><\/strong><em><strong> (21.00 Uhr)<\/strong><\/em> <\/p>\n\n\n\n<p><img loading=\"lazy\" decoding=\"async\" width=\"10\" height=\"21\" class=\"wp-image-3656\" style=\"width: 10px;\" src=\"http:\/\/kommentatorenblog.de\/wp-content\/uploads\/2020\/09\/shure-55sh-ii-e1601485394796.jpg\" alt=\"\" srcset=\"https:\/\/kommentatorenblog.de\/wp-content\/uploads\/2020\/09\/shure-55sh-ii-e1601485394796.jpg 415w, https:\/\/kommentatorenblog.de\/wp-content\/uploads\/2020\/09\/shure-55sh-ii-e1601485394796-142x300.jpg 142w\" sizes=\"auto, (max-width: 10px) 100vw, 10px\" \/> Carsten Fu\u00df, Experte: Sebastian Knei\u00dfl (Einzelspiel), Max Gross (Konferenz)<\/p>\n\n\n\n<p><strong style=\"font-style: italic;\"><em><strong>Arsenal London <em><strong>\u2013 <\/strong><\/em> FC Sevilla&nbsp;<\/strong><\/em><\/strong><em><strong> (21.00 Uhr)<\/strong><\/em> <\/p>\n\n\n\n<p><img loading=\"lazy\" decoding=\"async\" width=\"10\" height=\"21\" class=\"wp-image-3656\" style=\"width: 10px;\" src=\"http:\/\/kommentatorenblog.de\/wp-content\/uploads\/2020\/09\/shure-55sh-ii-e1601485394796.jpg\" alt=\"\" srcset=\"https:\/\/kommentatorenblog.de\/wp-content\/uploads\/2020\/09\/shure-55sh-ii-e1601485394796.jpg 415w, https:\/\/kommentatorenblog.de\/wp-content\/uploads\/2020\/09\/shure-55sh-ii-e1601485394796-142x300.jpg 142w\" sizes=\"auto, (max-width: 10px) 100vw, 10px\" \/> Michael Born, Experte: Sascha Bigalke (Einzelspiel), Flo Hauser (Konferenz)<\/p>\n\n\n\n<p><strong style=\"font-style: italic;\"><em><strong>Real Madrid <em><strong>\u2013 <\/strong><\/em>Braga<\/strong><\/em><\/strong><em><strong> (21.00 Uhr)<\/strong><\/em> <\/p>\n\n\n\n<p><img loading=\"lazy\" decoding=\"async\" width=\"10\" height=\"21\" class=\"wp-image-3656\" style=\"width: 10px;\" src=\"http:\/\/kommentatorenblog.de\/wp-content\/uploads\/2020\/09\/shure-55sh-ii-e1601485394796.jpg\" alt=\"\" srcset=\"https:\/\/kommentatorenblog.de\/wp-content\/uploads\/2020\/09\/shure-55sh-ii-e1601485394796.jpg 415w, https:\/\/kommentatorenblog.de\/wp-content\/uploads\/2020\/09\/shure-55sh-ii-e1601485394796-142x300.jpg 142w\" sizes=\"auto, (max-width: 10px) 100vw, 10px\" \/> David Ploch (Einzelspiel), Marcel Seufert (Konferenz)<\/p>\n\n\n\n<p><strong style=\"font-style: italic;\">FC&nbsp;Kopenhagen <em><strong>\u2013 <\/strong><\/em>Manchester United<\/strong> <em><strong>(21.00 Uhr)<\/strong><\/em> &nbsp;<\/p>\n\n\n\n<p><img loading=\"lazy\" decoding=\"async\" width=\"10\" height=\"21\" class=\"wp-image-3656\" style=\"width: 10px;\" src=\"http:\/\/kommentatorenblog.de\/wp-content\/uploads\/2020\/09\/shure-55sh-ii-e1601485394796.jpg\" alt=\"\" srcset=\"https:\/\/kommentatorenblog.de\/wp-content\/uploads\/2020\/09\/shure-55sh-ii-e1601485394796.jpg 415w, https:\/\/kommentatorenblog.de\/wp-content\/uploads\/2020\/09\/shure-55sh-ii-e1601485394796-142x300.jpg 142w\" sizes=\"auto, (max-width: 10px) 100vw, 10px\" \/> Joachim Hebel (Einzelspiel), Julian Engelhard (Konferenz)<\/p>\n\n\n\n<p><strong style=\"font-style: italic;\">PSV <em><strong>Eindhoven <em><strong>\u2013 <\/strong><\/em>Lens&nbsp;<\/strong><\/em><\/strong><em><strong> (21.00 Uhr)<\/strong><\/em> <\/p>\n\n\n\n<p><img loading=\"lazy\" decoding=\"async\" width=\"10\" height=\"21\" class=\"wp-image-3656\" style=\"width: 10px;\" src=\"http:\/\/kommentatorenblog.de\/wp-content\/uploads\/2020\/09\/shure-55sh-ii-e1601485394796.jpg\" alt=\"\" srcset=\"https:\/\/kommentatorenblog.de\/wp-content\/uploads\/2020\/09\/shure-55sh-ii-e1601485394796.jpg 415w, https:\/\/kommentatorenblog.de\/wp-content\/uploads\/2020\/09\/shure-55sh-ii-e1601485394796-142x300.jpg 142w\" sizes=\"auto, (max-width: 10px) 100vw, 10px\" \/> Tobi Fischbeck (Einzelspiel), Franz B\u00fcchner (Konferenz)<\/p>\n\n\n\n<p>Moderation (Konferenz): Tom Kirsten<\/p>\n\n\n\n<hr class=\"wp-block-separator is-style-default\"\/>\n\n\n\n<p><strong>UEFA Europa League \/ UEFA Europa Conference League, 4. Spieltag (RTL+\/RTL)<\/strong><\/p>\n\n\n\n<p><span style=\"text-decoration: underline;\">Donnerstag, 09. November 2023, ab 18.15 Uhr (RTL+)<\/span><\/p>\n\n\n\n<p><strong style=\"font-style: italic;\"><em><strong>Qarabag FK \u2013 Bayer 04 Leverkusen<\/strong><\/em><\/strong><em><strong> (18.45 Uhr)<\/strong><\/em> <\/p>\n\n\n\n<p><img loading=\"lazy\" decoding=\"async\" width=\"10\" height=\"21\" class=\"wp-image-3656\" style=\"width: 10px;\" src=\"http:\/\/kommentatorenblog.de\/wp-content\/uploads\/2020\/09\/shure-55sh-ii-e1601485394796.jpg\" alt=\"\" srcset=\"https:\/\/kommentatorenblog.de\/wp-content\/uploads\/2020\/09\/shure-55sh-ii-e1601485394796.jpg 415w, https:\/\/kommentatorenblog.de\/wp-content\/uploads\/2020\/09\/shure-55sh-ii-e1601485394796-142x300.jpg 142w\" sizes=\"auto, (max-width: 10px) 100vw, 10px\" \/> Michael Born, Experte: Patrick Helmes (Einzelspiel), Robert Hunke (Konferenz)<\/p>\n\n\n\n<p>Field-Reporter: ???<\/p>\n\n\n\n<p><strong style=\"font-style: italic;\"><em><strong>HJK Helsinki <em><strong>\u2013 <\/strong><\/em> Eintracht Frankfurt<\/strong><\/em><\/strong> <em><strong>(18.45 Uhr)<\/strong><\/em> <\/p>\n\n\n\n<p><img loading=\"lazy\" decoding=\"async\" width=\"10\" height=\"21\" class=\"wp-image-3656\" style=\"width: 10px;\" src=\"http:\/\/kommentatorenblog.de\/wp-content\/uploads\/2020\/09\/shure-55sh-ii-e1601485394796.jpg\" alt=\"\" srcset=\"https:\/\/kommentatorenblog.de\/wp-content\/uploads\/2020\/09\/shure-55sh-ii-e1601485394796.jpg 415w, https:\/\/kommentatorenblog.de\/wp-content\/uploads\/2020\/09\/shure-55sh-ii-e1601485394796-142x300.jpg 142w\" sizes=\"auto, (max-width: 10px) 100vw, 10px\" \/> Cornelius K\u00fcpper,  Experte: Ansgar Brinkmann (Einzelspiel), Alexander Klich (Konferenz)<\/p>\n\n\n\n<p>Field-Reporter: Christoph K\u00fcppers<\/p>\n\n\n\n<p><strong style=\"font-style: italic;\"><em><strong>Ajax Amsterdam <em><strong>\u2013 <\/strong><\/em>Brighton &amp; Hove Albion FC<\/strong><\/em><\/strong><em><strong> (18.45 Uhr)<\/strong><\/em> <\/p>\n\n\n\n<p><img loading=\"lazy\" decoding=\"async\" width=\"10\" height=\"21\" class=\"wp-image-3656\" style=\"width: 10px;\" src=\"http:\/\/kommentatorenblog.de\/wp-content\/uploads\/2020\/09\/shure-55sh-ii-e1601485394796.jpg\" alt=\"\" srcset=\"https:\/\/kommentatorenblog.de\/wp-content\/uploads\/2020\/09\/shure-55sh-ii-e1601485394796.jpg 415w, https:\/\/kommentatorenblog.de\/wp-content\/uploads\/2020\/09\/shure-55sh-ii-e1601485394796-142x300.jpg 142w\" sizes=\"auto, (max-width: 10px) 100vw, 10px\" \/> Alexander K\u00fcpper (Einzelspiel), Julian Engelhard (Konferenz)<\/p>\n\n\n\n<p><strong style=\"font-style: italic;\"><em><strong>Toulouse FC &#8211; FC Liverpool&nbsp;<\/strong><\/em><\/strong> <em><strong>(18.45 Uhr)<\/strong><\/em> <\/p>\n\n\n\n<p><img loading=\"lazy\" decoding=\"async\" width=\"10\" height=\"21\" class=\"wp-image-3656\" style=\"width: 10px;\" src=\"http:\/\/kommentatorenblog.de\/wp-content\/uploads\/2020\/09\/shure-55sh-ii-e1601485394796.jpg\" alt=\"\" srcset=\"https:\/\/kommentatorenblog.de\/wp-content\/uploads\/2020\/09\/shure-55sh-ii-e1601485394796.jpg 415w, https:\/\/kommentatorenblog.de\/wp-content\/uploads\/2020\/09\/shure-55sh-ii-e1601485394796-142x300.jpg 142w\" sizes=\"auto, (max-width: 10px) 100vw, 10px\" \/> Tim Hemmrich (Einzelspiel), Stefan Galler (Konferenz)<\/p>\n\n\n\n<p><span style=\"text-decoration: underline;\">ab 20.40 Uhr (RTL\/RTL+)<\/span><\/p>\n\n\n\n<p><strong style=\"font-style: italic;\"><em><strong>SC Freiburg \u2013 TSC Backa Topola<\/strong><\/em><\/strong> <em><strong>(21.00 Uhr)<\/strong><\/em><\/p>\n\n\n\n<p><img loading=\"lazy\" decoding=\"async\" width=\"10\" height=\"21\" class=\"wp-image-3656\" style=\"width: 10px;\" src=\"http:\/\/kommentatorenblog.de\/wp-content\/uploads\/2020\/09\/shure-55sh-ii-e1601485394796.jpg\" alt=\"\" srcset=\"https:\/\/kommentatorenblog.de\/wp-content\/uploads\/2020\/09\/shure-55sh-ii-e1601485394796.jpg 415w, https:\/\/kommentatorenblog.de\/wp-content\/uploads\/2020\/09\/shure-55sh-ii-e1601485394796-142x300.jpg 142w\" sizes=\"auto, (max-width: 10px) 100vw, 10px\" \/> <em>RTL: <\/em>Marco Hagemann, Experte: Steffen Freund<\/p>\n\n\n\n<p><img loading=\"lazy\" decoding=\"async\" width=\"10\" height=\"21\" class=\"wp-image-3656\" style=\"width: 10px;\" src=\"http:\/\/kommentatorenblog.de\/wp-content\/uploads\/2020\/09\/shure-55sh-ii-e1601485394796.jpg\" alt=\"\" srcset=\"https:\/\/kommentatorenblog.de\/wp-content\/uploads\/2020\/09\/shure-55sh-ii-e1601485394796.jpg 415w, https:\/\/kommentatorenblog.de\/wp-content\/uploads\/2020\/09\/shure-55sh-ii-e1601485394796-142x300.jpg 142w\" sizes=\"auto, (max-width: 10px) 100vw, 10px\" \/> <em>RTL+: <\/em>Oliver Seidler, Experte: Felix Kroos (Einzelspiel), Klaus Veltman (Konferenz)<\/p>\n\n\n\n<p>Field-Reporter: Thomas Wagner<\/p>\n\n\n\n<p>Moderation (RTL): Laura Papendick, Experte: Lothar Matth\u00e4us<\/p>\n\n\n\n<p><span style=\"text-decoration: underline;\">ab 20.40 Uhr (RTL+)<\/span><\/p>\n\n\n\n<p><strong style=\"font-style: italic;\"><em><strong>West Ham United <em><strong>\u2013 <\/strong><\/em>Olympiakos Pir\u00e4us<\/strong><\/em><\/strong> <em><strong>(21.00 Uhr)<\/strong><\/em> <\/p>\n\n\n\n<p><img loading=\"lazy\" decoding=\"async\" width=\"10\" height=\"21\" class=\"wp-image-3656\" style=\"width: 10px;\" src=\"http:\/\/kommentatorenblog.de\/wp-content\/uploads\/2020\/09\/shure-55sh-ii-e1601485394796.jpg\" alt=\"\" srcset=\"https:\/\/kommentatorenblog.de\/wp-content\/uploads\/2020\/09\/shure-55sh-ii-e1601485394796.jpg 415w, https:\/\/kommentatorenblog.de\/wp-content\/uploads\/2020\/09\/shure-55sh-ii-e1601485394796-142x300.jpg 142w\" sizes=\"auto, (max-width: 10px) 100vw, 10px\" \/> Frederick Schulz&nbsp;(Einzelspiel), Stefan Fuckert (Konferenz)<\/p>\n\n\n\n<p><strong style=\"font-style: italic;\"><em><strong>Glasgow Rangers \u2013 Sparta Prag<\/strong><\/em><\/strong> <em><strong>(21.00 Uhr)<\/strong><\/em> <\/p>\n\n\n\n<p><img loading=\"lazy\" decoding=\"async\" width=\"10\" height=\"21\" class=\"wp-image-3656\" style=\"width: 10px;\" src=\"http:\/\/kommentatorenblog.de\/wp-content\/uploads\/2020\/09\/shure-55sh-ii-e1601485394796.jpg\" alt=\"\" srcset=\"https:\/\/kommentatorenblog.de\/wp-content\/uploads\/2020\/09\/shure-55sh-ii-e1601485394796.jpg 415w, https:\/\/kommentatorenblog.de\/wp-content\/uploads\/2020\/09\/shure-55sh-ii-e1601485394796-142x300.jpg 142w\" sizes=\"auto, (max-width: 10px) 100vw, 10px\" \/> Philip Konrad (Einzelspiel), Florian von Stackelberg (Konferenz)<\/p>\n\n\n\n<p><strong style=\"font-style: italic;\"><em><strong>AEK Athen \u2013 Olympique Marseille<\/strong><\/em><\/strong> <em><strong>(21.00 Uhr)<\/strong><\/em> <\/p>\n\n\n\n<p><img loading=\"lazy\" decoding=\"async\" width=\"10\" height=\"21\" class=\"wp-image-3656\" style=\"width: 10px;\" src=\"http:\/\/kommentatorenblog.de\/wp-content\/uploads\/2020\/09\/shure-55sh-ii-e1601485394796.jpg\" alt=\"\" srcset=\"https:\/\/kommentatorenblog.de\/wp-content\/uploads\/2020\/09\/shure-55sh-ii-e1601485394796.jpg 415w, https:\/\/kommentatorenblog.de\/wp-content\/uploads\/2020\/09\/shure-55sh-ii-e1601485394796-142x300.jpg 142w\" sizes=\"auto, (max-width: 10px) 100vw, 10px\" \/> Rene Langhoff (Einzelspiel), Heiko Wasser (Konferenz)<\/p>\n\n\n\n<p>Moderation (RTL+): Anna Kraft, G\u00e4ste: Johannes Strate (Revolverheld), Alessa-Luisa Naujoks, Jessica Matyschok, Julius Fellermann<\/p>\n\n\n\n<hr class=\"wp-block-separator\"\/>\n\n\n\n<hr class=\"wp-block-separator is-style-default\"\/>\n\n\n\n<p><strong>UEFA Youth League, 4. Spieltag (DAZN)<\/strong><\/p>\n\n\n\n<p><span style=\"text-decoration: underline;\">Mittwoch, 08. November 2023<\/span><\/p>\n\n\n\n<p><strong style=\"font-style: italic;\"><em><strong>FC Bayern M\u00fcnchen U19 <em><strong>\u2013 <\/strong><\/em>Galatasaray U19&nbsp;<\/strong><\/em><\/strong><em><strong> (16.00 Uhr)<\/strong><\/em> <\/p>\n\n\n\n<p><img loading=\"lazy\" decoding=\"async\" width=\"10\" height=\"21\" class=\"wp-image-3656\" style=\"width: 10px;\" src=\"http:\/\/kommentatorenblog.de\/wp-content\/uploads\/2020\/09\/shure-55sh-ii-e1601485394796.jpg\" alt=\"\" srcset=\"https:\/\/kommentatorenblog.de\/wp-content\/uploads\/2020\/09\/shure-55sh-ii-e1601485394796.jpg 415w, https:\/\/kommentatorenblog.de\/wp-content\/uploads\/2020\/09\/shure-55sh-ii-e1601485394796-142x300.jpg 142w\" sizes=\"auto, (max-width: 10px) 100vw, 10px\" \/> Korbinian Rundel<\/p>\n\n\n\n<p><strong>Copa de la Liga Profesional (12. Spieltag) (sportdigital Fu\u00dfball)<\/strong><\/p>\n\n\n\n<p><span style=\"text-decoration: underline;\">Mittwoch, 08. November 2023, ab 22.55 Uhr<\/span><\/p>\n\n\n\n<p><strong style=\"font-style: italic;\"><em><strong>CA San Lorenzo <em><strong>\u2013 <\/strong><\/em>Boca Juniors&nbsp;<\/strong><\/em><\/strong><em><strong> (23.00 Uhr)<\/strong><\/em> <\/p>\n\n\n\n<p><img loading=\"lazy\" decoding=\"async\" width=\"10\" height=\"21\" class=\"wp-image-3656\" style=\"width: 10px;\" src=\"http:\/\/kommentatorenblog.de\/wp-content\/uploads\/2020\/09\/shure-55sh-ii-e1601485394796.jpg\" alt=\"\" srcset=\"https:\/\/kommentatorenblog.de\/wp-content\/uploads\/2020\/09\/shure-55sh-ii-e1601485394796.jpg 415w, https:\/\/kommentatorenblog.de\/wp-content\/uploads\/2020\/09\/shure-55sh-ii-e1601485394796-142x300.jpg 142w\" sizes=\"auto, (max-width: 10px) 100vw, 10px\" \/> ???<\/p>\n\n\n\n<p><strong>Campeonato Brasileiro (33. Spieltag) (sportdigital Fu\u00dfball)<\/strong><\/p>\n\n\n\n<p><span style=\"text-decoration: underline;\"><span style=\"text-decoration: underline;\">Donnerstag, 09. November 2023, ab 23.55 Uhr<\/span><\/span><\/p>\n\n\n\n<p><strong style=\"font-style: italic;\"><em><strong>Botafogo <em><strong>\u2013 <\/strong><\/em>Gremio&nbsp;<\/strong><\/em><\/strong><em><strong> (00.00 Uhr)<\/strong><\/em> <\/p>\n\n\n\n<p><img loading=\"lazy\" decoding=\"async\" width=\"10\" height=\"21\" class=\"wp-image-3656\" style=\"width: 10px;\" src=\"http:\/\/kommentatorenblog.de\/wp-content\/uploads\/2020\/09\/shure-55sh-ii-e1601485394796.jpg\" alt=\"\" srcset=\"https:\/\/kommentatorenblog.de\/wp-content\/uploads\/2020\/09\/shure-55sh-ii-e1601485394796.jpg 415w, https:\/\/kommentatorenblog.de\/wp-content\/uploads\/2020\/09\/shure-55sh-ii-e1601485394796-142x300.jpg 142w\" sizes=\"auto, (max-width: 10px) 100vw, 10px\" \/> Moritz Knorr<\/p>\n\n\n\n<p><strong>AFC Champions League, 4. Spieltag<\/strong><strong> (Sport1+)<\/strong><\/p>\n\n\n\n<p><span style=\"text-decoration: underline;\"><span style=\"text-decoration: underline;\">Dienstag, 07. November 2023, ab 10.55 Uhr<\/span><\/span><\/p>\n\n\n\n<p><strong style=\"font-style: italic;\"><em><strong>Kawasaki Frontale &#8211; BG Pathum United FC&nbsp;<\/strong><\/em><\/strong><em><strong> (11.00 Uhr)<\/strong><\/em> <\/p>\n\n\n\n<p><img loading=\"lazy\" decoding=\"async\" width=\"10\" height=\"21\" class=\"wp-image-3656\" style=\"width: 10px;\" src=\"http:\/\/kommentatorenblog.de\/wp-content\/uploads\/2020\/09\/shure-55sh-ii-e1601485394796.jpg\" alt=\"\" srcset=\"https:\/\/kommentatorenblog.de\/wp-content\/uploads\/2020\/09\/shure-55sh-ii-e1601485394796.jpg 415w, https:\/\/kommentatorenblog.de\/wp-content\/uploads\/2020\/09\/shure-55sh-ii-e1601485394796-142x300.jpg 142w\" sizes=\"auto, (max-width: 10px) 100vw, 10px\" \/> ???<\/p>\n\n\n\n<hr class=\"wp-block-separator is-style-default\"\/>\n\n\n\n<p><strong>Die Analyse<\/strong><\/p>\n\n\n\n<p>Wie bereits am 3. Spieltag hat sich Prime nicht f\u00fcr das sp\u00e4te deutsche Dienstagsspiel entschieden, sondern f\u00fcr die 18.00 Uhr Partie. Dann spielt der BVB, man wird sich hier wohl mehr Zuschauern und auch mehr neue Abonnenten ausrechnen, als wenn man das sp\u00e4tere Spiel von RB Leipzig \u00fcbertragen h\u00e4tte. Das Spiel der Borussia kommentiert wenig \u00fcberraschend Jonas Friedrich mit Benedikt H\u00f6wedes. Neben Sebastian Hellmann werden Tabea Kemme (rotiert f\u00fcr Henning rein), Matthias Sammer und Shkodran Mustafi (als Gast) das Spiel analysieren. Anstelle von Lutz Wagner ist diese Woche Wolfgang Stark Schiri- Experte.<\/p>\n\n\n\n<p>Die 21.00 Uhr- Partie von RB Leipzig in Belgrad gibt es dann bei DAZN zu sehen. Die Vorl\u00e4ufe starten ab 20.15 Uhr mit Tobi Wahnschaffe, Kommentator im Einzelspiel wird Lukas Sch\u00f6nm\u00fcller sein. Aus Belgrad meldet sich Field- Reporter Freddy Harder, w\u00e4hrend Wahnschaffe und Sch\u00f6nm\u00fcller aus der Box moderieren bzw. kommentieren.<\/p>\n\n\n\n<p>Am Mittwoch spielen dann noch Union Berlin und der FC Bayern ihr viertes Gruppenspiel. F\u00fcr die Eisernen geht es dabei nach Neapel. Hier wird es in Schl\u00fcter und Wahnschaffe eine Doppelmoderation geben, einer der beiden meldet sich aus dem Stadion in Neapel, der Rest sendet aus M\u00fcnchen.<\/p>\n\n\n\n<p>Am Abend empfangen die M\u00fcnchner dann Galatasaray in der Allianz Arena, die Vorberichte f\u00fcr die Partie starten hier ab 20.00 Uhr mit Moderatorin Laura Wontorra und Experte Sami Khedira. Kommentator im Einzelspiel wird Marco Hagemann sein, in der Konferenz meldet sich Jan Platte. Au\u00dfer Konferenzkommentator Platte ist hier die komplette Crew in der Arena.<\/p>\n\n\n\n<p>Bei DAZN hei\u00dft es zudem f\u00fcr einige Kommentatoren Doppeleinsatz in der Champions League. Sowohl Uwe Morawe als auch Carsten Fu\u00df kommentieren unter der Woche zwei Einzelspiele, w\u00e4hrend Max Gross zwei Konferenzeins\u00e4tze haben wird und Marcel Seufert sich am Dienstag erst um ManCity- Bern im Einzelspiel k\u00fcmmert und am Mittwoch dann Real- Braga in der Konferenz \u00fcbernimmt. Michael Born und Julian Engelhard sind daneben auch f\u00fcr RTL+ im Einsatz und haben somit drei Spiele in Folge, Born immer im Einzelspiel w\u00e4hrend Engelhard drei Konferenz- Eins\u00e4tze haben wird.<\/p>\n\n\n\n<p><strong>Freiburg bei RTL zu sehen<\/strong><\/p>\n\n\n\n<p>Die Free TV- Partie in der Europa League ist diese Woche das Heimspiel des SC Freiburg gegen Backa Topola. RTL geht hier mit seiner gewohnten Crew um Hagemann\/ Freund an den Start. Bei RTL+ \u00fcbernimmt hier Oliver Seidler mit Experte Felix Kroos. Auch bei den anderen beiden deutschen Partien setzt man auf Experten, beim Leverkusen- Spiel ist Helmes an der Seite von dem bereits angesprochenen Born. Das Frankfurt- Spiel kommentiert Cornelius K\u00fcpper im Einzelstream mit Ansgar Brinkmann.<\/p>\n\n\n\n<p>Das soll es f\u00fcr diese englische Woche gewesen sein. Am Donnerstag meldet sich dann Hannes mit dem n\u00e4chsten neuen Beitrag und u.a. den Ansetzungen der Bundesligen.<\/p>\n\n\n\n<hr class=\"wp-block-separator\"\/>\n","protected":false},"excerpt":{"rendered":"<p>N&#8217;Abend allerseits, in den Kommentaren gab es in der Vergangenheit ab und an mal fragen, ob wir eine Umfrage zu dem besten Kommentator bzw. der besten Kommentatorin machen werden. Dies werden wir demn\u00e4chst tun, hier schon mal eine Erkl\u00e4rung, wie das Ganze ablaufen wird: So l\u00e4uft das ganze ab Die Nominierungsphase Ab dem 09. November, [&hellip;]<\/p>\n","protected":false},"author":10,"featured_media":0,"comment_status":"open","ping_status":"open","sticky":false,"template":"","format":"standard","meta":{"footnotes":""},"categories":[425],"tags":[],"class_list":["post-15927","post","type-post","status-publish","format-standard","hentry","category-champions-league-und-co"],"_links":{"self":[{"href":"https:\/\/kommentatorenblog.de\/index.php?rest_route=\/wp\/v2\/posts\/15927","targetHints":{"allow":["GET"]}}],"collection":[{"href":"https:\/\/kommentatorenblog.de\/index.php?rest_route=\/wp\/v2\/posts"}],"about":[{"href":"https:\/\/kommentatorenblog.de\/index.php?rest_route=\/wp\/v2\/types\/post"}],"author":[{"embeddable":true,"href":"https:\/\/kommentatorenblog.de\/index.php?rest_route=\/wp\/v2\/users\/10"}],"replies":[{"embeddable":true,"href":"https:\/\/kommentatorenblog.de\/index.php?rest_route=%2Fwp%2Fv2%2Fcomments&post=15927"}],"version-history":[{"count":12,"href":"https:\/\/kommentatorenblog.de\/index.php?rest_route=\/wp\/v2\/posts\/15927\/revisions"}],"predecessor-version":[{"id":15953,"href":"https:\/\/kommentatorenblog.de\/index.php?rest_route=\/wp\/v2\/posts\/15927\/revisions\/15953"}],"wp:attachment":[{"href":"https:\/\/kommentatorenblog.de\/index.php?rest_route=%2Fwp%2Fv2%2Fmedia&parent=15927"}],"wp:term":[{"taxonomy":"category","embeddable":true,"href":"https:\/\/kommentatorenblog.de\/index.php?rest_route=%2Fwp%2Fv2%2Fcategories&post=15927"},{"taxonomy":"post_tag","embeddable":true,"href":"https:\/\/kommentatorenblog.de\/index.php?rest_route=%2Fwp%2Fv2%2Ftags&post=15927"}],"curies":[{"name":"wp","href":"https:\/\/api.w.org\/{rel}","templated":true}]}}