{"id":15986,"date":"2023-11-13T15:51:46","date_gmt":"2023-11-13T13:51:46","guid":{"rendered":"http:\/\/kommentatorenblog.de\/?p=15986"},"modified":"2025-01-16T14:21:53","modified_gmt":"2025-01-16T13:21:53","slug":"1379-internationale-woche","status":"publish","type":"post","link":"https:\/\/kommentatorenblog.de\/?p=15986","title":{"rendered":"1379 \u2013 Internationale Woche"},"content":{"rendered":"\n<p><strong><em>N&#8217;Abend allerseits!<\/em><\/strong><\/p>\n\n\n\n<p>Unser Voting ist in vollem Gange und wir haben bereits viele gute (und auch einige lustige) Vorschl\u00e4ge von euch erhalten. Also gerne weiter so! Den Link findet ihr <a rel=\"noreferrer noopener\" href=\"https:\/\/kommentatorenblog.de\/?page_id=15870\" target=\"_blank\">hier<\/a>!<\/p>\n\n\n\n<p>Ansonsten erwartet uns eine relativ ruhige Woche mit einigen CL-Partien der Frauen. DAZN zeigt jene mit deutscher Beteiligung dankenswerterweise auf diversen Kan\u00e4len frei empfangbar f\u00fcr alle. Den Rest gibt&#8217;s mit World-Feed auf der Plattform zu sehen. <\/p>\n\n\n\n<p>Aus der Welt des Frauenfu\u00dfballs ist ansonsten noch zu vermelden, dass eine gro\u00dfe Karriere am Wochenende ein unw\u00fcrdiges, aber nichts desto trotz humorvolles, Ende genommen hat. Die Rede ist nat\u00fcrlich von Megan Rapinoe, Die US-Fu\u00dfball-Ikone beendet mit 38 Jahren ihre Karriere im Endspiel der    NWSL (OL Reign 1 \u2013 2 Gotham FC). Nach nicht einmal 3 Minuten musste sie verletzungsbedingt raus. Auf der PK nach dem Spiel trank sie ein Bier und reagierte mit Galgenhumor auf das verlorene Spiel und ihren vermutlichen Achillessehnenriss. Rapinoe beendet ihre Karriere mit 2 WM-Titeln (2015 und 2019) und Olympiagold 2012. Aber auch Abseits davon wird sie vor allem als couragierte Aktivisten in Erinnerung bleiben. Sie setzte sich stets f\u00fcr Gleichberechtigung, vor allem bei der Bezahlung, gegen Rassismus und f\u00fcr die Rechte der LBGTQ+-Comunity ein. Daf\u00fcr wurde sie u.a. von US-Pr\u00e4sident Biden 2022 mit der Presidential Medal of Freedom ausgezeichnet, immerhin die h\u00f6chstm\u00f6gliche Auszeichnung f\u00fcr Zivilisten in Amerika. Rapinoe hat auf der PK bereits angek\u00fcndigt, dass man abseits vom Fu\u00dfballplatz noch viel von ihr h\u00f6ren wird. Ich bin gespannt und habe mir auf jeden Fall f\u00fcr diese Saison vorgenommen, den Frauenfu\u00dfball, der durch das neue Rechtepaket tats\u00e4chlich sichtbarer geworden ist, wie ich finde, intensiver zu verfolgen. <\/p>\n\n\n\n<p>Ansonsten haben wir auch noch den FA-Cup im Programm und Sky zeigt die U17-WM, zumindest die Spiele der Deutschen. Am Donnerstag gibt&#8217;s dann hier in diesem Beitrag das Update, auch mit den Ansetzungen des A-Nationalteams und aller weiteren Partien. <\/p>\n\n\n\n<p>Ansonsten nochmal der Aufruf: Voten nicht vergessen, gern auch auf Instagram! <\/p>\n\n\n\n<div class=\"wp-block-columns is-layout-flex wp-container-core-columns-is-layout-1 wp-block-columns-is-layout-flex\">\n<div class=\"wp-block-column is-layout-flow wp-block-column-is-layout-flow\">\n<figure class=\"wp-block-image size-large\"><a href=\"https:\/\/kommentatorenblog.de\/?page_id=15870\"><img loading=\"lazy\" decoding=\"async\" width=\"1024\" height=\"359\" src=\"http:\/\/kommentatorenblog.de\/wp-content\/uploads\/2023\/10\/Kommentatorenblog-Community-Awards-1024x359.png\" alt=\"\" class=\"wp-image-15876\" srcset=\"https:\/\/kommentatorenblog.de\/wp-content\/uploads\/2023\/10\/Kommentatorenblog-Community-Awards-1024x359.png 1024w, https:\/\/kommentatorenblog.de\/wp-content\/uploads\/2023\/10\/Kommentatorenblog-Community-Awards-300x105.png 300w, https:\/\/kommentatorenblog.de\/wp-content\/uploads\/2023\/10\/Kommentatorenblog-Community-Awards-768x270.png 768w, https:\/\/kommentatorenblog.de\/wp-content\/uploads\/2023\/10\/Kommentatorenblog-Community-Awards-1080x380.png 1080w, https:\/\/kommentatorenblog.de\/wp-content\/uploads\/2023\/10\/Kommentatorenblog-Community-Awards.png 1322w\" sizes=\"auto, (max-width: 1024px) 100vw, 1024px\" \/><\/a><\/figure>\n<\/div>\n\n\n\n<div class=\"wp-block-column is-layout-flow wp-block-column-is-layout-flow\">\n<p><\/p>\n\n\n\n<div class=\"wp-block-buttons is-layout-flex wp-block-buttons-is-layout-flex\">\n<div class=\"wp-block-button\"><a class=\"wp-block-button__link has-white-color has-text-color\" href=\"https:\/\/kommentatorenblog.de\/?page_id=15870\" target=\"_blank\" rel=\"noreferrer noopener\">Jetzt Vorschl\u00e4ge einreichen<\/a><\/div>\n<\/div>\n<\/div>\n<\/div>\n\n\n\n<hr class=\"wp-block-separator is-style-default\"\/>\n\n\n\n<p><\/p>\n\n\n\n<p><strong><em>Die Ansetzungen vom 14. November 2023 bis zum 16. November 2023<\/em><\/strong><\/p>\n\n\n\n<hr class=\"wp-block-separator is-style-default\"\/>\n\n\n\n<p><strong>UEFA Women&#8217;s Champions League, 1. Spieltag (DAZN\/Rise\/Heldinnen\/YouTube)<\/strong><\/p>\n\n\n\n<p><span style=\"text-decoration: underline;\">Dienstag, 14. November 2023 (DAZN\/YouTube)<\/span><\/p>\n\n\n\n<p><strong><em>Rosengard \u2013 Eintracht Frankfurt<\/em><\/strong> (18.45 Uhr)<br>  Oliver Fa\u00dfnacht; Expertin: Turid Knaak <\/p>\n\n\n\n<p><span style=\"text-decoration: underline;\">ab 18.45 Uhr (DAZN)<\/span><\/p>\n\n\n\n<p><em><strong>SKN St. P\u00f6lten \u2013 Brann <\/strong><\/em><br>  Markus Theil <\/p>\n\n\n\n<p><span style=\"text-decoration: underline;\">Mittwoch, 15. November 2023 (DAZN\/Rise&amp;Heldinnen)<\/span><\/p>\n\n\n\n<p><em><strong>FC Bayern M\u00fcnchen \u2013 AS Rom (18.45 Uhr)<\/strong><\/em><br>  Nico Seepe; Expertin: Carmen H\u00f6fflin <\/p>\n\n\n\n<hr class=\"wp-block-separator is-style-default\"\/>\n\n\n\n<p><strong>FIFA U17 WM, Gruppenphase (Skysportnews &amp; skysport.de)<\/strong><\/p>\n\n\n\n<p><span style=\"text-decoration: underline;\">Mittwoch, 15. November 2023 ab 12.55 Uhr<\/span><\/p>\n\n\n\n<p><em><strong>Neuseeland \u2013 Deutschland (13.00 Uhr)<\/strong><\/em><br>  Timo Sch\u00e4fers <\/p>\n\n\n\n<p><span style=\"text-decoration: underline;\">Samstag, 18. November ab 09.55 Uhr<\/span><\/p>\n\n\n\n<p><em><strong>Deutschland \u2013 Venezuela (10.00 Uhr)<\/strong><\/em><br>  Timo Sch\u00e4fers <\/p>\n\n\n\n<hr class=\"wp-block-separator is-style-default\"\/>\n\n\n\n<p><strong>FA-Cup, 1. Runde (DAZN)<\/strong><\/p>\n\n\n\n<p>Dienstag<span style=\"text-decoration: underline;\">, 14. November 2023 <\/span><\/p>\n\n\n\n<p><strong><em>Horsham \u2013 Barnsley (20.30 Uhr)<\/em><\/strong><br>  Manuel Angstenberger <\/p>\n\n\n\n<hr class=\"wp-block-separator is-style-default\"\/>\n\n\n\n<p><em><strong>Die Analyse:<\/strong><\/em><\/p>\n\n\n\n<p>Timo Sch\u00e4fers \u00fcbernimmt, wie auch schon am Sonntag, die Spiele bei der U17-WM. Diese wird \u00fcber skysport.de \u00fcbrigens frei f\u00fcr alle empfangbar sein. <\/p>\n\n\n\n<p>Ansonsten ist DAZN mit Kommentator und Expertin an beiden WCL-Ansto\u00dfzeiten mit dabei. Updates folgen!<\/p>\n\n\n\n<p>Bis dahin euch eine angenehme und erfolgreiche Woche! <\/p>\n","protected":false},"excerpt":{"rendered":"<p>N&#8217;Abend allerseits! Unser Voting ist in vollem Gange und wir haben bereits viele gute (und auch einige lustige) Vorschl\u00e4ge von euch erhalten. Also gerne weiter so! Den Link findet ihr hier! Ansonsten erwartet uns eine relativ ruhige Woche mit einigen CL-Partien der Frauen. DAZN zeigt jene mit deutscher Beteiligung dankenswerterweise auf diversen Kan\u00e4len frei empfangbar [&hellip;]<\/p>\n","protected":false},"author":13,"featured_media":0,"comment_status":"open","ping_status":"open","sticky":false,"template":"","format":"standard","meta":{"footnotes":""},"categories":[425,429,426],"tags":[963,13,834,239,191,22,838,829],"class_list":["post-15986","post","type-post","status-publish","format-standard","hentry","category-champions-league-und-co","category-diverses","category-laenderspiele","tag-carmen-hoefflin","tag-dazn","tag-manuel-angstenberger","tag-markus-theil","tag-nico-seepe","tag-sky","tag-timo-schaefers","tag-turid-knaak"],"_links":{"self":[{"href":"https:\/\/kommentatorenblog.de\/index.php?rest_route=\/wp\/v2\/posts\/15986","targetHints":{"allow":["GET"]}}],"collection":[{"href":"https:\/\/kommentatorenblog.de\/index.php?rest_route=\/wp\/v2\/posts"}],"about":[{"href":"https:\/\/kommentatorenblog.de\/index.php?rest_route=\/wp\/v2\/types\/post"}],"author":[{"embeddable":true,"href":"https:\/\/kommentatorenblog.de\/index.php?rest_route=\/wp\/v2\/users\/13"}],"replies":[{"embeddable":true,"href":"https:\/\/kommentatorenblog.de\/index.php?rest_route=%2Fwp%2Fv2%2Fcomments&post=15986"}],"version-history":[{"count":11,"href":"https:\/\/kommentatorenblog.de\/index.php?rest_route=\/wp\/v2\/posts\/15986\/revisions"}],"predecessor-version":[{"id":16002,"href":"https:\/\/kommentatorenblog.de\/index.php?rest_route=\/wp\/v2\/posts\/15986\/revisions\/16002"}],"wp:attachment":[{"href":"https:\/\/kommentatorenblog.de\/index.php?rest_route=%2Fwp%2Fv2%2Fmedia&parent=15986"}],"wp:term":[{"taxonomy":"category","embeddable":true,"href":"https:\/\/kommentatorenblog.de\/index.php?rest_route=%2Fwp%2Fv2%2Fcategories&post=15986"},{"taxonomy":"post_tag","embeddable":true,"href":"https:\/\/kommentatorenblog.de\/index.php?rest_route=%2Fwp%2Fv2%2Ftags&post=15986"}],"curies":[{"name":"wp","href":"https:\/\/api.w.org\/{rel}","templated":true}]}}