{"id":16004,"date":"2023-11-16T18:42:49","date_gmt":"2023-11-16T17:42:49","guid":{"rendered":"http:\/\/kommentatorenblog.de\/?p=16004"},"modified":"2023-11-21T20:15:30","modified_gmt":"2023-11-21T19:15:30","slug":"1380-der-wintersport-nimmt-fahrt-auf","status":"publish","type":"post","link":"https:\/\/kommentatorenblog.de\/?p=16004","title":{"rendered":"1380 &#8211; Der Wintersport nimmt fahrt auf"},"content":{"rendered":"\n<p><strong><em>N&#8217;Abend allerseits!<\/em><\/strong><\/p>\n\n\n\n<p>Der Zeitraum f\u00fcr die Nominierungen f\u00fcr die Awards neigt sich so langsam dem Ende zu, wer also noch daran teilnehmen m\u00f6chte, sollte dies bald machen, denn nur die drei am h\u00e4ufigsten nominierten Personen sowie ein Vorschlag von uns stehen dann sp\u00e4ter auch zur Abstimmung. Den Link f\u00fcr die Nominierungen findet ihr <a rel=\"noreferrer noopener\" href=\"https:\/\/kommentatorenblog.de\/?page_id=15870\" target=\"_blank\">hier<\/a>!<\/p>\n\n\n\n<div class=\"wp-block-columns is-layout-flex wp-container-core-columns-is-layout-1 wp-block-columns-is-layout-flex\">\n<div class=\"wp-block-column is-layout-flow wp-block-column-is-layout-flow\">\n<figure class=\"wp-block-image size-large\"><a href=\"https:\/\/kommentatorenblog.de\/?page_id=15870\"><img loading=\"lazy\" decoding=\"async\" width=\"1024\" height=\"359\" src=\"http:\/\/kommentatorenblog.de\/wp-content\/uploads\/2023\/10\/Kommentatorenblog-Community-Awards-1024x359.png\" alt=\"\" class=\"wp-image-15876\" srcset=\"https:\/\/kommentatorenblog.de\/wp-content\/uploads\/2023\/10\/Kommentatorenblog-Community-Awards-1024x359.png 1024w, https:\/\/kommentatorenblog.de\/wp-content\/uploads\/2023\/10\/Kommentatorenblog-Community-Awards-300x105.png 300w, https:\/\/kommentatorenblog.de\/wp-content\/uploads\/2023\/10\/Kommentatorenblog-Community-Awards-768x270.png 768w, https:\/\/kommentatorenblog.de\/wp-content\/uploads\/2023\/10\/Kommentatorenblog-Community-Awards-1080x380.png 1080w, https:\/\/kommentatorenblog.de\/wp-content\/uploads\/2023\/10\/Kommentatorenblog-Community-Awards.png 1322w\" sizes=\"auto, (max-width: 1024px) 100vw, 1024px\" \/><\/a><\/figure>\n<\/div>\n\n\n\n<div class=\"wp-block-column is-layout-flow wp-block-column-is-layout-flow\">\n<p><\/p>\n\n\n\n<div class=\"wp-block-buttons is-layout-flex wp-block-buttons-is-layout-flex\">\n<div class=\"wp-block-button\"><a class=\"wp-block-button__link has-white-color has-text-color\" href=\"https:\/\/kommentatorenblog.de\/?page_id=15870\" target=\"_blank\" rel=\"noreferrer noopener\">Jetzt Vorschl\u00e4ge einreichen<\/a><\/div>\n<\/div>\n<\/div>\n<\/div>\n\n\n\n<hr class=\"wp-block-separator is-style-default\"\/>\n\n\n\n<p>Ansonsten sagt es die \u00dcberschrift schon, dass so langsam der Wintersport so langsam fahrt aufnimmt . Die Alpinen Skifahrerinnen sind bereits in ihre Saison gestartet, die Skifahrer w\u00e4ren dies auch gerne und haben am Samstag nun ihre dritte Chance dazu. Die Eisschnelll\u00e4ufer laufen unterdessen in Peking ihren zweiten Weltcup, w\u00e4hrend f\u00fcr die Bobfahrer und Skeletonis, ebenfalls in China, ihr Weltcupauftakt ansteht. Die Bobfahrerinnen m\u00fcssen aufgrund zu weniger Meldungen noch warten, ihre Rennen in China wurden abgesagt.<\/p>\n\n\n\n<p>Die Bob und Skeleton- Wettbewerbe wird es am Wochenende im Stream auf sportschau.de zu sehen geben, hier werden auch die Alpinen- Wettbewerbe live gezeigt. Daneben \u00fcbertr\u00e4gt der BR am Samstag die Abfahrt der Frauen und den Slalom der M\u00e4nner live. Eurosport ist beim Ski Alpin sowohl am Samstag als auch am Sonntag im TV dabei.<\/p>\n\n\n\n<p>Am darauffolgenden Wochenende steht dann auch das erste &#8222;richtige&#8220; lange Wintersport- Wochenende im Ersten, dann mit Biathlon und Ski Nordisch.<\/p>\n\n\n\n<p><strong>Wintersport- \u00dcbertragungen<\/strong><\/p>\n\n\n\n<p>Wie in der Vergangenheit gibt es bei ARD und ZDF abwechselnd lange Wintersportstrecken am Wochenende, h\u00e4ufig bereits ab Freitag oder wenn Biathlon- Weltcups anstehen auch schon fr\u00fcher in der Woche. Vereinzelte Ski Alpin- Wettbewerbe gibt es im BR- Fernsehen zu sehen, daneben werden auch einige Wettbewerbe exklusiv im Stream auf sportschau.de und sportstudio.de sowie in den Mediatheken angeboten. Dar\u00fcber hinaus ist auch Eurosport bei vielen Weltcups und Meisterschaften live dabei.<\/p>\n\n\n\n<p><strong>Was hat sich ge\u00e4ndert?<\/strong><\/p>\n\n\n\n<p>Neben einigen Regel\u00e4nderungen hat das ZDF auf der Moderationsposition durchrotiert. So ist Amelie Stiefvatter nun Moderatorin beim Ski Alpin, wo sie auf Lena Kesting bzw. Katja Streso folgt. W\u00e4hrend Streso in nun aus dem Studio f\u00fcr Kristin Otto moderiert, ist Lena Kesting zum Skispringen gewechselt. Hier l\u00f6st sie Norbert K\u00f6nig nach langer Zeit beim Skispringen ab. Er bleibt dem Skispringen in jedoch in gewisser Weise erhalten und \u00fcbernimmt die Moderation in der Noko (und wird damit quasi Kestings Nachfolger) und wird in Engelberg wohl nochmal beim Skispringen im Einsatz sein.<\/p>\n\n\n\n<p><strong><em>Die Ansetzungen vom 17. November 2023 bis zum 23. November 2023<\/em><\/strong><\/p>\n\n\n\n<hr class=\"wp-block-separator is-style-default\"\/>\n\n\n\n<p><strong>L\u00e4nderspiele (RTL\/ZDF)<\/strong><\/p>\n\n\n\n<p><span style=\"text-decoration: underline;\">Samstag, 18. November 2023, ab 20.15 Uhr (RTL)<\/span><\/p>\n\n\n\n<p><strong style=\"font-style: italic;\"><em><strong>Deutschland <\/strong><\/em><strong><em><span><b style=\"font-style: italic;\">\u2013<\/b><\/span><\/em><\/strong><\/strong> <em><strong>T\u00fcrkei (20.45 Uhr)<\/strong><\/em> <br><img loading=\"lazy\" decoding=\"async\" width=\"10\" height=\"21\" class=\"wp-image-3656\" style=\"width: 10px;\" src=\"http:\/\/kommentatorenblog.de\/wp-content\/uploads\/2020\/09\/shure-55sh-ii-e1601485394796.jpg\" alt=\"\" srcset=\"https:\/\/kommentatorenblog.de\/wp-content\/uploads\/2020\/09\/shure-55sh-ii-e1601485394796.jpg 415w, https:\/\/kommentatorenblog.de\/wp-content\/uploads\/2020\/09\/shure-55sh-ii-e1601485394796-142x300.jpg 142w\" sizes=\"auto, (max-width: 10px) 100vw, 10px\" \/> Marco Hagemann, Experte: Steffen Freund<br>Field-Reporter: Thomas Wagner, Felix G\u00f6rner<br>Moderation: Florian K\u00f6nig, Experte: Lothar Matth\u00e4us<\/p>\n\n\n\n<p><span style=\"text-decoration: underline;\">Dienstag, 21. November 2023, ab 20.15 Uhr (ZDF)<\/span><\/p>\n\n\n\n<p><strong style=\"font-style: italic;\"><em><strong>\u00d6sterreich <\/strong><\/em><strong><em><span><b style=\"font-style: italic;\">\u2013<\/b><\/span><\/em><\/strong><\/strong> <em><strong>Deutschland (20.45 Uhr)<\/strong><\/em> <br><img loading=\"lazy\" decoding=\"async\" width=\"10\" height=\"21\" class=\"wp-image-3656\" style=\"width: 10px;\" src=\"http:\/\/kommentatorenblog.de\/wp-content\/uploads\/2020\/09\/shure-55sh-ii-e1601485394796.jpg\" alt=\"\" srcset=\"https:\/\/kommentatorenblog.de\/wp-content\/uploads\/2020\/09\/shure-55sh-ii-e1601485394796.jpg 415w, https:\/\/kommentatorenblog.de\/wp-content\/uploads\/2020\/09\/shure-55sh-ii-e1601485394796-142x300.jpg 142w\" sizes=\"auto, (max-width: 10px) 100vw, 10px\" \/> Oliver Schmidt<br>Field-Reporter: tba<br>Moderation: Jochen Breyer, Experte: Per Mertesacker<\/p>\n\n\n\n<hr class=\"wp-block-separator\"\/>\n\n\n\n<hr class=\"wp-block-separator\"\/>\n\n\n\n<p><strong>Women&#8217;s Champions League, 2. Spieltag (DAZN)<\/strong><\/p>\n\n\n\n<p><span style=\"text-decoration: underline;\">Mittwoch, 22. November 2023<\/span><\/p>\n\n\n\n<p><strong><em>Olympique Lyon<\/em><\/strong> <em>(FRA)<\/em><strong><em><strong style=\"font-style: italic;\"><em><strong> <\/strong><\/em><strong><em><span><b style=\"font-style: italic;\">\u2013<\/b><\/span><\/em><\/strong><\/strong> SKN St. P\u00f6lten<\/em><\/strong> <em>(AUT)<\/em> <strong><em>(18.45 Uhr)<\/em><\/strong><br><img loading=\"lazy\" decoding=\"async\" width=\"10\" height=\"21\" class=\"wp-image-3656\" style=\"width: 10px;\" src=\"http:\/\/kommentatorenblog.de\/wp-content\/uploads\/2020\/09\/shure-55sh-ii-e1601485394796.jpg\" alt=\"\" srcset=\"https:\/\/kommentatorenblog.de\/wp-content\/uploads\/2020\/09\/shure-55sh-ii-e1601485394796.jpg 415w, https:\/\/kommentatorenblog.de\/wp-content\/uploads\/2020\/09\/shure-55sh-ii-e1601485394796-142x300.jpg 142w\" sizes=\"auto, (max-width: 10px) 100vw, 10px\" \/> Guido H\u00fcsgen<\/p>\n\n\n\n<p><strong><em>Eintracht Frankfurt<\/em><\/strong> <em>(GER)<\/em><strong><em><strong style=\"font-style: italic;\"><em><strong> <\/strong><\/em><strong><em><span><b style=\"font-style: italic;\">\u2013<\/b><\/span><\/em><\/strong><\/strong> FC Barcelona<\/em><\/strong> <em>(ESP)<\/em> <strong><em>(21.00 Uhr)<\/em><\/strong><br><img loading=\"lazy\" decoding=\"async\" width=\"10\" height=\"21\" class=\"wp-image-3656\" style=\"width: 10px;\" src=\"http:\/\/kommentatorenblog.de\/wp-content\/uploads\/2020\/09\/shure-55sh-ii-e1601485394796.jpg\" alt=\"\" srcset=\"https:\/\/kommentatorenblog.de\/wp-content\/uploads\/2020\/09\/shure-55sh-ii-e1601485394796.jpg 415w, https:\/\/kommentatorenblog.de\/wp-content\/uploads\/2020\/09\/shure-55sh-ii-e1601485394796-142x300.jpg 142w\" sizes=\"auto, (max-width: 10px) 100vw, 10px\" \/> Jan Platte, Expertin: Carmen H\u00f6fflin<\/p>\n\n\n\n<p><span style=\"text-decoration: underline;\">Donnerstag, 23. November 2023<\/span><\/p>\n\n\n\n<p><strong><em>Paris Saint-Germain<\/em><\/strong> <em>(FRA)<\/em><strong><em><strong style=\"font-style: italic;\"><em><strong> <\/strong><\/em><strong><em><span><b style=\"font-style: italic;\">\u2013<\/b><\/span><\/em><\/strong><\/strong> FC Bayern M\u00fcnchen<\/em><\/strong> <em>(GER)<\/em> <strong><em>(18.45 Uhr)<\/em><\/strong><br><img loading=\"lazy\" decoding=\"async\" width=\"10\" height=\"21\" class=\"wp-image-3656\" style=\"width: 10px;\" src=\"http:\/\/kommentatorenblog.de\/wp-content\/uploads\/2020\/09\/shure-55sh-ii-e1601485394796.jpg\" alt=\"\" srcset=\"https:\/\/kommentatorenblog.de\/wp-content\/uploads\/2020\/09\/shure-55sh-ii-e1601485394796.jpg 415w, https:\/\/kommentatorenblog.de\/wp-content\/uploads\/2020\/09\/shure-55sh-ii-e1601485394796-142x300.jpg 142w\" sizes=\"auto, (max-width: 10px) 100vw, 10px\" \/> Simon Sterzer, Expertin: Rachel Rinast<\/p>\n\n\n\n<hr class=\"wp-block-separator\"\/>\n\n\n\n<p><strong>Frauen-Bundesliga (GER), 7. Spieltag (Magenta Sport\/DAZN\/Sport1)<\/strong><\/p>\n\n\n\n<p><span style=\"text-decoration: underline;\">Freitag, 17. November 2023, ab 18.00 Uhr (Magenta) bzw. 18.15 Uhr (DAZN)<\/span> <\/p>\n\n\n\n<p><strong><em>TSG Hoffenheim<strong style=\"font-style: italic;\"><em><strong> <\/strong><\/em><strong><em><span><b style=\"font-style: italic;\">\u2013<\/b><\/span><\/em><\/strong><\/strong> SGS Essen<\/em><\/strong> <strong><em>(18.30 Uhr)<\/em><\/strong><\/p>\n\n\n\n<p><img loading=\"lazy\" decoding=\"async\" width=\"10\" height=\"21\" class=\"wp-image-3656\" style=\"width: 10px;\" src=\"http:\/\/kommentatorenblog.de\/wp-content\/uploads\/2020\/09\/shure-55sh-ii-e1601485394796.jpg\" alt=\"\" srcset=\"https:\/\/kommentatorenblog.de\/wp-content\/uploads\/2020\/09\/shure-55sh-ii-e1601485394796.jpg 415w, https:\/\/kommentatorenblog.de\/wp-content\/uploads\/2020\/09\/shure-55sh-ii-e1601485394796-142x300.jpg 142w\" sizes=\"auto, (max-width: 10px) 100vw, 10px\" \/> <em>Magenta:<\/em> Adrian Geiler<\/p>\n\n\n\n<p><img loading=\"lazy\" decoding=\"async\" width=\"10\" height=\"21\" class=\"wp-image-3656\" style=\"width: 10px;\" src=\"http:\/\/kommentatorenblog.de\/wp-content\/uploads\/2020\/09\/shure-55sh-ii-e1601485394796.jpg\" alt=\"\" srcset=\"https:\/\/kommentatorenblog.de\/wp-content\/uploads\/2020\/09\/shure-55sh-ii-e1601485394796.jpg 415w, https:\/\/kommentatorenblog.de\/wp-content\/uploads\/2020\/09\/shure-55sh-ii-e1601485394796-142x300.jpg 142w\" sizes=\"auto, (max-width: 10px) 100vw, 10px\" \/> <em>DAZN<\/em>: Nico Seepe<\/p>\n\n\n\n<p><span style=\"text-decoration: underline;\">Samstag, 18. November 2023, ab 11.45 Uhr (Magenta\/DAZN)<\/span><\/p>\n\n\n\n<p><strong><em>1. FC N\u00fcrnberg<strong style=\"font-style: italic;\"><em><strong> <\/strong><\/em><strong><em><span><b style=\"font-style: italic;\">\u2013<\/b><\/span><\/em><\/strong><\/strong> Eintracht Frankfurt<\/em><\/strong> <strong><em>(12.00 Uhr)<\/em><\/strong><\/p>\n\n\n\n<p><img loading=\"lazy\" decoding=\"async\" width=\"10\" height=\"21\" class=\"wp-image-3656\" style=\"width: 10px;\" src=\"http:\/\/kommentatorenblog.de\/wp-content\/uploads\/2020\/09\/shure-55sh-ii-e1601485394796.jpg\" alt=\"\" srcset=\"https:\/\/kommentatorenblog.de\/wp-content\/uploads\/2020\/09\/shure-55sh-ii-e1601485394796.jpg 415w, https:\/\/kommentatorenblog.de\/wp-content\/uploads\/2020\/09\/shure-55sh-ii-e1601485394796-142x300.jpg 142w\" sizes=\"auto, (max-width: 10px) 100vw, 10px\" \/> <em>Magenta: <\/em>Michael Seyberth<\/p>\n\n\n\n<p><img loading=\"lazy\" decoding=\"async\" width=\"10\" height=\"21\" class=\"wp-image-3656\" style=\"width: 10px;\" src=\"http:\/\/kommentatorenblog.de\/wp-content\/uploads\/2020\/09\/shure-55sh-ii-e1601485394796.jpg\" alt=\"\" srcset=\"https:\/\/kommentatorenblog.de\/wp-content\/uploads\/2020\/09\/shure-55sh-ii-e1601485394796.jpg 415w, https:\/\/kommentatorenblog.de\/wp-content\/uploads\/2020\/09\/shure-55sh-ii-e1601485394796-142x300.jpg 142w\" sizes=\"auto, (max-width: 10px) 100vw, 10px\" \/> <em>DAZN<\/em>: Kristoffer Klein<\/p>\n\n\n\n<p><span style=\"text-decoration: underline;\">ab 13.45 Uhr (Magenta\/DAZN)<\/span><\/p>\n\n\n\n<p><strong><em>VfL Wolfsburg<strong style=\"font-style: italic;\"><em><strong> <\/strong><\/em><strong><em><span><b style=\"font-style: italic;\">\u2013<\/b><\/span><\/em><\/strong><\/strong> MSV Duisburg<\/em><\/strong> <strong><em>(14.00 Uhr)<\/em><\/strong><\/p>\n\n\n\n<p><img loading=\"lazy\" decoding=\"async\" width=\"10\" height=\"21\" class=\"wp-image-3656\" style=\"width: 10px;\" src=\"http:\/\/kommentatorenblog.de\/wp-content\/uploads\/2020\/09\/shure-55sh-ii-e1601485394796.jpg\" alt=\"\" srcset=\"https:\/\/kommentatorenblog.de\/wp-content\/uploads\/2020\/09\/shure-55sh-ii-e1601485394796.jpg 415w, https:\/\/kommentatorenblog.de\/wp-content\/uploads\/2020\/09\/shure-55sh-ii-e1601485394796-142x300.jpg 142w\" sizes=\"auto, (max-width: 10px) 100vw, 10px\" \/> <em>Magenta: <\/em>Oskar Heirler<\/p>\n\n\n\n<p><img loading=\"lazy\" decoding=\"async\" width=\"10\" height=\"21\" class=\"wp-image-3656\" style=\"width: 10px;\" src=\"http:\/\/kommentatorenblog.de\/wp-content\/uploads\/2020\/09\/shure-55sh-ii-e1601485394796.jpg\" alt=\"\" srcset=\"https:\/\/kommentatorenblog.de\/wp-content\/uploads\/2020\/09\/shure-55sh-ii-e1601485394796.jpg 415w, https:\/\/kommentatorenblog.de\/wp-content\/uploads\/2020\/09\/shure-55sh-ii-e1601485394796-142x300.jpg 142w\" sizes=\"auto, (max-width: 10px) 100vw, 10px\" \/> <em>DAZN<\/em>: Oliver Fa\u00dfnacht, Expertin: Carmen H\u00f6fflin<\/p>\n\n\n\n<p><span style=\"text-decoration: underline;\">Sonntag, 19. November 2023, ab 13.45 Uhr (Magenta\/DAZN)<\/span><\/p>\n\n\n\n<p><strong><em>Bayer Leverkusen<strong style=\"font-style: italic;\"><em><strong> <\/strong><\/em><strong><em><span><b style=\"font-style: italic;\">\u2013<\/b><\/span><\/em><\/strong><\/strong> RB Leipzig<\/em><\/strong> <strong><em>(14.00 Uhr)<\/em><\/strong><\/p>\n\n\n\n<p><img loading=\"lazy\" decoding=\"async\" width=\"10\" height=\"21\" class=\"wp-image-3656\" style=\"width: 10px;\" src=\"http:\/\/kommentatorenblog.de\/wp-content\/uploads\/2020\/09\/shure-55sh-ii-e1601485394796.jpg\" alt=\"\" srcset=\"https:\/\/kommentatorenblog.de\/wp-content\/uploads\/2020\/09\/shure-55sh-ii-e1601485394796.jpg 415w, https:\/\/kommentatorenblog.de\/wp-content\/uploads\/2020\/09\/shure-55sh-ii-e1601485394796-142x300.jpg 142w\" sizes=\"auto, (max-width: 10px) 100vw, 10px\" \/> <em>Magenta: <\/em>Martin Piller<\/p>\n\n\n\n<p><img loading=\"lazy\" decoding=\"async\" width=\"10\" height=\"21\" class=\"wp-image-3656\" style=\"width: 10px;\" src=\"http:\/\/kommentatorenblog.de\/wp-content\/uploads\/2020\/09\/shure-55sh-ii-e1601485394796.jpg\" alt=\"\" srcset=\"https:\/\/kommentatorenblog.de\/wp-content\/uploads\/2020\/09\/shure-55sh-ii-e1601485394796.jpg 415w, https:\/\/kommentatorenblog.de\/wp-content\/uploads\/2020\/09\/shure-55sh-ii-e1601485394796-142x300.jpg 142w\" sizes=\"auto, (max-width: 10px) 100vw, 10px\" \/> <em>DAZN<\/em>: Guido H\u00fcsgen<\/p>\n\n\n\n<p><span style=\"text-decoration: underline;\">ab 18.15 Uhr (Magenta\/DAZN)<\/span><\/p>\n\n\n\n<p><strong><em>SV Werder Bremen<strong style=\"font-style: italic;\"><em><strong> <\/strong><\/em><strong><em><span><b style=\"font-style: italic;\">\u2013<\/b><\/span><\/em><\/strong><\/strong> FC Bayern M\u00fcnchen<\/em><\/strong> <strong><em>(18.30 Uhr)<\/em><\/strong><\/p>\n\n\n\n<p><img loading=\"lazy\" decoding=\"async\" width=\"10\" height=\"21\" class=\"wp-image-3656\" style=\"width: 10px;\" src=\"http:\/\/kommentatorenblog.de\/wp-content\/uploads\/2020\/09\/shure-55sh-ii-e1601485394796.jpg\" alt=\"\" srcset=\"https:\/\/kommentatorenblog.de\/wp-content\/uploads\/2020\/09\/shure-55sh-ii-e1601485394796.jpg 415w, https:\/\/kommentatorenblog.de\/wp-content\/uploads\/2020\/09\/shure-55sh-ii-e1601485394796-142x300.jpg 142w\" sizes=\"auto, (max-width: 10px) 100vw, 10px\" \/> <em>Magenta: <\/em>Christina Rann<\/p>\n\n\n\n<p>Moderation (<em>Magenta<\/em>): Kamila Benschop, Expertin n.n.<\/p>\n\n\n\n<p><img loading=\"lazy\" decoding=\"async\" width=\"10\" height=\"21\" class=\"wp-image-3656\" style=\"width: 10px;\" src=\"http:\/\/kommentatorenblog.de\/wp-content\/uploads\/2020\/09\/shure-55sh-ii-e1601485394796.jpg\" alt=\"\" srcset=\"https:\/\/kommentatorenblog.de\/wp-content\/uploads\/2020\/09\/shure-55sh-ii-e1601485394796.jpg 415w, https:\/\/kommentatorenblog.de\/wp-content\/uploads\/2020\/09\/shure-55sh-ii-e1601485394796-142x300.jpg 142w\" sizes=\"auto, (max-width: 10px) 100vw, 10px\" \/> <em>DAZN<\/em>: Markus Theil<\/p>\n\n\n\n<p><span style=\"text-decoration: underline;\">Montag, 20. November 2023, ab 19.00 Uhr (Sport1\/DAZN) bzw. 19.15 Uhr (Magenta)<\/span> <\/p>\n\n\n\n<p><strong><em>SC Freiburg<strong style=\"font-style: italic;\"><em><strong> <\/strong><\/em><strong><em><span><b style=\"font-style: italic;\">\u2013<\/b><\/span><\/em><\/strong><\/strong> 1. FC K\u00f6ln<\/em><\/strong> <strong><em>(19.30 Uhr)<\/em><\/strong><\/p>\n\n\n\n<p><img loading=\"lazy\" decoding=\"async\" width=\"10\" height=\"21\" class=\"wp-image-3656\" style=\"width: 10px;\" src=\"http:\/\/kommentatorenblog.de\/wp-content\/uploads\/2020\/09\/shure-55sh-ii-e1601485394796.jpg\" alt=\"\" srcset=\"https:\/\/kommentatorenblog.de\/wp-content\/uploads\/2020\/09\/shure-55sh-ii-e1601485394796.jpg 415w, https:\/\/kommentatorenblog.de\/wp-content\/uploads\/2020\/09\/shure-55sh-ii-e1601485394796-142x300.jpg 142w\" sizes=\"auto, (max-width: 10px) 100vw, 10px\" \/> <em>Sport1: <\/em>Christina Rann<br>Moderation (<em>Sport1<\/em>): Lili Engels<\/p>\n\n\n\n<p><img loading=\"lazy\" decoding=\"async\" width=\"10\" height=\"21\" class=\"wp-image-3656\" style=\"width: 10px;\" src=\"http:\/\/kommentatorenblog.de\/wp-content\/uploads\/2020\/09\/shure-55sh-ii-e1601485394796.jpg\" alt=\"\" srcset=\"https:\/\/kommentatorenblog.de\/wp-content\/uploads\/2020\/09\/shure-55sh-ii-e1601485394796.jpg 415w, https:\/\/kommentatorenblog.de\/wp-content\/uploads\/2020\/09\/shure-55sh-ii-e1601485394796-142x300.jpg 142w\" sizes=\"auto, (max-width: 10px) 100vw, 10px\" \/> <em>DAZN<\/em>: Nico Seepe Expertin: Rachel Rinast<br>Moderation (<em>DAZN<\/em>): Lena Cassel <\/p>\n\n\n\n<p><img loading=\"lazy\" decoding=\"async\" width=\"10\" height=\"21\" class=\"wp-image-3656\" style=\"width: 10px;\" src=\"http:\/\/kommentatorenblog.de\/wp-content\/uploads\/2020\/09\/shure-55sh-ii-e1601485394796.jpg\" alt=\"\" srcset=\"https:\/\/kommentatorenblog.de\/wp-content\/uploads\/2020\/09\/shure-55sh-ii-e1601485394796.jpg 415w, https:\/\/kommentatorenblog.de\/wp-content\/uploads\/2020\/09\/shure-55sh-ii-e1601485394796-142x300.jpg 142w\" sizes=\"auto, (max-width: 10px) 100vw, 10px\" \/> <em>Magenta<\/em>: Michael Seyberth<\/p>\n\n\n\n<hr class=\"wp-block-separator\"\/>\n\n\n\n<p><strong>3. Liga (GER), Nachholspiel (Magenta Sport)<\/strong><\/p>\n\n\n\n<p><span style=\"text-decoration: underline;\">Sonntag, 19. November 2023,<\/span><\/p>\n\n\n\n<p><strong><em>1.FC Saarbr\u00fccken \u2013 Dynamo Dresden<\/em><\/strong> <strong><em>(13.30 Uhr)<\/em><\/strong><\/p>\n\n\n\n<p><img loading=\"lazy\" decoding=\"async\" width=\"10\" height=\"21\" class=\"wp-image-3656\" style=\"width: 10px;\" src=\"http:\/\/kommentatorenblog.de\/wp-content\/uploads\/2020\/09\/shure-55sh-ii-e1601485394796.jpg\" alt=\"\" srcset=\"https:\/\/kommentatorenblog.de\/wp-content\/uploads\/2020\/09\/shure-55sh-ii-e1601485394796.jpg 415w, https:\/\/kommentatorenblog.de\/wp-content\/uploads\/2020\/09\/shure-55sh-ii-e1601485394796-142x300.jpg 142w\" sizes=\"auto, (max-width: 10px) 100vw, 10px\" \/> Markus H\u00f6hner<br>Moderation: Alexander K\u00fcpper<\/p>\n\n\n\n<hr class=\"wp-block-separator\"\/>\n\n\n\n<hr class=\"wp-block-separator\"\/>\n\n\n\n<p><strong>European Qualifiers (DAZN\/NITRO.)<\/strong><\/p>\n\n\n\n<p><span style=\"text-decoration: underline;\">Freitag, 17. November 2023, ab 20.15 Uhr (NITRO.) bzw. ab 20.35 Uhr (DAZN)<\/span><\/p>\n\n\n\n<p><strong style=\"font-style: italic;\"><em><strong>Italien <\/strong><\/em><strong><em><span><b style=\"font-style: italic;\">\u2013<\/b><\/span><\/em><\/strong><\/strong> <em><strong>Nordmazedonien (20.45 Uhr)<\/strong><\/em> <\/p>\n\n\n\n<p><img loading=\"lazy\" decoding=\"async\" width=\"10\" height=\"21\" class=\"wp-image-3656\" style=\"width: 10px;\" src=\"http:\/\/kommentatorenblog.de\/wp-content\/uploads\/2020\/09\/shure-55sh-ii-e1601485394796.jpg\" alt=\"\" srcset=\"https:\/\/kommentatorenblog.de\/wp-content\/uploads\/2020\/09\/shure-55sh-ii-e1601485394796.jpg 415w, https:\/\/kommentatorenblog.de\/wp-content\/uploads\/2020\/09\/shure-55sh-ii-e1601485394796-142x300.jpg 142w\" sizes=\"auto, (max-width: 10px) 100vw, 10px\" \/> <em>NITRO.: <\/em>Robert Hunke, Experte: Felix Kroos<br>Moderation (<em>NITRO.<\/em>): Laura Papendick, Field-Reporter: Marcel Klein<\/p>\n\n\n\n<p><img loading=\"lazy\" decoding=\"async\" width=\"10\" height=\"21\" class=\"wp-image-3656\" style=\"width: 10px;\" src=\"http:\/\/kommentatorenblog.de\/wp-content\/uploads\/2020\/09\/shure-55sh-ii-e1601485394796.jpg\" alt=\"\" srcset=\"https:\/\/kommentatorenblog.de\/wp-content\/uploads\/2020\/09\/shure-55sh-ii-e1601485394796.jpg 415w, https:\/\/kommentatorenblog.de\/wp-content\/uploads\/2020\/09\/shure-55sh-ii-e1601485394796-142x300.jpg 142w\" sizes=\"auto, (max-width: 10px) 100vw, 10px\" \/> <em>DAZN: <\/em>Uwe Morawe<\/p>\n\n\n\n<p><span style=\"text-decoration: underline;\">ab 20.35 Uhr (DAZN)<\/span><\/p>\n\n\n\n<p><strong style=\"font-style: italic;\"><em><strong>England &#8211; Malta<\/strong><\/em><\/strong><em><strong> (20.45 Uhr)<\/strong><\/em> <br><img loading=\"lazy\" decoding=\"async\" width=\"10\" height=\"21\" class=\"wp-image-3656\" style=\"width: 10px;\" src=\"http:\/\/kommentatorenblog.de\/wp-content\/uploads\/2020\/09\/shure-55sh-ii-e1601485394796.jpg\" alt=\"\" srcset=\"https:\/\/kommentatorenblog.de\/wp-content\/uploads\/2020\/09\/shure-55sh-ii-e1601485394796.jpg 415w, https:\/\/kommentatorenblog.de\/wp-content\/uploads\/2020\/09\/shure-55sh-ii-e1601485394796-142x300.jpg 142w\" sizes=\"auto, (max-width: 10px) 100vw, 10px\" \/> Guido H\u00fcsgen<\/p>\n\n\n\n<p><strong style=\"font-style: italic;\"><em><strong>Polen &#8211; Tschechien<\/strong><\/em><\/strong><em><strong> (20.45 Uhr)<\/strong><\/em> <br><img loading=\"lazy\" decoding=\"async\" width=\"10\" height=\"21\" class=\"wp-image-3656\" style=\"width: 10px;\" src=\"http:\/\/kommentatorenblog.de\/wp-content\/uploads\/2020\/09\/shure-55sh-ii-e1601485394796.jpg\" alt=\"\" srcset=\"https:\/\/kommentatorenblog.de\/wp-content\/uploads\/2020\/09\/shure-55sh-ii-e1601485394796.jpg 415w, https:\/\/kommentatorenblog.de\/wp-content\/uploads\/2020\/09\/shure-55sh-ii-e1601485394796-142x300.jpg 142w\" sizes=\"auto, (max-width: 10px) 100vw, 10px\" \/> Freddie Schulz<\/p>\n\n\n\n<p><span style=\"text-decoration: underline;\">Samstag, 18. November 2023 (DAZN)<\/span><\/p>\n\n\n\n<p><strong style=\"font-style: italic;\"><em><strong>Niederlande &#8211; Irland<\/strong><\/em><\/strong><em><strong> (20.45 Uhr)<\/strong><\/em> <br><img loading=\"lazy\" decoding=\"async\" width=\"10\" height=\"21\" class=\"wp-image-3656\" style=\"width: 10px;\" src=\"http:\/\/kommentatorenblog.de\/wp-content\/uploads\/2020\/09\/shure-55sh-ii-e1601485394796.jpg\" alt=\"\" srcset=\"https:\/\/kommentatorenblog.de\/wp-content\/uploads\/2020\/09\/shure-55sh-ii-e1601485394796.jpg 415w, https:\/\/kommentatorenblog.de\/wp-content\/uploads\/2020\/09\/shure-55sh-ii-e1601485394796-142x300.jpg 142w\" sizes=\"auto, (max-width: 10px) 100vw, 10px\" \/> Marcel Seufert<\/p>\n\n\n\n<p><strong style=\"font-style: italic;\"><em><strong>Frankreich &#8211; Gibraltar<\/strong><\/em><\/strong><em><strong> (20.45 Uhr)<\/strong><\/em> <br><img loading=\"lazy\" decoding=\"async\" width=\"10\" height=\"21\" class=\"wp-image-3656\" style=\"width: 10px;\" src=\"http:\/\/kommentatorenblog.de\/wp-content\/uploads\/2020\/09\/shure-55sh-ii-e1601485394796.jpg\" alt=\"\" srcset=\"https:\/\/kommentatorenblog.de\/wp-content\/uploads\/2020\/09\/shure-55sh-ii-e1601485394796.jpg 415w, https:\/\/kommentatorenblog.de\/wp-content\/uploads\/2020\/09\/shure-55sh-ii-e1601485394796-142x300.jpg 142w\" sizes=\"auto, (max-width: 10px) 100vw, 10px\" \/> Michael Seyberth<\/p>\n\n\n\n<p><span style=\"text-decoration: underline;\">Sonntag, 19. November 2023 (DAZN)<\/span><\/p>\n\n\n\n<p><strong style=\"font-style: italic;\"><em><strong>Spanien &#8211; Georgien<\/strong><\/em><\/strong><em><strong> (20.45 Uhr)<\/strong><\/em> <br><img loading=\"lazy\" decoding=\"async\" width=\"10\" height=\"21\" class=\"wp-image-3656\" style=\"width: 10px;\" src=\"http:\/\/kommentatorenblog.de\/wp-content\/uploads\/2020\/09\/shure-55sh-ii-e1601485394796.jpg\" alt=\"\" srcset=\"https:\/\/kommentatorenblog.de\/wp-content\/uploads\/2020\/09\/shure-55sh-ii-e1601485394796.jpg 415w, https:\/\/kommentatorenblog.de\/wp-content\/uploads\/2020\/09\/shure-55sh-ii-e1601485394796-142x300.jpg 142w\" sizes=\"auto, (max-width: 10px) 100vw, 10px\" \/> Nico Seepe<\/p>\n\n\n\n<p><strong style=\"font-style: italic;\"><em><strong>Portugal &#8211; Island<\/strong><\/em><\/strong><em><strong> (20.45 Uhr)<\/strong><\/em> <br><img loading=\"lazy\" decoding=\"async\" width=\"10\" height=\"21\" class=\"wp-image-3656\" style=\"width: 10px;\" src=\"http:\/\/kommentatorenblog.de\/wp-content\/uploads\/2020\/09\/shure-55sh-ii-e1601485394796.jpg\" alt=\"\" srcset=\"https:\/\/kommentatorenblog.de\/wp-content\/uploads\/2020\/09\/shure-55sh-ii-e1601485394796.jpg 415w, https:\/\/kommentatorenblog.de\/wp-content\/uploads\/2020\/09\/shure-55sh-ii-e1601485394796-142x300.jpg 142w\" sizes=\"auto, (max-width: 10px) 100vw, 10px\" \/> Tobi Fischbeck<\/p>\n\n\n\n<p><span style=\"text-decoration: underline;\">Montag, 20. November 2023, ab 20.15 Uhr (NITRO.) bzw. ab 20.35 Uhr (DAZN)<\/span><\/p>\n\n\n\n<p><strong style=\"font-style: italic;\"><em><strong>Ukraine <\/strong><\/em><strong><em><span><b style=\"font-style: italic;\">\u2013<\/b><\/span><\/em><\/strong><\/strong> <em><strong>Italien (20.45 Uhr)<\/strong><\/em> <\/p>\n\n\n\n<p><img loading=\"lazy\" decoding=\"async\" width=\"10\" height=\"21\" class=\"wp-image-3656\" style=\"width: 10px;\" src=\"http:\/\/kommentatorenblog.de\/wp-content\/uploads\/2020\/09\/shure-55sh-ii-e1601485394796.jpg\" alt=\"\" srcset=\"https:\/\/kommentatorenblog.de\/wp-content\/uploads\/2020\/09\/shure-55sh-ii-e1601485394796.jpg 415w, https:\/\/kommentatorenblog.de\/wp-content\/uploads\/2020\/09\/shure-55sh-ii-e1601485394796-142x300.jpg 142w\" sizes=\"auto, (max-width: 10px) 100vw, 10px\" \/> <em>NITRO.: <\/em>Cornelius K\u00fcpper, Experte: Patrick Helmes<br>Moderation (<em>NITRO.<\/em>): Laura Papendick, Field-Reporter: Thomas Wagner<\/p>\n\n\n\n<p><img loading=\"lazy\" decoding=\"async\" width=\"10\" height=\"21\" class=\"wp-image-3656\" style=\"width: 10px;\" src=\"http:\/\/kommentatorenblog.de\/wp-content\/uploads\/2020\/09\/shure-55sh-ii-e1601485394796.jpg\" alt=\"\" srcset=\"https:\/\/kommentatorenblog.de\/wp-content\/uploads\/2020\/09\/shure-55sh-ii-e1601485394796.jpg 415w, https:\/\/kommentatorenblog.de\/wp-content\/uploads\/2020\/09\/shure-55sh-ii-e1601485394796-142x300.jpg 142w\" sizes=\"auto, (max-width: 10px) 100vw, 10px\" \/> <em>DAZN: <\/em>Carsten Fu\u00df, Experte: Christian Bernhard<\/p>\n\n\n\n<p><span style=\"text-decoration: underline;\">ab 20.35 Uhr<\/span><span style=\"text-decoration: underline;\"> (DAZN)<\/span><\/p>\n\n\n\n<p><strong style=\"font-style: italic;\"><em><strong>Nordmazedonien &#8211; England<\/strong><\/em><\/strong><em><strong> (20.45 Uhr)<\/strong><\/em> <br><img loading=\"lazy\" decoding=\"async\" width=\"10\" height=\"21\" class=\"wp-image-3656\" style=\"width: 10px;\" src=\"http:\/\/kommentatorenblog.de\/wp-content\/uploads\/2020\/09\/shure-55sh-ii-e1601485394796.jpg\" alt=\"\" srcset=\"https:\/\/kommentatorenblog.de\/wp-content\/uploads\/2020\/09\/shure-55sh-ii-e1601485394796.jpg 415w, https:\/\/kommentatorenblog.de\/wp-content\/uploads\/2020\/09\/shure-55sh-ii-e1601485394796-142x300.jpg 142w\" sizes=\"auto, (max-width: 10px) 100vw, 10px\" \/> Andreas Renner<\/p>\n\n\n\n<p><span style=\"text-decoration: underline;\">Dienstag, 21. November 2023 (DAZN)<\/span><\/p>\n\n\n\n<p><strong style=\"font-style: italic;\"><em><strong>Griechenland &#8211; Frankreich <\/strong><\/em><\/strong><em><strong>(20.45 Uhr)<\/strong><\/em> <br><img loading=\"lazy\" decoding=\"async\" width=\"10\" height=\"21\" class=\"wp-image-3656\" style=\"width: 10px;\" src=\"http:\/\/kommentatorenblog.de\/wp-content\/uploads\/2020\/09\/shure-55sh-ii-e1601485394796.jpg\" alt=\"\" srcset=\"https:\/\/kommentatorenblog.de\/wp-content\/uploads\/2020\/09\/shure-55sh-ii-e1601485394796.jpg 415w, https:\/\/kommentatorenblog.de\/wp-content\/uploads\/2020\/09\/shure-55sh-ii-e1601485394796-142x300.jpg 142w\" sizes=\"auto, (max-width: 10px) 100vw, 10px\" \/> Stefan Galler<\/p>\n\n\n\n<p><strong style=\"font-style: italic;\"><em><strong>Gibraltar &#8211; Niederlande <\/strong><\/em><\/strong><em><strong>(20.45 Uhr)<\/strong><\/em> <br><img loading=\"lazy\" decoding=\"async\" width=\"10\" height=\"21\" class=\"wp-image-3656\" style=\"width: 10px;\" src=\"http:\/\/kommentatorenblog.de\/wp-content\/uploads\/2020\/09\/shure-55sh-ii-e1601485394796.jpg\" alt=\"\" srcset=\"https:\/\/kommentatorenblog.de\/wp-content\/uploads\/2020\/09\/shure-55sh-ii-e1601485394796.jpg 415w, https:\/\/kommentatorenblog.de\/wp-content\/uploads\/2020\/09\/shure-55sh-ii-e1601485394796-142x300.jpg 142w\" sizes=\"auto, (max-width: 10px) 100vw, 10px\" \/> Michael Brandes<\/p>\n\n\n\n<p><strong style=\"font-style: italic;\"><em><strong>Wales &#8211; T\u00fcrkei <\/strong><\/em><\/strong><em><strong>(20.45 Uhr)<\/strong><\/em> <br><img loading=\"lazy\" decoding=\"async\" width=\"10\" height=\"21\" class=\"wp-image-3656\" style=\"width: 10px;\" src=\"http:\/\/kommentatorenblog.de\/wp-content\/uploads\/2020\/09\/shure-55sh-ii-e1601485394796.jpg\" alt=\"\" srcset=\"https:\/\/kommentatorenblog.de\/wp-content\/uploads\/2020\/09\/shure-55sh-ii-e1601485394796.jpg 415w, https:\/\/kommentatorenblog.de\/wp-content\/uploads\/2020\/09\/shure-55sh-ii-e1601485394796-142x300.jpg 142w\" sizes=\"auto, (max-width: 10px) 100vw, 10px\" \/> Adrian Geiler<\/p>\n\n\n\n<hr class=\"wp-block-separator is-style-default\"\/>\n\n\n\n<p><strong>U21- L\u00e4nderspiel (Pro7maxx)<\/strong><\/p>\n\n\n\n<p><span style=\"text-decoration: underline;\">Freitag, 17. November 2023 ab 17.30<\/span><\/p>\n\n\n\n<p><strong style=\"font-style: italic;\"><em><strong>Deutschland \u2013 Estland<\/strong><\/em><\/strong><em><strong> (18.00 Uhr)<\/strong><\/em> <br><img loading=\"lazy\" decoding=\"async\" width=\"10\" height=\"21\" class=\"wp-image-3656\" style=\"width: 10px;\" src=\"http:\/\/kommentatorenblog.de\/wp-content\/uploads\/2020\/09\/shure-55sh-ii-e1601485394796.jpg\" alt=\"\" srcset=\"https:\/\/kommentatorenblog.de\/wp-content\/uploads\/2020\/09\/shure-55sh-ii-e1601485394796.jpg 415w, https:\/\/kommentatorenblog.de\/wp-content\/uploads\/2020\/09\/shure-55sh-ii-e1601485394796-142x300.jpg 142w\" sizes=\"auto, (max-width: 10px) 100vw, 10px\" \/> Matthias Stach<br>Moderation: Christian D\u00fcren, Experte: Markus Babbel<\/p>\n\n\n\n<p><span style=\"text-decoration: underline;\">Dienstag, 211. November 2023 ab 17.30<\/span><\/p>\n\n\n\n<p><strong style=\"font-style: italic;\"><em><strong>Deutschland \u2013 Polen <\/strong><\/em><\/strong><em><strong>(18.00 Uhr)<\/strong><\/em> <br><img loading=\"lazy\" decoding=\"async\" width=\"10\" height=\"21\" class=\"wp-image-3656\" style=\"width: 10px;\" src=\"http:\/\/kommentatorenblog.de\/wp-content\/uploads\/2020\/09\/shure-55sh-ii-e1601485394796.jpg\" alt=\"\" srcset=\"https:\/\/kommentatorenblog.de\/wp-content\/uploads\/2020\/09\/shure-55sh-ii-e1601485394796.jpg 415w, https:\/\/kommentatorenblog.de\/wp-content\/uploads\/2020\/09\/shure-55sh-ii-e1601485394796-142x300.jpg 142w\" sizes=\"auto, (max-width: 10px) 100vw, 10px\" \/> Franz B\u00fcchner<br>Moderation: Matthias Opdenh\u00f6vel, Expertin: Rachel Rinast<\/p>\n\n\n\n<hr class=\"wp-block-separator is-style-default\"\/>\n\n\n\n<p><strong>CAF WM-Qualifikation 2026<\/strong> <strong>(Sportdigital Fu\u00dfball)<\/strong><\/p>\n\n\n\n<p><span style=\"text-decoration: underline;\">Samstag, 18. November 2023<\/span><\/p>\n\n\n\n<p><strong style=\"font-style: italic;\"><em><strong>Senegal &#8211; S\u00fcdsudan<\/strong><\/em><\/strong><em><strong> (20.00 Uhr)<\/strong><\/em> <br><img loading=\"lazy\" decoding=\"async\" width=\"10\" height=\"21\" class=\"wp-image-3656\" style=\"width: 10px;\" src=\"http:\/\/kommentatorenblog.de\/wp-content\/uploads\/2020\/09\/shure-55sh-ii-e1601485394796.jpg\" alt=\"\" srcset=\"https:\/\/kommentatorenblog.de\/wp-content\/uploads\/2020\/09\/shure-55sh-ii-e1601485394796.jpg 415w, https:\/\/kommentatorenblog.de\/wp-content\/uploads\/2020\/09\/shure-55sh-ii-e1601485394796-142x300.jpg 142w\" sizes=\"auto, (max-width: 10px) 100vw, 10px\" \/> Ulf Kahmke<\/p>\n\n\n\n<p><span style=\"text-decoration: underline;\">Sonntag, 19. November 2023<\/span><\/p>\n\n\n\n<p><strong style=\"font-style: italic;\"><em><strong>Mosambik &#8211; Algerien<\/strong><\/em><\/strong><em><strong> (14.00 Uhr)<\/strong><\/em> <br><img loading=\"lazy\" decoding=\"async\" width=\"10\" height=\"21\" class=\"wp-image-3656\" style=\"width: 10px;\" src=\"http:\/\/kommentatorenblog.de\/wp-content\/uploads\/2020\/09\/shure-55sh-ii-e1601485394796.jpg\" alt=\"\" srcset=\"https:\/\/kommentatorenblog.de\/wp-content\/uploads\/2020\/09\/shure-55sh-ii-e1601485394796.jpg 415w, https:\/\/kommentatorenblog.de\/wp-content\/uploads\/2020\/09\/shure-55sh-ii-e1601485394796-142x300.jpg 142w\" sizes=\"auto, (max-width: 10px) 100vw, 10px\" \/>&nbsp;Christian Blunck<\/p>\n\n\n\n<p><strong style=\"font-style: italic;\"><em><strong>Sierra Leone &#8211; \u00c4gypten<\/strong><\/em><\/strong><em><strong> (17.00 Uhr)<\/strong><\/em> <br><img loading=\"lazy\" decoding=\"async\" width=\"10\" height=\"21\" class=\"wp-image-3656\" style=\"width: 10px;\" src=\"http:\/\/kommentatorenblog.de\/wp-content\/uploads\/2020\/09\/shure-55sh-ii-e1601485394796.jpg\" alt=\"\" srcset=\"https:\/\/kommentatorenblog.de\/wp-content\/uploads\/2020\/09\/shure-55sh-ii-e1601485394796.jpg 415w, https:\/\/kommentatorenblog.de\/wp-content\/uploads\/2020\/09\/shure-55sh-ii-e1601485394796-142x300.jpg 142w\" sizes=\"auto, (max-width: 10px) 100vw, 10px\" \/> Karsten Linke<\/p>\n\n\n\n<p><span style=\"text-decoration: underline;\">Montag, 20. November 2023<\/span><\/p>\n\n\n\n<p><strong style=\"font-style: italic;\"><em><strong>Gambia &#8211; Elfenbeinkueste<\/strong><\/em><\/strong><em><strong> (17.00 Uhr)<\/strong><\/em> <br><img loading=\"lazy\" decoding=\"async\" width=\"10\" height=\"21\" class=\"wp-image-3656\" style=\"width: 10px;\" src=\"http:\/\/kommentatorenblog.de\/wp-content\/uploads\/2020\/09\/shure-55sh-ii-e1601485394796.jpg\" alt=\"\" srcset=\"https:\/\/kommentatorenblog.de\/wp-content\/uploads\/2020\/09\/shure-55sh-ii-e1601485394796.jpg 415w, https:\/\/kommentatorenblog.de\/wp-content\/uploads\/2020\/09\/shure-55sh-ii-e1601485394796-142x300.jpg 142w\" sizes=\"auto, (max-width: 10px) 100vw, 10px\" \/> J\u00f6rg Steiger<\/p>\n\n\n\n<p><span style=\"text-decoration: underline;\">Dienstag, 21. November 2023<\/span><\/p>\n\n\n\n<p><strong style=\"font-style: italic;\"><em><strong>Togo<strong style=\"font-style: italic;\"><em><strong> <\/strong><\/em><strong><em><span><b style=\"font-style: italic;\">\u2013<\/b><\/span><\/em><\/strong><\/strong> Senegal<\/strong><\/em><\/strong><em><strong> (17.00 Uhr)<\/strong><\/em> <br><img loading=\"lazy\" decoding=\"async\" width=\"10\" height=\"21\" class=\"wp-image-3656\" style=\"width: 10px;\" src=\"http:\/\/kommentatorenblog.de\/wp-content\/uploads\/2020\/09\/shure-55sh-ii-e1601485394796.jpg\" alt=\"\" srcset=\"https:\/\/kommentatorenblog.de\/wp-content\/uploads\/2020\/09\/shure-55sh-ii-e1601485394796.jpg 415w, https:\/\/kommentatorenblog.de\/wp-content\/uploads\/2020\/09\/shure-55sh-ii-e1601485394796-142x300.jpg 142w\" sizes=\"auto, (max-width: 10px) 100vw, 10px\" \/> Jonathan Dreier<\/p>\n\n\n\n<p><strong style=\"font-style: italic;\"><em><strong>Tansania <strong style=\"font-style: italic;\"><strong><em><span><b style=\"font-style: italic;\">\u2013<\/b><\/span><\/em><\/strong><\/strong> Marokko<\/strong><\/em><\/strong><em><strong> (20.00 Uhr)<\/strong><\/em> <br><img loading=\"lazy\" decoding=\"async\" width=\"10\" height=\"21\" class=\"wp-image-3656\" style=\"width: 10px;\" src=\"http:\/\/kommentatorenblog.de\/wp-content\/uploads\/2020\/09\/shure-55sh-ii-e1601485394796.jpg\" alt=\"\" srcset=\"https:\/\/kommentatorenblog.de\/wp-content\/uploads\/2020\/09\/shure-55sh-ii-e1601485394796.jpg 415w, https:\/\/kommentatorenblog.de\/wp-content\/uploads\/2020\/09\/shure-55sh-ii-e1601485394796-142x300.jpg 142w\" sizes=\"auto, (max-width: 10px) 100vw, 10px\" \/> Marvin Kirsch<\/p>\n\n\n\n<hr class=\"wp-block-separator\"\/>\n\n\n\n<p><strong>FIFA U17 WM, Gruppenphase (Skysportnews &amp; skysport.de)<\/strong><\/p>\n\n\n\n<p><span style=\"text-decoration: underline;\">Samstag, 18. November ab 09.55 Uhr<\/span><\/p>\n\n\n\n<p><em><strong>Deutschland \u2013 Venezuela (10.00 Uhr)<\/strong><\/em><br><img loading=\"lazy\" decoding=\"async\" width=\"10\" height=\"21\" class=\"wp-image-3656\" style=\"width: 10px;\" src=\"http:\/\/kommentatorenblog.de\/wp-content\/uploads\/2020\/09\/shure-55sh-ii-e1601485394796.jpg\" alt=\"\" srcset=\"https:\/\/kommentatorenblog.de\/wp-content\/uploads\/2020\/09\/shure-55sh-ii-e1601485394796.jpg 415w, https:\/\/kommentatorenblog.de\/wp-content\/uploads\/2020\/09\/shure-55sh-ii-e1601485394796-142x300.jpg 142w\" sizes=\"auto, (max-width: 10px) 100vw, 10px\" \/> Timo Sch\u00e4fers <\/p>\n\n\n\n<hr class=\"wp-block-separator\"\/>\n\n\n\n<hr class=\"wp-block-separator\"\/>\n\n\n\n<p><strong>Women\u00b4s Super League (ENG), 7. Spieltag (Sky)<\/strong><\/p>\n\n\n\n<p><span style=\"text-decoration: underline;\">Samstag, 18. November 2023<\/span><\/p>\n\n\n\n<p><strong style=\"font-style: italic;\"><em><strong>FC Chelsea &#8211; FC Liverpool<\/strong><\/em><\/strong><em><strong> (14.30 Uhr)<\/strong><\/em> <br><img loading=\"lazy\" decoding=\"async\" width=\"10\" height=\"21\" class=\"wp-image-3656\" style=\"width: 10px;\" src=\"http:\/\/kommentatorenblog.de\/wp-content\/uploads\/2020\/09\/shure-55sh-ii-e1601485394796.jpg\" alt=\"\" srcset=\"https:\/\/kommentatorenblog.de\/wp-content\/uploads\/2020\/09\/shure-55sh-ii-e1601485394796.jpg 415w, https:\/\/kommentatorenblog.de\/wp-content\/uploads\/2020\/09\/shure-55sh-ii-e1601485394796-142x300.jpg 142w\" sizes=\"auto, (max-width: 10px) 100vw, 10px\" \/> ???<\/p>\n\n\n\n<p><span style=\"text-decoration: underline;\">Sonntag, 19. November 2023<\/span><\/p>\n\n\n\n<p><strong style=\"font-style: italic;\"><em><strong>Brighton &amp; Hove Albion &#8211; FC Arsenal<\/strong><\/em><\/strong><em><strong> (15.00 Uhr)<\/strong><\/em> <br><img loading=\"lazy\" decoding=\"async\" width=\"10\" height=\"21\" class=\"wp-image-3656\" style=\"width: 10px;\" src=\"http:\/\/kommentatorenblog.de\/wp-content\/uploads\/2020\/09\/shure-55sh-ii-e1601485394796.jpg\" alt=\"\" srcset=\"https:\/\/kommentatorenblog.de\/wp-content\/uploads\/2020\/09\/shure-55sh-ii-e1601485394796.jpg 415w, https:\/\/kommentatorenblog.de\/wp-content\/uploads\/2020\/09\/shure-55sh-ii-e1601485394796-142x300.jpg 142w\" sizes=\"auto, (max-width: 10px) 100vw, 10px\" \/> ???<\/p>\n\n\n\n<p><strong style=\"font-style: italic;\"><em><strong>Manchester United &#8211; Manchester City<\/strong><\/em><\/strong><em><strong> (17.30 Uhr)<\/strong><\/em> <br><img loading=\"lazy\" decoding=\"async\" width=\"10\" height=\"21\" class=\"wp-image-3656\" style=\"width: 10px;\" src=\"http:\/\/kommentatorenblog.de\/wp-content\/uploads\/2020\/09\/shure-55sh-ii-e1601485394796.jpg\" alt=\"\" srcset=\"https:\/\/kommentatorenblog.de\/wp-content\/uploads\/2020\/09\/shure-55sh-ii-e1601485394796.jpg 415w, https:\/\/kommentatorenblog.de\/wp-content\/uploads\/2020\/09\/shure-55sh-ii-e1601485394796-142x300.jpg 142w\" sizes=\"auto, (max-width: 10px) 100vw, 10px\" \/> ???<\/p>\n\n\n\n<hr class=\"wp-block-separator is-style-default\"\/>\n\n\n\n<p><strong>League Two (ENG), 18. Spieltag (Sportdigital Fu\u00dfball)<\/strong><\/p>\n\n\n\n<p><span style=\"text-decoration: underline;\">Samstag, 18. November 2023<\/span><\/p>\n\n\n\n<p><strong style=\"font-style: italic;\"><em><strong>Notts County &#8211; Bradford<\/strong><\/em><\/strong><em><strong> (13.30 Uhr)<\/strong><\/em> <br><img loading=\"lazy\" decoding=\"async\" width=\"10\" height=\"21\" class=\"wp-image-3656\" style=\"width: 10px;\" src=\"http:\/\/kommentatorenblog.de\/wp-content\/uploads\/2020\/09\/shure-55sh-ii-e1601485394796.jpg\" alt=\"\" srcset=\"https:\/\/kommentatorenblog.de\/wp-content\/uploads\/2020\/09\/shure-55sh-ii-e1601485394796.jpg 415w, https:\/\/kommentatorenblog.de\/wp-content\/uploads\/2020\/09\/shure-55sh-ii-e1601485394796-142x300.jpg 142w\" sizes=\"auto, (max-width: 10px) 100vw, 10px\" \/> Marvin Kirsch<\/p>\n\n\n\n<hr class=\"wp-block-separator is-style-default\"\/>\n\n\n\n<p><strong>Campeonato Brasileiro (BRA), 29. Spieltag (Sportdigital Fu\u00dfball)<\/strong><\/p>\n\n\n\n<p><span style=\"text-decoration: underline;\">Donnerstag, 23. November 2023<\/span><\/p>\n\n\n\n<p><strong style=\"font-style: italic;\"><em><strong>Fortaleza EC &#8211; Botafogo FR <\/strong><\/em><\/strong><em><strong>(23.00 Uhr)<\/strong><\/em> <br><img loading=\"lazy\" decoding=\"async\" width=\"10\" height=\"21\" class=\"wp-image-3656\" style=\"width: 10px;\" src=\"http:\/\/kommentatorenblog.de\/wp-content\/uploads\/2020\/09\/shure-55sh-ii-e1601485394796.jpg\" alt=\"\" srcset=\"https:\/\/kommentatorenblog.de\/wp-content\/uploads\/2020\/09\/shure-55sh-ii-e1601485394796.jpg 415w, https:\/\/kommentatorenblog.de\/wp-content\/uploads\/2020\/09\/shure-55sh-ii-e1601485394796-142x300.jpg 142w\" sizes=\"auto, (max-width: 10px) 100vw, 10px\" \/> Christian Blunck<\/p>\n\n\n\n<p><span style=\"text-decoration: underline;\">Freitag, 24. November 2023<\/span><\/p>\n\n\n\n<p><strong style=\"font-style: italic;\"><em><strong>Flamengo Rio de Janeiro &#8211; CA Bragantino <\/strong><\/em><\/strong><em><strong>(01.30 Uhr)<\/strong><\/em> <br><img loading=\"lazy\" decoding=\"async\" width=\"10\" height=\"21\" class=\"wp-image-3656\" style=\"width: 10px;\" src=\"http:\/\/kommentatorenblog.de\/wp-content\/uploads\/2020\/09\/shure-55sh-ii-e1601485394796.jpg\" alt=\"\" srcset=\"https:\/\/kommentatorenblog.de\/wp-content\/uploads\/2020\/09\/shure-55sh-ii-e1601485394796.jpg 415w, https:\/\/kommentatorenblog.de\/wp-content\/uploads\/2020\/09\/shure-55sh-ii-e1601485394796-142x300.jpg 142w\" sizes=\"auto, (max-width: 10px) 100vw, 10px\" \/> tba<\/p>\n\n\n\n<hr class=\"wp-block-separator\"\/>\n\n\n\n<hr class=\"wp-block-separator is-style-default\"\/>\n\n\n\n<p><em><strong>Die Analyse:<\/strong><\/em><\/p>\n\n\n\n<p>F\u00fcr die DFB- Herren stehen am Samstag (RTL) und Dienstag (ZDF) die n\u00e4chsten Testspiele vor der Heim- EM an. Am Samstag geht es im Berliner Olympiastadion dann gegen T\u00fcrkei los. Die gewohnte RTL- L\u00e4nderspiel- Crew um K\u00f6nig und Hagemann meldet sich komplett aus dem Olympiastadion. <\/p>\n\n\n\n<p><strong>Erst Magenta, dann DAZN<\/strong><\/p>\n\n\n\n<p>Bereits am Freitag startet die Bundesliga der Frauen mit der Partie Hoffenheim- Essen in ihren achten Spieltag. Am Samstagnachmittag empfangen dann die Cluberinnen Eintracht Frankfurt. Kommentator bei Magenta Sport wird hierbei Michael Seyberth sein, welcher am Abend dann noch ein L\u00e4nderspiel der Herren kommentieren wird. Allerdings nicht f\u00fcr Magenta Sport sondern f\u00fcr DAZN.<\/p>\n\n\n\n<p>Gesamt gesehen ist Seyberth nicht der einzige, der sowohl f\u00fcr Magenta als auch DAZN Spiele kommentiert oder kommentiert hat. Deshalb stellt sich mir auch ein bisschen die Frage, ob es bei einigen Spielen nicht sinnvoller w\u00e4re, wenn sich Magenta und DAZN Kommentatoren teilen w\u00fcrden und freigewordene Ressourcen in zus\u00e4tzliche Moderationen, Field- Reporter oder Stadionpr\u00e4senz zu investieren?<\/p>\n\n\n\n<p>Apropos Stadionpr\u00e4senz: Als Topspiel der Woche hat sich die Telekom f\u00fcr das Sonntagabendspiel zwischen Werder und Bayern entschieden, sowohl Benschop, Rann und eine noch nicht bekannte Expertin melden sich dann von vor Ort. Am Montagabend wird dann Sport1 mit seinem kompletten Team im Freiburger Dreisamstadion sein, es kommentiert wie gewohnt Christina Rann. Die weiteren Kommentatoren sind Nico Seepe (DAZN) und Michael Seyberth (Magenta Sport).<\/p>\n\n\n\n<p><strong>Mehr L\u00e4nderspiele bei Nitro und DAZN<\/strong><\/p>\n\n\n\n<p>Bei den weiteren L\u00e4nderspielen ist RTL mit Nitro bei zwei weiteren Spielen vertreten, n\u00e4mlich bei beiden EM- Qualifikationsspielen von Italien. W\u00e4hrend Laura Papendick bei beiden Partien zum Einsatz kommen wird, wird auf den restlichen Positionen durchrotiert, dabei kommen Hunke und Cornelius K\u00fcpper jeweils zu einem weiteren L\u00e4nderspiel- Einsatz. Das komplette Nitro- Team meldet sich dabei jeweils komplett aus den Stadien in Rom und Leverkusen (Ukraine- Italien). Die beiden Spiele gibt es, ebenso wie weitere auch bei DAZN zu sehen, dazu hat Sky noch die U17- WM und sportdigital die WM- Qualifikation im Angebot.<\/p>\n\n\n\n<p>Damit allen ein sch\u00f6nes Wochenende!<\/p>\n\n\n\n<p><\/p>\n","protected":false},"excerpt":{"rendered":"<p>N&#8217;Abend allerseits! Der Zeitraum f\u00fcr die Nominierungen f\u00fcr die Awards neigt sich so langsam dem Ende zu, wer also noch daran teilnehmen m\u00f6chte, sollte dies bald machen, denn nur die drei am h\u00e4ufigsten nominierten Personen sowie ein Vorschlag von uns stehen dann sp\u00e4ter auch zur Abstimmung. Den Link f\u00fcr die Nominierungen findet ihr hier! Ansonsten [&hellip;]<\/p>\n","protected":false},"author":10,"featured_media":0,"comment_status":"open","ping_status":"open","sticky":false,"template":"","format":"standard","meta":{"footnotes":""},"categories":[424,426],"tags":[598,163,963,57,657,614,13,611,695,148,331,155,58,489,59,964,75,946,965,31,9,904,276,43,67,239,130,581,634,191,665,293,903,966,853,22,134,151,33,838,152,402,149,37],"class_list":["post-16004","post","type-post","status-publish","format-standard","hentry","category-bundesliga-und-co","category-laenderspiele","tag-adrian-geiler","tag-alexander-kuepper","tag-carmen-hoefflin","tag-christian-blunck","tag-christina-rann","tag-cornelius-kuepper","tag-dazn","tag-felix-goerner","tag-felix-kroos","tag-florian-koenig","tag-freddie-schulz","tag-guido-huesgen","tag-joerg-steiger","tag-kamila-benschop","tag-karsten-linke","tag-kristoffer-klein","tag-laura-papendick","tag-lena-cassel","tag-lili-engels","tag-lothar-matthaeus","tag-magenta-sport","tag-marcel-klein","tag-marcel-seufert","tag-marco-hagemann","tag-markus-hoehner","tag-markus-theil","tag-martin-piller","tag-marvin-kirsch","tag-michael-seyberth","tag-nico-seepe","tag-oliver-fassnacht-2","tag-oskar-heirler","tag-patrick-helmes","tag-rachel-rinast","tag-robert-hunke","tag-sky","tag-sportdigital-fussball","tag-steffen-freund","tag-thomas-wagner","tag-timo-schaefers","tag-tobi-fischbeck","tag-ulf-kahmke","tag-uwe-morawe","tag-zdf"],"_links":{"self":[{"href":"https:\/\/kommentatorenblog.de\/index.php?rest_route=\/wp\/v2\/posts\/16004","targetHints":{"allow":["GET"]}}],"collection":[{"href":"https:\/\/kommentatorenblog.de\/index.php?rest_route=\/wp\/v2\/posts"}],"about":[{"href":"https:\/\/kommentatorenblog.de\/index.php?rest_route=\/wp\/v2\/types\/post"}],"author":[{"embeddable":true,"href":"https:\/\/kommentatorenblog.de\/index.php?rest_route=\/wp\/v2\/users\/10"}],"replies":[{"embeddable":true,"href":"https:\/\/kommentatorenblog.de\/index.php?rest_route=%2Fwp%2Fv2%2Fcomments&post=16004"}],"version-history":[{"count":13,"href":"https:\/\/kommentatorenblog.de\/index.php?rest_route=\/wp\/v2\/posts\/16004\/revisions"}],"predecessor-version":[{"id":16042,"href":"https:\/\/kommentatorenblog.de\/index.php?rest_route=\/wp\/v2\/posts\/16004\/revisions\/16042"}],"wp:attachment":[{"href":"https:\/\/kommentatorenblog.de\/index.php?rest_route=%2Fwp%2Fv2%2Fmedia&parent=16004"}],"wp:term":[{"taxonomy":"category","embeddable":true,"href":"https:\/\/kommentatorenblog.de\/index.php?rest_route=%2Fwp%2Fv2%2Fcategories&post=16004"},{"taxonomy":"post_tag","embeddable":true,"href":"https:\/\/kommentatorenblog.de\/index.php?rest_route=%2Fwp%2Fv2%2Ftags&post=16004"}],"curies":[{"name":"wp","href":"https:\/\/api.w.org\/{rel}","templated":true}]}}