{"id":16051,"date":"2023-11-27T14:14:37","date_gmt":"2023-11-27T13:14:37","guid":{"rendered":"https:\/\/kommentatorenblog.de\/?p=16051"},"modified":"2023-11-28T11:21:59","modified_gmt":"2023-11-28T10:21:59","slug":"1382-die-nominierten","status":"publish","type":"post","link":"https:\/\/kommentatorenblog.de\/?p=16051","title":{"rendered":"1382 &#8211; Die Nominierten"},"content":{"rendered":"\n<p>N&#8217;Abend allerseits,<\/p>\n\n\n\n<p>ich will die Hinf\u00fchrung gar nicht l\u00e4nger als n\u00f6tig gestalten: Aus 2019 Vorschl\u00e4gen sind in allen Kategorien die drei h\u00e4ufigst Genannten sowie einen Vorschlag unsererseits nominiert f\u00fcr das Voting der &#8222;Kommentatorenblog Community Awards 2023&#8220;. Manche waren recht deutlich vorne mit \u00fcber 40% der Einsendungen in ihrer Kategorie, bei anderen war&#8217;s sehr knapp.<\/p>\n\n\n\n<p>Mit dem Beitrag am kommenden Donnerstag, dem 7. Dezember, startet dann das Voting bei uns im Blog und ihr werdet folgende Auswahl haben:<\/p>\n\n\n\n<hr class=\"wp-block-separator is-style-default\"\/>\n\n\n\n<p><strong>Beste:r Kommentator:in Bundesliga <mark style=\"background-color:#d20515\" class=\"has-inline-color has-white-color\"><strong>(Nominierte<\/strong>)<\/mark><\/strong><\/p>\n\n\n\n<figure class=\"wp-block-gallery has-nested-images columns-4 is-cropped wp-block-gallery-1 is-layout-flex wp-block-gallery-is-layout-flex\">\n<figure class=\"wp-block-image size-large\"><img loading=\"lazy\" decoding=\"async\" width=\"1198\" height=\"1198\" data-id=\"16058\" src=\"http:\/\/kommentatorenblog.de\/wp-content\/uploads\/2023\/11\/Jonas-Friedrich.jpg\" alt=\"\" class=\"wp-image-16058\" srcset=\"https:\/\/kommentatorenblog.de\/wp-content\/uploads\/2023\/11\/Jonas-Friedrich.jpg 1198w, https:\/\/kommentatorenblog.de\/wp-content\/uploads\/2023\/11\/Jonas-Friedrich-300x300.jpg 300w, https:\/\/kommentatorenblog.de\/wp-content\/uploads\/2023\/11\/Jonas-Friedrich-1024x1024.jpg 1024w, https:\/\/kommentatorenblog.de\/wp-content\/uploads\/2023\/11\/Jonas-Friedrich-150x150.jpg 150w, https:\/\/kommentatorenblog.de\/wp-content\/uploads\/2023\/11\/Jonas-Friedrich-768x768.jpg 768w\" sizes=\"auto, (max-width: 1198px) 100vw, 1198px\" \/><figcaption><mark style=\"background-color:#d20515\" class=\"has-inline-color has-white-color\"> <strong>Jonas Friedrich<\/strong> <\/mark><br><mark style=\"background-color:rgba(0, 0, 0, 0)\" class=\"has-inline-color has-white-color\">(Sky) <\/mark><br><sup>Foto: Sky\/A. Sch\u00e4tz<\/sup><\/figcaption><\/figure>\n\n\n\n<figure class=\"wp-block-image size-large\"><img loading=\"lazy\" decoding=\"async\" width=\"1024\" height=\"1024\" data-id=\"16057\" src=\"https:\/\/kommentatorenblog.de\/wp-content\/uploads\/2023\/11\/Wolff-Fuss-1024x1024.jpg\" alt=\"\" class=\"wp-image-16057\" srcset=\"https:\/\/kommentatorenblog.de\/wp-content\/uploads\/2023\/11\/Wolff-Fuss-1024x1024.jpg 1024w, https:\/\/kommentatorenblog.de\/wp-content\/uploads\/2023\/11\/Wolff-Fuss-300x300.jpg 300w, https:\/\/kommentatorenblog.de\/wp-content\/uploads\/2023\/11\/Wolff-Fuss-150x150.jpg 150w, https:\/\/kommentatorenblog.de\/wp-content\/uploads\/2023\/11\/Wolff-Fuss-768x768.jpg 768w, https:\/\/kommentatorenblog.de\/wp-content\/uploads\/2023\/11\/Wolff-Fuss-1536x1536.jpg 1536w, https:\/\/kommentatorenblog.de\/wp-content\/uploads\/2023\/11\/Wolff-Fuss-2048x2048.jpg 2048w\" sizes=\"auto, (max-width: 1024px) 100vw, 1024px\" \/><figcaption><mark style=\"background-color:#d20515\" class=\"has-inline-color has-white-color\"> <strong>Wolff Fuss<\/strong> <\/mark><br><mark style=\"background-color:rgba(0, 0, 0, 0)\" class=\"has-inline-color has-white-color\">(Sky\/Sat.1) <\/mark><br><sup>Foto: Sky\/Mike Meyer<\/sup><\/figcaption><\/figure>\n\n\n\n<figure class=\"wp-block-image size-large\"><img loading=\"lazy\" decoding=\"async\" width=\"2560\" height=\"2560\" data-id=\"16059\" src=\"http:\/\/kommentatorenblog.de\/wp-content\/uploads\/2023\/11\/Jan-Platte-scaled.jpg\" alt=\"\" class=\"wp-image-16059\" srcset=\"https:\/\/kommentatorenblog.de\/wp-content\/uploads\/2023\/11\/Jan-Platte-scaled.jpg 2560w, https:\/\/kommentatorenblog.de\/wp-content\/uploads\/2023\/11\/Jan-Platte-300x300.jpg 300w, https:\/\/kommentatorenblog.de\/wp-content\/uploads\/2023\/11\/Jan-Platte-1024x1024.jpg 1024w, https:\/\/kommentatorenblog.de\/wp-content\/uploads\/2023\/11\/Jan-Platte-150x150.jpg 150w, https:\/\/kommentatorenblog.de\/wp-content\/uploads\/2023\/11\/Jan-Platte-768x768.jpg 768w, https:\/\/kommentatorenblog.de\/wp-content\/uploads\/2023\/11\/Jan-Platte-1536x1536.jpg 1536w, https:\/\/kommentatorenblog.de\/wp-content\/uploads\/2023\/11\/Jan-Platte-2048x2048.jpg 2048w\" sizes=\"auto, (max-width: 2560px) 100vw, 2560px\" \/><figcaption><mark style=\"background-color:#d20515\" class=\"has-inline-color has-white-color\"> <strong>Jan Platte<\/strong> <\/mark><br><mark style=\"background-color:rgba(0, 0, 0, 0)\" class=\"has-inline-color has-white-color\">(DAZN) <\/mark><br><sup>Foto: DAZN<\/sup><\/figcaption><\/figure>\n\n\n\n<figure class=\"wp-block-image size-large\"><img loading=\"lazy\" decoding=\"async\" width=\"667\" height=\"667\" data-id=\"16115\" src=\"https:\/\/kommentatorenblog.de\/wp-content\/uploads\/2023\/11\/Christina-Rann.jpg\" alt=\"\" class=\"wp-image-16115\" srcset=\"https:\/\/kommentatorenblog.de\/wp-content\/uploads\/2023\/11\/Christina-Rann.jpg 667w, https:\/\/kommentatorenblog.de\/wp-content\/uploads\/2023\/11\/Christina-Rann-300x300.jpg 300w, https:\/\/kommentatorenblog.de\/wp-content\/uploads\/2023\/11\/Christina-Rann-150x150.jpg 150w\" sizes=\"auto, (max-width: 667px) 100vw, 667px\" \/><figcaption><mark style=\"background-color:#d20515\" class=\"has-inline-color has-white-color\"> <strong>Christina Rann<\/strong> <\/mark><br><mark style=\"background-color:rgba(0, 0, 0, 0)\" class=\"has-inline-color has-white-color\">(Magenta\/Sport1) <\/mark><br><sup>Foto: Sport1<\/sup><\/figcaption><\/figure>\n<\/figure>\n\n\n\n<p><strong>Beste:r Kommentator:in 2.\/3. Liga <mark style=\"background-color:#00a668\" class=\"has-inline-color has-white-color\"><strong><strong style=\"font-style: italic;\"><strong><b style=\"font-style: italic;\">(<\/b><\/strong><\/strong>Nominierte<\/strong>)<\/mark><\/strong><\/p>\n\n\n\n<figure class=\"wp-block-gallery has-nested-images columns-4 is-cropped wp-block-gallery-2 is-layout-flex wp-block-gallery-is-layout-flex\">\n<figure class=\"wp-block-image size-large\"><img loading=\"lazy\" decoding=\"async\" width=\"1024\" height=\"1024\" data-id=\"16066\" src=\"https:\/\/kommentatorenblog.de\/wp-content\/uploads\/2023\/11\/Hannes-Herrmann-1024x1024.jpeg\" alt=\"\" class=\"wp-image-16066\" srcset=\"https:\/\/kommentatorenblog.de\/wp-content\/uploads\/2023\/11\/Hannes-Herrmann-1024x1024.jpeg 1024w, https:\/\/kommentatorenblog.de\/wp-content\/uploads\/2023\/11\/Hannes-Herrmann-300x300.jpeg 300w, https:\/\/kommentatorenblog.de\/wp-content\/uploads\/2023\/11\/Hannes-Herrmann-150x150.jpeg 150w, https:\/\/kommentatorenblog.de\/wp-content\/uploads\/2023\/11\/Hannes-Herrmann-768x768.jpeg 768w, https:\/\/kommentatorenblog.de\/wp-content\/uploads\/2023\/11\/Hannes-Herrmann-1536x1536.jpeg 1536w, https:\/\/kommentatorenblog.de\/wp-content\/uploads\/2023\/11\/Hannes-Herrmann-2048x2048.jpeg 2048w\" sizes=\"auto, (max-width: 1024px) 100vw, 1024px\" \/><figcaption><mark style=\"background-color:#00a668\" class=\"has-inline-color has-white-color\"> <strong>Hannes Herrmann<\/strong> <\/mark><br><mark style=\"background-color:rgba(0, 0, 0, 0)\" class=\"has-inline-color has-white-color\">(Sky) <\/mark><br><sup>Foto: Herrmann\/privat<\/sup><\/figcaption><\/figure>\n\n\n\n<figure class=\"wp-block-image size-full\"><img loading=\"lazy\" decoding=\"async\" width=\"843\" height=\"843\" data-id=\"16123\" src=\"https:\/\/kommentatorenblog.de\/wp-content\/uploads\/2023\/11\/Clemens-Mauksch.jpg\" alt=\"\" class=\"wp-image-16123\" srcset=\"https:\/\/kommentatorenblog.de\/wp-content\/uploads\/2023\/11\/Clemens-Mauksch.jpg 843w, https:\/\/kommentatorenblog.de\/wp-content\/uploads\/2023\/11\/Clemens-Mauksch-300x300.jpg 300w, https:\/\/kommentatorenblog.de\/wp-content\/uploads\/2023\/11\/Clemens-Mauksch-150x150.jpg 150w, https:\/\/kommentatorenblog.de\/wp-content\/uploads\/2023\/11\/Clemens-Mauksch-768x768.jpg 768w\" sizes=\"auto, (max-width: 843px) 100vw, 843px\" \/><figcaption><mark style=\"background-color:#00a668\" class=\"has-inline-color has-white-color\"> <strong>Clemens Mauksch<\/strong> <\/mark><mark style=\"background-color:rgba(0, 0, 0, 0)\" class=\"has-inline-color has-white-color\">(Sporttotal) <\/mark><br><sup>Foto: Mauksch\/privat<\/sup><\/figcaption><\/figure>\n\n\n\n<figure class=\"wp-block-image size-large\"><img loading=\"lazy\" decoding=\"async\" width=\"1024\" height=\"1024\" data-id=\"16067\" src=\"https:\/\/kommentatorenblog.de\/wp-content\/uploads\/2023\/11\/Julian-Luca-Schaefer-1024x1024.jpg\" alt=\"\" class=\"wp-image-16067\" srcset=\"https:\/\/kommentatorenblog.de\/wp-content\/uploads\/2023\/11\/Julian-Luca-Schaefer-1024x1024.jpg 1024w, https:\/\/kommentatorenblog.de\/wp-content\/uploads\/2023\/11\/Julian-Luca-Schaefer-300x300.jpg 300w, https:\/\/kommentatorenblog.de\/wp-content\/uploads\/2023\/11\/Julian-Luca-Schaefer-150x150.jpg 150w, https:\/\/kommentatorenblog.de\/wp-content\/uploads\/2023\/11\/Julian-Luca-Schaefer-768x768.jpg 768w, https:\/\/kommentatorenblog.de\/wp-content\/uploads\/2023\/11\/Julian-Luca-Schaefer.jpg 1080w\" sizes=\"auto, (max-width: 1024px) 100vw, 1024px\" \/><figcaption><mark style=\"background-color:#00a668\" class=\"has-inline-color has-white-color\"> <strong>Julian-Luca Sch\u00e4fer<\/strong> <\/mark><mark style=\"background-color:rgba(0, 0, 0, 0)\" class=\"has-inline-color has-white-color\">(Magenta\/Sporttotal) <\/mark><br><sup>Foto: Sch\u00e4fer\/privat<\/sup><\/figcaption><\/figure>\n\n\n\n<figure class=\"wp-block-image size-large\"><img loading=\"lazy\" decoding=\"async\" width=\"786\" height=\"786\" data-id=\"16068\" src=\"https:\/\/kommentatorenblog.de\/wp-content\/uploads\/2023\/11\/Christian-Strassburger.jpg\" alt=\"\" class=\"wp-image-16068\" srcset=\"https:\/\/kommentatorenblog.de\/wp-content\/uploads\/2023\/11\/Christian-Strassburger.jpg 786w, https:\/\/kommentatorenblog.de\/wp-content\/uploads\/2023\/11\/Christian-Strassburger-300x300.jpg 300w, https:\/\/kommentatorenblog.de\/wp-content\/uploads\/2023\/11\/Christian-Strassburger-150x150.jpg 150w, https:\/\/kommentatorenblog.de\/wp-content\/uploads\/2023\/11\/Christian-Strassburger-768x768.jpg 768w\" sizes=\"auto, (max-width: 786px) 100vw, 786px\" \/><figcaption><mark style=\"background-color:#00a668\" class=\"has-inline-color has-white-color\"> <strong>Christian Stra\u00dfburger<\/strong> <\/mark><mark style=\"background-color:rgba(0, 0, 0, 0)\" class=\"has-inline-color has-white-color\">(Magenta\/Sky) <\/mark><br><sup>Foto: Stra\u00dfburger\/privat<\/sup><\/figcaption><\/figure>\n<\/figure>\n\n\n\n<p><strong>Beste:r Kommentator:in Europapokal <mark style=\"background-color:#00004b\" class=\"has-inline-color has-white-color\"><strong><strong style=\"font-style: italic;\"><strong><b style=\"font-style: italic;\">(<\/b><\/strong><\/strong>Nominierte<\/strong>)<\/mark><\/strong><\/p>\n\n\n\n<figure class=\"wp-block-gallery has-nested-images columns-4 is-cropped wp-block-gallery-3 is-layout-flex wp-block-gallery-is-layout-flex\">\n<figure class=\"wp-block-image size-large\"><img loading=\"lazy\" decoding=\"async\" width=\"1024\" height=\"1024\" data-id=\"16058\" src=\"http:\/\/kommentatorenblog.de\/wp-content\/uploads\/2023\/11\/Jonas-Friedrich-1024x1024.jpg\" alt=\"\" class=\"wp-image-16058\" srcset=\"https:\/\/kommentatorenblog.de\/wp-content\/uploads\/2023\/11\/Jonas-Friedrich-1024x1024.jpg 1024w, https:\/\/kommentatorenblog.de\/wp-content\/uploads\/2023\/11\/Jonas-Friedrich-300x300.jpg 300w, https:\/\/kommentatorenblog.de\/wp-content\/uploads\/2023\/11\/Jonas-Friedrich-150x150.jpg 150w, https:\/\/kommentatorenblog.de\/wp-content\/uploads\/2023\/11\/Jonas-Friedrich-768x768.jpg 768w, https:\/\/kommentatorenblog.de\/wp-content\/uploads\/2023\/11\/Jonas-Friedrich.jpg 1198w\" sizes=\"auto, (max-width: 1024px) 100vw, 1024px\" \/><figcaption><mark style=\"background-color:#00004b\" class=\"has-inline-color has-white-color\"> <strong>Jonas Friedrich <\/strong><\/mark><br><mark style=\"background-color:rgba(0, 0, 0, 0)\" class=\"has-inline-color has-white-color\">(Prime Video) <\/mark><br><sup>Foto: Sky\/A. Sch\u00e4tz<\/sup><\/figcaption><\/figure>\n\n\n\n<figure class=\"wp-block-image size-large\"><img loading=\"lazy\" decoding=\"async\" width=\"1024\" height=\"1024\" data-id=\"16074\" src=\"https:\/\/kommentatorenblog.de\/wp-content\/uploads\/2023\/11\/Marco-Hagemann-1024x1024.jpg\" alt=\"\" class=\"wp-image-16074\" srcset=\"https:\/\/kommentatorenblog.de\/wp-content\/uploads\/2023\/11\/Marco-Hagemann-1024x1024.jpg 1024w, https:\/\/kommentatorenblog.de\/wp-content\/uploads\/2023\/11\/Marco-Hagemann-300x300.jpg 300w, https:\/\/kommentatorenblog.de\/wp-content\/uploads\/2023\/11\/Marco-Hagemann-150x150.jpg 150w, https:\/\/kommentatorenblog.de\/wp-content\/uploads\/2023\/11\/Marco-Hagemann-768x768.jpg 768w, https:\/\/kommentatorenblog.de\/wp-content\/uploads\/2023\/11\/Marco-Hagemann-1536x1536.jpg 1536w, https:\/\/kommentatorenblog.de\/wp-content\/uploads\/2023\/11\/Marco-Hagemann.jpg 2000w\" sizes=\"auto, (max-width: 1024px) 100vw, 1024px\" \/><figcaption><mark style=\"background-color:#00004b\" class=\"has-inline-color has-white-color\"> <strong>Marco Hagemann<\/strong> <\/mark><br><mark style=\"background-color:rgba(0, 0, 0, 0)\" class=\"has-inline-color has-white-color\">(RTL\/DAZN) <\/mark><br><sup>Foto: DAZN<\/sup><\/figcaption><\/figure>\n\n\n\n<figure class=\"wp-block-image size-full\"><img loading=\"lazy\" decoding=\"async\" width=\"464\" height=\"464\" data-id=\"16075\" src=\"https:\/\/kommentatorenblog.de\/wp-content\/uploads\/2023\/11\/IMG_20231121_161242_712.jpg\" alt=\"\" class=\"wp-image-16075\" srcset=\"https:\/\/kommentatorenblog.de\/wp-content\/uploads\/2023\/11\/IMG_20231121_161242_712.jpg 464w, https:\/\/kommentatorenblog.de\/wp-content\/uploads\/2023\/11\/IMG_20231121_161242_712-300x300.jpg 300w, https:\/\/kommentatorenblog.de\/wp-content\/uploads\/2023\/11\/IMG_20231121_161242_712-150x150.jpg 150w\" sizes=\"auto, (max-width: 464px) 100vw, 464px\" \/><figcaption><mark style=\"background-color:#00004b\" class=\"has-inline-color has-white-color\"> <strong>Robby Hunke<\/strong> <\/mark><br><mark style=\"background-color:rgba(0, 0, 0, 0)\" class=\"has-inline-color has-white-color\">(RTL+\/NITRO.) <\/mark><br><sup>Foto: Hunke\/privat<\/sup><\/figcaption><\/figure>\n\n\n\n<figure class=\"wp-block-image size-large\"><img loading=\"lazy\" decoding=\"async\" width=\"1024\" height=\"1024\" data-id=\"16059\" src=\"http:\/\/kommentatorenblog.de\/wp-content\/uploads\/2023\/11\/Jan-Platte-1024x1024.jpg\" alt=\"\" class=\"wp-image-16059\" srcset=\"https:\/\/kommentatorenblog.de\/wp-content\/uploads\/2023\/11\/Jan-Platte-1024x1024.jpg 1024w, https:\/\/kommentatorenblog.de\/wp-content\/uploads\/2023\/11\/Jan-Platte-300x300.jpg 300w, https:\/\/kommentatorenblog.de\/wp-content\/uploads\/2023\/11\/Jan-Platte-150x150.jpg 150w, https:\/\/kommentatorenblog.de\/wp-content\/uploads\/2023\/11\/Jan-Platte-768x768.jpg 768w, https:\/\/kommentatorenblog.de\/wp-content\/uploads\/2023\/11\/Jan-Platte-1536x1536.jpg 1536w, https:\/\/kommentatorenblog.de\/wp-content\/uploads\/2023\/11\/Jan-Platte-2048x2048.jpg 2048w\" sizes=\"auto, (max-width: 1024px) 100vw, 1024px\" \/><figcaption><mark style=\"background-color:#00004b\" class=\"has-inline-color has-white-color\"> <strong>Jan Platte<\/strong> <\/mark><br><mark style=\"background-color:rgba(0, 0, 0, 0)\" class=\"has-inline-color has-white-color\">(DAZN) <\/mark><br><sup>Foto: DAZN<\/sup><\/figcaption><\/figure>\n<\/figure>\n\n\n\n<p><strong>Beste:r Kommentator:in Ausland <mark style=\"background-color:#3d195b\" class=\"has-inline-color has-white-color\"><strong><strong style=\"font-style: italic;\"><strong><b style=\"font-style: italic;\">(<\/b><\/strong><\/strong>Nominierte<\/strong>)<\/mark><\/strong><\/p>\n\n\n\n<figure class=\"wp-block-gallery has-nested-images columns-4 is-cropped wp-block-gallery-4 is-layout-flex wp-block-gallery-is-layout-flex\">\n<figure class=\"wp-block-image size-large\"><img loading=\"lazy\" decoding=\"async\" width=\"1024\" height=\"1024\" data-id=\"16077\" src=\"http:\/\/kommentatorenblog.de\/wp-content\/uploads\/2023\/11\/Carsten-Fuss-1024x1024.jpg\" alt=\"\" class=\"wp-image-16077\" srcset=\"https:\/\/kommentatorenblog.de\/wp-content\/uploads\/2023\/11\/Carsten-Fuss-1024x1024.jpg 1024w, https:\/\/kommentatorenblog.de\/wp-content\/uploads\/2023\/11\/Carsten-Fuss-300x300.jpg 300w, https:\/\/kommentatorenblog.de\/wp-content\/uploads\/2023\/11\/Carsten-Fuss-150x150.jpg 150w, https:\/\/kommentatorenblog.de\/wp-content\/uploads\/2023\/11\/Carsten-Fuss-768x768.jpg 768w, https:\/\/kommentatorenblog.de\/wp-content\/uploads\/2023\/11\/Carsten-Fuss-1536x1536.jpg 1536w, https:\/\/kommentatorenblog.de\/wp-content\/uploads\/2023\/11\/Carsten-Fuss.jpg 2000w\" sizes=\"auto, (max-width: 1024px) 100vw, 1024px\" \/><figcaption><mark style=\"background-color:#3d195b\" class=\"has-inline-color has-white-color\"> <strong>Carsten Fu\u00df<\/strong> <\/mark><br><mark style=\"background-color:rgba(0, 0, 0, 0)\" class=\"has-inline-color has-white-color\">(DAZN) <\/mark><br><sup>Foto: DAZN<\/sup><\/figcaption><\/figure>\n\n\n\n<figure class=\"wp-block-image size-full\"><img loading=\"lazy\" decoding=\"async\" width=\"1022\" height=\"1022\" data-id=\"16078\" src=\"https:\/\/kommentatorenblog.de\/wp-content\/uploads\/2023\/11\/IMG_20231121_161711_607.jpg\" alt=\"\" class=\"wp-image-16078\" srcset=\"https:\/\/kommentatorenblog.de\/wp-content\/uploads\/2023\/11\/IMG_20231121_161711_607.jpg 1022w, https:\/\/kommentatorenblog.de\/wp-content\/uploads\/2023\/11\/IMG_20231121_161711_607-300x300.jpg 300w, https:\/\/kommentatorenblog.de\/wp-content\/uploads\/2023\/11\/IMG_20231121_161711_607-150x150.jpg 150w, https:\/\/kommentatorenblog.de\/wp-content\/uploads\/2023\/11\/IMG_20231121_161711_607-768x768.jpg 768w\" sizes=\"auto, (max-width: 1022px) 100vw, 1022px\" \/><figcaption><mark style=\"background-color:#3d195b\" class=\"has-inline-color has-white-color\"> <strong>Joachim Hebel<\/strong> <\/mark><br><mark style=\"background-color:rgba(0, 0, 0, 0)\" class=\"has-inline-color has-white-color\">(Sky) <\/mark><br><sup>Foto: At Broski Show<\/sup><\/figcaption><\/figure>\n\n\n\n<figure class=\"wp-block-image size-full\"><img loading=\"lazy\" decoding=\"async\" width=\"720\" height=\"720\" data-id=\"16079\" src=\"https:\/\/kommentatorenblog.de\/wp-content\/uploads\/2023\/11\/Uli-Hebel.jpg\" alt=\"\" class=\"wp-image-16079\" srcset=\"https:\/\/kommentatorenblog.de\/wp-content\/uploads\/2023\/11\/Uli-Hebel.jpg 720w, https:\/\/kommentatorenblog.de\/wp-content\/uploads\/2023\/11\/Uli-Hebel-300x300.jpg 300w, https:\/\/kommentatorenblog.de\/wp-content\/uploads\/2023\/11\/Uli-Hebel-150x150.jpg 150w\" sizes=\"auto, (max-width: 720px) 100vw, 720px\" \/><figcaption><mark style=\"background-color:#3d195b\" class=\"has-inline-color has-white-color\"> <strong>Uli Hebel<\/strong> <\/mark><br><mark style=\"background-color:rgba(0, 0, 0, 0)\" class=\"has-inline-color has-white-color\">(Sky\/DAZN) <\/mark><br><sup>Foto: Hebel\/privat<\/sup><\/figcaption><\/figure>\n\n\n\n<figure class=\"wp-block-image size-large\"><img loading=\"lazy\" decoding=\"async\" width=\"1024\" height=\"1024\" data-id=\"16080\" src=\"https:\/\/kommentatorenblog.de\/wp-content\/uploads\/2023\/11\/SKY_MODERATOREN_180821_434_ret-1024x1024.jpg\" alt=\"\" class=\"wp-image-16080\" srcset=\"https:\/\/kommentatorenblog.de\/wp-content\/uploads\/2023\/11\/SKY_MODERATOREN_180821_434_ret-1024x1024.jpg 1024w, https:\/\/kommentatorenblog.de\/wp-content\/uploads\/2023\/11\/SKY_MODERATOREN_180821_434_ret-300x300.jpg 300w, https:\/\/kommentatorenblog.de\/wp-content\/uploads\/2023\/11\/SKY_MODERATOREN_180821_434_ret-150x150.jpg 150w, https:\/\/kommentatorenblog.de\/wp-content\/uploads\/2023\/11\/SKY_MODERATOREN_180821_434_ret-768x768.jpg 768w, https:\/\/kommentatorenblog.de\/wp-content\/uploads\/2023\/11\/SKY_MODERATOREN_180821_434_ret-1536x1536.jpg 1536w, https:\/\/kommentatorenblog.de\/wp-content\/uploads\/2023\/11\/SKY_MODERATOREN_180821_434_ret-2048x2048.jpg 2048w\" sizes=\"auto, (max-width: 1024px) 100vw, 1024px\" \/><figcaption><mark style=\"background-color:#3d195b\" class=\"has-inline-color has-white-color\"> <strong>Florian Schmidt-Sommerfeld<\/strong> <\/mark><br><mark style=\"background-color:rgba(0, 0, 0, 0)\" class=\"has-inline-color has-white-color\">(Sky) <\/mark><br><sup>Foto: Sky\/A. Sch\u00e4tz<\/sup><\/figcaption><\/figure>\n<\/figure>\n\n\n\n<p><strong>Beste:r Kommentator:in L\u00e4nderspiele <mark style=\"background-color:#636940\" class=\"has-inline-color has-white-color\"><strong><strong style=\"font-style: italic;\"><strong><b style=\"font-style: italic;\">(<\/b><\/strong><\/strong>Nominierte<\/strong>)<\/mark><\/strong><\/p>\n\n\n\n<figure class=\"wp-block-gallery has-nested-images columns-4 is-cropped wp-block-gallery-5 is-layout-flex wp-block-gallery-is-layout-flex\">\n<figure class=\"wp-block-image size-large\"><img loading=\"lazy\" decoding=\"async\" width=\"1024\" height=\"1024\" data-id=\"16082\" src=\"https:\/\/kommentatorenblog.de\/wp-content\/uploads\/2023\/11\/Stephanie-Baczyk-1024x1024.png\" alt=\"\" class=\"wp-image-16082\" srcset=\"https:\/\/kommentatorenblog.de\/wp-content\/uploads\/2023\/11\/Stephanie-Baczyk-1024x1024.png 1024w, https:\/\/kommentatorenblog.de\/wp-content\/uploads\/2023\/11\/Stephanie-Baczyk-300x300.png 300w, https:\/\/kommentatorenblog.de\/wp-content\/uploads\/2023\/11\/Stephanie-Baczyk-150x150.png 150w, https:\/\/kommentatorenblog.de\/wp-content\/uploads\/2023\/11\/Stephanie-Baczyk-768x768.png 768w, https:\/\/kommentatorenblog.de\/wp-content\/uploads\/2023\/11\/Stephanie-Baczyk.png 1440w\" sizes=\"auto, (max-width: 1024px) 100vw, 1024px\" \/><figcaption><mark style=\"background-color:#636940\" class=\"has-inline-color has-white-color\"> <strong>Stephanie Baczyk<\/strong><\/mark><br><mark style=\"background-color:rgba(0, 0, 0, 0)\" class=\"has-inline-color has-white-color\">(ARD) <\/mark><br><sup>Foto: Baczyk\/privat<\/sup><\/figcaption><\/figure>\n\n\n\n<figure class=\"wp-block-image size-large\"><img loading=\"lazy\" decoding=\"async\" width=\"1024\" height=\"1024\" data-id=\"16083\" src=\"https:\/\/kommentatorenblog.de\/wp-content\/uploads\/2023\/11\/Tom-Bartels-1024x1024.jpg\" alt=\"\" class=\"wp-image-16083\" srcset=\"https:\/\/kommentatorenblog.de\/wp-content\/uploads\/2023\/11\/Tom-Bartels-1024x1024.jpg 1024w, https:\/\/kommentatorenblog.de\/wp-content\/uploads\/2023\/11\/Tom-Bartels-300x300.jpg 300w, https:\/\/kommentatorenblog.de\/wp-content\/uploads\/2023\/11\/Tom-Bartels-150x150.jpg 150w, https:\/\/kommentatorenblog.de\/wp-content\/uploads\/2023\/11\/Tom-Bartels-768x768.jpg 768w, https:\/\/kommentatorenblog.de\/wp-content\/uploads\/2023\/11\/Tom-Bartels-1536x1536.jpg 1536w, https:\/\/kommentatorenblog.de\/wp-content\/uploads\/2023\/11\/Tom-Bartels.jpg 1949w\" sizes=\"auto, (max-width: 1024px) 100vw, 1024px\" \/><figcaption><mark style=\"background-color:#636940\" class=\"has-inline-color has-white-color\"> <strong>Tom Bartels<\/strong><\/mark><br><mark style=\"background-color:rgba(0, 0, 0, 0)\" class=\"has-inline-color has-white-color\">(ARD) <\/mark><br><sup>Foto: SWR\/Christian Koch<\/sup><\/figcaption><\/figure>\n\n\n\n<figure class=\"wp-block-image size-large\"><img loading=\"lazy\" decoding=\"async\" width=\"1024\" height=\"1024\" data-id=\"16074\" src=\"http:\/\/kommentatorenblog.de\/wp-content\/uploads\/2023\/11\/Marco-Hagemann-1024x1024.jpg\" alt=\"\" class=\"wp-image-16074\" srcset=\"https:\/\/kommentatorenblog.de\/wp-content\/uploads\/2023\/11\/Marco-Hagemann-1024x1024.jpg 1024w, https:\/\/kommentatorenblog.de\/wp-content\/uploads\/2023\/11\/Marco-Hagemann-300x300.jpg 300w, https:\/\/kommentatorenblog.de\/wp-content\/uploads\/2023\/11\/Marco-Hagemann-150x150.jpg 150w, https:\/\/kommentatorenblog.de\/wp-content\/uploads\/2023\/11\/Marco-Hagemann-768x768.jpg 768w, https:\/\/kommentatorenblog.de\/wp-content\/uploads\/2023\/11\/Marco-Hagemann-1536x1536.jpg 1536w, https:\/\/kommentatorenblog.de\/wp-content\/uploads\/2023\/11\/Marco-Hagemann.jpg 2000w\" sizes=\"auto, (max-width: 1024px) 100vw, 1024px\" \/><figcaption><mark style=\"background-color:#636940\" class=\"has-inline-color has-white-color\"><mark style=\"background-color:#636940\" class=\"has-inline-color has-white-color\"> <strong>Marco Hagemann <\/strong><\/mark><\/mark><br><mark style=\"background-color:rgba(0, 0, 0, 0)\" class=\"has-inline-color has-white-color\">(RTL) <\/mark><br><sup>Foto: DAZN<\/sup><\/figcaption><\/figure>\n\n\n\n<figure class=\"wp-block-image size-full\"><img loading=\"lazy\" decoding=\"async\" width=\"464\" height=\"464\" data-id=\"16075\" src=\"http:\/\/kommentatorenblog.de\/wp-content\/uploads\/2023\/11\/IMG_20231121_161242_712.jpg\" alt=\"\" class=\"wp-image-16075\" srcset=\"https:\/\/kommentatorenblog.de\/wp-content\/uploads\/2023\/11\/IMG_20231121_161242_712.jpg 464w, https:\/\/kommentatorenblog.de\/wp-content\/uploads\/2023\/11\/IMG_20231121_161242_712-300x300.jpg 300w, https:\/\/kommentatorenblog.de\/wp-content\/uploads\/2023\/11\/IMG_20231121_161242_712-150x150.jpg 150w\" sizes=\"auto, (max-width: 464px) 100vw, 464px\" \/><figcaption><mark style=\"background-color:#636940\" class=\"has-inline-color has-white-color\"><mark style=\"background-color:#636940\" class=\"has-inline-color has-white-color\"> <strong>Robby Hunke <\/strong><\/mark><\/mark><br><mark style=\"background-color:rgba(0, 0, 0, 0)\" class=\"has-inline-color has-white-color\">(NITRO.) <\/mark><br><sup>Foto: Hunke\/privat<\/sup><\/figcaption><\/figure>\n<\/figure>\n\n\n\n<p><strong>Beste:r Konferenzkommentator:in <mark style=\"background-color:#f18805\" class=\"has-inline-color has-white-color\"><strong><strong style=\"font-style: italic;\"><strong><b style=\"font-style: italic;\">(<\/b><\/strong><\/strong>Nominierte<\/strong>)<\/mark><\/strong><\/p>\n\n\n\n<figure class=\"wp-block-gallery has-nested-images columns-4 is-cropped wp-block-gallery-6 is-layout-flex wp-block-gallery-is-layout-flex\">\n<figure class=\"wp-block-image size-large\"><img loading=\"lazy\" decoding=\"async\" width=\"1024\" height=\"1024\" data-id=\"16086\" src=\"https:\/\/kommentatorenblog.de\/wp-content\/uploads\/2023\/11\/Frank-Buschmann-1-1024x1024.jpg\" alt=\"\" class=\"wp-image-16086\" srcset=\"https:\/\/kommentatorenblog.de\/wp-content\/uploads\/2023\/11\/Frank-Buschmann-1-1024x1024.jpg 1024w, https:\/\/kommentatorenblog.de\/wp-content\/uploads\/2023\/11\/Frank-Buschmann-1-300x300.jpg 300w, https:\/\/kommentatorenblog.de\/wp-content\/uploads\/2023\/11\/Frank-Buschmann-1-150x150.jpg 150w, https:\/\/kommentatorenblog.de\/wp-content\/uploads\/2023\/11\/Frank-Buschmann-1-768x768.jpg 768w, https:\/\/kommentatorenblog.de\/wp-content\/uploads\/2023\/11\/Frank-Buschmann-1.jpg 1170w\" sizes=\"auto, (max-width: 1024px) 100vw, 1024px\" \/><figcaption><mark style=\"background-color:#f18805\" class=\"has-inline-color has-white-color\"> <strong>Frank Buschmann <\/strong><\/mark><br><mark style=\"background-color:rgba(0, 0, 0, 0)\" class=\"has-inline-color has-white-color\">(Sky) <\/mark><br><sup>Foto: Buschmann\/privat<\/sup><\/figcaption><\/figure>\n\n\n\n<figure class=\"wp-block-image size-large\"><img loading=\"lazy\" decoding=\"async\" width=\"1024\" height=\"1024\" data-id=\"16124\" src=\"https:\/\/kommentatorenblog.de\/wp-content\/uploads\/2023\/11\/Kai-Dittmann-1024x1024.jpg\" alt=\"\" class=\"wp-image-16124\" srcset=\"https:\/\/kommentatorenblog.de\/wp-content\/uploads\/2023\/11\/Kai-Dittmann-1024x1024.jpg 1024w, https:\/\/kommentatorenblog.de\/wp-content\/uploads\/2023\/11\/Kai-Dittmann-300x300.jpg 300w, https:\/\/kommentatorenblog.de\/wp-content\/uploads\/2023\/11\/Kai-Dittmann-150x150.jpg 150w, https:\/\/kommentatorenblog.de\/wp-content\/uploads\/2023\/11\/Kai-Dittmann-768x768.jpg 768w, https:\/\/kommentatorenblog.de\/wp-content\/uploads\/2023\/11\/Kai-Dittmann.jpg 1297w\" sizes=\"auto, (max-width: 1024px) 100vw, 1024px\" \/><figcaption><mark style=\"background-color:#f18805\" class=\"has-inline-color has-white-color\"> <strong>Kai Dittmann <\/strong><\/mark><br><mark style=\"background-color:rgba(0, 0, 0, 0)\" class=\"has-inline-color has-white-color\">(Sky) <\/mark><br><sup>Foto: Sky\/A. Sch\u00e4tz<\/sup><\/figcaption><\/figure>\n\n\n\n<figure class=\"wp-block-image size-full\"><img loading=\"lazy\" decoding=\"async\" width=\"768\" height=\"768\" data-id=\"16125\" src=\"https:\/\/kommentatorenblog.de\/wp-content\/uploads\/2023\/11\/Hansi-Kuepper.jpg\" alt=\"\" class=\"wp-image-16125\" srcset=\"https:\/\/kommentatorenblog.de\/wp-content\/uploads\/2023\/11\/Hansi-Kuepper.jpg 768w, https:\/\/kommentatorenblog.de\/wp-content\/uploads\/2023\/11\/Hansi-Kuepper-300x300.jpg 300w, https:\/\/kommentatorenblog.de\/wp-content\/uploads\/2023\/11\/Hansi-Kuepper-150x150.jpg 150w\" sizes=\"auto, (max-width: 768px) 100vw, 768px\" \/><figcaption><mark style=\"background-color:#f18805\" class=\"has-inline-color has-white-color\"> <strong>Hansi K\u00fcpper <\/strong><\/mark><br><mark style=\"background-color:rgba(0, 0, 0, 0)\" class=\"has-inline-color has-white-color\">(Sky) <\/mark><br><sup>Foto: K\u00fcpper\/privat<\/sup><\/figcaption><\/figure>\n\n\n\n<figure class=\"wp-block-image size-large\"><img loading=\"lazy\" decoding=\"async\" width=\"1024\" height=\"1024\" data-id=\"16080\" src=\"http:\/\/kommentatorenblog.de\/wp-content\/uploads\/2023\/11\/SKY_MODERATOREN_180821_434_ret-1024x1024.jpg\" alt=\"\" class=\"wp-image-16080\" srcset=\"https:\/\/kommentatorenblog.de\/wp-content\/uploads\/2023\/11\/SKY_MODERATOREN_180821_434_ret-1024x1024.jpg 1024w, https:\/\/kommentatorenblog.de\/wp-content\/uploads\/2023\/11\/SKY_MODERATOREN_180821_434_ret-300x300.jpg 300w, https:\/\/kommentatorenblog.de\/wp-content\/uploads\/2023\/11\/SKY_MODERATOREN_180821_434_ret-150x150.jpg 150w, https:\/\/kommentatorenblog.de\/wp-content\/uploads\/2023\/11\/SKY_MODERATOREN_180821_434_ret-768x768.jpg 768w, https:\/\/kommentatorenblog.de\/wp-content\/uploads\/2023\/11\/SKY_MODERATOREN_180821_434_ret-1536x1536.jpg 1536w, https:\/\/kommentatorenblog.de\/wp-content\/uploads\/2023\/11\/SKY_MODERATOREN_180821_434_ret-2048x2048.jpg 2048w\" sizes=\"auto, (max-width: 1024px) 100vw, 1024px\" \/><figcaption><mark style=\"background-color:#f18805\" class=\"has-inline-color has-white-color\"> <strong>Florian Schmidt-Sommerfeld <\/strong><\/mark><br><mark style=\"background-color:rgba(0, 0, 0, 0)\" class=\"has-inline-color has-white-color\">(Sky) <\/mark><br><sup>Foto: Sky\/A. Sch\u00e4tz<\/sup><\/figcaption><\/figure>\n<\/figure>\n\n\n\n<p><strong>Beste:r Co-Kommentator:in <mark style=\"background-color:#808a9f\" class=\"has-inline-color has-white-color\"><strong><strong style=\"font-style: italic;\"><strong><b style=\"font-style: italic;\">(<\/b><\/strong><\/strong>Nominierte<\/strong>)<\/mark><\/strong><\/p>\n\n\n\n<figure class=\"wp-block-gallery has-nested-images columns-4 is-cropped wp-block-gallery-7 is-layout-flex wp-block-gallery-is-layout-flex\">\n<figure class=\"wp-block-image size-full\"><img loading=\"lazy\" decoding=\"async\" width=\"786\" height=\"786\" data-id=\"16089\" src=\"https:\/\/kommentatorenblog.de\/wp-content\/uploads\/2023\/11\/Sebastian-Kneissl.jpg\" alt=\"\" class=\"wp-image-16089\" srcset=\"https:\/\/kommentatorenblog.de\/wp-content\/uploads\/2023\/11\/Sebastian-Kneissl.jpg 786w, https:\/\/kommentatorenblog.de\/wp-content\/uploads\/2023\/11\/Sebastian-Kneissl-300x300.jpg 300w, https:\/\/kommentatorenblog.de\/wp-content\/uploads\/2023\/11\/Sebastian-Kneissl-150x150.jpg 150w, https:\/\/kommentatorenblog.de\/wp-content\/uploads\/2023\/11\/Sebastian-Kneissl-768x768.jpg 768w\" sizes=\"auto, (max-width: 786px) 100vw, 786px\" \/><figcaption><mark style=\"background-color:#808a9f\" class=\"has-inline-color has-white-color\"> <strong>Sebastian Knei\u00dfl <\/strong><\/mark><br><mark style=\"background-color:rgba(0, 0, 0, 0)\" class=\"has-inline-color has-white-color\">(DAZN) <\/mark><br><sup>Foto: Luca Weigand<\/sup><\/figcaption><\/figure>\n\n\n\n<figure class=\"wp-block-image size-large\"><img loading=\"lazy\" decoding=\"async\" width=\"1024\" height=\"1024\" data-id=\"16087\" src=\"https:\/\/kommentatorenblog.de\/wp-content\/uploads\/2023\/11\/Torsten-Mattuschka-1024x1024.jpg\" alt=\"\" class=\"wp-image-16087\" srcset=\"https:\/\/kommentatorenblog.de\/wp-content\/uploads\/2023\/11\/Torsten-Mattuschka-1024x1024.jpg 1024w, https:\/\/kommentatorenblog.de\/wp-content\/uploads\/2023\/11\/Torsten-Mattuschka-300x300.jpg 300w, https:\/\/kommentatorenblog.de\/wp-content\/uploads\/2023\/11\/Torsten-Mattuschka-150x150.jpg 150w, https:\/\/kommentatorenblog.de\/wp-content\/uploads\/2023\/11\/Torsten-Mattuschka-768x768.jpg 768w, https:\/\/kommentatorenblog.de\/wp-content\/uploads\/2023\/11\/Torsten-Mattuschka-1536x1536.jpg 1536w, https:\/\/kommentatorenblog.de\/wp-content\/uploads\/2023\/11\/Torsten-Mattuschka-2048x2048.jpg 2048w\" sizes=\"auto, (max-width: 1024px) 100vw, 1024px\" \/><figcaption><mark style=\"background-color:#808a9f\" class=\"has-inline-color has-white-color\"> <strong>Torsten Mattuschka <\/strong><\/mark><br><mark style=\"background-color:rgba(0, 0, 0, 0)\" class=\"has-inline-color has-white-color\">(Sky) <\/mark><br><sup>Foto: Sky\/Mike Meyer<\/sup><\/figcaption><\/figure>\n\n\n\n<figure class=\"wp-block-image size-full\"><img loading=\"lazy\" decoding=\"async\" width=\"720\" height=\"720\" data-id=\"16126\" src=\"https:\/\/kommentatorenblog.de\/wp-content\/uploads\/2023\/11\/Rachel-Rinast.jpg\" alt=\"\" class=\"wp-image-16126\" srcset=\"https:\/\/kommentatorenblog.de\/wp-content\/uploads\/2023\/11\/Rachel-Rinast.jpg 720w, https:\/\/kommentatorenblog.de\/wp-content\/uploads\/2023\/11\/Rachel-Rinast-300x300.jpg 300w, https:\/\/kommentatorenblog.de\/wp-content\/uploads\/2023\/11\/Rachel-Rinast-150x150.jpg 150w\" sizes=\"auto, (max-width: 720px) 100vw, 720px\" \/><figcaption><mark style=\"background-color:#808a9f\" class=\"has-inline-color has-white-color\"> <strong>Rachel Rinast <\/strong><\/mark><br><mark style=\"background-color:rgba(0, 0, 0, 0)\" class=\"has-inline-color has-white-color\">(ProSieben MAXX\/DAZN) <\/mark><br><sup>Foto: Rinast\/privat<\/sup><\/figcaption><\/figure>\n\n\n\n<figure class=\"wp-block-image size-large\"><img loading=\"lazy\" decoding=\"async\" width=\"1024\" height=\"1024\" data-id=\"16088\" src=\"https:\/\/kommentatorenblog.de\/wp-content\/uploads\/2023\/11\/Sandro-Wagner-1024x1024.jpg\" alt=\"\" class=\"wp-image-16088\" srcset=\"https:\/\/kommentatorenblog.de\/wp-content\/uploads\/2023\/11\/Sandro-Wagner-1024x1024.jpg 1024w, https:\/\/kommentatorenblog.de\/wp-content\/uploads\/2023\/11\/Sandro-Wagner-300x300.jpg 300w, https:\/\/kommentatorenblog.de\/wp-content\/uploads\/2023\/11\/Sandro-Wagner-150x150.jpg 150w, https:\/\/kommentatorenblog.de\/wp-content\/uploads\/2023\/11\/Sandro-Wagner-768x768.jpg 768w, https:\/\/kommentatorenblog.de\/wp-content\/uploads\/2023\/11\/Sandro-Wagner-1536x1536.jpg 1536w, https:\/\/kommentatorenblog.de\/wp-content\/uploads\/2023\/11\/Sandro-Wagner-2048x2048.jpg 2048w\" sizes=\"auto, (max-width: 1024px) 100vw, 1024px\" \/><figcaption><mark style=\"background-color:#808a9f\" class=\"has-inline-color has-white-color\"> <strong>Sandro Wagner <\/strong><\/mark><br><mark style=\"background-color:rgba(0, 0, 0, 0)\" class=\"has-inline-color has-white-color\">(DAZN\/ZDF) <\/mark><br><sup>Foto: DAZN<\/sup><\/figcaption><\/figure>\n<\/figure>\n\n\n\n<p><strong>Bestes Kommentatorenduo <mark style=\"background-color:#326771\" class=\"has-inline-color has-white-color\"><strong><strong style=\"font-style: italic;\"><strong><b style=\"font-style: italic;\">(<\/b><\/strong><\/strong>Nominierte<\/strong>)<\/mark><\/strong><\/p>\n\n\n\n<figure class=\"wp-block-gallery has-nested-images columns-4 is-cropped wp-block-gallery-8 is-layout-flex wp-block-gallery-is-layout-flex\">\n<figure class=\"wp-block-image size-full\"><img loading=\"lazy\" decoding=\"async\" width=\"591\" height=\"591\" data-id=\"16116\" src=\"https:\/\/kommentatorenblog.de\/wp-content\/uploads\/2023\/11\/Wolff-Fuss_Lothar-Matthaeus.png\" alt=\"\" class=\"wp-image-16116\" srcset=\"https:\/\/kommentatorenblog.de\/wp-content\/uploads\/2023\/11\/Wolff-Fuss_Lothar-Matthaeus.png 591w, https:\/\/kommentatorenblog.de\/wp-content\/uploads\/2023\/11\/Wolff-Fuss_Lothar-Matthaeus-300x300.png 300w, https:\/\/kommentatorenblog.de\/wp-content\/uploads\/2023\/11\/Wolff-Fuss_Lothar-Matthaeus-150x150.png 150w\" sizes=\"auto, (max-width: 591px) 100vw, 591px\" \/><figcaption><mark style=\"background-color:#326771\" class=\"has-inline-color has-white-color\"> <strong>Wolff Fuss &amp; <\/strong><\/mark><br><mark style=\"background-color:#326771\" class=\"has-inline-color has-white-color\"><strong>Lothar Matth\u00e4us <\/strong><\/mark><br><mark style=\"background-color:rgba(0, 0, 0, 0)\" class=\"has-inline-color has-white-color\">(Sky) <\/mark><br><sup>F.: Sky\/A.Sch\u00e4tz, M.Meyer<\/sup><\/figcaption><\/figure>\n\n\n\n<figure class=\"wp-block-image size-large\"><img loading=\"lazy\" decoding=\"async\" width=\"1024\" height=\"1024\" data-id=\"16118\" src=\"https:\/\/kommentatorenblog.de\/wp-content\/uploads\/2023\/11\/Marco-Hagemann-Steffen-Freund-1024x1024.jpg\" alt=\"\" class=\"wp-image-16118\" srcset=\"https:\/\/kommentatorenblog.de\/wp-content\/uploads\/2023\/11\/Marco-Hagemann-Steffen-Freund-1024x1024.jpg 1024w, https:\/\/kommentatorenblog.de\/wp-content\/uploads\/2023\/11\/Marco-Hagemann-Steffen-Freund-300x300.jpg 300w, https:\/\/kommentatorenblog.de\/wp-content\/uploads\/2023\/11\/Marco-Hagemann-Steffen-Freund-150x150.jpg 150w, https:\/\/kommentatorenblog.de\/wp-content\/uploads\/2023\/11\/Marco-Hagemann-Steffen-Freund-768x768.jpg 768w, https:\/\/kommentatorenblog.de\/wp-content\/uploads\/2023\/11\/Marco-Hagemann-Steffen-Freund-1536x1536.jpg 1536w, https:\/\/kommentatorenblog.de\/wp-content\/uploads\/2023\/11\/Marco-Hagemann-Steffen-Freund.jpg 1608w\" sizes=\"auto, (max-width: 1024px) 100vw, 1024px\" \/><figcaption><mark style=\"background-color:#326771\" class=\"has-inline-color has-white-color\"> <strong>Marco Hagemann &amp; <\/strong><\/mark><br><mark style=\"background-color:#326771\" class=\"has-inline-color has-white-color\"><strong>Steffen Freund <\/strong><\/mark><br><mark style=\"background-color:rgba(0, 0, 0, 0)\" class=\"has-inline-color has-white-color\">(RTL) <\/mark><br><sup>Foto: RTL\/J\u00f6rg Carstensen<\/sup><\/figcaption><\/figure>\n\n\n\n<figure class=\"wp-block-image size-full\"><img loading=\"lazy\" decoding=\"async\" width=\"591\" height=\"591\" data-id=\"16117\" src=\"https:\/\/kommentatorenblog.de\/wp-content\/uploads\/2023\/11\/Stefan-Hempel_Torsten-Mattuschka.png\" alt=\"\" class=\"wp-image-16117\" srcset=\"https:\/\/kommentatorenblog.de\/wp-content\/uploads\/2023\/11\/Stefan-Hempel_Torsten-Mattuschka.png 591w, https:\/\/kommentatorenblog.de\/wp-content\/uploads\/2023\/11\/Stefan-Hempel_Torsten-Mattuschka-300x300.png 300w, https:\/\/kommentatorenblog.de\/wp-content\/uploads\/2023\/11\/Stefan-Hempel_Torsten-Mattuschka-150x150.png 150w\" sizes=\"auto, (max-width: 591px) 100vw, 591px\" \/><figcaption><mark style=\"background-color:#326771\" class=\"has-inline-color has-white-color\"> <strong>Stefan Hempel &amp; <\/strong><\/mark><br><mark style=\"background-color:#326771\" class=\"has-inline-color has-white-color\"><strong>Torsten Mattuschka <\/strong><\/mark><br><mark style=\"background-color:rgba(0, 0, 0, 0)\" class=\"has-inline-color has-white-color\">(Sky) <\/mark><br><sup>Fotos: Sky\/Mike Meyer<\/sup><\/figcaption><\/figure>\n\n\n\n<figure class=\"wp-block-image size-large\"><img loading=\"lazy\" decoding=\"async\" width=\"1024\" height=\"1024\" data-id=\"16119\" src=\"https:\/\/kommentatorenblog.de\/wp-content\/uploads\/2023\/11\/Robby-Hunke_Patrick-Helmes-1024x1024.jpg\" alt=\"\" class=\"wp-image-16119\" srcset=\"https:\/\/kommentatorenblog.de\/wp-content\/uploads\/2023\/11\/Robby-Hunke_Patrick-Helmes-1024x1024.jpg 1024w, https:\/\/kommentatorenblog.de\/wp-content\/uploads\/2023\/11\/Robby-Hunke_Patrick-Helmes-300x300.jpg 300w, https:\/\/kommentatorenblog.de\/wp-content\/uploads\/2023\/11\/Robby-Hunke_Patrick-Helmes-150x150.jpg 150w, https:\/\/kommentatorenblog.de\/wp-content\/uploads\/2023\/11\/Robby-Hunke_Patrick-Helmes-768x768.jpg 768w, https:\/\/kommentatorenblog.de\/wp-content\/uploads\/2023\/11\/Robby-Hunke_Patrick-Helmes.jpg 1170w\" sizes=\"auto, (max-width: 1024px) 100vw, 1024px\" \/><figcaption><mark style=\"background-color:#326771\" class=\"has-inline-color has-white-color\"> <strong>Robby Hunke &amp; <\/strong><\/mark><br><mark style=\"background-color:#326771\" class=\"has-inline-color has-white-color\"><strong>Patrick Helmes <\/strong><\/mark><br><mark style=\"background-color:rgba(0, 0, 0, 0)\" class=\"has-inline-color has-white-color\">(RTL+\/NITRO.) <\/mark><br><sup>Fotos: Hunke\/privat<\/sup><\/figcaption><\/figure>\n<\/figure>\n\n\n\n<p><strong>Beste:r Experte\/Expertin <mark style=\"background-color:#30011e\" class=\"has-inline-color has-white-color\"><strong><strong style=\"font-style: italic;\"><strong><b style=\"font-style: italic;\">(<\/b><\/strong><\/strong>Nominierte<\/strong>)<\/mark><\/strong><\/p>\n\n\n\n<figure class=\"wp-block-gallery has-nested-images columns-4 is-cropped wp-block-gallery-9 is-layout-flex wp-block-gallery-is-layout-flex\">\n<figure class=\"wp-block-image size-full\"><img loading=\"lazy\" decoding=\"async\" width=\"786\" height=\"786\" data-id=\"16089\" src=\"https:\/\/kommentatorenblog.de\/wp-content\/uploads\/2023\/11\/Sebastian-Kneissl.jpg\" alt=\"\" class=\"wp-image-16089\" srcset=\"https:\/\/kommentatorenblog.de\/wp-content\/uploads\/2023\/11\/Sebastian-Kneissl.jpg 786w, https:\/\/kommentatorenblog.de\/wp-content\/uploads\/2023\/11\/Sebastian-Kneissl-300x300.jpg 300w, https:\/\/kommentatorenblog.de\/wp-content\/uploads\/2023\/11\/Sebastian-Kneissl-150x150.jpg 150w, https:\/\/kommentatorenblog.de\/wp-content\/uploads\/2023\/11\/Sebastian-Kneissl-768x768.jpg 768w\" sizes=\"auto, (max-width: 786px) 100vw, 786px\" \/><figcaption><mark style=\"background-color:#30011e\" class=\"has-inline-color has-white-color\"> <strong>Sebastian Knei\u00dfl <\/strong><\/mark><br><mark style=\"background-color:rgba(0, 0, 0, 0)\" class=\"has-inline-color has-white-color\">(DAZN) <\/mark><br><sup>Foto: Luca Weigand<\/sup><\/figcaption><\/figure>\n\n\n\n<figure class=\"wp-block-image size-large\"><img loading=\"lazy\" decoding=\"async\" width=\"1024\" height=\"1024\" data-id=\"16121\" src=\"https:\/\/kommentatorenblog.de\/wp-content\/uploads\/2023\/11\/Lothar-Matthaeus-1024x1024.jpg\" alt=\"\" class=\"wp-image-16121\" srcset=\"https:\/\/kommentatorenblog.de\/wp-content\/uploads\/2023\/11\/Lothar-Matthaeus-1024x1024.jpg 1024w, https:\/\/kommentatorenblog.de\/wp-content\/uploads\/2023\/11\/Lothar-Matthaeus-300x300.jpg 300w, https:\/\/kommentatorenblog.de\/wp-content\/uploads\/2023\/11\/Lothar-Matthaeus-150x150.jpg 150w, https:\/\/kommentatorenblog.de\/wp-content\/uploads\/2023\/11\/Lothar-Matthaeus-768x768.jpg 768w, https:\/\/kommentatorenblog.de\/wp-content\/uploads\/2023\/11\/Lothar-Matthaeus-1536x1536.jpg 1536w, https:\/\/kommentatorenblog.de\/wp-content\/uploads\/2023\/11\/Lothar-Matthaeus-2048x2048.jpg 2048w\" sizes=\"auto, (max-width: 1024px) 100vw, 1024px\" \/><figcaption><mark style=\"background-color:#30011e\" class=\"has-inline-color has-white-color\"> <strong>Lothar Matth\u00e4us <\/strong><\/mark><br><mark style=\"background-color:rgba(0, 0, 0, 0)\" class=\"has-inline-color has-white-color\">(Sky\/RTL) <\/mark><br><sup>Foto: Sky\/A. Sch\u00e4tz<\/sup><\/figcaption><\/figure>\n\n\n\n<figure class=\"wp-block-image size-large\"><img loading=\"lazy\" decoding=\"async\" width=\"1024\" height=\"1024\" data-id=\"16122\" src=\"https:\/\/kommentatorenblog.de\/wp-content\/uploads\/2023\/11\/Almuth-Schult-1024x1024.jpg\" alt=\"\" class=\"wp-image-16122\" srcset=\"https:\/\/kommentatorenblog.de\/wp-content\/uploads\/2023\/11\/Almuth-Schult-1024x1024.jpg 1024w, https:\/\/kommentatorenblog.de\/wp-content\/uploads\/2023\/11\/Almuth-Schult-300x300.jpg 300w, https:\/\/kommentatorenblog.de\/wp-content\/uploads\/2023\/11\/Almuth-Schult-150x150.jpg 150w, https:\/\/kommentatorenblog.de\/wp-content\/uploads\/2023\/11\/Almuth-Schult-768x768.jpg 768w, https:\/\/kommentatorenblog.de\/wp-content\/uploads\/2023\/11\/Almuth-Schult.jpg 1500w\" sizes=\"auto, (max-width: 1024px) 100vw, 1024px\" \/><figcaption><mark style=\"background-color:#30011e\" class=\"has-inline-color has-white-color\"> <strong>Almuth Schult <\/strong><\/mark><br><mark style=\"background-color:rgba(0, 0, 0, 0)\" class=\"has-inline-color has-white-color\">(ARD\/DAZN) <\/mark><br><sup>Foto: WDR\/Guido Rottmann<\/sup><\/figcaption><\/figure>\n\n\n\n<figure class=\"wp-block-image size-large\"><img loading=\"lazy\" decoding=\"async\" width=\"1024\" height=\"1024\" data-id=\"16088\" src=\"https:\/\/kommentatorenblog.de\/wp-content\/uploads\/2023\/11\/Sandro-Wagner-1024x1024.jpg\" alt=\"\" class=\"wp-image-16088\" srcset=\"https:\/\/kommentatorenblog.de\/wp-content\/uploads\/2023\/11\/Sandro-Wagner-1024x1024.jpg 1024w, https:\/\/kommentatorenblog.de\/wp-content\/uploads\/2023\/11\/Sandro-Wagner-300x300.jpg 300w, https:\/\/kommentatorenblog.de\/wp-content\/uploads\/2023\/11\/Sandro-Wagner-150x150.jpg 150w, https:\/\/kommentatorenblog.de\/wp-content\/uploads\/2023\/11\/Sandro-Wagner-768x768.jpg 768w, https:\/\/kommentatorenblog.de\/wp-content\/uploads\/2023\/11\/Sandro-Wagner-1536x1536.jpg 1536w, https:\/\/kommentatorenblog.de\/wp-content\/uploads\/2023\/11\/Sandro-Wagner-2048x2048.jpg 2048w\" sizes=\"auto, (max-width: 1024px) 100vw, 1024px\" \/><figcaption><mark style=\"background-color:#30011e\" class=\"has-inline-color has-white-color\"> <strong>Sandro Wagner <\/strong><\/mark><br><mark style=\"background-color:rgba(0, 0, 0, 0)\" class=\"has-inline-color has-white-color\">(DAZN\/ZDF) <\/mark><br><sup>Foto: DAZN<\/sup><\/figcaption><\/figure>\n<\/figure>\n\n\n\n<p><strong>Beste:r Moderator:in <mark style=\"background-color:#00e69f\" class=\"has-inline-color has-white-color\"><strong><strong style=\"font-style: italic;\"><strong><b style=\"font-style: italic;\">(<\/b><\/strong><\/strong>Nominierte<\/strong>)<\/mark><\/strong><\/p>\n\n\n\n<figure class=\"wp-block-gallery has-nested-images columns-4 is-cropped wp-block-gallery-10 is-layout-flex wp-block-gallery-is-layout-flex\">\n<figure class=\"wp-block-image size-large\"><img loading=\"lazy\" decoding=\"async\" width=\"1024\" height=\"1024\" data-id=\"16127\" src=\"https:\/\/kommentatorenblog.de\/wp-content\/uploads\/2023\/11\/Sebastian-Hellmann-1024x1024.jpg\" alt=\"\" class=\"wp-image-16127\" srcset=\"https:\/\/kommentatorenblog.de\/wp-content\/uploads\/2023\/11\/Sebastian-Hellmann-1024x1024.jpg 1024w, https:\/\/kommentatorenblog.de\/wp-content\/uploads\/2023\/11\/Sebastian-Hellmann-300x300.jpg 300w, https:\/\/kommentatorenblog.de\/wp-content\/uploads\/2023\/11\/Sebastian-Hellmann-150x150.jpg 150w, https:\/\/kommentatorenblog.de\/wp-content\/uploads\/2023\/11\/Sebastian-Hellmann-768x768.jpg 768w, https:\/\/kommentatorenblog.de\/wp-content\/uploads\/2023\/11\/Sebastian-Hellmann-1536x1536.jpg 1536w, https:\/\/kommentatorenblog.de\/wp-content\/uploads\/2023\/11\/Sebastian-Hellmann.jpg 1936w\" sizes=\"auto, (max-width: 1024px) 100vw, 1024px\" \/><figcaption><mark style=\"background-color:#00e69f\" class=\"has-inline-color has-white-color\"> <strong>Sebastian Hellmann <\/strong><\/mark><br><mark style=\"background-color:rgba(0, 0, 0, 0)\" class=\"has-inline-color has-white-color\">(Sky\/Prime Video) <\/mark><br><sup>Foto: Sky\/A. Sch\u00e4tz<\/sup><\/figcaption><\/figure>\n\n\n\n<figure class=\"wp-block-image size-full\"><img loading=\"lazy\" decoding=\"async\" width=\"553\" height=\"553\" data-id=\"16128\" src=\"https:\/\/kommentatorenblog.de\/wp-content\/uploads\/2023\/11\/Katharina-Kleinfeldt.jpg\" alt=\"\" class=\"wp-image-16128\" srcset=\"https:\/\/kommentatorenblog.de\/wp-content\/uploads\/2023\/11\/Katharina-Kleinfeldt.jpg 553w, https:\/\/kommentatorenblog.de\/wp-content\/uploads\/2023\/11\/Katharina-Kleinfeldt-300x300.jpg 300w, https:\/\/kommentatorenblog.de\/wp-content\/uploads\/2023\/11\/Katharina-Kleinfeldt-150x150.jpg 150w\" sizes=\"auto, (max-width: 553px) 100vw, 553px\" \/><figcaption><mark style=\"background-color:#00e69f\" class=\"has-inline-color has-white-color\"> <strong>Katharina Kleinfeldt <\/strong><\/mark><br><mark style=\"background-color:rgba(0, 0, 0, 0)\" class=\"has-inline-color has-white-color\">(Sport1\/Sky) <\/mark><br><sup>Foto: Sport1\/Imago\/M. M\u00fcller<\/sup><\/figcaption><\/figure>\n\n\n\n<figure class=\"wp-block-image size-large\"><img loading=\"lazy\" decoding=\"async\" width=\"1024\" height=\"1024\" data-id=\"16129\" src=\"https:\/\/kommentatorenblog.de\/wp-content\/uploads\/2023\/11\/Michael-Leopold-1024x1024.jpg\" alt=\"\" class=\"wp-image-16129\" srcset=\"https:\/\/kommentatorenblog.de\/wp-content\/uploads\/2023\/11\/Michael-Leopold-1024x1024.jpg 1024w, https:\/\/kommentatorenblog.de\/wp-content\/uploads\/2023\/11\/Michael-Leopold-300x300.jpg 300w, https:\/\/kommentatorenblog.de\/wp-content\/uploads\/2023\/11\/Michael-Leopold-150x150.jpg 150w, https:\/\/kommentatorenblog.de\/wp-content\/uploads\/2023\/11\/Michael-Leopold-768x768.jpg 768w, https:\/\/kommentatorenblog.de\/wp-content\/uploads\/2023\/11\/Michael-Leopold-1536x1536.jpg 1536w, https:\/\/kommentatorenblog.de\/wp-content\/uploads\/2023\/11\/Michael-Leopold-2048x2048.jpg 2048w\" sizes=\"auto, (max-width: 1024px) 100vw, 1024px\" \/><figcaption><mark style=\"background-color:#00e69f\" class=\"has-inline-color has-white-color\"> <strong>Michael Leopold <\/strong><\/mark><br><mark style=\"background-color:rgba(0, 0, 0, 0)\" class=\"has-inline-color has-white-color\">(Sky) <\/mark><br><sup>Foto: Sky\/Mike Meyer<\/sup><\/figcaption><\/figure>\n\n\n\n<figure class=\"wp-block-image size-large\"><img loading=\"lazy\" decoding=\"async\" width=\"1024\" height=\"1024\" data-id=\"16130\" src=\"https:\/\/kommentatorenblog.de\/wp-content\/uploads\/2023\/11\/Esther-Sedlaczek-1024x1024.jpg\" alt=\"\" class=\"wp-image-16130\" srcset=\"https:\/\/kommentatorenblog.de\/wp-content\/uploads\/2023\/11\/Esther-Sedlaczek-1024x1024.jpg 1024w, https:\/\/kommentatorenblog.de\/wp-content\/uploads\/2023\/11\/Esther-Sedlaczek-300x300.jpg 300w, https:\/\/kommentatorenblog.de\/wp-content\/uploads\/2023\/11\/Esther-Sedlaczek-150x150.jpg 150w, https:\/\/kommentatorenblog.de\/wp-content\/uploads\/2023\/11\/Esther-Sedlaczek-768x768.jpg 768w, https:\/\/kommentatorenblog.de\/wp-content\/uploads\/2023\/11\/Esther-Sedlaczek-1536x1536.jpg 1536w, https:\/\/kommentatorenblog.de\/wp-content\/uploads\/2023\/11\/Esther-Sedlaczek.jpg 1821w\" sizes=\"auto, (max-width: 1024px) 100vw, 1024px\" \/><figcaption><mark style=\"background-color:#00e69f\" class=\"has-inline-color has-white-color\"> <strong>Esther Sedlaczek <\/strong><\/mark><br><mark style=\"background-color:rgba(0, 0, 0, 0)\" class=\"has-inline-color has-white-color\">(ARD) <\/mark><br><sup>Foto: SWR\/Christian Koch<\/sup><\/figcaption><\/figure>\n<\/figure>\n\n\n\n<p><strong>Beste:r Field-Reporter:in <mark style=\"background-color:#92cc3c\" class=\"has-inline-color has-white-color\"><strong><strong style=\"font-style: italic;\"><strong><b style=\"font-style: italic;\">(<\/b><\/strong><\/strong>Nominierte<\/strong>)<\/mark><\/strong><\/p>\n\n\n\n<figure class=\"wp-block-gallery has-nested-images columns-4 is-cropped wp-block-gallery-11 is-layout-flex wp-block-gallery-is-layout-flex\">\n<figure class=\"wp-block-image size-full\"><img loading=\"lazy\" decoding=\"async\" width=\"720\" height=\"720\" data-id=\"16131\" src=\"https:\/\/kommentatorenblog.de\/wp-content\/uploads\/2023\/11\/Max-Siebald.jpg\" alt=\"\" class=\"wp-image-16131\" srcset=\"https:\/\/kommentatorenblog.de\/wp-content\/uploads\/2023\/11\/Max-Siebald.jpg 720w, https:\/\/kommentatorenblog.de\/wp-content\/uploads\/2023\/11\/Max-Siebald-300x300.jpg 300w, https:\/\/kommentatorenblog.de\/wp-content\/uploads\/2023\/11\/Max-Siebald-150x150.jpg 150w\" sizes=\"auto, (max-width: 720px) 100vw, 720px\" \/><figcaption><mark style=\"background-color:#92cc3c\" class=\"has-inline-color has-white-color\"> <strong>Max Siebald <\/strong><\/mark><br><mark style=\"background-color:rgba(0, 0, 0, 0)\" class=\"has-inline-color has-white-color\">(DAZN) <\/mark><br><sup>Foto: Siebald\/privat<\/sup><\/figcaption><\/figure>\n\n\n\n<figure class=\"wp-block-image size-full\"><img loading=\"lazy\" decoding=\"async\" width=\"640\" height=\"640\" data-id=\"16132\" src=\"https:\/\/kommentatorenblog.de\/wp-content\/uploads\/2023\/11\/Thomas-Wagner.jpg\" alt=\"\" class=\"wp-image-16132\" srcset=\"https:\/\/kommentatorenblog.de\/wp-content\/uploads\/2023\/11\/Thomas-Wagner.jpg 640w, https:\/\/kommentatorenblog.de\/wp-content\/uploads\/2023\/11\/Thomas-Wagner-300x300.jpg 300w, https:\/\/kommentatorenblog.de\/wp-content\/uploads\/2023\/11\/Thomas-Wagner-150x150.jpg 150w\" sizes=\"auto, (max-width: 640px) 100vw, 640px\" \/><figcaption><mark style=\"background-color:#92cc3c\" class=\"has-inline-color has-white-color\"> <strong>Thomas Wagner <\/strong><\/mark><br><mark style=\"background-color:rgba(0, 0, 0, 0)\" class=\"has-inline-color has-white-color\">(Magenta\/RTL\/Sky) <\/mark><br><sup>Foto: Wagner\/privat<\/sup><\/figcaption><\/figure>\n\n\n\n<figure class=\"wp-block-image size-large\"><img loading=\"lazy\" decoding=\"async\" width=\"1024\" height=\"1024\" data-id=\"16133\" src=\"https:\/\/kommentatorenblog.de\/wp-content\/uploads\/2023\/11\/Patrick-Wasserziehr-1024x1024.jpg\" alt=\"\" class=\"wp-image-16133\" srcset=\"https:\/\/kommentatorenblog.de\/wp-content\/uploads\/2023\/11\/Patrick-Wasserziehr-1024x1024.jpg 1024w, https:\/\/kommentatorenblog.de\/wp-content\/uploads\/2023\/11\/Patrick-Wasserziehr-300x300.jpg 300w, https:\/\/kommentatorenblog.de\/wp-content\/uploads\/2023\/11\/Patrick-Wasserziehr-150x150.jpg 150w, https:\/\/kommentatorenblog.de\/wp-content\/uploads\/2023\/11\/Patrick-Wasserziehr-768x768.jpg 768w, https:\/\/kommentatorenblog.de\/wp-content\/uploads\/2023\/11\/Patrick-Wasserziehr-1536x1536.jpg 1536w, https:\/\/kommentatorenblog.de\/wp-content\/uploads\/2023\/11\/Patrick-Wasserziehr.jpg 1706w\" sizes=\"auto, (max-width: 1024px) 100vw, 1024px\" \/><figcaption><mark style=\"background-color:#92cc3c\" class=\"has-inline-color has-white-color\"> <strong>Patrick Wasserziehr <\/strong><\/mark><br><mark style=\"background-color:rgba(0, 0, 0, 0)\" class=\"has-inline-color has-white-color\">(Sky) <\/mark><br><sup>Foto: Sky\/A. Sch\u00e4tz<\/sup><\/figcaption><\/figure>\n\n\n\n<figure class=\"wp-block-image size-full\"><img loading=\"lazy\" decoding=\"async\" width=\"720\" height=\"720\" data-id=\"16134\" src=\"https:\/\/kommentatorenblog.de\/wp-content\/uploads\/2023\/11\/Jens-Westen.jpg\" alt=\"\" class=\"wp-image-16134\" srcset=\"https:\/\/kommentatorenblog.de\/wp-content\/uploads\/2023\/11\/Jens-Westen.jpg 720w, https:\/\/kommentatorenblog.de\/wp-content\/uploads\/2023\/11\/Jens-Westen-300x300.jpg 300w, https:\/\/kommentatorenblog.de\/wp-content\/uploads\/2023\/11\/Jens-Westen-150x150.jpg 150w\" sizes=\"auto, (max-width: 720px) 100vw, 720px\" \/><figcaption><mark style=\"background-color:#92cc3c\" class=\"has-inline-color has-white-color\"> <strong>Jens Westen <\/strong><\/mark><br><mark style=\"background-color:rgba(0, 0, 0, 0)\" class=\"has-inline-color has-white-color\">(Sky) <\/mark><br><sup>Foto: Westen\/privat<\/sup><\/figcaption><\/figure>\n<\/figure>\n\n\n\n<p><strong>Beste:r Newcomer:in <mark style=\"background-color:#f51aa4\" class=\"has-inline-color has-white-color\"><strong><strong style=\"font-style: italic;\"><strong><b style=\"font-style: italic;\">(<\/b><\/strong><\/strong>Nominierte<\/strong>)<\/mark><\/strong><\/p>\n\n\n\n<figure class=\"wp-block-gallery has-nested-images columns-4 is-cropped wp-block-gallery-12 is-layout-flex wp-block-gallery-is-layout-flex\">\n<figure class=\"wp-block-image size-full\"><img loading=\"lazy\" decoding=\"async\" width=\"643\" height=\"643\" data-id=\"15775\" src=\"http:\/\/kommentatorenblog.de\/wp-content\/uploads\/2023\/10\/Franzi-Muellers-e1700836922353.jpg\" alt=\"\" class=\"wp-image-15775\" srcset=\"https:\/\/kommentatorenblog.de\/wp-content\/uploads\/2023\/10\/Franzi-Muellers-e1700836922353.jpg 643w, https:\/\/kommentatorenblog.de\/wp-content\/uploads\/2023\/10\/Franzi-Muellers-e1700836922353-300x300.jpg 300w, https:\/\/kommentatorenblog.de\/wp-content\/uploads\/2023\/10\/Franzi-Muellers-e1700836922353-150x150.jpg 150w\" sizes=\"auto, (max-width: 643px) 100vw, 643px\" \/><figcaption><mark style=\"background-color:#f51aa4\" class=\"has-inline-color has-white-color\"> <strong>Franziska M\u00fcllers <\/strong><\/mark><br><mark style=\"background-color:rgba(0, 0, 0, 0)\" class=\"has-inline-color has-white-color\">(ZDF) <\/mark><br><sup>Foto: Matthias Dersch<\/sup><\/figcaption><\/figure>\n\n\n\n<figure class=\"wp-block-image size-full\"><img loading=\"lazy\" decoding=\"async\" width=\"720\" height=\"720\" data-id=\"16126\" src=\"http:\/\/kommentatorenblog.de\/wp-content\/uploads\/2023\/11\/Rachel-Rinast.jpg\" alt=\"\" class=\"wp-image-16126\" srcset=\"https:\/\/kommentatorenblog.de\/wp-content\/uploads\/2023\/11\/Rachel-Rinast.jpg 720w, https:\/\/kommentatorenblog.de\/wp-content\/uploads\/2023\/11\/Rachel-Rinast-300x300.jpg 300w, https:\/\/kommentatorenblog.de\/wp-content\/uploads\/2023\/11\/Rachel-Rinast-150x150.jpg 150w\" sizes=\"auto, (max-width: 720px) 100vw, 720px\" \/><figcaption><mark style=\"background-color:#f51aa4\" class=\"has-inline-color has-white-color\"> <strong>Rachel Rinast <\/strong><\/mark><br><mark style=\"background-color:rgba(0, 0, 0, 0)\" class=\"has-inline-color has-white-color\">(Pro7 MAXX\/DAZN\/Sky) <\/mark><br><sup>Foto: Rinast\/privat<\/sup><\/figcaption><\/figure>\n\n\n\n<figure class=\"wp-block-image size-large\"><img loading=\"lazy\" decoding=\"async\" width=\"1024\" height=\"1024\" data-id=\"16067\" src=\"http:\/\/kommentatorenblog.de\/wp-content\/uploads\/2023\/11\/Julian-Luca-Schaefer-1024x1024.jpg\" alt=\"\" class=\"wp-image-16067\" srcset=\"https:\/\/kommentatorenblog.de\/wp-content\/uploads\/2023\/11\/Julian-Luca-Schaefer-1024x1024.jpg 1024w, https:\/\/kommentatorenblog.de\/wp-content\/uploads\/2023\/11\/Julian-Luca-Schaefer-300x300.jpg 300w, https:\/\/kommentatorenblog.de\/wp-content\/uploads\/2023\/11\/Julian-Luca-Schaefer-150x150.jpg 150w, https:\/\/kommentatorenblog.de\/wp-content\/uploads\/2023\/11\/Julian-Luca-Schaefer-768x768.jpg 768w, https:\/\/kommentatorenblog.de\/wp-content\/uploads\/2023\/11\/Julian-Luca-Schaefer.jpg 1080w\" sizes=\"auto, (max-width: 1024px) 100vw, 1024px\" \/><figcaption><mark style=\"background-color:#f51aa4\" class=\"has-inline-color has-white-color\"> <strong>Julian-Luca Sch\u00e4fer <\/strong><\/mark><br><mark style=\"background-color:rgba(0, 0, 0, 0)\" class=\"has-inline-color has-white-color\">(Magenta\/Sporttotal) <\/mark><br><sup>Foto: Sch\u00e4fer\/privat<\/sup><\/figcaption><\/figure>\n\n\n\n<figure class=\"wp-block-image size-full\"><img loading=\"lazy\" decoding=\"async\" width=\"395\" height=\"395\" data-id=\"16135\" src=\"https:\/\/kommentatorenblog.de\/wp-content\/uploads\/2023\/11\/Timo-Schaefers.png\" alt=\"\" class=\"wp-image-16135\" srcset=\"https:\/\/kommentatorenblog.de\/wp-content\/uploads\/2023\/11\/Timo-Schaefers.png 395w, https:\/\/kommentatorenblog.de\/wp-content\/uploads\/2023\/11\/Timo-Schaefers-300x300.png 300w, https:\/\/kommentatorenblog.de\/wp-content\/uploads\/2023\/11\/Timo-Schaefers-150x150.png 150w\" sizes=\"auto, (max-width: 395px) 100vw, 395px\" \/><figcaption><mark style=\"background-color:#f51aa4\" class=\"has-inline-color has-white-color\"> <strong>Timo Sch\u00e4fers <\/strong><\/mark><br><mark style=\"background-color:rgba(0, 0, 0, 0)\" class=\"has-inline-color has-white-color\">(Sky) <\/mark><br><sup>Foto: Sky<\/sup><\/figcaption><\/figure>\n<\/figure>\n\n\n\n<p><strong>Special Award zur Frauen-WM 2023 <mark style=\"background-color:#bf9000\" class=\"has-inline-color has-white-color\"><strong><strong style=\"font-style: italic;\"><strong><b style=\"font-style: italic;\">(<\/b><\/strong><\/strong>Nominierte<\/strong>)<\/mark><\/strong><\/p>\n\n\n\n<figure class=\"wp-block-gallery has-nested-images columns-4 is-cropped wp-block-gallery-13 is-layout-flex wp-block-gallery-is-layout-flex\">\n<figure class=\"wp-block-image size-full\"><img loading=\"lazy\" decoding=\"async\" width=\"853\" height=\"853\" data-id=\"16136\" src=\"https:\/\/kommentatorenblog.de\/wp-content\/uploads\/2023\/11\/Nia-Kuenzer.jpg\" alt=\"\" class=\"wp-image-16136\" srcset=\"https:\/\/kommentatorenblog.de\/wp-content\/uploads\/2023\/11\/Nia-Kuenzer.jpg 853w, https:\/\/kommentatorenblog.de\/wp-content\/uploads\/2023\/11\/Nia-Kuenzer-300x300.jpg 300w, https:\/\/kommentatorenblog.de\/wp-content\/uploads\/2023\/11\/Nia-Kuenzer-150x150.jpg 150w, https:\/\/kommentatorenblog.de\/wp-content\/uploads\/2023\/11\/Nia-Kuenzer-768x768.jpg 768w\" sizes=\"auto, (max-width: 853px) 100vw, 853px\" \/><figcaption><mark style=\"background-color:#bf9000\" class=\"has-inline-color has-white-color\"> <strong>Nia K\u00fcnzer <\/strong><br><\/mark><mark style=\"background-color:rgba(0, 0, 0, 0)\" class=\"has-inline-color has-white-color\">(ARD) <\/mark><br><sup>F.: Steffen Pr\u00f6\u00dfdorf\/Wikimedia<\/sup><\/figcaption><\/figure>\n\n\n\n<figure class=\"wp-block-image size-full\"><img loading=\"lazy\" decoding=\"async\" width=\"643\" height=\"643\" data-id=\"15775\" src=\"http:\/\/kommentatorenblog.de\/wp-content\/uploads\/2023\/10\/Franzi-Muellers-e1700836922353.jpg\" alt=\"\" class=\"wp-image-15775\" srcset=\"https:\/\/kommentatorenblog.de\/wp-content\/uploads\/2023\/10\/Franzi-Muellers-e1700836922353.jpg 643w, https:\/\/kommentatorenblog.de\/wp-content\/uploads\/2023\/10\/Franzi-Muellers-e1700836922353-300x300.jpg 300w, https:\/\/kommentatorenblog.de\/wp-content\/uploads\/2023\/10\/Franzi-Muellers-e1700836922353-150x150.jpg 150w\" sizes=\"auto, (max-width: 643px) 100vw, 643px\" \/><figcaption><mark style=\"background-color:#bf9000\" class=\"has-inline-color has-white-color\"> <strong>Franziska M\u00fcllers <\/strong><br><\/mark><mark style=\"background-color:rgba(0, 0, 0, 0)\" class=\"has-inline-color has-white-color\">(ZDF) <\/mark><br><sup>Foto: Matthias Dersch<\/sup><\/figcaption><\/figure>\n\n\n\n<figure class=\"wp-block-image size-full\"><img loading=\"lazy\" decoding=\"async\" width=\"641\" height=\"641\" data-id=\"16137\" src=\"https:\/\/kommentatorenblog.de\/wp-content\/uploads\/2023\/11\/Claudia-Neumann.jpg\" alt=\"\" class=\"wp-image-16137\" srcset=\"https:\/\/kommentatorenblog.de\/wp-content\/uploads\/2023\/11\/Claudia-Neumann.jpg 641w, https:\/\/kommentatorenblog.de\/wp-content\/uploads\/2023\/11\/Claudia-Neumann-300x300.jpg 300w, https:\/\/kommentatorenblog.de\/wp-content\/uploads\/2023\/11\/Claudia-Neumann-150x150.jpg 150w\" sizes=\"auto, (max-width: 641px) 100vw, 641px\" \/><figcaption><mark style=\"background-color:#bf9000\" class=\"has-inline-color has-white-color\"> <strong>Claudia Neumann <\/strong><br><\/mark><mark style=\"background-color:rgba(0, 0, 0, 0)\" class=\"has-inline-color has-white-color\">(ZDF) <\/mark><br><sup>Foto: ZDF\/Torsten Silz<\/sup><\/figcaption><\/figure>\n\n\n\n<figure class=\"wp-block-image size-full\"><img loading=\"lazy\" decoding=\"async\" width=\"606\" height=\"606\" data-id=\"16138\" src=\"https:\/\/kommentatorenblog.de\/wp-content\/uploads\/2023\/11\/Bernd-Schmelzer.png\" alt=\"\" class=\"wp-image-16138\" srcset=\"https:\/\/kommentatorenblog.de\/wp-content\/uploads\/2023\/11\/Bernd-Schmelzer.png 606w, https:\/\/kommentatorenblog.de\/wp-content\/uploads\/2023\/11\/Bernd-Schmelzer-300x300.png 300w, https:\/\/kommentatorenblog.de\/wp-content\/uploads\/2023\/11\/Bernd-Schmelzer-150x150.png 150w\" sizes=\"auto, (max-width: 606px) 100vw, 606px\" \/><figcaption><mark style=\"background-color:#bf9000\" class=\"has-inline-color has-white-color\"> <strong>Bernd Schmelzer <\/strong><br><\/mark><mark style=\"background-color:rgba(0, 0, 0, 0)\" class=\"has-inline-color has-white-color\">(ARD) <\/mark><br><sup>Foto: Schmelzer\/privat<\/sup><\/figcaption><\/figure>\n<\/figure>\n\n\n\n<hr class=\"wp-block-separator is-style-default\"\/>\n\n\n\n<p><strong><em>Die Ansetzungen vom 28. November 2023 bis zum 30. November 2023<\/em><\/strong><\/p>\n\n\n\n<hr class=\"wp-block-separator is-style-default\"\/>\n\n\n\n<p><strong>UEFA Champions League, 5. Spieltag (DAZN\/Prime Video)<\/strong><\/p>\n\n\n\n<p><span style=\"text-decoration: underline;\">Dienstag, 28. November 2023, ab 18.30 Uhr (DAZN)<\/span><\/p>\n\n\n\n<p><strong style=\"font-style: italic;\"><em><strong>Lazio Rom <\/strong><\/em><\/strong><em>(ITA)<\/em><strong style=\"font-style: italic;\"><em><strong> <\/strong><\/em><strong><em><b style=\"font-style: italic;\">\u2013<\/b><\/em><\/strong><\/strong> <em><strong>Celtic Glasgow <\/strong>(SCO) <strong>(18.45 Uhr)<\/strong><\/em> <br><img loading=\"lazy\" decoding=\"async\" width=\"10\" height=\"21\" class=\"wp-image-3656\" style=\"width: 10px;\" src=\"http:\/\/kommentatorenblog.de\/wp-content\/uploads\/2020\/09\/shure-55sh-ii-e1601485394796.jpg\" alt=\"\" srcset=\"https:\/\/kommentatorenblog.de\/wp-content\/uploads\/2020\/09\/shure-55sh-ii-e1601485394796.jpg 415w, https:\/\/kommentatorenblog.de\/wp-content\/uploads\/2020\/09\/shure-55sh-ii-e1601485394796-142x300.jpg 142w\" sizes=\"auto, (max-width: 10px) 100vw, 10px\" \/> Julian Engelhard (Einzelspiel), David Ploch (Konferenz)<\/p>\n\n\n\n<p><strong style=\"font-style: italic;\"><em><strong><strong style=\"font-style: italic;\"><em><strong>Schachtar Donezk<\/strong><\/em><\/strong> <\/strong><\/em><\/strong><em>(UKR)<\/em><strong style=\"font-style: italic;\"><em><strong> <\/strong><\/em><strong><em><b style=\"font-style: italic;\">\u2013<\/b><\/em><\/strong><\/strong> <em><strong>Royal Antwerpen <\/strong><em>(BEL)<\/em><strong> (18.45 Uhr)<\/strong><\/em> <br><img loading=\"lazy\" decoding=\"async\" width=\"10\" height=\"21\" class=\"wp-image-3656\" style=\"width: 10px;\" src=\"http:\/\/kommentatorenblog.de\/wp-content\/uploads\/2020\/09\/shure-55sh-ii-e1601485394796.jpg\" alt=\"\" srcset=\"https:\/\/kommentatorenblog.de\/wp-content\/uploads\/2020\/09\/shure-55sh-ii-e1601485394796.jpg 415w, https:\/\/kommentatorenblog.de\/wp-content\/uploads\/2020\/09\/shure-55sh-ii-e1601485394796-142x300.jpg 142w\" sizes=\"auto, (max-width: 10px) 100vw, 10px\" \/> Manuel Angstenberger (Einzelspiel), Uwe Morawe (Konferenz)<\/p>\n\n\n\n<p><span style=\"text-decoration: underline;\">ab 20.00 Uhr (Prime Video)<\/span><\/p>\n\n\n\n<p><strong style=\"font-style: italic;\"><em><strong>AC Mailand <\/strong><\/em><\/strong><em>(ITA)<\/em><strong style=\"font-style: italic;\"><em><strong> <\/strong><\/em><strong><em><b style=\"font-style: italic;\">\u2013<\/b><\/em><\/strong><\/strong> <em><strong>Borussia Dortmund <\/strong>(GER)<strong> (21.00 Uhr)<\/strong><\/em> <br><img loading=\"lazy\" decoding=\"async\" width=\"10\" height=\"21\" class=\"wp-image-3656\" style=\"width: 10px;\" src=\"http:\/\/kommentatorenblog.de\/wp-content\/uploads\/2020\/09\/shure-55sh-ii-e1601485394796.jpg\" alt=\"\" srcset=\"https:\/\/kommentatorenblog.de\/wp-content\/uploads\/2020\/09\/shure-55sh-ii-e1601485394796.jpg 415w, https:\/\/kommentatorenblog.de\/wp-content\/uploads\/2020\/09\/shure-55sh-ii-e1601485394796-142x300.jpg 142w\" sizes=\"auto, (max-width: 10px) 100vw, 10px\" \/> Jonas Friedrich, Experte: Benedikt H\u00f6wedes<br>Field-Reporter:innen: Annika Zimmermann und Sebastian Benesch<br>Moderation: Sebastian Hellmann, Expert:innen: Tabea Kemme, Matthias Sammer und Miroslav Klose<br>Highlight-Show: Lena Cassel und Patrick Owomoyela<\/p>\n\n\n\n<p><span style=\"text-decoration: underline;\">ab 20.30 Uhr (DAZN)<\/span><\/p>\n\n\n\n<p><strong style=\"font-style: italic;\"><em><strong>Manchester City <\/strong><\/em><\/strong><em>(ENG)<\/em><strong style=\"font-style: italic;\"><em><strong> <\/strong><\/em><strong><em><b style=\"font-style: italic;\">\u2013<\/b><\/em><\/strong><\/strong> <em><strong>RB Leipzig <\/strong>(GER)<strong> (21.00 Uhr)<\/strong><\/em> <br><img loading=\"lazy\" decoding=\"async\" width=\"10\" height=\"21\" class=\"wp-image-3656\" style=\"width: 10px;\" src=\"http:\/\/kommentatorenblog.de\/wp-content\/uploads\/2020\/09\/shure-55sh-ii-e1601485394796.jpg\" alt=\"\" srcset=\"https:\/\/kommentatorenblog.de\/wp-content\/uploads\/2020\/09\/shure-55sh-ii-e1601485394796.jpg 415w, https:\/\/kommentatorenblog.de\/wp-content\/uploads\/2020\/09\/shure-55sh-ii-e1601485394796-142x300.jpg 142w\" sizes=\"auto, (max-width: 10px) 100vw, 10px\" \/> Uli Hebel, Experte: Seb Knei\u00dfl (Einzelspiel), Jan Platte (Konferenz)<br>Moderation: Tobi Wahnschaffe, Field-Reporter: Max Siebald<\/p>\n\n\n\n<p><span style=\"text-decoration: underline;\">ab 20.45 Uhr (DAZN)<\/span><\/p>\n\n\n\n<p><strong style=\"font-style: italic;\"><em><strong>Paris Saint-Germain <\/strong><\/em><\/strong><em>(FRA)<\/em><strong style=\"font-style: italic;\"><em><strong> <\/strong><\/em><strong><em><b style=\"font-style: italic;\">\u2013<\/b><\/em><\/strong><\/strong> <em><strong>Newcastle United <\/strong>(ENG)<strong> (21.00 Uhr)<\/strong><\/em> <br><img loading=\"lazy\" decoding=\"async\" width=\"10\" height=\"21\" class=\"wp-image-3656\" style=\"width: 10px;\" src=\"http:\/\/kommentatorenblog.de\/wp-content\/uploads\/2020\/09\/shure-55sh-ii-e1601485394796.jpg\" alt=\"\" srcset=\"https:\/\/kommentatorenblog.de\/wp-content\/uploads\/2020\/09\/shure-55sh-ii-e1601485394796.jpg 415w, https:\/\/kommentatorenblog.de\/wp-content\/uploads\/2020\/09\/shure-55sh-ii-e1601485394796-142x300.jpg 142w\" sizes=\"auto, (max-width: 10px) 100vw, 10px\" \/> Michael Born, Expertin: Julia Simic (Einzelspiel), Tom Kirsten (Konferenz)<\/p>\n\n\n\n<p><strong style=\"font-style: italic;\"><em><strong>FC Barcelona <\/strong><\/em><\/strong><em>(ESP)<\/em><strong style=\"font-style: italic;\"><em><strong> <\/strong><\/em><strong><em><b style=\"font-style: italic;\">\u2013<\/b><\/em><\/strong><\/strong> <em><strong>FC Porto <\/strong>(POR)<strong> (21.00 Uhr)<\/strong><\/em> <br><img loading=\"lazy\" decoding=\"async\" width=\"10\" height=\"21\" class=\"wp-image-3656\" style=\"width: 10px;\" src=\"http:\/\/kommentatorenblog.de\/wp-content\/uploads\/2020\/09\/shure-55sh-ii-e1601485394796.jpg\" alt=\"\" srcset=\"https:\/\/kommentatorenblog.de\/wp-content\/uploads\/2020\/09\/shure-55sh-ii-e1601485394796.jpg 415w, https:\/\/kommentatorenblog.de\/wp-content\/uploads\/2020\/09\/shure-55sh-ii-e1601485394796-142x300.jpg 142w\" sizes=\"auto, (max-width: 10px) 100vw, 10px\" \/> Joachim Hebel (Einzelspiel), Nico Seepe (Konferenz)<\/p>\n\n\n\n<p><strong style=\"font-style: italic;\"><em><strong>Feyenoord Rotterdam <\/strong><\/em><\/strong><em>(NED)<\/em><strong style=\"font-style: italic;\"><em><strong> <\/strong><\/em><strong><em><b style=\"font-style: italic;\">\u2013<\/b><\/em><\/strong><\/strong> <em><strong>Atl\u00e9tico Madrid <\/strong>(ESP)<strong> (21.00 Uhr)<\/strong><\/em> <br><img loading=\"lazy\" decoding=\"async\" width=\"10\" height=\"21\" class=\"wp-image-3656\" style=\"width: 10px;\" src=\"http:\/\/kommentatorenblog.de\/wp-content\/uploads\/2020\/09\/shure-55sh-ii-e1601485394796.jpg\" alt=\"\" srcset=\"https:\/\/kommentatorenblog.de\/wp-content\/uploads\/2020\/09\/shure-55sh-ii-e1601485394796.jpg 415w, https:\/\/kommentatorenblog.de\/wp-content\/uploads\/2020\/09\/shure-55sh-ii-e1601485394796-142x300.jpg 142w\" sizes=\"auto, (max-width: 10px) 100vw, 10px\" \/> Freddie Schulz (Einzelspiel), Oliver Forster (Konferenz)<\/p>\n\n\n\n<p><strong style=\"font-style: italic;\"><em><strong>BSC Young Boys <\/strong><\/em><\/strong><em>(SUI)<\/em><strong style=\"font-style: italic;\"><em><strong> <\/strong><\/em><strong><em><b style=\"font-style: italic;\">\u2013<\/b><\/em><\/strong><\/strong> <em><strong>Roter Stern Belgrad <\/strong>(SRB)<strong> (21.00 Uhr)<\/strong><\/em> <br><img loading=\"lazy\" decoding=\"async\" width=\"10\" height=\"21\" class=\"wp-image-3656\" style=\"width: 10px;\" src=\"http:\/\/kommentatorenblog.de\/wp-content\/uploads\/2020\/09\/shure-55sh-ii-e1601485394796.jpg\" alt=\"\" srcset=\"https:\/\/kommentatorenblog.de\/wp-content\/uploads\/2020\/09\/shure-55sh-ii-e1601485394796.jpg 415w, https:\/\/kommentatorenblog.de\/wp-content\/uploads\/2020\/09\/shure-55sh-ii-e1601485394796-142x300.jpg 142w\" sizes=\"auto, (max-width: 10px) 100vw, 10px\" \/> Ruben Zimmermann (Einzelspiel), Marcel Seufert (Konferenz)<\/p>\n\n\n\n<p>Moderation (DAZN): Mario Rieker<\/p>\n\n\n\n<p><span style=\"text-decoration: underline;\">Mittwoch, 20. September 2023, ab 18.30 Uhr (DAZN)<\/span><\/p>\n\n\n\n<p><strong style=\"font-style: italic;\"><em><strong>Galatasaray Istanbul <\/strong><\/em><\/strong><em>(TUR)<\/em><strong style=\"font-style: italic;\"><em><strong> <\/strong><\/em><strong><em><b style=\"font-style: italic;\">\u2013<\/b><\/em><\/strong><\/strong> <em><strong>Manchester United <\/strong>(ENG)<strong> (18.45 Uhr)<\/strong><\/em> <br><img loading=\"lazy\" decoding=\"async\" width=\"10\" height=\"21\" class=\"wp-image-3656\" style=\"width: 10px;\" src=\"http:\/\/kommentatorenblog.de\/wp-content\/uploads\/2020\/09\/shure-55sh-ii-e1601485394796.jpg\" alt=\"\" srcset=\"https:\/\/kommentatorenblog.de\/wp-content\/uploads\/2020\/09\/shure-55sh-ii-e1601485394796.jpg 415w, https:\/\/kommentatorenblog.de\/wp-content\/uploads\/2020\/09\/shure-55sh-ii-e1601485394796-142x300.jpg 142w\" sizes=\"auto, (max-width: 10px) 100vw, 10px\" \/> Chris Putz (Einzelspiel), Christoph Stadtler (Konferenz)<\/p>\n\n\n\n<p><strong style=\"font-style: italic;\"><em><strong>FC Sevilla <\/strong><\/em><\/strong><em>(ESP)<\/em><strong style=\"font-style: italic;\"><em><strong> <\/strong><\/em><strong><em><b style=\"font-style: italic;\">\u2013<\/b><\/em><\/strong><\/strong> <em><strong>PSV Eindhoven <\/strong>(NED)<strong> (18.45 Uhr)<\/strong><\/em> <br><img loading=\"lazy\" decoding=\"async\" width=\"10\" height=\"21\" class=\"wp-image-3656\" style=\"width: 10px;\" src=\"http:\/\/kommentatorenblog.de\/wp-content\/uploads\/2020\/09\/shure-55sh-ii-e1601485394796.jpg\" alt=\"\" srcset=\"https:\/\/kommentatorenblog.de\/wp-content\/uploads\/2020\/09\/shure-55sh-ii-e1601485394796.jpg 415w, https:\/\/kommentatorenblog.de\/wp-content\/uploads\/2020\/09\/shure-55sh-ii-e1601485394796-142x300.jpg 142w\" sizes=\"auto, (max-width: 10px) 100vw, 10px\" \/> Franz B\u00fcchner (Einzelspiel), Stephanie Baczyk (Konferenz)<\/p>\n\n\n\n<p><span style=\"text-decoration: underline;\">ab 20.15 Uhr (DAZN)<\/span><\/p>\n\n\n\n<p><strong style=\"font-style: italic;\"><em><strong>FC Bayern M\u00fcnchen <\/strong><\/em><\/strong><em>(GER)<\/em><strong style=\"font-style: italic;\"><em><strong> <\/strong><\/em><strong><em><b style=\"font-style: italic;\">\u2013<\/b><\/em><\/strong><\/strong> <em><strong>FC Kopenhagen <\/strong>(DEN)<strong> (21.00 Uhr)<\/strong><\/em> <br><img loading=\"lazy\" decoding=\"async\" width=\"10\" height=\"21\" class=\"wp-image-3656\" style=\"width: 10px;\" src=\"http:\/\/kommentatorenblog.de\/wp-content\/uploads\/2020\/09\/shure-55sh-ii-e1601485394796.jpg\" alt=\"\" srcset=\"https:\/\/kommentatorenblog.de\/wp-content\/uploads\/2020\/09\/shure-55sh-ii-e1601485394796.jpg 415w, https:\/\/kommentatorenblog.de\/wp-content\/uploads\/2020\/09\/shure-55sh-ii-e1601485394796-142x300.jpg 142w\" sizes=\"auto, (max-width: 10px) 100vw, 10px\" \/> Jan Platte, Experte: Michael Ballack (Einzelspiel), Lukas Sch\u00f6nm\u00fcller (Konferenz)<br>Moderation: Alex Schl\u00fcter, Field-Reporter: Daniel Herzog<\/p>\n\n\n\n<p><strong style=\"font-style: italic;\"><em><strong>Sporting Braga <\/strong><\/em><\/strong><em>(POR)<\/em><strong style=\"font-style: italic;\"><em><strong> <\/strong><\/em><strong><em><b style=\"font-style: italic;\">\u2013<\/b><\/em><\/strong><\/strong> <em><strong>1. FC Union Berlin <\/strong>(GER)<strong> (21.00 Uhr)<\/strong><\/em> <br><img loading=\"lazy\" decoding=\"async\" width=\"10\" height=\"21\" class=\"wp-image-3656\" style=\"width: 10px;\" src=\"http:\/\/kommentatorenblog.de\/wp-content\/uploads\/2020\/09\/shure-55sh-ii-e1601485394796.jpg\" alt=\"\" srcset=\"https:\/\/kommentatorenblog.de\/wp-content\/uploads\/2020\/09\/shure-55sh-ii-e1601485394796.jpg 415w, https:\/\/kommentatorenblog.de\/wp-content\/uploads\/2020\/09\/shure-55sh-ii-e1601485394796-142x300.jpg 142w\" sizes=\"auto, (max-width: 10px) 100vw, 10px\" \/> Marco Hagemann, Experte: Benny Lauth (Einzelspiel), Michael Born (Konferenz)<br>Field-Reporter: Freddy Harder<\/p>\n\n\n\n<p><span style=\"text-decoration: underline;\">ab 20.45 Uhr (DAZN)<\/span><\/p>\n\n\n\n<p><strong style=\"font-style: italic;\"><em><strong>Real Madrid <\/strong><\/em><\/strong><em>(ESP)<\/em><strong style=\"font-style: italic;\"><em><strong> <\/strong><\/em><strong><em><b style=\"font-style: italic;\">\u2013<\/b><\/em><\/strong><\/strong> <em><strong>SSC Neapel <\/strong>(ITA)<strong> (21.00 Uhr)<\/strong><\/em> <br><img loading=\"lazy\" decoding=\"async\" width=\"10\" height=\"21\" class=\"wp-image-3656\" style=\"width: 10px;\" src=\"http:\/\/kommentatorenblog.de\/wp-content\/uploads\/2020\/09\/shure-55sh-ii-e1601485394796.jpg\" alt=\"\" srcset=\"https:\/\/kommentatorenblog.de\/wp-content\/uploads\/2020\/09\/shure-55sh-ii-e1601485394796.jpg 415w, https:\/\/kommentatorenblog.de\/wp-content\/uploads\/2020\/09\/shure-55sh-ii-e1601485394796-142x300.jpg 142w\" sizes=\"auto, (max-width: 10px) 100vw, 10px\" \/> Nico Seepe, Experte: Jonas Hummels (Einzelspiel), Max Siebald (Konferenz)<\/p>\n\n\n\n<p><strong style=\"font-style: italic;\"><em><strong>Benfica Lissabon <\/strong><\/em><\/strong><em>(POR)<\/em><strong style=\"font-style: italic;\"><em><strong> <\/strong><\/em><strong><em><b style=\"font-style: italic;\">\u2013<\/b><\/em><\/strong><\/strong> <em><strong>Inter Mailand <\/strong>(ITA)<strong> (21.00 Uhr)<\/strong><\/em> <br><img loading=\"lazy\" decoding=\"async\" width=\"10\" height=\"21\" class=\"wp-image-3656\" style=\"width: 10px;\" src=\"http:\/\/kommentatorenblog.de\/wp-content\/uploads\/2020\/09\/shure-55sh-ii-e1601485394796.jpg\" alt=\"\" srcset=\"https:\/\/kommentatorenblog.de\/wp-content\/uploads\/2020\/09\/shure-55sh-ii-e1601485394796.jpg 415w, https:\/\/kommentatorenblog.de\/wp-content\/uploads\/2020\/09\/shure-55sh-ii-e1601485394796-142x300.jpg 142w\" sizes=\"auto, (max-width: 10px) 100vw, 10px\" \/> Carsten Fu\u00df (Einzelspiel), Mario Rieker (Konferenz)<\/p>\n\n\n\n<p><strong style=\"font-style: italic;\"><em><strong>Real Sociedad <\/strong><\/em><\/strong><em>(ESP)<\/em><strong style=\"font-style: italic;\"><em><strong> <\/strong><\/em><strong><em><b style=\"font-style: italic;\">\u2013<\/b><\/em><\/strong><\/strong> <em><strong>FC Salzburg <\/strong>(AUT)<strong> (21.00 Uhr)<\/strong><\/em> <br><img loading=\"lazy\" decoding=\"async\" width=\"10\" height=\"21\" class=\"wp-image-3656\" style=\"width: 10px;\" src=\"http:\/\/kommentatorenblog.de\/wp-content\/uploads\/2020\/09\/shure-55sh-ii-e1601485394796.jpg\" alt=\"\" srcset=\"https:\/\/kommentatorenblog.de\/wp-content\/uploads\/2020\/09\/shure-55sh-ii-e1601485394796.jpg 415w, https:\/\/kommentatorenblog.de\/wp-content\/uploads\/2020\/09\/shure-55sh-ii-e1601485394796-142x300.jpg 142w\" sizes=\"auto, (max-width: 10px) 100vw, 10px\" \/> Marcel Seufert (Einzelspiel), Max Gross (Konferenz)<\/p>\n\n\n\n<p><strong style=\"font-style: italic;\"><em><strong>FC Arsenal <\/strong><\/em><\/strong><em>(ENG)<\/em><strong style=\"font-style: italic;\"><em><strong> <\/strong><\/em><strong><em><b style=\"font-style: italic;\">\u2013<\/b><\/em><\/strong><\/strong> <em><strong>RC Lens <\/strong>(FRA)<strong> (21.00 Uhr)<\/strong><\/em> <br><img loading=\"lazy\" decoding=\"async\" width=\"10\" height=\"21\" class=\"wp-image-3656\" style=\"width: 10px;\" src=\"http:\/\/kommentatorenblog.de\/wp-content\/uploads\/2020\/09\/shure-55sh-ii-e1601485394796.jpg\" alt=\"\" srcset=\"https:\/\/kommentatorenblog.de\/wp-content\/uploads\/2020\/09\/shure-55sh-ii-e1601485394796.jpg 415w, https:\/\/kommentatorenblog.de\/wp-content\/uploads\/2020\/09\/shure-55sh-ii-e1601485394796-142x300.jpg 142w\" sizes=\"auto, (max-width: 10px) 100vw, 10px\" \/> Stefan Galler (Einzelspiel), Flo Hauser (Konferenz)<\/p>\n\n\n\n<p>Moderation: Tom Kirsten<\/p>\n\n\n\n<hr class=\"wp-block-separator is-style-default\"\/>\n\n\n\n<p><strong>UEFA Europa League \/ UEFA Europa Conference League, 5. Spieltag (RTL+\/RTL)<\/strong><\/p>\n\n\n\n<p><span style=\"text-decoration: underline;\">Donnerstag, 30. November 2023, ab 18.15 Uhr (RTL+)<\/span><\/p>\n\n\n\n<p><strong style=\"font-style: italic;\"><em><strong>Sport-Club Freiburg <\/strong><\/em><\/strong><em>(GER)<\/em><strong style=\"font-style: italic;\"><em><strong> <\/strong><\/em><strong><em><b style=\"font-style: italic;\">\u2013<\/b><\/em><\/strong><\/strong> <em><strong>Olympiakos Pir\u00e4us <\/strong>(GRE)<strong> (18.45 Uhr)<\/strong><\/em> <br><img loading=\"lazy\" decoding=\"async\" width=\"10\" height=\"21\" class=\"wp-image-3656\" style=\"width: 10px;\" src=\"http:\/\/kommentatorenblog.de\/wp-content\/uploads\/2020\/09\/shure-55sh-ii-e1601485394796.jpg\" alt=\"\" srcset=\"https:\/\/kommentatorenblog.de\/wp-content\/uploads\/2020\/09\/shure-55sh-ii-e1601485394796.jpg 415w, https:\/\/kommentatorenblog.de\/wp-content\/uploads\/2020\/09\/shure-55sh-ii-e1601485394796-142x300.jpg 142w\" sizes=\"auto, (max-width: 10px) 100vw, 10px\" \/> Robby Hunke, Experte: Felix Kroos (Einzelspiel), J\u00fcrgen Schmitz (Konferenz)<br>Field-Reporter: Thomas Wagner<\/p>\n\n\n\n<p><strong style=\"font-style: italic;\"><em><strong>TSC Ba\u010dka Topola <\/strong><\/em><\/strong><em>(SRB)<\/em><strong style=\"font-style: italic;\"><em><strong> <\/strong><\/em><strong><em><b style=\"font-style: italic;\">\u2013<\/b><\/em><\/strong><\/strong> <em><strong>West Ham United <\/strong>(ENG)<strong> (18.45 Uhr)<\/strong><\/em> <br><img loading=\"lazy\" decoding=\"async\" width=\"10\" height=\"21\" class=\"wp-image-3656\" style=\"width: 10px;\" src=\"http:\/\/kommentatorenblog.de\/wp-content\/uploads\/2020\/09\/shure-55sh-ii-e1601485394796.jpg\" alt=\"\" srcset=\"https:\/\/kommentatorenblog.de\/wp-content\/uploads\/2020\/09\/shure-55sh-ii-e1601485394796.jpg 415w, https:\/\/kommentatorenblog.de\/wp-content\/uploads\/2020\/09\/shure-55sh-ii-e1601485394796-142x300.jpg 142w\" sizes=\"auto, (max-width: 10px) 100vw, 10px\" \/> Julian Engelhard (Einzelspiel), Freddy Schulz (Konferenz)<\/p>\n\n\n\n<p><strong style=\"font-style: italic;\"><em><strong>Atalanta Bergamo <\/strong><\/em><\/strong><em>(ITA)<\/em><strong style=\"font-style: italic;\"><em><strong> <\/strong><\/em><strong><em><b style=\"font-style: italic;\">\u2013<\/b><\/em><\/strong><\/strong> <em><strong>Sporting Lissabon <\/strong>(POR)<strong> (18.45 Uhr)<\/strong><\/em> <br><img loading=\"lazy\" decoding=\"async\" width=\"10\" height=\"21\" class=\"wp-image-3656\" style=\"width: 10px;\" src=\"http:\/\/kommentatorenblog.de\/wp-content\/uploads\/2020\/09\/shure-55sh-ii-e1601485394796.jpg\" alt=\"\" srcset=\"https:\/\/kommentatorenblog.de\/wp-content\/uploads\/2020\/09\/shure-55sh-ii-e1601485394796.jpg 415w, https:\/\/kommentatorenblog.de\/wp-content\/uploads\/2020\/09\/shure-55sh-ii-e1601485394796-142x300.jpg 142w\" sizes=\"auto, (max-width: 10px) 100vw, 10px\" \/> Florian von Stackelberg (Einzelspiel), Stefan Fuckert (Konferenz)<\/p>\n\n\n\n<p><strong style=\"font-style: italic;\"><em><strong>AEK Athen <\/strong><\/em><\/strong><em>(GRE)<\/em><strong style=\"font-style: italic;\"><em><strong> <\/strong><\/em><strong><em><b style=\"font-style: italic;\">\u2013<\/b><\/em><\/strong><\/strong> <em><strong>Brighton &amp; Hove Albion <\/strong>(ENG)<strong> (18.45 Uhr)<\/strong><\/em> <br><img loading=\"lazy\" decoding=\"async\" width=\"10\" height=\"21\" class=\"wp-image-3656\" style=\"width: 10px;\" src=\"http:\/\/kommentatorenblog.de\/wp-content\/uploads\/2020\/09\/shure-55sh-ii-e1601485394796.jpg\" alt=\"\" srcset=\"https:\/\/kommentatorenblog.de\/wp-content\/uploads\/2020\/09\/shure-55sh-ii-e1601485394796.jpg 415w, https:\/\/kommentatorenblog.de\/wp-content\/uploads\/2020\/09\/shure-55sh-ii-e1601485394796-142x300.jpg 142w\" sizes=\"auto, (max-width: 10px) 100vw, 10px\" \/> Rene Langhoff (Einzelspiel), Philip Konrad (Konferenz)<\/p>\n\n\n\n<p><span style=\"text-decoration: underline;\">ab 20.40 Uhr (RTL\/RTL+)<\/span><\/p>\n\n\n\n<p><strong style=\"font-style: italic;\"><em><strong>Eintracht Frankfurt <\/strong><\/em><\/strong><em>(GER)<\/em><strong style=\"font-style: italic;\"><em><strong> <\/strong><\/em><strong><em><b style=\"font-style: italic;\">\u2013<\/b><\/em><\/strong><\/strong> <em><strong>PAOK Saloniki <\/strong>(GRE)<strong> (21.00 Uhr)<\/strong><\/em><\/p>\n\n\n\n<p><img loading=\"lazy\" decoding=\"async\" width=\"10\" height=\"21\" class=\"wp-image-3656\" style=\"width: 10px;\" src=\"http:\/\/kommentatorenblog.de\/wp-content\/uploads\/2020\/09\/shure-55sh-ii-e1601485394796.jpg\" alt=\"\" srcset=\"https:\/\/kommentatorenblog.de\/wp-content\/uploads\/2020\/09\/shure-55sh-ii-e1601485394796.jpg 415w, https:\/\/kommentatorenblog.de\/wp-content\/uploads\/2020\/09\/shure-55sh-ii-e1601485394796-142x300.jpg 142w\" sizes=\"auto, (max-width: 10px) 100vw, 10px\" \/> <em>RTL: <\/em>Marco Hagemann, Experte: Steffen Freund<br>Field-Reporter: Jan Krebs<br>Moderation (<em>RTL<\/em>): Laura Papendick, Experte: Lothar Matth\u00e4us<\/p>\n\n\n\n<p><img loading=\"lazy\" decoding=\"async\" width=\"10\" height=\"21\" class=\"wp-image-3656\" style=\"width: 10px;\" src=\"http:\/\/kommentatorenblog.de\/wp-content\/uploads\/2020\/09\/shure-55sh-ii-e1601485394796.jpg\" alt=\"\" srcset=\"https:\/\/kommentatorenblog.de\/wp-content\/uploads\/2020\/09\/shure-55sh-ii-e1601485394796.jpg 415w, https:\/\/kommentatorenblog.de\/wp-content\/uploads\/2020\/09\/shure-55sh-ii-e1601485394796-142x300.jpg 142w\" sizes=\"auto, (max-width: 10px) 100vw, 10px\" \/> <em>RTL+: <\/em>Christoph Stadtler (Einzelspiel), Alexander K\u00fcpper (Konferenz)<\/p>\n\n\n\n<p><span style=\"text-decoration: underline;\">ab 20.40 Uhr (RTL+)<\/span><\/p>\n\n\n\n<p><strong style=\"font-style: italic;\"><em><strong>BK H\u00e4cken <\/strong><\/em><\/strong><em>(SWE)<\/em><strong style=\"font-style: italic;\"><em><strong> <\/strong><\/em><strong><em><b style=\"font-style: italic;\">\u2013<\/b><\/em><\/strong><\/strong> <em><strong>Bayer 04 Leverkusen <\/strong>(GER)<strong> (21.00 Uhr)<\/strong><\/em> <br><img loading=\"lazy\" decoding=\"async\" width=\"10\" height=\"21\" class=\"wp-image-3656\" style=\"width: 10px;\" src=\"http:\/\/kommentatorenblog.de\/wp-content\/uploads\/2020\/09\/shure-55sh-ii-e1601485394796.jpg\" alt=\"\" srcset=\"https:\/\/kommentatorenblog.de\/wp-content\/uploads\/2020\/09\/shure-55sh-ii-e1601485394796.jpg 415w, https:\/\/kommentatorenblog.de\/wp-content\/uploads\/2020\/09\/shure-55sh-ii-e1601485394796-142x300.jpg 142w\" sizes=\"auto, (max-width: 10px) 100vw, 10px\" \/> Cornelius K\u00fcpper, Experte: Patrick Helmes (Einzelspiel), Michael Born (Konferenz)<br>Field-Reporter: Felix G\u00f6rner<\/p>\n\n\n\n<p><strong style=\"font-style: italic;\"><em><strong>Olympique Marseille <\/strong><\/em><\/strong><em>(FRA)<\/em><strong style=\"font-style: italic;\"><em><strong> <\/strong><\/em><strong><em><b style=\"font-style: italic;\">\u2013<\/b><\/em><\/strong><\/strong> <em><strong>Ajax Amsterdam <\/strong>(NED)<strong> (21.00 Uhr)<\/strong><\/em> <br><img loading=\"lazy\" decoding=\"async\" width=\"10\" height=\"21\" class=\"wp-image-3656\" style=\"width: 10px;\" src=\"http:\/\/kommentatorenblog.de\/wp-content\/uploads\/2020\/09\/shure-55sh-ii-e1601485394796.jpg\" alt=\"\" srcset=\"https:\/\/kommentatorenblog.de\/wp-content\/uploads\/2020\/09\/shure-55sh-ii-e1601485394796.jpg 415w, https:\/\/kommentatorenblog.de\/wp-content\/uploads\/2020\/09\/shure-55sh-ii-e1601485394796-142x300.jpg 142w\" sizes=\"auto, (max-width: 10px) 100vw, 10px\" \/> Stefan Galler (Einzelspiel), Heiko Wasser (Konferenz)<\/p>\n\n\n\n<p><strong style=\"font-style: italic;\"><em><strong>FC Liverpool <\/strong><\/em><\/strong><em>(ENG)<\/em><strong style=\"font-style: italic;\"><em><strong> <\/strong><\/em><strong><em><b style=\"font-style: italic;\">\u2013<\/b><\/em><\/strong><\/strong> <em><strong><em>Linzer ASK<\/em> <\/strong>(AUT)<strong> (21.00 Uhr)<\/strong><\/em> <br><img loading=\"lazy\" decoding=\"async\" width=\"10\" height=\"21\" class=\"wp-image-3656\" style=\"width: 10px;\" src=\"http:\/\/kommentatorenblog.de\/wp-content\/uploads\/2020\/09\/shure-55sh-ii-e1601485394796.jpg\" alt=\"\" srcset=\"https:\/\/kommentatorenblog.de\/wp-content\/uploads\/2020\/09\/shure-55sh-ii-e1601485394796.jpg 415w, https:\/\/kommentatorenblog.de\/wp-content\/uploads\/2020\/09\/shure-55sh-ii-e1601485394796-142x300.jpg 142w\" sizes=\"auto, (max-width: 10px) 100vw, 10px\" \/> Christian Stra\u00dfburger (Einzelspiel), Tim Hemmrich (Konferenz)<\/p>\n\n\n\n<p>Moderation (RTL+): Anna Kraft, Experte: Ansgar Brinkmann<br>Community Host: Jessica Matyschok<\/p>\n\n\n\n<hr class=\"wp-block-separator is-style-default\"\/>\n\n\n\n<p><strong>UEFA Youth League, 5. Spieltag (DAZN)<\/strong><\/p>\n\n\n\n<p><span style=\"text-decoration: underline;\">Mittwoch, 29. November 2023<\/span><\/p>\n\n\n\n<p><strong style=\"font-style: italic;\"><em><strong>Real Sociedad U19 <\/strong><\/em><\/strong><em>(ESP)<\/em><strong style=\"font-style: italic;\"><em><strong> <\/strong><\/em><strong><em><b style=\"font-style: italic;\">\u2013<\/b><\/em><\/strong><\/strong> <em><strong>FC Salzburg U19 <\/strong>(AUT)<strong> (14.00 Uhr)<\/strong><\/em> <br><img loading=\"lazy\" decoding=\"async\" width=\"10\" height=\"21\" class=\"wp-image-3656\" style=\"width: 10px;\" src=\"http:\/\/kommentatorenblog.de\/wp-content\/uploads\/2020\/09\/shure-55sh-ii-e1601485394796.jpg\" alt=\"\" srcset=\"https:\/\/kommentatorenblog.de\/wp-content\/uploads\/2020\/09\/shure-55sh-ii-e1601485394796.jpg 415w, https:\/\/kommentatorenblog.de\/wp-content\/uploads\/2020\/09\/shure-55sh-ii-e1601485394796-142x300.jpg 142w\" sizes=\"auto, (max-width: 10px) 100vw, 10px\" \/> Michi Brandes<\/p>\n\n\n\n<p><strong style=\"font-style: italic;\"><em><strong>FC Bayern M\u00fcnchen U19 <\/strong><\/em><\/strong><em>(GER)<\/em><strong style=\"font-style: italic;\"><em><strong> <\/strong><\/em><strong><em><b style=\"font-style: italic;\">\u2013<\/b><\/em><\/strong><\/strong> <em><strong>FC Kopenhagen U19 <\/strong>(DEN)<strong> (16.00 Uhr)<\/strong><\/em> <br><img loading=\"lazy\" decoding=\"async\" width=\"10\" height=\"21\" class=\"wp-image-3656\" style=\"width: 10px;\" src=\"http:\/\/kommentatorenblog.de\/wp-content\/uploads\/2020\/09\/shure-55sh-ii-e1601485394796.jpg\" alt=\"\" srcset=\"https:\/\/kommentatorenblog.de\/wp-content\/uploads\/2020\/09\/shure-55sh-ii-e1601485394796.jpg 415w, https:\/\/kommentatorenblog.de\/wp-content\/uploads\/2020\/09\/shure-55sh-ii-e1601485394796-142x300.jpg 142w\" sizes=\"auto, (max-width: 10px) 100vw, 10px\" \/> Korbinian Rundel<\/p>\n\n\n\n<hr class=\"wp-block-separator is-style-default\"\/>\n\n\n\n<hr class=\"wp-block-separator is-style-default\"\/>\n\n\n\n<p><strong>3. Liga (GER), Nachholspiele (Magenta Sport)<\/strong><\/p>\n\n\n\n<p><span style=\"text-decoration: underline;\">Dienstag, 28. November 2023, ab 18.45 Uhr<\/span><\/p>\n\n\n\n<p><strong style=\"font-style: italic;\"><em><strong>Sport-Club Freiburg II <\/strong><\/em><strong><em><b style=\"font-style: italic;\">\u2013<\/b><\/em><\/strong><\/strong> <em><strong>Hallescher FC (19.00 Uhr)<\/strong><\/em> <br><img loading=\"lazy\" decoding=\"async\" width=\"10\" height=\"21\" class=\"wp-image-3656\" style=\"width: 10px;\" src=\"http:\/\/kommentatorenblog.de\/wp-content\/uploads\/2020\/09\/shure-55sh-ii-e1601485394796.jpg\" alt=\"\" srcset=\"https:\/\/kommentatorenblog.de\/wp-content\/uploads\/2020\/09\/shure-55sh-ii-e1601485394796.jpg 415w, https:\/\/kommentatorenblog.de\/wp-content\/uploads\/2020\/09\/shure-55sh-ii-e1601485394796-142x300.jpg 142w\" sizes=\"auto, (max-width: 10px) 100vw, 10px\" \/> Mario Bast<br>Moderation: Simon K\u00f6pfer<\/p>\n\n\n\n<p><span style=\"text-decoration: underline;\">Mittwoch, 29. November 2023, ab 18.45 Uhr<\/span><\/p>\n\n\n\n<p><strong style=\"font-style: italic;\"><em><strong>1. FC Saarbr\u00fccken <\/strong><\/em><strong><em><b style=\"font-style: italic;\">\u2013<\/b><\/em><\/strong><\/strong> <em><strong>MSV Duisburg (19.00 Uhr)<\/strong><\/em> <br><img loading=\"lazy\" decoding=\"async\" width=\"10\" height=\"21\" class=\"wp-image-3656\" style=\"width: 10px;\" src=\"http:\/\/kommentatorenblog.de\/wp-content\/uploads\/2020\/09\/shure-55sh-ii-e1601485394796.jpg\" alt=\"\" srcset=\"https:\/\/kommentatorenblog.de\/wp-content\/uploads\/2020\/09\/shure-55sh-ii-e1601485394796.jpg 415w, https:\/\/kommentatorenblog.de\/wp-content\/uploads\/2020\/09\/shure-55sh-ii-e1601485394796-142x300.jpg 142w\" sizes=\"auto, (max-width: 10px) 100vw, 10px\" \/> Philip Konrad<br>Moderation: Kevin Gerwin<\/p>\n\n\n\n<hr class=\"wp-block-separator is-style-default\"\/>\n\n\n\n<p><strong>EFL Championship (ENG), 18. Spieltag (Sportdigital Fu\u00dfball)<\/strong><\/p>\n\n\n\n<p><span style=\"text-decoration: underline;\">Dienstag, 28. November 2023, ab 20.50 Uhr<\/span><\/p>\n\n\n\n<p><strong style=\"font-style: italic;\"><em><strong>FC Watford <\/strong><\/em><strong><em><b style=\"font-style: italic;\">\u2013<\/b><\/em><\/strong><\/strong> <em><strong>Norwich City (21.00 Uhr)<\/strong><\/em> <br><img loading=\"lazy\" decoding=\"async\" width=\"10\" height=\"21\" class=\"wp-image-3656\" style=\"width: 10px;\" src=\"http:\/\/kommentatorenblog.de\/wp-content\/uploads\/2020\/09\/shure-55sh-ii-e1601485394796.jpg\" alt=\"\" srcset=\"https:\/\/kommentatorenblog.de\/wp-content\/uploads\/2020\/09\/shure-55sh-ii-e1601485394796.jpg 415w, https:\/\/kommentatorenblog.de\/wp-content\/uploads\/2020\/09\/shure-55sh-ii-e1601485394796-142x300.jpg 142w\" sizes=\"auto, (max-width: 10px) 100vw, 10px\" \/> Jonathan Dreier<\/p>\n\n\n\n<p><span style=\"text-decoration: underline;\">Mittwoch, 29. November 2023, ab 20.50 Uhr<\/span><\/p>\n\n\n\n<p><strong style=\"font-style: italic;\"><em><strong>Ipswich Town <\/strong><\/em><strong><em><b style=\"font-style: italic;\">\u2013<\/b><\/em><\/strong><\/strong> <em><strong>FC Millwall (21.00 Uhr)<\/strong><\/em> <br><img loading=\"lazy\" decoding=\"async\" width=\"10\" height=\"21\" class=\"wp-image-3656\" style=\"width: 10px;\" src=\"http:\/\/kommentatorenblog.de\/wp-content\/uploads\/2020\/09\/shure-55sh-ii-e1601485394796.jpg\" alt=\"\" srcset=\"https:\/\/kommentatorenblog.de\/wp-content\/uploads\/2020\/09\/shure-55sh-ii-e1601485394796.jpg 415w, https:\/\/kommentatorenblog.de\/wp-content\/uploads\/2020\/09\/shure-55sh-ii-e1601485394796-142x300.jpg 142w\" sizes=\"auto, (max-width: 10px) 100vw, 10px\" \/> Moritz Knorr<\/p>\n\n\n\n<hr class=\"wp-block-separator is-style-default\"\/>\n\n\n\n<p><strong>Campeonato Brasileiro (BRA), 36. Spieltag (Sportdigital Fu\u00dfball)<\/strong><\/p>\n\n\n\n<p><span style=\"text-decoration: underline;\">Donnerstag, 30. November 2023<\/span><\/p>\n\n\n\n<p><strong style=\"font-style: italic;\"><em><strong>Flamengo Rio de Janeiro <\/strong><\/em><strong><em><b style=\"font-style: italic;\">\u2013<\/b><\/em><\/strong><\/strong> <em><strong>Atl\u00e9tico Mineiro (00.00 Uhr)<\/strong><\/em> <br><img loading=\"lazy\" decoding=\"async\" width=\"10\" height=\"21\" class=\"wp-image-3656\" style=\"width: 10px;\" src=\"http:\/\/kommentatorenblog.de\/wp-content\/uploads\/2020\/09\/shure-55sh-ii-e1601485394796.jpg\" alt=\"\" srcset=\"https:\/\/kommentatorenblog.de\/wp-content\/uploads\/2020\/09\/shure-55sh-ii-e1601485394796.jpg 415w, https:\/\/kommentatorenblog.de\/wp-content\/uploads\/2020\/09\/shure-55sh-ii-e1601485394796-142x300.jpg 142w\" sizes=\"auto, (max-width: 10px) 100vw, 10px\" \/> Moritz Knorr<\/p>\n\n\n\n<p><strong style=\"font-style: italic;\"><em><strong>Gr\u00eamio Porto Alegre <\/strong><\/em><strong><em><b style=\"font-style: italic;\">\u2013<\/b><\/em><\/strong><\/strong> <em><strong>Goi\u00e1s EC (23.00 Uhr)<\/strong><\/em> <br><img loading=\"lazy\" decoding=\"async\" width=\"10\" height=\"21\" class=\"wp-image-3656\" style=\"width: 10px;\" src=\"http:\/\/kommentatorenblog.de\/wp-content\/uploads\/2020\/09\/shure-55sh-ii-e1601485394796.jpg\" alt=\"\" srcset=\"https:\/\/kommentatorenblog.de\/wp-content\/uploads\/2020\/09\/shure-55sh-ii-e1601485394796.jpg 415w, https:\/\/kommentatorenblog.de\/wp-content\/uploads\/2020\/09\/shure-55sh-ii-e1601485394796-142x300.jpg 142w\" sizes=\"auto, (max-width: 10px) 100vw, 10px\" \/> Christian Blunck<\/p>\n\n\n\n<hr class=\"wp-block-separator is-style-default\"\/>\n\n\n\n<p><strong>Saudi Pro League (KSA), 15. Spieltag (Sportdigital Fu\u00dfball)<\/strong><\/p>\n\n\n\n<p><span style=\"text-decoration: underline;\">Donnerstag, 30. November 2023<\/span><\/p>\n\n\n\n<p><em style=\"font-style: italic; font-weight: bold;\"><strong>Al-Ittihad Club <\/strong><\/em><span style=\"\"><b style=\"font-style: italic; font-weight: bold;\">\u2013<\/b><\/span><em><strong> Al-Khaleej Club<\/strong><\/em><em><strong> (19.00 Uhr)<\/strong><\/em> <br><img loading=\"lazy\" decoding=\"async\" width=\"10\" height=\"21\" class=\"wp-image-3656\" style=\"width: 10px;\" src=\"http:\/\/kommentatorenblog.de\/wp-content\/uploads\/2020\/09\/shure-55sh-ii-e1601485394796.jpg\" alt=\"\" srcset=\"https:\/\/kommentatorenblog.de\/wp-content\/uploads\/2020\/09\/shure-55sh-ii-e1601485394796.jpg 415w, https:\/\/kommentatorenblog.de\/wp-content\/uploads\/2020\/09\/shure-55sh-ii-e1601485394796-142x300.jpg 142w\" sizes=\"auto, (max-width: 10px) 100vw, 10px\" \/> Martin Hahn<\/p>\n\n\n\n<hr class=\"wp-block-separator is-style-default\"\/>\n\n\n\n<p><strong>AFC Champions League, 1. Spieltag (Sport1+\/Sport1)<\/strong><\/p>\n\n\n\n<p><span style=\"text-decoration: underline;\">Montag, 28. November 2023 (Sport1)<\/span><\/p>\n\n\n\n<p><em style=\"font-style: italic;\"><strong>al-Nassr FC <\/strong>(KSA)<strong style=\"font-weight: bold;\"> <\/strong><\/em><span style=\"\"><b style=\"font-style: italic; font-weight: bold;\">\u2013<\/b><\/span><em><strong> FC Persepolis<\/strong><em style=\"font-style: italic;\"> <\/em><em style=\"font-style: italic;\">(IRN)<\/em><strong> <\/strong><strong>(19.00 Uhr)<\/strong><\/em> <br><img loading=\"lazy\" decoding=\"async\" width=\"10\" height=\"21\" class=\"wp-image-3656\" style=\"width: 10px;\" src=\"http:\/\/kommentatorenblog.de\/wp-content\/uploads\/2020\/09\/shure-55sh-ii-e1601485394796.jpg\" alt=\"\" srcset=\"https:\/\/kommentatorenblog.de\/wp-content\/uploads\/2020\/09\/shure-55sh-ii-e1601485394796.jpg 415w, https:\/\/kommentatorenblog.de\/wp-content\/uploads\/2020\/09\/shure-55sh-ii-e1601485394796-142x300.jpg 142w\" sizes=\"auto, (max-width: 10px) 100vw, 10px\" \/> Oliver Forster<\/p>\n\n\n\n<p><span style=\"text-decoration: underline;\">Mittwoch, 29. November2023 (Sport1+)<\/span><\/p>\n\n\n\n<p><em style=\"font-style: italic;\"><strong>Ventforet Kofu <\/strong>(JPN)<strong style=\"font-weight: bold;\"> <\/strong><\/em><span style=\"\"><b style=\"font-style: italic; font-weight: bold;\">\u2013<\/b><\/span><em><strong> Melbourne City FC <\/strong><em style=\"font-style: italic;\">(AUS)<\/em><strong> (11.00 Uhr)<\/strong><\/em> <br><img loading=\"lazy\" decoding=\"async\" width=\"10\" height=\"21\" class=\"wp-image-3656\" style=\"width: 10px;\" src=\"http:\/\/kommentatorenblog.de\/wp-content\/uploads\/2020\/09\/shure-55sh-ii-e1601485394796.jpg\" alt=\"\" srcset=\"https:\/\/kommentatorenblog.de\/wp-content\/uploads\/2020\/09\/shure-55sh-ii-e1601485394796.jpg 415w, https:\/\/kommentatorenblog.de\/wp-content\/uploads\/2020\/09\/shure-55sh-ii-e1601485394796-142x300.jpg 142w\" sizes=\"auto, (max-width: 10px) 100vw, 10px\" \/> Tobi Fischbeck<\/p>\n\n\n\n<hr class=\"wp-block-separator is-style-default\"\/>\n\n\n\n<p><strong>U17-Weltmeisterschaft, Halbfinale (Sky)<\/strong><\/p>\n\n\n\n<p><span style=\"text-decoration: underline;\">Dienstag, 28. November 2023<\/span><\/p>\n\n\n\n<p><em style=\"font-style: italic;\"><strong>Deutschland<\/strong><strong style=\"font-weight: bold;\"> <\/strong><\/em><span style=\"\"><b style=\"font-style: italic; font-weight: bold;\">\u2013<\/b><\/span><em><strong> Argentinien (09.30 Uhr)<\/strong><\/em> <br><img loading=\"lazy\" decoding=\"async\" width=\"10\" height=\"21\" class=\"wp-image-3656\" style=\"width: 10px;\" src=\"http:\/\/kommentatorenblog.de\/wp-content\/uploads\/2020\/09\/shure-55sh-ii-e1601485394796.jpg\" alt=\"\" srcset=\"https:\/\/kommentatorenblog.de\/wp-content\/uploads\/2020\/09\/shure-55sh-ii-e1601485394796.jpg 415w, https:\/\/kommentatorenblog.de\/wp-content\/uploads\/2020\/09\/shure-55sh-ii-e1601485394796-142x300.jpg 142w\" sizes=\"auto, (max-width: 10px) 100vw, 10px\" \/> Timo Sch\u00e4fers<\/p>\n\n\n\n<hr class=\"wp-block-separator\"\/>\n\n\n\n<p><strong><code>ANALYSE<\/code><\/strong><\/p>\n\n\n\n<p>Aus obiger L\u00e4nge gibt sich die Analyse in voller K\u00fcrze: Prime Video schickt wie gewohnt die volle Kapelle ins Stadion, dieses Mal nach San Siro. Ex-Italien-Legion\u00e4r Klose rotiert im Vergleich zum letzten CL-Spieltag mit dem Heimspiel des BVB gegen Newcastle in die Amazon-Startelf, die ansonsten unver\u00e4ndert bleibt. Der WM-Rekordtorsch\u00fctze verzeichnet damit bereits seinen vierten Saisoneinsatz. <br>Nur einmal komplett ins Stadion geht es dagegen f\u00fcr DAZN. Das Heimspiel der bereits f\u00fcrs Achtelfinale qualifizierten Bayern \u00fcbertr\u00e4gt als einziges mit Moderation, Kommentar, Experte und Field-Reporter von vor Ort &#8211; \u00fcbrigens mit exakt der Crew, die auch den CL-Auftakt gegen ManUnited pr\u00e4sentierte. Die anderen beiden deutschen Spiele von Union und Leipzig sind dagegen vor Ort nur mit einem Fielder besetzt. Kommentar und Moderation (beim Union-Spiel wird die auch eingespart) kommen beide aus der Box in M\u00fcnchen. <\/p>\n\n\n\n<p>Ansonsten bleibt auff\u00e4llig, dass Sportdigital auch in der CL-Woche den Fokus voll auf das wirklich extrem spannende brasilianische Meisterschaftsrennen legt und auch hier wieder zwei Spiele zeigt.<\/p>\n\n\n\n<p>Habt eine gute Woche &#8211; wir sind auf eure Einsch\u00e4tzungen zu den Nominierten f\u00fcr die Awards gespannt (auch wenn das Voting erst kommende Woche beginnt.)<\/p>\n","protected":false},"excerpt":{"rendered":"<p>N&#8217;Abend allerseits, ich will die Hinf\u00fchrung gar nicht l\u00e4nger als n\u00f6tig gestalten: Aus 2019 Vorschl\u00e4gen sind in allen Kategorien die drei h\u00e4ufigst Genannten sowie einen Vorschlag unsererseits nominiert f\u00fcr das Voting der &#8222;Kommentatorenblog Community Awards 2023&#8220;. Manche waren recht deutlich vorne mit \u00fcber 40% der Einsendungen in ihrer Kategorie, bei anderen war&#8217;s sehr knapp. Mit [&hellip;]<\/p>\n","protected":false},"author":12,"featured_media":0,"comment_status":"open","ping_status":"open","sticky":false,"template":"","format":"standard","meta":{"footnotes":""},"categories":[425],"tags":[],"class_list":["post-16051","post","type-post","status-publish","format-standard","hentry","category-champions-league-und-co"],"_links":{"self":[{"href":"https:\/\/kommentatorenblog.de\/index.php?rest_route=\/wp\/v2\/posts\/16051","targetHints":{"allow":["GET"]}}],"collection":[{"href":"https:\/\/kommentatorenblog.de\/index.php?rest_route=\/wp\/v2\/posts"}],"about":[{"href":"https:\/\/kommentatorenblog.de\/index.php?rest_route=\/wp\/v2\/types\/post"}],"author":[{"embeddable":true,"href":"https:\/\/kommentatorenblog.de\/index.php?rest_route=\/wp\/v2\/users\/12"}],"replies":[{"embeddable":true,"href":"https:\/\/kommentatorenblog.de\/index.php?rest_route=%2Fwp%2Fv2%2Fcomments&post=16051"}],"version-history":[{"count":28,"href":"https:\/\/kommentatorenblog.de\/index.php?rest_route=\/wp\/v2\/posts\/16051\/revisions"}],"predecessor-version":[{"id":16157,"href":"https:\/\/kommentatorenblog.de\/index.php?rest_route=\/wp\/v2\/posts\/16051\/revisions\/16157"}],"wp:attachment":[{"href":"https:\/\/kommentatorenblog.de\/index.php?rest_route=%2Fwp%2Fv2%2Fmedia&parent=16051"}],"wp:term":[{"taxonomy":"category","embeddable":true,"href":"https:\/\/kommentatorenblog.de\/index.php?rest_route=%2Fwp%2Fv2%2Fcategories&post=16051"},{"taxonomy":"post_tag","embeddable":true,"href":"https:\/\/kommentatorenblog.de\/index.php?rest_route=%2Fwp%2Fv2%2Ftags&post=16051"}],"curies":[{"name":"wp","href":"https:\/\/api.w.org\/{rel}","templated":true}]}}