{"id":1618,"date":"2020-02-24T21:34:13","date_gmt":"2020-02-24T21:34:13","guid":{"rendered":"http:\/\/kommentatorenblog.de\/?p=1618"},"modified":"2020-12-30T16:06:05","modified_gmt":"2020-12-30T16:06:05","slug":"1059-sky-aus-dem-stadion-dazn-aus-der-box","status":"publish","type":"post","link":"https:\/\/kommentatorenblog.de\/?p=1618","title":{"rendered":"1059 \u2013 Sky aus dem Stadion, DAZN aus der Box"},"content":{"rendered":"\n<p>N\u2019Abend allerseits,<\/p>\n\n\n\n<p>Heute zu sp\u00e4ter Stunde nach einem ziemlich unterdurchschnittlichen Tag. Ich bitte um Nachsicht, ich werde morgen noch ein paar Zeilen zum vergangenen Wochenende verlieren. 1000 Dank an Leon, welcher die Ansetzungen bereits vorgefertigt hat!<\/p>\n\n\n\n<p><strong><em>Die Ansetzungen vom 25. Februar 2020 bis zum 27. Februar 2020<\/em><\/strong><\/p>\n\n\n\n<p><strong>UEFA Champions League, Hinspiel Achtelfinale<\/strong><\/p>\n\n\n\n<p><span style=\"text-decoration: underline;\">Dienstag, 25. Februar, ab 19.30 Uhr (Sky)<\/span><\/p>\n\n\n\n<p><em><strong>FC Chelsea \u2013 FC Bayern M\u00fcnchen (21.00 Uhr)<\/strong><\/em><\/p>\n\n\n\n<p>Sky: Wolff Fuss (Einzelspiel), Kai Dittmann (Konferenz)<\/p>\n\n\n\n<p>Field-Reporter: Patrick Wasserziehr<\/p>\n\n\n\n<p><span style=\"text-decoration: underline;\">ab 20.45 Uhr (DAZN)\/ ab 19.30 Uhr (Sky)<\/span> <\/p>\n\n\n\n<p><em><strong>SSC Neapel \u2013&nbsp;FC Barcelona (21.00 Uhr)<\/strong><\/em><\/p>\n\n\n\n<p>DAZN: Marco Hagemann, Experte: Jonas Hummels<\/p>\n\n\n\n<p>Moderation (DAZN): Alex Schl\u00fcter<\/p>\n\n\n\n<p>Sky: Toni Tomic (Konferenz)<\/p>\n\n\n\n<p>Moderation (Sky): Sebastian Hellmann, Experten:&nbsp;Lothar Matth\u00e4us, Stefan Effenberg &amp; Erik Meijer<\/p>\n\n\n\n<p><span style=\"text-decoration: underline;\">Mittwoch, 26. Februar, ab 19.30 Uhr (Sky)<\/span><\/p>\n\n\n\n<p><em><strong>Real Madrid \u2013&nbsp;Manchester City (21.00 Uhr)<\/strong><\/em><\/p>\n\n\n\n<p>Sky: Martin Gro\u00df (Einzelspiel), Oliver Seidler (Konferenz)<\/p>\n\n\n\n<p>Field-Reporter: Jesco von Eichmann <\/p>\n\n\n\n<p><span style=\"text-decoration: underline;\">ab 20.45 Uhr (DAZN) \/ ab 19.30 Uhr (Sky)<\/span><\/p>\n\n\n\n<p><strong><em>Olympique Lyon<\/em><\/strong>&nbsp;<em><strong>\u2013<\/strong><\/em>&nbsp;<strong><em>Juventus Turin (21.00 Uhr)<\/em><\/strong><\/p>\n\n\n\n<p>DAZN: Jan Platte, Experte: Sebastian Knei\u00dfl<\/p>\n\n\n\n<p>Moderation (DAZN): Lukas Sch\u00f6nm\u00fcller<\/p>\n\n\n\n<p>Sky: Michael Born (Konferenz)<\/p>\n\n\n\n<p>Moderation (Sky): Michael Leopold, Experten:&nbsp;Didi Hamann, Mladen Petric, Raphael Honigstein &amp; Erik Meijer. <\/p>\n\n\n\n<p><strong>Europa League, Sechzehntelfinale<\/strong>&nbsp;\u2013&nbsp;<strong>R\u00fcckspiel<\/strong><\/p>\n\n\n\n<p><span style=\"text-decoration: underline;\">Donnerstag, 27. Februar, ab 18.40 Uhr (DAZN)<\/span><\/p>\n\n\n\n<p><strong>fr\u00fche GoalZone<\/strong><\/p>\n\n\n\n<p>DAZN: Christoph Stadler, Experte: Ralph Gunesch<\/p>\n\n\n\n<p><em><strong>FC Porto<\/strong><\/em>&nbsp;<em><strong>\u2013<\/strong><\/em>&nbsp;<em><strong>Bayer 04 Leverkusen (18.55 Uhr)<\/strong><\/em><\/p>\n\n\n\n<p>DAZN: Lukas Sch\u00f6nm\u00fcller, Experte: Sebastian Knei\u00dfl<\/p>\n\n\n\n<p>Moderation (DAZN): Tobi Wahnschaffe <\/p>\n\n\n\n<p><span style=\"text-decoration: underline;\">ab 18.50 Uhr (DAZN)<\/span><\/p>\n\n\n\n<p><em><strong>Malm\u00f6 FF<\/strong><\/em>&nbsp;<em><strong>\u2013<\/strong><\/em>&nbsp;<em><strong>VfL Wolfsburg (18.55 Uhr)<\/strong><\/em><\/p>\n\n\n\n<p>DAZN: Uwe Morawe, Experte: Lutz Pfannenstiel<\/p>\n\n\n\n<p><strong><em>KAA Gent \u2013 AS Rom (18.55 Uhr)<\/em><\/strong><\/p>\n\n\n\n<p>DAZN: Mario Rieker<\/p>\n\n\n\n<p><strong><em>Linzer ASK \u2013 AZ Almaar (18.55 Uhr)<\/em><\/strong><\/p>\n\n\n\n<p>DAZN: Christian Brugger, Experte: Oliver Lederer<\/p>\n\n\n\n<p><strong><em>Istanbul Basaksehir \u2013 Sporting Lissabon (18.55 Uhr)<\/em><\/strong><\/p>\n\n\n\n<p>DAZN: Max Siebald<\/p>\n\n\n\n<p><strong><em>Espanyol Barcelona \u2013 Wolverhampton Wanderers (18.55 Uhr)<\/em><\/strong><\/p>\n\n\n\n<p>DAZN: Guido H\u00fcsgen <\/p>\n\n\n\n<p><span style=\"text-decoration: underline;\">ab 20.15 (RTL) \/ ab 20.45 Uhr (DAZN)<\/span><\/p>\n\n\n\n<p><strong><em>FC Salzburg<\/em><\/strong>&nbsp;<em><strong>\u2013<\/strong><\/em>&nbsp;<strong><em>Eintracht Frankfurt (21.00 Uhr)<\/em><\/strong><\/p>\n\n\n\n<p>RTL: Marco Hagemann, Experte: Steffen Freund<\/p>\n\n\n\n<p>Moderation (RTL): Laura Wontorra, Experte: Roman Weidenfeller<\/p>\n\n\n\n<p>DAZN: Jan Platte, Experte: Jonas Hummels<\/p>\n\n\n\n<p>Moderation (DAZN): Alex Schl\u00fcter, Field-Reporter: Daniel Herzog<\/p>\n\n\n\n<p><span style=\"text-decoration: underline;\">ab 20.55 Uhr (DAZN)<\/span><\/p>\n\n\n\n<p><strong>sp\u00e4te GoalZone<\/strong><\/p>\n\n\n\n<p>DAZN: Jan L\u00fcdeke, Experte: Ralph Gunesch<\/p>\n\n\n\n<p><strong><em>Manchester United \u2013 FC Br\u00fcgge (21.00 Uhr)<\/em><\/strong><\/p>\n\n\n\n<p>DAZN: Freddy Harder <\/p>\n\n\n\n<p><strong><em>FC Sevilla \u2013 CFR Cluj (21.00 Uhr)<\/em><\/strong><\/p>\n\n\n\n<p>DAZN: Max Gross<\/p>\n\n\n\n<p><strong><em>FC Arsenal \u2013 Olympiakos Pir\u00e4us (21.00 Uhr)<\/em><\/strong><\/p>\n\n\n\n<p>DAZN: Matthias Naebers, Experte: Helge Payer<\/p>\n\n\n\n<p><strong><em>Ajax Amsterdam \u2013 FC Getafe (21.00 Uhr)<\/em><\/strong><\/p>\n\n\n\n<p>DAZN: Daniel G\u00fcnther, Experte: Benny Lauth<\/p>\n\n\n\n<p><strong><em>Inter Mailand \u2013 Ludogorets Rasgrad (21.00 Uhr)<\/em><\/strong><\/p>\n\n\n\n<p>DAZN: Carsten Fu\u00df<\/p>\n\n\n\n<p><strong>Die Analyse<\/strong><\/p>\n\n\n\n<p>Wie bereits in der \u00dcberschrift zu erkennen, haben die \u00fcbertragenden Sender der Champions League dieses Mal ganz unterschiedliche Vorgehensweisen. W\u00e4hrend f\u00fcr DAZN in der K\u00f6nigsklasse alles aus der Box kommt, schickt Sky sein Personal in die Stadien. Gut, dass mag beim Gastspiel der Bayern in London niemanden \u00fcberraschen, aber tats\u00e4chlich sind tags darauf auch Martin Gro\u00df und Jesco von Eichmann in Madrid zugegen. Seidler und Born am Mittwoch klingt nach einer wunderbar norddeutschen Konferenz. <\/p>\n\n\n\n<p>Der einzige DAZN-Mann, der \u00fcberhaupt in einem Stadion anzutreffen ist, ist Daniel Herzog &#8211; dieser geht in Salzburg am Donnerstag auf Stimmenfang. Der ganze Rest kommt aus der Box. Schauen wir noch auf die Ansetzungen bei Spielen mit deutscher Beteiligung: Platte und Hummels bleiben den Frankfurtern erhalten, Uwe Morawe darf, wie so h\u00e4ufig, wieder Wolfsburg kommentieren. Hat er auch letzte Woche gemacht, da jedoch noch mit Alexis Menuge an seiner Seite. Beim Spiel der Leverkusener wird Uli Hebel durch Lukas Sch\u00f6nm\u00fcller ersetzt, Sebastian Knei\u00dfl ist und bleibt jedoch der Experte. Auch RTL ist wieder am Start, letzte Woche war man bei eben jenen Leverkusenern zugegen, nun reist man mit den Frankfurtern nach Salzburg. <\/p>\n\n\n\n<p>Euch eine gute Woche!<\/p>\n","protected":false},"excerpt":{"rendered":"<p>N\u2019Abend allerseits, Heute zu sp\u00e4ter Stunde nach einem ziemlich unterdurchschnittlichen Tag. Ich bitte um Nachsicht, ich werde morgen noch ein paar Zeilen zum vergangenen Wochenende verlieren. 1000 Dank an Leon, welcher die Ansetzungen bereits vorgefertigt hat! Die Ansetzungen vom 25. Februar 2020 bis zum 27. Februar 2020 UEFA Champions League, Hinspiel Achtelfinale Dienstag, 25. Februar, [&hellip;]<\/p>\n","protected":false},"author":4,"featured_media":0,"comment_status":"open","ping_status":"open","sticky":false,"template":"","format":"standard","meta":{"footnotes":""},"categories":[425],"tags":[49,160,212,13,42,48,267,169,93,205,43,95,114,113,94,138,222,22,151,24,105,107],"class_list":["post-1618","post","type-post","status-publish","format-standard","hentry","category-champions-league-und-co","tag-alex-schlueter","tag-champions-league","tag-daniel-herzog","tag-dazn","tag-europa-league","tag-jan-platte","tag-jesco-von-eichmann","tag-jonas-hummels","tag-kai-dittmann","tag-lukas-schoenmueller","tag-marco-hagemann","tag-martin-gross","tag-michael-born","tag-oliver-seidler","tag-patrick-wasserziehr","tag-rtl","tag-sebastian-kneissl","tag-sky","tag-steffen-freund","tag-toni-tomic","tag-uli-hebel","tag-wolff-fuss"],"_links":{"self":[{"href":"https:\/\/kommentatorenblog.de\/index.php?rest_route=\/wp\/v2\/posts\/1618","targetHints":{"allow":["GET"]}}],"collection":[{"href":"https:\/\/kommentatorenblog.de\/index.php?rest_route=\/wp\/v2\/posts"}],"about":[{"href":"https:\/\/kommentatorenblog.de\/index.php?rest_route=\/wp\/v2\/types\/post"}],"author":[{"embeddable":true,"href":"https:\/\/kommentatorenblog.de\/index.php?rest_route=\/wp\/v2\/users\/4"}],"replies":[{"embeddable":true,"href":"https:\/\/kommentatorenblog.de\/index.php?rest_route=%2Fwp%2Fv2%2Fcomments&post=1618"}],"version-history":[{"count":18,"href":"https:\/\/kommentatorenblog.de\/index.php?rest_route=\/wp\/v2\/posts\/1618\/revisions"}],"predecessor-version":[{"id":1642,"href":"https:\/\/kommentatorenblog.de\/index.php?rest_route=\/wp\/v2\/posts\/1618\/revisions\/1642"}],"wp:attachment":[{"href":"https:\/\/kommentatorenblog.de\/index.php?rest_route=%2Fwp%2Fv2%2Fmedia&parent=1618"}],"wp:term":[{"taxonomy":"category","embeddable":true,"href":"https:\/\/kommentatorenblog.de\/index.php?rest_route=%2Fwp%2Fv2%2Fcategories&post=1618"},{"taxonomy":"post_tag","embeddable":true,"href":"https:\/\/kommentatorenblog.de\/index.php?rest_route=%2Fwp%2Fv2%2Ftags&post=1618"}],"curies":[{"name":"wp","href":"https:\/\/api.w.org\/{rel}","templated":true}]}}