{"id":16180,"date":"2023-12-04T21:27:04","date_gmt":"2023-12-04T20:27:04","guid":{"rendered":"http:\/\/kommentatorenblog.de\/?p=16180"},"modified":"2023-12-04T22:18:30","modified_gmt":"2023-12-04T21:18:30","slug":"laenderspiel-pokal-die-dritte","status":"publish","type":"post","link":"https:\/\/kommentatorenblog.de\/?p=16180","title":{"rendered":"1384 \u2013 L\u00e4nderspiel &#038; Pokal &#8211; die Dritte"},"content":{"rendered":"\n<p><strong>N&#8217;Abend Allerseits! <\/strong><\/p>\n\n\n\n<p>die Achtelfinals im DFB- Pokal der M\u00e4nner stehen an, und ihr ahnt es, damit auch wieder Nations League- Spiele bei den Frauen.<\/p>\n\n\n\n<p>Am Dienstag kommt es erneut dazu, dass das L\u00e4nderspiel der DFB- Frauen am selben Tag wie Partien im DFB- Pokal stattfinden, wie bereits in der 2. Runde auch so, dass sich die Spiele zeitlich \u00fcberschneiden.<\/p>\n\n\n\n<p><strong>Pokal und L\u00e4nderspiel \u00fcberschneiden sich<\/strong><\/p>\n\n\n\n<p>F\u00fcr die 2. Runde hatten wir die Thematik dazu ja bereits schon mal ausf\u00fchrlich beleuchtet. Der DFB antwortete damals auf unsere Anfrage, dass der Spielkalender derma\u00dfen eng sei und es deshalb bedauerlicherweise immer wieder zu \u00dcberschneidungen komme. &#8222;Die internationalen Termine der Nationalmannschaften (&#8230;) liegen dabei meist nur als Zeitraum und nicht als konkrete Spieltermine vor. Die konkreten Spieltermine ergeben sich dann meist erst relativ kurzfristig&#8220;, hei\u00dft es weiter vom DFB- Presseteam.<\/p>\n\n\n\n<p>Wir hatten damals schon angedeutet, dass es an diesem Dienstag erneut zu dieser Problematik kommen w\u00fcrde, da damals das L\u00e4nderspiel bereits f\u00fcr 19.30 Uhr angesetzt war, und klar war, dass ARD und ZDF am Dienstag und Mittwoch das Recht auf die \u00dcbertragung von drei Pokalspielen haben.<\/p>\n\n\n\n<p>Laut einem Bericht der Bild (Quelle: <a href=\"https:\/\/www.bild.de\/sport\/fussball\/fussball\/frauenfussball-tv-wut-ard-zeigt-deutschland-gegen-wales-nicht-im-fernsehen-86318690.bild.html?t_ref=https%3A%2F%2Fwww.google.de%2F\">Frauenfu\u00dfball: TV-Wut! ARD zeigt Deutschland gegen Wales nicht im Fernsehen | Sport | BILD.de<\/a>)  ist es auch so, dass die ARD zu den \u00dcbertragung der Pokalpartien vertraglich verpflichtet sei, weshalb die Sendeplatz bereits blockiert ist. Eine \u00dcbertragung des L\u00e4nderspiels im ZDF oder in den dritten Programmen sei laut Bild ebenfalls rechtlich nicht m\u00f6glich gewesen. Aus diesem Grund gibt es das letzte Gruppenspiel der DFB- Frauen in Wales nur im Stream auf sportschau.de und in der ARD- Mediathek zu sehen. Im Anschluss an die Pokalpartien gibt es aber eine Zusammenfassung der Nations League- Partie.<\/p>\n\n\n\n<p>H\u00e4tte sich die ARD f\u00fcr zwei Pokalpartien am Mittwoch entschieden, so w\u00e4re zwar der Sendeplatz am Dienstag frei gewesen, allerdings h\u00e4tte hier dann das ZDF seine Pokal\u00fcbertragung senden m\u00fcssen. Im Sinne des Vielfaltsangebots wollen die \u00f6ffentlich- rechtlichen Sender laut dem Artikel jedoch keine Doppelbelegung an Live- Fu\u00dfball (zumindest bei den gro\u00dfen Sendern), weshalb wohl diese M\u00f6glichkeit nicht in Betracht gezogen wurde. Dazu w\u00fcrde man sich hier wohl auch die Zuschauer gegenseitig wegnehmen. <\/p>\n\n\n\n<p><strong>Verlegung scheitert<\/strong><\/p>\n\n\n\n<p>Laut dem Bericht der Bild soll es deshalb den Versuch der ARD gegeben haben, die Ansto\u00dfzeit des L\u00e4nderspiels zu verlegen, um die Partien nacheinander zu \u00fcbertragen, dies scheiterte allerdings an der UEFA und den anderen Verb\u00e4nden.<\/p>\n\n\n\n<p>Ob eine Konferenz zwischen den Pokalpartien und der Partie Wales- Deutschland m\u00f6glich gewesen w\u00e4re, ist uns nicht bekannt, sch\u00f6n w\u00e4re es gewesen. Es ist in jedem Fall schade, dass es zu solchen (wiederholten) \u00dcberschneidungen kommt und bleibt sehr zu hoffen, dass die Verb\u00e4nde hier bessere L\u00f6sungen im Sinne der Sichtbarkeit finden. Denn klar ist auch, dass f\u00fcr ARD und ZDF die Situation suboptimal ist, wenn unterschiedliche Wettbewerbe an denen man die Rechte h\u00e4lt, nahezu parallel stattfinden. <\/p>\n\n\n\n<p>Letztendlich sollte f\u00fcr die Zukunft gelten, dass alle L\u00e4nderspiele bei den Frauen wie bei den M\u00e4nnern nicht nur digital sondern auch linear ausgestrahlt werden. Das Spiel Deutschland- D\u00e4nemark im ZDF hat dabei auch nochmals unterstrichen wie viele Menschen hier erreicht werden (k\u00f6nnen). Sichtbarkeit ist extrem wichtig und bleibt weiterhin ein wichtiger Punkt bei der Professionalisierung und Weiterentwicklung des Fu\u00dfballs bei den Frauen! <\/p>\n\n\n\n<hr class=\"wp-block-separator\"\/>\n\n\n\n<p><strong><em>Die Ansetzungen vom 05. Dezember bis zum 07. Dezember 2023 <\/em><\/strong><\/p>\n\n\n\n<p><strong>Nations League, L\u00e4nderspiel der Frauen, 6. Spieltag (sportschau.de\/ARD-Mediathek)<\/strong><\/p>\n\n\n\n<p>.<span style=\"text-decoration: underline;\">Dienstag, 05. Dezember 2023 ab 19.20 Uhr (ARD-Livestream)<\/span><\/p>\n\n\n\n<p><em><strong>Wales \u2013 Deutschland (19.30 Uhr)<\/strong><\/em><\/p>\n\n\n\n<p><img loading=\"lazy\" decoding=\"async\" width=\"10\" height=\"21\" class=\"wp-image-3656\" style=\"width: 10px;\" src=\"http:\/\/kommentatorenblog.de\/wp-content\/uploads\/2020\/09\/shure-55sh-ii-e1601485394796.jpg\" alt=\"\" srcset=\"https:\/\/kommentatorenblog.de\/wp-content\/uploads\/2020\/09\/shure-55sh-ii-e1601485394796.jpg 415w, https:\/\/kommentatorenblog.de\/wp-content\/uploads\/2020\/09\/shure-55sh-ii-e1601485394796-142x300.jpg 142w\" sizes=\"auto, (max-width: 10px) 100vw, 10px\" \/> Stephanie Baczyk, Expertin: Almuth Schult, Field- Reporterin: Inka Blumensaat<\/p>\n\n\n\n<p><strong>DFB-Pokal (Achtelfinale) <\/strong><\/p>\n\n\n\n<p><span style=\"text-decoration: underline;\"><span style=\"text-decoration: underline;\">Dienstag, 05. Dezember<\/span> 2023, ab 17.30 Uhr (Sky)<\/span><\/p>\n\n\n\n<p><strong><em>1. FC Magdeburg &#8211; Fortuna D\u00fcsseldorf (18.00 Uhr) <\/em><\/strong><\/p>\n\n\n\n<p><img loading=\"lazy\" decoding=\"async\" width=\"10\" height=\"21\" class=\"wp-image-3656\" style=\"width: 10px;\" src=\"http:\/\/kommentatorenblog.de\/wp-content\/uploads\/2020\/09\/shure-55sh-ii-e1601485394796.jpg\" alt=\"\" srcset=\"https:\/\/kommentatorenblog.de\/wp-content\/uploads\/2020\/09\/shure-55sh-ii-e1601485394796.jpg 415w, https:\/\/kommentatorenblog.de\/wp-content\/uploads\/2020\/09\/shure-55sh-ii-e1601485394796-142x300.jpg 142w\" sizes=\"auto, (max-width: 10px) 100vw, 10px\" \/> Hansi K\u00fcpper (Einzelspiel), Roland Evers (Konferenz)<\/p>\n\n\n\n<p>Field-Reporter: Karsten Petrizika<\/p>\n\n\n\n<p><span style=\"text-decoration: underline;\"><span style=\"text-decoration: underline;\">Dienstag, 05. Dezember<\/span> 2023, ab 17.40 (ARD) bzw. ab 17.30 Uhr (Sky)<\/span><\/p>\n\n\n\n<p><em><strong style=\"font-style: italic;\">1. FC Kaiserslautern &#8211; 1. FC N\u00fcrnberg<\/strong><strong> (18.00 Uhr)<\/strong> <\/em><\/p>\n\n\n\n<p>ARD: <img loading=\"lazy\" decoding=\"async\" width=\"10\" height=\"21\" class=\"wp-image-3656\" style=\"width: 10px;\" src=\"http:\/\/kommentatorenblog.de\/wp-content\/uploads\/2020\/09\/shure-55sh-ii-e1601485394796.jpg\" alt=\"\" srcset=\"https:\/\/kommentatorenblog.de\/wp-content\/uploads\/2020\/09\/shure-55sh-ii-e1601485394796.jpg 415w, https:\/\/kommentatorenblog.de\/wp-content\/uploads\/2020\/09\/shure-55sh-ii-e1601485394796-142x300.jpg 142w\" sizes=\"auto, (max-width: 10px) 100vw, 10px\" \/> Florian Na\u00df<\/p>\n\n\n\n<p>Sky: <img loading=\"lazy\" decoding=\"async\" width=\"10\" height=\"21\" class=\"wp-image-3656\" style=\"width: 10px;\" src=\"http:\/\/kommentatorenblog.de\/wp-content\/uploads\/2020\/09\/shure-55sh-ii-e1601485394796.jpg\" alt=\"\" srcset=\"https:\/\/kommentatorenblog.de\/wp-content\/uploads\/2020\/09\/shure-55sh-ii-e1601485394796.jpg 415w, https:\/\/kommentatorenblog.de\/wp-content\/uploads\/2020\/09\/shure-55sh-ii-e1601485394796-142x300.jpg 142w\" sizes=\"auto, (max-width: 10px) 100vw, 10px\" \/> Klaus Veltman (Einzelspiel), Florian Schmidt-Sommerfeld (Konferenz)<\/p>\n\n\n\n<p>Moderation (ARD): Alexander Bommes, Experte: Bastian Schweinsteiger, Field-Reporterin: Lea Wagner <\/p>\n\n\n\n<p>Field-Reporterin (Sky): Britta Hofmann<\/p>\n\n\n\n<p><span style=\"text-decoration: underline;\"><span style=\"text-decoration: underline;\"><span style=\"text-decoration: underline;\">Dienstag, 05. Dezember<\/span><\/span> 2023, ab 20.15 Uhr (ARD) bzw. ab 20.40 Uhr (Sky)<\/span><\/p>\n\n\n\n<p><em><strong>Borussia M\u00f6nchengladbach &#8211; VfL Wolfsburg (20.45 Uhr)<\/strong><\/em><\/p>\n\n\n\n<p>ARD: <img loading=\"lazy\" decoding=\"async\" width=\"10\" height=\"21\" class=\"wp-image-3656\" style=\"width: 10px;\" src=\"http:\/\/kommentatorenblog.de\/wp-content\/uploads\/2020\/09\/shure-55sh-ii-e1601485394796.jpg\" alt=\"\" srcset=\"https:\/\/kommentatorenblog.de\/wp-content\/uploads\/2020\/09\/shure-55sh-ii-e1601485394796.jpg 415w, https:\/\/kommentatorenblog.de\/wp-content\/uploads\/2020\/09\/shure-55sh-ii-e1601485394796-142x300.jpg 142w\" sizes=\"auto, (max-width: 10px) 100vw, 10px\" \/> Christina Graf<\/p>\n\n\n\n<p>Sky: <img loading=\"lazy\" decoding=\"async\" width=\"10\" height=\"21\" class=\"wp-image-3656\" style=\"width: 10px;\" src=\"http:\/\/kommentatorenblog.de\/wp-content\/uploads\/2020\/09\/shure-55sh-ii-e1601485394796.jpg\" alt=\"\" srcset=\"https:\/\/kommentatorenblog.de\/wp-content\/uploads\/2020\/09\/shure-55sh-ii-e1601485394796.jpg 415w, https:\/\/kommentatorenblog.de\/wp-content\/uploads\/2020\/09\/shure-55sh-ii-e1601485394796-142x300.jpg 142w\" sizes=\"auto, (max-width: 10px) 100vw, 10px\" \/> Marcus Lindemann (Einzelspiel), Wolff Fuss (Konferenz)<\/p>\n\n\n\n<p>Moderation (ARD): Alexander Bommes, Experte: Bastian Schweinsteiger, Field-Reporter: Claus Lufen<\/p>\n\n\n\n<p>Field-Reporter (Sky): Martin Gro\u00df<\/p>\n\n\n\n<p><span style=\"text-decoration: underline;\"><span style=\"text-decoration: underline;\"><span style=\"text-decoration: underline;\">Dienstag, 05. Dezember<\/span><\/span> 2023, ab 20.35 Uhr (Sky)<\/span><\/p>\n\n\n\n<p><em><strong style=\"font-style: italic;\">FC 08 Homburg &#8211; FC St. Pauli<\/strong><strong> (20.45 Uhr)<\/strong> <\/em><\/p>\n\n\n\n<p><img loading=\"lazy\" decoding=\"async\" width=\"10\" height=\"21\" class=\"wp-image-3656\" style=\"width: 10px;\" src=\"http:\/\/kommentatorenblog.de\/wp-content\/uploads\/2020\/09\/shure-55sh-ii-e1601485394796.jpg\" alt=\"\" srcset=\"https:\/\/kommentatorenblog.de\/wp-content\/uploads\/2020\/09\/shure-55sh-ii-e1601485394796.jpg 415w, https:\/\/kommentatorenblog.de\/wp-content\/uploads\/2020\/09\/shure-55sh-ii-e1601485394796-142x300.jpg 142w\" sizes=\"auto, (max-width: 10px) 100vw, 10px\" \/> Kai Dittmann (Einzelspiel), Jonas Friedrich (Konferenz)<\/p>\n\n\n\n<p>Field-Reporter: Michael Leopold<\/p>\n\n\n\n<p>Moderation: <\/p>\n\n\n\n<p><span style=\"text-decoration: underline;\">Mittwoch, 06. Dezember 2023, ab 17.30 Uhr (Sky)<\/span><\/p>\n\n\n\n<p><em><strong style=\"font-style: italic;\">Bayer Leverkusen &#8211; SC Paderborn 07<\/strong><strong> (18.00 Uhr)<\/strong> <\/em><\/p>\n\n\n\n<p><img loading=\"lazy\" decoding=\"async\" width=\"10\" height=\"21\" class=\"wp-image-3656\" style=\"width: 10px;\" src=\"http:\/\/kommentatorenblog.de\/wp-content\/uploads\/2020\/09\/shure-55sh-ii-e1601485394796.jpg\" alt=\"\" srcset=\"https:\/\/kommentatorenblog.de\/wp-content\/uploads\/2020\/09\/shure-55sh-ii-e1601485394796.jpg 415w, https:\/\/kommentatorenblog.de\/wp-content\/uploads\/2020\/09\/shure-55sh-ii-e1601485394796-142x300.jpg 142w\" sizes=\"auto, (max-width: 10px) 100vw, 10px\" \/> Martin Gro\u00df (Einzelspiel), Roland Evers (Konferenz)<\/p>\n\n\n\n<p>Field-Reporter: Dirk gro\u00dfe Schlarmann<\/p>\n\n\n\n<p><em><strong style=\"font-style: italic;\">1. FC Saarbr\u00fccken &#8211; Eintracht Frankfurt<\/strong><\/em> <em><strong>(18.00 Uhr)<\/strong> <\/em><\/p>\n\n\n\n<p><img loading=\"lazy\" decoding=\"async\" width=\"10\" height=\"21\" class=\"wp-image-3656\" style=\"width: 10px;\" src=\"http:\/\/kommentatorenblog.de\/wp-content\/uploads\/2020\/09\/shure-55sh-ii-e1601485394796.jpg\" alt=\"\" srcset=\"https:\/\/kommentatorenblog.de\/wp-content\/uploads\/2020\/09\/shure-55sh-ii-e1601485394796.jpg 415w, https:\/\/kommentatorenblog.de\/wp-content\/uploads\/2020\/09\/shure-55sh-ii-e1601485394796-142x300.jpg 142w\" sizes=\"auto, (max-width: 10px) 100vw, 10px\" \/> Kai Dittmann (Einzelspiel), Markus G\u00f6tz (Konferenz)<\/p>\n\n\n\n<p>Field-Reporter: Stefan Hempel<\/p>\n\n\n\n<p><span style=\"text-decoration: underline;\">Mittwoch, <span style=\"text-decoration: underline;\">06. Dezember <\/span>ab 20.15 Uhr (ZDF) ab 20.40 Uhr (Sky)<\/span><\/p>\n\n\n\n<p><em><strong>VfB Stuttgart &#8211; Borussia Dortmund (20.45 Uhr<\/strong><\/em>)<\/p>\n\n\n\n<p>ZDF: <img loading=\"lazy\" decoding=\"async\" width=\"10\" height=\"21\" class=\"wp-image-3656\" style=\"width: 10px;\" src=\"http:\/\/kommentatorenblog.de\/wp-content\/uploads\/2020\/09\/shure-55sh-ii-e1601485394796.jpg\" alt=\"\" srcset=\"https:\/\/kommentatorenblog.de\/wp-content\/uploads\/2020\/09\/shure-55sh-ii-e1601485394796.jpg 415w, https:\/\/kommentatorenblog.de\/wp-content\/uploads\/2020\/09\/shure-55sh-ii-e1601485394796-142x300.jpg 142w\" sizes=\"auto, (max-width: 10px) 100vw, 10px\" \/> Martin Schneider<\/p>\n\n\n\n<p>Sky: <img loading=\"lazy\" decoding=\"async\" width=\"10\" height=\"21\" class=\"wp-image-3656\" style=\"width: 10px;\" src=\"http:\/\/kommentatorenblog.de\/wp-content\/uploads\/2020\/09\/shure-55sh-ii-e1601485394796.jpg\" alt=\"\" srcset=\"https:\/\/kommentatorenblog.de\/wp-content\/uploads\/2020\/09\/shure-55sh-ii-e1601485394796.jpg 415w, https:\/\/kommentatorenblog.de\/wp-content\/uploads\/2020\/09\/shure-55sh-ii-e1601485394796-142x300.jpg 142w\" sizes=\"auto, (max-width: 10px) 100vw, 10px\" \/> Wolff Fuss (Einzelspiel), Jonas Friedrich (Konferenz), Hannes Herrmann (Konferenz-Spezial)<\/p>\n\n\n\n<p>Moderation (ZDF): Katrin M\u00fcller-Hohenstein Experte: Hanno Balitsch, Field-Reporter\/in: Boris B\u00fcchler, Johanna R\u00fcdiger, Schiedsrichter-Experte: Manuel Gr\u00e4fe<\/p>\n\n\n\n<p>Field-Reporter (Sky): Michael Leopold<\/p>\n\n\n\n<p><span style=\"text-decoration: underline;\">Mittwoch, <span style=\"text-decoration: underline;\">01. November<\/span> ab 20.35 Uhr (Sky)<\/span><\/p>\n\n\n\n<p><em><strong style=\"font-style: italic;\">Hertha BSC &#8211; Hamburger SV<\/strong><strong> (20.45 Uhr)<\/strong> <\/em><\/p>\n\n\n\n<p><img loading=\"lazy\" decoding=\"async\" width=\"10\" height=\"21\" class=\"wp-image-3656\" style=\"width: 10px;\" src=\"http:\/\/kommentatorenblog.de\/wp-content\/uploads\/2020\/09\/shure-55sh-ii-e1601485394796.jpg\" alt=\"\" srcset=\"https:\/\/kommentatorenblog.de\/wp-content\/uploads\/2020\/09\/shure-55sh-ii-e1601485394796.jpg 415w, https:\/\/kommentatorenblog.de\/wp-content\/uploads\/2020\/09\/shure-55sh-ii-e1601485394796-142x300.jpg 142w\" sizes=\"auto, (max-width: 10px) 100vw, 10px\" \/> Oliver Seidler (Einzelspiel), Hansi K\u00fcpper (Konferenz), Marcel Meinert (Konferenz-Spezial)<\/p>\n\n\n\n<p>Field- Reporter: Patrick Wasserziehr<\/p>\n\n\n\n<hr class=\"wp-block-separator\"\/>\n\n\n\n<p><strong>Premier League, 15. Spieltag (Sky)<\/strong><\/p>\n\n\n\n<p><span style=\"text-decoration: underline;\">Dienstag, 05. Dezember 2023, ab 20.20 Uhr<\/span><\/p>\n\n\n\n<p><strong style=\"font-style: italic;\">Wolverhampton Wanderers \u2013 FC Burnley<\/strong> <em><strong>(20.30 Uhr)<\/strong><\/em> <\/p>\n\n\n\n<p><img loading=\"lazy\" decoding=\"async\" width=\"10\" height=\"21\" class=\"wp-image-3656\" style=\"width: 10px;\" src=\"http:\/\/kommentatorenblog.de\/wp-content\/uploads\/2020\/09\/shure-55sh-ii-e1601485394796.jpg\" alt=\"\" srcset=\"https:\/\/kommentatorenblog.de\/wp-content\/uploads\/2020\/09\/shure-55sh-ii-e1601485394796.jpg 415w, https:\/\/kommentatorenblog.de\/wp-content\/uploads\/2020\/09\/shure-55sh-ii-e1601485394796-142x300.jpg 142w\" sizes=\"auto, (max-width: 10px) 100vw, 10px\" \/> Markus Gaupp<\/p>\n\n\n\n<p><span style=\"text-decoration: underline;\">ab 21.05 Uhr<\/span><\/p>\n\n\n\n<p><strong style=\"font-style: italic;\">Luton Town \u2013 FC Arsenal<\/strong><em><strong> (21.15 Uhr)<\/strong><\/em> <\/p>\n\n\n\n<p><img loading=\"lazy\" decoding=\"async\" width=\"10\" height=\"21\" class=\"wp-image-3656\" style=\"width: 10px;\" src=\"http:\/\/kommentatorenblog.de\/wp-content\/uploads\/2020\/09\/shure-55sh-ii-e1601485394796.jpg\" alt=\"\" srcset=\"https:\/\/kommentatorenblog.de\/wp-content\/uploads\/2020\/09\/shure-55sh-ii-e1601485394796.jpg 415w, https:\/\/kommentatorenblog.de\/wp-content\/uploads\/2020\/09\/shure-55sh-ii-e1601485394796-142x300.jpg 142w\" sizes=\"auto, (max-width: 10px) 100vw, 10px\" \/> Hannes Herrmann<\/p>\n\n\n\n<p><span style=\"text-decoration: underline;\">Mittwoch, 06. Dezember 2023, ab 20.20 Uhr <\/span><\/p>\n\n\n\n<p><strong style=\"font-style: italic;\">Sheffield United \u2013 FC Liverpool<\/strong><em><strong> (20.30 Uhr)<\/strong><\/em> <\/p>\n\n\n\n<p><img loading=\"lazy\" decoding=\"async\" width=\"10\" height=\"21\" class=\"wp-image-3656\" style=\"width: 10px;\" src=\"http:\/\/kommentatorenblog.de\/wp-content\/uploads\/2020\/09\/shure-55sh-ii-e1601485394796.jpg\" alt=\"\" srcset=\"https:\/\/kommentatorenblog.de\/wp-content\/uploads\/2020\/09\/shure-55sh-ii-e1601485394796.jpg 415w, https:\/\/kommentatorenblog.de\/wp-content\/uploads\/2020\/09\/shure-55sh-ii-e1601485394796-142x300.jpg 142w\" sizes=\"auto, (max-width: 10px) 100vw, 10px\" \/> Sven Schr\u00f6ter (Einzelspiel), Joachim Hebel (Konferenz-Spezial)<\/p>\n\n\n\n<p><strong style=\"font-style: italic;\">Brighton &amp; Hove Albion \u2013 FC Brentford<\/strong><em><strong> (20.30 Uhr)<\/strong><\/em> <\/p>\n\n\n\n<p><img loading=\"lazy\" decoding=\"async\" width=\"10\" height=\"21\" class=\"wp-image-3656\" style=\"width: 10px;\" src=\"http:\/\/kommentatorenblog.de\/wp-content\/uploads\/2020\/09\/shure-55sh-ii-e1601485394796.jpg\" alt=\"\" srcset=\"https:\/\/kommentatorenblog.de\/wp-content\/uploads\/2020\/09\/shure-55sh-ii-e1601485394796.jpg 415w, https:\/\/kommentatorenblog.de\/wp-content\/uploads\/2020\/09\/shure-55sh-ii-e1601485394796-142x300.jpg 142w\" sizes=\"auto, (max-width: 10px) 100vw, 10px\" \/> Florian Malburg<\/p>\n\n\n\n<p><strong style=\"font-style: italic;\">FC Fulham \u2013 Nottingham Forest<\/strong> <em><strong>(20.30 Uhr)<\/strong><\/em> <\/p>\n\n\n\n<p><img loading=\"lazy\" decoding=\"async\" width=\"10\" height=\"21\" class=\"wp-image-3656\" style=\"width: 10px;\" src=\"http:\/\/kommentatorenblog.de\/wp-content\/uploads\/2020\/09\/shure-55sh-ii-e1601485394796.jpg\" alt=\"\" srcset=\"https:\/\/kommentatorenblog.de\/wp-content\/uploads\/2020\/09\/shure-55sh-ii-e1601485394796.jpg 415w, https:\/\/kommentatorenblog.de\/wp-content\/uploads\/2020\/09\/shure-55sh-ii-e1601485394796-142x300.jpg 142w\" sizes=\"auto, (max-width: 10px) 100vw, 10px\" \/> Thomas Wagner<\/p>\n\n\n\n<p><span style=\"text-decoration: underline;\">ab 21.05 Uhr<\/span><\/p>\n\n\n\n<p><strong style=\"font-style: italic;\">Manchester United \u2013 FC Chelsea<\/strong> <em><strong>(21.15 Uhr)<\/strong><\/em> <\/p>\n\n\n\n<p><img loading=\"lazy\" decoding=\"async\" width=\"10\" height=\"21\" class=\"wp-image-3656\" style=\"width: 10px;\" src=\"http:\/\/kommentatorenblog.de\/wp-content\/uploads\/2020\/09\/shure-55sh-ii-e1601485394796.jpg\" alt=\"\" srcset=\"https:\/\/kommentatorenblog.de\/wp-content\/uploads\/2020\/09\/shure-55sh-ii-e1601485394796.jpg 415w, https:\/\/kommentatorenblog.de\/wp-content\/uploads\/2020\/09\/shure-55sh-ii-e1601485394796-142x300.jpg 142w\" sizes=\"auto, (max-width: 10px) 100vw, 10px\" \/> Markus Gaupp (Einzelspiel), Florian Schmidt-Sommerfeld (Konferenz-Spezial)<\/p>\n\n\n\n<p><strong style=\"font-style: italic;\">Aston Villa \u2013 Manchester City<\/strong> <em><strong>(21.15 Uhr)<\/strong><\/em> <\/p>\n\n\n\n<p><img loading=\"lazy\" decoding=\"async\" width=\"10\" height=\"21\" class=\"wp-image-3656\" style=\"width: 10px;\" src=\"http:\/\/kommentatorenblog.de\/wp-content\/uploads\/2020\/09\/shure-55sh-ii-e1601485394796.jpg\" alt=\"\" srcset=\"https:\/\/kommentatorenblog.de\/wp-content\/uploads\/2020\/09\/shure-55sh-ii-e1601485394796.jpg 415w, https:\/\/kommentatorenblog.de\/wp-content\/uploads\/2020\/09\/shure-55sh-ii-e1601485394796-142x300.jpg 142w\" sizes=\"auto, (max-width: 10px) 100vw, 10px\" \/> Dominik M\u00fcller (Einzelspiel), Uli Hebel (Konferenz-Spezial)<\/p>\n\n\n\n<p><span style=\"text-decoration: underline;\">Donnerstag, 07. Dezember 2023, ab 20.20 Uhr<\/span><\/p>\n\n\n\n<p><strong style=\"font-style: italic;\">FC Everton \u2013 Newcastle United<\/strong> <em><strong>(20.30 Uhr)<\/strong><\/em> <\/p>\n\n\n\n<p><img loading=\"lazy\" decoding=\"async\" width=\"10\" height=\"21\" class=\"wp-image-3656\" style=\"width: 10px;\" src=\"http:\/\/kommentatorenblog.de\/wp-content\/uploads\/2020\/09\/shure-55sh-ii-e1601485394796.jpg\" alt=\"\" srcset=\"https:\/\/kommentatorenblog.de\/wp-content\/uploads\/2020\/09\/shure-55sh-ii-e1601485394796.jpg 415w, https:\/\/kommentatorenblog.de\/wp-content\/uploads\/2020\/09\/shure-55sh-ii-e1601485394796-142x300.jpg 142w\" sizes=\"auto, (max-width: 10px) 100vw, 10px\" \/> Joachim Hebel<\/p>\n\n\n\n<p><span style=\"text-decoration: underline;\">ab 21.05 Uhr<\/span><\/p>\n\n\n\n<p><strong style=\"font-style: italic;\">Tottenham Hotspur \u2013 West Ham United<\/strong><em><strong> (21.15 Uhr)<\/strong><\/em> <\/p>\n\n\n\n<p><img loading=\"lazy\" decoding=\"async\" width=\"10\" height=\"21\" class=\"wp-image-3656\" style=\"width: 10px;\" src=\"http:\/\/kommentatorenblog.de\/wp-content\/uploads\/2020\/09\/shure-55sh-ii-e1601485394796.jpg\" alt=\"\" srcset=\"https:\/\/kommentatorenblog.de\/wp-content\/uploads\/2020\/09\/shure-55sh-ii-e1601485394796.jpg 415w, https:\/\/kommentatorenblog.de\/wp-content\/uploads\/2020\/09\/shure-55sh-ii-e1601485394796-142x300.jpg 142w\" sizes=\"auto, (max-width: 10px) 100vw, 10px\" \/> Hannes Herrmann<\/p>\n\n\n\n<hr class=\"wp-block-separator\"\/>\n\n\n\n<p><strong>Copa del Rey, 2.Runde (sportdigital Fu\u00dfball)<\/strong><\/p>\n\n\n\n<p><span style=\"text-decoration: underline;\">Dienstag, 05. Dezember 2023<\/span><\/p>\n\n\n\n<p><strong style=\"font-style: italic;\">Arosa SC &#8211; FC Valencia CF<\/strong> <em><strong>(21.00 Uhr)<\/strong><\/em> <\/p>\n\n\n\n<p><img loading=\"lazy\" decoding=\"async\" width=\"10\" height=\"21\" class=\"wp-image-3656\" style=\"width: 10px;\" src=\"http:\/\/kommentatorenblog.de\/wp-content\/uploads\/2020\/09\/shure-55sh-ii-e1601485394796.jpg\" alt=\"\" srcset=\"https:\/\/kommentatorenblog.de\/wp-content\/uploads\/2020\/09\/shure-55sh-ii-e1601485394796.jpg 415w, https:\/\/kommentatorenblog.de\/wp-content\/uploads\/2020\/09\/shure-55sh-ii-e1601485394796-142x300.jpg 142w\" sizes=\"auto, (max-width: 10px) 100vw, 10px\" \/> Martin Hahn<\/p>\n\n\n\n<p><span style=\"text-decoration: underline;\">Mittwoch, 06. Dezember 2023<\/span><\/p>\n\n\n\n<p><strong style=\"font-style: italic;\">CE Andratx &#8211; Real Sociedad<\/strong><em><strong> (16.00 Uhr)<\/strong><\/em> <\/p>\n\n\n\n<p><img loading=\"lazy\" decoding=\"async\" width=\"10\" height=\"21\" class=\"wp-image-3656\" style=\"width: 10px;\" src=\"http:\/\/kommentatorenblog.de\/wp-content\/uploads\/2020\/09\/shure-55sh-ii-e1601485394796.jpg\" alt=\"\" srcset=\"https:\/\/kommentatorenblog.de\/wp-content\/uploads\/2020\/09\/shure-55sh-ii-e1601485394796.jpg 415w, https:\/\/kommentatorenblog.de\/wp-content\/uploads\/2020\/09\/shure-55sh-ii-e1601485394796-142x300.jpg 142w\" sizes=\"auto, (max-width: 10px) 100vw, 10px\" \/> Jonathan Dreier<\/p>\n\n\n\n<p><strong style=\"font-style: italic;\">Atletico Astorga &#8211; FC Sevilla<\/strong> <em><strong>(21.00 Uhr)<\/strong><\/em> <\/p>\n\n\n\n<p><img loading=\"lazy\" decoding=\"async\" width=\"10\" height=\"21\" class=\"wp-image-3656\" style=\"width: 10px;\" src=\"http:\/\/kommentatorenblog.de\/wp-content\/uploads\/2020\/09\/shure-55sh-ii-e1601485394796.jpg\" alt=\"\" srcset=\"https:\/\/kommentatorenblog.de\/wp-content\/uploads\/2020\/09\/shure-55sh-ii-e1601485394796.jpg 415w, https:\/\/kommentatorenblog.de\/wp-content\/uploads\/2020\/09\/shure-55sh-ii-e1601485394796-142x300.jpg 142w\" sizes=\"auto, (max-width: 10px) 100vw, 10px\" \/> Marvin Kirsch<\/p>\n\n\n\n<hr class=\"wp-block-separator\"\/>\n\n\n\n<p><strong>Coppa Italia, Achtelfinale (DAZN)<\/strong><\/p>\n\n\n\n<p><span style=\"text-decoration: underline;\">Mittwoch, 06. Dezember 2023<\/span><\/p>\n\n\n\n<p><strong style=\"font-style: italic;\">AC Florenz &#8211; Parma<\/strong> <em><strong>(21.00 Uhr)<\/strong><\/em> <\/p>\n\n\n\n<p><img loading=\"lazy\" decoding=\"async\" width=\"10\" height=\"21\" class=\"wp-image-3656\" style=\"width: 10px;\" src=\"http:\/\/kommentatorenblog.de\/wp-content\/uploads\/2020\/09\/shure-55sh-ii-e1601485394796.jpg\" alt=\"\" srcset=\"https:\/\/kommentatorenblog.de\/wp-content\/uploads\/2020\/09\/shure-55sh-ii-e1601485394796.jpg 415w, https:\/\/kommentatorenblog.de\/wp-content\/uploads\/2020\/09\/shure-55sh-ii-e1601485394796-142x300.jpg 142w\" sizes=\"auto, (max-width: 10px) 100vw, 10px\" \/> Korbinian Rundel<\/p>\n\n\n\n<p><strong>Ligue 1, Nachholspiel 10. Spieltag (DAZN)<\/strong><\/p>\n\n\n\n<p><span style=\"text-decoration: underline;\">Mittwoch, 06. Dezember 2023, ab 20.40 Uhr<\/span><\/p>\n\n\n\n<p><strong style=\"font-style: italic;\">Olympique Marseille \u2013 Olympique Lyon<\/strong> <em><strong>(21.00 Uhr)<\/strong><\/em> <\/p>\n\n\n\n<p><img loading=\"lazy\" decoding=\"async\" width=\"10\" height=\"21\" class=\"wp-image-3656\" style=\"width: 10px;\" src=\"http:\/\/kommentatorenblog.de\/wp-content\/uploads\/2020\/09\/shure-55sh-ii-e1601485394796.jpg\" alt=\"\" srcset=\"https:\/\/kommentatorenblog.de\/wp-content\/uploads\/2020\/09\/shure-55sh-ii-e1601485394796.jpg 415w, https:\/\/kommentatorenblog.de\/wp-content\/uploads\/2020\/09\/shure-55sh-ii-e1601485394796-142x300.jpg 142w\" sizes=\"auto, (max-width: 10px) 100vw, 10px\" \/> Stefan Galler, Experte: Alexis Menuge<\/p>\n\n\n\n<hr class=\"wp-block-separator\"\/>\n\n\n\n<p><strong>Eredivisie, 15. Spieltag (Sportdigital FUSSBALL)<\/strong><\/p>\n\n\n\n<p><span style=\"text-decoration: underline;\"><span style=\"text-decoration: underline;\">Donnerstag, 07. Dezember 2023<\/span><\/span><\/p>\n\n\n\n<p><em><strong>PSV Eindhoven &#8211; SC Heerenveen (18.45 Uhr)<\/strong><\/em><\/p>\n\n\n\n<p><img loading=\"lazy\" decoding=\"async\" width=\"10\" height=\"21\" class=\"wp-image-3656\" style=\"width: 10px;\" src=\"http:\/\/kommentatorenblog.de\/wp-content\/uploads\/2020\/09\/shure-55sh-ii-e1601485394796.jpg\" alt=\"\" srcset=\"https:\/\/kommentatorenblog.de\/wp-content\/uploads\/2020\/09\/shure-55sh-ii-e1601485394796.jpg 415w, https:\/\/kommentatorenblog.de\/wp-content\/uploads\/2020\/09\/shure-55sh-ii-e1601485394796-142x300.jpg 142w\" sizes=\"auto, (max-width: 10px) 100vw, 10px\" \/> Karsten Linke<\/p>\n\n\n\n<p><em><strong>Feyenoord Rotterdam &#8211; FC Volendam<\/strong><\/em> <em><strong>(21.00 Uhr)<\/strong><\/em><\/p>\n\n\n\n<p><img loading=\"lazy\" decoding=\"async\" width=\"10\" height=\"21\" class=\"wp-image-3656\" style=\"width: 10px;\" src=\"http:\/\/kommentatorenblog.de\/wp-content\/uploads\/2020\/09\/shure-55sh-ii-e1601485394796.jpg\" alt=\"\" srcset=\"https:\/\/kommentatorenblog.de\/wp-content\/uploads\/2020\/09\/shure-55sh-ii-e1601485394796.jpg 415w, https:\/\/kommentatorenblog.de\/wp-content\/uploads\/2020\/09\/shure-55sh-ii-e1601485394796-142x300.jpg 142w\" sizes=\"auto, (max-width: 10px) 100vw, 10px\" \/> Christian Blunck<\/p>\n\n\n\n<p><strong>Campeonato Brasileiro (38. Spieltag) (Sportdigital FUSSBALL)<\/strong><\/p>\n\n\n\n<p><span style=\"text-decoration: underline;\"><span style=\"text-decoration: underline;\">Donnerstag, 07. Dezember 2023<\/span><\/span><\/p>\n\n\n\n<p><em><strong>Cruzeiro Belo Horizonte &#8211; Palmeiras (01.30 Uhr)<\/strong><\/em><\/p>\n\n\n\n<p><img loading=\"lazy\" decoding=\"async\" width=\"10\" height=\"21\" class=\"wp-image-3656\" style=\"width: 10px;\" src=\"http:\/\/kommentatorenblog.de\/wp-content\/uploads\/2020\/09\/shure-55sh-ii-e1601485394796.jpg\" alt=\"\" srcset=\"https:\/\/kommentatorenblog.de\/wp-content\/uploads\/2020\/09\/shure-55sh-ii-e1601485394796.jpg 415w, https:\/\/kommentatorenblog.de\/wp-content\/uploads\/2020\/09\/shure-55sh-ii-e1601485394796-142x300.jpg 142w\" sizes=\"auto, (max-width: 10px) 100vw, 10px\" \/> Marcus Radefeld<\/p>\n\n\n\n<hr class=\"wp-block-separator is-style-default\"\/>\n\n\n\n<p><strong><em>Die Analyse:<\/em><\/strong><\/p>\n\n\n\n<p>Das letzte Nations- League- Gruppenspiel der deutschen Mannschaft steht an. Durch den 3:0- Erfolg des DFB- Teams gegen D\u00e4nemark hat es die Mannschaft dabei selbst in der Hand, sich f\u00fcr die Endrunde zu qualifizieren und damit auch weiter Chancen auf das Olympia- Ticket zu haben. Denn nur die beiden Finalisten der Endrunde (Ausnahme Frankreich ist dabei, dann auch die drittplatzierte Mannschaft) nehmen bei den olympischen Spielen in Paris teil. Anpfiff der Partie ist um 19.30 Uhr in Wales. Die ARD \u00fcbertr\u00e4gt die Partie im Stream auf sportschau.de und in der Mediathek. Kommentieren wird Stephanie Baczyk zusammen mit Almuth Schult.<\/p>\n\n\n\n<p><strong>Doppeleinsatz f\u00fcr Schweini und Bommes<\/strong><\/p>\n\n\n\n<p>Im Anschluss an die lange Pokal\u00fcbertragung im Ersten ist dann auch eine Zusammenfassung des entscheidenden L\u00e4nderspiel geplant. Die lange Pokal\u00fcbertragung  im Ersten (ab 17.40 Uhr) wird im \u00dcbrigen von einem Moderationsduo, Bommes und Schweinsteiger begleitet, man verzichtet also auf gesonderte Moderatoren und sendet aus dem Sportschau-Studio. Daf\u00fcr sendet man mit Lea Wagner und Claus Lufen moderationserfahrene Interviewer in die Stadien. Daneben werden nat\u00fcrlich auch Florian Na\u00df und Christina Graf aus den jeweiligen Stadien kommentieren. Graf ersetzt dabei Tom Bartels. Urspr\u00fcnglich war sie f\u00fcr die Zusammenfassung in Homburg vorgesehen, feiert nun aber ihren ersten Live- Einsatz f\u00fcr die ARD im DFB- Pokal der M\u00e4nner. Es d\u00fcrfte aber nicht ihr erster Live- Einsatz in diesem Wettbewerb sein, der m\u00fcsste einige Jahre zur\u00fcckliegen, als sie noch f\u00fcr Sky kommentierte.<\/p>\n\n\n\n<p>Bei Sky werden sieben von acht Achtelfinals aus dem Stadion kommentiert &#8211; einzig die Partie zwischen Magdeburg und D\u00fcsseldorf \u00fcbernimmt Hansi K\u00fcpper aus der Box. Mit Blick auf die weiteren Spiele am Dienstag zeigt Sky parallel zur ARD am Dienstag nat\u00fcrlich die beiden Spiele aus Kaiserslautern und Gladbach. Klaus Veltman und Marcus Lindemann sind dabei keine \u00dcberraschung. Beim Spiel des Regionalligisten aus Homburg gegen St.Pauli meldet sich Kai Dittmann aus dem Saarland und bekommt dabei Unterst\u00fctzung von Field-Reporter Michael Leopold. <\/p>\n\n\n\n<p>Am Mittwoch laufen dann beide fr\u00fchen Spiele exklusiv auf Sky. Mit dem 1.FC Saarbr\u00fccken ist hierbei auch der zweite saarl\u00e4ndische Club mit dabei. Kai Dittmann hat die kurze Anreise und meldet sich wie in der zweiten Runde aus dem Ludwigspark. Die starken Leverkusener empfangen im Parallelspiel die Paderborner. Martin Gro\u00df, der am Tag davor noch in Gladbach Interviews f\u00fchrt, kommentiert.<\/p>\n\n\n\n<p>Am Abend meldet sich das ZDF dann mit dem kompletten Team aus der Arena in Stuttgart zum Duell zwischen dem VfB und BVB. Wie bereits in der 2. Runde moderiert M\u00fcller- Hohenstein, Experte wird Hanno Balitsch. Balitsch scheint wohl der Pokalexperte im ZDF zu sein, da er die letzten drei \u00dcbertragungen begleitet hat. Kommentator im Zweiten wird Martin Schneider sein, sein zweiter Einsatz diese Saison. Damit bleibt Claudia Neumann weiterhin ohne Einsatz im Pokal, welche durch parallele Eins\u00e4tze bei L\u00e4nderspielen der Frauen aber auch dreimal verhindert war.<\/p>\n\n\n\n<p>Bei Sky wird diese Partie wenig \u00fcberraschend Wolff Fuss \u00fcbernehmen, im Unterschied zum Samstag wird es diesmal wohl auch nach Stuttgart schaffen \ud83d\ude09 Zeitgleich gibt es dann noch das das dritte Duell aus Teams der zweiten Liga. Die Hertha empf\u00e4ngt den HSV, Oliver Seidler und Patrick Wasserziehr. <\/p>\n\n\n\n<p>Werfen wir noch einen Blick auf die Konferenzen. Den Auftakt machen hier Roland Evers und Florian Schmidt-Sommerfeld, w\u00e4hrend in der Sp\u00e4tschicht das prominente Duo aus Wolff Fuss und Jonas Friedrich \u00fcbernimmt &#8211; klingt doch unterhaltsam, oder? Am Mittwoch meldet sich dann wieder Roland Evers zur Fr\u00fchschicht und Markus G\u00f6tz hat die Ehre den FCS zu \u00fcbernehmen. <\/p>\n\n\n\n<p><strong>Spezial- Konferenz am Mittwoch<\/strong><\/p>\n\n\n\n<p>Neben dem DFB- Pokal hat Sky zudem noch die Premier League, personaltechnisch gibt es hierbei wenig \u00dcberraschendes, daf\u00fcr aber eine Spezial- Konferenz. Denn neben der gewohnten Zweier- Konferenz im DFB- Pokal wird es am Mittwochabend auch noch eine gemischte Konferenz mit den beiden Pokalpartien und drei PL-Partien, n\u00e4mlich der Spiele des FC Liverpools, Manchester United und City, geben<\/p>\n\n\n\n<p>Daneben hat sportdigital u.a. die Copa del Rey und die Eredivisie im Angebot, DAZN zeigt ein Spiel der Coppa Italia mit deutschem Kommentar (Korbinian Rundel) und hat das Nachholspiel der Ligue 1 im Programm<\/p>\n\n\n\n<p>Damit w\u00fcnsche ich euch eine sch\u00f6ne Pokalwoche.<\/p>\n","protected":false},"excerpt":{"rendered":"<p>N&#8217;Abend Allerseits! die Achtelfinals im DFB- Pokal der M\u00e4nner stehen an, und ihr ahnt es, damit auch wieder Nations League- Spiele bei den Frauen. Am Dienstag kommt es erneut dazu, dass das L\u00e4nderspiel der DFB- Frauen am selben Tag wie Partien im DFB- Pokal stattfinden, wie bereits in der 2. Runde auch so, dass sich [&hellip;]<\/p>\n","protected":false},"author":11,"featured_media":0,"comment_status":"open","ping_status":"open","sticky":false,"template":"","format":"standard","meta":{"footnotes":""},"categories":[504],"tags":[],"class_list":["post-16180","post","type-post","status-publish","format-standard","hentry","category-dfb-pokal-co"],"_links":{"self":[{"href":"https:\/\/kommentatorenblog.de\/index.php?rest_route=\/wp\/v2\/posts\/16180","targetHints":{"allow":["GET"]}}],"collection":[{"href":"https:\/\/kommentatorenblog.de\/index.php?rest_route=\/wp\/v2\/posts"}],"about":[{"href":"https:\/\/kommentatorenblog.de\/index.php?rest_route=\/wp\/v2\/types\/post"}],"author":[{"embeddable":true,"href":"https:\/\/kommentatorenblog.de\/index.php?rest_route=\/wp\/v2\/users\/11"}],"replies":[{"embeddable":true,"href":"https:\/\/kommentatorenblog.de\/index.php?rest_route=%2Fwp%2Fv2%2Fcomments&post=16180"}],"version-history":[{"count":13,"href":"https:\/\/kommentatorenblog.de\/index.php?rest_route=\/wp\/v2\/posts\/16180\/revisions"}],"predecessor-version":[{"id":16201,"href":"https:\/\/kommentatorenblog.de\/index.php?rest_route=\/wp\/v2\/posts\/16180\/revisions\/16201"}],"wp:attachment":[{"href":"https:\/\/kommentatorenblog.de\/index.php?rest_route=%2Fwp%2Fv2%2Fmedia&parent=16180"}],"wp:term":[{"taxonomy":"category","embeddable":true,"href":"https:\/\/kommentatorenblog.de\/index.php?rest_route=%2Fwp%2Fv2%2Fcategories&post=16180"},{"taxonomy":"post_tag","embeddable":true,"href":"https:\/\/kommentatorenblog.de\/index.php?rest_route=%2Fwp%2Fv2%2Ftags&post=16180"}],"curies":[{"name":"wp","href":"https:\/\/api.w.org\/{rel}","templated":true}]}}