{"id":16288,"date":"2023-12-21T18:11:33","date_gmt":"2023-12-21T17:11:33","guid":{"rendered":"http:\/\/kommentatorenblog.de\/?p=16288"},"modified":"2023-12-21T18:11:35","modified_gmt":"2023-12-21T17:11:35","slug":"1389-schoene-weihnachten","status":"publish","type":"post","link":"https:\/\/kommentatorenblog.de\/?p=16288","title":{"rendered":"1389 &#8211; Sch\u00f6ne Weihnachten"},"content":{"rendered":"\n<p>Liebe Leserinnen und Leser,<\/p>\n\n\n\n<p>auf diesem Weg m\u00f6chte das gesamte Blogger- Team fr\u00f6hliche Weihnachten, sch\u00f6ne Feiertage und einen guten Rutsch ins neue Jahr w\u00fcnschen. Die Bundesliga hat sich zwar am Mittwoch in die Winterpause verabschiedet, Fu\u00dfball gibt es in den n\u00e4chsten Tagen und Wochen aber trotzdem.<\/p>\n\n\n\n<p>Nichtsdestotrotz geht hier der Blick erstmal auf den Wintersport, der in eine hei\u00dfe Phase um den Jahreswechsel geht. Am Donnerstag- und Freitagabend gibt es nochmal Ski Alpin, erst ein Slalom f\u00fcr die Damen (ZDF- Mediathek\/Eurosport) und dann einer f\u00fcr die Herren (BR\/Eurosport). <\/p>\n\n\n\n<p>Nach Weihnachten stehen dann einige Highlights an: Mit dem 28.12 geht es f\u00fcr die Skispringer mit der Vierschanzentournee los, zwei Tage sp\u00e4ter starten die Skispringerinnen dann in die erstmalig ausgetragene Two- Nights Tour, wo umgekehrt an den beiden deutschen Vierschanzentournee- Standorten gesprungen wird, also erst in Garmisch und dann das Neujahrsspringen in Oberstdorf. Anschlie\u00dfend geht es dann f\u00fcr die Springerinnen in Villach mit Weltcupspringen weiter, eine Vierschanzentournee bei den Frauen gibt es aktuell noch nicht, k\u00f6nnt es aber bald geben.<\/p>\n\n\n\n<p>Zeitgleich mit der Two- Nights- Tour starten die Langl\u00e4uferinnen und Langl\u00e4ufer in die Tour de Ski. Hier wird sich zeigen, welche Rolle die Deutschen hier spielen k\u00f6nnen, Victoria Carl konnte j\u00fcngst ihr erstes Podest und kurz darauf auch ihren ersten Weltcup- Sieg feiern, Katharina Hennig k\u00f6nnte nach \u00fcberstandener Erkrankung ebenso wie Pia Fink und auch die ein oder andere Sprinterin  f\u00fcr Topplatzierungen sorgen. Bei den Herren ist die Ausgangslage zwar nicht ganz so gut, mit Friedrich Moch gibt es aber mindestens einen Kandidaten f\u00fcr die Top 10, allerdings k\u00f6nnen die anderen deutschen Langl\u00e4ufer durchaus f\u00fcr \u00dcberraschungen sorgen.<\/p>\n\n\n\n<p>Die Ausgangslage der Skispringer ist vor dem Tournee- Start sehr vielversprechend, sind mit Wellinger, Paschke und Geiger drei deutsche in den Top 4 des Gesamtweltcup. Das weckt nat\u00fcrlich Hoffnungen auf Podestplatzierungen w\u00e4hrend der Tournee. Bei den Skispringerinnen ist die Situation etwas durchwachsener, konnte das Team um Katharina Schmid und Selina Freitag noch nicht auf dem Podium landen.<\/p>\n\n\n\n<p>Ob sich das w\u00e4hrend der Tour \u00e4ndert, gibt es, wie gewohnt im Wechsel bei ARD und ZDF zu sehen. Hier sowie in den jeweiligen Mediatheken k\u00f6nnen auch die anderen Tourneen und die Weltcups im Ski Alpin verfolgt werden, dar\u00fcber hinaus \u00fcbertr\u00e4gt auch Eurosport live.<\/p>\n\n\n\n<p>Personaltechnisch wird es bei ARD und ZDF in diesen Tagen keine \u00dcberraschungen geben, Schmelzer und Barnerssoi kommentieren im Ersten die Alpinen, Tom Bartels und Stefan Bier begleiten die Vierschanzentournee, Philipp Sohmer und Eike Papsdorf kommentieren bei der Two- Nights- Tour und Jens J\u00f6rg Rieck sowie Peter Leissl sind bei der Tour de Ski im Einsatz. F\u00fcr Leissl wird es der letzte Einsatz bei der Tour de Ski sein.<\/p>\n\n\n\n<hr class=\"wp-block-separator\"\/>\n\n\n\n<p><strong>Die Ansetzungen vom 21. Dezember 2023 bis zum 25. Dezember 2023<\/strong><\/p>\n\n\n\n<hr class=\"wp-block-separator is-style-default\"\/>\n\n\n\n<p><strong>Premier League, 18. Spieltag (Sky)<\/strong><\/p>\n\n\n\n<p><u>Donnerstag, 21. Dezember 2023, ab 20.50 Uhr (Sky)<\/u><\/p>\n\n\n\n<h4 class=\"wp-block-heading\"><strong><em>Crystal Palace <strong style=\"font-style: italic;\">\u2013<\/strong><\/em><\/strong> <strong><em>Brighton &amp; Hove Albion <em><strong>(21.00 Uhr)<\/strong> <\/em><\/em><\/strong><\/h4>\n\n\n\n<p><img loading=\"lazy\" decoding=\"async\" width=\"10\" height=\"21\" class=\"wp-image-3656\" style=\"width: 10px;\" src=\"http:\/\/kommentatorenblog.de\/wp-content\/uploads\/2020\/09\/shure-55sh-ii-e1601485394796.jpg\" alt=\"\" srcset=\"https:\/\/kommentatorenblog.de\/wp-content\/uploads\/2020\/09\/shure-55sh-ii-e1601485394796.jpg 415w, https:\/\/kommentatorenblog.de\/wp-content\/uploads\/2020\/09\/shure-55sh-ii-e1601485394796-142x300.jpg 142w\" sizes=\"auto, (max-width: 10px) 100vw, 10px\" \/>&nbsp;Hannes Herrmann <\/p>\n\n\n\n<p><u><u>Freitag, 22. Dezember 2023, ab 20.50 Uhr (Sky)<\/u><\/u><\/p>\n\n\n\n<p><strong style=\"font-style: italic;\">Aston Villa \u2013 Sheffield United<\/strong><em><strong> (20.30 Uhr)<\/strong><\/em> <\/p>\n\n\n\n<p><img loading=\"lazy\" decoding=\"async\" width=\"10\" height=\"21\" class=\"wp-image-3656\" style=\"width: 10px;\" src=\"http:\/\/kommentatorenblog.de\/wp-content\/uploads\/2020\/09\/shure-55sh-ii-e1601485394796.jpg\" alt=\"\" srcset=\"https:\/\/kommentatorenblog.de\/wp-content\/uploads\/2020\/09\/shure-55sh-ii-e1601485394796.jpg 415w, https:\/\/kommentatorenblog.de\/wp-content\/uploads\/2020\/09\/shure-55sh-ii-e1601485394796-142x300.jpg 142w\" sizes=\"auto, (max-width: 10px) 100vw, 10px\" \/> Uli Hebel<\/p>\n\n\n\n<p><u><u><u>Samstag, 23. Dezember 2023, ab 13.20 Uhr (Sky)<\/u><\/u><\/u><\/p>\n\n\n\n<p><strong style=\"font-style: italic;\">West Ham United \u2013 Manchester United<\/strong><em><strong> (13.30 Uhr)<\/strong><\/em> <\/p>\n\n\n\n<p><img loading=\"lazy\" decoding=\"async\" width=\"10\" height=\"21\" class=\"wp-image-3656\" style=\"width: 10px;\" src=\"http:\/\/kommentatorenblog.de\/wp-content\/uploads\/2020\/09\/shure-55sh-ii-e1601485394796.jpg\" alt=\"\" srcset=\"https:\/\/kommentatorenblog.de\/wp-content\/uploads\/2020\/09\/shure-55sh-ii-e1601485394796.jpg 415w, https:\/\/kommentatorenblog.de\/wp-content\/uploads\/2020\/09\/shure-55sh-ii-e1601485394796-142x300.jpg 142w\" sizes=\"auto, (max-width: 10px) 100vw, 10px\" \/> Jonas Friedrich<\/p>\n\n\n\n<p><u> ab 15.50 Uhr (Sky)<\/u><\/p>\n\n\n\n<p><strong style=\"font-style: italic;\">Tottenham Hotspur \u2013 FC Everton<\/strong><em><strong> (16.00 Uhr)<\/strong><\/em> <\/p>\n\n\n\n<p><img loading=\"lazy\" decoding=\"async\" width=\"10\" height=\"21\" class=\"wp-image-3656\" style=\"width: 10px;\" src=\"http:\/\/kommentatorenblog.de\/wp-content\/uploads\/2020\/09\/shure-55sh-ii-e1601485394796.jpg\" alt=\"\" srcset=\"https:\/\/kommentatorenblog.de\/wp-content\/uploads\/2020\/09\/shure-55sh-ii-e1601485394796.jpg 415w, https:\/\/kommentatorenblog.de\/wp-content\/uploads\/2020\/09\/shure-55sh-ii-e1601485394796-142x300.jpg 142w\" sizes=\"auto, (max-width: 10px) 100vw, 10px\" \/> Joachim Hebel<\/p>\n\n\n\n<p><strong style=\"font-style: italic;\">Luton Town \u2013 Newcastle United<\/strong><em><strong> (16.00 Uhr)<\/strong><\/em> <\/p>\n\n\n\n<p><img loading=\"lazy\" decoding=\"async\" width=\"10\" height=\"21\" class=\"wp-image-3656\" style=\"width: 10px;\" src=\"http:\/\/kommentatorenblog.de\/wp-content\/uploads\/2020\/09\/shure-55sh-ii-e1601485394796.jpg\" alt=\"\" srcset=\"https:\/\/kommentatorenblog.de\/wp-content\/uploads\/2020\/09\/shure-55sh-ii-e1601485394796.jpg 415w, https:\/\/kommentatorenblog.de\/wp-content\/uploads\/2020\/09\/shure-55sh-ii-e1601485394796-142x300.jpg 142w\" sizes=\"auto, (max-width: 10px) 100vw, 10px\" \/> Markus Gaupp<\/p>\n\n\n\n<p><strong style=\"font-style: italic;\">FC Fulham \u2013 FC Burnley<\/strong><em><strong> (16.00 Uhr)<\/strong><\/em> <\/p>\n\n\n\n<p><img loading=\"lazy\" decoding=\"async\" width=\"10\" height=\"21\" class=\"wp-image-3656\" style=\"width: 10px;\" src=\"http:\/\/kommentatorenblog.de\/wp-content\/uploads\/2020\/09\/shure-55sh-ii-e1601485394796.jpg\" alt=\"\" srcset=\"https:\/\/kommentatorenblog.de\/wp-content\/uploads\/2020\/09\/shure-55sh-ii-e1601485394796.jpg 415w, https:\/\/kommentatorenblog.de\/wp-content\/uploads\/2020\/09\/shure-55sh-ii-e1601485394796-142x300.jpg 142w\" sizes=\"auto, (max-width: 10px) 100vw, 10px\" \/> Marcel Meinert<\/p>\n\n\n\n<p><strong style=\"font-style: italic;\">Nottingham Forest \u2013 AFC Bournemouth<\/strong><em><strong> (16.00 Uhr)<\/strong><\/em> <\/p>\n\n\n\n<p><img loading=\"lazy\" decoding=\"async\" width=\"10\" height=\"21\" class=\"wp-image-3656\" style=\"width: 10px;\" src=\"http:\/\/kommentatorenblog.de\/wp-content\/uploads\/2020\/09\/shure-55sh-ii-e1601485394796.jpg\" alt=\"\" srcset=\"https:\/\/kommentatorenblog.de\/wp-content\/uploads\/2020\/09\/shure-55sh-ii-e1601485394796.jpg 415w, https:\/\/kommentatorenblog.de\/wp-content\/uploads\/2020\/09\/shure-55sh-ii-e1601485394796-142x300.jpg 142w\" sizes=\"auto, (max-width: 10px) 100vw, 10px\" \/> Sven Schr\u00f6ter<\/p>\n\n\n\n<p><u> ab 18.00 Uhr (Sky)<\/u>.<\/p>\n\n\n\n<p><strong style=\"font-style: italic;\">FC Liverpool \u2013 FC Arsenal<\/strong><em><strong> (18.30 Uhr)<\/strong><\/em> <\/p>\n\n\n\n<p><img loading=\"lazy\" decoding=\"async\" width=\"10\" height=\"21\" class=\"wp-image-3656\" style=\"width: 10px;\" src=\"http:\/\/kommentatorenblog.de\/wp-content\/uploads\/2020\/09\/shure-55sh-ii-e1601485394796.jpg\" alt=\"\" srcset=\"https:\/\/kommentatorenblog.de\/wp-content\/uploads\/2020\/09\/shure-55sh-ii-e1601485394796.jpg 415w, https:\/\/kommentatorenblog.de\/wp-content\/uploads\/2020\/09\/shure-55sh-ii-e1601485394796-142x300.jpg 142w\" sizes=\"auto, (max-width: 10px) 100vw, 10px\" \/> Florian Schmidt- Sommerfeld, Experte Rene Adler<\/p>\n\n\n\n<p>Field- Reporterin: Ela Bilobrk<\/p>\n\n\n\n<p><u><u><u>Sonntag, 24. Dezember 2023, ab 13.50 Uhr (Sky)<\/u><\/u><\/u><\/p>\n\n\n\n<p><strong style=\"font-style: italic;\">Wolverhampton Wanderers \u2013 FC Chelsea<\/strong><em><strong> (14.00 Uhr)<\/strong><\/em> <\/p>\n\n\n\n<p><img loading=\"lazy\" decoding=\"async\" width=\"10\" height=\"21\" class=\"wp-image-3656\" style=\"width: 10px;\" src=\"http:\/\/kommentatorenblog.de\/wp-content\/uploads\/2020\/09\/shure-55sh-ii-e1601485394796.jpg\" alt=\"\" srcset=\"https:\/\/kommentatorenblog.de\/wp-content\/uploads\/2020\/09\/shure-55sh-ii-e1601485394796.jpg 415w, https:\/\/kommentatorenblog.de\/wp-content\/uploads\/2020\/09\/shure-55sh-ii-e1601485394796-142x300.jpg 142w\" sizes=\"auto, (max-width: 10px) 100vw, 10px\" \/> Joachim Hebel<\/p>\n\n\n\n<hr class=\"wp-block-separator\"\/>\n\n\n\n<p><strong>La Liga, Nachholspiel (DAZN)<\/strong><\/p>\n\n\n\n<p><u>Samstag, 23. Dezember 2023<\/u><\/p>\n\n\n\n<p><em><strong style=\"font-style: italic;\">Atletico Madrid <strong><span><b style=\"font-style: italic;\">\u2013<\/b><\/span><\/strong><\/strong> <strong>FC Sevilla (16.15 Uhr)<\/strong> <\/em><\/p>\n\n\n\n<p><img loading=\"lazy\" decoding=\"async\" width=\"10\" height=\"21\" class=\"wp-image-3656\" style=\"width: 10px;\" src=\"http:\/\/kommentatorenblog.de\/wp-content\/uploads\/2020\/09\/shure-55sh-ii-e1601485394796.jpg\" alt=\"\" srcset=\"https:\/\/kommentatorenblog.de\/wp-content\/uploads\/2020\/09\/shure-55sh-ii-e1601485394796.jpg 415w, https:\/\/kommentatorenblog.de\/wp-content\/uploads\/2020\/09\/shure-55sh-ii-e1601485394796-142x300.jpg 142w\" sizes=\"auto, (max-width: 10px) 100vw, 10px\" \/> Nico Seepe<\/p>\n\n\n\n<p><strong>Serie A, 17. Spieltag (DAZN)<\/strong><\/p>\n\n\n\n<p><u><u><u>Freitag, 22. Dezember 2023,<\/u><\/u><\/u><\/p>\n\n\n\n<p><strong style=\"font-style: italic;\">Salernitana &#8211; AC Mailand<\/strong><em><strong> (20.45 Uhr)<\/strong><\/em> <\/p>\n\n\n\n<p><img loading=\"lazy\" decoding=\"async\" width=\"10\" height=\"21\" class=\"wp-image-3656\" style=\"width: 10px;\" src=\"http:\/\/kommentatorenblog.de\/wp-content\/uploads\/2020\/09\/shure-55sh-ii-e1601485394796.jpg\" alt=\"\" srcset=\"https:\/\/kommentatorenblog.de\/wp-content\/uploads\/2020\/09\/shure-55sh-ii-e1601485394796.jpg 415w, https:\/\/kommentatorenblog.de\/wp-content\/uploads\/2020\/09\/shure-55sh-ii-e1601485394796-142x300.jpg 142w\" sizes=\"auto, (max-width: 10px) 100vw, 10px\" \/> Christoph Stadtler<\/p>\n\n\n\n<p><u><u><u>Samstag, 23. Dezember 2023<\/u><\/u><\/u><\/p>\n\n\n\n<p><strong style=\"font-style: italic;\">Frosinone &#8211; Juventus<\/strong><em><strong> (12.30 Uhr)<\/strong><\/em> <\/p>\n\n\n\n<p><img loading=\"lazy\" decoding=\"async\" width=\"10\" height=\"21\" class=\"wp-image-3656\" style=\"width: 10px;\" src=\"http:\/\/kommentatorenblog.de\/wp-content\/uploads\/2020\/09\/shure-55sh-ii-e1601485394796.jpg\" alt=\"\" srcset=\"https:\/\/kommentatorenblog.de\/wp-content\/uploads\/2020\/09\/shure-55sh-ii-e1601485394796.jpg 415w, https:\/\/kommentatorenblog.de\/wp-content\/uploads\/2020\/09\/shure-55sh-ii-e1601485394796-142x300.jpg 142w\" sizes=\"auto, (max-width: 10px) 100vw, 10px\" \/> Mario Rieker<\/p>\n\n\n\n<p><strong style=\"font-style: italic;\">Inter Mailand &#8211; Lecce<\/strong><em><strong> (18.00 Uhr)<\/strong><\/em> <\/p>\n\n\n\n<p><img loading=\"lazy\" decoding=\"async\" width=\"10\" height=\"21\" class=\"wp-image-3656\" style=\"width: 10px;\" src=\"http:\/\/kommentatorenblog.de\/wp-content\/uploads\/2020\/09\/shure-55sh-ii-e1601485394796.jpg\" alt=\"\" srcset=\"https:\/\/kommentatorenblog.de\/wp-content\/uploads\/2020\/09\/shure-55sh-ii-e1601485394796.jpg 415w, https:\/\/kommentatorenblog.de\/wp-content\/uploads\/2020\/09\/shure-55sh-ii-e1601485394796-142x300.jpg 142w\" sizes=\"auto, (max-width: 10px) 100vw, 10px\" \/> Carsten Fu\u00df<\/p>\n\n\n\n<p><strong style=\"font-style: italic;\">AS Rom &#8211; Neapel<\/strong><em><strong> (20.45 Uhr)<\/strong><\/em> <\/p>\n\n\n\n<p><img loading=\"lazy\" decoding=\"async\" width=\"10\" height=\"21\" class=\"wp-image-3656\" style=\"width: 10px;\" src=\"http:\/\/kommentatorenblog.de\/wp-content\/uploads\/2020\/09\/shure-55sh-ii-e1601485394796.jpg\" alt=\"\" srcset=\"https:\/\/kommentatorenblog.de\/wp-content\/uploads\/2020\/09\/shure-55sh-ii-e1601485394796.jpg 415w, https:\/\/kommentatorenblog.de\/wp-content\/uploads\/2020\/09\/shure-55sh-ii-e1601485394796-142x300.jpg 142w\" sizes=\"auto, (max-width: 10px) 100vw, 10px\" \/> Oliver Fa\u00dfnacht, Experte: Christian Bernhard<\/p>\n\n\n\n<hr class=\"wp-block-separator\"\/>\n\n\n\n<hr class=\"wp-block-separator\"\/>\n\n\n\n<p><strong>Sky Bet Championship (23. Spieltag) (<strong>Sportdigital FUSSBALL<\/strong>)<\/strong><\/p>\n\n\n\n<p><u><u><u><u><u>Samstag, 23. Dezember 2023<\/u><\/u><\/u><\/u><\/u><\/p>\n\n\n\n<p><em><strong style=\"font-style: italic;\">Leeds United &#8211; Ipswich Town<\/strong><strong> <\/strong><strong>(13.30 Uhr)<\/strong> <\/em><\/p>\n\n\n\n<p><img loading=\"lazy\" decoding=\"async\" width=\"10\" height=\"21\" class=\"wp-image-3656\" style=\"width: 10px;\" src=\"http:\/\/kommentatorenblog.de\/wp-content\/uploads\/2020\/09\/shure-55sh-ii-e1601485394796.jpg\" alt=\"\" srcset=\"https:\/\/kommentatorenblog.de\/wp-content\/uploads\/2020\/09\/shure-55sh-ii-e1601485394796.jpg 415w, https:\/\/kommentatorenblog.de\/wp-content\/uploads\/2020\/09\/shure-55sh-ii-e1601485394796-142x300.jpg 142w\" sizes=\"auto, (max-width: 10px) 100vw, 10px\" \/> Florian Obst<\/p>\n\n\n\n<p><em><strong style=\"font-style: italic;\">Stoke City &#8211; FC Millwall<\/strong><\/em> <em><strong>(16.00 Uhr)<\/strong> <\/em><\/p>\n\n\n\n<p><img loading=\"lazy\" decoding=\"async\" width=\"10\" height=\"21\" class=\"wp-image-3656\" style=\"width: 10px;\" src=\"http:\/\/kommentatorenblog.de\/wp-content\/uploads\/2020\/09\/shure-55sh-ii-e1601485394796.jpg\" alt=\"\" srcset=\"https:\/\/kommentatorenblog.de\/wp-content\/uploads\/2020\/09\/shure-55sh-ii-e1601485394796.jpg 415w, https:\/\/kommentatorenblog.de\/wp-content\/uploads\/2020\/09\/shure-55sh-ii-e1601485394796-142x300.jpg 142w\" sizes=\"auto, (max-width: 10px) 100vw, 10px\" \/> Moritz Knorr<\/p>\n\n\n\n<hr class=\"wp-block-separator\"\/>\n\n\n\n<p><strong>A-League (9. Spieltag), (Sportdigital FUSSBALL)<\/strong><\/p>\n\n\n\n<p><u><u><u><u>Freitag, 22. Dezember 2023,<\/u><\/u><\/u><\/u><\/p>\n\n\n\n<p><em><span style=\"font-style: italic;\"><b>Adelaide United <em><strong style=\"font-style: italic;\"><strong><span><b style=\"font-style: italic;\">\u2013<\/b><\/span><\/strong><\/strong> <\/em>Newcastle United Jets<\/b><\/span><strong> (09.45 Uhr)<\/strong> <\/em><\/p>\n\n\n\n<p><img loading=\"lazy\" decoding=\"async\" width=\"10\" height=\"21\" class=\"wp-image-3656\" style=\"width: 10px;\" src=\"http:\/\/kommentatorenblog.de\/wp-content\/uploads\/2020\/09\/shure-55sh-ii-e1601485394796.jpg\" alt=\"\" srcset=\"https:\/\/kommentatorenblog.de\/wp-content\/uploads\/2020\/09\/shure-55sh-ii-e1601485394796.jpg 415w, https:\/\/kommentatorenblog.de\/wp-content\/uploads\/2020\/09\/shure-55sh-ii-e1601485394796-142x300.jpg 142w\" sizes=\"auto, (max-width: 10px) 100vw, 10px\" \/> Marvin Kirsch<\/p>\n\n\n\n<p><u><u><u><u>Samstag, 23. Dezember 2023<\/u><\/u><\/u><\/u><\/p>\n\n\n\n<p><strong style=\"font-style: italic;\">Melbourne City <em><strong style=\"font-style: italic;\"><strong><span><b style=\"font-style: italic;\">\u2013<\/b><\/span><\/strong><\/strong> <\/em>Melbourne Victory<\/strong><em><strong> (09.45 Uhr)<\/strong><\/em> <\/p>\n\n\n\n<p><img loading=\"lazy\" decoding=\"async\" width=\"10\" height=\"21\" class=\"wp-image-3656\" style=\"width: 10px;\" src=\"http:\/\/kommentatorenblog.de\/wp-content\/uploads\/2020\/09\/shure-55sh-ii-e1601485394796.jpg\" alt=\"\" srcset=\"https:\/\/kommentatorenblog.de\/wp-content\/uploads\/2020\/09\/shure-55sh-ii-e1601485394796.jpg 415w, https:\/\/kommentatorenblog.de\/wp-content\/uploads\/2020\/09\/shure-55sh-ii-e1601485394796-142x300.jpg 142w\" sizes=\"auto, (max-width: 10px) 100vw, 10px\" \/> Christian Blunck<\/p>\n\n\n\n<hr class=\"wp-block-separator\"\/>\n\n\n\n<p><strong>Die Analyse<\/strong><\/p>\n\n\n\n<p>W\u00e4hrend die Bundesliga in der Winterpause ist, geht es auf der Insel hei\u00df her, bis Heiligabend wird hier gespielt, am 2. Weihnachtsfeiertag geht es dann auch schon wieder weiter. F\u00fcr Joachim Hebel bedeutet das Doppeleinsatz am Wochenende, w\u00e4hrend Schmidt- Sommerfeld das Topspiel mit Rene Adler begleitet, aus London meldet sich Ela Bilobrk.<\/p>\n\n\n\n<p>W\u00e4hrend in Spanien nur das Nachholspiel von Atletico gegen Sevilla ansteht, spielt auch die Serie A noch einen regul\u00e4ren Spieltag. Christoph Stadtler kommentiert hier am Freitag, Mario Rieker am Samstag.<\/p>\n\n\n\n<p>Weiteren Fu\u00dfball hat derweil Sportdigital noch zu bieten, Florian Obst und Moritz Knorr sind bei den englischen Partien im Einsatz, w\u00e4hrend Kirsch und Blunck die A- League \u00fcbernehmen.<\/p>\n\n\n\n<p>Damit w\u00fcnschen wir euch sch\u00f6ne Weihnachten. Tim meldet sich dann am 1. Weihnachtsfeiertag u.a. mit den Ansetzungen des Boxing Days<\/p>\n\n\n\n<p><\/p>\n\n\n\n<p><\/p>\n","protected":false},"excerpt":{"rendered":"<p>Liebe Leserinnen und Leser, auf diesem Weg m\u00f6chte das gesamte Blogger- Team fr\u00f6hliche Weihnachten, sch\u00f6ne Feiertage und einen guten Rutsch ins neue Jahr w\u00fcnschen. Die Bundesliga hat sich zwar am Mittwoch in die Winterpause verabschiedet, Fu\u00dfball gibt es in den n\u00e4chsten Tagen und Wochen aber trotzdem. Nichtsdestotrotz geht hier der Blick erstmal auf den Wintersport, [&hellip;]<\/p>\n","protected":false},"author":10,"featured_media":0,"comment_status":"open","ping_status":"open","sticky":false,"template":"","format":"standard","meta":{"footnotes":""},"categories":[429],"tags":[19,582,131,164,57,171,988,13,797,220,89,986,987,347,69,70,243,121,581,715,191,665,805,766,917,22,796,27,273,105,37],"class_list":["post-16288","post","type-post","status-publish","format-standard","hentry","category-diverses","tag-ard","tag-bernd-schmelzer","tag-carsten-fuss","tag-christian-bernhard","tag-christian-blunck","tag-christoph-stadtler","tag-das-erste","tag-dazn","tag-eike-papsdorf","tag-florian-obst","tag-florian-schmidt-sommerfeld","tag-hannes-herrm","tag-jens-joerg-rieck-2","tag-joachim-hebel","tag-jonas-friedrich","tag-marcel-meinert","tag-mario-rieker","tag-markus-gaupp","tag-marvin-kirsch","tag-moritz-knorr","tag-nico-seepe","tag-oliver-fassnacht-2","tag-peter-leissl","tag-philipp-sohmer","tag-rene-adler-2","tag-sky","tag-stefan-bier","tag-sven-schroeter","tag-tom-bartels","tag-uli-hebel","tag-zdf"],"_links":{"self":[{"href":"https:\/\/kommentatorenblog.de\/index.php?rest_route=\/wp\/v2\/posts\/16288","targetHints":{"allow":["GET"]}}],"collection":[{"href":"https:\/\/kommentatorenblog.de\/index.php?rest_route=\/wp\/v2\/posts"}],"about":[{"href":"https:\/\/kommentatorenblog.de\/index.php?rest_route=\/wp\/v2\/types\/post"}],"author":[{"embeddable":true,"href":"https:\/\/kommentatorenblog.de\/index.php?rest_route=\/wp\/v2\/users\/10"}],"replies":[{"embeddable":true,"href":"https:\/\/kommentatorenblog.de\/index.php?rest_route=%2Fwp%2Fv2%2Fcomments&post=16288"}],"version-history":[{"count":13,"href":"https:\/\/kommentatorenblog.de\/index.php?rest_route=\/wp\/v2\/posts\/16288\/revisions"}],"predecessor-version":[{"id":16311,"href":"https:\/\/kommentatorenblog.de\/index.php?rest_route=\/wp\/v2\/posts\/16288\/revisions\/16311"}],"wp:attachment":[{"href":"https:\/\/kommentatorenblog.de\/index.php?rest_route=%2Fwp%2Fv2%2Fmedia&parent=16288"}],"wp:term":[{"taxonomy":"category","embeddable":true,"href":"https:\/\/kommentatorenblog.de\/index.php?rest_route=%2Fwp%2Fv2%2Fcategories&post=16288"},{"taxonomy":"post_tag","embeddable":true,"href":"https:\/\/kommentatorenblog.de\/index.php?rest_route=%2Fwp%2Fv2%2Ftags&post=16288"}],"curies":[{"name":"wp","href":"https:\/\/api.w.org\/{rel}","templated":true}]}}