{"id":16438,"date":"2024-01-18T16:08:58","date_gmt":"2024-01-18T15:08:58","guid":{"rendered":"https:\/\/kommentatorenblog.de\/?p=16438"},"modified":"2024-01-22T02:34:46","modified_gmt":"2024-01-22T01:34:46","slug":"1395-danke-franz","status":"publish","type":"post","link":"https:\/\/kommentatorenblog.de\/?p=16438","title":{"rendered":"1395 &#8211; Danke, Franz!"},"content":{"rendered":"\n<p>N&#8217;Abend allerseits,<\/p>\n\n\n\n<p>am morgigen Freitag trauert die Fu\u00dfball-Welt und die deutsche Gesellschaft nochmal geballt um einen ihrer Gr\u00f6\u00dften in der Fu\u00dfball-Arena in M\u00fcnchen-Fr\u00f6ttmaning. Zur Trauerfeier f\u00fcr Franz Beckenbauer sind auch viele Wegbegleiter und andere Pers\u00f6nlichkeiten angek\u00fcndigt, um dem Kaiser die geb\u00fchrende Ehre zu zollen. <\/p>\n\n\n\n<p>Die vielen bewegenden Worte, Geschichten und Bilder in den letzten Wochen zu Ehren von Franz Beckenbauer verdeutlichen nochmal seinen immensen Stellenwert im Fu\u00dfball, vor allem aber als Mensch. Insbesondere den schon vor seinem Tod fertiggestellten und ins Programm genommenen <a rel=\"noreferrer noopener\" href=\"https:\/\/www.ardmediathek.de\/video\/beckenbauer\/beckenbauer-legende-des-deutschen-fussballs\/br-fernsehen\/Y3JpZDovL2JyLmRlL3ZpZGVvLzg4NGI1NjhhLThlOTItNDJlNC1hNGZkLWE3Yzg1ODYyYzNjOQ\" data-type=\"URL\" data-id=\"https:\/\/www.ardmediathek.de\/video\/beckenbauer\/beckenbauer-legende-des-deutschen-fussballs\/br-fernsehen\/Y3JpZDovL2JyLmRlL3ZpZGVvLzg4NGI1NjhhLThlOTItNDJlNC1hNGZkLWE3Yzg1ODYyYzNjOQ\" target=\"_blank\">ARD-Film<\/a> und die <a rel=\"noreferrer noopener\" href=\"https:\/\/fcbayern.com\/de\/news\/2024\/01\/paul-breitner-wuerdigt-franz-beckenbauer-bei-fifa-the-best-awards\" data-type=\"URL\" data-id=\"https:\/\/fcbayern.com\/de\/news\/2024\/01\/paul-breitner-wuerdigt-franz-beckenbauer-bei-fifa-the-best-awards\" target=\"_blank\">Worte von Paul Breitner<\/a> auf der FIFA-Gala m\u00f6chte ich nochmal ans Herz legen. Die besch\u00e4menden Worte wie in einer uns\u00e4glichen TAZ-Kolumne m\u00f6chte ich an dieser Stelle nicht weiter kommentieren.<\/p>\n\n\n\n<p>Auch wenn ich als Jahrgang 1999 den Kaiser weder spielen noch coachen sah, verbinde ich seinen gr\u00f6\u00dften Erfolg &#8211; die WM erneut nach Deutschland geholt zu haben &#8211; immer mit der Zeit einzigartiger Stimmung, die mich zum Fu\u00dfball-Fan gemacht hat. Danke, Franz Beckenbauer!<\/p>\n\n\n\n<p>Die morgige Gedenkfeier zu Ehren Franz Beckenbauers \u00fcbertragen dabei viele Sender. Die ARD lie\u00df sogar das Biathlon-Einzel in Antholz verschieben, um p\u00fcnktlich aus M\u00fcnchen zu \u00fcbertragen. Nachfolgend eine \u00dcbersicht:<\/p>\n\n\n\n<p><strong>Gedenkfeier f\u00fcr Franz Beckenbauer <\/strong>(Freitag, 19. Januar 2024, 15.00 Uhr)<\/p>\n\n\n\n<p><span style=\"text-decoration: underline;\">ab 14.30 Uhr (Sky Sport News)<\/span><br>Moderation: Patrick Wasserziehr und Michael Leopold<\/p>\n\n\n\n<p><span style=\"text-decoration: underline;\">ab 14.30 Uhr (BR) bzw. ab 15.00 Uhr (ARD)<\/span><br>Moderation: Esther Sedlaczek und Bastian Schweinsteiger<\/p>\n\n\n\n<p><span style=\"text-decoration: underline;\">ab 14.50 Uhr (RTL\/ntv)<\/span><br>Moderation: Florian K\u00f6nig und G\u00fcnther Jauch<\/p>\n\n\n\n<p><span style=\"text-decoration: underline;\">ab 14.30 Uhr (WELT TV)<\/span><br>Moderation: tba<\/p>\n\n\n\n<p><span style=\"text-decoration: underline;\">ab 13.40 Uhr (Sport1 Livestream)<\/span><br>Moderation: Oliver Forster und Steffen Bohleber<\/p>\n\n\n\n<p><span style=\"text-decoration: underline;\">ab 15.00 Uhr (DAZN)<\/span><br>Moderation: Uwe Morawe und Carsten Fu\u00df<\/p>\n\n\n\n<hr class=\"wp-block-separator is-style-default\"\/>\n\n\n\n<p>Harter Cut: Wir m\u00fcssen \u00fcber einen ehemaligen Arbeitgeber von Franz Beckenbauer sprechen: Sky (zu gro\u00dfen Teilen seiner Besch\u00e4ftigung dort noch Premiere). Der M\u00fcnchner Pay-TV-Sender hat ja im Dezember bekanntlich einen Deal mit RTL geschlossen &#8211; und am Sonntag steht nun die erste Free-TV-\u00dcbertragung einer Zweitligakonferenz im Hause des K\u00f6lner Privatsenders an. Deshalb ein \u00dcberblick zu diesem Deal und allen Infos die wir zu den einzelnen Punkten geben k\u00f6nnen:<\/p>\n\n\n\n<ul class=\"wp-block-list\"><li><strong>Sieben Formel-1-Rennen pro Saison auch bei RTL<\/strong>. Nachdem die K\u00f6nigsklasse des Motorsport ewig bei RTL beheimatet war, hatte ja Sky mit einem Exklusiv-Deal RTL vorerst ausgestochen und nur die vertraglich vereinbarten vier Free-TV-Rennen anfangs sublizensiert. Vergangene Saison hatte RTL daran kein Interesse mehr und Sky musste mangels Alternativen auf YouTube ausweichen. Nun sind&#8217;s sogar mehr als vier Rennen &#8211; los geht&#8217;s schon mit dem Saisonauftakt. Auch alle Quali-Rennen zeigt die RTL-Gruppe (vermutlich aber nicht auf dem Hauptsender). Zum Einsatz kommen wird wohl die bew\u00e4hrte Crew &#8211; Jochen Stutzky darf sich also wom\u00f6glich auf weitere Doppelpass-Eins\u00e4tze freuen.<\/li><li><strong>Drei Konferenzen der 2. Bundesliga auch bei RTL<\/strong>. Pro Saison zeigt RTL am Sonntagnachmittag nun auch drei Konferenzen aus dem Unterhaus. Das st\u00e4rkt die Sportschiene am Sonntag noch mehr. Hier wird w\u00e4hrend der 90 Minuten das Signal aus der Sky-Konferenz \u00fcbernommen, die auch dann im gewohnten 2.Liga-Format daher kommt (also keine &#8222;Original&#8220;-Konferenz, sondern nur ein Konferenzkommentator, der das Fokusspiel begleitet und ab und zu die beiden weiteren Einzelspielkommentatoren ins Boot holt). Den Vor- und Nachlauf produziert RTL selbst. Laura Papendick und Felix Kroos sind daf\u00fcr am Sonntag zum Auftakt im Berliner Olympiastadion.<\/li><li><strong>Eine Premier League-Partie pro Spieltag auch bei RTL+<\/strong>. RTL st\u00e4rkt auch seinen eigenen Pay-Dienst mit dem Deal: An jedem Spieltag kommt ein Spiel co-exklusiv bei RTL+, wobei das Signal inklusive Kommentar von Sky \u00fcbernommen wird. Im Cornerlogo stehen dann relativ gro\u00df &#8222;RTL+&#8220; und &#8222;Sky Sport&#8220; nebeneinander und darunter &#8222;Live&#8220;. Bei der Partie handelt es sich um einen &#8222;Second Pick&#8220;, also nicht um das Match of the Week.<\/li><li><strong>Zwei ausgew\u00e4hlte Spiele der Europa (Conference) League pro Spielwoche auch bei Sky Sport.<\/strong> Im Gegenzug darf Sky auch die beiden bei der RTL-Gruppe beheimateten Europapokalwettbewerbe teilweise \u00fcbertragen. Hier \u00fcbernimmt dann Sky auch das Signal sowie den Kommentar von RTL+. Weitere Einzelheiten zur \u00dcbertragung (Vorlauf etc.) sowie zur Auswahl der Spiele wird Sky erst vor dem ersten Sendetermin, also Mitte Februar kommunizieren. Ich w\u00fcrde mal davon ausgehen, dass es sich dabei aber nicht um die Free-TV-Partien handeln d\u00fcrfte.<\/li><li><strong>Fiction-Formate und &#8222;ausgesuchte Highlights&#8220;. <\/strong>Dar\u00fcber hinaus wandern mit dem Deal Sky-Serien co-exklusiv zu RTL+. Au\u00dferdem war in der Ank\u00fcndigung von ausgesuchten Highlights die Rede, die ja zum Beispiel f\u00fcr Sky Sport News interessant sein k\u00f6nnten, wenn wir \u00fcber die RTL-Sportrechte sprechen. Auf unsere Nachfrage hin konnte Sky allerdings noch keine weiteren Details zur Partnerschaft kommunizieren.<\/li><\/ul>\n\n\n\n<p>Die umfangreiche Partnerschaft soll allerdings der Anfang einer weiteren gemeinsamen Content-Strategie sein. Die Partnerschaft ist zun\u00e4chst auf zwei Jahre ausgelegt.<br>Damit rein ins erste RTL-Zweitligawochenende:<\/p>\n\n\n\n<hr class=\"wp-block-separator is-style-default\"\/>\n\n\n\n<p><strong>Die Ansetzungen vom 19. Januar 2024 bis 22. Januar 2024<\/strong><\/p>\n\n\n\n<hr class=\"wp-block-separator is-style-default\"\/>\n\n\n\n<p><strong>Bundesliga (GER), 18. Spieltag (Sky\/DAZN)<\/strong><\/p>\n\n\n\n<p><s><span style=\"text-decoration: underline;\">Freitag, 19. Januar 2024, ab 20.00 Uhr (DAZN)<\/span> <\/s><\/p>\n\n\n\n<p><s><em><strong>1. FSV Mainz 05 \u2013 1. FC Union Berlin (20.30 Uhr)<\/strong><\/em><br><img loading=\"lazy\" decoding=\"async\" width=\"10\" height=\"21\" class=\"wp-image-3656\" style=\"width: 10px;\" src=\"http:\/\/kommentatorenblog.de\/wp-content\/uploads\/2020\/09\/shure-55sh-ii-e1601485394796.jpg\" alt=\"\" srcset=\"https:\/\/kommentatorenblog.de\/wp-content\/uploads\/2020\/09\/shure-55sh-ii-e1601485394796.jpg 415w, https:\/\/kommentatorenblog.de\/wp-content\/uploads\/2020\/09\/shure-55sh-ii-e1601485394796-142x300.jpg 142w\" sizes=\"auto, (max-width: 10px) 100vw, 10px\" \/> Mario Rieker, Experte: Benny Lauth<br>Moderation: Tobi Wahnschaffe, Field-Reporter: Lukas Sch\u00f6nm\u00fcller<\/s><\/p>\n\n\n\n<p><span style=\"text-decoration: underline;\">Samstag, 20. Januar 2024, ab 14.00 Uhr (Sky)<\/span> <\/p>\n\n\n\n<p><em><strong>1. FC K\u00f6ln \u2013 Borussia Dortmund (15.30 Uhr)<\/strong><\/em><br><img loading=\"lazy\" decoding=\"async\" width=\"10\" height=\"21\" class=\"wp-image-3656\" style=\"width: 10px;\" src=\"http:\/\/kommentatorenblog.de\/wp-content\/uploads\/2020\/09\/shure-55sh-ii-e1601485394796.jpg\" alt=\"\" srcset=\"https:\/\/kommentatorenblog.de\/wp-content\/uploads\/2020\/09\/shure-55sh-ii-e1601485394796.jpg 415w, https:\/\/kommentatorenblog.de\/wp-content\/uploads\/2020\/09\/shure-55sh-ii-e1601485394796-142x300.jpg 142w\" sizes=\"auto, (max-width: 10px) 100vw, 10px\" \/> Martin Gro\u00df (Einzelspiel), Kai Dittmann (Konferenz)<br>Field-Reporter: Patrick Wasserziehr<\/p>\n\n\n\n<p><em><strong>SV Darmstadt 98 \u2013 Eintracht Frankfurt (15.30 Uhr)<\/strong><\/em><br><img loading=\"lazy\" decoding=\"async\" width=\"10\" height=\"21\" class=\"wp-image-3656\" style=\"width: 10px;\" src=\"http:\/\/kommentatorenblog.de\/wp-content\/uploads\/2020\/09\/shure-55sh-ii-e1601485394796.jpg\" alt=\"\" srcset=\"https:\/\/kommentatorenblog.de\/wp-content\/uploads\/2020\/09\/shure-55sh-ii-e1601485394796.jpg 415w, https:\/\/kommentatorenblog.de\/wp-content\/uploads\/2020\/09\/shure-55sh-ii-e1601485394796-142x300.jpg 142w\" sizes=\"auto, (max-width: 10px) 100vw, 10px\" \/> Klaus Veltman (Einzelspiel), Jonas Friedrich (Konferenz)<br>Field-Reporter: Ulli Potofski<\/p>\n\n\n\n<p><em><strong>VfL Bochum 1848 \u2013 VfB Stuttgart (15.30 Uhr)<\/strong><\/em><br><img loading=\"lazy\" decoding=\"async\" width=\"10\" height=\"21\" class=\"wp-image-3656\" style=\"width: 10px;\" src=\"http:\/\/kommentatorenblog.de\/wp-content\/uploads\/2020\/09\/shure-55sh-ii-e1601485394796.jpg\" alt=\"\" srcset=\"https:\/\/kommentatorenblog.de\/wp-content\/uploads\/2020\/09\/shure-55sh-ii-e1601485394796.jpg 415w, https:\/\/kommentatorenblog.de\/wp-content\/uploads\/2020\/09\/shure-55sh-ii-e1601485394796-142x300.jpg 142w\" sizes=\"auto, (max-width: 10px) 100vw, 10px\" \/> Marcus Lindemann (Einzelspiel), Roland Evers (Konferenz)<br>Field-Reporter: Jens Westen<\/p>\n\n\n\n<p><em><strong>Sport-Club Freiburg \u2013 TSG 1899 Hoffenheim (15.30 Uhr)<\/strong><\/em><br><img loading=\"lazy\" decoding=\"async\" width=\"10\" height=\"21\" class=\"wp-image-3656\" style=\"width: 10px;\" src=\"http:\/\/kommentatorenblog.de\/wp-content\/uploads\/2020\/09\/shure-55sh-ii-e1601485394796.jpg\" alt=\"\" srcset=\"https:\/\/kommentatorenblog.de\/wp-content\/uploads\/2020\/09\/shure-55sh-ii-e1601485394796.jpg 415w, https:\/\/kommentatorenblog.de\/wp-content\/uploads\/2020\/09\/shure-55sh-ii-e1601485394796-142x300.jpg 142w\" sizes=\"auto, (max-width: 10px) 100vw, 10px\" \/> J\u00fcrgen Schmitz (Einzelspiel), Markus G\u00f6tz (Konferenz)<br>Field-Reporter: Riccardo Basile<\/p>\n\n\n\n<p><em><strong>1. FC Heidenheim 1846 \u2013 VfL Wolfsburg (15.30 Uhr)<\/strong><\/em><br><img loading=\"lazy\" decoding=\"async\" width=\"10\" height=\"21\" class=\"wp-image-3656\" style=\"width: 10px;\" src=\"http:\/\/kommentatorenblog.de\/wp-content\/uploads\/2020\/09\/shure-55sh-ii-e1601485394796.jpg\" alt=\"\" srcset=\"https:\/\/kommentatorenblog.de\/wp-content\/uploads\/2020\/09\/shure-55sh-ii-e1601485394796.jpg 415w, https:\/\/kommentatorenblog.de\/wp-content\/uploads\/2020\/09\/shure-55sh-ii-e1601485394796-142x300.jpg 142w\" sizes=\"auto, (max-width: 10px) 100vw, 10px\" \/> Hannes Herrmann (Einzelspiel), Oliver Seidler (Konferenz)<br>Field-Reporterin: Viola Weiss<\/p>\n\n\n\n<p>Moderation: Britta Hofmann, Experten: Dietmar Hamann und Erik Meijer<\/p>\n\n\n\n<p><span style=\"text-decoration: underline;\">ab 17.30 Uhr (Sky)<\/span> <\/p>\n\n\n\n<p><em><strong>RB Leipzig \u2013 Bayer 04 Leverkusen (18.30 Uhr)<\/strong><\/em><br><img loading=\"lazy\" decoding=\"async\" width=\"10\" height=\"21\" class=\"wp-image-3656\" style=\"width: 10px;\" src=\"http:\/\/kommentatorenblog.de\/wp-content\/uploads\/2020\/09\/shure-55sh-ii-e1601485394796.jpg\" alt=\"\" srcset=\"https:\/\/kommentatorenblog.de\/wp-content\/uploads\/2020\/09\/shure-55sh-ii-e1601485394796.jpg 415w, https:\/\/kommentatorenblog.de\/wp-content\/uploads\/2020\/09\/shure-55sh-ii-e1601485394796-142x300.jpg 142w\" sizes=\"auto, (max-width: 10px) 100vw, 10px\" \/> Wolff Fuss<br>Field-Reporter: Michael Leopold<br>Moderation: Sebastian Hellmann, Experte: Lothar Matth\u00e4us<\/p>\n\n\n\n<p><span style=\"text-decoration: underline;\">Sonntag, 21. Januar 2024, ab 14.45 Uhr (DAZN)<\/span> <\/p>\n\n\n\n<p><em><strong>FC Bayern M\u00fcnchen \u2013 SV Werder Bremen (15.30 Uhr)<\/strong><\/em><br><img loading=\"lazy\" decoding=\"async\" width=\"10\" height=\"21\" class=\"wp-image-3656\" style=\"width: 10px;\" src=\"http:\/\/kommentatorenblog.de\/wp-content\/uploads\/2020\/09\/shure-55sh-ii-e1601485394796.jpg\" alt=\"\" srcset=\"https:\/\/kommentatorenblog.de\/wp-content\/uploads\/2020\/09\/shure-55sh-ii-e1601485394796.jpg 415w, https:\/\/kommentatorenblog.de\/wp-content\/uploads\/2020\/09\/shure-55sh-ii-e1601485394796-142x300.jpg 142w\" sizes=\"auto, (max-width: 10px) 100vw, 10px\" \/> Uli Hebel, Experte: Michael Ballack<br>Moderation: Laura Wontorra, Field-Reporter: Daniel Herzog<\/p>\n\n\n\n<p><span style=\"text-decoration: underline;\">ab 17.00 Uhr (DAZN)<\/span> <\/p>\n\n\n\n<p><em><strong>Borussia M\u00f6nchengladbach \u2013 FC Augsburg (17.30 Uhr)<\/strong><\/em><br><img loading=\"lazy\" decoding=\"async\" width=\"10\" height=\"21\" class=\"wp-image-3656\" style=\"width: 10px;\" src=\"http:\/\/kommentatorenblog.de\/wp-content\/uploads\/2020\/09\/shure-55sh-ii-e1601485394796.jpg\" alt=\"\" srcset=\"https:\/\/kommentatorenblog.de\/wp-content\/uploads\/2020\/09\/shure-55sh-ii-e1601485394796.jpg 415w, https:\/\/kommentatorenblog.de\/wp-content\/uploads\/2020\/09\/shure-55sh-ii-e1601485394796-142x300.jpg 142w\" sizes=\"auto, (max-width: 10px) 100vw, 10px\" \/> Jan Platte, Experte: Sascha Bigalke<br>Moderation: Freddy Harder, Field-Reporter: Max Siebald<\/p>\n\n\n\n<hr class=\"wp-block-separator is-style-default\"\/>\n\n\n\n<p><strong>2<\/strong>. <strong>Bundesliga (GER), 18. Spieltag (Sky\/Sport1\/RTL)<\/strong><\/p>\n\n\n\n<p><span style=\"text-decoration: underline;\">Freitag, 19. Januar 2024, ab 18.00 Uhr (Sky)<\/span> <\/p>\n\n\n\n<p><strong><em>Die Konferenz (18.30 Uhr)<\/em><\/strong><br><img loading=\"lazy\" decoding=\"async\" width=\"10\" height=\"21\" class=\"wp-image-3656\" style=\"width: 10px;\" src=\"http:\/\/kommentatorenblog.de\/wp-content\/uploads\/2020\/09\/shure-55sh-ii-e1601485394796.jpg\" alt=\"\" srcset=\"https:\/\/kommentatorenblog.de\/wp-content\/uploads\/2020\/09\/shure-55sh-ii-e1601485394796.jpg 415w, https:\/\/kommentatorenblog.de\/wp-content\/uploads\/2020\/09\/shure-55sh-ii-e1601485394796-142x300.jpg 142w\" sizes=\"auto, (max-width: 10px) 100vw, 10px\" \/> Christian Stra\u00dfburger (Fokus auf KSV-EBS)<\/p>\n\n\n\n<p><strong><em>Holstein Kiel \u2013 Eintracht Braunschweig (18.30 Uhr)<\/em><\/strong><br><img loading=\"lazy\" decoding=\"async\" width=\"10\" height=\"21\" class=\"wp-image-3656\" style=\"width: 10px;\" src=\"http:\/\/kommentatorenblog.de\/wp-content\/uploads\/2020\/09\/shure-55sh-ii-e1601485394796.jpg\" alt=\"\" srcset=\"https:\/\/kommentatorenblog.de\/wp-content\/uploads\/2020\/09\/shure-55sh-ii-e1601485394796.jpg 415w, https:\/\/kommentatorenblog.de\/wp-content\/uploads\/2020\/09\/shure-55sh-ii-e1601485394796-142x300.jpg 142w\" sizes=\"auto, (max-width: 10px) 100vw, 10px\" \/> Oliver Seidler<\/p>\n\n\n\n<p><strong><em>Karlsruher SC \u2013 VfL Osnabr\u00fcck <\/em><\/strong><strong><em>(18.30 Uhr)<\/em><\/strong><br><img loading=\"lazy\" decoding=\"async\" width=\"10\" height=\"21\" class=\"wp-image-3656\" style=\"width: 10px;\" src=\"http:\/\/kommentatorenblog.de\/wp-content\/uploads\/2020\/09\/shure-55sh-ii-e1601485394796.jpg\" alt=\"\" srcset=\"https:\/\/kommentatorenblog.de\/wp-content\/uploads\/2020\/09\/shure-55sh-ii-e1601485394796.jpg 415w, https:\/\/kommentatorenblog.de\/wp-content\/uploads\/2020\/09\/shure-55sh-ii-e1601485394796-142x300.jpg 142w\" sizes=\"auto, (max-width: 10px) 100vw, 10px\" \/> Klaus Veltman<br>Field-Reporter: Dennis Bayer<\/p>\n\n\n\n<p>Moderation (aus Kiel): Yannick Erkenbrecher<\/p>\n\n\n\n<p><span style=\"text-decoration: underline;\">Samstag, 20. Januar 2024, ab 12.30 Uhr (Sky)<\/span><\/p>\n\n\n\n<p><strong><em>Die Konferenz (13.00Uhr)<\/em><\/strong><br><img loading=\"lazy\" decoding=\"async\" width=\"10\" height=\"21\" class=\"wp-image-3656\" style=\"width: 10px;\" src=\"http:\/\/kommentatorenblog.de\/wp-content\/uploads\/2020\/09\/shure-55sh-ii-e1601485394796.jpg\" alt=\"\" srcset=\"https:\/\/kommentatorenblog.de\/wp-content\/uploads\/2020\/09\/shure-55sh-ii-e1601485394796.jpg 415w, https:\/\/kommentatorenblog.de\/wp-content\/uploads\/2020\/09\/shure-55sh-ii-e1601485394796-142x300.jpg 142w\" sizes=\"auto, (max-width: 10px) 100vw, 10px\" \/> Toni Tomic (Fokus auf STP-FCK)<\/p>\n\n\n\n<p><strong><em>FC St. Pauli \u2013 <strong><em>1. FC Kaiserslautern <\/em><\/strong>(13.00 Uhr)<\/em><\/strong><br><img loading=\"lazy\" decoding=\"async\" width=\"10\" height=\"21\" class=\"wp-image-3656\" style=\"width: 10px;\" src=\"http:\/\/kommentatorenblog.de\/wp-content\/uploads\/2020\/09\/shure-55sh-ii-e1601485394796.jpg\" alt=\"\" srcset=\"https:\/\/kommentatorenblog.de\/wp-content\/uploads\/2020\/09\/shure-55sh-ii-e1601485394796.jpg 415w, https:\/\/kommentatorenblog.de\/wp-content\/uploads\/2020\/09\/shure-55sh-ii-e1601485394796-142x300.jpg 142w\" sizes=\"auto, (max-width: 10px) 100vw, 10px\" \/> Christian Stra\u00dfburger<\/p>\n\n\n\n<p><strong><em><strong><em><strong><em><strong><em>1. FC N\u00fcrnberg <\/em><\/strong><\/em><\/strong><\/em><\/strong>\u2013 <strong><em><strong><em><strong><em>F.C. Hansa Rostock<\/em><\/strong><\/em><\/strong><\/em><\/strong> (13.00 Uhr)<\/em><\/strong><br><img loading=\"lazy\" decoding=\"async\" width=\"10\" height=\"21\" class=\"wp-image-3656\" style=\"width: 10px;\" src=\"http:\/\/kommentatorenblog.de\/wp-content\/uploads\/2020\/09\/shure-55sh-ii-e1601485394796.jpg\" alt=\"\" srcset=\"https:\/\/kommentatorenblog.de\/wp-content\/uploads\/2020\/09\/shure-55sh-ii-e1601485394796.jpg 415w, https:\/\/kommentatorenblog.de\/wp-content\/uploads\/2020\/09\/shure-55sh-ii-e1601485394796-142x300.jpg 142w\" sizes=\"auto, (max-width: 10px) 100vw, 10px\" \/> Torsten Kunde<br>Field-Reporter: Torben Hoffmann und Max Zielke<\/p>\n\n\n\n<p><strong><em><strong><em>SV Elversberg <\/em><\/strong>\u2013 Hannover 96 (13.00 Uhr)<\/em><\/strong><br><img loading=\"lazy\" decoding=\"async\" width=\"10\" height=\"21\" class=\"wp-image-3656\" style=\"width: 10px;\" src=\"http:\/\/kommentatorenblog.de\/wp-content\/uploads\/2020\/09\/shure-55sh-ii-e1601485394796.jpg\" alt=\"\" srcset=\"https:\/\/kommentatorenblog.de\/wp-content\/uploads\/2020\/09\/shure-55sh-ii-e1601485394796.jpg 415w, https:\/\/kommentatorenblog.de\/wp-content\/uploads\/2020\/09\/shure-55sh-ii-e1601485394796-142x300.jpg 142w\" sizes=\"auto, (max-width: 10px) 100vw, 10px\" \/> Markus Gaupp<br>Field-Reporter: Alexander Bonengel<\/p>\n\n\n\n<p>Moderation (aus Hamburg): Nele Schenker<\/p>\n\n\n\n<p><span style=\"text-decoration: underline;\">ab 19.30 Uhr (SPORT1) bzw. ab 20.00 Uhr (Sky)<\/span><\/p>\n\n\n\n<p><strong><em>FC Schalke 04 \u2013 Hamburger SV<\/em><\/strong> <strong><em>(20.30 Uhr)<\/em><\/strong><\/p>\n\n\n\n<p><img loading=\"lazy\" decoding=\"async\" width=\"10\" height=\"21\" class=\"wp-image-3656\" style=\"width: 10px;\" src=\"http:\/\/kommentatorenblog.de\/wp-content\/uploads\/2020\/09\/shure-55sh-ii-e1601485394796.jpg\" alt=\"\" srcset=\"https:\/\/kommentatorenblog.de\/wp-content\/uploads\/2020\/09\/shure-55sh-ii-e1601485394796.jpg 415w, https:\/\/kommentatorenblog.de\/wp-content\/uploads\/2020\/09\/shure-55sh-ii-e1601485394796-142x300.jpg 142w\" sizes=\"auto, (max-width: 10px) 100vw, 10px\" \/> <em>Sport1: <\/em>Markus H\u00f6hner<br>Field-Reporter (<em>Sport1<\/em>): Oliver M\u00fcller<br>Moderation (<em>Sport1<\/em>): Katharina Kleinfeldt, Experte: Peter Neururer<\/p>\n\n\n\n<p><img loading=\"lazy\" decoding=\"async\" width=\"10\" height=\"21\" class=\"wp-image-3656\" style=\"width: 10px;\" src=\"http:\/\/kommentatorenblog.de\/wp-content\/uploads\/2020\/09\/shure-55sh-ii-e1601485394796.jpg\" alt=\"\" srcset=\"https:\/\/kommentatorenblog.de\/wp-content\/uploads\/2020\/09\/shure-55sh-ii-e1601485394796.jpg 415w, https:\/\/kommentatorenblog.de\/wp-content\/uploads\/2020\/09\/shure-55sh-ii-e1601485394796-142x300.jpg 142w\" sizes=\"auto, (max-width: 10px) 100vw, 10px\" \/> <em>Sky<\/em>: Hansi K\u00fcpper, Experte: Torsten Mattuschka<br>Moderation (<em>Sky<\/em>): Stefan Hempel<\/p>\n\n\n\n<p><span style=\"text-decoration: underline;\">Sonntag, 21. Januar 2024, ab 13.00 Uhr (Sky\/RTL)<\/span><\/p>\n\n\n\n<p><strong><em>Die Konferenz (13.30Uhr)<\/em><\/strong><br><img loading=\"lazy\" decoding=\"async\" width=\"10\" height=\"21\" class=\"wp-image-3656\" style=\"width: 10px;\" src=\"http:\/\/kommentatorenblog.de\/wp-content\/uploads\/2020\/09\/shure-55sh-ii-e1601485394796.jpg\" alt=\"\" srcset=\"https:\/\/kommentatorenblog.de\/wp-content\/uploads\/2020\/09\/shure-55sh-ii-e1601485394796.jpg 415w, https:\/\/kommentatorenblog.de\/wp-content\/uploads\/2020\/09\/shure-55sh-ii-e1601485394796-142x300.jpg 142w\" sizes=\"auto, (max-width: 10px) 100vw, 10px\" \/> <em>Sky\/RTL: <\/em>Toni Tomic (Fokus auf BSC-F95)<\/p>\n\n\n\n<p><span style=\"text-decoration: underline;\">ab 13.00 Uhr (Sky)<\/span><\/p>\n\n\n\n<p><strong><em>Hertha BSC \u2013 Fortuna D\u00fcsseldorf (13.30 Uhr)<\/em><\/strong><br><img loading=\"lazy\" decoding=\"async\" width=\"10\" height=\"21\" class=\"wp-image-3656\" style=\"width: 10px;\" src=\"http:\/\/kommentatorenblog.de\/wp-content\/uploads\/2020\/09\/shure-55sh-ii-e1601485394796.jpg\" alt=\"\" srcset=\"https:\/\/kommentatorenblog.de\/wp-content\/uploads\/2020\/09\/shure-55sh-ii-e1601485394796.jpg 415w, https:\/\/kommentatorenblog.de\/wp-content\/uploads\/2020\/09\/shure-55sh-ii-e1601485394796-142x300.jpg 142w\" sizes=\"auto, (max-width: 10px) 100vw, 10px\" \/> Oliver Seidler<\/p>\n\n\n\n<p><strong><em><strong><em>SC Paderborn 07<\/em><\/strong> \u2013 SpVgg Greuther F\u00fcrth (13.30 Uhr)<\/em><\/strong><br><img loading=\"lazy\" decoding=\"async\" width=\"10\" height=\"21\" class=\"wp-image-3656\" style=\"width: 10px;\" src=\"http:\/\/kommentatorenblog.de\/wp-content\/uploads\/2020\/09\/shure-55sh-ii-e1601485394796.jpg\" alt=\"\" srcset=\"https:\/\/kommentatorenblog.de\/wp-content\/uploads\/2020\/09\/shure-55sh-ii-e1601485394796.jpg 415w, https:\/\/kommentatorenblog.de\/wp-content\/uploads\/2020\/09\/shure-55sh-ii-e1601485394796-142x300.jpg 142w\" sizes=\"auto, (max-width: 10px) 100vw, 10px\" \/> Hannes Herrmann<br>Field-Reporter: Dirk gro\u00dfe Schlarmann<\/p>\n\n\n\n<p><strong><em>1. FC Magdeburg \u2013 <strong><em>SV Wehen Wiesbaden<\/em><\/strong> (13.30 Uhr)<\/em><\/strong><br><img loading=\"lazy\" decoding=\"async\" width=\"10\" height=\"21\" class=\"wp-image-3656\" style=\"width: 10px;\" src=\"http:\/\/kommentatorenblog.de\/wp-content\/uploads\/2020\/09\/shure-55sh-ii-e1601485394796.jpg\" alt=\"\" srcset=\"https:\/\/kommentatorenblog.de\/wp-content\/uploads\/2020\/09\/shure-55sh-ii-e1601485394796.jpg 415w, https:\/\/kommentatorenblog.de\/wp-content\/uploads\/2020\/09\/shure-55sh-ii-e1601485394796-142x300.jpg 142w\" sizes=\"auto, (max-width: 10px) 100vw, 10px\" \/> Torsten Kunde<br>Field-Reporter: Philipp Hinze<\/p>\n\n\n\n<p>Moderation (<em>Sky<\/em>) (aus Berlin): Hartmut von Kameke, Experte: Torsten Mattuschka<\/p>\n\n\n\n<p>Moderation (<em>RTL<\/em>) (aus Berlin): Laura Papendick, Experte: Felix Kroos<\/p>\n\n\n\n<hr class=\"wp-block-separator is-style-default\"\/>\n\n\n\n<p><strong>3. Liga (GER), 21. Spieltag (Magenta Sport\/MDR\/NDR)<\/strong><\/p>\n\n\n\n<p><span style=\"text-decoration: underline;\">Freitag, 19. Januar 2024, ab 18.30 Uhr (Magenta)<\/span> <\/p>\n\n\n\n<p><strong><em>FC Erzgebirge Aue \u2013 Rot-Weiss Essen (19.00 Uhr)<\/em><\/strong><br><img loading=\"lazy\" decoding=\"async\" width=\"10\" height=\"21\" class=\"wp-image-3656\" style=\"width: 10px;\" src=\"http:\/\/kommentatorenblog.de\/wp-content\/uploads\/2020\/09\/shure-55sh-ii-e1601485394796.jpg\" alt=\"\" srcset=\"https:\/\/kommentatorenblog.de\/wp-content\/uploads\/2020\/09\/shure-55sh-ii-e1601485394796.jpg 415w, https:\/\/kommentatorenblog.de\/wp-content\/uploads\/2020\/09\/shure-55sh-ii-e1601485394796-142x300.jpg 142w\" sizes=\"auto, (max-width: 10px) 100vw, 10px\" \/> Andreas Mann<br>Moderation: Miriam Sinno, Experte: Martin Lanig<\/p>\n\n\n\n<p><span style=\"text-decoration: underline;\">Samstag, 20. Januar 2024, ab 13.30 Uhr (Magenta)<\/span><\/p>\n\n\n\n<p><strong><em>Die Konferenz (14.00Uhr)<\/em><\/strong><br><img loading=\"lazy\" decoding=\"async\" width=\"10\" height=\"21\" class=\"wp-image-3656\" style=\"width: 10px;\" src=\"http:\/\/kommentatorenblog.de\/wp-content\/uploads\/2020\/09\/shure-55sh-ii-e1601485394796.jpg\" alt=\"\" srcset=\"https:\/\/kommentatorenblog.de\/wp-content\/uploads\/2020\/09\/shure-55sh-ii-e1601485394796.jpg 415w, https:\/\/kommentatorenblog.de\/wp-content\/uploads\/2020\/09\/shure-55sh-ii-e1601485394796-142x300.jpg 142w\" sizes=\"auto, (max-width: 10px) 100vw, 10px\" \/> Sascha Bandermann, Experte: Steven Ruprecht<\/p>\n\n\n\n<p><span style=\"text-decoration: underline;\">ab 13.45 Uhr (Magenta)<\/span><\/p>\n\n\n\n<p><s><strong><em>FC Viktoria K\u00f6ln \u2013 1. FC Saarbr\u00fccken (14.00 Uhr)<\/em><\/strong><br><img loading=\"lazy\" decoding=\"async\" width=\"10\" height=\"21\" class=\"wp-image-3656\" style=\"width: 10px;\" src=\"http:\/\/kommentatorenblog.de\/wp-content\/uploads\/2020\/09\/shure-55sh-ii-e1601485394796.jpg\" alt=\"\" srcset=\"https:\/\/kommentatorenblog.de\/wp-content\/uploads\/2020\/09\/shure-55sh-ii-e1601485394796.jpg 415w, https:\/\/kommentatorenblog.de\/wp-content\/uploads\/2020\/09\/shure-55sh-ii-e1601485394796-142x300.jpg 142w\" sizes=\"auto, (max-width: 10px) 100vw, 10px\" \/> Julian Engelhard<br>Moderation: Tobi Sch\u00e4fer<\/s><\/p>\n\n\n\n<p><strong><em>SSV Jahn Regensburg \u2013 SC Verl (14.00 Uhr)<\/em><\/strong><br><img loading=\"lazy\" decoding=\"async\" width=\"10\" height=\"21\" class=\"wp-image-3656\" style=\"width: 10px;\" src=\"http:\/\/kommentatorenblog.de\/wp-content\/uploads\/2020\/09\/shure-55sh-ii-e1601485394796.jpg\" alt=\"\" srcset=\"https:\/\/kommentatorenblog.de\/wp-content\/uploads\/2020\/09\/shure-55sh-ii-e1601485394796.jpg 415w, https:\/\/kommentatorenblog.de\/wp-content\/uploads\/2020\/09\/shure-55sh-ii-e1601485394796-142x300.jpg 142w\" sizes=\"auto, (max-width: 10px) 100vw, 10px\" \/> Oskar Heirler<br>Moderation: Tobi Wahnschaffe<\/p>\n\n\n\n<p><strong><em>Hallescher FC \u2013 FC Ingolstadt (14.00 Uhr)<\/em><\/strong><br><img loading=\"lazy\" decoding=\"async\" width=\"10\" height=\"21\" class=\"wp-image-3656\" style=\"width: 10px;\" src=\"http:\/\/kommentatorenblog.de\/wp-content\/uploads\/2020\/09\/shure-55sh-ii-e1601485394796.jpg\" alt=\"\" srcset=\"https:\/\/kommentatorenblog.de\/wp-content\/uploads\/2020\/09\/shure-55sh-ii-e1601485394796.jpg 415w, https:\/\/kommentatorenblog.de\/wp-content\/uploads\/2020\/09\/shure-55sh-ii-e1601485394796-142x300.jpg 142w\" sizes=\"auto, (max-width: 10px) 100vw, 10px\" \/> Benni Zander<br>Moderation: Hannes Jakobi<\/p>\n\n\n\n<p><span style=\"text-decoration: underline;\">ab 13.45 Uhr (Magenta) bzw. ab 14.00 Uhr (NDR)<\/span><\/p>\n\n\n\n<p><strong><em><strong><em>VfB L\u00fcbeck<\/em><\/strong> \u2013 SV Waldhof Mannheim (14.00 Uhr)<\/em><\/strong><\/p>\n\n\n\n<p><img loading=\"lazy\" decoding=\"async\" width=\"10\" height=\"21\" class=\"wp-image-3656\" style=\"width: 10px;\" src=\"http:\/\/kommentatorenblog.de\/wp-content\/uploads\/2020\/09\/shure-55sh-ii-e1601485394796.jpg\" alt=\"\" srcset=\"https:\/\/kommentatorenblog.de\/wp-content\/uploads\/2020\/09\/shure-55sh-ii-e1601485394796.jpg 415w, https:\/\/kommentatorenblog.de\/wp-content\/uploads\/2020\/09\/shure-55sh-ii-e1601485394796-142x300.jpg 142w\" sizes=\"auto, (max-width: 10px) 100vw, 10px\" \/> <em>Magenta: <\/em>Mike M\u00fcnkel<br>Moderation (<em>Magenta<\/em>): Christina Rann<\/p>\n\n\n\n<p><img loading=\"lazy\" decoding=\"async\" width=\"10\" height=\"21\" class=\"wp-image-3656\" style=\"width: 10px;\" src=\"http:\/\/kommentatorenblog.de\/wp-content\/uploads\/2020\/09\/shure-55sh-ii-e1601485394796.jpg\" alt=\"\" srcset=\"https:\/\/kommentatorenblog.de\/wp-content\/uploads\/2020\/09\/shure-55sh-ii-e1601485394796.jpg 415w, https:\/\/kommentatorenblog.de\/wp-content\/uploads\/2020\/09\/shure-55sh-ii-e1601485394796-142x300.jpg 142w\" sizes=\"auto, (max-width: 10px) 100vw, 10px\" \/> <em>NDR: <\/em>Patrick Halatsch<br>Moderation (<em>NDR<\/em>): Sina Braun<\/p>\n\n\n\n<p><span style=\"text-decoration: underline;\">ab 13.45 Uhr (Magenta) bzw. ab 14.00 Uhr (MDR)<\/span><\/p>\n\n\n\n<p><strong><em>SG Dynamo Dresden \u2013 SV Sandhausen (14.00 Uhr)<\/em><\/strong><\/p>\n\n\n\n<p><img loading=\"lazy\" decoding=\"async\" width=\"10\" height=\"21\" class=\"wp-image-3656\" style=\"width: 10px;\" src=\"http:\/\/kommentatorenblog.de\/wp-content\/uploads\/2020\/09\/shure-55sh-ii-e1601485394796.jpg\" alt=\"\" srcset=\"https:\/\/kommentatorenblog.de\/wp-content\/uploads\/2020\/09\/shure-55sh-ii-e1601485394796.jpg 415w, https:\/\/kommentatorenblog.de\/wp-content\/uploads\/2020\/09\/shure-55sh-ii-e1601485394796-142x300.jpg 142w\" sizes=\"auto, (max-width: 10px) 100vw, 10px\" \/> <em>Magenta: <\/em>Lenny Leonhardt<br>Moderation (<em>Magenta<\/em>): Stefanie Blochwitz<\/p>\n\n\n\n<p><img loading=\"lazy\" decoding=\"async\" width=\"10\" height=\"21\" class=\"wp-image-3656\" style=\"width: 10px;\" src=\"http:\/\/kommentatorenblog.de\/wp-content\/uploads\/2020\/09\/shure-55sh-ii-e1601485394796.jpg\" alt=\"\" srcset=\"https:\/\/kommentatorenblog.de\/wp-content\/uploads\/2020\/09\/shure-55sh-ii-e1601485394796.jpg 415w, https:\/\/kommentatorenblog.de\/wp-content\/uploads\/2020\/09\/shure-55sh-ii-e1601485394796-142x300.jpg 142w\" sizes=\"auto, (max-width: 10px) 100vw, 10px\" \/> <em>MDR: <\/em>Eik Galley, Experte: Toni Wachsmuth<br>Moderation (<em>MDR<\/em>): Eike Papsdorf<\/p>\n\n\n\n<p><span style=\"text-decoration: underline;\">ab 16.15 Uhr (Magenta)<\/span><\/p>\n\n\n\n<p><strong><em>TSV 1860 M\u00fcnchen \u2013&nbsp;MSV Duisburg (16.30 Uhr)<\/em><\/strong><br><img loading=\"lazy\" decoding=\"async\" width=\"10\" height=\"21\" class=\"wp-image-3656\" style=\"width: 10px;\" src=\"http:\/\/kommentatorenblog.de\/wp-content\/uploads\/2020\/09\/shure-55sh-ii-e1601485394796.jpg\" alt=\"\" srcset=\"https:\/\/kommentatorenblog.de\/wp-content\/uploads\/2020\/09\/shure-55sh-ii-e1601485394796.jpg 415w, https:\/\/kommentatorenblog.de\/wp-content\/uploads\/2020\/09\/shure-55sh-ii-e1601485394796-142x300.jpg 142w\" sizes=\"auto, (max-width: 10px) 100vw, 10px\" \/> Oliver Forster<br>Moderation: Alexander K\u00fcpper<\/p>\n\n\n\n<p><span style=\"text-decoration: underline;\">Sonntag, <span style=\"text-decoration: underline;\">21. Januar 2024<\/span>, ab 13.15 Uhr (Magenta)<\/span> <\/p>\n\n\n\n<p><strong><em>SC Preu\u00dfen M\u00fcnster \u2013&nbsp;DSC Arminia Bielefeld (13.30 Uhr)<\/em><\/strong><br><img loading=\"lazy\" decoding=\"async\" width=\"10\" height=\"21\" class=\"wp-image-3656\" style=\"width: 10px;\" src=\"http:\/\/kommentatorenblog.de\/wp-content\/uploads\/2020\/09\/shure-55sh-ii-e1601485394796.jpg\" alt=\"\" srcset=\"https:\/\/kommentatorenblog.de\/wp-content\/uploads\/2020\/09\/shure-55sh-ii-e1601485394796.jpg 415w, https:\/\/kommentatorenblog.de\/wp-content\/uploads\/2020\/09\/shure-55sh-ii-e1601485394796-142x300.jpg 142w\" sizes=\"auto, (max-width: 10px) 100vw, 10px\" \/> Christian Stra\u00dfburger<br>Moderation: Thomas Wagner<\/p>\n\n\n\n<p><span style=\"text-decoration: underline;\">ab 16.15 Uhr (Magenta)<\/span><\/p>\n\n\n\n<p><strong><em>SSV Ulm 1846 \u2013&nbsp;SpVgg Unterhaching (16.30 Uhr)<\/em><\/strong><br><img loading=\"lazy\" decoding=\"async\" width=\"10\" height=\"21\" class=\"wp-image-3656\" style=\"width: 10px;\" src=\"http:\/\/kommentatorenblog.de\/wp-content\/uploads\/2020\/09\/shure-55sh-ii-e1601485394796.jpg\" alt=\"\" srcset=\"https:\/\/kommentatorenblog.de\/wp-content\/uploads\/2020\/09\/shure-55sh-ii-e1601485394796.jpg 415w, https:\/\/kommentatorenblog.de\/wp-content\/uploads\/2020\/09\/shure-55sh-ii-e1601485394796-142x300.jpg 142w\" sizes=\"auto, (max-width: 10px) 100vw, 10px\" \/> Sebastian Ulrich<br>Moderation: Jan L\u00fcdeke<\/p>\n\n\n\n<p><span style=\"text-decoration: underline;\">ab 19.15 Uhr (Magenta)<\/span><\/p>\n\n\n\n<p><strong><em>Sport-Club Freiburg II \u2013&nbsp;Borussia Dortmund II (19.30 Uhr)<\/em><\/strong><br><img loading=\"lazy\" decoding=\"async\" width=\"10\" height=\"21\" class=\"wp-image-3656\" style=\"width: 10px;\" src=\"http:\/\/kommentatorenblog.de\/wp-content\/uploads\/2020\/09\/shure-55sh-ii-e1601485394796.jpg\" alt=\"\" srcset=\"https:\/\/kommentatorenblog.de\/wp-content\/uploads\/2020\/09\/shure-55sh-ii-e1601485394796.jpg 415w, https:\/\/kommentatorenblog.de\/wp-content\/uploads\/2020\/09\/shure-55sh-ii-e1601485394796-142x300.jpg 142w\" sizes=\"auto, (max-width: 10px) 100vw, 10px\" \/> Martin Piller<br>Moderation: Alexander K\u00fcpper<\/p>\n\n\n\n<hr class=\"wp-block-separator is-style-default\"\/>\n\n\n\n<hr class=\"wp-block-separator is-style-default\"\/>\n\n\n\n<p><strong>Premier League (ENG), 21. Spieltag (Sky)<\/strong><\/p>\n\n\n\n<p><span style=\"text-decoration: underline;\">Samstag, <span style=\"text-decoration: underline;\">20. Januar 2024<\/span>, ab 13.20 Uhr<\/span><\/p>\n\n\n\n<p><strong style=\"font-style: italic;\">FC Arsenal \u2013 Crystal Palace<\/strong> <em><strong>(13.30 Uhr)<\/strong><\/em><br><img loading=\"lazy\" decoding=\"async\" width=\"10\" height=\"21\" class=\"wp-image-3656\" style=\"width: 10px;\" src=\"http:\/\/kommentatorenblog.de\/wp-content\/uploads\/2020\/09\/shure-55sh-ii-e1601485394796.jpg\" alt=\"\" srcset=\"https:\/\/kommentatorenblog.de\/wp-content\/uploads\/2020\/09\/shure-55sh-ii-e1601485394796.jpg 415w, https:\/\/kommentatorenblog.de\/wp-content\/uploads\/2020\/09\/shure-55sh-ii-e1601485394796-142x300.jpg 142w\" sizes=\"auto, (max-width: 10px) 100vw, 10px\" \/> Joachim Hebel<\/p>\n\n\n\n<p><span style=\"text-decoration: underline;\">ab 18.20 Uhr<\/span><\/p>\n\n\n\n<p><strong style=\"font-style: italic;\">FC Brentford \u2013 Nottingham Forest<\/strong> <em><strong>(18.30 Uhr)<\/strong><\/em><br><img loading=\"lazy\" decoding=\"async\" width=\"10\" height=\"21\" class=\"wp-image-3656\" style=\"width: 10px;\" src=\"http:\/\/kommentatorenblog.de\/wp-content\/uploads\/2020\/09\/shure-55sh-ii-e1601485394796.jpg\" alt=\"\" srcset=\"https:\/\/kommentatorenblog.de\/wp-content\/uploads\/2020\/09\/shure-55sh-ii-e1601485394796.jpg 415w, https:\/\/kommentatorenblog.de\/wp-content\/uploads\/2020\/09\/shure-55sh-ii-e1601485394796-142x300.jpg 142w\" sizes=\"auto, (max-width: 10px) 100vw, 10px\" \/> Dominik M\u00fcller<\/p>\n\n\n\n<p><span style=\"text-decoration: underline;\">Sonntag, <span style=\"text-decoration: underline;\">21. Januar 2024<\/span>, ab 14.50 Uhr<\/span><\/p>\n\n\n\n<p><strong style=\"font-style: italic;\">Sheffield United \u2013 West Ham United<\/strong> <em><strong>(15.00 Uhr)<\/strong><\/em><br><img loading=\"lazy\" decoding=\"async\" width=\"10\" height=\"21\" class=\"wp-image-3656\" style=\"width: 10px;\" src=\"http:\/\/kommentatorenblog.de\/wp-content\/uploads\/2020\/09\/shure-55sh-ii-e1601485394796.jpg\" alt=\"\" srcset=\"https:\/\/kommentatorenblog.de\/wp-content\/uploads\/2020\/09\/shure-55sh-ii-e1601485394796.jpg 415w, https:\/\/kommentatorenblog.de\/wp-content\/uploads\/2020\/09\/shure-55sh-ii-e1601485394796-142x300.jpg 142w\" sizes=\"auto, (max-width: 10px) 100vw, 10px\" \/> Sven Schr\u00f6ter<\/p>\n\n\n\n<p><span style=\"text-decoration: underline;\">ab 17.20 Uhr<\/span><\/p>\n\n\n\n<p><strong style=\"font-style: italic;\">AFC Bournemouth \u2013 FC Liverpool<\/strong> <em><strong>(17.30 Uhr)<\/strong><\/em><br><img loading=\"lazy\" decoding=\"async\" width=\"10\" height=\"21\" class=\"wp-image-3656\" style=\"width: 10px;\" src=\"http:\/\/kommentatorenblog.de\/wp-content\/uploads\/2020\/09\/shure-55sh-ii-e1601485394796.jpg\" alt=\"\" srcset=\"https:\/\/kommentatorenblog.de\/wp-content\/uploads\/2020\/09\/shure-55sh-ii-e1601485394796.jpg 415w, https:\/\/kommentatorenblog.de\/wp-content\/uploads\/2020\/09\/shure-55sh-ii-e1601485394796-142x300.jpg 142w\" sizes=\"auto, (max-width: 10px) 100vw, 10px\" \/> Jonas Friedrich<\/p>\n\n\n\n<p><span style=\"text-decoration: underline;\">Montag, <span style=\"text-decoration: underline;\">22. Januar 2024<\/span>, ab 20.35 Uhr<\/span><\/p>\n\n\n\n<p><strong style=\"font-style: italic;\">Brighton &amp; Hove Albion \u2013 Wolverhampton Wanderers<\/strong> <em><strong>(20.45 Uhr)<\/strong><\/em><br><img loading=\"lazy\" decoding=\"async\" width=\"10\" height=\"21\" class=\"wp-image-3656\" style=\"width: 10px;\" src=\"http:\/\/kommentatorenblog.de\/wp-content\/uploads\/2020\/09\/shure-55sh-ii-e1601485394796.jpg\" alt=\"\" srcset=\"https:\/\/kommentatorenblog.de\/wp-content\/uploads\/2020\/09\/shure-55sh-ii-e1601485394796.jpg 415w, https:\/\/kommentatorenblog.de\/wp-content\/uploads\/2020\/09\/shure-55sh-ii-e1601485394796-142x300.jpg 142w\" sizes=\"auto, (max-width: 10px) 100vw, 10px\" \/> Markus Gaupp<\/p>\n\n\n\n<hr class=\"wp-block-separator is-style-default\"\/>\n\n\n\n<p><strong>EFL Championship (ENG), 28. Spieltag (Sportdigital Fu\u00dfball)<\/strong><\/p>\n\n\n\n<p><span style=\"text-decoration: underline;\">Montag, <span style=\"text-decoration: underline;\">22. Januar 2024<\/span><\/span><\/p>\n\n\n\n<p><em><strong>Leicester City <em><strong>\u2013<\/strong><\/em> Ipswich Town (21.00 Uhr) <\/strong><\/em><br><img loading=\"lazy\" decoding=\"async\" width=\"10\" height=\"21\" class=\"wp-image-3656\" style=\"width: 10px;\" src=\"http:\/\/kommentatorenblog.de\/wp-content\/uploads\/2020\/09\/shure-55sh-ii-e1601485394796.jpg\" alt=\"\" srcset=\"https:\/\/kommentatorenblog.de\/wp-content\/uploads\/2020\/09\/shure-55sh-ii-e1601485394796.jpg 415w, https:\/\/kommentatorenblog.de\/wp-content\/uploads\/2020\/09\/shure-55sh-ii-e1601485394796-142x300.jpg 142w\" sizes=\"auto, (max-width: 10px) 100vw, 10px\" \/> Jakob Vogel<\/p>\n\n\n\n<hr class=\"wp-block-separator is-style-default\"\/>\n\n\n\n<p><strong>LaLiga (ESP), 21. Spieltag (DAZN)<\/strong><\/p>\n\n\n\n<p><span style=\"text-decoration: underline;\">Samstag, <span style=\"text-decoration: underline;\">20. Januar 2024<\/span><\/span><\/p>\n\n\n\n<p><strong style=\"font-style: italic;\">FC Valencia <strong><em><span><b style=\"font-style: italic;\">\u2013<\/b><\/span><\/em><\/strong><\/strong> <em><strong>Athletic Bilbao (18.30 Uhr)<\/strong><\/em> <br><img loading=\"lazy\" decoding=\"async\" width=\"10\" height=\"21\" class=\"wp-image-3656\" style=\"width: 10px;\" src=\"http:\/\/kommentatorenblog.de\/wp-content\/uploads\/2020\/09\/shure-55sh-ii-e1601485394796.jpg\" alt=\"\" srcset=\"https:\/\/kommentatorenblog.de\/wp-content\/uploads\/2020\/09\/shure-55sh-ii-e1601485394796.jpg 415w, https:\/\/kommentatorenblog.de\/wp-content\/uploads\/2020\/09\/shure-55sh-ii-e1601485394796-142x300.jpg 142w\" sizes=\"auto, (max-width: 10px) 100vw, 10px\" \/> Tobi Fischbeck<\/p>\n\n\n\n<p><span style=\"text-decoration: underline;\">Sonntag, <span style=\"text-decoration: underline;\">21. Januar 2024<\/span><\/span><\/p>\n\n\n\n<p><strong style=\"font-style: italic;\"><strong style=\"font-style: italic;\">Real Madrid <\/strong><strong><em><span><b style=\"font-style: italic;\">\u2013<\/b><\/span><\/em><\/strong><\/strong> <em><strong>UD Almer\u00eda (16.15 Uhr)<\/strong><\/em> <br><img loading=\"lazy\" decoding=\"async\" width=\"10\" height=\"21\" class=\"wp-image-3656\" style=\"width: 10px;\" src=\"http:\/\/kommentatorenblog.de\/wp-content\/uploads\/2020\/09\/shure-55sh-ii-e1601485394796.jpg\" alt=\"\" srcset=\"https:\/\/kommentatorenblog.de\/wp-content\/uploads\/2020\/09\/shure-55sh-ii-e1601485394796.jpg 415w, https:\/\/kommentatorenblog.de\/wp-content\/uploads\/2020\/09\/shure-55sh-ii-e1601485394796-142x300.jpg 142w\" sizes=\"auto, (max-width: 10px) 100vw, 10px\" \/> Uwe Morawe<\/p>\n\n\n\n<p><strong style=\"font-style: italic;\"><strong style=\"font-style: italic;\">Real Betis<\/strong> <strong><em><span><b style=\"font-style: italic;\">\u2013<\/b><\/span><\/em><\/strong><\/strong> <em><strong>FC Barcelona (18.30 Uhr)<\/strong><\/em> <br><img loading=\"lazy\" decoding=\"async\" width=\"10\" height=\"21\" class=\"wp-image-3656\" style=\"width: 10px;\" src=\"http:\/\/kommentatorenblog.de\/wp-content\/uploads\/2020\/09\/shure-55sh-ii-e1601485394796.jpg\" alt=\"\" srcset=\"https:\/\/kommentatorenblog.de\/wp-content\/uploads\/2020\/09\/shure-55sh-ii-e1601485394796.jpg 415w, https:\/\/kommentatorenblog.de\/wp-content\/uploads\/2020\/09\/shure-55sh-ii-e1601485394796-142x300.jpg 142w\" sizes=\"auto, (max-width: 10px) 100vw, 10px\" \/> Marcel Seufert, Experte: Max Nicu<\/p>\n\n\n\n<p><strong style=\"font-style: italic;\"><strong style=\"font-style: italic;\">FC Girona<\/strong> <strong><em><span><b style=\"font-style: italic;\">\u2013<\/b><\/span><\/em><\/strong><\/strong> <em><strong>FC Sevilla (21.00 Uhr)<\/strong><\/em> <br><img loading=\"lazy\" decoding=\"async\" width=\"10\" height=\"21\" class=\"wp-image-3656\" style=\"width: 10px;\" src=\"http:\/\/kommentatorenblog.de\/wp-content\/uploads\/2020\/09\/shure-55sh-ii-e1601485394796.jpg\" alt=\"\" srcset=\"https:\/\/kommentatorenblog.de\/wp-content\/uploads\/2020\/09\/shure-55sh-ii-e1601485394796.jpg 415w, https:\/\/kommentatorenblog.de\/wp-content\/uploads\/2020\/09\/shure-55sh-ii-e1601485394796-142x300.jpg 142w\" sizes=\"auto, (max-width: 10px) 100vw, 10px\" \/> Matthias Naebers<\/p>\n\n\n\n<p><span style=\"text-decoration: underline;\">Montag, <span style=\"text-decoration: underline;\">22. Januar 2024<\/span><\/span><\/p>\n\n\n\n<p><strong style=\"font-style: italic;\"><strong style=\"font-style: italic;\">FC Granada <\/strong><strong><em><span><b style=\"font-style: italic;\">\u2013<\/b><\/span><\/em><\/strong><\/strong> <em><strong>Atl\u00e9tico Madrid (21.00 Uhr)<\/strong><\/em> <br><img loading=\"lazy\" decoding=\"async\" width=\"10\" height=\"21\" class=\"wp-image-3656\" style=\"width: 10px;\" src=\"http:\/\/kommentatorenblog.de\/wp-content\/uploads\/2020\/09\/shure-55sh-ii-e1601485394796.jpg\" alt=\"\" srcset=\"https:\/\/kommentatorenblog.de\/wp-content\/uploads\/2020\/09\/shure-55sh-ii-e1601485394796.jpg 415w, https:\/\/kommentatorenblog.de\/wp-content\/uploads\/2020\/09\/shure-55sh-ii-e1601485394796-142x300.jpg 142w\" sizes=\"auto, (max-width: 10px) 100vw, 10px\" \/> Ruben Zimmermann<\/p>\n\n\n\n<hr class=\"wp-block-separator is-style-default\"\/>\n\n\n\n<p><strong>Serie A (ITA), 21. Spieltag (DAZN)<\/strong><\/p>\n\n\n\n<p><span style=\"text-decoration: underline;\">Samstag, 20. Januar 2024 <\/span><\/p>\n\n\n\n<p><strong style=\"font-style: italic;\">AS Rom <strong><em><span><b style=\"font-style: italic;\">\u2013<\/b><\/span><\/em><\/strong><\/strong> <em><strong>Hellas Verona (18.00 Uhr)<\/strong><\/em> <br><img loading=\"lazy\" decoding=\"async\" width=\"10\" height=\"21\" class=\"wp-image-3656\" style=\"width: 10px;\" src=\"http:\/\/kommentatorenblog.de\/wp-content\/uploads\/2020\/09\/shure-55sh-ii-e1601485394796.jpg\" alt=\"\" srcset=\"https:\/\/kommentatorenblog.de\/wp-content\/uploads\/2020\/09\/shure-55sh-ii-e1601485394796.jpg 415w, https:\/\/kommentatorenblog.de\/wp-content\/uploads\/2020\/09\/shure-55sh-ii-e1601485394796-142x300.jpg 142w\" sizes=\"auto, (max-width: 10px) 100vw, 10px\" \/> Oliver Fa\u00dfnacht<\/p>\n\n\n\n<p><strong style=\"font-style: italic;\">Udinese Calcio <strong><em><span><b style=\"font-style: italic;\">\u2013<\/b><\/span><\/em><\/strong><\/strong> <em><strong>AC Mailand (20.45 Uhr)<\/strong><\/em> <br><img loading=\"lazy\" decoding=\"async\" width=\"10\" height=\"21\" class=\"wp-image-3656\" style=\"width: 10px;\" src=\"http:\/\/kommentatorenblog.de\/wp-content\/uploads\/2020\/09\/shure-55sh-ii-e1601485394796.jpg\" alt=\"\" srcset=\"https:\/\/kommentatorenblog.de\/wp-content\/uploads\/2020\/09\/shure-55sh-ii-e1601485394796.jpg 415w, https:\/\/kommentatorenblog.de\/wp-content\/uploads\/2020\/09\/shure-55sh-ii-e1601485394796-142x300.jpg 142w\" sizes=\"auto, (max-width: 10px) 100vw, 10px\" \/> Flo Hauser<\/p>\n\n\n\n<p><span style=\"text-decoration: underline;\">Sonntag, <span style=\"text-decoration: underline;\">21. Januar 2024<\/span><\/span><\/p>\n\n\n\n<p><strong style=\"font-style: italic;\">US Lecce <strong><em><span><b style=\"font-style: italic;\">\u2013<\/b><\/span><\/em><\/strong><\/strong> <em><strong>Juventus Turin (20.45 Uhr)<\/strong><\/em> <br><img loading=\"lazy\" decoding=\"async\" width=\"10\" height=\"21\" class=\"wp-image-3656\" style=\"width: 10px;\" src=\"http:\/\/kommentatorenblog.de\/wp-content\/uploads\/2020\/09\/shure-55sh-ii-e1601485394796.jpg\" alt=\"\" srcset=\"https:\/\/kommentatorenblog.de\/wp-content\/uploads\/2020\/09\/shure-55sh-ii-e1601485394796.jpg 415w, https:\/\/kommentatorenblog.de\/wp-content\/uploads\/2020\/09\/shure-55sh-ii-e1601485394796-142x300.jpg 142w\" sizes=\"auto, (max-width: 10px) 100vw, 10px\" \/> Guido H\u00fcsgen<\/p>\n\n\n\n<hr class=\"wp-block-separator is-style-default\"\/>\n\n\n\n<p><strong>Supercoppa Italiana (ITA), Halbfinale\/Finale (DAZN)<\/strong><\/p>\n\n\n\n<p><span style=\"text-decoration: underline;\">Freitag, <span style=\"text-decoration: underline;\">19. Januar 2024<\/span><\/span><\/p>\n\n\n\n<p><strong style=\"font-style: italic;\">Inter Mailand <em><strong>\u2013<\/strong><\/em> Lazio Rom<\/strong><em><strong> (20.00 Uhr)<\/strong><\/em> <br><img loading=\"lazy\" decoding=\"async\" width=\"10\" height=\"21\" class=\"wp-image-3656\" style=\"width: 10px;\" src=\"http:\/\/kommentatorenblog.de\/wp-content\/uploads\/2020\/09\/shure-55sh-ii-e1601485394796.jpg\" alt=\"\" srcset=\"https:\/\/kommentatorenblog.de\/wp-content\/uploads\/2020\/09\/shure-55sh-ii-e1601485394796.jpg 415w, https:\/\/kommentatorenblog.de\/wp-content\/uploads\/2020\/09\/shure-55sh-ii-e1601485394796-142x300.jpg 142w\" sizes=\"auto, (max-width: 10px) 100vw, 10px\" \/> Nico Seepe<\/p>\n\n\n\n<p><span style=\"text-decoration: underline;\">Montag, <span style=\"text-decoration: underline;\">22. Januar 2024<\/span><\/span><\/p>\n\n\n\n<p><strong style=\"font-style: italic;\">SSC Neapel <em><strong>\u2013<\/strong><\/em> Inter Mailand <\/strong><em><strong>(20.00 Uhr)<\/strong><\/em> <br><img loading=\"lazy\" decoding=\"async\" width=\"10\" height=\"21\" class=\"wp-image-3656\" style=\"width: 10px;\" src=\"http:\/\/kommentatorenblog.de\/wp-content\/uploads\/2020\/09\/shure-55sh-ii-e1601485394796.jpg\" alt=\"\" srcset=\"https:\/\/kommentatorenblog.de\/wp-content\/uploads\/2020\/09\/shure-55sh-ii-e1601485394796.jpg 415w, https:\/\/kommentatorenblog.de\/wp-content\/uploads\/2020\/09\/shure-55sh-ii-e1601485394796-142x300.jpg 142w\" sizes=\"auto, (max-width: 10px) 100vw, 10px\" \/> Carsten Fu\u00df, Experte: Christian Bernhard <\/p>\n\n\n\n<hr class=\"wp-block-separator is-style-default\"\/>\n\n\n\n<p><strong>Eredivisie (NED), 18. Spieltag (Sportdigital Fu\u00dfball)<\/strong><\/p>\n\n\n\n<p><span style=\"text-decoration: underline;\">Sonntag, <span style=\"text-decoration: underline;\">21. Januar 2024<\/span><\/span><\/p>\n\n\n\n<p><strong style=\"font-style: italic;\">FC Utrecht <em><strong>\u2013<\/strong><\/em> PSV Eindhoven<\/strong><em><strong> (12.15 Uhr)<\/strong><\/em> <br><img loading=\"lazy\" decoding=\"async\" width=\"10\" height=\"21\" class=\"wp-image-3656\" style=\"width: 10px;\" src=\"http:\/\/kommentatorenblog.de\/wp-content\/uploads\/2020\/09\/shure-55sh-ii-e1601485394796.jpg\" alt=\"\" srcset=\"https:\/\/kommentatorenblog.de\/wp-content\/uploads\/2020\/09\/shure-55sh-ii-e1601485394796.jpg 415w, https:\/\/kommentatorenblog.de\/wp-content\/uploads\/2020\/09\/shure-55sh-ii-e1601485394796-142x300.jpg 142w\" sizes=\"auto, (max-width: 10px) 100vw, 10px\" \/> Tim Hemmrich<\/p>\n\n\n\n<p><strong style=\"font-style: italic;\">Vitesse Arnheim <em><strong>\u2013<\/strong><\/em> Feyenoord Rotterdam <\/strong><em><strong>(14.30 Uhr)<\/strong><\/em> <br><img loading=\"lazy\" decoding=\"async\" width=\"10\" height=\"21\" class=\"wp-image-3656\" style=\"width: 10px;\" src=\"http:\/\/kommentatorenblog.de\/wp-content\/uploads\/2020\/09\/shure-55sh-ii-e1601485394796.jpg\" alt=\"\" srcset=\"https:\/\/kommentatorenblog.de\/wp-content\/uploads\/2020\/09\/shure-55sh-ii-e1601485394796.jpg 415w, https:\/\/kommentatorenblog.de\/wp-content\/uploads\/2020\/09\/shure-55sh-ii-e1601485394796-142x300.jpg 142w\" sizes=\"auto, (max-width: 10px) 100vw, 10px\" \/> Karsten Linke<\/p>\n\n\n\n<p><strong style=\"font-style: italic;\">Ajax Amsterdam <em><strong>\u2013<\/strong><\/em> RKC Waalwijk <\/strong><em><strong>(16.45 Uhr)<\/strong><\/em> <br><img loading=\"lazy\" decoding=\"async\" width=\"10\" height=\"21\" class=\"wp-image-3656\" style=\"width: 10px;\" src=\"http:\/\/kommentatorenblog.de\/wp-content\/uploads\/2020\/09\/shure-55sh-ii-e1601485394796.jpg\" alt=\"\" srcset=\"https:\/\/kommentatorenblog.de\/wp-content\/uploads\/2020\/09\/shure-55sh-ii-e1601485394796.jpg 415w, https:\/\/kommentatorenblog.de\/wp-content\/uploads\/2020\/09\/shure-55sh-ii-e1601485394796-142x300.jpg 142w\" sizes=\"auto, (max-width: 10px) 100vw, 10px\" \/> Martin Hahn<\/p>\n\n\n\n<hr class=\"wp-block-separator is-style-default\"\/>\n\n\n\n<p><strong>Coupe de France (FRA), Sechzehntelfinale (Magenta Sport)<\/strong><\/p>\n\n\n\n<p><span style=\"text-decoration: underline;\">Samstag, <span style=\"text-decoration: underline;\">20. Januar 2024<\/span><\/span><\/p>\n\n\n\n<p><strong style=\"font-style: italic;\">US Orleans 45<\/strong> <strong style=\"font-style: italic;\"><em><strong>\u2013<\/strong><\/em> Paris Saint-Germain <\/strong><em><strong>(20.45 Uhr)<\/strong><\/em> <br><img loading=\"lazy\" decoding=\"async\" width=\"10\" height=\"21\" class=\"wp-image-3656\" style=\"width: 10px;\" src=\"http:\/\/kommentatorenblog.de\/wp-content\/uploads\/2020\/09\/shure-55sh-ii-e1601485394796.jpg\" alt=\"\" srcset=\"https:\/\/kommentatorenblog.de\/wp-content\/uploads\/2020\/09\/shure-55sh-ii-e1601485394796.jpg 415w, https:\/\/kommentatorenblog.de\/wp-content\/uploads\/2020\/09\/shure-55sh-ii-e1601485394796-142x300.jpg 142w\" sizes=\"auto, (max-width: 10px) 100vw, 10px\" \/> Alexander Klich<\/p>\n\n\n\n<p><span style=\"text-decoration: underline;\">Sonntag, <span style=\"text-decoration: underline;\">21. Januar 2024<\/span><\/span><\/p>\n\n\n\n<p><strong style=\"font-style: italic;\">FC Stade Rennes<\/strong> <strong style=\"font-style: italic;\"><em><strong>\u2013<\/strong><\/em> Olympique Marseille <\/strong><em><strong>(21.05 Uhr)<\/strong><\/em> <br><img loading=\"lazy\" decoding=\"async\" width=\"10\" height=\"21\" class=\"wp-image-3656\" style=\"width: 10px;\" src=\"http:\/\/kommentatorenblog.de\/wp-content\/uploads\/2020\/09\/shure-55sh-ii-e1601485394796.jpg\" alt=\"\" srcset=\"https:\/\/kommentatorenblog.de\/wp-content\/uploads\/2020\/09\/shure-55sh-ii-e1601485394796.jpg 415w, https:\/\/kommentatorenblog.de\/wp-content\/uploads\/2020\/09\/shure-55sh-ii-e1601485394796-142x300.jpg 142w\" sizes=\"auto, (max-width: 10px) 100vw, 10px\" \/> Jan Platte<\/p>\n\n\n\n<hr class=\"wp-block-separator is-style-default\"\/>\n\n\n\n<p><strong>Primeira Liga (POR), 18. Spieltag (Sportdigital Fu\u00dfball)<\/strong><\/p>\n\n\n\n<p><span style=\"text-decoration: underline;\">Freitag, <span style=\"text-decoration: underline;\">19. Januar 2024<\/span><\/span><\/p>\n\n\n\n<p><strong style=\"font-style: italic;\">Benfica Lissabon<\/strong> <strong style=\"font-style: italic;\"><em><strong>\u2013<\/strong><\/em> Boavista Porto FC <\/strong><em><strong>(21.00 Uhr)<\/strong><\/em> <br><img loading=\"lazy\" decoding=\"async\" width=\"10\" height=\"21\" class=\"wp-image-3656\" style=\"width: 10px;\" src=\"http:\/\/kommentatorenblog.de\/wp-content\/uploads\/2020\/09\/shure-55sh-ii-e1601485394796.jpg\" alt=\"\" srcset=\"https:\/\/kommentatorenblog.de\/wp-content\/uploads\/2020\/09\/shure-55sh-ii-e1601485394796.jpg 415w, https:\/\/kommentatorenblog.de\/wp-content\/uploads\/2020\/09\/shure-55sh-ii-e1601485394796-142x300.jpg 142w\" sizes=\"auto, (max-width: 10px) 100vw, 10px\" \/> Christian Blunck<\/p>\n\n\n\n<p><span style=\"text-decoration: underline;\">Samstag, <span style=\"text-decoration: underline;\">20. Januar 2024<\/span><\/span><\/p>\n\n\n\n<p><strong style=\"font-style: italic;\">FC Porto<\/strong> <strong style=\"font-style: italic;\"><em><strong>\u2013<\/strong><\/em> Moreirense FC <\/strong><em><strong>(21.30 Uhr)<\/strong><\/em> <br><img loading=\"lazy\" decoding=\"async\" width=\"10\" height=\"21\" class=\"wp-image-3656\" style=\"width: 10px;\" src=\"http:\/\/kommentatorenblog.de\/wp-content\/uploads\/2020\/09\/shure-55sh-ii-e1601485394796.jpg\" alt=\"\" srcset=\"https:\/\/kommentatorenblog.de\/wp-content\/uploads\/2020\/09\/shure-55sh-ii-e1601485394796.jpg 415w, https:\/\/kommentatorenblog.de\/wp-content\/uploads\/2020\/09\/shure-55sh-ii-e1601485394796-142x300.jpg 142w\" sizes=\"auto, (max-width: 10px) 100vw, 10px\" \/> Marcus Radefeld<\/p>\n\n\n\n<hr class=\"wp-block-separator is-style-default\"\/>\n\n\n\n<p><strong>Division 1A (BEL), 21. Spieltag (Sport1+)<\/strong><\/p>\n\n\n\n<p><span style=\"text-decoration: underline;\">Sonntag, <span style=\"text-decoration: underline;\">21. Januar 2024<\/span> <\/span><\/p>\n\n\n\n<p><strong style=\"font-style: italic;\"><em><strong>Royal Antwerpen<\/strong><\/em> <strong><em><span><b style=\"font-style: italic;\">\u2013<\/b><\/span><\/em><\/strong><\/strong> <em><strong><strong style=\"font-style: italic;\"><em><strong>Sporting Charleroi<\/strong><\/em><\/strong> (13.30 Uhr)<\/strong><\/em><br><img loading=\"lazy\" decoding=\"async\" width=\"10\" height=\"21\" class=\"wp-image-3656\" style=\"width: 10px;\" src=\"http:\/\/kommentatorenblog.de\/wp-content\/uploads\/2020\/09\/shure-55sh-ii-e1601485394796.jpg\" alt=\"\" srcset=\"https:\/\/kommentatorenblog.de\/wp-content\/uploads\/2020\/09\/shure-55sh-ii-e1601485394796.jpg 415w, https:\/\/kommentatorenblog.de\/wp-content\/uploads\/2020\/09\/shure-55sh-ii-e1601485394796-142x300.jpg 142w\" sizes=\"auto, (max-width: 10px) 100vw, 10px\" \/> Hans-Joachim Wolff<\/p>\n\n\n\n<p><strong style=\"font-style: italic;\"><em><strong>Oud-Heverlee L\u00f6wen<\/strong><\/em> <strong><em><span><b style=\"font-style: italic;\">\u2013<\/b><\/span><\/em><\/strong><\/strong> <em><strong><strong style=\"font-style: italic;\"><em><strong>RSC Anderlecht<\/strong><\/em><\/strong> (18.30 Uhr)<\/strong><\/em><br><img loading=\"lazy\" decoding=\"async\" width=\"10\" height=\"21\" class=\"wp-image-3656\" style=\"width: 10px;\" src=\"http:\/\/kommentatorenblog.de\/wp-content\/uploads\/2020\/09\/shure-55sh-ii-e1601485394796.jpg\" alt=\"\" srcset=\"https:\/\/kommentatorenblog.de\/wp-content\/uploads\/2020\/09\/shure-55sh-ii-e1601485394796.jpg 415w, https:\/\/kommentatorenblog.de\/wp-content\/uploads\/2020\/09\/shure-55sh-ii-e1601485394796-142x300.jpg 142w\" sizes=\"auto, (max-width: 10px) 100vw, 10px\" \/> Peter Kohl<\/p>\n\n\n\n<hr class=\"wp-block-separator is-style-default\"\/>\n\n\n\n<p><strong>A-League (AUS), 13. Spieltag (Sportdigital Fu\u00dfball)<\/strong><\/p>\n\n\n\n<p><span style=\"text-decoration: underline;\">Samstag, <span style=\"text-decoration: underline;\">20. Januar 2024<\/span><\/span><\/p>\n\n\n\n<p><strong style=\"font-style: italic;\"><strong style=\"font-style: italic;\">Western Sydney Wanderers<\/strong><\/strong><strong style=\"font-style: italic;\"> <em><strong>\u2013<\/strong><\/em> Perth Glory <\/strong><em><strong>(09.45 Uhr)<\/strong><\/em> <br><img loading=\"lazy\" decoding=\"async\" width=\"10\" height=\"21\" class=\"wp-image-3656\" style=\"width: 10px;\" src=\"http:\/\/kommentatorenblog.de\/wp-content\/uploads\/2020\/09\/shure-55sh-ii-e1601485394796.jpg\" alt=\"\" srcset=\"https:\/\/kommentatorenblog.de\/wp-content\/uploads\/2020\/09\/shure-55sh-ii-e1601485394796.jpg 415w, https:\/\/kommentatorenblog.de\/wp-content\/uploads\/2020\/09\/shure-55sh-ii-e1601485394796-142x300.jpg 142w\" sizes=\"auto, (max-width: 10px) 100vw, 10px\" \/> Ulf Kahmke<\/p>\n\n\n\n<hr class=\"wp-block-separator is-style-default\"\/>\n\n\n\n<hr class=\"wp-block-separator is-style-default\"\/>\n\n\n\n<p><strong>CAF Africa Cup of Nations, Gruppenphase 2.\/3. Spieltag (Sportdigital Fu\u00dfball)<\/strong><\/p>\n\n\n\n<p><span style=\"text-decoration: underline;\">Freitag, <span style=\"text-decoration: underline;\">19. Januar 2024<\/span><\/span><\/p>\n\n\n\n<p><strong style=\"font-style: italic;\">Senegal <em><strong>\u2013<\/strong><\/em> Kamerun <\/strong><em><strong>(18.00 Uhr)<\/strong><\/em> <br><img loading=\"lazy\" decoding=\"async\" width=\"10\" height=\"21\" class=\"wp-image-3656\" style=\"width: 10px;\" src=\"http:\/\/kommentatorenblog.de\/wp-content\/uploads\/2020\/09\/shure-55sh-ii-e1601485394796.jpg\" alt=\"\" srcset=\"https:\/\/kommentatorenblog.de\/wp-content\/uploads\/2020\/09\/shure-55sh-ii-e1601485394796.jpg 415w, https:\/\/kommentatorenblog.de\/wp-content\/uploads\/2020\/09\/shure-55sh-ii-e1601485394796-142x300.jpg 142w\" sizes=\"auto, (max-width: 10px) 100vw, 10px\" \/> Jonathan Dreier<\/p>\n\n\n\n<p><strong style=\"font-style: italic;\">Guinea <em><strong>\u2013<\/strong><\/em> Gambia <\/strong><em><strong>(21.00 Uhr)<\/strong><\/em> <br><img loading=\"lazy\" decoding=\"async\" width=\"10\" height=\"21\" class=\"wp-image-3656\" style=\"width: 10px;\" src=\"http:\/\/kommentatorenblog.de\/wp-content\/uploads\/2020\/09\/shure-55sh-ii-e1601485394796.jpg\" alt=\"\" srcset=\"https:\/\/kommentatorenblog.de\/wp-content\/uploads\/2020\/09\/shure-55sh-ii-e1601485394796.jpg 415w, https:\/\/kommentatorenblog.de\/wp-content\/uploads\/2020\/09\/shure-55sh-ii-e1601485394796-142x300.jpg 142w\" sizes=\"auto, (max-width: 10px) 100vw, 10px\" \/> Arne Malsch<\/p>\n\n\n\n<p><span style=\"text-decoration: underline;\">Samstag, <span style=\"text-decoration: underline;\">20. Januar 2024<\/span><\/span><\/p>\n\n\n\n<p><strong style=\"font-style: italic;\">Algerien <em><strong>\u2013<\/strong><\/em> Burkina Faso <\/strong><em><strong>(15.00 Uhr)<\/strong><\/em> <br><img loading=\"lazy\" decoding=\"async\" width=\"10\" height=\"21\" class=\"wp-image-3656\" style=\"width: 10px;\" src=\"http:\/\/kommentatorenblog.de\/wp-content\/uploads\/2020\/09\/shure-55sh-ii-e1601485394796.jpg\" alt=\"\" srcset=\"https:\/\/kommentatorenblog.de\/wp-content\/uploads\/2020\/09\/shure-55sh-ii-e1601485394796.jpg 415w, https:\/\/kommentatorenblog.de\/wp-content\/uploads\/2020\/09\/shure-55sh-ii-e1601485394796-142x300.jpg 142w\" sizes=\"auto, (max-width: 10px) 100vw, 10px\" \/> Karsten Linke<\/p>\n\n\n\n<p><strong style=\"font-style: italic;\">Mauretanien <em><strong>\u2013<\/strong><\/em> Angola <\/strong><em><strong>(18.00 Uhr)<\/strong><\/em> <br><img loading=\"lazy\" decoding=\"async\" width=\"10\" height=\"21\" class=\"wp-image-3656\" style=\"width: 10px;\" src=\"http:\/\/kommentatorenblog.de\/wp-content\/uploads\/2020\/09\/shure-55sh-ii-e1601485394796.jpg\" alt=\"\" srcset=\"https:\/\/kommentatorenblog.de\/wp-content\/uploads\/2020\/09\/shure-55sh-ii-e1601485394796.jpg 415w, https:\/\/kommentatorenblog.de\/wp-content\/uploads\/2020\/09\/shure-55sh-ii-e1601485394796-142x300.jpg 142w\" sizes=\"auto, (max-width: 10px) 100vw, 10px\" \/> Martin Hahn<\/p>\n\n\n\n<p><strong style=\"font-style: italic;\">Tunesien <em><strong>\u2013<\/strong><\/em> Mali <\/strong><em><strong>(21.00 Uhr)<\/strong><\/em> <br><img loading=\"lazy\" decoding=\"async\" width=\"10\" height=\"21\" class=\"wp-image-3656\" style=\"width: 10px;\" src=\"http:\/\/kommentatorenblog.de\/wp-content\/uploads\/2020\/09\/shure-55sh-ii-e1601485394796.jpg\" alt=\"\" srcset=\"https:\/\/kommentatorenblog.de\/wp-content\/uploads\/2020\/09\/shure-55sh-ii-e1601485394796.jpg 415w, https:\/\/kommentatorenblog.de\/wp-content\/uploads\/2020\/09\/shure-55sh-ii-e1601485394796-142x300.jpg 142w\" sizes=\"auto, (max-width: 10px) 100vw, 10px\" \/> Max Giesen<\/p>\n\n\n\n<p><span style=\"text-decoration: underline;\">Sonntag, <span style=\"text-decoration: underline;\">21. Januar 2024<\/span><\/span><\/p>\n\n\n\n<p><strong style=\"font-style: italic;\">Marokko <em><strong>\u2013<\/strong><\/em> DR Kongo <\/strong><em><strong>(15.00 Uhr)<\/strong><\/em> <br><img loading=\"lazy\" decoding=\"async\" width=\"10\" height=\"21\" class=\"wp-image-3656\" style=\"width: 10px;\" src=\"http:\/\/kommentatorenblog.de\/wp-content\/uploads\/2020\/09\/shure-55sh-ii-e1601485394796.jpg\" alt=\"\" srcset=\"https:\/\/kommentatorenblog.de\/wp-content\/uploads\/2020\/09\/shure-55sh-ii-e1601485394796.jpg 415w, https:\/\/kommentatorenblog.de\/wp-content\/uploads\/2020\/09\/shure-55sh-ii-e1601485394796-142x300.jpg 142w\" sizes=\"auto, (max-width: 10px) 100vw, 10px\" \/> J\u00f6rg Steiger<\/p>\n\n\n\n<p><strong style=\"font-style: italic;\">S\u00fcdafrika <em><strong>\u2013<\/strong><\/em> Namibia <\/strong><em><strong>(21.00 Uhr)<\/strong><\/em> <br><img loading=\"lazy\" decoding=\"async\" width=\"10\" height=\"21\" class=\"wp-image-3656\" style=\"width: 10px;\" src=\"http:\/\/kommentatorenblog.de\/wp-content\/uploads\/2020\/09\/shure-55sh-ii-e1601485394796.jpg\" alt=\"\" srcset=\"https:\/\/kommentatorenblog.de\/wp-content\/uploads\/2020\/09\/shure-55sh-ii-e1601485394796.jpg 415w, https:\/\/kommentatorenblog.de\/wp-content\/uploads\/2020\/09\/shure-55sh-ii-e1601485394796-142x300.jpg 142w\" sizes=\"auto, (max-width: 10px) 100vw, 10px\" \/> Christian Blunck<\/p>\n\n\n\n<p><span style=\"text-decoration: underline;\">Montag, <span style=\"text-decoration: underline;\">22. Januar 2024<\/span><\/span><\/p>\n\n\n\n<p><strong style=\"font-style: italic;\">Guinea-Bissau <em><strong>\u2013<\/strong><\/em> Nigeria <\/strong><em><strong>(18.00 Uhr)<\/strong><\/em> <br><img loading=\"lazy\" decoding=\"async\" width=\"10\" height=\"21\" class=\"wp-image-3656\" style=\"width: 10px;\" src=\"http:\/\/kommentatorenblog.de\/wp-content\/uploads\/2020\/09\/shure-55sh-ii-e1601485394796.jpg\" alt=\"\" srcset=\"https:\/\/kommentatorenblog.de\/wp-content\/uploads\/2020\/09\/shure-55sh-ii-e1601485394796.jpg 415w, https:\/\/kommentatorenblog.de\/wp-content\/uploads\/2020\/09\/shure-55sh-ii-e1601485394796-142x300.jpg 142w\" sizes=\"auto, (max-width: 10px) 100vw, 10px\" \/> Marvin Kirsch (Konferenz)<\/p>\n\n\n\n<p><strong style=\"font-style: italic;\">\u00c4quatorialguinea <em><strong>\u2013<\/strong><\/em> Elfenbeink\u00fcste <\/strong><em><strong>(18.00 Uhr)<\/strong><\/em> <br><img loading=\"lazy\" decoding=\"async\" width=\"10\" height=\"21\" class=\"wp-image-3656\" style=\"width: 10px;\" src=\"http:\/\/kommentatorenblog.de\/wp-content\/uploads\/2020\/09\/shure-55sh-ii-e1601485394796.jpg\" alt=\"\" srcset=\"https:\/\/kommentatorenblog.de\/wp-content\/uploads\/2020\/09\/shure-55sh-ii-e1601485394796.jpg 415w, https:\/\/kommentatorenblog.de\/wp-content\/uploads\/2020\/09\/shure-55sh-ii-e1601485394796-142x300.jpg 142w\" sizes=\"auto, (max-width: 10px) 100vw, 10px\" \/> Martin Hahn (Konferenz)<\/p>\n\n\n\n<p><span style=\"background-color: rgba(0, 0, 0, 0.2);\"><u>a<\/u><\/span><span style=\"text-decoration: underline;\">b 20.45 Uhr<\/span><\/p>\n\n\n\n<p><strong style=\"font-style: italic;\">Mosambik <em><strong>\u2013<\/strong><\/em> Ghana <\/strong><em><strong>(21.00 Uhr)<\/strong><\/em> <br><img loading=\"lazy\" decoding=\"async\" width=\"10\" height=\"21\" class=\"wp-image-3656\" style=\"width: 10px;\" src=\"http:\/\/kommentatorenblog.de\/wp-content\/uploads\/2020\/09\/shure-55sh-ii-e1601485394796.jpg\" alt=\"\" srcset=\"https:\/\/kommentatorenblog.de\/wp-content\/uploads\/2020\/09\/shure-55sh-ii-e1601485394796.jpg 415w, https:\/\/kommentatorenblog.de\/wp-content\/uploads\/2020\/09\/shure-55sh-ii-e1601485394796-142x300.jpg 142w\" sizes=\"auto, (max-width: 10px) 100vw, 10px\" \/> J\u00f6rg Steiger (Konferenz)<\/p>\n\n\n\n<p><strong style=\"font-style: italic;\">Kap Verde <em><strong>\u2013<\/strong><\/em> \u00c4gypten <\/strong><em><strong>(21.00 Uhr)<\/strong><\/em> <br><img loading=\"lazy\" decoding=\"async\" width=\"10\" height=\"21\" class=\"wp-image-3656\" style=\"width: 10px;\" src=\"http:\/\/kommentatorenblog.de\/wp-content\/uploads\/2020\/09\/shure-55sh-ii-e1601485394796.jpg\" alt=\"\" srcset=\"https:\/\/kommentatorenblog.de\/wp-content\/uploads\/2020\/09\/shure-55sh-ii-e1601485394796.jpg 415w, https:\/\/kommentatorenblog.de\/wp-content\/uploads\/2020\/09\/shure-55sh-ii-e1601485394796-142x300.jpg 142w\" sizes=\"auto, (max-width: 10px) 100vw, 10px\" \/> Karsten Linke (Konferenz)<\/p>\n\n\n\n<hr class=\"wp-block-separator is-style-default\"\/>\n\n\n\n<p><strong>AFC Asian Cup, Gruppenphase 2.\/3. Spieltag (Sportdigital Fu\u00dfball)<\/strong><\/p>\n\n\n\n<p><span style=\"text-decoration: underline;\">Freitag, <span style=\"text-decoration: underline;\">19. Januar 2024<\/span><\/span><\/p>\n\n\n\n<p><strong style=\"font-style: italic;\">Irak <em><strong>\u2013<\/strong><\/em> Japan <\/strong><em><strong>(12.30 Uhr)<\/strong><\/em> <br><img loading=\"lazy\" decoding=\"async\" width=\"10\" height=\"21\" class=\"wp-image-3656\" style=\"width: 10px;\" src=\"http:\/\/kommentatorenblog.de\/wp-content\/uploads\/2020\/09\/shure-55sh-ii-e1601485394796.jpg\" alt=\"\" srcset=\"https:\/\/kommentatorenblog.de\/wp-content\/uploads\/2020\/09\/shure-55sh-ii-e1601485394796.jpg 415w, https:\/\/kommentatorenblog.de\/wp-content\/uploads\/2020\/09\/shure-55sh-ii-e1601485394796-142x300.jpg 142w\" sizes=\"auto, (max-width: 10px) 100vw, 10px\" \/> Jakob Vogel<\/p>\n\n\n\n<p><strong style=\"font-style: italic;\">Vietnam <em><strong>\u2013<\/strong><\/em> Indonesien <\/strong><em><strong>(15.30 Uhr)<\/strong><\/em> <br><img loading=\"lazy\" decoding=\"async\" width=\"10\" height=\"21\" class=\"wp-image-3656\" style=\"width: 10px;\" src=\"http:\/\/kommentatorenblog.de\/wp-content\/uploads\/2020\/09\/shure-55sh-ii-e1601485394796.jpg\" alt=\"\" srcset=\"https:\/\/kommentatorenblog.de\/wp-content\/uploads\/2020\/09\/shure-55sh-ii-e1601485394796.jpg 415w, https:\/\/kommentatorenblog.de\/wp-content\/uploads\/2020\/09\/shure-55sh-ii-e1601485394796-142x300.jpg 142w\" sizes=\"auto, (max-width: 10px) 100vw, 10px\" \/> Ulf Kahmke<\/p>\n\n\n\n<p><span style=\"text-decoration: underline;\">Samstag, <span style=\"text-decoration: underline;\">20. Januar 2024<\/span><\/span><\/p>\n\n\n\n<p><strong style=\"font-style: italic;\">Jordanien <em><strong>\u2013<\/strong><\/em> S\u00fcdkorea <\/strong><em><strong>(12.30 Uhr)<\/strong><\/em> <br><img loading=\"lazy\" decoding=\"async\" width=\"10\" height=\"21\" class=\"wp-image-3656\" style=\"width: 10px;\" src=\"http:\/\/kommentatorenblog.de\/wp-content\/uploads\/2020\/09\/shure-55sh-ii-e1601485394796.jpg\" alt=\"\" srcset=\"https:\/\/kommentatorenblog.de\/wp-content\/uploads\/2020\/09\/shure-55sh-ii-e1601485394796.jpg 415w, https:\/\/kommentatorenblog.de\/wp-content\/uploads\/2020\/09\/shure-55sh-ii-e1601485394796-142x300.jpg 142w\" sizes=\"auto, (max-width: 10px) 100vw, 10px\" \/> Marvin Kirsch<\/p>\n\n\n\n<p><span style=\"text-decoration: underline;\">Montag, <span style=\"text-decoration: underline;\">22. Januar 2024<\/span><\/span><\/p>\n\n\n\n<p><strong style=\"font-style: italic;\">Katar <em><strong>\u2013<\/strong><\/em> China <\/strong><em><strong>(16.00 Uhr)<\/strong><\/em> <br><img loading=\"lazy\" decoding=\"async\" width=\"10\" height=\"21\" class=\"wp-image-3656\" style=\"width: 10px;\" src=\"http:\/\/kommentatorenblog.de\/wp-content\/uploads\/2020\/09\/shure-55sh-ii-e1601485394796.jpg\" alt=\"\" srcset=\"https:\/\/kommentatorenblog.de\/wp-content\/uploads\/2020\/09\/shure-55sh-ii-e1601485394796.jpg 415w, https:\/\/kommentatorenblog.de\/wp-content\/uploads\/2020\/09\/shure-55sh-ii-e1601485394796-142x300.jpg 142w\" sizes=\"auto, (max-width: 10px) 100vw, 10px\" \/> Marcus Radefeld<\/p>\n\n\n\n<hr class=\"wp-block-separator\"\/>\n\n\n\n<p><code><strong>ANALYSE<\/strong><\/code><\/p>\n\n\n\n<p><strong>Nur zwei Spiele bei DAZN, nur Bayern aus dem Stadion<\/strong><\/p>\n\n\n\n<p>Eins der beiden geplanten Box-Spiele von DAZN f\u00e4llt am Wochenende aus &#8211; bleiben somit das Box-Spiel mit Jan Platte, Sascha Bigalke und Freddy Harder in M\u00fcnchen und Max Siebald in M\u00f6nchengladbach sowie das Stadion-Spiel mit der kompletten Crew in der Fr\u00f6ttmaninger Arena. Das abgesagte Freitagsspiel w\u00e4re aus der Box gekommen mit einzig Fielder Lukas Sch\u00f6nm\u00fcller im Stadion.<\/p>\n\n\n\n<p><strong>Rekordnationalspieler alleine beim Topspiel, Veltman beim Hessen-Derby<\/strong><\/p>\n\n\n\n<p>Fokus liegt an diesem R\u00fcckrundenauftakt bei Sky nat\u00fcrlich auf dem Spitzenspiel zwischen Leipzig und Leverkusen, wof\u00fcr es die Topspielcrew ins Zentralstadion verschl\u00e4gt. Neben den drei Konstanten geht Michael Leopold auf Stimmenfang. Die zweite rotierende Position bleibt an diesem Wochenende wohl unbesetzt, weshalb Lothar Matth\u00e4us mal wieder als alleiniger Experte an der Seite von Sebastian Hellmann fungiert.<\/p>\n\n\n\n<p>Dar\u00fcber hinaus ist selbstredend auch die Konferenz immer wieder das Bundesliga-Highlight der Woche &#8211; am Samstag prominent besetzt mit Kai Dittmann, Jonas Friedrich, Roland Evers, Markus G\u00f6tz und Olli Seidler aus M\u00fcnchen. Bei keinem der Beteiligten \u00fcberraschend. Olli Seidler wird zus\u00e4tzlich noch zwei Zweitliga-Eins\u00e4tze verbuchen.<\/p>\n\n\n\n<p>Bei den Einzelspielen stechen am Samstagnachmittag das Freundschaftsduell K\u00f6ln-Dortmund mit Martin Gro\u00df und Patrick Wasserziehr sowie das Hessenderby, f\u00fcr das Klaus Veltman und Ulli Potofski den Zuschlag bekommen haben, hervor. Durchaus spannende Personalien!<br>Weiter berichtenswert: Viola Weiss ist mal wieder am Field im Einsatz und J\u00fcrgen Schmitz verschl\u00e4gt es mal wieder in ein Bundesliga-Stadion.<\/p>\n\n\n\n<p><strong>Sky in allen Zweitliga-Stadien vertreten!<\/strong><\/p>\n\n\n\n<p>Bemerkenswerter Schritt in die richtige Richtung: Sky ist durch Moderation aus den Stadien und den Einsatz von Field-Reportern am Wochenende in allen Stadien des Unterhauses vor Ort! Das ist ja in der Vergangenheit nicht immer der Fall gewesen, teilweise gab es nicht mal die M\u00f6glichkeit f\u00fcr Schalten. Das ist an diesem Wochenende anders und wir hoffen, dass das so beibehalten wird. Die dabei eingesetzten Reporter kommen komplett aus dem Sky-Sport-News-Personal: Baden-W\u00fcrttemberg-Reporter Dennis Bayer in Karlsruhe, Hessen- &amp; RLP-Reporter Alexander Bonengel in Elversberg, Schalke-Reporter Dirk gro\u00dfe Schlarmann in Paderborn und Leipzig-Reporter Philipp Hinze in Magdeburg. Dar\u00fcber hinaus wird Bayern-Reporter Torben Hoffmann gemeinsam mit Sky-Neuzugang Max Zielke in N\u00fcrnberg sein. Die Moderation teilen sich diese Woche Nele Schenker, Yannick Erkenbrecher und Hartmut von Kameke. <\/p>\n\n\n\n<p>Die Konferenz wird an diesem Wochenende zweimal von Toni Tomic sowie von Christian Stra\u00dfburger gemacht. Die Fokusspiele sind dabei relativ intuitiv. Am Sonntag lautet die Besetzung f\u00fcr die Konferenz bei RTL sowie Sky somit Toni Tomic, Hannes Herrmann und Torsten Kunde.<\/p>\n\n\n\n<p>Am Samstagabend steigt das Spitzenspiel Auf Schalke. Neben Sky (diesmal mit Kommentator Hansi K\u00fcpper neben Tusche und Stefan Hempel) ist dann selbstverst\u00e4ndlich auch Sport1 mit von der Partie. Hier kommentiert Ex-Schalke-Trainer Peter Neururer an der Seite von Markus H\u00f6hner. Oliver M\u00fcller und Katharina Kleinfeldt sind am Spielfeldrand.<\/p>\n\n\n\n<p><strong>3. Liga zur\u00fcck, Spannung in Afrika und Asien, komische Spieltage in England und Italien<\/strong><\/p>\n\n\n\n<p>Ansonsten f\u00e4llt mir in den weiteren Ansetzungen wenig \u00fcberraschendes auf. Die 3. Liga ist ebenfalls wie die 2. Liga zur\u00fcck aus der Winterpause. Das h\u00e4ufige Magenta-Sonntagsduo Stra\u00dfburger\/Wagner verschl\u00e4gt es dieses Mal zum Derby nach M\u00fcnster.<\/p>\n\n\n\n<p>In Afrika und Asien entscheiden die kommenden Tage \u00fcber das Weiterkommen aus der Gruppenphase in den jeweiligen Kontinentalwettbewerben, bei Sportdigital verpasst ihr nix.<\/p>\n\n\n\n<p>In England und Italien gibt&#8217;s sehr komische Spieltage mit jeweils fast nur der H\u00e4lfte an Teams wegen des Pokals bzw. Supercups. W\u00e4hrend Sky dadurch weniger im Programm hat, kann sich DAZN nicht beschweren, denn sie zeigen den italienischen Supercup ebenfalls. Dieser beginnt heute und wird &#8211; wo auch sonst &#8211; des Geldes wegen im Fu\u00dfball-zerst\u00f6renden Saudi-Arabien ausgetragen. Eine Gedenkminute f\u00fcr Franz Beckenbauer auszupfeifen unterstreicht aus meiner Sicht nochmal, warum die WM in einem Land mit Fu\u00dfballkultur und nicht in Saudi-Arabien ausgetragen werden sollte.<\/p>\n","protected":false},"excerpt":{"rendered":"<p>N&#8217;Abend allerseits, am morgigen Freitag trauert die Fu\u00dfball-Welt und die deutsche Gesellschaft nochmal geballt um einen ihrer Gr\u00f6\u00dften in der Fu\u00dfball-Arena in M\u00fcnchen-Fr\u00f6ttmaning. Zur Trauerfeier f\u00fcr Franz Beckenbauer sind auch viele Wegbegleiter und andere Pers\u00f6nlichkeiten angek\u00fcndigt, um dem Kaiser die geb\u00fchrende Ehre zu zollen. Die vielen bewegenden Worte, Geschichten und Bilder in den letzten Wochen [&hellip;]<\/p>\n","protected":false},"author":12,"featured_media":0,"comment_status":"open","ping_status":"open","sticky":false,"template":"","format":"standard","meta":{"footnotes":""},"categories":[424],"tags":[],"class_list":["post-16438","post","type-post","status-publish","format-standard","hentry","category-bundesliga-und-co"],"_links":{"self":[{"href":"https:\/\/kommentatorenblog.de\/index.php?rest_route=\/wp\/v2\/posts\/16438","targetHints":{"allow":["GET"]}}],"collection":[{"href":"https:\/\/kommentatorenblog.de\/index.php?rest_route=\/wp\/v2\/posts"}],"about":[{"href":"https:\/\/kommentatorenblog.de\/index.php?rest_route=\/wp\/v2\/types\/post"}],"author":[{"embeddable":true,"href":"https:\/\/kommentatorenblog.de\/index.php?rest_route=\/wp\/v2\/users\/12"}],"replies":[{"embeddable":true,"href":"https:\/\/kommentatorenblog.de\/index.php?rest_route=%2Fwp%2Fv2%2Fcomments&post=16438"}],"version-history":[{"count":18,"href":"https:\/\/kommentatorenblog.de\/index.php?rest_route=\/wp\/v2\/posts\/16438\/revisions"}],"predecessor-version":[{"id":16504,"href":"https:\/\/kommentatorenblog.de\/index.php?rest_route=\/wp\/v2\/posts\/16438\/revisions\/16504"}],"wp:attachment":[{"href":"https:\/\/kommentatorenblog.de\/index.php?rest_route=%2Fwp%2Fv2%2Fmedia&parent=16438"}],"wp:term":[{"taxonomy":"category","embeddable":true,"href":"https:\/\/kommentatorenblog.de\/index.php?rest_route=%2Fwp%2Fv2%2Fcategories&post=16438"},{"taxonomy":"post_tag","embeddable":true,"href":"https:\/\/kommentatorenblog.de\/index.php?rest_route=%2Fwp%2Fv2%2Ftags&post=16438"}],"curies":[{"name":"wp","href":"https:\/\/api.w.org\/{rel}","templated":true}]}}