{"id":16443,"date":"2024-01-15T21:27:48","date_gmt":"2024-01-15T20:27:48","guid":{"rendered":"https:\/\/kommentatorenblog.de\/?p=16443"},"modified":"2024-01-20T18:35:35","modified_gmt":"2024-01-20T17:35:35","slug":"1394-grossereignisse-nah-und-fern","status":"publish","type":"post","link":"https:\/\/kommentatorenblog.de\/?p=16443","title":{"rendered":"1394 &#8211; Gro\u00dfereignisse nah und fern"},"content":{"rendered":"<p>N&#8217;Abend allerseits,<\/p>\n<p>die Handball-EM ist in vollem Gange und die deutsche Nationalmannschaft konnte bislang durch eine starke Performance \u00fcberzeugen und ist schon sicher in der Hauptrunde. Bevor diese beginnt, steht noch ein letzter Tag mit den restlichen Vorrundenspielen an. Als Highlight muss man auch ohne die deutsche Brille das Aufeinandertreffen zwischen Frankreich und Deutschland in Berlin bezeichnen, das zuletzt bei der WM vor einem Jahr die Franzosen um Altstar Nikola Karabatic f\u00fcr sich entscheiden konnten.<\/p>\n<p>Gro\u00dfereignisse im Fu\u00dfball finden derzeit nur im fernen Ausland statt: die Kontinentalmeisterschaften in Afrika und Asien machen an den Werktagen dieser Woche den gr\u00f6\u00dften Teil der Fu\u00dfball\u00fcbertragungen aus. Der diesj\u00e4hrige Afrika-Cup findet an der Elfenbeink\u00fcste statt, die Asienmeisterschaft wie die WM vor einem Jahr in Katar. Urspr\u00fcnglich war China als Ausrichter vorgesehen, die sich von dieser Aufgabe allerdings schon 2022 wegen der Corona-Pandemie zur\u00fcckzogen, weswegen das Turnier zuerst im Sommer 2023 stattfinden sollte, um nachher erneut um ein weiteres halbes Jahr verlegt zu werden. Der Name AFC Asian Cup 2023 wurde allerdings beibehalten, es handelt sich somit bei der Auflistung unten nicht um einen Tippfehler. Beide Turniere mit vielen Spielern, die den Teams aus der Bundesliga und den anderen Ligen derzeit fehlen, kann man auf Sportdigital Fu\u00dfball verfolgen. Dabei wird der Asien-Cup zum ersten Mal in Deutschland inklusive deutschem Kommentar \u00fcbertragen.<\/p>\n<p>In Deutschland sorgte zuletzt der neue DFL-Chef Steffen Merkel f\u00fcr Aufsehen, als er in einem Interview mit der Sport Bild einen neuen Einblick in die Ausschreibung der Highlight-Rechte f\u00fcr die Bundesliga und die 2. Bundesliga, die in den kommenden Monaten gleichzeitig mit der der Rechte an den Live\u00fcbertragungen erfolgen wird, gab. Neben dem bisherigen, aktuell von der ARD-Sportschau genutzten Zeitfenster im Free-TV zwischen 18.30 und 20.00 Uhr sei beim Bundeskartellamt auch ein m\u00f6glicher Sendezeitraum zwischen 19.15 und 20.15 Uhr eingereicht worden, au\u00dferdem best\u00fcnde \u201eim Markt ein umfassendes Interesse an einer kompakteren Verwertung im Free-Bereich am Samstagabend\u201c, somit wohl auch von Privatanbietern. F\u00fcr die ARD k\u00e4me das zweite Zeitfenster wohl nicht in Frage, da der Sendeplatz der Tagesschau um 20 Uhr davon betroffen w\u00e4re.<\/p>\n<p>Ansonsten gab es einige Ver\u00e4nderungen in der deutschen TV-Landschaft zum Jahreswechsel, die den Sport betrafen. An die Stelle des bisherigen Servus TV Deutschland ist ein neuer Sender mit einem alten Namen getreten: DF1. Mit dem ersten deutschen Digitalsender, der von 1996 bis 1999 bestand und anschlie\u00dfend mit Premiere fusionierte, hat dieser allerdings au\u00dfer dem Namen nichts gemein. Er speist sich \u00fcberwiegend weiterhin aus Inhalten von Servus TV und \u00fcbernimmt auch das w\u00f6chentliche Topspiel der DEL in Kooperation mit Magenta Sport. Auch die in \u00d6sterreich k\u00fcnftig ebenfalls bei Servus TV gesendete Formel E wird in Deutschland bei DF1 zu sehen sein. Daneben sollen auch einige Sportinhalte von DAZN im Rahmen einer Kooperation frei ausgestrahlt werden, um welche es sich dabei handelt, wurde allerdings noch nicht mitgeteilt. Die MotoGP-WM, die in \u00d6sterreich bei Servus TV verbleibt, hat in Deutschland in Zukunft einen exklusiven Platz bei Sky.<\/p>\n<p>Komplett abgeschaltet wurde BILD TV, wo seit Sommer regelm\u00e4\u00dfig ausgew\u00e4hlte \u00dcbertragungen der Handball- und Basketball-Bundesliga von Dyn gesendet wurden. Diese wandern nun zum ebenfalls zur Axel Springer SE geh\u00f6renden Nachrichtensender WELT.<\/p>\n\n\n<hr class=\"wp-block-separator\"\/>\n\n\n\n<p><strong>Handball-EM 2024, 3. Spieltag (Dyn\/ARD\/ZDF)<\/strong><\/p>\n\n\n\n<p><span style=\"text-decoration: underline;\">Dienstag, 16. Januar 2024, ab 17.45 Uhr (Dyn)<\/span><\/p>\n\n\n\n<p><strong><em>Kroatien &#8211; Rum\u00e4nien (18.00 Uhr)<\/em><\/strong><\/p>\n\n\n\n<p><img loading=\"lazy\" decoding=\"async\" width=\"10\" height=\"21\" class=\"wp-image-3656\" style=\"width: 10px;\" src=\"http:\/\/kommentatorenblog.de\/wp-content\/uploads\/2020\/09\/shure-55sh-ii-e1601485394796.jpg\" alt=\"\" srcset=\"https:\/\/kommentatorenblog.de\/wp-content\/uploads\/2020\/09\/shure-55sh-ii-e1601485394796.jpg 415w, https:\/\/kommentatorenblog.de\/wp-content\/uploads\/2020\/09\/shure-55sh-ii-e1601485394796-142x300.jpg 142w\" sizes=\"auto, (max-width: 10px) 100vw, 10px\" \/> Vincent Schuster<\/p>\n\n\n\n<p><strong><em>Serbien &#8211; Montenegro (18.00 Uhr)<\/em><\/strong><\/p>\n\n\n\n<p><img loading=\"lazy\" decoding=\"async\" width=\"10\" height=\"21\" class=\"wp-image-3656\" style=\"width: 10px;\" src=\"http:\/\/kommentatorenblog.de\/wp-content\/uploads\/2020\/09\/shure-55sh-ii-e1601485394796.jpg\" alt=\"\" srcset=\"https:\/\/kommentatorenblog.de\/wp-content\/uploads\/2020\/09\/shure-55sh-ii-e1601485394796.jpg 415w, https:\/\/kommentatorenblog.de\/wp-content\/uploads\/2020\/09\/shure-55sh-ii-e1601485394796-142x300.jpg 142w\" sizes=\"auto, (max-width: 10px) 100vw, 10px\" \/> Finn-Ole Martins<\/p>\n\n\n\n<p><span style=\"text-decoration: underline;\">ab 17.45 Uhr (Dyn) bzw. ab 17.55 Uhr (sportschau.de)<\/span><\/p>\n\n\n\n<p><strong><em>Nordmazedonien &#8211; Schweiz (18.00 Uhr)<\/em><\/strong><\/p>\n\n\n\n<p><img loading=\"lazy\" decoding=\"async\" width=\"10\" height=\"21\" class=\"wp-image-3656\" style=\"width: 10px;\" src=\"http:\/\/kommentatorenblog.de\/wp-content\/uploads\/2020\/09\/shure-55sh-ii-e1601485394796.jpg\" alt=\"\" srcset=\"https:\/\/kommentatorenblog.de\/wp-content\/uploads\/2020\/09\/shure-55sh-ii-e1601485394796.jpg 415w, https:\/\/kommentatorenblog.de\/wp-content\/uploads\/2020\/09\/shure-55sh-ii-e1601485394796-142x300.jpg 142w\" sizes=\"auto, (max-width: 10px) 100vw, 10px\" \/> <em>Dyn: <\/em>Tobias Schimon<\/p>\n\n\n\n<p><img loading=\"lazy\" decoding=\"async\" width=\"10\" height=\"21\" class=\"wp-image-3656\" style=\"width: 10px;\" src=\"http:\/\/kommentatorenblog.de\/wp-content\/uploads\/2020\/09\/shure-55sh-ii-e1601485394796.jpg\" alt=\"\" srcset=\"https:\/\/kommentatorenblog.de\/wp-content\/uploads\/2020\/09\/shure-55sh-ii-e1601485394796.jpg 415w, https:\/\/kommentatorenblog.de\/wp-content\/uploads\/2020\/09\/shure-55sh-ii-e1601485394796-142x300.jpg 142w\" sizes=\"auto, (max-width: 10px) 100vw, 10px\" \/> <em>sportschau.de: <\/em>Johannes Krause<\/p>\n\n\n\n<p><span style=\"text-decoration: underline;\">ab 20.00 Uhr (Dyn) bzw. 20.15 Uhr (ARD)<\/span><\/p>\n\n\n\n<p><strong><em>Frankreich &#8211; Deutschland (20.30 Uhr)<\/em><\/strong><\/p>\n\n\n\n<p><img loading=\"lazy\" decoding=\"async\" width=\"10\" height=\"21\" class=\"wp-image-3656\" style=\"width: 10px;\" src=\"http:\/\/kommentatorenblog.de\/wp-content\/uploads\/2020\/09\/shure-55sh-ii-e1601485394796.jpg\" alt=\"\" srcset=\"https:\/\/kommentatorenblog.de\/wp-content\/uploads\/2020\/09\/shure-55sh-ii-e1601485394796.jpg 415w, https:\/\/kommentatorenblog.de\/wp-content\/uploads\/2020\/09\/shure-55sh-ii-e1601485394796-142x300.jpg 142w\" sizes=\"auto, (max-width: 10px) 100vw, 10px\" \/> <em>Dyn: <\/em>Markus G\u00f6tz<\/p>\n\n\n\n<p><img loading=\"lazy\" decoding=\"async\" width=\"10\" height=\"21\" class=\"wp-image-3656\" style=\"width: 10px;\" src=\"http:\/\/kommentatorenblog.de\/wp-content\/uploads\/2020\/09\/shure-55sh-ii-e1601485394796.jpg\" alt=\"\" srcset=\"https:\/\/kommentatorenblog.de\/wp-content\/uploads\/2020\/09\/shure-55sh-ii-e1601485394796.jpg 415w, https:\/\/kommentatorenblog.de\/wp-content\/uploads\/2020\/09\/shure-55sh-ii-e1601485394796-142x300.jpg 142w\" sizes=\"auto, (max-width: 10px) 100vw, 10px\" \/> <em>ARD: <\/em>Florian Na\u00df, Experte: Johannes Bitter<\/p>\n\n\n\n<p>Moderation (<em>Dyn<\/em>): Anett Sattler, Experte: Stefan Kretzschmar, Social Media: Lea Rostek, Field-Reporterin: Hannah Nitsche<\/p>\n\n\n\n<p>Moderation (<em>ARD<\/em>): Alexander Bommes, Experte: Dominik Klein, Field-Reporterin: D\u00e9sir\u00e9e Krause<\/p>\n\n\n\n<p><span style=\"text-decoration: underline;\">ab 20.15 Uhr (Dyn)<\/span><\/p>\n\n\n\n<p><strong><em>Spanien &#8211; \u00d6sterreich (20.30 Uhr)<\/em><\/strong><\/p>\n\n\n\n<p><img loading=\"lazy\" decoding=\"async\" width=\"10\" height=\"21\" class=\"wp-image-3656\" style=\"width: 10px;\" src=\"http:\/\/kommentatorenblog.de\/wp-content\/uploads\/2020\/09\/shure-55sh-ii-e1601485394796.jpg\" alt=\"\" srcset=\"https:\/\/kommentatorenblog.de\/wp-content\/uploads\/2020\/09\/shure-55sh-ii-e1601485394796.jpg 415w, https:\/\/kommentatorenblog.de\/wp-content\/uploads\/2020\/09\/shure-55sh-ii-e1601485394796-142x300.jpg 142w\" sizes=\"auto, (max-width: 10px) 100vw, 10px\" \/> Markus Herwig<\/p>\n\n\n\n<p><strong><em>Island &#8211; Ungarn (20.30 Uhr)<\/em><\/strong><\/p>\n\n\n\n<p><img loading=\"lazy\" decoding=\"async\" width=\"10\" height=\"21\" class=\"wp-image-3656\" style=\"width: 10px;\" src=\"http:\/\/kommentatorenblog.de\/wp-content\/uploads\/2020\/09\/shure-55sh-ii-e1601485394796.jpg\" alt=\"\" srcset=\"https:\/\/kommentatorenblog.de\/wp-content\/uploads\/2020\/09\/shure-55sh-ii-e1601485394796.jpg 415w, https:\/\/kommentatorenblog.de\/wp-content\/uploads\/2020\/09\/shure-55sh-ii-e1601485394796-142x300.jpg 142w\" sizes=\"auto, (max-width: 10px) 100vw, 10px\" \/> Lennart Wilken-Johannes<\/p>\n\n\n\n<p><strong>Hauptrunde<\/strong><\/p>\n\n\n\n<p><span style=\"text-decoration: underline;\">Mittwoch, 17. Januar 2024, ab 15.15 Uhr (Dyn)<\/span><\/p>\n\n\n\n<p><strong><em>Norwegen &#8211; Portugal (15.30 Uhr)<\/em><\/strong><\/p>\n\n\n\n<p><img loading=\"lazy\" decoding=\"async\" width=\"10\" height=\"21\" class=\"wp-image-3656\" style=\"width: 10px;\" src=\"http:\/\/kommentatorenblog.de\/wp-content\/uploads\/2020\/09\/shure-55sh-ii-e1601485394796.jpg\" alt=\"\" srcset=\"https:\/\/kommentatorenblog.de\/wp-content\/uploads\/2020\/09\/shure-55sh-ii-e1601485394796.jpg 415w, https:\/\/kommentatorenblog.de\/wp-content\/uploads\/2020\/09\/shure-55sh-ii-e1601485394796-142x300.jpg 142w\" sizes=\"auto, (max-width: 10px) 100vw, 10px\" \/> Markus Herwig<\/p>\n\n\n\n<p><span style=\"text-decoration: underline;\">ab 17.45 Uhr (Dyn) bzw. ab 17.50 Uhr (sportschau.de)<\/span><\/p>\n\n\n\n<p><strong><em>D\u00e4nemark &#8211; Niederlande (18.00 Uhr)<\/em><\/strong><\/p>\n\n\n\n<p><img loading=\"lazy\" decoding=\"async\" width=\"10\" height=\"21\" class=\"wp-image-3656\" style=\"width: 10px;\" src=\"http:\/\/kommentatorenblog.de\/wp-content\/uploads\/2020\/09\/shure-55sh-ii-e1601485394796.jpg\" alt=\"\" srcset=\"https:\/\/kommentatorenblog.de\/wp-content\/uploads\/2020\/09\/shure-55sh-ii-e1601485394796.jpg 415w, https:\/\/kommentatorenblog.de\/wp-content\/uploads\/2020\/09\/shure-55sh-ii-e1601485394796-142x300.jpg 142w\" sizes=\"auto, (max-width: 10px) 100vw, 10px\" \/> <em>Dyn: <\/em>Finn-Ole Martins<\/p>\n\n\n\n<p><img loading=\"lazy\" decoding=\"async\" width=\"10\" height=\"21\" class=\"wp-image-3656\" style=\"width: 10px;\" src=\"http:\/\/kommentatorenblog.de\/wp-content\/uploads\/2020\/09\/shure-55sh-ii-e1601485394796.jpg\" alt=\"\" srcset=\"https:\/\/kommentatorenblog.de\/wp-content\/uploads\/2020\/09\/shure-55sh-ii-e1601485394796.jpg 415w, https:\/\/kommentatorenblog.de\/wp-content\/uploads\/2020\/09\/shure-55sh-ii-e1601485394796-142x300.jpg 142w\" sizes=\"auto, (max-width: 10px) 100vw, 10px\" \/> <em>sportschau.de: <\/em>Johannes Krause<\/p>\n\n\n\n<p><span style=\"text-decoration: underline;\">ab 20.00 Uhr (Dyn) bzw. ab 20.20 (sportschau.de)<\/span><\/p>\n\n\n\n<p><strong><em>Slowenien &#8211; Schweden (20.30 Uhr)<\/em><\/strong><\/p>\n\n\n\n<p><img loading=\"lazy\" decoding=\"async\" width=\"10\" height=\"21\" class=\"wp-image-3656\" style=\"width: 10px;\" src=\"http:\/\/kommentatorenblog.de\/wp-content\/uploads\/2020\/09\/shure-55sh-ii-e1601485394796.jpg\" alt=\"\" srcset=\"https:\/\/kommentatorenblog.de\/wp-content\/uploads\/2020\/09\/shure-55sh-ii-e1601485394796.jpg 415w, https:\/\/kommentatorenblog.de\/wp-content\/uploads\/2020\/09\/shure-55sh-ii-e1601485394796-142x300.jpg 142w\" sizes=\"auto, (max-width: 10px) 100vw, 10px\" \/> <em>Dyn:<\/em> Lennart Wilken-Johannes<\/p>\n\n\n\n<p><img loading=\"lazy\" decoding=\"async\" width=\"10\" height=\"21\" class=\"wp-image-3656\" style=\"width: 10px;\" src=\"http:\/\/kommentatorenblog.de\/wp-content\/uploads\/2020\/09\/shure-55sh-ii-e1601485394796.jpg\" alt=\"\" srcset=\"https:\/\/kommentatorenblog.de\/wp-content\/uploads\/2020\/09\/shure-55sh-ii-e1601485394796.jpg 415w, https:\/\/kommentatorenblog.de\/wp-content\/uploads\/2020\/09\/shure-55sh-ii-e1601485394796-142x300.jpg 142w\" sizes=\"auto, (max-width: 10px) 100vw, 10px\" \/> <em>sportschau.de: <\/em>Florian Na\u00df, Experte: Dominik Klein<\/p>\n\n\n\n<p>Moderation (<em>Dyn<\/em>): Anett Sattler, Experte: Stefan Kretzschmar, Social Media: Jari Br\u00fcggmann<\/p>\n\n\n\n<p><span style=\"text-decoration: underline;\">Donnerstag, 18. Januar 2024, ab 15.15 Uhr (Dyn)<\/span><\/p>\n\n\n\n<p><strong><em>Ungarn &#8211; \u00d6sterreich (15.30 Uhr)<\/em><\/strong><\/p>\n\n\n\n<p><img loading=\"lazy\" decoding=\"async\" width=\"10\" height=\"21\" class=\"wp-image-3656\" style=\"width: 10px;\" src=\"http:\/\/kommentatorenblog.de\/wp-content\/uploads\/2020\/09\/shure-55sh-ii-e1601485394796.jpg\" alt=\"\" srcset=\"https:\/\/kommentatorenblog.de\/wp-content\/uploads\/2020\/09\/shure-55sh-ii-e1601485394796.jpg 415w, https:\/\/kommentatorenblog.de\/wp-content\/uploads\/2020\/09\/shure-55sh-ii-e1601485394796-142x300.jpg 142w\" sizes=\"auto, (max-width: 10px) 100vw, 10px\" \/> Markus Herwig<\/p>\n\n\n\n<p><span style=\"text-decoration: underline;\">ab 17.45 Uhr (Dyn) bzw. ab 17.50 (ZDF-Livestream)<\/span><\/p>\n\n\n\n<p><strong><em>Frankreich &#8211; Kroatien (18.00 Uhr)<\/em><\/strong><\/p>\n\n\n\n<p><img loading=\"lazy\" decoding=\"async\" width=\"10\" height=\"21\" class=\"wp-image-3656\" style=\"width: 10px;\" src=\"http:\/\/kommentatorenblog.de\/wp-content\/uploads\/2020\/09\/shure-55sh-ii-e1601485394796.jpg\" alt=\"\" srcset=\"https:\/\/kommentatorenblog.de\/wp-content\/uploads\/2020\/09\/shure-55sh-ii-e1601485394796.jpg 415w, https:\/\/kommentatorenblog.de\/wp-content\/uploads\/2020\/09\/shure-55sh-ii-e1601485394796-142x300.jpg 142w\" sizes=\"auto, (max-width: 10px) 100vw, 10px\" \/> <em>Dyn: <\/em>Karsten Petrzika<\/p>\n\n\n\n<p><img loading=\"lazy\" decoding=\"async\" width=\"10\" height=\"21\" class=\"wp-image-3656\" style=\"width: 10px;\" src=\"http:\/\/kommentatorenblog.de\/wp-content\/uploads\/2020\/09\/shure-55sh-ii-e1601485394796.jpg\" alt=\"\" srcset=\"https:\/\/kommentatorenblog.de\/wp-content\/uploads\/2020\/09\/shure-55sh-ii-e1601485394796.jpg 415w, https:\/\/kommentatorenblog.de\/wp-content\/uploads\/2020\/09\/shure-55sh-ii-e1601485394796-142x300.jpg 142w\" sizes=\"auto, (max-width: 10px) 100vw, 10px\" \/> <em>ZDF-Livestream: <\/em>Martin Schneider<\/p>\n\n\n\n<p><span style=\"text-decoration: underline;\">ab 19.45 Uhr (Dyn) bzw. ab 20.15 Uhr (ZDF)<\/span><\/p>\n\n\n\n<p><strong><em>Deutschland &#8211; Island (20.30 Uhr)<\/em><\/strong><\/p>\n\n\n\n<p><img loading=\"lazy\" decoding=\"async\" width=\"10\" height=\"21\" class=\"wp-image-3656\" style=\"width: 10px;\" src=\"http:\/\/kommentatorenblog.de\/wp-content\/uploads\/2020\/09\/shure-55sh-ii-e1601485394796.jpg\" alt=\"\" srcset=\"https:\/\/kommentatorenblog.de\/wp-content\/uploads\/2020\/09\/shure-55sh-ii-e1601485394796.jpg 415w, https:\/\/kommentatorenblog.de\/wp-content\/uploads\/2020\/09\/shure-55sh-ii-e1601485394796-142x300.jpg 142w\" sizes=\"auto, (max-width: 10px) 100vw, 10px\" \/> <em>Dyn: <\/em>Lennart Wilken-Johannes<\/p>\n\n\n\n<p><img loading=\"lazy\" decoding=\"async\" width=\"10\" height=\"21\" class=\"wp-image-3656\" style=\"width: 10px;\" src=\"http:\/\/kommentatorenblog.de\/wp-content\/uploads\/2020\/09\/shure-55sh-ii-e1601485394796.jpg\" alt=\"\" srcset=\"https:\/\/kommentatorenblog.de\/wp-content\/uploads\/2020\/09\/shure-55sh-ii-e1601485394796.jpg 415w, https:\/\/kommentatorenblog.de\/wp-content\/uploads\/2020\/09\/shure-55sh-ii-e1601485394796-142x300.jpg 142w\" sizes=\"auto, (max-width: 10px) 100vw, 10px\" \/> <em>ZDF: <\/em>Christoph Hamm, Experte: Markus Baur<\/p>\n\n\n\n<p>Moderation (<em>Dyn<\/em>): Lea Rostek, Experte: Stefan Kretzschmar, Social Media: Finn-Ole Martins, Field-Reporterin: Anett Sattler<\/p>\n\n\n\n<p>Moderation (<em>ZDF<\/em>): Yorck Polus, Experte: S\u00f6ren Christophersen, Field-Reporter: Amelie Stiefvatter und Lars Ruthemann<\/p>\n\n\n\n<hr class=\"wp-block-separator\"\/>\n\n\n\n<p><strong>FA Cup, 3. Runde (DAZN)<\/strong><\/p>\n\n\n\n<p><span style=\"text-decoration: underline;\">Dienstag, 16. Januar 2024<\/span><\/p>\n\n\n\n<p><strong><em>Bristol City &#8211; West Ham United (20.45 Uhr)<\/em><\/strong><\/p>\n\n\n\n<p><img loading=\"lazy\" decoding=\"async\" width=\"10\" height=\"21\" class=\"wp-image-3656\" style=\"width: 10px;\" src=\"http:\/\/kommentatorenblog.de\/wp-content\/uploads\/2020\/09\/shure-55sh-ii-e1601485394796.jpg\" alt=\"\" srcset=\"https:\/\/kommentatorenblog.de\/wp-content\/uploads\/2020\/09\/shure-55sh-ii-e1601485394796.jpg 415w, https:\/\/kommentatorenblog.de\/wp-content\/uploads\/2020\/09\/shure-55sh-ii-e1601485394796-142x300.jpg 142w\" sizes=\"auto, (max-width: 10px) 100vw, 10px\" \/> Manuel Angstenberger<\/p>\n\n\n\n<p><span style=\"text-decoration: underline;\">Mittwoch, 17. Januar 2024<\/span><\/p>\n\n\n\n<p><strong><em>FC Blackpool &#8211; Nottingham Forest (20.45 Uhr)<\/em><\/strong><\/p>\n\n\n\n<p><img loading=\"lazy\" decoding=\"async\" width=\"10\" height=\"21\" class=\"wp-image-3656\" style=\"width: 10px;\" src=\"http:\/\/kommentatorenblog.de\/wp-content\/uploads\/2020\/09\/shure-55sh-ii-e1601485394796.jpg\" alt=\"\" srcset=\"https:\/\/kommentatorenblog.de\/wp-content\/uploads\/2020\/09\/shure-55sh-ii-e1601485394796.jpg 415w, https:\/\/kommentatorenblog.de\/wp-content\/uploads\/2020\/09\/shure-55sh-ii-e1601485394796-142x300.jpg 142w\" sizes=\"auto, (max-width: 10px) 100vw, 10px\" \/> Freddy Harder<\/p>\n\n\n\n<hr class=\"wp-block-separator\"\/>\n\n\n\n<p><strong>Serie A, 20. Spieltag (DAZN)<\/strong><\/p>\n\n\n\n<p><span style=\"text-decoration: underline;\">Dienstag, 16. Januar 2024<\/span><\/p>\n\n\n\n<p><strong><em>Juventus Turin &#8211; Sassuolo Calcio (20.45 Uhr)<\/em><\/strong><\/p>\n\n\n\n<p><img loading=\"lazy\" decoding=\"async\" width=\"10\" height=\"21\" class=\"wp-image-3656\" style=\"width: 10px;\" src=\"http:\/\/kommentatorenblog.de\/wp-content\/uploads\/2020\/09\/shure-55sh-ii-e1601485394796.jpg\" alt=\"\" srcset=\"https:\/\/kommentatorenblog.de\/wp-content\/uploads\/2020\/09\/shure-55sh-ii-e1601485394796.jpg 415w, https:\/\/kommentatorenblog.de\/wp-content\/uploads\/2020\/09\/shure-55sh-ii-e1601485394796-142x300.jpg 142w\" sizes=\"auto, (max-width: 10px) 100vw, 10px\" \/> Carsten Fu\u00df<\/p>\n\n\n\n<hr class=\"wp-block-separator\"\/>\n\n\n\n<p><strong>Supercoppa Italiana, Halbfinale (DAZN)<\/strong><\/p>\n\n\n\n<p><span style=\"text-decoration: underline;\">Donnerstag, 18. Januar 2024<\/span><\/p>\n\n\n\n<p><strong><em>SSC Neapel &#8211; AC Florenz (20.00 Uhr)<\/em><\/strong><\/p>\n\n\n\n<p><img loading=\"lazy\" decoding=\"async\" width=\"10\" height=\"21\" class=\"wp-image-3656\" style=\"width: 10px;\" src=\"http:\/\/kommentatorenblog.de\/wp-content\/uploads\/2020\/09\/shure-55sh-ii-e1601485394796.jpg\" alt=\"\" srcset=\"https:\/\/kommentatorenblog.de\/wp-content\/uploads\/2020\/09\/shure-55sh-ii-e1601485394796.jpg 415w, https:\/\/kommentatorenblog.de\/wp-content\/uploads\/2020\/09\/shure-55sh-ii-e1601485394796-142x300.jpg 142w\" sizes=\"auto, (max-width: 10px) 100vw, 10px\" \/> Christoph Stadtler<\/p>\n\n\n\n<hr class=\"wp-block-separator\"\/>\n\n\n\n<p><strong>Copa del Rey, Achtelfinale (Sportdigital Fu\u00dfball)<\/strong><\/p>\n\n\n\n<p><span style=\"text-decoration: underline;\">Dienstag, 16. Januar 2024<\/span><\/p>\n\n\n\n<p><em><strong>Athletic Bilbao &#8211; Deportivo Alaves (21.00 Uhr)<\/strong><\/em><\/p>\n\n\n\n<p><img loading=\"lazy\" decoding=\"async\" width=\"10\" height=\"21\" class=\"wp-image-3656\" style=\"width: 10px;\" src=\"http:\/\/kommentatorenblog.de\/wp-content\/uploads\/2020\/09\/shure-55sh-ii-e1601485394796.jpg\" alt=\"\" srcset=\"https:\/\/kommentatorenblog.de\/wp-content\/uploads\/2020\/09\/shure-55sh-ii-e1601485394796.jpg 415w, https:\/\/kommentatorenblog.de\/wp-content\/uploads\/2020\/09\/shure-55sh-ii-e1601485394796-142x300.jpg 142w\" sizes=\"auto, (max-width: 10px) 100vw, 10px\" \/> Marvin Kirsch<\/p>\n\n\n\n<p><span style=\"text-decoration: underline;\">Donnerstag, 18. Januar 2024<\/span><\/p>\n\n\n\n<p><strong><em>Unionistas Salamanca &#8211; FC Barcelona (19.30 Uhr)<\/em><\/strong><\/p>\n\n\n\n<p><img loading=\"lazy\" decoding=\"async\" width=\"10\" height=\"21\" class=\"wp-image-3656\" style=\"width: 10px;\" src=\"http:\/\/kommentatorenblog.de\/wp-content\/uploads\/2020\/09\/shure-55sh-ii-e1601485394796.jpg\" alt=\"\" srcset=\"https:\/\/kommentatorenblog.de\/wp-content\/uploads\/2020\/09\/shure-55sh-ii-e1601485394796.jpg 415w, https:\/\/kommentatorenblog.de\/wp-content\/uploads\/2020\/09\/shure-55sh-ii-e1601485394796-142x300.jpg 142w\" sizes=\"auto, (max-width: 10px) 100vw, 10px\" \/> J\u00f6rg Steiger<\/p>\n\n\n\n<p><strong><em>Atletico Madrid &#8211; Real Madrid (21.30 Uhr)<\/em><\/strong><\/p>\n\n\n\n<p><img loading=\"lazy\" decoding=\"async\" width=\"10\" height=\"21\" class=\"wp-image-3656\" style=\"width: 10px;\" src=\"http:\/\/kommentatorenblog.de\/wp-content\/uploads\/2020\/09\/shure-55sh-ii-e1601485394796.jpg\" alt=\"\" srcset=\"https:\/\/kommentatorenblog.de\/wp-content\/uploads\/2020\/09\/shure-55sh-ii-e1601485394796.jpg 415w, https:\/\/kommentatorenblog.de\/wp-content\/uploads\/2020\/09\/shure-55sh-ii-e1601485394796-142x300.jpg 142w\" sizes=\"auto, (max-width: 10px) 100vw, 10px\" \/> Karsten Linke<\/p>\n\n\n\n<hr class=\"wp-block-separator\"\/>\n\n\n\n<p><strong>KNVB-Beker, 2. Runde (Sportdigital Fu\u00dfball)<\/strong><\/p>\n\n\n\n<p><span style=\"text-decoration: underline;\">Mittwoch, 17. Januar 2024<\/span><\/p>\n\n\n\n<p><strong><em>PSV Eindhoven &#8211; FC Twente Enschede (21.00 Uhr)<\/em><\/strong><\/p>\n\n\n\n<p><img loading=\"lazy\" decoding=\"async\" width=\"10\" height=\"21\" class=\"wp-image-3656\" style=\"width: 10px;\" src=\"http:\/\/kommentatorenblog.de\/wp-content\/uploads\/2020\/09\/shure-55sh-ii-e1601485394796.jpg\" alt=\"\" srcset=\"https:\/\/kommentatorenblog.de\/wp-content\/uploads\/2020\/09\/shure-55sh-ii-e1601485394796.jpg 415w, https:\/\/kommentatorenblog.de\/wp-content\/uploads\/2020\/09\/shure-55sh-ii-e1601485394796-142x300.jpg 142w\" sizes=\"auto, (max-width: 10px) 100vw, 10px\" \/> Jonathan Dreier<\/p>\n\n\n\n<hr class=\"wp-block-separator\"\/>\n\n\n\n<p><strong>UEFA Women&#8217;s Champions League, 4. Spieltag, Nachholspiel (DAZN)<\/strong><\/p>\n\n\n\n<p><span style=\"text-decoration: underline;\">Donnerstag, 18. Januar 2024<\/span><\/p>\n\n\n\n<p><strong><em>Slavia Prag &#8211; SKN St. P\u00f6lten (18.45 Uhr)<\/em><\/strong><\/p>\n\n\n\n<p><img loading=\"lazy\" decoding=\"async\" width=\"10\" height=\"21\" class=\"wp-image-3656\" style=\"width: 10px;\" src=\"http:\/\/kommentatorenblog.de\/wp-content\/uploads\/2020\/09\/shure-55sh-ii-e1601485394796.jpg\" alt=\"\" srcset=\"https:\/\/kommentatorenblog.de\/wp-content\/uploads\/2020\/09\/shure-55sh-ii-e1601485394796.jpg 415w, https:\/\/kommentatorenblog.de\/wp-content\/uploads\/2020\/09\/shure-55sh-ii-e1601485394796-142x300.jpg 142w\" sizes=\"auto, (max-width: 10px) 100vw, 10px\" \/> Simon Sterzer<\/p>\n\n\n\n<hr class=\"wp-block-separator\"\/>\n\n\n\n<p><strong>Afrika-Cup 2024, 1. Spieltag (Sportdigital Fu\u00dfball)<\/strong><\/p>\n\n\n\n<p><span style=\"text-decoration: underline;\">Dienstag, 16. Januar 2024<\/span><\/p>\n\n\n\n<p><strong><em>Burkina Faso &#8211; Mauretanien (15.00 Uhr)<\/em><\/strong><\/p>\n\n\n\n<p><img loading=\"lazy\" decoding=\"async\" width=\"10\" height=\"21\" class=\"wp-image-3656\" style=\"width: 10px;\" src=\"http:\/\/kommentatorenblog.de\/wp-content\/uploads\/2020\/09\/shure-55sh-ii-e1601485394796.jpg\" alt=\"\" srcset=\"https:\/\/kommentatorenblog.de\/wp-content\/uploads\/2020\/09\/shure-55sh-ii-e1601485394796.jpg 415w, https:\/\/kommentatorenblog.de\/wp-content\/uploads\/2020\/09\/shure-55sh-ii-e1601485394796-142x300.jpg 142w\" sizes=\"auto, (max-width: 10px) 100vw, 10px\" \/> Martin Hahn<\/p>\n\n\n\n<p><strong><em>Tunesien &#8211; Namibia (18.00 Uhr)<\/em><\/strong><\/p>\n\n\n\n<p><img loading=\"lazy\" decoding=\"async\" width=\"10\" height=\"21\" class=\"wp-image-3656\" style=\"width: 10px;\" src=\"http:\/\/kommentatorenblog.de\/wp-content\/uploads\/2020\/09\/shure-55sh-ii-e1601485394796.jpg\" alt=\"\" srcset=\"https:\/\/kommentatorenblog.de\/wp-content\/uploads\/2020\/09\/shure-55sh-ii-e1601485394796.jpg 415w, https:\/\/kommentatorenblog.de\/wp-content\/uploads\/2020\/09\/shure-55sh-ii-e1601485394796-142x300.jpg 142w\" sizes=\"auto, (max-width: 10px) 100vw, 10px\" \/> J\u00f6rg Steiger<\/p>\n\n\n\n<p><strong><em>Mali &#8211; S\u00fcdafrika (21.00 Uhr)<\/em><\/strong><\/p>\n\n\n\n<p><img loading=\"lazy\" decoding=\"async\" width=\"10\" height=\"21\" class=\"wp-image-3656\" style=\"width: 10px;\" src=\"http:\/\/kommentatorenblog.de\/wp-content\/uploads\/2020\/09\/shure-55sh-ii-e1601485394796.jpg\" alt=\"\" srcset=\"https:\/\/kommentatorenblog.de\/wp-content\/uploads\/2020\/09\/shure-55sh-ii-e1601485394796.jpg 415w, https:\/\/kommentatorenblog.de\/wp-content\/uploads\/2020\/09\/shure-55sh-ii-e1601485394796-142x300.jpg 142w\" sizes=\"auto, (max-width: 10px) 100vw, 10px\" \/> Hannes Herrmann<\/p>\n\n\n\n<p><span style=\"text-decoration: underline;\">Mittwoch, 17. Januar 2024<\/span><\/p>\n\n\n\n<p><strong><em>Marokko &#8211; Tansania (18.00 Uhr)<\/em><\/strong><\/p>\n\n\n\n<p><img loading=\"lazy\" decoding=\"async\" width=\"10\" height=\"21\" class=\"wp-image-3656\" style=\"width: 10px;\" src=\"http:\/\/kommentatorenblog.de\/wp-content\/uploads\/2020\/09\/shure-55sh-ii-e1601485394796.jpg\" alt=\"\" srcset=\"https:\/\/kommentatorenblog.de\/wp-content\/uploads\/2020\/09\/shure-55sh-ii-e1601485394796.jpg 415w, https:\/\/kommentatorenblog.de\/wp-content\/uploads\/2020\/09\/shure-55sh-ii-e1601485394796-142x300.jpg 142w\" sizes=\"auto, (max-width: 10px) 100vw, 10px\" \/> Christian Blunck<\/p>\n\n\n\n<p><strong>2. Spieltag<\/strong><\/p>\n\n\n\n<p><span style=\"text-decoration: underline;\">Donnerstag, 18. Januar 2024<\/span><\/p>\n\n\n\n<p><strong><em>Elfenbeink\u00fcste &#8211; Nigeria (18.00 Uhr)<\/em><\/strong><\/p>\n\n\n\n<p><img loading=\"lazy\" decoding=\"async\" width=\"10\" height=\"21\" class=\"wp-image-3656\" style=\"width: 10px;\" src=\"http:\/\/kommentatorenblog.de\/wp-content\/uploads\/2020\/09\/shure-55sh-ii-e1601485394796.jpg\" alt=\"\" srcset=\"https:\/\/kommentatorenblog.de\/wp-content\/uploads\/2020\/09\/shure-55sh-ii-e1601485394796.jpg 415w, https:\/\/kommentatorenblog.de\/wp-content\/uploads\/2020\/09\/shure-55sh-ii-e1601485394796-142x300.jpg 142w\" sizes=\"auto, (max-width: 10px) 100vw, 10px\" \/> Marvin Kirsch<\/p>\n\n\n\n<p><strong><em>\u00c4gypten &#8211; Ghana (21.00 Uhr)<\/em><\/strong><\/p>\n\n\n\n<p><img loading=\"lazy\" decoding=\"async\" width=\"10\" height=\"21\" class=\"wp-image-3656\" style=\"width: 10px;\" src=\"http:\/\/kommentatorenblog.de\/wp-content\/uploads\/2020\/09\/shure-55sh-ii-e1601485394796.jpg\" alt=\"\" srcset=\"https:\/\/kommentatorenblog.de\/wp-content\/uploads\/2020\/09\/shure-55sh-ii-e1601485394796.jpg 415w, https:\/\/kommentatorenblog.de\/wp-content\/uploads\/2020\/09\/shure-55sh-ii-e1601485394796-142x300.jpg 142w\" sizes=\"auto, (max-width: 10px) 100vw, 10px\" \/> Jakob Vogel<\/p>\n\n\n\n<hr class=\"wp-block-separator\"\/>\n\n\n\n<p><strong>AFC Asian Cup 2023, 2. Spieltag (Sportdigital Fu\u00dfball)<\/strong><\/p>\n\n\n\n<p><span style=\"text-decoration: underline;\">Mittwoch, 17. Januar<\/span><\/p>\n\n\n\n<p><strong><em>Libanon &#8211; China (12.30 Uhr)<\/em><\/strong><\/p>\n\n\n\n<p><img loading=\"lazy\" decoding=\"async\" width=\"10\" height=\"21\" class=\"wp-image-3656\" style=\"width: 10px;\" src=\"http:\/\/kommentatorenblog.de\/wp-content\/uploads\/2020\/09\/shure-55sh-ii-e1601485394796.jpg\" alt=\"\" srcset=\"https:\/\/kommentatorenblog.de\/wp-content\/uploads\/2020\/09\/shure-55sh-ii-e1601485394796.jpg 415w, https:\/\/kommentatorenblog.de\/wp-content\/uploads\/2020\/09\/shure-55sh-ii-e1601485394796-142x300.jpg 142w\" sizes=\"auto, (max-width: 10px) 100vw, 10px\" \/> Moritz Knorr<\/p>\n\n\n\n<p><strong><em>Tadschikistan &#8211; Katar (15.30 Uhr)<\/em><\/strong><\/p>\n\n\n\n<p><img loading=\"lazy\" decoding=\"async\" width=\"10\" height=\"21\" class=\"wp-image-3656\" style=\"width: 10px;\" src=\"http:\/\/kommentatorenblog.de\/wp-content\/uploads\/2020\/09\/shure-55sh-ii-e1601485394796.jpg\" alt=\"\" srcset=\"https:\/\/kommentatorenblog.de\/wp-content\/uploads\/2020\/09\/shure-55sh-ii-e1601485394796.jpg 415w, https:\/\/kommentatorenblog.de\/wp-content\/uploads\/2020\/09\/shure-55sh-ii-e1601485394796-142x300.jpg 142w\" sizes=\"auto, (max-width: 10px) 100vw, 10px\" \/> Marcus Radefeld<\/p>\n\n\n\n<p><span style=\"text-decoration: underline;\">Donnerstag, 18. Januar<\/span><\/p>\n\n\n\n<p><strong><em>Syrien &#8211; Australien (12.30 Uhr)<\/em><\/strong><\/p>\n\n\n\n<p><img loading=\"lazy\" decoding=\"async\" width=\"10\" height=\"21\" class=\"wp-image-3656\" style=\"width: 10px;\" src=\"http:\/\/kommentatorenblog.de\/wp-content\/uploads\/2020\/09\/shure-55sh-ii-e1601485394796.jpg\" alt=\"\" srcset=\"https:\/\/kommentatorenblog.de\/wp-content\/uploads\/2020\/09\/shure-55sh-ii-e1601485394796.jpg 415w, https:\/\/kommentatorenblog.de\/wp-content\/uploads\/2020\/09\/shure-55sh-ii-e1601485394796-142x300.jpg 142w\" sizes=\"auto, (max-width: 10px) 100vw, 10px\" \/> Ulf Kahmke<\/p>\n\n\n\n<p><strong><em>Indien &#8211; Usbekistan (15.30 Uhr)<\/em><\/strong><\/p>\n\n\n\n<p><img loading=\"lazy\" decoding=\"async\" width=\"10\" height=\"21\" class=\"wp-image-3656\" style=\"width: 10px;\" src=\"http:\/\/kommentatorenblog.de\/wp-content\/uploads\/2020\/09\/shure-55sh-ii-e1601485394796.jpg\" alt=\"\" srcset=\"https:\/\/kommentatorenblog.de\/wp-content\/uploads\/2020\/09\/shure-55sh-ii-e1601485394796.jpg 415w, https:\/\/kommentatorenblog.de\/wp-content\/uploads\/2020\/09\/shure-55sh-ii-e1601485394796-142x300.jpg 142w\" sizes=\"auto, (max-width: 10px) 100vw, 10px\" \/> Henrik Hinrichsen<\/p>\n\n\n\n<hr class=\"wp-block-separator\"\/>\n\n\n\n<p><strong>Die Analyse<\/strong><\/p>\n\n\n\n<p>Bei der Handball-EM steht am Dienstag steht das angesprochene Duell zwischen Frankreich und Deutschland auf dem Programm, es ist das erste Spiel des Turniers, das die ARD im linearen Programm zeigt. Hierf\u00fcr wird die R\u00fcckkehr von Florian Na\u00df erhofft, der seine Eins\u00e4tze am Freitag bei Spanien &#8211; Kroatien und am Samstag in der Bundesliga-Sportschau bei Mainz &#8211; Wolfsburg absagen musste. Mit dem neuen Co-Kommentator Johannes Bitter konnte man ihn bereits in den Vorbereitungsspielen gegen Portugal h\u00f6ren, nun voraussichtlich erstmals im Turnier. Bei Dyn gibt es das schon seit DSF-Zeiten bew\u00e4hrte Duo Markus G\u00f6tz und Stefan Kretzschmar zu h\u00f6ren.<\/p>\n\n\n\n<p>Der europ\u00e4ische Fu\u00dfball bietet in dieser Woche nur recht wenige Spiele. Vom 20. Spieltag der Serie A steht noch ein Spiel aus, Juventus trifft am Dienstag auf Sassuolo, Carsten Fu\u00df kommentiert alleine. Daneben gibt es noch einige Pokalspiele in verschiedenen L\u00e4ndern, wie von FA Cup, Copa del Rey, KNVB-Beker oder dem italienischen Supercup, dessen neuer, hier nicht genannter Name sich angesichts des Sponsors eher nach einem eSports-Turnier anh\u00f6rt. Christoph Stadtler kommentiert das Supercup-Halbfinalspiel zwischen Neapel und Florenz, Karsten Linke das Madrid-Derby im Copa del Rey. Am Donnerstag steht au\u00dferdem noch ein Nachholspiel der Champions League der Frauen an, Slavia Prag trifft auf den SKN St. P\u00f6lten. Das Spiel war nach dem Amoklauf an der Prager Universit\u00e4t am 21. Dezember verschoben worden. Wegen der \u00f6sterreichischen Beteiligung wird es voraussichtlich auch einen deutschen Kommentar geben, allerdings steht noch nicht fest, wer zu h\u00f6ren sein wird. Update: Simon Sterzer \u00fcbernimmt hier.<\/p>\n\n\n\n<p>Beim Afrika- sowie beim Asien-Cup verteilt Sportdigital sein ganzes Personal \u00fcber beide Turniere und sorgt somit f\u00fcr viel Abwechslung. Unter anderem wird Hannes Herrmann bei der Begegnung zwischen Mali und S\u00fcdafrika am Dienstag mal wieder bei Sportdigital zu h\u00f6ren sein.<\/p>\n\n\n\n<p>So, das war es dann erstmal von mir, am Donnerstag meldet sich dann Hannes, bevor am kommenden Wochenende auch die 2. Bundesliga und die 3. Liga wieder aus der Winterpause starten, und es im TV direkt ein Novum geben wird. Wenn die ersten Hauptrunden-Termine der Handball-EM bekannt sind, werde ich diese hier noch erg\u00e4nzen.<\/p>\n\n\n\n<p>Eine sch\u00f6ne Woche und bis bald!<\/p>\n","protected":false},"excerpt":{"rendered":"<p>N&#8217;Abend allerseits, die Handball-EM ist in vollem Gange und die deutsche Nationalmannschaft konnte bislang durch eine starke Performance \u00fcberzeugen und ist schon sicher in der Hauptrunde. Bevor diese beginnt, steht noch ein letzter Tag mit den restlichen Vorrundenspielen an. Als Highlight muss man auch ohne die deutsche Brille das Aufeinandertreffen zwischen Frankreich und Deutschland in [&hellip;]<\/p>\n","protected":false},"author":17,"featured_media":0,"comment_status":"open","ping_status":"open","sticky":false,"template":"","format":"standard","meta":{"footnotes":""},"categories":[429],"tags":[246,920,46,19,131,57,442,171,13,998,441,989,991,99,295,997,104,726,405,1000,994,507,58,59,91,741,996,999,834,503,443,126,118,649,38,581,715,696,444,134,995,992,402,990,1001,37],"class_list":["post-16443","post","type-post","status-publish","format-standard","hentry","category-diverses","tag-alexander-bommes","tag-amelie-stiefvatter","tag-anett-sattler","tag-ard","tag-carsten-fuss","tag-christian-blunck","tag-christoph-hamm","tag-christoph-stadtler","tag-dazn","tag-desiree-krause","tag-dominik-klein","tag-dyn","tag-finn-ole-martins","tag-florian-nass","tag-freddy-harder","tag-hannah-nitsche","tag-hannes-herrmann","tag-henrik-hinrichsen","tag-jakob-vogel","tag-jari-brueggmann","tag-johannes-bitter","tag-jonathan-dreier","tag-joerg-steiger","tag-karsten-linke","tag-karsten-petrzika","tag-lars-ruthemann","tag-lea-rostek","tag-lennart-wilken-johannes","tag-manuel-angstenberger","tag-marcus-radefeld","tag-markus-baur","tag-markus-goetz","tag-markus-herwig","tag-martin-hahn","tag-martin-schneider","tag-marvin-kirsch","tag-moritz-knorr","tag-simon-sterzer","tag-soeren-christophersen","tag-sportdigital-fussball","tag-stefan-kretzschmar","tag-tobias-schimon","tag-ulf-kahmke","tag-vincent-schuster","tag-yorck-polus","tag-zdf"],"_links":{"self":[{"href":"https:\/\/kommentatorenblog.de\/index.php?rest_route=\/wp\/v2\/posts\/16443","targetHints":{"allow":["GET"]}}],"collection":[{"href":"https:\/\/kommentatorenblog.de\/index.php?rest_route=\/wp\/v2\/posts"}],"about":[{"href":"https:\/\/kommentatorenblog.de\/index.php?rest_route=\/wp\/v2\/types\/post"}],"author":[{"embeddable":true,"href":"https:\/\/kommentatorenblog.de\/index.php?rest_route=\/wp\/v2\/users\/17"}],"replies":[{"embeddable":true,"href":"https:\/\/kommentatorenblog.de\/index.php?rest_route=%2Fwp%2Fv2%2Fcomments&post=16443"}],"version-history":[{"count":13,"href":"https:\/\/kommentatorenblog.de\/index.php?rest_route=\/wp\/v2\/posts\/16443\/revisions"}],"predecessor-version":[{"id":16476,"href":"https:\/\/kommentatorenblog.de\/index.php?rest_route=\/wp\/v2\/posts\/16443\/revisions\/16476"}],"wp:attachment":[{"href":"https:\/\/kommentatorenblog.de\/index.php?rest_route=%2Fwp%2Fv2%2Fmedia&parent=16443"}],"wp:term":[{"taxonomy":"category","embeddable":true,"href":"https:\/\/kommentatorenblog.de\/index.php?rest_route=%2Fwp%2Fv2%2Fcategories&post=16443"},{"taxonomy":"post_tag","embeddable":true,"href":"https:\/\/kommentatorenblog.de\/index.php?rest_route=%2Fwp%2Fv2%2Ftags&post=16443"}],"curies":[{"name":"wp","href":"https:\/\/api.w.org\/{rel}","templated":true}]}}