{"id":165,"date":"2019-08-13T08:55:31","date_gmt":"2019-08-13T08:55:31","guid":{"rendered":"http:\/\/kommentatorenblog.de\/?p=165"},"modified":"2020-12-30T16:08:10","modified_gmt":"2020-12-30T16:08:10","slug":"1007-einfach-geil","status":"publish","type":"post","link":"https:\/\/kommentatorenblog.de\/?p=165","title":{"rendered":"1007 &#8211; Einfach geil!"},"content":{"rendered":"\n<p>N\u2019Abend allerseits, <\/p>\n\n\n\n<p>was war das f\u00fcr ein Fu\u00dfballwochenende. \u201eKonferenz, wie Konferenz sein sollte und Pokal, wie Pokal sein sollte\u201c, sagt Frank Buschmann. Ich stimme ihm zu. Die Konferenzen am Samstag und Sonntag haben einfach Bock gemacht. Was ist mir aufgefallen? Holger Pfandt gefiel mir jeden Tag besser &#8211; trotz vier Eins\u00e4tzen in drei Tagen. Martin Weinberger hat leider ein paar Mal bereits auf den Konferenztrenner gesprochen &#8211; Pokaldeb\u00fct trotzdem gegl\u00fcckt. Jonas Friedrich \u00fcberzeugt mit seinen beiden Konferenzeins\u00e4tze auf ganzer Linie. Buschmann finde ich ja eh gut. Fuss setzte am Sonntag gef\u00fchlt die meisten Torrufe seiner Karriere ab. Bayer br\u00fcllt Saarbr\u00fccken in die 2. Runde. Schmiso beim Ausgleichstreffer von Halle zum 3:3 mit dem lautesten Torschrei seiner jungen Reporterkarriere. Einzig Dahlmann hatte Pech mit unspektakul\u00e4ren Partien. Letztes Jahr habe ich mir die Konferenz live in Unterf\u00f6hring angeschaut. Du sp\u00fcrst die Dynamik, wenn Pokal vor der T\u00fcre steht. Alle Pl\u00e4tze sind belegt, gef\u00fchlte 100 Dezibel im Raum und es geht hin und her. Die Pokal-Konferenz ist einfach etwas ganz besonderes! Die \u00dcbertragung bei Sport1 konnte ich leider nicht verfolgen, da ich im Stadion war. <\/p>\n\n\n\n<p>Sonntag Nachmittag, 15.30 &#8211; Bundesligapartie zwischen Augsburg und Freiburg. Puuh, bleibe ich da jetzt dran. Oft hatte ich so bis zum Moment \u00fcberlegt, als Turn und Taxis anfing zu kommentieren. Fritz hat solche Spieler einfach unterhaltsamer gemacht. Die Idee des Comebacks von Turn und Taxis als Co-Kommentator auf einer anderen Leitung bei DAZN zusammen mit Uli Hebel erscheint mir nicht ganz plausibel. Insbesondere, weil das Spiel auch mit einer Top-Aufstellung von ZDF im Free-TV zu sehen ist. Ich h\u00e4tte mir so etwas vielleicht w\u00e4hrend der Saison bei einem ordentlichen Freitags- oder Montagsspiel gew\u00fcnscht. Aufmerksamkeit bringt der &#8222;Legenden-Kommentar&#8220; definitiv. Meinungen dazu gerne in die Kommentare!<\/p>\n\n\n\n<p><strong><em>Die Ansetzungen vom 13. August 2019 bis zum 15. August 2019<\/em><\/strong><\/p>\n\n\n\n<p><strong>UEFA Supercup<\/strong><\/p>\n\n\n\n<p><span style=\"text-decoration: underline;\">Mittwoch, 14.08.2019, ab 20.45 Uhr (Sky\/DAZN)<\/span><\/p>\n\n\n\n<p><strong><em>FC Liverpool &#8211; FC Chelsea (21.00 Uhr)<\/em><\/strong><\/p>\n\n\n\n<p>Sky: Roland Evers <\/p>\n\n\n\n<p>DAZN: Daniel Herzog (Moderation), Marco Hagemann (Kommentar), Ralph Gunesch (Experte) <\/p>\n\n\n\n<p><span style=\"text-decoration: underline;\">Donnerstag, 15. August 2019 ab 20.00 Uhr (Nitro)<\/span><\/p>\n\n\n\n<p><strong><em>Europa League Qualifikation \u2013 3. Runde, R\u00fcckspiel<\/em><\/strong><\/p>\n\n\n\n<p><strong><em>Eintracht Frankfurt<\/em><\/strong> <strong><em> &#8211; FC Vaduz (20.30 Uhr)<\/em><\/strong><\/p>\n\n\n\n<p>Nitro: Marco Hagemann<br><br>Moderation (Nitro): Laura Wontorra<\/p>\n\n\n\n<p><strong>Carabao Cup<\/strong><\/p>\n\n\n\n<p><span style=\"text-decoration: underline;\">Dienstag, 13.08.2019, ab 20.45 Uhr (DAZN)<\/span><\/p>\n\n\n\n<p><strong><em>Salford City &#8211; Leeds United<\/em><\/strong> <strong><em>(20.45 Uhr)<\/em><\/strong><\/p>\n\n\n\n<p>DAZN: Uli Hebel (Kommentar), Michi Hofmann (Co-Kommentar)<\/p>\n\n\n\n<p><strong><em>Scunthorpe United &#8211; Derby County<\/em><\/strong><strong><em>(20.45 Uhr)<\/em><\/strong> <\/p>\n\n\n\n<p>DAZN: Max Gross<\/p>\n\n\n\n<p><\/p>\n\n\n\n<p><strong>Die Analyse<\/strong><\/p>\n\n\n\n<p>Dauerabonnent Jonas Friedrich &#8222;verliert&#8220; den UEFA-Supercup. Roland Evers \u00fcbernimmt f\u00fcr Sky am Mittwoch. Mehr Mannst\u00e4rke gibt\u00b4s bei DAZN. Gunesch wird mir mittlerweile fast ein bisschen zu viel eingesetzt. 7<\/p>\n\n\n\n<p>Bei Nitro setzten wir auf die \u00fcblichen Verd\u00e4chtigen. Steffen Freund und Roman Weidenfeller sind wohl noch zu teuer f\u00fcr &#8222;derartige&#8220; Spiele. <\/p>\n\n\n\n<p>Ich habe noch die Ansetzungen f\u00fcr den Carabao Cup aufgelistet, weil auff\u00e4llt, dass hier bei DAZN auf deutschen Kommentar gesetzt wird. Durch den Wegfall der Premier League ergeben sich einige offene Schichten. Uli Hebel, zuletzt noch f\u00fcr ein Feature in Salford, kommentiert die Partie heute live aus der Box. Apropos Premier League: Sky\u00b4s erstes Wochenende hat mir gut gefallen, auch wenn ich \u00fcberall nur reingezappt habe. Jogi Hebel f\u00fcr mich eines der Gesichter der Zukunft und Hannes Herrmann, den ich vorher noch nicht geh\u00f6rt habe, \u00fcberzeugt auch. Die Idee mit dem match of the week ist ausbauf\u00e4hig, aber das Potenzial erkennbar. <\/p>\n\n\n\n<p>Sch\u00f6ne Restwoche!<\/p>\n","protected":false},"excerpt":{"rendered":"<p>N\u2019Abend allerseits, was war das f\u00fcr ein Fu\u00dfballwochenende. \u201eKonferenz, wie Konferenz sein sollte und Pokal, wie Pokal sein sollte\u201c, sagt Frank Buschmann. Ich stimme ihm zu. Die Konferenzen am Samstag und Sonntag haben einfach Bock gemacht. Was ist mir aufgefallen? Holger Pfandt gefiel mir jeden Tag besser &#8211; trotz vier Eins\u00e4tzen in drei Tagen. Martin [&hellip;]<\/p>\n","protected":false},"author":3,"featured_media":0,"comment_status":"open","ping_status":"open","sticky":false,"template":"","format":"standard","meta":{"footnotes":""},"categories":[429],"tags":[62,13,65,42,89,61,103,69,26,44,43,41,108,22,85,106,105,107],"class_list":["post-165","post","type-post","status-publish","format-standard","hentry","category-diverses","tag-carabao-cup","tag-dazn","tag-dfb-pokal","tag-europa-league","tag-florian-schmidt-sommerfeld","tag-frank-buschmann","tag-jogi-hebel","tag-jonas-friedrich","tag-joerg-dahlmann","tag-laura-wontorra","tag-marco-hagemann","tag-nitro","tag-ralph-gunesch","tag-sky","tag-tom-bayer","tag-uefa-supercup","tag-uli-hebel","tag-wolff-fuss"],"_links":{"self":[{"href":"https:\/\/kommentatorenblog.de\/index.php?rest_route=\/wp\/v2\/posts\/165","targetHints":{"allow":["GET"]}}],"collection":[{"href":"https:\/\/kommentatorenblog.de\/index.php?rest_route=\/wp\/v2\/posts"}],"about":[{"href":"https:\/\/kommentatorenblog.de\/index.php?rest_route=\/wp\/v2\/types\/post"}],"author":[{"embeddable":true,"href":"https:\/\/kommentatorenblog.de\/index.php?rest_route=\/wp\/v2\/users\/3"}],"replies":[{"embeddable":true,"href":"https:\/\/kommentatorenblog.de\/index.php?rest_route=%2Fwp%2Fv2%2Fcomments&post=165"}],"version-history":[{"count":10,"href":"https:\/\/kommentatorenblog.de\/index.php?rest_route=\/wp\/v2\/posts\/165\/revisions"}],"predecessor-version":[{"id":175,"href":"https:\/\/kommentatorenblog.de\/index.php?rest_route=\/wp\/v2\/posts\/165\/revisions\/175"}],"wp:attachment":[{"href":"https:\/\/kommentatorenblog.de\/index.php?rest_route=%2Fwp%2Fv2%2Fmedia&parent=165"}],"wp:term":[{"taxonomy":"category","embeddable":true,"href":"https:\/\/kommentatorenblog.de\/index.php?rest_route=%2Fwp%2Fv2%2Fcategories&post=165"},{"taxonomy":"post_tag","embeddable":true,"href":"https:\/\/kommentatorenblog.de\/index.php?rest_route=%2Fwp%2Fv2%2Ftags&post=165"}],"curies":[{"name":"wp","href":"https:\/\/api.w.org\/{rel}","templated":true}]}}