{"id":16513,"date":"2024-01-29T19:51:32","date_gmt":"2024-01-29T18:51:32","guid":{"rendered":"https:\/\/kommentatorenblog.de\/?p=16513"},"modified":"2024-01-30T20:42:42","modified_gmt":"2024-01-30T19:42:42","slug":"1398-vor-der-em-ist-nach-der-em","status":"publish","type":"post","link":"https:\/\/kommentatorenblog.de\/?p=16513","title":{"rendered":"1398 &#8211; Vor der EM ist nach der EM"},"content":{"rendered":"\n<p>Hallo zusammen,<\/p>\n\n\n\n<p>die Heim- EM im Handball ist seit Sonntag nun Geschichte, tolle Spiele, volle Hallen, einen Weltrekord beim Auftaktspiel, starke TV- Quoten, eine tolle, k\u00e4mpfende deutsche Mannschaft, die es leider nicht ins Finale schaffte.<\/p>\n\n\n\n<p>Nach der Heim- EM geht der Blick nun mal nat\u00fcrlich zur n\u00e4chsten Heim- EM, die im Sommer ansteht, der Fu\u00dfball- Europameisterschaft. Dabei schwingt nat\u00fcrlich auch die Hoffnung nach einem Sommerm\u00e4rchen 2.0 mit, nat\u00fcrlich sportlich aber auch menschlich und gesellschaftlich. Gemeinsam das Bild eines weltoffenen, freundlichen Deutschland, tolle Fu\u00dfballspiele und eine Feier mit Menschen aus aller Welt, das w\u00e4re w\u00fcnschenswert.<\/p>\n\n\n\n<p><strong>TV- Teams der Euro<\/strong><\/p>\n\n\n\n<p>Heute m\u00f6chte ich mal ein bisschen spekulieren, wer w\u00e4hrend der Euro bei ARD und ZDF zu sehen sein k\u00f6nnte. Zur Erinnerung: ARD und ZDF zeigen 34 Spiele, RTL 12 und alle Spiele sind bei Magenta Sport zu sehen.<\/p>\n\n\n\n<p>Auf der Kommentatoren- Position halte ich es f\u00fcr wahrscheinlich, dass es hier drei Personen eingesetzt werden. Bei der ARD gilt Tom Bartels als gesetzt, dazu sind nat\u00fcrlich Gerd Gottlob und Florian Na\u00df sehr aussichtsreiche Kandidaten. Ebenfalls m\u00f6glich w\u00e4ren aber auch Christina Graf, die bei der M\u00e4nner- WM 2022 kommentiert hat, oder Stephanie Baczyk, die urspr\u00fcnglich f\u00fcr eben jene WM vorgesehen war, wegen Schwangerschaft\/ Mutterschutz aber absagen musste.<\/p>\n\n\n\n<p>Florian Na\u00df kommentierte in den vergangenen Jahren auch die Tour de France im Ersten, wie 2021 wird es auch diesmal \u00dcberschneidungen mit der EM geben, allerdings war zu Jahresbeginn noch unklar, in welcher Form die ARD die Tour \u00fcbertragen k\u00f6nnte. Ansonsten k\u00f6nnte Na\u00df mit Blick auf die enge Taktung von Tour de France, Olympia und Tour de France femmes (falls von der ARD \u00fcbertragen) auch bei der EM fehlen.<\/p>\n\n\n\n<p>Beim ZDF d\u00fcrfte es auf der Kommentatoren- Position sehr wahrscheinlich auf das Trio Schmidt\/ Neumann\/ Schneider herauslaufen, die in der Vergangenheit die Fu\u00dfball- Gro\u00dfereignis begleiteten. Im Vergleich zur Euro 2021 wird Bela Rehty fehlen, der mittlerweile im Ruhestand ist.<\/p>\n\n\n\n<p>Ein gemeinsames Moderationsstudio wird es dieses Jahr wohl nicht bei ARD und ZDF geben, allerdings b\u00f6te ein Heim- Turnier und maximal zwei Spiele pro Spieltag auch immer eine Moderation aus dem Stadion an. Bommes und Sedlaczek d\u00fcrften diese Aufgabe wohl im Ersten \u00fcbernehmen, im Zweiten sollte Breyer gesetzt sein, daneben kommt M\u00fcller- Hohenstein in Frage. M\u00f6glich w\u00e4re aber nat\u00fcrlich Sven Voss, der sich ansonsten wohl aus dem DFB- Quartier melden k\u00f6nnte, selbiges d\u00fcrfte f\u00fcr Lea Wagner in der ARD gelten.<\/p>\n\n\n\n<p><strong>M\u00f6gliche Experten<\/strong><\/p>\n\n\n\n<p>Ein Experte im Ersten wird ziemlich sicher Bastian Schweinsteiger sein, der sich (im Duo mit Sedlaczek?) wieder um das &#8222;Topspiel des Tages&#8220; k\u00fcmmern d\u00fcrfte. Dass Almuth Schult erneut im Rahmen einer Euro als Expertin fungieren wird, w\u00e4re zudem auch keine \u00dcberraschung, ist sie mittlerweile feste Expertin bei den Frauen lies man damals auch gleich mitteilen, dass Schult &#8222;au\u00dferdem das Team bei den Sendungen zu Fu\u00dfball-Livespielen der M\u00e4nner verst\u00e4rken&#8220;, werde. Auch weitere Experten der WM 2022 wie Broich, Hitzlsperger und Khedira k\u00f6nnten dazu zum Kandidatenkreis geh\u00f6ren.<\/p>\n\n\n\n<p>Beim ZDF hatten Per Mertesacker und Christoph Kramer ihre Vertr\u00e4ge bis 2024 verl\u00e4ngert, urspr\u00fcnglich war zudem auch Sandro Wagner mal vorgesehen, bevor er Co- Trainer beim DFB wurde. Von vielen Medien wurde anschlie\u00dfend Ren\u00e9 Adler als Nachfolger spekuliert. Offen scheint aktuell auch noch, wie es beim ZDF und Martina Voss- Tecklenburg weitergehen wird, laut Programmvorschau ist mal f\u00fcr die CL- Highlights am 14.02 vorgesehen.<\/p>\n\n\n\n<p>Wie seht ihr es? Welche Teams erwartet ihr bei ARD und ZDF?<\/p>\n\n\n\n<hr class=\"wp-block-separator is-style-default\"\/>\n\n\n\n<p><strong>Ansetzungen vom 30. Januar 2024 bis zum 01. Februar 2024:<\/strong> <\/p>\n\n\n\n<hr class=\"wp-block-separator is-style-default\"\/>\n\n\n\n<p><strong>DFB- Pokal der Herren, Viertelfinale (Sky\/ZDF)<\/strong><\/p>\n\n\n\n<p><span style=\"text-decoration: underline;\"><span style=\"text-decoration: underline;\">Dienstag, 30. Januar 2024, ab 20.15 Uhr<\/span> (ZDF\/Sky)<\/span><\/p>\n\n\n\n<p><em><strong>St Pauli \u2013 Fortuna D\u00fcsseldorf (20.45 Uhr)<\/strong><\/em><br><img loading=\"lazy\" decoding=\"async\" width=\"10\" height=\"21\" class=\"wp-image-3656\" style=\"width: 10px;\" src=\"http:\/\/kommentatorenblog.de\/wp-content\/uploads\/2020\/09\/shure-55sh-ii-e1601485394796.jpg\" alt=\"\" srcset=\"https:\/\/kommentatorenblog.de\/wp-content\/uploads\/2020\/09\/shure-55sh-ii-e1601485394796.jpg 415w, https:\/\/kommentatorenblog.de\/wp-content\/uploads\/2020\/09\/shure-55sh-ii-e1601485394796-142x300.jpg 142w\" sizes=\"auto, (max-width: 10px) 100vw, 10px\" \/> <em>ZDF<\/em>: Martin Schneider<\/p>\n\n\n\n<p>Moderation (ZDF): Jochen Breyer, Experte: Hanno Balitsch, Field- Reporter\/in: Nils Kaben Johanna R\u00fcdiger<\/p>\n\n\n\n<p><img loading=\"lazy\" decoding=\"async\" width=\"10\" height=\"21\" class=\"wp-image-3656\" style=\"width: 10px;\" src=\"http:\/\/kommentatorenblog.de\/wp-content\/uploads\/2020\/09\/shure-55sh-ii-e1601485394796.jpg\" alt=\"\" srcset=\"https:\/\/kommentatorenblog.de\/wp-content\/uploads\/2020\/09\/shure-55sh-ii-e1601485394796.jpg 415w, https:\/\/kommentatorenblog.de\/wp-content\/uploads\/2020\/09\/shure-55sh-ii-e1601485394796-142x300.jpg 142w\" sizes=\"auto, (max-width: 10px) 100vw, 10px\" \/> <em>Sky<\/em>: Wolff Fuss<\/p>\n\n\n\n<p>Moderation (Sky): Patrick Wasserziehr, Field- Reporter: Martin Gro\u00df <\/p>\n\n\n\n<p><span style=\"text-decoration: underline;\"><span style=\"text-decoration: underline;\">Mittwoch, 31. Januar 2024, ab 20.15 Uhr<\/span> (Sky)<\/span><\/p>\n\n\n\n<p><em><strong>Hertha BSC \u2013 1.FC Kaiserslautern (20.45 Uhr)<\/strong><\/em><br><img loading=\"lazy\" decoding=\"async\" width=\"10\" height=\"21\" class=\"wp-image-3656\" style=\"width: 10px;\" src=\"http:\/\/kommentatorenblog.de\/wp-content\/uploads\/2020\/09\/shure-55sh-ii-e1601485394796.jpg\" alt=\"\" srcset=\"https:\/\/kommentatorenblog.de\/wp-content\/uploads\/2020\/09\/shure-55sh-ii-e1601485394796.jpg 415w, https:\/\/kommentatorenblog.de\/wp-content\/uploads\/2020\/09\/shure-55sh-ii-e1601485394796-142x300.jpg 142w\" sizes=\"auto, (max-width: 10px) 100vw, 10px\" \/> Martin Gro\u00df<\/p>\n\n\n\n<p>Moderation: Yannick Erkenbrecher, Field- Reporter Patrick Wasserziehr<\/p>\n\n\n\n<p><strong>Champions League der Frauen, Gruppenphase, 6. Spieltag (DAZN [kostenlos])<\/strong><\/p>\n\n\n\n<p><span style=\"text-decoration: underline;\">Dienstag, 30. Januar 2024, ab 21.00 Uhr (DAZN)<\/span><\/p>\n\n\n\n<p><em><strong>FC Bayern M\u00fcnchen \u2013 Paris Saint- Germain (21.00 Uhr)<\/strong><\/em><br><img loading=\"lazy\" decoding=\"async\" width=\"10\" height=\"21\" class=\"wp-image-3656\" style=\"width: 10px;\" src=\"http:\/\/kommentatorenblog.de\/wp-content\/uploads\/2020\/09\/shure-55sh-ii-e1601485394796.jpg\" alt=\"\" srcset=\"https:\/\/kommentatorenblog.de\/wp-content\/uploads\/2020\/09\/shure-55sh-ii-e1601485394796.jpg 415w, https:\/\/kommentatorenblog.de\/wp-content\/uploads\/2020\/09\/shure-55sh-ii-e1601485394796-142x300.jpg 142w\" sizes=\"auto, (max-width: 10px) 100vw, 10px\" \/> &nbsp;Guido H\u00fcsgen, Expertin: Carmen H\u00f6fflin<\/p>\n\n\n\n<p><span style=\"text-decoration: underline;\">Mittwoch, 31. Januar 2024, ab 18.45 Uhr (DAZN)<\/span><\/p>\n\n\n\n<p><em><strong>Bergen \u2013 <em><strong>SKN St. P\u00f6lten<\/strong><\/em> (18.45 Uhr)<\/strong><\/em><br><img loading=\"lazy\" decoding=\"async\" width=\"10\" height=\"21\" class=\"wp-image-3656\" style=\"width: 10px;\" src=\"http:\/\/kommentatorenblog.de\/wp-content\/uploads\/2020\/09\/shure-55sh-ii-e1601485394796.jpg\" alt=\"\" srcset=\"https:\/\/kommentatorenblog.de\/wp-content\/uploads\/2020\/09\/shure-55sh-ii-e1601485394796.jpg 415w, https:\/\/kommentatorenblog.de\/wp-content\/uploads\/2020\/09\/shure-55sh-ii-e1601485394796-142x300.jpg 142w\" sizes=\"auto, (max-width: 10px) 100vw, 10px\" \/> Nico Seepe<\/p>\n\n\n\n<p><em><strong><em><strong>Eintracht Frankfurt<\/strong><\/em> \u2013 FC Rosengard (21.00 Uhr)<\/strong><\/em><br><img loading=\"lazy\" decoding=\"async\" width=\"10\" height=\"21\" class=\"wp-image-3656\" style=\"width: 10px;\" src=\"http:\/\/kommentatorenblog.de\/wp-content\/uploads\/2020\/09\/shure-55sh-ii-e1601485394796.jpg\" alt=\"\" srcset=\"https:\/\/kommentatorenblog.de\/wp-content\/uploads\/2020\/09\/shure-55sh-ii-e1601485394796.jpg 415w, https:\/\/kommentatorenblog.de\/wp-content\/uploads\/2020\/09\/shure-55sh-ii-e1601485394796-142x300.jpg 142w\" sizes=\"auto, (max-width: 10px) 100vw, 10px\" \/> Oliver Fa\u00dfnacht, Expertin: Turid Knaak<\/p>\n\n\n\n<p><strong>Premier League, 22. Spieltag (Sky)<\/strong><\/p>\n\n\n\n<p><span style=\"text-decoration: underline;\">Dienstag, 30. Januar 2024, ab 20.20 Uhr (Sky\/RTL+)<\/span><\/p>\n\n\n\n<p><em><strong>Nottingham Forest \u2013 FC Arsenal (20.30 Uhr)<\/strong><\/em><br><img loading=\"lazy\" decoding=\"async\" width=\"10\" height=\"21\" class=\"wp-image-3656\" style=\"width: 10px;\" src=\"http:\/\/kommentatorenblog.de\/wp-content\/uploads\/2020\/09\/shure-55sh-ii-e1601485394796.jpg\" alt=\"\" srcset=\"https:\/\/kommentatorenblog.de\/wp-content\/uploads\/2020\/09\/shure-55sh-ii-e1601485394796.jpg 415w, https:\/\/kommentatorenblog.de\/wp-content\/uploads\/2020\/09\/shure-55sh-ii-e1601485394796-142x300.jpg 142w\" sizes=\"auto, (max-width: 10px) 100vw, 10px\" \/>  Joachim Hebel<\/p>\n\n\n\n<p><span style=\"text-decoration: underline;\">ab 20.35 Uhr<\/span><\/p>\n\n\n\n<p><em><strong>FC Fulham \u2013 FC Everton (20.45 Uhr)<\/strong><\/em><br><img loading=\"lazy\" decoding=\"async\" width=\"10\" height=\"21\" class=\"wp-image-3656\" style=\"width: 10px;\" src=\"http:\/\/kommentatorenblog.de\/wp-content\/uploads\/2020\/09\/shure-55sh-ii-e1601485394796.jpg\" alt=\"\" srcset=\"https:\/\/kommentatorenblog.de\/wp-content\/uploads\/2020\/09\/shure-55sh-ii-e1601485394796.jpg 415w, https:\/\/kommentatorenblog.de\/wp-content\/uploads\/2020\/09\/shure-55sh-ii-e1601485394796-142x300.jpg 142w\" sizes=\"auto, (max-width: 10px) 100vw, 10px\" \/> Uli Hebel<\/p>\n\n\n\n<p><em><strong>Luton Town \u2013 Brighton &amp; Hove Albion (20.45 Uhr)<\/strong><\/em><br><img loading=\"lazy\" decoding=\"async\" width=\"10\" height=\"21\" class=\"wp-image-3656\" style=\"width: 10px;\" src=\"http:\/\/kommentatorenblog.de\/wp-content\/uploads\/2020\/09\/shure-55sh-ii-e1601485394796.jpg\" alt=\"\" srcset=\"https:\/\/kommentatorenblog.de\/wp-content\/uploads\/2020\/09\/shure-55sh-ii-e1601485394796.jpg 415w, https:\/\/kommentatorenblog.de\/wp-content\/uploads\/2020\/09\/shure-55sh-ii-e1601485394796-142x300.jpg 142w\" sizes=\"auto, (max-width: 10px) 100vw, 10px\" \/> Philipp Langosz<\/p>\n\n\n\n<p><span style=\"text-decoration: underline;\">ab 20.50 Uhr<\/span><\/p>\n\n\n\n<p><em><strong>Crystal Palace \u2013 Sheffield United (21.00 Uhr)<\/strong><\/em><br><img loading=\"lazy\" decoding=\"async\" width=\"10\" height=\"21\" class=\"wp-image-3656\" style=\"width: 10px;\" src=\"http:\/\/kommentatorenblog.de\/wp-content\/uploads\/2020\/09\/shure-55sh-ii-e1601485394796.jpg\" alt=\"\" srcset=\"https:\/\/kommentatorenblog.de\/wp-content\/uploads\/2020\/09\/shure-55sh-ii-e1601485394796.jpg 415w, https:\/\/kommentatorenblog.de\/wp-content\/uploads\/2020\/09\/shure-55sh-ii-e1601485394796-142x300.jpg 142w\" sizes=\"auto, (max-width: 10px) 100vw, 10px\" \/> Markus Gaupp<\/p>\n\n\n\n<p><span style=\"text-decoration: underline;\">ab 21.10 Uhr<\/span><\/p>\n\n\n\n<p><em><strong>Aston Villa \u2013 Newcastle United (21.15 Uhr)<\/strong><\/em><\/p>\n\n\n\n<p><img loading=\"lazy\" decoding=\"async\" width=\"10\" height=\"21\" class=\"wp-image-3656\" style=\"width: 10px;\" src=\"http:\/\/kommentatorenblog.de\/wp-content\/uploads\/2020\/09\/shure-55sh-ii-e1601485394796.jpg\" alt=\"\" srcset=\"https:\/\/kommentatorenblog.de\/wp-content\/uploads\/2020\/09\/shure-55sh-ii-e1601485394796.jpg 415w, https:\/\/kommentatorenblog.de\/wp-content\/uploads\/2020\/09\/shure-55sh-ii-e1601485394796-142x300.jpg 142w\" sizes=\"auto, (max-width: 10px) 100vw, 10px\" \/> Hannes Herrmann<\/p>\n\n\n\n<p><span style=\"text-decoration: underline;\">Mittwoch, 31. Januar 2024, ab 20.20 Uhr<\/span><\/p>\n\n\n\n<p><em><strong>Manchester City \u2013 FC Burnley (20.30 Uhr)<\/strong><\/em><br><img loading=\"lazy\" decoding=\"async\" width=\"10\" height=\"21\" class=\"wp-image-3656\" style=\"width: 10px;\" src=\"http:\/\/kommentatorenblog.de\/wp-content\/uploads\/2020\/09\/shure-55sh-ii-e1601485394796.jpg\" alt=\"\" srcset=\"https:\/\/kommentatorenblog.de\/wp-content\/uploads\/2020\/09\/shure-55sh-ii-e1601485394796.jpg 415w, https:\/\/kommentatorenblog.de\/wp-content\/uploads\/2020\/09\/shure-55sh-ii-e1601485394796-142x300.jpg 142w\" sizes=\"auto, (max-width: 10px) 100vw, 10px\" \/>  Hannes Herrmann<\/p>\n\n\n\n<p><em><strong>Tottenham Hotspur \u2013 FC Brentford (20.30 Uhr)<\/strong><\/em><br><img loading=\"lazy\" decoding=\"async\" width=\"10\" height=\"21\" class=\"wp-image-3656\" style=\"width: 10px;\" src=\"http:\/\/kommentatorenblog.de\/wp-content\/uploads\/2020\/09\/shure-55sh-ii-e1601485394796.jpg\" alt=\"\" srcset=\"https:\/\/kommentatorenblog.de\/wp-content\/uploads\/2020\/09\/shure-55sh-ii-e1601485394796.jpg 415w, https:\/\/kommentatorenblog.de\/wp-content\/uploads\/2020\/09\/shure-55sh-ii-e1601485394796-142x300.jpg 142w\" sizes=\"auto, (max-width: 10px) 100vw, 10px\" \/>&nbsp;Sven Schr\u00f6ter<\/p>\n\n\n\n<p><span style=\"text-decoration: underline;\">ab 20.45 Uhr<\/span><\/p>\n\n\n\n<p><em><strong>FC Liverpool \u2013 FC Chelsea (21.15 Uhr)<\/strong><\/em><br><img loading=\"lazy\" decoding=\"async\" width=\"10\" height=\"21\" class=\"wp-image-3656\" style=\"width: 10px;\" src=\"http:\/\/kommentatorenblog.de\/wp-content\/uploads\/2020\/09\/shure-55sh-ii-e1601485394796.jpg\" alt=\"\" srcset=\"https:\/\/kommentatorenblog.de\/wp-content\/uploads\/2020\/09\/shure-55sh-ii-e1601485394796.jpg 415w, https:\/\/kommentatorenblog.de\/wp-content\/uploads\/2020\/09\/shure-55sh-ii-e1601485394796-142x300.jpg 142w\" sizes=\"auto, (max-width: 10px) 100vw, 10px\" \/> Florian Schmidt- Sommerfeld, Experte: Ren\u00e9 Adler, Field- Reporter: Raphael Honigstein<\/p>\n\n\n\n<p><span style=\"text-decoration: underline;\"><span style=\"text-decoration: underline;\">Donnerstag, 01. Februar 2024, ab 20.20 Uhr<\/span><\/span><\/p>\n\n\n\n<p><em><strong>West Ham United \u2013 AFC Bournemouth (20.30 Uhr)<\/strong><\/em><br><img loading=\"lazy\" decoding=\"async\" width=\"10\" height=\"21\" class=\"wp-image-3656\" style=\"width: 10px;\" src=\"http:\/\/kommentatorenblog.de\/wp-content\/uploads\/2020\/09\/shure-55sh-ii-e1601485394796.jpg\" alt=\"\" srcset=\"https:\/\/kommentatorenblog.de\/wp-content\/uploads\/2020\/09\/shure-55sh-ii-e1601485394796.jpg 415w, https:\/\/kommentatorenblog.de\/wp-content\/uploads\/2020\/09\/shure-55sh-ii-e1601485394796-142x300.jpg 142w\" sizes=\"auto, (max-width: 10px) 100vw, 10px\" \/> Hannes Herrmann<\/p>\n\n\n\n<p><span style=\"text-decoration: underline;\">ab 21.10 Uhr<\/span><\/p>\n\n\n\n<p><em><strong><em><strong>Wolverhampton Wanderers \u2013 Manchester United<\/strong><\/em> (21.15 Uhr)<\/strong><\/em><\/p>\n\n\n\n<p><img loading=\"lazy\" decoding=\"async\" width=\"10\" height=\"21\" class=\"wp-image-3656\" style=\"width: 10px;\" src=\"http:\/\/kommentatorenblog.de\/wp-content\/uploads\/2020\/09\/shure-55sh-ii-e1601485394796.jpg\" alt=\"\" srcset=\"https:\/\/kommentatorenblog.de\/wp-content\/uploads\/2020\/09\/shure-55sh-ii-e1601485394796.jpg 415w, https:\/\/kommentatorenblog.de\/wp-content\/uploads\/2020\/09\/shure-55sh-ii-e1601485394796-142x300.jpg 142w\" sizes=\"auto, (max-width: 10px) 100vw, 10px\" \/> Joachim Hebel<\/p>\n\n\n\n<p><strong>Primera Division, 20.Spieltag (DAZN)<\/strong><\/p>\n\n\n\n<p><span style=\"text-decoration: underline;\"><span style=\"text-decoration: underline;\">Mittwoch, 31. Januar 2024<\/span><\/span><\/p>\n\n\n\n<p><em><strong>FC Barcelona &#8211; Osasuna (19.00 Uhr)<\/strong><\/em><br><img loading=\"lazy\" decoding=\"async\" width=\"10\" height=\"21\" class=\"wp-image-3656\" style=\"width: 10px;\" src=\"http:\/\/kommentatorenblog.de\/wp-content\/uploads\/2020\/09\/shure-55sh-ii-e1601485394796.jpg\" alt=\"\" srcset=\"https:\/\/kommentatorenblog.de\/wp-content\/uploads\/2020\/09\/shure-55sh-ii-e1601485394796.jpg 415w, https:\/\/kommentatorenblog.de\/wp-content\/uploads\/2020\/09\/shure-55sh-ii-e1601485394796-142x300.jpg 142w\" sizes=\"auto, (max-width: 10px) 100vw, 10px\" \/> Freddie Schulz<\/p>\n\n\n\n<p><em><strong>Atletico Madrid &#8211; Vallecano<\/strong><\/em> <em><strong>(21.00 Uhr)<\/strong><\/em><br><img loading=\"lazy\" decoding=\"async\" width=\"10\" height=\"21\" class=\"wp-image-3656\" style=\"width: 10px;\" src=\"http:\/\/kommentatorenblog.de\/wp-content\/uploads\/2020\/09\/shure-55sh-ii-e1601485394796.jpg\" alt=\"\" srcset=\"https:\/\/kommentatorenblog.de\/wp-content\/uploads\/2020\/09\/shure-55sh-ii-e1601485394796.jpg 415w, https:\/\/kommentatorenblog.de\/wp-content\/uploads\/2020\/09\/shure-55sh-ii-e1601485394796-142x300.jpg 142w\" sizes=\"auto, (max-width: 10px) 100vw, 10px\" \/> Marcel Seufert<\/p>\n\n\n\n<p><span style=\"text-decoration: underline;\">Donnerstag, 01. Februar 2024<\/span><\/p>\n\n\n\n<p><em><strong>Getafe &#8211; Real Madrid (21.00 Uhr)<\/strong><\/em><br><img loading=\"lazy\" decoding=\"async\" width=\"10\" height=\"21\" class=\"wp-image-3656\" style=\"width: 10px;\" src=\"http:\/\/kommentatorenblog.de\/wp-content\/uploads\/2020\/09\/shure-55sh-ii-e1601485394796.jpg\" alt=\"\" srcset=\"https:\/\/kommentatorenblog.de\/wp-content\/uploads\/2020\/09\/shure-55sh-ii-e1601485394796.jpg 415w, https:\/\/kommentatorenblog.de\/wp-content\/uploads\/2020\/09\/shure-55sh-ii-e1601485394796-142x300.jpg 142w\" sizes=\"auto, (max-width: 10px) 100vw, 10px\" \/> Julian Engelhard<\/p>\n\n\n\n<p><strong>Afrika Cup (Achtelfinale) (Sportdigital)<\/strong><\/p>\n\n\n\n<p><span style=\"text-decoration: underline;\">Dienstag, 30. Januar 2024<\/span><\/p>\n\n\n\n<p><em><strong>Mali &#8211; Burkina Faso (18.00 Uhr)<\/strong><\/em><br><img loading=\"lazy\" decoding=\"async\" width=\"10\" height=\"21\" class=\"wp-image-3656\" style=\"width: 10px;\" src=\"http:\/\/kommentatorenblog.de\/wp-content\/uploads\/2020\/09\/shure-55sh-ii-e1601485394796.jpg\" alt=\"\" srcset=\"https:\/\/kommentatorenblog.de\/wp-content\/uploads\/2020\/09\/shure-55sh-ii-e1601485394796.jpg 415w, https:\/\/kommentatorenblog.de\/wp-content\/uploads\/2020\/09\/shure-55sh-ii-e1601485394796-142x300.jpg 142w\" sizes=\"auto, (max-width: 10px) 100vw, 10px\" \/>&nbsp;Ulf Kahmke<\/p>\n\n\n\n<p><em><strong>Marokko &#8211; S\u00fcdafrika (21.00 Uhr)<\/strong><\/em><br><img loading=\"lazy\" decoding=\"async\" width=\"10\" height=\"21\" class=\"wp-image-3656\" style=\"width: 10px;\" src=\"http:\/\/kommentatorenblog.de\/wp-content\/uploads\/2020\/09\/shure-55sh-ii-e1601485394796.jpg\" alt=\"\" srcset=\"https:\/\/kommentatorenblog.de\/wp-content\/uploads\/2020\/09\/shure-55sh-ii-e1601485394796.jpg 415w, https:\/\/kommentatorenblog.de\/wp-content\/uploads\/2020\/09\/shure-55sh-ii-e1601485394796-142x300.jpg 142w\" sizes=\"auto, (max-width: 10px) 100vw, 10px\" \/> J\u00f6rg Steiger<\/p>\n\n\n\n<p><strong>AFC Asian Cup (Achtelfinale) (Sportdigital\/Sportdigital 2)<\/strong><\/p>\n\n\n\n<p><span style=\"text-decoration: underline;\"><span style=\"text-decoration: underline;\"><span style=\"text-decoration: underline;\"><span style=\"text-decoration: underline;\">Dienstag, 30. Januar 2024<\/span><\/span><\/span><\/span><\/p>\n\n\n\n<p><em><strong>Usbekistan &#8211; Thailand (12.30 Uhr)<\/strong><\/em><br><img loading=\"lazy\" decoding=\"async\" width=\"10\" height=\"21\" class=\"wp-image-3656\" style=\"width: 10px;\" src=\"http:\/\/kommentatorenblog.de\/wp-content\/uploads\/2020\/09\/shure-55sh-ii-e1601485394796.jpg\" alt=\"\" srcset=\"https:\/\/kommentatorenblog.de\/wp-content\/uploads\/2020\/09\/shure-55sh-ii-e1601485394796.jpg 415w, https:\/\/kommentatorenblog.de\/wp-content\/uploads\/2020\/09\/shure-55sh-ii-e1601485394796-142x300.jpg 142w\" sizes=\"auto, (max-width: 10px) 100vw, 10px\" \/> J\u00f6rg Steiger<\/p>\n\n\n\n<p><span style=\"text-decoration: underline;\"><span style=\"text-decoration: underline;\"><span style=\"text-decoration: underline;\"><span style=\"text-decoration: underline;\">Dienstag, 30. Januar 2024<\/span><\/span><\/span> (sportdigital 2)<\/span><\/p>\n\n\n\n<p><em><strong>Saudi- Arabien &#8211; S\u00fcdkorea (17.00 Uhr)<\/strong><\/em><br><img loading=\"lazy\" decoding=\"async\" width=\"10\" height=\"21\" class=\"wp-image-3656\" style=\"width: 10px;\" src=\"http:\/\/kommentatorenblog.de\/wp-content\/uploads\/2020\/09\/shure-55sh-ii-e1601485394796.jpg\" alt=\"\" srcset=\"https:\/\/kommentatorenblog.de\/wp-content\/uploads\/2020\/09\/shure-55sh-ii-e1601485394796.jpg 415w, https:\/\/kommentatorenblog.de\/wp-content\/uploads\/2020\/09\/shure-55sh-ii-e1601485394796-142x300.jpg 142w\" sizes=\"auto, (max-width: 10px) 100vw, 10px\" \/> Moritz Knorr<\/p>\n\n\n\n<p><span style=\"text-decoration: underline;\"><span style=\"text-decoration: underline;\">Mittwoch, 31. Januar 2024<\/span><\/span><\/p>\n\n\n\n<p><em><strong>Bahrain &#8211; Japan (12.30 Uhr)<\/strong><\/em><br><img loading=\"lazy\" decoding=\"async\" width=\"10\" height=\"21\" class=\"wp-image-3656\" style=\"width: 10px;\" src=\"http:\/\/kommentatorenblog.de\/wp-content\/uploads\/2020\/09\/shure-55sh-ii-e1601485394796.jpg\" alt=\"\" srcset=\"https:\/\/kommentatorenblog.de\/wp-content\/uploads\/2020\/09\/shure-55sh-ii-e1601485394796.jpg 415w, https:\/\/kommentatorenblog.de\/wp-content\/uploads\/2020\/09\/shure-55sh-ii-e1601485394796-142x300.jpg 142w\" sizes=\"auto, (max-width: 10px) 100vw, 10px\" \/> Jonathan Dreier<\/p>\n\n\n\n<p><em><strong>Iran &#8211; Syrien (17.00 Uhr)<\/strong><\/em><br><img loading=\"lazy\" decoding=\"async\" width=\"10\" height=\"21\" class=\"wp-image-3656\" style=\"width: 10px;\" src=\"http:\/\/kommentatorenblog.de\/wp-content\/uploads\/2020\/09\/shure-55sh-ii-e1601485394796.jpg\" alt=\"\" srcset=\"https:\/\/kommentatorenblog.de\/wp-content\/uploads\/2020\/09\/shure-55sh-ii-e1601485394796.jpg 415w, https:\/\/kommentatorenblog.de\/wp-content\/uploads\/2020\/09\/shure-55sh-ii-e1601485394796-142x300.jpg 142w\" sizes=\"auto, (max-width: 10px) 100vw, 10px\" \/> Marvin Kirsch<\/p>\n\n\n\n<p><strong>Copa de la Liga Profesional (2. Spieltag)<\/strong> <strong>(Sportdigital)<\/strong><\/p>\n\n\n\n<p><span style=\"text-decoration: underline;\"><span style=\"text-decoration: underline;\">Donnerstag, 01. Februar 2024<\/span><\/span><\/p>\n\n\n\n<p><em><strong>Boca Juniors &#8211; CA Sarmiento (23.00 Uhr)<\/strong><\/em><br><img loading=\"lazy\" decoding=\"async\" width=\"10\" height=\"21\" class=\"wp-image-3656\" style=\"width: 10px;\" src=\"http:\/\/kommentatorenblog.de\/wp-content\/uploads\/2020\/09\/shure-55sh-ii-e1601485394796.jpg\" alt=\"\" srcset=\"https:\/\/kommentatorenblog.de\/wp-content\/uploads\/2020\/09\/shure-55sh-ii-e1601485394796.jpg 415w, https:\/\/kommentatorenblog.de\/wp-content\/uploads\/2020\/09\/shure-55sh-ii-e1601485394796-142x300.jpg 142w\" sizes=\"auto, (max-width: 10px) 100vw, 10px\" \/> Christian Blunck<\/p>\n\n\n\n<p><strong>Division 1A (23. Spieltag) (Sport1+)<\/strong><\/p>\n\n\n\n<p><span style=\"text-decoration: underline;\">Mittwoch, 31. Januar 2024, ab 20.55 Uhr<\/span><\/p>\n\n\n\n<p><strong><em>Standard L\u00fcttich &#8211; Royal Antwerpen (21.00 Uhr)<\/em><\/strong><br><img loading=\"lazy\" decoding=\"async\" width=\"10\" height=\"21\" class=\"wp-image-3656\" style=\"width: 10px;\" src=\"http:\/\/kommentatorenblog.de\/wp-content\/uploads\/2020\/09\/shure-55sh-ii-e1601485394796.jpg\" alt=\"\" srcset=\"https:\/\/kommentatorenblog.de\/wp-content\/uploads\/2020\/09\/shure-55sh-ii-e1601485394796.jpg 415w, https:\/\/kommentatorenblog.de\/wp-content\/uploads\/2020\/09\/shure-55sh-ii-e1601485394796-142x300.jpg 142w\" sizes=\"auto, (max-width: 10px) 100vw, 10px\" \/> Hajo Wolff<\/p>\n\n\n\n<p><span style=\"text-decoration: underline;\">Donnerstag, 01. Februar 2024, ab 21.10 Uhr<\/span><\/p>\n\n\n\n<p><strong><em>KV Mechelen &#8211; RSC Anderlecht (20.30 Uhr)<\/em><\/strong><br><img loading=\"lazy\" decoding=\"async\" width=\"10\" height=\"21\" class=\"wp-image-3656\" style=\"width: 10px;\" src=\"http:\/\/kommentatorenblog.de\/wp-content\/uploads\/2020\/09\/shure-55sh-ii-e1601485394796.jpg\" alt=\"\" srcset=\"https:\/\/kommentatorenblog.de\/wp-content\/uploads\/2020\/09\/shure-55sh-ii-e1601485394796.jpg 415w, https:\/\/kommentatorenblog.de\/wp-content\/uploads\/2020\/09\/shure-55sh-ii-e1601485394796-142x300.jpg 142w\" sizes=\"auto, (max-width: 10px) 100vw, 10px\" \/> Patrick Gerspacher<\/p>\n\n\n\n<p><strong>Freundschaftsspiel (DAZN)<\/strong><\/p>\n\n\n\n<p><span style=\"text-decoration: underline;\">Donnerstag, 01. Februar 2024, ab 18.40 Uhr<\/span><\/p>\n\n\n\n<p><strong><em>Inter Miami &#8211; Al-Nassr (19.00 Uhr)<\/em><\/strong><br><img loading=\"lazy\" decoding=\"async\" width=\"10\" height=\"21\" class=\"wp-image-3656\" style=\"width: 10px;\" src=\"http:\/\/kommentatorenblog.de\/wp-content\/uploads\/2020\/09\/shure-55sh-ii-e1601485394796.jpg\" alt=\"\" srcset=\"https:\/\/kommentatorenblog.de\/wp-content\/uploads\/2020\/09\/shure-55sh-ii-e1601485394796.jpg 415w, https:\/\/kommentatorenblog.de\/wp-content\/uploads\/2020\/09\/shure-55sh-ii-e1601485394796-142x300.jpg 142w\" sizes=\"auto, (max-width: 10px) 100vw, 10px\" \/> Jan Platte, Experte: Sebastian Knei\u00dfl<\/p>\n\n\n\n<p>Moderation: Andres Veredas<\/p>\n\n\n\n<p><strong>Die Analyse <\/strong><\/p>\n\n\n\n<p>Los geht\u2019s mit den ersten beiden Viertelfinals im DFB- Pokal der M\u00e4nner: am Dienstag spielen St. Pauli und D\u00fcsseldorf erneut gegen einander, letztmaliges Aufeinandertreffen war am Samstagabend in Liga 2. Nun der Dienstagabend bei Sky und im ZDF. F\u00fcrs ZDF wird Jochen Breyer mit Hanno Balitsch das Spiel analysieren. Balitsch m\u00fcsste (sofern ich mich nicht t\u00e4usche) bisher bei allen Pokalspielen im ZDF-Experte gewesen sein, daf\u00fcr aber bei keinem der L\u00e4nderspiele, hier \u00fcbernimmt vor allem Per Mertesacker die Expertenrolle. Kommentator wird Martin Schneider sein, f\u00fcr ihn geht es nach der Handball- EM nun nahtlos mit Fu\u00dfball weiter.<\/p>\n\n\n\n<p>Bei Sky wird Wolff Fuss das Spiel kommentieren, w\u00e4hrend Patrick Wasserziehr die Moderation \u00fcbernehmen wird. Dazu kommt noch der Ex- Paulianer Fabian Boll als Gast. Als Field- Reporter kommt noch Martin Gro\u00df hinzu, der dann am Mittwoch die Partie Hertha- Kaiserslautern kommentieren wird. Field- Reporter im Olympiastadion wird dann Patrick Wasserziehr sein, Sky rotiert bei den \u201ePositionen\u201c also einmal ordentlich durch.<\/p>\n\n\n\n<p><strong><em>UWCL<\/em><\/strong><\/p>\n\n\n\n<p>Bereits am Dienstag spielen die Bayern- Frauen ihr letztes, entscheidendes Gruppenspiel in der Champions League. Erneut als Expertin ist dann Carmen H\u00f6fflin dabei, diesmal an der Seite von Guido H\u00fcsgen. Auch bei der Eintracht bleibt im Vergleich zur Woche die Expertin (Knaak) gleich. Auf der Kommentatoren-Position tauscht DAZN daf\u00fcr einmal, w\u00e4hrend sich Fa\u00dfnacht letzte Woche um St. P\u00f6lten gek\u00fcmmert hat, kommentiert er nun die Eintracht, bei Nico Seepe wird es genau umgekehrt sein, er k\u00fcmmert sich am Mittwoch um die Partie  Bergen- P\u00f6lten.<\/p>\n\n\n\n<p><strong>Dreifacher Herrmann<\/strong><\/p>\n\n\n\n<p>Von Dienstag bis Donnerstag steht auf der Insel der 22. Spieltag an, Sky setzt dabei auf bekanntes Personal. Schmidt- Sommerfeld \u00fcbernimmt mit Rene Adler das Tospiel, Jogi Hebel hat einen Doppeleinsatz und Hannes Herrmann kommt gar an allen drei Tagen zum Einsatz.<\/p>\n\n\n\n<p>Am Dienstag gibt es bei Sportdigital zudem den Afrika und Asien Cup zu sehen, am Mittwoch ist es dann nur der Asiencup, auch hier kommt bekanntes Personal zum Einsatz<\/p>\n\n\n\n<p>Damit w\u00fcnsche ich euch allen eine gute, friedliche Woche. Seid nett zu euren Mitmenschen und behandelt sie so, wie auch ihr behandelt werden m\u00f6gt.<\/p>\n","protected":false},"excerpt":{"rendered":"<p>Hallo zusammen, die Heim- EM im Handball ist seit Sonntag nun Geschichte, tolle Spiele, volle Hallen, einen Weltrekord beim Auftaktspiel, starke TV- Quoten, eine tolle, k\u00e4mpfende deutsche Mannschaft, die es leider nicht ins Finale schaffte. Nach der Heim- EM geht der Blick nun mal nat\u00fcrlich zur n\u00e4chsten Heim- EM, die im Sommer ansteht, der Fu\u00dfball- [&hellip;]<\/p>\n","protected":false},"author":10,"featured_media":0,"comment_status":"open","ping_status":"open","sticky":false,"template":"","format":"standard","meta":{"footnotes":""},"categories":[425,504],"tags":[610,963,57,13,89,331,155,832,104,48,347,39,960,507,58,1005,276,121,95,38,581,715,191,733,665,1006,94,579,340,917,222,22,134,402,105,107,196,37],"class_list":["post-16513","post","type-post","status-publish","format-standard","hentry","category-champions-league-und-co","category-dfb-pokal-co","tag-andres-veredas","tag-carmen-hoefflin","tag-christian-blunck","tag-dazn","tag-florian-schmidt-sommerfeld","tag-freddie-schulz","tag-guido-huesgen","tag-hajo-wolff","tag-hannes-herrmann","tag-jan-platte","tag-joachim-hebel","tag-jochen-breyer","tag-johanna-ruediger","tag-jonathan-dreier","tag-joerg-steiger","tag-julian-engelhhard","tag-marcel-seufert","tag-markus-gaupp","tag-martin-gross","tag-martin-schneider","tag-marvin-kirsch","tag-moritz-knorr","tag-nico-seepe","tag-nils-kaben","tag-oliver-fassnacht-2","tag-patrick-gerspacher","tag-patrick-wasserziehr","tag-philipp-langosz","tag-raphael-honigstein","tag-rene-adler-2","tag-sebastian-kneissl","tag-sky","tag-sportdigital-fussball","tag-ulf-kahmke","tag-uli-hebel","tag-wolff-fuss","tag-yannick-erkenbrecher","tag-zdf"],"_links":{"self":[{"href":"https:\/\/kommentatorenblog.de\/index.php?rest_route=\/wp\/v2\/posts\/16513","targetHints":{"allow":["GET"]}}],"collection":[{"href":"https:\/\/kommentatorenblog.de\/index.php?rest_route=\/wp\/v2\/posts"}],"about":[{"href":"https:\/\/kommentatorenblog.de\/index.php?rest_route=\/wp\/v2\/types\/post"}],"author":[{"embeddable":true,"href":"https:\/\/kommentatorenblog.de\/index.php?rest_route=\/wp\/v2\/users\/10"}],"replies":[{"embeddable":true,"href":"https:\/\/kommentatorenblog.de\/index.php?rest_route=%2Fwp%2Fv2%2Fcomments&post=16513"}],"version-history":[{"count":17,"href":"https:\/\/kommentatorenblog.de\/index.php?rest_route=\/wp\/v2\/posts\/16513\/revisions"}],"predecessor-version":[{"id":16608,"href":"https:\/\/kommentatorenblog.de\/index.php?rest_route=\/wp\/v2\/posts\/16513\/revisions\/16608"}],"wp:attachment":[{"href":"https:\/\/kommentatorenblog.de\/index.php?rest_route=%2Fwp%2Fv2%2Fmedia&parent=16513"}],"wp:term":[{"taxonomy":"category","embeddable":true,"href":"https:\/\/kommentatorenblog.de\/index.php?rest_route=%2Fwp%2Fv2%2Fcategories&post=16513"},{"taxonomy":"post_tag","embeddable":true,"href":"https:\/\/kommentatorenblog.de\/index.php?rest_route=%2Fwp%2Fv2%2Ftags&post=16513"}],"curies":[{"name":"wp","href":"https:\/\/api.w.org\/{rel}","templated":true}]}}