{"id":16521,"date":"2024-01-25T15:57:21","date_gmt":"2024-01-25T14:57:21","guid":{"rendered":"https:\/\/kommentatorenblog.de\/?p=16521"},"modified":"2024-02-25T13:45:35","modified_gmt":"2024-02-25T12:45:35","slug":"1397-baller-league","status":"publish","type":"post","link":"https:\/\/kommentatorenblog.de\/?p=16521","title":{"rendered":"1397 &#8211; Baller League"},"content":{"rendered":"\n<p>N&#8217;Abend allerseits,<\/p>\n\n\n\n<p>durch spontane \u00c4nderungen in unserer Beitragsaufteilung lesen wir (Hannes) und fr\u00fcher als geplant wieder. Der Beitrag ist heute auch eine Art Gemeinschaftswerk &#8211; danke an dieser Stelle an Karl, Jonas und Nico, die alle auch Teile der Ansetzungen bzw. die Analyse mit\u00fcbernommen haben. In dem Zusammenhang noch der Hinweis, dass ich k\u00fcnftig planm\u00e4\u00dfig hier im Blog aufgrund unseres Instagram-Accounts etwas k\u00fcrzer trete; die t\u00e4gliche Arbeit bei Instagram steigerte sich in den letzten eineinhalb Jahren dann doch. Vielen Dank an alle, die uns dort schon folgen und an alle, die so regelm\u00e4\u00dfig sch\u00f6nes Feedback geben! Wer noch nicht dabei ist: <a rel=\"noreferrer noopener\" href=\"https:\/\/www.instagram.com\/kommentatorenblog.de\/\" data-type=\"URL\" data-id=\"https:\/\/www.instagram.com\/kommentatorenblog.de\/\" target=\"_blank\">Gerne hier nachholen<\/a> \ud83d\ude42<\/p>\n\n\n\n<p>Besprechen m\u00f6chte ich im Vorwort noch kurz die Baller League, die ja am Montag mit gro\u00dfem Bohei den &#8222;1. Gameday&#8220; hatte. Der &#8222;neue alte Fu\u00dfball&#8220; mit den Pr\u00e4sidenten Mats Hummels und Lukas Podolski verspricht wieder mehr Bolzplatz-Mentalit\u00e4t &#8222;ohne Politik und Taktik&#8220; und ist angelehnt an die Kings League um Gerard Pique. Die Baller League verspricht &#8222;Fu\u00dfball im Vordergrund&#8220;, der von &#8222;hochklassigem Entertainment&#8220; unterst\u00fctzt werde. Naja. <br>Die Teams in der Baller League werden angef\u00fchrt von prominenten Team-Managern, die dabei nicht unbedingt alle aus der Fu\u00dfballwelt kommen. So gibt es \u00fcber die beiden Pr\u00e4sidenten, Jule Brand, Kevin-Prince Boateng, Chris Kramer bis hin zu Montana Black und Kontra K sehr absurde Konstellationen. Die spielen allerdings alle nicht selbst, sondern lassen Amateurkicker antreten. Gespielt wird mit 6 gegen 6 auf einem Kleinfeld in der Halle, die sich in K\u00f6ln befindet. In den letzten drei Minuten jeder Halbzeit gibt es eine Extraregel durch ein Gl\u00fccksrad. Durch diese Versch\u00e4rfung soll nochmal Spannung erzeugt werden. Das kann ein 3vs3, eine Volley-Regel oder anderes Kurioses sein. Insgesamt scheint die Liga schon sehr auf die Generation TikTok getrimmt sein, wo sich die Probleme beim Verfolgen eines 90-min\u00fctigen Spiels ja zu mehren scheinen. Die einstige DFL-Gesch\u00e4ftsf\u00fchrerin Donata Hopfen hatte das ja \u00f6fter relativ offen angesprochen. Bei mir pers\u00f6nlich ist es eher andersrum: Ich habe meine Probleme mit dieser Baller League. Aber als Nicht-Teil der Generation TikTok bin ich vermutlich auch nicht die Zielgruppe. <br>Wer mal reinschauen m\u00f6chte, kann das am n\u00e4chsten Spieltag am Montag tun. Die Partien werden kostenlos bei Twitch (tats\u00e4chlich auch kommentiert), YouTube und TikTok sowie auf der Plattform Jon gezeigt. Dar\u00fcber hinaus hat ProSieben MAXX die TV-Rechte f\u00fcr ein Topspiel pro &#8222;Gameday&#8220;. Aktuell f\u00fchrt &#8222;Eintracht Spandau&#8220; nach einem 8:4 &#8222;Derby&#8220;-Sieg gegen &#8222;Calcio Berlin&#8220; die Tabelle an. <\/p>\n\n\n\n<p>Im &#8222;richtigen Fu\u00dfball&#8220; f\u00fchrt indes Bayer Leverkusen trotz Nachholspielsieg der Bayern weiterhin die Tabelle an und geht damit ins n\u00e4chste Samstagabendspiel in Folge:<\/p>\n\n\n\n<p><strong>Die Ansetzungen vom 26. Januar 2024 bis 29. Januar 2024<\/strong><\/p>\n\n\n\n<hr class=\"wp-block-separator is-style-default\"\/>\n\n\n\n<p><strong>Bundesliga (GER), 19. Spieltag (Sky\/DAZN)<\/strong><\/p>\n\n\n\n<p><span style=\"text-decoration: underline;\">Freitag, 26. Januar 2024, ab 19.45 Uhr (DAZN)<\/span> <\/p>\n\n\n\n<p><em><strong>Eintracht Frankfurt \u2013 1. FSV Mainz 05 (20.30 Uhr)<\/strong><\/em><br><img loading=\"lazy\" decoding=\"async\" width=\"10\" height=\"21\" class=\"wp-image-3656\" style=\"width: 10px;\" src=\"http:\/\/kommentatorenblog.de\/wp-content\/uploads\/2020\/09\/shure-55sh-ii-e1601485394796.jpg\" alt=\"\" srcset=\"https:\/\/kommentatorenblog.de\/wp-content\/uploads\/2020\/09\/shure-55sh-ii-e1601485394796.jpg 415w, https:\/\/kommentatorenblog.de\/wp-content\/uploads\/2020\/09\/shure-55sh-ii-e1601485394796-142x300.jpg 142w\" sizes=\"auto, (max-width: 10px) 100vw, 10px\" \/> Freddy Harder, Experten: Jonas Hummels und Urs Meier<br>Moderation: Laura Wontorra<\/p>\n\n\n\n<p><span style=\"text-decoration: underline;\">Samstag, 27. Januar 2024, ab 14.00 Uhr (Sky)<\/span> <\/p>\n\n\n\n<p><em><strong>FC Augsburg \u2013 FC Bayern M\u00fcnchen (15.30 Uhr)<\/strong><\/em><br><img loading=\"lazy\" decoding=\"async\" width=\"10\" height=\"21\" class=\"wp-image-3656\" style=\"width: 10px;\" src=\"http:\/\/kommentatorenblog.de\/wp-content\/uploads\/2020\/09\/shure-55sh-ii-e1601485394796.jpg\" alt=\"\" srcset=\"https:\/\/kommentatorenblog.de\/wp-content\/uploads\/2020\/09\/shure-55sh-ii-e1601485394796.jpg 415w, https:\/\/kommentatorenblog.de\/wp-content\/uploads\/2020\/09\/shure-55sh-ii-e1601485394796-142x300.jpg 142w\" sizes=\"auto, (max-width: 10px) 100vw, 10px\" \/> Kai Dittmann (Einzelspiel), Hansi K\u00fcpper (Konferenz)<br>Field-Reporter: Patrick Wasserziehr<\/p>\n\n\n\n<p><em><strong>VfB Stuttgart \u2013 RB Leipzig (15.30 Uhr)<\/strong><\/em><br><img loading=\"lazy\" decoding=\"async\" width=\"10\" height=\"21\" class=\"wp-image-3656\" style=\"width: 10px;\" src=\"http:\/\/kommentatorenblog.de\/wp-content\/uploads\/2020\/09\/shure-55sh-ii-e1601485394796.jpg\" alt=\"\" srcset=\"https:\/\/kommentatorenblog.de\/wp-content\/uploads\/2020\/09\/shure-55sh-ii-e1601485394796.jpg 415w, https:\/\/kommentatorenblog.de\/wp-content\/uploads\/2020\/09\/shure-55sh-ii-e1601485394796-142x300.jpg 142w\" sizes=\"auto, (max-width: 10px) 100vw, 10px\" \/> Jonas Friedrich (Einzelspiel), Oliver Seidler (Konferenz)<br>Field-Reporter: Riccardo Basile<\/p>\n\n\n\n<p><em><strong>SV Werder Bremen \u2013 Sport-Club Freiburg (15.30 Uhr)<\/strong><\/em><br><img loading=\"lazy\" decoding=\"async\" width=\"10\" height=\"21\" class=\"wp-image-3656\" style=\"width: 10px;\" src=\"http:\/\/kommentatorenblog.de\/wp-content\/uploads\/2020\/09\/shure-55sh-ii-e1601485394796.jpg\" alt=\"\" srcset=\"https:\/\/kommentatorenblog.de\/wp-content\/uploads\/2020\/09\/shure-55sh-ii-e1601485394796.jpg 415w, https:\/\/kommentatorenblog.de\/wp-content\/uploads\/2020\/09\/shure-55sh-ii-e1601485394796-142x300.jpg 142w\" sizes=\"auto, (max-width: 10px) 100vw, 10px\" \/> Marcus Lindemann (Einzelspiel), Roland Evers (Konferenz)<br>Field-Reporter: Sven T\u00f6llner<\/p>\n\n\n\n<p><em><strong>VfL Wolfsburg \u2013 1. FC K\u00f6ln (15.30 Uhr)<\/strong><\/em><br><img loading=\"lazy\" decoding=\"async\" width=\"10\" height=\"21\" class=\"wp-image-3656\" style=\"width: 10px;\" src=\"http:\/\/kommentatorenblog.de\/wp-content\/uploads\/2020\/09\/shure-55sh-ii-e1601485394796.jpg\" alt=\"\" srcset=\"https:\/\/kommentatorenblog.de\/wp-content\/uploads\/2020\/09\/shure-55sh-ii-e1601485394796.jpg 415w, https:\/\/kommentatorenblog.de\/wp-content\/uploads\/2020\/09\/shure-55sh-ii-e1601485394796-142x300.jpg 142w\" sizes=\"auto, (max-width: 10px) 100vw, 10px\" \/> Torsten Kunde (Einzelspiel), Markus G\u00f6tz (Konferenz)<br>Field-Reporter: Jens Westen<\/p>\n\n\n\n<p><em><strong>TSG 1899 Hoffenheim \u2013 <em><strong>1. FC Heidenheim 1846<\/strong><\/em> (15.30 Uhr)<\/strong><\/em><br><img loading=\"lazy\" decoding=\"async\" width=\"10\" height=\"21\" class=\"wp-image-3656\" style=\"width: 10px;\" src=\"http:\/\/kommentatorenblog.de\/wp-content\/uploads\/2020\/09\/shure-55sh-ii-e1601485394796.jpg\" alt=\"\" srcset=\"https:\/\/kommentatorenblog.de\/wp-content\/uploads\/2020\/09\/shure-55sh-ii-e1601485394796.jpg 415w, https:\/\/kommentatorenblog.de\/wp-content\/uploads\/2020\/09\/shure-55sh-ii-e1601485394796-142x300.jpg 142w\" sizes=\"auto, (max-width: 10px) 100vw, 10px\" \/> Klaus Veltman (Einzelspiel), Toni Tomic (Konferenz)<br>Field-Reporterin: Ulli Potofski<\/p>\n\n\n\n<p>Moderation: Michael Leopold, Experten: Dietmar Hamann und Erik Meijer<\/p>\n\n\n\n<p><span style=\"text-decoration: underline;\">ab 17.30 Uhr (Sky)<\/span> <\/p>\n\n\n\n<p><em><strong><em><strong>Bayer 04 Leverkusen<\/strong><\/em> \u2013 Borussia M\u00f6nchengladbach (18.30 Uhr)<\/strong><\/em><br><img loading=\"lazy\" decoding=\"async\" width=\"10\" height=\"21\" class=\"wp-image-3656\" style=\"width: 10px;\" src=\"http:\/\/kommentatorenblog.de\/wp-content\/uploads\/2020\/09\/shure-55sh-ii-e1601485394796.jpg\" alt=\"\" srcset=\"https:\/\/kommentatorenblog.de\/wp-content\/uploads\/2020\/09\/shure-55sh-ii-e1601485394796.jpg 415w, https:\/\/kommentatorenblog.de\/wp-content\/uploads\/2020\/09\/shure-55sh-ii-e1601485394796-142x300.jpg 142w\" sizes=\"auto, (max-width: 10px) 100vw, 10px\" \/> Wolff Fuss<br>Field-Reporterin: Britta Hofmann<br>Moderation: Sebastian Hellmann, Expert:innen: Tabea Kemme und Lothar Matth\u00e4us<\/p>\n\n\n\n<p><span style=\"text-decoration: underline;\">Sonntag, 28. Januar 2024, ab 15.00 Uhr (DAZN)<\/span> <\/p>\n\n\n\n<p><em><strong>1.<\/strong><\/em><strong style=\"font-style: italic;\"> <\/strong><strong style=\"font-style: italic;\">FC Union Berlin \u2013 SV Darmstadt 98 (15.30 Uhr)<\/strong><br><img loading=\"lazy\" decoding=\"async\" width=\"10\" height=\"21\" class=\"wp-image-3656\" style=\"width: 10px;\" src=\"http:\/\/kommentatorenblog.de\/wp-content\/uploads\/2020\/09\/shure-55sh-ii-e1601485394796.jpg\" alt=\"\" srcset=\"https:\/\/kommentatorenblog.de\/wp-content\/uploads\/2020\/09\/shure-55sh-ii-e1601485394796.jpg 415w, https:\/\/kommentatorenblog.de\/wp-content\/uploads\/2020\/09\/shure-55sh-ii-e1601485394796-142x300.jpg 142w\" sizes=\"auto, (max-width: 10px) 100vw, 10px\" \/> Mario Rieker, Experte: Sascha Bigalke<br>Moderation: Tobi Wahnschaffe, Field-Reporter: Benni Zander<\/p>\n\n\n\n<p><span style=\"text-decoration: underline;\">ab 16.45 Uhr (DAZN)<\/span> <\/p>\n\n\n\n<p><em><strong>Borussia Dortmund \u2013 VfL Bochum 1848 (17.30 Uhr)<\/strong><\/em><br><img loading=\"lazy\" decoding=\"async\" width=\"10\" height=\"21\" class=\"wp-image-3656\" style=\"width: 10px;\" src=\"http:\/\/kommentatorenblog.de\/wp-content\/uploads\/2020\/09\/shure-55sh-ii-e1601485394796.jpg\" alt=\"\" srcset=\"https:\/\/kommentatorenblog.de\/wp-content\/uploads\/2020\/09\/shure-55sh-ii-e1601485394796.jpg 415w, https:\/\/kommentatorenblog.de\/wp-content\/uploads\/2020\/09\/shure-55sh-ii-e1601485394796-142x300.jpg 142w\" sizes=\"auto, (max-width: 10px) 100vw, 10px\" \/> Jan Platte, Experte: Tim Borowski<br>Moderation: Daniel Herzog<\/p>\n\n\n\n<hr class=\"wp-block-separator is-style-default\"\/>\n\n\n\n<p><strong>Frauen-Bundesliga (GER), 11. Spieltag (DAZN\/Magenta Sport\/Sport1\/sportstudio.de)<\/strong><\/p>\n\n\n\n<p><span style=\"text-decoration: underline;\">Freitag, 26. Januar 2024, ab 18.15 Uhr (DAZN\/Magenta)<\/span> <\/p>\n\n\n\n<p><strong><em>SV Werder Bremen \u2013 Bayer 04 Leverkusen (18.30 Uhr)<\/em><\/strong><\/p>\n\n\n\n<p><img loading=\"lazy\" decoding=\"async\" width=\"10\" height=\"21\" class=\"wp-image-3656\" style=\"width: 10px;\" src=\"http:\/\/kommentatorenblog.de\/wp-content\/uploads\/2020\/09\/shure-55sh-ii-e1601485394796.jpg\" alt=\"\" srcset=\"https:\/\/kommentatorenblog.de\/wp-content\/uploads\/2020\/09\/shure-55sh-ii-e1601485394796.jpg 415w, https:\/\/kommentatorenblog.de\/wp-content\/uploads\/2020\/09\/shure-55sh-ii-e1601485394796-142x300.jpg 142w\" sizes=\"auto, (max-width: 10px) 100vw, 10px\" \/> <em>DAZN: <\/em>Markus Theil<\/p>\n\n\n\n<p><img loading=\"lazy\" decoding=\"async\" width=\"10\" height=\"21\" class=\"wp-image-3656\" style=\"width: 10px;\" src=\"http:\/\/kommentatorenblog.de\/wp-content\/uploads\/2020\/09\/shure-55sh-ii-e1601485394796.jpg\" alt=\"\" srcset=\"https:\/\/kommentatorenblog.de\/wp-content\/uploads\/2020\/09\/shure-55sh-ii-e1601485394796.jpg 415w, https:\/\/kommentatorenblog.de\/wp-content\/uploads\/2020\/09\/shure-55sh-ii-e1601485394796-142x300.jpg 142w\" sizes=\"auto, (max-width: 10px) 100vw, 10px\" \/> <em>Magenta: <\/em>Michael Seyberth<\/p>\n\n\n\n<p><span style=\"text-decoration: underline;\">Samstag, 27. Januar 2024, ab 11.45 Uhr (DAZN\/Magenta)<\/span> <\/p>\n\n\n\n<p><strong><em>RB Leipzig \u2013 Sport-Club Freiburg (12.00 Uhr)<\/em><\/strong><\/p>\n\n\n\n<p><img loading=\"lazy\" decoding=\"async\" width=\"10\" height=\"21\" class=\"wp-image-3656\" style=\"width: 10px;\" src=\"http:\/\/kommentatorenblog.de\/wp-content\/uploads\/2020\/09\/shure-55sh-ii-e1601485394796.jpg\" alt=\"\" srcset=\"https:\/\/kommentatorenblog.de\/wp-content\/uploads\/2020\/09\/shure-55sh-ii-e1601485394796.jpg 415w, https:\/\/kommentatorenblog.de\/wp-content\/uploads\/2020\/09\/shure-55sh-ii-e1601485394796-142x300.jpg 142w\" sizes=\"auto, (max-width: 10px) 100vw, 10px\" \/> <em>DAZN: <\/em>Guido H\u00fcsgen<\/p>\n\n\n\n<p><img loading=\"lazy\" decoding=\"async\" width=\"10\" height=\"21\" class=\"wp-image-3656\" style=\"width: 10px;\" src=\"http:\/\/kommentatorenblog.de\/wp-content\/uploads\/2020\/09\/shure-55sh-ii-e1601485394796.jpg\" alt=\"\" srcset=\"https:\/\/kommentatorenblog.de\/wp-content\/uploads\/2020\/09\/shure-55sh-ii-e1601485394796.jpg 415w, https:\/\/kommentatorenblog.de\/wp-content\/uploads\/2020\/09\/shure-55sh-ii-e1601485394796-142x300.jpg 142w\" sizes=\"auto, (max-width: 10px) 100vw, 10px\" \/> <em>Magenta: <\/em>Michael Seyberth<\/p>\n\n\n\n<p><span style=\"text-decoration: underline;\">ab 13.30 Uhr (Magenta), ab 13.45 Uhr (DAZN) bzw. ab 13.50 Uhr (sportstudio.de)<\/span> <\/p>\n\n\n\n<p><strong><em>FC Bayern M\u00fcnchen \u2013 TSG 1899 Hoffenheim (14.00 Uhr)<\/em><\/strong><\/p>\n\n\n\n<p><img loading=\"lazy\" decoding=\"async\" width=\"10\" height=\"21\" class=\"wp-image-3656\" style=\"width: 10px;\" src=\"http:\/\/kommentatorenblog.de\/wp-content\/uploads\/2020\/09\/shure-55sh-ii-e1601485394796.jpg\" alt=\"\" srcset=\"https:\/\/kommentatorenblog.de\/wp-content\/uploads\/2020\/09\/shure-55sh-ii-e1601485394796.jpg 415w, https:\/\/kommentatorenblog.de\/wp-content\/uploads\/2020\/09\/shure-55sh-ii-e1601485394796-142x300.jpg 142w\" sizes=\"auto, (max-width: 10px) 100vw, 10px\" \/> <em>Magenta: <\/em>Martin Piller<br>Moderation (<em>Magenta<\/em>): Simon K\u00f6pfer, Expertin: Kathrin Lehmann<\/p>\n\n\n\n<p><img loading=\"lazy\" decoding=\"async\" width=\"10\" height=\"21\" class=\"wp-image-3656\" style=\"width: 10px;\" src=\"http:\/\/kommentatorenblog.de\/wp-content\/uploads\/2020\/09\/shure-55sh-ii-e1601485394796.jpg\" alt=\"\" srcset=\"https:\/\/kommentatorenblog.de\/wp-content\/uploads\/2020\/09\/shure-55sh-ii-e1601485394796.jpg 415w, https:\/\/kommentatorenblog.de\/wp-content\/uploads\/2020\/09\/shure-55sh-ii-e1601485394796-142x300.jpg 142w\" sizes=\"auto, (max-width: 10px) 100vw, 10px\" \/> <em>DAZN: <\/em>Christoph Fetzer, Expertin: Turid Knaak<br>Field-Reporter (<em>DAZN<\/em>): Andres Veredas<\/p>\n\n\n\n<p><img loading=\"lazy\" decoding=\"async\" width=\"10\" height=\"21\" class=\"wp-image-3656\" style=\"width: 10px;\" src=\"http:\/\/kommentatorenblog.de\/wp-content\/uploads\/2020\/09\/shure-55sh-ii-e1601485394796.jpg\" alt=\"\" srcset=\"https:\/\/kommentatorenblog.de\/wp-content\/uploads\/2020\/09\/shure-55sh-ii-e1601485394796.jpg 415w, https:\/\/kommentatorenblog.de\/wp-content\/uploads\/2020\/09\/shure-55sh-ii-e1601485394796-142x300.jpg 142w\" sizes=\"auto, (max-width: 10px) 100vw, 10px\" \/> <em>sportstudio.de: <\/em>Claudia Neumann<\/p>\n\n\n\n<p><span style=\"text-decoration: underline;\">Sonntag, 28. Januar 2024, ab 13.45 Uhr (DAZN\/Magenta)<\/span> <\/p>\n\n\n\n<p><strong><em>Eintracht Frankfurt \u2013 1. FC K\u00f6ln (14.00 Uhr)<\/em><\/strong><\/p>\n\n\n\n<p><img loading=\"lazy\" decoding=\"async\" width=\"10\" height=\"21\" class=\"wp-image-3656\" style=\"width: 10px;\" src=\"http:\/\/kommentatorenblog.de\/wp-content\/uploads\/2020\/09\/shure-55sh-ii-e1601485394796.jpg\" alt=\"\" srcset=\"https:\/\/kommentatorenblog.de\/wp-content\/uploads\/2020\/09\/shure-55sh-ii-e1601485394796.jpg 415w, https:\/\/kommentatorenblog.de\/wp-content\/uploads\/2020\/09\/shure-55sh-ii-e1601485394796-142x300.jpg 142w\" sizes=\"auto, (max-width: 10px) 100vw, 10px\" \/> <em>DAZN: <\/em>Kristoffer Klein<\/p>\n\n\n\n<p><img loading=\"lazy\" decoding=\"async\" width=\"10\" height=\"21\" class=\"wp-image-3656\" style=\"width: 10px;\" src=\"http:\/\/kommentatorenblog.de\/wp-content\/uploads\/2020\/09\/shure-55sh-ii-e1601485394796.jpg\" alt=\"\" srcset=\"https:\/\/kommentatorenblog.de\/wp-content\/uploads\/2020\/09\/shure-55sh-ii-e1601485394796.jpg 415w, https:\/\/kommentatorenblog.de\/wp-content\/uploads\/2020\/09\/shure-55sh-ii-e1601485394796-142x300.jpg 142w\" sizes=\"auto, (max-width: 10px) 100vw, 10px\" \/> <em>Magenta: <\/em>Oskar Heirler<\/p>\n\n\n\n<p><span style=\"text-decoration: underline;\">ab 18.15 Uhr (DAZN\/Magenta)<\/span><\/p>\n\n\n\n<p><strong><em>MSV Duisburg \u2013 1. FC N\u00fcrnberg (18.30 Uhr)<\/em><\/strong><\/p>\n\n\n\n<p><img loading=\"lazy\" decoding=\"async\" width=\"10\" height=\"21\" class=\"wp-image-3656\" style=\"width: 10px;\" src=\"http:\/\/kommentatorenblog.de\/wp-content\/uploads\/2020\/09\/shure-55sh-ii-e1601485394796.jpg\" alt=\"\" srcset=\"https:\/\/kommentatorenblog.de\/wp-content\/uploads\/2020\/09\/shure-55sh-ii-e1601485394796.jpg 415w, https:\/\/kommentatorenblog.de\/wp-content\/uploads\/2020\/09\/shure-55sh-ii-e1601485394796-142x300.jpg 142w\" sizes=\"auto, (max-width: 10px) 100vw, 10px\" \/> <em>DAZN: <\/em>Matthias Naebers<\/p>\n\n\n\n<p><img loading=\"lazy\" decoding=\"async\" width=\"10\" height=\"21\" class=\"wp-image-3656\" style=\"width: 10px;\" src=\"http:\/\/kommentatorenblog.de\/wp-content\/uploads\/2020\/09\/shure-55sh-ii-e1601485394796.jpg\" alt=\"\" srcset=\"https:\/\/kommentatorenblog.de\/wp-content\/uploads\/2020\/09\/shure-55sh-ii-e1601485394796.jpg 415w, https:\/\/kommentatorenblog.de\/wp-content\/uploads\/2020\/09\/shure-55sh-ii-e1601485394796-142x300.jpg 142w\" sizes=\"auto, (max-width: 10px) 100vw, 10px\" \/> <em>Magenta: <\/em>Simon K\u00f6pfer<\/p>\n\n\n\n<p><span style=\"text-decoration: underline;\">Montag, 29. Januar 2024, ab 19.00 Uhr (Sport1) ab 19.15 Uhr (DAZN\/Magenta)<\/span> <\/p>\n\n\n\n<p><strong><em>SGS Essen \u2013 VfL Wolfsburg (19.30 Uhr)<\/em><\/strong><\/p>\n\n\n\n<p><img loading=\"lazy\" decoding=\"async\" width=\"10\" height=\"21\" class=\"wp-image-3656\" style=\"width: 10px;\" src=\"http:\/\/kommentatorenblog.de\/wp-content\/uploads\/2020\/09\/shure-55sh-ii-e1601485394796.jpg\" alt=\"\" srcset=\"https:\/\/kommentatorenblog.de\/wp-content\/uploads\/2020\/09\/shure-55sh-ii-e1601485394796.jpg 415w, https:\/\/kommentatorenblog.de\/wp-content\/uploads\/2020\/09\/shure-55sh-ii-e1601485394796-142x300.jpg 142w\" sizes=\"auto, (max-width: 10px) 100vw, 10px\" \/> <em>Sport1: <\/em>Christina Rann<br>Moderation (<em>Sport1<\/em>): Lili Engels, Expertin: Navina Omilade<\/p>\n\n\n\n<p><img loading=\"lazy\" decoding=\"async\" width=\"10\" height=\"21\" class=\"wp-image-3656\" style=\"width: 10px;\" src=\"http:\/\/kommentatorenblog.de\/wp-content\/uploads\/2020\/09\/shure-55sh-ii-e1601485394796.jpg\" alt=\"\" srcset=\"https:\/\/kommentatorenblog.de\/wp-content\/uploads\/2020\/09\/shure-55sh-ii-e1601485394796.jpg 415w, https:\/\/kommentatorenblog.de\/wp-content\/uploads\/2020\/09\/shure-55sh-ii-e1601485394796-142x300.jpg 142w\" sizes=\"auto, (max-width: 10px) 100vw, 10px\" \/> <em>DAZN: <\/em>Simon Sterzer<\/p>\n\n\n\n<p><img loading=\"lazy\" decoding=\"async\" width=\"10\" height=\"21\" class=\"wp-image-3656\" style=\"width: 10px;\" src=\"http:\/\/kommentatorenblog.de\/wp-content\/uploads\/2020\/09\/shure-55sh-ii-e1601485394796.jpg\" alt=\"\" srcset=\"https:\/\/kommentatorenblog.de\/wp-content\/uploads\/2020\/09\/shure-55sh-ii-e1601485394796.jpg 415w, https:\/\/kommentatorenblog.de\/wp-content\/uploads\/2020\/09\/shure-55sh-ii-e1601485394796-142x300.jpg 142w\" sizes=\"auto, (max-width: 10px) 100vw, 10px\" \/> <em>Magenta: <\/em>Martin Piller<\/p>\n\n\n\n<hr class=\"wp-block-separator is-style-default\"\/>\n\n\n\n<p><strong>2<\/strong>. <strong>Bundesliga (GER), 19. Spieltag (Sky\/Sport1)<\/strong><\/p>\n\n\n\n<p><span style=\"text-decoration: underline;\">Freitag, 26. Januar 2024, ab 18.00 Uhr (Sky)<\/span> <\/p>\n\n\n\n<p><strong><em>Die Konferenz (18.30 Uhr)<\/em><\/strong><br><img loading=\"lazy\" decoding=\"async\" width=\"10\" height=\"21\" class=\"wp-image-3656\" style=\"width: 10px;\" src=\"http:\/\/kommentatorenblog.de\/wp-content\/uploads\/2020\/09\/shure-55sh-ii-e1601485394796.jpg\" alt=\"\" srcset=\"https:\/\/kommentatorenblog.de\/wp-content\/uploads\/2020\/09\/shure-55sh-ii-e1601485394796.jpg 415w, https:\/\/kommentatorenblog.de\/wp-content\/uploads\/2020\/09\/shure-55sh-ii-e1601485394796-142x300.jpg 142w\" sizes=\"auto, (max-width: 10px) 100vw, 10px\" \/> Hannes Herrmann (Fokus auf FCK-S04)<\/p>\n\n\n\n<p><strong><em>1. FC Kaiserslautern \u2013 FC Schalke 04 (18.30 Uhr)<\/em><\/strong><br><img loading=\"lazy\" decoding=\"async\" width=\"10\" height=\"21\" class=\"wp-image-3656\" style=\"width: 10px;\" src=\"http:\/\/kommentatorenblog.de\/wp-content\/uploads\/2020\/09\/shure-55sh-ii-e1601485394796.jpg\" alt=\"\" srcset=\"https:\/\/kommentatorenblog.de\/wp-content\/uploads\/2020\/09\/shure-55sh-ii-e1601485394796.jpg 415w, https:\/\/kommentatorenblog.de\/wp-content\/uploads\/2020\/09\/shure-55sh-ii-e1601485394796-142x300.jpg 142w\" sizes=\"auto, (max-width: 10px) 100vw, 10px\" \/> Oliver Seidler<\/p>\n\n\n\n<p><strong><em>Hannover 96 \u2013 1. FC N\u00fcrnberg <\/em><\/strong><strong><em>(18.30 Uhr)<\/em><\/strong><br><img loading=\"lazy\" decoding=\"async\" width=\"10\" height=\"21\" class=\"wp-image-3656\" style=\"width: 10px;\" src=\"http:\/\/kommentatorenblog.de\/wp-content\/uploads\/2020\/09\/shure-55sh-ii-e1601485394796.jpg\" alt=\"\" srcset=\"https:\/\/kommentatorenblog.de\/wp-content\/uploads\/2020\/09\/shure-55sh-ii-e1601485394796.jpg 415w, https:\/\/kommentatorenblog.de\/wp-content\/uploads\/2020\/09\/shure-55sh-ii-e1601485394796-142x300.jpg 142w\" sizes=\"auto, (max-width: 10px) 100vw, 10px\" \/> Hansi K\u00fcpper<br>Field-Reporter: Sven T\u00f6llner<\/p>\n\n\n\n<p>Moderation (aus Kaiserslautern): Thomas Wagner<\/p>\n\n\n\n<p><span style=\"text-decoration: underline;\">Samstag, 27. Januar 2024, ab 12.30 Uhr (Sky)<\/span><\/p>\n\n\n\n<p><strong><em>Die Konferenz (13.00 Uhr)<\/em><\/strong><br><img loading=\"lazy\" decoding=\"async\" width=\"10\" height=\"21\" class=\"wp-image-3656\" style=\"width: 10px;\" src=\"http:\/\/kommentatorenblog.de\/wp-content\/uploads\/2020\/09\/shure-55sh-ii-e1601485394796.jpg\" alt=\"\" srcset=\"https:\/\/kommentatorenblog.de\/wp-content\/uploads\/2020\/09\/shure-55sh-ii-e1601485394796.jpg 415w, https:\/\/kommentatorenblog.de\/wp-content\/uploads\/2020\/09\/shure-55sh-ii-e1601485394796-142x300.jpg 142w\" sizes=\"auto, (max-width: 10px) 100vw, 10px\" \/> Marcel Meinert (Fokus auf WIE-BSC)<\/p>\n\n\n\n<p><strong><em>SV Wehen Wiesbaden \u2013 <strong><em><strong><em>Hertha BSC<\/em><\/strong> <\/em><\/strong>(13.00 Uhr)<\/em><\/strong><br><img loading=\"lazy\" decoding=\"async\" width=\"10\" height=\"21\" class=\"wp-image-3656\" style=\"width: 10px;\" src=\"http:\/\/kommentatorenblog.de\/wp-content\/uploads\/2020\/09\/shure-55sh-ii-e1601485394796.jpg\" alt=\"\" srcset=\"https:\/\/kommentatorenblog.de\/wp-content\/uploads\/2020\/09\/shure-55sh-ii-e1601485394796.jpg 415w, https:\/\/kommentatorenblog.de\/wp-content\/uploads\/2020\/09\/shure-55sh-ii-e1601485394796-142x300.jpg 142w\" sizes=\"auto, (max-width: 10px) 100vw, 10px\" \/> Dominik M\u00fcller<\/p>\n\n\n\n<p><strong><em><strong><em><strong><em><strong><em>F.C. Hansa Rostock <\/em><\/strong><\/em><\/strong><\/em><\/strong>\u2013 <strong><em><strong><em><strong><em>SV Elversberg<\/em><\/strong><\/em><\/strong><\/em><\/strong> (13.00 Uhr)<\/em><\/strong><br><img loading=\"lazy\" decoding=\"async\" width=\"10\" height=\"21\" class=\"wp-image-3656\" style=\"width: 10px;\" src=\"http:\/\/kommentatorenblog.de\/wp-content\/uploads\/2020\/09\/shure-55sh-ii-e1601485394796.jpg\" alt=\"\" srcset=\"https:\/\/kommentatorenblog.de\/wp-content\/uploads\/2020\/09\/shure-55sh-ii-e1601485394796.jpg 415w, https:\/\/kommentatorenblog.de\/wp-content\/uploads\/2020\/09\/shure-55sh-ii-e1601485394796-142x300.jpg 142w\" sizes=\"auto, (max-width: 10px) 100vw, 10px\" \/> Markus Gaupp<br>Field-Reporter: Marcus J\u00fcrgensen und Lisa de Ruiter<\/p>\n\n\n\n<p><strong><em><strong><em>VfL Osnabr\u00fcck <\/em><\/strong>\u2013 SC Paderborn 07 (13.00 Uhr)<\/em><\/strong><br><img loading=\"lazy\" decoding=\"async\" width=\"10\" height=\"21\" class=\"wp-image-3656\" style=\"width: 10px;\" src=\"http:\/\/kommentatorenblog.de\/wp-content\/uploads\/2020\/09\/shure-55sh-ii-e1601485394796.jpg\" alt=\"\" srcset=\"https:\/\/kommentatorenblog.de\/wp-content\/uploads\/2020\/09\/shure-55sh-ii-e1601485394796.jpg 415w, https:\/\/kommentatorenblog.de\/wp-content\/uploads\/2020\/09\/shure-55sh-ii-e1601485394796-142x300.jpg 142w\" sizes=\"auto, (max-width: 10px) 100vw, 10px\" \/> Sven Schr\u00f6ter<br>Field-Reporter: Marlon Irlbacher<\/p>\n\n\n\n<p>Moderation (aus Wiesbaden): Nele Schenker<\/p>\n\n\n\n<p><span style=\"text-decoration: underline;\">ab 19.30 Uhr (SPORT1) bzw. ab 20.00 Uhr (Sky)<\/span><\/p>\n\n\n\n<p><strong><em>Fortuna D\u00fcsseldorf \u2013 FC St. Pauli<\/em><\/strong> <strong><em>(20.30 Uhr)<\/em><\/strong><\/p>\n\n\n\n<p><img loading=\"lazy\" decoding=\"async\" width=\"10\" height=\"21\" class=\"wp-image-3656\" style=\"width: 10px;\" src=\"http:\/\/kommentatorenblog.de\/wp-content\/uploads\/2020\/09\/shure-55sh-ii-e1601485394796.jpg\" alt=\"\" srcset=\"https:\/\/kommentatorenblog.de\/wp-content\/uploads\/2020\/09\/shure-55sh-ii-e1601485394796.jpg 415w, https:\/\/kommentatorenblog.de\/wp-content\/uploads\/2020\/09\/shure-55sh-ii-e1601485394796-142x300.jpg 142w\" sizes=\"auto, (max-width: 10px) 100vw, 10px\" \/> <em>Sport1: <\/em>Markus H\u00f6hner<br>Field-Reporter (<em>Sport1<\/em>): Oliver M\u00fcller<br>Moderation (<em>Sport1<\/em>): Katharina Kleinfeldt, Experte: Olaf Thon<\/p>\n\n\n\n<p><img loading=\"lazy\" decoding=\"async\" width=\"10\" height=\"21\" class=\"wp-image-3656\" style=\"width: 10px;\" src=\"http:\/\/kommentatorenblog.de\/wp-content\/uploads\/2020\/09\/shure-55sh-ii-e1601485394796.jpg\" alt=\"\" srcset=\"https:\/\/kommentatorenblog.de\/wp-content\/uploads\/2020\/09\/shure-55sh-ii-e1601485394796.jpg 415w, https:\/\/kommentatorenblog.de\/wp-content\/uploads\/2020\/09\/shure-55sh-ii-e1601485394796-142x300.jpg 142w\" sizes=\"auto, (max-width: 10px) 100vw, 10px\" \/> <em>Sky<\/em>: Martin Gro\u00df, Experte: Torsten Mattuschka<br>Moderation (<em>Sky<\/em>): Stefan Hempel<\/p>\n\n\n\n<p><span style=\"text-decoration: underline;\">Sonntag, 28. Januar 2024, ab 13.00 Uhr (Sky)<\/span><\/p>\n\n\n\n<p><strong><em>Die Konferenz (13.30 Uhr)<\/em><\/strong><br><img loading=\"lazy\" decoding=\"async\" width=\"10\" height=\"21\" class=\"wp-image-3656\" style=\"width: 10px;\" src=\"http:\/\/kommentatorenblog.de\/wp-content\/uploads\/2020\/09\/shure-55sh-ii-e1601485394796.jpg\" alt=\"\" srcset=\"https:\/\/kommentatorenblog.de\/wp-content\/uploads\/2020\/09\/shure-55sh-ii-e1601485394796.jpg 415w, https:\/\/kommentatorenblog.de\/wp-content\/uploads\/2020\/09\/shure-55sh-ii-e1601485394796-142x300.jpg 142w\" sizes=\"auto, (max-width: 10px) 100vw, 10px\" \/> Hansi K\u00fcpper (Fokus auf HSV-KSC)<\/p>\n\n\n\n<p><strong><em>Hamburger SV \u2013 Karlsruher SC (13.30 Uhr)<\/em><\/strong><br><img loading=\"lazy\" decoding=\"async\" width=\"10\" height=\"21\" class=\"wp-image-3656\" style=\"width: 10px;\" src=\"http:\/\/kommentatorenblog.de\/wp-content\/uploads\/2020\/09\/shure-55sh-ii-e1601485394796.jpg\" alt=\"\" srcset=\"https:\/\/kommentatorenblog.de\/wp-content\/uploads\/2020\/09\/shure-55sh-ii-e1601485394796.jpg 415w, https:\/\/kommentatorenblog.de\/wp-content\/uploads\/2020\/09\/shure-55sh-ii-e1601485394796-142x300.jpg 142w\" sizes=\"auto, (max-width: 10px) 100vw, 10px\" \/> Oliver Seidler<\/p>\n\n\n\n<p><strong><em><strong><em>SpVgg Greuther F\u00fcrth<\/em><\/strong> \u2013 Holstein Kiel (13.30 Uhr)<\/em><\/strong><br><img loading=\"lazy\" decoding=\"async\" width=\"10\" height=\"21\" class=\"wp-image-3656\" style=\"width: 10px;\" src=\"http:\/\/kommentatorenblog.de\/wp-content\/uploads\/2020\/09\/shure-55sh-ii-e1601485394796.jpg\" alt=\"\" srcset=\"https:\/\/kommentatorenblog.de\/wp-content\/uploads\/2020\/09\/shure-55sh-ii-e1601485394796.jpg 415w, https:\/\/kommentatorenblog.de\/wp-content\/uploads\/2020\/09\/shure-55sh-ii-e1601485394796-142x300.jpg 142w\" sizes=\"auto, (max-width: 10px) 100vw, 10px\" \/> Toni Tomic<br>Field-Reporter: Roland Evers<\/p>\n\n\n\n<p><strong><em>Eintracht Braunschweig \u2013 <strong><em><strong><em>1. FC Magdeburg<\/em><\/strong><\/em><\/strong> (13.30 Uhr)<\/em><\/strong><br><img loading=\"lazy\" decoding=\"async\" width=\"10\" height=\"21\" class=\"wp-image-3656\" style=\"width: 10px;\" src=\"http:\/\/kommentatorenblog.de\/wp-content\/uploads\/2020\/09\/shure-55sh-ii-e1601485394796.jpg\" alt=\"\" srcset=\"https:\/\/kommentatorenblog.de\/wp-content\/uploads\/2020\/09\/shure-55sh-ii-e1601485394796.jpg 415w, https:\/\/kommentatorenblog.de\/wp-content\/uploads\/2020\/09\/shure-55sh-ii-e1601485394796-142x300.jpg 142w\" sizes=\"auto, (max-width: 10px) 100vw, 10px\" \/> Markus Gaupp<br>Field-Reporter: Philipp Hinze<\/p>\n\n\n\n<p>Moderation (aus Hamburg): Hartmut von Kameke, Experte: Torsten Mattuschka<\/p>\n\n\n\n<hr class=\"wp-block-separator is-style-default\"\/>\n\n\n\n<p><strong>3. Liga (GER), 23. Spieltag (Magenta Sport\/WDR\/SR)<\/strong><\/p>\n\n\n\n<p><span style=\"text-decoration: underline;\">Freitag, 26. Januar 2024, ab 18.30 Uhr (Magenta)<\/span> <\/p>\n\n\n\n<p><strong><em>Hallescher FC \u2013 SV Waldhof Mannheim (19.00 Uhr)<\/em><\/strong><br><img loading=\"lazy\" decoding=\"async\" width=\"10\" height=\"21\" class=\"wp-image-3656\" style=\"width: 10px;\" src=\"http:\/\/kommentatorenblog.de\/wp-content\/uploads\/2020\/09\/shure-55sh-ii-e1601485394796.jpg\" alt=\"\" srcset=\"https:\/\/kommentatorenblog.de\/wp-content\/uploads\/2020\/09\/shure-55sh-ii-e1601485394796.jpg 415w, https:\/\/kommentatorenblog.de\/wp-content\/uploads\/2020\/09\/shure-55sh-ii-e1601485394796-142x300.jpg 142w\" sizes=\"auto, (max-width: 10px) 100vw, 10px\" \/> Andreas Mann<br>Moderation: Stefanie Blochwitz, Experte: Martin Lanig<\/p>\n\n\n\n<p><span style=\"text-decoration: underline;\">Samstag, 27. Januar 2024, ab 13.30 Uhr (Magenta)<\/span><\/p>\n\n\n\n<p><strong><em>Die Konferenz (14.00Uhr)<\/em><\/strong><br><img loading=\"lazy\" decoding=\"async\" width=\"10\" height=\"21\" class=\"wp-image-3656\" style=\"width: 10px;\" src=\"http:\/\/kommentatorenblog.de\/wp-content\/uploads\/2020\/09\/shure-55sh-ii-e1601485394796.jpg\" alt=\"\" srcset=\"https:\/\/kommentatorenblog.de\/wp-content\/uploads\/2020\/09\/shure-55sh-ii-e1601485394796.jpg 415w, https:\/\/kommentatorenblog.de\/wp-content\/uploads\/2020\/09\/shure-55sh-ii-e1601485394796-142x300.jpg 142w\" sizes=\"auto, (max-width: 10px) 100vw, 10px\" \/> Sascha Bandermann, Experte: Toni Wachsmuth<\/p>\n\n\n\n<p><span style=\"text-decoration: underline;\">ab 13.45 Uhr (Magenta)<\/span><\/p>\n\n\n\n<p><strong><em>FC Viktoria K\u00f6ln \u2013 SpVgg Unterhaching (14.00 Uhr)<\/em><\/strong><br><img loading=\"lazy\" decoding=\"async\" width=\"10\" height=\"21\" class=\"wp-image-3656\" style=\"width: 10px;\" src=\"http:\/\/kommentatorenblog.de\/wp-content\/uploads\/2020\/09\/shure-55sh-ii-e1601485394796.jpg\" alt=\"\" srcset=\"https:\/\/kommentatorenblog.de\/wp-content\/uploads\/2020\/09\/shure-55sh-ii-e1601485394796.jpg 415w, https:\/\/kommentatorenblog.de\/wp-content\/uploads\/2020\/09\/shure-55sh-ii-e1601485394796-142x300.jpg 142w\" sizes=\"auto, (max-width: 10px) 100vw, 10px\" \/> Christian Stra\u00dfburger<br>Moderation: Kamila Benschop<\/p>\n\n\n\n<p><strong><em>Sport-Club Freiburg II \u2013 SC Verl (14.00 Uhr)<\/em><\/strong><br><img loading=\"lazy\" decoding=\"async\" width=\"10\" height=\"21\" class=\"wp-image-3656\" style=\"width: 10px;\" src=\"http:\/\/kommentatorenblog.de\/wp-content\/uploads\/2020\/09\/shure-55sh-ii-e1601485394796.jpg\" alt=\"\" srcset=\"https:\/\/kommentatorenblog.de\/wp-content\/uploads\/2020\/09\/shure-55sh-ii-e1601485394796.jpg 415w, https:\/\/kommentatorenblog.de\/wp-content\/uploads\/2020\/09\/shure-55sh-ii-e1601485394796-142x300.jpg 142w\" sizes=\"auto, (max-width: 10px) 100vw, 10px\" \/> Mario Bast<br>Moderation: Alexander K\u00fcpper<\/p>\n\n\n\n<p><strong><em>SSV Ulm 1846 \u2013 MSV Duisburg (14.00 Uhr)<\/em><\/strong><br><img loading=\"lazy\" decoding=\"async\" width=\"10\" height=\"21\" class=\"wp-image-3656\" style=\"width: 10px;\" src=\"http:\/\/kommentatorenblog.de\/wp-content\/uploads\/2020\/09\/shure-55sh-ii-e1601485394796.jpg\" alt=\"\" srcset=\"https:\/\/kommentatorenblog.de\/wp-content\/uploads\/2020\/09\/shure-55sh-ii-e1601485394796.jpg 415w, https:\/\/kommentatorenblog.de\/wp-content\/uploads\/2020\/09\/shure-55sh-ii-e1601485394796-142x300.jpg 142w\" sizes=\"auto, (max-width: 10px) 100vw, 10px\" \/> Franz B\u00fcchner<br>Moderation: Tobi Wahnschaffe<\/p>\n\n\n\n<p><span style=\"text-decoration: underline;\">ab 13.45 Uhr (Magenta) bzw. ab 14.00 Uhr (WDR)<\/span><\/p>\n\n\n\n<p><strong><em><strong><em>SSV Jahn Regensburg<\/em><\/strong> \u2013 DSC Arminia Bielefeld (14.00 Uhr)<\/em><\/strong><\/p>\n\n\n\n<p><img loading=\"lazy\" decoding=\"async\" width=\"10\" height=\"21\" class=\"wp-image-3656\" style=\"width: 10px;\" src=\"http:\/\/kommentatorenblog.de\/wp-content\/uploads\/2020\/09\/shure-55sh-ii-e1601485394796.jpg\" alt=\"\" srcset=\"https:\/\/kommentatorenblog.de\/wp-content\/uploads\/2020\/09\/shure-55sh-ii-e1601485394796.jpg 415w, https:\/\/kommentatorenblog.de\/wp-content\/uploads\/2020\/09\/shure-55sh-ii-e1601485394796-142x300.jpg 142w\" sizes=\"auto, (max-width: 10px) 100vw, 10px\" \/> <em>Magenta: <\/em>Oliver Forster<br>Moderation (<em>Magenta<\/em>): Jan L\u00fcdeke<\/p>\n\n\n\n<p><img loading=\"lazy\" decoding=\"async\" width=\"10\" height=\"21\" class=\"wp-image-3656\" style=\"width: 10px;\" src=\"http:\/\/kommentatorenblog.de\/wp-content\/uploads\/2020\/09\/shure-55sh-ii-e1601485394796.jpg\" alt=\"\" srcset=\"https:\/\/kommentatorenblog.de\/wp-content\/uploads\/2020\/09\/shure-55sh-ii-e1601485394796.jpg 415w, https:\/\/kommentatorenblog.de\/wp-content\/uploads\/2020\/09\/shure-55sh-ii-e1601485394796-142x300.jpg 142w\" sizes=\"auto, (max-width: 10px) 100vw, 10px\" \/> <em>WDR: <\/em>Stefan H\u00e4nsel<\/p>\n\n\n\n<p><span style=\"text-decoration: underline;\">ab 13.45 Uhr (Magenta) bzw. ab 14.00 Uhr (SR)<\/span><\/p>\n\n\n\n<p><strong><em>1. FC Saarbr\u00fccken \u2013 FC Ingolstadt 04 (14.00 Uhr)<\/em><\/strong><\/p>\n\n\n\n<p><img loading=\"lazy\" decoding=\"async\" width=\"10\" height=\"21\" class=\"wp-image-3656\" style=\"width: 10px;\" src=\"http:\/\/kommentatorenblog.de\/wp-content\/uploads\/2020\/09\/shure-55sh-ii-e1601485394796.jpg\" alt=\"\" srcset=\"https:\/\/kommentatorenblog.de\/wp-content\/uploads\/2020\/09\/shure-55sh-ii-e1601485394796.jpg 415w, https:\/\/kommentatorenblog.de\/wp-content\/uploads\/2020\/09\/shure-55sh-ii-e1601485394796-142x300.jpg 142w\" sizes=\"auto, (max-width: 10px) 100vw, 10px\" \/> <em>Magenta: <\/em>Alex Kunz<br>Moderation (<em>Magenta<\/em>): Thomas Wagner<\/p>\n\n\n\n<p><img loading=\"lazy\" decoding=\"async\" width=\"10\" height=\"21\" class=\"wp-image-3656\" style=\"width: 10px;\" src=\"http:\/\/kommentatorenblog.de\/wp-content\/uploads\/2020\/09\/shure-55sh-ii-e1601485394796.jpg\" alt=\"\" srcset=\"https:\/\/kommentatorenblog.de\/wp-content\/uploads\/2020\/09\/shure-55sh-ii-e1601485394796.jpg 415w, https:\/\/kommentatorenblog.de\/wp-content\/uploads\/2020\/09\/shure-55sh-ii-e1601485394796-142x300.jpg 142w\" sizes=\"auto, (max-width: 10px) 100vw, 10px\" \/> <em>SR: <\/em>Frank Grundhever<br>Moderation (<em>SR<\/em>): Thomas Braml, Experte: Philipp Wollscheid<\/p>\n\n\n\n<p><span style=\"text-decoration: underline;\">ab 16.15 Uhr (Magenta)<\/span><\/p>\n\n\n\n<p><strong><em>FC Erzgebirge Aue \u2013&nbsp;VfB L\u00fcbeck (16.30 Uhr)<\/em><\/strong><br><img loading=\"lazy\" decoding=\"async\" width=\"10\" height=\"21\" class=\"wp-image-3656\" style=\"width: 10px;\" src=\"http:\/\/kommentatorenblog.de\/wp-content\/uploads\/2020\/09\/shure-55sh-ii-e1601485394796.jpg\" alt=\"\" srcset=\"https:\/\/kommentatorenblog.de\/wp-content\/uploads\/2020\/09\/shure-55sh-ii-e1601485394796.jpg 415w, https:\/\/kommentatorenblog.de\/wp-content\/uploads\/2020\/09\/shure-55sh-ii-e1601485394796-142x300.jpg 142w\" sizes=\"auto, (max-width: 10px) 100vw, 10px\" \/> Benni Zander<br>Moderation: Hannes Jakobi<\/p>\n\n\n\n<p><span style=\"text-decoration: underline;\">Sonntag, <span style=\"text-decoration: underline;\">28. Januar 2024<\/span>, ab 13.15 Uhr (Magenta)<\/span> <\/p>\n\n\n\n<p><strong><em>SC Preu\u00dfen M\u00fcnster \u2013&nbsp;Rot-Weiss Essen (13.30 Uhr)<\/em><\/strong><br><img loading=\"lazy\" decoding=\"async\" width=\"10\" height=\"21\" class=\"wp-image-3656\" style=\"width: 10px;\" src=\"http:\/\/kommentatorenblog.de\/wp-content\/uploads\/2020\/09\/shure-55sh-ii-e1601485394796.jpg\" alt=\"\" srcset=\"https:\/\/kommentatorenblog.de\/wp-content\/uploads\/2020\/09\/shure-55sh-ii-e1601485394796.jpg 415w, https:\/\/kommentatorenblog.de\/wp-content\/uploads\/2020\/09\/shure-55sh-ii-e1601485394796-142x300.jpg 142w\" sizes=\"auto, (max-width: 10px) 100vw, 10px\" \/> Markus H\u00f6hner<br>Moderation: Gari Paubandt<\/p>\n\n\n\n<p><span style=\"text-decoration: underline;\">ab 16.15 Uhr (Magenta)<\/span><\/p>\n\n\n\n<p><strong><em>TSV 1860 M\u00fcnchen \u2013&nbsp;SV Sandhausen 1916 (16.30 Uhr)<\/em><\/strong><br><img loading=\"lazy\" decoding=\"async\" width=\"10\" height=\"21\" class=\"wp-image-3656\" style=\"width: 10px;\" src=\"http:\/\/kommentatorenblog.de\/wp-content\/uploads\/2020\/09\/shure-55sh-ii-e1601485394796.jpg\" alt=\"\" srcset=\"https:\/\/kommentatorenblog.de\/wp-content\/uploads\/2020\/09\/shure-55sh-ii-e1601485394796.jpg 415w, https:\/\/kommentatorenblog.de\/wp-content\/uploads\/2020\/09\/shure-55sh-ii-e1601485394796-142x300.jpg 142w\" sizes=\"auto, (max-width: 10px) 100vw, 10px\" \/> Alexander Klich<br>Moderation: Alexander K\u00fcpper<\/p>\n\n\n\n<p><span style=\"text-decoration: underline;\">ab 19.15 Uhr (Magenta)<\/span><\/p>\n\n\n\n<p><strong><em>SG Dynamo Dresden \u2013&nbsp;Borussia Dortmund II (19.30 Uhr)<\/em><\/strong><br><img loading=\"lazy\" decoding=\"async\" width=\"10\" height=\"21\" class=\"wp-image-3656\" style=\"width: 10px;\" src=\"http:\/\/kommentatorenblog.de\/wp-content\/uploads\/2020\/09\/shure-55sh-ii-e1601485394796.jpg\" alt=\"\" srcset=\"https:\/\/kommentatorenblog.de\/wp-content\/uploads\/2020\/09\/shure-55sh-ii-e1601485394796.jpg 415w, https:\/\/kommentatorenblog.de\/wp-content\/uploads\/2020\/09\/shure-55sh-ii-e1601485394796-142x300.jpg 142w\" sizes=\"auto, (max-width: 10px) 100vw, 10px\" \/> Andreas Mann<br>Moderation: Stefanie Blochwitz<\/p>\n\n\n\n<hr class=\"wp-block-separator\"\/>\n\n\n\n<p><strong>Regionalliga West, 19. Spieltag (MDR)<\/strong><\/p>\n\n\n\n<p><span style=\"text-decoration: underline;\">Freitag, 26. Januar 2024 (MDR-Livestream)<\/span><\/p>\n\n\n\n<p><strong><em>Chemnitzer FC &#8211; F.C. Hansa Rostock II (19.00 Uhr)<\/em><\/strong><br><img loading=\"lazy\" decoding=\"async\" width=\"10\" height=\"21\" class=\"wp-image-3656\" style=\"width: 10px;\" src=\"http:\/\/kommentatorenblog.de\/wp-content\/uploads\/2020\/09\/shure-55sh-ii-e1601485394796.jpg\" alt=\"\" srcset=\"https:\/\/kommentatorenblog.de\/wp-content\/uploads\/2020\/09\/shure-55sh-ii-e1601485394796.jpg 415w, https:\/\/kommentatorenblog.de\/wp-content\/uploads\/2020\/09\/shure-55sh-ii-e1601485394796-142x300.jpg 142w\" sizes=\"auto, (max-width: 10px) 100vw, 10px\" \/> Alexander K\u00fcpper<\/p>\n\n\n\n<p><span style=\"text-decoration: underline;\">Samstag, 27. Januar 2024 (MDR)<\/span><\/p>\n\n\n\n<p><strong><em>Rot-Wei\u00df Erfurt &#8211; Energie Cottbus (14.00 Uhr)<\/em><\/strong><br><img loading=\"lazy\" decoding=\"async\" width=\"10\" height=\"21\" class=\"wp-image-3656\" style=\"width: 10px;\" src=\"http:\/\/kommentatorenblog.de\/wp-content\/uploads\/2020\/09\/shure-55sh-ii-e1601485394796.jpg\" alt=\"\" srcset=\"https:\/\/kommentatorenblog.de\/wp-content\/uploads\/2020\/09\/shure-55sh-ii-e1601485394796.jpg 415w, https:\/\/kommentatorenblog.de\/wp-content\/uploads\/2020\/09\/shure-55sh-ii-e1601485394796-142x300.jpg 142w\" sizes=\"auto, (max-width: 10px) 100vw, 10px\" \/> Torsten P\u00fcschel, Experte: Lutz Lindemann<br>Moderation: Tom Scheunemann<\/p>\n\n\n\n<hr class=\"wp-block-separator is-style-default\"\/>\n\n\n\n<p><strong>FA Cup (ENG), Vierte Runde (DAZN)<\/strong><\/p>\n\n\n\n<p><span style=\"text-decoration: underline;\">Freitag, <span style=\"text-decoration: underline;\">26. Januar 2024<\/span><\/span><\/p>\n\n\n\n<p><strong style=\"font-style: italic;\">FC Chelsea \u2013 Aston Villa<\/strong> <em><strong>(20.45 Uhr)<\/strong><\/em><br><img loading=\"lazy\" decoding=\"async\" width=\"10\" height=\"21\" class=\"wp-image-3656\" style=\"width: 10px;\" src=\"http:\/\/kommentatorenblog.de\/wp-content\/uploads\/2020\/09\/shure-55sh-ii-e1601485394796.jpg\" alt=\"\" srcset=\"https:\/\/kommentatorenblog.de\/wp-content\/uploads\/2020\/09\/shure-55sh-ii-e1601485394796.jpg 415w, https:\/\/kommentatorenblog.de\/wp-content\/uploads\/2020\/09\/shure-55sh-ii-e1601485394796-142x300.jpg 142w\" sizes=\"auto, (max-width: 10px) 100vw, 10px\" \/> Max Gross<\/p>\n\n\n\n<p><strong style=\"font-style: italic;\">Tottenham Hotspur \u2013 <strong style=\"font-style: italic;\">Manchester City<\/strong><\/strong> <em><strong>(21.00 Uhr)<\/strong><\/em><br><img loading=\"lazy\" decoding=\"async\" width=\"10\" height=\"21\" class=\"wp-image-3656\" style=\"width: 10px;\" src=\"http:\/\/kommentatorenblog.de\/wp-content\/uploads\/2020\/09\/shure-55sh-ii-e1601485394796.jpg\" alt=\"\" srcset=\"https:\/\/kommentatorenblog.de\/wp-content\/uploads\/2020\/09\/shure-55sh-ii-e1601485394796.jpg 415w, https:\/\/kommentatorenblog.de\/wp-content\/uploads\/2020\/09\/shure-55sh-ii-e1601485394796-142x300.jpg 142w\" sizes=\"auto, (max-width: 10px) 100vw, 10px\" \/> Uli Hebel, Experte: Sebastian Knei\u00dfl<\/p>\n\n\n\n<p><span style=\"text-decoration: underline;\">Samstag, <span style=\"text-decoration: underline;\">27. Januar 2024<\/span><\/span><\/p>\n\n\n\n<p><strong style=\"font-style: italic;\">Ipswich Town \u2013 Maidstone United<\/strong> <em><strong>(13.30 Uhr)<\/strong><\/em><br><img loading=\"lazy\" decoding=\"async\" width=\"10\" height=\"21\" class=\"wp-image-3656\" style=\"width: 10px;\" src=\"http:\/\/kommentatorenblog.de\/wp-content\/uploads\/2020\/09\/shure-55sh-ii-e1601485394796.jpg\" alt=\"\" srcset=\"https:\/\/kommentatorenblog.de\/wp-content\/uploads\/2020\/09\/shure-55sh-ii-e1601485394796.jpg 415w, https:\/\/kommentatorenblog.de\/wp-content\/uploads\/2020\/09\/shure-55sh-ii-e1601485394796-142x300.jpg 142w\" sizes=\"auto, (max-width: 10px) 100vw, 10px\" \/> Korbinian Rundel<\/p>\n\n\n\n<p><strong style=\"font-style: italic;\">FC Everton \u2013 <strong style=\"font-style: italic;\">Luton Town<\/strong><\/strong> <em><strong>(16.00 Uhr)<\/strong><\/em><br><img loading=\"lazy\" decoding=\"async\" width=\"10\" height=\"21\" class=\"wp-image-3656\" style=\"width: 10px;\" src=\"http:\/\/kommentatorenblog.de\/wp-content\/uploads\/2020\/09\/shure-55sh-ii-e1601485394796.jpg\" alt=\"\" srcset=\"https:\/\/kommentatorenblog.de\/wp-content\/uploads\/2020\/09\/shure-55sh-ii-e1601485394796.jpg 415w, https:\/\/kommentatorenblog.de\/wp-content\/uploads\/2020\/09\/shure-55sh-ii-e1601485394796-142x300.jpg 142w\" sizes=\"auto, (max-width: 10px) 100vw, 10px\" \/> Manuel Angstenberger<\/p>\n\n\n\n<p><strong style=\"font-style: italic;\">Sheffield United \u2013 <strong style=\"font-style: italic;\">Brighton &amp; Hove Albion<\/strong><\/strong> <em><strong>(16.00 Uhr)<\/strong><\/em><br><img loading=\"lazy\" decoding=\"async\" width=\"10\" height=\"21\" class=\"wp-image-3656\" style=\"width: 10px;\" src=\"http:\/\/kommentatorenblog.de\/wp-content\/uploads\/2020\/09\/shure-55sh-ii-e1601485394796.jpg\" alt=\"\" srcset=\"https:\/\/kommentatorenblog.de\/wp-content\/uploads\/2020\/09\/shure-55sh-ii-e1601485394796.jpg 415w, https:\/\/kommentatorenblog.de\/wp-content\/uploads\/2020\/09\/shure-55sh-ii-e1601485394796-142x300.jpg 142w\" sizes=\"auto, (max-width: 10px) 100vw, 10px\" \/> Andreas Renner<\/p>\n\n\n\n<p><strong style=\"font-style: italic;\">FC Fulham \u2013 <strong style=\"font-style: italic;\">Newcastle United<\/strong><\/strong> <em><strong>(20.00 Uhr)<\/strong><\/em><br><img loading=\"lazy\" decoding=\"async\" width=\"10\" height=\"21\" class=\"wp-image-3656\" style=\"width: 10px;\" src=\"http:\/\/kommentatorenblog.de\/wp-content\/uploads\/2020\/09\/shure-55sh-ii-e1601485394796.jpg\" alt=\"\" srcset=\"https:\/\/kommentatorenblog.de\/wp-content\/uploads\/2020\/09\/shure-55sh-ii-e1601485394796.jpg 415w, https:\/\/kommentatorenblog.de\/wp-content\/uploads\/2020\/09\/shure-55sh-ii-e1601485394796-142x300.jpg 142w\" sizes=\"auto, (max-width: 10px) 100vw, 10px\" \/> Michael Born<\/p>\n\n\n\n<p><span style=\"text-decoration: underline;\">Sonntag, <span style=\"text-decoration: underline;\">28. Januar 2024<\/span><\/span><\/p>\n\n\n\n<p><strong style=\"font-style: italic;\">West Bromwich Albion \u2013 Wolverhampton Wanderers<\/strong> <em><strong>(12.45 Uhr)<\/strong><\/em><br><img loading=\"lazy\" decoding=\"async\" width=\"10\" height=\"21\" class=\"wp-image-3656\" style=\"width: 10px;\" src=\"http:\/\/kommentatorenblog.de\/wp-content\/uploads\/2020\/09\/shure-55sh-ii-e1601485394796.jpg\" alt=\"\" srcset=\"https:\/\/kommentatorenblog.de\/wp-content\/uploads\/2020\/09\/shure-55sh-ii-e1601485394796.jpg 415w, https:\/\/kommentatorenblog.de\/wp-content\/uploads\/2020\/09\/shure-55sh-ii-e1601485394796-142x300.jpg 142w\" sizes=\"auto, (max-width: 10px) 100vw, 10px\" \/> Michael Brandes<\/p>\n\n\n\n<p><strong style=\"font-style: italic;\">FC Liverpool \u2013 Norwich City<\/strong> <em><strong>(15.30 Uhr)<\/strong><\/em><br><img loading=\"lazy\" decoding=\"async\" width=\"10\" height=\"21\" class=\"wp-image-3656\" style=\"width: 10px;\" src=\"http:\/\/kommentatorenblog.de\/wp-content\/uploads\/2020\/09\/shure-55sh-ii-e1601485394796.jpg\" alt=\"\" srcset=\"https:\/\/kommentatorenblog.de\/wp-content\/uploads\/2020\/09\/shure-55sh-ii-e1601485394796.jpg 415w, https:\/\/kommentatorenblog.de\/wp-content\/uploads\/2020\/09\/shure-55sh-ii-e1601485394796-142x300.jpg 142w\" sizes=\"auto, (max-width: 10px) 100vw, 10px\" \/> Marco Hagemann, Experte: Jonas Hummels<\/p>\n\n\n\n<p><strong style=\"font-style: italic;\">AFC Newport County \u2013 Manchester United<\/strong> <em><strong>(17.30 Uhr)<\/strong><\/em><br><img loading=\"lazy\" decoding=\"async\" width=\"10\" height=\"21\" class=\"wp-image-3656\" style=\"width: 10px;\" src=\"http:\/\/kommentatorenblog.de\/wp-content\/uploads\/2020\/09\/shure-55sh-ii-e1601485394796.jpg\" alt=\"\" srcset=\"https:\/\/kommentatorenblog.de\/wp-content\/uploads\/2020\/09\/shure-55sh-ii-e1601485394796.jpg 415w, https:\/\/kommentatorenblog.de\/wp-content\/uploads\/2020\/09\/shure-55sh-ii-e1601485394796-142x300.jpg 142w\" sizes=\"auto, (max-width: 10px) 100vw, 10px\" \/> Tom Kirsten<\/p>\n\n\n\n<p><span style=\"text-decoration: underline;\">Montag, <span style=\"text-decoration: underline;\">29. Januar 2024<\/span><\/span><\/p>\n\n\n\n<p><strong style=\"font-style: italic;\">Blackburn Rovers \u2013 AFC Wrexham<\/strong> <em><strong>(20.30 Uhr)<\/strong><\/em><br><img loading=\"lazy\" decoding=\"async\" width=\"10\" height=\"21\" class=\"wp-image-3656\" style=\"width: 10px;\" src=\"http:\/\/kommentatorenblog.de\/wp-content\/uploads\/2020\/09\/shure-55sh-ii-e1601485394796.jpg\" alt=\"\" srcset=\"https:\/\/kommentatorenblog.de\/wp-content\/uploads\/2020\/09\/shure-55sh-ii-e1601485394796.jpg 415w, https:\/\/kommentatorenblog.de\/wp-content\/uploads\/2020\/09\/shure-55sh-ii-e1601485394796-142x300.jpg 142w\" sizes=\"auto, (max-width: 10px) 100vw, 10px\" \/> Adrian Geiler<\/p>\n\n\n\n<hr class=\"wp-block-separator\"\/>\n\n\n\n<p><strong>FA Women&#8217;s Soccer League, 12. Spieltag (Sky)<\/strong><\/p>\n\n\n\n<p><span style=\"text-decoration: underline;\">Sonntag, 28. Januar 2024, ab 17.15 Uhr<\/span><\/p>\n\n\n\n<p><strong><em>FC Liverpool &#8211; FC Arsenal (17.30 Uhr)<\/em><\/strong><br><img loading=\"lazy\" decoding=\"async\" width=\"10\" height=\"21\" class=\"wp-image-3656\" style=\"width: 10px;\" src=\"http:\/\/kommentatorenblog.de\/wp-content\/uploads\/2020\/09\/shure-55sh-ii-e1601485394796.jpg\" alt=\"\" srcset=\"https:\/\/kommentatorenblog.de\/wp-content\/uploads\/2020\/09\/shure-55sh-ii-e1601485394796.jpg 415w, https:\/\/kommentatorenblog.de\/wp-content\/uploads\/2020\/09\/shure-55sh-ii-e1601485394796-142x300.jpg 142w\" sizes=\"auto, (max-width: 10px) 100vw, 10px\" \/> Florian Malburg, Expertin: Rachel Rinast<\/p>\n\n\n\n<hr class=\"wp-block-separator is-style-default\"\/>\n\n\n\n<p><strong>LaLiga (ESP), 22. Spieltag (DAZN)<\/strong><\/p>\n\n\n\n<p><span style=\"text-decoration: underline;\">Samstag, <span style=\"text-decoration: underline;\">27. Januar 2024<\/span><\/span><\/p>\n\n\n\n<p><strong style=\"font-style: italic;\">Real Sociedad <strong><em><span><b style=\"font-style: italic;\">\u2013<\/b><\/span><\/em><\/strong><\/strong> <em><strong>Rayo Vallecano (14.00 Uhr)<\/strong><\/em> <br><img loading=\"lazy\" decoding=\"async\" width=\"10\" height=\"21\" class=\"wp-image-3656\" style=\"width: 10px;\" src=\"http:\/\/kommentatorenblog.de\/wp-content\/uploads\/2020\/09\/shure-55sh-ii-e1601485394796.jpg\" alt=\"\" srcset=\"https:\/\/kommentatorenblog.de\/wp-content\/uploads\/2020\/09\/shure-55sh-ii-e1601485394796.jpg 415w, https:\/\/kommentatorenblog.de\/wp-content\/uploads\/2020\/09\/shure-55sh-ii-e1601485394796-142x300.jpg 142w\" sizes=\"auto, (max-width: 10px) 100vw, 10px\" \/> Matthias Naebers<\/p>\n\n\n\n<p><strong style=\"font-style: italic;\">UD Las Palmas <strong><em><span><b style=\"font-style: italic;\">\u2013<\/b><\/span><\/em><\/strong><\/strong> <em><strong>Real Madrid (16.15 Uhr)<\/strong><\/em> <br><img loading=\"lazy\" decoding=\"async\" width=\"10\" height=\"21\" class=\"wp-image-3656\" style=\"width: 10px;\" src=\"http:\/\/kommentatorenblog.de\/wp-content\/uploads\/2020\/09\/shure-55sh-ii-e1601485394796.jpg\" alt=\"\" srcset=\"https:\/\/kommentatorenblog.de\/wp-content\/uploads\/2020\/09\/shure-55sh-ii-e1601485394796.jpg 415w, https:\/\/kommentatorenblog.de\/wp-content\/uploads\/2020\/09\/shure-55sh-ii-e1601485394796-142x300.jpg 142w\" sizes=\"auto, (max-width: 10px) 100vw, 10px\" \/> Tobi Fischbeck<\/p>\n\n\n\n<p><strong style=\"font-style: italic;\"><strong style=\"font-style: italic;\">FC Barcelona<\/strong> <strong><em><span><b style=\"font-style: italic;\">\u2013<\/b><\/span><\/em><\/strong><\/strong> <em><strong>FC Villarreal (18.30 Uhr)<\/strong><\/em> <br><img loading=\"lazy\" decoding=\"async\" width=\"10\" height=\"21\" class=\"wp-image-3656\" style=\"width: 10px;\" src=\"http:\/\/kommentatorenblog.de\/wp-content\/uploads\/2020\/09\/shure-55sh-ii-e1601485394796.jpg\" alt=\"\" srcset=\"https:\/\/kommentatorenblog.de\/wp-content\/uploads\/2020\/09\/shure-55sh-ii-e1601485394796.jpg 415w, https:\/\/kommentatorenblog.de\/wp-content\/uploads\/2020\/09\/shure-55sh-ii-e1601485394796-142x300.jpg 142w\" sizes=\"auto, (max-width: 10px) 100vw, 10px\" \/> Uwe Morawe, Experte: Michi Hofmann<\/p>\n\n\n\n<p><span style=\"text-decoration: underline;\">Sonntag, <span style=\"text-decoration: underline;\">28. Januar 2024<\/span><\/span><\/p>\n\n\n\n<p><strong style=\"font-style: italic;\"><strong style=\"font-style: italic;\">Celta Vigo <\/strong><strong><em><span><b style=\"font-style: italic;\">\u2013<\/b><\/span><\/em><\/strong><\/strong> <em><strong>FC Girona (14.00 Uhr)<\/strong><\/em> <br><img loading=\"lazy\" decoding=\"async\" width=\"10\" height=\"21\" class=\"wp-image-3656\" style=\"width: 10px;\" src=\"http:\/\/kommentatorenblog.de\/wp-content\/uploads\/2020\/09\/shure-55sh-ii-e1601485394796.jpg\" alt=\"\" srcset=\"https:\/\/kommentatorenblog.de\/wp-content\/uploads\/2020\/09\/shure-55sh-ii-e1601485394796.jpg 415w, https:\/\/kommentatorenblog.de\/wp-content\/uploads\/2020\/09\/shure-55sh-ii-e1601485394796-142x300.jpg 142w\" sizes=\"auto, (max-width: 10px) 100vw, 10px\" \/> Marcel Seufert<\/p>\n\n\n\n<p><strong style=\"font-style: italic;\"><strong style=\"font-style: italic;\">Atl\u00e9tico Madrid<\/strong> <strong><em><span><b style=\"font-style: italic;\">\u2013<\/b><\/span><\/em><\/strong><\/strong> <em><strong>FC Valencia (21.00 Uhr)<\/strong><\/em> <br><img loading=\"lazy\" decoding=\"async\" width=\"10\" height=\"21\" class=\"wp-image-3656\" style=\"width: 10px;\" src=\"http:\/\/kommentatorenblog.de\/wp-content\/uploads\/2020\/09\/shure-55sh-ii-e1601485394796.jpg\" alt=\"\" srcset=\"https:\/\/kommentatorenblog.de\/wp-content\/uploads\/2020\/09\/shure-55sh-ii-e1601485394796.jpg 415w, https:\/\/kommentatorenblog.de\/wp-content\/uploads\/2020\/09\/shure-55sh-ii-e1601485394796-142x300.jpg 142w\" sizes=\"auto, (max-width: 10px) 100vw, 10px\" \/> Nico Seepe<\/p>\n\n\n\n<hr class=\"wp-block-separator is-style-default\"\/>\n\n\n\n<p><strong>Serie A (ITA), 21. Spieltag (DAZN)<\/strong><\/p>\n\n\n\n<p><span style=\"text-decoration: underline;\">Samstag, 27. Januar 2024 <\/span><\/p>\n\n\n\n<p><strong style=\"font-style: italic;\">Juventus Turin <strong><em><span><b style=\"font-style: italic;\">\u2013<\/b><\/span><\/em><\/strong><\/strong> <em><strong>FC Empoli (18.00 Uhr)<\/strong><\/em> <br><img loading=\"lazy\" decoding=\"async\" width=\"10\" height=\"21\" class=\"wp-image-3656\" style=\"width: 10px;\" src=\"http:\/\/kommentatorenblog.de\/wp-content\/uploads\/2020\/09\/shure-55sh-ii-e1601485394796.jpg\" alt=\"\" srcset=\"https:\/\/kommentatorenblog.de\/wp-content\/uploads\/2020\/09\/shure-55sh-ii-e1601485394796.jpg 415w, https:\/\/kommentatorenblog.de\/wp-content\/uploads\/2020\/09\/shure-55sh-ii-e1601485394796-142x300.jpg 142w\" sizes=\"auto, (max-width: 10px) 100vw, 10px\" \/> Oliver Fa\u00dfnacht<\/p>\n\n\n\n<p><strong style=\"font-style: italic;\"><em><strong>AC Mailand<\/strong><\/em> <strong><em><span><b style=\"font-style: italic;\">\u2013<\/b><\/span><\/em><\/strong><\/strong> <em><strong>FC Bologna (20.45 Uhr)<\/strong><\/em> <br><img loading=\"lazy\" decoding=\"async\" width=\"10\" height=\"21\" class=\"wp-image-3656\" style=\"width: 10px;\" src=\"http:\/\/kommentatorenblog.de\/wp-content\/uploads\/2020\/09\/shure-55sh-ii-e1601485394796.jpg\" alt=\"\" srcset=\"https:\/\/kommentatorenblog.de\/wp-content\/uploads\/2020\/09\/shure-55sh-ii-e1601485394796.jpg 415w, https:\/\/kommentatorenblog.de\/wp-content\/uploads\/2020\/09\/shure-55sh-ii-e1601485394796-142x300.jpg 142w\" sizes=\"auto, (max-width: 10px) 100vw, 10px\" \/> Flo Hauser<\/p>\n\n\n\n<p><span style=\"text-decoration: underline;\">Sonntag, <span style=\"text-decoration: underline;\">28. Januar 2024<\/span><\/span><\/p>\n\n\n\n<p><strong style=\"font-style: italic;\">Lazio Rom <strong><em><span><b style=\"font-style: italic;\">\u2013<\/b><\/span><\/em><\/strong><\/strong> <em><strong>SSC Neapel (18.00 Uhr)<\/strong><\/em> <br><img loading=\"lazy\" decoding=\"async\" width=\"10\" height=\"21\" class=\"wp-image-3656\" style=\"width: 10px;\" src=\"http:\/\/kommentatorenblog.de\/wp-content\/uploads\/2020\/09\/shure-55sh-ii-e1601485394796.jpg\" alt=\"\" srcset=\"https:\/\/kommentatorenblog.de\/wp-content\/uploads\/2020\/09\/shure-55sh-ii-e1601485394796.jpg 415w, https:\/\/kommentatorenblog.de\/wp-content\/uploads\/2020\/09\/shure-55sh-ii-e1601485394796-142x300.jpg 142w\" sizes=\"auto, (max-width: 10px) 100vw, 10px\" \/> Christoph Stadtler, Experte: Christian Bernhard<\/p>\n\n\n\n<p><strong style=\"font-style: italic;\">AC Florenz <strong><em><span><b style=\"font-style: italic;\">\u2013<\/b><\/span><\/em><\/strong><\/strong> <em><strong>Inter Mailand (20.45 Uhr)<\/strong><\/em> <br><img loading=\"lazy\" decoding=\"async\" width=\"10\" height=\"21\" class=\"wp-image-3656\" style=\"width: 10px;\" src=\"http:\/\/kommentatorenblog.de\/wp-content\/uploads\/2020\/09\/shure-55sh-ii-e1601485394796.jpg\" alt=\"\" srcset=\"https:\/\/kommentatorenblog.de\/wp-content\/uploads\/2020\/09\/shure-55sh-ii-e1601485394796.jpg 415w, https:\/\/kommentatorenblog.de\/wp-content\/uploads\/2020\/09\/shure-55sh-ii-e1601485394796-142x300.jpg 142w\" sizes=\"auto, (max-width: 10px) 100vw, 10px\" \/> Carsten Fu\u00df<\/p>\n\n\n\n<p><span style=\"text-decoration: underline;\">Montag, <span style=\"text-decoration: underline;\">29. Januar 2024<\/span><\/span><\/p>\n\n\n\n<p><strong style=\"font-style: italic;\">US Salernitana <strong><em><span><b style=\"font-style: italic;\">\u2013<\/b><\/span><\/em><\/strong><\/strong> <em><strong>AS Rom (20.45 Uhr)<\/strong><\/em> <br><img loading=\"lazy\" decoding=\"async\" width=\"10\" height=\"21\" class=\"wp-image-3656\" style=\"width: 10px;\" src=\"http:\/\/kommentatorenblog.de\/wp-content\/uploads\/2020\/09\/shure-55sh-ii-e1601485394796.jpg\" alt=\"\" srcset=\"https:\/\/kommentatorenblog.de\/wp-content\/uploads\/2020\/09\/shure-55sh-ii-e1601485394796.jpg 415w, https:\/\/kommentatorenblog.de\/wp-content\/uploads\/2020\/09\/shure-55sh-ii-e1601485394796-142x300.jpg 142w\" sizes=\"auto, (max-width: 10px) 100vw, 10px\" \/> Tobias Fischbeck<\/p>\n\n\n\n<hr class=\"wp-block-separator is-style-default\"\/>\n\n\n\n<p><strong>Ligue 1 (FRA), 19. Spieltag (DAZN)<\/strong><\/p>\n\n\n\n<p><span style=\"text-decoration: underline;\">Samstag, <span style=\"text-decoration: underline;\">27. Januar 2024<\/span><\/span><\/p>\n\n\n\n<p><strong style=\"font-style: italic;\">Olympique Marseille<\/strong> <strong style=\"font-style: italic;\"><em><strong>\u2013<\/strong><\/em> AS Monaco <\/strong><em><strong>(21.00 Uhr)<\/strong><\/em> <br><img loading=\"lazy\" decoding=\"async\" width=\"10\" height=\"21\" class=\"wp-image-3656\" style=\"width: 10px;\" src=\"http:\/\/kommentatorenblog.de\/wp-content\/uploads\/2020\/09\/shure-55sh-ii-e1601485394796.jpg\" alt=\"\" srcset=\"https:\/\/kommentatorenblog.de\/wp-content\/uploads\/2020\/09\/shure-55sh-ii-e1601485394796.jpg 415w, https:\/\/kommentatorenblog.de\/wp-content\/uploads\/2020\/09\/shure-55sh-ii-e1601485394796-142x300.jpg 142w\" sizes=\"auto, (max-width: 10px) 100vw, 10px\" \/> Alexis Menuge<\/p>\n\n\n\n<p><span style=\"text-decoration: underline;\">Sonntag, <span style=\"text-decoration: underline;\">28. Januar 2024<\/span><\/span><\/p>\n\n\n\n<p><strong style=\"font-style: italic;\">Paris Saint-Germain<\/strong> <strong style=\"font-style: italic;\"><em><strong>\u2013<\/strong><\/em> Stade Brest <\/strong><em><strong>(20.45 Uhr)<\/strong><\/em> <br><img loading=\"lazy\" decoding=\"async\" width=\"10\" height=\"21\" class=\"wp-image-3656\" style=\"width: 10px;\" src=\"http:\/\/kommentatorenblog.de\/wp-content\/uploads\/2020\/09\/shure-55sh-ii-e1601485394796.jpg\" alt=\"\" srcset=\"https:\/\/kommentatorenblog.de\/wp-content\/uploads\/2020\/09\/shure-55sh-ii-e1601485394796.jpg 415w, https:\/\/kommentatorenblog.de\/wp-content\/uploads\/2020\/09\/shure-55sh-ii-e1601485394796-142x300.jpg 142w\" sizes=\"auto, (max-width: 10px) 100vw, 10px\" \/> Stefan Galler<\/p>\n\n\n\n<hr class=\"wp-block-separator is-style-default\"\/>\n\n\n\n<p><strong>Primeira Liga (POR), 18. Spieltag (Sportdigital Fu\u00dfball)<\/strong><\/p>\n\n\n\n<p><span style=\"text-decoration: underline;\">Sonntag, <span style=\"text-decoration: underline;\">28. Januar 2024<\/span><\/span><\/p>\n\n\n\n<p><strong style=\"font-style: italic;\">SC Farense<\/strong> <strong style=\"font-style: italic;\"><em><strong>\u2013<\/strong><\/em> FC Porto <\/strong><em><strong>(19.00 Uhr)<\/strong><\/em> <br><img loading=\"lazy\" decoding=\"async\" width=\"10\" height=\"21\" class=\"wp-image-3656\" style=\"width: 10px;\" src=\"http:\/\/kommentatorenblog.de\/wp-content\/uploads\/2020\/09\/shure-55sh-ii-e1601485394796.jpg\" alt=\"\" srcset=\"https:\/\/kommentatorenblog.de\/wp-content\/uploads\/2020\/09\/shure-55sh-ii-e1601485394796.jpg 415w, https:\/\/kommentatorenblog.de\/wp-content\/uploads\/2020\/09\/shure-55sh-ii-e1601485394796-142x300.jpg 142w\" sizes=\"auto, (max-width: 10px) 100vw, 10px\" \/> J\u00f6rg Steiger<\/p>\n\n\n\n<hr class=\"wp-block-separator is-style-default\"\/>\n\n\n\n<p><strong>Division 1A (BEL), 22. Spieltag (Sport1+)<\/strong><\/p>\n\n\n\n<p><span style=\"text-decoration: underline;\">Sonntag, 28. Januar 2024<\/span><\/p>\n\n\n\n<p><strong><em>VV St. Truiden &#8211; KRC Genk (13.30 Uhr)<\/em><\/strong><br><img loading=\"lazy\" decoding=\"async\" width=\"10\" height=\"21\" class=\"wp-image-3656\" style=\"width: 10px;\" src=\"http:\/\/kommentatorenblog.de\/wp-content\/uploads\/2020\/09\/shure-55sh-ii-e1601485394796.jpg\" alt=\"\" srcset=\"https:\/\/kommentatorenblog.de\/wp-content\/uploads\/2020\/09\/shure-55sh-ii-e1601485394796.jpg 415w, https:\/\/kommentatorenblog.de\/wp-content\/uploads\/2020\/09\/shure-55sh-ii-e1601485394796-142x300.jpg 142w\" sizes=\"auto, (max-width: 10px) 100vw, 10px\" \/> Hajo Wolff<\/p>\n\n\n\n<p><strong><em>RSC Anderlecht &#8211; Royale Union Saint-Gilloise (18.30 Uhr)<\/em><\/strong><br><img loading=\"lazy\" decoding=\"async\" width=\"10\" height=\"21\" class=\"wp-image-3656\" style=\"width: 10px;\" src=\"http:\/\/kommentatorenblog.de\/wp-content\/uploads\/2020\/09\/shure-55sh-ii-e1601485394796.jpg\" alt=\"\" srcset=\"https:\/\/kommentatorenblog.de\/wp-content\/uploads\/2020\/09\/shure-55sh-ii-e1601485394796.jpg 415w, https:\/\/kommentatorenblog.de\/wp-content\/uploads\/2020\/09\/shure-55sh-ii-e1601485394796-142x300.jpg 142w\" sizes=\"auto, (max-width: 10px) 100vw, 10px\" \/> Manfred Winter<\/p>\n\n\n\n<hr class=\"wp-block-separator is-style-default\"\/>\n\n\n\n<p><strong>A-League (AUS), 14. Spieltag (Sportdigital Fu\u00dfball)<\/strong><\/p>\n\n\n\n<p><span style=\"text-decoration: underline;\">Freitag, <span style=\"text-decoration: underline;\">26. Januar 2024<\/span><\/span><\/p>\n\n\n\n<p><strong style=\"font-style: italic;\"><strong style=\"font-style: italic;\">Melbourne Victory<\/strong> <em><strong>\u2013<\/strong><\/em> Sydney FC <\/strong><em><strong>(09.45 Uhr)<\/strong><\/em> <br><img loading=\"lazy\" decoding=\"async\" width=\"10\" height=\"21\" class=\"wp-image-3656\" style=\"width: 10px;\" src=\"http:\/\/kommentatorenblog.de\/wp-content\/uploads\/2020\/09\/shure-55sh-ii-e1601485394796.jpg\" alt=\"\" srcset=\"https:\/\/kommentatorenblog.de\/wp-content\/uploads\/2020\/09\/shure-55sh-ii-e1601485394796.jpg 415w, https:\/\/kommentatorenblog.de\/wp-content\/uploads\/2020\/09\/shure-55sh-ii-e1601485394796-142x300.jpg 142w\" sizes=\"auto, (max-width: 10px) 100vw, 10px\" \/> Henrik Hinrichsen<\/p>\n\n\n\n<p><span style=\"text-decoration: underline;\">Samstag, <span style=\"text-decoration: underline;\">27. Januar 2024<\/span><\/span><\/p>\n\n\n\n<p><strong style=\"font-style: italic;\"><strong style=\"font-style: italic;\">Central Coast Mariners<\/strong> <em><strong>\u2013<\/strong><\/em> Brisbane Roar <\/strong><em><strong>(09.45 Uhr)<\/strong><\/em> <br><img loading=\"lazy\" decoding=\"async\" width=\"10\" height=\"21\" class=\"wp-image-3656\" style=\"width: 10px;\" src=\"http:\/\/kommentatorenblog.de\/wp-content\/uploads\/2020\/09\/shure-55sh-ii-e1601485394796.jpg\" alt=\"\" srcset=\"https:\/\/kommentatorenblog.de\/wp-content\/uploads\/2020\/09\/shure-55sh-ii-e1601485394796.jpg 415w, https:\/\/kommentatorenblog.de\/wp-content\/uploads\/2020\/09\/shure-55sh-ii-e1601485394796-142x300.jpg 142w\" sizes=\"auto, (max-width: 10px) 100vw, 10px\" \/> Ulf Kahmke<\/p>\n\n\n\n<hr class=\"wp-block-separator is-style-default\"\/>\n\n\n\n<hr class=\"wp-block-separator is-style-default\"\/>\n\n\n\n<p><strong>CAF Africa Cup of Nations, Achtelfinale (Sportdigital Fu\u00dfball)<\/strong><\/p>\n\n\n\n<p><span style=\"text-decoration: underline;\">Samstag, <span style=\"text-decoration: underline;\">27. Januar 2024, ab 17.45 Uhr<\/span><\/span><\/p>\n\n\n\n<p><strong style=\"font-style: italic;\">Angola <em><strong>\u2013<\/strong><\/em> Namibia <\/strong><em><strong>(18.00 Uhr)<\/strong><\/em> <br><img loading=\"lazy\" decoding=\"async\" width=\"10\" height=\"21\" class=\"wp-image-3656\" style=\"width: 10px;\" src=\"http:\/\/kommentatorenblog.de\/wp-content\/uploads\/2020\/09\/shure-55sh-ii-e1601485394796.jpg\" alt=\"\" srcset=\"https:\/\/kommentatorenblog.de\/wp-content\/uploads\/2020\/09\/shure-55sh-ii-e1601485394796.jpg 415w, https:\/\/kommentatorenblog.de\/wp-content\/uploads\/2020\/09\/shure-55sh-ii-e1601485394796-142x300.jpg 142w\" sizes=\"auto, (max-width: 10px) 100vw, 10px\" \/> Martin Hahn<\/p>\n\n\n\n<p><span style=\"text-decoration: underline;\"><span style=\"text-decoration: underline;\">ab 20.45 Uhr<\/span><\/span><\/p>\n\n\n\n<p><strong style=\"font-style: italic;\">Nigeria <em><strong>\u2013<\/strong><\/em> Kamerun <\/strong><em><strong>(21.00 Uhr)<\/strong><\/em> <br><img loading=\"lazy\" decoding=\"async\" width=\"10\" height=\"21\" class=\"wp-image-3656\" style=\"width: 10px;\" src=\"http:\/\/kommentatorenblog.de\/wp-content\/uploads\/2020\/09\/shure-55sh-ii-e1601485394796.jpg\" alt=\"\" srcset=\"https:\/\/kommentatorenblog.de\/wp-content\/uploads\/2020\/09\/shure-55sh-ii-e1601485394796.jpg 415w, https:\/\/kommentatorenblog.de\/wp-content\/uploads\/2020\/09\/shure-55sh-ii-e1601485394796-142x300.jpg 142w\" sizes=\"auto, (max-width: 10px) 100vw, 10px\" \/> Christian Blunck<\/p>\n\n\n\n<p><span style=\"text-decoration: underline;\">Sonntag, <span style=\"text-decoration: underline;\">28. Januar 2024, ab 17.45 Uhr<\/span><\/span><\/p>\n\n\n\n<p><strong style=\"font-style: italic;\">\u00c4quatorialguinea <em><strong>\u2013<\/strong><\/em> Guinea <\/strong><em><strong>(18.00 Uhr)<\/strong><\/em> <br><img loading=\"lazy\" decoding=\"async\" width=\"10\" height=\"21\" class=\"wp-image-3656\" style=\"width: 10px;\" src=\"http:\/\/kommentatorenblog.de\/wp-content\/uploads\/2020\/09\/shure-55sh-ii-e1601485394796.jpg\" alt=\"\" srcset=\"https:\/\/kommentatorenblog.de\/wp-content\/uploads\/2020\/09\/shure-55sh-ii-e1601485394796.jpg 415w, https:\/\/kommentatorenblog.de\/wp-content\/uploads\/2020\/09\/shure-55sh-ii-e1601485394796-142x300.jpg 142w\" sizes=\"auto, (max-width: 10px) 100vw, 10px\" \/> Karsten Linke<\/p>\n\n\n\n<p><span style=\"text-decoration: underline;\"><span style=\"text-decoration: underline;\">ab 20.45 Uhr<\/span><\/span><\/p>\n\n\n\n<p><strong style=\"font-style: italic;\">\u00c4gypten <em><strong>\u2013<\/strong><\/em> DR Kongo <\/strong><em><strong>(21.00 Uhr)<\/strong><\/em> <br><img loading=\"lazy\" decoding=\"async\" width=\"10\" height=\"21\" class=\"wp-image-3656\" style=\"width: 10px;\" src=\"http:\/\/kommentatorenblog.de\/wp-content\/uploads\/2020\/09\/shure-55sh-ii-e1601485394796.jpg\" alt=\"\" srcset=\"https:\/\/kommentatorenblog.de\/wp-content\/uploads\/2020\/09\/shure-55sh-ii-e1601485394796.jpg 415w, https:\/\/kommentatorenblog.de\/wp-content\/uploads\/2020\/09\/shure-55sh-ii-e1601485394796-142x300.jpg 142w\" sizes=\"auto, (max-width: 10px) 100vw, 10px\" \/> Marvin Kirsch<\/p>\n\n\n\n<p><span style=\"text-decoration: underline;\">Montag, <span style=\"text-decoration: underline;\">29. Januar 2024, ab 17.45 Uhr<\/span><\/span><\/p>\n\n\n\n<p><strong style=\"font-style: italic;\">Kap Verde <em><strong>\u2013<\/strong><\/em> Mauretanien <\/strong><em><strong>(18.00 Uhr)<\/strong><\/em> <br><img loading=\"lazy\" decoding=\"async\" width=\"10\" height=\"21\" class=\"wp-image-3656\" style=\"width: 10px;\" src=\"http:\/\/kommentatorenblog.de\/wp-content\/uploads\/2020\/09\/shure-55sh-ii-e1601485394796.jpg\" alt=\"\" srcset=\"https:\/\/kommentatorenblog.de\/wp-content\/uploads\/2020\/09\/shure-55sh-ii-e1601485394796.jpg 415w, https:\/\/kommentatorenblog.de\/wp-content\/uploads\/2020\/09\/shure-55sh-ii-e1601485394796-142x300.jpg 142w\" sizes=\"auto, (max-width: 10px) 100vw, 10px\" \/> Tim Hemmrich<\/p>\n\n\n\n<p><span style=\"text-decoration: underline;\"><span style=\"text-decoration: underline;\">ab 20.45 Uhr<\/span><\/span><\/p>\n\n\n\n<p><strong style=\"font-style: italic;\">Senegal <em><strong>\u2013<\/strong><\/em> Elfenbeink\u00fcste <\/strong><em><strong>(21.00 Uhr)<\/strong><\/em> <br><img loading=\"lazy\" decoding=\"async\" width=\"10\" height=\"21\" class=\"wp-image-3656\" style=\"width: 10px;\" src=\"http:\/\/kommentatorenblog.de\/wp-content\/uploads\/2020\/09\/shure-55sh-ii-e1601485394796.jpg\" alt=\"\" srcset=\"https:\/\/kommentatorenblog.de\/wp-content\/uploads\/2020\/09\/shure-55sh-ii-e1601485394796.jpg 415w, https:\/\/kommentatorenblog.de\/wp-content\/uploads\/2020\/09\/shure-55sh-ii-e1601485394796-142x300.jpg 142w\" sizes=\"auto, (max-width: 10px) 100vw, 10px\" \/> Jakob Vogel<\/p>\n\n\n\n<hr class=\"wp-block-separator is-style-default\"\/>\n\n\n\n<p><strong>AFC Asian Cup, Achtelfinale (Sportdigital Fu\u00dfball)<\/strong><\/p>\n\n\n\n<p><span style=\"text-decoration: underline;\">Sonntag, <span style=\"text-decoration: underline;\">28. Januar 2024<\/span><\/span><\/p>\n\n\n\n<p><strong style=\"font-style: italic;\">Australien <em><strong>\u2013<\/strong><\/em> Indonesien <\/strong><em><strong>(12.30 Uhr)<\/strong><\/em> <br><img loading=\"lazy\" decoding=\"async\" width=\"10\" height=\"21\" class=\"wp-image-3656\" style=\"width: 10px;\" src=\"http:\/\/kommentatorenblog.de\/wp-content\/uploads\/2020\/09\/shure-55sh-ii-e1601485394796.jpg\" alt=\"\" srcset=\"https:\/\/kommentatorenblog.de\/wp-content\/uploads\/2020\/09\/shure-55sh-ii-e1601485394796.jpg 415w, https:\/\/kommentatorenblog.de\/wp-content\/uploads\/2020\/09\/shure-55sh-ii-e1601485394796-142x300.jpg 142w\" sizes=\"auto, (max-width: 10px) 100vw, 10px\" \/> Moritz Knorr<\/p>\n\n\n\n<p><strong style=\"font-style: italic;\">Tadschikistan <em><strong>\u2013<\/strong><\/em> Vereinigte Arabische Emirate <\/strong><em><strong>(17.00 Uhr)<\/strong><\/em> <br><img loading=\"lazy\" decoding=\"async\" width=\"10\" height=\"21\" class=\"wp-image-3656\" style=\"width: 10px;\" src=\"http:\/\/kommentatorenblog.de\/wp-content\/uploads\/2020\/09\/shure-55sh-ii-e1601485394796.jpg\" alt=\"\" srcset=\"https:\/\/kommentatorenblog.de\/wp-content\/uploads\/2020\/09\/shure-55sh-ii-e1601485394796.jpg 415w, https:\/\/kommentatorenblog.de\/wp-content\/uploads\/2020\/09\/shure-55sh-ii-e1601485394796-142x300.jpg 142w\" sizes=\"auto, (max-width: 10px) 100vw, 10px\" \/> Ulf Kahmke<\/p>\n\n\n\n<p><span style=\"text-decoration: underline;\">Montag, <span style=\"text-decoration: underline;\">29. Januar 2024<\/span><\/span><\/p>\n\n\n\n<p><strong style=\"font-style: italic;\">Irak <em><strong>\u2013<\/strong><\/em> Jordanien <\/strong><em><strong>(12.30 Uhr)<\/strong><\/em> <br><img loading=\"lazy\" decoding=\"async\" width=\"10\" height=\"21\" class=\"wp-image-3656\" style=\"width: 10px;\" src=\"http:\/\/kommentatorenblog.de\/wp-content\/uploads\/2020\/09\/shure-55sh-ii-e1601485394796.jpg\" alt=\"\" srcset=\"https:\/\/kommentatorenblog.de\/wp-content\/uploads\/2020\/09\/shure-55sh-ii-e1601485394796.jpg 415w, https:\/\/kommentatorenblog.de\/wp-content\/uploads\/2020\/09\/shure-55sh-ii-e1601485394796-142x300.jpg 142w\" sizes=\"auto, (max-width: 10px) 100vw, 10px\" \/> Karsten Linke<\/p>\n\n\n\n<p><strong style=\"font-style: italic;\">Katar <em><strong>\u2013<\/strong><\/em> Pal\u00e4stina <\/strong><em><strong>(17.00 Uhr)<\/strong><\/em> <br><img loading=\"lazy\" decoding=\"async\" width=\"10\" height=\"21\" class=\"wp-image-3656\" style=\"width: 10px;\" src=\"http:\/\/kommentatorenblog.de\/wp-content\/uploads\/2020\/09\/shure-55sh-ii-e1601485394796.jpg\" alt=\"\" srcset=\"https:\/\/kommentatorenblog.de\/wp-content\/uploads\/2020\/09\/shure-55sh-ii-e1601485394796.jpg 415w, https:\/\/kommentatorenblog.de\/wp-content\/uploads\/2020\/09\/shure-55sh-ii-e1601485394796-142x300.jpg 142w\" sizes=\"auto, (max-width: 10px) 100vw, 10px\" \/> Marcus Radefeld<\/p>\n\n\n\n<hr class=\"wp-block-separator is-style-default\"\/>\n\n\n\n<hr class=\"wp-block-separator is-style-default\"\/>\n\n\n\n<p><strong><code>ANALYSE<\/code><\/strong><\/p>\n\n\n\n<p>Los geht der Bundesliga- Spieltag in Frankfurt. Beim Duell gegen Mainz ist DAZN komplett vor Ort und setzt mit Jonas Hummels und Urs Meier gleich zwei Experten ein. Moderieren wird die \u00dcbertragung Laura Wontorra.<\/p>\n\n\n\n<p>Am Samstag gibt es dann das bayrische Duell zwischen Augsburg und Bayern, hier kommentiert Kai Dittmann aus der Arena, w\u00e4hrend Hansi K\u00fcpper die Konferenz in der Box \u00fcbernimmt. Jonas Friedrich wird sich aus Stuttgart melden, w\u00e4hrend Marcus Lindemann in Bremen sitzt. In der Konferenz wird die Partie Werder- Freiburg von Roland Evers kommentiert, somit sind Lindemann\/ Evers erneut zusammen bei einem Spiel als Kommentatoren im Einsatz, letzte Woche war es das Heimspiel vom VfL Bochum mit der XXL- Pause. Auch Klaus Veltman und Ulli Potofski k\u00fcmmern sich erneut zusammen um eine Partie und reisen nach Sinsheim.<\/p>\n\n\n\n<p>Am Abend gibt es dann noch ein NRW- Duell beim Tabellenf\u00fchrer aus Leverkusen, die die Fohlen empfangen. Neben Hellmann, Fuss und Matth\u00e4us kommt Tabea Kemme als Expertin zum Einsatz.<\/p>\n\n\n\n<p>Am Sonntag spielt dann erst Union gegen Darmstadt, hier schickt DAZN nur Benni Zander f\u00fcr die Interviews an die alte F\u00f6rsterei. Nach Dortmund reist dann ein Dreier-Team um Jan Platte, Experte Tim Borowski sowie Moderator Herzog.<\/p>\n\n\n\n<p>Neben der Bundesliga der Herren spielen nun auch wieder die Frauen in der Bundesliga. Eines der Topduelle: Bayern- Hoffenheim am Samstagnachmittag, hier \u00fcbertragen sowohl Magenta, DAZN als auch das ZDF im Stream und in der Mediathek, da im TV wegen des Wintersports kein Platz ist. Sowohl DAZN als auch Magenta setzen dabei mit Kathrin Lehmann und Turid Knaak auf zwei Expertinnen, die bereits f\u00fcr das ZDF im Einsatz waren bzw. es noch sind. Im ZDF kommentiert dagegen Claudia Neumann alleine.<\/p>\n\n\n\n<p>Am Montag beschlie\u00dft der VfL Wolfsburg dann den Spieltag in Essen, neben Magenta und DAZN ist dann auch wieder Sport1 mit dabei. Hier sind dann nat\u00fcrlich wieder Christina Rann und Lili Engels mit dabei, au\u00dferdem Navina Omilade als Expertin. Magenta- Kommentator wird Martin Piller sein, der auch die Partie der Bayern begleiten wird. Neben Piller werden auch Michael Seyberth und Simon K\u00f6pfer (einmal Moderation, einmal Kommentar) Doppeleins\u00e4tze haben.<\/p>\n\n\n\n<p>Beim Topspiel der 2. Liga zwischen Fortuna D\u00fcsseldorf und dem Tabellenf\u00fchrer FC St. Pauli kommt Martin Gro\u00df bei Sky zum Einsatz und Sport1 kommt mit Olaf Thon als Experten. Auff\u00e4llig ist in der 2. Bundesliga dar\u00fcber hinaus erneut, dass Sky wieder alle Stadien mit Fieldreportern besetzt und scheinbar mit Lisa de Ruiter eine weitere SSN-Reporterin daf\u00fcr gewonnen wird. Das Field-Personal wird wohl f\u00fcr die Erh\u00f6hung der Stadionquote aufgestockt. Gutes Credo f\u00fcr die R\u00fcckrunde!<\/p>\n\n\n\n<p>In der 3. Liga f\u00e4llt auf, dass 2 Spiele mit bayerischer Beteiligung in den dritten Programmen laufen, keines davon aber beim BR. So wird der SR das Duell zwischen dem 1. FC Saarbr\u00fccken und dem FC Ingolstadt 04 zeigen, ebenso der SWR, und der WDR hat Jahn Regensburg gegen Arminia Bielefeld im Programm. Vor allem bei letzterer Begegnung scheint es seltsam, dass der BR sich bei einem Heimspiel einer bayerischen Mannschaft heraush\u00e4lt, da scheint der WDR ein Ausw\u00e4rtsspiel gew\u00e4hlt zu haben. Grunds\u00e4tzlich scheint es, als sei es nicht mehr selbstverst\u00e4ndlich, dass der jeweils andere Regionalsender das Spiel ebenfalls \u00fcbertr\u00e4gt, wenn er es nicht selbst ausgew\u00e4hlt hat. Bei Magenta feiert Toni Wachsmuth, der seit in der Hinrunde regelm\u00e4\u00dfig als Experte beim MDR zum Einsatz kommt, sein Deb\u00fct in der Konferenz.<\/p>\n\n\n\n<p>Der MDR zeigt zum R\u00fcckrundenstart wieder ein Spiel der Regionalliga Nordost, Rot-Wei\u00df Erfurt gegen Energie Cottbus. Das urspr\u00fcnglich angedachte zweite Livespiel, Lok Leipzig gegen ZFC Meuselwitz, fiel leider wie zuletzt viele Spiele erneut den Witterungsbedingungen zum Opfer, sodass stattdessen das Duell zwischen dem Chemnitzer FC gegen die Zweitvertretung von Hansa Rostock gestreamt wird. Alex K\u00fcpper hat somit insgesamt 3 Eins\u00e4tze in 3 Tagen, genauso wie auch sein Vater Hansi in den oberen Ligen.<\/p>\n\n\n\n<p>In England ist anstelle der Premier League Pokalwochenende, das Topspiel Tottenham &#8211; Manchester City wird von Uli Hebel und Sebastian Knei\u00dfl kommentiert, Marco Hagemann \u00fcbernimmt Liverpool gegen Norwich.<\/p>\n\n\n\n<p>In der Ligue 1 wird der langj\u00e4hrige Co-Kommentator Alexis Menuge zum ersten Mal ein Spiel alleine bei DAZN kommentieren, er wird beim Aufeinandertreffen zwischen Olympique Marseille und der AS Monaco am Samstag zu h\u00f6ren sein und sein ehemaliger Partner Stefan Galler dann am Sonntag bei Paris Saint-Germain gegen Stade Brest. M\u00f6glicherweise k\u00f6nnte diese Trennung somit die Kapazit\u00e4ten f\u00fcr Spiele der Ligue 1 langfristig erweitern.<\/p>\n\n\n\n<p>Bei Sportdigital gibt es spannende KO-Spiele des Afrika- und des Asien-Cups, erneut mit dem ganzen Team. Das f\u00fchrt auch dazu, dass die Spiele der Eredivisie und der Primeira Liga an diesem Wochenende dort nur mit englischem bzw. portugiesischem Kommentar \u00fcbertragen werden.<\/p>\n","protected":false},"excerpt":{"rendered":"<p>N&#8217;Abend allerseits, durch spontane \u00c4nderungen in unserer Beitragsaufteilung lesen wir (Hannes) und fr\u00fcher als geplant wieder. Der Beitrag ist heute auch eine Art Gemeinschaftswerk &#8211; danke an dieser Stelle an Karl, Jonas und Nico, die alle auch Teile der Ansetzungen bzw. die Analyse mit\u00fcbernommen haben. In dem Zusammenhang noch der Hinweis, dass ich k\u00fcnftig planm\u00e4\u00dfig [&hellip;]<\/p>\n","protected":false},"author":1,"featured_media":0,"comment_status":"open","ping_status":"open","sticky":false,"template":"","format":"standard","meta":{"footnotes":""},"categories":[424],"tags":[],"class_list":["post-16521","post","type-post","status-publish","format-standard","hentry","category-bundesliga-und-co"],"_links":{"self":[{"href":"https:\/\/kommentatorenblog.de\/index.php?rest_route=\/wp\/v2\/posts\/16521","targetHints":{"allow":["GET"]}}],"collection":[{"href":"https:\/\/kommentatorenblog.de\/index.php?rest_route=\/wp\/v2\/posts"}],"about":[{"href":"https:\/\/kommentatorenblog.de\/index.php?rest_route=\/wp\/v2\/types\/post"}],"author":[{"embeddable":true,"href":"https:\/\/kommentatorenblog.de\/index.php?rest_route=\/wp\/v2\/users\/1"}],"replies":[{"embeddable":true,"href":"https:\/\/kommentatorenblog.de\/index.php?rest_route=%2Fwp%2Fv2%2Fcomments&post=16521"}],"version-history":[{"count":30,"href":"https:\/\/kommentatorenblog.de\/index.php?rest_route=\/wp\/v2\/posts\/16521\/revisions"}],"predecessor-version":[{"id":16885,"href":"https:\/\/kommentatorenblog.de\/index.php?rest_route=\/wp\/v2\/posts\/16521\/revisions\/16885"}],"wp:attachment":[{"href":"https:\/\/kommentatorenblog.de\/index.php?rest_route=%2Fwp%2Fv2%2Fmedia&parent=16521"}],"wp:term":[{"taxonomy":"category","embeddable":true,"href":"https:\/\/kommentatorenblog.de\/index.php?rest_route=%2Fwp%2Fv2%2Fcategories&post=16521"},{"taxonomy":"post_tag","embeddable":true,"href":"https:\/\/kommentatorenblog.de\/index.php?rest_route=%2Fwp%2Fv2%2Ftags&post=16521"}],"curies":[{"name":"wp","href":"https:\/\/api.w.org\/{rel}","templated":true}]}}