{"id":16581,"date":"2024-02-01T21:42:45","date_gmt":"2024-02-01T20:42:45","guid":{"rendered":"http:\/\/kommentatorenblog.de\/?p=16581"},"modified":"2024-02-05T23:51:36","modified_gmt":"2024-02-05T22:51:36","slug":"1399-aus-zwei-mach-eins","status":"publish","type":"post","link":"https:\/\/kommentatorenblog.de\/?p=16581","title":{"rendered":"1399 &#8211; Aus zwei mach eins?"},"content":{"rendered":"\n<p>N&#8217;Abend allerseits,<\/p>\n\n\n\n<p>zun\u00e4chst mal muss ich (Karl) zugeben, ich habe lange \u00fcberlegt, ob ich an dieser Stelle noch einmal auf die Probleme des deutschen Frauenfu\u00dfballs eingehen soll. Sogar schon im Vorfeld, im Szenario eines tats\u00e4chlichen Ausscheidens aller deutschen Mannschaften aus der UEFA Women&#8217;s Champions League, das nun tats\u00e4chlich eingetroffen ist. Ich habe mich aber letztendlich dagegen entschieden bzw. werde ich mich kurzfassen. Nat\u00fcrlich muss sich strukturell noch einiges verbessern im Vergleich zur Arbeit in anderen L\u00e4ndern, aber nat\u00fcrlich war auch die Konstellation des Meisters FC Bayern mit 3 anderen international konkurrenzf\u00e4higen Teams ein ungl\u00fccklicher Zufall, der die Wahrscheinlichkeit eines Fortbestehens von Beginn an reduziert hat. Mit der Vergr\u00f6\u00dferung des Wettbewerbs ab 2025 soll es solche hochkar\u00e4tigen Duelle m\u00f6glichst erst in der KO-Phase geben. Nichtsdestotrotz gibt es nun einen heftigen Denkansto\u00df, die Professionalisierung im deutschen Frauenfu\u00dfball noch schneller voranzutreiben, um konkurrenzf\u00e4hig zu bleiben, und ob das weiterhin unter der Tr\u00e4gerschaft des DFB gelingen wird, erscheint aktuell fraglicher denn je, sodass m\u00f6glicherweise bald eine weibliche Version der DFL entstehen k\u00f6nnte. Hierzu bin ich auf einen brandaktuellen, sehr interessanten Artikel gesto\u00dfen, den ich <a rel=\"noreferrer noopener\" href=\"https:\/\/www.sportschau.de\/fussball\/mehr-frauenfussball\/kraus-und-hellmann-reform-frauen-bundesliga-100.html\" target=\"_blank\">hier mal verlinke<\/a>.<\/p>\n\n\n\n<p>F\u00fcr DAZN hat diese Entwicklung nat\u00fcrlich auch Folgen, die restlichen Partien der UWCL werden sicher im Vergleich zur vergangenen Saison seltener mit deutschem Kommentar \u00fcbertragen werden, auf Moderatoren und Field-Reporter kann ganz verzichtet werden. Vielleicht nicht unbedingt ein Wermutstropfen f\u00fcr das zuletzt nicht derma\u00dfen produktionsfreudige DAZN, au\u00dfer was die Zuschauerzahlen angeht. Der urspr\u00fcngliche Plan, die Spiele der Gruppenphase \u00fcberwiegend hinter die Paywall zu schieben, scheint sich nicht wie erw\u00fcnscht ausgezahlt zu haben, sodass zuletzt noch vor Beginn der KO-Runde angek\u00fcndigt wurde, dass wieder alle Spiele kostenfrei verf\u00fcgbar sein werden, allerdings an eine Registrierung gekn\u00fcpft.<\/p>\n\n\n\n<p>Aber nun zu einem Thema, dass unsere Community besonders interessiert: die DFL hat die Details f\u00fcr die Ausschreibung der TV-Rechte an der Bundesliga und der 2. Bundesliga f\u00fcr die Saisons 2025\/26 bis 2028\/29 ver\u00f6ffentlicht. Einsehbar sind diese <a rel=\"noreferrer noopener\" href=\"https:\/\/www.dfl.de\/de\/aktuelles\/dfl-veroeffentlicht-details-zu-medienrechte-ausschreibung-der-bundesliga-und-2-bundesliga-fuer-die-saisons-2025-26-bis-2028-29\/\" target=\"_blank\">hier<\/a>.<\/p>\n\n\n\n<p>Als Unterschiede zur aktuellen Periode fallen auf:<\/p>\n\n\n\n<ol class=\"wp-block-list\"><li>Die Freitagsspiele werden k\u00fcnftig mit den Samstagnachmittagspartien in einem Rechtepaket ver\u00e4u\u00dfert.<\/li><li>15 statt bisher 10 Spiele der Eurocup-Teilnehmer werden Sonntags 19.30 Uhr stattfinden, um sie noch mehr zu entlasten.<\/li><li>Die No-Single-Buyer-Rule wird gestrichen. Mit den seit der Beschluss dieser Regel ver\u00e4nderten Marktsituation hat das Bundeskartellamt dem Wegfall zugestimmt. Grunds\u00e4tzlich bedeutet das, dass mit mehr Bewerbern gerechnet wird und diesen wird es somit wieder m\u00f6glich sein, alleine alle vier Rechtepakete f\u00fcr den Pay-Bereich zu erwerben.<\/li><li>Die Pay-Rechteeinhaber sollen mehr M\u00f6glichkeiten erhalten, ihre Spiele frei auszustrahlen, entweder \u00fcber die eigene Plattform oder mithilfe von Kooperationen, so wie sie es zuletzt zwischen Sky und Sat.1 bzw. RTL gab.<\/li><li>F\u00fcr die Highlight-Erstverwertung im Free-TV wird das Paket mit 2 m\u00f6glichen Zeitfenstern ausgeschrieben, eines wie bisher zwischen 18.00 und. 20.15 Uhr und eines zwischen 19.15 und 20.15 Uhr. An letzteres ist laut Bundeskartellamt-Pr\u00e4sident Mundt eine M\u00f6glichkeit gekoppelt, die Highlightsendung auch online in einer Mediathek zu verbreiten. Ganz neu ist ein Paket, das die Verbreitung von 90-sek\u00fcndigen Kurzclips ab Montag erm\u00f6glicht, da zielt die DFL eindeutig auf TikTok ab.<\/li><li>Die mediale Infrastruktur wird erweitert (z.B. 28 Kameras bei Topspielen) und die Rechtepartner erhalten ein Innovationsbudget, sodass noch mehr Spiele in hoher Qualit\u00e4t (UHD) \u00fcbertragen werden k\u00f6nnen. Daneben sind auch explizit Sonderproduktionen vorgesehen, wie es sie bisher schon manchmal auf eigene Faust gab, etwa solche f\u00fcr Kinder und Jugendliche, f\u00fcr Smartphones angepasste und auch Spiel-Daten sollen pr\u00e4senter werden.<\/li><li>Die Berichterstattung soll sowohl unter der Woche als auch am Spieltag verst\u00e4rkt werden. Dies soll sich in Form von mehr Interviews, &#8222;Club-Inhalten&#8220; und &#8222;seriellen Formaten&#8220; ausdr\u00fccken. Es soll zudem Kooperationsm\u00f6glichkeiten zwischen Partnern, Liga und Clubs geben, um Veranstaltungen auf Social Media zu bewerben.<\/li><\/ol>\n\n\n\n<p>Somit ist es zumindest theoretisch m\u00f6glich, dass es ab 2025 erstmals seit 2017 wieder eine zentrale Heimat f\u00fcr alle Bundesliga-Livespiele geben wird. Neben den bisherigen Partnern Sky und DAZN gelten auch die Telekom (Magenta), RTL oder Amazon als m\u00f6gliche Interessenten. Es stellt sich allerdings die Frage, ob nur ein einziger Partner die finanziellen Anspr\u00fcche der DFL erf\u00fcllen k\u00f6nnte.<\/p>\n\n\n\n<p>Wie seht ihr das? W\u00fcrdet ihr es begr\u00fc\u00dfen, wenn man die Bundesliga-Partien wieder komplett auf einer Plattform verfolgen k\u00f6nnte oder k\u00f6nntet ihr euch wieder ein Doppel-Modell wie 2009-2013 mit Sky und LIGA total! vorstellen? Was w\u00fcrdet ihr von einem Comeback von ran am Samstag bei Sat.1 oder einer Neuauflage von Anpfiff oder 100% Bundesliga bei RTL anstelle der Sportschau halten? Und wie gef\u00e4llt euch die Absicht, mehr Blicke hinter die Kulissen im Rahmen der \u00dcbertragungsrechte zu erm\u00f6glichen, so wie es von Sky bereits im vergangenen Jahr als Wunsch formuliert wurde? Schreibt es gerne in die Kommentare. <\/p>\n\n\n\n<p>Ich pers\u00f6nlich halte ein Modell weiterhin mit mehreren Rechtenehmern f\u00fcr realistisch. Nat\u00fcrlich f\u00e4nde ich es besser, wenn ein Abo ausreicht, um alle Spiele verfolgen zu k\u00f6nnen, aber ich halte es f\u00fcr nicht sehr wahrscheinlich, dass nur ein Unternehmen die finanziellen Forderungen der DFL einhalten kann. Ein Vorteil eines zentralen Anbieters w\u00e4re, dass es dann auch keine gr\u00f6\u00dferen Unterschiede in der Produktion mehr g\u00e4be, allerdings wohl auch weniger Abwechslung beim On-Air-Personal. Vielleicht wird das Topspiel diesmal abgespalten, vielleicht werden auch die Bundesliga und die 2. Bundesliga voneinander getrennt. Bei den Highlightsendungen f\u00e4nde ich es schade, wenn die Ligen k\u00fcnftig (wieder) getrennt w\u00e4ren, au\u00dferdem w\u00e4re bei Privatsendern deutlich mehr Werbung als im \u00d6RR zu erwarten. Eine fr\u00fchere freie Verf\u00fcgbarkeit von Highlights im Internet w\u00fcrde ich allerdings begr\u00fc\u00dfen, um dem Medienwandel und dem generationsbedingt ver\u00e4nderten Zuschauerverhalten st\u00e4rker entgegenzukommen als bisher. Man wird sehen, wie es kommt. Im April wird die offizielle Auktion beginnen, anschlie\u00dfend erfolgt das endg\u00fcltige Vergabeverfahren.<\/p>\n\n\n\n<hr class=\"wp-block-separator\"\/>\n\n\n\n<p><strong>Die Ansetzungen vom 02. Februar 2024 bis 05. Februar 2024<\/strong><\/p>\n\n\n\n<hr class=\"wp-block-separator\"\/>\n\n\n\n<p><strong>Bundesliga, 20. Spieltag<\/strong><\/p>\n\n\n\n<p><span style=\"text-decoration: underline;\">Freitag, 02. Februar 2024, ab 19.45 Uhr (DAZN)<\/span><\/p>\n\n\n\n<p><strong style=\"font-style: italic;\">1. FC Heidenheim <strong><em><span><b style=\"font-style: italic;\">\u2013<\/b><\/span><\/em><\/strong><\/strong> <em><strong><strong style=\"font-style: italic;\">Borussia Dortmund<\/strong> (20.30 Uhr)<\/strong><\/em> <\/p>\n\n\n\n<p><img loading=\"lazy\" decoding=\"async\" width=\"10\" height=\"21\" class=\"wp-image-3656\" style=\"width: 10px;\" src=\"http:\/\/kommentatorenblog.de\/wp-content\/uploads\/2020\/09\/shure-55sh-ii-e1601485394796.jpg\" alt=\"\" srcset=\"https:\/\/kommentatorenblog.de\/wp-content\/uploads\/2020\/09\/shure-55sh-ii-e1601485394796.jpg 415w, https:\/\/kommentatorenblog.de\/wp-content\/uploads\/2020\/09\/shure-55sh-ii-e1601485394796-142x300.jpg 142w\" sizes=\"auto, (max-width: 10px) 100vw, 10px\" \/> Lukas Sch\u00f6nm\u00fcller, Experte: Michael Ballack<\/p>\n\n\n\n<p>Moderation: Alex Schl\u00fcter, Field-Reporter: Daniel Herzog<\/p>\n\n\n\n<p><span style=\"text-decoration: underline;\">Samstag, 03. Februar 2024, ab 14.00 Uhr (Sky)<\/span><\/p>\n\n\n\n<p><em><strong>FC Bayern M\u00fcnchen <em><strong>\u2013<\/strong><\/em> Borussia M\u00f6nchengladbach (15.30 Uhr)<\/strong><\/em><\/p>\n\n\n\n<p><img loading=\"lazy\" decoding=\"async\" width=\"10\" height=\"21\" class=\"wp-image-3656\" style=\"width: 10px;\" src=\"http:\/\/kommentatorenblog.de\/wp-content\/uploads\/2020\/09\/shure-55sh-ii-e1601485394796.jpg\" alt=\"\" srcset=\"https:\/\/kommentatorenblog.de\/wp-content\/uploads\/2020\/09\/shure-55sh-ii-e1601485394796.jpg 415w, https:\/\/kommentatorenblog.de\/wp-content\/uploads\/2020\/09\/shure-55sh-ii-e1601485394796-142x300.jpg 142w\" sizes=\"auto, (max-width: 10px) 100vw, 10px\" \/> Jonas Friedrich (Einzelspiel), Frank Buschmann (Konferenz)<\/p>\n\n\n\n<p>Field-Reporter: Patrick Wasserziehr<\/p>\n\n\n\n<p><em><strong>SV Darmstadt 98 <em><strong>\u2013<\/strong><\/em> Bayer 04 Leverkusen (15.30 Uhr)<\/strong><\/em><\/p>\n\n\n\n<p><img loading=\"lazy\" decoding=\"async\" width=\"10\" height=\"21\" class=\"wp-image-3656\" style=\"width: 10px;\" src=\"http:\/\/kommentatorenblog.de\/wp-content\/uploads\/2020\/09\/shure-55sh-ii-e1601485394796.jpg\" alt=\"\" srcset=\"https:\/\/kommentatorenblog.de\/wp-content\/uploads\/2020\/09\/shure-55sh-ii-e1601485394796.jpg 415w, https:\/\/kommentatorenblog.de\/wp-content\/uploads\/2020\/09\/shure-55sh-ii-e1601485394796-142x300.jpg 142w\" sizes=\"auto, (max-width: 10px) 100vw, 10px\" \/> Martin Gro\u00df (Einzelspiel), Kai Dittmann (Konferenz)<\/p>\n\n\n\n<p>Field-Reporter: Thomas Wagner<\/p>\n\n\n\n<p><em><strong>SC Freiburg <em><strong>\u2013<\/strong><\/em> VfB Stuttgart (15.30 Uhr)<\/strong><\/em><\/p>\n\n\n\n<p><img loading=\"lazy\" decoding=\"async\" width=\"10\" height=\"21\" class=\"wp-image-3656\" style=\"width: 10px;\" src=\"http:\/\/kommentatorenblog.de\/wp-content\/uploads\/2020\/09\/shure-55sh-ii-e1601485394796.jpg\" alt=\"\" srcset=\"https:\/\/kommentatorenblog.de\/wp-content\/uploads\/2020\/09\/shure-55sh-ii-e1601485394796.jpg 415w, https:\/\/kommentatorenblog.de\/wp-content\/uploads\/2020\/09\/shure-55sh-ii-e1601485394796-142x300.jpg 142w\" sizes=\"auto, (max-width: 10px) 100vw, 10px\" \/> Hannes Herrmann (Einzelspiel), Toni Tomic (Konferenz)<\/p>\n\n\n\n<p>Field-Reporter: Riccardo Basile<\/p>\n\n\n\n<p><em><strong>1. FSV Mainz 05 <em><strong>\u2013<\/strong><\/em> SV Werder Bremen (15.30 Uhr)<\/strong><\/em><\/p>\n\n\n\n<p><img loading=\"lazy\" decoding=\"async\" width=\"10\" height=\"21\" class=\"wp-image-3656\" style=\"width: 10px;\" src=\"http:\/\/kommentatorenblog.de\/wp-content\/uploads\/2020\/09\/shure-55sh-ii-e1601485394796.jpg\" alt=\"\" srcset=\"https:\/\/kommentatorenblog.de\/wp-content\/uploads\/2020\/09\/shure-55sh-ii-e1601485394796.jpg 415w, https:\/\/kommentatorenblog.de\/wp-content\/uploads\/2020\/09\/shure-55sh-ii-e1601485394796-142x300.jpg 142w\" sizes=\"auto, (max-width: 10px) 100vw, 10px\" \/> Klaus Veltman (Einzelspiel), Markus G\u00f6tz (Konferenz)<\/p>\n\n\n\n<p>Field-Reporter: Ulli Potofski<\/p>\n\n\n\n<p><em><strong>VfL Bochum <em><strong>\u2013<\/strong><\/em> FC Augsburg (15.30 Uhr)<\/strong><\/em><\/p>\n\n\n\n<p><img loading=\"lazy\" decoding=\"async\" width=\"10\" height=\"21\" class=\"wp-image-3656\" style=\"width: 10px;\" src=\"http:\/\/kommentatorenblog.de\/wp-content\/uploads\/2020\/09\/shure-55sh-ii-e1601485394796.jpg\" alt=\"\" srcset=\"https:\/\/kommentatorenblog.de\/wp-content\/uploads\/2020\/09\/shure-55sh-ii-e1601485394796.jpg 415w, https:\/\/kommentatorenblog.de\/wp-content\/uploads\/2020\/09\/shure-55sh-ii-e1601485394796-142x300.jpg 142w\" sizes=\"auto, (max-width: 10px) 100vw, 10px\" \/> Marcus Lindemann (Einzelspiel), Florian Schmidt-Sommerfeld (Konferenz)<\/p>\n\n\n\n<p>Field-Reporter: Jens Westen<\/p>\n\n\n\n<p>Moderation: Michael Leopold, Experten: Dietmar Hamann und Erik Meijer<\/p>\n\n\n\n<p><span style=\"text-decoration: underline;\">ab 17.30 Uhr (Sk<\/span>y)<\/p>\n\n\n\n<p><em><strong>1. FC K\u00f6ln \u2013 Eintracht Frankfurt (18.30 Uhr)<\/strong><\/em><\/p>\n\n\n\n<p><img loading=\"lazy\" decoding=\"async\" width=\"10\" height=\"21\" class=\"wp-image-3656\" style=\"width: 10px;\" src=\"http:\/\/kommentatorenblog.de\/wp-content\/uploads\/2020\/09\/shure-55sh-ii-e1601485394796.jpg\" alt=\"\" srcset=\"https:\/\/kommentatorenblog.de\/wp-content\/uploads\/2020\/09\/shure-55sh-ii-e1601485394796.jpg 415w, https:\/\/kommentatorenblog.de\/wp-content\/uploads\/2020\/09\/shure-55sh-ii-e1601485394796-142x300.jpg 142w\" sizes=\"auto, (max-width: 10px) 100vw, 10px\" \/> Wolff Fuss<\/p>\n\n\n\n<p>Field-Reporterin: Britta Hofmann<\/p>\n\n\n\n<p>Moderation: Sebastian Hellmann, Expert:innen: <s>Julia Simic<\/s> und Lothar Matth\u00e4us<\/p>\n\n\n\n<p><span style=\"text-decoration: underline;\">Sonntag, 04. Februar 2024, ab 15.00 Uhr (DAZN)<\/span><\/p>\n\n\n\n<p><em><strong>VfL Wolfsburg \u2013 TSG 1899 Hoffenheim (15.30 Uhr)<\/strong><\/em><\/p>\n\n\n\n<p><img loading=\"lazy\" decoding=\"async\" width=\"10\" height=\"21\" class=\"wp-image-3656\" style=\"width: 10px;\" src=\"http:\/\/kommentatorenblog.de\/wp-content\/uploads\/2020\/09\/shure-55sh-ii-e1601485394796.jpg\" alt=\"\" srcset=\"https:\/\/kommentatorenblog.de\/wp-content\/uploads\/2020\/09\/shure-55sh-ii-e1601485394796.jpg 415w, https:\/\/kommentatorenblog.de\/wp-content\/uploads\/2020\/09\/shure-55sh-ii-e1601485394796-142x300.jpg 142w\" sizes=\"auto, (max-width: 10px) 100vw, 10px\" \/> Max Siebald, Experte: Benny Lauth<\/p>\n\n\n\n<p>Moderation: Tobi Wahnschaffe, Field-Reporter: Marco Hagemann<\/p>\n\n\n\n<p><span style=\"text-decoration: underline;\">ab 17.00 Uhr (DAZN)<\/span><\/p>\n\n\n\n<p><em><strong>RB Leipzig \u2013 1. FC Union Berlin (17.30 Uhr)<\/strong><\/em><\/p>\n\n\n\n<p><img loading=\"lazy\" decoding=\"async\" width=\"10\" height=\"21\" class=\"wp-image-3656\" style=\"width: 10px;\" src=\"http:\/\/kommentatorenblog.de\/wp-content\/uploads\/2020\/09\/shure-55sh-ii-e1601485394796.jpg\" alt=\"\" srcset=\"https:\/\/kommentatorenblog.de\/wp-content\/uploads\/2020\/09\/shure-55sh-ii-e1601485394796.jpg 415w, https:\/\/kommentatorenblog.de\/wp-content\/uploads\/2020\/09\/shure-55sh-ii-e1601485394796-142x300.jpg 142w\" sizes=\"auto, (max-width: 10px) 100vw, 10px\" \/> Uli Hebel, Experte: Sebastian Knei\u00dfl<\/p>\n\n\n\n<p>Moderation: Lukas Sch\u00f6nm\u00fcller, Field-Reporter: Benni Zander<\/p>\n\n\n\n<hr class=\"wp-block-separator\"\/>\n\n\n\n<p><strong>Frauen-Bundesliga, 12. Spieltag<\/strong><\/p>\n\n\n\n<p><span style=\"text-decoration: underline;\">Freitag, 02. Februar 2024<\/span><\/p>\n\n\n\n<p><strong><em>MSV Duisburg \u2013 TSG 1899 Hoffenheim (18.30 Uhr)<\/em><\/strong><\/p>\n\n\n\n<p><img loading=\"lazy\" decoding=\"async\" width=\"10\" height=\"21\" class=\"wp-image-3656\" style=\"width: 10px;\" src=\"http:\/\/kommentatorenblog.de\/wp-content\/uploads\/2020\/09\/shure-55sh-ii-e1601485394796.jpg\" alt=\"\" srcset=\"https:\/\/kommentatorenblog.de\/wp-content\/uploads\/2020\/09\/shure-55sh-ii-e1601485394796.jpg 415w, https:\/\/kommentatorenblog.de\/wp-content\/uploads\/2020\/09\/shure-55sh-ii-e1601485394796-142x300.jpg 142w\" sizes=\"auto, (max-width: 10px) 100vw, 10px\" \/> DAZN: <s>Guido H\u00fcsgen<\/s> Nico Seepe<\/p>\n\n\n\n<p><img loading=\"lazy\" decoding=\"async\" width=\"10\" height=\"21\" class=\"wp-image-3656\" style=\"width: 10px;\" src=\"http:\/\/kommentatorenblog.de\/wp-content\/uploads\/2020\/09\/shure-55sh-ii-e1601485394796.jpg\" alt=\"\" srcset=\"https:\/\/kommentatorenblog.de\/wp-content\/uploads\/2020\/09\/shure-55sh-ii-e1601485394796.jpg 415w, https:\/\/kommentatorenblog.de\/wp-content\/uploads\/2020\/09\/shure-55sh-ii-e1601485394796-142x300.jpg 142w\" sizes=\"auto, (max-width: 10px) 100vw, 10px\" \/> Magenta Sport: Oskar Heirler<\/p>\n\n\n\n<p><span style=\"text-decoration: underline;\">Samstag, 03. Februar 2024<\/span><\/p>\n\n\n\n<p><strong><em>RB Leipzig \u2013 1. FC K\u00f6ln (12.00 Uhr)<\/em><\/strong><\/p>\n\n\n\n<p><img loading=\"lazy\" decoding=\"async\" width=\"10\" height=\"21\" class=\"wp-image-3656\" style=\"width: 10px;\" src=\"http:\/\/kommentatorenblog.de\/wp-content\/uploads\/2020\/09\/shure-55sh-ii-e1601485394796.jpg\" alt=\"\" srcset=\"https:\/\/kommentatorenblog.de\/wp-content\/uploads\/2020\/09\/shure-55sh-ii-e1601485394796.jpg 415w, https:\/\/kommentatorenblog.de\/wp-content\/uploads\/2020\/09\/shure-55sh-ii-e1601485394796-142x300.jpg 142w\" sizes=\"auto, (max-width: 10px) 100vw, 10px\" \/> DAZN: Simon Sterzer<\/p>\n\n\n\n<p><img loading=\"lazy\" decoding=\"async\" width=\"10\" height=\"21\" class=\"wp-image-3656\" style=\"width: 10px;\" src=\"http:\/\/kommentatorenblog.de\/wp-content\/uploads\/2020\/09\/shure-55sh-ii-e1601485394796.jpg\" alt=\"\" srcset=\"https:\/\/kommentatorenblog.de\/wp-content\/uploads\/2020\/09\/shure-55sh-ii-e1601485394796.jpg 415w, https:\/\/kommentatorenblog.de\/wp-content\/uploads\/2020\/09\/shure-55sh-ii-e1601485394796-142x300.jpg 142w\" sizes=\"auto, (max-width: 10px) 100vw, 10px\" \/> Magenta Sport: Martin Piller<\/p>\n\n\n\n<p><strong><em>SV Werder Bremen \u2013 1. FC N\u00fcrnberg (14.00 Uhr)<\/em><\/strong><\/p>\n\n\n\n<p><img loading=\"lazy\" decoding=\"async\" width=\"10\" height=\"21\" class=\"wp-image-3656\" style=\"width: 10px;\" src=\"http:\/\/kommentatorenblog.de\/wp-content\/uploads\/2020\/09\/shure-55sh-ii-e1601485394796.jpg\" alt=\"\" srcset=\"https:\/\/kommentatorenblog.de\/wp-content\/uploads\/2020\/09\/shure-55sh-ii-e1601485394796.jpg 415w, https:\/\/kommentatorenblog.de\/wp-content\/uploads\/2020\/09\/shure-55sh-ii-e1601485394796-142x300.jpg 142w\" sizes=\"auto, (max-width: 10px) 100vw, 10px\" \/> DAZN: Kristoffer Klein<\/p>\n\n\n\n<p><img loading=\"lazy\" decoding=\"async\" width=\"10\" height=\"21\" class=\"wp-image-3656\" style=\"width: 10px;\" src=\"http:\/\/kommentatorenblog.de\/wp-content\/uploads\/2020\/09\/shure-55sh-ii-e1601485394796.jpg\" alt=\"\" srcset=\"https:\/\/kommentatorenblog.de\/wp-content\/uploads\/2020\/09\/shure-55sh-ii-e1601485394796.jpg 415w, https:\/\/kommentatorenblog.de\/wp-content\/uploads\/2020\/09\/shure-55sh-ii-e1601485394796-142x300.jpg 142w\" sizes=\"auto, (max-width: 10px) 100vw, 10px\" \/> Magenta Sport: Oskar Heirler<\/p>\n\n\n\n<p><span style=\"text-decoration: underline;\">Sonntag, 04. Februar 2024<\/span><\/p>\n\n\n\n<p><strong><em>Bayer 04 Leverkusen \u2013 VfL Wolfsburg (14.00 Uhr)<\/em><\/strong><\/p>\n\n\n\n<p><img loading=\"lazy\" decoding=\"async\" width=\"10\" height=\"21\" class=\"wp-image-3656\" style=\"width: 10px;\" src=\"http:\/\/kommentatorenblog.de\/wp-content\/uploads\/2020\/09\/shure-55sh-ii-e1601485394796.jpg\" alt=\"\" srcset=\"https:\/\/kommentatorenblog.de\/wp-content\/uploads\/2020\/09\/shure-55sh-ii-e1601485394796.jpg 415w, https:\/\/kommentatorenblog.de\/wp-content\/uploads\/2020\/09\/shure-55sh-ii-e1601485394796-142x300.jpg 142w\" sizes=\"auto, (max-width: 10px) 100vw, 10px\" \/> DAZN\/DF1: Markus Theil, Expertin: Carmen H\u00f6flin<\/p>\n\n\n\n<p><img loading=\"lazy\" decoding=\"async\" width=\"10\" height=\"21\" class=\"wp-image-3656\" style=\"width: 10px;\" src=\"http:\/\/kommentatorenblog.de\/wp-content\/uploads\/2020\/09\/shure-55sh-ii-e1601485394796.jpg\" alt=\"\" srcset=\"https:\/\/kommentatorenblog.de\/wp-content\/uploads\/2020\/09\/shure-55sh-ii-e1601485394796.jpg 415w, https:\/\/kommentatorenblog.de\/wp-content\/uploads\/2020\/09\/shure-55sh-ii-e1601485394796-142x300.jpg 142w\" sizes=\"auto, (max-width: 10px) 100vw, 10px\" \/> Magenta Sport: Julian Engelhard<\/p>\n\n\n\n<p>Moderation (DAZN\/DF1): Ann-Sophie Kimmel<\/p>\n\n\n\n<p>Moderation (Magenta Sport): Kamila Benschop, Expertin: Tabea Kemme<\/p>\n\n\n\n<p><span style=\"text-decoration: underline;\">ab 18.15 Uhr<\/span><\/p>\n\n\n\n<p><strong><em>Eintracht Frankfurt \u2013 SGS Essen (18.30 Uhr)<\/em><\/strong><\/p>\n\n\n\n<p><img loading=\"lazy\" decoding=\"async\" width=\"10\" height=\"21\" class=\"wp-image-3656\" style=\"width: 10px;\" src=\"http:\/\/kommentatorenblog.de\/wp-content\/uploads\/2020\/09\/shure-55sh-ii-e1601485394796.jpg\" alt=\"\" srcset=\"https:\/\/kommentatorenblog.de\/wp-content\/uploads\/2020\/09\/shure-55sh-ii-e1601485394796.jpg 415w, https:\/\/kommentatorenblog.de\/wp-content\/uploads\/2020\/09\/shure-55sh-ii-e1601485394796-142x300.jpg 142w\" sizes=\"auto, (max-width: 10px) 100vw, 10px\" \/> DAZN: Christoph Fetzer<\/p>\n\n\n\n<p><img loading=\"lazy\" decoding=\"async\" width=\"10\" height=\"21\" class=\"wp-image-3656\" style=\"width: 10px;\" src=\"http:\/\/kommentatorenblog.de\/wp-content\/uploads\/2020\/09\/shure-55sh-ii-e1601485394796.jpg\" alt=\"\" srcset=\"https:\/\/kommentatorenblog.de\/wp-content\/uploads\/2020\/09\/shure-55sh-ii-e1601485394796.jpg 415w, https:\/\/kommentatorenblog.de\/wp-content\/uploads\/2020\/09\/shure-55sh-ii-e1601485394796-142x300.jpg 142w\" sizes=\"auto, (max-width: 10px) 100vw, 10px\" \/> Magenta Sport: Christina Rann<\/p>\n\n\n\n<p><span style=\"text-decoration: underline;\">Montag, 05. Februar 2024, ab 19.00 Uhr (Sport1) ab 19.15 Uhr (DAZN\/Magenta Sport)<\/span> <\/p>\n\n\n\n<p><strong><em>FC Bayern M\u00fcnchen \u2013 SC Freiburg (19.30 Uhr)<\/em><\/strong><\/p>\n\n\n\n<p><img loading=\"lazy\" decoding=\"async\" width=\"10\" height=\"21\" class=\"wp-image-3656\" style=\"width: 10px;\" src=\"http:\/\/kommentatorenblog.de\/wp-content\/uploads\/2020\/09\/shure-55sh-ii-e1601485394796.jpg\" alt=\"\" srcset=\"https:\/\/kommentatorenblog.de\/wp-content\/uploads\/2020\/09\/shure-55sh-ii-e1601485394796.jpg 415w, https:\/\/kommentatorenblog.de\/wp-content\/uploads\/2020\/09\/shure-55sh-ii-e1601485394796-142x300.jpg 142w\" sizes=\"auto, (max-width: 10px) 100vw, 10px\" \/> Sport1: Christina Rann<\/p>\n\n\n\n<p><img loading=\"lazy\" decoding=\"async\" width=\"10\" height=\"21\" class=\"wp-image-3656\" style=\"width: 10px;\" src=\"http:\/\/kommentatorenblog.de\/wp-content\/uploads\/2020\/09\/shure-55sh-ii-e1601485394796.jpg\" alt=\"\" srcset=\"https:\/\/kommentatorenblog.de\/wp-content\/uploads\/2020\/09\/shure-55sh-ii-e1601485394796.jpg 415w, https:\/\/kommentatorenblog.de\/wp-content\/uploads\/2020\/09\/shure-55sh-ii-e1601485394796-142x300.jpg 142w\" sizes=\"auto, (max-width: 10px) 100vw, 10px\" \/> DAZN: Oliver Fa\u00dfnacht, Expertin: Turid Knaak<\/p>\n\n\n\n<p><img loading=\"lazy\" decoding=\"async\" width=\"10\" height=\"21\" class=\"wp-image-3656\" style=\"width: 10px;\" src=\"http:\/\/kommentatorenblog.de\/wp-content\/uploads\/2020\/09\/shure-55sh-ii-e1601485394796.jpg\" alt=\"\" srcset=\"https:\/\/kommentatorenblog.de\/wp-content\/uploads\/2020\/09\/shure-55sh-ii-e1601485394796.jpg 415w, https:\/\/kommentatorenblog.de\/wp-content\/uploads\/2020\/09\/shure-55sh-ii-e1601485394796-142x300.jpg 142w\" sizes=\"auto, (max-width: 10px) 100vw, 10px\" \/> Magenta Sport: Michael Seyberth<\/p>\n\n\n\n<p>Moderation (Sport1): Lili Engels, <s>Expertin: Julia Simic<\/s><\/p>\n\n\n\n<hr class=\"wp-block-separator is-style-default\"\/>\n\n\n\n<p><strong>2<\/strong>. <strong>Bundesliga, 20. Spieltag<\/strong><\/p>\n\n\n\n<p><span style=\"text-decoration: underline;\">Freitag, 02. Februar 2024, ab 18.00 Uhr (Sky)<\/span> <\/p>\n\n\n\n<p><strong><em>Die Konferenz (18.30 Uhr)<\/em><\/strong><\/p>\n\n\n\n<p><img loading=\"lazy\" decoding=\"async\" width=\"10\" height=\"21\" class=\"wp-image-3656\" style=\"width: 10px;\" src=\"http:\/\/kommentatorenblog.de\/wp-content\/uploads\/2020\/09\/shure-55sh-ii-e1601485394796.jpg\" alt=\"\" srcset=\"https:\/\/kommentatorenblog.de\/wp-content\/uploads\/2020\/09\/shure-55sh-ii-e1601485394796.jpg 415w, https:\/\/kommentatorenblog.de\/wp-content\/uploads\/2020\/09\/shure-55sh-ii-e1601485394796-142x300.jpg 142w\" sizes=\"auto, (max-width: 10px) 100vw, 10px\" \/> <s>Oliver Seidler<\/s> Joachim Hebel (Fokus auf FCM &#8211; KSV)<\/p>\n\n\n\n<p><strong><em>1. FC Magdeburg \u2013 Holstein Kiel (18.30 Uhr)<\/em><\/strong><\/p>\n\n\n\n<p><img loading=\"lazy\" decoding=\"async\" width=\"10\" height=\"21\" class=\"wp-image-3656\" style=\"width: 10px;\" src=\"http:\/\/kommentatorenblog.de\/wp-content\/uploads\/2020\/09\/shure-55sh-ii-e1601485394796.jpg\" alt=\"\" srcset=\"https:\/\/kommentatorenblog.de\/wp-content\/uploads\/2020\/09\/shure-55sh-ii-e1601485394796.jpg 415w, https:\/\/kommentatorenblog.de\/wp-content\/uploads\/2020\/09\/shure-55sh-ii-e1601485394796-142x300.jpg 142w\" sizes=\"auto, (max-width: 10px) 100vw, 10px\" \/> <s>Joachim Hebel<\/s> Dominik M\u00fcller<\/p>\n\n\n\n<p><strong><em>Karlsruher SC \u2013 SV Wehen Wiesbaden (18.30 Uhr)<\/em><\/strong><\/p>\n\n\n\n<p><img loading=\"lazy\" decoding=\"async\" width=\"10\" height=\"21\" class=\"wp-image-3656\" style=\"width: 10px;\" src=\"http:\/\/kommentatorenblog.de\/wp-content\/uploads\/2020\/09\/shure-55sh-ii-e1601485394796.jpg\" alt=\"\" srcset=\"https:\/\/kommentatorenblog.de\/wp-content\/uploads\/2020\/09\/shure-55sh-ii-e1601485394796.jpg 415w, https:\/\/kommentatorenblog.de\/wp-content\/uploads\/2020\/09\/shure-55sh-ii-e1601485394796-142x300.jpg 142w\" sizes=\"auto, (max-width: 10px) 100vw, 10px\" \/> J\u00fcrgen Schmitz, Field-Reporter: Dennis Bayer<\/p>\n\n\n\n<p>Moderation (aus Magdeburg): Hartmut von Kameke, Experte: S\u00f6ren Gonther<\/p>\n\n\n\n<p><span style=\"text-decoration: underline;\">Samstag, 03. Februar 2024, ab 12.30 Uhr (Sky)<\/span><\/p>\n\n\n\n<p><strong><em>Die Konferenz (13.00 Uhr)<\/em><\/strong><\/p>\n\n\n\n<p><img loading=\"lazy\" decoding=\"async\" width=\"10\" height=\"21\" class=\"wp-image-3656\" style=\"width: 10px;\" src=\"http:\/\/kommentatorenblog.de\/wp-content\/uploads\/2020\/09\/shure-55sh-ii-e1601485394796.jpg\" alt=\"\" srcset=\"https:\/\/kommentatorenblog.de\/wp-content\/uploads\/2020\/09\/shure-55sh-ii-e1601485394796.jpg 415w, https:\/\/kommentatorenblog.de\/wp-content\/uploads\/2020\/09\/shure-55sh-ii-e1601485394796-142x300.jpg 142w\" sizes=\"auto, (max-width: 10px) 100vw, 10px\" \/> Oliver Seidler (Fokus auf S04 &#8211; EBS)<\/p>\n\n\n\n<p><strong><em>FC Schalke 04 \u2013 <strong><em><strong><em>Eintracht Braunschweig<\/em><\/strong> <\/em><\/strong>(13.00 Uhr)<\/em><\/strong><\/p>\n\n\n\n<p><img loading=\"lazy\" decoding=\"async\" width=\"10\" height=\"21\" class=\"wp-image-3656\" style=\"width: 10px;\" src=\"http:\/\/kommentatorenblog.de\/wp-content\/uploads\/2020\/09\/shure-55sh-ii-e1601485394796.jpg\" alt=\"\" srcset=\"https:\/\/kommentatorenblog.de\/wp-content\/uploads\/2020\/09\/shure-55sh-ii-e1601485394796.jpg 415w, https:\/\/kommentatorenblog.de\/wp-content\/uploads\/2020\/09\/shure-55sh-ii-e1601485394796-142x300.jpg 142w\" sizes=\"auto, (max-width: 10px) 100vw, 10px\" \/> Dominik M\u00fcller<\/p>\n\n\n\n<p><strong><em>1. FC N\u00fcrnberg \u2013 <strong><em><strong><em>VfL Osnabr\u00fcck<\/em><\/strong> <\/em><\/strong>(13.00 Uhr)<\/em><\/strong><\/p>\n\n\n\n<p><img loading=\"lazy\" decoding=\"async\" width=\"10\" height=\"21\" class=\"wp-image-3656\" style=\"width: 10px;\" src=\"http:\/\/kommentatorenblog.de\/wp-content\/uploads\/2020\/09\/shure-55sh-ii-e1601485394796.jpg\" alt=\"\" srcset=\"https:\/\/kommentatorenblog.de\/wp-content\/uploads\/2020\/09\/shure-55sh-ii-e1601485394796.jpg 415w, https:\/\/kommentatorenblog.de\/wp-content\/uploads\/2020\/09\/shure-55sh-ii-e1601485394796-142x300.jpg 142w\" sizes=\"auto, (max-width: 10px) 100vw, 10px\" \/> J\u00fcrgen Schmitz, Field-Reporter: Torben Hoffmann<\/p>\n\n\n\n<p><strong><em>FC St. Pauli \u2013 <strong><em><strong><em>SpVgg Greuther F\u00fcrth<\/em><\/strong> <\/em><\/strong>(13.00 Uhr)<\/em><\/strong><\/p>\n\n\n\n<p><img loading=\"lazy\" decoding=\"async\" width=\"10\" height=\"21\" class=\"wp-image-3656\" style=\"width: 10px;\" src=\"http:\/\/kommentatorenblog.de\/wp-content\/uploads\/2020\/09\/shure-55sh-ii-e1601485394796.jpg\" alt=\"\" srcset=\"https:\/\/kommentatorenblog.de\/wp-content\/uploads\/2020\/09\/shure-55sh-ii-e1601485394796.jpg 415w, https:\/\/kommentatorenblog.de\/wp-content\/uploads\/2020\/09\/shure-55sh-ii-e1601485394796-142x300.jpg 142w\" sizes=\"auto, (max-width: 10px) 100vw, 10px\" \/> Torsten Kunde, Field-Reporter: Sven T\u00f6llner<\/p>\n\n\n\n<p>Moderation (auf Schalke): Max Zielke<\/p>\n\n\n\n<p><span style=\"text-decoration: underline;\">ab 19.30 Uhr (SPORT1) bzw. ab 20.00 Uhr (Sky)<\/span><\/p>\n\n\n\n<p><strong><em>Hertha BSC \u2013 Hamburger SV<\/em><\/strong> <strong><em>(20.30 Uhr)<\/em><\/strong><\/p>\n\n\n\n<p><img loading=\"lazy\" decoding=\"async\" width=\"10\" height=\"21\" class=\"wp-image-3656\" style=\"width: 10px;\" src=\"http:\/\/kommentatorenblog.de\/wp-content\/uploads\/2020\/09\/shure-55sh-ii-e1601485394796.jpg\" alt=\"\" srcset=\"https:\/\/kommentatorenblog.de\/wp-content\/uploads\/2020\/09\/shure-55sh-ii-e1601485394796.jpg 415w, https:\/\/kommentatorenblog.de\/wp-content\/uploads\/2020\/09\/shure-55sh-ii-e1601485394796-142x300.jpg 142w\" sizes=\"auto, (max-width: 10px) 100vw, 10px\" \/> Sport1: Oliver Forster, Experte: Martin Harnik<\/p>\n\n\n\n<p><img loading=\"lazy\" decoding=\"async\" width=\"10\" height=\"21\" class=\"wp-image-3656\" style=\"width: 10px;\" src=\"http:\/\/kommentatorenblog.de\/wp-content\/uploads\/2020\/09\/shure-55sh-ii-e1601485394796.jpg\" alt=\"\" srcset=\"https:\/\/kommentatorenblog.de\/wp-content\/uploads\/2020\/09\/shure-55sh-ii-e1601485394796.jpg 415w, https:\/\/kommentatorenblog.de\/wp-content\/uploads\/2020\/09\/shure-55sh-ii-e1601485394796-142x300.jpg 142w\" sizes=\"auto, (max-width: 10px) 100vw, 10px\" \/> Sky: Hansi K\u00fcpper, Experte: Torsten Mattuschka<\/p>\n\n\n\n<p>Moderation (Sport1): Ruth Hofmann, Field-Reporter: Fabian Greve<\/p>\n\n\n\n<p>Moderation (Sky): Stefan Hempel<\/p>\n\n\n\n<p><span style=\"text-decoration: underline;\">Sonntag, 04. Februar 2024, ab 13.00 Uhr (Sky)<\/span><\/p>\n\n\n\n<p><strong><em>Die Konferenz (13.30 Uhr)<\/em><\/strong><\/p>\n\n\n\n<p><img loading=\"lazy\" decoding=\"async\" width=\"10\" height=\"21\" class=\"wp-image-3656\" style=\"width: 10px;\" src=\"http:\/\/kommentatorenblog.de\/wp-content\/uploads\/2020\/09\/shure-55sh-ii-e1601485394796.jpg\" alt=\"\" srcset=\"https:\/\/kommentatorenblog.de\/wp-content\/uploads\/2020\/09\/shure-55sh-ii-e1601485394796.jpg 415w, https:\/\/kommentatorenblog.de\/wp-content\/uploads\/2020\/09\/shure-55sh-ii-e1601485394796-142x300.jpg 142w\" sizes=\"auto, (max-width: 10px) 100vw, 10px\" \/> Roland Evers (Fokus auf H96 &#8211; HRO)<\/p>\n\n\n\n<p><strong><em>Hannover 96 \u2013 FC Hansa Rostock (13.30 Uhr)<\/em><\/strong><\/p>\n\n\n\n<p><img loading=\"lazy\" decoding=\"async\" width=\"10\" height=\"21\" class=\"wp-image-3656\" style=\"width: 10px;\" src=\"http:\/\/kommentatorenblog.de\/wp-content\/uploads\/2020\/09\/shure-55sh-ii-e1601485394796.jpg\" alt=\"\" srcset=\"https:\/\/kommentatorenblog.de\/wp-content\/uploads\/2020\/09\/shure-55sh-ii-e1601485394796.jpg 415w, https:\/\/kommentatorenblog.de\/wp-content\/uploads\/2020\/09\/shure-55sh-ii-e1601485394796-142x300.jpg 142w\" sizes=\"auto, (max-width: 10px) 100vw, 10px\" \/> Timo Sch\u00e4fers<\/p>\n\n\n\n<p><strong><em>SC Paderborn \u2013 Fortuna D\u00fcsseldorf (13.30 Uhr)<\/em><\/strong><\/p>\n\n\n\n<p><img loading=\"lazy\" decoding=\"async\" width=\"10\" height=\"21\" class=\"wp-image-3656\" style=\"width: 10px;\" src=\"http:\/\/kommentatorenblog.de\/wp-content\/uploads\/2020\/09\/shure-55sh-ii-e1601485394796.jpg\" alt=\"\" srcset=\"https:\/\/kommentatorenblog.de\/wp-content\/uploads\/2020\/09\/shure-55sh-ii-e1601485394796.jpg 415w, https:\/\/kommentatorenblog.de\/wp-content\/uploads\/2020\/09\/shure-55sh-ii-e1601485394796-142x300.jpg 142w\" sizes=\"auto, (max-width: 10px) 100vw, 10px\" \/> Torsten Kunde, Field-Reporter: Marlon Irlbacher<\/p>\n\n\n\n<p><strong><em>SV Elversberg \u2013 1. FC Kaiserslautern (13.30 Uhr)<\/em><\/strong><\/p>\n\n\n\n<p><img loading=\"lazy\" decoding=\"async\" width=\"10\" height=\"21\" class=\"wp-image-3656\" style=\"width: 10px;\" src=\"http:\/\/kommentatorenblog.de\/wp-content\/uploads\/2020\/09\/shure-55sh-ii-e1601485394796.jpg\" alt=\"\" srcset=\"https:\/\/kommentatorenblog.de\/wp-content\/uploads\/2020\/09\/shure-55sh-ii-e1601485394796.jpg 415w, https:\/\/kommentatorenblog.de\/wp-content\/uploads\/2020\/09\/shure-55sh-ii-e1601485394796-142x300.jpg 142w\" sizes=\"auto, (max-width: 10px) 100vw, 10px\" \/> Oliver Seidler, Field-Reporter: Alexander Bonengel<\/p>\n\n\n\n<p>Moderation (aus Hannover): Yannick Erkenbrecher, Experte: Torsten Mattuschka<\/p>\n\n\n\n<hr class=\"wp-block-separator is-style-default\"\/>\n\n\n\n<p><strong>3. Liga, 24. Spieltag<\/strong><\/p>\n\n\n\n<p><span style=\"text-decoration: underline;\">Freitag, 02. Februar 2024, ab 18.30 Uhr (Magenta Sport)<\/span> <\/p>\n\n\n\n<p><strong><em>Borussia Dortmund II \u2013 1. FC Saarbr\u00fccken (19.00 Uhr)<\/em><\/strong><\/p>\n\n\n\n<p><img loading=\"lazy\" decoding=\"async\" width=\"10\" height=\"21\" class=\"wp-image-3656\" style=\"width: 10px;\" src=\"http:\/\/kommentatorenblog.de\/wp-content\/uploads\/2020\/09\/shure-55sh-ii-e1601485394796.jpg\" alt=\"\" srcset=\"https:\/\/kommentatorenblog.de\/wp-content\/uploads\/2020\/09\/shure-55sh-ii-e1601485394796.jpg 415w, https:\/\/kommentatorenblog.de\/wp-content\/uploads\/2020\/09\/shure-55sh-ii-e1601485394796-142x300.jpg 142w\" sizes=\"auto, (max-width: 10px) 100vw, 10px\" \/> Julian Engelhard<\/p>\n\n\n\n<p>Moderation: Thomas Wagner, Experte: Toni Wachsmuth<\/p>\n\n\n\n<p><span style=\"text-decoration: underline;\">Samstag, 03. Februar 2024, ab 13.30 Uhr (Magenta Sport)<\/span><\/p>\n\n\n\n<p><strong><em>Die Konferenz (14.00Uhr)<\/em><\/strong><\/p>\n\n\n\n<p><img loading=\"lazy\" decoding=\"async\" width=\"10\" height=\"21\" class=\"wp-image-3656\" style=\"width: 10px;\" src=\"http:\/\/kommentatorenblog.de\/wp-content\/uploads\/2020\/09\/shure-55sh-ii-e1601485394796.jpg\" alt=\"\" srcset=\"https:\/\/kommentatorenblog.de\/wp-content\/uploads\/2020\/09\/shure-55sh-ii-e1601485394796.jpg 415w, https:\/\/kommentatorenblog.de\/wp-content\/uploads\/2020\/09\/shure-55sh-ii-e1601485394796-142x300.jpg 142w\" sizes=\"auto, (max-width: 10px) 100vw, 10px\" \/> Benni Zander, Experte: Steven Ruprecht<\/p>\n\n\n\n<p><span style=\"text-decoration: underline;\">ab 13.45 Uhr (Magenta Sport)<\/span><\/p>\n\n\n\n<p><strong><em>RW Essen \u2013 SC Freiburg II (14.00 Uhr)<\/em><\/strong><\/p>\n\n\n\n<p><img loading=\"lazy\" decoding=\"async\" width=\"10\" height=\"21\" class=\"wp-image-3656\" style=\"width: 10px;\" src=\"http:\/\/kommentatorenblog.de\/wp-content\/uploads\/2020\/09\/shure-55sh-ii-e1601485394796.jpg\" alt=\"\" srcset=\"https:\/\/kommentatorenblog.de\/wp-content\/uploads\/2020\/09\/shure-55sh-ii-e1601485394796.jpg 415w, https:\/\/kommentatorenblog.de\/wp-content\/uploads\/2020\/09\/shure-55sh-ii-e1601485394796-142x300.jpg 142w\" sizes=\"auto, (max-width: 10px) 100vw, 10px\" \/> Julian-Luca Sch\u00e4fer<\/p>\n\n\n\n<p>Moderation: Kamila Benschop<\/p>\n\n\n\n<p><strong><em>SpVgg Unterhaching \u2013 SC Verl (14.00 Uhr)<\/em><\/strong><\/p>\n\n\n\n<p><img loading=\"lazy\" decoding=\"async\" width=\"10\" height=\"21\" class=\"wp-image-3656\" style=\"width: 10px;\" src=\"http:\/\/kommentatorenblog.de\/wp-content\/uploads\/2020\/09\/shure-55sh-ii-e1601485394796.jpg\" alt=\"\" srcset=\"https:\/\/kommentatorenblog.de\/wp-content\/uploads\/2020\/09\/shure-55sh-ii-e1601485394796.jpg 415w, https:\/\/kommentatorenblog.de\/wp-content\/uploads\/2020\/09\/shure-55sh-ii-e1601485394796-142x300.jpg 142w\" sizes=\"auto, (max-width: 10px) 100vw, 10px\" \/> Franz B\u00fcchner<\/p>\n\n\n\n<p>Moderation: Simon K\u00f6pfer<\/p>\n\n\n\n<p><strong><em>SV Sandhausen \u2013 Hallescher FC (14.00 Uhr)<\/em><\/strong><\/p>\n\n\n\n<p><img loading=\"lazy\" decoding=\"async\" width=\"10\" height=\"21\" class=\"wp-image-3656\" style=\"width: 10px;\" src=\"http:\/\/kommentatorenblog.de\/wp-content\/uploads\/2020\/09\/shure-55sh-ii-e1601485394796.jpg\" alt=\"\" srcset=\"https:\/\/kommentatorenblog.de\/wp-content\/uploads\/2020\/09\/shure-55sh-ii-e1601485394796.jpg 415w, https:\/\/kommentatorenblog.de\/wp-content\/uploads\/2020\/09\/shure-55sh-ii-e1601485394796-142x300.jpg 142w\" sizes=\"auto, (max-width: 10px) 100vw, 10px\" \/> Sebastian Ulrich<\/p>\n\n\n\n<p>Moderation: Cedric Pick<\/p>\n\n\n\n<p><span style=\"text-decoration: underline;\">ab 13.45 Uhr (Magenta) bzw. ab 14.00 Uhr (MDR\/BR)<\/span><\/p>\n\n\n\n<p><strong><em><strong><em>FC Erzgebirge Aue<\/em><\/strong> \u2013 TSV 1860 M\u00fcnchen (14.00 Uhr)<\/em><\/strong><\/p>\n\n\n\n<p><img loading=\"lazy\" decoding=\"async\" width=\"10\" height=\"21\" class=\"wp-image-3656\" style=\"width: 10px;\" src=\"http:\/\/kommentatorenblog.de\/wp-content\/uploads\/2020\/09\/shure-55sh-ii-e1601485394796.jpg\" alt=\"\" srcset=\"https:\/\/kommentatorenblog.de\/wp-content\/uploads\/2020\/09\/shure-55sh-ii-e1601485394796.jpg 415w, https:\/\/kommentatorenblog.de\/wp-content\/uploads\/2020\/09\/shure-55sh-ii-e1601485394796-142x300.jpg 142w\" sizes=\"auto, (max-width: 10px) 100vw, 10px\" \/> Magenta Sport: Andreas Mann<\/p>\n\n\n\n<p><img loading=\"lazy\" decoding=\"async\" width=\"10\" height=\"21\" class=\"wp-image-3656\" style=\"width: 10px;\" src=\"http:\/\/kommentatorenblog.de\/wp-content\/uploads\/2020\/09\/shure-55sh-ii-e1601485394796.jpg\" alt=\"\" srcset=\"https:\/\/kommentatorenblog.de\/wp-content\/uploads\/2020\/09\/shure-55sh-ii-e1601485394796.jpg 415w, https:\/\/kommentatorenblog.de\/wp-content\/uploads\/2020\/09\/shure-55sh-ii-e1601485394796-142x300.jpg 142w\" sizes=\"auto, (max-width: 10px) 100vw, 10px\" \/> MDR: Stephan Weidling, Experte: Toni Wachsmuth<\/p>\n\n\n\n<p><img loading=\"lazy\" decoding=\"async\" width=\"10\" height=\"21\" class=\"wp-image-3656\" style=\"width: 10px;\" src=\"http:\/\/kommentatorenblog.de\/wp-content\/uploads\/2020\/09\/shure-55sh-ii-e1601485394796.jpg\" alt=\"\" srcset=\"https:\/\/kommentatorenblog.de\/wp-content\/uploads\/2020\/09\/shure-55sh-ii-e1601485394796.jpg 415w, https:\/\/kommentatorenblog.de\/wp-content\/uploads\/2020\/09\/shure-55sh-ii-e1601485394796-142x300.jpg 142w\" sizes=\"auto, (max-width: 10px) 100vw, 10px\" \/> BR: Bernd Schmelzer, Gast: Jesper Verlaat<\/p>\n\n\n\n<p>Moderation (Magenta Sport): Miriam Sinno<\/p>\n\n\n\n<p>Moderation (MDR): Ren\u00e9 Kindermann<\/p>\n\n\n\n<p>Moderation (BR): Dominik Vischer<\/p>\n\n\n\n<p><span style=\"text-decoration: underline;\">ab 13.45 Uhr (Magenta Sport) bzw. ab 14.00 Uhr (NDR\/SWR)<\/span><\/p>\n\n\n\n<p><strong><em>VfB L\u00fcbeck \u2013 SSV Ulm 1846 (14.00 Uhr)<\/em><\/strong><\/p>\n\n\n\n<p><img loading=\"lazy\" decoding=\"async\" width=\"10\" height=\"21\" class=\"wp-image-3656\" style=\"width: 10px;\" src=\"http:\/\/kommentatorenblog.de\/wp-content\/uploads\/2020\/09\/shure-55sh-ii-e1601485394796.jpg\" alt=\"\" srcset=\"https:\/\/kommentatorenblog.de\/wp-content\/uploads\/2020\/09\/shure-55sh-ii-e1601485394796.jpg 415w, https:\/\/kommentatorenblog.de\/wp-content\/uploads\/2020\/09\/shure-55sh-ii-e1601485394796-142x300.jpg 142w\" sizes=\"auto, (max-width: 10px) 100vw, 10px\" \/> Magenta Sport: Edgar Mielke<\/p>\n\n\n\n<p><img loading=\"lazy\" decoding=\"async\" width=\"10\" height=\"21\" class=\"wp-image-3656\" style=\"width: 10px;\" src=\"http:\/\/kommentatorenblog.de\/wp-content\/uploads\/2020\/09\/shure-55sh-ii-e1601485394796.jpg\" alt=\"\" srcset=\"https:\/\/kommentatorenblog.de\/wp-content\/uploads\/2020\/09\/shure-55sh-ii-e1601485394796.jpg 415w, https:\/\/kommentatorenblog.de\/wp-content\/uploads\/2020\/09\/shure-55sh-ii-e1601485394796-142x300.jpg 142w\" sizes=\"auto, (max-width: 10px) 100vw, 10px\" \/> NDR\/SWR: Wilfried Hark<\/p>\n\n\n\n<p>Moderation (Magenta Sport): Hannes Jakobi<\/p>\n\n\n\n<p>Moderation (NDR\/SWR): Sina Braun<\/p>\n\n\n\n<p><span style=\"text-decoration: underline;\">ab 16.15 Uhr (Magenta Sport)<\/span><\/p>\n\n\n\n<p><strong><em>DSC Arminia Bielefeld \u2013&nbsp;FC Viktoria K\u00f6ln (16.30 Uhr)<\/em><\/strong><\/p>\n\n\n\n<p><img loading=\"lazy\" decoding=\"async\" width=\"10\" height=\"21\" class=\"wp-image-3656\" style=\"width: 10px;\" src=\"http:\/\/kommentatorenblog.de\/wp-content\/uploads\/2020\/09\/shure-55sh-ii-e1601485394796.jpg\" alt=\"\" srcset=\"https:\/\/kommentatorenblog.de\/wp-content\/uploads\/2020\/09\/shure-55sh-ii-e1601485394796.jpg 415w, https:\/\/kommentatorenblog.de\/wp-content\/uploads\/2020\/09\/shure-55sh-ii-e1601485394796-142x300.jpg 142w\" sizes=\"auto, (max-width: 10px) 100vw, 10px\" \/> Markus H\u00f6hner<\/p>\n\n\n\n<p>Moderation: Tobi Sch\u00e4fer<\/p>\n\n\n\n<p><span style=\"text-decoration: underline;\">Sonntag, <span style=\"text-decoration: underline;\">04. Februar 2024<\/span>, ab 13.15 Uhr (Magenta Sport)<\/span> <\/p>\n\n\n\n<p><strong><em>FC Ingolstadt 04 \u2013&nbsp;Dynamo Dresden (13.30 Uhr)<\/em><\/strong><\/p>\n\n\n\n<p><img loading=\"lazy\" decoding=\"async\" width=\"10\" height=\"21\" class=\"wp-image-3656\" style=\"width: 10px;\" src=\"http:\/\/kommentatorenblog.de\/wp-content\/uploads\/2020\/09\/shure-55sh-ii-e1601485394796.jpg\" alt=\"\" srcset=\"https:\/\/kommentatorenblog.de\/wp-content\/uploads\/2020\/09\/shure-55sh-ii-e1601485394796.jpg 415w, https:\/\/kommentatorenblog.de\/wp-content\/uploads\/2020\/09\/shure-55sh-ii-e1601485394796-142x300.jpg 142w\" sizes=\"auto, (max-width: 10px) 100vw, 10px\" \/> Martin Piller<\/p>\n\n\n\n<p>Moderation: Alex K\u00fcpper<\/p>\n\n\n\n<p><span style=\"text-decoration: underline;\">ab 16.15 Uhr (Magenta Sport)<\/span><\/p>\n\n\n\n<p><strong><em>SV Waldhof Mannheim \u2013&nbsp;SC Preu\u00dfen M\u00fcnster (16.30 Uhr)<\/em><\/strong><\/p>\n\n\n\n<p><img loading=\"lazy\" decoding=\"async\" width=\"10\" height=\"21\" class=\"wp-image-3656\" style=\"width: 10px;\" src=\"http:\/\/kommentatorenblog.de\/wp-content\/uploads\/2020\/09\/shure-55sh-ii-e1601485394796.jpg\" alt=\"\" srcset=\"https:\/\/kommentatorenblog.de\/wp-content\/uploads\/2020\/09\/shure-55sh-ii-e1601485394796.jpg 415w, https:\/\/kommentatorenblog.de\/wp-content\/uploads\/2020\/09\/shure-55sh-ii-e1601485394796-142x300.jpg 142w\" sizes=\"auto, (max-width: 10px) 100vw, 10px\" \/> Markus H\u00f6hner<\/p>\n\n\n\n<p>Moderation: Thomas Wagner<\/p>\n\n\n\n<p><span style=\"text-decoration: underline;\">ab 19.15 Uhr (Magenta Sport)<\/span><\/p>\n\n\n\n<p><strong><em>MSV Duisburg \u2013&nbsp;SSV Jahn Regensburg (19.30 Uhr)<\/em><\/strong><\/p>\n\n\n\n<p><img loading=\"lazy\" decoding=\"async\" width=\"10\" height=\"21\" class=\"wp-image-3656\" style=\"width: 10px;\" src=\"http:\/\/kommentatorenblog.de\/wp-content\/uploads\/2020\/09\/shure-55sh-ii-e1601485394796.jpg\" alt=\"\" srcset=\"https:\/\/kommentatorenblog.de\/wp-content\/uploads\/2020\/09\/shure-55sh-ii-e1601485394796.jpg 415w, https:\/\/kommentatorenblog.de\/wp-content\/uploads\/2020\/09\/shure-55sh-ii-e1601485394796-142x300.jpg 142w\" sizes=\"auto, (max-width: 10px) 100vw, 10px\" \/> Philip Konrad<\/p>\n\n\n\n<p>Moderation: Gari Paubandt, Experte: Daniel Flottmann<\/p>\n\n\n\n<hr class=\"wp-block-separator\"\/>\n\n\n\n<p><strong>Regionalliga Nordost, 20. Spieltag<\/strong><\/p>\n\n\n\n<p><span style=\"text-decoration: underline;\">Freitag, 02. Februar 2024, ab 17.45 Uhr (TA\/OTZ\/TLZ<\/span>)<\/p>\n\n\n\n<p><strong><em>BSG Chemie Leipzig &#8211; FC Rot-Wei\u00df Erfurt (18.00 Uhr)<\/em><\/strong><\/p>\n\n\n\n<p><img loading=\"lazy\" decoding=\"async\" width=\"10\" height=\"21\" class=\"wp-image-3656\" style=\"width: 10px;\" src=\"http:\/\/kommentatorenblog.de\/wp-content\/uploads\/2020\/09\/shure-55sh-ii-e1601485394796.jpg\" alt=\"\" srcset=\"https:\/\/kommentatorenblog.de\/wp-content\/uploads\/2020\/09\/shure-55sh-ii-e1601485394796.jpg 415w, https:\/\/kommentatorenblog.de\/wp-content\/uploads\/2020\/09\/shure-55sh-ii-e1601485394796-142x300.jpg 142w\" sizes=\"auto, (max-width: 10px) 100vw, 10px\" \/> tba<\/p>\n\n\n\n<p><span style=\"text-decoration: underline;\">Samstag, 03. Februar 2024 (MDR)<\/span><\/p>\n\n\n\n<p><strong><em>FC Carl Zeiss Jena &#8211; SV Babelsberg 03 (16.00 Uhr)<\/em><\/strong><\/p>\n\n\n\n<p><img loading=\"lazy\" decoding=\"async\" width=\"10\" height=\"21\" class=\"wp-image-3656\" style=\"width: 10px;\" src=\"http:\/\/kommentatorenblog.de\/wp-content\/uploads\/2020\/09\/shure-55sh-ii-e1601485394796.jpg\" alt=\"\" srcset=\"https:\/\/kommentatorenblog.de\/wp-content\/uploads\/2020\/09\/shure-55sh-ii-e1601485394796.jpg 415w, https:\/\/kommentatorenblog.de\/wp-content\/uploads\/2020\/09\/shure-55sh-ii-e1601485394796-142x300.jpg 142w\" sizes=\"auto, (max-width: 10px) 100vw, 10px\" \/> Alexander K\u00fcpper, Experte: Lutz Lindemann<\/p>\n\n\n\n<p>Moderation: Ren\u00e9 Kindermann<\/p>\n\n\n\n<p><span style=\"text-decoration: underline;\">Sonntag, 04. Februar 2024, ab 12.45 Uhr (OSTSPORTTV)<\/span><\/p>\n\n\n\n<p><strong><em>FC Energie Cottbus &#8211; FC Hansa Rostock II (13.00 Uhr)<\/em><\/strong><\/p>\n\n\n\n<p><img loading=\"lazy\" decoding=\"async\" width=\"10\" height=\"21\" class=\"wp-image-3656\" style=\"width: 10px;\" src=\"http:\/\/kommentatorenblog.de\/wp-content\/uploads\/2020\/09\/shure-55sh-ii-e1601485394796.jpg\" alt=\"\" srcset=\"https:\/\/kommentatorenblog.de\/wp-content\/uploads\/2020\/09\/shure-55sh-ii-e1601485394796.jpg 415w, https:\/\/kommentatorenblog.de\/wp-content\/uploads\/2020\/09\/shure-55sh-ii-e1601485394796-142x300.jpg 142w\" sizes=\"auto, (max-width: 10px) 100vw, 10px\" \/> Heiko Mallwitz<\/p>\n\n\n\n<p>Moderation: Toni Mielke<\/p>\n\n\n\n<hr class=\"wp-block-separator\"\/>\n\n\n\n<p><strong>Regionalliga West, 20. Spieltag (Sporttotal)<\/strong><\/p>\n\n\n\n<p><span style=\"text-decoration: underline;\">Freitag, 02. Februar 2024, ab 19.20 Uhr (Sporttotal)<\/span><\/p>\n\n\n\n<p><strong><em>SC Rot-Wei\u00df Oberhausen &#8211; SV Lippstadt 08 (19.30 Uhr)<\/em><\/strong><\/p>\n\n\n\n<p><img loading=\"lazy\" decoding=\"async\" width=\"10\" height=\"21\" class=\"wp-image-3656\" style=\"width: 10px;\" src=\"http:\/\/kommentatorenblog.de\/wp-content\/uploads\/2020\/09\/shure-55sh-ii-e1601485394796.jpg\" alt=\"\" srcset=\"https:\/\/kommentatorenblog.de\/wp-content\/uploads\/2020\/09\/shure-55sh-ii-e1601485394796.jpg 415w, https:\/\/kommentatorenblog.de\/wp-content\/uploads\/2020\/09\/shure-55sh-ii-e1601485394796-142x300.jpg 142w\" sizes=\"auto, (max-width: 10px) 100vw, 10px\" \/> Sven Lesser<\/p>\n\n\n\n<p><span style=\"text-decoration: underline;\">Samstag, 03. Februar 2024, ab 13.30 Uhr (Sporttotal\/Magenta Sport)<\/span><\/p>\n\n\n\n<p><strong><em>Wuppertaler SV &#8211; FC Schalke 04 II (14.00 Uhr)<\/em><\/strong><\/p>\n\n\n\n<p><img loading=\"lazy\" decoding=\"async\" width=\"10\" height=\"21\" class=\"wp-image-3656\" style=\"width: 10px;\" src=\"http:\/\/kommentatorenblog.de\/wp-content\/uploads\/2020\/09\/shure-55sh-ii-e1601485394796.jpg\" alt=\"\" srcset=\"https:\/\/kommentatorenblog.de\/wp-content\/uploads\/2020\/09\/shure-55sh-ii-e1601485394796.jpg 415w, https:\/\/kommentatorenblog.de\/wp-content\/uploads\/2020\/09\/shure-55sh-ii-e1601485394796-142x300.jpg 142w\" sizes=\"auto, (max-width: 10px) 100vw, 10px\" \/> Severin Trompetter<\/p>\n\n\n\n<p>Moderation: Lennart Ke\u00dfler, Experte: Lukas Sinkiewicz<\/p>\n\n\n\n<p><span style=\"text-decoration: underline;\">ab 13.50 Uhr (Sporttotal)<\/span><\/p>\n\n\n\n<p><strong><em>FC G\u00fctersloh &#8211; SSVg Velbert (14.00 Uhr)<\/em><\/strong><\/p>\n\n\n\n<p><img loading=\"lazy\" decoding=\"async\" width=\"10\" height=\"21\" class=\"wp-image-3656\" style=\"width: 10px;\" src=\"http:\/\/kommentatorenblog.de\/wp-content\/uploads\/2020\/09\/shure-55sh-ii-e1601485394796.jpg\" alt=\"\" srcset=\"https:\/\/kommentatorenblog.de\/wp-content\/uploads\/2020\/09\/shure-55sh-ii-e1601485394796.jpg 415w, https:\/\/kommentatorenblog.de\/wp-content\/uploads\/2020\/09\/shure-55sh-ii-e1601485394796-142x300.jpg 142w\" sizes=\"auto, (max-width: 10px) 100vw, 10px\" \/> Noah Kersting<\/p>\n\n\n\n<p><strong><em>1. FC Bocholt &#8211; 1. FC K\u00f6ln II (14.00 Uhr)<\/em><\/strong><\/p>\n\n\n\n<p><img loading=\"lazy\" decoding=\"async\" width=\"10\" height=\"21\" class=\"wp-image-3656\" style=\"width: 10px;\" src=\"http:\/\/kommentatorenblog.de\/wp-content\/uploads\/2020\/09\/shure-55sh-ii-e1601485394796.jpg\" alt=\"\" srcset=\"https:\/\/kommentatorenblog.de\/wp-content\/uploads\/2020\/09\/shure-55sh-ii-e1601485394796.jpg 415w, https:\/\/kommentatorenblog.de\/wp-content\/uploads\/2020\/09\/shure-55sh-ii-e1601485394796-142x300.jpg 142w\" sizes=\"auto, (max-width: 10px) 100vw, 10px\" \/> Kai Esser<\/p>\n\n\n\n<p><strong><em><s>Rot Weiss Ahlen &#8211; FC Wegberg-Beeck (14.00 Uhr)<\/s><\/em><\/strong><\/p>\n\n\n\n<p><img loading=\"lazy\" decoding=\"async\" width=\"10\" height=\"21\" class=\"wp-image-3656\" style=\"width: 10px;\" src=\"http:\/\/kommentatorenblog.de\/wp-content\/uploads\/2020\/09\/shure-55sh-ii-e1601485394796.jpg\" alt=\"\" srcset=\"https:\/\/kommentatorenblog.de\/wp-content\/uploads\/2020\/09\/shure-55sh-ii-e1601485394796.jpg 415w, https:\/\/kommentatorenblog.de\/wp-content\/uploads\/2020\/09\/shure-55sh-ii-e1601485394796-142x300.jpg 142w\" sizes=\"auto, (max-width: 10px) 100vw, 10px\" \/> <s>Constantin Eckner<\/s><\/p>\n\n\n\n<p><strong><em>Borussia M\u00f6nchengladbach II &#8211; Alemannia Aachen (14.00 Uhr)<\/em><\/strong><\/p>\n\n\n\n<p><img loading=\"lazy\" decoding=\"async\" width=\"10\" height=\"21\" class=\"wp-image-3656\" style=\"width: 10px;\" src=\"http:\/\/kommentatorenblog.de\/wp-content\/uploads\/2020\/09\/shure-55sh-ii-e1601485394796.jpg\" alt=\"\" srcset=\"https:\/\/kommentatorenblog.de\/wp-content\/uploads\/2020\/09\/shure-55sh-ii-e1601485394796.jpg 415w, https:\/\/kommentatorenblog.de\/wp-content\/uploads\/2020\/09\/shure-55sh-ii-e1601485394796-142x300.jpg 142w\" sizes=\"auto, (max-width: 10px) 100vw, 10px\" \/> Marvin Domalevski<\/p>\n\n\n\n<p><strong><em>Fortuna D\u00fcsseldorf II &#8211; SC Wiedenbr\u00fcck (14.00 Uhr)<\/em><\/strong><\/p>\n\n\n\n<p><img loading=\"lazy\" decoding=\"async\" width=\"10\" height=\"21\" class=\"wp-image-3656\" style=\"width: 10px;\" src=\"http:\/\/kommentatorenblog.de\/wp-content\/uploads\/2020\/09\/shure-55sh-ii-e1601485394796.jpg\" alt=\"\" srcset=\"https:\/\/kommentatorenblog.de\/wp-content\/uploads\/2020\/09\/shure-55sh-ii-e1601485394796.jpg 415w, https:\/\/kommentatorenblog.de\/wp-content\/uploads\/2020\/09\/shure-55sh-ii-e1601485394796-142x300.jpg 142w\" sizes=\"auto, (max-width: 10px) 100vw, 10px\" \/> Johannes Skiba<\/p>\n\n\n\n<p><strong><em>1. FC D\u00fcren &#8211; SV R\u00f6dinghausen (14.00 Uhr)<\/em><\/strong><\/p>\n\n\n\n<p><img loading=\"lazy\" decoding=\"async\" width=\"10\" height=\"21\" class=\"wp-image-3656\" style=\"width: 10px;\" src=\"http:\/\/kommentatorenblog.de\/wp-content\/uploads\/2020\/09\/shure-55sh-ii-e1601485394796.jpg\" alt=\"\" srcset=\"https:\/\/kommentatorenblog.de\/wp-content\/uploads\/2020\/09\/shure-55sh-ii-e1601485394796.jpg 415w, https:\/\/kommentatorenblog.de\/wp-content\/uploads\/2020\/09\/shure-55sh-ii-e1601485394796-142x300.jpg 142w\" sizes=\"auto, (max-width: 10px) 100vw, 10px\" \/> Jan-Phillip Molitor<\/p>\n\n\n\n<p><span style=\"text-decoration: underline;\">Sonntag, 04. Februar 2024, ab 13.50 Uhr (Sporttotal)<\/span><\/p>\n\n\n\n<p><strong><em>SC Fortuna K\u00f6ln &#8211; SC Paderborn 07 II (14.00 Uhr)<\/em><\/strong><\/p>\n\n\n\n<p><img loading=\"lazy\" decoding=\"async\" width=\"10\" height=\"21\" class=\"wp-image-3656\" style=\"width: 10px;\" src=\"http:\/\/kommentatorenblog.de\/wp-content\/uploads\/2020\/09\/shure-55sh-ii-e1601485394796.jpg\" alt=\"\" srcset=\"https:\/\/kommentatorenblog.de\/wp-content\/uploads\/2020\/09\/shure-55sh-ii-e1601485394796.jpg 415w, https:\/\/kommentatorenblog.de\/wp-content\/uploads\/2020\/09\/shure-55sh-ii-e1601485394796-142x300.jpg 142w\" sizes=\"auto, (max-width: 10px) 100vw, 10px\" \/> Hendrik Scheler<\/p>\n\n\n\n<hr class=\"wp-block-separator\"\/>\n\n\n\n<p><strong>Premier League, 23. Spieltag (Sky)<\/strong><\/p>\n\n\n\n<p><span style=\"text-decoration: underline;\">Samstag, 03. Februar 2024, ab 13.20 Uhr (Sky)<\/span><\/p>\n\n\n\n<p><strong style=\"font-style: italic;\">FC Everton &#8211; Tottenham Hotspur<\/strong> <em><strong>(13.30 Uhr)<\/strong><\/em> <\/p>\n\n\n\n<p><img loading=\"lazy\" decoding=\"async\" width=\"10\" height=\"21\" class=\"wp-image-3656\" style=\"width: 10px;\" src=\"http:\/\/kommentatorenblog.de\/wp-content\/uploads\/2020\/09\/shure-55sh-ii-e1601485394796.jpg\" alt=\"\" srcset=\"https:\/\/kommentatorenblog.de\/wp-content\/uploads\/2020\/09\/shure-55sh-ii-e1601485394796.jpg 415w, https:\/\/kommentatorenblog.de\/wp-content\/uploads\/2020\/09\/shure-55sh-ii-e1601485394796-142x300.jpg 142w\" sizes=\"auto, (max-width: 10px) 100vw, 10px\" \/> Uli Hebel<\/p>\n\n\n\n<p><span style=\"text-decoration: underline;\">ab 15.50 Uhr (Sky)<\/span><\/p>\n\n\n\n<p><strong><em>Brighton &amp; Hove Albion &#8211; Crystal Palace (16.00 Uhr)<\/em><\/strong><\/p>\n\n\n\n<p><img loading=\"lazy\" decoding=\"async\" width=\"10\" height=\"21\" class=\"wp-image-3656\" style=\"width: 10px;\" src=\"http:\/\/kommentatorenblog.de\/wp-content\/uploads\/2020\/09\/shure-55sh-ii-e1601485394796.jpg\" alt=\"\" srcset=\"https:\/\/kommentatorenblog.de\/wp-content\/uploads\/2020\/09\/shure-55sh-ii-e1601485394796.jpg 415w, https:\/\/kommentatorenblog.de\/wp-content\/uploads\/2020\/09\/shure-55sh-ii-e1601485394796-142x300.jpg 142w\" sizes=\"auto, (max-width: 10px) 100vw, 10px\" \/> Markus Gaupp<\/p>\n\n\n\n<p><strong><em>Newcastle United &#8211; Luton Town (16.00 Uhr)<\/em><\/strong><\/p>\n\n\n\n<p><img loading=\"lazy\" decoding=\"async\" width=\"10\" height=\"21\" class=\"wp-image-3656\" style=\"width: 10px;\" src=\"http:\/\/kommentatorenblog.de\/wp-content\/uploads\/2020\/09\/shure-55sh-ii-e1601485394796.jpg\" alt=\"\" srcset=\"https:\/\/kommentatorenblog.de\/wp-content\/uploads\/2020\/09\/shure-55sh-ii-e1601485394796.jpg 415w, https:\/\/kommentatorenblog.de\/wp-content\/uploads\/2020\/09\/shure-55sh-ii-e1601485394796-142x300.jpg 142w\" sizes=\"auto, (max-width: 10px) 100vw, 10px\" \/> Sven Schr\u00f6ter<\/p>\n\n\n\n<p><span style=\"text-decoration: underline;\">ab 18.20 Uhr (Sky)<\/span><\/p>\n\n\n\n<p><strong><em>Sheffield United &#8211; Aston Villa (18.30 Uhr)<\/em><\/strong><\/p>\n\n\n\n<p><img loading=\"lazy\" decoding=\"async\" width=\"10\" height=\"21\" class=\"wp-image-3656\" style=\"width: 10px;\" src=\"http:\/\/kommentatorenblog.de\/wp-content\/uploads\/2020\/09\/shure-55sh-ii-e1601485394796.jpg\" alt=\"\" srcset=\"https:\/\/kommentatorenblog.de\/wp-content\/uploads\/2020\/09\/shure-55sh-ii-e1601485394796.jpg 415w, https:\/\/kommentatorenblog.de\/wp-content\/uploads\/2020\/09\/shure-55sh-ii-e1601485394796-142x300.jpg 142w\" sizes=\"auto, (max-width: 10px) 100vw, 10px\" \/> Joachim Hebel<\/p>\n\n\n\n<p><span style=\"text-decoration: underline;\">Sonntag, 04. Februar 2024, ab 14.50 Uhr (Sky\/RTL+)<\/span><\/p>\n\n\n\n<p><strong style=\"font-style: italic;\">Manchester United &#8211; West Ham United<\/strong><em><strong> (15.00 Uhr)<\/strong><\/em> <\/p>\n\n\n\n<p><img loading=\"lazy\" decoding=\"async\" width=\"10\" height=\"21\" class=\"wp-image-3656\" style=\"width: 10px;\" src=\"http:\/\/kommentatorenblog.de\/wp-content\/uploads\/2020\/09\/shure-55sh-ii-e1601485394796.jpg\" alt=\"\" srcset=\"https:\/\/kommentatorenblog.de\/wp-content\/uploads\/2020\/09\/shure-55sh-ii-e1601485394796.jpg 415w, https:\/\/kommentatorenblog.de\/wp-content\/uploads\/2020\/09\/shure-55sh-ii-e1601485394796-142x300.jpg 142w\" sizes=\"auto, (max-width: 10px) 100vw, 10px\" \/> Hannes Herrmann<\/p>\n\n\n\n<p><span style=\"text-decoration: underline;\">ab 14.50 Uhr (Sky)<\/span><\/p>\n\n\n\n<p><strong><em>FC Chelsea &#8211; Wolverhampton Wanderers (15.00 Uhr)<\/em><\/strong><\/p>\n\n\n\n<p><img loading=\"lazy\" decoding=\"async\" width=\"10\" height=\"21\" class=\"wp-image-3656\" style=\"width: 10px;\" src=\"http:\/\/kommentatorenblog.de\/wp-content\/uploads\/2020\/09\/shure-55sh-ii-e1601485394796.jpg\" alt=\"\" srcset=\"https:\/\/kommentatorenblog.de\/wp-content\/uploads\/2020\/09\/shure-55sh-ii-e1601485394796.jpg 415w, https:\/\/kommentatorenblog.de\/wp-content\/uploads\/2020\/09\/shure-55sh-ii-e1601485394796-142x300.jpg 142w\" sizes=\"auto, (max-width: 10px) 100vw, 10px\" \/> Joachim Hebel<\/p>\n\n\n\n<p><strong><em>AFC Bournemouth &#8211; Nottingham Forest (15.00 Uhr)<\/em><\/strong><\/p>\n\n\n\n<p><img loading=\"lazy\" decoding=\"async\" width=\"10\" height=\"21\" class=\"wp-image-3656\" style=\"width: 10px;\" src=\"http:\/\/kommentatorenblog.de\/wp-content\/uploads\/2020\/09\/shure-55sh-ii-e1601485394796.jpg\" alt=\"\" srcset=\"https:\/\/kommentatorenblog.de\/wp-content\/uploads\/2020\/09\/shure-55sh-ii-e1601485394796.jpg 415w, https:\/\/kommentatorenblog.de\/wp-content\/uploads\/2020\/09\/shure-55sh-ii-e1601485394796-142x300.jpg 142w\" sizes=\"auto, (max-width: 10px) 100vw, 10px\" \/> Sven Schr\u00f6ter<\/p>\n\n\n\n<p><span style=\"text-decoration: underline;\">ab 17.00 Uhr (Sky)<\/span><\/p>\n\n\n\n<p><strong style=\"font-style: italic;\">FC Arsenal &#8211; FC Liverpool<\/strong> <em><strong>(17.30 Uhr)<\/strong><\/em> <\/p>\n\n\n\n<p><img loading=\"lazy\" decoding=\"async\" width=\"10\" height=\"21\" class=\"wp-image-3656\" style=\"width: 10px;\" src=\"http:\/\/kommentatorenblog.de\/wp-content\/uploads\/2020\/09\/shure-55sh-ii-e1601485394796.jpg\" alt=\"\" srcset=\"https:\/\/kommentatorenblog.de\/wp-content\/uploads\/2020\/09\/shure-55sh-ii-e1601485394796.jpg 415w, https:\/\/kommentatorenblog.de\/wp-content\/uploads\/2020\/09\/shure-55sh-ii-e1601485394796-142x300.jpg 142w\" sizes=\"auto, (max-width: 10px) 100vw, 10px\" \/> Florian Schmidt-Sommerfeld, Experte: Thomas Hitzlsperger<\/p>\n\n\n\n<p>Field-Reporter: Raphael Honigstein<\/p>\n\n\n\n<p><span style=\"text-decoration: underline;\">Montag, 05. Februar 2024, ab 20.50 Uhr (Sky)<\/span><\/p>\n\n\n\n<p><strong><em>FC Brentford &#8211; Manchester City (21.00 Uhr)<\/em><\/strong><\/p>\n\n\n\n<p><img loading=\"lazy\" decoding=\"async\" width=\"10\" height=\"21\" class=\"wp-image-3656\" style=\"width: 10px;\" src=\"http:\/\/kommentatorenblog.de\/wp-content\/uploads\/2020\/09\/shure-55sh-ii-e1601485394796.jpg\" alt=\"\" srcset=\"https:\/\/kommentatorenblog.de\/wp-content\/uploads\/2020\/09\/shure-55sh-ii-e1601485394796.jpg 415w, https:\/\/kommentatorenblog.de\/wp-content\/uploads\/2020\/09\/shure-55sh-ii-e1601485394796-142x300.jpg 142w\" sizes=\"auto, (max-width: 10px) 100vw, 10px\" \/> Toni Tomic<\/p>\n\n\n\n<hr class=\"wp-block-separator\"\/>\n\n\n\n<p><strong>FA Women&#8217;s Super League, 13. Spieltag (Sky)<\/strong><\/p>\n\n\n\n<p><span style=\"text-decoration: underline;\">Sonntag, 04. Februar 2024, ab 19.35 Uhr<\/span><\/p>\n\n\n\n<p><strong><em>FC Chelsea &#8211; FC Everton (19.45 Uhr)<\/em><\/strong><\/p>\n\n\n\n<p><img loading=\"lazy\" decoding=\"async\" width=\"10\" height=\"21\" class=\"wp-image-3656\" style=\"width: 10px;\" src=\"http:\/\/kommentatorenblog.de\/wp-content\/uploads\/2020\/09\/shure-55sh-ii-e1601485394796.jpg\" alt=\"\" srcset=\"https:\/\/kommentatorenblog.de\/wp-content\/uploads\/2020\/09\/shure-55sh-ii-e1601485394796.jpg 415w, https:\/\/kommentatorenblog.de\/wp-content\/uploads\/2020\/09\/shure-55sh-ii-e1601485394796-142x300.jpg 142w\" sizes=\"auto, (max-width: 10px) 100vw, 10px\" \/> Paul H\u00e4user<\/p>\n\n\n\n<hr class=\"wp-block-separator is-style-default\"\/>\n\n\n\n<p><strong>La Liga, 23. Spieltag (DAZN)<\/strong><\/p>\n\n\n\n<p><span style=\"text-decoration: underline;\">Freitag, 02. Februar 2024<\/span><\/p>\n\n\n\n<p><strong style=\"font-style: italic;\">Athletic Bilbao <strong><em><span><b style=\"font-style: italic;\">\u2013<\/b><\/span><\/em><\/strong><\/strong> <em><strong>RCD Mallorca (21.00 Uhr)<\/strong><\/em><\/p>\n\n\n\n<p><img loading=\"lazy\" decoding=\"async\" width=\"10\" height=\"21\" class=\"wp-image-3656\" style=\"width: 10px;\" src=\"http:\/\/kommentatorenblog.de\/wp-content\/uploads\/2020\/09\/shure-55sh-ii-e1601485394796.jpg\" alt=\"\" srcset=\"https:\/\/kommentatorenblog.de\/wp-content\/uploads\/2020\/09\/shure-55sh-ii-e1601485394796.jpg 415w, https:\/\/kommentatorenblog.de\/wp-content\/uploads\/2020\/09\/shure-55sh-ii-e1601485394796-142x300.jpg 142w\" sizes=\"auto, (max-width: 10px) 100vw, 10px\" \/> Flo Hauser<\/p>\n\n\n\n<p><span style=\"text-decoration: underline;\">Samstag, 03. Februar 2024<\/span><\/p>\n\n\n\n<p><b style=\"font-style: italic;\">Deportivo Alaves &#8211; FC Barcelona (18.30 Uhr)<\/b><\/p>\n\n\n\n<p><img loading=\"lazy\" decoding=\"async\" width=\"10\" height=\"21\" class=\"wp-image-3656\" style=\"width: 10px;\" src=\"http:\/\/kommentatorenblog.de\/wp-content\/uploads\/2020\/09\/shure-55sh-ii-e1601485394796.jpg\" alt=\"\" srcset=\"https:\/\/kommentatorenblog.de\/wp-content\/uploads\/2020\/09\/shure-55sh-ii-e1601485394796.jpg 415w, https:\/\/kommentatorenblog.de\/wp-content\/uploads\/2020\/09\/shure-55sh-ii-e1601485394796-142x300.jpg 142w\" sizes=\"auto, (max-width: 10px) 100vw, 10px\" \/> Uwe Morawe<\/p>\n\n\n\n<p><strong><em>FC Girona &#8211; Real Sociedad (21.00 Uhr)<\/em><\/strong><\/p>\n\n\n\n<p><img loading=\"lazy\" decoding=\"async\" width=\"10\" height=\"21\" class=\"wp-image-3656\" style=\"width: 10px;\" src=\"http:\/\/kommentatorenblog.de\/wp-content\/uploads\/2020\/09\/shure-55sh-ii-e1601485394796.jpg\" alt=\"\" srcset=\"https:\/\/kommentatorenblog.de\/wp-content\/uploads\/2020\/09\/shure-55sh-ii-e1601485394796.jpg 415w, https:\/\/kommentatorenblog.de\/wp-content\/uploads\/2020\/09\/shure-55sh-ii-e1601485394796-142x300.jpg 142w\" sizes=\"auto, (max-width: 10px) 100vw, 10px\" \/> Matthias Naebers<\/p>\n\n\n\n<p><span style=\"text-decoration: underline;\">Sonntag, 04. Februar 2024<\/span><\/p>\n\n\n\n<p><strong><em>Real Madrid &#8211; Atletico Madrid (21.00 Uhr)<\/em><\/strong><\/p>\n\n\n\n<p><img loading=\"lazy\" decoding=\"async\" width=\"10\" height=\"21\" class=\"wp-image-3656\" style=\"width: 10px;\" src=\"http:\/\/kommentatorenblog.de\/wp-content\/uploads\/2020\/09\/shure-55sh-ii-e1601485394796.jpg\" alt=\"\" srcset=\"https:\/\/kommentatorenblog.de\/wp-content\/uploads\/2020\/09\/shure-55sh-ii-e1601485394796.jpg 415w, https:\/\/kommentatorenblog.de\/wp-content\/uploads\/2020\/09\/shure-55sh-ii-e1601485394796-142x300.jpg 142w\" sizes=\"auto, (max-width: 10px) 100vw, 10px\" \/> Jan Platte, Experte: Sascha Bigalke (Einzelspiel), David Ploch (Konferenz)<\/p>\n\n\n\n<hr class=\"wp-block-separator is-style-default\"\/>\n\n\n\n<p><strong>Serie A, 23. Spieltag (DAZN)<\/strong><\/p>\n\n\n\n<p><span style=\"text-decoration: underline;\">Samstag, 03. Februar 2024<\/span><\/p>\n\n\n\n<p><strong style=\"font-style: italic;\">Frosinone Calcio &#8211; AC Mailand (18.00 Uhr)<\/strong><\/p>\n\n\n\n<p><img loading=\"lazy\" decoding=\"async\" width=\"10\" height=\"21\" class=\"wp-image-3656\" style=\"width: 10px;\" src=\"http:\/\/kommentatorenblog.de\/wp-content\/uploads\/2020\/09\/shure-55sh-ii-e1601485394796.jpg\" alt=\"\" srcset=\"https:\/\/kommentatorenblog.de\/wp-content\/uploads\/2020\/09\/shure-55sh-ii-e1601485394796.jpg 415w, https:\/\/kommentatorenblog.de\/wp-content\/uploads\/2020\/09\/shure-55sh-ii-e1601485394796-142x300.jpg 142w\" sizes=\"auto, (max-width: 10px) 100vw, 10px\" \/> Oliver Fa\u00dfnacht<\/p>\n\n\n\n<p><span style=\"text-decoration: underline;\">Sonntag, 04. Februar 2024<\/span><\/p>\n\n\n\n<p><strong style=\"font-style: italic;\">SSC Neapel &#8211; Hellas Verona (15.00 Uhr)<\/strong><\/p>\n\n\n\n<p><img loading=\"lazy\" decoding=\"async\" width=\"10\" height=\"21\" class=\"wp-image-3656\" style=\"width: 10px;\" src=\"http:\/\/kommentatorenblog.de\/wp-content\/uploads\/2020\/09\/shure-55sh-ii-e1601485394796.jpg\" alt=\"\" srcset=\"https:\/\/kommentatorenblog.de\/wp-content\/uploads\/2020\/09\/shure-55sh-ii-e1601485394796.jpg 415w, https:\/\/kommentatorenblog.de\/wp-content\/uploads\/2020\/09\/shure-55sh-ii-e1601485394796-142x300.jpg 142w\" sizes=\"auto, (max-width: 10px) 100vw, 10px\" \/> Nico Seepe<\/p>\n\n\n\n<p><strong><em>Atalanta Bergamo &#8211; Lazio Rom (18.00 Uhr)<\/em><\/strong><\/p>\n\n\n\n<p><img loading=\"lazy\" decoding=\"async\" width=\"10\" height=\"21\" class=\"wp-image-3656\" style=\"width: 10px;\" src=\"http:\/\/kommentatorenblog.de\/wp-content\/uploads\/2020\/09\/shure-55sh-ii-e1601485394796.jpg\" alt=\"\" srcset=\"https:\/\/kommentatorenblog.de\/wp-content\/uploads\/2020\/09\/shure-55sh-ii-e1601485394796.jpg 415w, https:\/\/kommentatorenblog.de\/wp-content\/uploads\/2020\/09\/shure-55sh-ii-e1601485394796-142x300.jpg 142w\" sizes=\"auto, (max-width: 10px) 100vw, 10px\" \/> Michael Born<\/p>\n\n\n\n<p><strong><em>Inter Mailand &#8211; Juventus Turin (20.45 Uhr)<\/em><\/strong><\/p>\n\n\n\n<p><img loading=\"lazy\" decoding=\"async\" width=\"10\" height=\"21\" class=\"wp-image-3656\" style=\"width: 10px;\" src=\"http:\/\/kommentatorenblog.de\/wp-content\/uploads\/2020\/09\/shure-55sh-ii-e1601485394796.jpg\" alt=\"\" srcset=\"https:\/\/kommentatorenblog.de\/wp-content\/uploads\/2020\/09\/shure-55sh-ii-e1601485394796.jpg 415w, https:\/\/kommentatorenblog.de\/wp-content\/uploads\/2020\/09\/shure-55sh-ii-e1601485394796-142x300.jpg 142w\" sizes=\"auto, (max-width: 10px) 100vw, 10px\" \/> Carsten Fu\u00df, Experte: Christian Bernhard (Einzelspiel), Mario Rieker (Konferenz)<\/p>\n\n\n\n<p><span style=\"text-decoration: underline;\">Montag, 05. Februar 2024<\/span><\/p>\n\n\n\n<p><strong><em>AS Rom &#8211; Cagliari Calcio (20.45 Uhr)<\/em><\/strong><\/p>\n\n\n\n<p><img loading=\"lazy\" decoding=\"async\" width=\"10\" height=\"21\" class=\"wp-image-3656\" style=\"width: 10px;\" src=\"http:\/\/kommentatorenblog.de\/wp-content\/uploads\/2020\/09\/shure-55sh-ii-e1601485394796.jpg\" alt=\"\" srcset=\"https:\/\/kommentatorenblog.de\/wp-content\/uploads\/2020\/09\/shure-55sh-ii-e1601485394796.jpg 415w, https:\/\/kommentatorenblog.de\/wp-content\/uploads\/2020\/09\/shure-55sh-ii-e1601485394796-142x300.jpg 142w\" sizes=\"auto, (max-width: 10px) 100vw, 10px\" \/> Tobi Fischbeck<\/p>\n\n\n\n<hr class=\"wp-block-separator is-style-default\"\/>\n\n\n\n<p><strong>Ligue 1, 20. Spieltag (DAZN)<\/strong><\/p>\n\n\n\n<p><span style=\"text-decoration: underline;\">Freitag, 02. Februar 2024<\/span><\/p>\n\n\n\n<p><strong><em>Racing Stra\u00dfburg &#8211; Paris Saint-Germain (21.00 Uhr)<\/em><\/strong><\/p>\n\n\n\n<p><img loading=\"lazy\" decoding=\"async\" width=\"10\" height=\"21\" class=\"wp-image-3656\" style=\"width: 10px;\" src=\"http:\/\/kommentatorenblog.de\/wp-content\/uploads\/2020\/09\/shure-55sh-ii-e1601485394796.jpg\" alt=\"\" srcset=\"https:\/\/kommentatorenblog.de\/wp-content\/uploads\/2020\/09\/shure-55sh-ii-e1601485394796.jpg 415w, https:\/\/kommentatorenblog.de\/wp-content\/uploads\/2020\/09\/shure-55sh-ii-e1601485394796-142x300.jpg 142w\" sizes=\"auto, (max-width: 10px) 100vw, 10px\" \/> Stefan Galler<\/p>\n\n\n\n<p><span style=\"text-decoration: underline;\"><span style=\"text-decoration: underline;\">Sonntag, 04. Februar 2024<\/span><\/span><\/p>\n\n\n\n<p><strong style=\"font-style: italic;\">Olympique Lyon &#8211; Olympique Marseille<\/strong><em><strong> (20.45 Uhr)<\/strong><\/em> <\/p>\n\n\n\n<p><img loading=\"lazy\" decoding=\"async\" width=\"10\" height=\"21\" class=\"wp-image-3656\" style=\"width: 10px;\" src=\"http:\/\/kommentatorenblog.de\/wp-content\/uploads\/2020\/09\/shure-55sh-ii-e1601485394796.jpg\" alt=\"\" srcset=\"https:\/\/kommentatorenblog.de\/wp-content\/uploads\/2020\/09\/shure-55sh-ii-e1601485394796.jpg 415w, https:\/\/kommentatorenblog.de\/wp-content\/uploads\/2020\/09\/shure-55sh-ii-e1601485394796-142x300.jpg 142w\" sizes=\"auto, (max-width: 10px) 100vw, 10px\" \/> Guido H\u00fcsgen (Einzelspiel), Max Gross (Konferenz)<\/p>\n\n\n\n<hr class=\"wp-block-separator\"\/>\n\n\n\n<p><strong>AFC Asian Cup, Viertelfinale (<strong>Sportdigital Fu\u00dfball)<\/strong><\/strong><\/p>\n\n\n\n<p><span style=\"text-decoration: underline;\">Freitag, 02. Februar 2024<\/span><\/p>\n\n\n\n<p><strong><em>Tadschikistan &#8211; Jordanien (12.30 Uhr)<\/em><\/strong><\/p>\n\n\n\n<p><img loading=\"lazy\" decoding=\"async\" width=\"10\" height=\"21\" class=\"wp-image-3656\" style=\"width: 10px;\" src=\"http:\/\/kommentatorenblog.de\/wp-content\/uploads\/2020\/09\/shure-55sh-ii-e1601485394796.jpg\" alt=\"\" srcset=\"https:\/\/kommentatorenblog.de\/wp-content\/uploads\/2020\/09\/shure-55sh-ii-e1601485394796.jpg 415w, https:\/\/kommentatorenblog.de\/wp-content\/uploads\/2020\/09\/shure-55sh-ii-e1601485394796-142x300.jpg 142w\" sizes=\"auto, (max-width: 10px) 100vw, 10px\" \/> Ulf Kahmke<\/p>\n\n\n\n<p><strong><em>Australien &#8211; S\u00fcdkorea (16.30 Uhr)<\/em><\/strong><\/p>\n\n\n\n<p><img loading=\"lazy\" decoding=\"async\" width=\"10\" height=\"21\" class=\"wp-image-3656\" style=\"width: 10px;\" src=\"http:\/\/kommentatorenblog.de\/wp-content\/uploads\/2020\/09\/shure-55sh-ii-e1601485394796.jpg\" alt=\"\" srcset=\"https:\/\/kommentatorenblog.de\/wp-content\/uploads\/2020\/09\/shure-55sh-ii-e1601485394796.jpg 415w, https:\/\/kommentatorenblog.de\/wp-content\/uploads\/2020\/09\/shure-55sh-ii-e1601485394796-142x300.jpg 142w\" sizes=\"auto, (max-width: 10px) 100vw, 10px\" \/> Jonathan Dreier<\/p>\n\n\n\n<p><span style=\"text-decoration: underline;\">Samstag, 03. Februar 2024<\/span><\/p>\n\n\n\n<p><strong><em>Katar &#8211; Usbekistan (16.30 Uhr)<\/em><\/strong><\/p>\n\n\n\n<p><img loading=\"lazy\" decoding=\"async\" width=\"10\" height=\"21\" class=\"wp-image-3656\" style=\"width: 10px;\" src=\"http:\/\/kommentatorenblog.de\/wp-content\/uploads\/2020\/09\/shure-55sh-ii-e1601485394796.jpg\" alt=\"\" srcset=\"https:\/\/kommentatorenblog.de\/wp-content\/uploads\/2020\/09\/shure-55sh-ii-e1601485394796.jpg 415w, https:\/\/kommentatorenblog.de\/wp-content\/uploads\/2020\/09\/shure-55sh-ii-e1601485394796-142x300.jpg 142w\" sizes=\"auto, (max-width: 10px) 100vw, 10px\" \/> Christian Blunck<\/p>\n\n\n\n<hr class=\"wp-block-separator\"\/>\n\n\n\n<p><strong>Afrika Cup, Viertelfinale (<strong>Sportdigital Fu\u00dfball)<\/strong><\/strong><\/p>\n\n\n\n<p><span style=\"text-decoration: underline;\">Freitag, 02. Februar 2024<\/span><\/p>\n\n\n\n<p><strong><em>Nigeria &#8211; Angola (18.00 Uhr)<\/em><\/strong><\/p>\n\n\n\n<p><img loading=\"lazy\" decoding=\"async\" width=\"10\" height=\"21\" class=\"wp-image-3656\" style=\"width: 10px;\" src=\"http:\/\/kommentatorenblog.de\/wp-content\/uploads\/2020\/09\/shure-55sh-ii-e1601485394796.jpg\" alt=\"\" srcset=\"https:\/\/kommentatorenblog.de\/wp-content\/uploads\/2020\/09\/shure-55sh-ii-e1601485394796.jpg 415w, https:\/\/kommentatorenblog.de\/wp-content\/uploads\/2020\/09\/shure-55sh-ii-e1601485394796-142x300.jpg 142w\" sizes=\"auto, (max-width: 10px) 100vw, 10px\" \/> J\u00f6rg Steiger<\/p>\n\n\n\n<p><strong><em>DR Kongo &#8211; Guinea (21. 00 Uhr)<\/em><\/strong><\/p>\n\n\n\n<p><img loading=\"lazy\" decoding=\"async\" width=\"10\" height=\"21\" class=\"wp-image-3656\" style=\"width: 10px;\" src=\"http:\/\/kommentatorenblog.de\/wp-content\/uploads\/2020\/09\/shure-55sh-ii-e1601485394796.jpg\" alt=\"\" srcset=\"https:\/\/kommentatorenblog.de\/wp-content\/uploads\/2020\/09\/shure-55sh-ii-e1601485394796.jpg 415w, https:\/\/kommentatorenblog.de\/wp-content\/uploads\/2020\/09\/shure-55sh-ii-e1601485394796-142x300.jpg 142w\" sizes=\"auto, (max-width: 10px) 100vw, 10px\" \/> Karsten Linke<\/p>\n\n\n\n<p><span style=\"text-decoration: underline;\">Samstag, 03. Februar 2024<\/span><\/p>\n\n\n\n<p><strong><em>Mali &#8211; Elfenbeink\u00fcste (18.00 Uhr)<\/em><\/strong><\/p>\n\n\n\n<p><img loading=\"lazy\" decoding=\"async\" width=\"10\" height=\"21\" class=\"wp-image-3656\" style=\"width: 10px;\" src=\"http:\/\/kommentatorenblog.de\/wp-content\/uploads\/2020\/09\/shure-55sh-ii-e1601485394796.jpg\" alt=\"\" srcset=\"https:\/\/kommentatorenblog.de\/wp-content\/uploads\/2020\/09\/shure-55sh-ii-e1601485394796.jpg 415w, https:\/\/kommentatorenblog.de\/wp-content\/uploads\/2020\/09\/shure-55sh-ii-e1601485394796-142x300.jpg 142w\" sizes=\"auto, (max-width: 10px) 100vw, 10px\" \/> Marvin Kirsch<\/p>\n\n\n\n<p><strong><em>Kap Verde &#8211; S\u00fcdafrika (21.00 Uhr)<\/em><\/strong><\/p>\n\n\n\n<p><img loading=\"lazy\" decoding=\"async\" width=\"10\" height=\"21\" class=\"wp-image-3656\" style=\"width: 10px;\" src=\"http:\/\/kommentatorenblog.de\/wp-content\/uploads\/2020\/09\/shure-55sh-ii-e1601485394796.jpg\" alt=\"\" srcset=\"https:\/\/kommentatorenblog.de\/wp-content\/uploads\/2020\/09\/shure-55sh-ii-e1601485394796.jpg 415w, https:\/\/kommentatorenblog.de\/wp-content\/uploads\/2020\/09\/shure-55sh-ii-e1601485394796-142x300.jpg 142w\" sizes=\"auto, (max-width: 10px) 100vw, 10px\" \/> Jakob Vogel<\/p>\n\n\n\n<hr class=\"wp-block-separator\"\/>\n\n\n\n<p><strong>Sky Bet Championship, 30. Spieltag (Sportdigital Fu\u00dfball)<\/strong><\/p>\n\n\n\n<p><span style=\"text-decoration: underline;\">Samstag, 03. Februar 2024<\/span><\/p>\n\n\n\n<p><strong style=\"font-style: italic;\">Preston North End &#8211; Ipswich Town (16.00 Uhr)<\/strong><\/p>\n\n\n\n<p><img loading=\"lazy\" decoding=\"async\" width=\"10\" height=\"21\" class=\"wp-image-3656\" style=\"width: 10px;\" src=\"http:\/\/kommentatorenblog.de\/wp-content\/uploads\/2020\/09\/shure-55sh-ii-e1601485394796.jpg\" alt=\"\" srcset=\"https:\/\/kommentatorenblog.de\/wp-content\/uploads\/2020\/09\/shure-55sh-ii-e1601485394796.jpg 415w, https:\/\/kommentatorenblog.de\/wp-content\/uploads\/2020\/09\/shure-55sh-ii-e1601485394796-142x300.jpg 142w\" sizes=\"auto, (max-width: 10px) 100vw, 10px\" \/> Marcus Radefeld<\/p>\n\n\n\n<hr class=\"wp-block-separator\"\/>\n\n\n\n<p><strong>Eredivisie, 20. Spieltag (Sportdigital Fu\u00dfball)<\/strong><\/p>\n\n\n\n<p><span style=\"text-decoration: underline;\">Samstag, 03. Februar 2024<\/span><\/p>\n\n\n\n<p><strong style=\"font-style: italic;\">Ajax Amsterdam &#8211; PSV Eindhoven (20.00 Uhr)<\/strong><\/p>\n\n\n\n<p><img loading=\"lazy\" decoding=\"async\" width=\"10\" height=\"21\" class=\"wp-image-3656\" style=\"width: 10px;\" src=\"http:\/\/kommentatorenblog.de\/wp-content\/uploads\/2020\/09\/shure-55sh-ii-e1601485394796.jpg\" alt=\"\" srcset=\"https:\/\/kommentatorenblog.de\/wp-content\/uploads\/2020\/09\/shure-55sh-ii-e1601485394796.jpg 415w, https:\/\/kommentatorenblog.de\/wp-content\/uploads\/2020\/09\/shure-55sh-ii-e1601485394796-142x300.jpg 142w\" sizes=\"auto, (max-width: 10px) 100vw, 10px\" \/> Karsten Linke<\/p>\n\n\n\n<p><span style=\"text-decoration: underline;\">Sonntag, 04. Februar 2024<\/span><\/p>\n\n\n\n<p><strong><em>AZ Alkmaar &#8211; Feyenoord Rotterdam (14.30 Uhr)<\/em><\/strong><\/p>\n\n\n\n<p><img loading=\"lazy\" decoding=\"async\" width=\"10\" height=\"21\" class=\"wp-image-3656\" style=\"width: 10px;\" src=\"http:\/\/kommentatorenblog.de\/wp-content\/uploads\/2020\/09\/shure-55sh-ii-e1601485394796.jpg\" alt=\"\" srcset=\"https:\/\/kommentatorenblog.de\/wp-content\/uploads\/2020\/09\/shure-55sh-ii-e1601485394796.jpg 415w, https:\/\/kommentatorenblog.de\/wp-content\/uploads\/2020\/09\/shure-55sh-ii-e1601485394796-142x300.jpg 142w\" sizes=\"auto, (max-width: 10px) 100vw, 10px\" \/> Christian Blunck<\/p>\n\n\n\n<hr class=\"wp-block-separator is-style-default\"\/>\n\n\n\n<p><strong>Primeira Liga, 20. Spieltag (<strong>Sportdigital Fu\u00dfball)<\/strong><\/strong><\/p>\n\n\n\n<p><span style=\"text-decoration: underline;\">Sonntag, 04. Februar 2024<\/span><\/p>\n\n\n\n<p><strong><em>Benfica Lissabon &#8211; FC Gil Vicente (19.00 Uhr)<\/em><\/strong><\/p>\n\n\n\n<p><img loading=\"lazy\" decoding=\"async\" width=\"10\" height=\"21\" class=\"wp-image-3656\" style=\"width: 10px;\" src=\"http:\/\/kommentatorenblog.de\/wp-content\/uploads\/2020\/09\/shure-55sh-ii-e1601485394796.jpg\" alt=\"\" srcset=\"https:\/\/kommentatorenblog.de\/wp-content\/uploads\/2020\/09\/shure-55sh-ii-e1601485394796.jpg 415w, https:\/\/kommentatorenblog.de\/wp-content\/uploads\/2020\/09\/shure-55sh-ii-e1601485394796-142x300.jpg 142w\" sizes=\"auto, (max-width: 10px) 100vw, 10px\" \/> Ulf Kahmke<\/p>\n\n\n\n<p><strong><em>Sporting Braga &#8211; Moreirense FC (21.30 Uhr)<\/em><\/strong><\/p>\n\n\n\n<p><img loading=\"lazy\" decoding=\"async\" width=\"10\" height=\"21\" class=\"wp-image-3656\" style=\"width: 10px;\" src=\"http:\/\/kommentatorenblog.de\/wp-content\/uploads\/2020\/09\/shure-55sh-ii-e1601485394796.jpg\" alt=\"\" srcset=\"https:\/\/kommentatorenblog.de\/wp-content\/uploads\/2020\/09\/shure-55sh-ii-e1601485394796.jpg 415w, https:\/\/kommentatorenblog.de\/wp-content\/uploads\/2020\/09\/shure-55sh-ii-e1601485394796-142x300.jpg 142w\" sizes=\"auto, (max-width: 10px) 100vw, 10px\" \/> Moritz Knorr<\/p>\n\n\n\n<hr class=\"wp-block-separator\"\/>\n\n\n\n<p><strong>A League, 15. Spieltag (Sportdigital Fu\u00dfball)<\/strong><\/p>\n\n\n\n<p><span style=\"text-decoration: underline;\">Samstag, 03. Februar 2024<\/span><\/p>\n\n\n\n<p><strong style=\"font-style: italic;\">Adelaide United <strong style=\"font-style: italic;\"><strong><em><span><b style=\"font-style: italic;\">\u2013<\/b><\/span><\/em><\/strong><\/strong> Central Coast Mariners<\/strong><em><strong> (09.45 Uhr)<\/strong><\/em> <\/p>\n\n\n\n<p><img loading=\"lazy\" decoding=\"async\" width=\"10\" height=\"21\" class=\"wp-image-3656\" style=\"width: 10px;\" src=\"http:\/\/kommentatorenblog.de\/wp-content\/uploads\/2020\/09\/shure-55sh-ii-e1601485394796.jpg\" alt=\"\" srcset=\"https:\/\/kommentatorenblog.de\/wp-content\/uploads\/2020\/09\/shure-55sh-ii-e1601485394796.jpg 415w, https:\/\/kommentatorenblog.de\/wp-content\/uploads\/2020\/09\/shure-55sh-ii-e1601485394796-142x300.jpg 142w\" sizes=\"auto, (max-width: 10px) 100vw, 10px\" \/> Christian Blunck<\/p>\n\n\n\n<hr class=\"wp-block-separator\"\/>\n\n\n\n<p><strong>Copa de la Liga Profesional, 3. Spieltag (Sportdigital Fu\u00dfball)<\/strong><\/p>\n\n\n\n<p><span style=\"text-decoration: underline;\">Montag, 05. Februar 2024<\/span><\/p>\n\n\n\n<p><strong><em>CA Tigre &#8211; Boca Juniors (23.15 Uhr)<\/em><\/strong><\/p>\n\n\n\n<p><img loading=\"lazy\" decoding=\"async\" width=\"10\" height=\"21\" class=\"wp-image-3656\" style=\"width: 10px;\" src=\"http:\/\/kommentatorenblog.de\/wp-content\/uploads\/2020\/09\/shure-55sh-ii-e1601485394796.jpg\" alt=\"\" srcset=\"https:\/\/kommentatorenblog.de\/wp-content\/uploads\/2020\/09\/shure-55sh-ii-e1601485394796.jpg 415w, https:\/\/kommentatorenblog.de\/wp-content\/uploads\/2020\/09\/shure-55sh-ii-e1601485394796-142x300.jpg 142w\" sizes=\"auto, (max-width: 10px) 100vw, 10px\" \/> Christian Blunck<\/p>\n\n\n\n<hr class=\"wp-block-separator\"\/>\n\n\n\n<p><strong>Division 1A, 24. Spieltag (Sport1+)<\/strong><\/p>\n\n\n\n<p><span style=\"text-decoration: underline;\">Sonntag, 04. Februar 2024, ab 13.25 Uhr<\/span><\/p>\n\n\n\n<p><strong><em>Royal Antwerpen &#8211; FC Br\u00fcgge (13.30 Uhr)<\/em><\/strong><\/p>\n\n\n\n<p><img loading=\"lazy\" decoding=\"async\" width=\"10\" height=\"21\" class=\"wp-image-3656\" style=\"width: 10px;\" src=\"http:\/\/kommentatorenblog.de\/wp-content\/uploads\/2020\/09\/shure-55sh-ii-e1601485394796.jpg\" alt=\"\" srcset=\"https:\/\/kommentatorenblog.de\/wp-content\/uploads\/2020\/09\/shure-55sh-ii-e1601485394796.jpg 415w, https:\/\/kommentatorenblog.de\/wp-content\/uploads\/2020\/09\/shure-55sh-ii-e1601485394796-142x300.jpg 142w\" sizes=\"auto, (max-width: 10px) 100vw, 10px\" \/> Hans-Joachim Wolff<\/p>\n\n\n\n<p><span style=\"text-decoration: underline;\">ab 18.25 Uhr<\/span><\/p>\n\n\n\n<p><strong><em>RSC Anderlecht &#8211; KAA Gent (18.30 Uhr)<\/em><\/strong><\/p>\n\n\n\n<p><img loading=\"lazy\" decoding=\"async\" width=\"10\" height=\"21\" class=\"wp-image-3656\" style=\"width: 10px;\" src=\"http:\/\/kommentatorenblog.de\/wp-content\/uploads\/2020\/09\/shure-55sh-ii-e1601485394796.jpg\" alt=\"\" srcset=\"https:\/\/kommentatorenblog.de\/wp-content\/uploads\/2020\/09\/shure-55sh-ii-e1601485394796.jpg 415w, https:\/\/kommentatorenblog.de\/wp-content\/uploads\/2020\/09\/shure-55sh-ii-e1601485394796-142x300.jpg 142w\" sizes=\"auto, (max-width: 10px) 100vw, 10px\" \/> Peter Kohl<\/p>\n\n\n\n<hr class=\"wp-block-separator\"\/>\n\n\n\n<p><strong>Die Analyse<\/strong><\/p>\n\n\n\n<p>Zum Start des 20. Spieltags empf\u00e4ngt der 1. FC Heidenheim Borussia Dortmund und das Team von DAZN nimmt den kurzen Weg aus M\u00fcnchen auf sich in die kleinste Spielst\u00e4tte der Bundesliga. Bei den beiden Sonntagspartien sind hingegen nur die Field-Reporter vor Ort, Marco Hagemann in Wolfsburg und Benni Zander in seiner Heimatstadt Leipzig.  Lukas Sch\u00f6nm\u00fcller ist am Freitag als Kommentator und am Sonntag als Moderator im Einsatz, nachdem er unter der Woche bereits 2 EuroLeague-Spiele f\u00fcr Magenta Sport kommentiert hat. <\/p>\n\n\n\n<p>Das regelm\u00e4\u00dfig brisante Aufeinandertreffen zwischen dem FC Bayern und Borussia M\u00f6nchengladbach hat Sky mit Jonas Friedrich und Frank Buschmann hochkar\u00e4tig besetzt, f\u00fcr das Baden-W\u00fcrttemberg-Duell zwischen Freiburg und Stuttgart ist Toni Tomic bereits zum 3. Mal in diesem Jahr Teil der Konferenz, Schmiso hat bei Bochum &#8211; Augsburg seinen ersten Bundesliga-Einsatz im neuen Jahr. Thomas Wagner zieht die Bundesliga erneut der 2. Bundesliga vor, wo er in der Hinrunde meist im Einsatz war, und f\u00fchrt diesmal bei der Begegnung zwischen Darmstadt und Spitzenreiter Leverkusen die Interviews.<\/p>\n\n\n\n<p><s>Beim Topspiel K\u00f6ln &#8211; Frankfurt ist Julia Simic erstmals in diesem Jahr f\u00fcr Sky im Einsatz, es ist allerdings nicht ihr einziger an diesem Spieltag: bei der Frauen-Bundesliga-Partie am Montag zwischen Bayern und Freiburg gibt sie ihr Deb\u00fct f\u00fcr Sport1 und setzt damit ihren Kurs fort, f\u00fcr immer mehr Arbeitgeber in verschiedenen Wettbewerben und auf verschiedenen Sprachen als Expertin bzw. Co-Kommentatorin t\u00e4tig zu sein. <\/s>Bei DAZN kommen in der Frauen-Bundesliga abermals Carmen H\u00f6fflin und Turid Knaak als Expertinnen zum Einsatz, die Moderation bei der Partie Leverkusen &#8211; Wolfsburg, die \u00fcbrigens auch kostenfrei verf\u00fcgbar ist, \u00fcbernimmt erstmals Ann-Sophie Kimmel. Beim gleichen Spiel ist Tabea Kemme f\u00fcr Magenta zugegen.<\/p>\n\n\n\n<p>In der 2. Liga deb\u00fctiert Sky-Neuzugang Max Zielke am Samstag als Moderator, daneben sind \u00fcber das Wochenende verteilt mit Joachim Hebel, Dominik M\u00fcller und Timo Sch\u00e4fers einige Premier-League-Stimmen zu h\u00f6ren, f\u00fcr letzteren ist es der erste Einsatz in diesem Jahr. Das Topspiel Hertha &#8211; HSV kommentiert Hansi K\u00fcpper, dessen einziger Einsatz es an diesem Spieltag ist. &#8222;Tusche&#8220; nimmt am darauffolgenden Tag dann noch den Weg aus der Heimat Berlin nach Hannover auf sich. F\u00fcr Sport1 sind am Samstagabend Oliver Forster, Martin Harnik und Ruth Hofmann in Berlin im Einsatz.<\/p>\n\n\n\n<p>In der 3. Liga bekommt Edgar Mielke bei L\u00fcbeck &#8211; Ulm wieder einen seiner bislang sehr sporadischen Eins\u00e4tze, ohne die Formel E bei ProSieben k\u00f6nnte er aber in Zukunft wieder mehr Kapazit\u00e4ten hierf\u00fcr haben. Die Partie wird auch vom NDR \u00fcbertragen, genauso wie vom SWR, der allerdings wie bei Ausw\u00e4rtsspielen gew\u00f6hnlich die \u00dcbertragung des anderen Senders \u00fcbernimmt. Das zweite Spiel in den dritten Programmen ist Erzgebirge Aue &#8211; 1860 M\u00fcnchen, wo neben dem MDR auch der BR wieder eine eigene \u00dcbertragung hat. Vom BR wurde die Begegnung erst recht kurzfristig ins Programm genommen, da aufgrund der Reduzierung des Ski-Weltcups in Chamonix auf einen Slalom am Sonntag gl\u00fccklicherweise Bernd Schmelzer zur Verf\u00fcgung steht. Sch\u00f6nm\u00fcller und Eckl w\u00e4ren hierf\u00fcr wohl nicht in Frage gekommen, da sie bereits f\u00fcr die Sportschau ben\u00f6tigt werden, wo ohne Schmelzer geplant wurde. Ansonsten haben sowohl Thomas Wagner, zus\u00e4tzlich zur Bundesliga, als auch Markus H\u00f6hner gleich zwei Eins\u00e4tze f\u00fcr Magenta, der Experte Toni Wachsmuth sogar zwei sender\u00fcbergreifende. Auch Alex K\u00fcpper muss erneut doppelt ran, bevor es f\u00fcr Magenta zum FC Ingolstadt 04 gegen den Tabellenzweiten Dynamo Dresden geht, kommentiert er noch die Regionalliga-Partie zwischen Carl Zeiss Jena und dem SV Babelsberg f\u00fcr den MDR. Christian Stra\u00dfburger bleibt an diesem Wochenende komplett ohne Einsatz, auch Kevin Gerwin pausiert weiterhin, nachdem er in den vergangenen Wochen als Hallensprecher bei der Handball-EM im Einsatz war.<\/p>\n\n\n\n<p>Bei der Regionalliga Nordost habe ich mich dazu entschieden, auch mal auf die \u00dcbertragungen von Funke Media Th\u00fcringen und OSTSPORTTV hinzuweisen. Bei ersterem ben\u00f6tigt man ein Abo, zweiteres \u00fcbertragt frei auf YouTube. OSTSPORTTV ist das eigene Unternehmen von Heiko Mallwitz, der sich in der letzten Zeit bei Sky rar gemacht hat, aber umso \u00f6fter hier zu h\u00f6ren ist.<\/p>\n\n\n\n<p>Wieder aus der Winterpause startet die Regionalliga West, nachdem an den letzten Tagen bereits einige Nachholpartien aus der Hinrunde dort stattfanden. Die Begegnung zwischen dem Wuppertaler SV und der Zweitvertretung von Schalke 04 ist diesmal die Partie, die man auch bei Magenta verfolgen kann, neben Severin Trompetter als Kommentator und Lennart Ke\u00dfler als Moderator ist Ex-Kurzzeit-Nationalspieler Lukas Sinkiewicz als Experte dabei.<\/p>\n\n\n\n<p>In der Premier League bekommt Joachim Hebel zu seinem Einsatz in Liga 2 noch zwei weitere, Sheffield United &#8211; Aston Villa (Sa) und Chelsea &#8211; Wolverhampton (So). Das Duell zwischen Manchester United und West Ham United mit Hannes Herrmann ist neben Sky auch bei RTL+ verf\u00fcgbar. Das Spitzenspiel Liverpool &#8211; Arsenal kommentiert Schmiso gemeinsam mit Thomas Hitzlsperger.<\/p>\n\n\n\n<p>Was die weiteren europ\u00e4ischen Ligen angeht, hat sich DAZN dazu entschieden, am Sonntag eine spezielle Konferenz anzubieten, in der drei Derbys bzw. Klassiker gezeigt werden, die nahezu zeitgleich stattfinden: Inter Mailand &#8211; Juventus Turin, Olympique Lyon &#8211; Olympique Marseille und Real Madrid &#8211; Atletico Madrid. Beginn ist um 20.35 Uhr. Mit Mario Rieker, Max Gross und David Ploch sind hier drei DAZN-Standardstimmen zu h\u00f6ren. Real &#8211; Atletico als Einzelspiel kommentiert Jan Platte mit Sascha Bigalke.<\/p>\n\n\n\n<p>Des Weiteren gehen sowohl Afrika- als auch Asien-Cup ins Viertelfinale, was wieder f\u00fcr ein recht volles Programm bei Sportdigital Fu\u00dfball sorgt. Im Vergleich zur vergangenen Woche  sorgt das Fortschreiten beider Turniere aber auch daf\u00fcr, dass sich die personelle Lage wieder etwas entspannt, sodass auch wieder Spiele aus nationalen Wettbewerben dort wieder mit deutschem Kommentar \u00fcbertragen werden. Besonders Christian Blunck hat wettbewerbs\u00fcbergreifend mit rund 4 Partien viel zu tun. Das Topspiel der Eredivisie, Ajax Amsterdam gegen PSV Eindhoven, das derzeit allerdings keinen Kampf um die Tabellenspitze darstellt, auch wenn sich die sportliche Situation bei Ajax zuletzt wieder etwas entspannt hat, kommentiert Karsten Linke. Arne Malsch ist wegen 2 Eins\u00e4tzen in der BBL f\u00fcr Dyn nicht dabei.<\/p>\n\n\n\n<p>So, der Beitrag ist lang geworden, was ich aber nicht zuletzt aufgrund des brisanten Themas um die TV-Rechtevergabe auch f\u00fcr angebracht halte. Ich bin vor allem auf eure Meinung zu dem Thema gespannt, das uns sp\u00e4testens in 3-4 Monaten erneut stark besch\u00e4ftigen wird. Au\u00dferdem bin ich analysefreudiger als ich dachte, wie es aussieht. Vielen Dank an Nico, der mich trotz weiterer Verpflichtungen bei den Ansetzungen unterst\u00fctzt hat, zumal sich die Fertigstellung des Beitrags auch durch einen kleinen Infekt meinerseits verz\u00f6gert hat. Aufgrund meiner Berufst\u00e4tigkeit werden meine Beitr\u00e4ge allerdings auch grunds\u00e4tzlich meistens erst am Abend erscheinen. Am Montag wird Jonas dann die zweite H\u00e4lfte des DFB-Pokal-Viertelfinals behandeln und auch \u00fcber die m\u00f6gliche Aufstellung der EM-Teams von RTL und Magenta TV schreiben.<\/p>\n\n\n\n<p>Ansonsten w\u00fcnsche ich euch ein sch\u00f6nes Fu\u00dfballwochenende und bis bald!<\/p>\n","protected":false},"excerpt":{"rendered":"<p>N&#8217;Abend allerseits, zun\u00e4chst mal muss ich (Karl) zugeben, ich habe lange \u00fcberlegt, ob ich an dieser Stelle noch einmal auf die Probleme des deutschen Frauenfu\u00dfballs eingehen soll. Sogar schon im Vorfeld, im Szenario eines tats\u00e4chlichen Ausscheidens aller deutschen Mannschaften aus der UEFA Women&#8217;s Champions League, das nun tats\u00e4chlich eingetroffen ist. Ich habe mich aber letztendlich [&hellip;]<\/p>\n","protected":false},"author":18,"featured_media":0,"comment_status":"open","ping_status":"open","sticky":false,"template":"","format":"standard","meta":{"footnotes":""},"categories":[424],"tags":[49,414,163,216,404,21,166,582,178,73,963,131,256,164,57,657,302,1012,652,212,165,13,959,1017,30,580,400,119,82,592,132,89,61,120,32,155,104,945,792,25,211,92,977,405,48,1014,213,1016,347,981,69,507,58,655,315,861,86,93,982,489,59,676,964,1009,965,31,205,1010,526,9,43,112,503,243,121,126,67,239,722,95,403,130,1013,581,223,283,279,449,17,500,114,88,634,618,715,15,191,1011,665,183,113,293,1015,94,606,506,690,340,525,584,45,656,76,361,98,222,778,975,415,696,498,22,940,66,434,134,985,154,28,524,673,983,27,102,16,639,891,33,838,152,395,252,1008,24,1007,245,87,346,829,402,105,289,149,502,107,196],"class_list":["post-16581","post","type-post","status-publish","format-standard","hentry","category-bundesliga-und-co","tag-alex-schlueter","tag-alexander-bonengel","tag-alexander-kuepper","tag-andreas-mann","tag-ann-sophie-kimmel","tag-benni-zander","tag-benny-lauth","tag-bernd-schmelzer","tag-br","tag-britta-hofmann","tag-carmen-hoefflin","tag-carsten-fuss","tag-cedric-pick","tag-christian-bernhard","tag-christian-blunck","tag-christina-rann","tag-christoph-fetzer","tag-constantin-eckner","tag-daniel-flottmann","tag-daniel-herzog","tag-david-ploch","tag-dazn","tag-dennis-bayer","tag-df1","tag-didi-hamann","tag-dominik-mueller","tag-dominik-vischer","tag-edgar-mielke","tag-erik-meijer","tag-fabian-greve","tag-flo-hauser","tag-florian-schmidt-sommerfeld","tag-frank-buschmann","tag-franz-buechner","tag-gari-paubandt","tag-guido-huesgen","tag-hannes-herrmann","tag-hannes-jakobi","tag-hans-joachim-wolff","tag-hansi-kuepper","tag-hartmut-von-kameke","tag-heiko-mallwitz","tag-hendrik-scheler","tag-jakob-vogel","tag-jan-platte","tag-jan-phillip-molitor","tag-jens-westen","tag-jesper-verlaat","tag-joachim-hebel","tag-johannes-skiba","tag-jonas-friedrich","tag-jonathan-dreier","tag-joerg-steiger","tag-julia-simic","tag-julian-engelhard","tag-julian-luca-schaefer","tag-juergen-schmitz","tag-kai-dittmann","tag-kai-esser","tag-kamila-benschop","tag-karsten-linke","tag-klaus-veltman","tag-kristoffer-klein","tag-lennart-kessler","tag-lili-engels","tag-lothar-matthaeus","tag-lukas-schoenmueller","tag-lukas-sinkiewicz","tag-lutz-lindemann","tag-magenta-sport","tag-marco-hagemann","tag-marcus-lindemann","tag-marcus-radefeld","tag-mario-rieker","tag-markus-gaupp","tag-markus-goetz","tag-markus-hoehner","tag-markus-theil","tag-marlon-irlbacher","tag-martin-gross","tag-martin-harnik","tag-martin-piller","tag-marvin-domalevski","tag-marvin-kirsch","tag-matthias-naebers","tag-max-gross","tag-max-siebald","tag-max-zielke","tag-mdr","tag-michael-ballack","tag-michael-born","tag-michael-leopold","tag-michael-seyberth","tag-miriam-sinno","tag-moritz-knorr","tag-ndr","tag-nico-seepe","tag-noah-kersting","tag-oliver-fassnacht-2","tag-oliver-forster","tag-oliver-seidler","tag-oskar-heirler","tag-ostsporttv","tag-patrick-wasserziehr","tag-paul-haeuser","tag-peter-kohl","tag-philip-konrad","tag-raphael-honigstein","tag-rene-kindermann","tag-riccardo-basile","tag-roland-evers","tag-rtl-2","tag-ruth-hofmann","tag-sascha-bigalke","tag-sebastian-hellmann","tag-sebastian-kneissl","tag-sebastian-ulrich","tag-severin-trompetter","tag-simon-koepfer","tag-simon-sterzer","tag-sina-braun","tag-sky","tag-soeren-gonther","tag-sport1","tag-sport1-2","tag-sportdigital-fussball","tag-sporttotal","tag-stefan-galler","tag-stefan-hempel","tag-stephan-weidling","tag-steven-ruprecht","tag-sven-lesser","tag-sven-schroeter","tag-sven-toellner","tag-swr","tag-tabea-kemme","tag-thomas-hitzlsperger","tag-thomas-wagner","tag-timo-schaefers","tag-tobi-fischbeck","tag-tobi-schaefer","tag-tobi-wahnschaffe","tag-toni-mielke","tag-toni-tomic","tag-toni-wachsmuth","tag-torben-hoffmann","tag-torsten-kunde","tag-torsten-mattuschka","tag-turid-knaak","tag-ulf-kahmke","tag-uli-hebel","tag-ulli-potofski","tag-uwe-morawe","tag-wilfried-hark","tag-wolff-fuss","tag-yannick-erkenbrecher"],"_links":{"self":[{"href":"https:\/\/kommentatorenblog.de\/index.php?rest_route=\/wp\/v2\/posts\/16581","targetHints":{"allow":["GET"]}}],"collection":[{"href":"https:\/\/kommentatorenblog.de\/index.php?rest_route=\/wp\/v2\/posts"}],"about":[{"href":"https:\/\/kommentatorenblog.de\/index.php?rest_route=\/wp\/v2\/types\/post"}],"author":[{"embeddable":true,"href":"https:\/\/kommentatorenblog.de\/index.php?rest_route=\/wp\/v2\/users\/18"}],"replies":[{"embeddable":true,"href":"https:\/\/kommentatorenblog.de\/index.php?rest_route=%2Fwp%2Fv2%2Fcomments&post=16581"}],"version-history":[{"count":45,"href":"https:\/\/kommentatorenblog.de\/index.php?rest_route=\/wp\/v2\/posts\/16581\/revisions"}],"predecessor-version":[{"id":16699,"href":"https:\/\/kommentatorenblog.de\/index.php?rest_route=\/wp\/v2\/posts\/16581\/revisions\/16699"}],"wp:attachment":[{"href":"https:\/\/kommentatorenblog.de\/index.php?rest_route=%2Fwp%2Fv2%2Fmedia&parent=16581"}],"wp:term":[{"taxonomy":"category","embeddable":true,"href":"https:\/\/kommentatorenblog.de\/index.php?rest_route=%2Fwp%2Fv2%2Fcategories&post=16581"},{"taxonomy":"post_tag","embeddable":true,"href":"https:\/\/kommentatorenblog.de\/index.php?rest_route=%2Fwp%2Fv2%2Ftags&post=16581"}],"curies":[{"name":"wp","href":"https:\/\/api.w.org\/{rel}","templated":true}]}}