{"id":16889,"date":"2024-03-04T16:35:20","date_gmt":"2024-03-04T15:35:20","guid":{"rendered":"https:\/\/kommentatorenblog.de\/?p=16889"},"modified":"2024-03-05T18:27:59","modified_gmt":"2024-03-05T17:27:59","slug":"1407-der-wm-rekordtorschuetze-und-seine-ex-vereine","status":"publish","type":"post","link":"https:\/\/kommentatorenblog.de\/?p=16889","title":{"rendered":"1407 &#8211; Der WM-Rekordtorsch\u00fctze und seine Ex-Vereine"},"content":{"rendered":"\n<p>N&#8217;Abend allerseits,<\/p>\n\n\n\n<p>einige von euch nutzen m\u00f6glicherweise WOW, den Streamingdienst von Sky &#8211; etwa um die Bundesliga oder die Premier League zu verfolgen. Bei letzterer hatten ja WOW-Kund:innen ja immer wieder kritisiert, dass sie die Spiele, die wegen vollbelegter linearer Kan\u00e4le bei skysport.de gesendet werden, nicht sehen k\u00f6nnen. Grund: Der daf\u00fcr notwendige Login funktioniert nicht mit den WOW-Zugangsdaten. Als &#8222;normaler&#8220; Sky-Kunde kann ich da zwar nicht glaubhaft mitreden, aber es scheint eine L\u00f6sung der Problematik in Sicht:<\/p>\n\n\n\n<p>Bei der Formel 1 bietet Sky neben dem Hauptbild sechs weitere Feeds als Online-Stream an (u.a. Battle-Feed, On-Board-Feed, Pitlane-Channel), die \u00fcber Sky Q und &#8222;sehr bald&#8220; \u00fcber WOW abrufbar sind &#8211; \u00e4hnliches gilt f\u00fcr die MotoGP. Das weckt die Hoffnungen, dass dem auch in weiteren Sportarten passieren k\u00f6nnte &#8211; und der Sender hat diese M\u00f6glichkeit gegen\u00fcber dem Portal &#8222;Digitalfernsehen&#8220; best\u00e4tigt. F\u00fcr die Tennis-Streams der ATP und WTA von Sky Q gibt es wohl Planungen, diese bald den WOW-Kund:innen ebenfalls zur Verf\u00fcgung zu stellen.<br>Was das f\u00fcr die Premier League &#8211; und m\u00f6glicherweise auch die Bundesliga &#8211; bedeuten k\u00f6nnte, h\u00f6rt ihr in der neuesten Podcast-Folge unseren Insta-Kooperationspartners &#8222;Screentime Sport&#8220; unter dem eingestellten Zeitstempel:<\/p>\n\n\n\n<figure class=\"wp-block-embed is-type-rich is-provider-spotify wp-block-embed-spotify wp-embed-aspect-21-9 wp-has-aspect-ratio\"><div class=\"wp-block-embed__wrapper\">\n<iframe title=\"Spotify Embed: Sky hat uns erh\u00f6rt!\" style=\"border-radius: 12px\" width=\"100%\" height=\"152\" frameborder=\"0\" allowfullscreen allow=\"autoplay; clipboard-write; encrypted-media; fullscreen; picture-in-picture\" loading=\"lazy\" src=\"https:\/\/open.spotify.com\/embed\/episode\/1lZJZnwD7aXguEAwbqcK3K?utm_source=oembed&#038;t=1378\"><\/iframe>\n<\/div><\/figure>\n\n\n\n<p>Damit zu etwas, mit dem Sky und WOW seit neuestem auch wieder etwas zu tun haben: Die Ansetzungen f\u00fcr den Europapokal<\/p>\n\n\n\n<p><strong><em>Die Ansetzungen vom 05. M\u00e4rz 2024 bis zum 07. M\u00e4rz 2024<\/em><\/strong><\/p>\n\n\n\n<hr class=\"wp-block-separator is-style-default\"\/>\n\n\n\n<p><strong>UEFA Champions League, Achtelfinal-R\u00fcckspiele Teil 1 (DAZN\/Prime Video)<\/strong><\/p>\n\n\n\n<p><span style=\"text-decoration: underline;\">Dienstag, 05. M\u00e4rz 2024, ab 20.00 Uhr (Prime Video)<\/span><\/p>\n\n\n\n<p><strong style=\"font-style: italic;\"><em><strong>FC Bayern M\u00fcnchen <\/strong><\/em><\/strong><em>(GER)<\/em><strong style=\"font-style: italic;\"><em><strong> <\/strong><\/em><strong><em><b style=\"font-style: italic;\">\u2013<\/b><\/em><\/strong><\/strong> <em><strong>Lazio Rom <\/strong>(ITA)<strong> (21.00 Uhr<\/strong>, Agg. 0:1<strong>)<\/strong><\/em> <br><img loading=\"lazy\" decoding=\"async\" width=\"10\" height=\"21\" class=\"wp-image-3656\" style=\"width: 10px;\" src=\"http:\/\/kommentatorenblog.de\/wp-content\/uploads\/2020\/09\/shure-55sh-ii-e1601485394796.jpg\" alt=\"\" srcset=\"https:\/\/kommentatorenblog.de\/wp-content\/uploads\/2020\/09\/shure-55sh-ii-e1601485394796.jpg 415w, https:\/\/kommentatorenblog.de\/wp-content\/uploads\/2020\/09\/shure-55sh-ii-e1601485394796-142x300.jpg 142w\" sizes=\"auto, (max-width: 10px) 100vw, 10px\" \/> Jonas Friedrich, Experte: Benedikt H\u00f6wedes<br>Field-Reporter:innen: Annika Zimmermann und Sebastian Benesch<br>Moderation: Sebastian Hellmann, Expert:innen: <s>Josephine Henning<\/s> Tabea Kemme, Matthias Sammer und Miroslav Klose<\/p>\n\n\n\n<p><span style=\"text-decoration: underline;\">ab 20.50 Uhr (DAZN)<\/span><\/p>\n\n\n\n<p><strong style=\"font-style: italic;\"><em><strong>Real Sociedad <\/strong><\/em><\/strong><em>(ESP)<\/em><strong style=\"font-style: italic;\"><em><strong> <\/strong><\/em><strong><em><b style=\"font-style: italic;\">\u2013<\/b><\/em><\/strong><\/strong> <em><strong>Paris Saint-Germain <\/strong>(FRA)<strong> (21.00 Uhr<\/strong>, Agg. 0:2<strong>)<\/strong><\/em> <br><img loading=\"lazy\" decoding=\"async\" width=\"10\" height=\"21\" class=\"wp-image-3656\" style=\"width: 10px;\" src=\"http:\/\/kommentatorenblog.de\/wp-content\/uploads\/2020\/09\/shure-55sh-ii-e1601485394796.jpg\" alt=\"\" srcset=\"https:\/\/kommentatorenblog.de\/wp-content\/uploads\/2020\/09\/shure-55sh-ii-e1601485394796.jpg 415w, https:\/\/kommentatorenblog.de\/wp-content\/uploads\/2020\/09\/shure-55sh-ii-e1601485394796-142x300.jpg 142w\" sizes=\"auto, (max-width: 10px) 100vw, 10px\" \/> Max Gross<\/p>\n\n\n\n<p><span style=\"text-decoration: underline;\">Mittwoch, 06. M\u00e4rz 2024, ab 20.30 Uhr (DAZN)<\/span><\/p>\n\n\n\n<p><strong style=\"font-style: italic;\"><em><strong>Real Madrid <\/strong><\/em><\/strong><em>(ESP)<\/em><strong style=\"font-style: italic;\"><em><strong> <\/strong><\/em><strong><em><b style=\"font-style: italic;\">\u2013<\/b><\/em><\/strong><\/strong> <em><strong>RB Leipzig <\/strong>(GER)<strong> (21.00 Uhr)<\/strong><\/em> <br><img loading=\"lazy\" decoding=\"async\" width=\"10\" height=\"21\" class=\"wp-image-3656\" style=\"width: 10px;\" src=\"http:\/\/kommentatorenblog.de\/wp-content\/uploads\/2020\/09\/shure-55sh-ii-e1601485394796.jpg\" alt=\"\" srcset=\"https:\/\/kommentatorenblog.de\/wp-content\/uploads\/2020\/09\/shure-55sh-ii-e1601485394796.jpg 415w, https:\/\/kommentatorenblog.de\/wp-content\/uploads\/2020\/09\/shure-55sh-ii-e1601485394796-142x300.jpg 142w\" sizes=\"auto, (max-width: 10px) 100vw, 10px\" \/> Max Siebald, Experte: Michael Ballack (Einzelspiel), Marco Hagemann (Konferenz)<br>Reporter (im Stadion): Daniel Herzog<br>Moderation (aus Ismaning): Freddy Harder<\/p>\n\n\n\n<p><span style=\"text-decoration: underline;\">ab 20.50 Uhr (DAZN)<\/span><\/p>\n\n\n\n<p><strong style=\"font-style: italic;\"><em><strong>Manchester City <\/strong><\/em><\/strong><em>(ENG)<\/em><strong style=\"font-style: italic;\"><em><strong> <\/strong><\/em><strong><em><b style=\"font-style: italic;\">\u2013<\/b><\/em><\/strong><\/strong> <em><strong>FC Kopenhagen <\/strong>(DEN)<strong> (21.00 Uhr)<\/strong><\/em> <br><img loading=\"lazy\" decoding=\"async\" width=\"10\" height=\"21\" class=\"wp-image-3656\" style=\"width: 10px;\" src=\"http:\/\/kommentatorenblog.de\/wp-content\/uploads\/2020\/09\/shure-55sh-ii-e1601485394796.jpg\" alt=\"\" srcset=\"https:\/\/kommentatorenblog.de\/wp-content\/uploads\/2020\/09\/shure-55sh-ii-e1601485394796.jpg 415w, https:\/\/kommentatorenblog.de\/wp-content\/uploads\/2020\/09\/shure-55sh-ii-e1601485394796-142x300.jpg 142w\" sizes=\"auto, (max-width: 10px) 100vw, 10px\" \/> Michael Born, Experte: Sascha Bigalke (Einzelspiel), Jan Platte (Konferenz)<\/p>\n\n\n\n<hr class=\"wp-block-separator is-style-default\"\/>\n\n\n\n<p><strong>UEFA Europa League \/ UEFA Europa Conference League, Achtelfinal-Hinspiele (RTL+\/RTL\/Sky)<\/strong><\/p>\n\n\n\n<p><span style=\"text-decoration: underline;\">Donnerstag, 07. M\u00e4rz 2024, ab 18.15 Uhr (RTL+\/Sky)<\/span><\/p>\n\n\n\n<p><strong style=\"font-style: italic;\"><em><strong><strong>Qaraba\u011f A\u011fdam<\/strong> <\/strong><\/em><\/strong><em>(AZE)<\/em><strong style=\"font-style: italic;\"><em><strong> <\/strong><\/em><strong><em><b style=\"font-style: italic;\">\u2013<\/b><\/em><\/strong><\/strong> <em><strong>Bayer 04 Leverkusen <\/strong>(GER)<strong> (18.45 Uhr)<\/strong><\/em> <br><img loading=\"lazy\" decoding=\"async\" width=\"10\" height=\"21\" class=\"wp-image-3656\" style=\"width: 10px;\" src=\"http:\/\/kommentatorenblog.de\/wp-content\/uploads\/2020\/09\/shure-55sh-ii-e1601485394796.jpg\" alt=\"\" srcset=\"https:\/\/kommentatorenblog.de\/wp-content\/uploads\/2020\/09\/shure-55sh-ii-e1601485394796.jpg 415w, https:\/\/kommentatorenblog.de\/wp-content\/uploads\/2020\/09\/shure-55sh-ii-e1601485394796-142x300.jpg 142w\" sizes=\"auto, (max-width: 10px) 100vw, 10px\" \/> Robby Hunke, Experte: Patrick Helmes (Einzelspiel), Klaus Veltman (Konferenz)<br>Field-Reporter: Jonas Gerdes<\/p>\n\n\n\n<p><strong style=\"font-style: italic;\"><em><strong>Sparta Prag <\/strong><\/em><\/strong><em>(CZE)<\/em><strong style=\"font-style: italic;\"><em><strong> <\/strong><\/em><strong><em><b style=\"font-style: italic;\">\u2013<\/b><\/em><\/strong><\/strong> <em><strong>FC Liverpool <\/strong>(ENG)<strong> (18.45 Uhr)<\/strong><\/em> <br><img loading=\"lazy\" decoding=\"async\" width=\"10\" height=\"21\" class=\"wp-image-3656\" style=\"width: 10px;\" src=\"http:\/\/kommentatorenblog.de\/wp-content\/uploads\/2020\/09\/shure-55sh-ii-e1601485394796.jpg\" alt=\"\" srcset=\"https:\/\/kommentatorenblog.de\/wp-content\/uploads\/2020\/09\/shure-55sh-ii-e1601485394796.jpg 415w, https:\/\/kommentatorenblog.de\/wp-content\/uploads\/2020\/09\/shure-55sh-ii-e1601485394796-142x300.jpg 142w\" sizes=\"auto, (max-width: 10px) 100vw, 10px\" \/> Cornelius K\u00fcpper, Experte: Ansgar Brinkmann (Einzelspiel), Michael Born (Konferenz)<br>Field-Reporter: Thomas Wagner<\/p>\n\n\n\n<p><strong style=\"font-style: italic;\"><em><strong>Ajax Amsterdam <\/strong><\/em><\/strong><em>(NED)<\/em><strong style=\"font-style: italic;\"><em><strong> <\/strong><\/em><strong><em><b style=\"font-style: italic;\">\u2013<\/b><\/em><\/strong><\/strong> <em><strong>Aston Villa <\/strong>(ENG)<strong> (18.45 Uhr)<\/strong><\/em> <br><img loading=\"lazy\" decoding=\"async\" width=\"10\" height=\"21\" class=\"wp-image-3656\" style=\"width: 10px;\" src=\"http:\/\/kommentatorenblog.de\/wp-content\/uploads\/2020\/09\/shure-55sh-ii-e1601485394796.jpg\" alt=\"\" srcset=\"https:\/\/kommentatorenblog.de\/wp-content\/uploads\/2020\/09\/shure-55sh-ii-e1601485394796.jpg 415w, https:\/\/kommentatorenblog.de\/wp-content\/uploads\/2020\/09\/shure-55sh-ii-e1601485394796-142x300.jpg 142w\" sizes=\"auto, (max-width: 10px) 100vw, 10px\" \/> Julian Engelhard (Einzelspiel), Philip Konrad (Konferenz)<\/p>\n\n\n\n<p><strong style=\"font-style: italic;\"><em><strong>AS Rom <\/strong><\/em><\/strong><em>(ITA)<\/em><strong style=\"font-style: italic;\"><em><strong> <\/strong><\/em><strong><em><b style=\"font-style: italic;\">\u2013<\/b><\/em><\/strong><\/strong> <em><strong>Brighton &amp; Hove Albion <\/strong>(ENG)<strong> (18.45 Uhr)<\/strong><\/em> <br><img loading=\"lazy\" decoding=\"async\" width=\"10\" height=\"21\" class=\"wp-image-3656\" style=\"width: 10px;\" src=\"http:\/\/kommentatorenblog.de\/wp-content\/uploads\/2020\/09\/shure-55sh-ii-e1601485394796.jpg\" alt=\"\" srcset=\"https:\/\/kommentatorenblog.de\/wp-content\/uploads\/2020\/09\/shure-55sh-ii-e1601485394796.jpg 415w, https:\/\/kommentatorenblog.de\/wp-content\/uploads\/2020\/09\/shure-55sh-ii-e1601485394796-142x300.jpg 142w\" sizes=\"auto, (max-width: 10px) 100vw, 10px\" \/> <em>RTL+\/Sky: <\/em>Alexander K\u00fcpper (Einzelspiel)<br><img loading=\"lazy\" decoding=\"async\" width=\"10\" height=\"21\" class=\"wp-image-3656\" style=\"width: 10px;\" src=\"http:\/\/kommentatorenblog.de\/wp-content\/uploads\/2020\/09\/shure-55sh-ii-e1601485394796.jpg\" alt=\"\" srcset=\"https:\/\/kommentatorenblog.de\/wp-content\/uploads\/2020\/09\/shure-55sh-ii-e1601485394796.jpg 415w, https:\/\/kommentatorenblog.de\/wp-content\/uploads\/2020\/09\/shure-55sh-ii-e1601485394796-142x300.jpg 142w\" sizes=\"auto, (max-width: 10px) 100vw, 10px\" \/> <em>RTL+: <\/em>Peter Reichert (Konferenz)<\/p>\n\n\n\n<p><span style=\"text-decoration: underline;\">ab 20.45 Uhr (RTL\/RTL+\/Sky)<\/span><\/p>\n\n\n\n<p><strong style=\"font-style: italic;\"><em><strong>Sport-Club Freiburg <\/strong><\/em><\/strong><em>(GER)<\/em><strong style=\"font-style: italic;\"><em><strong> <\/strong><\/em><strong><em><b style=\"font-style: italic;\">\u2013<\/b><\/em><\/strong><\/strong> <em><strong>West Ham United <\/strong>(ENG)<strong> (21.00 Uhr)<\/strong><\/em><\/p>\n\n\n\n<p><img loading=\"lazy\" decoding=\"async\" width=\"10\" height=\"21\" class=\"wp-image-3656\" style=\"width: 10px;\" src=\"http:\/\/kommentatorenblog.de\/wp-content\/uploads\/2020\/09\/shure-55sh-ii-e1601485394796.jpg\" alt=\"\" srcset=\"https:\/\/kommentatorenblog.de\/wp-content\/uploads\/2020\/09\/shure-55sh-ii-e1601485394796.jpg 415w, https:\/\/kommentatorenblog.de\/wp-content\/uploads\/2020\/09\/shure-55sh-ii-e1601485394796-142x300.jpg 142w\" sizes=\"auto, (max-width: 10px) 100vw, 10px\" \/> <em>RTL: <\/em>Marco Hagemann, Experte: Steffen Freund<br>Field-Reporter: Felix G\u00f6rner und Christoph K\u00fcppers<br>Moderation (<em>RTL<\/em>): Laura Papendick, Experte: Lothar Matth\u00e4us<\/p>\n\n\n\n<p><img loading=\"lazy\" decoding=\"async\" width=\"10\" height=\"21\" class=\"wp-image-3656\" style=\"width: 10px;\" src=\"http:\/\/kommentatorenblog.de\/wp-content\/uploads\/2020\/09\/shure-55sh-ii-e1601485394796.jpg\" alt=\"\" srcset=\"https:\/\/kommentatorenblog.de\/wp-content\/uploads\/2020\/09\/shure-55sh-ii-e1601485394796.jpg 415w, https:\/\/kommentatorenblog.de\/wp-content\/uploads\/2020\/09\/shure-55sh-ii-e1601485394796-142x300.jpg 142w\" sizes=\"auto, (max-width: 10px) 100vw, 10px\" \/> <em>RTL+: <\/em>Alexander Klich (Einzelspiel), Christian Stra\u00dfburger (Konferenz)<\/p>\n\n\n\n<p><span style=\"text-decoration: underline;\">ab 20.45 Uhr (RTL+)<\/span><\/p>\n\n\n\n<p><strong style=\"font-style: italic;\"><em><strong>Olympique Marseille <\/strong><\/em><\/strong><em>(FRA)<\/em><strong style=\"font-style: italic;\"><em><strong> <\/strong><\/em><strong><em><b style=\"font-style: italic;\">\u2013<\/b><\/em><\/strong><\/strong> <em><strong>FC Villarreal <\/strong>(ESP)<strong> (21.00 Uhr)<\/strong><\/em> <br><img loading=\"lazy\" decoding=\"async\" width=\"10\" height=\"21\" class=\"wp-image-3656\" style=\"width: 10px;\" src=\"http:\/\/kommentatorenblog.de\/wp-content\/uploads\/2020\/09\/shure-55sh-ii-e1601485394796.jpg\" alt=\"\" srcset=\"https:\/\/kommentatorenblog.de\/wp-content\/uploads\/2020\/09\/shure-55sh-ii-e1601485394796.jpg 415w, https:\/\/kommentatorenblog.de\/wp-content\/uploads\/2020\/09\/shure-55sh-ii-e1601485394796-142x300.jpg 142w\" sizes=\"auto, (max-width: 10px) 100vw, 10px\" \/> Stefan Galler (Einzelspiel), Stefan Fuckert (Konferenz)<\/p>\n\n\n\n<p><strong style=\"font-style: italic;\"><em><strong>Benfica Lissabon <\/strong><\/em><\/strong><em>(POR)<\/em><strong style=\"font-style: italic;\"><em><strong> <\/strong><\/em><strong><em><b style=\"font-style: italic;\">\u2013<\/b><\/em><\/strong><\/strong> <em><strong><em>Glasgow Rangers<\/em> <\/strong>(SCO)<strong> (21.00 Uhr)<\/strong><\/em> <br><img loading=\"lazy\" decoding=\"async\" width=\"10\" height=\"21\" class=\"wp-image-3656\" style=\"width: 10px;\" src=\"http:\/\/kommentatorenblog.de\/wp-content\/uploads\/2020\/09\/shure-55sh-ii-e1601485394796.jpg\" alt=\"\" srcset=\"https:\/\/kommentatorenblog.de\/wp-content\/uploads\/2020\/09\/shure-55sh-ii-e1601485394796.jpg 415w, https:\/\/kommentatorenblog.de\/wp-content\/uploads\/2020\/09\/shure-55sh-ii-e1601485394796-142x300.jpg 142w\" sizes=\"auto, (max-width: 10px) 100vw, 10px\" \/> Christoph Stadtler (Einzelspiel), Oliver Seidler (Konferenz)<\/p>\n\n\n\n<p><strong style=\"font-style: italic;\"><em><strong>AC Mailand <\/strong><\/em><\/strong><em>(ITA)<\/em><strong style=\"font-style: italic;\"><em><strong> <\/strong><\/em><strong><em><b style=\"font-style: italic;\">\u2013<\/b><\/em><\/strong><\/strong> <em><strong><em>Slavia Prag<\/em> <\/strong>(CZE)<strong> (21.00 Uhr)<\/strong><\/em> <br><img loading=\"lazy\" decoding=\"async\" width=\"10\" height=\"21\" class=\"wp-image-3656\" style=\"width: 10px;\" src=\"http:\/\/kommentatorenblog.de\/wp-content\/uploads\/2020\/09\/shure-55sh-ii-e1601485394796.jpg\" alt=\"\" srcset=\"https:\/\/kommentatorenblog.de\/wp-content\/uploads\/2020\/09\/shure-55sh-ii-e1601485394796.jpg 415w, https:\/\/kommentatorenblog.de\/wp-content\/uploads\/2020\/09\/shure-55sh-ii-e1601485394796-142x300.jpg 142w\" sizes=\"auto, (max-width: 10px) 100vw, 10px\" \/> <em>RTL+\/Sky: <\/em>Rene Langhoff (Einzelspiel)<br><img loading=\"lazy\" decoding=\"async\" width=\"10\" height=\"21\" class=\"wp-image-3656\" style=\"width: 10px;\" src=\"http:\/\/kommentatorenblog.de\/wp-content\/uploads\/2020\/09\/shure-55sh-ii-e1601485394796.jpg\" alt=\"\" srcset=\"https:\/\/kommentatorenblog.de\/wp-content\/uploads\/2020\/09\/shure-55sh-ii-e1601485394796.jpg 415w, https:\/\/kommentatorenblog.de\/wp-content\/uploads\/2020\/09\/shure-55sh-ii-e1601485394796-142x300.jpg 142w\" sizes=\"auto, (max-width: 10px) 100vw, 10px\" \/> <em>RTL+: <\/em>J\u00fcrgen Schmitz (Konferenz)<\/p>\n\n\n\n<p>Moderation (RTL+): Anna Kraft, Experte: Felix Kroos<br>Community Host: Jessica Matyschok<\/p>\n\n\n\n<hr class=\"wp-block-separator is-style-default\"\/>\n\n\n\n<hr class=\"wp-block-separator is-style-default\"\/>\n\n\n\n<p><strong>DFB-Pokal der Frauen (GER), Viertelfinale (Sky\/SWR Livestream)<\/strong><\/p>\n\n\n\n<p><span style=\"text-decoration: underline;\">Dienstag, 05. M\u00e4rz 2024 (Sky)<\/span><\/p>\n\n\n\n<p><strong style=\"font-style: italic;\"><em><strong>Die Konferenz (18.30 Uhr)<\/strong><\/em><\/strong><br><img loading=\"lazy\" decoding=\"async\" width=\"10\" height=\"21\" class=\"wp-image-3656\" style=\"width: 10px;\" src=\"http:\/\/kommentatorenblog.de\/wp-content\/uploads\/2020\/09\/shure-55sh-ii-e1601485394796.jpg\" alt=\"\" srcset=\"https:\/\/kommentatorenblog.de\/wp-content\/uploads\/2020\/09\/shure-55sh-ii-e1601485394796.jpg 415w, https:\/\/kommentatorenblog.de\/wp-content\/uploads\/2020\/09\/shure-55sh-ii-e1601485394796-142x300.jpg 142w\" sizes=\"auto, (max-width: 10px) 100vw, 10px\" \/> Hannes Herrmann, Expertin: Turid Knaak<\/p>\n\n\n\n<p><span style=\"text-decoration: underline;\">Dienstag, 05. M\u00e4rz 2024 (Sky\/SWR- Livestream)<\/span><\/p>\n\n\n\n<p><strong style=\"font-style: italic;\"><em><strong>TSG 1899 Hoffenheim <\/strong><\/em><strong><em><b style=\"font-style: italic;\">\u2013<\/b><\/em><\/strong><\/strong> <em><strong>VfL Wolfsburg (18.30 Uhr)<\/strong><\/em> <\/p>\n\n\n\n<p><img loading=\"lazy\" decoding=\"async\" width=\"10\" height=\"21\" class=\"wp-image-3656\" style=\"width: 10px;\" src=\"http:\/\/kommentatorenblog.de\/wp-content\/uploads\/2020\/09\/shure-55sh-ii-e1601485394796.jpg\" alt=\"\" srcset=\"https:\/\/kommentatorenblog.de\/wp-content\/uploads\/2020\/09\/shure-55sh-ii-e1601485394796.jpg 415w, https:\/\/kommentatorenblog.de\/wp-content\/uploads\/2020\/09\/shure-55sh-ii-e1601485394796-142x300.jpg 142w\" sizes=\"auto, (max-width: 10px) 100vw, 10px\" \/> <em>Sky: <\/em>Timo Sch\u00e4fers<\/p>\n\n\n\n<p><img loading=\"lazy\" decoding=\"async\" width=\"10\" height=\"21\" class=\"wp-image-3656\" style=\"width: 10px;\" src=\"http:\/\/kommentatorenblog.de\/wp-content\/uploads\/2020\/09\/shure-55sh-ii-e1601485394796.jpg\" alt=\"\" srcset=\"https:\/\/kommentatorenblog.de\/wp-content\/uploads\/2020\/09\/shure-55sh-ii-e1601485394796.jpg 415w, https:\/\/kommentatorenblog.de\/wp-content\/uploads\/2020\/09\/shure-55sh-ii-e1601485394796-142x300.jpg 142w\" sizes=\"auto, (max-width: 10px) 100vw, 10px\" \/> <em>SWR: <\/em>Christina Graf<\/p>\n\n\n\n<p><span style=\"text-decoration: underline;\">Dienstag, 05. M\u00e4rz 2024 (Sky)<\/span><\/p>\n\n\n\n<p><strong style=\"font-style: italic;\"><em><strong>FC Carl Zeiss Jena <\/strong><\/em><strong><em><b style=\"font-style: italic;\">\u2013<\/b><\/em><\/strong><\/strong> <em><strong>FC Bayern M\u00fcnchen (18.30 Uhr)<\/strong><\/em> <br><img loading=\"lazy\" decoding=\"async\" width=\"10\" height=\"21\" class=\"wp-image-3656\" style=\"width: 10px;\" src=\"http:\/\/kommentatorenblog.de\/wp-content\/uploads\/2020\/09\/shure-55sh-ii-e1601485394796.jpg\" alt=\"\" srcset=\"https:\/\/kommentatorenblog.de\/wp-content\/uploads\/2020\/09\/shure-55sh-ii-e1601485394796.jpg 415w, https:\/\/kommentatorenblog.de\/wp-content\/uploads\/2020\/09\/shure-55sh-ii-e1601485394796-142x300.jpg 142w\" sizes=\"auto, (max-width: 10px) 100vw, 10px\" \/> Dominik M\u00fcller<br>Field-Reporterin: Lisa de Ruiter<\/p>\n\n\n\n<p><strong style=\"font-style: italic;\"><em><strong>Eintracht Frankfurt <\/strong><\/em><strong><em><b style=\"font-style: italic;\">\u2013<\/b><\/em><\/strong><\/strong> <em><strong>MSV Duisburg (18.30 Uhr)<\/strong><\/em> <br><img loading=\"lazy\" decoding=\"async\" width=\"10\" height=\"21\" class=\"wp-image-3656\" style=\"width: 10px;\" src=\"http:\/\/kommentatorenblog.de\/wp-content\/uploads\/2020\/09\/shure-55sh-ii-e1601485394796.jpg\" alt=\"\" srcset=\"https:\/\/kommentatorenblog.de\/wp-content\/uploads\/2020\/09\/shure-55sh-ii-e1601485394796.jpg 415w, https:\/\/kommentatorenblog.de\/wp-content\/uploads\/2020\/09\/shure-55sh-ii-e1601485394796-142x300.jpg 142w\" sizes=\"auto, (max-width: 10px) 100vw, 10px\" \/> Marcel Meinert<br>Field-Reporter: Alexander Bonengel<\/p>\n\n\n\n<p><strong style=\"font-style: italic;\"><em><strong>Bayer 04 Leverkusen <\/strong><\/em><strong><em><b style=\"font-style: italic;\">\u2013<\/b><\/em><\/strong><\/strong> <em><strong>SGS Essen (18.30 Uhr)<\/strong><\/em> <br><img loading=\"lazy\" decoding=\"async\" width=\"10\" height=\"21\" class=\"wp-image-3656\" style=\"width: 10px;\" src=\"http:\/\/kommentatorenblog.de\/wp-content\/uploads\/2020\/09\/shure-55sh-ii-e1601485394796.jpg\" alt=\"\" srcset=\"https:\/\/kommentatorenblog.de\/wp-content\/uploads\/2020\/09\/shure-55sh-ii-e1601485394796.jpg 415w, https:\/\/kommentatorenblog.de\/wp-content\/uploads\/2020\/09\/shure-55sh-ii-e1601485394796-142x300.jpg 142w\" sizes=\"auto, (max-width: 10px) 100vw, 10px\" \/> Florian Malburg<br>Field-Reporter: Martin Gro\u00df<\/p>\n\n\n\n<p>Moderation: Nele Schenker, Expertin: Lena Lotzen (aus Sinsheim)<\/p>\n\n\n\n<hr class=\"wp-block-separator is-style-default\"\/>\n\n\n\n<p><strong>EFL Championship (ENG), 36. Spieltag (Sportdigital)<\/strong><\/p>\n\n\n\n<p><span style=\"text-decoration: underline;\">Dienstag, 05. M\u00e4rz 2024<\/span><\/p>\n\n\n\n<p><strong style=\"font-style: italic;\"><em><strong>Ipswich Town <\/strong><\/em><strong><em><b style=\"font-style: italic;\">\u2013<\/b><\/em><\/strong><\/strong> <em><strong>Bristol City (21.00 Uhr)<\/strong><\/em> <br><img loading=\"lazy\" decoding=\"async\" width=\"10\" height=\"21\" class=\"wp-image-3656\" style=\"width: 10px;\" src=\"http:\/\/kommentatorenblog.de\/wp-content\/uploads\/2020\/09\/shure-55sh-ii-e1601485394796.jpg\" alt=\"\" srcset=\"https:\/\/kommentatorenblog.de\/wp-content\/uploads\/2020\/09\/shure-55sh-ii-e1601485394796.jpg 415w, https:\/\/kommentatorenblog.de\/wp-content\/uploads\/2020\/09\/shure-55sh-ii-e1601485394796-142x300.jpg 142w\" sizes=\"auto, (max-width: 10px) 100vw, 10px\" \/> Marvin Kirsch<\/p>\n\n\n\n<p><span style=\"text-decoration: underline;\">Mittwoch, 06. M\u00e4rz 2024<\/span><\/p>\n\n\n\n<p><strong style=\"font-style: italic;\"><em><strong>Queens Park Rangers <\/strong><\/em><strong><em><b style=\"font-style: italic;\">\u2013<\/b><\/em><\/strong><\/strong> <em><strong>West Bromwich Albion (21.00 Uhr)<\/strong><\/em> <br><img loading=\"lazy\" decoding=\"async\" width=\"10\" height=\"21\" class=\"wp-image-3656\" style=\"width: 10px;\" src=\"http:\/\/kommentatorenblog.de\/wp-content\/uploads\/2020\/09\/shure-55sh-ii-e1601485394796.jpg\" alt=\"\" srcset=\"https:\/\/kommentatorenblog.de\/wp-content\/uploads\/2020\/09\/shure-55sh-ii-e1601485394796.jpg 415w, https:\/\/kommentatorenblog.de\/wp-content\/uploads\/2020\/09\/shure-55sh-ii-e1601485394796-142x300.jpg 142w\" sizes=\"auto, (max-width: 10px) 100vw, 10px\" \/> Jonathan Dreier<\/p>\n\n\n\n<hr class=\"wp-block-separator is-style-default\"\/>\n\n\n\n<hr class=\"wp-block-separator is-style-default\"\/>\n\n\n\n<p><strong>AFC Champions League, Viertelfinal-Hinspiele (Sport1+)<\/strong><\/p>\n\n\n\n<p><span style=\"text-decoration: underline;\">Montag, 04. M\u00e4rz 2024<\/span><\/p>\n\n\n\n<p><strong style=\"font-style: italic;\"><em><strong><strong style=\"font-style: italic;\"><em><strong>al Ain Club <\/strong><\/em><\/strong><\/strong><\/em><\/strong><em><em>(VAE)<\/em><\/em><strong style=\"font-style: italic;\"><em><strong><strong style=\"font-style: italic;\"><em><strong> <\/strong><\/em><strong><em><b style=\"font-style: italic;\">\u2013<\/b><\/em><\/strong><\/strong> <em><strong>al-Nassr FC <\/strong><\/em><\/strong><\/em><\/strong><em><em>(KSA)<\/em><strong> (17.00 Uhr)<\/strong><\/em> <br><img loading=\"lazy\" decoding=\"async\" width=\"10\" height=\"21\" class=\"wp-image-3656\" style=\"width: 10px;\" src=\"http:\/\/kommentatorenblog.de\/wp-content\/uploads\/2020\/09\/shure-55sh-ii-e1601485394796.jpg\" alt=\"\" srcset=\"https:\/\/kommentatorenblog.de\/wp-content\/uploads\/2020\/09\/shure-55sh-ii-e1601485394796.jpg 415w, https:\/\/kommentatorenblog.de\/wp-content\/uploads\/2020\/09\/shure-55sh-ii-e1601485394796-142x300.jpg 142w\" sizes=\"auto, (max-width: 10px) 100vw, 10px\" \/> Oliver Forster<\/p>\n\n\n\n<p><span style=\"text-decoration: underline;\">Dienstag, 05. M\u00e4rz 2024<\/span><\/p>\n\n\n\n<p><strong style=\"font-style: italic;\"><em><strong><strong style=\"font-style: italic;\"><em><strong>Jeonbuk FC <\/strong><\/em><\/strong><\/strong><\/em><\/strong><em><em>(KOR)<\/em><\/em><strong style=\"font-style: italic;\"><em><strong><strong style=\"font-style: italic;\"><em><strong> <\/strong><\/em><strong><em><b style=\"font-style: italic;\">\u2013<\/b><\/em><\/strong><\/strong> Ulsan HD FC<em><strong> <\/strong><\/em><\/strong><\/em><\/strong><em><em>(KOR)<\/em><strong> (11.00 Uhr)<\/strong><\/em> <br><img loading=\"lazy\" decoding=\"async\" width=\"10\" height=\"21\" class=\"wp-image-3656\" style=\"width: 10px;\" src=\"http:\/\/kommentatorenblog.de\/wp-content\/uploads\/2020\/09\/shure-55sh-ii-e1601485394796.jpg\" alt=\"\" srcset=\"https:\/\/kommentatorenblog.de\/wp-content\/uploads\/2020\/09\/shure-55sh-ii-e1601485394796.jpg 415w, https:\/\/kommentatorenblog.de\/wp-content\/uploads\/2020\/09\/shure-55sh-ii-e1601485394796-142x300.jpg 142w\" sizes=\"auto, (max-width: 10px) 100vw, 10px\" \/> Tobias Fischbeck<\/p>\n\n\n\n<p><strong style=\"font-style: italic;\"><em><strong><strong style=\"font-style: italic;\"><em><strong>al-Hilal <\/strong><\/em><\/strong><\/strong><\/em><\/strong><em><em>(KSA)<\/em><\/em><strong style=\"font-style: italic;\"><em><strong><strong style=\"font-style: italic;\"><em><strong> <\/strong><\/em><strong><em><b style=\"font-style: italic;\">\u2013<\/b><\/em><\/strong><\/strong> Ittihad FC<em><strong> <\/strong><\/em><\/strong><\/em><\/strong><em><em>(KSA)<\/em><strong> (18.00 Uhr)<\/strong><\/em> <br><img loading=\"lazy\" decoding=\"async\" width=\"10\" height=\"21\" class=\"wp-image-3656\" style=\"width: 10px;\" src=\"http:\/\/kommentatorenblog.de\/wp-content\/uploads\/2020\/09\/shure-55sh-ii-e1601485394796.jpg\" alt=\"\" srcset=\"https:\/\/kommentatorenblog.de\/wp-content\/uploads\/2020\/09\/shure-55sh-ii-e1601485394796.jpg 415w, https:\/\/kommentatorenblog.de\/wp-content\/uploads\/2020\/09\/shure-55sh-ii-e1601485394796-142x300.jpg 142w\" sizes=\"auto, (max-width: 10px) 100vw, 10px\" \/> Steffen Bohleber<\/p>\n\n\n\n<p><span style=\"text-decoration: underline;\">Mittwoch, 06. M\u00e4rz 2024<\/span><\/p>\n\n\n\n<p><strong style=\"font-style: italic;\"><em><strong><strong style=\"font-style: italic;\"><em><strong>Shandong Taishan <\/strong><\/em><\/strong><\/strong><\/em><\/strong><em><em>(CHN)<\/em><\/em><strong style=\"font-style: italic;\"><em><strong><strong style=\"font-style: italic;\"><em><strong> <\/strong><\/em><strong><em><b style=\"font-style: italic;\">\u2013<\/b><\/em><\/strong><\/strong> Yokohama F. Marinos<em><strong> <\/strong><\/em><\/strong><\/em><\/strong><em><em>(JPN)<\/em><strong> (11.00 Uhr)<\/strong><\/em> <br><img loading=\"lazy\" decoding=\"async\" width=\"10\" height=\"21\" class=\"wp-image-3656\" style=\"width: 10px;\" src=\"http:\/\/kommentatorenblog.de\/wp-content\/uploads\/2020\/09\/shure-55sh-ii-e1601485394796.jpg\" alt=\"\" srcset=\"https:\/\/kommentatorenblog.de\/wp-content\/uploads\/2020\/09\/shure-55sh-ii-e1601485394796.jpg 415w, https:\/\/kommentatorenblog.de\/wp-content\/uploads\/2020\/09\/shure-55sh-ii-e1601485394796-142x300.jpg 142w\" sizes=\"auto, (max-width: 10px) 100vw, 10px\" \/> Tobias Fischbeck<\/p>\n\n\n\n<hr class=\"wp-block-separator is-style-default\"\/>\n\n\n\n<p><strong>Liga Profesional (ARG), 9. Spieltag (Sportdigital)<\/strong><\/p>\n\n\n\n<p><span style=\"text-decoration: underline;\">Mittwoch, 06. M\u00e4rz 2024<\/span><\/p>\n\n\n\n<p><strong style=\"font-style: italic;\"><em><strong>CA Union Santa Fe <\/strong><\/em><strong><em><b style=\"font-style: italic;\">\u2013<\/b><\/em><\/strong><\/strong> <em><strong>CA Boca Juniors (23.15 Uhr)<\/strong><\/em> <br><img loading=\"lazy\" decoding=\"async\" width=\"10\" height=\"21\" class=\"wp-image-3656\" style=\"width: 10px;\" src=\"http:\/\/kommentatorenblog.de\/wp-content\/uploads\/2020\/09\/shure-55sh-ii-e1601485394796.jpg\" alt=\"\" srcset=\"https:\/\/kommentatorenblog.de\/wp-content\/uploads\/2020\/09\/shure-55sh-ii-e1601485394796.jpg 415w, https:\/\/kommentatorenblog.de\/wp-content\/uploads\/2020\/09\/shure-55sh-ii-e1601485394796-142x300.jpg 142w\" sizes=\"auto, (max-width: 10px) 100vw, 10px\" \/> Christian Blunck<\/p>\n\n\n\n<hr class=\"wp-block-separator is-style-default\"\/>\n\n\n\n<p><strong>Saudi Pro League (KSA), 23. Spieltag (Sportdigital)<\/strong><\/p>\n\n\n\n<p><span style=\"text-decoration: underline;\">Donnerstag, 07. M\u00e4rz 2024<\/span><\/p>\n\n\n\n<p><strong style=\"font-style: italic;\"><em><strong>al-Nassr FC <\/strong><\/em><strong><em><b style=\"font-style: italic;\">\u2013<\/b><\/em><\/strong><\/strong> <em><strong>al-Raed FC (18.00 Uhr)<\/strong><\/em> <br><img loading=\"lazy\" decoding=\"async\" width=\"10\" height=\"21\" class=\"wp-image-3656\" style=\"width: 10px;\" src=\"http:\/\/kommentatorenblog.de\/wp-content\/uploads\/2020\/09\/shure-55sh-ii-e1601485394796.jpg\" alt=\"\" srcset=\"https:\/\/kommentatorenblog.de\/wp-content\/uploads\/2020\/09\/shure-55sh-ii-e1601485394796.jpg 415w, https:\/\/kommentatorenblog.de\/wp-content\/uploads\/2020\/09\/shure-55sh-ii-e1601485394796-142x300.jpg 142w\" sizes=\"auto, (max-width: 10px) 100vw, 10px\" \/> Henrik Hinrichsen<\/p>\n\n\n\n<hr class=\"wp-block-separator is-style-default\"\/>\n\n\n\n<p><strong><code>ANALYSE<\/code><\/strong><\/p>\n\n\n\n<p><strong>Die n\u00e4chste Konferenz im Frauenfu\u00dfball<\/strong><\/p>\n\n\n\n<p>Der DFB-Pokal der Frauen und Sky sind mittlerweile fest verkn\u00fcpft &#8211; und wie im vergangenen Jahr werden ab dem Viertelfinale alle Partien gezeigt. Und da die vier Spiele dieser Runde alle parallel stattfinden, bietet der Unterf\u00f6hringer Sender seinen Kund:innen wieder eine Konferenzschaltung an, die erneut von Hannes Herrmann kommentiert wird. Expertin dabei ist Turid Knaak. Nat\u00fcrlich gibt&#8217;s die vier Spiele auch als Einzelfeeds &#8211; und an jedem Schauplatz ist ein Field-Reporter dabei. Starkes Covering, wenn mir diese Bewertung gestattet sei.<\/p>\n\n\n\n<p>Die Moderation des Abends erfolgt aus Sinsheim, wo das Spitzenspiel stattfindet. Nat\u00fcrlich begr\u00fc\u00dft Nele Schenker, Lena Lotzen ist Expertin. In der Rolle war sie vor drei Jahren nach ihrem Karriereende schon f\u00fcr DAZN in der Women&#8217;s Champions League unterwegs.<\/p>\n\n\n\n<p><strong>DAZN in Madrid, Miro Klose trifft auf seine beiden Ex-Vereine<\/strong><\/p>\n\n\n\n<p>Champions-League-Viertelfinale Teil 3 ist wieder zu 75% in der Hand von DAZN. W\u00e4hrend die beiden Spiele ohne deutsche Beteiligung wie gewohnt (leider) ohne gro\u00dfe Beachtung oder Vorlauf versendet werden, wird DAZN in Madrid bei Real-Leipzig mit Kommentator, Experte und Reporter vor Ort sein. Freddy Harder moderiert die Halbzeit und den Nachlauf von M\u00fcnchen-Ismaning aus. <\/p>\n\n\n\n<p>Mehr On-Air-Personal bei einem CL-Spiel als DAZN bei drei CL-Spielen schickt dann Prime Video ins Rennen. Der Gro\u00dfteil davon ist bew\u00e4hrtes Stammpersonal, auch <s>Josephine Henning<\/s> Tabea Kemme kommt wie schon vor zwei Wochen zum Einsatz in dieser Runde. Der WM-Rekordtorsch\u00fctze Miroslav Klose ist als Prime-Experte seit dieser Saison ebenfalls nicht ungew\u00f6hnlich &#8211; als Spieler der f\u00fcr beide beteiligten Vereine gekickt hat, dennoch bemerkenswert. Brisant: Vor dem Hinspiel hatte er noch verlauten lassen, dass er dem Underdog Lazio (f\u00fcr das er l\u00e4nger spielte) die Daumen dr\u00fcckt. Mal sehen, ob er das in der vollen M\u00fcnchner Arena wiederholt..<\/p>\n\n\n\n<p><strong>RTL zeigt Freiburg im Free-TV &#8211; und legt Fokus auf Liverpool<\/strong><\/p>\n\n\n\n<p>Die Auswahl der acht Europa (Conference) League-Spiele, die die RTL-Gruppe am Donnerstagabend zu den beiden Ansto\u00dfzeiten zeigt, ist wenig \u00fcberraschend. Nach dem Frankfurt in der Conference League seine Segel gestrichen hat, wird dennoch noch eine Partie aus dem Wettbewerb gezeigt (Ajax v. Aston Villa) &#8211; was vor allem daran liegt, dass das EL-Spiel Sporting-Atalanta auf den Mittwochabend vor gezogen wurde, da in Lissabon aus Sicherheitsgr\u00fcnden nicht zwei Partien an einem Abend stattfinden k\u00f6nnen (Benfica spielt Donnerstag gegen die Rangers).<\/p>\n\n\n\n<p>Im Free-TV zeigt RTL wenig \u00fcberraschend ab 20.45 Uhr das Hinspiel des SC Freiburg gegen West Ham. Auch zwei Spiele im Pay-Stream bei RTL+ mit Doppelkommentar sind klar. Etwas \u00fcberraschend: Das sind nicht beide Spiele mit deutscher Beteiligung, sondern neben dem RTL+-exklusiven Einzelspiel von Leverkusen auch das Gastspiel von Liverpool in Prag. Das Spiel ist dar\u00fcber hinaus sogar mit Thomas Wagner als Fielder besetzt (der dann auch das R\u00fcckspiel begleiten wird). Bei den weiteren Ansetzungen f\u00e4llt sonst vor allem noch der Name von Peter Reichert in der fr\u00fchen Konferenz ins Auge, den viele vor allem an seiner Stimme erkennen d\u00fcrften..<\/p>\n\n\n\n<p>Sky hat sich die Partien Roma-Brighton und Milan-Slavia abgegriffen. Da das aus meiner pers\u00f6nlichen Sicht nach Qarabag-Leverkusen und Sparta-Liverpool bzw. Freiburg-WHU und Benfica-Rangers jeweils die drittattraktivste Partie der Ansto\u00dfzeit f\u00fcrs deutsche Fernsehen ist, best\u00e4rkt das wohl die g\u00e4ngige Beobachtung eines &#8222;Third-Picks&#8220; f\u00fcr Sky. Die beiden Partner \u00e4u\u00dfern sich allerdings bekanntlich nicht zu Vertragsdetails.<\/p>\n\n\n\n<p><strong>Noch mehr Fu\u00dfball bei Sportdigital und Sport1+<\/strong><\/p>\n\n\n\n<p>W\u00e4hrend uns Sportdigital unter der Woche wie gewohnt rund um den Globus schickt mit seinen Fu\u00dfball\u00fcbertragungen, hat Sport1+ die Viertelfinal-Hinspiele der AFC Champions League im Programm. Darunter sind jeweils zwei Spiele der Western Conference und der Eastern Conference. Um die Spiele letzterer k\u00fcmmert sich exklusiv Tobi Fischbeck.<\/p>\n\n\n\n<p>Mit diesen Beobachtungen, obigen Ansetzungen und dem noch weiter oben befindlichen Podcast-Tipp w\u00fcnsche ich viel Spa\u00df in der anstehenden Europapokalwoche, nach der hoffentlich (mindestens) zwei deutsche Viertelfinalisten feststehen..<\/p>\n","protected":false},"excerpt":{"rendered":"<p>N&#8217;Abend allerseits, einige von euch nutzen m\u00f6glicherweise WOW, den Streamingdienst von Sky &#8211; etwa um die Bundesliga oder die Premier League zu verfolgen. Bei letzterer hatten ja WOW-Kund:innen ja immer wieder kritisiert, dass sie die Spiele, die wegen vollbelegter linearer Kan\u00e4le bei skysport.de gesendet werden, nicht sehen k\u00f6nnen. Grund: Der daf\u00fcr notwendige Login funktioniert nicht [&hellip;]<\/p>\n","protected":false},"author":12,"featured_media":0,"comment_status":"open","ping_status":"open","sticky":false,"template":"","format":"standard","meta":{"footnotes":""},"categories":[425],"tags":[],"class_list":["post-16889","post","type-post","status-publish","format-standard","hentry","category-champions-league-und-co"],"_links":{"self":[{"href":"https:\/\/kommentatorenblog.de\/index.php?rest_route=\/wp\/v2\/posts\/16889","targetHints":{"allow":["GET"]}}],"collection":[{"href":"https:\/\/kommentatorenblog.de\/index.php?rest_route=\/wp\/v2\/posts"}],"about":[{"href":"https:\/\/kommentatorenblog.de\/index.php?rest_route=\/wp\/v2\/types\/post"}],"author":[{"embeddable":true,"href":"https:\/\/kommentatorenblog.de\/index.php?rest_route=\/wp\/v2\/users\/12"}],"replies":[{"embeddable":true,"href":"https:\/\/kommentatorenblog.de\/index.php?rest_route=%2Fwp%2Fv2%2Fcomments&post=16889"}],"version-history":[{"count":16,"href":"https:\/\/kommentatorenblog.de\/index.php?rest_route=\/wp\/v2\/posts\/16889\/revisions"}],"predecessor-version":[{"id":16989,"href":"https:\/\/kommentatorenblog.de\/index.php?rest_route=\/wp\/v2\/posts\/16889\/revisions\/16989"}],"wp:attachment":[{"href":"https:\/\/kommentatorenblog.de\/index.php?rest_route=%2Fwp%2Fv2%2Fmedia&parent=16889"}],"wp:term":[{"taxonomy":"category","embeddable":true,"href":"https:\/\/kommentatorenblog.de\/index.php?rest_route=%2Fwp%2Fv2%2Fcategories&post=16889"},{"taxonomy":"post_tag","embeddable":true,"href":"https:\/\/kommentatorenblog.de\/index.php?rest_route=%2Fwp%2Fv2%2Ftags&post=16889"}],"curies":[{"name":"wp","href":"https:\/\/api.w.org\/{rel}","templated":true}]}}