{"id":16896,"date":"2024-02-29T23:51:33","date_gmt":"2024-02-29T22:51:33","guid":{"rendered":"https:\/\/kommentatorenblog.de\/?p=16896"},"modified":"2024-03-12T17:00:42","modified_gmt":"2024-03-12T16:00:42","slug":"1406-olympia-teilnahme-perfekt-geheimplaene-fuer-die-em","status":"publish","type":"post","link":"https:\/\/kommentatorenblog.de\/?p=16896","title":{"rendered":"1406 &#8211; Olympia-Teilnahme perfekt, Geheimpl\u00e4ne f\u00fcr die EM?"},"content":{"rendered":"\n<p>N&#8217;Abend allerseits,<\/p>\n\n\n\n<p>eine aufregende Woche liegt hinter uns, obwohl es weder Champions- noch Europa League zu bestaunen gab. Nach einer schon teilweise \u00fcberzeugenden Leistung im Halbfinale gegen Frankreich konnte die deutsche Frauen-Nationalmannschaft mit einer ausgezeichneten zweiten Spielh\u00e4lfte im Spiel um Platz 3 gegen die Niederlande das erhoffte Olympia-Ticket perfekt machen. Im Gegensatz zu den deutschen M\u00e4nnern, deren U21 es im vergangenen Sommer leider verpasste, bei Olympia mitzuwirken, nur um danach wieder die 180-Grad-Wende in den darauffolgenden Qualifikationsspielen darzustellen. <\/p>\n\n\n\n<p>Und sonst? Der 1. FSV Mainz 05 besiegt Manchester City. Tats\u00e4chlich so geschehen am Dienstag im Achtelfinale der UEFA Youth League im Bruchwegstadion, was man live bei DAZN mitverfolgen konnte. Dass der Verein, der in England offensichtlich komplett unbekannt ist, zumal selbst in der offiziellen Pressemitteilung der Skyblues als &#8222;FC Mainz&#8220; bezeichnet, eine ausgezeichnete Nachwuchsarbeit hat, ist an sich nichts wirklich Neues, aber dass es sogar zu Siegen im Kr\u00e4ftemessen gegen finanzstarke und weltweit hochambitionierte Nachwuchsakademien wie die &#8222;La Masia&#8220; oder eben City reicht, h\u00e4tte man dann doch nicht unbedingt erwartet. Chapeau!<\/p>\n\n\n\n<p>Kommen wir nochmal zur\u00fcck zum ersten Thema: ich pers\u00f6nlich freue mich sehr auf die Olympischen Spiele in Paris, endlich kann man mal wieder in der europ\u00e4ischen Zeitzone die Wettk\u00e4mpfe wieder \u00f6fter live mitverfolgen. Fu\u00dfball wird dort aber auch f\u00fcr mich nur eine Randerscheinung sein. Neben Eurosport wird es auch wieder in den \u00f6ffentlich-rechtlichen Programmen ein sehr umfangreiches Angebot geben, als erste Ank\u00fcndigung daf\u00fcr wurde bereits in der vergangenen Woche in der ARD-Mediathek der Kanal &#8222;Sportschau Olympia&#8220; freigeschaltet, in welchem wie bei den vergangenen Spielen in Tokio bis zu 10 Streams gleichzeitig m\u00f6glich sein werden. Wenn die Teams von ARD, ZDF und Eurosport feststehen werden, werden wir euch nat\u00fcrlich wieder hier ausf\u00fchrlich dar\u00fcber informieren.<\/p>\n\n\n\n<p>Zu den Teams bei der Fu\u00dfball-EM in Deutschland gab es seitens der BILD-Zeitung in dieser Woche eine \u00fcberraschende Meldung, dass RTL und Magenta TV im Rahmen ihrer Kooperation f\u00fcr die Berichterstattung bei der EM, \u00fcber die bis dato nur ein gemeinsames Sendezentrum bekannt war, auch eine Vermischung ihres On-Air-Personals planen w\u00fcrden. Konkret wurde kolportiert, dass Johannes B. Kerner und Laura Wontorra, welche bei Magenta TV bzw. bei RTL als Hauptmoderatoren f\u00fcr die EM-Spiele eingeplant sind, w\u00e4hrend des Turniers auch f\u00fcr den jeweils anderen Dienst zum Einsatz kommen sollen, die Pl\u00e4tze quasi tauschen sollen. Ein Detail, der f\u00fcr mich eigentlich \u00fcberraschender war als der Plan an sich, wurde in dieser Meldung seltsamerweise wie selbstverst\u00e4ndlich angegeben, n\u00e4mlich dass Laura Wontorra (zumindest standardm\u00e4\u00dfig) die 12 EM-Spiele, die RTL \u00fcbertr\u00e4gt, moderieren soll. Eigentlich h\u00e4tten wohl viele, mich eingeschlossen, mit Florian K\u00f6nig und\/oder Laura Papendick als Moderatoren gerechnet, denn seitdem Wontorra 2021 bei DAZN f\u00fcr die Bundesliga- und Champions-League-\u00dcbertragungen angeheuert hatte, war sie bei RTL nur noch in Unterhaltungsformaten zu sehen, da DAZN mit ihr eine im Sport exklusive Zusammenarbeit vereinbart hatte. Nat\u00fcrlich ist diese Nachricht unter Vorbehalt zu genie\u00dfen, noch ist nichts offiziell best\u00e4tigt. Florian K\u00f6nig w\u00fcrde man in diesem Szenario wohl nur beim EM-Doppelpass zu sehen bekommen, Laura Papendick wom\u00f6glich als Field- oder Teamquartier-Reporterin.<\/p>\n\n\n\n<p>F\u00fcr Wontorra w\u00e4re es somit eine R\u00fcckkehr nach 3 Jahren, bei der sich auch die Frage stellen w\u00fcrde, ob es sich um eine Ausnahme handelt oder ob RTL auch noch mehr Pl\u00e4ne mit ihr im Sport hat, m\u00f6glicherweise auch, was die neue Rechteperiode der Bundesliga angeht. Dass bei der neuen Rechteverteilung Kooperationen erleichtert werden und man zuletzt bereits mit Sky erfolgreich kooperieren konnte, d\u00fcrfte die Wahrscheinlichkeit einer Beteiligung von RTL bei den Bundesliga-\u00dcbertragungen ab 2025 zumindest schon einmal etwas erh\u00f6hen.<\/p>\n\n\n\n<p>Was die EM angeht, warten wir gespannt ab, ob wohl noch mehr Details im &#8222;Geheimplan&#8220; zwischen RTL und Magenta TV stehen, etwa, ob wohl auch die Kommentatoren durchgemischt werden. Bei RTL nehme ich stark an, dass es zumindest f\u00fcr die Livespiele nicht so viele geben wird, gerade KO-Spiele wird wohl vorrangig das gewohnte Duo Marco Hagemann und Steffen Freund begleiten. Aber die Vorstellung, dass Hagemann, der bei der WM in Katar im Magenta-Team war, mal den Platz mit Wolff Fuss, der bei der Spielshow &#8222;Big Bounce&#8220; RTL-Erfahrung sammelte, tauschen k\u00f6nnte, w\u00e4re durchaus interessant.<\/p>\n\n\n\n<hr class=\"wp-block-separator\"\/>\n\n\n\n<p><strong>Die Ansetzungen vom 01. M\u00e4rz 2024 bis 04. M\u00e4rz 2024<\/strong><\/p>\n\n\n\n<hr class=\"wp-block-separator\"\/>\n\n\n\n<p><strong>Bundesliga, 24. Spieltag<\/strong><\/p>\n\n\n\n<p><span style=\"text-decoration: underline;\">Freitag, 01. M\u00e4rz 2024, ab 19.30 Uhr (DAZN)<\/span><\/p>\n\n\n\n<p><em><strong><strong style=\"font-style: italic;\">SC Freiburg &#8211; FC Bayern M\u00fcnchen<\/strong> (20.30 Uhr)<\/strong><\/em> <\/p>\n\n\n\n<p><img loading=\"lazy\" decoding=\"async\" width=\"10\" height=\"21\" class=\"wp-image-3656\" style=\"width: 10px;\" src=\"http:\/\/kommentatorenblog.de\/wp-content\/uploads\/2020\/09\/shure-55sh-ii-e1601485394796.jpg\" alt=\"\" srcset=\"https:\/\/kommentatorenblog.de\/wp-content\/uploads\/2020\/09\/shure-55sh-ii-e1601485394796.jpg 415w, https:\/\/kommentatorenblog.de\/wp-content\/uploads\/2020\/09\/shure-55sh-ii-e1601485394796-142x300.jpg 142w\" sizes=\"auto, (max-width: 10px) 100vw, 10px\" \/> Jan Platte, Experte: Jonas Hummels<\/p>\n\n\n\n<p>Moderation: Alex Schl\u00fcter, Schiedsrichter-Experte: Urs Meier, Field-Reporter: Daniel Herzog<\/p>\n\n\n\n<p><span style=\"text-decoration: underline;\">Samstag, 02. M\u00e4rz 2024, ab 14.00 Uhr (Sky)<\/span><\/p>\n\n\n\n<p><strong><em>1. FC Union Berlin &#8211; Borussia Dortmund<\/em><\/strong><em><strong> (15.30 Uhr)<\/strong><\/em><\/p>\n\n\n\n<p><img loading=\"lazy\" decoding=\"async\" width=\"10\" height=\"21\" class=\"wp-image-3656\" style=\"width: 10px;\" src=\"http:\/\/kommentatorenblog.de\/wp-content\/uploads\/2020\/09\/shure-55sh-ii-e1601485394796.jpg\" alt=\"\" srcset=\"https:\/\/kommentatorenblog.de\/wp-content\/uploads\/2020\/09\/shure-55sh-ii-e1601485394796.jpg 415w, https:\/\/kommentatorenblog.de\/wp-content\/uploads\/2020\/09\/shure-55sh-ii-e1601485394796-142x300.jpg 142w\" sizes=\"auto, (max-width: 10px) 100vw, 10px\" \/> Oliver Seidler (Einzelspiel), Kai Dittmann (Konferenz)<\/p>\n\n\n\n<p>Field-Reporter: Karsten Petrzika<\/p>\n\n\n\n<p><em><strong>VfL Bochum &#8211; RB Leipzig (15.30 Uhr)<\/strong><\/em><\/p>\n\n\n\n<p><img loading=\"lazy\" decoding=\"async\" width=\"10\" height=\"21\" class=\"wp-image-3656\" style=\"width: 10px;\" src=\"http:\/\/kommentatorenblog.de\/wp-content\/uploads\/2020\/09\/shure-55sh-ii-e1601485394796.jpg\" alt=\"\" srcset=\"https:\/\/kommentatorenblog.de\/wp-content\/uploads\/2020\/09\/shure-55sh-ii-e1601485394796.jpg 415w, https:\/\/kommentatorenblog.de\/wp-content\/uploads\/2020\/09\/shure-55sh-ii-e1601485394796-142x300.jpg 142w\" sizes=\"auto, (max-width: 10px) 100vw, 10px\" \/> Marcus Lindemann (Einzelspiel), Frank Buschmann (Konferenz)<\/p>\n\n\n\n<p>Field-Reporter: Max Zielke<\/p>\n\n\n\n<p><strong><em>1. FC Heidenheim &#8211; Eintracht Frankfurt <\/em><\/strong><em><strong>(15.30 Uhr)<\/strong><\/em><\/p>\n\n\n\n<p><img loading=\"lazy\" decoding=\"async\" width=\"10\" height=\"21\" class=\"wp-image-3656\" style=\"width: 10px;\" src=\"http:\/\/kommentatorenblog.de\/wp-content\/uploads\/2020\/09\/shure-55sh-ii-e1601485394796.jpg\" alt=\"\" srcset=\"https:\/\/kommentatorenblog.de\/wp-content\/uploads\/2020\/09\/shure-55sh-ii-e1601485394796.jpg 415w, https:\/\/kommentatorenblog.de\/wp-content\/uploads\/2020\/09\/shure-55sh-ii-e1601485394796-142x300.jpg 142w\" sizes=\"auto, (max-width: 10px) 100vw, 10px\" \/> Toni Tomic (Einzelspiel), Florian Schmidt-Sommerfeld (Konferenz)<\/p>\n\n\n\n<p>Field-Reporter: Michael Leopold<\/p>\n\n\n\n<p><strong><em>1. FSV Mainz 05 &#8211; Borussia M\u00f6nchengladbach<\/em><\/strong><em><strong> (15.30 Uhr)<\/strong><\/em><\/p>\n\n\n\n<p><img loading=\"lazy\" decoding=\"async\" width=\"10\" height=\"21\" class=\"wp-image-3656\" style=\"width: 10px;\" src=\"http:\/\/kommentatorenblog.de\/wp-content\/uploads\/2020\/09\/shure-55sh-ii-e1601485394796.jpg\" alt=\"\" srcset=\"https:\/\/kommentatorenblog.de\/wp-content\/uploads\/2020\/09\/shure-55sh-ii-e1601485394796.jpg 415w, https:\/\/kommentatorenblog.de\/wp-content\/uploads\/2020\/09\/shure-55sh-ii-e1601485394796-142x300.jpg 142w\" sizes=\"auto, (max-width: 10px) 100vw, 10px\" \/> Hannes Herrmann (Einzelspiel), Jonas Friedrich (Konferenz)<\/p>\n\n\n\n<p>Field-Reporter: Patrick Wasserziehr<\/p>\n\n\n\n<p><strong><em>SV Darmstadt 98 &#8211; FC Augsburg (15.30 Uhr)<\/em><\/strong><\/p>\n\n\n\n<p><img loading=\"lazy\" decoding=\"async\" width=\"10\" height=\"21\" class=\"wp-image-3656\" style=\"width: 10px;\" src=\"http:\/\/kommentatorenblog.de\/wp-content\/uploads\/2020\/09\/shure-55sh-ii-e1601485394796.jpg\" alt=\"\" srcset=\"https:\/\/kommentatorenblog.de\/wp-content\/uploads\/2020\/09\/shure-55sh-ii-e1601485394796.jpg 415w, https:\/\/kommentatorenblog.de\/wp-content\/uploads\/2020\/09\/shure-55sh-ii-e1601485394796-142x300.jpg 142w\" sizes=\"auto, (max-width: 10px) 100vw, 10px\" \/> Klaus Veltman (Einzelspiel), Hansi K\u00fcpper (Konferenz)<\/p>\n\n\n\n<p>Field-Reporter: Dirk gro\u00dfe Schlarmann<\/p>\n\n\n\n<p>Moderation: Britta Hofmann, Experten: Dietmar Hamann und Erik Meijer<\/p>\n\n\n\n<p><span style=\"text-decoration: underline;\">ab 17.30 Uhr (Sky)<\/span><\/p>\n\n\n\n<p><em><strong>VfL Wolfsburg &#8211; VfB Stuttgart (18.30 Uhr)<\/strong><\/em><\/p>\n\n\n\n<p><img loading=\"lazy\" decoding=\"async\" width=\"10\" height=\"21\" class=\"wp-image-3656\" style=\"width: 10px;\" src=\"http:\/\/kommentatorenblog.de\/wp-content\/uploads\/2020\/09\/shure-55sh-ii-e1601485394796.jpg\" alt=\"\" srcset=\"https:\/\/kommentatorenblog.de\/wp-content\/uploads\/2020\/09\/shure-55sh-ii-e1601485394796.jpg 415w, https:\/\/kommentatorenblog.de\/wp-content\/uploads\/2020\/09\/shure-55sh-ii-e1601485394796-142x300.jpg 142w\" sizes=\"auto, (max-width: 10px) 100vw, 10px\" \/> Wolff Fuss<\/p>\n\n\n\n<p>Field-Reporter: Yannick Erkenbrecher<\/p>\n\n\n\n<p>Moderation: Sebastian Hellmann, Expert:innen: Julia Simic und Lothar Matth\u00e4us<\/p>\n\n\n\n<p><span style=\"text-decoration: underline;\">Sonntag, 03. M\u00e4rz 2024, ab 14.45 Uhr (DAZN<\/span>)<\/p>\n\n\n\n<p><strong><em>1. FC K\u00f6ln &#8211; Bayer 04 Leverkusen<\/em><\/strong><strong style=\"font-style: italic;\"> (15.30 Uhr)<\/strong><\/p>\n\n\n\n<p><img loading=\"lazy\" decoding=\"async\" width=\"10\" height=\"21\" class=\"wp-image-3656\" style=\"width: 10px;\" src=\"http:\/\/kommentatorenblog.de\/wp-content\/uploads\/2020\/09\/shure-55sh-ii-e1601485394796.jpg\" alt=\"\" srcset=\"https:\/\/kommentatorenblog.de\/wp-content\/uploads\/2020\/09\/shure-55sh-ii-e1601485394796.jpg 415w, https:\/\/kommentatorenblog.de\/wp-content\/uploads\/2020\/09\/shure-55sh-ii-e1601485394796-142x300.jpg 142w\" sizes=\"auto, (max-width: 10px) 100vw, 10px\" \/> Marco Hagemann, Experte: Tobias Schweinsteiger<\/p>\n\n\n\n<p>Moderation: Laura Wontorra, Field-Reporter: Daniel Herzog<\/p>\n\n\n\n<p><span style=\"text-decoration: underline;\">ab 17.00 Uhr (DAZN)<\/span><\/p>\n\n\n\n<p><strong><em>TSG 1899 Hoffenheim &#8211; SV Werder Bremen<\/em><\/strong><em><strong> (17.30 Uhr)<\/strong><\/em><\/p>\n\n\n\n<p><img loading=\"lazy\" decoding=\"async\" width=\"10\" height=\"21\" class=\"wp-image-3656\" style=\"width: 10px;\" src=\"http:\/\/kommentatorenblog.de\/wp-content\/uploads\/2020\/09\/shure-55sh-ii-e1601485394796.jpg\" alt=\"\" srcset=\"https:\/\/kommentatorenblog.de\/wp-content\/uploads\/2020\/09\/shure-55sh-ii-e1601485394796.jpg 415w, https:\/\/kommentatorenblog.de\/wp-content\/uploads\/2020\/09\/shure-55sh-ii-e1601485394796-142x300.jpg 142w\" sizes=\"auto, (max-width: 10px) 100vw, 10px\" \/> Max Siebald, Experte: Benny Lauth<\/p>\n\n\n\n<p>Moderation: Tobi Wahnschaffe, Field-Reporter: Mario Rieker<\/p>\n\n\n\n<hr class=\"wp-block-separator\"\/>\n\n\n\n<p><strong>2<\/strong>. <strong>Bundesliga, 24. Spieltag<\/strong><\/p>\n\n\n\n<p><span style=\"text-decoration: underline;\">Freitag, 01. M\u00e4rz 2024, ab 18.00 Uhr (Sky)<\/span> <\/p>\n\n\n\n<p><strong><em>Die Konferenz (18.30 Uhr)<\/em><\/strong><\/p>\n\n\n\n<p><img loading=\"lazy\" decoding=\"async\" width=\"10\" height=\"21\" class=\"wp-image-3656\" style=\"width: 10px;\" src=\"http:\/\/kommentatorenblog.de\/wp-content\/uploads\/2020\/09\/shure-55sh-ii-e1601485394796.jpg\" alt=\"\" srcset=\"https:\/\/kommentatorenblog.de\/wp-content\/uploads\/2020\/09\/shure-55sh-ii-e1601485394796.jpg 415w, https:\/\/kommentatorenblog.de\/wp-content\/uploads\/2020\/09\/shure-55sh-ii-e1601485394796-142x300.jpg 142w\" sizes=\"auto, (max-width: 10px) 100vw, 10px\" \/> Hannes Herrmann (Fokus auf S04 &#8211; STP)<\/p>\n\n\n\n<p><strong><em>FC Schalke 04 &#8211; FC St. Pauli (18.30 Uhr)<\/em><\/strong><\/p>\n\n\n\n<p><img loading=\"lazy\" decoding=\"async\" width=\"10\" height=\"21\" class=\"wp-image-3656\" style=\"width: 10px;\" src=\"http:\/\/kommentatorenblog.de\/wp-content\/uploads\/2020\/09\/shure-55sh-ii-e1601485394796.jpg\" alt=\"\" srcset=\"https:\/\/kommentatorenblog.de\/wp-content\/uploads\/2020\/09\/shure-55sh-ii-e1601485394796.jpg 415w, https:\/\/kommentatorenblog.de\/wp-content\/uploads\/2020\/09\/shure-55sh-ii-e1601485394796-142x300.jpg 142w\" sizes=\"auto, (max-width: 10px) 100vw, 10px\" \/> Martin Gro\u00df<\/p>\n\n\n\n<p><strong><em>Hertha BSC &#8211; Holstein Kiel (18.30 Uhr)<\/em><\/strong><\/p>\n\n\n\n<p><img loading=\"lazy\" decoding=\"async\" width=\"10\" height=\"21\" class=\"wp-image-3656\" style=\"width: 10px;\" src=\"http:\/\/kommentatorenblog.de\/wp-content\/uploads\/2020\/09\/shure-55sh-ii-e1601485394796.jpg\" alt=\"\" srcset=\"https:\/\/kommentatorenblog.de\/wp-content\/uploads\/2020\/09\/shure-55sh-ii-e1601485394796.jpg 415w, https:\/\/kommentatorenblog.de\/wp-content\/uploads\/2020\/09\/shure-55sh-ii-e1601485394796-142x300.jpg 142w\" sizes=\"auto, (max-width: 10px) 100vw, 10px\" \/> Hansi K\u00fcpper<\/p>\n\n\n\n<p>Field-Reporterin: Lisa de Ruiter<\/p>\n\n\n\n<p>Moderation (aus Gelsenkirchen): Thomas Wagner, Experte: S\u00f6ren Gonther<\/p>\n\n\n\n<p><span style=\"text-decoration: underline;\">Samstag, 02. M\u00e4rz 2024, ab 12.30 Uhr (Sky)<\/span><\/p>\n\n\n\n<p><strong><em>Die Konferenz (13.00 Uhr)<\/em><\/strong><\/p>\n\n\n\n<p><img loading=\"lazy\" decoding=\"async\" width=\"10\" height=\"21\" class=\"wp-image-3656\" style=\"width: 10px;\" src=\"http:\/\/kommentatorenblog.de\/wp-content\/uploads\/2020\/09\/shure-55sh-ii-e1601485394796.jpg\" alt=\"\" srcset=\"https:\/\/kommentatorenblog.de\/wp-content\/uploads\/2020\/09\/shure-55sh-ii-e1601485394796.jpg 415w, https:\/\/kommentatorenblog.de\/wp-content\/uploads\/2020\/09\/shure-55sh-ii-e1601485394796-142x300.jpg 142w\" sizes=\"auto, (max-width: 10px) 100vw, 10px\" \/> Torsten Kunde (Fokus auf H96 &#8211; F95)<\/p>\n\n\n\n<p><strong><em>Hannover 96 &#8211; Fortuna D\u00fcsseldorf<strong><em> <\/em><\/strong>(13.00 Uhr)<\/em><\/strong><\/p>\n\n\n\n<p><img loading=\"lazy\" decoding=\"async\" width=\"10\" height=\"21\" class=\"wp-image-3656\" style=\"width: 10px;\" src=\"http:\/\/kommentatorenblog.de\/wp-content\/uploads\/2020\/09\/shure-55sh-ii-e1601485394796.jpg\" alt=\"\" srcset=\"https:\/\/kommentatorenblog.de\/wp-content\/uploads\/2020\/09\/shure-55sh-ii-e1601485394796.jpg 415w, https:\/\/kommentatorenblog.de\/wp-content\/uploads\/2020\/09\/shure-55sh-ii-e1601485394796-142x300.jpg 142w\" sizes=\"auto, (max-width: 10px) 100vw, 10px\" \/> Markus G\u00f6tz<\/p>\n\n\n\n<p><strong><em>FC Hansa Rostock &#8211; 1. FC Kaiserslautern<strong><em> <\/em><\/strong>(13.00 Uhr)<\/em><\/strong><\/p>\n\n\n\n<p><img loading=\"lazy\" decoding=\"async\" width=\"10\" height=\"21\" class=\"wp-image-3656\" style=\"width: 10px;\" src=\"http:\/\/kommentatorenblog.de\/wp-content\/uploads\/2020\/09\/shure-55sh-ii-e1601485394796.jpg\" alt=\"\" srcset=\"https:\/\/kommentatorenblog.de\/wp-content\/uploads\/2020\/09\/shure-55sh-ii-e1601485394796.jpg 415w, https:\/\/kommentatorenblog.de\/wp-content\/uploads\/2020\/09\/shure-55sh-ii-e1601485394796-142x300.jpg 142w\" sizes=\"auto, (max-width: 10px) 100vw, 10px\" \/> Dominik M\u00fcller<\/p>\n\n\n\n<p>Field-Reporter: Sven T\u00f6llner<\/p>\n\n\n\n<p><strong><em>1. FC N\u00fcrnberg &#8211; Eintracht Braunschweig<strong><em> <\/em><\/strong>(13.00 Uhr)<\/em><\/strong><\/p>\n\n\n\n<p><img loading=\"lazy\" decoding=\"async\" width=\"10\" height=\"21\" class=\"wp-image-3656\" style=\"width: 10px;\" src=\"http:\/\/kommentatorenblog.de\/wp-content\/uploads\/2020\/09\/shure-55sh-ii-e1601485394796.jpg\" alt=\"\" srcset=\"https:\/\/kommentatorenblog.de\/wp-content\/uploads\/2020\/09\/shure-55sh-ii-e1601485394796.jpg 415w, https:\/\/kommentatorenblog.de\/wp-content\/uploads\/2020\/09\/shure-55sh-ii-e1601485394796-142x300.jpg 142w\" sizes=\"auto, (max-width: 10px) 100vw, 10px\" \/> J\u00fcrgen Schmitz<\/p>\n\n\n\n<p>Field-Reporter: Hartmut von Kameke<\/p>\n\n\n\n<p>Moderation (aus Hannover): Nele Schenker<\/p>\n\n\n\n<p><span style=\"text-decoration: underline;\">ab 19.30 Uhr (SPORT1) bzw. ab 20.00 Uhr (Sky)<\/span><\/p>\n\n\n\n<p><strong><em>Karlsruher SC &#8211; SpVgg Greuther F\u00fcrth<\/em><\/strong> <strong><em>(20.30 Uhr)<\/em><\/strong><\/p>\n\n\n\n<p><img loading=\"lazy\" decoding=\"async\" width=\"10\" height=\"21\" class=\"wp-image-3656\" style=\"width: 10px;\" src=\"http:\/\/kommentatorenblog.de\/wp-content\/uploads\/2020\/09\/shure-55sh-ii-e1601485394796.jpg\" alt=\"\" srcset=\"https:\/\/kommentatorenblog.de\/wp-content\/uploads\/2020\/09\/shure-55sh-ii-e1601485394796.jpg 415w, https:\/\/kommentatorenblog.de\/wp-content\/uploads\/2020\/09\/shure-55sh-ii-e1601485394796-142x300.jpg 142w\" sizes=\"auto, (max-width: 10px) 100vw, 10px\" \/> Sport1: Oliver Forster, Experte: Tomas Oral<\/p>\n\n\n\n<p><img loading=\"lazy\" decoding=\"async\" width=\"10\" height=\"21\" class=\"wp-image-3656\" style=\"width: 10px;\" src=\"http:\/\/kommentatorenblog.de\/wp-content\/uploads\/2020\/09\/shure-55sh-ii-e1601485394796.jpg\" alt=\"\" srcset=\"https:\/\/kommentatorenblog.de\/wp-content\/uploads\/2020\/09\/shure-55sh-ii-e1601485394796.jpg 415w, https:\/\/kommentatorenblog.de\/wp-content\/uploads\/2020\/09\/shure-55sh-ii-e1601485394796-142x300.jpg 142w\" sizes=\"auto, (max-width: 10px) 100vw, 10px\" \/> Sky: Martin Gro\u00df, Experte: Torsten Mattuschka<\/p>\n\n\n\n<p>Moderation (Sport1): Katharina Kleinfeldt, Field-Reporter: Thorsten Siegmund<\/p>\n\n\n\n<p>Moderation (Sky): Stefan Hempel<\/p>\n\n\n\n<p><span style=\"text-decoration: underline;\">Sonntag, 03. M\u00e4rz 2024, ab 13.00 Uhr (Sky)<\/span><\/p>\n\n\n\n<p><strong><em>Die Konferenz (13.30 Uhr)<\/em><\/strong><\/p>\n\n\n\n<p><img loading=\"lazy\" decoding=\"async\" width=\"10\" height=\"21\" class=\"wp-image-3656\" style=\"width: 10px;\" src=\"http:\/\/kommentatorenblog.de\/wp-content\/uploads\/2020\/09\/shure-55sh-ii-e1601485394796.jpg\" alt=\"\" srcset=\"https:\/\/kommentatorenblog.de\/wp-content\/uploads\/2020\/09\/shure-55sh-ii-e1601485394796.jpg 415w, https:\/\/kommentatorenblog.de\/wp-content\/uploads\/2020\/09\/shure-55sh-ii-e1601485394796-142x300.jpg 142w\" sizes=\"auto, (max-width: 10px) 100vw, 10px\" \/> Marcel Meinert (Fokus auf HSV &#8211; OSN)<\/p>\n\n\n\n<p><strong><em>Hamburger SV &#8211; VfL Osnabr\u00fcck (13.30 Uhr)<\/em><\/strong><\/p>\n\n\n\n<p><img loading=\"lazy\" decoding=\"async\" width=\"10\" height=\"21\" class=\"wp-image-3656\" style=\"width: 10px;\" src=\"http:\/\/kommentatorenblog.de\/wp-content\/uploads\/2020\/09\/shure-55sh-ii-e1601485394796.jpg\" alt=\"\" srcset=\"https:\/\/kommentatorenblog.de\/wp-content\/uploads\/2020\/09\/shure-55sh-ii-e1601485394796.jpg 415w, https:\/\/kommentatorenblog.de\/wp-content\/uploads\/2020\/09\/shure-55sh-ii-e1601485394796-142x300.jpg 142w\" sizes=\"auto, (max-width: 10px) 100vw, 10px\" \/> Christian Stra\u00dfburger<\/p>\n\n\n\n<p><strong><em>SC Paderborn 07 &#8211; 1. FC Magdeburg (13.30 Uhr)<\/em><\/strong><\/p>\n\n\n\n<p><img loading=\"lazy\" decoding=\"async\" width=\"10\" height=\"21\" class=\"wp-image-3656\" style=\"width: 10px;\" src=\"http:\/\/kommentatorenblog.de\/wp-content\/uploads\/2020\/09\/shure-55sh-ii-e1601485394796.jpg\" alt=\"\" srcset=\"https:\/\/kommentatorenblog.de\/wp-content\/uploads\/2020\/09\/shure-55sh-ii-e1601485394796.jpg 415w, https:\/\/kommentatorenblog.de\/wp-content\/uploads\/2020\/09\/shure-55sh-ii-e1601485394796-142x300.jpg 142w\" sizes=\"auto, (max-width: 10px) 100vw, 10px\" \/> Torsten Kunde<\/p>\n\n\n\n<p>Field-Reporter: Dirk gro\u00dfe Schlarmann<\/p>\n\n\n\n<p><strong><em>SV Elversberg &#8211; SV Wehen Wiesbaden (13.30 Uhr)<\/em><\/strong><\/p>\n\n\n\n<p><img loading=\"lazy\" decoding=\"async\" width=\"10\" height=\"21\" class=\"wp-image-3656\" style=\"width: 10px;\" src=\"http:\/\/kommentatorenblog.de\/wp-content\/uploads\/2020\/09\/shure-55sh-ii-e1601485394796.jpg\" alt=\"\" srcset=\"https:\/\/kommentatorenblog.de\/wp-content\/uploads\/2020\/09\/shure-55sh-ii-e1601485394796.jpg 415w, https:\/\/kommentatorenblog.de\/wp-content\/uploads\/2020\/09\/shure-55sh-ii-e1601485394796-142x300.jpg 142w\" sizes=\"auto, (max-width: 10px) 100vw, 10px\" \/> Hannes Herrmann<\/p>\n\n\n\n<p>Field-Reporter: Alexander Bonengel<\/p>\n\n\n\n<p>Moderation (aus Hamburg): Yannick Erkenbrecher, Experte: Torsten Mattuschka<\/p>\n\n\n\n<hr class=\"wp-block-separator is-style-default\"\/>\n\n\n\n<p><strong>3. Liga, 28. Spieltag<\/strong><\/p>\n\n\n\n<p><span style=\"text-decoration: underline;\">Freitag, 01. M\u00e4rz 2024, ab 18.30 Uhr (Magenta Sport)<\/span> <\/p>\n\n\n\n<p><strong><em>SV Sandhausen &#8211; SC Freiburg II (19.00 Uhr)<\/em><\/strong><\/p>\n\n\n\n<p><img loading=\"lazy\" decoding=\"async\" width=\"10\" height=\"21\" class=\"wp-image-3656\" style=\"width: 10px;\" src=\"http:\/\/kommentatorenblog.de\/wp-content\/uploads\/2020\/09\/shure-55sh-ii-e1601485394796.jpg\" alt=\"\" srcset=\"https:\/\/kommentatorenblog.de\/wp-content\/uploads\/2020\/09\/shure-55sh-ii-e1601485394796.jpg 415w, https:\/\/kommentatorenblog.de\/wp-content\/uploads\/2020\/09\/shure-55sh-ii-e1601485394796-142x300.jpg 142w\" sizes=\"auto, (max-width: 10px) 100vw, 10px\" \/> Julian Engelhard<\/p>\n\n\n\n<p>Moderation: Alexander K\u00fcpper, Experte: Steven Ruprecht<\/p>\n\n\n\n<p><span style=\"text-decoration: underline;\">Samstag, 02. M\u00e4rz 2024, ab 13.30 Uhr (Magenta Sport)<\/span><\/p>\n\n\n\n<p><strong><em>Die Konferenz (14.00 Uhr)<\/em><\/strong><\/p>\n\n\n\n<p><img loading=\"lazy\" decoding=\"async\" width=\"10\" height=\"21\" class=\"wp-image-3656\" style=\"width: 10px;\" src=\"http:\/\/kommentatorenblog.de\/wp-content\/uploads\/2020\/09\/shure-55sh-ii-e1601485394796.jpg\" alt=\"\" srcset=\"https:\/\/kommentatorenblog.de\/wp-content\/uploads\/2020\/09\/shure-55sh-ii-e1601485394796.jpg 415w, https:\/\/kommentatorenblog.de\/wp-content\/uploads\/2020\/09\/shure-55sh-ii-e1601485394796-142x300.jpg 142w\" sizes=\"auto, (max-width: 10px) 100vw, 10px\" \/> Alexander Klich, Experte: Toni Wachsmuth<\/p>\n\n\n\n<p><span style=\"text-decoration: underline;\">ab 13.45 Uhr (Magenta Sport)<\/span><\/p>\n\n\n\n<p><strong><em>FC Erzgebirge Aue &#8211; SC Preu\u00dfen M\u00fcnster (14.00 Uhr)<\/em><\/strong><\/p>\n\n\n\n<p><img loading=\"lazy\" decoding=\"async\" width=\"10\" height=\"21\" class=\"wp-image-3656\" style=\"width: 10px;\" src=\"http:\/\/kommentatorenblog.de\/wp-content\/uploads\/2020\/09\/shure-55sh-ii-e1601485394796.jpg\" alt=\"\" srcset=\"https:\/\/kommentatorenblog.de\/wp-content\/uploads\/2020\/09\/shure-55sh-ii-e1601485394796.jpg 415w, https:\/\/kommentatorenblog.de\/wp-content\/uploads\/2020\/09\/shure-55sh-ii-e1601485394796-142x300.jpg 142w\" sizes=\"auto, (max-width: 10px) 100vw, 10px\" \/> Andreas Mann<\/p>\n\n\n\n<p>Moderation: Miriam Sinno<\/p>\n\n\n\n<p><strong><em>VfB L\u00fcbeck &#8211; 1. FC Saarbr\u00fccken (14.00 Uhr)<\/em><\/strong><\/p>\n\n\n\n<p><img loading=\"lazy\" decoding=\"async\" width=\"10\" height=\"21\" class=\"wp-image-3656\" style=\"width: 10px;\" src=\"http:\/\/kommentatorenblog.de\/wp-content\/uploads\/2020\/09\/shure-55sh-ii-e1601485394796.jpg\" alt=\"\" srcset=\"https:\/\/kommentatorenblog.de\/wp-content\/uploads\/2020\/09\/shure-55sh-ii-e1601485394796.jpg 415w, https:\/\/kommentatorenblog.de\/wp-content\/uploads\/2020\/09\/shure-55sh-ii-e1601485394796-142x300.jpg 142w\" sizes=\"auto, (max-width: 10px) 100vw, 10px\" \/> Edgar Mielke<\/p>\n\n\n\n<p>Moderation: Christina Rann<\/p>\n\n\n\n<p><strong><em>SV Waldhof Mannheim &#8211; SSV Jahn Regensburg (14.00 Uhr)<\/em><\/strong><\/p>\n\n\n\n<p><img loading=\"lazy\" decoding=\"async\" width=\"10\" height=\"21\" class=\"wp-image-3656\" style=\"width: 10px;\" src=\"http:\/\/kommentatorenblog.de\/wp-content\/uploads\/2020\/09\/shure-55sh-ii-e1601485394796.jpg\" alt=\"\" srcset=\"https:\/\/kommentatorenblog.de\/wp-content\/uploads\/2020\/09\/shure-55sh-ii-e1601485394796.jpg 415w, https:\/\/kommentatorenblog.de\/wp-content\/uploads\/2020\/09\/shure-55sh-ii-e1601485394796-142x300.jpg 142w\" sizes=\"auto, (max-width: 10px) 100vw, 10px\" \/> Mario Bast<\/p>\n\n\n\n<p>Moderation: Thomas Wagner<\/p>\n\n\n\n<p><span style=\"text-decoration: underline;\">ab 13.45 Uhr (Magenta Sport) bzw. ab 14.00 Uhr (MDR)<\/span><\/p>\n\n\n\n<p><strong><em><strong><em>Hallescher FC &#8211; SG Dynamo Dresden<\/em><\/strong> (14.00 Uhr)<\/em><\/strong><\/p>\n\n\n\n<p><img loading=\"lazy\" decoding=\"async\" width=\"10\" height=\"21\" class=\"wp-image-3656\" style=\"width: 10px;\" src=\"http:\/\/kommentatorenblog.de\/wp-content\/uploads\/2020\/09\/shure-55sh-ii-e1601485394796.jpg\" alt=\"\" srcset=\"https:\/\/kommentatorenblog.de\/wp-content\/uploads\/2020\/09\/shure-55sh-ii-e1601485394796.jpg 415w, https:\/\/kommentatorenblog.de\/wp-content\/uploads\/2020\/09\/shure-55sh-ii-e1601485394796-142x300.jpg 142w\" sizes=\"auto, (max-width: 10px) 100vw, 10px\" \/> Magenta Sport: Benni Zander<\/p>\n\n\n\n<p><img loading=\"lazy\" decoding=\"async\" width=\"10\" height=\"21\" class=\"wp-image-3656\" style=\"width: 10px;\" src=\"http:\/\/kommentatorenblog.de\/wp-content\/uploads\/2020\/09\/shure-55sh-ii-e1601485394796.jpg\" alt=\"\" srcset=\"https:\/\/kommentatorenblog.de\/wp-content\/uploads\/2020\/09\/shure-55sh-ii-e1601485394796.jpg 415w, https:\/\/kommentatorenblog.de\/wp-content\/uploads\/2020\/09\/shure-55sh-ii-e1601485394796-142x300.jpg 142w\" sizes=\"auto, (max-width: 10px) 100vw, 10px\" \/> MDR: Stephan Weidling, Experte: Lutz Lindemann<\/p>\n\n\n\n<p>Moderation (Magenta Sport): Stefanie Blochwitz<\/p>\n\n\n\n<p>Moderation (MDR): Ren\u00e9 Kindermann<\/p>\n\n\n\n<p><span style=\"text-decoration: underline;\">ab 13.45 Uhr (Magenta Sport) bzw. ab 14.00 Uhr (BR\/SWR)<\/span><\/p>\n\n\n\n<p><strong><em>TSV 1860 M\u00fcnchen &#8211; SSV Ulm 1846 (14.00 Uhr)<\/em><\/strong><\/p>\n\n\n\n<p><img loading=\"lazy\" decoding=\"async\" width=\"10\" height=\"21\" class=\"wp-image-3656\" style=\"width: 10px;\" src=\"http:\/\/kommentatorenblog.de\/wp-content\/uploads\/2020\/09\/shure-55sh-ii-e1601485394796.jpg\" alt=\"\" srcset=\"https:\/\/kommentatorenblog.de\/wp-content\/uploads\/2020\/09\/shure-55sh-ii-e1601485394796.jpg 415w, https:\/\/kommentatorenblog.de\/wp-content\/uploads\/2020\/09\/shure-55sh-ii-e1601485394796-142x300.jpg 142w\" sizes=\"auto, (max-width: 10px) 100vw, 10px\" \/> Magenta Sport: Martin Piller<\/p>\n\n\n\n<p><img loading=\"lazy\" decoding=\"async\" width=\"10\" height=\"21\" class=\"wp-image-3656\" style=\"width: 10px;\" src=\"http:\/\/kommentatorenblog.de\/wp-content\/uploads\/2020\/09\/shure-55sh-ii-e1601485394796.jpg\" alt=\"\" srcset=\"https:\/\/kommentatorenblog.de\/wp-content\/uploads\/2020\/09\/shure-55sh-ii-e1601485394796.jpg 415w, https:\/\/kommentatorenblog.de\/wp-content\/uploads\/2020\/09\/shure-55sh-ii-e1601485394796-142x300.jpg 142w\" sizes=\"auto, (max-width: 10px) 100vw, 10px\" \/> BR\/SWR: Florian Eckl<\/p>\n\n\n\n<p>Moderation (Magenta Sport): Tobi Wahnschaffe<\/p>\n\n\n\n<p>Moderation (BR\/SWR): Dominik Vischer<\/p>\n\n\n\n<p><span style=\"text-decoration: underline;\">ab 16.15 Uhr (Magenta Sport)<\/span><\/p>\n\n\n\n<p><strong><em>Rot-Weiss Essen &#8211; SpVgg Unterhaching (16.30 Uhr)<\/em><\/strong><\/p>\n\n\n\n<p><img loading=\"lazy\" decoding=\"async\" width=\"10\" height=\"21\" class=\"wp-image-3656\" style=\"width: 10px;\" src=\"http:\/\/kommentatorenblog.de\/wp-content\/uploads\/2020\/09\/shure-55sh-ii-e1601485394796.jpg\" alt=\"\" srcset=\"https:\/\/kommentatorenblog.de\/wp-content\/uploads\/2020\/09\/shure-55sh-ii-e1601485394796.jpg 415w, https:\/\/kommentatorenblog.de\/wp-content\/uploads\/2020\/09\/shure-55sh-ii-e1601485394796-142x300.jpg 142w\" sizes=\"auto, (max-width: 10px) 100vw, 10px\" \/> Philip Konrad<\/p>\n\n\n\n<p>Moderation: Kamila Benschop<\/p>\n\n\n\n<p><span style=\"text-decoration: underline;\">Sonntag, <span style=\"text-decoration: underline;\">03. M\u00e4rz 2024<\/span>, ab 13.15 Uhr (Magenta Sport)<\/span> <\/p>\n\n\n\n<p><strong><em>FC Ingolstadt 04 &#8211; FC Viktoria K\u00f6ln (13.30 Uhr)<\/em><\/strong><\/p>\n\n\n\n<p><img loading=\"lazy\" decoding=\"async\" width=\"10\" height=\"21\" class=\"wp-image-3656\" style=\"width: 10px;\" src=\"http:\/\/kommentatorenblog.de\/wp-content\/uploads\/2020\/09\/shure-55sh-ii-e1601485394796.jpg\" alt=\"\" srcset=\"https:\/\/kommentatorenblog.de\/wp-content\/uploads\/2020\/09\/shure-55sh-ii-e1601485394796.jpg 415w, https:\/\/kommentatorenblog.de\/wp-content\/uploads\/2020\/09\/shure-55sh-ii-e1601485394796-142x300.jpg 142w\" sizes=\"auto, (max-width: 10px) 100vw, 10px\" \/> Oskar Heirler<\/p>\n\n\n\n<p>Moderation: Simon K\u00f6pfer<\/p>\n\n\n\n<p><span style=\"text-decoration: underline;\">ab 16.15 Uhr (Magenta Sport)<\/span><\/p>\n\n\n\n<p><strong><em>DSC Arminia Bielefeld &#8211; SC Verl (16.30 Uhr)<\/em><\/strong><\/p>\n\n\n\n<p><img loading=\"lazy\" decoding=\"async\" width=\"10\" height=\"21\" class=\"wp-image-3656\" style=\"width: 10px;\" src=\"http:\/\/kommentatorenblog.de\/wp-content\/uploads\/2020\/09\/shure-55sh-ii-e1601485394796.jpg\" alt=\"\" srcset=\"https:\/\/kommentatorenblog.de\/wp-content\/uploads\/2020\/09\/shure-55sh-ii-e1601485394796.jpg 415w, https:\/\/kommentatorenblog.de\/wp-content\/uploads\/2020\/09\/shure-55sh-ii-e1601485394796-142x300.jpg 142w\" sizes=\"auto, (max-width: 10px) 100vw, 10px\" \/> Markus H\u00f6hner<\/p>\n\n\n\n<p>Moderation: Gari Paubandt<\/p>\n\n\n\n<p><span style=\"text-decoration: underline;\">ab 19.15 Uhr (Magenta Sport)<\/span><\/p>\n\n\n\n<p><strong><em>MSV Duisburg &#8211; Borussia Dortmund II (19.30 Uhr)<\/em><\/strong><\/p>\n\n\n\n<p><img loading=\"lazy\" decoding=\"async\" width=\"10\" height=\"21\" class=\"wp-image-3656\" style=\"width: 10px;\" src=\"http:\/\/kommentatorenblog.de\/wp-content\/uploads\/2020\/09\/shure-55sh-ii-e1601485394796.jpg\" alt=\"\" srcset=\"https:\/\/kommentatorenblog.de\/wp-content\/uploads\/2020\/09\/shure-55sh-ii-e1601485394796.jpg 415w, https:\/\/kommentatorenblog.de\/wp-content\/uploads\/2020\/09\/shure-55sh-ii-e1601485394796-142x300.jpg 142w\" sizes=\"auto, (max-width: 10px) 100vw, 10px\" \/> Mike M\u00fcnkel<\/p>\n\n\n\n<p>Moderation: Thomas Wagner<\/p>\n\n\n\n<hr class=\"wp-block-separator\"\/>\n\n\n\n<p><strong>Regionalliga Nordost, 24. Spieltag<\/strong><\/p>\n\n\n\n<p><span style=\"text-decoration: underline;\">Samstag, 02. M\u00e4rz 2024, ab 12.45 Uhr (OSTSPORT.TV)<\/span><\/p>\n\n\n\n<p><strong><em>SV Babelsberg 03 &#8211; BFC Dynamo (13.00 Uhr)<\/em><\/strong><\/p>\n\n\n\n<p><img loading=\"lazy\" decoding=\"async\" width=\"10\" height=\"21\" class=\"wp-image-3656\" style=\"width: 10px;\" src=\"http:\/\/kommentatorenblog.de\/wp-content\/uploads\/2020\/09\/shure-55sh-ii-e1601485394796.jpg\" alt=\"\" srcset=\"https:\/\/kommentatorenblog.de\/wp-content\/uploads\/2020\/09\/shure-55sh-ii-e1601485394796.jpg 415w, https:\/\/kommentatorenblog.de\/wp-content\/uploads\/2020\/09\/shure-55sh-ii-e1601485394796-142x300.jpg 142w\" sizes=\"auto, (max-width: 10px) 100vw, 10px\" \/> Heiko Mallwitz<\/p>\n\n\n\n<p>Moderation: Toni Mielke<\/p>\n\n\n\n<p><span style=\"text-decoration: underline;\">ab 16.00 Uhr (MDR)<\/span><\/p>\n\n\n\n<p><strong><em>1. FC Lokomotive Leipzig &#8211; Chemnitzer FC (16.00 Uhr)<\/em><\/strong><\/p>\n\n\n\n<p><img loading=\"lazy\" decoding=\"async\" width=\"10\" height=\"21\" class=\"wp-image-3656\" style=\"width: 10px;\" src=\"http:\/\/kommentatorenblog.de\/wp-content\/uploads\/2020\/09\/shure-55sh-ii-e1601485394796.jpg\" alt=\"\" srcset=\"https:\/\/kommentatorenblog.de\/wp-content\/uploads\/2020\/09\/shure-55sh-ii-e1601485394796.jpg 415w, https:\/\/kommentatorenblog.de\/wp-content\/uploads\/2020\/09\/shure-55sh-ii-e1601485394796-142x300.jpg 142w\" sizes=\"auto, (max-width: 10px) 100vw, 10px\" \/> Alexander K\u00fcpper, Experte: Benjamin Kirsten<\/p>\n\n\n\n<p>Moderation: Sabrina Bramowski<\/p>\n\n\n\n<p><span style=\"text-decoration: underline;\">Sonntag, 03. M\u00e4rz 2024, ab 13.00 Uhr (MDR-Livestream)<\/span><\/p>\n\n\n\n<p><strong><em>FSV Zwickau &#8211; FC Energie Cottbus (13.00 Uhr)<\/em><\/strong><\/p>\n\n\n\n<p><img loading=\"lazy\" decoding=\"async\" width=\"10\" height=\"21\" class=\"wp-image-3656\" style=\"width: 10px;\" src=\"http:\/\/kommentatorenblog.de\/wp-content\/uploads\/2020\/09\/shure-55sh-ii-e1601485394796.jpg\" alt=\"\" srcset=\"https:\/\/kommentatorenblog.de\/wp-content\/uploads\/2020\/09\/shure-55sh-ii-e1601485394796.jpg 415w, https:\/\/kommentatorenblog.de\/wp-content\/uploads\/2020\/09\/shure-55sh-ii-e1601485394796-142x300.jpg 142w\" sizes=\"auto, (max-width: 10px) 100vw, 10px\" \/> Eik Galley<\/p>\n\n\n\n<p><span style=\"text-decoration: underline;\">ab 13.15 Uhr (TA\/OTZ\/TLZ)<\/span><\/p>\n\n\n\n<p><strong><em>ZFC Meuselwitz &#8211; FC Rot-Wei\u00df Erfurt (13.30 Uhr)<\/em><\/strong><\/p>\n\n\n\n<p><img loading=\"lazy\" decoding=\"async\" width=\"10\" height=\"21\" class=\"wp-image-3656\" style=\"width: 10px;\" src=\"http:\/\/kommentatorenblog.de\/wp-content\/uploads\/2020\/09\/shure-55sh-ii-e1601485394796.jpg\" alt=\"\" srcset=\"https:\/\/kommentatorenblog.de\/wp-content\/uploads\/2020\/09\/shure-55sh-ii-e1601485394796.jpg 415w, https:\/\/kommentatorenblog.de\/wp-content\/uploads\/2020\/09\/shure-55sh-ii-e1601485394796-142x300.jpg 142w\" sizes=\"auto, (max-width: 10px) 100vw, 10px\" \/> Heiko Mallwitz<\/p>\n\n\n\n<hr class=\"wp-block-separator\"\/>\n\n\n\n<p><strong>Regionalliga West, 24. Spieltag<\/strong><\/p>\n\n\n\n<p><span style=\"text-decoration: underline;\">Samstag, 02. M\u00e4rz 2024, ab 13.30 Uhr (Sporttotal\/Magenta Sport)<\/span><\/p>\n\n\n\n<p><strong><em>SV R\u00f6dinghausen &#8211; TSV Alemannia Aachen (14.00 Uhr)<\/em><\/strong><\/p>\n\n\n\n<p><img loading=\"lazy\" decoding=\"async\" width=\"10\" height=\"21\" class=\"wp-image-3656\" style=\"width: 10px;\" src=\"http:\/\/kommentatorenblog.de\/wp-content\/uploads\/2020\/09\/shure-55sh-ii-e1601485394796.jpg\" alt=\"\" srcset=\"https:\/\/kommentatorenblog.de\/wp-content\/uploads\/2020\/09\/shure-55sh-ii-e1601485394796.jpg 415w, https:\/\/kommentatorenblog.de\/wp-content\/uploads\/2020\/09\/shure-55sh-ii-e1601485394796-142x300.jpg 142w\" sizes=\"auto, (max-width: 10px) 100vw, 10px\" \/> Julian-Luca Sch\u00e4fer<\/p>\n\n\n\n<p>Moderation: Lisa Tellers, Experte: Bj\u00f6rn Mehnert<\/p>\n\n\n\n<p><span style=\"text-decoration: underline;\">ab 13.50 Uhr (Sporttotal)<\/span><\/p>\n\n\n\n<p><strong><em>Fortuna D\u00fcsseldorf II &#8211; FC G\u00fctersloh (14.00 Uhr)<\/em><\/strong><\/p>\n\n\n\n<p><img loading=\"lazy\" decoding=\"async\" width=\"10\" height=\"21\" class=\"wp-image-3656\" style=\"width: 10px;\" src=\"http:\/\/kommentatorenblog.de\/wp-content\/uploads\/2020\/09\/shure-55sh-ii-e1601485394796.jpg\" alt=\"\" srcset=\"https:\/\/kommentatorenblog.de\/wp-content\/uploads\/2020\/09\/shure-55sh-ii-e1601485394796.jpg 415w, https:\/\/kommentatorenblog.de\/wp-content\/uploads\/2020\/09\/shure-55sh-ii-e1601485394796-142x300.jpg 142w\" sizes=\"auto, (max-width: 10px) 100vw, 10px\" \/> Clemens Mauksch<\/p>\n\n\n\n<p><strong><em>1. FC Bocholt &#8211; SSVg Velbert (14.00 Uhr)<\/em><\/strong><\/p>\n\n\n\n<p><img loading=\"lazy\" decoding=\"async\" width=\"10\" height=\"21\" class=\"wp-image-3656\" style=\"width: 10px;\" src=\"http:\/\/kommentatorenblog.de\/wp-content\/uploads\/2020\/09\/shure-55sh-ii-e1601485394796.jpg\" alt=\"\" srcset=\"https:\/\/kommentatorenblog.de\/wp-content\/uploads\/2020\/09\/shure-55sh-ii-e1601485394796.jpg 415w, https:\/\/kommentatorenblog.de\/wp-content\/uploads\/2020\/09\/shure-55sh-ii-e1601485394796-142x300.jpg 142w\" sizes=\"auto, (max-width: 10px) 100vw, 10px\" \/> Kai Esser<\/p>\n\n\n\n<p><strong><em>Borussia M\u00f6nchengladbach II &#8211; FC Wegberg-Beeck (14.00 Uhr)<\/em><\/strong><\/p>\n\n\n\n<p><img loading=\"lazy\" decoding=\"async\" width=\"10\" height=\"21\" class=\"wp-image-3656\" style=\"width: 10px;\" src=\"http:\/\/kommentatorenblog.de\/wp-content\/uploads\/2020\/09\/shure-55sh-ii-e1601485394796.jpg\" alt=\"\" srcset=\"https:\/\/kommentatorenblog.de\/wp-content\/uploads\/2020\/09\/shure-55sh-ii-e1601485394796.jpg 415w, https:\/\/kommentatorenblog.de\/wp-content\/uploads\/2020\/09\/shure-55sh-ii-e1601485394796-142x300.jpg 142w\" sizes=\"auto, (max-width: 10px) 100vw, 10px\" \/> Nico Weber<\/p>\n\n\n\n<p><strong><em>Rot Weiss Ahlen &#8211; SV Lippstadt 08 (14.00 Uhr)<\/em><\/strong><\/p>\n\n\n\n<p><img loading=\"lazy\" decoding=\"async\" width=\"10\" height=\"21\" class=\"wp-image-3656\" style=\"width: 10px;\" src=\"http:\/\/kommentatorenblog.de\/wp-content\/uploads\/2020\/09\/shure-55sh-ii-e1601485394796.jpg\" alt=\"\" srcset=\"https:\/\/kommentatorenblog.de\/wp-content\/uploads\/2020\/09\/shure-55sh-ii-e1601485394796.jpg 415w, https:\/\/kommentatorenblog.de\/wp-content\/uploads\/2020\/09\/shure-55sh-ii-e1601485394796-142x300.jpg 142w\" sizes=\"auto, (max-width: 10px) 100vw, 10px\" \/> Julian Harings<\/p>\n\n\n\n<p><strong><em>1. FC D\u00fcren &#8211; SC Wiedenbr\u00fcck (14.00 Uhr)<\/em><\/strong><\/p>\n\n\n\n<p><img loading=\"lazy\" decoding=\"async\" width=\"10\" height=\"21\" class=\"wp-image-3656\" style=\"width: 10px;\" src=\"http:\/\/kommentatorenblog.de\/wp-content\/uploads\/2020\/09\/shure-55sh-ii-e1601485394796.jpg\" alt=\"\" srcset=\"https:\/\/kommentatorenblog.de\/wp-content\/uploads\/2020\/09\/shure-55sh-ii-e1601485394796.jpg 415w, https:\/\/kommentatorenblog.de\/wp-content\/uploads\/2020\/09\/shure-55sh-ii-e1601485394796-142x300.jpg 142w\" sizes=\"auto, (max-width: 10px) 100vw, 10px\" \/> Arne Albrecht<\/p>\n\n\n\n<p><strong><em>SC Fortuna K\u00f6ln &#8211; SC Rot-Wei\u00df Oberhausen (14.00 Uhr)<\/em><\/strong><\/p>\n\n\n\n<p><img loading=\"lazy\" decoding=\"async\" width=\"10\" height=\"21\" class=\"wp-image-3656\" style=\"width: 10px;\" src=\"http:\/\/kommentatorenblog.de\/wp-content\/uploads\/2020\/09\/shure-55sh-ii-e1601485394796.jpg\" alt=\"\" srcset=\"https:\/\/kommentatorenblog.de\/wp-content\/uploads\/2020\/09\/shure-55sh-ii-e1601485394796.jpg 415w, https:\/\/kommentatorenblog.de\/wp-content\/uploads\/2020\/09\/shure-55sh-ii-e1601485394796-142x300.jpg 142w\" sizes=\"auto, (max-width: 10px) 100vw, 10px\" \/> Hendrik Scheler<\/p>\n\n\n\n<p><span style=\"text-decoration: underline;\">Sonntag, 03. M\u00e4rz 2024, ab 13.50 Uhr (Sporttotal<\/span>)<\/p>\n\n\n\n<p><strong><em>Wuppertaler SV &#8211; SC Paderborn 07 II (14.00 Uhr)<\/em><\/strong><\/p>\n\n\n\n<p><img loading=\"lazy\" decoding=\"async\" width=\"10\" height=\"21\" class=\"wp-image-3656\" style=\"width: 10px;\" src=\"http:\/\/kommentatorenblog.de\/wp-content\/uploads\/2020\/09\/shure-55sh-ii-e1601485394796.jpg\" alt=\"\" srcset=\"https:\/\/kommentatorenblog.de\/wp-content\/uploads\/2020\/09\/shure-55sh-ii-e1601485394796.jpg 415w, https:\/\/kommentatorenblog.de\/wp-content\/uploads\/2020\/09\/shure-55sh-ii-e1601485394796-142x300.jpg 142w\" sizes=\"auto, (max-width: 10px) 100vw, 10px\" \/> Jan-Phillip Molitor<\/p>\n\n\n\n<p><strong><em>FC Schalke 04 II &#8211; 1. FC K\u00f6ln II (14.00 Uhr)<\/em><\/strong><\/p>\n\n\n\n<p><img loading=\"lazy\" decoding=\"async\" width=\"10\" height=\"21\" class=\"wp-image-3656\" style=\"width: 10px;\" src=\"http:\/\/kommentatorenblog.de\/wp-content\/uploads\/2020\/09\/shure-55sh-ii-e1601485394796.jpg\" alt=\"\" srcset=\"https:\/\/kommentatorenblog.de\/wp-content\/uploads\/2020\/09\/shure-55sh-ii-e1601485394796.jpg 415w, https:\/\/kommentatorenblog.de\/wp-content\/uploads\/2020\/09\/shure-55sh-ii-e1601485394796-142x300.jpg 142w\" sizes=\"auto, (max-width: 10px) 100vw, 10px\" \/> Maurice Schneider<\/p>\n\n\n\n<hr class=\"wp-block-separator\"\/>\n\n\n\n<p><strong>Premier League, 27. Spieltag<\/strong><\/p>\n\n\n\n<p><span style=\"text-decoration: underline;\">Samstag, 02. M\u00e4rz 2024, <span style=\"text-decoration: underline;\">ab 15.50 Uhr (Sky)<\/span><\/span><\/p>\n\n\n\n<p><strong><em>Tottenham Hotspur &#8211; Crystal Palace (16.00 Uhr)<\/em><\/strong><\/p>\n\n\n\n<p><img loading=\"lazy\" decoding=\"async\" width=\"10\" height=\"21\" class=\"wp-image-3656\" style=\"width: 10px;\" src=\"http:\/\/kommentatorenblog.de\/wp-content\/uploads\/2020\/09\/shure-55sh-ii-e1601485394796.jpg\" alt=\"\" srcset=\"https:\/\/kommentatorenblog.de\/wp-content\/uploads\/2020\/09\/shure-55sh-ii-e1601485394796.jpg 415w, https:\/\/kommentatorenblog.de\/wp-content\/uploads\/2020\/09\/shure-55sh-ii-e1601485394796-142x300.jpg 142w\" sizes=\"auto, (max-width: 10px) 100vw, 10px\" \/> Sven Schr\u00f6ter<\/p>\n\n\n\n<p><strong><em>Nottingham Forest &#8211; FC Liverpool (16.00 Uhr)<\/em><\/strong><\/p>\n\n\n\n<p><img loading=\"lazy\" decoding=\"async\" width=\"10\" height=\"21\" class=\"wp-image-3656\" style=\"width: 10px;\" src=\"http:\/\/kommentatorenblog.de\/wp-content\/uploads\/2020\/09\/shure-55sh-ii-e1601485394796.jpg\" alt=\"\" srcset=\"https:\/\/kommentatorenblog.de\/wp-content\/uploads\/2020\/09\/shure-55sh-ii-e1601485394796.jpg 415w, https:\/\/kommentatorenblog.de\/wp-content\/uploads\/2020\/09\/shure-55sh-ii-e1601485394796-142x300.jpg 142w\" sizes=\"auto, (max-width: 10px) 100vw, 10px\" \/> Joachim Hebel<\/p>\n\n\n\n<p><strong><em>FC Brentford &#8211; FC Chelsea (16.00 Uhr)<\/em><\/strong><\/p>\n\n\n\n<p><img loading=\"lazy\" decoding=\"async\" width=\"10\" height=\"21\" class=\"wp-image-3656\" style=\"width: 10px;\" src=\"http:\/\/kommentatorenblog.de\/wp-content\/uploads\/2020\/09\/shure-55sh-ii-e1601485394796.jpg\" alt=\"\" srcset=\"https:\/\/kommentatorenblog.de\/wp-content\/uploads\/2020\/09\/shure-55sh-ii-e1601485394796.jpg 415w, https:\/\/kommentatorenblog.de\/wp-content\/uploads\/2020\/09\/shure-55sh-ii-e1601485394796-142x300.jpg 142w\" sizes=\"auto, (max-width: 10px) 100vw, 10px\" \/> Florian Malburg<\/p>\n\n\n\n<p><strong><em>Newcastle United &#8211; Wolverhampton Wanderers (16.00 Uhr)<\/em><\/strong>*<\/p>\n\n\n\n<p><img loading=\"lazy\" decoding=\"async\" width=\"10\" height=\"21\" class=\"wp-image-3656\" style=\"width: 10px;\" src=\"http:\/\/kommentatorenblog.de\/wp-content\/uploads\/2020\/09\/shure-55sh-ii-e1601485394796.jpg\" alt=\"\" srcset=\"https:\/\/kommentatorenblog.de\/wp-content\/uploads\/2020\/09\/shure-55sh-ii-e1601485394796.jpg 415w, https:\/\/kommentatorenblog.de\/wp-content\/uploads\/2020\/09\/shure-55sh-ii-e1601485394796-142x300.jpg 142w\" sizes=\"auto, (max-width: 10px) 100vw, 10px\" \/> Markus Gaupp<\/p>\n\n\n\n<p><strong><em>FC Everton &#8211; West Ham United (16.00 Uhr)<\/em><\/strong>*<\/p>\n\n\n\n<p><img loading=\"lazy\" decoding=\"async\" width=\"10\" height=\"21\" class=\"wp-image-3656\" style=\"width: 10px;\" src=\"http:\/\/kommentatorenblog.de\/wp-content\/uploads\/2020\/09\/shure-55sh-ii-e1601485394796.jpg\" alt=\"\" srcset=\"https:\/\/kommentatorenblog.de\/wp-content\/uploads\/2020\/09\/shure-55sh-ii-e1601485394796.jpg 415w, https:\/\/kommentatorenblog.de\/wp-content\/uploads\/2020\/09\/shure-55sh-ii-e1601485394796-142x300.jpg 142w\" sizes=\"auto, (max-width: 10px) 100vw, 10px\" \/> Timo Sch\u00e4fers<\/p>\n\n\n\n<p><strong><em>FC Fulham &#8211; Brighton &amp; Hove Albion (16.00 Uhr)<\/em><\/strong>*<\/p>\n\n\n\n<p><img loading=\"lazy\" decoding=\"async\" width=\"10\" height=\"21\" class=\"wp-image-3656\" style=\"width: 10px;\" src=\"http:\/\/kommentatorenblog.de\/wp-content\/uploads\/2020\/09\/shure-55sh-ii-e1601485394796.jpg\" alt=\"\" srcset=\"https:\/\/kommentatorenblog.de\/wp-content\/uploads\/2020\/09\/shure-55sh-ii-e1601485394796.jpg 415w, https:\/\/kommentatorenblog.de\/wp-content\/uploads\/2020\/09\/shure-55sh-ii-e1601485394796-142x300.jpg 142w\" sizes=\"auto, (max-width: 10px) 100vw, 10px\" \/> Timo Schmidtchen<\/p>\n\n\n\n<p><span style=\"text-decoration: underline;\">ab 18.20 Uhr (Sky)<\/span><\/p>\n\n\n\n<p><strong><em>Luton Town &#8211; Aston Villa (18.30 Uhr)<\/em><\/strong><\/p>\n\n\n\n<p><img loading=\"lazy\" decoding=\"async\" width=\"10\" height=\"21\" class=\"wp-image-3656\" style=\"width: 10px;\" src=\"http:\/\/kommentatorenblog.de\/wp-content\/uploads\/2020\/09\/shure-55sh-ii-e1601485394796.jpg\" alt=\"\" srcset=\"https:\/\/kommentatorenblog.de\/wp-content\/uploads\/2020\/09\/shure-55sh-ii-e1601485394796.jpg 415w, https:\/\/kommentatorenblog.de\/wp-content\/uploads\/2020\/09\/shure-55sh-ii-e1601485394796-142x300.jpg 142w\" sizes=\"auto, (max-width: 10px) 100vw, 10px\" \/> Uli Hebel<\/p>\n\n\n\n<p><span style=\"text-decoration: underline;\">Sonntag, 03. M\u00e4rz 2024, ab 13.50 Uhr (Sky)<\/span><\/p>\n\n\n\n<p><strong style=\"font-style: italic;\">FC Burnley &#8211; AFC Bournemouth<\/strong> <em><strong>(14.00 Uhr)<\/strong><\/em><\/p>\n\n\n\n<p><img loading=\"lazy\" decoding=\"async\" width=\"10\" height=\"21\" class=\"wp-image-3656\" style=\"width: 10px;\" src=\"http:\/\/kommentatorenblog.de\/wp-content\/uploads\/2020\/09\/shure-55sh-ii-e1601485394796.jpg\" alt=\"\" srcset=\"https:\/\/kommentatorenblog.de\/wp-content\/uploads\/2020\/09\/shure-55sh-ii-e1601485394796.jpg 415w, https:\/\/kommentatorenblog.de\/wp-content\/uploads\/2020\/09\/shure-55sh-ii-e1601485394796-142x300.jpg 142w\" sizes=\"auto, (max-width: 10px) 100vw, 10px\" \/> Sven Schr\u00f6ter<\/p>\n\n\n\n<p><span style=\"text-decoration: underline;\">ab 16.00 Uhr (Sky)<\/span><\/p>\n\n\n\n<p><strong><em>Manchester City &#8211; Manchester United (16.30 Uhr)<\/em><\/strong><\/p>\n\n\n\n<p><img loading=\"lazy\" decoding=\"async\" width=\"10\" height=\"21\" class=\"wp-image-3656\" style=\"width: 10px;\" src=\"http:\/\/kommentatorenblog.de\/wp-content\/uploads\/2020\/09\/shure-55sh-ii-e1601485394796.jpg\" alt=\"\" srcset=\"https:\/\/kommentatorenblog.de\/wp-content\/uploads\/2020\/09\/shure-55sh-ii-e1601485394796.jpg 415w, https:\/\/kommentatorenblog.de\/wp-content\/uploads\/2020\/09\/shure-55sh-ii-e1601485394796-142x300.jpg 142w\" sizes=\"auto, (max-width: 10px) 100vw, 10px\" \/> Florian Schmidt-Sommerfeld, Experte: Mladen Petric<\/p>\n\n\n\n<p>Field-Reporter: Raphael Honigstein<\/p>\n\n\n\n<p><span style=\"text-decoration: underline;\">Montag, 04. M\u00e4rz 2024, ab 20.50 Uhr (Sky\/RTL+)<\/span><\/p>\n\n\n\n<p><strong><em>Sheffield United &#8211; FC Arsenal (21.00 Uhr)<\/em><\/strong><\/p>\n\n\n\n<p><img loading=\"lazy\" decoding=\"async\" width=\"10\" height=\"21\" class=\"wp-image-3656\" style=\"width: 10px;\" src=\"http:\/\/kommentatorenblog.de\/wp-content\/uploads\/2020\/09\/shure-55sh-ii-e1601485394796.jpg\" alt=\"\" srcset=\"https:\/\/kommentatorenblog.de\/wp-content\/uploads\/2020\/09\/shure-55sh-ii-e1601485394796.jpg 415w, https:\/\/kommentatorenblog.de\/wp-content\/uploads\/2020\/09\/shure-55sh-ii-e1601485394796-142x300.jpg 142w\" sizes=\"auto, (max-width: 10px) 100vw, 10px\" \/> Toni Tomic<\/p>\n\n\n\n<p>*live nur bei sport.sky.de (nicht WOW), sonst sp\u00e4ter relive<\/p>\n\n\n\n<hr class=\"wp-block-separator\"\/>\n\n\n\n<p><strong>FA Women&#8217;s Super League, 15. Spieltag (Sky)<\/strong><\/p>\n\n\n\n<p><span style=\"text-decoration: underline;\">Sonntag, 03. M\u00e4rz 2024, ab 13.15 Uhr<\/span><\/p>\n\n\n\n<p><strong><em>FC Arsenal &#8211; Tottenham Hotspur (13.30 Uhr)<\/em><\/strong><\/p>\n\n\n\n<p><img loading=\"lazy\" decoding=\"async\" width=\"10\" height=\"21\" class=\"wp-image-3656\" style=\"width: 10px;\" src=\"http:\/\/kommentatorenblog.de\/wp-content\/uploads\/2020\/09\/shure-55sh-ii-e1601485394796.jpg\" alt=\"\" srcset=\"https:\/\/kommentatorenblog.de\/wp-content\/uploads\/2020\/09\/shure-55sh-ii-e1601485394796.jpg 415w, https:\/\/kommentatorenblog.de\/wp-content\/uploads\/2020\/09\/shure-55sh-ii-e1601485394796-142x300.jpg 142w\" sizes=\"auto, (max-width: 10px) 100vw, 10px\" \/> Florian Malburg, Expertin: Turid Knaak<\/p>\n\n\n\n<hr class=\"wp-block-separator\"\/>\n\n\n\n<p><strong>La Liga, 27. Spieltag (DAZN)<\/strong><\/p>\n\n\n\n<p><span style=\"text-decoration: underline;\"><span style=\"text-decoration: underline;\">Samstag, 02. M\u00e4rz 2024<\/span><\/span><\/p>\n\n\n\n<p><strong><em>FC Sevilla &#8211; Real Sociedad (14.00 Uhr)<\/em><\/strong><\/p>\n\n\n\n<p><img loading=\"lazy\" decoding=\"async\" width=\"10\" height=\"21\" class=\"wp-image-3656\" style=\"width: 10px;\" src=\"http:\/\/kommentatorenblog.de\/wp-content\/uploads\/2020\/09\/shure-55sh-ii-e1601485394796.jpg\" alt=\"\" srcset=\"https:\/\/kommentatorenblog.de\/wp-content\/uploads\/2020\/09\/shure-55sh-ii-e1601485394796.jpg 415w, https:\/\/kommentatorenblog.de\/wp-content\/uploads\/2020\/09\/shure-55sh-ii-e1601485394796-142x300.jpg 142w\" sizes=\"auto, (max-width: 10px) 100vw, 10px\" \/> Uwe Morawe<\/p>\n\n\n\n<p><b style=\"font-style: italic;\">FC Valencia &#8211; Real Madrid (21.00 Uhr)<\/b><\/p>\n\n\n\n<p><img loading=\"lazy\" decoding=\"async\" width=\"10\" height=\"21\" class=\"wp-image-3656\" style=\"width: 10px;\" src=\"http:\/\/kommentatorenblog.de\/wp-content\/uploads\/2020\/09\/shure-55sh-ii-e1601485394796.jpg\" alt=\"\" srcset=\"https:\/\/kommentatorenblog.de\/wp-content\/uploads\/2020\/09\/shure-55sh-ii-e1601485394796.jpg 415w, https:\/\/kommentatorenblog.de\/wp-content\/uploads\/2020\/09\/shure-55sh-ii-e1601485394796-142x300.jpg 142w\" sizes=\"auto, (max-width: 10px) 100vw, 10px\" \/> Flo Hauser<\/p>\n\n\n\n<p><span style=\"text-decoration: underline;\">Sonntag, 03. M\u00e4rz 2024<\/span><\/p>\n\n\n\n<p><strong><em>Atletico Madrid &#8211; Real Betis Sevilla (16.15 Uhr)<\/em><\/strong><\/p>\n\n\n\n<p><img loading=\"lazy\" decoding=\"async\" width=\"10\" height=\"21\" class=\"wp-image-3656\" style=\"width: 10px;\" src=\"http:\/\/kommentatorenblog.de\/wp-content\/uploads\/2020\/09\/shure-55sh-ii-e1601485394796.jpg\" alt=\"\" srcset=\"https:\/\/kommentatorenblog.de\/wp-content\/uploads\/2020\/09\/shure-55sh-ii-e1601485394796.jpg 415w, https:\/\/kommentatorenblog.de\/wp-content\/uploads\/2020\/09\/shure-55sh-ii-e1601485394796-142x300.jpg 142w\" sizes=\"auto, (max-width: 10px) 100vw, 10px\" \/> Marcel Seufert<\/p>\n\n\n\n<p><strong><em>RCD Mallorca &#8211; FC Girona (18.30 Uhr)<\/em><\/strong><\/p>\n\n\n\n<p><img loading=\"lazy\" decoding=\"async\" width=\"10\" height=\"21\" class=\"wp-image-3656\" style=\"width: 10px;\" src=\"http:\/\/kommentatorenblog.de\/wp-content\/uploads\/2020\/09\/shure-55sh-ii-e1601485394796.jpg\" alt=\"\" srcset=\"https:\/\/kommentatorenblog.de\/wp-content\/uploads\/2020\/09\/shure-55sh-ii-e1601485394796.jpg 415w, https:\/\/kommentatorenblog.de\/wp-content\/uploads\/2020\/09\/shure-55sh-ii-e1601485394796-142x300.jpg 142w\" sizes=\"auto, (max-width: 10px) 100vw, 10px\" \/> Tobi Fischbeck<\/p>\n\n\n\n<p><strong><em>Athletic Bilbao &#8211; FC Barcelona (21.00 Uhr)<\/em><\/strong><\/p>\n\n\n\n<p><img loading=\"lazy\" decoding=\"async\" width=\"10\" height=\"21\" class=\"wp-image-3656\" style=\"width: 10px;\" src=\"http:\/\/kommentatorenblog.de\/wp-content\/uploads\/2020\/09\/shure-55sh-ii-e1601485394796.jpg\" alt=\"\" srcset=\"https:\/\/kommentatorenblog.de\/wp-content\/uploads\/2020\/09\/shure-55sh-ii-e1601485394796.jpg 415w, https:\/\/kommentatorenblog.de\/wp-content\/uploads\/2020\/09\/shure-55sh-ii-e1601485394796-142x300.jpg 142w\" sizes=\"auto, (max-width: 10px) 100vw, 10px\" \/> Jan Platte, Experte: Sebastian Knei\u00dfl<\/p>\n\n\n\n<hr class=\"wp-block-separator is-style-default\"\/>\n\n\n\n<p><strong>Serie A, 27. Spieltag (DAZN)<\/strong><\/p>\n\n\n\n<p><span style=\"text-decoration: underline;\">Freitag, 01. M\u00e4rz 2024<\/span><\/p>\n\n\n\n<p><strong><em>Lazio Rom &#8211; AC Mailand (20.45 Uhr)<\/em><\/strong><\/p>\n\n\n\n<p><img loading=\"lazy\" decoding=\"async\" width=\"10\" height=\"21\" class=\"wp-image-3656\" style=\"width: 10px;\" src=\"http:\/\/kommentatorenblog.de\/wp-content\/uploads\/2020\/09\/shure-55sh-ii-e1601485394796.jpg\" alt=\"\" srcset=\"https:\/\/kommentatorenblog.de\/wp-content\/uploads\/2020\/09\/shure-55sh-ii-e1601485394796.jpg 415w, https:\/\/kommentatorenblog.de\/wp-content\/uploads\/2020\/09\/shure-55sh-ii-e1601485394796-142x300.jpg 142w\" sizes=\"auto, (max-width: 10px) 100vw, 10px\" \/> Nico Seepe, Experte: Michi Hofmann<\/p>\n\n\n\n<p><span style=\"text-decoration: underline;\">Samstag, 02. M\u00e4rz 2024<\/span><\/p>\n\n\n\n<p><strong><em>AC Monza &#8211; AS Rom (18.00 Uhr)<\/em><\/strong><\/p>\n\n\n\n<p><img loading=\"lazy\" decoding=\"async\" width=\"10\" height=\"21\" class=\"wp-image-3656\" style=\"width: 10px;\" src=\"http:\/\/kommentatorenblog.de\/wp-content\/uploads\/2020\/09\/shure-55sh-ii-e1601485394796.jpg\" alt=\"\" srcset=\"https:\/\/kommentatorenblog.de\/wp-content\/uploads\/2020\/09\/shure-55sh-ii-e1601485394796.jpg 415w, https:\/\/kommentatorenblog.de\/wp-content\/uploads\/2020\/09\/shure-55sh-ii-e1601485394796-142x300.jpg 142w\" sizes=\"auto, (max-width: 10px) 100vw, 10px\" \/> Oliver Fa\u00dfnacht<\/p>\n\n\n\n<p><span style=\"text-decoration: underline;\">Sonntag, 03. M\u00e4rz 2024<\/span><\/p>\n\n\n\n<p><strong><em>Atalanta Bergamo &#8211; FC Bologna (18.00 Uhr)<\/em><\/strong><\/p>\n\n\n\n<p><img loading=\"lazy\" decoding=\"async\" width=\"10\" height=\"21\" class=\"wp-image-3656\" style=\"width: 10px;\" src=\"http:\/\/kommentatorenblog.de\/wp-content\/uploads\/2020\/09\/shure-55sh-ii-e1601485394796.jpg\" alt=\"\" srcset=\"https:\/\/kommentatorenblog.de\/wp-content\/uploads\/2020\/09\/shure-55sh-ii-e1601485394796.jpg 415w, https:\/\/kommentatorenblog.de\/wp-content\/uploads\/2020\/09\/shure-55sh-ii-e1601485394796-142x300.jpg 142w\" sizes=\"auto, (max-width: 10px) 100vw, 10px\" \/> Chris Putz<\/p>\n\n\n\n<p><strong><em>SSC Neapel &#8211; Juventus Turin (20.45 Uhr)<\/em><\/strong><\/p>\n\n\n\n<p><img loading=\"lazy\" decoding=\"async\" width=\"10\" height=\"21\" class=\"wp-image-3656\" style=\"width: 10px;\" src=\"http:\/\/kommentatorenblog.de\/wp-content\/uploads\/2020\/09\/shure-55sh-ii-e1601485394796.jpg\" alt=\"\" srcset=\"https:\/\/kommentatorenblog.de\/wp-content\/uploads\/2020\/09\/shure-55sh-ii-e1601485394796.jpg 415w, https:\/\/kommentatorenblog.de\/wp-content\/uploads\/2020\/09\/shure-55sh-ii-e1601485394796-142x300.jpg 142w\" sizes=\"auto, (max-width: 10px) 100vw, 10px\" \/> Carsten Fu\u00df, Experte: Christian Bernhard<\/p>\n\n\n\n<p><span style=\"text-decoration: underline;\">Montag, 26. Februar 2024<\/span><\/p>\n\n\n\n<p><strong><em>Inter Mailand &#8211; CFC Genua (20.45 Uhr)<\/em><\/strong><\/p>\n\n\n\n<p><img loading=\"lazy\" decoding=\"async\" width=\"10\" height=\"21\" class=\"wp-image-3656\" style=\"width: 10px;\" src=\"http:\/\/kommentatorenblog.de\/wp-content\/uploads\/2020\/09\/shure-55sh-ii-e1601485394796.jpg\" alt=\"\" srcset=\"https:\/\/kommentatorenblog.de\/wp-content\/uploads\/2020\/09\/shure-55sh-ii-e1601485394796.jpg 415w, https:\/\/kommentatorenblog.de\/wp-content\/uploads\/2020\/09\/shure-55sh-ii-e1601485394796-142x300.jpg 142w\" sizes=\"auto, (max-width: 10px) 100vw, 10px\" \/> Christoph Stadtler<\/p>\n\n\n\n<hr class=\"wp-block-separator is-style-default\"\/>\n\n\n\n<p><strong>Ligue 1, 24. Spieltag (DAZN)<\/strong><\/p>\n\n\n\n<p><span style=\"text-decoration: underline;\"><span style=\"text-decoration: underline;\">Freitag, 01. M\u00e4rz 2024<\/span><\/span><\/p>\n\n\n\n<p><strong style=\"font-style: italic;\">AS Monaco &#8211; Paris Saint-Germain<\/strong><em><strong> (21.00 Uhr)<\/strong><\/em><\/p>\n\n\n\n<p><img loading=\"lazy\" decoding=\"async\" width=\"10\" height=\"21\" class=\"wp-image-3656\" style=\"width: 10px;\" src=\"http:\/\/kommentatorenblog.de\/wp-content\/uploads\/2020\/09\/shure-55sh-ii-e1601485394796.jpg\" alt=\"\" srcset=\"https:\/\/kommentatorenblog.de\/wp-content\/uploads\/2020\/09\/shure-55sh-ii-e1601485394796.jpg 415w, https:\/\/kommentatorenblog.de\/wp-content\/uploads\/2020\/09\/shure-55sh-ii-e1601485394796-142x300.jpg 142w\" sizes=\"auto, (max-width: 10px) 100vw, 10px\" \/> Stefan Galler, Experte: Max Nicu<\/p>\n\n\n\n<p><span style=\"text-decoration: underline;\">Sonntag, 03. M\u00e4rz 2024<\/span><\/p>\n\n\n\n<p><strong><em>Olympique Lyon &#8211; RC Lens (20.45 Uhr)<\/em><\/strong><\/p>\n\n\n\n<p><img loading=\"lazy\" decoding=\"async\" width=\"10\" height=\"21\" class=\"wp-image-3656\" style=\"width: 10px;\" src=\"http:\/\/kommentatorenblog.de\/wp-content\/uploads\/2020\/09\/shure-55sh-ii-e1601485394796.jpg\" alt=\"\" srcset=\"https:\/\/kommentatorenblog.de\/wp-content\/uploads\/2020\/09\/shure-55sh-ii-e1601485394796.jpg 415w, https:\/\/kommentatorenblog.de\/wp-content\/uploads\/2020\/09\/shure-55sh-ii-e1601485394796-142x300.jpg 142w\" sizes=\"auto, (max-width: 10px) 100vw, 10px\" \/> Guido H\u00fcsgen<\/p>\n\n\n\n<hr class=\"wp-block-separator\"\/>\n\n\n\n<p><strong>EFL Championship, 35. Spieltag (Sportdigital Fu\u00dfball)<\/strong><\/p>\n\n\n\n<p><span style=\"text-decoration: underline;\">Freitag, 01. M\u00e4rz 2024<\/span><\/p>\n\n\n\n<p><strong style=\"font-style: italic;\">West Bromwich Albion &#8211; Coventry City (21.00 Uhr)<\/strong><\/p>\n\n\n\n<p><img loading=\"lazy\" decoding=\"async\" width=\"10\" height=\"21\" class=\"wp-image-3656\" style=\"width: 10px;\" src=\"http:\/\/kommentatorenblog.de\/wp-content\/uploads\/2020\/09\/shure-55sh-ii-e1601485394796.jpg\" alt=\"\" srcset=\"https:\/\/kommentatorenblog.de\/wp-content\/uploads\/2020\/09\/shure-55sh-ii-e1601485394796.jpg 415w, https:\/\/kommentatorenblog.de\/wp-content\/uploads\/2020\/09\/shure-55sh-ii-e1601485394796-142x300.jpg 142w\" sizes=\"auto, (max-width: 10px) 100vw, 10px\" \/> Christian Blunck<\/p>\n\n\n\n<p><span style=\"text-decoration: underline;\">Samstag, 02. M\u00e4rz 2024<\/span><\/p>\n\n\n\n<p><strong><em>Huddersfield Town &#8211; Leeds United (13.30 Uhr)<\/em><\/strong><\/p>\n\n\n\n<p><img loading=\"lazy\" decoding=\"async\" width=\"10\" height=\"21\" class=\"wp-image-3656\" style=\"width: 10px;\" src=\"http:\/\/kommentatorenblog.de\/wp-content\/uploads\/2020\/09\/shure-55sh-ii-e1601485394796.jpg\" alt=\"\" srcset=\"https:\/\/kommentatorenblog.de\/wp-content\/uploads\/2020\/09\/shure-55sh-ii-e1601485394796.jpg 415w, https:\/\/kommentatorenblog.de\/wp-content\/uploads\/2020\/09\/shure-55sh-ii-e1601485394796-142x300.jpg 142w\" sizes=\"auto, (max-width: 10px) 100vw, 10px\" \/> Martin Hahn<\/p>\n\n\n\n<p><strong><em>Birmingham City &#8211; FC Southampton (16.00 Uhr)<\/em><\/strong><\/p>\n\n\n\n<p><img loading=\"lazy\" decoding=\"async\" width=\"10\" height=\"21\" class=\"wp-image-3656\" style=\"width: 10px;\" src=\"http:\/\/kommentatorenblog.de\/wp-content\/uploads\/2020\/09\/shure-55sh-ii-e1601485394796.jpg\" alt=\"\" srcset=\"https:\/\/kommentatorenblog.de\/wp-content\/uploads\/2020\/09\/shure-55sh-ii-e1601485394796.jpg 415w, https:\/\/kommentatorenblog.de\/wp-content\/uploads\/2020\/09\/shure-55sh-ii-e1601485394796-142x300.jpg 142w\" sizes=\"auto, (max-width: 10px) 100vw, 10px\" \/> Max Giesen<\/p>\n\n\n\n<hr class=\"wp-block-separator\"\/>\n\n\n\n<p><strong>Eredivisie, 24. Spieltag (Sportdigital Fu\u00dfball)<\/strong><\/p>\n\n\n\n<p><span style=\"text-decoration: underline;\">Sonntag, 03. M\u00e4rz 2024<\/span><\/p>\n\n\n\n<p><strong><em>Ajax Amsterdam &#8211; FC Utrecht (14.30 Uhr)<\/em><\/strong><\/p>\n\n\n\n<p><img loading=\"lazy\" decoding=\"async\" width=\"10\" height=\"21\" class=\"wp-image-3656\" style=\"width: 10px;\" src=\"http:\/\/kommentatorenblog.de\/wp-content\/uploads\/2020\/09\/shure-55sh-ii-e1601485394796.jpg\" alt=\"\" srcset=\"https:\/\/kommentatorenblog.de\/wp-content\/uploads\/2020\/09\/shure-55sh-ii-e1601485394796.jpg 415w, https:\/\/kommentatorenblog.de\/wp-content\/uploads\/2020\/09\/shure-55sh-ii-e1601485394796-142x300.jpg 142w\" sizes=\"auto, (max-width: 10px) 100vw, 10px\" \/> Karsten Linke<\/p>\n\n\n\n<p><strong><em>PSV Eindhoven &#8211; Feyenoord Rotterdam (16.45 Uhr)<\/em><\/strong><\/p>\n\n\n\n<p><img loading=\"lazy\" decoding=\"async\" width=\"10\" height=\"21\" class=\"wp-image-3656\" style=\"width: 10px;\" src=\"http:\/\/kommentatorenblog.de\/wp-content\/uploads\/2020\/09\/shure-55sh-ii-e1601485394796.jpg\" alt=\"\" srcset=\"https:\/\/kommentatorenblog.de\/wp-content\/uploads\/2020\/09\/shure-55sh-ii-e1601485394796.jpg 415w, https:\/\/kommentatorenblog.de\/wp-content\/uploads\/2020\/09\/shure-55sh-ii-e1601485394796-142x300.jpg 142w\" sizes=\"auto, (max-width: 10px) 100vw, 10px\" \/> Marvin Kirsch, Experte: Peter Hyballa<\/p>\n\n\n\n<hr class=\"wp-block-separator is-style-default\"\/>\n\n\n\n<p><strong>Primeira Liga, 24. Spieltag (<strong>Sportdigital Fu\u00dfball)<\/strong><\/strong><\/p>\n\n\n\n<p><span style=\"text-decoration: underline;\">Sonntag, 03. M\u00e4rz 2024<\/span><\/p>\n\n\n\n<p><strong><em>Sporting Lissabon &#8211; SC Farense (19.00 Uhr)<\/em><\/strong><\/p>\n\n\n\n<p><img loading=\"lazy\" decoding=\"async\" width=\"10\" height=\"21\" class=\"wp-image-3656\" style=\"width: 10px;\" src=\"http:\/\/kommentatorenblog.de\/wp-content\/uploads\/2020\/09\/shure-55sh-ii-e1601485394796.jpg\" alt=\"\" srcset=\"https:\/\/kommentatorenblog.de\/wp-content\/uploads\/2020\/09\/shure-55sh-ii-e1601485394796.jpg 415w, https:\/\/kommentatorenblog.de\/wp-content\/uploads\/2020\/09\/shure-55sh-ii-e1601485394796-142x300.jpg 142w\" sizes=\"auto, (max-width: 10px) 100vw, 10px\" \/> Ulf Kahmke<\/p>\n\n\n\n<p><strong><em>FC Porto &#8211; Benfica Lissabon (21.30 Uhr)<\/em><\/strong><\/p>\n\n\n\n<p><img loading=\"lazy\" decoding=\"async\" width=\"10\" height=\"21\" class=\"wp-image-3656\" style=\"width: 10px;\" src=\"http:\/\/kommentatorenblog.de\/wp-content\/uploads\/2020\/09\/shure-55sh-ii-e1601485394796.jpg\" alt=\"\" srcset=\"https:\/\/kommentatorenblog.de\/wp-content\/uploads\/2020\/09\/shure-55sh-ii-e1601485394796.jpg 415w, https:\/\/kommentatorenblog.de\/wp-content\/uploads\/2020\/09\/shure-55sh-ii-e1601485394796-142x300.jpg 142w\" sizes=\"auto, (max-width: 10px) 100vw, 10px\" \/> Christian Blunck<\/p>\n\n\n\n<hr class=\"wp-block-separator\"\/>\n\n\n\n<p><strong>Ekstraklasa, 23. Spieltag (Sportdigital Fu\u00dfball)<\/strong><\/p>\n\n\n\n<p><span style=\"text-decoration: underline;\">Samstag, 02. M\u00e4rz 2024<\/span><\/p>\n\n\n\n<p><strong><em>Legia Warschau &#8211; Pogon Stettin (20.00 Uhr)<\/em><\/strong><\/p>\n\n\n\n<p><img loading=\"lazy\" decoding=\"async\" width=\"10\" height=\"21\" class=\"wp-image-3656\" style=\"width: 10px;\" src=\"http:\/\/kommentatorenblog.de\/wp-content\/uploads\/2020\/09\/shure-55sh-ii-e1601485394796.jpg\" alt=\"\" srcset=\"https:\/\/kommentatorenblog.de\/wp-content\/uploads\/2020\/09\/shure-55sh-ii-e1601485394796.jpg 415w, https:\/\/kommentatorenblog.de\/wp-content\/uploads\/2020\/09\/shure-55sh-ii-e1601485394796-142x300.jpg 142w\" sizes=\"auto, (max-width: 10px) 100vw, 10px\" \/> Karsten Linke<\/p>\n\n\n\n<hr class=\"wp-block-separator\"\/>\n\n\n\n<p><strong>1. \u010desk\u00e1 fotbalov\u00e1 liga, 23. Spieltag (Sportdigital Fu\u00dfball)<\/strong><\/p>\n\n\n\n<p><span style=\"text-decoration: underline;\">Sonntag, 03. M\u00e4rz 2024<\/span><\/p>\n\n\n\n<p><strong><em>Sparta Prag &#8211; Slavia Prag (18.00 Uhr)<\/em><\/strong><\/p>\n\n\n\n<p><img loading=\"lazy\" decoding=\"async\" width=\"10\" height=\"21\" class=\"wp-image-3656\" style=\"width: 10px;\" src=\"http:\/\/kommentatorenblog.de\/wp-content\/uploads\/2020\/09\/shure-55sh-ii-e1601485394796.jpg\" alt=\"\" srcset=\"https:\/\/kommentatorenblog.de\/wp-content\/uploads\/2020\/09\/shure-55sh-ii-e1601485394796.jpg 415w, https:\/\/kommentatorenblog.de\/wp-content\/uploads\/2020\/09\/shure-55sh-ii-e1601485394796-142x300.jpg 142w\" sizes=\"auto, (max-width: 10px) 100vw, 10px\" \/> Jakob Vogel, Experte: Max Teubner<\/p>\n\n\n\n<hr class=\"wp-block-separator\"\/>\n\n\n\n<p><strong>A-League, 19. Spieltag (Sportdigital Fu\u00dfball)<\/strong><\/p>\n\n\n\n<p><span style=\"text-decoration: underline;\">Samstag, 02. M\u00e4rz 2024<\/span><\/p>\n\n\n\n<p><strong style=\"font-style: italic;\">Western Sydney Wanderers &#8211; Sydney FC<\/strong><em><strong> (09.45 Uhr)<\/strong><\/em> <\/p>\n\n\n\n<p><img loading=\"lazy\" decoding=\"async\" width=\"10\" height=\"21\" class=\"wp-image-3656\" style=\"width: 10px;\" src=\"http:\/\/kommentatorenblog.de\/wp-content\/uploads\/2020\/09\/shure-55sh-ii-e1601485394796.jpg\" alt=\"\" srcset=\"https:\/\/kommentatorenblog.de\/wp-content\/uploads\/2020\/09\/shure-55sh-ii-e1601485394796.jpg 415w, https:\/\/kommentatorenblog.de\/wp-content\/uploads\/2020\/09\/shure-55sh-ii-e1601485394796-142x300.jpg 142w\" sizes=\"auto, (max-width: 10px) 100vw, 10px\" \/> Marcus Radefeld<\/p>\n\n\n\n<hr class=\"wp-block-separator\"\/>\n\n\n\n<p><strong>Saudi Pro League, 22. Spieltag (Sportdigital Fu\u00dfball)<\/strong><\/p>\n\n\n\n<p><span style=\"text-decoration: underline;\">Freitag, 01. M\u00e4rz 2024<\/span><\/p>\n\n\n\n<p><strong><em>Al-Hilal FC &#8211; Al-Ittihad Club (18.00 Uhr)<\/em><\/strong><\/p>\n\n\n\n<p><img loading=\"lazy\" decoding=\"async\" width=\"10\" height=\"21\" class=\"wp-image-3656\" style=\"width: 10px;\" src=\"http:\/\/kommentatorenblog.de\/wp-content\/uploads\/2020\/09\/shure-55sh-ii-e1601485394796.jpg\" alt=\"\" srcset=\"https:\/\/kommentatorenblog.de\/wp-content\/uploads\/2020\/09\/shure-55sh-ii-e1601485394796.jpg 415w, https:\/\/kommentatorenblog.de\/wp-content\/uploads\/2020\/09\/shure-55sh-ii-e1601485394796-142x300.jpg 142w\" sizes=\"auto, (max-width: 10px) 100vw, 10px\" \/> Martin Hahn<\/p>\n\n\n\n<hr class=\"wp-block-separator\"\/>\n\n\n\n<p><strong>Division 1A, 28. Spieltag (Sport1+)<\/strong><\/p>\n\n\n\n<p><span style=\"text-decoration: underline;\">Sonntag, 25. Februar 2024, ab 13.25 Uhr<\/span><\/p>\n\n\n\n<p><strong><em>KRC Genk &#8211; FC Br\u00fcgge (13.30 Uhr)<\/em><\/strong><\/p>\n\n\n\n<p><img loading=\"lazy\" decoding=\"async\" width=\"10\" height=\"21\" class=\"wp-image-3656\" style=\"width: 10px;\" src=\"http:\/\/kommentatorenblog.de\/wp-content\/uploads\/2020\/09\/shure-55sh-ii-e1601485394796.jpg\" alt=\"\" srcset=\"https:\/\/kommentatorenblog.de\/wp-content\/uploads\/2020\/09\/shure-55sh-ii-e1601485394796.jpg 415w, https:\/\/kommentatorenblog.de\/wp-content\/uploads\/2020\/09\/shure-55sh-ii-e1601485394796-142x300.jpg 142w\" sizes=\"auto, (max-width: 10px) 100vw, 10px\" \/> Rudi Br\u00fcckner<\/p>\n\n\n\n<p><span style=\"text-decoration: underline;\">ab 18.25 Uhr<\/span><\/p>\n\n\n\n<p><strong><em>RSC Anderlecht &#8211; KAS Eupen (18.30 Uhr)<\/em><\/strong><\/p>\n\n\n\n<p><img loading=\"lazy\" decoding=\"async\" width=\"10\" height=\"21\" class=\"wp-image-3656\" style=\"width: 10px;\" src=\"http:\/\/kommentatorenblog.de\/wp-content\/uploads\/2020\/09\/shure-55sh-ii-e1601485394796.jpg\" alt=\"\" srcset=\"https:\/\/kommentatorenblog.de\/wp-content\/uploads\/2020\/09\/shure-55sh-ii-e1601485394796.jpg 415w, https:\/\/kommentatorenblog.de\/wp-content\/uploads\/2020\/09\/shure-55sh-ii-e1601485394796-142x300.jpg 142w\" sizes=\"auto, (max-width: 10px) 100vw, 10px\" \/> Hans-Joachim Wolff<\/p>\n\n\n\n<hr class=\"wp-block-separator\"\/>\n\n\n\n<p><strong>AFC Champions League, Viertelfinale, Hinspiele (Sport1+)<\/strong><\/p>\n\n\n\n<p><span style=\"text-decoration: underline;\">Montag, 04. M\u00e4rz 2024, ab 16.55 Uhr<\/span><\/p>\n\n\n\n<p><strong><em>al Ain Club &#8211; al-Nassr FC (17.00 Uhr)<\/em><\/strong><\/p>\n\n\n\n<p><img loading=\"lazy\" decoding=\"async\" width=\"10\" height=\"21\" class=\"wp-image-3656\" style=\"width: 10px;\" src=\"http:\/\/kommentatorenblog.de\/wp-content\/uploads\/2020\/09\/shure-55sh-ii-e1601485394796.jpg\" alt=\"\" srcset=\"https:\/\/kommentatorenblog.de\/wp-content\/uploads\/2020\/09\/shure-55sh-ii-e1601485394796.jpg 415w, https:\/\/kommentatorenblog.de\/wp-content\/uploads\/2020\/09\/shure-55sh-ii-e1601485394796-142x300.jpg 142w\" sizes=\"auto, (max-width: 10px) 100vw, 10px\" \/> Oliver Forster<\/p>\n\n\n\n<hr class=\"wp-block-separator\"\/>\n\n\n\n<p><strong>\u00d6sterreichische Fu\u00dfball-Bundesliga, 21. Spieltag (Sky)<\/strong><\/p>\n\n\n\n<p><span style=\"text-decoration: underline;\"><span style=\"text-decoration: underline;\">Sonntag, 03. M\u00e4rz 2024, ab 16.00 Uhr<\/span><\/span><\/p>\n\n\n\n<p><strong><em>SK Rapid Wien &#8211; SC Austria Lustenau (17.00 Uhr)<\/em><\/strong><\/p>\n\n\n\n<p><img loading=\"lazy\" decoding=\"async\" width=\"10\" height=\"21\" class=\"wp-image-3656\" style=\"width: 10px;\" src=\"http:\/\/kommentatorenblog.de\/wp-content\/uploads\/2020\/09\/shure-55sh-ii-e1601485394796.jpg\" alt=\"\" srcset=\"https:\/\/kommentatorenblog.de\/wp-content\/uploads\/2020\/09\/shure-55sh-ii-e1601485394796.jpg 415w, https:\/\/kommentatorenblog.de\/wp-content\/uploads\/2020\/09\/shure-55sh-ii-e1601485394796-142x300.jpg 142w\" sizes=\"auto, (max-width: 10px) 100vw, 10px\" \/> Phillip Lautischer (Einzelspiel), tba (Konferenz)<\/p>\n\n\n\n<p><strong><em>SK Sturm Graz &#8211; Wolfsberger AC (17.00 Uhr)<\/em><\/strong><\/p>\n\n\n\n<p><img loading=\"lazy\" decoding=\"async\" width=\"10\" height=\"21\" class=\"wp-image-3656\" style=\"width: 10px;\" src=\"http:\/\/kommentatorenblog.de\/wp-content\/uploads\/2020\/09\/shure-55sh-ii-e1601485394796.jpg\" alt=\"\" srcset=\"https:\/\/kommentatorenblog.de\/wp-content\/uploads\/2020\/09\/shure-55sh-ii-e1601485394796.jpg 415w, https:\/\/kommentatorenblog.de\/wp-content\/uploads\/2020\/09\/shure-55sh-ii-e1601485394796-142x300.jpg 142w\" sizes=\"auto, (max-width: 10px) 100vw, 10px\" \/> Dieter Danko (Einzelspiel), tba (Konferenz)<\/p>\n\n\n\n<p><strong><em>FC Salzburg &#8211; SK Austria Klagenfurt (17.00 Uhr)<\/em><\/strong><\/p>\n\n\n\n<p><img loading=\"lazy\" decoding=\"async\" width=\"10\" height=\"21\" class=\"wp-image-3656\" style=\"width: 10px;\" src=\"http:\/\/kommentatorenblog.de\/wp-content\/uploads\/2020\/09\/shure-55sh-ii-e1601485394796.jpg\" alt=\"\" srcset=\"https:\/\/kommentatorenblog.de\/wp-content\/uploads\/2020\/09\/shure-55sh-ii-e1601485394796.jpg 415w, https:\/\/kommentatorenblog.de\/wp-content\/uploads\/2020\/09\/shure-55sh-ii-e1601485394796-142x300.jpg 142w\" sizes=\"auto, (max-width: 10px) 100vw, 10px\" \/> David Eder (Einzelspiel), tba (Konferenz)<\/p>\n\n\n\n<p><strong><em>FC Blau-Wei\u00df Linz &#8211; FK Austria Wien (17.00 Uhr)<\/em><\/strong><\/p>\n\n\n\n<p><img loading=\"lazy\" decoding=\"async\" width=\"10\" height=\"21\" class=\"wp-image-3656\" style=\"width: 10px;\" src=\"http:\/\/kommentatorenblog.de\/wp-content\/uploads\/2020\/09\/shure-55sh-ii-e1601485394796.jpg\" alt=\"\" srcset=\"https:\/\/kommentatorenblog.de\/wp-content\/uploads\/2020\/09\/shure-55sh-ii-e1601485394796.jpg 415w, https:\/\/kommentatorenblog.de\/wp-content\/uploads\/2020\/09\/shure-55sh-ii-e1601485394796-142x300.jpg 142w\" sizes=\"auto, (max-width: 10px) 100vw, 10px\" \/> Andreas Grassl (Einzelspiel), tba (Konferenz)<\/p>\n\n\n\n<p><strong><em>SCR Altach &#8211; LASK (17.00 Uhr)<\/em><\/strong><\/p>\n\n\n\n<p><img loading=\"lazy\" decoding=\"async\" width=\"10\" height=\"21\" class=\"wp-image-3656\" style=\"width: 10px;\" src=\"http:\/\/kommentatorenblog.de\/wp-content\/uploads\/2020\/09\/shure-55sh-ii-e1601485394796.jpg\" alt=\"\" srcset=\"https:\/\/kommentatorenblog.de\/wp-content\/uploads\/2020\/09\/shure-55sh-ii-e1601485394796.jpg 415w, https:\/\/kommentatorenblog.de\/wp-content\/uploads\/2020\/09\/shure-55sh-ii-e1601485394796-142x300.jpg 142w\" sizes=\"auto, (max-width: 10px) 100vw, 10px\" \/> Charly Leitner (Einzelspiel), tba (Konferenz)<\/p>\n\n\n\n<p><strong><em>WSG Tirol &#8211; TSV Hartberg (17.00 Uhr)<\/em><\/strong><\/p>\n\n\n\n<p><img loading=\"lazy\" decoding=\"async\" width=\"10\" height=\"21\" class=\"wp-image-3656\" style=\"width: 10px;\" src=\"http:\/\/kommentatorenblog.de\/wp-content\/uploads\/2020\/09\/shure-55sh-ii-e1601485394796.jpg\" alt=\"\" srcset=\"https:\/\/kommentatorenblog.de\/wp-content\/uploads\/2020\/09\/shure-55sh-ii-e1601485394796.jpg 415w, https:\/\/kommentatorenblog.de\/wp-content\/uploads\/2020\/09\/shure-55sh-ii-e1601485394796-142x300.jpg 142w\" sizes=\"auto, (max-width: 10px) 100vw, 10px\" \/> Gerhard Krabath (Einzelspiel), tba (Konferenz)<\/p>\n\n\n\n<p>Moderation: Johannes Brandl, Experten: Andreas Herzog und Marko Stankovic<\/p>\n\n\n\n<hr class=\"wp-block-separator\"\/>\n\n\n\n<p><strong>Die Analyse<\/strong><\/p>\n\n\n\n<p>Der M\u00e4rz beginnt damit, dass der SC Freiburg den FC Bayern M\u00fcnchen empf\u00e4ngt. Bislang meist eine eindeutige Sache, aber es wird spannend zu sehen, ob die Freiburger den zuletzt \u00f6fter strauchelnden Bayern ein paar Probleme bereiten k\u00f6nnen. Ob dies so kommen wird, werden Jan Platte und Jonas Hummels von der Trib\u00fcne des Mooswaldstadions f\u00fcr DAZN kommentieren. Neben Moderator Alex Schl\u00fcter und Field-Reporter Daniel Herzog ist auch der Schiedsrichter-Experte Urs Meier zugegen.<\/p>\n\n\n\n<p>Am Samstag gibt es dann im Gegensatz zur n\u00e4chsten Woche wieder den &#8222;F\u00fcnferpack&#8220; bei Sky, den mit Kai Dittmann, Frank Buschmann, Florian Schmidt-Sommerfeld, Jonas Friedrich und Hansi K\u00fcpper eine hochkar\u00e4tige Konstellation begleiten wird. Toni Tomic darf in Heidenheim mal wieder aus dem Stadion kommentieren, ebenso Hannes Herrmann in Mainz, Marcus Lindemann in Bochum, Oliver Seidler in Berlin und Klaus Veltman ist wie so oft mit Darmstadt in Hessen im Einsatz, dort wird Dirk gro\u00dfe Schlarmann au\u00dferdem mal wieder als Field-Reporter fungieren. W\u00e4hrend Patrick Wasserziehr die Interviews in Mainz f\u00fchrt, \u00fcbernimmt Yannick Erkenbrecher die Rolle beim abendlichen Duell zwischen dem VfL Wolfsburg und dem VfB Stuttgart, wo Julia Simic f\u00fcr Tabea Kemme wieder ins Team rotiert. Michael Leopold ist Field-Reporter in Heidenheim, nachdem er dreimal in Folge die Bundesliga-Konferenz moderieren durfte, gilt dasselbe nun f\u00fcr Britta Hofmann.<\/p>\n\n\n\n<p>Am Sonntag ist das DAZN-Team um Laura Wontorra, Daniel Herzog und Marco Hagemann im M\u00fcngersdorfer Stadion vor Ort, wo es f\u00fcr den &#8222;Effzeh&#8220; gegen die hochfavorisierte Nachbars-Mannschaft aus Leverkusen geht. Mit dabei haben sie Tobias Schweinsteiger, der das Spiel gemeinsam mit Hagemann kommentieren wird. Erst vor wenigen Wochen war Schweinsteiger in der Konferenz der 3. Liga bei Magenta Sport zu Gast, nun darf er erstmals in der Bundesliga als Experte fungieren. Genau wie bei Fredi Bobic und Thomas Reis, die in den vergangenen Wochen als neue DAZN-Experten pr\u00e4sentiert wurden, d\u00fcrfte es sich auch hier um ein tempor\u00e4res Engagement handeln, bis die n\u00e4chste Trainerstation f\u00fcr den Bruder des ARD-Experten Bastian ansteht. Beim anderen Sonntagsspiel zwischen der TSG Hoffenheim und Werder Bremen ist einzig Mario Rieker als Field-Reporter im Stadion, w\u00e4hrend Max Siebald, Benny Lauth und Tobi Wahnschaffe das Spiel aus der Box in M\u00fcnchen verfolgen.<\/p>\n\n\n\n<p>Volles Programm hat Hannes Herrmann an diesem Wochenende, neben dem Stadion-Einsatz in Mainz kommentiert er auch die Konferenz der 2. Bundesliga am Freitag sowie das Duell zwischen der SV Elversberg und dem SV Wehen Wiesbaden am Sonntag. Martin Gro\u00df ist sowohl am Freitag bei der Partie zwischen dem FC Schalke 04 und dem FC St. Pauli als auch beim Topspiel am Samstagabend in Karlsruhe, wo die SpVgg Greuther F\u00fcrth empfangen wird, im Einsatz. Selbiges Spiel kommentiert Oliver Forster f\u00fcr Sport1 und hat dabei Tomas Oral an seiner Seite.<\/p>\n\n\n\n<p>Thomas Wagner hat auch wieder ein volles, liga- und sender\u00fcbergreifendes Wochenende: am Freitag moderiert er f\u00fcr Sky auf Schalke, am Samstag f\u00fcr Magenta in Mannheim sowie am Sonntag ebenfalls f\u00fcr Magenta in Duisburg. Edgar Mielke ist mal wieder in der 3. Liga im Einsatz, wie \u00fcblich, wenn er dabei ist, in L\u00fcbeck, auch die sonstige Besetzung ist nicht \u00fcberraschend. Das Ost-Duell zwischen dem Halleschen FC und Dynamo Dresden l\u00e4uft neben Magenta Sport nat\u00fcrlich auch wieder im MDR, das Heimspiel des TSV 1860 M\u00fcnchen gegen den \u00dcberraschungs-Aufstiegskandidaten SSV Ulm im BR, wessen \u00dcbertragung der SWR in ihrem Programm \u00fcbernimmt.<\/p>\n\n\n\n<p>In der Premier League steht das Manchester-Derby an, welches das Duo Schmiso und Mladen Petric am Sonntagabend f\u00fcr Sky kommentiert. Bei der Partie des FC Fulham gegen Brighton &amp; Hove Albion kann man Timo Schmidtchen mal wieder als Kommentator h\u00f6ren, ansonsten eine gew\u00f6hnliche personelle Konstellation. Das Montagsspiel zwischen Sheffield United und dem FC Arsenal, das Toni Tomic kommentiert, zeigt neben Sky auch RTL+.<\/p>\n\n\n\n<p>W\u00e4hrend die Frauen-Bundesliga nach den L\u00e4nderspielen noch pausiert, geht es in der WSL bereits weiter. Das Spiel der Frauen-Mannschaft des FC Arsenal gegen die der Tottenham Hotspurs kommentieren Florian Malburg und Turid Knaak gemeinsam f\u00fcr Sky.<\/p>\n\n\n\n<p>Das Duo Jan Platte und Seb Knei\u00dfl h\u00f6rt man diesmal nicht in der Bundesliga, sondern bei der Begegnung von Athletic Bilbao und dem FC Barcelona in der LaLiga am Sonntag auf DAZN.<\/p>\n\n\n\n<p>In der Serie A stehen sich erst am Freitag Bayerns Champions-League-Gegner Lazio Rom und der AC Mailand gegen\u00fcber, die von Nico Seepe und Michi Hofmann begleitet werden, ehe am Sonntag der SSC Neapel und Juventus Turin aufeinander treffen, dort kommentiert das bew\u00e4hrte Duo Carsten Fu\u00df und Christian Bernhard.<\/p>\n\n\n\n<p>Stefan Galler begleitet weiterhin PSG, diesmal beim Ausw\u00e4rtsspiel in Monaco, und hat dort wie bereits vor 3 Wochen erneut Max Nicu an seiner Seite.<\/p>\n\n\n\n<p>In der Eredivisie stehen sich am Sonntag mit dem PSV Eindhoven und Feyenoord Rotterdam der Erst- und der Zweitplatzierte gegen\u00fcber, welche allerdings 10 Punkte voneinander trennen. Marvin Kirsch kommentiert gemeinsam mit Peter Hyballa f\u00fcr Sportdigital.<\/p>\n\n\n\n<p>Auch in der Primeira Liga steht ein hochklassiges Duell zwischen dem FC Porto und Benfica Lissabon an, auch dieses gibt es bei Sportdigital zu sehen, kommentiert von Christian Blunck.<\/p>\n\n\n\n<p>In der \u00d6sterreichischen Fu\u00dfball-Bundesliga steht am Sonntag bereits der vorletzte Spieltag bevor, bevor es in die Playoffs bzw. in die Abstiegsrunde geht. Daher finden alle 6 Spiele am Sonntag um 17 Uhr statt und sorgen somit f\u00fcr eine spannende und umfangreiche Konferenz.<\/p>\n\n\n\n<p>Noch eine Nachricht abseits des Fu\u00dfballs: mit dem Gro\u00dfen Preis von Bahrain geht an diesem Wochenende die neue Saison der Formel 1 los und erstmals seit 2022 wird das Rennen neben Sky dank der neuen Kooperation auch wieder bei RTL im Free-TV \u00fcbertragen. Den in diesem Rahmen in der W\u00fcste weilenden Florian K\u00f6nig vertritt Jochen Stutzky am Sonntag im Doppelpass. Mit den aktuellen Hintergr\u00fcnden zu den Formel-1-\u00dcbertragungen haben sich die Kollegen vom Podcast <a href=\"https:\/\/open.spotify.com\/show\/4m1UNvfqRuIViNOpcVpIIg?si=ecm_M6aNTPyYEEuDrCLuCQ&amp;app_destination=copy-link&amp;fbclid=PAAaYr0pIpMCnRCf67FMGbPYHE6GsHXJQICc2xmjPaoPyktrG-6twDHcFhMic&amp;nd=1&amp;utm_medium=organic&amp;product=open&amp;%24full_url=https%3A%2F%2Fopen.spotify.com%2Fshow%2F4m1UNvfqRuIViNOpcVpIIg%3Fsi%3Decm_M6aNTPyYEEuDrCLuCQ%26app_destination%3Dcopy-link%26fbclid%3DPAAaYr0pIpMCnRCf67FMGbPYHE6GsHXJQICc2xmjPaoPyktrG-6twDHcFhMic&amp;feature=organic&amp;_branch_match_id=1286628565159264921&amp;_branch_referrer=H4sIAAAAAAAAA91P62qDMBh9mvRfddXiYCBDvI%2FpbNnK%2FCUxmpoZkyyXdb794mAvMfjgg3PjnElroR5cVwmuCV4dKIRDCZvdRyH5YJAOuRjZDnhHbCjtjKThtFmAHwEvs7fRzp8b8cVCauI3%2B47L4a3%2Bwp9nU15I%2FSLQRZTlFfiZIsBPRrR0VQDr12Zt09QkMn428Ql4gW3QDaPShEFNOLNSxMW630pZFveIksGCTRTBVt6JUlQxO8c4uM%2BqvG%2FaIg1yVbw%2FncoYed%2FLRwN5s85a5vtA35ICZVNF0O8eSGkP0fxfNtkgtoUcdniE2sgx5PIKGUE%2FpIsLLOMBAAA%3D\" data-type=\"URL\" data-id=\"https:\/\/open.spotify.com\/show\/4m1UNvfqRuIViNOpcVpIIg?si=ecm_M6aNTPyYEEuDrCLuCQ&amp;app_destination=copy-link&amp;fbclid=PAAaYr0pIpMCnRCf67FMGbPYHE6GsHXJQICc2xmjPaoPyktrG-6twDHcFhMic&amp;nd=1&amp;utm_medium=organic&amp;product=open&amp;%24full_url=https%3A%2F%2Fopen.spotify.com%2Fshow%2F4m1UNvfqRuIViNOpcVpIIg%3Fsi%3Decm_M6aNTPyYEEuDrCLuCQ%26app_destination%3Dcopy-link%26fbclid%3DPAAaYr0pIpMCnRCf67FMGbPYHE6GsHXJQICc2xmjPaoPyktrG-6twDHcFhMic&amp;feature=organic&amp;_branch_match_id=1286628565159264921&amp;_branch_referrer=H4sIAAAAAAAAA91P62qDMBh9mvRfddXiYCBDvI%2FpbNnK%2FCUxmpoZkyyXdb794mAvMfjgg3PjnElroR5cVwmuCV4dKIRDCZvdRyH5YJAOuRjZDnhHbCjtjKThtFmAHwEvs7fRzp8b8cVCauI3%2B47L4a3%2Bwp9nU15I%2FSLQRZTlFfiZIsBPRrR0VQDr12Zt09QkMn428Ql4gW3QDaPShEFNOLNSxMW630pZFveIksGCTRTBVt6JUlQxO8c4uM%2BqvG%2FaIg1yVbw%2FncoYed%2FLRwN5s85a5vtA35ICZVNF0O8eSGkP0fxfNtkgtoUcdniE2sgx5PIKGUE%2FpIsLLOMBAAA%3D\">SCREENTIME SPORT<\/a> in ihrer neuen Folge befasst, h\u00f6rt gerne mal rein.<\/p>\n\n\n\n<p>So, damit bin ich nun auch wieder am Ende angelangt. In der letzten Zeit gab es recht viele Beitr\u00e4ge von mir, was einiger Ausf\u00e4lle sowie beruflicher Verpflichtungen in unserem Team &#8222;geschuldet&#8220; war. Da es mir aber gro\u00dfen Spa\u00df macht, seit Jahresbeginn regelm\u00e4\u00dfig die TV-Termine samt Personal aufzulisten sowie zu analysieren und daneben noch einige interessante Themen zu untersuchen, habe ich meine Zeit sehr gerne in den Blog investiert. Dennoch freue ich mich nun aber auch wieder auf eine Pause, um den Fu\u00dfball auch mal wieder weiter hinten anzustellen, was allerdings auch leichter gesagt als getan ist \ud83d\ude42<\/p>\n\n\n\n<p>Am kommenden Montag wird Hannes die erste Woche der Achtelfinal-R\u00fcckspiele der Champions League sowie die ersten Partien des Achtelfinals der Europa League und der Europa Conference League beleuchten.<\/p>\n\n\n\n<p>Habt ein sch\u00f6nes Fu\u00dfballwochenende und bis bald!<\/p>\n","protected":false},"excerpt":{"rendered":"<p>N&#8217;Abend allerseits, eine aufregende Woche liegt hinter uns, obwohl es weder Champions- noch Europa League zu bestaunen gab. Nach einer schon teilweise \u00fcberzeugenden Leistung im Halbfinale gegen Frankreich konnte die deutsche Frauen-Nationalmannschaft mit einer ausgezeichneten zweiten Spielh\u00e4lfte im Spiel um Platz 3 gegen die Niederlande das erhoffte Olympia-Ticket perfekt machen. Im Gegensatz zu den deutschen [&hellip;]<\/p>\n","protected":false},"author":17,"featured_media":0,"comment_status":"open","ping_status":"open","sticky":false,"template":"","format":"standard","meta":{"footnotes":""},"categories":[424],"tags":[49,414,949,163,1049,1051,216,1047,688,21,166,1023,178,73,131,841,499,164,57,35,657,171,978,212,846,13,30,845,392,580,400,119,462,82,132,906,308,89,61,32,844,155,104,792,25,211,92,977,405,48,1014,347,1025,69,169,655,315,1046,861,86,93,982,489,59,91,585,676,44,1022,787,31,526,9,70,276,43,112,503,572,243,1052,121,126,67,95,649,130,581,1034,1037,438,279,1050,449,17,88,401,409,618,83,369,191,1045,665,183,113,293,1041,94,627,690,1048,340,525,656,316,750,98,222,415,22,940,66,434,134,985,154,28,135,524,673,27,102,16,33,1044,838,341,152,252,882,1043,1008,24,1007,87,346,829,402,105,967,149,107,196],"class_list":["post-16896","post","type-post","status-publish","format-standard","hentry","category-bundesliga-und-co","tag-alex-schlueter","tag-alexander-bonengel","tag-alexander-klich-2","tag-alexander-kuepper","tag-andreas-grassl","tag-andreas-herzog","tag-andreas-mann","tag-arne-albrecht","tag-benjamin-kirsten","tag-benni-zander","tag-benny-lauth","tag-bjoern-mehnert","tag-br","tag-britta-hofmann","tag-carsten-fuss","tag-charly-leitner","tag-chris-putz","tag-christian-bernhard","tag-christian-blunck","tag-christian-strassburger","tag-christina-rann","tag-christoph-stadtler","tag-clemens-mauksch","tag-daniel-herzog","tag-david-eder","tag-dazn","tag-didi-hamann","tag-dieter-danko","tag-dirk-grosse-schlarmann","tag-dominik-mueller","tag-dominik-vischer","tag-edgar-mielke","tag-eik-galley","tag-erik-meijer","tag-flo-hauser","tag-florian-eckl","tag-florian-malburg","tag-florian-schmidt-sommerfeld","tag-frank-buschmann","tag-gari-paubandt","tag-gerhard-krabath","tag-guido-huesgen","tag-hannes-herrmann","tag-hans-joachim-wolff","tag-hansi-kuepper","tag-hartmut-von-kameke","tag-heiko-mallwitz","tag-hendrik-scheler","tag-jakob-vogel","tag-jan-platte","tag-jan-phillip-molitor","tag-joachim-hebel","tag-johannes-brandl","tag-jonas-friedrich","tag-jonas-hummels","tag-julia-simic","tag-julian-engelhard","tag-julian-harings","tag-julian-luca-schaefer","tag-juergen-schmitz","tag-kai-dittmann","tag-kai-esser","tag-kamila-benschop","tag-karsten-linke","tag-karsten-petrzika","tag-katharina-kleinfeldt","tag-klaus-veltman","tag-laura-wontorra","tag-lisa-de-ruiter","tag-lisa-tellers","tag-lothar-matthaeus","tag-lutz-lindemann","tag-magenta-sport","tag-marcel-meinert","tag-marcel-seufert","tag-marco-hagemann","tag-marcus-lindemann","tag-marcus-radefeld","tag-mario-bast","tag-mario-rieker","tag-marko-stankovic","tag-markus-gaupp","tag-markus-goetz","tag-markus-hoehner","tag-martin-gross","tag-martin-hahn","tag-martin-piller","tag-marvin-kirsch","tag-maurice-schneider","tag-max-giesen","tag-max-nicu","tag-max-siebald","tag-max-teubner","tag-max-zielke","tag-mdr","tag-michael-leopold","tag-michi-hofmann","tag-mike-muenkel","tag-miriam-sinno","tag-mladen-petric","tag-nele-schenker","tag-nico-seepe","tag-nico-weber","tag-oliver-fassnacht-2","tag-oliver-forster","tag-oliver-seidler","tag-oskar-heirler","tag-ostsport-tv","tag-patrick-wasserziehr","tag-peter-hyballa","tag-philip-konrad","tag-phillip-lautischer","tag-raphael-honigstein","tag-rene-kindermann","tag-rtl-2","tag-rudi-brueckner","tag-sabrina-bramowski","tag-sebastian-hellmann","tag-sebastian-kneissl","tag-simon-koepfer","tag-sky","tag-soeren-gonther","tag-sport1","tag-sport1-2","tag-sportdigital-fussball","tag-sporttotal","tag-stefan-galler","tag-stefan-hempel","tag-stefanie-blochwitz","tag-stephan-weidling","tag-steven-ruprecht","tag-sven-schroeter","tag-sven-toellner","tag-swr","tag-thomas-wagner","tag-thorsten-siegmund","tag-timo-schaefers","tag-timo-schmidtchen","tag-tobi-fischbeck","tag-tobi-wahnschaffe","tag-tobias-schweinsteiger","tag-tomas-oral","tag-toni-mielke","tag-toni-tomic","tag-toni-wachsmuth","tag-torsten-kunde","tag-torsten-mattuschka","tag-turid-knaak","tag-ulf-kahmke","tag-uli-hebel","tag-urs-meier","tag-uwe-morawe","tag-wolff-fuss","tag-yannick-erkenbrecher"],"_links":{"self":[{"href":"https:\/\/kommentatorenblog.de\/index.php?rest_route=\/wp\/v2\/posts\/16896","targetHints":{"allow":["GET"]}}],"collection":[{"href":"https:\/\/kommentatorenblog.de\/index.php?rest_route=\/wp\/v2\/posts"}],"about":[{"href":"https:\/\/kommentatorenblog.de\/index.php?rest_route=\/wp\/v2\/types\/post"}],"author":[{"embeddable":true,"href":"https:\/\/kommentatorenblog.de\/index.php?rest_route=\/wp\/v2\/users\/17"}],"replies":[{"embeddable":true,"href":"https:\/\/kommentatorenblog.de\/index.php?rest_route=%2Fwp%2Fv2%2Fcomments&post=16896"}],"version-history":[{"count":35,"href":"https:\/\/kommentatorenblog.de\/index.php?rest_route=\/wp\/v2\/posts\/16896\/revisions"}],"predecessor-version":[{"id":17058,"href":"https:\/\/kommentatorenblog.de\/index.php?rest_route=\/wp\/v2\/posts\/16896\/revisions\/17058"}],"wp:attachment":[{"href":"https:\/\/kommentatorenblog.de\/index.php?rest_route=%2Fwp%2Fv2%2Fmedia&parent=16896"}],"wp:term":[{"taxonomy":"category","embeddable":true,"href":"https:\/\/kommentatorenblog.de\/index.php?rest_route=%2Fwp%2Fv2%2Fcategories&post=16896"},{"taxonomy":"post_tag","embeddable":true,"href":"https:\/\/kommentatorenblog.de\/index.php?rest_route=%2Fwp%2Fv2%2Ftags&post=16896"}],"curies":[{"name":"wp","href":"https:\/\/api.w.org\/{rel}","templated":true}]}}