{"id":17355,"date":"2024-04-08T18:18:28","date_gmt":"2024-04-08T17:18:28","guid":{"rendered":"https:\/\/kommentatorenblog.de\/?p=17355"},"modified":"2024-04-10T00:26:53","modified_gmt":"2024-04-09T23:26:53","slug":"1415-batsch-schon-wieder-viertelfinale","status":"publish","type":"post","link":"https:\/\/kommentatorenblog.de\/?p=17355","title":{"rendered":"1415 &#8211; Batsch, schon wieder Viertelfinale"},"content":{"rendered":"\n<p>N&#8217;Abend allerseits,<\/p>\n\n\n\n<p>momentan habe ich aufgrund von Studium und zwei Jobs gleichzeitig leider nicht die Zeit f\u00fcr gro\u00dfartig vorbereitete Vorw\u00f6rter. Stattdessen will ich erstmal meine Vorfreude \u00fcber diese Woche mitteilen, da die Champions League in die hei\u00dfe Phase geht (und auch deutlich mehr aus dem Stadion \u00fcbertragen wird &#8211; dazu gleich mehr) und am Wochenende wohl Historisches auf uns wartet. Im kleineren Sinne, da wohl erstmals der Meister bei DAZN gekr\u00f6nt wird, aber auch im gr\u00f6\u00dferen Sinne, da dieser kommende Meister Bayer Leverkusen sein wird und damit nicht nur f\u00fcr Abwechslung nach elf Jahren sorgt, sondern Vereinsgeschichte schreibt. Zu den Ansetzungen dieses Spiels kommen wir wie gewohnt erst am Donnerstag, wenn sich Hannes an dieser Stelle meldet. Sicherlich wird es aber ein Sonntag der besonderen Art und ohne bislang eine 100%ige Best\u00e4tigung zu haben, w\u00fcrde ich davon ausgehen, dass DAZN anders als an den beiden letzten Wochen auch mal wieder mit der vollen Kapelle im Stadion sein wird. Aber auch mit Blick auf Sky wird&#8217;s spannend, inwiefern man vor Ort sein wird (also vor Ort ist man ja sowieso bei jedem Sonntagsspiel, aber vielleicht passiert ja auch noch mehr) und wie genau der Sonntag aussieht. <\/p>\n\n\n\n<p>Abschlie\u00dfend noch ein pers\u00f6nlicher Kommentar: In den vergangenen Wochen, Monaten und vielleicht auch Jahren gabs und gibt&#8217;s bei uns ja recht regelm\u00e4\u00dfig Kritik an DAZN bzw. der Berichterstattung aus der Box. Dabei m\u00f6chte ich zumindest von meiner Warte aus klarstellen, dass sich diese Kritik rein an der Berichterstattung bzw. die fehlende vor Ort Berichterstattung selbst richtet und absolut und nicht an die Akteure. Der Trend der letzten f\u00fcnf Jahre, dass die Berichterstattung und speziell der Kommentar vermehrt aus den Boxen und Studios dieser Republik kommt, ist ja nichts neues &#8211; siehe auf nationaler Ebene die Bundesliga und auch die 2. Bundesliga -, aber nichtsdestotrotz etwas, was sich qualitativ nat\u00fcrlich auf die Berichterstattung auswirkt. Aber um nochmal den Faden zur\u00fcck zu meinem Ursprungsgedanken zu bringen: Meine Kritik geht absolut nicht an das Personal, ob Kommentatoren, Experten, Moderatoren oder Field-Reporter, h\u00f6re ich allen Beteiligten sehr gerne zu und w\u00fcrde es eher so rum drehen, dass ich mir w\u00fcnschen w\u00fcrde, dass Akteure, die die Bundesliga und die 2.Bundesliga kommentieren und auf tolle Art und Weise pr\u00e4sentieren, die Chance bekommen, dies auch aus dem Stadion zu tun.<\/p>\n\n\n\n<p>Soviel dazu, um den sich hier gerne wiederholenden Part in den Beitr\u00e4gen mal etwas auszuf\u00fchren. Jetzt aber zum Tagesgesch\u00e4ft!<\/p>\n\n\n\n<hr class=\"wp-block-separator\"\/>\n\n\n\n<p><strong>Die Ansetzungen vom 09. April bis zum 11. April 2024<\/strong><\/p>\n\n\n\n<hr class=\"wp-block-separator\"\/>\n\n\n\n<p><strong>Qualifikationsspiel zur UEFA Fu\u00dfball-Europameisterschaft der Frauen 2025<\/strong><\/p>\n\n\n\n<p><span style=\"text-decoration: underline;\">Dienstag, 09. April 2024, ab 17.50 Uhr (ZDF)<\/span><\/p>\n\n\n\n<p><strong><em>Deutschland &#8211; Island (18.10 Uhr)<\/em><\/strong><\/p>\n\n\n\n<p><img loading=\"lazy\" decoding=\"async\" width=\"10\" height=\"21\" class=\"wp-image-3656\" style=\"width: 10px;\" src=\"http:\/\/kommentatorenblog.de\/wp-content\/uploads\/2020\/09\/shure-55sh-ii-e1601485394796.jpg\" alt=\"\" srcset=\"https:\/\/kommentatorenblog.de\/wp-content\/uploads\/2020\/09\/shure-55sh-ii-e1601485394796.jpg 415w, https:\/\/kommentatorenblog.de\/wp-content\/uploads\/2020\/09\/shure-55sh-ii-e1601485394796-142x300.jpg 142w\" sizes=\"auto, (max-width: 10px) 100vw, 10px\" \/> Claudia Neumann<\/p>\n\n\n\n<p>Moderation: Sven Voss, Expertin: Kathrin Lehmann, Field-Reporter: Tibor Meingast<\/p>\n\n\n\n<hr class=\"wp-block-separator\"\/>\n\n\n\n<p><strong>Champions League, Viertelfinal-Hinspiele<\/strong><\/p>\n\n\n\n<p><span style=\"text-decoration: underline;\">Dienstag, 09. April 2024, ab 20.00 Uhr PrimeVideo)<\/span><\/p>\n\n\n\n<p><em><strong>FC Arsenal &#8211; FC Bayern M\u00fcnchen (21.00 Uhr)<\/strong><\/em><\/p>\n\n\n\n<p><img loading=\"lazy\" decoding=\"async\" width=\"10\" height=\"21\" class=\"wp-image-3656\" style=\"width: 10px;\" src=\"http:\/\/kommentatorenblog.de\/wp-content\/uploads\/2020\/09\/shure-55sh-ii-e1601485394796.jpg\" alt=\"\" srcset=\"https:\/\/kommentatorenblog.de\/wp-content\/uploads\/2020\/09\/shure-55sh-ii-e1601485394796.jpg 415w, https:\/\/kommentatorenblog.de\/wp-content\/uploads\/2020\/09\/shure-55sh-ii-e1601485394796-142x300.jpg 142w\" sizes=\"auto, (max-width: 10px) 100vw, 10px\" \/> Jonas Friedrich Experte: Benedikt H\u00f6wedes<\/p>\n\n\n\n<p>Field-Reporter: Annika Zimmermann und Sebastian Benesch<\/p>\n\n\n\n<p>Moderation: Sebastian Hellmann, Experten: Matthias Sammer, Tabea Kemme &amp; Shkodran Mustafi, Schiedsrichterexperte: Lutz Wagner<\/p>\n\n\n\n<p>Experte (Highlight-Show): Patrick Owomoyela <\/p>\n\n\n\n<p><span style=\"text-decoration: underline;\">ab 20.30 Uhr (DAZN)<\/span><\/p>\n\n\n\n<p><em><strong>Real Madrid &#8211; Manchester City (21.00 Uhr)<\/strong><\/em><\/p>\n\n\n\n<p><img loading=\"lazy\" decoding=\"async\" width=\"10\" height=\"21\" class=\"wp-image-3656\" style=\"width: 10px;\" src=\"http:\/\/kommentatorenblog.de\/wp-content\/uploads\/2020\/09\/shure-55sh-ii-e1601485394796.jpg\" alt=\"\" srcset=\"https:\/\/kommentatorenblog.de\/wp-content\/uploads\/2020\/09\/shure-55sh-ii-e1601485394796.jpg 415w, https:\/\/kommentatorenblog.de\/wp-content\/uploads\/2020\/09\/shure-55sh-ii-e1601485394796-142x300.jpg 142w\" sizes=\"auto, (max-width: 10px) 100vw, 10px\" \/> Jan Platte, Experte: Michael Ballack<\/p>\n\n\n\n<p>Field-Reporterin: Laura Wontorra<\/p>\n\n\n\n<p>Moderation (aus M\u00fcnchen): Daniel Herzog, Experte: Tim Borowski<\/p>\n\n\n\n<p><span style=\"text-decoration: underline;\">Mittwoch, 10. April 2024, ab 20.00 Uhr (DAZN)<\/span><\/p>\n\n\n\n<p><em><strong>Atletico Madrid &#8211; Borussia Dortmund (21.00 Uhr)<\/strong><\/em><\/p>\n\n\n\n<p><img loading=\"lazy\" decoding=\"async\" width=\"10\" height=\"21\" class=\"wp-image-3656\" style=\"width: 10px;\" src=\"http:\/\/kommentatorenblog.de\/wp-content\/uploads\/2020\/09\/shure-55sh-ii-e1601485394796.jpg\" alt=\"\" srcset=\"https:\/\/kommentatorenblog.de\/wp-content\/uploads\/2020\/09\/shure-55sh-ii-e1601485394796.jpg 415w, https:\/\/kommentatorenblog.de\/wp-content\/uploads\/2020\/09\/shure-55sh-ii-e1601485394796-142x300.jpg 142w\" sizes=\"auto, (max-width: 10px) 100vw, 10px\" \/> Jan Platte, Experte: Michael Ballack (Einzelspiel), Freddy Harder (Konferenz)<\/p>\n\n\n\n<p>Field-Reporterin: Laura Wontorra<\/p>\n\n\n\n<p><span style=\"text-decoration: underline;\">ab 20.50 Uhr (DAZN)<\/span><\/p>\n\n\n\n<p><em><strong>Paris Saint-Germain &#8211; FC Barcelona (21.00 Uhr)<\/strong><\/em><\/p>\n\n\n\n<p><img loading=\"lazy\" decoding=\"async\" width=\"10\" height=\"21\" class=\"wp-image-3656\" style=\"width: 10px;\" src=\"http:\/\/kommentatorenblog.de\/wp-content\/uploads\/2020\/09\/shure-55sh-ii-e1601485394796.jpg\" alt=\"\" srcset=\"https:\/\/kommentatorenblog.de\/wp-content\/uploads\/2020\/09\/shure-55sh-ii-e1601485394796.jpg 415w, https:\/\/kommentatorenblog.de\/wp-content\/uploads\/2020\/09\/shure-55sh-ii-e1601485394796-142x300.jpg 142w\" sizes=\"auto, (max-width: 10px) 100vw, 10px\" \/> Uli Hebel, Experte: Sebastian Knei\u00dfl (Einzelspiel), Tom Kirsten (Konferenz)<\/p>\n\n\n\n<p>Field-Reporter: Max Siebald<\/p>\n\n\n\n<p>Moderation (aus M\u00fcnchen): Daniel Herzog, Experte: Sebastian Knei\u00dfl<\/p>\n\n\n\n<hr class=\"wp-block-separator\"\/>\n\n\n\n<p><strong>Europa League \/ Europa Conference League, Viertelfinale-Hinspiele (RTL\/RTL+)<\/strong><\/p>\n\n\n\n<p><span style=\"text-decoration: underline;\">Donnerstag, 11. April 2024, ab 18.15 Uhr (RTL+)<\/span><\/p>\n\n\n\n<p><em><strong>Viktoria Pilsen \u2013 AC Florenz (18.45 Uhr)<\/strong><\/em><\/p>\n\n\n\n<p><img loading=\"lazy\" decoding=\"async\" width=\"10\" height=\"21\" class=\"wp-image-3656\" style=\"width: 10px;\" src=\"http:\/\/kommentatorenblog.de\/wp-content\/uploads\/2020\/09\/shure-55sh-ii-e1601485394796.jpg\" alt=\"\" srcset=\"https:\/\/kommentatorenblog.de\/wp-content\/uploads\/2020\/09\/shure-55sh-ii-e1601485394796.jpg 415w, https:\/\/kommentatorenblog.de\/wp-content\/uploads\/2020\/09\/shure-55sh-ii-e1601485394796-142x300.jpg 142w\" sizes=\"auto, (max-width: 10px) 100vw, 10px\" \/> Florian von Stackelberg (Einzelspiel), Peter Reichert (Konferenz)<\/p>\n\n\n\n<p><span style=\"text-decoration: underline;\">ab 18.15 Uhr (RTL+) bzw. ab 18.35 Uhr (Sky)<\/span><\/p>\n\n\n\n<p><em><strong>Olympiakos Pir\u00e4us \u2013 Fenerbahce Istanbul (18.45 Uhr)<\/strong><\/em><\/p>\n\n\n\n<p>RTL+\/Sky: <img loading=\"lazy\" decoding=\"async\" width=\"10\" height=\"21\" class=\"wp-image-3656\" style=\"width: 10px;\" src=\"http:\/\/kommentatorenblog.de\/wp-content\/uploads\/2020\/09\/shure-55sh-ii-e1601485394796.jpg\" alt=\"\" srcset=\"https:\/\/kommentatorenblog.de\/wp-content\/uploads\/2020\/09\/shure-55sh-ii-e1601485394796.jpg 415w, https:\/\/kommentatorenblog.de\/wp-content\/uploads\/2020\/09\/shure-55sh-ii-e1601485394796-142x300.jpg 142w\" sizes=\"auto, (max-width: 10px) 100vw, 10px\" \/> Rene Langhoff (Einzelspiel)<\/p>\n\n\n\n<p>RTL+: <img loading=\"lazy\" decoding=\"async\" width=\"10\" height=\"21\" class=\"wp-image-3656\" style=\"width: 10px;\" src=\"http:\/\/kommentatorenblog.de\/wp-content\/uploads\/2020\/09\/shure-55sh-ii-e1601485394796.jpg\" alt=\"\" srcset=\"https:\/\/kommentatorenblog.de\/wp-content\/uploads\/2020\/09\/shure-55sh-ii-e1601485394796.jpg 415w, https:\/\/kommentatorenblog.de\/wp-content\/uploads\/2020\/09\/shure-55sh-ii-e1601485394796-142x300.jpg 142w\" sizes=\"auto, (max-width: 10px) 100vw, 10px\" \/> Freddy Schulz (Konferenz)<\/p>\n\n\n\n<p><span style=\"text-decoration: underline;\">ab 20.45 Uhr (RTL\/RTL+)<\/span><\/p>\n\n\n\n<p><em><strong><span><b style=\"font-style: italic;\">Bayer 04 Leverkusen \u2013 West Ham United<\/b><\/span><\/strong><\/em> <em><strong>(21.00 Uhr)<\/strong><\/em><\/p>\n\n\n\n<p>RTL: <img loading=\"lazy\" decoding=\"async\" width=\"10\" height=\"21\" class=\"wp-image-3656\" style=\"width: 10px;\" src=\"http:\/\/kommentatorenblog.de\/wp-content\/uploads\/2020\/09\/shure-55sh-ii-e1601485394796.jpg\" alt=\"\" srcset=\"https:\/\/kommentatorenblog.de\/wp-content\/uploads\/2020\/09\/shure-55sh-ii-e1601485394796.jpg 415w, https:\/\/kommentatorenblog.de\/wp-content\/uploads\/2020\/09\/shure-55sh-ii-e1601485394796-142x300.jpg 142w\" sizes=\"auto, (max-width: 10px) 100vw, 10px\" \/> Marco Hagemann, Experte: Steffen Freund<\/p>\n\n\n\n<p>RTL+: <img loading=\"lazy\" decoding=\"async\" width=\"10\" height=\"21\" class=\"wp-image-3656\" style=\"width: 10px;\" src=\"http:\/\/kommentatorenblog.de\/wp-content\/uploads\/2020\/09\/shure-55sh-ii-e1601485394796.jpg\" alt=\"\" srcset=\"https:\/\/kommentatorenblog.de\/wp-content\/uploads\/2020\/09\/shure-55sh-ii-e1601485394796.jpg 415w, https:\/\/kommentatorenblog.de\/wp-content\/uploads\/2020\/09\/shure-55sh-ii-e1601485394796-142x300.jpg 142w\" sizes=\"auto, (max-width: 10px) 100vw, 10px\" \/> Robby Hunke, Experte: Felix Kroos (Einzelspiel), Klaus Veltman (Konferenz)<\/p>\n\n\n\n<p>Field-Reporter: Jonas Gerdes und Felix G\u00f6rner<\/p>\n\n\n\n<p>Moderation (RTL): Laura Papendick, Experte: Lothar Matth\u00e4us<\/p>\n\n\n\n<p><span style=\"text-decoration: underline;\">ab 20.40 Uhr (RTL+)<\/span><\/p>\n\n\n\n<p><em><strong>FC Liverpool \u2013 Atalanta Bergamo (21.00 Uhr)<\/strong><\/em><\/p>\n\n\n\n<p><img loading=\"lazy\" decoding=\"async\" width=\"10\" height=\"21\" class=\"wp-image-3656\" style=\"width: 10px;\" src=\"http:\/\/kommentatorenblog.de\/wp-content\/uploads\/2020\/09\/shure-55sh-ii-e1601485394796.jpg\" alt=\"\" srcset=\"https:\/\/kommentatorenblog.de\/wp-content\/uploads\/2020\/09\/shure-55sh-ii-e1601485394796.jpg 415w, https:\/\/kommentatorenblog.de\/wp-content\/uploads\/2020\/09\/shure-55sh-ii-e1601485394796-142x300.jpg 142w\" sizes=\"auto, (max-width: 10px) 100vw, 10px\" \/> Cornelius K\u00fcpper, Experte: Ansgar Brinkmann (Einzelspiel), Alex Klich (Konferenz)<\/p>\n\n\n\n<p>Field-Reporter: Thomas Wagner<\/p>\n\n\n\n<p><em><strong>AC Mailand \u2013 AS Rom (21.00 Uhr)<\/strong><\/em><\/p>\n\n\n\n<p><img loading=\"lazy\" decoding=\"async\" width=\"10\" height=\"21\" class=\"wp-image-3656\" style=\"width: 10px;\" src=\"http:\/\/kommentatorenblog.de\/wp-content\/uploads\/2020\/09\/shure-55sh-ii-e1601485394796.jpg\" alt=\"\" srcset=\"https:\/\/kommentatorenblog.de\/wp-content\/uploads\/2020\/09\/shure-55sh-ii-e1601485394796.jpg 415w, https:\/\/kommentatorenblog.de\/wp-content\/uploads\/2020\/09\/shure-55sh-ii-e1601485394796-142x300.jpg 142w\" sizes=\"auto, (max-width: 10px) 100vw, 10px\" \/> Oliver Seidler (Einzelspiel), J\u00fcrgen Schmitz (Konferenz)<\/p>\n\n\n\n<p><em><strong>Benfica Lissabon &#8211; Olympique Marseille (21.00 Uhr)<\/strong><\/em><\/p>\n\n\n\n<p><img loading=\"lazy\" decoding=\"async\" width=\"10\" height=\"21\" class=\"wp-image-3656\" style=\"width: 10px;\" src=\"http:\/\/kommentatorenblog.de\/wp-content\/uploads\/2020\/09\/shure-55sh-ii-e1601485394796.jpg\" alt=\"\" srcset=\"https:\/\/kommentatorenblog.de\/wp-content\/uploads\/2020\/09\/shure-55sh-ii-e1601485394796.jpg 415w, https:\/\/kommentatorenblog.de\/wp-content\/uploads\/2020\/09\/shure-55sh-ii-e1601485394796-142x300.jpg 142w\" sizes=\"auto, (max-width: 10px) 100vw, 10px\" \/> Stefan Galler (Einzelspiel), Stefan Fuckert (Konferenz)<\/p>\n\n\n\n<p><em><strong>Aston Villa FC \u2013 OSC Lille (21.00 Uhr)<\/strong><\/em><\/p>\n\n\n\n<p><img loading=\"lazy\" decoding=\"async\" width=\"10\" height=\"21\" class=\"wp-image-3656\" style=\"width: 10px;\" src=\"http:\/\/kommentatorenblog.de\/wp-content\/uploads\/2020\/09\/shure-55sh-ii-e1601485394796.jpg\" alt=\"\" srcset=\"https:\/\/kommentatorenblog.de\/wp-content\/uploads\/2020\/09\/shure-55sh-ii-e1601485394796.jpg 415w, https:\/\/kommentatorenblog.de\/wp-content\/uploads\/2020\/09\/shure-55sh-ii-e1601485394796-142x300.jpg 142w\" sizes=\"auto, (max-width: 10px) 100vw, 10px\" \/> Christoph Stadtler (Einzelspiel), Philip Konrad (Konferenz)<\/p>\n\n\n\n<p><span style=\"text-decoration: underline;\">ab 20.40 Uhr (RTL+) bzw. ab 20.50 Uhr (Sky)<\/span><\/p>\n\n\n\n<p><em><strong>Club Br\u00fcgge \u2013 PAOK Saloniki (21.00 Uhr)<\/strong><\/em><\/p>\n\n\n\n<p>RTL+\/Sky: <img loading=\"lazy\" decoding=\"async\" width=\"10\" height=\"21\" class=\"wp-image-3656\" style=\"width: 10px;\" src=\"http:\/\/kommentatorenblog.de\/wp-content\/uploads\/2020\/09\/shure-55sh-ii-e1601485394796.jpg\" alt=\"\" srcset=\"https:\/\/kommentatorenblog.de\/wp-content\/uploads\/2020\/09\/shure-55sh-ii-e1601485394796.jpg 415w, https:\/\/kommentatorenblog.de\/wp-content\/uploads\/2020\/09\/shure-55sh-ii-e1601485394796-142x300.jpg 142w\" sizes=\"auto, (max-width: 10px) 100vw, 10px\" \/> Michael Born (Einzelspiel)<\/p>\n\n\n\n<p>RTL+: <img loading=\"lazy\" decoding=\"async\" width=\"10\" height=\"21\" class=\"wp-image-3656\" style=\"width: 10px;\" src=\"http:\/\/kommentatorenblog.de\/wp-content\/uploads\/2020\/09\/shure-55sh-ii-e1601485394796.jpg\" alt=\"\" srcset=\"https:\/\/kommentatorenblog.de\/wp-content\/uploads\/2020\/09\/shure-55sh-ii-e1601485394796.jpg 415w, https:\/\/kommentatorenblog.de\/wp-content\/uploads\/2020\/09\/shure-55sh-ii-e1601485394796-142x300.jpg 142w\" sizes=\"auto, (max-width: 10px) 100vw, 10px\" \/> Christian Stra\u00dfburger (Konferenz)<\/p>\n\n\n\n<p>Moderation (RTL+): Anna Kraft, Experte: Patrick Helmes, Community-Host: Alessa-Luisa Naujoks<\/p>\n\n\n\n<hr class=\"wp-block-separator\"\/>\n\n\n\n<p><strong>3. Liga, Nachholspiel 25. Spieltag (Magenta Sport)<\/strong><\/p>\n\n\n\n<p><span style=\"text-decoration: underline;\">Mittwoch, 10. April 2024, ab 18.45 Uhr<\/span><\/p>\n\n\n\n<p><strong><em>1. FC Saarbr\u00fccken &#8211; SpVgg Unterhaching (19.00 Uhr)<\/em><\/strong><\/p>\n\n\n\n<p><img loading=\"lazy\" decoding=\"async\" width=\"10\" height=\"21\" class=\"wp-image-3656\" style=\"width: 10px;\" src=\"http:\/\/kommentatorenblog.de\/wp-content\/uploads\/2020\/09\/shure-55sh-ii-e1601485394796.jpg\" alt=\"\" srcset=\"https:\/\/kommentatorenblog.de\/wp-content\/uploads\/2020\/09\/shure-55sh-ii-e1601485394796.jpg 415w, https:\/\/kommentatorenblog.de\/wp-content\/uploads\/2020\/09\/shure-55sh-ii-e1601485394796-142x300.jpg 142w\" sizes=\"auto, (max-width: 10px) 100vw, 10px\" \/> Mario Bast<\/p>\n\n\n\n<p>Moderation: Cedric Pick<\/p>\n\n\n\n<hr class=\"wp-block-separator\"\/>\n\n\n\n<p><strong>Sky Bet Championship, 42. Spieltag (Sportdigital Fu\u00dfball)<\/strong><\/p>\n\n\n\n<p><span style=\"text-decoration: underline;\">Dienstag, 09. April 2024<\/span><\/p>\n\n\n\n<p><strong><em>Leeds United &#8211; AFC Sunderland (21.00 Uhr)<\/em><\/strong><\/p>\n\n\n\n<p><img loading=\"lazy\" decoding=\"async\" width=\"10\" height=\"21\" class=\"wp-image-3656\" style=\"width: 10px;\" src=\"http:\/\/kommentatorenblog.de\/wp-content\/uploads\/2020\/09\/shure-55sh-ii-e1601485394796.jpg\" alt=\"\" srcset=\"https:\/\/kommentatorenblog.de\/wp-content\/uploads\/2020\/09\/shure-55sh-ii-e1601485394796.jpg 415w, https:\/\/kommentatorenblog.de\/wp-content\/uploads\/2020\/09\/shure-55sh-ii-e1601485394796-142x300.jpg 142w\" sizes=\"auto, (max-width: 10px) 100vw, 10px\" \/> Karsten Linke<\/p>\n\n\n\n<p><span style=\"text-decoration: underline;\">Mittwoch, 10. April 2024<\/span><\/p>\n\n\n\n<p><strong><em>Swansea City &#8211; Stoke City (21.00 Uhr)<\/em><\/strong><\/p>\n\n\n\n<p><img loading=\"lazy\" decoding=\"async\" width=\"10\" height=\"21\" class=\"wp-image-3656\" style=\"width: 10px;\" src=\"http:\/\/kommentatorenblog.de\/wp-content\/uploads\/2020\/09\/shure-55sh-ii-e1601485394796.jpg\" alt=\"\" srcset=\"https:\/\/kommentatorenblog.de\/wp-content\/uploads\/2020\/09\/shure-55sh-ii-e1601485394796.jpg 415w, https:\/\/kommentatorenblog.de\/wp-content\/uploads\/2020\/09\/shure-55sh-ii-e1601485394796-142x300.jpg 142w\" sizes=\"auto, (max-width: 10px) 100vw, 10px\" \/> Martin Hahn<\/p>\n\n\n\n<hr class=\"wp-block-separator\"\/>\n\n\n\n<p><strong>Copa Libertadores, Gruppenphase, 2. Spieltag (Sport1+)<\/strong><\/p>\n\n\n\n<p><span style=\"text-decoration: underline;\">Dienstag, 09. April 2024, ab 23.55 Uhr<\/span><\/p>\n\n\n\n<p><strong><em>Estudiantes de La Plata <\/em><\/strong><em><strong>(ARG)<\/strong><\/em><strong><em> \u2013 Club The Strongest (BOL)<\/em><\/strong> <strong><em>(00.00 Uhr)<\/em><\/strong><\/p>\n\n\n\n<p><img loading=\"lazy\" decoding=\"async\" width=\"10\" height=\"21\" class=\"wp-image-3656\" style=\"width: 10px;\" src=\"http:\/\/kommentatorenblog.de\/wp-content\/uploads\/2020\/09\/shure-55sh-ii-e1601485394796.jpg\" alt=\"\" srcset=\"https:\/\/kommentatorenblog.de\/wp-content\/uploads\/2020\/09\/shure-55sh-ii-e1601485394796.jpg 415w, https:\/\/kommentatorenblog.de\/wp-content\/uploads\/2020\/09\/shure-55sh-ii-e1601485394796-142x300.jpg 142w\" sizes=\"auto, (max-width: 10px) 100vw, 10px\" \/> Christoph Fetzer<\/p>\n\n\n\n<p><span style=\"text-decoration: underline;\">Mittwoch, 10. April 2024, ab 01.55 Uhr<\/span><\/p>\n\n\n\n<p><strong><em>Fluminense Rio de Janeiro (BRA) \u2013 CSD Colo-Colo (CHI) (02.00 Uhr)<\/em><\/strong><\/p>\n\n\n\n<p><img loading=\"lazy\" decoding=\"async\" width=\"10\" height=\"21\" class=\"wp-image-3656\" style=\"width: 10px;\" src=\"http:\/\/kommentatorenblog.de\/wp-content\/uploads\/2020\/09\/shure-55sh-ii-e1601485394796.jpg\" alt=\"\" srcset=\"https:\/\/kommentatorenblog.de\/wp-content\/uploads\/2020\/09\/shure-55sh-ii-e1601485394796.jpg 415w, https:\/\/kommentatorenblog.de\/wp-content\/uploads\/2020\/09\/shure-55sh-ii-e1601485394796-142x300.jpg 142w\" sizes=\"auto, (max-width: 10px) 100vw, 10px\" \/> Tobi Fischbeck<\/p>\n\n\n\n<hr class=\"wp-block-separator\"\/>\n\n\n\n<p><strong>Die Analyse<\/strong><\/p>\n\n\n\n<p>Am morgigen Dienstag startet Prime Video um 20Uhr in das Champions League Viertelfinale. Die Bayern sind zu Gast in London bei FC Arsenal. Sebastian Hellmann meldet sich also bei seiner vorerst viertletzten Champions League Sendung aus dem Emirates. Die Expert:innenrunde ist nat\u00fcrlich mit Matthias Sammer besetzt, ebenso ist Tabea Kemme wie am Samstag an Hellmanns Seite und komplettiert wird die Runde von Ex Arsenal-Spieler und Weltmeister Shkodran Mustafi. Die restlichen Positionen sind klar, somit wird also Jonas Friedrich wie bereits am Wochenende die Bayern kommentieren.<\/p>\n\n\n\n<p>Parallel startet DAZN ab 20.30Uhr mit Daniel Herzog und Tim Borowski aus dem Studio\/der Box und stimmt auf das Spiel der beiden letzten Champions League Sieger ein. Doch auch in Madrid ist Personal des Streamingdienstes. Laura Wontorra und Michael Ballack melden sich vom Spielfeldrand und letzterer wird dann auch gemeinsam mit Jan Platte die 90 Minuten begleiten.<\/p>\n\n\n\n<p>Der Mittwoch l\u00e4uft dann wie gewohnt exklusiv auf DAZN, ab 20Uhr melden sich dabei Daniel Herzog und Sebastian Knei\u00dfl aus der Box und f\u00fchren durch den Abend. Die Reisegruppe Madrid (Wontorra, Ballack und Platte) macht eine Doppelschicht und meldet sich auch am zweiten Abend in Folge aus Madrid. Beim anderen Spiel ist einzig Max Siebald als Field-Reporter mit dabei, kommentiert wird das Einzelspiel dann von Uli Hebel und Sebastian Knei\u00dfl. In der Konferenz kommen zwei DAZN-Nordlichter zum Einsatz &#8211; Freddy Harder und Tom Kirsten!<\/p>\n\n\n\n<p>Der Europapokaldonnerstag startet wie gewohnt um 18.15Uhr auf RTL+. Anna Kraft f\u00fchrt hier gemeinsam mit Patrick Helmes durch den Abend. Zur fr\u00fchen Ansto\u00dfzeit warten dabei zwei Spiele der Conference League &#8211; eine Zweierkonferenz mit Peter Reichert und Freddy Schulz steht auf dem Programm. In der sp\u00e4ten Ansto\u00dfzeit sind dann mit Leverkusen, Liverpool und Milan die drei gro\u00dfen Favoriten im Einsatz. Mit Blick auf die Werkself meldet sich bei RTL die \u00fcbliche Crew, Interviews f\u00fchren Jonas Gerdes und Felix G\u00f6rner. Bei RTL+ gibts ebenfalls keine \u00dcberraschungen, mal schauen ob Robby Hunke wieder eine aufregende Nachspielzeit \u00fcbernehmen darf. Mit Blick auf die weiteren Einzelspiele \u00fcbernimmt u.a. Corni K\u00fcpper gemeinsam mit Ansgar Brinkmann Liverpool (wo Thomas Wagner erneut mit J\u00fcrgen Klopp sprechen wird) und Oliver Seidler das italienische Duell. In der Konferenz kommen die \u00fcblichen Verd\u00e4chtigen zum Einsatz, Klaus Veltman bleibt dabei der Werkself treu. <\/p>\n\n\n\n<p>Beim Frauen-L\u00e4nderspiel am Dienstag \u00fcbernimmt das ZDF mit keinerlei \u00dcberraschungen (Voss, Neumann und Lehmann) und auch bei Sportdigital und Magenta Sport gibts keine \u00dcberraschungen. Bis dahin, habt eine sch\u00f6ne Woche!<\/p>\n","protected":false},"excerpt":{"rendered":"<p>N&#8217;Abend allerseits, momentan habe ich aufgrund von Studium und zwei Jobs gleichzeitig leider nicht die Zeit f\u00fcr gro\u00dfartig vorbereitete Vorw\u00f6rter. Stattdessen will ich erstmal meine Vorfreude \u00fcber diese Woche mitteilen, da die Champions League in die hei\u00dfe Phase geht (und auch deutlich mehr aus dem Stadion \u00fcbertragen wird &#8211; dazu gleich mehr) und am Wochenende [&hellip;]<\/p>\n","protected":false},"author":5,"featured_media":0,"comment_status":"open","ping_status":"open","sticky":false,"template":"","format":"standard","meta":{"footnotes":""},"categories":[425],"tags":[],"class_list":["post-17355","post","type-post","status-publish","format-standard","hentry","category-champions-league-und-co"],"_links":{"self":[{"href":"https:\/\/kommentatorenblog.de\/index.php?rest_route=\/wp\/v2\/posts\/17355","targetHints":{"allow":["GET"]}}],"collection":[{"href":"https:\/\/kommentatorenblog.de\/index.php?rest_route=\/wp\/v2\/posts"}],"about":[{"href":"https:\/\/kommentatorenblog.de\/index.php?rest_route=\/wp\/v2\/types\/post"}],"author":[{"embeddable":true,"href":"https:\/\/kommentatorenblog.de\/index.php?rest_route=\/wp\/v2\/users\/5"}],"replies":[{"embeddable":true,"href":"https:\/\/kommentatorenblog.de\/index.php?rest_route=%2Fwp%2Fv2%2Fcomments&post=17355"}],"version-history":[{"count":7,"href":"https:\/\/kommentatorenblog.de\/index.php?rest_route=\/wp\/v2\/posts\/17355\/revisions"}],"predecessor-version":[{"id":17375,"href":"https:\/\/kommentatorenblog.de\/index.php?rest_route=\/wp\/v2\/posts\/17355\/revisions\/17375"}],"wp:attachment":[{"href":"https:\/\/kommentatorenblog.de\/index.php?rest_route=%2Fwp%2Fv2%2Fmedia&parent=17355"}],"wp:term":[{"taxonomy":"category","embeddable":true,"href":"https:\/\/kommentatorenblog.de\/index.php?rest_route=%2Fwp%2Fv2%2Fcategories&post=17355"},{"taxonomy":"post_tag","embeddable":true,"href":"https:\/\/kommentatorenblog.de\/index.php?rest_route=%2Fwp%2Fv2%2Ftags&post=17355"}],"curies":[{"name":"wp","href":"https:\/\/api.w.org\/{rel}","templated":true}]}}