{"id":17473,"date":"2024-04-22T17:08:55","date_gmt":"2024-04-22T16:08:55","guid":{"rendered":"https:\/\/kommentatorenblog.de\/?p=17473"},"modified":"2024-05-04T15:03:41","modified_gmt":"2024-05-04T14:03:41","slug":"1419-das-ist-einer-der-durchstarten-wird-interview-mit-karsten-linke-und-moritz-knorr-teil-1","status":"publish","type":"post","link":"https:\/\/kommentatorenblog.de\/?p=17473","title":{"rendered":"1419 &#8211; \u201cDas ist einer, der durchstarten wird\u201d \u2013 Interview mit Karsten Linke und Moritz Knorr (Teil 1)"},"content":{"rendered":"\n<p>N&#8217;Abend allerseits,<\/p>\n\n\n\n<p>ein junger, aufstrebender Kommentator, der seit zwei Jahren europ\u00e4ische Topligen f\u00fcr Sportdigital kommentiert und ein Kommentator, der in 34 Jahren als Institution in der Branche schon nahezu alles erlebt hat. Klingt nach einem spannenden Doppelinterview, zumal die beiden auch in einem Mentorenverh\u00e4ltnis stehen. <\/p>\n\n\n\n<div class=\"wp-block-columns is-layout-flex wp-container-core-columns-is-layout-1 wp-block-columns-is-layout-flex\">\n<div class=\"wp-block-column is-layout-flow wp-block-column-is-layout-flow\" style=\"flex-basis:50%\">\n<p>Und so kam es, dass wir vom Kommentatorenblog mit den beiden Sportdigital-Kommenatoren <strong>Karsten Linke<\/strong> <em>(linkes Foto)<\/em> und <strong>Moritz Knorr<\/strong> <em>(rechtes Foto)<\/em> sprechen konnten. Herausgekommen ist ein lesenswertes dreiteiliges Interview, das wir in n\u00e4chster Zeit nach und nach ver\u00f6ffentlichen. Heute gibt&#8217;s vor den Ansetzungen f\u00fcr die n\u00e4chsten Tage den ersten Teil:<\/p>\n<\/div>\n\n\n\n<div class=\"wp-block-column is-layout-flow wp-block-column-is-layout-flow\" style=\"flex-basis:20%\">\n<figure class=\"wp-block-image size-large\"><img loading=\"lazy\" decoding=\"async\" width=\"512\" height=\"1024\" src=\"https:\/\/kommentatorenblog.de\/wp-content\/uploads\/2024\/04\/Karsten-Linke-512x1024.jpeg\" alt=\"\" class=\"wp-image-17502\" srcset=\"https:\/\/kommentatorenblog.de\/wp-content\/uploads\/2024\/04\/Karsten-Linke-512x1024.jpeg 512w, https:\/\/kommentatorenblog.de\/wp-content\/uploads\/2024\/04\/Karsten-Linke-150x300.jpeg 150w, https:\/\/kommentatorenblog.de\/wp-content\/uploads\/2024\/04\/Karsten-Linke-768x1536.jpeg 768w, https:\/\/kommentatorenblog.de\/wp-content\/uploads\/2024\/04\/Karsten-Linke.jpeg 886w\" sizes=\"auto, (max-width: 512px) 100vw, 512px\" \/><\/figure>\n<\/div>\n\n\n\n<div class=\"wp-block-column is-layout-flow wp-block-column-is-layout-flow\" style=\"flex-basis:20%\">\n<figure class=\"wp-block-image size-large\"><img loading=\"lazy\" decoding=\"async\" width=\"511\" height=\"1024\" src=\"https:\/\/kommentatorenblog.de\/wp-content\/uploads\/2024\/04\/Moritz-Knorr-1-511x1024.jpeg\" alt=\"\" class=\"wp-image-17503\" srcset=\"https:\/\/kommentatorenblog.de\/wp-content\/uploads\/2024\/04\/Moritz-Knorr-1-511x1024.jpeg 511w, https:\/\/kommentatorenblog.de\/wp-content\/uploads\/2024\/04\/Moritz-Knorr-1-150x300.jpeg 150w, https:\/\/kommentatorenblog.de\/wp-content\/uploads\/2024\/04\/Moritz-Knorr-1.jpeg 665w\" sizes=\"auto, (max-width: 511px) 100vw, 511px\" \/><\/figure>\n<\/div>\n<\/div>\n\n\n\n<hr class=\"wp-block-separator is-style-default\"\/>\n\n\n\n<p><strong>Kommentatorenblog: Karsten und Moritz, wenn wir es richtig nachgeschaut haben, sprechen wir gerade mit 36 Jahren Berufserfahrung als Kommentator, die allerdings doch sehr ungleich verteilt sind. Nachdem ihr beide f\u00fcr <em>Sportdigital <\/em>kommentiert und so euch logischerweise auch relativ oft bei der Arbeit seht: Was macht Erfahrung in diesem Beruf aus?<\/strong><\/p>\n\n\n\n<p><strong><em>Moritz Knorr:<\/em><\/strong><em> <\/em>Ich w\u00fcrde sagen, vor allem beim Umgang mit Situationen, die weg sind vom Alltag, vom normalen Spielgeschehen. Dadurch, dass ich noch nicht die gro\u00dfe Erfahrung habe, sind Situationen f\u00fcr mich oftmals noch neu und ich muss intuitiv reagieren. Dagegen hat Karsten das Ding vielleicht schon siebenmal mitbekommen und wei\u00df: \u201eSo habe ich mich da verhalten; das war vielleicht gut; das war vielleicht schlecht\u201c. Durch seine Erfahrung kann er besser auf solche Situationen reagieren.<\/p>\n\n\n\n<p><strong><em>Karsten Linke: <\/em><\/strong>Ja, das ist immer etwas, das ich betone. Das habe ich auch Moritz mit auf den Weg gegeben: eine Notfallkarte. Also zu wissen, was ich im Notfall mache: Spielunterbrechung, weil das Flutlicht ausf\u00e4llt, wegen Schneefalls, weil Hunde auf das Spielfeld rennen. Sowas habe ich nat\u00fcrlich deutlich h\u00e4ufiger erlebt.<br>Erfahrung k\u00f6nnte bei mir aber auch negativ sein, weil du so erfahren bist und dann denkst: \u201eKann ich, mach ich, weiss ich!\u201c.<br>Bedeutet im Umkehrschluss: \u201cBin ich genauso gut vorbereitet wie Moritz bei Spiel Nummer 50, 60 oder 70?\u201d Da ist nat\u00fcrlich eine ganz andere Euphorie drin, das vorzubereiten, um es dann auch zu transportieren. Und ich k\u00f6nnte ja sagen bei Spiel 5812: \u201cNaja, schon dreimal gemacht die Mannschaft. Muss ich das noch vorbereiten?\u201d Ja, tue ich! Mache ich! Ist eine Frage von Charakter. Ist eine Grundeinstellung, hat etwas mit Ethos zu tun.&nbsp;<\/p>\n\n\n\n<p><strong>Apropos Vorbereitung: Ihr habt ja bei <\/strong><strong><em>Sportdigital <\/em><\/strong><strong>ein sehr breites Portfolio mit sehr vielen Wettbewerben. In der portugiesischen oder der niederl\u00e4ndischen Liga kommt ihr mutma\u00dflich besser an Informationen. Aber ich kann mir vorstellen, bei der J-League oder anderen Ligen ist die Informationslage vermutlich ein bisschen schwieriger. Wie unterschiedlich sieht da die Vorbereitung aus?<\/strong><\/p>\n\n\n\n<p><strong><em>Moritz Knorr: <\/em><\/strong>Prinzipiell ist es bei mir relativ gleich, weil ich immer meinen Leitfaden habe. Ich schaue mir erst die Vorberichte an, die die Vereine auf den Homepages posten. Dann schaue ich die portugiesischen oder niederl\u00e4ndischen Medien durch, um zu sehen, was da geschrieben wird. Und ich gucke mir die einzelnen Spieler an, die sportliche Situation an, die Verletzungssituation an und so weiter. Das arbeite ich eigentlich alles einmal durch.<br>Jetzt habt ihr nat\u00fcrlich vollkommen Recht, dass man in unterschiedlichen L\u00e4ndern unterschiedlich gut an Informationen kommt. Zumindest, wenn man den gleichen Aufwand betreibt. Aber zum Beispiel der Kollege, der bei uns h\u00e4ufig Tschechien oder Polen macht, hat dort Kontakte. Einen Lehrer, der dort an einem deutschsprachigen Gymnasium arbeitet, nat\u00fcrlich viel mehr in den Wettbewerben drin ist und wo er sich dar\u00fcber eben die Infos holt.<\/p>\n\n\n\n<p><strong><em>Karsten Linke: <\/em><\/strong>Wie Moritz gerade schon gesagt hat, du hast eine Struktur. Diese Struktur arbeitest du durch \u2013 egal welche Liga. Dann hast du ein Basispaket. Dann ist nat\u00fcrlich die Frage: \u201cWie h\u00fcbsch ich das auf, wie pimp ich das? Wie kriege ich dann Upgrade hin?\u201d Kontakte, Netzwerk sind das A und O. Bei den Ligen, die neu zu uns kommen, denke ich erstmal immer kulinarisch: \u201eOkay, J-League, japanisch. Also gucke ich mal, wen kenne ich, der hier in einem Restaurant arbeitet und diese Sprache spricht. Hat der dann m\u00f6glicherweise eine Affinit\u00e4t zum Fu\u00dfball und kann mir m\u00f6glicherweise Informationen geben?\u201d<br>Ich habe hier einen Grill um die Ecke, unser lieber Freund, der T\u00fcrke ist. Als wir den t\u00fcrkischen Pokal im Programm hatten, bin zu ihm gegangen und habe ihn gebeten: &#8222;Ali, sprich mir mal alle Spieler der beiden Mannschaften zweimal runter, damit ich wei\u00df, wie die ausgesprochen werden.\u201d<br>Das ist dann der zus\u00e4tzliche Aufwand, den wir in anderen Ligen nicht betreiben m\u00fcssen, weil wir drin sind. Also im t\u00fcrkischen Fu\u00dfball beispielsweise sprichst du bei T\u00fcrken nur den Vornamen aus. Aber wenn Mehmet auf Moritz spielt ist das falsch -\u2013 sondern Mehmet spielt dann auf Knorr, weil dieser wieder kein T\u00fcrke ist. Das sind so Feinheiten, die du dann irgendwann heraus arbeitest und das ist dann der Mehrwert f\u00fcr den Zuschauer.<\/p>\n\n\n\n<p><strong>Und welche von all euren Ligen bei <\/strong><strong><em>Sportdigital <\/em><\/strong><strong>ist die schwierigste in der Vorbereitung?&nbsp;<\/strong><\/p>\n\n\n\n<p><strong><em>Karsten Linke: <\/em><\/strong>Ich tue mich schwer mit Tschechien. <em>(beide lachen)<\/em><\/p>\n\n\n\n<p><strong><em>Moritz Knorr: <\/em><\/strong>Tschechien, Polen, die ganzen L\u00e4nder aus Osteuropa, wo du Konsonant an Konsonant hast und wo du dann auch Namen raten m\u00fcsstest. Da siehst du dann mal ein \u201eWL\u201c im Namen und dann wird es mal so ausgesprochen und mal wieder anders ausgesprochen. Das ist meiner Meinung nach schon das Anspruchsvollste, was die Namen angeht.<\/p>\n\n\n\n<p><strong><em>Karsten Linke: <\/em><\/strong>Du hast ja auch schon den Lehrer angesprochen. Er ist Deutscher und unterrichtet seit f\u00fcnf, sechs Jahren in Tschechien. Und selbst nach dieser Zeit ist er im Tschechischen nicht 100% drin. Ein Lehrer, der da unterrichtet! Wie sollen wir dann Namen in der Schnelligkeit fl\u00fcssig aussprechen?<br>Also in Tschechien tue ich mich auch echt schwer, muss ich wirklich gestehen. Dennoch ist es dann wieder die Herausforderung und der Anspruch: \u201eWenn ich das Spiel habe, dann mache ich es auch gut!\u201c<\/p>\n\n\n\n<p><strong>Nat\u00fcrlich geh\u00f6rt zum Beruf des Kommentators noch viel mehr als das Aussprechen von Namen. <\/strong><strong><br><\/strong><strong>Moritz, du bist bei Karsten zum Einstieg in dein Kommentatorenleben in das Mentorenprogramm von Karsten bei <\/strong><strong><em>Coachremotely <\/em><\/strong><strong>gegangen. Was war f\u00fcr dich der Grund, in Karstens Programm zu gehen?<\/strong><\/p>\n\n\n\n<p><strong><em>Moritz Knorr: <\/em><\/strong>Ich bin immer jemand, der versucht, sich stetig zu verbessern. Ich habe vorher auch schon kommentiert, bei <em>Flashscore<\/em> und bei <em>Bet365<\/em>. Und dann habe ich gemerkt: \u201cDu bist grad an einem Punkt, wo du praktische Erfahrungen sammeln kannst, aber nicht so richtig den n\u00e4chsten Step bekommst.\u201d Dann habe ich <em>Coachremotely <\/em>gefunden und erstmal mit Flo von Stackelberg geschrieben und gefragt, ob der das empfehlen kann, weil er das Programm schon gemacht hatte. Und Flo meinte dann: \u201cJa, auf jeden Fall! Du bekommst ganz viele Tipps mit an die Hand und auch die M\u00f6glichkeit, dich \u00fcber das Bootcamp hinaus weiterentwickeln zu k\u00f6nnen.\u201d<br>Das war bei mir dann auch so. Ich habe ja st\u00e4ndig gefragt: \u201eHey, wie sieht es aus? Kannst du mich mal mitnehmen zu Sportdigital? Kann ich mir das alles mal anschauen?\u201c<br>Ich habe es einfach als sehr, sehr gute Chance und M\u00f6glichkeit gesehen,irgendwann den n\u00e4chsten Schritt machen zu k\u00f6nnen. Sowohl durch das, was ich in dem Bootcamp dazulerne, als auch durch die Kontakte, die ich dadurch gewinnen kann.<\/p>\n\n\n\n<p><strong>Und bei dir Karsten? Wann merkst du, wenn ein junger Kollege wie Moritz bei dir im Bootcamp oder dar\u00fcber hinaus in eurem Mentorenprogramm das Potenzial hat, auch wirklich dein Kollege zu werden?<\/strong><\/p>\n\n\n\n<p><strong><em>Karsten Linke: <\/em><\/strong>Die Kollegen wie Moritz m\u00fcssen sich bewerben. Also sie sollen ein Anschreiben machen und nicht nur sagen: \u201eHallo, ich kann&#8217;s. Ich wei\u00df, ich bin der Beste. Nehmt mich.\u201c Davon kriegen mein Coach-Partner Alex Zirinski und ich acht von zehn. Damit wird\u2019s schwierig! <em>(lacht)<\/em><br>Ein gutes Anschreiben hat eine Struktur, ist fundiert: \u201cWarum? Seit wann mache ich das? Wo will ich hin?\u201d<br>Moritz hatte damals geschrieben, er wolle der zweite Uwe Bahn werden. Das ist ein Kollege beim NDR. Nach seinem Text wussten wir, mit ihm sprechen wir. Der Erstkontakt ist dann ein Gespr\u00e4ch. Da siehst du dann ja, wie er r\u00fcberkommt, wenn er mit Leuten spricht. Es geht ja um die menschliche Geschichte, ob er erz\u00e4hlen kann und eine vern\u00fcnftige Wortwahl hat. Auch: Wei\u00df er, wovon er spricht? Tr\u00e4umt er? Ist das alles unrealistisch, was er vorhat?&nbsp;<\/p>\n\n\n\n<p>Bei Moritz hat man schnell gemerkt, wie er sich gibt als Mensch: sehr entspannt, sehr ruhig, nicht gro\u00dfkotzig. Da hab ich ihm auch fr\u00fch gesagt: \u201eWenn du geduldig und dem\u00fctig bleibst bei all dem was du tust, dann steht dir die ganze Welt offen \u2013 weil du einfach wunderbare Anlagen hast.\u201c<br>Wenn ich das erkenne und sehe, dann f\u00f6rdere ich diese Leute. Die kriegen alles von mir. Das nutzt Moritz auch richtig aus \u2013 und das soll er auch. Ich habe in seinem Alter \u00e4hnlich profitieren k\u00f6nnen und das Wissen, das wir jetzt haben, kriegt halt jetzt er zur\u00fcck mit dem, was er mich fragt, was ich weitergeben kann.<br>F\u00fcr mich und auch meinen Partner Alex war bei Moritz sofort klar: \u201cDas ist einer, der durchstarten wird!&#8220; Das ist ein Gef\u00fchl plus, wie sich die Menschen dann letztendlich in so einem Bootcamp pr\u00e4sentieren.<\/p>\n\n\n\n<p><strong>Jetzt hast du relativ viele junge Menschen bei dir im Bootcamp oder auch in den anderen Programmen. Wenn du so viele ausbildest: Hast du nicht Angst, dass sie dir irgendwann alle deinen Job wegnehmen?<\/strong><\/p>\n\n\n\n<p><strong><em>Karsten Linke: <\/em><\/strong>Das werde ich ganz h\u00e4ufig gefragt. Dann sage ich immer \u201cN\u00f6!\u201d<br>Weil ich dann doch die Erfahrung und bevor sie diese Erfahrung von so vielen Livestunden haben, braucht das ein bisschen. Und dann ist nat\u00fcrlich immer die Frage, wie die Rechtesituation gerade ist. Also, welche Player es am Markt gibt. Zu meiner Zeit gab es ein paar Fernsehsender, heute gibt es gef\u00fchlt 200 Plattform, auf denen du dich pr\u00e4sentieren kannst.<br>Ich sehe es eher als eine Selbstverst\u00e4ndlichkeit, jungen Menschen das zur\u00fcckzugeben, was ich als 25-J\u00e4hriger an Wissen von anderen Menschen bekommen habe. Und die haben damals ja auch nicht gedacht, ich w\u00fcrde deren Job wegnehmen. Und so ist es bei mir auch.<br>Das hat dann auch noch nichts mit \u00dcberheblichkeit zu tun, sondern es gibt genug zu tun f\u00fcr uns Kommentatoren. Es gibt genug Plattformen.&nbsp;<\/p>\n\n\n\n<p class=\"has-background\" style=\"background-color:#e6e8ea\"><strong><em>Dieses Gespr\u00e4ch f\u00fchrten Nico Manstein und Johannes Danzer. <\/em><\/strong><br><em>Im zweiten Teil des Interviews, der voraussichtlich am Donnerstag erscheint, geht es u.a. um Ver\u00e4nderungen im Business und Karrierehighlights.<\/em><\/p>\n\n\n\n<hr class=\"wp-block-separator is-style-default\"\/>\n\n\n\n<p><strong><em>Die Ansetzungen vom 23. April 2024 bis 25. April 2024:<\/em><\/strong><\/p>\n\n\n\n<hr class=\"wp-block-separator is-style-default\"\/>\n\n\n\n<p><strong>3. Liga (GER), Nachholspiel (Magenta Sport)<\/strong><\/p>\n\n\n\n<p><span style=\"text-decoration: underline;\">Mittwoch, 24. April 2024, ab 18.30 Uhr<\/span><\/p>\n\n\n\n<p><strong style=\"font-style: italic;\"><em><strong>1. FC Saarbr\u00fccken <\/strong><\/em><strong><em><span><b style=\"font-style: italic;\">\u2013<\/b><\/span><\/em><\/strong><\/strong> <em><strong>Rot-Weiss Essen (19.00 Uhr)<\/strong><\/em> <br><img loading=\"lazy\" decoding=\"async\" width=\"10\" height=\"21\" class=\"wp-image-3656\" style=\"width: 10px;\" src=\"http:\/\/kommentatorenblog.de\/wp-content\/uploads\/2020\/09\/shure-55sh-ii-e1601485394796.jpg\" alt=\"\" srcset=\"https:\/\/kommentatorenblog.de\/wp-content\/uploads\/2020\/09\/shure-55sh-ii-e1601485394796.jpg 415w, https:\/\/kommentatorenblog.de\/wp-content\/uploads\/2020\/09\/shure-55sh-ii-e1601485394796-142x300.jpg 142w\" sizes=\"auto, (max-width: 10px) 100vw, 10px\" \/> Michael Bollenbacher<br>Moderation: Alexander K\u00fcpper, Experte: Martin Lanig<\/p>\n\n\n\n<hr class=\"wp-block-separator is-style-default\"\/>\n\n\n\n<p><strong>Sachsenpokal (GER), Halbfinale (MDR)<\/strong><\/p>\n\n\n\n<p><span style=\"text-decoration: underline;\">Mittwoch, 24. April 2024, ab 20.15 Uhr<\/span><\/p>\n\n\n\n<p><strong style=\"font-style: italic;\"><em><strong>FSV Zwickau <\/strong><\/em><strong><em><span><b style=\"font-style: italic;\">\u2013<\/b><\/span><\/em><\/strong><\/strong> <em><strong>SG Dynamo Dresden (20.20 Uhr)<\/strong><\/em> <br><img loading=\"lazy\" decoding=\"async\" width=\"10\" height=\"21\" class=\"wp-image-3656\" style=\"width: 10px;\" src=\"http:\/\/kommentatorenblog.de\/wp-content\/uploads\/2020\/09\/shure-55sh-ii-e1601485394796.jpg\" alt=\"\" srcset=\"https:\/\/kommentatorenblog.de\/wp-content\/uploads\/2020\/09\/shure-55sh-ii-e1601485394796.jpg 415w, https:\/\/kommentatorenblog.de\/wp-content\/uploads\/2020\/09\/shure-55sh-ii-e1601485394796-142x300.jpg 142w\" sizes=\"auto, (max-width: 10px) 100vw, 10px\" \/> Eik Galley<br>Moderation: Stephanie M\u00fcller-Spirra, Experten: Toni Wachsmuth und Benny Kirsten, Field-Reporterin: Eike Papsdorf<\/p>\n\n\n\n<hr class=\"wp-block-separator is-style-default\"\/>\n\n\n\n<p><strong>Premier League (ENG), Nachholspiele (Sky\/RTL+)<\/strong><\/p>\n\n\n\n<p><span style=\"text-decoration: underline;\">Dienstag, 23. April 2024, ab 20.50 Uhr (Sky)<\/span><\/p>\n\n\n\n<p><strong style=\"font-style: italic;\"><em><strong>FC Arsenal <\/strong><\/em><strong><em><span><b style=\"font-style: italic;\">\u2013<\/b><\/span><\/em><\/strong><\/strong> <em><strong>FC Chelsea (21.00 Uhr)<\/strong><\/em> <br><img loading=\"lazy\" decoding=\"async\" width=\"10\" height=\"21\" class=\"wp-image-3656\" style=\"width: 10px;\" src=\"http:\/\/kommentatorenblog.de\/wp-content\/uploads\/2020\/09\/shure-55sh-ii-e1601485394796.jpg\" alt=\"\" srcset=\"https:\/\/kommentatorenblog.de\/wp-content\/uploads\/2020\/09\/shure-55sh-ii-e1601485394796.jpg 415w, https:\/\/kommentatorenblog.de\/wp-content\/uploads\/2020\/09\/shure-55sh-ii-e1601485394796-142x300.jpg 142w\" sizes=\"auto, (max-width: 10px) 100vw, 10px\" \/> Joachim Hebel<\/p>\n\n\n\n<p><span style=\"text-decoration: underline;\">Mittwoch, 24. April 2024, ab 20.30 Uhr (Sky)<\/span><\/p>\n\n\n\n<p><strong style=\"font-style: italic;\"><em><strong>FC Everton <\/strong><\/em><strong><em><span><b style=\"font-style: italic;\">\u2013<\/b><\/span><\/em><\/strong><\/strong> <em><strong>FC Liverpool (21.00 Uhr)<\/strong><\/em> <br><img loading=\"lazy\" decoding=\"async\" width=\"10\" height=\"21\" class=\"wp-image-3656\" style=\"width: 10px;\" src=\"http:\/\/kommentatorenblog.de\/wp-content\/uploads\/2020\/09\/shure-55sh-ii-e1601485394796.jpg\" alt=\"\" srcset=\"https:\/\/kommentatorenblog.de\/wp-content\/uploads\/2020\/09\/shure-55sh-ii-e1601485394796.jpg 415w, https:\/\/kommentatorenblog.de\/wp-content\/uploads\/2020\/09\/shure-55sh-ii-e1601485394796-142x300.jpg 142w\" sizes=\"auto, (max-width: 10px) 100vw, 10px\" \/> Toni Tomic, Experte: Ren\u00e9 Adler<br>Field-Reporter: Raphael Honigstein<\/p>\n\n\n\n<p><span style=\"text-decoration: underline;\">ab 20.35 Uhr (Sky)<\/span><\/p>\n\n\n\n<p><strong style=\"font-style: italic;\"><em><strong>Wolverhampton Wanderers <\/strong><\/em><strong><em><span><b style=\"font-style: italic;\">\u2013<\/b><\/span><\/em><\/strong><\/strong> <em><strong>AFC Bournemouth (20.45 Uhr)<\/strong><\/em> <br><img loading=\"lazy\" decoding=\"async\" width=\"10\" height=\"21\" class=\"wp-image-3656\" style=\"width: 10px;\" src=\"http:\/\/kommentatorenblog.de\/wp-content\/uploads\/2020\/09\/shure-55sh-ii-e1601485394796.jpg\" alt=\"\" srcset=\"https:\/\/kommentatorenblog.de\/wp-content\/uploads\/2020\/09\/shure-55sh-ii-e1601485394796.jpg 415w, https:\/\/kommentatorenblog.de\/wp-content\/uploads\/2020\/09\/shure-55sh-ii-e1601485394796-142x300.jpg 142w\" sizes=\"auto, (max-width: 10px) 100vw, 10px\" \/> Markus Gaupp<\/p>\n\n\n\n<p><span style=\"text-decoration: underline;\">ab 20.50 Uhr (Sky)<\/span><\/p>\n\n\n\n<p><strong style=\"font-style: italic;\"><em><strong>Manchester United <\/strong><\/em><strong><em><span><b style=\"font-style: italic;\">\u2013<\/b><\/span><\/em><\/strong><\/strong> <em><strong>Sheffield United (21.00 Uhr)<\/strong><\/em> <br><img loading=\"lazy\" decoding=\"async\" width=\"10\" height=\"21\" class=\"wp-image-3656\" style=\"width: 10px;\" src=\"http:\/\/kommentatorenblog.de\/wp-content\/uploads\/2020\/09\/shure-55sh-ii-e1601485394796.jpg\" alt=\"\" srcset=\"https:\/\/kommentatorenblog.de\/wp-content\/uploads\/2020\/09\/shure-55sh-ii-e1601485394796.jpg 415w, https:\/\/kommentatorenblog.de\/wp-content\/uploads\/2020\/09\/shure-55sh-ii-e1601485394796-142x300.jpg 142w\" sizes=\"auto, (max-width: 10px) 100vw, 10px\" \/> Uli Hebel<\/p>\n\n\n\n<p><strong style=\"font-style: italic;\"><em><strong>Crystal Palace <\/strong><\/em><strong><em><span><b style=\"font-style: italic;\">\u2013<\/b><\/span><\/em><\/strong><\/strong> <em><strong>Newcastle United (21.00 Uhr)<\/strong><\/em> <br><img loading=\"lazy\" decoding=\"async\" width=\"10\" height=\"21\" class=\"wp-image-3656\" style=\"width: 10px;\" src=\"http:\/\/kommentatorenblog.de\/wp-content\/uploads\/2020\/09\/shure-55sh-ii-e1601485394796.jpg\" alt=\"\" srcset=\"https:\/\/kommentatorenblog.de\/wp-content\/uploads\/2020\/09\/shure-55sh-ii-e1601485394796.jpg 415w, https:\/\/kommentatorenblog.de\/wp-content\/uploads\/2020\/09\/shure-55sh-ii-e1601485394796-142x300.jpg 142w\" sizes=\"auto, (max-width: 10px) 100vw, 10px\" \/> Marcel Meinert<\/p>\n\n\n\n<p><span style=\"text-decoration: underline;\">Donnerstag, 25. April 2024, ab 20.50 Uhr (Sky\/RTL+)<\/span><\/p>\n\n\n\n<p><strong style=\"font-style: italic;\"><em><strong>Brighton &amp; Hove Albion <\/strong><\/em><strong><em><span><b style=\"font-style: italic;\">\u2013<\/b><\/span><\/em><\/strong><\/strong> <em><strong>Manchester City (21.00 Uhr)<\/strong><\/em> <br><img loading=\"lazy\" decoding=\"async\" width=\"10\" height=\"21\" class=\"wp-image-3656\" style=\"width: 10px;\" src=\"http:\/\/kommentatorenblog.de\/wp-content\/uploads\/2020\/09\/shure-55sh-ii-e1601485394796.jpg\" alt=\"\" srcset=\"https:\/\/kommentatorenblog.de\/wp-content\/uploads\/2020\/09\/shure-55sh-ii-e1601485394796.jpg 415w, https:\/\/kommentatorenblog.de\/wp-content\/uploads\/2020\/09\/shure-55sh-ii-e1601485394796-142x300.jpg 142w\" sizes=\"auto, (max-width: 10px) 100vw, 10px\" \/> Marcel Meinert<\/p>\n\n\n\n<hr class=\"wp-block-separator is-style-default\"\/>\n\n\n\n<p><strong>EFL Championship (ENG), Nachholspiele (Sportdigital Fu\u00dfball)<\/strong><\/p>\n\n\n\n<p><span style=\"text-decoration: underline;\">Dienstag, 23. April 2024, ab 20.50 Uhr<\/span><\/p>\n\n\n\n<p><strong style=\"font-style: italic;\"><em><strong>Leicester City <\/strong><\/em><strong><em><span><b style=\"font-style: italic;\">\u2013<\/b><\/span><\/em><\/strong><\/strong> <em><strong>FC Southampton (21.00 Uhr)<\/strong><\/em> <br><img loading=\"lazy\" decoding=\"async\" width=\"10\" height=\"21\" class=\"wp-image-3656\" style=\"width: 10px;\" src=\"http:\/\/kommentatorenblog.de\/wp-content\/uploads\/2020\/09\/shure-55sh-ii-e1601485394796.jpg\" alt=\"\" srcset=\"https:\/\/kommentatorenblog.de\/wp-content\/uploads\/2020\/09\/shure-55sh-ii-e1601485394796.jpg 415w, https:\/\/kommentatorenblog.de\/wp-content\/uploads\/2020\/09\/shure-55sh-ii-e1601485394796-142x300.jpg 142w\" sizes=\"auto, (max-width: 10px) 100vw, 10px\" \/> Marvin Kirsch<\/p>\n\n\n\n<hr class=\"wp-block-separator is-style-default\"\/>\n\n\n\n<p><strong>Coppa Italia (ITA), Halbfinal-R\u00fcckspiele (DAZN)<\/strong><\/p>\n\n\n\n<p><span style=\"text-decoration: underline;\">Dienstag, 23. April 2024<\/span><\/p>\n\n\n\n<p><strong style=\"font-style: italic;\"><em><strong>Lazio Rom <\/strong><\/em><strong><em><span><b style=\"font-style: italic;\">\u2013<\/b><\/span><\/em><\/strong><\/strong> <em><strong>Juventus Turin (21.00 Uhr<\/strong>, Agg. 0:2<strong>)<\/strong><\/em> <br><img loading=\"lazy\" decoding=\"async\" width=\"10\" height=\"21\" class=\"wp-image-3656\" style=\"width: 10px;\" src=\"http:\/\/kommentatorenblog.de\/wp-content\/uploads\/2020\/09\/shure-55sh-ii-e1601485394796.jpg\" alt=\"\" srcset=\"https:\/\/kommentatorenblog.de\/wp-content\/uploads\/2020\/09\/shure-55sh-ii-e1601485394796.jpg 415w, https:\/\/kommentatorenblog.de\/wp-content\/uploads\/2020\/09\/shure-55sh-ii-e1601485394796-142x300.jpg 142w\" sizes=\"auto, (max-width: 10px) 100vw, 10px\" \/> Nico Seepe<\/p>\n\n\n\n<p><span style=\"text-decoration: underline;\">Mittwoch, 24. April 2024<\/span><\/p>\n\n\n\n<p><strong style=\"font-style: italic;\"><em><strong>Atalanta Bergamo <\/strong><\/em><strong><em><span><b style=\"font-style: italic;\">\u2013<\/b><\/span><\/em><\/strong><\/strong> <em><strong>AC Florenz (21.00 Uhr<\/strong>, Agg. 0:1<strong>)<\/strong><\/em> <br><img loading=\"lazy\" decoding=\"async\" width=\"10\" height=\"21\" class=\"wp-image-3656\" style=\"width: 10px;\" src=\"http:\/\/kommentatorenblog.de\/wp-content\/uploads\/2020\/09\/shure-55sh-ii-e1601485394796.jpg\" alt=\"\" srcset=\"https:\/\/kommentatorenblog.de\/wp-content\/uploads\/2020\/09\/shure-55sh-ii-e1601485394796.jpg 415w, https:\/\/kommentatorenblog.de\/wp-content\/uploads\/2020\/09\/shure-55sh-ii-e1601485394796-142x300.jpg 142w\" sizes=\"auto, (max-width: 10px) 100vw, 10px\" \/> Mario Rieker<\/p>\n\n\n\n<hr class=\"wp-block-separator\"\/>\n\n\n\n<p><strong>Serie A, 32. Spieltag (DAZN)<\/strong><\/p>\n\n\n\n<p><span style=\"text-decoration: underline;\">Donnerstag, 25. April 2024<\/span><\/p>\n\n\n\n<p><strong><em>Udinese Calcio &#8211; AS Rom (20.00 Uhr) <\/em><\/strong><em>(Fortsetzung des Spiels vom 14. April ab 71. Min. beim Stand von 1:1)<\/em><br><img loading=\"lazy\" decoding=\"async\" width=\"10\" height=\"21\" class=\"wp-image-3656\" style=\"width: 10px;\" src=\"http:\/\/kommentatorenblog.de\/wp-content\/uploads\/2020\/09\/shure-55sh-ii-e1601485394796.jpg\" alt=\"\" srcset=\"https:\/\/kommentatorenblog.de\/wp-content\/uploads\/2020\/09\/shure-55sh-ii-e1601485394796.jpg 415w, https:\/\/kommentatorenblog.de\/wp-content\/uploads\/2020\/09\/shure-55sh-ii-e1601485394796-142x300.jpg 142w\" sizes=\"auto, (max-width: 10px) 100vw, 10px\" \/> Matthias Naebers<\/p>\n\n\n\n<hr class=\"wp-block-separator is-style-default\"\/>\n\n\n\n<p><strong>Eredivisie (NED), 31. Spieltag (Sportdigital Fu\u00dfball)<\/strong><\/p>\n\n\n\n<p><span style=\"text-decoration: underline;\">Mittwoch, 24. April 2024, ab 20.50 Uhr<\/span><\/p>\n\n\n\n<p><strong style=\"font-style: italic;\"><em><strong>Ajax Amsterdam <\/strong><\/em><strong><em><span><b style=\"font-style: italic;\">\u2013<\/b><\/span><\/em><\/strong><\/strong> <em><strong>Excelsior Rotterdam (21.00 Uhr)<\/strong><\/em> <br><img loading=\"lazy\" decoding=\"async\" width=\"10\" height=\"21\" class=\"wp-image-3656\" style=\"width: 10px;\" src=\"http:\/\/kommentatorenblog.de\/wp-content\/uploads\/2020\/09\/shure-55sh-ii-e1601485394796.jpg\" alt=\"\" srcset=\"https:\/\/kommentatorenblog.de\/wp-content\/uploads\/2020\/09\/shure-55sh-ii-e1601485394796.jpg 415w, https:\/\/kommentatorenblog.de\/wp-content\/uploads\/2020\/09\/shure-55sh-ii-e1601485394796-142x300.jpg 142w\" sizes=\"auto, (max-width: 10px) 100vw, 10px\" \/> Jonathan Dreier<\/p>\n\n\n\n<p><span style=\"text-decoration: underline;\">Donnerstag, 25. April 2024, ab 18.35 Uhr<\/span><\/p>\n\n\n\n<p><strong style=\"font-style: italic;\"><em><strong>SC Heerenveen <\/strong><\/em><strong><em><span><b style=\"font-style: italic;\">\u2013<\/b><\/span><\/em><\/strong><\/strong> <em><strong>PSV Eindhoven (18.45 Uhr)<\/strong><\/em> <br><img loading=\"lazy\" decoding=\"async\" width=\"10\" height=\"21\" class=\"wp-image-3656\" style=\"width: 10px;\" src=\"http:\/\/kommentatorenblog.de\/wp-content\/uploads\/2020\/09\/shure-55sh-ii-e1601485394796.jpg\" alt=\"\" srcset=\"https:\/\/kommentatorenblog.de\/wp-content\/uploads\/2020\/09\/shure-55sh-ii-e1601485394796.jpg 415w, https:\/\/kommentatorenblog.de\/wp-content\/uploads\/2020\/09\/shure-55sh-ii-e1601485394796-142x300.jpg 142w\" sizes=\"auto, (max-width: 10px) 100vw, 10px\" \/> Jonathan Dreier<\/p>\n\n\n\n<p><strong style=\"font-style: italic;\"><em><strong>Go Ahead Eagles &#8211; Feyenoord Rotterdam<\/strong><\/em><\/strong><em><strong> (21.00 Uhr)<\/strong><\/em> <br><img loading=\"lazy\" decoding=\"async\" width=\"10\" height=\"21\" class=\"wp-image-3656\" style=\"width: 10px;\" src=\"http:\/\/kommentatorenblog.de\/wp-content\/uploads\/2020\/09\/shure-55sh-ii-e1601485394796.jpg\" alt=\"\" srcset=\"https:\/\/kommentatorenblog.de\/wp-content\/uploads\/2020\/09\/shure-55sh-ii-e1601485394796.jpg 415w, https:\/\/kommentatorenblog.de\/wp-content\/uploads\/2020\/09\/shure-55sh-ii-e1601485394796-142x300.jpg 142w\" sizes=\"auto, (max-width: 10px) 100vw, 10px\" \/> Marvin Kirsch<\/p>\n\n\n\n<hr class=\"wp-block-separator is-style-default\"\/>\n\n\n\n<p><strong>Ligue 1 (FRA), Nachholspiele (DAZN)<\/strong><\/p>\n\n\n\n<p><span style=\"text-decoration: underline;\">Mittwoch, 24. April 2024<\/span><\/p>\n\n\n\n<p><strong style=\"font-style: italic;\"><em><strong>FC Lorient <\/strong><\/em><strong><em><span><b style=\"font-style: italic;\">\u2013<\/b><\/span><\/em><\/strong><\/strong> <em><strong>Paris Saint-Germain (19.00 Uhr)<\/strong><\/em> <br><img loading=\"lazy\" decoding=\"async\" width=\"10\" height=\"21\" class=\"wp-image-3656\" style=\"width: 10px;\" src=\"http:\/\/kommentatorenblog.de\/wp-content\/uploads\/2020\/09\/shure-55sh-ii-e1601485394796.jpg\" alt=\"\" srcset=\"https:\/\/kommentatorenblog.de\/wp-content\/uploads\/2020\/09\/shure-55sh-ii-e1601485394796.jpg 415w, https:\/\/kommentatorenblog.de\/wp-content\/uploads\/2020\/09\/shure-55sh-ii-e1601485394796-142x300.jpg 142w\" sizes=\"auto, (max-width: 10px) 100vw, 10px\" \/> Alexis Menuge<\/p>\n\n\n\n<p><strong style=\"font-style: italic;\"><em><strong>Olympique Marseille <\/strong><\/em><strong><em><span><b style=\"font-style: italic;\">\u2013<\/b><\/span><\/em><\/strong><\/strong> <em><strong>OGC Nizza (21.00 Uhr)<\/strong><\/em> <br><img loading=\"lazy\" decoding=\"async\" width=\"10\" height=\"21\" class=\"wp-image-3656\" style=\"width: 10px;\" src=\"http:\/\/kommentatorenblog.de\/wp-content\/uploads\/2020\/09\/shure-55sh-ii-e1601485394796.jpg\" alt=\"\" srcset=\"https:\/\/kommentatorenblog.de\/wp-content\/uploads\/2020\/09\/shure-55sh-ii-e1601485394796.jpg 415w, https:\/\/kommentatorenblog.de\/wp-content\/uploads\/2020\/09\/shure-55sh-ii-e1601485394796-142x300.jpg 142w\" sizes=\"auto, (max-width: 10px) 100vw, 10px\" \/> Stefan Galler<\/p>\n\n\n\n<hr class=\"wp-block-separator is-style-default\"\/>\n\n\n\n<p><strong>Division 1A (BEL), Play-Offs, 5. Spieltag (Sport1+)<\/strong><\/p>\n\n\n\n<p><span style=\"text-decoration: underline;\">Mittwoch, 24. April 2024<\/span><\/p>\n\n\n\n<p><strong style=\"font-style: italic;\"><em><strong>RSC Anderlecht <\/strong><\/em><strong><em><span><b style=\"font-style: italic;\">\u2013<\/b><\/span><\/em><\/strong><\/strong> <em><strong>Cercle Br\u00fcgge (20.30 Uhr)<\/strong><\/em> <br><img loading=\"lazy\" decoding=\"async\" width=\"10\" height=\"21\" class=\"wp-image-3656\" style=\"width: 10px;\" src=\"http:\/\/kommentatorenblog.de\/wp-content\/uploads\/2020\/09\/shure-55sh-ii-e1601485394796.jpg\" alt=\"\" srcset=\"https:\/\/kommentatorenblog.de\/wp-content\/uploads\/2020\/09\/shure-55sh-ii-e1601485394796.jpg 415w, https:\/\/kommentatorenblog.de\/wp-content\/uploads\/2020\/09\/shure-55sh-ii-e1601485394796-142x300.jpg 142w\" sizes=\"auto, (max-width: 10px) 100vw, 10px\" \/> Patrick Gerspacher<\/p>\n\n\n\n<p><strong style=\"font-style: italic;\"><em><strong>FC Br\u00fcgge <\/strong><\/em><strong><em><span><b style=\"font-style: italic;\">\u2013<\/b><\/span><\/em><\/strong><\/strong> <em><strong>KRC Genk (20.30 Uhr)<\/strong><\/em> <br><img loading=\"lazy\" decoding=\"async\" width=\"10\" height=\"21\" class=\"wp-image-3656\" style=\"width: 10px;\" src=\"http:\/\/kommentatorenblog.de\/wp-content\/uploads\/2020\/09\/shure-55sh-ii-e1601485394796.jpg\" alt=\"\" srcset=\"https:\/\/kommentatorenblog.de\/wp-content\/uploads\/2020\/09\/shure-55sh-ii-e1601485394796.jpg 415w, https:\/\/kommentatorenblog.de\/wp-content\/uploads\/2020\/09\/shure-55sh-ii-e1601485394796-142x300.jpg 142w\" sizes=\"auto, (max-width: 10px) 100vw, 10px\" \/> Rudi Br\u00fcckner<\/p>\n\n\n\n<hr class=\"wp-block-separator is-style-default\"\/>\n\n\n\n<p><strong>Copa Libertadores, Gruppenphase, 3. Spieltag (Sport1+)<\/strong><\/p>\n\n\n\n<p><span style=\"text-decoration: underline;\">Mittwoch, 24. April 2024<\/span><\/p>\n\n\n\n<p><strong style=\"font-style: italic;\"><em><strong>FC Caracas <\/strong><\/em><\/strong><em>(VEN)<\/em><strong style=\"font-style: italic;\"><em><strong> <\/strong><\/em><strong><em><span><b style=\"font-style: italic;\">\u2013<\/b><\/span><\/em><\/strong><\/strong> <em><strong>Rosario Central <\/strong>(ARG)<strong> (00.00 Uhr<\/strong><strong>)<\/strong><\/em> <br><img loading=\"lazy\" decoding=\"async\" width=\"10\" height=\"21\" class=\"wp-image-3656\" style=\"width: 10px;\" src=\"http:\/\/kommentatorenblog.de\/wp-content\/uploads\/2020\/09\/shure-55sh-ii-e1601485394796.jpg\" alt=\"\" srcset=\"https:\/\/kommentatorenblog.de\/wp-content\/uploads\/2020\/09\/shure-55sh-ii-e1601485394796.jpg 415w, https:\/\/kommentatorenblog.de\/wp-content\/uploads\/2020\/09\/shure-55sh-ii-e1601485394796-142x300.jpg 142w\" sizes=\"auto, (max-width: 10px) 100vw, 10px\" \/> Tobi Fischbeck<\/p>\n\n\n\n<p><strong style=\"font-style: italic;\"><em><strong>Atl\u00e9tico Mineiro <\/strong><\/em><\/strong><em>(BRA)<\/em><strong style=\"font-style: italic;\"><em><strong> <\/strong><\/em><strong><em><span><b style=\"font-style: italic;\">\u2013<\/b><\/span><\/em><\/strong><\/strong> <em><strong>Pe\u00f1arol Montevideo <\/strong>(URU)<strong> (02.00 Uhr)<\/strong><\/em> <br><img loading=\"lazy\" decoding=\"async\" width=\"10\" height=\"21\" class=\"wp-image-3656\" style=\"width: 10px;\" src=\"http:\/\/kommentatorenblog.de\/wp-content\/uploads\/2020\/09\/shure-55sh-ii-e1601485394796.jpg\" alt=\"\" srcset=\"https:\/\/kommentatorenblog.de\/wp-content\/uploads\/2020\/09\/shure-55sh-ii-e1601485394796.jpg 415w, https:\/\/kommentatorenblog.de\/wp-content\/uploads\/2020\/09\/shure-55sh-ii-e1601485394796-142x300.jpg 142w\" sizes=\"auto, (max-width: 10px) 100vw, 10px\" \/> Christoph Fetzer<\/p>\n\n\n\n<hr class=\"wp-block-separator is-style-default\"\/>\n\n\n\n<p><strong>AFC Champions League, Halbfinal-R\u00fcckspiele (Sport1+)<\/strong><\/p>\n\n\n\n<p><span style=\"text-decoration: underline;\">Dienstag, 23. April 2024<\/span><\/p>\n\n\n\n<p><strong style=\"font-style: italic;\"><em><strong>Al-Hilal SFC <\/strong><\/em><\/strong><em>(KSA)<\/em><strong style=\"font-style: italic;\"><em><strong> <\/strong><\/em><strong><em><span><b style=\"font-style: italic;\">\u2013<\/b><\/span><\/em><\/strong><\/strong> <em><strong>al Ain Club <\/strong>(VAE)<strong> (20.00 Uhr<\/strong>, Agg. 2:4<strong>)<\/strong><\/em> <br><img loading=\"lazy\" decoding=\"async\" width=\"10\" height=\"21\" class=\"wp-image-3656\" style=\"width: 10px;\" src=\"http:\/\/kommentatorenblog.de\/wp-content\/uploads\/2020\/09\/shure-55sh-ii-e1601485394796.jpg\" alt=\"\" srcset=\"https:\/\/kommentatorenblog.de\/wp-content\/uploads\/2020\/09\/shure-55sh-ii-e1601485394796.jpg 415w, https:\/\/kommentatorenblog.de\/wp-content\/uploads\/2020\/09\/shure-55sh-ii-e1601485394796-142x300.jpg 142w\" sizes=\"auto, (max-width: 10px) 100vw, 10px\" \/> Steffen Bohleber<\/p>\n\n\n\n<p><span style=\"text-decoration: underline;\">Mittwoch, 24. April 2024<\/span><\/p>\n\n\n\n<p><strong style=\"font-style: italic;\"><em><strong>Yokohama F. Marinos <\/strong><\/em><\/strong><em>(JPN)<\/em><strong style=\"font-style: italic;\"><em><strong> <\/strong><\/em><strong><em><span><b style=\"font-style: italic;\">\u2013<\/b><\/span><\/em><\/strong><\/strong> <em><strong>Ulsan HD FC <\/strong>(KOR)<strong> (12.00 Uhr<\/strong>, Agg. 0:1<strong>)<\/strong><\/em> <br><img loading=\"lazy\" decoding=\"async\" width=\"10\" height=\"21\" class=\"wp-image-3656\" style=\"width: 10px;\" src=\"http:\/\/kommentatorenblog.de\/wp-content\/uploads\/2020\/09\/shure-55sh-ii-e1601485394796.jpg\" alt=\"\" srcset=\"https:\/\/kommentatorenblog.de\/wp-content\/uploads\/2020\/09\/shure-55sh-ii-e1601485394796.jpg 415w, https:\/\/kommentatorenblog.de\/wp-content\/uploads\/2020\/09\/shure-55sh-ii-e1601485394796-142x300.jpg 142w\" sizes=\"auto, (max-width: 10px) 100vw, 10px\" \/> Tobi Fischbeck<\/p>\n","protected":false},"excerpt":{"rendered":"<p>N&#8217;Abend allerseits, ein junger, aufstrebender Kommentator, der seit zwei Jahren europ\u00e4ische Topligen f\u00fcr Sportdigital kommentiert und ein Kommentator, der in 34 Jahren als Institution in der Branche schon nahezu alles erlebt hat. Klingt nach einem spannenden Doppelinterview, zumal die beiden auch in einem Mentorenverh\u00e4ltnis stehen. Und so kam es, dass wir vom Kommentatorenblog mit den [&hellip;]<\/p>\n","protected":false},"author":16,"featured_media":0,"comment_status":"open","ping_status":"open","sticky":false,"template":"","format":"standard","meta":{"footnotes":""},"categories":[429],"tags":[],"class_list":["post-17473","post","type-post","status-publish","format-standard","hentry","category-diverses"],"_links":{"self":[{"href":"https:\/\/kommentatorenblog.de\/index.php?rest_route=\/wp\/v2\/posts\/17473","targetHints":{"allow":["GET"]}}],"collection":[{"href":"https:\/\/kommentatorenblog.de\/index.php?rest_route=\/wp\/v2\/posts"}],"about":[{"href":"https:\/\/kommentatorenblog.de\/index.php?rest_route=\/wp\/v2\/types\/post"}],"author":[{"embeddable":true,"href":"https:\/\/kommentatorenblog.de\/index.php?rest_route=\/wp\/v2\/users\/16"}],"replies":[{"embeddable":true,"href":"https:\/\/kommentatorenblog.de\/index.php?rest_route=%2Fwp%2Fv2%2Fcomments&post=17473"}],"version-history":[{"count":14,"href":"https:\/\/kommentatorenblog.de\/index.php?rest_route=\/wp\/v2\/posts\/17473\/revisions"}],"predecessor-version":[{"id":17709,"href":"https:\/\/kommentatorenblog.de\/index.php?rest_route=\/wp\/v2\/posts\/17473\/revisions\/17709"}],"wp:attachment":[{"href":"https:\/\/kommentatorenblog.de\/index.php?rest_route=%2Fwp%2Fv2%2Fmedia&parent=17473"}],"wp:term":[{"taxonomy":"category","embeddable":true,"href":"https:\/\/kommentatorenblog.de\/index.php?rest_route=%2Fwp%2Fv2%2Fcategories&post=17473"},{"taxonomy":"post_tag","embeddable":true,"href":"https:\/\/kommentatorenblog.de\/index.php?rest_route=%2Fwp%2Fv2%2Ftags&post=17473"}],"curies":[{"name":"wp","href":"https:\/\/api.w.org\/{rel}","templated":true}]}}