{"id":17517,"date":"2024-04-25T20:41:22","date_gmt":"2024-04-25T19:41:22","guid":{"rendered":"https:\/\/kommentatorenblog.de\/?p=17517"},"modified":"2024-05-12T07:33:13","modified_gmt":"2024-05-12T06:33:13","slug":"1420-die-em-teams-von-ard-und-zdf","status":"publish","type":"post","link":"https:\/\/kommentatorenblog.de\/?p=17517","title":{"rendered":"1420 &#8211; Die EM-Teams von ARD und ZDF"},"content":{"rendered":"\n<p>N&#8217;Abend allerseits,<\/p>\n\n\n\n<p>am Dienstag lie\u00dfen ARD und ZDF die Bombe platzen und gaben ihre On-Air-Teams zur bevorstehenden EM 2024 in Deutschland bekannt. Aus diesem Grund haben wir uns dazu entschieden, die nun bekannten Infos zu analysieren und die urspr\u00fcnglich f\u00fcr den heutigen Beitrag angedachte Fortsetzung des Interviews mit Karsten Linke und Moritz Knorr auf die kommende Woche zu verschieben.<\/p>\n\n\n\n<p><strong>ARD<\/strong><\/p>\n\n\n\n<figure class=\"wp-block-image size-full\"><img loading=\"lazy\" decoding=\"async\" width=\"960\" height=\"534\" src=\"https:\/\/kommentatorenblog.de\/wp-content\/uploads\/2024\/04\/image.png\" alt=\"\" class=\"wp-image-17537\" srcset=\"https:\/\/kommentatorenblog.de\/wp-content\/uploads\/2024\/04\/image.png 960w, https:\/\/kommentatorenblog.de\/wp-content\/uploads\/2024\/04\/image-300x167.png 300w, https:\/\/kommentatorenblog.de\/wp-content\/uploads\/2024\/04\/image-768x427.png 768w\" sizes=\"auto, (max-width: 960px) 100vw, 960px\" \/><figcaption>Das Moderations- und Expertenteam der ARD f\u00fcr die EM 2024. \u00a9 WDR\/Annika Fu\u00dfwinkel\/Sebastian Arlt<\/figcaption><\/figure>\n\n\n\n<p>Die ARD hat sich anders als bei den vergangenen Turnieren dazu entschieden, f\u00fcr die Heim-EM kein zentrales Sendezentrum einzurichten, daher wird bei allen 17 Spielen, die gesendet werden, das On-Air-Personal vollst\u00e4ndig in den Stadien anwesend sein. Die Moderation \u00fcbernehmen <strong>Esther Sedlaczek<\/strong> und <strong>Alexander Bommes<\/strong>, der die WM 2022 krankheitsbedingt verpasste, im Wechsel. Bei den vergangenen Turnieren war die Moderation noch nach Studio und Stadion geteilt worden. Sedlaczek, seit 2021 bei der ARD, hatte bei der WM in Katar ihr Gro\u00dfturnier-Deb\u00fct und dort bereits aus dem Stadion moderiert. Jessy Wellmer, die 2021 die Stadion- und 2022 in Vertretung f\u00fcr Bommes die Studiomoderation \u00fcbernommen hatte, ist im vergangenen Herbst von der Sportschau zu den Tagesthemen gewechselt und daher nicht mehr mit von der Partie.<\/p>\n\n\n\n<p>Das Experten-Team besteht aus dem Weltmeister und fr\u00fcheren DFB-Kapit\u00e4n <strong>Bastian Schweinsteiger<\/strong>, Ex-Nationaltorh\u00fcterin und Europameisterin <strong>Almuth Schult<\/strong>, Ex-Nationalspieler <strong>Thomas Hitzlsperger<\/strong> und Taktik-Experte <strong>Thomas Broich<\/strong>. Alle waren bei der WM 2022 bereits Teil des ARD-Teams, dort fungierte Schweinsteiger als Experte im Stadion, w\u00e4hrend Schult und Hitzlsperger gemeinsam mit Sami Khedira die Expertenrunde im Studio bildeten. Broich gab seine Analysen ebenfalls im Studio bei den Spielen der Vorrunde, die zu einer fr\u00fcheren Tageszeit ausgetragen wurden. Bei der EM wird die Rolle der Experten \u00e4hnlich der Moderation variabler ausfallen, so werden sie im Wechsel sowohl an der Seite der Moderatoren im Stadion analysieren als auch die Spiele co-kommentieren, was bei den j\u00fcngsten DFB-Pokal-\u00dcbertragungen bereits getestet wurde. Co-Kommentatoren gab es bei Fu\u00dfball\u00fcbertragungen im Hauptprogramm der ARD in den vergangenen Jahren nicht, sie sind dort allerdings auch nicht v\u00f6llig neu: die \u00c4lteren unter euch werden sich vielleicht noch erinnern, dass Karl-Heinz Rummenigge in den fr\u00fchen 90er Jahren regelm\u00e4\u00dfig Spiele im Ersten co-kommentierte, etwa das WM-Finale 1990 an der Seite von Gerd Rubenbauer, woraus die Szene mit dem entscheidenden Elfmetertor von Andreas Brehme nach dessen Tod k\u00fcrzlich wieder h\u00e4ufiger im TV eingespielt wurde. Nach unseren Informationen hat die ARD auch <strong>Lutz Wagner<\/strong> nach der EM 2021 und der WM 2022 erneut als Schiedsrichter-Experten f\u00fcr das Turnier verpflichtet.<\/p>\n\n\n\n<figure class=\"wp-block-gallery has-nested-images columns-default is-cropped wp-block-gallery-1 is-layout-flex wp-block-gallery-is-layout-flex\">\n<figure class=\"wp-block-image size-large\"><img loading=\"lazy\" decoding=\"async\" width=\"960\" height=\"541\" data-id=\"17543\" src=\"http:\/\/kommentatorenblog.de\/wp-content\/uploads\/2024\/04\/image-4.png\" alt=\"\" class=\"wp-image-17543\" srcset=\"https:\/\/kommentatorenblog.de\/wp-content\/uploads\/2024\/04\/image-4.png 960w, https:\/\/kommentatorenblog.de\/wp-content\/uploads\/2024\/04\/image-4-300x169.png 300w, https:\/\/kommentatorenblog.de\/wp-content\/uploads\/2024\/04\/image-4-768x433.png 768w\" sizes=\"auto, (max-width: 960px) 100vw, 960px\" \/><figcaption>Christina Graf \u00a9 NDR\/Lina Kl\u00fcnker<\/figcaption><\/figure>\n\n\n\n<figure class=\"wp-block-image size-large\"><img loading=\"lazy\" decoding=\"async\" width=\"960\" height=\"544\" data-id=\"17541\" src=\"http:\/\/kommentatorenblog.de\/wp-content\/uploads\/2024\/04\/image-3.png\" alt=\"\" class=\"wp-image-17541\" srcset=\"https:\/\/kommentatorenblog.de\/wp-content\/uploads\/2024\/04\/image-3.png 960w, https:\/\/kommentatorenblog.de\/wp-content\/uploads\/2024\/04\/image-3-300x170.png 300w, https:\/\/kommentatorenblog.de\/wp-content\/uploads\/2024\/04\/image-3-768x435.png 768w\" sizes=\"auto, (max-width: 960px) 100vw, 960px\" \/><figcaption>Tom Bartels \u00a9 SWR\/Christian Koch<\/figcaption><\/figure>\n\n\n\n<figure class=\"wp-block-image size-large\"><img loading=\"lazy\" decoding=\"async\" width=\"960\" height=\"540\" data-id=\"17556\" src=\"http:\/\/kommentatorenblog.de\/wp-content\/uploads\/2024\/04\/5_Gerd_Gottlob_ndr_christian_wyrwa.jpg\" alt=\"\" class=\"wp-image-17556\" srcset=\"https:\/\/kommentatorenblog.de\/wp-content\/uploads\/2024\/04\/5_Gerd_Gottlob_ndr_christian_wyrwa.jpg 960w, https:\/\/kommentatorenblog.de\/wp-content\/uploads\/2024\/04\/5_Gerd_Gottlob_ndr_christian_wyrwa-300x169.jpg 300w, https:\/\/kommentatorenblog.de\/wp-content\/uploads\/2024\/04\/5_Gerd_Gottlob_ndr_christian_wyrwa-768x432.jpg 768w\" sizes=\"auto, (max-width: 960px) 100vw, 960px\" \/><figcaption>Gerd Gottlob \u00a9 NDR\/Christian Wyrwa<\/figcaption><\/figure>\n<\/figure>\n\n\n\n<p>Als Live-Kommentatoren im TV werden <strong>Christina Graf (SWR), Tom Bartels (SWR) <\/strong>und <strong>Gerd Gottlob (NDR)<\/strong> eingesetzt. Im Vergleich zur WM in Katar fehlt der Name von Florian Na\u00df, der allerdings mit der Tour de France, die sich teilweise mit der EM \u00fcberschneidet, den Radsport-Wettk\u00e4mpfen bei den Olympischen Spielen in Paris sowie anschlie\u00dfend mit der erst seit 2022 ausgetragenen Tour de France der Frauen bereits ein sehr volles Programm im Sommer vor sich hat.<\/p>\n\n\n\n<figure class=\"wp-block-image size-full\"><img loading=\"lazy\" decoding=\"async\" width=\"960\" height=\"539\" src=\"http:\/\/kommentatorenblog.de\/wp-content\/uploads\/2024\/04\/DSC1904_quer.jpg\" alt=\"\" class=\"wp-image-17557\" srcset=\"https:\/\/kommentatorenblog.de\/wp-content\/uploads\/2024\/04\/DSC1904_quer.jpg 960w, https:\/\/kommentatorenblog.de\/wp-content\/uploads\/2024\/04\/DSC1904_quer-300x168.jpg 300w, https:\/\/kommentatorenblog.de\/wp-content\/uploads\/2024\/04\/DSC1904_quer-768x431.jpg 768w\" sizes=\"auto, (max-width: 960px) 100vw, 960px\" \/><figcaption>Lea Wagner \u00a9 WDR\/Ben Knabe<\/figcaption><\/figure>\n\n\n\n<p>Die Berichterstattung aus dem Teamquartier der DFB-Elf in Herzogenaurach wird wie bereits in Katar <strong>Lea Wagner (SWR)<\/strong> \u00fcbernehmen, die seit Herbst neben Sedlaczek und Bommes auch die Sportschau am Samstag moderiert. Bei den Spielen der deutschen Mannschaft wird sie auch die Interviews am Spielfeldrand f\u00fchren.<\/p>\n\n\n\n<figure class=\"wp-block-gallery has-nested-images columns-default is-cropped wp-block-gallery-2 is-layout-flex wp-block-gallery-is-layout-flex\">\n<figure class=\"wp-block-image size-large\"><img loading=\"lazy\" decoding=\"async\" width=\"960\" height=\"538\" data-id=\"17572\" src=\"http:\/\/kommentatorenblog.de\/wp-content\/uploads\/2024\/04\/spirra_jan-philipp-behr.jpg\" alt=\"\" class=\"wp-image-17572\" srcset=\"https:\/\/kommentatorenblog.de\/wp-content\/uploads\/2024\/04\/spirra_jan-philipp-behr.jpg 960w, https:\/\/kommentatorenblog.de\/wp-content\/uploads\/2024\/04\/spirra_jan-philipp-behr-300x168.jpg 300w, https:\/\/kommentatorenblog.de\/wp-content\/uploads\/2024\/04\/spirra_jan-philipp-behr-768x430.jpg 768w\" sizes=\"auto, (max-width: 960px) 100vw, 960px\" \/><figcaption>Stephanie M\u00fcller-Spirra\n\u00a9 WDR\/Jan-Philipp Behr<\/figcaption><\/figure>\n\n\n\n<figure class=\"wp-block-image size-large\"><img loading=\"lazy\" decoding=\"async\" width=\"960\" height=\"541\" data-id=\"17573\" src=\"http:\/\/kommentatorenblog.de\/wp-content\/uploads\/2024\/04\/malte_fuswinkel.jpg\" alt=\"\" class=\"wp-image-17573\" srcset=\"https:\/\/kommentatorenblog.de\/wp-content\/uploads\/2024\/04\/malte_fuswinkel.jpg 960w, https:\/\/kommentatorenblog.de\/wp-content\/uploads\/2024\/04\/malte_fuswinkel-300x169.jpg 300w, https:\/\/kommentatorenblog.de\/wp-content\/uploads\/2024\/04\/malte_fuswinkel-768x433.jpg 768w\" sizes=\"auto, (max-width: 960px) 100vw, 960px\" \/><figcaption>Malte V\u00f6lz \u00a9 WDR\/Annika Fu\u00dfwinkel<\/figcaption><\/figure>\n\n\n\n<figure class=\"wp-block-image size-large\"><img loading=\"lazy\" decoding=\"async\" width=\"956\" height=\"541\" data-id=\"17574\" src=\"http:\/\/kommentatorenblog.de\/wp-content\/uploads\/2024\/04\/zeigler_knabe.jpg\" alt=\"\" class=\"wp-image-17574\" srcset=\"https:\/\/kommentatorenblog.de\/wp-content\/uploads\/2024\/04\/zeigler_knabe.jpg 956w, https:\/\/kommentatorenblog.de\/wp-content\/uploads\/2024\/04\/zeigler_knabe-300x170.jpg 300w, https:\/\/kommentatorenblog.de\/wp-content\/uploads\/2024\/04\/zeigler_knabe-768x435.jpg 768w\" sizes=\"auto, (max-width: 956px) 100vw, 956px\" \/><figcaption>Arnd Zeigler \u00a9 WDR\/Ben Knabe<\/figcaption><\/figure>\n<\/figure>\n\n\n\n<p>Nach den Spieltagen im Ersten wird <strong>Stephanie M\u00fcller-Spirra (MDR)<\/strong> das SPORTSCHAU EM-Kneipenquiz aus der Bochumer Kneipe &#8222;Zum Kuhhirten&#8220; pr\u00e4sentieren, bei welchem Fans und prominente G\u00e4ste ihr Fu\u00dfballwissen gegen\u00fcberstellen werden. Co-Host ist der Comedian und 1LIVE-Moderator <strong>Malte V\u00f6lz<\/strong>, Dauergast der fr\u00fchere Co-Moderator des Sportschau Clubs, Werder-Stadionsprecher und Entertainer <strong>Arnd Zeigler<\/strong>.<\/p>\n\n\n\n<p>Interessant ist, dass nicht nur Highlightclips der 51 EM-Partien in der ARD-Mediathek nach Spielende bereitgestellt werden, sondern auch alle im Relive nachgeschaut werden k\u00f6nnen, einschlie\u00dflich der ZDF-, RTL- und Magenta-exklusiven Spiele. Somit wird es aller Voraussicht nach nicht nur bei den genannten Kommentatoren bleiben, f\u00fcr die Relives k\u00f6nnte der ZDF-Kommentar \u00fcbernommen werden, eine \u00dcbernahme des RTL- oder Magenta-Kommentars ist eher unwahrscheinlich. Denkbar ist, dass weitere Kommentatoren aus dem Sportschau-Team die Partien f\u00fcr die sp\u00e4tere Bereitstellung begleiten werden. Beim ZDF sind nur die 17 selbst \u00fcbertragenen Partien im Relive verf\u00fcgbar.<\/p>\n\n\n\n<p>Ein weiteres Novum ist, dass alle 51 EM-Spiele als Vollreportage im H\u00f6rfunk gesendet werden, komplett auf sportschau.de und in der Sportschau-App sowie zum Teil auf regionalen Radiosendern. Die App erh\u00e4lt rechtzeitig zur EM eine Kompatibilit\u00e4t mit CarPlay und Android Auto, mit Amazons Sprachassistenzsystem Alexa ist sie bereits kompatibel. Die Vollreportagen werden <strong>Michael Augustin (NDR), Stephanie Bazcyk (rbb), Holger Dahl (WDR), Martina Knief (hr), Armin Lehmann (WDR), Jens J\u00f6rg Rieck (SWR), Andre Siems (BR) <\/strong>und<strong> Jan Wochner (WDR)<\/strong> \u00fcbernehmen. Verglichen mit dem Team bei der WM 2022 sind Baczyk und Wochner neu dazugekommen und ersetzen Julia Metzner, die seit Beginn der laufenden Fu\u00dfballsaison nicht mehr als H\u00f6rfunkreporterin f\u00fcr den SWR aktiv war, sowie Philipp Hofmeister, der zum Jahreswechsel vom HR in die Medienabteilung von Eintracht Frankfurt gewechselt ist. Bei der EM 2020 z\u00e4hlte Baczyk bereits zum erweiterten H\u00f6rfunk-Team. Das Team erg\u00e4nzen zudem 10 &#8222;Story-Macher:innen&#8220;, die Hintergrundberichte erstellen und bei Bedarf auch das Team der Live-Reporter:innen verst\u00e4rken. Die Moderation des Audio-Netcasts \u00fcbernehmen <strong>Julia Kleine<\/strong> und <strong>Anne Hilt<\/strong>. <strong>Tobi Sch\u00e4fer<\/strong> wird die H\u00f6rer mit dem t\u00e4glichen Podcast &#8222;Sportschau EM Update&#8220; auf dem Laufenden halten.<\/p>\n\n\n\n<p><strong>ZDF<\/strong><\/p>\n\n\n\n<figure class=\"wp-block-gallery has-nested-images columns-default is-cropped wp-block-gallery-3 is-layout-flex wp-block-gallery-is-layout-flex\">\n<figure class=\"wp-block-image size-large\"><img loading=\"lazy\" decoding=\"async\" width=\"1920\" height=\"1440\" data-id=\"17559\" src=\"http:\/\/kommentatorenblog.de\/wp-content\/uploads\/2024\/04\/48525-11-1.jpg\" alt=\"\" class=\"wp-image-17559\" srcset=\"https:\/\/kommentatorenblog.de\/wp-content\/uploads\/2024\/04\/48525-11-1.jpg 1920w, https:\/\/kommentatorenblog.de\/wp-content\/uploads\/2024\/04\/48525-11-1-300x225.jpg 300w, https:\/\/kommentatorenblog.de\/wp-content\/uploads\/2024\/04\/48525-11-1-1024x768.jpg 1024w, https:\/\/kommentatorenblog.de\/wp-content\/uploads\/2024\/04\/48525-11-1-768x576.jpg 768w, https:\/\/kommentatorenblog.de\/wp-content\/uploads\/2024\/04\/48525-11-1-1536x1152.jpg 1536w\" sizes=\"auto, (max-width: 1920px) 100vw, 1920px\" \/><figcaption>Jochen Breyer \u00a9 ZDF\/Felix Schmitt<\/figcaption><\/figure>\n\n\n\n<figure class=\"wp-block-image size-large\"><img loading=\"lazy\" decoding=\"async\" width=\"1920\" height=\"1440\" data-id=\"17560\" src=\"http:\/\/kommentatorenblog.de\/wp-content\/uploads\/2024\/04\/35195-20-3.jpg\" alt=\"\" class=\"wp-image-17560\" srcset=\"https:\/\/kommentatorenblog.de\/wp-content\/uploads\/2024\/04\/35195-20-3.jpg 1920w, https:\/\/kommentatorenblog.de\/wp-content\/uploads\/2024\/04\/35195-20-3-300x225.jpg 300w, https:\/\/kommentatorenblog.de\/wp-content\/uploads\/2024\/04\/35195-20-3-1024x768.jpg 1024w, https:\/\/kommentatorenblog.de\/wp-content\/uploads\/2024\/04\/35195-20-3-768x576.jpg 768w, https:\/\/kommentatorenblog.de\/wp-content\/uploads\/2024\/04\/35195-20-3-1536x1152.jpg 1536w\" sizes=\"auto, (max-width: 1920px) 100vw, 1920px\" \/><figcaption>Katrin M\u00fcller-Hohenstein \u00a9 ZDF\/Felix Schmitt<\/figcaption><\/figure>\n<\/figure>\n\n\n\n<figure class=\"wp-block-gallery has-nested-images columns-default is-cropped wp-block-gallery-4 is-layout-flex wp-block-gallery-is-layout-flex\">\n<figure class=\"wp-block-image size-large\"><img loading=\"lazy\" decoding=\"async\" width=\"1920\" height=\"1440\" data-id=\"17561\" src=\"http:\/\/kommentatorenblog.de\/wp-content\/uploads\/2024\/04\/77220-5-1.jpg\" alt=\"\" class=\"wp-image-17561\" srcset=\"https:\/\/kommentatorenblog.de\/wp-content\/uploads\/2024\/04\/77220-5-1.jpg 1920w, https:\/\/kommentatorenblog.de\/wp-content\/uploads\/2024\/04\/77220-5-1-300x225.jpg 300w, https:\/\/kommentatorenblog.de\/wp-content\/uploads\/2024\/04\/77220-5-1-1024x768.jpg 1024w, https:\/\/kommentatorenblog.de\/wp-content\/uploads\/2024\/04\/77220-5-1-768x576.jpg 768w, https:\/\/kommentatorenblog.de\/wp-content\/uploads\/2024\/04\/77220-5-1-1536x1152.jpg 1536w\" sizes=\"auto, (max-width: 1920px) 100vw, 1920px\" \/><figcaption>Per Mertesacker \u00a9 ZDF\/Felix Schmitt<\/figcaption><\/figure>\n\n\n\n<figure class=\"wp-block-image size-large\"><img loading=\"lazy\" decoding=\"async\" width=\"1920\" height=\"1440\" data-id=\"17562\" src=\"http:\/\/kommentatorenblog.de\/wp-content\/uploads\/2024\/04\/69616-3-2.jpg\" alt=\"\" class=\"wp-image-17562\" srcset=\"https:\/\/kommentatorenblog.de\/wp-content\/uploads\/2024\/04\/69616-3-2.jpg 1920w, https:\/\/kommentatorenblog.de\/wp-content\/uploads\/2024\/04\/69616-3-2-300x225.jpg 300w, https:\/\/kommentatorenblog.de\/wp-content\/uploads\/2024\/04\/69616-3-2-1024x768.jpg 1024w, https:\/\/kommentatorenblog.de\/wp-content\/uploads\/2024\/04\/69616-3-2-768x576.jpg 768w, https:\/\/kommentatorenblog.de\/wp-content\/uploads\/2024\/04\/69616-3-2-1536x1152.jpg 1536w\" sizes=\"auto, (max-width: 1920px) 100vw, 1920px\" \/><figcaption>Christoph Kramer \u00a9 ZDF\/Thomas Victor\/Felix Schmitt\/ [M] Dirk Staudt<\/figcaption><\/figure>\n<\/figure>\n\n\n\n<p>Das ZDF setzt im Gegensatz zur ARD weiterhin auf ein zentrales Sendezentrum, das in Berlin beheimatet ist. Dort werden die Moderatoren <strong>Jochen Breyer<\/strong> und <strong>Katrin M\u00fcller-Hohenstein<\/strong> zusammen mit den Experten <strong>Per Mertesacker<\/strong> und <strong>Christoph Kramer<\/strong> die 17 im ZDF gezeigten Spiele verfolgen und anschlie\u00dfend ausf\u00fchrlich analysieren. Als Ansprechpartner bei schwierigen Schiedsrichter-Entscheidungen wird auch <strong>Manuel Gr\u00e4fe<\/strong> wieder bereitstehen. Des Weiteren werden auch wieder wechselnde G\u00e4ste im Studio empfangen, von denen bislang <strong>Laura Freigang<\/strong> und <strong>Friederike Kromp<\/strong>, die zuletzt auch in den CL-Highlightsendungen zu Gast waren, best\u00e4tigt sind. Geht es nach den G\u00e4sten, die in den CL-Sendungen aufgetreten sind, kann man auch mit Auftritten der ehemaligen Frauen-Bundestrainerin Martina Voss-Tecklenburg, die bei der WM 2022 noch regelm\u00e4\u00dfige Expertin war, sowie von deren Nach-Nachfolger Christian W\u00fcck rechnen. Best\u00e4tigt ist das allerdings noch nicht.<\/p>\n\n\n\n<figure class=\"wp-block-gallery has-nested-images columns-default is-cropped wp-block-gallery-5 is-layout-flex wp-block-gallery-is-layout-flex\">\n<figure class=\"wp-block-image size-large\"><img loading=\"lazy\" decoding=\"async\" width=\"1920\" height=\"1281\" data-id=\"17565\" src=\"http:\/\/kommentatorenblog.de\/wp-content\/uploads\/2024\/04\/89752-1-13.jpg\" alt=\"\" class=\"wp-image-17565\" srcset=\"https:\/\/kommentatorenblog.de\/wp-content\/uploads\/2024\/04\/89752-1-13.jpg 1920w, https:\/\/kommentatorenblog.de\/wp-content\/uploads\/2024\/04\/89752-1-13-300x200.jpg 300w, https:\/\/kommentatorenblog.de\/wp-content\/uploads\/2024\/04\/89752-1-13-1024x683.jpg 1024w, https:\/\/kommentatorenblog.de\/wp-content\/uploads\/2024\/04\/89752-1-13-768x512.jpg 768w, https:\/\/kommentatorenblog.de\/wp-content\/uploads\/2024\/04\/89752-1-13-1536x1025.jpg 1536w, https:\/\/kommentatorenblog.de\/wp-content\/uploads\/2024\/04\/89752-1-13-272x182.jpg 272w\" sizes=\"auto, (max-width: 1920px) 100vw, 1920px\" \/><figcaption>Oliver Schmidt \u00a9 ZDF\/NOI CREW<\/figcaption><\/figure>\n\n\n\n<figure class=\"wp-block-image size-large\"><img loading=\"lazy\" decoding=\"async\" width=\"1920\" height=\"1281\" data-id=\"17564\" src=\"http:\/\/kommentatorenblog.de\/wp-content\/uploads\/2024\/04\/89752-1-8.jpg\" alt=\"\" class=\"wp-image-17564\" srcset=\"https:\/\/kommentatorenblog.de\/wp-content\/uploads\/2024\/04\/89752-1-8.jpg 1920w, https:\/\/kommentatorenblog.de\/wp-content\/uploads\/2024\/04\/89752-1-8-300x200.jpg 300w, https:\/\/kommentatorenblog.de\/wp-content\/uploads\/2024\/04\/89752-1-8-1024x683.jpg 1024w, https:\/\/kommentatorenblog.de\/wp-content\/uploads\/2024\/04\/89752-1-8-768x512.jpg 768w, https:\/\/kommentatorenblog.de\/wp-content\/uploads\/2024\/04\/89752-1-8-1536x1025.jpg 1536w, https:\/\/kommentatorenblog.de\/wp-content\/uploads\/2024\/04\/89752-1-8-272x182.jpg 272w\" sizes=\"auto, (max-width: 1920px) 100vw, 1920px\" \/><figcaption>Claudia Neumann \u00a9 ZDF\/NOI CREW<\/figcaption><\/figure>\n\n\n\n<figure class=\"wp-block-image size-large\"><img loading=\"lazy\" decoding=\"async\" width=\"1920\" height=\"1281\" data-id=\"17566\" src=\"http:\/\/kommentatorenblog.de\/wp-content\/uploads\/2024\/04\/89752-1-3.jpg\" alt=\"\" class=\"wp-image-17566\" srcset=\"https:\/\/kommentatorenblog.de\/wp-content\/uploads\/2024\/04\/89752-1-3.jpg 1920w, https:\/\/kommentatorenblog.de\/wp-content\/uploads\/2024\/04\/89752-1-3-300x200.jpg 300w, https:\/\/kommentatorenblog.de\/wp-content\/uploads\/2024\/04\/89752-1-3-1024x683.jpg 1024w, https:\/\/kommentatorenblog.de\/wp-content\/uploads\/2024\/04\/89752-1-3-768x512.jpg 768w, https:\/\/kommentatorenblog.de\/wp-content\/uploads\/2024\/04\/89752-1-3-1536x1025.jpg 1536w, https:\/\/kommentatorenblog.de\/wp-content\/uploads\/2024\/04\/89752-1-3-272x182.jpg 272w\" sizes=\"auto, (max-width: 1920px) 100vw, 1920px\" \/><figcaption>Martin Schneider \u00a9 ZDF\/NOI CREW<\/figcaption><\/figure>\n<\/figure>\n\n\n\n<p>Den Live-Kommentar zu den Spielen \u00fcbernehmen <strong>Claudia Neumann, Oliver Schmidt <\/strong>und<strong> Martin Schneider<\/strong>. Das bisherige Aush\u00e4ngeschild unter den ZDF-Kommentatoren, B\u00e9la R\u00e9thy, ist nach der WM 2022 in den Ruhestand gegangen und erh\u00e4lt, nicht zuletzt aufgrund der etwas geringeren Anzahl der Spiele im Vergleich zu den vergangenen Turnieren, erst einmal keinen direkten Nachfolger. <strong>Hanno Balitsch<\/strong> ist nach derzeitigem Stand einziger Co-Kommentator im ZDF-Team und wird erneut ausschlie\u00dflich an Schneiders Seite zum Einsatz kommen.<\/p>\n\n\n\n<figure class=\"wp-block-gallery has-nested-images columns-default is-cropped wp-block-gallery-6 is-layout-flex wp-block-gallery-is-layout-flex\">\n<figure class=\"wp-block-image size-large\"><img loading=\"lazy\" decoding=\"async\" width=\"1024\" height=\"683\" data-id=\"17568\" src=\"https:\/\/kommentatorenblog.de\/wp-content\/uploads\/2024\/04\/89752-1-9-1024x683.jpg\" alt=\"\" class=\"wp-image-17568\" srcset=\"https:\/\/kommentatorenblog.de\/wp-content\/uploads\/2024\/04\/89752-1-9-1024x683.jpg 1024w, https:\/\/kommentatorenblog.de\/wp-content\/uploads\/2024\/04\/89752-1-9-300x200.jpg 300w, https:\/\/kommentatorenblog.de\/wp-content\/uploads\/2024\/04\/89752-1-9-768x512.jpg 768w, https:\/\/kommentatorenblog.de\/wp-content\/uploads\/2024\/04\/89752-1-9-1536x1025.jpg 1536w, https:\/\/kommentatorenblog.de\/wp-content\/uploads\/2024\/04\/89752-1-9-272x182.jpg 272w, https:\/\/kommentatorenblog.de\/wp-content\/uploads\/2024\/04\/89752-1-9.jpg 1920w\" sizes=\"auto, (max-width: 1024px) 100vw, 1024px\" \/><figcaption>Sven Voss \u00a9 ZDF\/NOI CREW<\/figcaption><\/figure>\n\n\n\n<figure class=\"wp-block-image size-large\"><img loading=\"lazy\" decoding=\"async\" width=\"1920\" height=\"1280\" data-id=\"17569\" src=\"http:\/\/kommentatorenblog.de\/wp-content\/uploads\/2024\/04\/84832-0-1.jpg\" alt=\"\" class=\"wp-image-17569\" srcset=\"https:\/\/kommentatorenblog.de\/wp-content\/uploads\/2024\/04\/84832-0-1.jpg 1920w, https:\/\/kommentatorenblog.de\/wp-content\/uploads\/2024\/04\/84832-0-1-300x200.jpg 300w, https:\/\/kommentatorenblog.de\/wp-content\/uploads\/2024\/04\/84832-0-1-1024x683.jpg 1024w, https:\/\/kommentatorenblog.de\/wp-content\/uploads\/2024\/04\/84832-0-1-768x512.jpg 768w, https:\/\/kommentatorenblog.de\/wp-content\/uploads\/2024\/04\/84832-0-1-1536x1024.jpg 1536w, https:\/\/kommentatorenblog.de\/wp-content\/uploads\/2024\/04\/84832-0-1-272x182.jpg 272w\" sizes=\"auto, (max-width: 1920px) 100vw, 1920px\" \/><figcaption>Amelie Stiefvatter \u00a9 ZDF\/Andreas Pein<\/figcaption><\/figure>\n<\/figure>\n\n\n\n<p>Aus dem DFB-Teamquartier berichtet wie gewohnt <strong>Sven Voss<\/strong>, der sich diese Aufgabe diesmal allerdings mit <strong>Amelie Stiefvatter<\/strong> teilen wird, welche die On-Schalten \u00fcbernehmen wird. In Katar war Stiefvatter bereits als Field-Reporterin eingesetzt worden, bei der letzten EM im Jahr 2021 war sie noch Teil des Teams von MagentaTV. Weitere Reporter im Quartier sind <strong>Boris B\u00fcchler, Nils Kaben <\/strong>und Neuzugang<strong>&nbsp;Johanna R\u00fcdiger<\/strong>. In Katar waren auch Lars Ruthemann und <strong>Franziska M\u00fcllers<\/strong> vor Ort, die diesmal andere Aufgaben erhalten: Ruthemann die Planung, M\u00fcllers die Social-Media-Beitr\u00e4ge.<\/p>\n\n\n\n<figure class=\"wp-block-gallery has-nested-images columns-default is-cropped wp-block-gallery-7 is-layout-flex wp-block-gallery-is-layout-flex\">\n<figure class=\"wp-block-image size-large\"><img loading=\"lazy\" decoding=\"async\" width=\"1024\" height=\"683\" data-id=\"17570\" src=\"https:\/\/kommentatorenblog.de\/wp-content\/uploads\/2024\/04\/82203-0-3-1024x683.jpg\" alt=\"\" class=\"wp-image-17570\" srcset=\"https:\/\/kommentatorenblog.de\/wp-content\/uploads\/2024\/04\/82203-0-3-1024x683.jpg 1024w, https:\/\/kommentatorenblog.de\/wp-content\/uploads\/2024\/04\/82203-0-3-300x200.jpg 300w, https:\/\/kommentatorenblog.de\/wp-content\/uploads\/2024\/04\/82203-0-3-768x512.jpg 768w, https:\/\/kommentatorenblog.de\/wp-content\/uploads\/2024\/04\/82203-0-3-1536x1024.jpg 1536w, https:\/\/kommentatorenblog.de\/wp-content\/uploads\/2024\/04\/82203-0-3-272x182.jpg 272w, https:\/\/kommentatorenblog.de\/wp-content\/uploads\/2024\/04\/82203-0-3.jpg 1920w\" sizes=\"auto, (max-width: 1024px) 100vw, 1024px\" \/><figcaption>Lena Kesting \u00a9 ZDF\/Jana Kay<\/figcaption><\/figure>\n\n\n\n<figure class=\"wp-block-image size-large\"><img loading=\"lazy\" decoding=\"async\" width=\"1920\" height=\"1278\" data-id=\"17571\" src=\"http:\/\/kommentatorenblog.de\/wp-content\/uploads\/2024\/04\/71892-0-7.jpg\" alt=\"\" class=\"wp-image-17571\" srcset=\"https:\/\/kommentatorenblog.de\/wp-content\/uploads\/2024\/04\/71892-0-7.jpg 1920w, https:\/\/kommentatorenblog.de\/wp-content\/uploads\/2024\/04\/71892-0-7-300x200.jpg 300w, https:\/\/kommentatorenblog.de\/wp-content\/uploads\/2024\/04\/71892-0-7-1024x682.jpg 1024w, https:\/\/kommentatorenblog.de\/wp-content\/uploads\/2024\/04\/71892-0-7-768x511.jpg 768w, https:\/\/kommentatorenblog.de\/wp-content\/uploads\/2024\/04\/71892-0-7-1536x1022.jpg 1536w, https:\/\/kommentatorenblog.de\/wp-content\/uploads\/2024\/04\/71892-0-7-272x182.jpg 272w\" sizes=\"auto, (max-width: 1920px) 100vw, 1920px\" \/><figcaption>Florian Zschiedrich \u00a9 ZDF\/Svea Pietschmann<\/figcaption><\/figure>\n<\/figure>\n\n\n\n<p>Die Interviews bei den Spielen werden neben Voss und Stiefvatter auch <strong>Lena Kesting, Florian Zschiedrich <\/strong>und<strong> Thomas Skulski<\/strong> f\u00fchren. Kesting und Zschiedrich, beide aus dem ZDF-Morgenmagazin bekannt, sind neu im Team, wobei Kesting bereits Erfahrung in dieser Rolle bei den Turnieren der Frauen gesammelt hat. <strong>Alexander Ruda<\/strong>, in Katar noch Reporter vor Ort, geh\u00f6rt nunmehr zu den Autoren der Hintergrundberichte, zu denen ansonsten auch <strong>Stefan Bier, Markus Harm, Heiko Klasen, Gari Paubandt, Daniel Pinschower, Mareile Scheidemann, Eike Schulz <\/strong>und <strong>Hermann Valkyser<\/strong> z\u00e4hlen.<\/p>\n\n\n\n<p>Ebenfalls eine Rolle beim ZDF w\u00e4hrend der EM erh\u00e4lt <strong>Ren\u00e9 Adler<\/strong>, der 2023 bei einigen Livespielen Experte und Co-Kommentator war. Allerdings wird er bei der EM nicht bei den Spielen vor Ort sein, sondern als Experte im ZDF-Morgenmagazin bzw. ZDF-Mittagsmagazin fungieren. Bei der WM 2022 hatte die nunmehrige Studiog\u00e4stin Friederike Kromp diese Aufgabe inne.<\/p>\n\n\n\n<figure class=\"wp-block-embed is-type-rich is-provider-spotify wp-block-embed-spotify wp-embed-aspect-21-9 wp-has-aspect-ratio\"><div class=\"wp-block-embed__wrapper\">\n<iframe title=\"Spotify Embed: So fahren ARD und ZDF zur EURO 2024!\" style=\"border-radius: 12px\" width=\"100%\" height=\"152\" frameborder=\"0\" allowfullscreen allow=\"autoplay; clipboard-write; encrypted-media; fullscreen; picture-in-picture\" loading=\"lazy\" src=\"https:\/\/open.spotify.com\/embed\/episode\/4NLkM053cZy6Eqgypbo03j?si=dBBqzrt-QzCnaJYP_6kggw&#038;utm_source=oembed\"><\/iframe>\n<\/div><\/figure>\n\n\n\n<p>Von RTL und MagentaTV gab es bislang noch keine offiziellen Mitteilungen zum EM-Personal, diese erwarten wir in den kommenden Wochen und wir werden die Teams dann nat\u00fcrlich genauso ausf\u00fchrlich hier vorstellen.<\/p>\n\n\n\n<p>Bis es mit der EM losgeht, sind noch ein paar Spieltage im Vereinsfu\u00dfball zu absolvieren:<\/p>\n\n\n\n<hr class=\"wp-block-separator\"\/>\n\n\n\n<p><strong>Die Ansetzungen vom 26. April 2024 bis 29. April 2024<\/strong><\/p>\n\n\n\n<hr class=\"wp-block-separator\"\/>\n\n\n\n<p><strong>UEFA Women&#8217;s Champions League, Halbfinal-R\u00fcckspiele<\/strong><\/p>\n\n\n\n<p><span style=\"text-decoration: underline;\">Samstag, 27. April 2024, ab 18.20 Uhr (DF1) bzw. ab 18.30 Uhr (DAZN)<\/span><\/p>\n\n\n\n<p><strong><em>FC Chelsea &#8211; FC Barcelona (18.30 Uhr)<\/em><\/strong><\/p>\n\n\n\n<p><img loading=\"lazy\" decoding=\"async\" width=\"10\" height=\"21\" class=\"wp-image-3656\" style=\"width: 10px;\" src=\"http:\/\/kommentatorenblog.de\/wp-content\/uploads\/2020\/09\/shure-55sh-ii-e1601485394796.jpg\" alt=\"\" srcset=\"https:\/\/kommentatorenblog.de\/wp-content\/uploads\/2020\/09\/shure-55sh-ii-e1601485394796.jpg 415w, https:\/\/kommentatorenblog.de\/wp-content\/uploads\/2020\/09\/shure-55sh-ii-e1601485394796-142x300.jpg 142w\" sizes=\"auto, (max-width: 10px) 100vw, 10px\" \/> DAZN: Stephanie Baczyk<\/p>\n\n\n\n<p><img loading=\"lazy\" decoding=\"async\" width=\"10\" height=\"21\" class=\"wp-image-3656\" style=\"width: 10px;\" src=\"http:\/\/kommentatorenblog.de\/wp-content\/uploads\/2020\/09\/shure-55sh-ii-e1601485394796.jpg\" alt=\"\" srcset=\"https:\/\/kommentatorenblog.de\/wp-content\/uploads\/2020\/09\/shure-55sh-ii-e1601485394796.jpg 415w, https:\/\/kommentatorenblog.de\/wp-content\/uploads\/2020\/09\/shure-55sh-ii-e1601485394796-142x300.jpg 142w\" sizes=\"auto, (max-width: 10px) 100vw, 10px\" \/> DF1: Martin Piller<\/p>\n\n\n\n<p><span style=\"text-decoration: underline;\">Sonntag, 28. April 2024 (DAZN)<\/span><\/p>\n\n\n\n<p><strong><em>Paris Saint-Germain &#8211; Olympique Lyon (16.00 Uhr)<\/em><\/strong><\/p>\n\n\n\n<p><img loading=\"lazy\" decoding=\"async\" width=\"10\" height=\"21\" class=\"wp-image-3656\" style=\"width: 10px;\" src=\"http:\/\/kommentatorenblog.de\/wp-content\/uploads\/2020\/09\/shure-55sh-ii-e1601485394796.jpg\" alt=\"\" srcset=\"https:\/\/kommentatorenblog.de\/wp-content\/uploads\/2020\/09\/shure-55sh-ii-e1601485394796.jpg 415w, https:\/\/kommentatorenblog.de\/wp-content\/uploads\/2020\/09\/shure-55sh-ii-e1601485394796-142x300.jpg 142w\" sizes=\"auto, (max-width: 10px) 100vw, 10px\" \/> Markus Theil<\/p>\n\n\n\n<hr class=\"wp-block-separator\"\/>\n\n\n\n<p><strong>Bundesliga, 31. Spieltag<\/strong><\/p>\n\n\n\n<p><span style=\"text-decoration: underline;\">Freitag, 26. April 2024, ab 20.00 Uhr (DAZN)<\/span><\/p>\n\n\n\n<p><strong><em>VfL Bochum &#8211; TSG 1899 Hoffenheim (20.30 Uhr)<\/em><\/strong><\/p>\n\n\n\n<p><img loading=\"lazy\" decoding=\"async\" width=\"10\" height=\"21\" class=\"wp-image-3656\" style=\"width: 10px;\" src=\"http:\/\/kommentatorenblog.de\/wp-content\/uploads\/2020\/09\/shure-55sh-ii-e1601485394796.jpg\" alt=\"\" srcset=\"https:\/\/kommentatorenblog.de\/wp-content\/uploads\/2020\/09\/shure-55sh-ii-e1601485394796.jpg 415w, https:\/\/kommentatorenblog.de\/wp-content\/uploads\/2020\/09\/shure-55sh-ii-e1601485394796-142x300.jpg 142w\" sizes=\"auto, (max-width: 10px) 100vw, 10px\" \/> Marco Hagemann, Experte: Benny Lauth<br>Moderation: Elmar Paulke, Field-Reporter: Freddy Harder<\/p>\n\n\n\n<p><span style=\"text-decoration: underline;\">Samstag, 27. April 2024, ab 14.00 Uhr (Sky)<\/span><\/p>\n\n\n\n<p><strong><em>FC Bayern M\u00fcnchen &#8211; Eintracht Frankfurt <\/em><\/strong><em><strong>(15.30 Uhr)<\/strong><\/em><\/p>\n\n\n\n<p><img loading=\"lazy\" decoding=\"async\" width=\"10\" height=\"21\" class=\"wp-image-3656\" style=\"width: 10px;\" src=\"http:\/\/kommentatorenblog.de\/wp-content\/uploads\/2020\/09\/shure-55sh-ii-e1601485394796.jpg\" alt=\"\" srcset=\"https:\/\/kommentatorenblog.de\/wp-content\/uploads\/2020\/09\/shure-55sh-ii-e1601485394796.jpg 415w, https:\/\/kommentatorenblog.de\/wp-content\/uploads\/2020\/09\/shure-55sh-ii-e1601485394796-142x300.jpg 142w\" sizes=\"auto, (max-width: 10px) 100vw, 10px\" \/> Jonas Friedrich (Einzelspiel), Martin Gro\u00df (Konferenz)<br>Field-Reporter: Patrick Wasserziehr<\/p>\n\n\n\n<p><em><strong>RB Leipzig &#8211; Borussia Dortmund (15.30 Uhr)<\/strong><\/em><\/p>\n\n\n\n<p><img loading=\"lazy\" decoding=\"async\" width=\"10\" height=\"21\" class=\"wp-image-3656\" style=\"width: 10px;\" src=\"http:\/\/kommentatorenblog.de\/wp-content\/uploads\/2020\/09\/shure-55sh-ii-e1601485394796.jpg\" alt=\"\" srcset=\"https:\/\/kommentatorenblog.de\/wp-content\/uploads\/2020\/09\/shure-55sh-ii-e1601485394796.jpg 415w, https:\/\/kommentatorenblog.de\/wp-content\/uploads\/2020\/09\/shure-55sh-ii-e1601485394796-142x300.jpg 142w\" sizes=\"auto, (max-width: 10px) 100vw, 10px\" \/> Kai Dittmann (Einzelspiel), Hansi K\u00fcpper (Konferenz)<br>Field-Reporter: Yannick Erkenbrecher<\/p>\n\n\n\n<p><strong><em>SC Freiburg &#8211; VfL Wolfsburg <\/em><\/strong><em><strong>(15.30 Uhr)<\/strong><\/em><\/p>\n\n\n\n<p><img loading=\"lazy\" decoding=\"async\" width=\"10\" height=\"21\" class=\"wp-image-3656\" style=\"width: 10px;\" src=\"http:\/\/kommentatorenblog.de\/wp-content\/uploads\/2020\/09\/shure-55sh-ii-e1601485394796.jpg\" alt=\"\" srcset=\"https:\/\/kommentatorenblog.de\/wp-content\/uploads\/2020\/09\/shure-55sh-ii-e1601485394796.jpg 415w, https:\/\/kommentatorenblog.de\/wp-content\/uploads\/2020\/09\/shure-55sh-ii-e1601485394796-142x300.jpg 142w\" sizes=\"auto, (max-width: 10px) 100vw, 10px\" \/> Marcus Lindemann (Einzelspiel), Florian Schmidt-Sommerfeld (Konferenz)<br>Field-Reporter: Ulli Potofski<\/p>\n\n\n\n<p><strong><em>FC Augsburg &#8211; Werder Bremen<\/em><\/strong><em><strong> (15.30 Uhr)<\/strong><\/em><\/p>\n\n\n\n<p><img loading=\"lazy\" decoding=\"async\" width=\"10\" height=\"21\" class=\"wp-image-3656\" style=\"width: 10px;\" src=\"http:\/\/kommentatorenblog.de\/wp-content\/uploads\/2020\/09\/shure-55sh-ii-e1601485394796.jpg\" alt=\"\" srcset=\"https:\/\/kommentatorenblog.de\/wp-content\/uploads\/2020\/09\/shure-55sh-ii-e1601485394796.jpg 415w, https:\/\/kommentatorenblog.de\/wp-content\/uploads\/2020\/09\/shure-55sh-ii-e1601485394796-142x300.jpg 142w\" sizes=\"auto, (max-width: 10px) 100vw, 10px\" \/> Hannes Herrmann (Einzelspiel), Oliver Seidler (Konferenz)<br>Field-Reporter: Torben Hoffmann<\/p>\n\n\n\n<p>Moderation: Michael Leopold, Experten: Dietmar Hamann und Erik Meijer<\/p>\n\n\n\n<p><span style=\"text-decoration: underline;\">ab 17.30 Uhr (Sky)<\/span><\/p>\n\n\n\n<p><em><strong>Bayer 04 Leverkusen &#8211; VfB Stuttgart (18.30 Uhr)<\/strong><\/em><\/p>\n\n\n\n<p><img loading=\"lazy\" decoding=\"async\" width=\"10\" height=\"21\" class=\"wp-image-3656\" style=\"width: 10px;\" src=\"http:\/\/kommentatorenblog.de\/wp-content\/uploads\/2020\/09\/shure-55sh-ii-e1601485394796.jpg\" alt=\"\" srcset=\"https:\/\/kommentatorenblog.de\/wp-content\/uploads\/2020\/09\/shure-55sh-ii-e1601485394796.jpg 415w, https:\/\/kommentatorenblog.de\/wp-content\/uploads\/2020\/09\/shure-55sh-ii-e1601485394796-142x300.jpg 142w\" sizes=\"auto, (max-width: 10px) 100vw, 10px\" \/> Wolff Fuss<br>Field-Reporterin: Britta Hofmann<br>Moderation: Sebastian Hellmann, Expert:innen: Julia Simic und Lothar Matth\u00e4us<\/p>\n\n\n\n<p><span style=\"text-decoration: underline;\">Sonntag, 28. April 2024, ab 15.00 Uhr (DAZN<\/span>)<\/p>\n\n\n\n<p><strong><em>Borussia M\u00f6nchengladbach &#8211; 1. FC Union Berlin<\/em><\/strong><strong style=\"font-style: italic;\"> (15.30 Uhr)<\/strong><\/p>\n\n\n\n<p><img loading=\"lazy\" decoding=\"async\" width=\"10\" height=\"21\" class=\"wp-image-3656\" style=\"width: 10px;\" src=\"http:\/\/kommentatorenblog.de\/wp-content\/uploads\/2020\/09\/shure-55sh-ii-e1601485394796.jpg\" alt=\"\" srcset=\"https:\/\/kommentatorenblog.de\/wp-content\/uploads\/2020\/09\/shure-55sh-ii-e1601485394796.jpg 415w, https:\/\/kommentatorenblog.de\/wp-content\/uploads\/2020\/09\/shure-55sh-ii-e1601485394796-142x300.jpg 142w\" sizes=\"auto, (max-width: 10px) 100vw, 10px\" \/> Uli Hebel, Experte: Sebastian Knei\u00dfl<br>Moderation: Lukas Sch\u00f6nm\u00fcller, Field-Reporter: Freddy Harder<\/p>\n\n\n\n<p><span style=\"text-decoration: underline;\">ab 16.30 Uhr (DAZN)<\/span><\/p>\n\n\n\n<p><strong><em>1. <\/em><\/strong><em><strong>FSV Mainz 05 &#8211; 1. FC K\u00f6ln<\/strong><\/em><em><strong> (17.30 Uhr)<\/strong><\/em><\/p>\n\n\n\n<p><img loading=\"lazy\" decoding=\"async\" width=\"10\" height=\"21\" class=\"wp-image-3656\" style=\"width: 10px;\" src=\"http:\/\/kommentatorenblog.de\/wp-content\/uploads\/2020\/09\/shure-55sh-ii-e1601485394796.jpg\" alt=\"\" srcset=\"https:\/\/kommentatorenblog.de\/wp-content\/uploads\/2020\/09\/shure-55sh-ii-e1601485394796.jpg 415w, https:\/\/kommentatorenblog.de\/wp-content\/uploads\/2020\/09\/shure-55sh-ii-e1601485394796-142x300.jpg 142w\" sizes=\"auto, (max-width: 10px) 100vw, 10px\" \/> Jan Platte, Experte: Jonas Hummels<br>Moderation: Max Siebald, Field-Reporter: Benni Zander<\/p>\n\n\n\n<p><span style=\"text-decoration: underline;\">ab 19.00 Uhr (DAZN)<\/span><\/p>\n\n\n\n<p><strong><em>SV Darmstadt 98 &#8211; 1. FC Heidenheim (19.30 Uhr)<\/em><\/strong><\/p>\n\n\n\n<p><img loading=\"lazy\" decoding=\"async\" width=\"10\" height=\"21\" class=\"wp-image-3656\" style=\"width: 10px;\" src=\"http:\/\/kommentatorenblog.de\/wp-content\/uploads\/2020\/09\/shure-55sh-ii-e1601485394796.jpg\" alt=\"\" srcset=\"https:\/\/kommentatorenblog.de\/wp-content\/uploads\/2020\/09\/shure-55sh-ii-e1601485394796.jpg 415w, https:\/\/kommentatorenblog.de\/wp-content\/uploads\/2020\/09\/shure-55sh-ii-e1601485394796-142x300.jpg 142w\" sizes=\"auto, (max-width: 10px) 100vw, 10px\" \/> Tom Kirsten, Experte: Sascha Bigalke<br>Moderation: David Ploch, Field-Reporter: Mario Rieker<\/p>\n\n\n\n<hr class=\"wp-block-separator\"\/>\n\n\n\n<p><strong>2<\/strong>. <strong>Bundesliga, 31. Spieltag<\/strong><\/p>\n\n\n\n<p><span style=\"text-decoration: underline;\">Freitag, 26. April 2024, ab 18.00 Uhr (Sky)<\/span><\/p>\n\n\n\n<p><strong><em>Die Konferenz (18.30 Uhr)<\/em><\/strong><\/p>\n\n\n\n<p><img loading=\"lazy\" decoding=\"async\" width=\"10\" height=\"21\" class=\"wp-image-3656\" style=\"width: 10px;\" src=\"http:\/\/kommentatorenblog.de\/wp-content\/uploads\/2020\/09\/shure-55sh-ii-e1601485394796.jpg\" alt=\"\" srcset=\"https:\/\/kommentatorenblog.de\/wp-content\/uploads\/2020\/09\/shure-55sh-ii-e1601485394796.jpg 415w, https:\/\/kommentatorenblog.de\/wp-content\/uploads\/2020\/09\/shure-55sh-ii-e1601485394796-142x300.jpg 142w\" sizes=\"auto, (max-width: 10px) 100vw, 10px\" \/> Hansi K\u00fcpper (Fokus auf STP &#8211; HRO)<\/p>\n\n\n\n<p><strong><em>FC St. Pauli &#8211; FC Hansa Rostock (18.30 Uhr)<\/em><\/strong><\/p>\n\n\n\n<p><img loading=\"lazy\" decoding=\"async\" width=\"10\" height=\"21\" class=\"wp-image-3656\" style=\"width: 10px;\" src=\"http:\/\/kommentatorenblog.de\/wp-content\/uploads\/2020\/09\/shure-55sh-ii-e1601485394796.jpg\" alt=\"\" srcset=\"https:\/\/kommentatorenblog.de\/wp-content\/uploads\/2020\/09\/shure-55sh-ii-e1601485394796.jpg 415w, https:\/\/kommentatorenblog.de\/wp-content\/uploads\/2020\/09\/shure-55sh-ii-e1601485394796-142x300.jpg 142w\" sizes=\"auto, (max-width: 10px) 100vw, 10px\" \/> Oliver Seidler<\/p>\n\n\n\n<p><strong><em>Hertha BSC &#8211; Hannover 96 (18.30 Uhr)<\/em><\/strong><\/p>\n\n\n\n<p><img loading=\"lazy\" decoding=\"async\" width=\"10\" height=\"21\" class=\"wp-image-3656\" style=\"width: 10px;\" src=\"http:\/\/kommentatorenblog.de\/wp-content\/uploads\/2020\/09\/shure-55sh-ii-e1601485394796.jpg\" alt=\"\" srcset=\"https:\/\/kommentatorenblog.de\/wp-content\/uploads\/2020\/09\/shure-55sh-ii-e1601485394796.jpg 415w, https:\/\/kommentatorenblog.de\/wp-content\/uploads\/2020\/09\/shure-55sh-ii-e1601485394796-142x300.jpg 142w\" sizes=\"auto, (max-width: 10px) 100vw, 10px\" \/> Marcel Meinert<br>Field-Reporterin: Lisa de Ruiter<\/p>\n\n\n\n<p>Moderation (aus Hamburg): Yannick Erkenbrecher, Experte: S\u00f6ren Gonther<\/p>\n\n\n\n<p><span style=\"text-decoration: underline;\">Samstag, 27. April 2024, ab 12.30 Uhr (Sky)<\/span><\/p>\n\n\n\n<p><strong><em>Die Konferenz (13.00 Uhr)<\/em><\/strong><\/p>\n\n\n\n<p><img loading=\"lazy\" decoding=\"async\" width=\"10\" height=\"21\" class=\"wp-image-3656\" style=\"width: 10px;\" src=\"http:\/\/kommentatorenblog.de\/wp-content\/uploads\/2020\/09\/shure-55sh-ii-e1601485394796.jpg\" alt=\"\" srcset=\"https:\/\/kommentatorenblog.de\/wp-content\/uploads\/2020\/09\/shure-55sh-ii-e1601485394796.jpg 415w, https:\/\/kommentatorenblog.de\/wp-content\/uploads\/2020\/09\/shure-55sh-ii-e1601485394796-142x300.jpg 142w\" sizes=\"auto, (max-width: 10px) 100vw, 10px\" \/> Toni Tomic (Fokus auf EBS &#8211; HSV)<\/p>\n\n\n\n<p><strong><em>Eintracht Braunschweig &#8211;<\/em><\/strong> <strong><em>Hamburger SV<strong><em> <\/em><\/strong>(13.00 Uhr)<\/em><\/strong><\/p>\n\n\n\n<p><img loading=\"lazy\" decoding=\"async\" width=\"10\" height=\"21\" class=\"wp-image-3656\" style=\"width: 10px;\" src=\"http:\/\/kommentatorenblog.de\/wp-content\/uploads\/2020\/09\/shure-55sh-ii-e1601485394796.jpg\" alt=\"\" srcset=\"https:\/\/kommentatorenblog.de\/wp-content\/uploads\/2020\/09\/shure-55sh-ii-e1601485394796.jpg 415w, https:\/\/kommentatorenblog.de\/wp-content\/uploads\/2020\/09\/shure-55sh-ii-e1601485394796-142x300.jpg 142w\" sizes=\"auto, (max-width: 10px) 100vw, 10px\" \/> Torsten Kunde<\/p>\n\n\n\n<p><strong><em>KSV Holstein Kiel &#8211; 1. FC Kaiserslautern<strong><em> <\/em><\/strong>(13.00 Uhr)<\/em><\/strong><\/p>\n\n\n\n<p><img loading=\"lazy\" decoding=\"async\" width=\"10\" height=\"21\" class=\"wp-image-3656\" style=\"width: 10px;\" src=\"http:\/\/kommentatorenblog.de\/wp-content\/uploads\/2020\/09\/shure-55sh-ii-e1601485394796.jpg\" alt=\"\" srcset=\"https:\/\/kommentatorenblog.de\/wp-content\/uploads\/2020\/09\/shure-55sh-ii-e1601485394796.jpg 415w, https:\/\/kommentatorenblog.de\/wp-content\/uploads\/2020\/09\/shure-55sh-ii-e1601485394796-142x300.jpg 142w\" sizes=\"auto, (max-width: 10px) 100vw, 10px\" \/> Markus G\u00f6tz<br>Field-Reporter: Marcus J\u00fcrgensen<\/p>\n\n\n\n<p><strong><em>SC Paderborn 07 &#8211; SV Elversberg<strong><em> <\/em><\/strong>(13.00 Uhr)<\/em><\/strong><\/p>\n\n\n\n<p><img loading=\"lazy\" decoding=\"async\" width=\"10\" height=\"21\" class=\"wp-image-3656\" style=\"width: 10px;\" src=\"http:\/\/kommentatorenblog.de\/wp-content\/uploads\/2020\/09\/shure-55sh-ii-e1601485394796.jpg\" alt=\"\" srcset=\"https:\/\/kommentatorenblog.de\/wp-content\/uploads\/2020\/09\/shure-55sh-ii-e1601485394796.jpg 415w, https:\/\/kommentatorenblog.de\/wp-content\/uploads\/2020\/09\/shure-55sh-ii-e1601485394796-142x300.jpg 142w\" sizes=\"auto, (max-width: 10px) 100vw, 10px\" \/> J\u00fcrgen Schmitz<br>Field-Reporter: Jens Westen<\/p>\n\n\n\n<p>Moderation (aus Braunschweig): Hartmut von Kameke<\/p>\n\n\n\n<p><span style=\"text-decoration: underline;\">ab 19.30 Uhr (SPORT1) bzw. ab 20.00 Uhr (Sky)<\/span><\/p>\n\n\n\n<p><strong><em>FC Schalke 04 &#8211; Fortuna D\u00fcsseldorf<\/em><\/strong> <strong><em>(20.30 Uhr)<\/em><\/strong><\/p>\n\n\n\n<p><img loading=\"lazy\" decoding=\"async\" width=\"10\" height=\"21\" class=\"wp-image-3656\" style=\"width: 10px;\" src=\"http:\/\/kommentatorenblog.de\/wp-content\/uploads\/2020\/09\/shure-55sh-ii-e1601485394796.jpg\" alt=\"\" srcset=\"https:\/\/kommentatorenblog.de\/wp-content\/uploads\/2020\/09\/shure-55sh-ii-e1601485394796.jpg 415w, https:\/\/kommentatorenblog.de\/wp-content\/uploads\/2020\/09\/shure-55sh-ii-e1601485394796-142x300.jpg 142w\" sizes=\"auto, (max-width: 10px) 100vw, 10px\" \/> Sport1: Markus H\u00f6hner, Experte: Oliver Reck<br>Moderation (Sport1): Katharina Kleinfeldt, Field-Reporter: Oliver M\u00fcller<\/p>\n\n\n\n<p><img loading=\"lazy\" decoding=\"async\" width=\"10\" height=\"21\" class=\"wp-image-3656\" style=\"width: 10px;\" src=\"http:\/\/kommentatorenblog.de\/wp-content\/uploads\/2020\/09\/shure-55sh-ii-e1601485394796.jpg\" alt=\"\" srcset=\"https:\/\/kommentatorenblog.de\/wp-content\/uploads\/2020\/09\/shure-55sh-ii-e1601485394796.jpg 415w, https:\/\/kommentatorenblog.de\/wp-content\/uploads\/2020\/09\/shure-55sh-ii-e1601485394796-142x300.jpg 142w\" sizes=\"auto, (max-width: 10px) 100vw, 10px\" \/> Sky: Roland Evers, Experte: Torsten Mattuschka<br>Moderation (Sky): Stefan Hempel<\/p>\n\n\n\n<p><span style=\"text-decoration: underline;\">Sonntag, 28. April 2024, ab 13.00 Uhr (Sky)<\/span><\/p>\n\n\n\n<p><strong><em>Die Konferenz (13.30 Uhr)<\/em><\/strong><\/p>\n\n\n\n<p><img loading=\"lazy\" decoding=\"async\" width=\"10\" height=\"21\" class=\"wp-image-3656\" style=\"width: 10px;\" src=\"http:\/\/kommentatorenblog.de\/wp-content\/uploads\/2020\/09\/shure-55sh-ii-e1601485394796.jpg\" alt=\"\" srcset=\"https:\/\/kommentatorenblog.de\/wp-content\/uploads\/2020\/09\/shure-55sh-ii-e1601485394796.jpg 415w, https:\/\/kommentatorenblog.de\/wp-content\/uploads\/2020\/09\/shure-55sh-ii-e1601485394796-142x300.jpg 142w\" sizes=\"auto, (max-width: 10px) 100vw, 10px\" \/> Hansi K\u00fcpper (Fokus auf FCM &#8211; OSN)<\/p>\n\n\n\n<p><strong><em>1. FC Magdeburg &#8211; VfL Osnabr\u00fcck (13.30 Uhr)<\/em><\/strong><\/p>\n\n\n\n<p><img loading=\"lazy\" decoding=\"async\" width=\"10\" height=\"21\" class=\"wp-image-3656\" style=\"width: 10px;\" src=\"http:\/\/kommentatorenblog.de\/wp-content\/uploads\/2020\/09\/shure-55sh-ii-e1601485394796.jpg\" alt=\"\" srcset=\"https:\/\/kommentatorenblog.de\/wp-content\/uploads\/2020\/09\/shure-55sh-ii-e1601485394796.jpg 415w, https:\/\/kommentatorenblog.de\/wp-content\/uploads\/2020\/09\/shure-55sh-ii-e1601485394796-142x300.jpg 142w\" sizes=\"auto, (max-width: 10px) 100vw, 10px\" \/> Dominik M\u00fcller<\/p>\n\n\n\n<p><strong><em>1. FC N\u00fcrnberg &#8211; Karlsruher SC (13.30 Uhr)<\/em><\/strong><\/p>\n\n\n\n<p><img loading=\"lazy\" decoding=\"async\" width=\"10\" height=\"21\" class=\"wp-image-3656\" style=\"width: 10px;\" src=\"http:\/\/kommentatorenblog.de\/wp-content\/uploads\/2020\/09\/shure-55sh-ii-e1601485394796.jpg\" alt=\"\" srcset=\"https:\/\/kommentatorenblog.de\/wp-content\/uploads\/2020\/09\/shure-55sh-ii-e1601485394796.jpg 415w, https:\/\/kommentatorenblog.de\/wp-content\/uploads\/2020\/09\/shure-55sh-ii-e1601485394796-142x300.jpg 142w\" sizes=\"auto, (max-width: 10px) 100vw, 10px\" \/> Torsten Kunde<br>Field-Reporter: Sven T\u00f6llner<\/p>\n\n\n\n<p><strong><em>SV Wehen Wiesbaden &#8211; SpVgg Greuther F\u00fcrth (13.30 Uhr)<\/em><\/strong><\/p>\n\n\n\n<p><img loading=\"lazy\" decoding=\"async\" width=\"10\" height=\"21\" class=\"wp-image-3656\" style=\"width: 10px;\" src=\"http:\/\/kommentatorenblog.de\/wp-content\/uploads\/2020\/09\/shure-55sh-ii-e1601485394796.jpg\" alt=\"\" srcset=\"https:\/\/kommentatorenblog.de\/wp-content\/uploads\/2020\/09\/shure-55sh-ii-e1601485394796.jpg 415w, https:\/\/kommentatorenblog.de\/wp-content\/uploads\/2020\/09\/shure-55sh-ii-e1601485394796-142x300.jpg 142w\" sizes=\"auto, (max-width: 10px) 100vw, 10px\" \/> J\u00fcrgen Schmitz<br>Field-Reporter: Alexander Bonengel<\/p>\n\n\n\n<p>Moderation (aus Magdeburg): Max Zielke<\/p>\n\n\n\n<hr class=\"wp-block-separator is-style-default\"\/>\n\n\n\n<p><strong>3. Liga, 35. Spieltag<\/strong><\/p>\n\n\n\n<p><span style=\"text-decoration: underline;\">Freitag, 26. April 2024, ab 18.30 Uhr (Magenta Sport)<\/span><\/p>\n\n\n\n<p><strong><em>DSC Arminia Bielefeld &#8211; VfB L\u00fcbeck (19.00 Uhr)<\/em><\/strong><\/p>\n\n\n\n<p><img loading=\"lazy\" decoding=\"async\" width=\"10\" height=\"21\" class=\"wp-image-3656\" style=\"width: 10px;\" src=\"http:\/\/kommentatorenblog.de\/wp-content\/uploads\/2020\/09\/shure-55sh-ii-e1601485394796.jpg\" alt=\"\" srcset=\"https:\/\/kommentatorenblog.de\/wp-content\/uploads\/2020\/09\/shure-55sh-ii-e1601485394796.jpg 415w, https:\/\/kommentatorenblog.de\/wp-content\/uploads\/2020\/09\/shure-55sh-ii-e1601485394796-142x300.jpg 142w\" sizes=\"auto, (max-width: 10px) 100vw, 10px\" \/> Markus H\u00f6hner<br>Moderation: Tobi Wahnschaffe, Experte: Daniel Flottmann<\/p>\n\n\n\n<p><span style=\"text-decoration: underline;\">Samstag, 27. April 2024, ab 13.30 Uhr (Magenta Sport)<\/span><\/p>\n\n\n\n<p><strong><em>Die Konferenz (14.00 Uhr)<\/em><\/strong><\/p>\n\n\n\n<p><img loading=\"lazy\" decoding=\"async\" width=\"10\" height=\"21\" class=\"wp-image-3656\" style=\"width: 10px;\" src=\"http:\/\/kommentatorenblog.de\/wp-content\/uploads\/2020\/09\/shure-55sh-ii-e1601485394796.jpg\" alt=\"\" srcset=\"https:\/\/kommentatorenblog.de\/wp-content\/uploads\/2020\/09\/shure-55sh-ii-e1601485394796.jpg 415w, https:\/\/kommentatorenblog.de\/wp-content\/uploads\/2020\/09\/shure-55sh-ii-e1601485394796-142x300.jpg 142w\" sizes=\"auto, (max-width: 10px) 100vw, 10px\" \/> Benni Zander, Experte: Steven Ruprecht<\/p>\n\n\n\n<p><span style=\"text-decoration: underline;\">ab 13.45 Uhr (Magenta Sport)<\/span><\/p>\n\n\n\n<p><strong><em>MSV Duisburg &#8211; SV Sandhausen (14.00 Uhr)<\/em><\/strong><\/p>\n\n\n\n<p><img loading=\"lazy\" decoding=\"async\" width=\"10\" height=\"21\" class=\"wp-image-3656\" style=\"width: 10px;\" src=\"http:\/\/kommentatorenblog.de\/wp-content\/uploads\/2020\/09\/shure-55sh-ii-e1601485394796.jpg\" alt=\"\" srcset=\"https:\/\/kommentatorenblog.de\/wp-content\/uploads\/2020\/09\/shure-55sh-ii-e1601485394796.jpg 415w, https:\/\/kommentatorenblog.de\/wp-content\/uploads\/2020\/09\/shure-55sh-ii-e1601485394796-142x300.jpg 142w\" sizes=\"auto, (max-width: 10px) 100vw, 10px\" \/> Philip Konrad<br>Moderation: Thomas Wagner<\/p>\n\n\n\n<p><strong><em>1.<\/em><\/strong> <strong><em>FC Saarbr\u00fccken &#8211; Hallescher FC (14.00 Uhr)<\/em><\/strong><\/p>\n\n\n\n<p><img loading=\"lazy\" decoding=\"async\" width=\"10\" height=\"21\" class=\"wp-image-3656\" style=\"width: 10px;\" src=\"http:\/\/kommentatorenblog.de\/wp-content\/uploads\/2020\/09\/shure-55sh-ii-e1601485394796.jpg\" alt=\"\" srcset=\"https:\/\/kommentatorenblog.de\/wp-content\/uploads\/2020\/09\/shure-55sh-ii-e1601485394796.jpg 415w, https:\/\/kommentatorenblog.de\/wp-content\/uploads\/2020\/09\/shure-55sh-ii-e1601485394796-142x300.jpg 142w\" sizes=\"auto, (max-width: 10px) 100vw, 10px\" \/> Mario Bast<br>Moderation: Kevin Gerwin<\/p>\n\n\n\n<p><strong><em>Borussia Dortmund II &#8211; FC Erzgebirge Aue (14.00 Uhr)<\/em><\/strong><\/p>\n\n\n\n<p><img loading=\"lazy\" decoding=\"async\" width=\"10\" height=\"21\" class=\"wp-image-3656\" style=\"width: 10px;\" src=\"http:\/\/kommentatorenblog.de\/wp-content\/uploads\/2020\/09\/shure-55sh-ii-e1601485394796.jpg\" alt=\"\" srcset=\"https:\/\/kommentatorenblog.de\/wp-content\/uploads\/2020\/09\/shure-55sh-ii-e1601485394796.jpg 415w, https:\/\/kommentatorenblog.de\/wp-content\/uploads\/2020\/09\/shure-55sh-ii-e1601485394796-142x300.jpg 142w\" sizes=\"auto, (max-width: 10px) 100vw, 10px\" \/> Julian-Luca Sch\u00e4fer<br>Moderation: Holger Speckhahn<\/p>\n\n\n\n<p><span style=\"text-decoration: underline;\">ab 13.45 Uhr (Magenta Sport) bzw. ab 14.00 Uhr (BR\/MDR)<\/span><\/p>\n\n\n\n<p><strong><em><strong><em>SSV Jahn Regensburg &#8211; SG Dynamo Dresden<\/em><\/strong> (14.00 Uhr)<\/em><\/strong><\/p>\n\n\n\n<p><img loading=\"lazy\" decoding=\"async\" width=\"10\" height=\"21\" class=\"wp-image-3656\" style=\"width: 10px;\" src=\"http:\/\/kommentatorenblog.de\/wp-content\/uploads\/2020\/09\/shure-55sh-ii-e1601485394796.jpg\" alt=\"\" srcset=\"https:\/\/kommentatorenblog.de\/wp-content\/uploads\/2020\/09\/shure-55sh-ii-e1601485394796.jpg 415w, https:\/\/kommentatorenblog.de\/wp-content\/uploads\/2020\/09\/shure-55sh-ii-e1601485394796-142x300.jpg 142w\" sizes=\"auto, (max-width: 10px) 100vw, 10px\" \/> Magenta Sport: Oliver Forster<br>Moderation (Magenta Sport): Tobi Wahnschaffe<\/p>\n\n\n\n<p><img loading=\"lazy\" decoding=\"async\" width=\"10\" height=\"21\" class=\"wp-image-3656\" style=\"width: 10px;\" src=\"http:\/\/kommentatorenblog.de\/wp-content\/uploads\/2020\/09\/shure-55sh-ii-e1601485394796.jpg\" alt=\"\" srcset=\"https:\/\/kommentatorenblog.de\/wp-content\/uploads\/2020\/09\/shure-55sh-ii-e1601485394796.jpg 415w, https:\/\/kommentatorenblog.de\/wp-content\/uploads\/2020\/09\/shure-55sh-ii-e1601485394796-142x300.jpg 142w\" sizes=\"auto, (max-width: 10px) 100vw, 10px\" \/> BR: Florian Eckl<br>Moderation (BR): Dominik Vischer<\/p>\n\n\n\n<p><img loading=\"lazy\" decoding=\"async\" width=\"10\" height=\"21\" class=\"wp-image-3656\" style=\"width: 10px;\" src=\"http:\/\/kommentatorenblog.de\/wp-content\/uploads\/2020\/09\/shure-55sh-ii-e1601485394796.jpg\" alt=\"\" srcset=\"https:\/\/kommentatorenblog.de\/wp-content\/uploads\/2020\/09\/shure-55sh-ii-e1601485394796.jpg 415w, https:\/\/kommentatorenblog.de\/wp-content\/uploads\/2020\/09\/shure-55sh-ii-e1601485394796-142x300.jpg 142w\" sizes=\"auto, (max-width: 10px) 100vw, 10px\" \/> MDR: Stephan Weidling, Experte: Benjamin Kirsten<br>Moderation (MDR): <s>Stephanie M\u00fcller-Spirra<\/s> Ren\u00e9 Kindermann<\/p>\n\n\n\n<p><span style=\"text-decoration: underline;\">ab 13.45 Uhr (Magenta Sport) bzw. ab 14.00 Uhr (WDR)<\/span><\/p>\n\n\n\n<p><em><strong>FC Viktoria K\u00f6ln &#8211; <\/strong><\/em><strong><em>SC Preu\u00dfen M\u00fcnster (14.00 Uhr)<\/em><\/strong><\/p>\n\n\n\n<p><img loading=\"lazy\" decoding=\"async\" width=\"10\" height=\"21\" class=\"wp-image-3656\" style=\"width: 10px;\" src=\"http:\/\/kommentatorenblog.de\/wp-content\/uploads\/2020\/09\/shure-55sh-ii-e1601485394796.jpg\" alt=\"\" srcset=\"https:\/\/kommentatorenblog.de\/wp-content\/uploads\/2020\/09\/shure-55sh-ii-e1601485394796.jpg 415w, https:\/\/kommentatorenblog.de\/wp-content\/uploads\/2020\/09\/shure-55sh-ii-e1601485394796-142x300.jpg 142w\" sizes=\"auto, (max-width: 10px) 100vw, 10px\" \/> Magenta Sport: Julian Engelhard<br>Moderation (Magenta Sport): Tobi Sch\u00e4fer<\/p>\n\n\n\n<p><img loading=\"lazy\" decoding=\"async\" width=\"10\" height=\"21\" class=\"wp-image-3656\" style=\"width: 10px;\" src=\"http:\/\/kommentatorenblog.de\/wp-content\/uploads\/2020\/09\/shure-55sh-ii-e1601485394796.jpg\" alt=\"\" srcset=\"https:\/\/kommentatorenblog.de\/wp-content\/uploads\/2020\/09\/shure-55sh-ii-e1601485394796.jpg 415w, https:\/\/kommentatorenblog.de\/wp-content\/uploads\/2020\/09\/shure-55sh-ii-e1601485394796-142x300.jpg 142w\" sizes=\"auto, (max-width: 10px) 100vw, 10px\" \/> WDR: Torsten Winkler<br>Moderation (WDR): Okka Gundel<\/p>\n\n\n\n<p><span style=\"text-decoration: underline;\">ab 16.15 Uhr (Magenta Sport)<\/span><\/p>\n\n\n\n<p><strong><em>SC Verl &#8211; SV Waldhof Mannheim (16.30 Uhr)<\/em><\/strong><\/p>\n\n\n\n<p><img loading=\"lazy\" decoding=\"async\" width=\"10\" height=\"21\" class=\"wp-image-3656\" style=\"width: 10px;\" src=\"http:\/\/kommentatorenblog.de\/wp-content\/uploads\/2020\/09\/shure-55sh-ii-e1601485394796.jpg\" alt=\"\" srcset=\"https:\/\/kommentatorenblog.de\/wp-content\/uploads\/2020\/09\/shure-55sh-ii-e1601485394796.jpg 415w, https:\/\/kommentatorenblog.de\/wp-content\/uploads\/2020\/09\/shure-55sh-ii-e1601485394796-142x300.jpg 142w\" sizes=\"auto, (max-width: 10px) 100vw, 10px\" \/> Michael Augustin<br>Moderation: Kamila Benschop<\/p>\n\n\n\n<p><span style=\"text-decoration: underline;\">Sonntag, <span style=\"text-decoration: underline;\">28. April 2024<\/span>, ab 13.15 Uhr (Magenta Sport)<\/span> <\/p>\n\n\n\n<p><strong><em>Rot-Weiss Essen &#8211; FC Ingolstadt 04 (13.30 Uhr)<\/em><\/strong><\/p>\n\n\n\n<p><img loading=\"lazy\" decoding=\"async\" width=\"10\" height=\"21\" class=\"wp-image-3656\" style=\"width: 10px;\" src=\"http:\/\/kommentatorenblog.de\/wp-content\/uploads\/2020\/09\/shure-55sh-ii-e1601485394796.jpg\" alt=\"\" srcset=\"https:\/\/kommentatorenblog.de\/wp-content\/uploads\/2020\/09\/shure-55sh-ii-e1601485394796.jpg 415w, https:\/\/kommentatorenblog.de\/wp-content\/uploads\/2020\/09\/shure-55sh-ii-e1601485394796-142x300.jpg 142w\" sizes=\"auto, (max-width: 10px) 100vw, 10px\" \/> Mike M\u00fcnkel<br>Moderation: Gari Paubandt<\/p>\n\n\n\n<p><span style=\"text-decoration: underline;\">ab 16.15 Uhr (Magenta Sport)<\/span><\/p>\n\n\n\n<p><strong><em>SC Freiburg II &#8211; SSV Ulm 1846 (16.30 Uhr)<\/em><\/strong><\/p>\n\n\n\n<p><img loading=\"lazy\" decoding=\"async\" width=\"10\" height=\"21\" class=\"wp-image-3656\" style=\"width: 10px;\" src=\"http:\/\/kommentatorenblog.de\/wp-content\/uploads\/2020\/09\/shure-55sh-ii-e1601485394796.jpg\" alt=\"\" srcset=\"https:\/\/kommentatorenblog.de\/wp-content\/uploads\/2020\/09\/shure-55sh-ii-e1601485394796.jpg 415w, https:\/\/kommentatorenblog.de\/wp-content\/uploads\/2020\/09\/shure-55sh-ii-e1601485394796-142x300.jpg 142w\" sizes=\"auto, (max-width: 10px) 100vw, 10px\" \/> Oskar Heirler<br>Moderation: Cedric Pick<\/p>\n\n\n\n<p><span style=\"text-decoration: underline;\">ab 19.15 Uhr (Magenta Sport)<\/span><\/p>\n\n\n\n<p><strong><em>SpVgg Unterhaching &#8211; TSV 1860 M\u00fcnchen (19.30 Uhr)<\/em><\/strong><\/p>\n\n\n\n<p><img loading=\"lazy\" decoding=\"async\" width=\"10\" height=\"21\" class=\"wp-image-3656\" style=\"width: 10px;\" src=\"http:\/\/kommentatorenblog.de\/wp-content\/uploads\/2020\/09\/shure-55sh-ii-e1601485394796.jpg\" alt=\"\" srcset=\"https:\/\/kommentatorenblog.de\/wp-content\/uploads\/2020\/09\/shure-55sh-ii-e1601485394796.jpg 415w, https:\/\/kommentatorenblog.de\/wp-content\/uploads\/2020\/09\/shure-55sh-ii-e1601485394796-142x300.jpg 142w\" sizes=\"auto, (max-width: 10px) 100vw, 10px\" \/> Franz B\u00fcchner<br>Moderation: Alexander K\u00fcpper<\/p>\n\n\n\n<hr class=\"wp-block-separator\"\/>\n\n\n\n<p><strong>Regionalliga West, 31. Spieltag<\/strong><\/p>\n\n\n\n<p><span style=\"text-decoration: underline;\">Freitag, 26. April 2024, ab 19.20 Uhr (Sporttotal)<\/span><\/p>\n\n\n\n<p><strong><em>FC G\u00fctersloh &#8211; FC Schalke 04 II (19.30 Uhr)<\/em><\/strong><\/p>\n\n\n\n<p><img loading=\"lazy\" decoding=\"async\" width=\"10\" height=\"21\" class=\"wp-image-3656\" style=\"width: 10px;\" src=\"http:\/\/kommentatorenblog.de\/wp-content\/uploads\/2020\/09\/shure-55sh-ii-e1601485394796.jpg\" alt=\"\" srcset=\"https:\/\/kommentatorenblog.de\/wp-content\/uploads\/2020\/09\/shure-55sh-ii-e1601485394796.jpg 415w, https:\/\/kommentatorenblog.de\/wp-content\/uploads\/2020\/09\/shure-55sh-ii-e1601485394796-142x300.jpg 142w\" sizes=\"auto, (max-width: 10px) 100vw, 10px\" \/> <s>Florian Bechholz<\/s> Constantin Eckner<\/p>\n\n\n\n<p><strong><em>SSVg Velbert &#8211; FC Wegberg-Beeck (19.30 Uhr)<\/em><\/strong><\/p>\n\n\n\n<p><img loading=\"lazy\" decoding=\"async\" width=\"10\" height=\"21\" class=\"wp-image-3656\" style=\"width: 10px;\" src=\"http:\/\/kommentatorenblog.de\/wp-content\/uploads\/2020\/09\/shure-55sh-ii-e1601485394796.jpg\" alt=\"\" srcset=\"https:\/\/kommentatorenblog.de\/wp-content\/uploads\/2020\/09\/shure-55sh-ii-e1601485394796.jpg 415w, https:\/\/kommentatorenblog.de\/wp-content\/uploads\/2020\/09\/shure-55sh-ii-e1601485394796-142x300.jpg 142w\" sizes=\"auto, (max-width: 10px) 100vw, 10px\" \/> Noah H\u00fclsmann<\/p>\n\n\n\n<p><strong><em>SC Fortuna K\u00f6ln &#8211; Wuppertaler SV (19.30 Uhr)<\/em><\/strong><\/p>\n\n\n\n<p><img loading=\"lazy\" decoding=\"async\" width=\"10\" height=\"21\" class=\"wp-image-3656\" style=\"width: 10px;\" src=\"http:\/\/kommentatorenblog.de\/wp-content\/uploads\/2020\/09\/shure-55sh-ii-e1601485394796.jpg\" alt=\"\" srcset=\"https:\/\/kommentatorenblog.de\/wp-content\/uploads\/2020\/09\/shure-55sh-ii-e1601485394796.jpg 415w, https:\/\/kommentatorenblog.de\/wp-content\/uploads\/2020\/09\/shure-55sh-ii-e1601485394796-142x300.jpg 142w\" sizes=\"auto, (max-width: 10px) 100vw, 10px\" \/> Cedric Greh<\/p>\n\n\n\n<p><span style=\"text-decoration: underline;\">Samstag, 27. April 2024, ab 13.30 Uhr (Sporttotal\/Magenta Sport)<\/span><\/p>\n\n\n\n<p><strong><em>TSV Alemannia Aachen &#8211; 1. FC Bocholt (14.00 Uhr)<\/em><\/strong><\/p>\n\n\n\n<p><img loading=\"lazy\" decoding=\"async\" width=\"10\" height=\"21\" class=\"wp-image-3656\" style=\"width: 10px;\" src=\"http:\/\/kommentatorenblog.de\/wp-content\/uploads\/2020\/09\/shure-55sh-ii-e1601485394796.jpg\" alt=\"\" srcset=\"https:\/\/kommentatorenblog.de\/wp-content\/uploads\/2020\/09\/shure-55sh-ii-e1601485394796.jpg 415w, https:\/\/kommentatorenblog.de\/wp-content\/uploads\/2020\/09\/shure-55sh-ii-e1601485394796-142x300.jpg 142w\" sizes=\"auto, (max-width: 10px) 100vw, 10px\" \/> Florian Bechholz<br>Moderation: Lisa Tellers, Experte: Alexander Heinze<\/p>\n\n\n\n<p><span style=\"text-decoration: underline;\">ab 13.50 Uhr (Sporttotal)<\/span><\/p>\n\n\n\n<p><strong><em>Rot Weiss Ahlen &#8211;<\/em><\/strong> <strong><em><strong><em>1. FC D\u00fcren<\/em><\/strong> (14.00 Uhr)<\/em><\/strong><\/p>\n\n\n\n<p><img loading=\"lazy\" decoding=\"async\" width=\"10\" height=\"21\" class=\"wp-image-3656\" style=\"width: 10px;\" src=\"http:\/\/kommentatorenblog.de\/wp-content\/uploads\/2020\/09\/shure-55sh-ii-e1601485394796.jpg\" alt=\"\" srcset=\"https:\/\/kommentatorenblog.de\/wp-content\/uploads\/2020\/09\/shure-55sh-ii-e1601485394796.jpg 415w, https:\/\/kommentatorenblog.de\/wp-content\/uploads\/2020\/09\/shure-55sh-ii-e1601485394796-142x300.jpg 142w\" sizes=\"auto, (max-width: 10px) 100vw, 10px\" \/> <s>Johannes Skiba<\/s> Johannes H\u00fclstrung<\/p>\n\n\n\n<p><strong><em>SC Wiedenbr\u00fcck &#8211; SC Paderborn 07 II (14.00 Uhr)<\/em><\/strong><\/p>\n\n\n\n<p><img loading=\"lazy\" decoding=\"async\" width=\"10\" height=\"21\" class=\"wp-image-3656\" style=\"width: 10px;\" src=\"http:\/\/kommentatorenblog.de\/wp-content\/uploads\/2020\/09\/shure-55sh-ii-e1601485394796.jpg\" alt=\"\" srcset=\"https:\/\/kommentatorenblog.de\/wp-content\/uploads\/2020\/09\/shure-55sh-ii-e1601485394796.jpg 415w, https:\/\/kommentatorenblog.de\/wp-content\/uploads\/2020\/09\/shure-55sh-ii-e1601485394796-142x300.jpg 142w\" sizes=\"auto, (max-width: 10px) 100vw, 10px\" \/> Noah Kersting<\/p>\n\n\n\n<p><strong><em>SC Rot-Wei\u00df Oberhausen &#8211; SV R\u00f6dinghausen<\/em><\/strong><em style=\"font-weight: bold;\"> <strong>(14.00 Uhr)<\/strong><\/em><\/p>\n\n\n\n<p><img loading=\"lazy\" decoding=\"async\" width=\"10\" height=\"21\" class=\"wp-image-3656\" style=\"width: 10px;\" src=\"http:\/\/kommentatorenblog.de\/wp-content\/uploads\/2020\/09\/shure-55sh-ii-e1601485394796.jpg\" alt=\"\" srcset=\"https:\/\/kommentatorenblog.de\/wp-content\/uploads\/2020\/09\/shure-55sh-ii-e1601485394796.jpg 415w, https:\/\/kommentatorenblog.de\/wp-content\/uploads\/2020\/09\/shure-55sh-ii-e1601485394796-142x300.jpg 142w\" sizes=\"auto, (max-width: 10px) 100vw, 10px\" \/> <s>Sven Lesser<\/s> Clemens Mauksch<\/p>\n\n\n\n<p><span style=\"text-decoration: underline;\">Sonntag, 28. April 2024, ab 13.50 Uhr (Sporttotal)<\/span><\/p>\n\n\n\n<p><strong><em>SV Lippstadt 08 &#8211; 1. FC K\u00f6ln II (14.00 Uhr)<\/em><\/strong><\/p>\n\n\n\n<p><img loading=\"lazy\" decoding=\"async\" width=\"10\" height=\"21\" class=\"wp-image-3656\" style=\"width: 10px;\" src=\"http:\/\/kommentatorenblog.de\/wp-content\/uploads\/2020\/09\/shure-55sh-ii-e1601485394796.jpg\" alt=\"\" srcset=\"https:\/\/kommentatorenblog.de\/wp-content\/uploads\/2020\/09\/shure-55sh-ii-e1601485394796.jpg 415w, https:\/\/kommentatorenblog.de\/wp-content\/uploads\/2020\/09\/shure-55sh-ii-e1601485394796-142x300.jpg 142w\" sizes=\"auto, (max-width: 10px) 100vw, 10px\" \/> Sven Lesser<\/p>\n\n\n\n<p><strong><em>Fortuna D\u00fcsseldorf II &#8211; Borussia M\u00f6nchengladbach II (14.00 Uhr)<\/em><\/strong><\/p>\n\n\n\n<p><img loading=\"lazy\" decoding=\"async\" width=\"10\" height=\"21\" class=\"wp-image-3656\" style=\"width: 10px;\" src=\"http:\/\/kommentatorenblog.de\/wp-content\/uploads\/2020\/09\/shure-55sh-ii-e1601485394796.jpg\" alt=\"\" srcset=\"https:\/\/kommentatorenblog.de\/wp-content\/uploads\/2020\/09\/shure-55sh-ii-e1601485394796.jpg 415w, https:\/\/kommentatorenblog.de\/wp-content\/uploads\/2020\/09\/shure-55sh-ii-e1601485394796-142x300.jpg 142w\" sizes=\"auto, (max-width: 10px) 100vw, 10px\" \/> <s>Cedric Greh<\/s> Hendrik Scheler<\/p>\n\n\n\n<hr class=\"wp-block-separator\"\/>\n\n\n\n<p><strong>Regionalliga Nordost, 31. Spieltag<\/strong><\/p>\n\n\n\n<p><span style=\"text-decoration: underline;\">Freitag, 26. April 2024, ab 18.45 Uhr (OSTSPORT.TV)<\/span><\/p>\n\n\n\n<p><strong><em>FC Hansa Rostock II &#8211; BFC Dynamo (19.00 Uhr)<\/em><\/strong><\/p>\n\n\n\n<p><img loading=\"lazy\" decoding=\"async\" width=\"10\" height=\"21\" class=\"wp-image-3656\" style=\"width: 10px;\" src=\"http:\/\/kommentatorenblog.de\/wp-content\/uploads\/2020\/09\/shure-55sh-ii-e1601485394796.jpg\" alt=\"\" srcset=\"https:\/\/kommentatorenblog.de\/wp-content\/uploads\/2020\/09\/shure-55sh-ii-e1601485394796.jpg 415w, https:\/\/kommentatorenblog.de\/wp-content\/uploads\/2020\/09\/shure-55sh-ii-e1601485394796-142x300.jpg 142w\" sizes=\"auto, (max-width: 10px) 100vw, 10px\" \/> Christian R\u00fcdiger<br>Moderation: Toni Mielke<\/p>\n\n\n\n<p><span style=\"text-decoration: underline;\">Samstag, 27. April 2024, ab <span style=\"text-decoration: underline;\">16.00 Uhr (MDR)<\/span><\/span><\/p>\n\n\n\n<p><strong><em>FC Energie Cottbus &#8211; 1. FC Lokomotive Leipzig (16.00 Uhr)<\/em><\/strong><\/p>\n\n\n\n<p><img loading=\"lazy\" decoding=\"async\" width=\"10\" height=\"21\" class=\"wp-image-3656\" style=\"width: 10px;\" src=\"http:\/\/kommentatorenblog.de\/wp-content\/uploads\/2020\/09\/shure-55sh-ii-e1601485394796.jpg\" alt=\"\" srcset=\"https:\/\/kommentatorenblog.de\/wp-content\/uploads\/2020\/09\/shure-55sh-ii-e1601485394796.jpg 415w, https:\/\/kommentatorenblog.de\/wp-content\/uploads\/2020\/09\/shure-55sh-ii-e1601485394796-142x300.jpg 142w\" sizes=\"auto, (max-width: 10px) 100vw, 10px\" \/> Torsten P\u00fcschel, Experte: Lutz Lindemann<br>Moderation: <s>Stephanie M\u00fcller-Spirra<\/s> Ren\u00e9 Kindermann<\/p>\n\n\n\n<p><span style=\"text-decoration: underline;\">Sonntag, 28. April 2024, ab 12.50 Uhr (OSTSPORT.TV)<\/span><\/p>\n\n\n\n<p><strong><em>Berliner AK 07 &#8211; Greifswalder FC (13.00 Uhr)<\/em><\/strong><\/p>\n\n\n\n<p><img loading=\"lazy\" decoding=\"async\" width=\"10\" height=\"21\" class=\"wp-image-3656\" style=\"width: 10px;\" src=\"http:\/\/kommentatorenblog.de\/wp-content\/uploads\/2020\/09\/shure-55sh-ii-e1601485394796.jpg\" alt=\"\" srcset=\"https:\/\/kommentatorenblog.de\/wp-content\/uploads\/2020\/09\/shure-55sh-ii-e1601485394796.jpg 415w, https:\/\/kommentatorenblog.de\/wp-content\/uploads\/2020\/09\/shure-55sh-ii-e1601485394796-142x300.jpg 142w\" sizes=\"auto, (max-width: 10px) 100vw, 10px\" \/> Heiko Mallwitz<\/p>\n\n\n\n<p><span style=\"text-decoration: underline;\">ab 12.50 Uhr (TA\/OTZ\/TLZ)<\/span><\/p>\n\n\n\n<p><strong><em>FSV Zwickau &#8211; FC Carl Zeiss Jena (13.00 Uhr)<\/em><\/strong><\/p>\n\n\n\n<p><img loading=\"lazy\" decoding=\"async\" width=\"10\" height=\"21\" class=\"wp-image-3656\" style=\"width: 10px;\" src=\"http:\/\/kommentatorenblog.de\/wp-content\/uploads\/2020\/09\/shure-55sh-ii-e1601485394796.jpg\" alt=\"\" srcset=\"https:\/\/kommentatorenblog.de\/wp-content\/uploads\/2020\/09\/shure-55sh-ii-e1601485394796.jpg 415w, https:\/\/kommentatorenblog.de\/wp-content\/uploads\/2020\/09\/shure-55sh-ii-e1601485394796-142x300.jpg 142w\" sizes=\"auto, (max-width: 10px) 100vw, 10px\" \/> Christian R\u00fcdiger<\/p>\n\n\n\n<hr class=\"wp-block-separator\"\/>\n\n\n\n<p><strong>Regionalliga Bayern, 31. Spieltag (BR24Sport-Livestream)<\/strong><\/p>\n\n\n\n<p><span style=\"text-decoration: underline;\">Freitag, 26. April 2024<\/span><\/p>\n\n\n\n<p><strong><em>FC Memmingen &#8211; SpVgg Greuther F\u00fcrth II (19.00 Uhr)<\/em><\/strong><\/p>\n\n\n\n<p><img loading=\"lazy\" decoding=\"async\" width=\"10\" height=\"21\" class=\"wp-image-3656\" style=\"width: 10px;\" src=\"http:\/\/kommentatorenblog.de\/wp-content\/uploads\/2020\/09\/shure-55sh-ii-e1601485394796.jpg\" alt=\"\" srcset=\"https:\/\/kommentatorenblog.de\/wp-content\/uploads\/2020\/09\/shure-55sh-ii-e1601485394796.jpg 415w, https:\/\/kommentatorenblog.de\/wp-content\/uploads\/2020\/09\/shure-55sh-ii-e1601485394796-142x300.jpg 142w\" sizes=\"auto, (max-width: 10px) 100vw, 10px\" \/> Bernd Schmelzer<\/p>\n\n\n\n<hr class=\"wp-block-separator\"\/>\n\n\n\n<p><strong>Frauen-Regionalliga Nordost, 12. Spieltag, Nachholspiel (rbb)<\/strong><\/p>\n\n\n\n<p><span style=\"text-decoration: underline;\">Sonntag, 28. April 2024<\/span><\/p>\n\n\n\n<p><strong><em>1. FC Union Berlin &#8211; Hertha BSC (13.00 Uhr)<\/em><\/strong><\/p>\n\n\n\n<p><img loading=\"lazy\" decoding=\"async\" width=\"10\" height=\"21\" class=\"wp-image-3656\" style=\"width: 10px;\" src=\"http:\/\/kommentatorenblog.de\/wp-content\/uploads\/2020\/09\/shure-55sh-ii-e1601485394796.jpg\" alt=\"\" srcset=\"https:\/\/kommentatorenblog.de\/wp-content\/uploads\/2020\/09\/shure-55sh-ii-e1601485394796.jpg 415w, https:\/\/kommentatorenblog.de\/wp-content\/uploads\/2020\/09\/shure-55sh-ii-e1601485394796-142x300.jpg 142w\" sizes=\"auto, (max-width: 10px) 100vw, 10px\" \/> Stephanie Baczyk, Expertin: Lena-Melina Schulze<br>Moderation: Caroline Labes<\/p>\n\n\n\n<hr class=\"wp-block-separator\"\/>\n\n\n\n<p><strong>Premier League, 35. Spieltag<\/strong><\/p>\n\n\n\n<p><span style=\"text-decoration: underline;\">Samstag, 27. April 2024, <span style=\"text-decoration: underline;\">ab 13.20 Uhr (Sky)<\/span><\/span><\/p>\n\n\n\n<p><strong><em>West Ham United \u2013 FC Liverpool (13.30 Uhr)<\/em><\/strong><\/p>\n\n\n\n<p><img loading=\"lazy\" decoding=\"async\" width=\"10\" height=\"21\" class=\"wp-image-3656\" style=\"width: 10px;\" src=\"http:\/\/kommentatorenblog.de\/wp-content\/uploads\/2020\/09\/shure-55sh-ii-e1601485394796.jpg\" alt=\"\" srcset=\"https:\/\/kommentatorenblog.de\/wp-content\/uploads\/2020\/09\/shure-55sh-ii-e1601485394796.jpg 415w, https:\/\/kommentatorenblog.de\/wp-content\/uploads\/2020\/09\/shure-55sh-ii-e1601485394796-142x300.jpg 142w\" sizes=\"auto, (max-width: 10px) 100vw, 10px\" \/> Uli Hebel<\/p>\n\n\n\n<p><span style=\"text-decoration: underline;\">ab 15.50 Uhr (Sky)<\/span><\/p>\n\n\n\n<p><strong><em>Newcastle United \u2013 Sheffield United (16.00 Uhr)<\/em><\/strong><\/p>\n\n\n\n<p><img loading=\"lazy\" decoding=\"async\" width=\"10\" height=\"21\" class=\"wp-image-3656\" style=\"width: 10px;\" src=\"http:\/\/kommentatorenblog.de\/wp-content\/uploads\/2020\/09\/shure-55sh-ii-e1601485394796.jpg\" alt=\"\" srcset=\"https:\/\/kommentatorenblog.de\/wp-content\/uploads\/2020\/09\/shure-55sh-ii-e1601485394796.jpg 415w, https:\/\/kommentatorenblog.de\/wp-content\/uploads\/2020\/09\/shure-55sh-ii-e1601485394796-142x300.jpg 142w\" sizes=\"auto, (max-width: 10px) 100vw, 10px\" \/> Marcel Meinert<\/p>\n\n\n\n<p><strong><em>Manchester United \u2013 FC Burnley (16.00 Uhr)<\/em><\/strong><\/p>\n\n\n\n<p><img loading=\"lazy\" decoding=\"async\" width=\"10\" height=\"21\" class=\"wp-image-3656\" style=\"width: 10px;\" src=\"http:\/\/kommentatorenblog.de\/wp-content\/uploads\/2020\/09\/shure-55sh-ii-e1601485394796.jpg\" alt=\"\" srcset=\"https:\/\/kommentatorenblog.de\/wp-content\/uploads\/2020\/09\/shure-55sh-ii-e1601485394796.jpg 415w, https:\/\/kommentatorenblog.de\/wp-content\/uploads\/2020\/09\/shure-55sh-ii-e1601485394796-142x300.jpg 142w\" sizes=\"auto, (max-width: 10px) 100vw, 10px\" \/> Markus Gaupp<\/p>\n\n\n\n<p><strong><em>FC Fulham &#8211; Crystal Palace (16.00 Uhr)<\/em><\/strong>*<\/p>\n\n\n\n<p><img loading=\"lazy\" decoding=\"async\" width=\"10\" height=\"21\" class=\"wp-image-3656\" style=\"width: 10px;\" src=\"http:\/\/kommentatorenblog.de\/wp-content\/uploads\/2020\/09\/shure-55sh-ii-e1601485394796.jpg\" alt=\"\" srcset=\"https:\/\/kommentatorenblog.de\/wp-content\/uploads\/2020\/09\/shure-55sh-ii-e1601485394796.jpg 415w, https:\/\/kommentatorenblog.de\/wp-content\/uploads\/2020\/09\/shure-55sh-ii-e1601485394796-142x300.jpg 142w\" sizes=\"auto, (max-width: 10px) 100vw, 10px\" \/> Timo Sch\u00e4fers<\/p>\n\n\n\n<p><strong><em>Wolverhampton Wanderers &#8211; Luton Town (16.00 Uhr)<\/em><\/strong>*<\/p>\n\n\n\n<p><img loading=\"lazy\" decoding=\"async\" width=\"10\" height=\"21\" class=\"wp-image-3656\" style=\"width: 10px;\" src=\"http:\/\/kommentatorenblog.de\/wp-content\/uploads\/2020\/09\/shure-55sh-ii-e1601485394796.jpg\" alt=\"\" srcset=\"https:\/\/kommentatorenblog.de\/wp-content\/uploads\/2020\/09\/shure-55sh-ii-e1601485394796.jpg 415w, https:\/\/kommentatorenblog.de\/wp-content\/uploads\/2020\/09\/shure-55sh-ii-e1601485394796-142x300.jpg 142w\" sizes=\"auto, (max-width: 10px) 100vw, 10px\" \/> Dominik M\u00fcller<\/p>\n\n\n\n<p><span style=\"text-decoration: underline;\">ab 18.20 Uhr (Sky)<\/span><\/p>\n\n\n\n<p><strong><em>FC Everton \u2013 FC Brentford (18.30 Uhr)<\/em><\/strong><\/p>\n\n\n\n<p><img loading=\"lazy\" decoding=\"async\" width=\"10\" height=\"21\" class=\"wp-image-3656\" style=\"width: 10px;\" src=\"http:\/\/kommentatorenblog.de\/wp-content\/uploads\/2020\/09\/shure-55sh-ii-e1601485394796.jpg\" alt=\"\" srcset=\"https:\/\/kommentatorenblog.de\/wp-content\/uploads\/2020\/09\/shure-55sh-ii-e1601485394796.jpg 415w, https:\/\/kommentatorenblog.de\/wp-content\/uploads\/2020\/09\/shure-55sh-ii-e1601485394796-142x300.jpg 142w\" sizes=\"auto, (max-width: 10px) 100vw, 10px\" \/> Sven Schr\u00f6ter<\/p>\n\n\n\n<p><span style=\"text-decoration: underline;\">ab 20.50 Uhr (Sky)<\/span><\/p>\n\n\n\n<p><strong><em>Aston Villa \u2013 FC Chelsea (21.00 Uhr)<\/em><\/strong><\/p>\n\n\n\n<p><img loading=\"lazy\" decoding=\"async\" width=\"10\" height=\"21\" class=\"wp-image-3656\" style=\"width: 10px;\" src=\"http:\/\/kommentatorenblog.de\/wp-content\/uploads\/2020\/09\/shure-55sh-ii-e1601485394796.jpg\" alt=\"\" srcset=\"https:\/\/kommentatorenblog.de\/wp-content\/uploads\/2020\/09\/shure-55sh-ii-e1601485394796.jpg 415w, https:\/\/kommentatorenblog.de\/wp-content\/uploads\/2020\/09\/shure-55sh-ii-e1601485394796-142x300.jpg 142w\" sizes=\"auto, (max-width: 10px) 100vw, 10px\" \/> Joachim Hebel<\/p>\n\n\n\n<p><span style=\"text-decoration: underline;\">Sonntag, 28. April 2024, ab 14.30 Uhr (Sky)<\/span><\/p>\n\n\n\n<p><strong><em>Tottenham Hotspur \u2013 FC Arsenal<\/em><\/strong> <em><strong>(15.00 Uhr)<\/strong><\/em><\/p>\n\n\n\n<p><img loading=\"lazy\" decoding=\"async\" width=\"10\" height=\"21\" class=\"wp-image-3656\" style=\"width: 10px;\" src=\"http:\/\/kommentatorenblog.de\/wp-content\/uploads\/2020\/09\/shure-55sh-ii-e1601485394796.jpg\" alt=\"\" srcset=\"https:\/\/kommentatorenblog.de\/wp-content\/uploads\/2020\/09\/shure-55sh-ii-e1601485394796.jpg 415w, https:\/\/kommentatorenblog.de\/wp-content\/uploads\/2020\/09\/shure-55sh-ii-e1601485394796-142x300.jpg 142w\" sizes=\"auto, (max-width: 10px) 100vw, 10px\" \/> Florian Schmidt-Sommerfeld, Experte: Shkodran Mustafi<br>Field-Reporter: Raphael Honigstein<\/p>\n\n\n\n<p><span style=\"text-decoration: underline;\">ab 14.50 Uhr (Sky)<\/span><\/p>\n\n\n\n<p><strong><em>AFC Bournemouth \u2013 Brighton &amp; Hove Albion (15.00 Uhr)<\/em><\/strong><\/p>\n\n\n\n<p><img loading=\"lazy\" decoding=\"async\" width=\"10\" height=\"21\" class=\"wp-image-3656\" style=\"width: 10px;\" src=\"http:\/\/kommentatorenblog.de\/wp-content\/uploads\/2020\/09\/shure-55sh-ii-e1601485394796.jpg\" alt=\"\" srcset=\"https:\/\/kommentatorenblog.de\/wp-content\/uploads\/2020\/09\/shure-55sh-ii-e1601485394796.jpg 415w, https:\/\/kommentatorenblog.de\/wp-content\/uploads\/2020\/09\/shure-55sh-ii-e1601485394796-142x300.jpg 142w\" sizes=\"auto, (max-width: 10px) 100vw, 10px\" \/> Joachim Hebel<\/p>\n\n\n\n<p><span style=\"text-decoration: underline;\">ab 17.20 Uhr (Sky\/RTL+)<\/span><\/p>\n\n\n\n<p><strong><em>Nottingham Forest \u2013 Manchester City (17.30 Uhr)<\/em><\/strong><\/p>\n\n\n\n<p><img loading=\"lazy\" decoding=\"async\" width=\"10\" height=\"21\" class=\"wp-image-3656\" style=\"width: 10px;\" src=\"http:\/\/kommentatorenblog.de\/wp-content\/uploads\/2020\/09\/shure-55sh-ii-e1601485394796.jpg\" alt=\"\" srcset=\"https:\/\/kommentatorenblog.de\/wp-content\/uploads\/2020\/09\/shure-55sh-ii-e1601485394796.jpg 415w, https:\/\/kommentatorenblog.de\/wp-content\/uploads\/2020\/09\/shure-55sh-ii-e1601485394796-142x300.jpg 142w\" sizes=\"auto, (max-width: 10px) 100vw, 10px\" \/> Hannes Herrmann<\/p>\n\n\n\n<p>*live nur bei sport.sky.de (nicht WOW), sonst sp\u00e4ter relive<\/p>\n\n\n\n<hr class=\"wp-block-separator\"\/>\n\n\n\n<p><strong>EFL Championship, <strong>45. Spieltag<\/strong> (Sportdigital FUSSBALL)<\/strong><\/p>\n\n\n\n<p><span style=\"text-decoration: underline;\">Freitag, 26. April 2024<\/span><\/p>\n\n\n\n<p><strong><em>Queens Park Rangers &#8211; Leeds United (21.00 Uhr)<\/em><\/strong><\/p>\n\n\n\n<p><img loading=\"lazy\" decoding=\"async\" width=\"10\" height=\"21\" class=\"wp-image-3656\" style=\"width: 10px;\" src=\"http:\/\/kommentatorenblog.de\/wp-content\/uploads\/2020\/09\/shure-55sh-ii-e1601485394796.jpg\" alt=\"\" srcset=\"https:\/\/kommentatorenblog.de\/wp-content\/uploads\/2020\/09\/shure-55sh-ii-e1601485394796.jpg 415w, https:\/\/kommentatorenblog.de\/wp-content\/uploads\/2020\/09\/shure-55sh-ii-e1601485394796-142x300.jpg 142w\" sizes=\"auto, (max-width: 10px) 100vw, 10px\" \/> Marvin Kirsch<\/p>\n\n\n\n<p><span style=\"text-decoration: underline;\">Samstag, 27. April 2024<\/span><\/p>\n\n\n\n<p><strong><em>Blackburn Rovers &#8211; Coventry City (16.00 Uhr)<\/em><\/strong><\/p>\n\n\n\n<p><img loading=\"lazy\" decoding=\"async\" width=\"10\" height=\"21\" class=\"wp-image-3656\" style=\"width: 10px;\" src=\"http:\/\/kommentatorenblog.de\/wp-content\/uploads\/2020\/09\/shure-55sh-ii-e1601485394796.jpg\" alt=\"\" srcset=\"https:\/\/kommentatorenblog.de\/wp-content\/uploads\/2020\/09\/shure-55sh-ii-e1601485394796.jpg 415w, https:\/\/kommentatorenblog.de\/wp-content\/uploads\/2020\/09\/shure-55sh-ii-e1601485394796-142x300.jpg 142w\" sizes=\"auto, (max-width: 10px) 100vw, 10px\" \/> Martin Hahn<\/p>\n\n\n\n<p><strong><em>Hull City &#8211; Ipswich Town (21.00 Uhr)<\/em><\/strong><\/p>\n\n\n\n<p><img loading=\"lazy\" decoding=\"async\" width=\"10\" height=\"21\" class=\"wp-image-3656\" style=\"width: 10px;\" src=\"http:\/\/kommentatorenblog.de\/wp-content\/uploads\/2020\/09\/shure-55sh-ii-e1601485394796.jpg\" alt=\"\" srcset=\"https:\/\/kommentatorenblog.de\/wp-content\/uploads\/2020\/09\/shure-55sh-ii-e1601485394796.jpg 415w, https:\/\/kommentatorenblog.de\/wp-content\/uploads\/2020\/09\/shure-55sh-ii-e1601485394796-142x300.jpg 142w\" sizes=\"auto, (max-width: 10px) 100vw, 10px\" \/> Moritz Knorr<\/p>\n\n\n\n<p><span style=\"text-decoration: underline;\">Montag, 29. April 2024<\/span><\/p>\n\n\n\n<p><strong><em>Preston North End &#8211; Leicester City (21.00 Uhr)<\/em><\/strong><\/p>\n\n\n\n<p><img loading=\"lazy\" decoding=\"async\" width=\"10\" height=\"21\" class=\"wp-image-3656\" style=\"width: 10px;\" src=\"http:\/\/kommentatorenblog.de\/wp-content\/uploads\/2020\/09\/shure-55sh-ii-e1601485394796.jpg\" alt=\"\" srcset=\"https:\/\/kommentatorenblog.de\/wp-content\/uploads\/2020\/09\/shure-55sh-ii-e1601485394796.jpg 415w, https:\/\/kommentatorenblog.de\/wp-content\/uploads\/2020\/09\/shure-55sh-ii-e1601485394796-142x300.jpg 142w\" sizes=\"auto, (max-width: 10px) 100vw, 10px\" \/> Karsten Linke<\/p>\n\n\n\n<hr class=\"wp-block-separator\"\/>\n\n\n\n<p><strong>LaLiga, 33. Spieltag (DAZN)<\/strong><\/p>\n\n\n\n<p><span style=\"text-decoration: underline;\">Freitag, 26. April 2024<\/span><\/p>\n\n\n\n<p><strong><em>Real Sociedad &#8211; Real Madrid (21.00 Uhr)<\/em><\/strong><\/p>\n\n\n\n<p><img loading=\"lazy\" decoding=\"async\" width=\"10\" height=\"21\" class=\"wp-image-3656\" style=\"width: 10px;\" src=\"http:\/\/kommentatorenblog.de\/wp-content\/uploads\/2020\/09\/shure-55sh-ii-e1601485394796.jpg\" alt=\"\" srcset=\"https:\/\/kommentatorenblog.de\/wp-content\/uploads\/2020\/09\/shure-55sh-ii-e1601485394796.jpg 415w, https:\/\/kommentatorenblog.de\/wp-content\/uploads\/2020\/09\/shure-55sh-ii-e1601485394796-142x300.jpg 142w\" sizes=\"auto, (max-width: 10px) 100vw, 10px\" \/> Jan Platte, Experte: Sascha Bigalke<\/p>\n\n\n\n<p><span style=\"text-decoration: underline;\">Samstag, 27. April 2024<\/span><\/p>\n\n\n\n<p><strong><em>UD Las Palmas &#8211; FC Girona (14.00 Uhr)<\/em><\/strong><\/p>\n\n\n\n<p><img loading=\"lazy\" decoding=\"async\" width=\"10\" height=\"21\" class=\"wp-image-3656\" style=\"width: 10px;\" src=\"http:\/\/kommentatorenblog.de\/wp-content\/uploads\/2020\/09\/shure-55sh-ii-e1601485394796.jpg\" alt=\"\" srcset=\"https:\/\/kommentatorenblog.de\/wp-content\/uploads\/2020\/09\/shure-55sh-ii-e1601485394796.jpg 415w, https:\/\/kommentatorenblog.de\/wp-content\/uploads\/2020\/09\/shure-55sh-ii-e1601485394796-142x300.jpg 142w\" sizes=\"auto, (max-width: 10px) 100vw, 10px\" \/> Christoph Stadtler<\/p>\n\n\n\n<p><strong><em>Atletico Madrid &#8211; Athletic Bilbao (21.00 Uhr)<\/em><\/strong><\/p>\n\n\n\n<p><img loading=\"lazy\" decoding=\"async\" width=\"10\" height=\"21\" class=\"wp-image-3656\" style=\"width: 10px;\" src=\"http:\/\/kommentatorenblog.de\/wp-content\/uploads\/2020\/09\/shure-55sh-ii-e1601485394796.jpg\" alt=\"\" srcset=\"https:\/\/kommentatorenblog.de\/wp-content\/uploads\/2020\/09\/shure-55sh-ii-e1601485394796.jpg 415w, https:\/\/kommentatorenblog.de\/wp-content\/uploads\/2020\/09\/shure-55sh-ii-e1601485394796-142x300.jpg 142w\" sizes=\"auto, (max-width: 10px) 100vw, 10px\" \/> Tobi Fischbeck<\/p>\n\n\n\n<p><span style=\"text-decoration: underline;\">Sonntag, 28. April 2024<\/span><\/p>\n\n\n\n<p><strong><em>Real Betis Sevilla &#8211; FC Sevilla (21.00 Uhr)<\/em><\/strong><\/p>\n\n\n\n<p><img loading=\"lazy\" decoding=\"async\" width=\"10\" height=\"21\" class=\"wp-image-3656\" style=\"width: 10px;\" src=\"http:\/\/kommentatorenblog.de\/wp-content\/uploads\/2020\/09\/shure-55sh-ii-e1601485394796.jpg\" alt=\"\" srcset=\"https:\/\/kommentatorenblog.de\/wp-content\/uploads\/2020\/09\/shure-55sh-ii-e1601485394796.jpg 415w, https:\/\/kommentatorenblog.de\/wp-content\/uploads\/2020\/09\/shure-55sh-ii-e1601485394796-142x300.jpg 142w\" sizes=\"auto, (max-width: 10px) 100vw, 10px\" \/> Uwe Morawe, Experte: Michi Hofmann<\/p>\n\n\n\n<p><span style=\"text-decoration: underline;\">Montag, 29. April 2024<\/span><\/p>\n\n\n\n<p><strong><em>FC Barcelona &#8211; FC Valencia (21.00 Uhr)<\/em><\/strong><\/p>\n\n\n\n<p><img loading=\"lazy\" decoding=\"async\" width=\"10\" height=\"21\" class=\"wp-image-3656\" style=\"width: 10px;\" src=\"http:\/\/kommentatorenblog.de\/wp-content\/uploads\/2020\/09\/shure-55sh-ii-e1601485394796.jpg\" alt=\"\" srcset=\"https:\/\/kommentatorenblog.de\/wp-content\/uploads\/2020\/09\/shure-55sh-ii-e1601485394796.jpg 415w, https:\/\/kommentatorenblog.de\/wp-content\/uploads\/2020\/09\/shure-55sh-ii-e1601485394796-142x300.jpg 142w\" sizes=\"auto, (max-width: 10px) 100vw, 10px\" \/> Marcel Seufert<\/p>\n\n\n\n<hr class=\"wp-block-separator is-style-default\"\/>\n\n\n\n<p><strong>Serie A, 34. Spieltag (DAZN)<\/strong><\/p>\n\n\n\n<p><span style=\"text-decoration: underline;\">Samstag, 27. April 2024<\/span><\/p>\n\n\n\n<p><strong><em>Juventus Turin &#8211; AC Mailand (18.00 Uhr)<\/em><\/strong><\/p>\n\n\n\n<p><img loading=\"lazy\" decoding=\"async\" width=\"10\" height=\"21\" class=\"wp-image-3656\" style=\"width: 10px;\" src=\"http:\/\/kommentatorenblog.de\/wp-content\/uploads\/2020\/09\/shure-55sh-ii-e1601485394796.jpg\" alt=\"\" srcset=\"https:\/\/kommentatorenblog.de\/wp-content\/uploads\/2020\/09\/shure-55sh-ii-e1601485394796.jpg 415w, https:\/\/kommentatorenblog.de\/wp-content\/uploads\/2020\/09\/shure-55sh-ii-e1601485394796-142x300.jpg 142w\" sizes=\"auto, (max-width: 10px) 100vw, 10px\" \/> Mario Rieker, Experte: Marc Schnatterer<\/p>\n\n\n\n<p><span style=\"text-decoration: underline;\">Sonntag, 28. April 2024<\/span><\/p>\n\n\n\n<p><strong><em>Inter Mailand &#8211; FC Turin (12.30 Uhr)<\/em><\/strong><\/p>\n\n\n\n<p><img loading=\"lazy\" decoding=\"async\" width=\"10\" height=\"21\" class=\"wp-image-3656\" style=\"width: 10px;\" src=\"http:\/\/kommentatorenblog.de\/wp-content\/uploads\/2020\/09\/shure-55sh-ii-e1601485394796.jpg\" alt=\"\" srcset=\"https:\/\/kommentatorenblog.de\/wp-content\/uploads\/2020\/09\/shure-55sh-ii-e1601485394796.jpg 415w, https:\/\/kommentatorenblog.de\/wp-content\/uploads\/2020\/09\/shure-55sh-ii-e1601485394796-142x300.jpg 142w\" sizes=\"auto, (max-width: 10px) 100vw, 10px\" \/> Flo Hauser<\/p>\n\n\n\n<p><strong><em>SSC Neapel &#8211; AS Rom (18.00 Uhr)<\/em><\/strong><\/p>\n\n\n\n<p><img loading=\"lazy\" decoding=\"async\" width=\"10\" height=\"21\" class=\"wp-image-3656\" style=\"width: 10px;\" src=\"http:\/\/kommentatorenblog.de\/wp-content\/uploads\/2020\/09\/shure-55sh-ii-e1601485394796.jpg\" alt=\"\" srcset=\"https:\/\/kommentatorenblog.de\/wp-content\/uploads\/2020\/09\/shure-55sh-ii-e1601485394796.jpg 415w, https:\/\/kommentatorenblog.de\/wp-content\/uploads\/2020\/09\/shure-55sh-ii-e1601485394796-142x300.jpg 142w\" sizes=\"auto, (max-width: 10px) 100vw, 10px\" \/> Carsten Fu\u00df, Experte: Christian Bernhard<\/p>\n\n\n\n<hr class=\"wp-block-separator is-style-default\"\/>\n\n\n\n<p><strong>Ligue 1, 31. Spieltag (DAZN)<\/strong><\/p>\n\n\n\n<p><span style=\"text-decoration: underline;\"><span style=\"text-decoration: underline;\">Samstag, 27. April 2024<\/span><\/span><\/p>\n\n\n\n<p><strong style=\"font-style: italic;\">Paris Saint-Germain &#8211; AC Le Havre<\/strong><em><strong> (21.00 Uhr)<\/strong><\/em><\/p>\n\n\n\n<p><img loading=\"lazy\" decoding=\"async\" width=\"10\" height=\"21\" class=\"wp-image-3656\" style=\"width: 10px;\" src=\"http:\/\/kommentatorenblog.de\/wp-content\/uploads\/2020\/09\/shure-55sh-ii-e1601485394796.jpg\" alt=\"\" srcset=\"https:\/\/kommentatorenblog.de\/wp-content\/uploads\/2020\/09\/shure-55sh-ii-e1601485394796.jpg 415w, https:\/\/kommentatorenblog.de\/wp-content\/uploads\/2020\/09\/shure-55sh-ii-e1601485394796-142x300.jpg 142w\" sizes=\"auto, (max-width: 10px) 100vw, 10px\" \/> Stefan Galler<\/p>\n\n\n\n<p><span style=\"text-decoration: underline;\">Sonntag, 28. April 2024<\/span><\/p>\n\n\n\n<p><strong><em>Olympique Marseille &#8211; RC Lens (21.00 Uhr)<\/em><\/strong><\/p>\n\n\n\n<p><img loading=\"lazy\" decoding=\"async\" width=\"10\" height=\"21\" class=\"wp-image-3656\" style=\"width: 10px;\" src=\"http:\/\/kommentatorenblog.de\/wp-content\/uploads\/2020\/09\/shure-55sh-ii-e1601485394796.jpg\" alt=\"\" srcset=\"https:\/\/kommentatorenblog.de\/wp-content\/uploads\/2020\/09\/shure-55sh-ii-e1601485394796.jpg 415w, https:\/\/kommentatorenblog.de\/wp-content\/uploads\/2020\/09\/shure-55sh-ii-e1601485394796-142x300.jpg 142w\" sizes=\"auto, (max-width: 10px) 100vw, 10px\" \/> Guido H\u00fcsgen<\/p>\n\n\n\n<hr class=\"wp-block-separator\"\/>\n\n\n\n<p><strong>Eredivisie, 31. Spieltag (Sportdigital FUSSBALL)<\/strong><\/p>\n\n\n\n<p><span style=\"text-decoration: underline;\">Sonntag, 28. April 2024<\/span><\/p>\n\n\n\n<p><strong><em>NEC Nijmegen &#8211; AZ Alkmaar (12.15 Uhr)<\/em><\/strong><\/p>\n\n\n\n<p><img loading=\"lazy\" decoding=\"async\" width=\"10\" height=\"21\" class=\"wp-image-3656\" style=\"width: 10px;\" src=\"http:\/\/kommentatorenblog.de\/wp-content\/uploads\/2020\/09\/shure-55sh-ii-e1601485394796.jpg\" alt=\"\" srcset=\"https:\/\/kommentatorenblog.de\/wp-content\/uploads\/2020\/09\/shure-55sh-ii-e1601485394796.jpg 415w, https:\/\/kommentatorenblog.de\/wp-content\/uploads\/2020\/09\/shure-55sh-ii-e1601485394796-142x300.jpg 142w\" sizes=\"auto, (max-width: 10px) 100vw, 10px\" \/> Karsten Linke<\/p>\n\n\n\n<hr class=\"wp-block-separator is-style-default\"\/>\n\n\n\n<p><strong>Primeira Liga, 31. Spieltag (<strong>Sportdigital FUSSBALL)<\/strong><\/strong><\/p>\n\n\n\n<p><span style=\"text-decoration: underline;\">Samstag, 27. April 2024<\/span><\/p>\n\n\n\n<p><strong><em>Benfica Lissabon &#8211; Sporting Braga (19.00 Uhr)<\/em><\/strong><\/p>\n\n\n\n<p><img loading=\"lazy\" decoding=\"async\" width=\"10\" height=\"21\" class=\"wp-image-3656\" style=\"width: 10px;\" src=\"http:\/\/kommentatorenblog.de\/wp-content\/uploads\/2020\/09\/shure-55sh-ii-e1601485394796.jpg\" alt=\"\" srcset=\"https:\/\/kommentatorenblog.de\/wp-content\/uploads\/2020\/09\/shure-55sh-ii-e1601485394796.jpg 415w, https:\/\/kommentatorenblog.de\/wp-content\/uploads\/2020\/09\/shure-55sh-ii-e1601485394796-142x300.jpg 142w\" sizes=\"auto, (max-width: 10px) 100vw, 10px\" \/> Christian Blunck<\/p>\n\n\n\n<p><span style=\"text-decoration: underline;\">Sonntag, 28. April 2024<\/span><\/p>\n\n\n\n<p><strong><em>FC Porto &#8211; Sporting Lissabon (21.30 Uhr)<\/em><\/strong><\/p>\n\n\n\n<p><img loading=\"lazy\" decoding=\"async\" width=\"10\" height=\"21\" class=\"wp-image-3656\" style=\"width: 10px;\" src=\"http:\/\/kommentatorenblog.de\/wp-content\/uploads\/2020\/09\/shure-55sh-ii-e1601485394796.jpg\" alt=\"\" srcset=\"https:\/\/kommentatorenblog.de\/wp-content\/uploads\/2020\/09\/shure-55sh-ii-e1601485394796.jpg 415w, https:\/\/kommentatorenblog.de\/wp-content\/uploads\/2020\/09\/shure-55sh-ii-e1601485394796-142x300.jpg 142w\" sizes=\"auto, (max-width: 10px) 100vw, 10px\" \/> J\u00f6rg Steiger<\/p>\n\n\n\n<hr class=\"wp-block-separator\"\/>\n\n\n\n<p><strong>Division 1A, Play-offs, 6. Spieltag (Sport1+)<\/strong><\/p>\n\n\n\n<p><span style=\"text-decoration: underline;\">Sonntag, 28. April 2024, ab 13.25 Uhr<\/span><\/p>\n\n\n\n<p><strong><em>KRC Genk &#8211; FC Br\u00fcgge (13.30 Uhr)<\/em><\/strong><\/p>\n\n\n\n<p><img loading=\"lazy\" decoding=\"async\" width=\"10\" height=\"21\" class=\"wp-image-3656\" style=\"width: 10px;\" src=\"http:\/\/kommentatorenblog.de\/wp-content\/uploads\/2020\/09\/shure-55sh-ii-e1601485394796.jpg\" alt=\"\" srcset=\"https:\/\/kommentatorenblog.de\/wp-content\/uploads\/2020\/09\/shure-55sh-ii-e1601485394796.jpg 415w, https:\/\/kommentatorenblog.de\/wp-content\/uploads\/2020\/09\/shure-55sh-ii-e1601485394796-142x300.jpg 142w\" sizes=\"auto, (max-width: 10px) 100vw, 10px\" \/> Rudi Br\u00fcckner<\/p>\n\n\n\n<p><span style=\"text-decoration: underline;\">ab 15.55 Uhr<\/span><\/p>\n\n\n\n<p><strong><em>Cercle Br\u00fcgge &#8211; RSC Anderlecht (16.00 Uhr)<\/em><\/strong><\/p>\n\n\n\n<p><img loading=\"lazy\" decoding=\"async\" width=\"10\" height=\"21\" class=\"wp-image-3656\" style=\"width: 10px;\" src=\"http:\/\/kommentatorenblog.de\/wp-content\/uploads\/2020\/09\/shure-55sh-ii-e1601485394796.jpg\" alt=\"\" srcset=\"https:\/\/kommentatorenblog.de\/wp-content\/uploads\/2020\/09\/shure-55sh-ii-e1601485394796.jpg 415w, https:\/\/kommentatorenblog.de\/wp-content\/uploads\/2020\/09\/shure-55sh-ii-e1601485394796-142x300.jpg 142w\" sizes=\"auto, (max-width: 10px) 100vw, 10px\" \/> Tobi Fischbeck<\/p>\n\n\n\n<hr class=\"wp-block-separator\"\/>\n\n\n\n<p><strong>Ekstraklasa, 30. Spieltag (Sportdigital FUSSBALL)<\/strong><\/p>\n\n\n\n<p><span style=\"text-decoration: underline;\">Sonntag, 28. April 2024<\/span><\/p>\n\n\n\n<p><strong><em>Stal Mielec &#8211; Legia Warschau (15.00 Uhr)<\/em><\/strong><\/p>\n\n\n\n<p><img loading=\"lazy\" decoding=\"async\" width=\"10\" height=\"21\" class=\"wp-image-3656\" style=\"width: 10px;\" src=\"http:\/\/kommentatorenblog.de\/wp-content\/uploads\/2020\/09\/shure-55sh-ii-e1601485394796.jpg\" alt=\"\" srcset=\"https:\/\/kommentatorenblog.de\/wp-content\/uploads\/2020\/09\/shure-55sh-ii-e1601485394796.jpg 415w, https:\/\/kommentatorenblog.de\/wp-content\/uploads\/2020\/09\/shure-55sh-ii-e1601485394796-142x300.jpg 142w\" sizes=\"auto, (max-width: 10px) 100vw, 10px\" \/> Jakob Vogel<\/p>\n\n\n\n<p><strong><em>Lech Posen &#8211; Cracovia Krakau (17.30 Uhr)<\/em><\/strong><\/p>\n\n\n\n<p><img loading=\"lazy\" decoding=\"async\" width=\"10\" height=\"21\" class=\"wp-image-3656\" style=\"width: 10px;\" src=\"http:\/\/kommentatorenblog.de\/wp-content\/uploads\/2020\/09\/shure-55sh-ii-e1601485394796.jpg\" alt=\"\" srcset=\"https:\/\/kommentatorenblog.de\/wp-content\/uploads\/2020\/09\/shure-55sh-ii-e1601485394796.jpg 415w, https:\/\/kommentatorenblog.de\/wp-content\/uploads\/2020\/09\/shure-55sh-ii-e1601485394796-142x300.jpg 142w\" sizes=\"auto, (max-width: 10px) 100vw, 10px\" \/> Christian Blunck<\/p>\n\n\n\n<hr class=\"wp-block-separator\"\/>\n\n\n\n<p><strong>A-League, 26. Spieltag (Sportdigital FUSSBALL)<\/strong><\/p>\n\n\n\n<p><span style=\"text-decoration: underline;\">Samstag, 27. April 2024<\/span><\/p>\n\n\n\n<p><strong style=\"font-style: italic;\">Wellington Phoenix &#8211; Macarthur FC<\/strong><em><strong> (09.15 Uhr)<\/strong><\/em> <\/p>\n\n\n\n<p><img loading=\"lazy\" decoding=\"async\" width=\"10\" height=\"21\" class=\"wp-image-3656\" style=\"width: 10px;\" src=\"http:\/\/kommentatorenblog.de\/wp-content\/uploads\/2020\/09\/shure-55sh-ii-e1601485394796.jpg\" alt=\"\" srcset=\"https:\/\/kommentatorenblog.de\/wp-content\/uploads\/2020\/09\/shure-55sh-ii-e1601485394796.jpg 415w, https:\/\/kommentatorenblog.de\/wp-content\/uploads\/2020\/09\/shure-55sh-ii-e1601485394796-142x300.jpg 142w\" sizes=\"auto, (max-width: 10px) 100vw, 10px\" \/> Max Giesen<\/p>\n\n\n\n<p><strong><em>Melbourne Victory &#8211; Western Sydney Wanderers (11.45 Uhr)<\/em><\/strong><\/p>\n\n\n\n<p><img loading=\"lazy\" decoding=\"async\" width=\"10\" height=\"21\" class=\"wp-image-3656\" style=\"width: 10px;\" src=\"http:\/\/kommentatorenblog.de\/wp-content\/uploads\/2020\/09\/shure-55sh-ii-e1601485394796.jpg\" alt=\"\" srcset=\"https:\/\/kommentatorenblog.de\/wp-content\/uploads\/2020\/09\/shure-55sh-ii-e1601485394796.jpg 415w, https:\/\/kommentatorenblog.de\/wp-content\/uploads\/2020\/09\/shure-55sh-ii-e1601485394796-142x300.jpg 142w\" sizes=\"auto, (max-width: 10px) 100vw, 10px\" \/> J\u00f6rg Steiger<\/p>\n\n\n\n<hr class=\"wp-block-separator\"\/>\n\n\n\n<p><strong>Saudi Pro League, 29. Spieltag<\/strong><\/p>\n\n\n\n<p><span style=\"text-decoration: underline;\"><span style=\"text-decoration: underline;\">Freitag, 26. April 2024 (Sportdigital FUSSBALL)<\/span><\/span><\/p>\n\n\n\n<p><strong><em>Al-Hilal FC &#8211; Al-Fateh SC (17.00 Uhr)<\/em><\/strong><\/p>\n\n\n\n<p><img loading=\"lazy\" decoding=\"async\" width=\"10\" height=\"21\" class=\"wp-image-3656\" style=\"width: 10px;\" src=\"http:\/\/kommentatorenblog.de\/wp-content\/uploads\/2020\/09\/shure-55sh-ii-e1601485394796.jpg\" alt=\"\" srcset=\"https:\/\/kommentatorenblog.de\/wp-content\/uploads\/2020\/09\/shure-55sh-ii-e1601485394796.jpg 415w, https:\/\/kommentatorenblog.de\/wp-content\/uploads\/2020\/09\/shure-55sh-ii-e1601485394796-142x300.jpg 142w\" sizes=\"auto, (max-width: 10px) 100vw, 10px\" \/> Christian Blunck<\/p>\n\n\n\n<p><span style=\"text-decoration: underline;\">Samstag, 27. April 2024, ab 20.00 Uhr (Sportdigital FUSSBALL\/DAZN) bzw. ab 20.50 Uhr (DF1)<\/span><\/p>\n\n\n\n<p><strong><em>Al-Khaleej FC &#8211; Al-Nassr FC (20.00 Uhr)<\/em><\/strong><\/p>\n\n\n\n<p><img loading=\"lazy\" decoding=\"async\" width=\"10\" height=\"21\" class=\"wp-image-3656\" style=\"width: 10px;\" src=\"http:\/\/kommentatorenblog.de\/wp-content\/uploads\/2020\/09\/shure-55sh-ii-e1601485394796.jpg\" alt=\"\" srcset=\"https:\/\/kommentatorenblog.de\/wp-content\/uploads\/2020\/09\/shure-55sh-ii-e1601485394796.jpg 415w, https:\/\/kommentatorenblog.de\/wp-content\/uploads\/2020\/09\/shure-55sh-ii-e1601485394796-142x300.jpg 142w\" sizes=\"auto, (max-width: 10px) 100vw, 10px\" \/> Sportdigital FUSSBALL: Marcus Radefeld<\/p>\n\n\n\n<p><img loading=\"lazy\" decoding=\"async\" width=\"10\" height=\"21\" class=\"wp-image-3656\" style=\"width: 10px;\" src=\"http:\/\/kommentatorenblog.de\/wp-content\/uploads\/2020\/09\/shure-55sh-ii-e1601485394796.jpg\" alt=\"\" srcset=\"https:\/\/kommentatorenblog.de\/wp-content\/uploads\/2020\/09\/shure-55sh-ii-e1601485394796.jpg 415w, https:\/\/kommentatorenblog.de\/wp-content\/uploads\/2020\/09\/shure-55sh-ii-e1601485394796-142x300.jpg 142w\" sizes=\"auto, (max-width: 10px) 100vw, 10px\" \/> DAZN\/DF1: Michael Seyberth<\/p>\n\n\n\n<hr class=\"wp-block-separator\"\/>\n\n\n\n<p><strong>\u00d6sterreichische Fu\u00dfball-Bundesliga, 29. Runde (Sky)<\/strong><\/p>\n\n\n\n<p><strong>Qualifikationsgruppe<\/strong><\/p>\n\n\n\n<p><span style=\"text-decoration: underline;\"><span style=\"text-decoration: underline;\">Freitag, 26. April 2024, ab 19.00 Uhr<\/span><\/span><\/p>\n\n\n\n<p><strong><em>FK Austria Wien &#8211; SCR Altach (19.30 Uhr)<\/em><\/strong><\/p>\n\n\n\n<p><img loading=\"lazy\" decoding=\"async\" width=\"10\" height=\"21\" class=\"wp-image-3656\" style=\"width: 10px;\" src=\"http:\/\/kommentatorenblog.de\/wp-content\/uploads\/2020\/09\/shure-55sh-ii-e1601485394796.jpg\" alt=\"\" srcset=\"https:\/\/kommentatorenblog.de\/wp-content\/uploads\/2020\/09\/shure-55sh-ii-e1601485394796.jpg 415w, https:\/\/kommentatorenblog.de\/wp-content\/uploads\/2020\/09\/shure-55sh-ii-e1601485394796-142x300.jpg 142w\" sizes=\"auto, (max-width: 10px) 100vw, 10px\" \/> Phillip Lautischer<br>Moderation: Marko Stankovic, Experte: Michael Liendl<\/p>\n\n\n\n<p><span style=\"text-decoration: underline;\">Samstag, 27. April 2024, ab 16.15 Uhr<\/span><\/p>\n\n\n\n<p><strong><em>Wolfsberger AC &#8211; FC Blau-Wei\u00df Linz (17.00 Uhr)<\/em><\/strong><\/p>\n\n\n\n<p><img loading=\"lazy\" decoding=\"async\" width=\"10\" height=\"21\" class=\"wp-image-3656\" style=\"width: 10px;\" src=\"http:\/\/kommentatorenblog.de\/wp-content\/uploads\/2020\/09\/shure-55sh-ii-e1601485394796.jpg\" alt=\"\" srcset=\"https:\/\/kommentatorenblog.de\/wp-content\/uploads\/2020\/09\/shure-55sh-ii-e1601485394796.jpg 415w, https:\/\/kommentatorenblog.de\/wp-content\/uploads\/2020\/09\/shure-55sh-ii-e1601485394796-142x300.jpg 142w\" sizes=\"auto, (max-width: 10px) 100vw, 10px\" \/> Gerhard Krabath (Einzelspiel), David Eder (Konferenz)<\/p>\n\n\n\n<p><strong><em>WSG Tirol &#8211; SC Austria Lustenau (17.00 Uhr)<\/em><\/strong><\/p>\n\n\n\n<p><img loading=\"lazy\" decoding=\"async\" width=\"10\" height=\"21\" class=\"wp-image-3656\" style=\"width: 10px;\" src=\"http:\/\/kommentatorenblog.de\/wp-content\/uploads\/2020\/09\/shure-55sh-ii-e1601485394796.jpg\" alt=\"\" srcset=\"https:\/\/kommentatorenblog.de\/wp-content\/uploads\/2020\/09\/shure-55sh-ii-e1601485394796.jpg 415w, https:\/\/kommentatorenblog.de\/wp-content\/uploads\/2020\/09\/shure-55sh-ii-e1601485394796-142x300.jpg 142w\" sizes=\"auto, (max-width: 10px) 100vw, 10px\" \/> Charly Leitner (Einzelspiel), Johannes Hofer (Konferenz)<\/p>\n\n\n\n<p>Moderation: Michael Ganh\u00f6r, Experte: Alfred Tatar<\/p>\n\n\n\n<p><strong>Meistergruppe<\/strong><\/p>\n\n\n\n<p><span style=\"text-decoration: underline;\">Sonntag, 28. April 2024, ab 13.45 Uhr<\/span><\/p>\n\n\n\n<p><strong><em>LASK &#8211; SK Rapid Wien (14.30 Uhr)<\/em><\/strong><\/p>\n\n\n\n<p><img loading=\"lazy\" decoding=\"async\" width=\"10\" height=\"21\" class=\"wp-image-3656\" style=\"width: 10px;\" src=\"http:\/\/kommentatorenblog.de\/wp-content\/uploads\/2020\/09\/shure-55sh-ii-e1601485394796.jpg\" alt=\"\" srcset=\"https:\/\/kommentatorenblog.de\/wp-content\/uploads\/2020\/09\/shure-55sh-ii-e1601485394796.jpg 415w, https:\/\/kommentatorenblog.de\/wp-content\/uploads\/2020\/09\/shure-55sh-ii-e1601485394796-142x300.jpg 142w\" sizes=\"auto, (max-width: 10px) 100vw, 10px\" \/> Guido Friedrich (Einzelspiel), David Eder (Konferenz)<\/p>\n\n\n\n<p><strong><em>TSV Hartberg &#8211; <strong><em>SK Austria Klagenfurt<\/em><\/strong> (14.30 Uhr)<\/em><\/strong><\/p>\n\n\n\n<p><img loading=\"lazy\" decoding=\"async\" width=\"10\" height=\"21\" class=\"wp-image-3656\" style=\"width: 10px;\" src=\"http:\/\/kommentatorenblog.de\/wp-content\/uploads\/2020\/09\/shure-55sh-ii-e1601485394796.jpg\" alt=\"\" srcset=\"https:\/\/kommentatorenblog.de\/wp-content\/uploads\/2020\/09\/shure-55sh-ii-e1601485394796.jpg 415w, https:\/\/kommentatorenblog.de\/wp-content\/uploads\/2020\/09\/shure-55sh-ii-e1601485394796-142x300.jpg 142w\" sizes=\"auto, (max-width: 10px) 100vw, 10px\" \/> Gerfried Pr\u00f6ll (Einzelspiel), Andreas Brandt (Konferenz)<\/p>\n\n\n\n<p><span style=\"text-decoration: underline;\">ab 16.30 Uhr<\/span><\/p>\n\n\n\n<p><strong><em>FC Salzburg &#8211; SK Sturm Graz (17.00 Uhr)<\/em><\/strong><\/p>\n\n\n\n<p><img loading=\"lazy\" decoding=\"async\" width=\"10\" height=\"21\" class=\"wp-image-3656\" style=\"width: 10px;\" src=\"http:\/\/kommentatorenblog.de\/wp-content\/uploads\/2020\/09\/shure-55sh-ii-e1601485394796.jpg\" alt=\"\" srcset=\"https:\/\/kommentatorenblog.de\/wp-content\/uploads\/2020\/09\/shure-55sh-ii-e1601485394796.jpg 415w, https:\/\/kommentatorenblog.de\/wp-content\/uploads\/2020\/09\/shure-55sh-ii-e1601485394796-142x300.jpg 142w\" sizes=\"auto, (max-width: 10px) 100vw, 10px\" \/> Philipp Paternina, Experte: Peter St\u00f6ger<\/p>\n\n\n\n<p>Moderation: J\u00f6rg K\u00fcnne, Experte: Marc Janko, Schiedsrichter-Experte: Oliver Drachta<\/p>\n\n\n\n<hr class=\"wp-block-separator\"\/>\n\n\n\n<p><strong>Die Analyse<\/strong><\/p>\n\n\n\n<p>Stephanie Baczyks Mission bei der Frauen-Champions League ist trotz des Ausscheidens aller deutschen Mannschaften noch nicht beendet und so wird sie das Halbfinal-R\u00fcckspiel zwischen dem FC Chelsea und dem FC Barcelona f\u00fcr DAZN kommentieren. Auch im linearen Programm von DF1 wird das Spiel zu sehen sein. (<strong>Update<\/strong>: Dort gibt es einen alternativen Kommentar von Martin Piller.) Am Freitag wird Baczyk zudem im H\u00f6rfunk im Einsatz sein, wenn in der 2. Bundesliga mit Hertha BSC und Hannover 96 ihr Wahlheimat- und ihr Heimatclub aufeinandertreffen. Die andere WCL-Partie am Sonntag zwischen PSG und Olympique Lyon \u00fcbernimmt Markus Theil.<\/p>\n\n\n\n<p>In der Bundesliga finden wie in der vergangenen Woche nur 4 Spiele am Samstagnachmittag statt, daf\u00fcr erneut 3 am Sonntag. DAZN ist von den 4 gezeigten Partien immerhin einmal vollst\u00e4ndig vor Ort, n\u00e4mlich beim Duell der abstiegsbedrohten Karnevals-Klubs aus Mainz und K\u00f6ln. Mit Hagemann, Hebel und Platte kommen alle 3 Topspiel-Kommentatoren zum Einsatz, au\u00dferdem Tom Kirsten beim Aufsteiger-Duell zwischen Darmstadt und Heidenheim. Dort wird David Ploch in der Box erstmals als Moderator eines Bundesligaspiels zum Einsatz kommen.<\/p>\n\n\n\n<p>Bei Sky ist Markus G\u00f6tz diesmal nicht in der Konferenz vertreten, sondern betreut mit Kiel &#8211; Kaiserslautern mal wieder ein Zweitligaspiel. F\u00fcr das Topspiel Schalke &#8211; D\u00fcsseldorf hat Sport1 mit Oliver Reck als ehemaligen Schalke-Torwart und Fortuna-Trainer einen sehr passenden Experten an Bord, w\u00e4hrend der regelm\u00e4\u00dfige Sport1-Experte Olaf Thon diesmal bei Sky zu Gast sein wird. Weitere Sky-Gespr\u00e4chsg\u00e4ste sind Sebastian Rode (Bayern &#8211; Frankfurt), &#8222;K\u00f6nig&#8220; Boris Lauterbach (St. Pauli &#8211; Rostock) und die FCM-Vereinslegenden Axel Tyll und Christian Beck (Magdeburg &#8211; Osnabr\u00fcck).<\/p>\n\n\n\n<p>In der 3. Liga sticht das Aufstiegskampf-Duell zwischen Jahn Regensburg und Dynamo Dresden hervor. F\u00fcr Magenta sind Oliver Forster und Tobi Wahnschaffe vor Ort, f\u00fcr den BR wie \u00fcblich Florian Eckl und Dominik Vischer. Der bekannteste Kommentator des BR, Bernd Schmelzer, kommt hingegen zum ersten Mal in der neuen Regionalliga-Serie auf BR24Sport zum Einsatz und kommentiert die Partie des FC Memmingen gegen die zweite Mannschaft von Greuther F\u00fcrth.<\/p>\n\n\n\n<p>Ein besonderes Ereignis ist auch das Hauptstadtderby der Frauen, welches am Sonntag im rbb Fernsehen ausgestrahlt wird. Obwohl die Frauenmannschaften des 1. FC Union Berlin und von Hertha BSC nur in der dritth\u00f6chsten Spielklasse antreten, wird das Duell vor gro\u00dfer Kulisse in der Alten F\u00f6rsterei ausgetragen und somit der Erlebnisfaktor des Spiels deutlich erh\u00f6ht. Auch hier ist Stephanie Baczyk als Kommentatorin vorgesehen, womit sie an diesem Wochenende gleich 3 Live-Eins\u00e4tze hat.<\/p>\n\n\n\n<p>In der Premier League kommt Ex-Arsenal-Profi Shkodran Mustafi erstmals beim Topspiel seines Ex-Klubs bei Tottenham Hotspur an Schmisos Seite bei Sky zum Einsatz und bereitet sich dar\u00fcber weiter f\u00fcr die EM vor, wo er ja bekanntlich Teil des Experten-Teams von MagentaTV sein wird.<\/p>\n\n\n\n<p>Jan Platte und Sascha Bigalke sind neben der Bundesliga am Wochenende auch in der LaLiga im Einsatz und kommentieren das Duell zwischen Real Sociedad und Real Madrid. Uwe Morawe und Michi Hofmann, die \u00fcblicherweise eher italienische Spiele betreuen, k\u00fcmmern sich um das Sevilla-Derby.<\/p>\n\n\n\n<p>Wenn am Samstag Juventus Turin und der AC Mailand aufeinandertreffen, wird Heidenheim-Legende Marc Schnatterer zum zweiten Mal als Co-Kommentator f\u00fcr DAZN an der Seite von Mario Rieker zum Einsatz kommen. Das Topspiel zwischen der SSC Neapel und der AS Rom am Sonntag begleitet dann das bew\u00e4hrte Duo Fu\u00df\/Bernhard.<\/p>\n\n\n\n<p>Topspiele gibt es an diesem Wochenende auch in Portugal, wo sowohl Benfica und Braga als auch der FC Porto und Sporting aufeinandertreffen.<\/p>\n\n\n\n<p>N\u00e4chste Woche geht es mit den Europapokal-Halbfinals und &#8211; Stand jetzt, man wei\u00df nie, wann die Infos zu den EM-Teams kommen &#8211; mit der Fortsetzung des Interviews mit den beiden Sportdigital-Kommentatoren Karsten Linke und Moritz Knorr weiter.<\/p>\n\n\n\n<p>Euch ein sch\u00f6nes Fu\u00dfballwochenende und bis bald!<\/p>\n","protected":false},"excerpt":{"rendered":"<p>N&#8217;Abend allerseits, am Dienstag lie\u00dfen ARD und ZDF die Bombe platzen und gaben ihre On-Air-Teams zur bevorstehenden EM 2024 in Deutschland bekannt. Aus diesem Grund haben wir uns dazu entschieden, die nun bekannten Infos zu analysieren und die urspr\u00fcnglich f\u00fcr den heutigen Beitrag angedachte Fortsetzung des Interviews mit Karsten Linke und Moritz Knorr auf die [&hellip;]<\/p>\n","protected":false},"author":17,"featured_media":0,"comment_status":"open","ping_status":"open","sticky":false,"template":"","format":"standard","meta":{"footnotes":""},"categories":[424,425],"tags":[414,1086,163,1026,1089,688,21,166,582,178,73,725,131,1085,256,841,164,57,1066,171,978,1012,652,846,165,13,1017,30,580,400,204,82,132,980,906,89,120,295,32,842,844,849,155,104,25,211,92,977,352,405,48,213,347,1027,1036,981,69,169,376,58,655,861,86,93,489,59,585,491,1092,1022,787,31,205,526,9,1039,1042,70,276,43,494,112,503,572,243,1052,121,126,67,239,95,649,130,581,1037,279,449,17,383,1038,88,1090,634,401,409,715,1084,1011,1091,1071,183,669,941,113,293,1041,94,851,690,199,1048,340,312,525,45,316,361,98,222,1087,22,940,66,434,134,985,154,28,524,620,575,673,983,27,102,33,838,152,252,200,1008,24,245,87,346,705,926,105,289,149,18,107,196],"class_list":["post-17517","post","type-post","status-publish","format-standard","hentry","category-bundesliga-und-co","category-champions-league-und-co","tag-alexander-bonengel","tag-alexander-heinze","tag-alexander-kuepper","tag-alfred-tatar","tag-andreas-brandt","tag-benjamin-kirsten","tag-benni-zander","tag-benny-lauth","tag-bernd-schmelzer","tag-br","tag-britta-hofmann","tag-caroline-labes","tag-carsten-fuss","tag-cedric-greh","tag-cedric-pick","tag-charly-leitner","tag-christian-bernhard","tag-christian-blunck","tag-christian-ruediger","tag-christoph-stadtler","tag-clemens-mauksch","tag-constantin-eckner","tag-daniel-flottmann","tag-david-eder","tag-david-ploch","tag-dazn","tag-df1","tag-didi-hamann","tag-dominik-mueller","tag-dominik-vischer","tag-elmar-paulke","tag-erik-meijer","tag-flo-hauser","tag-florian-bechholz","tag-florian-eckl","tag-florian-schmidt-sommerfeld","tag-franz-buechner","tag-freddy-harder","tag-gari-paubandt","tag-gerfried-proell","tag-gerhard-krabath","tag-guido-friedrich","tag-guido-huesgen","tag-hannes-herrmann","tag-hansi-kuepper","tag-hartmut-von-kameke","tag-heiko-mallwitz","tag-hendrik-scheler","tag-holger-speckhahn","tag-jakob-vogel","tag-jan-platte","tag-jens-westen","tag-joachim-hebel","tag-johannes-hofer","tag-johannes-huelstrung","tag-johannes-skiba","tag-jonas-friedrich","tag-jonas-hummels","tag-joerg-kuenne","tag-joerg-steiger","tag-julia-simic","tag-julian-luca-schaefer","tag-juergen-schmitz","tag-kai-dittmann","tag-kamila-benschop","tag-karsten-linke","tag-katharina-kleinfeldt","tag-kevin-gerwin","tag-lena-melina-schulze","tag-lisa-de-ruiter","tag-lisa-tellers","tag-lothar-matthaeus","tag-lukas-schoenmueller","tag-lutz-lindemann","tag-magenta-sport","tag-marc-janko","tag-marc-schnatterer","tag-marcel-meinert","tag-marcel-seufert","tag-marco-hagemann","tag-marcus-juergensen","tag-marcus-lindemann","tag-marcus-radefeld","tag-mario-bast","tag-mario-rieker","tag-marko-stankovic","tag-markus-gaupp","tag-markus-goetz","tag-markus-hoehner","tag-markus-theil","tag-martin-gross","tag-martin-hahn","tag-martin-piller","tag-marvin-kirsch","tag-max-giesen","tag-max-siebald","tag-max-zielke","tag-mdr","tag-michael-augustin","tag-michael-ganhoer","tag-michael-leopold","tag-michael-liendl","tag-michael-seyberth","tag-michi-hofmann","tag-mike-muenkel","tag-moritz-knorr","tag-noah-huelsmann","tag-noah-kersting","tag-okka-gundel","tag-oliver-drachta","tag-oliver-forster","tag-oliver-mueller","tag-oliver-reck","tag-oliver-seidler","tag-oskar-heirler","tag-ostsport-tv","tag-patrick-wasserziehr","tag-peter-stoeger","tag-philip-konrad","tag-philipp-paternina","tag-phillip-lautischer","tag-raphael-honigstein","tag-rbb","tag-rene-kindermann","tag-roland-evers","tag-rudi-brueckner","tag-sascha-bigalke","tag-sebastian-hellmann","tag-sebastian-kneissl","tag-shkodran-mustafi","tag-sky","tag-soeren-gonther","tag-sport1","tag-sport1-2","tag-sportdigital-fussball","tag-sporttotal","tag-stefan-galler","tag-stefan-hempel","tag-stephan-weidling","tag-stephanie-baczyk","tag-stephanie-mueller-spirra","tag-steven-ruprecht","tag-sven-lesser","tag-sven-schroeter","tag-sven-toellner","tag-thomas-wagner","tag-timo-schaefers","tag-tobi-fischbeck","tag-tobi-wahnschaffe","tag-tom-kirsten","tag-toni-mielke","tag-toni-tomic","tag-torben-hoffmann","tag-torsten-kunde","tag-torsten-mattuschka","tag-torsten-pueschel","tag-torsten-winkler","tag-uli-hebel","tag-ulli-potofski","tag-uwe-morawe","tag-wdr","tag-wolff-fuss","tag-yannick-erkenbrecher"],"_links":{"self":[{"href":"https:\/\/kommentatorenblog.de\/index.php?rest_route=\/wp\/v2\/posts\/17517","targetHints":{"allow":["GET"]}}],"collection":[{"href":"https:\/\/kommentatorenblog.de\/index.php?rest_route=\/wp\/v2\/posts"}],"about":[{"href":"https:\/\/kommentatorenblog.de\/index.php?rest_route=\/wp\/v2\/types\/post"}],"author":[{"embeddable":true,"href":"https:\/\/kommentatorenblog.de\/index.php?rest_route=\/wp\/v2\/users\/17"}],"replies":[{"embeddable":true,"href":"https:\/\/kommentatorenblog.de\/index.php?rest_route=%2Fwp%2Fv2%2Fcomments&post=17517"}],"version-history":[{"count":66,"href":"https:\/\/kommentatorenblog.de\/index.php?rest_route=\/wp\/v2\/posts\/17517\/revisions"}],"predecessor-version":[{"id":17814,"href":"https:\/\/kommentatorenblog.de\/index.php?rest_route=\/wp\/v2\/posts\/17517\/revisions\/17814"}],"wp:attachment":[{"href":"https:\/\/kommentatorenblog.de\/index.php?rest_route=%2Fwp%2Fv2%2Fmedia&parent=17517"}],"wp:term":[{"taxonomy":"category","embeddable":true,"href":"https:\/\/kommentatorenblog.de\/index.php?rest_route=%2Fwp%2Fv2%2Fcategories&post=17517"},{"taxonomy":"post_tag","embeddable":true,"href":"https:\/\/kommentatorenblog.de\/index.php?rest_route=%2Fwp%2Fv2%2Ftags&post=17517"}],"curies":[{"name":"wp","href":"https:\/\/api.w.org\/{rel}","templated":true}]}}