{"id":177,"date":"2019-08-15T20:05:32","date_gmt":"2019-08-15T20:05:32","guid":{"rendered":"http:\/\/kommentatorenblog.de\/?p=177"},"modified":"2020-12-30T15:58:29","modified_gmt":"2020-12-30T15:58:29","slug":"1008-its-that-time-of-the-year-again","status":"publish","type":"post","link":"https:\/\/kommentatorenblog.de\/?p=177","title":{"rendered":"1008 &#8211; It\u2018s that time of the year again"},"content":{"rendered":"\n<p>N\u00b4Abend allerseits, <\/p>\n\n\n\n<p>it\u00b4s that time of the year again. Bundesliga &#8211; 1.Spieltag &#8211; her mit den Ansetzungen im &#8222;Schnelldurchlauf&#8220;.<\/p>\n\n\n\n<p><\/p>\n\n\n\n<p><span style=\"text-decoration: underline;\">Die Ansetzungen vom 16. August 2019 bis zum 19 August 2019<\/span><\/p>\n\n\n\n<p><em><strong>1.Bundesliga, 1. Spieltag<\/strong><\/em><\/p>\n\n\n\n<p><span style=\"text-decoration: underline;\">Freitag, 16.08.2019, ab 20.15 Uhr (ZDF\/DAZN)<\/span><\/p>\n\n\n\n<p><strong><em>FC Bayern M\u00fcnchen &#8211; Hertha BSC (20.30 Uhr)<\/em><\/strong><\/p>\n\n\n\n<p>ZDF: Oliver Schmidt <\/p>\n\n\n\n<p>DAZN: Jan Platte (Kommentar), Ralph Gunesch (Co-Kommentar), \u201eLegendenkommentar\u201c: Uli Hebel und Fritz von Thurn und Taxis<\/p>\n\n\n\n<p>Moderation (ZDF): Jochen Breyer, Experte: Oliver Kahn, Field-Reporter: Boris B\u00fcchler, Lars Ruthemann <\/p>\n\n\n\n<p>Moderation (DAZN): Alex Schl\u00fcter, Experte: Ralph Gunesch, Field-Reporter: Daniel Herzog<\/p>\n\n\n\n<p><span style=\"text-decoration: underline;\">Samstag, 17.08.2019, ab 14.00 Uhr (Sky)<\/span><\/p>\n\n\n\n<p><strong><em>Borussia Dortmund &#8211; FC Augsburg (15.30 Uhr)<\/em><\/strong><\/p>\n\n\n\n<p>Sky: Kai Dittmann (Einzelspiel), Wolff Fuss (Konferenz), Field-Reporterin: Britta Hofmann <\/p>\n\n\n\n<p><strong><em>Bayer 04 Leverkusen &#8211; SC Paderborn 07 (15.30 Uhr) <\/em><\/strong><\/p>\n\n\n\n<p>Sky: Tom Bayer (Einzelspiel), Klaus Veltmann (Konferenz), Field-Reporter: Marcus Lindemann<\/p>\n\n\n\n<p><strong><em>VfL Wolfsburg &#8211; 1.FC K\u00f6ln (15.30 Uhr) <\/em><\/strong><\/p>\n\n\n\n<p>Sky: Oliver Seidler (Einzelspiel), J\u00f6rg Dahlmann (Konferenz), Field-Reporter: Yannick Erkenbrecher <\/p>\n\n\n\n<p><strong><em>SC Freiburg &#8211; FSV Mainz 05 (15.30 Uhr)<\/em><\/strong><\/p>\n\n\n\n<p>Sky: Roland Evers (Einzelspiel), Markus G\u00f6tz (Konferenz), Field-Reporter: Stefan Hempel<\/p>\n\n\n\n<p><strong><em>SV Werder Bremen &#8211; Fortuna D\u00fcsseldorf (15.30 Uhr) <\/em><\/strong><\/p>\n\n\n\n<p>Sky: Michael Born (Einzelspiel), Holger Pfandt (Konferenz), Field-Reporter: Jens Westen <\/p>\n\n\n\n<p>Moderation (Sky): Michael Leopold, Experte: Didi Hamann <\/p>\n\n\n\n<p><span style=\"text-decoration: underline;\">ab 17.30 Uhr (Sky)<\/span><\/p>\n\n\n\n<p><strong><em>Borussia M\u2018 Gladbach &#8211; FC Schalke 04 (18.30 Uhr) <\/em><\/strong><\/p>\n\n\n\n<p>Sky: Frank Buschmann (Kommentar), Lothar Matth\u00e4us (Co-Kommentar), Field-Reporter: Ecki Heuser <\/p>\n\n\n\n<p>Moderation (Sky): Sebastian Hellmann, Experte: Lothar Matth\u00e4us <\/p>\n\n\n\n<p><span style=\"text-decoration: underline;\">Sonntag, 18.08.2019, ab 14.30 Uhr (Sky) <\/span><\/p>\n\n\n\n<p><strong><em>Eintracht Frankfurt &#8211; TSG 1899 Hoffenheim (15.30 Uhr) <\/em><\/strong><\/p>\n\n\n\n<p>Sky: Marcus Lindemann, Field-Reporterin: Esther Sedlaczek <\/p>\n\n\n\n<p><span style=\"text-decoration: underline;\">ab 17.30 Uhr (Sky) <\/span><\/p>\n\n\n\n<p><strong><em>Union Berlin &#8211; RB Leipzig (18.00 Uhr) <\/em><\/strong><\/p>\n\n\n\n<p>Sky: Martin Gro\u00df, Field-Reporter: Yannick Erkenbrecher <\/p>\n\n\n\n<p>Moderation (Sky): Jessica Libbertz, Experte: Hannes Wolf<\/p>\n\n\n\n<p><\/p>\n\n\n\n<p><strong>2. Bundesliga, 3. Spieltag <\/strong><\/p>\n\n\n\n<p><span style=\"text-decoration: underline;\">Freitag, 16.08.2019, ab 18.00 Uhr (Sky)<\/span><\/p>\n\n\n\n<p><em><strong>Hamburger SV &#8211; VfL Bochum (18.30 Uhr)<\/strong><\/em><\/p>\n\n\n\n<p>Sky: Holger Pfandt, Field-Reporter: Sven T\u00f6llner <\/p>\n\n\n\n<p><strong><em>SV Sandhausen &#8211; 1.FC N\u00fcrnberg (18.30 Uhr) <\/em><\/strong><\/p>\n\n\n\n<p>Sky: Klaus Veltmann<\/p>\n\n\n\n<p>Moderation (Sky): Stefan Hempel<\/p>\n\n\n\n<p><span style=\"text-decoration: underline;\">Samstag, 17.08.2019, ab 12.30 Uhr (Sky) <\/span><\/p>\n\n\n\n<p><strong><em>Arminia Bielefeld &#8211; Erzgebirge Aue (13.00 Uhr)<\/em><\/strong><\/p>\n\n\n\n<p>Sky: Sven Haist<\/p>\n\n\n\n<p><strong><em>VfB Stuttgart &#8211; FC St. Pauli (13.00 Uhr) <\/em><\/strong><\/p>\n\n\n\n<p>Sky: J\u00fcrgen Schmitz, Field-Reporter: Alexander Bonengel <\/p>\n\n\n\n<p><strong><em>SV Wehen Wiesbaden &#8211; Hannover 96 (13.00 Uhr) <\/em><\/strong><\/p>\n\n\n\n<p>Sky: Hansi K\u00fcpper <\/p>\n\n\n\n<p>Moderation (Sky): Peter Hardenacke <\/p>\n\n\n\n<p><span style=\"text-decoration: underline;\">Sonntag, 18.08.2019, ab 13.00 Uhr (Sky)<\/span><\/p>\n\n\n\n<p><strong><em>Holstein Kiel &#8211; Karlsruher SC (13.30 Uhr)<\/em><\/strong><\/p>\n\n\n\n<p>Sky: Uli Potofski <\/p>\n\n\n\n<p><strong><em>Dynamo Dresden &#8211; 1.FC Heidenheim (13.30 Uhr) <\/em><\/strong><\/p>\n\n\n\n<p>Sky: Torsten Kunde, Field-Reporter: Torben Hoffmann <\/p>\n\n\n\n<p><strong><em>SpVgg Greuther F\u00fcrth &#8211; SV Jahn Regensburg (13.30 Uhr)<\/em><\/strong><\/p>\n\n\n\n<p>Sky: J\u00f6rg Dahlmann <\/p>\n\n\n\n<p>Moderation (Sky): Hartmut von Kameke <\/p>\n\n\n\n<p><span style=\"text-decoration: underline;\">Montag, 19.08.2019, ab 20.00 Uhr (Sky)<\/span><\/p>\n\n\n\n<p><strong><em>VfL Osnabr\u00fcck &#8211; SV Darmstadt 98 (20.30 Uhr) <\/em><\/strong><\/p>\n\n\n\n<p>Sky: Hansi K\u00fcpper, Field-Reporter: Dirk gro\u00dfe Schlarmann <\/p>\n\n\n\n<p>Moderation (Sky): Yannick Erkenbrecher <\/p>\n\n\n\n<p><\/p>\n\n\n\n<p><strong>3. Liga <\/strong><\/p>\n\n\n\n<p><span style=\"text-decoration: underline;\">Freitag, 16.08.2019, ab 18.30 Uhr (Magenta Sport)<\/span><\/p>\n\n\n\n<p><strong><em>Chemnitzer FC &#8211; 1.FC Magdeburg (19.00 Uhr)<\/em><\/strong><\/p>\n\n\n\n<p>Magenta Sport: Markus Herwig (Kommentar), Anett Sattler (Moderation), Experte: Martin Lanig<\/p>\n\n\n\n<p><span style=\"text-decoration: underline;\">Samstag, 17.08.2019, ab 13.45 Uhr (Magenta Sport)<\/span><\/p>\n\n\n\n<p><strong><em>Konferenz<\/em><\/strong><\/p>\n\n\n\n<p>Magenta Sport: Alex Kunz <\/p>\n\n\n\n<p><strong><em>KFC Uerdingen &#8211; FC Ingolstadt (14.00 Uhr)<\/em><\/strong><\/p>\n\n\n\n<p>Magenta Sport: Stefan Fuckert (Kommentar), Holger Speckhahn (Moderation)<\/p>\n\n\n\n<p><strong><em>W\u00fcrzburger Kickers &#8211; Preu\u00dfen M\u00fcnster (14.00 Uhr)<\/em><\/strong><\/p>\n\n\n\n<p>Magenta Sport: Martin Piller (Kommentar), Kevin Gerwin (Moderation)<\/p>\n\n\n\n<p><strong><em>Hansa Rostock &#8211; Sonnenhof Gro\u00dfaspach (14.00 Uhr)<\/em><\/strong><\/p>\n\n\n\n<p>Magenta Sport: Mike M\u00fcnkel (Kommentar), Gari Paubandt (Moderation)<\/p>\n\n\n\n<p><strong><em>Viktoria K\u00f6ln &#8211; SpVgg Unterhaching (14.00 Uhr)<\/em><\/strong><\/p>\n\n\n\n<p>Magenta Sport: Markus H\u00f6hner (Kommentar), Thomas Wagner (Moderation)<\/p>\n\n\n\n<p><strong><em>MSV Duisburg &#8211; FSV Zwickau (14.00 Uhr)<\/em><\/strong><\/p>\n\n\n\n<p>Magenta Sport: Edgar Mielke (Kommentar), Kamilla Benschop (Moderation)<\/p>\n\n\n\n<p>WDR: ???<\/p>\n\n\n\n<p>MDR: Markus Herwig (Kommentar), Stephanie M\u00fcller-Spirra (Moderation)<\/p>\n\n\n\n<p><strong><em>TSV 1860 M\u00fcnchen &#8211; SV Meppen (14.00 Uhr)<\/em><\/strong><\/p>\n\n\n\n<p>Magenta Sport: Franz B\u00fcchner (Kommentar), Sascha Bandermann (Moderation)<\/p>\n\n\n\n<p>BR: Flo Eckl (Kommentar), tba (Moderation)<\/p>\n\n\n\n<p>NDR: tba (Kommentar), Ina Knast (Moderation) <\/p>\n\n\n\n<p><span style=\"text-decoration: underline;\">Sonntag, 18.08.2019, ab 12.45 Uhr (Magenta Sport<\/span>)<\/p>\n\n\n\n<p><strong><em>1.FC Kaiserslautern &#8211; Eintracht Braunschweig (13.00 Uhr)<\/em><\/strong><\/p>\n\n\n\n<p>Magenta Sport: Markus H\u00f6hner (Kommentar), Cedric Pick<\/p>\n\n\n\n<p><span style=\"text-decoration: underline;\">ab 13.45 Uhr<\/span><\/p>\n\n\n\n<p><strong><em>Carl Zeiss Jena &#8211; Waldhof Mannheim (14.00 Uhr)<\/em><\/strong><\/p>\n\n\n\n<p>Magenta Sport: Lenny Leonhardt (Kommentar), Stefanie Blochwitz (Moderation)<\/p>\n\n\n\n<p><span style=\"text-decoration: underline;\">Montag, 19.09.2019, ab 18.45 Uhr (Magenta Sport)<\/span><\/p>\n\n\n\n<p><strong><em>Hallescher FC &#8211; FC Bayern M\u00fcnchen II (19.00 Uhr)<\/em><\/strong><\/p>\n\n\n\n<p>Magenta Sport: Andreas Mann (Kommentar), Anett Sattler (Moderation)<\/p>\n\n\n\n<p><\/p>\n\n\n\n<p><strong>Premier League, 2. Spieltag<\/strong> <\/p>\n\n\n\n<p><span style=\"text-decoration: underline;\">Samstag, 17.08.2019, ab 13.20 Uhr (Sky)<\/span><\/p>\n\n\n\n<p><strong><em>FC Arsenal &#8211; FC Burnley (13.30 Uhr)<\/em><\/strong><\/p>\n\n\n\n<p>Sky: Toni Tomic<\/p>\n\n\n\n<p><span style=\"text-decoration: underline;\">ab 15.50 Uhr \/Sky<\/span><\/p>\n\n\n\n<p><strong><em>FC Southampton &#8211; FC Liverpool (16.00 Uhr)<\/em><\/strong><\/p>\n\n\n\n<p>Sky: Jonas Friedrich <\/p>\n\n\n\n<p><span style=\"text-decoration: underline;\">ab 18.15 Uhr (Sky)<\/span><\/p>\n\n\n\n<p><strong><em>Manchester City &#8211; Tottenham Hotspur (18.30 Uhr)<\/em><\/strong><\/p>\n\n\n\n<p>Sky: Markus Gaupp<\/p>\n\n\n\n<p><span style=\"text-decoration: underline;\">Sonntag, 18.08.2019, ab 14.50 Uhr (Sky)<\/span><\/p>\n\n\n\n<p><strong><em>Sheffield United &#8211; Crystal Palace (15.00 Uhr)<\/em><\/strong><\/p>\n\n\n\n<p>Sky: Michael Born<\/p>\n\n\n\n<p><span style=\"text-decoration: underline;\">ab 17.00 Uhr (Sky)<\/span><\/p>\n\n\n\n<p><strong><em>FC Chelsea &#8211; Leicester City (17.30 Uhr)<\/em><\/strong><\/p>\n\n\n\n<p>Sky: Florian Schmidt-Sommerfeld, Experte: Mladen Petric <\/p>\n\n\n\n<p><span style=\"text-decoration: underline;\">Montag, 19.08.2019, ab 20.50 Uhr (Sky)<\/span><\/p>\n\n\n\n<p><strong><em>Wolverhampton Wanderers &#8211; Manchester United (21.00 Uhr)<\/em><\/strong><\/p>\n\n\n\n<p>Sky: Toni Tomic<\/p>\n\n\n\n<p><\/p>\n\n\n\n<p><strong>Fu\u00dfball International<\/strong><\/p>\n\n\n\n<p><span style=\"text-decoration: underline;\">Freitag, 16.08.2019<\/span><\/p>\n\n\n\n<p>Sky Bet Championship (3. Spieltag):  <strong><em>Huddersfield Town &#8211; FC Fulham (20.45 Uhr)<\/em><\/strong><\/p>\n\n\n\n<p>sportdigital: Florian Obst <\/p>\n\n\n\n<p>LaLiga (1.Spieltag): <strong><em>Athletic Bilbao &#8211; FC Barcelona (21.00 Uhr)<\/em><\/strong><\/p>\n\n\n\n<p>DAZN: Lukas Sch\u00f6nm\u00fcller (Kommentar), Sebastian Knei\u00dfl (Co-Kommentar), Tobi Wahnschaffe (Moderation)<\/p>\n\n\n\n<p><span style=\"text-decoration: underline;\">Samstag, 17.08.2019<\/span><\/p>\n\n\n\n<p>Sky Bet Championship (3. Spieltag):<strong><em> Nottingham Forest &#8211; Birmingham City (16:00 Uhr) <\/em><\/strong><\/p>\n\n\n\n<p>sportdigital: Ulf Kahmke <\/p>\n\n\n\n<p>LaLiga (1.Spieltag): <strong><em>Celta Vigo &#8211; Real Madrid (17.00 Uhr)<\/em><\/strong><\/p>\n\n\n\n<p>DAZN: Uli Hebel (Kommentar), Benny Lauth (Co-Kommentar), Jan L\u00fcdeke (Moderation)<\/p>\n\n\n\n<p>Eredivisie (3.Spieltag): <strong><em>VVV-Venlo &#8211; Ajax Amsterdam (19.45 Uhr) <\/em><\/strong><\/p>\n\n\n\n<p>sportdigital: J\u00f6rg Steiger<\/p>\n\n\n\n<p> Liga NOS ( (2. Spieltag):  <strong><em>FC Porto &#8211; Vitoria Setubal (22:30 Uhr)<\/em><\/strong> <\/p>\n\n\n\n<p>sportdigital: Karsten Linke<\/p>\n\n\n\n<p><span style=\"text-decoration: underline;\">Sonntag, 18.08.2019<\/span><\/p>\n\n\n\n<p>Sky Bet Championship (3. Spieltag):  <strong><em>FC Reading &#8211; Cardiff City (12:55 Uhr)<\/em><\/strong><\/p>\n\n\n\n<p>sportdigital: Karsten Linke<\/p>\n\n\n\n<p>Ekstraklasa (5. Spieltag):  <strong><em>Legia Warschau \u2013 Zaglebie Lubin (17.30 Uhr)<\/em><\/strong><\/p>\n\n\n\n<p>sportdigital: Christian Blunck<\/p>\n\n\n\n<p>Eredivisie (3. Spieltag):  <strong><em>SC Heracles Almelo &#8211; PSV Eindhoven (20.00 Uhr)<\/em><\/strong><\/p>\n\n\n\n<p>sportdigital: J\u00f6rg Steiger<\/p>\n\n\n\n<p>Liga NOS (2. Spieltag): <strong><em> Sporting Lissabon &#8211; Sporting Braga (22:00 Uhr) <\/em><\/strong><\/p>\n\n\n\n<p>sportdigital: Karsten Linke <\/p>\n\n\n\n<p><\/p>\n\n\n\n<p><strong>Die Analyse<\/strong><\/p>\n\n\n\n<p>Zum Bundesligastart ist f\u00fcr jeden was dabei. Erfahrene Crew beim ZDF und die jungen&#8220;Einsteiger&#8220; von DAZN, die gleichzeitig auch den Legendenkommentar mit #fritzlove liefern. DAZN &#8222;besitzt&#8220; sozusagen morgen zwei Kommentatorenpl\u00e4tze. Beide Streams werden live aus dem Stadion kommentiert &#8211; aus der Box h\u00e4tte Fritz den Spa\u00df wohl auch nicht mitgemacht. Samstag gibt\u00b4s ne Konferenz mit den \u00fcblichen Verd\u00e4chtigen inklusive Handballfachmann Markus G\u00f6tz. Regionale Ansetzungen gibt\u00b4s f\u00fcr Seidler, Born und Bayern. Evers und Hempel reisen nach Freiburg. Dittmann und Hofmann nehmen den Flieger in den Westen der Republik. Bew\u00e4hrte Crew sehen wir beim Topspiel mit Neuzugang Frank Buschmann. Lindemann ist nach einem Einsatz am Samstag als Field-Reporter am Sonntag als Kommentar im Stadion &#8211; bew\u00e4hrte Personalansetzung und uns bereits aus der letzten Saison bekannt. Nach dem Ausfall letzte Woche feiert Sedlaczek wohl in Frankfurt am Sonntag ihr Comeback. Expertendeb\u00fct f\u00fcr Trainer Hannes Wolf am Sonntag sollte auch vermerkt werden. <\/p>\n\n\n\n<p>In Liga2 komt der Kommentar , ausgenommen das Montagsspiel aus Osnabr\u00fcck, erstmalig wie von Sky angek\u00fcndigt aus der Box. An den ersten beiden Spieltagen gab es ein paar Ausnahmen, weil die 1. Bundesliga noch nicht gestartet war. Vier Fieldreporter sind in den Stadien. Remote-Interviews gibt es dieses Wochenende aus Sandhausen, Wiesbaden und Kiel.<\/p>\n\n\n\n<p>Heimspiel am Samstag haben Thomas Wagner und Markus H\u00f6hner im Sportpark H\u00f6henberg und B\u00fcchner und Bandemann im Gr\u00fcndwalder Stadion. Markus Herwig ist f\u00fcr Magenta Sport (Freitag) und f\u00fcr den MDR im Einsatz. DTM und Moto-GP Mann Edgar Mielke ist auch mal wieder in Liga3 zu h\u00f6ren &#8211; motorsportfreies Wochenende.<\/p>\n\n\n\n<p>Interessante Ansetzungen gibt\u00b4s bei Sky am zweiten Spieltag der Premier League. Deb\u00fct\u00b4sind f\u00fcr Michael Born, Jonas Friedrich und Markus Gaupp zu vermelden. Letzterer hat die Ehre beim Topspiel des Spieltages. Toni Tomic darf zweimal ran. <\/p>\n\n\n\n<p>Der Internationale Fu\u00dfball bietet den Start von LaLiga auf DAZN. Die Spiele von Real und Barca gibt\u00b4s mit einer Dreier-Crew. Jan L\u00fcdeke ist mal wieder auf DAZN zu h\u00f6ren. Alltagsgesch\u00e4ft liegt bei sportdigital vor. <\/p>\n\n\n\n<p>Sch\u00f6nes Fu\u00dfballwochenende!<strong><em><br>&nbsp; <\/em><\/strong><\/p>\n","protected":false},"excerpt":{"rendered":"<p>N\u00b4Abend allerseits, it\u00b4s that time of the year again. Bundesliga &#8211; 1.Spieltag &#8211; her mit den Ansetzungen im &#8222;Schnelldurchlauf&#8220;. Die Ansetzungen vom 16. August 2019 bis zum 19 August 2019 1.Bundesliga, 1. Spieltag Freitag, 16.08.2019, ab 20.15 Uhr (ZDF\/DAZN) FC Bayern M\u00fcnchen &#8211; Hertha BSC (20.30 Uhr) ZDF: Oliver Schmidt DAZN: Jan Platte (Kommentar), Ralph [&hellip;]<\/p>\n","protected":false},"author":3,"featured_media":0,"comment_status":"open","ping_status":"open","sticky":false,"template":"","format":"standard","meta":{"footnotes":""},"categories":[424],"tags":[20,10,73,115,13,119,97,61,120,123,48,39,69,93,122,31,9,112,121,118,67,17,114,15,110,109,113,23,108,12,98,22,52,85,105,18,107,37],"class_list":["post-177","post","type-post","status-publish","format-standard","hentry","category-bundesliga-und-co","tag-2-bundesliga","tag-3-liga","tag-britta-hofmann","tag-1-bundesliga","tag-dazn","tag-edgar-mielke","tag-esther-sedlaczek","tag-frank-buschmann","tag-franz-buechner","tag-jan-luedeke","tag-jan-platte","tag-jochen-breyer","tag-jonas-friedrich","tag-kai-dittmann","tag-laliga","tag-lothar-matthaeus","tag-magenta-sport","tag-marcus-lindemann","tag-markus-gaupp","tag-markus-herwig","tag-markus-hoehner","tag-mdr","tag-michael-born","tag-ndr","tag-oliver-kahn","tag-oliver-schmidt","tag-oliver-seidler","tag-premier-league","tag-ralph-gunesch","tag-sascha-bandermann","tag-sebastian-hellmann","tag-sky","tag-sportdigital","tag-tom-bayer","tag-uli-hebel","tag-wdr","tag-wolff-fuss","tag-zdf"],"_links":{"self":[{"href":"https:\/\/kommentatorenblog.de\/index.php?rest_route=\/wp\/v2\/posts\/177","targetHints":{"allow":["GET"]}}],"collection":[{"href":"https:\/\/kommentatorenblog.de\/index.php?rest_route=\/wp\/v2\/posts"}],"about":[{"href":"https:\/\/kommentatorenblog.de\/index.php?rest_route=\/wp\/v2\/types\/post"}],"author":[{"embeddable":true,"href":"https:\/\/kommentatorenblog.de\/index.php?rest_route=\/wp\/v2\/users\/3"}],"replies":[{"embeddable":true,"href":"https:\/\/kommentatorenblog.de\/index.php?rest_route=%2Fwp%2Fv2%2Fcomments&post=177"}],"version-history":[{"count":24,"href":"https:\/\/kommentatorenblog.de\/index.php?rest_route=\/wp\/v2\/posts\/177\/revisions"}],"predecessor-version":[{"id":201,"href":"https:\/\/kommentatorenblog.de\/index.php?rest_route=\/wp\/v2\/posts\/177\/revisions\/201"}],"wp:attachment":[{"href":"https:\/\/kommentatorenblog.de\/index.php?rest_route=%2Fwp%2Fv2%2Fmedia&parent=177"}],"wp:term":[{"taxonomy":"category","embeddable":true,"href":"https:\/\/kommentatorenblog.de\/index.php?rest_route=%2Fwp%2Fv2%2Fcategories&post=177"},{"taxonomy":"post_tag","embeddable":true,"href":"https:\/\/kommentatorenblog.de\/index.php?rest_route=%2Fwp%2Fv2%2Ftags&post=177"}],"curies":[{"name":"wp","href":"https:\/\/api.w.org\/{rel}","templated":true}]}}