{"id":17816,"date":"2024-05-16T19:57:10","date_gmt":"2024-05-16T18:57:10","guid":{"rendered":"https:\/\/kommentatorenblog.de\/?p=17816"},"modified":"2024-05-20T18:48:41","modified_gmt":"2024-05-20T17:48:41","slug":"1426-magenta-x-rtl-und-der-letzte-spieltag","status":"publish","type":"post","link":"https:\/\/kommentatorenblog.de\/?p=17816","title":{"rendered":"1425 &#8211; Magenta X RTL und der letzte Spieltag"},"content":{"rendered":"\n<p>an den beiden vergangenen Dienstagen ver\u00f6ffentlichten RTL und MagentaTV ihre Teams und Konzepte f\u00fcr die EM 2024. Dabei war ich (Nico) vergangenen Dienstag bei einer gemeinsamen Pressekonferenz der beiden Sender dabei und gebe euch wie gewohnt eine Zusammenfassung \u00fcber die Teams und auch \u00fcber weitere Inhalte aus der PK. <\/p>\n\n\n\n<p><strong>MagentaTV<\/strong><\/p>\n\n\n\n<figure class=\"wp-block-image size-large\"><img loading=\"lazy\" decoding=\"async\" width=\"1024\" height=\"1024\" src=\"https:\/\/kommentatorenblog.de\/wp-content\/uploads\/2024\/05\/mods_em24_140524-1024x1024.jpg\" alt=\"\" class=\"wp-image-17842\" srcset=\"https:\/\/kommentatorenblog.de\/wp-content\/uploads\/2024\/05\/mods_em24_140524-1024x1024.jpg 1024w, https:\/\/kommentatorenblog.de\/wp-content\/uploads\/2024\/05\/mods_em24_140524-300x300.jpg 300w, https:\/\/kommentatorenblog.de\/wp-content\/uploads\/2024\/05\/mods_em24_140524-150x150.jpg 150w, https:\/\/kommentatorenblog.de\/wp-content\/uploads\/2024\/05\/mods_em24_140524-768x768.jpg 768w, https:\/\/kommentatorenblog.de\/wp-content\/uploads\/2024\/05\/mods_em24_140524.jpg 1080w\" sizes=\"auto, (max-width: 1024px) 100vw, 1024px\" \/><figcaption>Das Moderationsteam von MagentaTV f\u00fcr die EM 2024. \u00a9 MagentaTV\/Mataracan<\/figcaption><\/figure>\n\n\n\n<p><strong>MagentaTV<\/strong> \u00fcbertr\u00e4gt wie bereits bei den Gro\u00dfturnieren 2021 und 2022 alle Spiele der Europameisterschaft live. Dabei werden die Sendungen allerdings durch die Partnerschaft mit RTL nicht mehr aus M\u00fcnchen, sondern aus K\u00f6ln produziert. Das Studio kennt man u.a. schon aus der NFL. Im Moderationsteam bleiben <strong>Johannes B. Kerner<\/strong> und <strong>Sascha Bandermann<\/strong> die Konstanten, mit <strong>Laura Wontorra<\/strong> gibt es zudem Zuwachs. Neu ist dabei auch, dass die Moderation zum Teil auch aus dem Stadion kommt, so wird sich u.a. Johannes B. Kerner beim Er\u00f6ffnungsspiel aus der Allianz Arena melden. Ebenso bleiben <strong>Jan Henkel<\/strong> f\u00fcr den Bereich Analyse und <strong>Paul Fischer<\/strong> als Social-Host Teil des Teams und werden immer im K\u00f6lner Studio sein.<\/p>\n\n\n\n<figure class=\"wp-block-gallery has-nested-images columns-default is-cropped wp-block-gallery-1 is-layout-flex wp-block-gallery-is-layout-flex\">\n<figure class=\"wp-block-image size-large\"><img loading=\"lazy\" decoding=\"async\" width=\"660\" height=\"993\" data-id=\"17855\" src=\"https:\/\/kommentatorenblog.de\/wp-content\/uploads\/2024\/05\/BALLACK.png\" alt=\"\" class=\"wp-image-17855\" srcset=\"https:\/\/kommentatorenblog.de\/wp-content\/uploads\/2024\/05\/BALLACK.png 660w, https:\/\/kommentatorenblog.de\/wp-content\/uploads\/2024\/05\/BALLACK-199x300.png 199w\" sizes=\"auto, (max-width: 660px) 100vw, 660px\" \/><figcaption>Michael Ballack \u00a9 Matacaran\/MagentaTV<\/figcaption><\/figure>\n\n\n\n<figure class=\"wp-block-image size-large\"><img loading=\"lazy\" decoding=\"async\" width=\"481\" height=\"552\" data-id=\"17851\" src=\"https:\/\/kommentatorenblog.de\/wp-content\/uploads\/2024\/05\/BOROWSKI.png\" alt=\"\" class=\"wp-image-17851\" srcset=\"https:\/\/kommentatorenblog.de\/wp-content\/uploads\/2024\/05\/BOROWSKI.png 481w, https:\/\/kommentatorenblog.de\/wp-content\/uploads\/2024\/05\/BOROWSKI-261x300.png 261w\" sizes=\"auto, (max-width: 481px) 100vw, 481px\" \/><figcaption>Tim Borowski \u00a9 Matacaran\/MagentaTV<\/figcaption><\/figure>\n\n\n\n<figure class=\"wp-block-image size-large\"><img loading=\"lazy\" decoding=\"async\" width=\"639\" height=\"866\" data-id=\"17854\" src=\"https:\/\/kommentatorenblog.de\/wp-content\/uploads\/2024\/05\/HARGREAVES.png\" alt=\"\" class=\"wp-image-17854\" srcset=\"https:\/\/kommentatorenblog.de\/wp-content\/uploads\/2024\/05\/HARGREAVES.png 639w, https:\/\/kommentatorenblog.de\/wp-content\/uploads\/2024\/05\/HARGREAVES-221x300.png 221w\" sizes=\"auto, (max-width: 639px) 100vw, 639px\" \/><figcaption>Owen Hargreaves \u00a9 Matacaran\/MagentaTV<\/figcaption><\/figure>\n\n\n\n<figure class=\"wp-block-image size-large\"><img loading=\"lazy\" decoding=\"async\" width=\"1024\" height=\"935\" data-id=\"17856\" src=\"https:\/\/kommentatorenblog.de\/wp-content\/uploads\/2024\/05\/ITTRICH-1024x935.png\" alt=\"\" class=\"wp-image-17856\" srcset=\"https:\/\/kommentatorenblog.de\/wp-content\/uploads\/2024\/05\/ITTRICH-1024x935.png 1024w, https:\/\/kommentatorenblog.de\/wp-content\/uploads\/2024\/05\/ITTRICH-300x274.png 300w, https:\/\/kommentatorenblog.de\/wp-content\/uploads\/2024\/05\/ITTRICH-768x701.png 768w, https:\/\/kommentatorenblog.de\/wp-content\/uploads\/2024\/05\/ITTRICH.png 1143w\" sizes=\"auto, (max-width: 1024px) 100vw, 1024px\" \/><figcaption>Patrick Ittrich \u00a9 Matacaran\/MagentaTV<\/figcaption><\/figure>\n\n\n\n<figure class=\"wp-block-image size-large\"><img loading=\"lazy\" decoding=\"async\" width=\"385\" height=\"712\" data-id=\"17852\" src=\"https:\/\/kommentatorenblog.de\/wp-content\/uploads\/2024\/05\/MUSTAFI.png\" alt=\"\" class=\"wp-image-17852\" srcset=\"https:\/\/kommentatorenblog.de\/wp-content\/uploads\/2024\/05\/MUSTAFI.png 385w, https:\/\/kommentatorenblog.de\/wp-content\/uploads\/2024\/05\/MUSTAFI-162x300.png 162w\" sizes=\"auto, (max-width: 385px) 100vw, 385px\" \/><figcaption>Shkodran Mustafi \u00a9 Matacaran\/MagentaTV<\/figcaption><\/figure>\n\n\n\n<figure class=\"wp-block-image size-large\"><img loading=\"lazy\" decoding=\"async\" width=\"613\" height=\"820\" data-id=\"17853\" src=\"https:\/\/kommentatorenblog.de\/wp-content\/uploads\/2024\/05\/KEMME.png\" alt=\"\" class=\"wp-image-17853\" srcset=\"https:\/\/kommentatorenblog.de\/wp-content\/uploads\/2024\/05\/KEMME.png 613w, https:\/\/kommentatorenblog.de\/wp-content\/uploads\/2024\/05\/KEMME-224x300.png 224w\" sizes=\"auto, (max-width: 613px) 100vw, 613px\" \/><figcaption>Tabea Kemme \u00a9 Matacaran\/MagentaTV<\/figcaption><\/figure>\n<\/figure>\n\n\n\n<p>Das Expert:innen-Team wird im Vergleich zur WM 2022 leicht ver\u00e4ndert. Der &#8222;Capitano&#8220; <strong>Michael Ballack<\/strong> und die mehrfache deutsche Meisterin <strong>Tabea Kemme<\/strong> bleiben Teil des Teams, Unterst\u00fctzung gibt es durch den Weltmeister <strong>Shkodran Mustafi<\/strong>, den ehemaligen englischen Nationalspieler <strong>Owen Hargreaves<\/strong> und <strong>Tim Borowski<\/strong>, der beim Heimturnier 2006 ja noch selbst unterwegs war. Als Schiedsrichter-Experte ist nat\u00fcrlich auch wieder <strong>Patrick Ittrich<\/strong> mit dabei und es wird, wie wir es von Magenta TV kennen nat\u00fcrlich auch spielbezogene Experten aus dem Stadion oder Studio geben.<\/p>\n\n\n\n<figure class=\"wp-block-gallery has-nested-images columns-4 is-cropped wp-block-gallery-2 is-layout-flex wp-block-gallery-is-layout-flex\">\n<figure class=\"wp-block-image size-full\"><img loading=\"lazy\" decoding=\"async\" width=\"823\" height=\"852\" data-id=\"17843\" src=\"https:\/\/kommentatorenblog.de\/wp-content\/uploads\/2024\/05\/FUSS.png\" alt=\"\" class=\"wp-image-17843\" srcset=\"https:\/\/kommentatorenblog.de\/wp-content\/uploads\/2024\/05\/FUSS.png 823w, https:\/\/kommentatorenblog.de\/wp-content\/uploads\/2024\/05\/FUSS-290x300.png 290w, https:\/\/kommentatorenblog.de\/wp-content\/uploads\/2024\/05\/FUSS-768x795.png 768w\" sizes=\"auto, (max-width: 823px) 100vw, 823px\" \/><figcaption>Wolff Fuss \u00a9 Matacaran\/ MagentaTV<\/figcaption><\/figure>\n\n\n\n<figure class=\"wp-block-image size-full\"><img loading=\"lazy\" decoding=\"async\" width=\"415\" height=\"620\" data-id=\"17844\" src=\"https:\/\/kommentatorenblog.de\/wp-content\/uploads\/2024\/05\/HAGEMANN.png\" alt=\"\" class=\"wp-image-17844\" srcset=\"https:\/\/kommentatorenblog.de\/wp-content\/uploads\/2024\/05\/HAGEMANN.png 415w, https:\/\/kommentatorenblog.de\/wp-content\/uploads\/2024\/05\/HAGEMANN-201x300.png 201w\" sizes=\"auto, (max-width: 415px) 100vw, 415px\" \/><figcaption>Marco Hagemann \u00a9 Matacaran\/ MagentaTV<\/figcaption><\/figure>\n\n\n\n<figure class=\"wp-block-image size-full\"><img loading=\"lazy\" decoding=\"async\" width=\"420\" height=\"635\" data-id=\"17845\" src=\"https:\/\/kommentatorenblog.de\/wp-content\/uploads\/2024\/05\/PLATTE.png\" alt=\"\" class=\"wp-image-17845\" srcset=\"https:\/\/kommentatorenblog.de\/wp-content\/uploads\/2024\/05\/PLATTE.png 420w, https:\/\/kommentatorenblog.de\/wp-content\/uploads\/2024\/05\/PLATTE-198x300.png 198w\" sizes=\"auto, (max-width: 420px) 100vw, 420px\" \/><figcaption>Jan Platte \u00a9 Matacaran\/ MagentaTV<\/figcaption><\/figure>\n\n\n\n<figure class=\"wp-block-image size-large\"><img loading=\"lazy\" decoding=\"async\" width=\"516\" height=\"654\" data-id=\"17847\" src=\"https:\/\/kommentatorenblog.de\/wp-content\/uploads\/2024\/05\/STRAssBURGER.png\" alt=\"\" class=\"wp-image-17847\" srcset=\"https:\/\/kommentatorenblog.de\/wp-content\/uploads\/2024\/05\/STRAssBURGER.png 516w, https:\/\/kommentatorenblog.de\/wp-content\/uploads\/2024\/05\/STRAssBURGER-237x300.png 237w\" sizes=\"auto, (max-width: 516px) 100vw, 516px\" \/><figcaption>Christian Stra\u00dfburger \u00a9 Matacaran\/ MagentaTV<\/figcaption><\/figure>\n\n\n\n<figure class=\"wp-block-image size-large\"><img loading=\"lazy\" decoding=\"async\" width=\"456\" height=\"844\" data-id=\"17846\" src=\"https:\/\/kommentatorenblog.de\/wp-content\/uploads\/2024\/05\/FRIEDRICH.png\" alt=\"\" class=\"wp-image-17846\" srcset=\"https:\/\/kommentatorenblog.de\/wp-content\/uploads\/2024\/05\/FRIEDRICH.png 456w, https:\/\/kommentatorenblog.de\/wp-content\/uploads\/2024\/05\/FRIEDRICH-162x300.png 162w\" sizes=\"auto, (max-width: 456px) 100vw, 456px\" \/><figcaption>Jonas Friedrich \u00a9 Matacaran\/ MagentaTV<\/figcaption><\/figure>\n\n\n\n<figure class=\"wp-block-image size-medium\"><img loading=\"lazy\" decoding=\"async\" width=\"379\" height=\"587\" data-id=\"17850\" src=\"https:\/\/kommentatorenblog.de\/wp-content\/uploads\/2024\/05\/RANN.png\" alt=\"\" class=\"wp-image-17850\" srcset=\"https:\/\/kommentatorenblog.de\/wp-content\/uploads\/2024\/05\/RANN.png 379w, https:\/\/kommentatorenblog.de\/wp-content\/uploads\/2024\/05\/RANN-194x300.png 194w\" sizes=\"auto, (max-width: 379px) 100vw, 379px\" \/><figcaption>Christina Rann \u00a9 Matacaran\/MagentaTV<\/figcaption><\/figure>\n\n\n\n<figure class=\"wp-block-image size-full\"><img loading=\"lazy\" decoding=\"async\" width=\"422\" height=\"561\" data-id=\"17848\" src=\"https:\/\/kommentatorenblog.de\/wp-content\/uploads\/2024\/05\/HOeHNER.png\" alt=\"\" class=\"wp-image-17848\" srcset=\"https:\/\/kommentatorenblog.de\/wp-content\/uploads\/2024\/05\/HOeHNER.png 422w, https:\/\/kommentatorenblog.de\/wp-content\/uploads\/2024\/05\/HOeHNER-226x300.png 226w\" sizes=\"auto, (max-width: 422px) 100vw, 422px\" \/><figcaption>Markus H\u00f6hner \u00a9 Matacaran\/MagentaTV<\/figcaption><\/figure>\n\n\n\n<figure class=\"wp-block-image size-medium\"><img loading=\"lazy\" decoding=\"async\" width=\"392\" height=\"624\" data-id=\"17849\" src=\"https:\/\/kommentatorenblog.de\/wp-content\/uploads\/2024\/05\/ZANDER.png\" alt=\"\" class=\"wp-image-17849\" srcset=\"https:\/\/kommentatorenblog.de\/wp-content\/uploads\/2024\/05\/ZANDER.png 392w, https:\/\/kommentatorenblog.de\/wp-content\/uploads\/2024\/05\/ZANDER-188x300.png 188w\" sizes=\"auto, (max-width: 392px) 100vw, 392px\" \/><figcaption>Benni Zander \u00a9 Matacaran\/MagentaTV<\/figcaption><\/figure>\n<\/figure>\n\n\n\n<p>Das Kommentatorenteam wird im Vergleich zur WM wieder etwas verkleinert &#8211; in Anbetracht der geringeren Anzahl an Spielen auch keine gro\u00dfe \u00dcberraschung. Neben den Schwergewichten <strong>Wolff Fuss<\/strong>, <strong>Marco Hagemann<\/strong>, <strong>Jan Platte<\/strong> und <strong>Jonas Friedrich<\/strong> kommen so auch wieder mit <strong>Christian Stra\u00dfburger<\/strong>, <strong>Christina Rann<\/strong>, <strong>Benni Zander<\/strong> und <strong>Markus H\u00f6hner<\/strong> bekannte Stimmen von Magenta Sport zum Einsatz. Benni Zander und Jan Platte werden dabei auch wieder den Taktik-Kanal kommentierend begleiten &#8211; Unterst\u00fctzung gibt es dabei zumeist von Manuel Baum, Tim Borowski und Shkodran Mustafi.<\/p>\n\n\n\n<figure class=\"wp-block-gallery has-nested-images columns-default is-cropped wp-block-gallery-3 is-layout-flex wp-block-gallery-is-layout-flex\">\n<figure class=\"wp-block-image size-large\"><img loading=\"lazy\" decoding=\"async\" width=\"441\" height=\"741\" data-id=\"17867\" src=\"https:\/\/kommentatorenblog.de\/wp-content\/uploads\/2024\/05\/WAGNER.png\" alt=\"\" class=\"wp-image-17867\" srcset=\"https:\/\/kommentatorenblog.de\/wp-content\/uploads\/2024\/05\/WAGNER.png 441w, https:\/\/kommentatorenblog.de\/wp-content\/uploads\/2024\/05\/WAGNER-179x300.png 179w\" sizes=\"auto, (max-width: 441px) 100vw, 441px\" \/><figcaption>Thomas Wagner \u00a9 Matacaran\/ MagentaTV<\/figcaption><\/figure>\n\n\n\n<figure class=\"wp-block-image size-large\"><img loading=\"lazy\" decoding=\"async\" width=\"480\" height=\"606\" data-id=\"17863\" src=\"https:\/\/kommentatorenblog.de\/wp-content\/uploads\/2024\/05\/KRAFT.png\" alt=\"\" class=\"wp-image-17863\" srcset=\"https:\/\/kommentatorenblog.de\/wp-content\/uploads\/2024\/05\/KRAFT.png 480w, https:\/\/kommentatorenblog.de\/wp-content\/uploads\/2024\/05\/KRAFT-238x300.png 238w\" sizes=\"auto, (max-width: 480px) 100vw, 480px\" \/><figcaption>Anna Kraft \u00a9 Matacaran\/ MagentaTV<\/figcaption><\/figure>\n\n\n\n<figure class=\"wp-block-image size-large\"><img loading=\"lazy\" decoding=\"async\" width=\"587\" height=\"857\" data-id=\"17865\" src=\"https:\/\/kommentatorenblog.de\/wp-content\/uploads\/2024\/05\/LANGE.png\" alt=\"\" class=\"wp-image-17865\" srcset=\"https:\/\/kommentatorenblog.de\/wp-content\/uploads\/2024\/05\/LANGE.png 587w, https:\/\/kommentatorenblog.de\/wp-content\/uploads\/2024\/05\/LANGE-205x300.png 205w\" sizes=\"auto, (max-width: 587px) 100vw, 587px\" \/><figcaption>Anna Sara Lange \u00a9 Matacaran\/ MagentaTV<\/figcaption><\/figure>\n\n\n\n<figure class=\"wp-block-image size-large\"><img loading=\"lazy\" decoding=\"async\" width=\"464\" height=\"725\" data-id=\"17864\" src=\"https:\/\/kommentatorenblog.de\/wp-content\/uploads\/2024\/05\/HOFMANN.png\" alt=\"\" class=\"wp-image-17864\" srcset=\"https:\/\/kommentatorenblog.de\/wp-content\/uploads\/2024\/05\/HOFMANN.png 464w, https:\/\/kommentatorenblog.de\/wp-content\/uploads\/2024\/05\/HOFMANN-192x300.png 192w\" sizes=\"auto, (max-width: 464px) 100vw, 464px\" \/><figcaption>Ruth Hofmann \u00a9 Matacaran\/ MagentaTV<\/figcaption><\/figure>\n\n\n\n<figure class=\"wp-block-image size-large\"><img loading=\"lazy\" decoding=\"async\" width=\"424\" height=\"545\" data-id=\"17862\" src=\"https:\/\/kommentatorenblog.de\/wp-content\/uploads\/2024\/05\/BLOCHWITZ.png\" alt=\"\" class=\"wp-image-17862\" srcset=\"https:\/\/kommentatorenblog.de\/wp-content\/uploads\/2024\/05\/BLOCHWITZ.png 424w, https:\/\/kommentatorenblog.de\/wp-content\/uploads\/2024\/05\/BLOCHWITZ-233x300.png 233w\" sizes=\"auto, (max-width: 424px) 100vw, 424px\" \/><figcaption>Stefanie Blochwitz \u00a9 Matacaran\/ MagentaTV<\/figcaption><\/figure>\n\n\n\n<figure class=\"wp-block-image size-large\"><img loading=\"lazy\" decoding=\"async\" width=\"467\" height=\"528\" data-id=\"17866\" src=\"https:\/\/kommentatorenblog.de\/wp-content\/uploads\/2024\/05\/BENSCHOP.png\" alt=\"\" class=\"wp-image-17866\" srcset=\"https:\/\/kommentatorenblog.de\/wp-content\/uploads\/2024\/05\/BENSCHOP.png 467w, https:\/\/kommentatorenblog.de\/wp-content\/uploads\/2024\/05\/BENSCHOP-265x300.png 265w\" sizes=\"auto, (max-width: 467px) 100vw, 467px\" \/><figcaption>Kamila Benschop \u00a9 Matacaran\/ MagentaTV<\/figcaption><\/figure>\n<\/figure>\n\n\n\n<p>Das Team an Field-Reporter:innen wird stark erweitert. Waren 2022 nur <strong>Anna Sara Lange<\/strong> und <strong>Thomas Wagner<\/strong> mit dabei, werden dieses Jahr auch <strong>Ruth Hofmann<\/strong> und <strong>Anna Kraft<\/strong> auf Stimmenfang gehen (beide hatten bei der WM 2022 ja noch eine andere Rolle bei Magenta TV). Thomas Wagner wird sich zudem auch aus Hezogenaurach melden, wo die deutsche Nationalmannschaft ihr Quartier bezieht. Zus\u00e4tzlich schickt MagentaTV <strong>Kamila Benschop<\/strong> und <strong>Stefanie Blochwitz<\/strong> durchs Land, um die Stimmung bei der Heim-EM einzufangen.<\/p>\n\n\n\n<p>Es wird zudem wieder eine Reaction Show auf dem EM-Kanal 3 geben. Dabei werden Fabian Reese, Marcel und Pascal Gurk sowie das Trio Calcio Berlin (sch\u00f6ne Erg\u00e4nzung) reagieren und auch Ann-Sophie Kimmel und Conan Furlong erg\u00e4nzen das Social-Team. Abgeschlossen werden &#8211; zumindest 10 Sendetage &#8211; von Schauspieler Fahri Yardim und Ex-Nationalspieler Jonas Hector in der Show &#8222;Studio Pille-Palle&#8220;.<\/p>\n\n\n\n<p><strong>RTL<\/strong><\/p>\n\n\n\n<figure class=\"wp-block-image size-large\"><img loading=\"lazy\" decoding=\"async\" width=\"1024\" height=\"576\" src=\"https:\/\/kommentatorenblog.de\/wp-content\/uploads\/2024\/05\/meldung_1714654244457.xml_-1024x576.jpg\" alt=\"\" class=\"wp-image-17875\" srcset=\"https:\/\/kommentatorenblog.de\/wp-content\/uploads\/2024\/05\/meldung_1714654244457.xml_-1024x576.jpg 1024w, https:\/\/kommentatorenblog.de\/wp-content\/uploads\/2024\/05\/meldung_1714654244457.xml_-300x169.jpg 300w, https:\/\/kommentatorenblog.de\/wp-content\/uploads\/2024\/05\/meldung_1714654244457.xml_-768x432.jpg 768w, https:\/\/kommentatorenblog.de\/wp-content\/uploads\/2024\/05\/meldung_1714654244457.xml_.jpg 1150w\" sizes=\"auto, (max-width: 1024px) 100vw, 1024px\" \/><figcaption>V.l.: Jan Henkel, Jana Wosnitza, Thomas Wagner, Laura Papendick, Michael Ballack, Shkodran Mustafi, Wolff-Christoph Fuss, Florian K\u00f6nig, Anna-Sara Lange, Laura Wontorra, Steffen Freund, Lothar Matth\u00e4us, Marco Hagemann und Anna Kraft \u00a9 RTL\/ Guido Engels<\/figcaption><\/figure>\n\n\n\n<p>RTL zeigt zw\u00f6lf Spiele in Partnerschaft mit MagentaTV im FreeTV. Dabei wird &#8211; Halbzeit-Analyse ausgenommen &#8211; die \u00dcbertragung bei beiden Anbietern simultan sein. Mit Blick auf diese Live-Spiele wird dabei personell bei den RTL Spielen zum Gro\u00dfteil das Personal zu sehen sein, das die EM sowieso bei MagentaTV begleitet, es gibt aber auch ein paar Erg\u00e4nzungen. So werden <strong>Laura Papendick<\/strong> und <strong>Jana Wosnitza<\/strong> als Field-Reporterinnen fungieren und <strong>Lothar Matth\u00e4us<\/strong> das Expertenteam unterst\u00fctzen. Kommentiert werden die Spiele von <strong>Wolff Fuss<\/strong> und <strong>Marco Hagemann<\/strong>, bei letzterem kommt dann auch <strong>Steffen Freund<\/strong> ins Spiel.<\/p>\n\n\n\n<p>\u00dcber die Berichterstattung der Live-Spiele hinaus wird es zudem t\u00e4glich die  Spieltagsshow \u201eDas RTL EM-Studio \u2013 Alle Spiele, Tore, Emotionen\u201c geben. Um 20:15 Uhr pr\u00e4sentieren im Wechsel Moderator <strong>Elton <\/strong>gemeinsam mit <strong>Stefan Kuntz<\/strong> sowie Moderator <strong>Jan K\u00f6ppen<\/strong> gemeinsam mit <strong>Stefan Effenberg<\/strong> die H\u00f6hepunkte des Spieltags live auf RTL. Hier wird es zudem auch externe G\u00e4ste geben &#8211; u.a. der Name <strong>Erik Meijer<\/strong> ist bei der Pressekonferenz gefallen. <\/p>\n\n\n\n<p>So viel also zu unserer Zusammenfassung zum EM-Personal von MagentaTV und RTL. H\u00f6rt gerne auch noch in die aktuelle Folge von Screentime Sport rein, da haben Luca und David u.a. auch dar\u00fcber gesprochen. <\/p>\n\n\n\n<figure class=\"wp-block-embed is-type-rich is-provider-spotify wp-block-embed-spotify wp-embed-aspect-21-9 wp-has-aspect-ratio\"><div class=\"wp-block-embed__wrapper\">\n<iframe title=\"Spotify Embed: Die TV-Allianz des Jahres\" style=\"border-radius: 12px\" width=\"100%\" height=\"152\" frameborder=\"0\" allowfullscreen allow=\"autoplay; clipboard-write; encrypted-media; fullscreen; picture-in-picture\" loading=\"lazy\" src=\"https:\/\/open.spotify.com\/embed\/episode\/5qcxKLEi8be753Sv8X5fiY?si=db4aceb6462c4e2a&#038;utm_source=oembed\"><\/iframe>\n<\/div><\/figure>\n\n\n\n<p><\/p>\n\n\n\n<p>Nun aber der Sprung in das spannendste Wochenende, das das Fu\u00dfballjahr so mit sich bringt mit dem Dank an Hannes, der die Ansetzungen aufgelistet hat.<\/p>\n\n\n\n<hr class=\"wp-block-separator\"\/>\n\n\n\n<p><strong>Bundesliga (GER), 34. Spieltag (Sky)<\/strong><\/p>\n\n\n\n<p><span style=\"text-decoration: underline;\">Samstag, 18. Mai 2024, ab 13.30 Uhr (Sky)<\/span> <\/p>\n\n\n\n<p><em><strong>Bayer 04 Leverkusen \u2013 FC Augsburg (15.30 Uhr)<\/strong><\/em><br><img loading=\"lazy\" decoding=\"async\" width=\"10\" height=\"21\" class=\"wp-image-3656\" style=\"width: 10px;\" src=\"http:\/\/kommentatorenblog.de\/wp-content\/uploads\/2020\/09\/shure-55sh-ii-e1601485394796.jpg\" alt=\"\" srcset=\"https:\/\/kommentatorenblog.de\/wp-content\/uploads\/2020\/09\/shure-55sh-ii-e1601485394796.jpg 415w, https:\/\/kommentatorenblog.de\/wp-content\/uploads\/2020\/09\/shure-55sh-ii-e1601485394796-142x300.jpg 142w\" sizes=\"auto, (max-width: 10px) 100vw, 10px\" \/> Martin Gro\u00df (Einzelspiel), Hannes Herrmann (Konferenz)<br>Field-Reporter: Sebastian Hellmann, Experte: Lothar Matth\u00e4us<\/p>\n\n\n\n<p><em><strong>1. FC Heidenheim 1846 \u2013 <em><strong>1. FC K\u00f6ln<\/strong><\/em> (15.30 Uhr)<\/strong><\/em><br><img loading=\"lazy\" decoding=\"async\" width=\"10\" height=\"21\" class=\"wp-image-3656\" style=\"width: 10px;\" src=\"http:\/\/kommentatorenblog.de\/wp-content\/uploads\/2020\/09\/shure-55sh-ii-e1601485394796.jpg\" alt=\"\" srcset=\"https:\/\/kommentatorenblog.de\/wp-content\/uploads\/2020\/09\/shure-55sh-ii-e1601485394796.jpg 415w, https:\/\/kommentatorenblog.de\/wp-content\/uploads\/2020\/09\/shure-55sh-ii-e1601485394796-142x300.jpg 142w\" sizes=\"auto, (max-width: 10px) 100vw, 10px\" \/> Wolff Fuss (Einzelspiel), Frank Buschmann (Konferenz)<br>Field-Reporter: Thomas Wagner<\/p>\n\n\n\n<p><em><strong>1. FC Union Berlin \u2013 <em><strong>Sport-Club Freiburg<\/strong><\/em> (15.30 Uhr)<\/strong><\/em><br><img loading=\"lazy\" decoding=\"async\" width=\"10\" height=\"21\" class=\"wp-image-3656\" style=\"width: 10px;\" src=\"http:\/\/kommentatorenblog.de\/wp-content\/uploads\/2020\/09\/shure-55sh-ii-e1601485394796.jpg\" alt=\"\" srcset=\"https:\/\/kommentatorenblog.de\/wp-content\/uploads\/2020\/09\/shure-55sh-ii-e1601485394796.jpg 415w, https:\/\/kommentatorenblog.de\/wp-content\/uploads\/2020\/09\/shure-55sh-ii-e1601485394796-142x300.jpg 142w\" sizes=\"auto, (max-width: 10px) 100vw, 10px\" \/> Kai Dittmann (Einzelspiel), Jonas Friedrich (Konferenz)<br>Field-Reporter: Michael Leopold<\/p>\n\n\n\n<p><em><strong>VfL Wolfsburg \u2013 <em><strong>1. FSV Mainz 05<\/strong><\/em> (15.30 Uhr)<\/strong><\/em><br><img loading=\"lazy\" decoding=\"async\" width=\"10\" height=\"21\" class=\"wp-image-3656\" style=\"width: 10px;\" src=\"http:\/\/kommentatorenblog.de\/wp-content\/uploads\/2020\/09\/shure-55sh-ii-e1601485394796.jpg\" alt=\"\" srcset=\"https:\/\/kommentatorenblog.de\/wp-content\/uploads\/2020\/09\/shure-55sh-ii-e1601485394796.jpg 415w, https:\/\/kommentatorenblog.de\/wp-content\/uploads\/2020\/09\/shure-55sh-ii-e1601485394796-142x300.jpg 142w\" sizes=\"auto, (max-width: 10px) 100vw, 10px\" \/> Oliver Seidler (Einzelspiel), Florian Schmidt-Sommerfeld (Konferenz)<br>Field-Reporter: Stefan Hempel<\/p>\n\n\n\n<p><em><strong>SV Werder Bremen \u2013 <em><strong>VfL Bochum 1848<\/strong><\/em> (15.30 Uhr)<\/strong><\/em><br><img loading=\"lazy\" decoding=\"async\" width=\"10\" height=\"21\" class=\"wp-image-3656\" style=\"width: 10px;\" src=\"http:\/\/kommentatorenblog.de\/wp-content\/uploads\/2020\/09\/shure-55sh-ii-e1601485394796.jpg\" alt=\"\" srcset=\"https:\/\/kommentatorenblog.de\/wp-content\/uploads\/2020\/09\/shure-55sh-ii-e1601485394796.jpg 415w, https:\/\/kommentatorenblog.de\/wp-content\/uploads\/2020\/09\/shure-55sh-ii-e1601485394796-142x300.jpg 142w\" sizes=\"auto, (max-width: 10px) 100vw, 10px\" \/> Torsten Kunde (Einzelspiel), Hansi K\u00fcpper (Konferenz)<br>Field-Reporter: Jens Westen<\/p>\n\n\n\n<p><em><strong>TSG 1899 Hoffenheim \u2013 FC Bayern M\u00fcnchen (15.30 Uhr)<\/strong><\/em><br><img loading=\"lazy\" decoding=\"async\" width=\"10\" height=\"21\" class=\"wp-image-3656\" style=\"width: 10px;\" src=\"http:\/\/kommentatorenblog.de\/wp-content\/uploads\/2020\/09\/shure-55sh-ii-e1601485394796.jpg\" alt=\"\" srcset=\"https:\/\/kommentatorenblog.de\/wp-content\/uploads\/2020\/09\/shure-55sh-ii-e1601485394796.jpg 415w, https:\/\/kommentatorenblog.de\/wp-content\/uploads\/2020\/09\/shure-55sh-ii-e1601485394796-142x300.jpg 142w\" sizes=\"auto, (max-width: 10px) 100vw, 10px\" \/> Roland Evers (Einzelspiel), Markus G\u00f6tz (Konferenz)<br>Field-Reporter: Patrick Wasserziehr<\/p>\n\n\n\n<p><em><strong>VfB Stuttgart \u2013 Borussia M\u00f6nchengladbach (15.30 Uhr)<\/strong><\/em><br><img loading=\"lazy\" decoding=\"async\" width=\"10\" height=\"21\" class=\"wp-image-3656\" style=\"width: 10px;\" src=\"http:\/\/kommentatorenblog.de\/wp-content\/uploads\/2020\/09\/shure-55sh-ii-e1601485394796.jpg\" alt=\"\" srcset=\"https:\/\/kommentatorenblog.de\/wp-content\/uploads\/2020\/09\/shure-55sh-ii-e1601485394796.jpg 415w, https:\/\/kommentatorenblog.de\/wp-content\/uploads\/2020\/09\/shure-55sh-ii-e1601485394796-142x300.jpg 142w\" sizes=\"auto, (max-width: 10px) 100vw, 10px\" \/> Toni Tomic (Einzelspiel), Joachim Hebel (Konferenz)<br>Field-Reporterin: Nele Schenker<\/p>\n\n\n\n<p><em><strong>Eintracht Frankfurt \u2013 <em><strong>RasenBallsport Leipzig<\/strong><\/em> (15.30 Uhr)<\/strong><\/em><br><img loading=\"lazy\" decoding=\"async\" width=\"10\" height=\"21\" class=\"wp-image-3656\" style=\"width: 10px;\" src=\"http:\/\/kommentatorenblog.de\/wp-content\/uploads\/2020\/09\/shure-55sh-ii-e1601485394796.jpg\" alt=\"\" srcset=\"https:\/\/kommentatorenblog.de\/wp-content\/uploads\/2020\/09\/shure-55sh-ii-e1601485394796.jpg 415w, https:\/\/kommentatorenblog.de\/wp-content\/uploads\/2020\/09\/shure-55sh-ii-e1601485394796-142x300.jpg 142w\" sizes=\"auto, (max-width: 10px) 100vw, 10px\" \/> Klaus Veltman (Einzelspiel), Markus Gaupp (Konferenz)<br>Field-Reporter: Karsten Petrzika<\/p>\n\n\n\n<p><em><strong>Borussia Dortmund \u2013 <em><strong>SV Darmstadt 98<\/strong><\/em> (15.30 Uhr)<\/strong><\/em><br><img loading=\"lazy\" decoding=\"async\" width=\"10\" height=\"21\" class=\"wp-image-3656\" style=\"width: 10px;\" src=\"http:\/\/kommentatorenblog.de\/wp-content\/uploads\/2020\/09\/shure-55sh-ii-e1601485394796.jpg\" alt=\"\" srcset=\"https:\/\/kommentatorenblog.de\/wp-content\/uploads\/2020\/09\/shure-55sh-ii-e1601485394796.jpg 415w, https:\/\/kommentatorenblog.de\/wp-content\/uploads\/2020\/09\/shure-55sh-ii-e1601485394796-142x300.jpg 142w\" sizes=\"auto, (max-width: 10px) 100vw, 10px\" \/> Marcus Lindemann (Einzelspiel), Marcel Meinert (Konferenz)<br>Field-Reporter: Max Zielke<\/p>\n\n\n\n<p>Moderation: Britta Hofmann, Experten: Dietmar Hamann und Erik Meijer<\/p>\n\n\n\n<hr class=\"wp-block-separator is-style-default\"\/>\n\n\n\n<p><strong>Frauen-Bundesliga (GER), 22. Spieltag (Magenta Sport\/DAZN\/ARD\/Sport1)<\/strong><\/p>\n\n\n\n<p><span style=\"text-decoration: underline;\">Montag, 20. Mai 2024, ab 14.30 Uhr (Sport1) bzw. ab 15.00 Uhr (Magenta\/DAZN)<\/span> <\/p>\n\n\n\n<p><strong><em>VfL Wolfsburg \u2013 SGS Essen (15.30 Uhr)<\/em><\/strong><\/p>\n\n\n\n<p><img loading=\"lazy\" decoding=\"async\" width=\"10\" height=\"21\" class=\"wp-image-3656\" style=\"width: 10px;\" src=\"http:\/\/kommentatorenblog.de\/wp-content\/uploads\/2020\/09\/shure-55sh-ii-e1601485394796.jpg\" alt=\"\" srcset=\"https:\/\/kommentatorenblog.de\/wp-content\/uploads\/2020\/09\/shure-55sh-ii-e1601485394796.jpg 415w, https:\/\/kommentatorenblog.de\/wp-content\/uploads\/2020\/09\/shure-55sh-ii-e1601485394796-142x300.jpg 142w\" sizes=\"auto, (max-width: 10px) 100vw, 10px\" \/> <em>Sport1: <\/em>Christina Rann<br>Moderation (<em>Sport<\/em>1): Lili Engels, Experte: Maik Franz<\/p>\n\n\n\n<p><img loading=\"lazy\" decoding=\"async\" width=\"10\" height=\"21\" class=\"wp-image-3656\" style=\"width: 10px;\" src=\"http:\/\/kommentatorenblog.de\/wp-content\/uploads\/2020\/09\/shure-55sh-ii-e1601485394796.jpg\" alt=\"\" srcset=\"https:\/\/kommentatorenblog.de\/wp-content\/uploads\/2020\/09\/shure-55sh-ii-e1601485394796.jpg 415w, https:\/\/kommentatorenblog.de\/wp-content\/uploads\/2020\/09\/shure-55sh-ii-e1601485394796-142x300.jpg 142w\" sizes=\"auto, (max-width: 10px) 100vw, 10px\" \/> <em>Magenta: <\/em>Oskar Heirler<\/p>\n\n\n\n<p><img loading=\"lazy\" decoding=\"async\" width=\"10\" height=\"21\" class=\"wp-image-3656\" style=\"width: 10px;\" src=\"http:\/\/kommentatorenblog.de\/wp-content\/uploads\/2020\/09\/shure-55sh-ii-e1601485394796.jpg\" alt=\"\" srcset=\"https:\/\/kommentatorenblog.de\/wp-content\/uploads\/2020\/09\/shure-55sh-ii-e1601485394796.jpg 415w, https:\/\/kommentatorenblog.de\/wp-content\/uploads\/2020\/09\/shure-55sh-ii-e1601485394796-142x300.jpg 142w\" sizes=\"auto, (max-width: 10px) 100vw, 10px\" \/> <em>DAZN: <\/em>Simon Sterzer<\/p>\n\n\n\n<p><span style=\"text-decoration: underline;\">ab 15.00 Uhr (Magenta\/DAZN) bzw. ab 15.15 Uhr (ARD)<\/span> <\/p>\n\n\n\n<p><strong><em>TSG 1899 Hoffenheim \u2013 FC Bayern M\u00fcnchen (15.30 Uhr)<\/em><\/strong><\/p>\n\n\n\n<p><img loading=\"lazy\" decoding=\"async\" width=\"10\" height=\"21\" class=\"wp-image-3656\" style=\"width: 10px;\" src=\"http:\/\/kommentatorenblog.de\/wp-content\/uploads\/2020\/09\/shure-55sh-ii-e1601485394796.jpg\" alt=\"\" srcset=\"https:\/\/kommentatorenblog.de\/wp-content\/uploads\/2020\/09\/shure-55sh-ii-e1601485394796.jpg 415w, https:\/\/kommentatorenblog.de\/wp-content\/uploads\/2020\/09\/shure-55sh-ii-e1601485394796-142x300.jpg 142w\" sizes=\"auto, (max-width: 10px) 100vw, 10px\" \/> <em>Magenta: <\/em>Martin Piller, Expertin: Tabea Kemme<\/p>\n\n\n\n<p><img loading=\"lazy\" decoding=\"async\" width=\"10\" height=\"21\" class=\"wp-image-3656\" style=\"width: 10px;\" src=\"http:\/\/kommentatorenblog.de\/wp-content\/uploads\/2020\/09\/shure-55sh-ii-e1601485394796.jpg\" alt=\"\" srcset=\"https:\/\/kommentatorenblog.de\/wp-content\/uploads\/2020\/09\/shure-55sh-ii-e1601485394796.jpg 415w, https:\/\/kommentatorenblog.de\/wp-content\/uploads\/2020\/09\/shure-55sh-ii-e1601485394796-142x300.jpg 142w\" sizes=\"auto, (max-width: 10px) 100vw, 10px\" \/> <em>DAZN: <\/em>Christoph Fetzer, Expertin: Turid Knaak<br>Field-Reporterin (<em>DAZN<\/em>): Ann-Sophie Kimmel<\/p>\n\n\n\n<p><img loading=\"lazy\" decoding=\"async\" width=\"10\" height=\"21\" class=\"wp-image-3656\" style=\"width: 10px;\" src=\"http:\/\/kommentatorenblog.de\/wp-content\/uploads\/2020\/09\/shure-55sh-ii-e1601485394796.jpg\" alt=\"\" srcset=\"https:\/\/kommentatorenblog.de\/wp-content\/uploads\/2020\/09\/shure-55sh-ii-e1601485394796.jpg 415w, https:\/\/kommentatorenblog.de\/wp-content\/uploads\/2020\/09\/shure-55sh-ii-e1601485394796-142x300.jpg 142w\" sizes=\"auto, (max-width: 10px) 100vw, 10px\" \/> <em>ARD: <\/em>Christina Graf<br>Moderation (<em>ARD<\/em>): Claus Lufen, Expertin: Almuth Schult, Field- Reporterin: Desir\u00e9e Krause<\/p>\n\n\n\n<p><span style=\"text-decoration: underline;\">ab 15.00 Uhr (Magenta\/DAZN)<\/span><\/p>\n\n\n\n<p><strong><em>Die Konferenz (15.30 Uhr)<\/em><\/strong><\/p>\n\n\n\n<p><img loading=\"lazy\" decoding=\"async\" width=\"10\" height=\"21\" class=\"wp-image-3656\" style=\"width: 10px;\" src=\"http:\/\/kommentatorenblog.de\/wp-content\/uploads\/2020\/09\/shure-55sh-ii-e1601485394796.jpg\" alt=\"\" srcset=\"https:\/\/kommentatorenblog.de\/wp-content\/uploads\/2020\/09\/shure-55sh-ii-e1601485394796.jpg 415w, https:\/\/kommentatorenblog.de\/wp-content\/uploads\/2020\/09\/shure-55sh-ii-e1601485394796-142x300.jpg 142w\" sizes=\"auto, (max-width: 10px) 100vw, 10px\" \/> <em>Magenta: <\/em>Simon K\u00f6pfer, Expertin: Kathrin Lehmann<\/p>\n\n\n\n<p><img loading=\"lazy\" decoding=\"async\" width=\"10\" height=\"21\" class=\"wp-image-3656\" style=\"width: 10px;\" src=\"http:\/\/kommentatorenblog.de\/wp-content\/uploads\/2020\/09\/shure-55sh-ii-e1601485394796.jpg\" alt=\"\" srcset=\"https:\/\/kommentatorenblog.de\/wp-content\/uploads\/2020\/09\/shure-55sh-ii-e1601485394796.jpg 415w, https:\/\/kommentatorenblog.de\/wp-content\/uploads\/2020\/09\/shure-55sh-ii-e1601485394796-142x300.jpg 142w\" sizes=\"auto, (max-width: 10px) 100vw, 10px\" \/> <em>DAZN: <\/em>Lena Cassel<\/p>\n\n\n\n<p><strong><em>Sport-Club Freiburg \u2013 RasenBallsport Leipzig (15.30 Uhr)<\/em><\/strong><\/p>\n\n\n\n<p><img loading=\"lazy\" decoding=\"async\" width=\"10\" height=\"21\" class=\"wp-image-3656\" style=\"width: 10px;\" src=\"http:\/\/kommentatorenblog.de\/wp-content\/uploads\/2020\/09\/shure-55sh-ii-e1601485394796.jpg\" alt=\"\" srcset=\"https:\/\/kommentatorenblog.de\/wp-content\/uploads\/2020\/09\/shure-55sh-ii-e1601485394796.jpg 415w, https:\/\/kommentatorenblog.de\/wp-content\/uploads\/2020\/09\/shure-55sh-ii-e1601485394796-142x300.jpg 142w\" sizes=\"auto, (max-width: 10px) 100vw, 10px\" \/> <em>Magenta: <\/em>Alex Kunz<\/p>\n\n\n\n<p><img loading=\"lazy\" decoding=\"async\" width=\"10\" height=\"21\" class=\"wp-image-3656\" style=\"width: 10px;\" src=\"http:\/\/kommentatorenblog.de\/wp-content\/uploads\/2020\/09\/shure-55sh-ii-e1601485394796.jpg\" alt=\"\" srcset=\"https:\/\/kommentatorenblog.de\/wp-content\/uploads\/2020\/09\/shure-55sh-ii-e1601485394796.jpg 415w, https:\/\/kommentatorenblog.de\/wp-content\/uploads\/2020\/09\/shure-55sh-ii-e1601485394796-142x300.jpg 142w\" sizes=\"auto, (max-width: 10px) 100vw, 10px\" \/> <em>DAZN: <\/em>Markus Theil<\/p>\n\n\n\n<p><strong><em>1. FC K\u00f6ln<\/em><\/strong><strong><em> \u2013 Eintracht Frankfurt (15.30 Uhr)<\/em><\/strong><\/p>\n\n\n\n<p><img loading=\"lazy\" decoding=\"async\" width=\"10\" height=\"21\" class=\"wp-image-3656\" style=\"width: 10px;\" src=\"http:\/\/kommentatorenblog.de\/wp-content\/uploads\/2020\/09\/shure-55sh-ii-e1601485394796.jpg\" alt=\"\" srcset=\"https:\/\/kommentatorenblog.de\/wp-content\/uploads\/2020\/09\/shure-55sh-ii-e1601485394796.jpg 415w, https:\/\/kommentatorenblog.de\/wp-content\/uploads\/2020\/09\/shure-55sh-ii-e1601485394796-142x300.jpg 142w\" sizes=\"auto, (max-width: 10px) 100vw, 10px\" \/> <em>Magenta: <\/em>Michael Seyberth<\/p>\n\n\n\n<p><img loading=\"lazy\" decoding=\"async\" width=\"10\" height=\"21\" class=\"wp-image-3656\" style=\"width: 10px;\" src=\"http:\/\/kommentatorenblog.de\/wp-content\/uploads\/2020\/09\/shure-55sh-ii-e1601485394796.jpg\" alt=\"\" srcset=\"https:\/\/kommentatorenblog.de\/wp-content\/uploads\/2020\/09\/shure-55sh-ii-e1601485394796.jpg 415w, https:\/\/kommentatorenblog.de\/wp-content\/uploads\/2020\/09\/shure-55sh-ii-e1601485394796-142x300.jpg 142w\" sizes=\"auto, (max-width: 10px) 100vw, 10px\" \/> <em>DAZN: <\/em>Matthias Naebers<\/p>\n\n\n\n<p><strong><em>Bayer 04 Leverkusen <\/em><\/strong><strong><em>\u2013 SV Werder Bremen (15.30 Uhr)<\/em><\/strong><\/p>\n\n\n\n<p><img loading=\"lazy\" decoding=\"async\" width=\"10\" height=\"21\" class=\"wp-image-3656\" style=\"width: 10px;\" src=\"http:\/\/kommentatorenblog.de\/wp-content\/uploads\/2020\/09\/shure-55sh-ii-e1601485394796.jpg\" alt=\"\" srcset=\"https:\/\/kommentatorenblog.de\/wp-content\/uploads\/2020\/09\/shure-55sh-ii-e1601485394796.jpg 415w, https:\/\/kommentatorenblog.de\/wp-content\/uploads\/2020\/09\/shure-55sh-ii-e1601485394796-142x300.jpg 142w\" sizes=\"auto, (max-width: 10px) 100vw, 10px\" \/> <em>Magenta: <\/em>Julian Engelhard<\/p>\n\n\n\n<p><img loading=\"lazy\" decoding=\"async\" width=\"10\" height=\"21\" class=\"wp-image-3656\" style=\"width: 10px;\" src=\"http:\/\/kommentatorenblog.de\/wp-content\/uploads\/2020\/09\/shure-55sh-ii-e1601485394796.jpg\" alt=\"\" srcset=\"https:\/\/kommentatorenblog.de\/wp-content\/uploads\/2020\/09\/shure-55sh-ii-e1601485394796.jpg 415w, https:\/\/kommentatorenblog.de\/wp-content\/uploads\/2020\/09\/shure-55sh-ii-e1601485394796-142x300.jpg 142w\" sizes=\"auto, (max-width: 10px) 100vw, 10px\" \/> <em>DAZN: <\/em>Nico Seepe<\/p>\n\n\n\n<p><strong><em>1. FC N\u00fcrnberg <\/em><\/strong><strong><em>\u2013 MSV Duisburg (15.30 Uhr)<\/em><\/strong><\/p>\n\n\n\n<p><img loading=\"lazy\" decoding=\"async\" width=\"10\" height=\"21\" class=\"wp-image-3656\" style=\"width: 10px;\" src=\"http:\/\/kommentatorenblog.de\/wp-content\/uploads\/2020\/09\/shure-55sh-ii-e1601485394796.jpg\" alt=\"\" srcset=\"https:\/\/kommentatorenblog.de\/wp-content\/uploads\/2020\/09\/shure-55sh-ii-e1601485394796.jpg 415w, https:\/\/kommentatorenblog.de\/wp-content\/uploads\/2020\/09\/shure-55sh-ii-e1601485394796-142x300.jpg 142w\" sizes=\"auto, (max-width: 10px) 100vw, 10px\" \/> <em>Magenta: <\/em>Adrian Geiler<\/p>\n\n\n\n<p><img loading=\"lazy\" decoding=\"async\" width=\"10\" height=\"21\" class=\"wp-image-3656\" style=\"width: 10px;\" src=\"http:\/\/kommentatorenblog.de\/wp-content\/uploads\/2020\/09\/shure-55sh-ii-e1601485394796.jpg\" alt=\"\" srcset=\"https:\/\/kommentatorenblog.de\/wp-content\/uploads\/2020\/09\/shure-55sh-ii-e1601485394796.jpg 415w, https:\/\/kommentatorenblog.de\/wp-content\/uploads\/2020\/09\/shure-55sh-ii-e1601485394796-142x300.jpg 142w\" sizes=\"auto, (max-width: 10px) 100vw, 10px\" \/> <em>DAZN: <\/em>Oliver Fa\u00dfnacht<\/p>\n\n\n\n<hr class=\"wp-block-separator is-style-default\"\/>\n\n\n\n<p><strong>2. Bundesliga (GER), 34. Spieltag (Sky)<\/strong><\/p>\n\n\n\n<p><span style=\"text-decoration: underline;\">Sonntag, 19. Mai 2024, ab 14.30 Uhr (Sky)<\/span> <\/p>\n\n\n\n<p><em><strong>SV Wehen Wiesbaden \u2013 FC St. Pauli (15.30 Uhr)<\/strong><\/em><br><img loading=\"lazy\" decoding=\"async\" width=\"10\" height=\"21\" class=\"wp-image-3656\" style=\"width: 10px;\" src=\"http:\/\/kommentatorenblog.de\/wp-content\/uploads\/2020\/09\/shure-55sh-ii-e1601485394796.jpg\" alt=\"\" srcset=\"https:\/\/kommentatorenblog.de\/wp-content\/uploads\/2020\/09\/shure-55sh-ii-e1601485394796.jpg 415w, https:\/\/kommentatorenblog.de\/wp-content\/uploads\/2020\/09\/shure-55sh-ii-e1601485394796-142x300.jpg 142w\" sizes=\"auto, (max-width: 10px) 100vw, 10px\" \/> Hannes Herrmann (Einzelspiel), Wolff Fuss (Konferenz)<br>Field-Reporter: Max Zielke<\/p>\n\n\n\n<p><em><strong>Hannover 96 \u2013 Holstein Kiel (15.30 Uhr)<\/strong><\/em><br><img loading=\"lazy\" decoding=\"async\" width=\"10\" height=\"21\" class=\"wp-image-3656\" style=\"width: 10px;\" src=\"http:\/\/kommentatorenblog.de\/wp-content\/uploads\/2020\/09\/shure-55sh-ii-e1601485394796.jpg\" alt=\"\" srcset=\"https:\/\/kommentatorenblog.de\/wp-content\/uploads\/2020\/09\/shure-55sh-ii-e1601485394796.jpg 415w, https:\/\/kommentatorenblog.de\/wp-content\/uploads\/2020\/09\/shure-55sh-ii-e1601485394796-142x300.jpg 142w\" sizes=\"auto, (max-width: 10px) 100vw, 10px\" \/> Marcus Lindemann (Einzelspiel), Jonas Friedrich (Konferenz)<br>Field-Reporter: Hartmut von Kameke<\/p>\n\n\n\n<p><em><strong>Hamburger SV \u2013 <em><strong>1. FC N\u00fcrnberg<\/strong><\/em> (15.30 Uhr)<\/strong><\/em><br><img loading=\"lazy\" decoding=\"async\" width=\"10\" height=\"21\" class=\"wp-image-3656\" style=\"width: 10px;\" src=\"http:\/\/kommentatorenblog.de\/wp-content\/uploads\/2020\/09\/shure-55sh-ii-e1601485394796.jpg\" alt=\"\" srcset=\"https:\/\/kommentatorenblog.de\/wp-content\/uploads\/2020\/09\/shure-55sh-ii-e1601485394796.jpg 415w, https:\/\/kommentatorenblog.de\/wp-content\/uploads\/2020\/09\/shure-55sh-ii-e1601485394796-142x300.jpg 142w\" sizes=\"auto, (max-width: 10px) 100vw, 10px\" \/> Oliver Seidler (Einzelspiel), Markus G\u00f6tz (Konferenz)<br>Field-Reporter: Jens Westen<\/p>\n\n\n\n<p><em><strong>Fortuna D\u00fcsseldorf \u2013 1. FC Magdeburg (15.30 Uhr)<\/strong><\/em><br><img loading=\"lazy\" decoding=\"async\" width=\"10\" height=\"21\" class=\"wp-image-3656\" style=\"width: 10px;\" src=\"http:\/\/kommentatorenblog.de\/wp-content\/uploads\/2020\/09\/shure-55sh-ii-e1601485394796.jpg\" alt=\"\" srcset=\"https:\/\/kommentatorenblog.de\/wp-content\/uploads\/2020\/09\/shure-55sh-ii-e1601485394796.jpg 415w, https:\/\/kommentatorenblog.de\/wp-content\/uploads\/2020\/09\/shure-55sh-ii-e1601485394796-142x300.jpg 142w\" sizes=\"auto, (max-width: 10px) 100vw, 10px\" \/> Torsten Kunde (Einzelspiel), Marcel Meinert (Konferenz)<br>Field-Reporter: Karsten Petrzika<\/p>\n\n\n\n<p><em><strong>1. FC Kaiserslautern \u2013 <em><strong>Eintracht Braunschweig<\/strong><\/em> (15.30 Uhr)<\/strong><\/em><br><img loading=\"lazy\" decoding=\"async\" width=\"10\" height=\"21\" class=\"wp-image-3656\" style=\"width: 10px;\" src=\"http:\/\/kommentatorenblog.de\/wp-content\/uploads\/2020\/09\/shure-55sh-ii-e1601485394796.jpg\" alt=\"\" srcset=\"https:\/\/kommentatorenblog.de\/wp-content\/uploads\/2020\/09\/shure-55sh-ii-e1601485394796.jpg 415w, https:\/\/kommentatorenblog.de\/wp-content\/uploads\/2020\/09\/shure-55sh-ii-e1601485394796-142x300.jpg 142w\" sizes=\"auto, (max-width: 10px) 100vw, 10px\" \/> Timo Sch\u00e4fers (Einzelspiel), Klaus Veltman (Konferenz)<br>Field-Reporter: Sven T\u00f6llner<\/p>\n\n\n\n<p><em><strong>SpVgg Greuther F\u00fcrth \u2013 <em><strong>FC Schalke 04<\/strong><\/em> (15.30 Uhr)<\/strong><\/em><br><img loading=\"lazy\" decoding=\"async\" width=\"10\" height=\"21\" class=\"wp-image-3656\" style=\"width: 10px;\" src=\"http:\/\/kommentatorenblog.de\/wp-content\/uploads\/2020\/09\/shure-55sh-ii-e1601485394796.jpg\" alt=\"\" srcset=\"https:\/\/kommentatorenblog.de\/wp-content\/uploads\/2020\/09\/shure-55sh-ii-e1601485394796.jpg 415w, https:\/\/kommentatorenblog.de\/wp-content\/uploads\/2020\/09\/shure-55sh-ii-e1601485394796-142x300.jpg 142w\" sizes=\"auto, (max-width: 10px) 100vw, 10px\" \/> Dominik M\u00fcller (Einzelspiel), J\u00fcrgen Schmitz (Konferenz)<br>Field-Reporter: Torben Hoffmann<\/p>\n\n\n\n<p><em><strong>VfL Osnabr\u00fcck \u2013 <em><strong>Hertha BSC<\/strong><\/em> (15.30 Uhr)<\/strong><\/em><br><img loading=\"lazy\" decoding=\"async\" width=\"10\" height=\"21\" class=\"wp-image-3656\" style=\"width: 10px;\" src=\"http:\/\/kommentatorenblog.de\/wp-content\/uploads\/2020\/09\/shure-55sh-ii-e1601485394796.jpg\" alt=\"\" srcset=\"https:\/\/kommentatorenblog.de\/wp-content\/uploads\/2020\/09\/shure-55sh-ii-e1601485394796.jpg 415w, https:\/\/kommentatorenblog.de\/wp-content\/uploads\/2020\/09\/shure-55sh-ii-e1601485394796-142x300.jpg 142w\" sizes=\"auto, (max-width: 10px) 100vw, 10px\" \/> Roland Evers (Einzelspiel), Christian Stra\u00dfburger (Konferenz)<br>Field-Reporter: Marcus J\u00fcrgensen<\/p>\n\n\n\n<p><em><strong>SV Elversberg \u2013 <em><strong>Karlsruher SC<\/strong><\/em> (15.30 Uhr)<\/strong><\/em><br><img loading=\"lazy\" decoding=\"async\" width=\"10\" height=\"21\" class=\"wp-image-3656\" style=\"width: 10px;\" src=\"http:\/\/kommentatorenblog.de\/wp-content\/uploads\/2020\/09\/shure-55sh-ii-e1601485394796.jpg\" alt=\"\" srcset=\"https:\/\/kommentatorenblog.de\/wp-content\/uploads\/2020\/09\/shure-55sh-ii-e1601485394796.jpg 415w, https:\/\/kommentatorenblog.de\/wp-content\/uploads\/2020\/09\/shure-55sh-ii-e1601485394796-142x300.jpg 142w\" sizes=\"auto, (max-width: 10px) 100vw, 10px\" \/> Markus Gaupp (Einzelspiel), Sven Schr\u00f6ter (Konferenz)<br>Field-Reporter: Ulli Potofski<\/p>\n\n\n\n<p><em><strong>F.C. Hansa Rostock \u2013 <em><strong>SC Paderborn 07<\/strong><\/em> (15.30 Uhr)<\/strong><\/em><br><img loading=\"lazy\" decoding=\"async\" width=\"10\" height=\"21\" class=\"wp-image-3656\" style=\"width: 10px;\" src=\"http:\/\/kommentatorenblog.de\/wp-content\/uploads\/2020\/09\/shure-55sh-ii-e1601485394796.jpg\" alt=\"\" srcset=\"https:\/\/kommentatorenblog.de\/wp-content\/uploads\/2020\/09\/shure-55sh-ii-e1601485394796.jpg 415w, https:\/\/kommentatorenblog.de\/wp-content\/uploads\/2020\/09\/shure-55sh-ii-e1601485394796-142x300.jpg 142w\" sizes=\"auto, (max-width: 10px) 100vw, 10px\" \/> Martin Gro\u00df (Einzelspiel), Hansi K\u00fcpper (Konferenz)<br>Field-Reporter: Stefan Hempel<\/p>\n\n\n\n<p>Moderation: Yannick Erkenbrecher, Experte: Torsten Mattuschka<\/p>\n\n\n\n<hr class=\"wp-block-separator is-style-default\"\/>\n\n\n\n<p><strong>3. Liga (GER), 38. Spieltag (Magenta Sport\/WDR\/BR\/SR)<\/strong><\/p>\n\n\n\n<p><span style=\"text-decoration: underline;\">Samstag, 18. Mai 2024, ab 13.00 Uhr (Magenta)<\/span><\/p>\n\n\n\n<p><strong><em>Die Konferenz (13.30 Uhr)<\/em><\/strong><br><img loading=\"lazy\" decoding=\"async\" width=\"10\" height=\"21\" class=\"wp-image-3656\" style=\"width: 10px;\" src=\"http:\/\/kommentatorenblog.de\/wp-content\/uploads\/2020\/09\/shure-55sh-ii-e1601485394796.jpg\" alt=\"\" srcset=\"https:\/\/kommentatorenblog.de\/wp-content\/uploads\/2020\/09\/shure-55sh-ii-e1601485394796.jpg 415w, https:\/\/kommentatorenblog.de\/wp-content\/uploads\/2020\/09\/shure-55sh-ii-e1601485394796-142x300.jpg 142w\" sizes=\"auto, (max-width: 10px) 100vw, 10px\" \/> Alexander Klich und Martin Piller, Experte: Steven Ruprecht<\/p>\n\n\n\n<p><span style=\"text-decoration: underline;\">ab 13.15 Uhr (Magenta)<\/span><\/p>\n\n\n\n<p><strong><em>SSV Ulm 1846 \u2013 <strong><em><strong><em>SC Verl<\/em><\/strong><\/em><\/strong> (13.30 Uhr)<\/em><\/strong><br><img loading=\"lazy\" decoding=\"async\" width=\"10\" height=\"21\" class=\"wp-image-3656\" style=\"width: 10px;\" src=\"http:\/\/kommentatorenblog.de\/wp-content\/uploads\/2020\/09\/shure-55sh-ii-e1601485394796.jpg\" alt=\"\" srcset=\"https:\/\/kommentatorenblog.de\/wp-content\/uploads\/2020\/09\/shure-55sh-ii-e1601485394796.jpg 415w, https:\/\/kommentatorenblog.de\/wp-content\/uploads\/2020\/09\/shure-55sh-ii-e1601485394796-142x300.jpg 142w\" sizes=\"auto, (max-width: 10px) 100vw, 10px\" \/> Markus H\u00f6hner<br>Moderation: Simon K\u00f6pfer<\/p>\n\n\n\n<p><strong><em>SG Dynamo Dresden \u2013 <strong><em><strong><em>MSV Duisburg<\/em><\/strong><\/em><\/strong> (13.30 Uhr)<\/em><\/strong><br><img loading=\"lazy\" decoding=\"async\" width=\"10\" height=\"21\" class=\"wp-image-3656\" style=\"width: 10px;\" src=\"http:\/\/kommentatorenblog.de\/wp-content\/uploads\/2020\/09\/shure-55sh-ii-e1601485394796.jpg\" alt=\"\" srcset=\"https:\/\/kommentatorenblog.de\/wp-content\/uploads\/2020\/09\/shure-55sh-ii-e1601485394796.jpg 415w, https:\/\/kommentatorenblog.de\/wp-content\/uploads\/2020\/09\/shure-55sh-ii-e1601485394796-142x300.jpg 142w\" sizes=\"auto, (max-width: 10px) 100vw, 10px\" \/> Andreas Mann<br>Moderation: Stefanie Blochwitz<\/p>\n\n\n\n<p><strong><em>TSV 1860 M\u00fcnchen \u2013 <strong><em><strong><em>DSC Arminia Bielefeld<\/em><\/strong><\/em><\/strong> (13.30 Uhr)<\/em><\/strong><br><img loading=\"lazy\" decoding=\"async\" width=\"10\" height=\"21\" class=\"wp-image-3656\" style=\"width: 10px;\" src=\"http:\/\/kommentatorenblog.de\/wp-content\/uploads\/2020\/09\/shure-55sh-ii-e1601485394796.jpg\" alt=\"\" srcset=\"https:\/\/kommentatorenblog.de\/wp-content\/uploads\/2020\/09\/shure-55sh-ii-e1601485394796.jpg 415w, https:\/\/kommentatorenblog.de\/wp-content\/uploads\/2020\/09\/shure-55sh-ii-e1601485394796-142x300.jpg 142w\" sizes=\"auto, (max-width: 10px) 100vw, 10px\" \/> Oliver Forster<br>Moderation: Tobi Wahnschaffe<\/p>\n\n\n\n<p><strong><em>FC Erzgebirge Aue \u2013 <strong><em>SV Waldhof Mannheim<\/em><\/strong> (13.30 Uhr)<\/em><\/strong><br><img loading=\"lazy\" decoding=\"async\" width=\"10\" height=\"21\" class=\"wp-image-3656\" style=\"width: 10px;\" src=\"http:\/\/kommentatorenblog.de\/wp-content\/uploads\/2020\/09\/shure-55sh-ii-e1601485394796.jpg\" alt=\"\" srcset=\"https:\/\/kommentatorenblog.de\/wp-content\/uploads\/2020\/09\/shure-55sh-ii-e1601485394796.jpg 415w, https:\/\/kommentatorenblog.de\/wp-content\/uploads\/2020\/09\/shure-55sh-ii-e1601485394796-142x300.jpg 142w\" sizes=\"auto, (max-width: 10px) 100vw, 10px\" \/> Benni Zander<br>Moderation: Miriam Sinno<\/p>\n\n\n\n<p><strong><em>VfB L\u00fcbeck \u2013 <strong><em>Rot-Weiss Essen<\/em><\/strong> (13.30 Uhr)<\/em><\/strong><br><img loading=\"lazy\" decoding=\"async\" width=\"10\" height=\"21\" class=\"wp-image-3656\" style=\"width: 10px;\" src=\"http:\/\/kommentatorenblog.de\/wp-content\/uploads\/2020\/09\/shure-55sh-ii-e1601485394796.jpg\" alt=\"\" srcset=\"https:\/\/kommentatorenblog.de\/wp-content\/uploads\/2020\/09\/shure-55sh-ii-e1601485394796.jpg 415w, https:\/\/kommentatorenblog.de\/wp-content\/uploads\/2020\/09\/shure-55sh-ii-e1601485394796-142x300.jpg 142w\" sizes=\"auto, (max-width: 10px) 100vw, 10px\" \/> Edgar Mielke<br>Moderation: Christina Rann<\/p>\n\n\n\n<p><strong><em>Hallescher FC \u2013 Borussia Dortmund II (13.30 Uhr)<\/em><\/strong><br><img loading=\"lazy\" decoding=\"async\" width=\"10\" height=\"21\" class=\"wp-image-3656\" style=\"width: 10px;\" src=\"http:\/\/kommentatorenblog.de\/wp-content\/uploads\/2020\/09\/shure-55sh-ii-e1601485394796.jpg\" alt=\"\" srcset=\"https:\/\/kommentatorenblog.de\/wp-content\/uploads\/2020\/09\/shure-55sh-ii-e1601485394796.jpg 415w, https:\/\/kommentatorenblog.de\/wp-content\/uploads\/2020\/09\/shure-55sh-ii-e1601485394796-142x300.jpg 142w\" sizes=\"auto, (max-width: 10px) 100vw, 10px\" \/> Sebastian Ulrich<br>Moderation: Holger Speckhahn<\/p>\n\n\n\n<p><strong><em>Sport-Club Freiburg II \u2013 <strong><em>FC Viktoria K\u00f6ln<\/em><\/strong> (13.30 Uhr)<\/em><\/strong><br><img loading=\"lazy\" decoding=\"async\" width=\"10\" height=\"21\" class=\"wp-image-3656\" style=\"width: 10px;\" src=\"http:\/\/kommentatorenblog.de\/wp-content\/uploads\/2020\/09\/shure-55sh-ii-e1601485394796.jpg\" alt=\"\" srcset=\"https:\/\/kommentatorenblog.de\/wp-content\/uploads\/2020\/09\/shure-55sh-ii-e1601485394796.jpg 415w, https:\/\/kommentatorenblog.de\/wp-content\/uploads\/2020\/09\/shure-55sh-ii-e1601485394796-142x300.jpg 142w\" sizes=\"auto, (max-width: 10px) 100vw, 10px\" \/> Philip Konrad<br>Moderation: <\/p>\n\n\n\n<p><strong><em>SV Sandhausen \u2013 <strong><em>FC Ingolstadt 04<\/em><\/strong> (13.30 Uhr)<\/em><\/strong><br><img loading=\"lazy\" decoding=\"async\" width=\"10\" height=\"21\" class=\"wp-image-3656\" style=\"width: 10px;\" src=\"http:\/\/kommentatorenblog.de\/wp-content\/uploads\/2020\/09\/shure-55sh-ii-e1601485394796.jpg\" alt=\"\" srcset=\"https:\/\/kommentatorenblog.de\/wp-content\/uploads\/2020\/09\/shure-55sh-ii-e1601485394796.jpg 415w, https:\/\/kommentatorenblog.de\/wp-content\/uploads\/2020\/09\/shure-55sh-ii-e1601485394796-142x300.jpg 142w\" sizes=\"auto, (max-width: 10px) 100vw, 10px\" \/> Oskar Heirler<br>Moderation: Kevin Gerwin<\/p>\n\n\n\n<p><span style=\"text-decoration: underline;\">ab 13.15 Uhr (Magenta) bzw. ab 13.25 Uhr (WDR)<\/span><\/p>\n\n\n\n<p><strong><em>SC Preu\u00dfen M\u00fcnster \u2013 <strong><em>SpVgg Unterhaching<\/em><\/strong> (13.30 Uhr)<\/em><\/strong><\/p>\n\n\n\n<p><img loading=\"lazy\" decoding=\"async\" width=\"10\" height=\"21\" class=\"wp-image-3656\" style=\"width: 10px;\" src=\"http:\/\/kommentatorenblog.de\/wp-content\/uploads\/2020\/09\/shure-55sh-ii-e1601485394796.jpg\" alt=\"\" srcset=\"https:\/\/kommentatorenblog.de\/wp-content\/uploads\/2020\/09\/shure-55sh-ii-e1601485394796.jpg 415w, https:\/\/kommentatorenblog.de\/wp-content\/uploads\/2020\/09\/shure-55sh-ii-e1601485394796-142x300.jpg 142w\" sizes=\"auto, (max-width: 10px) 100vw, 10px\" \/> <em>Magenta: <\/em>Christian Stra\u00dfburger<br>Moderation (<em>Magenta<\/em>): Tobi Sch\u00e4fer<\/p>\n\n\n\n<p><img loading=\"lazy\" decoding=\"async\" width=\"10\" height=\"21\" class=\"wp-image-3656\" style=\"width: 10px;\" src=\"http:\/\/kommentatorenblog.de\/wp-content\/uploads\/2020\/09\/shure-55sh-ii-e1601485394796.jpg\" alt=\"\" srcset=\"https:\/\/kommentatorenblog.de\/wp-content\/uploads\/2020\/09\/shure-55sh-ii-e1601485394796.jpg 415w, https:\/\/kommentatorenblog.de\/wp-content\/uploads\/2020\/09\/shure-55sh-ii-e1601485394796-142x300.jpg 142w\" sizes=\"auto, (max-width: 10px) 100vw, 10px\" \/> <em>WDR: <\/em>Jan Wochner<br>Moderation (<em>WDR<\/em>): Okka Gundel, Field-Reporter: Julius Laschet<\/p>\n\n\n\n<p><span style=\"text-decoration: underline;\">ab 13.15 Uhr (Magenta) bzw. ab 13.25 Uhr (BR) bzw. ab 13.28 Uhr (SR)<\/span> <\/p>\n\n\n\n<p><strong><em>SSV Jahn Regensburg \u2013&nbsp;1. FC Saarbr\u00fccken (13.30 Uhr)<\/em><\/strong><\/p>\n\n\n\n<p><img loading=\"lazy\" decoding=\"async\" width=\"10\" height=\"21\" class=\"wp-image-3656\" style=\"width: 10px;\" src=\"http:\/\/kommentatorenblog.de\/wp-content\/uploads\/2020\/09\/shure-55sh-ii-e1601485394796.jpg\" alt=\"\" srcset=\"https:\/\/kommentatorenblog.de\/wp-content\/uploads\/2020\/09\/shure-55sh-ii-e1601485394796.jpg 415w, https:\/\/kommentatorenblog.de\/wp-content\/uploads\/2020\/09\/shure-55sh-ii-e1601485394796-142x300.jpg 142w\" sizes=\"auto, (max-width: 10px) 100vw, 10px\" \/> <em>Magenta: <\/em>Julian Engelhard<br>Moderation (<em>Magenta<\/em>): Alexander K\u00fcpper<\/p>\n\n\n\n<p><img loading=\"lazy\" decoding=\"async\" width=\"10\" height=\"21\" class=\"wp-image-3656\" style=\"width: 10px;\" src=\"http:\/\/kommentatorenblog.de\/wp-content\/uploads\/2020\/09\/shure-55sh-ii-e1601485394796.jpg\" alt=\"\" srcset=\"https:\/\/kommentatorenblog.de\/wp-content\/uploads\/2020\/09\/shure-55sh-ii-e1601485394796.jpg 415w, https:\/\/kommentatorenblog.de\/wp-content\/uploads\/2020\/09\/shure-55sh-ii-e1601485394796-142x300.jpg 142w\" sizes=\"auto, (max-width: 10px) 100vw, 10px\" \/> <em>BR: <\/em>Flo Eckl<br>Moderation (<em>BR<\/em>): Markus Othmer<\/p>\n\n\n\n<p><img loading=\"lazy\" decoding=\"async\" width=\"10\" height=\"21\" class=\"wp-image-3656\" style=\"width: 10px;\" src=\"http:\/\/kommentatorenblog.de\/wp-content\/uploads\/2020\/09\/shure-55sh-ii-e1601485394796.jpg\" alt=\"\" srcset=\"https:\/\/kommentatorenblog.de\/wp-content\/uploads\/2020\/09\/shure-55sh-ii-e1601485394796.jpg 415w, https:\/\/kommentatorenblog.de\/wp-content\/uploads\/2020\/09\/shure-55sh-ii-e1601485394796-142x300.jpg 142w\" sizes=\"auto, (max-width: 10px) 100vw, 10px\" \/> <em>SR: <\/em>Sven Roland<br>Moderation (<em>SR<\/em>): Thomas Braml, Experte: Philipp Wollscheid<\/p>\n\n\n\n<hr class=\"wp-block-separator is-style-default\"\/>\n\n\n\n<p><strong>Regionalliga West (GER), 34. Spieltag (Sporttotal.TV)<\/strong><\/p>\n\n\n\n<p><span style=\"text-decoration: underline;\">Samstag, <span style=\"text-decoration: underline;\">18. Mai 2024, ab 11.50 Uhr<\/span><\/span><\/p>\n\n\n\n<p><em><strong>1. FC K\u00f6ln II <em><strong>\u2013<\/strong><\/em> Fortuna D\u00fcsseldorf II (12.00 Uhr) <\/strong><\/em><br><img loading=\"lazy\" decoding=\"async\" width=\"10\" height=\"21\" class=\"wp-image-3656\" style=\"width: 10px;\" src=\"http:\/\/kommentatorenblog.de\/wp-content\/uploads\/2020\/09\/shure-55sh-ii-e1601485394796.jpg\" alt=\"\" srcset=\"https:\/\/kommentatorenblog.de\/wp-content\/uploads\/2020\/09\/shure-55sh-ii-e1601485394796.jpg 415w, https:\/\/kommentatorenblog.de\/wp-content\/uploads\/2020\/09\/shure-55sh-ii-e1601485394796-142x300.jpg 142w\" sizes=\"auto, (max-width: 10px) 100vw, 10px\" \/> Noah H\u00fclsmann<\/p>\n\n\n\n<p><span style=\"text-decoration: underline;\"><span style=\"text-decoration: underline;\">ab 13.30 Uhr<\/span><\/span><\/p>\n\n\n\n<p><em><strong>TSV Alemannia Aachen <em><strong>\u2013<\/strong><\/em> <em><strong>SSVg Velbert<\/strong><\/em> (14.00 Uhr) <\/strong><\/em><br><img loading=\"lazy\" decoding=\"async\" width=\"10\" height=\"21\" class=\"wp-image-3656\" style=\"width: 10px;\" src=\"http:\/\/kommentatorenblog.de\/wp-content\/uploads\/2020\/09\/shure-55sh-ii-e1601485394796.jpg\" alt=\"\" srcset=\"https:\/\/kommentatorenblog.de\/wp-content\/uploads\/2020\/09\/shure-55sh-ii-e1601485394796.jpg 415w, https:\/\/kommentatorenblog.de\/wp-content\/uploads\/2020\/09\/shure-55sh-ii-e1601485394796-142x300.jpg 142w\" sizes=\"auto, (max-width: 10px) 100vw, 10px\" \/> Clemens Mauksch<br>Moderation: Sven Lesser<\/p>\n\n\n\n<p><span style=\"text-decoration: underline;\"><span style=\"text-decoration: underline;\">ab 13.50 Uhr<\/span><\/span><\/p>\n\n\n\n<p><em><strong>Wuppertaler SV <em><strong>\u2013<\/strong><\/em> 1. FC D\u00fcren (14.00 Uhr) <\/strong><\/em><br><img loading=\"lazy\" decoding=\"async\" width=\"10\" height=\"21\" class=\"wp-image-3656\" style=\"width: 10px;\" src=\"http:\/\/kommentatorenblog.de\/wp-content\/uploads\/2020\/09\/shure-55sh-ii-e1601485394796.jpg\" alt=\"\" srcset=\"https:\/\/kommentatorenblog.de\/wp-content\/uploads\/2020\/09\/shure-55sh-ii-e1601485394796.jpg 415w, https:\/\/kommentatorenblog.de\/wp-content\/uploads\/2020\/09\/shure-55sh-ii-e1601485394796-142x300.jpg 142w\" sizes=\"auto, (max-width: 10px) 100vw, 10px\" \/> Cedric Greh<\/p>\n\n\n\n<p><em><strong><em><strong>FC Wegberg-Beeck<\/strong><\/em> <em><strong>\u2013<\/strong><\/em> FC G\u00fctersloh (14.00 Uhr) <\/strong><\/em><br><img loading=\"lazy\" decoding=\"async\" width=\"10\" height=\"21\" class=\"wp-image-3656\" style=\"width: 10px;\" src=\"http:\/\/kommentatorenblog.de\/wp-content\/uploads\/2020\/09\/shure-55sh-ii-e1601485394796.jpg\" alt=\"\" srcset=\"https:\/\/kommentatorenblog.de\/wp-content\/uploads\/2020\/09\/shure-55sh-ii-e1601485394796.jpg 415w, https:\/\/kommentatorenblog.de\/wp-content\/uploads\/2020\/09\/shure-55sh-ii-e1601485394796-142x300.jpg 142w\" sizes=\"auto, (max-width: 10px) 100vw, 10px\" \/> Florian Bechholz<\/p>\n\n\n\n<p><em><strong>SC Paderborn 07 II <em><strong>\u2013<\/strong><\/em> <em><strong>SC Rot-Wei<\/strong><\/em>\u00df Oberhausen (14.00 Uhr) <\/strong><\/em><br><img loading=\"lazy\" decoding=\"async\" width=\"10\" height=\"21\" class=\"wp-image-3656\" style=\"width: 10px;\" src=\"http:\/\/kommentatorenblog.de\/wp-content\/uploads\/2020\/09\/shure-55sh-ii-e1601485394796.jpg\" alt=\"\" srcset=\"https:\/\/kommentatorenblog.de\/wp-content\/uploads\/2020\/09\/shure-55sh-ii-e1601485394796.jpg 415w, https:\/\/kommentatorenblog.de\/wp-content\/uploads\/2020\/09\/shure-55sh-ii-e1601485394796-142x300.jpg 142w\" sizes=\"auto, (max-width: 10px) 100vw, 10px\" \/> Arne Albrecht<\/p>\n\n\n\n<p><em><strong>SV R\u00f6dinghausen <em><strong>\u2013<\/strong><\/em> <em><strong>SC Fortuna K\u00f6ln<\/strong><\/em> (14.00 Uhr) <\/strong><\/em><br><img loading=\"lazy\" decoding=\"async\" width=\"10\" height=\"21\" class=\"wp-image-3656\" style=\"width: 10px;\" src=\"http:\/\/kommentatorenblog.de\/wp-content\/uploads\/2020\/09\/shure-55sh-ii-e1601485394796.jpg\" alt=\"\" srcset=\"https:\/\/kommentatorenblog.de\/wp-content\/uploads\/2020\/09\/shure-55sh-ii-e1601485394796.jpg 415w, https:\/\/kommentatorenblog.de\/wp-content\/uploads\/2020\/09\/shure-55sh-ii-e1601485394796-142x300.jpg 142w\" sizes=\"auto, (max-width: 10px) 100vw, 10px\" \/> Noah Kesting<\/p>\n\n\n\n<p><em><strong>Borussia M\u00f6nchengladbach II <em><strong>\u2013<\/strong><\/em> 1. FC Bocholt (14.00 Uhr) <\/strong><\/em><br><img loading=\"lazy\" decoding=\"async\" width=\"10\" height=\"21\" class=\"wp-image-3656\" style=\"width: 10px;\" src=\"http:\/\/kommentatorenblog.de\/wp-content\/uploads\/2020\/09\/shure-55sh-ii-e1601485394796.jpg\" alt=\"\" srcset=\"https:\/\/kommentatorenblog.de\/wp-content\/uploads\/2020\/09\/shure-55sh-ii-e1601485394796.jpg 415w, https:\/\/kommentatorenblog.de\/wp-content\/uploads\/2020\/09\/shure-55sh-ii-e1601485394796-142x300.jpg 142w\" sizes=\"auto, (max-width: 10px) 100vw, 10px\" \/> Johannes Skiba<\/p>\n\n\n\n<p><em><strong>SC Wiedenbr\u00fcck <em><strong>\u2013<\/strong><\/em> SV Lippstadt 08 (14.00 Uhr) <\/strong><\/em><br><img loading=\"lazy\" decoding=\"async\" width=\"10\" height=\"21\" class=\"wp-image-3656\" style=\"width: 10px;\" src=\"http:\/\/kommentatorenblog.de\/wp-content\/uploads\/2020\/09\/shure-55sh-ii-e1601485394796.jpg\" alt=\"\" srcset=\"https:\/\/kommentatorenblog.de\/wp-content\/uploads\/2020\/09\/shure-55sh-ii-e1601485394796.jpg 415w, https:\/\/kommentatorenblog.de\/wp-content\/uploads\/2020\/09\/shure-55sh-ii-e1601485394796-142x300.jpg 142w\" sizes=\"auto, (max-width: 10px) 100vw, 10px\" \/> Malik Fengler<\/p>\n\n\n\n<hr class=\"wp-block-separator is-style-default\"\/>\n\n\n\n<p><strong>Regionalliga Nordost (GER), 34. Spieltag (TA\/OTZ\/TLZ\/rbb\/MDR\/sport-im-osten.de)<\/strong><\/p>\n\n\n\n<p><span style=\"text-decoration: underline;\">Sonntag, <span style=\"text-decoration: underline;\">19. Mai 2024, ab 12.50 Uhr (TA\/OTZ\/TLZ)<\/span><\/span><\/p>\n\n\n\n<p><em><strong>FC Carl Zeiss Jena <em><strong>\u2013<\/strong><\/em> FC Eilenburg (13.00 Uhr) <\/strong><\/em><br><img loading=\"lazy\" decoding=\"async\" width=\"10\" height=\"21\" class=\"wp-image-3656\" style=\"width: 10px;\" src=\"http:\/\/kommentatorenblog.de\/wp-content\/uploads\/2020\/09\/shure-55sh-ii-e1601485394796.jpg\" alt=\"\" srcset=\"https:\/\/kommentatorenblog.de\/wp-content\/uploads\/2020\/09\/shure-55sh-ii-e1601485394796.jpg 415w, https:\/\/kommentatorenblog.de\/wp-content\/uploads\/2020\/09\/shure-55sh-ii-e1601485394796-142x300.jpg 142w\" sizes=\"auto, (max-width: 10px) 100vw, 10px\" \/> Christian R\u00fcdiger<\/p>\n\n\n\n<p><span style=\"text-decoration: underline;\"><span style=\"text-decoration: underline;\">ab 12.50 Uhr (rbb)<\/span><\/span><\/p>\n\n\n\n<p><em><strong>Hertha BSC II <em><strong>\u2013<\/strong><\/em> FC Energie Cottbus (13.00 Uhr) <\/strong><\/em><br><img loading=\"lazy\" decoding=\"async\" width=\"10\" height=\"21\" class=\"wp-image-3656\" style=\"width: 10px;\" src=\"http:\/\/kommentatorenblog.de\/wp-content\/uploads\/2020\/09\/shure-55sh-ii-e1601485394796.jpg\" alt=\"\" srcset=\"https:\/\/kommentatorenblog.de\/wp-content\/uploads\/2020\/09\/shure-55sh-ii-e1601485394796.jpg 415w, https:\/\/kommentatorenblog.de\/wp-content\/uploads\/2020\/09\/shure-55sh-ii-e1601485394796-142x300.jpg 142w\" sizes=\"auto, (max-width: 10px) 100vw, 10px\" \/> Lars Becker<br>Moderation: Christian Dexne, Field-Reporterin: Caroline Labes<\/p>\n\n\n\n<p><span style=\"text-decoration: underline;\"><span style=\"text-decoration: underline;\">ab 12.55 Uhr (MDR\/sport-im-osten.de)<\/span><\/span><\/p>\n\n\n\n<p><em><strong>Greifswalder FC <em><strong>\u2013<\/strong><\/em> ZFC Meuselwitz (13.00 Uhr) <\/strong><\/em><br><img loading=\"lazy\" decoding=\"async\" width=\"10\" height=\"21\" class=\"wp-image-3656\" style=\"width: 10px;\" src=\"http:\/\/kommentatorenblog.de\/wp-content\/uploads\/2020\/09\/shure-55sh-ii-e1601485394796.jpg\" alt=\"\" srcset=\"https:\/\/kommentatorenblog.de\/wp-content\/uploads\/2020\/09\/shure-55sh-ii-e1601485394796.jpg 415w, https:\/\/kommentatorenblog.de\/wp-content\/uploads\/2020\/09\/shure-55sh-ii-e1601485394796-142x300.jpg 142w\" sizes=\"auto, (max-width: 10px) 100vw, 10px\" \/> Alexander K\u00fcpper, Experte: Lutz Lindemann<br>Moderation: Tom Scheunemann, Field-Reporter: Ren\u00e9 Kindermann<\/p>\n\n\n\n<hr class=\"wp-block-separator is-style-default\"\/>\n\n\n\n<p><strong>Oberliga Nordost (GER), 28. Spieltag (MDR\/sport-im-osten.de)<\/strong><\/p>\n\n\n\n<p><span style=\"text-decoration: underline;\">Samstag, <span style=\"text-decoration: underline;\">18. Mai 2024<\/span><\/span><\/p>\n\n\n\n<p><em><strong>VfB Auerbach <em><strong>\u2013<\/strong><\/em> Bischofswerdaer FV 08 (13.15 Uhr) <\/strong><\/em><br><img loading=\"lazy\" decoding=\"async\" width=\"10\" height=\"21\" class=\"wp-image-3656\" style=\"width: 10px;\" src=\"http:\/\/kommentatorenblog.de\/wp-content\/uploads\/2020\/09\/shure-55sh-ii-e1601485394796.jpg\" alt=\"\" srcset=\"https:\/\/kommentatorenblog.de\/wp-content\/uploads\/2020\/09\/shure-55sh-ii-e1601485394796.jpg 415w, https:\/\/kommentatorenblog.de\/wp-content\/uploads\/2020\/09\/shure-55sh-ii-e1601485394796-142x300.jpg 142w\" sizes=\"auto, (max-width: 10px) 100vw, 10px\" \/> Torsten P\u00fcschel (Konferenz)<br>Field-Reporterin: Sabrina Bramowski<\/p>\n\n\n\n<p><em><strong>FSV Budissa Bautzen <em><strong>\u2013<\/strong><\/em> <em><strong>VFC Plauen<\/strong><\/em> (13.15 Uhr) <\/strong><\/em><br><img loading=\"lazy\" decoding=\"async\" width=\"10\" height=\"21\" class=\"wp-image-3656\" style=\"width: 10px;\" src=\"http:\/\/kommentatorenblog.de\/wp-content\/uploads\/2020\/09\/shure-55sh-ii-e1601485394796.jpg\" alt=\"\" srcset=\"https:\/\/kommentatorenblog.de\/wp-content\/uploads\/2020\/09\/shure-55sh-ii-e1601485394796.jpg 415w, https:\/\/kommentatorenblog.de\/wp-content\/uploads\/2020\/09\/shure-55sh-ii-e1601485394796-142x300.jpg 142w\" sizes=\"auto, (max-width: 10px) 100vw, 10px\" \/> Thomas Kunze (Konferenz)<br>Field-Reporter: Ren\u00e9 Kindermann<\/p>\n\n\n\n<p>Moderation: Tom Scheunemann<\/p>\n\n\n\n<hr class=\"wp-block-separator\"\/>\n\n\n\n<p><strong>U19-Bundesliga, Halbfinale, R\u00fcckspiele (Sky\/skysport.de)<\/strong><\/p>\n\n\n\n<p><span style=\"text-decoration: underline;\">Sonntag, <span style=\"text-decoration: underline;\">19. Mai 2024<\/span>, ab 10.45 Uhr<\/span><\/p>\n\n\n\n<p><strong style=\"font-style: italic;\"><strong style=\"font-style: italic;\">TSG Hoffenheim U19<\/strong> \u2013 <\/strong><strong><em>Borussia M\u00f6nchengladbach U19 <\/em><\/strong><em><strong>(17.00 Uhr)<\/strong><\/em><br><img loading=\"lazy\" decoding=\"async\" width=\"10\" height=\"21\" class=\"wp-image-3656\" style=\"width: 10px;\" src=\"http:\/\/kommentatorenblog.de\/wp-content\/uploads\/2020\/09\/shure-55sh-ii-e1601485394796.jpg\" alt=\"\" srcset=\"https:\/\/kommentatorenblog.de\/wp-content\/uploads\/2020\/09\/shure-55sh-ii-e1601485394796.jpg 415w, https:\/\/kommentatorenblog.de\/wp-content\/uploads\/2020\/09\/shure-55sh-ii-e1601485394796-142x300.jpg 142w\" sizes=\"auto, (max-width: 10px) 100vw, 10px\" \/> Timo Schmidtchen<br>Moderation: Philipp Hinze<\/p>\n\n\n\n<p><span style=\"text-decoration: underline;\">Montag, <span style=\"text-decoration: underline;\">20. Mai 2024<\/span>, ab 10.45 Uhr<\/span><\/p>\n\n\n\n<p><strong style=\"font-style: italic;\"><strong style=\"font-style: italic;\">Hertha BSC U19<\/strong> \u2013 <\/strong><strong><em>Borussia Dortmund <\/em><\/strong><strong><em>U19 <\/em><\/strong><em><strong>(17.00 Uhr)<\/strong><\/em><br><img loading=\"lazy\" decoding=\"async\" width=\"10\" height=\"21\" class=\"wp-image-3656\" style=\"width: 10px;\" src=\"http:\/\/kommentatorenblog.de\/wp-content\/uploads\/2020\/09\/shure-55sh-ii-e1601485394796.jpg\" alt=\"\" srcset=\"https:\/\/kommentatorenblog.de\/wp-content\/uploads\/2020\/09\/shure-55sh-ii-e1601485394796.jpg 415w, https:\/\/kommentatorenblog.de\/wp-content\/uploads\/2020\/09\/shure-55sh-ii-e1601485394796-142x300.jpg 142w\" sizes=\"auto, (max-width: 10px) 100vw, 10px\" \/> Timo Sch\u00e4fers, Experte: Matthias Strohmaier<br>Moderation: Max Zielke<\/p>\n\n\n\n<hr class=\"wp-block-separator is-style-default\"\/>\n\n\n\n<hr class=\"wp-block-separator is-style-default\"\/>\n\n\n\n<p><strong>Premier League (ENG), 38. Spieltag (Sky\/RTL+)<\/strong><\/p>\n\n\n\n<p><span style=\"text-decoration: underline;\">Sonntag, <span style=\"text-decoration: underline;\">19. Mai 2024<\/span>, ab 16.00 Uhr<\/span><\/p>\n\n\n\n<p><strong style=\"font-style: italic;\"><strong style=\"font-style: italic;\">FC Liverpool<\/strong> \u2013 Wolverhampton Wanderers<\/strong> <em><strong>(17.00 Uhr)<\/strong><\/em><br><img loading=\"lazy\" decoding=\"async\" width=\"10\" height=\"21\" class=\"wp-image-3656\" style=\"width: 10px;\" src=\"http:\/\/kommentatorenblog.de\/wp-content\/uploads\/2020\/09\/shure-55sh-ii-e1601485394796.jpg\" alt=\"\" srcset=\"https:\/\/kommentatorenblog.de\/wp-content\/uploads\/2020\/09\/shure-55sh-ii-e1601485394796.jpg 415w, https:\/\/kommentatorenblog.de\/wp-content\/uploads\/2020\/09\/shure-55sh-ii-e1601485394796-142x300.jpg 142w\" sizes=\"auto, (max-width: 10px) 100vw, 10px\" \/> Florian Schmidt-Sommerfeld, Experte: Thomas Hitzlsperger<br>Field-Reporter: Raphael Honigstein<\/p>\n\n\n\n<p><strong><em>Die Meisterkonferenz (17.00 Uhr)<\/em><\/strong><br><img loading=\"lazy\" decoding=\"async\" width=\"10\" height=\"21\" class=\"wp-image-3656\" style=\"width: 10px;\" src=\"http:\/\/kommentatorenblog.de\/wp-content\/uploads\/2020\/09\/shure-55sh-ii-e1601485394796.jpg\" alt=\"\" srcset=\"https:\/\/kommentatorenblog.de\/wp-content\/uploads\/2020\/09\/shure-55sh-ii-e1601485394796.jpg 415w, https:\/\/kommentatorenblog.de\/wp-content\/uploads\/2020\/09\/shure-55sh-ii-e1601485394796-142x300.jpg 142w\" sizes=\"auto, (max-width: 10px) 100vw, 10px\" \/> Toni Tomic (Fokus auf MCI-WHU)<\/p>\n\n\n\n<p><strong><em>Manchester City &#8211; West Ham United (17.00 Uhr)<\/em><\/strong><br><img loading=\"lazy\" decoding=\"async\" width=\"10\" height=\"21\" class=\"wp-image-3656\" style=\"width: 10px;\" src=\"http:\/\/kommentatorenblog.de\/wp-content\/uploads\/2020\/09\/shure-55sh-ii-e1601485394796.jpg\" alt=\"\" srcset=\"https:\/\/kommentatorenblog.de\/wp-content\/uploads\/2020\/09\/shure-55sh-ii-e1601485394796.jpg 415w, https:\/\/kommentatorenblog.de\/wp-content\/uploads\/2020\/09\/shure-55sh-ii-e1601485394796-142x300.jpg 142w\" sizes=\"auto, (max-width: 10px) 100vw, 10px\" \/> Uli Hebel<\/p>\n\n\n\n<p><strong><em>FC Arsenal &#8211; FC Everton (17.00 Uhr)<\/em><\/strong><br>Sky\/RTL+: <img loading=\"lazy\" decoding=\"async\" width=\"10\" height=\"21\" class=\"wp-image-3656\" style=\"width: 10px;\" src=\"http:\/\/kommentatorenblog.de\/wp-content\/uploads\/2020\/09\/shure-55sh-ii-e1601485394796.jpg\" alt=\"\" srcset=\"https:\/\/kommentatorenblog.de\/wp-content\/uploads\/2020\/09\/shure-55sh-ii-e1601485394796.jpg 415w, https:\/\/kommentatorenblog.de\/wp-content\/uploads\/2020\/09\/shure-55sh-ii-e1601485394796-142x300.jpg 142w\" sizes=\"auto, (max-width: 10px) 100vw, 10px\" \/> Joachim Hebel<\/p>\n\n\n\n<p><strong><em>FC Burnley &#8211; Nottingham Forest (17.00 Uhr)<\/em><\/strong>*<br><img loading=\"lazy\" decoding=\"async\" width=\"10\" height=\"21\" class=\"wp-image-3656\" style=\"width: 10px;\" src=\"http:\/\/kommentatorenblog.de\/wp-content\/uploads\/2020\/09\/shure-55sh-ii-e1601485394796.jpg\" alt=\"\" srcset=\"https:\/\/kommentatorenblog.de\/wp-content\/uploads\/2020\/09\/shure-55sh-ii-e1601485394796.jpg 415w, https:\/\/kommentatorenblog.de\/wp-content\/uploads\/2020\/09\/shure-55sh-ii-e1601485394796-142x300.jpg 142w\" sizes=\"auto, (max-width: 10px) 100vw, 10px\" \/> Jari Schaller<\/p>\n\n\n\n<p><strong><em>Luton Town &#8211; FC Fulham (17.00 Uhr)<\/em><\/strong>*<br><img loading=\"lazy\" decoding=\"async\" width=\"10\" height=\"21\" class=\"wp-image-3656\" style=\"width: 10px;\" src=\"http:\/\/kommentatorenblog.de\/wp-content\/uploads\/2020\/09\/shure-55sh-ii-e1601485394796.jpg\" alt=\"\" srcset=\"https:\/\/kommentatorenblog.de\/wp-content\/uploads\/2020\/09\/shure-55sh-ii-e1601485394796.jpg 415w, https:\/\/kommentatorenblog.de\/wp-content\/uploads\/2020\/09\/shure-55sh-ii-e1601485394796-142x300.jpg 142w\" sizes=\"auto, (max-width: 10px) 100vw, 10px\" \/> Timo Schmidtchen<\/p>\n\n\n\n<p><strong><em>FC Brentford &#8211; Newcastle United (17.00 Uhr)<\/em><\/strong>*<br><img loading=\"lazy\" decoding=\"async\" width=\"10\" height=\"21\" class=\"wp-image-3656\" style=\"width: 10px;\" src=\"http:\/\/kommentatorenblog.de\/wp-content\/uploads\/2020\/09\/shure-55sh-ii-e1601485394796.jpg\" alt=\"\" srcset=\"https:\/\/kommentatorenblog.de\/wp-content\/uploads\/2020\/09\/shure-55sh-ii-e1601485394796.jpg 415w, https:\/\/kommentatorenblog.de\/wp-content\/uploads\/2020\/09\/shure-55sh-ii-e1601485394796-142x300.jpg 142w\" sizes=\"auto, (max-width: 10px) 100vw, 10px\" \/> Markus Gaupp<\/p>\n\n\n\n<p><strong><em>FC Chelsea &#8211; AFC Bournemouth (17.00 Uhr)<\/em><\/strong>*<br><img loading=\"lazy\" decoding=\"async\" width=\"10\" height=\"21\" class=\"wp-image-3656\" style=\"width: 10px;\" src=\"http:\/\/kommentatorenblog.de\/wp-content\/uploads\/2020\/09\/shure-55sh-ii-e1601485394796.jpg\" alt=\"\" srcset=\"https:\/\/kommentatorenblog.de\/wp-content\/uploads\/2020\/09\/shure-55sh-ii-e1601485394796.jpg 415w, https:\/\/kommentatorenblog.de\/wp-content\/uploads\/2020\/09\/shure-55sh-ii-e1601485394796-142x300.jpg 142w\" sizes=\"auto, (max-width: 10px) 100vw, 10px\" \/> Sven Schr\u00f6ter<\/p>\n\n\n\n<p><strong><em>Crystal Palace &#8211; Aston Villa (17.00 Uhr)<\/em><\/strong>*<br><img loading=\"lazy\" decoding=\"async\" width=\"10\" height=\"21\" class=\"wp-image-3656\" style=\"width: 10px;\" src=\"http:\/\/kommentatorenblog.de\/wp-content\/uploads\/2020\/09\/shure-55sh-ii-e1601485394796.jpg\" alt=\"\" srcset=\"https:\/\/kommentatorenblog.de\/wp-content\/uploads\/2020\/09\/shure-55sh-ii-e1601485394796.jpg 415w, https:\/\/kommentatorenblog.de\/wp-content\/uploads\/2020\/09\/shure-55sh-ii-e1601485394796-142x300.jpg 142w\" sizes=\"auto, (max-width: 10px) 100vw, 10px\" \/> Marcel Meinert<\/p>\n\n\n\n<p><strong><em>Sheffield United &#8211; Tottenham Hotspur (17.00 Uhr)<\/em><\/strong>*<br><img loading=\"lazy\" decoding=\"async\" width=\"10\" height=\"21\" class=\"wp-image-3656\" style=\"width: 10px;\" src=\"http:\/\/kommentatorenblog.de\/wp-content\/uploads\/2020\/09\/shure-55sh-ii-e1601485394796.jpg\" alt=\"\" srcset=\"https:\/\/kommentatorenblog.de\/wp-content\/uploads\/2020\/09\/shure-55sh-ii-e1601485394796.jpg 415w, https:\/\/kommentatorenblog.de\/wp-content\/uploads\/2020\/09\/shure-55sh-ii-e1601485394796-142x300.jpg 142w\" sizes=\"auto, (max-width: 10px) 100vw, 10px\" \/> Timo Sch\u00e4fers<\/p>\n\n\n\n<p><strong><em>Brighton &amp; Hove Albion &#8211; Manchester United (17.00 Uhr)<\/em><\/strong>*<br><img loading=\"lazy\" decoding=\"async\" width=\"10\" height=\"21\" class=\"wp-image-3656\" style=\"width: 10px;\" src=\"http:\/\/kommentatorenblog.de\/wp-content\/uploads\/2020\/09\/shure-55sh-ii-e1601485394796.jpg\" alt=\"\" srcset=\"https:\/\/kommentatorenblog.de\/wp-content\/uploads\/2020\/09\/shure-55sh-ii-e1601485394796.jpg 415w, https:\/\/kommentatorenblog.de\/wp-content\/uploads\/2020\/09\/shure-55sh-ii-e1601485394796-142x300.jpg 142w\" sizes=\"auto, (max-width: 10px) 100vw, 10px\" \/> Florian Malburg<\/p>\n\n\n\n<p>Moderation: Sebastian Hellmann, Experte: Mladen Petric<\/p>\n\n\n\n<p>*nur im relive<\/p>\n\n\n\n<hr class=\"wp-block-separator is-style-default\"\/>\n\n\n\n<p><strong>EFL Championship (ENG), Playoff-Halbfinale, R\u00fcckspiel (Sportdigital Fu\u00dfball\/DAZN)<\/strong><\/p>\n\n\n\n<p><span style=\"text-decoration: underline;\">Freitag, <span style=\"text-decoration: underline;\">17. Mai 2024<\/span><\/span><\/p>\n\n\n\n<p><strong style=\"font-style: italic;\">FC Southampton <strong><em><span><b style=\"font-style: italic;\">\u2013<\/b><\/span><\/em><\/strong><\/strong> <em><strong>West Bromwich Albion (21.00 Uhr<\/strong>, Agg. 0:0<strong>)<\/strong><\/em> <\/p>\n\n\n\n<p><img loading=\"lazy\" decoding=\"async\" width=\"10\" height=\"21\" class=\"wp-image-3656\" style=\"width: 10px;\" src=\"http:\/\/kommentatorenblog.de\/wp-content\/uploads\/2020\/09\/shure-55sh-ii-e1601485394796.jpg\" alt=\"\" srcset=\"https:\/\/kommentatorenblog.de\/wp-content\/uploads\/2020\/09\/shure-55sh-ii-e1601485394796.jpg 415w, https:\/\/kommentatorenblog.de\/wp-content\/uploads\/2020\/09\/shure-55sh-ii-e1601485394796-142x300.jpg 142w\" sizes=\"auto, (max-width: 10px) 100vw, 10px\" \/> <em>Sportdigital: <\/em>Jonathan Dreier<\/p>\n\n\n\n<p><img loading=\"lazy\" decoding=\"async\" width=\"10\" height=\"21\" class=\"wp-image-3656\" style=\"width: 10px;\" src=\"http:\/\/kommentatorenblog.de\/wp-content\/uploads\/2020\/09\/shure-55sh-ii-e1601485394796.jpg\" alt=\"\" srcset=\"https:\/\/kommentatorenblog.de\/wp-content\/uploads\/2020\/09\/shure-55sh-ii-e1601485394796.jpg 415w, https:\/\/kommentatorenblog.de\/wp-content\/uploads\/2020\/09\/shure-55sh-ii-e1601485394796-142x300.jpg 142w\" sizes=\"auto, (max-width: 10px) 100vw, 10px\" \/> <em>DAZN: <\/em>Max Siebald<\/p>\n\n\n\n<hr class=\"wp-block-separator is-style-default\"\/>\n\n\n\n<p><strong>League One (ENG), Playoff-Finale (Sportdigital Fu\u00dfball\/DAZN)<\/strong><\/p>\n\n\n\n<p><span style=\"text-decoration: underline;\">Samstag, <span style=\"text-decoration: underline;\">18. Mai 2024<\/span><\/span><\/p>\n\n\n\n<p><strong style=\"font-style: italic;\">Bolton Wanderers <strong><em><span><b style=\"font-style: italic;\">\u2013<\/b><\/span><\/em><\/strong><\/strong> <em><strong>Oxford United (17.15 Uhr<\/strong><strong>)<\/strong><\/em> <\/p>\n\n\n\n<p><img loading=\"lazy\" decoding=\"async\" width=\"10\" height=\"21\" class=\"wp-image-3656\" style=\"width: 10px;\" src=\"http:\/\/kommentatorenblog.de\/wp-content\/uploads\/2020\/09\/shure-55sh-ii-e1601485394796.jpg\" alt=\"\" srcset=\"https:\/\/kommentatorenblog.de\/wp-content\/uploads\/2020\/09\/shure-55sh-ii-e1601485394796.jpg 415w, https:\/\/kommentatorenblog.de\/wp-content\/uploads\/2020\/09\/shure-55sh-ii-e1601485394796-142x300.jpg 142w\" sizes=\"auto, (max-width: 10px) 100vw, 10px\" \/> <em>Sportdigital: <\/em>Florian Obst<\/p>\n\n\n\n<p><img loading=\"lazy\" decoding=\"async\" width=\"10\" height=\"21\" class=\"wp-image-3656\" style=\"width: 10px;\" src=\"http:\/\/kommentatorenblog.de\/wp-content\/uploads\/2020\/09\/shure-55sh-ii-e1601485394796.jpg\" alt=\"\" srcset=\"https:\/\/kommentatorenblog.de\/wp-content\/uploads\/2020\/09\/shure-55sh-ii-e1601485394796.jpg 415w, https:\/\/kommentatorenblog.de\/wp-content\/uploads\/2020\/09\/shure-55sh-ii-e1601485394796-142x300.jpg 142w\" sizes=\"auto, (max-width: 10px) 100vw, 10px\" \/> <em>DAZN: <\/em>Oliver Fa\u00dfnacht<\/p>\n\n\n\n<hr class=\"wp-block-separator is-style-default\"\/>\n\n\n\n<p><strong>League Two (ENG), Playoff-Finale (DAZN)<\/strong><\/p>\n\n\n\n<p><span style=\"text-decoration: underline;\">Sonntag, <span style=\"text-decoration: underline;\">19. Mai 2024<\/span><\/span><\/p>\n\n\n\n<p><strong style=\"font-style: italic;\">Crawley Town <strong><em><span><b style=\"font-style: italic;\">\u2013<\/b><\/span><\/em><\/strong><\/strong> <em><strong>Crewe Alexandra (14.00 Uhr)<\/strong><\/em> <br><img loading=\"lazy\" decoding=\"async\" width=\"10\" height=\"21\" class=\"wp-image-3656\" style=\"width: 10px;\" src=\"http:\/\/kommentatorenblog.de\/wp-content\/uploads\/2020\/09\/shure-55sh-ii-e1601485394796.jpg\" alt=\"\" srcset=\"https:\/\/kommentatorenblog.de\/wp-content\/uploads\/2020\/09\/shure-55sh-ii-e1601485394796.jpg 415w, https:\/\/kommentatorenblog.de\/wp-content\/uploads\/2020\/09\/shure-55sh-ii-e1601485394796-142x300.jpg 142w\" sizes=\"auto, (max-width: 10px) 100vw, 10px\" \/> Manuel Angstenberger<\/p>\n\n\n\n<hr class=\"wp-block-separator is-style-default\"\/>\n\n\n\n<p><strong>LaLiga (ESP), 37. Spieltag (DAZN)<\/strong><\/p>\n\n\n\n<p><span style=\"text-decoration: underline;\">Sonntag, <span style=\"text-decoration: underline;\">19. Mai 2024<\/span><\/span><\/p>\n\n\n\n<p><strong style=\"font-style: italic;\"><strong style=\"font-style: italic;\">FC Villarreal<\/strong> <strong><em><span><b style=\"font-style: italic;\">\u2013<\/b><\/span><\/em><\/strong><\/strong> <em><strong>Real Madrid (19.00 Uhr)<\/strong><\/em> <br><img loading=\"lazy\" decoding=\"async\" width=\"10\" height=\"21\" class=\"wp-image-3656\" style=\"width: 10px;\" src=\"http:\/\/kommentatorenblog.de\/wp-content\/uploads\/2020\/09\/shure-55sh-ii-e1601485394796.jpg\" alt=\"\" srcset=\"https:\/\/kommentatorenblog.de\/wp-content\/uploads\/2020\/09\/shure-55sh-ii-e1601485394796.jpg 415w, https:\/\/kommentatorenblog.de\/wp-content\/uploads\/2020\/09\/shure-55sh-ii-e1601485394796-142x300.jpg 142w\" sizes=\"auto, (max-width: 10px) 100vw, 10px\" \/> Julian Engelhard<\/p>\n\n\n\n<p><strong style=\"font-style: italic;\">Atl\u00e9tico Madrid <strong><em><span><b style=\"font-style: italic;\">\u2013<\/b><\/span><\/em><\/strong><\/strong> <em><strong>CA Osasuna (19.00 Uhr)<\/strong><\/em> <br><img loading=\"lazy\" decoding=\"async\" width=\"10\" height=\"21\" class=\"wp-image-3656\" style=\"width: 10px;\" src=\"http:\/\/kommentatorenblog.de\/wp-content\/uploads\/2020\/09\/shure-55sh-ii-e1601485394796.jpg\" alt=\"\" srcset=\"https:\/\/kommentatorenblog.de\/wp-content\/uploads\/2020\/09\/shure-55sh-ii-e1601485394796.jpg 415w, https:\/\/kommentatorenblog.de\/wp-content\/uploads\/2020\/09\/shure-55sh-ii-e1601485394796-142x300.jpg 142w\" sizes=\"auto, (max-width: 10px) 100vw, 10px\" \/> Freddie Schulz<\/p>\n\n\n\n<p><strong style=\"font-style: italic;\"><strong style=\"font-style: italic;\">Athletic Bilbao<\/strong> <strong><em><span><b style=\"font-style: italic;\">\u2013<\/b><\/span><\/em><\/strong><\/strong> <em><strong>FC Sevilla (19.00 Uhr)<\/strong><\/em> <br><img loading=\"lazy\" decoding=\"async\" width=\"10\" height=\"21\" class=\"wp-image-3656\" style=\"width: 10px;\" src=\"http:\/\/kommentatorenblog.de\/wp-content\/uploads\/2020\/09\/shure-55sh-ii-e1601485394796.jpg\" alt=\"\" srcset=\"https:\/\/kommentatorenblog.de\/wp-content\/uploads\/2020\/09\/shure-55sh-ii-e1601485394796.jpg 415w, https:\/\/kommentatorenblog.de\/wp-content\/uploads\/2020\/09\/shure-55sh-ii-e1601485394796-142x300.jpg 142w\" sizes=\"auto, (max-width: 10px) 100vw, 10px\" \/> Flo Hauser<\/p>\n\n\n\n<p><strong style=\"font-style: italic;\">FC Barcelona <strong><em><span><b style=\"font-style: italic;\">\u2013<\/b><\/span><\/em><\/strong><\/strong> <em><strong>Rayo Vallecano (19.00 Uhr)<\/strong><\/em> <br><img loading=\"lazy\" decoding=\"async\" width=\"10\" height=\"21\" class=\"wp-image-3656\" style=\"width: 10px;\" src=\"http:\/\/kommentatorenblog.de\/wp-content\/uploads\/2020\/09\/shure-55sh-ii-e1601485394796.jpg\" alt=\"\" srcset=\"https:\/\/kommentatorenblog.de\/wp-content\/uploads\/2020\/09\/shure-55sh-ii-e1601485394796.jpg 415w, https:\/\/kommentatorenblog.de\/wp-content\/uploads\/2020\/09\/shure-55sh-ii-e1601485394796-142x300.jpg 142w\" sizes=\"auto, (max-width: 10px) 100vw, 10px\" \/> <s>David Ploch<\/s> Uwe Morawe<\/p>\n\n\n\n<p><strong style=\"font-style: italic;\">Real Betis <strong><em><span><b style=\"font-style: italic;\">\u2013<\/b><\/span><\/em><\/strong><\/strong> <em><strong>Real Sociedad (19.00 Uhr)<\/strong><\/em> <br><img loading=\"lazy\" decoding=\"async\" width=\"10\" height=\"21\" class=\"wp-image-3656\" style=\"width: 10px;\" src=\"http:\/\/kommentatorenblog.de\/wp-content\/uploads\/2020\/09\/shure-55sh-ii-e1601485394796.jpg\" alt=\"\" srcset=\"https:\/\/kommentatorenblog.de\/wp-content\/uploads\/2020\/09\/shure-55sh-ii-e1601485394796.jpg 415w, https:\/\/kommentatorenblog.de\/wp-content\/uploads\/2020\/09\/shure-55sh-ii-e1601485394796-142x300.jpg 142w\" sizes=\"auto, (max-width: 10px) 100vw, 10px\" \/> Nico Seepe<\/p>\n\n\n\n<p><strong style=\"font-style: italic;\">FC Valencia <strong><em><span><b style=\"font-style: italic;\">\u2013<\/b><\/span><\/em><\/strong><\/strong> <em><strong>FC Girona (19.00 Uhr)<\/strong><\/em> <br><img loading=\"lazy\" decoding=\"async\" width=\"10\" height=\"21\" class=\"wp-image-3656\" style=\"width: 10px;\" src=\"http:\/\/kommentatorenblog.de\/wp-content\/uploads\/2020\/09\/shure-55sh-ii-e1601485394796.jpg\" alt=\"\" srcset=\"https:\/\/kommentatorenblog.de\/wp-content\/uploads\/2020\/09\/shure-55sh-ii-e1601485394796.jpg 415w, https:\/\/kommentatorenblog.de\/wp-content\/uploads\/2020\/09\/shure-55sh-ii-e1601485394796-142x300.jpg 142w\" sizes=\"auto, (max-width: 10px) 100vw, 10px\" \/> <s>Uwe Morawe<\/s> Simon Sterzer<\/p>\n\n\n\n<hr class=\"wp-block-separator is-style-default\"\/>\n\n\n\n<p><strong>Serie A (ITA), 37. Spieltag (DAZN)<\/strong><\/p>\n\n\n\n<p><span style=\"text-decoration: underline;\">Freitag, 17. Mai 2024 <\/span><\/p>\n\n\n\n<p><strong style=\"font-style: italic;\">AC Florenz <strong><em><span><b style=\"font-style: italic;\">\u2013<\/b><\/span><\/em><\/strong><\/strong> <em><strong>SSC Neapel (20.45 Uhr)<\/strong><\/em> <br><img loading=\"lazy\" decoding=\"async\" width=\"10\" height=\"21\" class=\"wp-image-3656\" style=\"width: 10px;\" src=\"http:\/\/kommentatorenblog.de\/wp-content\/uploads\/2020\/09\/shure-55sh-ii-e1601485394796.jpg\" alt=\"\" srcset=\"https:\/\/kommentatorenblog.de\/wp-content\/uploads\/2020\/09\/shure-55sh-ii-e1601485394796.jpg 415w, https:\/\/kommentatorenblog.de\/wp-content\/uploads\/2020\/09\/shure-55sh-ii-e1601485394796-142x300.jpg 142w\" sizes=\"auto, (max-width: 10px) 100vw, 10px\" \/> Matthias Naebers<\/p>\n\n\n\n<p><span style=\"text-decoration: underline;\">Samstag, 18. Mai 2024 <\/span><\/p>\n\n\n\n<p><strong style=\"font-style: italic;\">FC Turin <strong><em><span><b style=\"font-style: italic;\">\u2013<\/b><\/span><\/em><\/strong><\/strong> <em><strong>AC Mailand (20.45 Uhr)<\/strong><\/em> <br><img loading=\"lazy\" decoding=\"async\" width=\"10\" height=\"21\" class=\"wp-image-3656\" style=\"width: 10px;\" src=\"http:\/\/kommentatorenblog.de\/wp-content\/uploads\/2020\/09\/shure-55sh-ii-e1601485394796.jpg\" alt=\"\" srcset=\"https:\/\/kommentatorenblog.de\/wp-content\/uploads\/2020\/09\/shure-55sh-ii-e1601485394796.jpg 415w, https:\/\/kommentatorenblog.de\/wp-content\/uploads\/2020\/09\/shure-55sh-ii-e1601485394796-142x300.jpg 142w\" sizes=\"auto, (max-width: 10px) 100vw, 10px\" \/> Michael Born<\/p>\n\n\n\n<p><span style=\"text-decoration: underline;\">Sonntag, 19. Mai 2024 <\/span><\/p>\n\n\n\n<p><strong style=\"font-style: italic;\">Inter Mailand <strong><em><span><b style=\"font-style: italic;\">\u2013<\/b><\/span><\/em><\/strong><\/strong> <em><strong>Lazio Rom (18.00 Uhr)<\/strong><\/em> <br><img loading=\"lazy\" decoding=\"async\" width=\"10\" height=\"21\" class=\"wp-image-3656\" style=\"width: 10px;\" src=\"http:\/\/kommentatorenblog.de\/wp-content\/uploads\/2020\/09\/shure-55sh-ii-e1601485394796.jpg\" alt=\"\" srcset=\"https:\/\/kommentatorenblog.de\/wp-content\/uploads\/2020\/09\/shure-55sh-ii-e1601485394796.jpg 415w, https:\/\/kommentatorenblog.de\/wp-content\/uploads\/2020\/09\/shure-55sh-ii-e1601485394796-142x300.jpg 142w\" sizes=\"auto, (max-width: 10px) 100vw, 10px\" \/> Christoph Stadtler, Experte: Christian Bernhard<\/p>\n\n\n\n<p><strong style=\"font-style: italic;\">AS Rom <strong><em><span><b style=\"font-style: italic;\">\u2013<\/b><\/span><\/em><\/strong><\/strong> <em><strong>CFC Genua (20.45 Uhr)<\/strong><\/em> <br><img loading=\"lazy\" decoding=\"async\" width=\"10\" height=\"21\" class=\"wp-image-3656\" style=\"width: 10px;\" src=\"http:\/\/kommentatorenblog.de\/wp-content\/uploads\/2020\/09\/shure-55sh-ii-e1601485394796.jpg\" alt=\"\" srcset=\"https:\/\/kommentatorenblog.de\/wp-content\/uploads\/2020\/09\/shure-55sh-ii-e1601485394796.jpg 415w, https:\/\/kommentatorenblog.de\/wp-content\/uploads\/2020\/09\/shure-55sh-ii-e1601485394796-142x300.jpg 142w\" sizes=\"auto, (max-width: 10px) 100vw, 10px\" \/> Andreas Renner<\/p>\n\n\n\n<p><span style=\"text-decoration: underline;\">Montag, 20. Mai 2024 <\/span><\/p>\n\n\n\n<p><strong style=\"font-style: italic;\">FC Bologna <strong><em><span><b style=\"font-style: italic;\">\u2013<\/b><\/span><\/em><\/strong><\/strong> <em><strong>Juventus Turin (20.45 Uhr)<\/strong><\/em> <br><img loading=\"lazy\" decoding=\"async\" width=\"10\" height=\"21\" class=\"wp-image-3656\" style=\"width: 10px;\" src=\"http:\/\/kommentatorenblog.de\/wp-content\/uploads\/2020\/09\/shure-55sh-ii-e1601485394796.jpg\" alt=\"\" srcset=\"https:\/\/kommentatorenblog.de\/wp-content\/uploads\/2020\/09\/shure-55sh-ii-e1601485394796.jpg 415w, https:\/\/kommentatorenblog.de\/wp-content\/uploads\/2020\/09\/shure-55sh-ii-e1601485394796-142x300.jpg 142w\" sizes=\"auto, (max-width: 10px) 100vw, 10px\" \/> Marcel Seufert<\/p>\n\n\n\n<hr class=\"wp-block-separator is-style-default\"\/>\n\n\n\n<p><strong>Eredivisie (NED), 34. Spieltag (Sportdigital Fu\u00dfball)<\/strong><\/p>\n\n\n\n<p><span style=\"text-decoration: underline;\">Sonntag, <span style=\"text-decoration: underline;\">19. Mai 2024<\/span><\/span><\/p>\n\n\n\n<p><strong style=\"font-style: italic;\">PSV Eindhoven <em><strong>\u2013<\/strong><\/em> RKC Waalwijk <\/strong><em><strong>(14.30 Uhr)<\/strong><\/em> <br><img loading=\"lazy\" decoding=\"async\" width=\"10\" height=\"21\" class=\"wp-image-3656\" style=\"width: 10px;\" src=\"http:\/\/kommentatorenblog.de\/wp-content\/uploads\/2020\/09\/shure-55sh-ii-e1601485394796.jpg\" alt=\"\" srcset=\"https:\/\/kommentatorenblog.de\/wp-content\/uploads\/2020\/09\/shure-55sh-ii-e1601485394796.jpg 415w, https:\/\/kommentatorenblog.de\/wp-content\/uploads\/2020\/09\/shure-55sh-ii-e1601485394796-142x300.jpg 142w\" sizes=\"auto, (max-width: 10px) 100vw, 10px\" \/> Karsten Linke<\/p>\n\n\n\n<hr class=\"wp-block-separator is-style-default\"\/>\n\n\n\n<p><strong>Ligue 1 (FRA), 34. Spieltag (DAZN)<\/strong><\/p>\n\n\n\n<p><span style=\"text-decoration: underline;\">Sonntag, <span style=\"text-decoration: underline;\">19. Mai 2024<\/span><\/span><\/p>\n\n\n\n<p><strong style=\"font-style: italic;\">OSC Lille<\/strong> <strong style=\"font-style: italic;\"><em><strong>\u2013<\/strong><\/em> OGC Nizza <\/strong><em><strong>(21.00 Uhr)<\/strong><\/em> <br><img loading=\"lazy\" decoding=\"async\" width=\"10\" height=\"21\" class=\"wp-image-3656\" style=\"width: 10px;\" src=\"http:\/\/kommentatorenblog.de\/wp-content\/uploads\/2020\/09\/shure-55sh-ii-e1601485394796.jpg\" alt=\"\" srcset=\"https:\/\/kommentatorenblog.de\/wp-content\/uploads\/2020\/09\/shure-55sh-ii-e1601485394796.jpg 415w, https:\/\/kommentatorenblog.de\/wp-content\/uploads\/2020\/09\/shure-55sh-ii-e1601485394796-142x300.jpg 142w\" sizes=\"auto, (max-width: 10px) 100vw, 10px\" \/> Alexis Menuge<\/p>\n\n\n\n<p><strong style=\"font-style: italic;\">FC Metz<\/strong> <strong style=\"font-style: italic;\"><em><strong>\u2013<\/strong><\/em> Paris Saint-Germain <\/strong><em><strong>(21.00 Uhr)<\/strong><\/em> <br><img loading=\"lazy\" decoding=\"async\" width=\"10\" height=\"21\" class=\"wp-image-3656\" style=\"width: 10px;\" src=\"http:\/\/kommentatorenblog.de\/wp-content\/uploads\/2020\/09\/shure-55sh-ii-e1601485394796.jpg\" alt=\"\" srcset=\"https:\/\/kommentatorenblog.de\/wp-content\/uploads\/2020\/09\/shure-55sh-ii-e1601485394796.jpg 415w, https:\/\/kommentatorenblog.de\/wp-content\/uploads\/2020\/09\/shure-55sh-ii-e1601485394796-142x300.jpg 142w\" sizes=\"auto, (max-width: 10px) 100vw, 10px\" \/> Guido H\u00fcsgen<\/p>\n\n\n\n<hr class=\"wp-block-separator is-style-default\"\/>\n\n\n\n<p><strong>Primeira Liga (POR), 34. Spieltag (Sportdigital Fu\u00dfball)<\/strong><\/p>\n\n\n\n<p><span style=\"text-decoration: underline;\">Samstag, <span style=\"text-decoration: underline;\">18. Mai 2024<\/span><\/span><\/p>\n\n\n\n<p><strong style=\"font-style: italic;\">Sporting Lissabon<\/strong> <strong style=\"font-style: italic;\"><em><strong>\u2013<\/strong><\/em> GD Chaves <\/strong><em><strong>(19.00 Uhr)<\/strong><\/em> <br><img loading=\"lazy\" decoding=\"async\" width=\"10\" height=\"21\" class=\"wp-image-3656\" style=\"width: 10px;\" src=\"http:\/\/kommentatorenblog.de\/wp-content\/uploads\/2020\/09\/shure-55sh-ii-e1601485394796.jpg\" alt=\"\" srcset=\"https:\/\/kommentatorenblog.de\/wp-content\/uploads\/2020\/09\/shure-55sh-ii-e1601485394796.jpg 415w, https:\/\/kommentatorenblog.de\/wp-content\/uploads\/2020\/09\/shure-55sh-ii-e1601485394796-142x300.jpg 142w\" sizes=\"auto, (max-width: 10px) 100vw, 10px\" \/> J\u00f6rg Steiger<\/p>\n\n\n\n<p><strong style=\"font-style: italic;\">Sporting Braga<\/strong> <strong style=\"font-style: italic;\"><em><strong>\u2013<\/strong><\/em> FC Porto <\/strong><em><strong>(22.00 Uhr)<\/strong><\/em> <br><img loading=\"lazy\" decoding=\"async\" width=\"10\" height=\"21\" class=\"wp-image-3656\" style=\"width: 10px;\" src=\"http:\/\/kommentatorenblog.de\/wp-content\/uploads\/2020\/09\/shure-55sh-ii-e1601485394796.jpg\" alt=\"\" srcset=\"https:\/\/kommentatorenblog.de\/wp-content\/uploads\/2020\/09\/shure-55sh-ii-e1601485394796.jpg 415w, https:\/\/kommentatorenblog.de\/wp-content\/uploads\/2020\/09\/shure-55sh-ii-e1601485394796-142x300.jpg 142w\" sizes=\"auto, (max-width: 10px) 100vw, 10px\" \/> Christian Blunck<\/p>\n\n\n\n<hr class=\"wp-block-separator is-style-default\"\/>\n\n\n\n<p><strong>Division 1A (BEL), Meisterschaftsrunde, 9. Spieltag (Sport1+)<\/strong><\/p>\n\n\n\n<p><span style=\"text-decoration: underline;\">Sonntag, <span style=\"text-decoration: underline;\">19. Mai 2024<\/span> <\/span><\/p>\n\n\n\n<p><strong style=\"font-style: italic;\"><em><strong><em><strong><strong style=\"font-style: italic;\"><em><strong><em><strong><strong style=\"font-style: italic;\"><em><strong><strong style=\"font-style: italic;\"><em><strong>Cercle Br\u00fcgge<\/strong><\/em><\/strong><\/strong><\/em><\/strong><\/strong><\/em><\/strong><\/em><\/strong><\/strong><\/em><\/strong><\/em> <strong><em><span><b style=\"font-style: italic;\">\u2013<\/b><\/span><\/em><\/strong><\/strong> <em><strong><strong style=\"font-style: italic;\"><em><strong><strong style=\"font-style: italic;\"><em><strong><strong style=\"font-style: italic;\"><em><strong><em><strong><strong style=\"font-style: italic;\"><em><strong>Royale Union Saint-Gilloise <\/strong><\/em><\/strong><\/strong><\/em><\/strong><\/em><\/strong><\/strong><\/em><\/strong><\/strong><\/em><\/strong>(13.30 Uhr)<\/strong><\/em><br><img loading=\"lazy\" decoding=\"async\" width=\"10\" height=\"21\" class=\"wp-image-3656\" style=\"width: 10px;\" src=\"http:\/\/kommentatorenblog.de\/wp-content\/uploads\/2020\/09\/shure-55sh-ii-e1601485394796.jpg\" alt=\"\" srcset=\"https:\/\/kommentatorenblog.de\/wp-content\/uploads\/2020\/09\/shure-55sh-ii-e1601485394796.jpg 415w, https:\/\/kommentatorenblog.de\/wp-content\/uploads\/2020\/09\/shure-55sh-ii-e1601485394796-142x300.jpg 142w\" sizes=\"auto, (max-width: 10px) 100vw, 10px\" \/> Rudi Br\u00fcckner<\/p>\n\n\n\n<p><strong style=\"font-style: italic;\"><em><strong><em><strong><strong style=\"font-style: italic;\"><em><strong><em><strong><strong style=\"font-style: italic;\"><em><strong><strong style=\"font-style: italic;\"><em><strong>RSC Anderlecht<\/strong><\/em><\/strong><\/strong><\/em><\/strong><\/strong><\/em><\/strong><\/em><\/strong><\/strong><\/em><\/strong><\/em> <strong><em><span><b style=\"font-style: italic;\">\u2013<\/b><\/span><\/em><\/strong><\/strong> <em><strong><strong style=\"font-style: italic;\"><em><strong><strong style=\"font-style: italic;\"><em><strong><strong style=\"font-style: italic;\"><em><strong><em><strong><strong style=\"font-style: italic;\"><em><strong>FC Br\u00fcgge<\/strong><\/em><\/strong><\/strong><\/em><\/strong><\/em><\/strong><\/strong><\/em><\/strong><\/strong><\/em><\/strong> (18.30 Uhr)<\/strong><\/em><br><img loading=\"lazy\" decoding=\"async\" width=\"10\" height=\"21\" class=\"wp-image-3656\" style=\"width: 10px;\" src=\"http:\/\/kommentatorenblog.de\/wp-content\/uploads\/2020\/09\/shure-55sh-ii-e1601485394796.jpg\" alt=\"\" srcset=\"https:\/\/kommentatorenblog.de\/wp-content\/uploads\/2020\/09\/shure-55sh-ii-e1601485394796.jpg 415w, https:\/\/kommentatorenblog.de\/wp-content\/uploads\/2020\/09\/shure-55sh-ii-e1601485394796-142x300.jpg 142w\" sizes=\"auto, (max-width: 10px) 100vw, 10px\" \/> Hans-Joachim Wolff<\/p>\n\n\n\n<hr class=\"wp-block-separator is-style-default\"\/>\n\n\n\n<p><strong>Bundesliga (AUT), Finaldurchgang, 10. Runde (Sky)<\/strong><\/p>\n\n\n\n<p><span style=\"text-decoration: underline;\">Samstag, <span style=\"text-decoration: underline;\">18. Mai 2024, ab 16.00 Uhr<\/span> <\/span><\/p>\n\n\n\n<p><strong style=\"font-style: italic;\"><em><strong><em><strong><strong style=\"font-style: italic;\"><em><strong><em><strong><strong style=\"font-style: italic;\"><em><strong><strong style=\"font-style: italic;\"><em><strong>FC Blau Wei\u00df Linz<\/strong><\/em><\/strong><\/strong><\/em><\/strong><\/strong><\/em><\/strong><\/em><\/strong><\/strong><\/em><\/strong><\/em> <strong><em><span><b style=\"font-style: italic;\">\u2013<\/b><\/span><\/em><\/strong><\/strong> <em><strong><strong style=\"font-style: italic;\"><em><strong>FK Austria Wien<\/strong><\/em><\/strong> (17.00 Uhr<\/strong>, Qualifikationsgruppe (QG)<strong>)<\/strong><\/em><br><img loading=\"lazy\" decoding=\"async\" width=\"10\" height=\"21\" class=\"wp-image-3656\" style=\"width: 10px;\" src=\"http:\/\/kommentatorenblog.de\/wp-content\/uploads\/2020\/09\/shure-55sh-ii-e1601485394796.jpg\" alt=\"\" srcset=\"https:\/\/kommentatorenblog.de\/wp-content\/uploads\/2020\/09\/shure-55sh-ii-e1601485394796.jpg 415w, https:\/\/kommentatorenblog.de\/wp-content\/uploads\/2020\/09\/shure-55sh-ii-e1601485394796-142x300.jpg 142w\" sizes=\"auto, (max-width: 10px) 100vw, 10px\" \/> Andreas Brandt (Einzelspiel), Johannes Hofer (Konferenz)<\/p>\n\n\n\n<p><strong style=\"font-style: italic;\"><em><strong>Wolfsberger AC<\/strong><\/em> <strong><em><span><b style=\"font-style: italic;\">\u2013<\/b><\/span><\/em><\/strong><\/strong> <em><strong><strong style=\"font-style: italic;\"><em><strong><strong style=\"font-style: italic;\"><em><strong><strong style=\"font-style: italic;\"><em><strong>WSG Tirol<\/strong><\/em><\/strong><\/strong><\/em><\/strong><\/strong><\/em><\/strong> (17.00 Uhr<\/strong>, QG<strong>)<\/strong><\/em><br><img loading=\"lazy\" decoding=\"async\" width=\"10\" height=\"21\" class=\"wp-image-3656\" style=\"width: 10px;\" src=\"http:\/\/kommentatorenblog.de\/wp-content\/uploads\/2020\/09\/shure-55sh-ii-e1601485394796.jpg\" alt=\"\" srcset=\"https:\/\/kommentatorenblog.de\/wp-content\/uploads\/2020\/09\/shure-55sh-ii-e1601485394796.jpg 415w, https:\/\/kommentatorenblog.de\/wp-content\/uploads\/2020\/09\/shure-55sh-ii-e1601485394796-142x300.jpg 142w\" sizes=\"auto, (max-width: 10px) 100vw, 10px\" \/> Andreas Grassl (Einzelspiel), Otto Rosenauer (Konferenz)<\/p>\n\n\n\n<p><strong style=\"font-style: italic;\"><em><strong><em><strong><strong style=\"font-style: italic;\"><em><strong>SCR Altach<\/strong><\/em><\/strong><\/strong><\/em><\/strong><\/em> <strong><em><span><b style=\"font-style: italic;\">\u2013<\/b><\/span><\/em><\/strong><\/strong> <em><strong><strong style=\"font-style: italic;\"><em><strong><strong style=\"font-style: italic;\"><em><strong><em><strong><strong style=\"font-style: italic;\"><em><strong>SC Austria Lustenau<\/strong><\/em><\/strong><\/strong><\/em><\/strong><\/em><\/strong><\/strong><\/em><\/strong> (17.00 Uhr<\/strong>, QG<strong>)<\/strong><\/em><br><img loading=\"lazy\" decoding=\"async\" width=\"10\" height=\"21\" class=\"wp-image-3656\" style=\"width: 10px;\" src=\"http:\/\/kommentatorenblog.de\/wp-content\/uploads\/2020\/09\/shure-55sh-ii-e1601485394796.jpg\" alt=\"\" srcset=\"https:\/\/kommentatorenblog.de\/wp-content\/uploads\/2020\/09\/shure-55sh-ii-e1601485394796.jpg 415w, https:\/\/kommentatorenblog.de\/wp-content\/uploads\/2020\/09\/shure-55sh-ii-e1601485394796-142x300.jpg 142w\" sizes=\"auto, (max-width: 10px) 100vw, 10px\" \/> Charly Leitner (Einzelspiel), Phillip Lautischer (Konferenz)<\/p>\n\n\n\n<p>Moderation: Johannes Brandl, Experten: Marc Janko und Marko Stankovic<\/p>\n\n\n\n<p><span style=\"text-decoration: underline;\">Sonntag, <span style=\"text-decoration: underline;\">19. Mai 2024, ab 16.00 Uhr<\/span> <\/span><\/p>\n\n\n\n<p><strong style=\"font-style: italic;\"><em><strong><em><strong><strong style=\"font-style: italic;\"><em><strong><em><strong><strong style=\"font-style: italic;\"><em><strong><strong style=\"font-style: italic;\"><em><strong>SK Sturm Graz<\/strong><\/em><\/strong><\/strong><\/em><\/strong><\/strong><\/em><\/strong><\/em><\/strong><\/strong><\/em><\/strong><\/em> <strong><em><span><b style=\"font-style: italic;\">\u2013<\/b><\/span><\/em><\/strong><\/strong> <em><strong><strong style=\"font-style: italic;\"><em><strong>SK Austria Klagenfurt<\/strong><\/em><\/strong> (17.00 Uhr<\/strong>, Meistergruppe (MG)<strong>)<\/strong><\/em><br><img loading=\"lazy\" decoding=\"async\" width=\"10\" height=\"21\" class=\"wp-image-3656\" style=\"width: 10px;\" src=\"http:\/\/kommentatorenblog.de\/wp-content\/uploads\/2020\/09\/shure-55sh-ii-e1601485394796.jpg\" alt=\"\" srcset=\"https:\/\/kommentatorenblog.de\/wp-content\/uploads\/2020\/09\/shure-55sh-ii-e1601485394796.jpg 415w, https:\/\/kommentatorenblog.de\/wp-content\/uploads\/2020\/09\/shure-55sh-ii-e1601485394796-142x300.jpg 142w\" sizes=\"auto, (max-width: 10px) 100vw, 10px\" \/> Guido Friedrich (Einzelspiel), Gerfried Pr\u00f6ll (Konferenz)<br>Moderation: Constanze Weiss, Experte: Peter St\u00f6ger, Field-Reporter: Marko Stankovic<\/p>\n\n\n\n<p><strong style=\"font-style: italic;\"><em><strong>FC Salzburg<\/strong><\/em> <strong><em><span><b style=\"font-style: italic;\">\u2013<\/b><\/span><\/em><\/strong><\/strong> <em><strong><strong style=\"font-style: italic;\"><em><strong><strong style=\"font-style: italic;\"><em><strong><strong style=\"font-style: italic;\"><em><strong>Linzer ASK<\/strong><\/em><\/strong><\/strong><\/em><\/strong><\/strong><\/em><\/strong> (17.00 Uhr<\/strong>, MG<strong>)<\/strong><\/em><br><img loading=\"lazy\" decoding=\"async\" width=\"10\" height=\"21\" class=\"wp-image-3656\" style=\"width: 10px;\" src=\"http:\/\/kommentatorenblog.de\/wp-content\/uploads\/2020\/09\/shure-55sh-ii-e1601485394796.jpg\" alt=\"\" srcset=\"https:\/\/kommentatorenblog.de\/wp-content\/uploads\/2020\/09\/shure-55sh-ii-e1601485394796.jpg 415w, https:\/\/kommentatorenblog.de\/wp-content\/uploads\/2020\/09\/shure-55sh-ii-e1601485394796-142x300.jpg 142w\" sizes=\"auto, (max-width: 10px) 100vw, 10px\" \/> David Eder (Einzelspiel), Philipp Paternina (Konferenz)<br>Moderation: Michael Ganh\u00f6r, Experte: Marc Janko, Field-Reporterin: Kimberly Budinsky<\/p>\n\n\n\n<p><strong style=\"font-style: italic;\"><em><strong><em><strong><strong style=\"font-style: italic;\"><em><strong>SK Rapid Wien<\/strong><\/em><\/strong><\/strong><\/em><\/strong><\/em> <strong><em><span><b style=\"font-style: italic;\">\u2013<\/b><\/span><\/em><\/strong><\/strong> <em><strong><strong style=\"font-style: italic;\"><em><strong><strong style=\"font-style: italic;\"><em><strong><em><strong><strong style=\"font-style: italic;\"><em><strong>TSV Hartberg<\/strong><\/em><\/strong><\/strong><\/em><\/strong><\/em><\/strong><\/strong><\/em><\/strong> (17.00 Uhr<\/strong>, MG<strong>)<\/strong><\/em><br><img loading=\"lazy\" decoding=\"async\" width=\"10\" height=\"21\" class=\"wp-image-3656\" style=\"width: 10px;\" src=\"http:\/\/kommentatorenblog.de\/wp-content\/uploads\/2020\/09\/shure-55sh-ii-e1601485394796.jpg\" alt=\"\" srcset=\"https:\/\/kommentatorenblog.de\/wp-content\/uploads\/2020\/09\/shure-55sh-ii-e1601485394796.jpg 415w, https:\/\/kommentatorenblog.de\/wp-content\/uploads\/2020\/09\/shure-55sh-ii-e1601485394796-142x300.jpg 142w\" sizes=\"auto, (max-width: 10px) 100vw, 10px\" \/> Otto Rosenauer (Einzelspiel), Johannes Hofer (Konferenz)<\/p>\n\n\n\n<hr class=\"wp-block-separator is-style-default\"\/>\n\n\n\n<p><strong>Ekstraklasa (POL), 33. Spieltag (Sportdigital Fu\u00dfball)<\/strong><\/p>\n\n\n\n<p><span style=\"text-decoration: underline;\">Samstag, <span style=\"text-decoration: underline;\">18. Mai 2024<\/span><\/span><\/p>\n\n\n\n<p><strong style=\"font-style: italic;\"><strong style=\"font-style: italic;\">Piast Gliwice <\/strong><em><strong>\u2013<\/strong><\/em> <strong style=\"font-style: italic;\"><strong style=\"font-style: italic;\">Jagiellonia Bia\u0142ystok <\/strong><\/strong><\/strong><em><strong>(20.00 Uhr)<\/strong><\/em> <br><img loading=\"lazy\" decoding=\"async\" width=\"10\" height=\"21\" class=\"wp-image-3656\" style=\"width: 10px;\" src=\"http:\/\/kommentatorenblog.de\/wp-content\/uploads\/2020\/09\/shure-55sh-ii-e1601485394796.jpg\" alt=\"\" srcset=\"https:\/\/kommentatorenblog.de\/wp-content\/uploads\/2020\/09\/shure-55sh-ii-e1601485394796.jpg 415w, https:\/\/kommentatorenblog.de\/wp-content\/uploads\/2020\/09\/shure-55sh-ii-e1601485394796-142x300.jpg 142w\" sizes=\"auto, (max-width: 10px) 100vw, 10px\" \/> Marcus Radefeld<\/p>\n\n\n\n<hr class=\"wp-block-separator is-style-default\"\/>\n\n\n\n<hr class=\"wp-block-separator is-style-default\"\/>\n\n\n\n<p><strong>Liga Profesional (ARG), 2. Spieltag (Sportdigital Fu\u00dfball)<\/strong><\/p>\n\n\n\n<p><span style=\"text-decoration: underline;\">Sonntag, <span style=\"text-decoration: underline;\">19. Mai 2024<\/span><\/span><\/p>\n\n\n\n<p><strong style=\"font-style: italic;\"><strong style=\"font-style: italic;\"><strong style=\"font-style: italic;\"><strong style=\"font-style: italic;\"><strong style=\"font-style: italic;\">CA River Plate<\/strong><\/strong><\/strong><\/strong> <em><strong>\u2013<\/strong><\/em> CA <strong style=\"font-style: italic;\"><strong style=\"font-style: italic;\">Belgrano de C\u00f3rdoba<\/strong><\/strong> <\/strong><em><strong>(01.00 Uhr)<\/strong><\/em> <br><img loading=\"lazy\" decoding=\"async\" width=\"10\" height=\"21\" class=\"wp-image-3656\" style=\"width: 10px;\" src=\"http:\/\/kommentatorenblog.de\/wp-content\/uploads\/2020\/09\/shure-55sh-ii-e1601485394796.jpg\" alt=\"\" srcset=\"https:\/\/kommentatorenblog.de\/wp-content\/uploads\/2020\/09\/shure-55sh-ii-e1601485394796.jpg 415w, https:\/\/kommentatorenblog.de\/wp-content\/uploads\/2020\/09\/shure-55sh-ii-e1601485394796-142x300.jpg 142w\" sizes=\"auto, (max-width: 10px) 100vw, 10px\" \/> Arne Malsch<\/p>\n\n\n\n<hr class=\"wp-block-separator is-style-default\"\/>\n\n\n\n<p><strong>A-League Men (AUS), Semi Final, R\u00fcckspiele (Sportdigital Fu\u00dfball)<\/strong><\/p>\n\n\n\n<p><span style=\"text-decoration: underline;\">Samstag, <span style=\"text-decoration: underline;\">18. Mai 2024<\/span><\/span><\/p>\n\n\n\n<p><strong style=\"font-style: italic;\"><strong style=\"font-style: italic;\">Wellington Phoenix<\/strong> <em><strong>\u2013<\/strong><\/em> <strong style=\"font-style: italic;\"><strong style=\"font-style: italic;\">Melbourne Victory<\/strong><\/strong> <\/strong><em><strong>(08.30 Uhr<\/strong>, Agg. 0:0<strong>)<\/strong><\/em> <br><img loading=\"lazy\" decoding=\"async\" width=\"10\" height=\"21\" class=\"wp-image-3656\" style=\"width: 10px;\" src=\"http:\/\/kommentatorenblog.de\/wp-content\/uploads\/2020\/09\/shure-55sh-ii-e1601485394796.jpg\" alt=\"\" srcset=\"https:\/\/kommentatorenblog.de\/wp-content\/uploads\/2020\/09\/shure-55sh-ii-e1601485394796.jpg 415w, https:\/\/kommentatorenblog.de\/wp-content\/uploads\/2020\/09\/shure-55sh-ii-e1601485394796-142x300.jpg 142w\" sizes=\"auto, (max-width: 10px) 100vw, 10px\" \/> Ulf Kahmke<\/p>\n\n\n\n<p><strong style=\"font-style: italic;\"><strong style=\"font-style: italic;\">Central Coast Mariners <\/strong> <em><strong>\u2013<\/strong><\/em> <strong style=\"font-style: italic;\"><strong style=\"font-style: italic;\">Sydney FC<\/strong><\/strong> <\/strong><em><strong>(11.45 Uhr<\/strong>, Agg. 2:1<strong>)<\/strong><\/em> <br><img loading=\"lazy\" decoding=\"async\" width=\"10\" height=\"21\" class=\"wp-image-3656\" style=\"width: 10px;\" src=\"http:\/\/kommentatorenblog.de\/wp-content\/uploads\/2020\/09\/shure-55sh-ii-e1601485394796.jpg\" alt=\"\" srcset=\"https:\/\/kommentatorenblog.de\/wp-content\/uploads\/2020\/09\/shure-55sh-ii-e1601485394796.jpg 415w, https:\/\/kommentatorenblog.de\/wp-content\/uploads\/2020\/09\/shure-55sh-ii-e1601485394796-142x300.jpg 142w\" sizes=\"auto, (max-width: 10px) 100vw, 10px\" \/> Jakob Vogel<\/p>\n\n\n\n<hr class=\"wp-block-separator is-style-default\"\/>\n\n\n\n<p><strong>Saudi Pro League (KSA), 32. Spieltag (Sportdigital Fu\u00dfball\/DAZN\/DF1)<\/strong><\/p>\n\n\n\n<p><span style=\"text-decoration: underline;\">Freitag, <span style=\"text-decoration: underline;\">17. Mai 2024<\/span><\/span><\/p>\n\n\n\n<p><strong style=\"font-style: italic;\"><strong style=\"font-style: italic;\">Al-Nassr FC<\/strong> <em><strong>\u2013<\/strong><\/em> Al-Hilal FC <\/strong><em><strong>(20.00 Uhr)<\/strong><\/em><\/p>\n\n\n\n<p><img loading=\"lazy\" decoding=\"async\" width=\"10\" height=\"21\" class=\"wp-image-3656\" style=\"width: 10px;\" src=\"http:\/\/kommentatorenblog.de\/wp-content\/uploads\/2020\/09\/shure-55sh-ii-e1601485394796.jpg\" alt=\"\" srcset=\"https:\/\/kommentatorenblog.de\/wp-content\/uploads\/2020\/09\/shure-55sh-ii-e1601485394796.jpg 415w, https:\/\/kommentatorenblog.de\/wp-content\/uploads\/2020\/09\/shure-55sh-ii-e1601485394796-142x300.jpg 142w\" sizes=\"auto, (max-width: 10px) 100vw, 10px\" \/> <em>Sportdigital: <\/em>Moritz Knorr<\/p>\n\n\n\n<p><img loading=\"lazy\" decoding=\"async\" width=\"10\" height=\"21\" class=\"wp-image-3656\" style=\"width: 10px;\" src=\"http:\/\/kommentatorenblog.de\/wp-content\/uploads\/2020\/09\/shure-55sh-ii-e1601485394796.jpg\" alt=\"\" srcset=\"https:\/\/kommentatorenblog.de\/wp-content\/uploads\/2020\/09\/shure-55sh-ii-e1601485394796.jpg 415w, https:\/\/kommentatorenblog.de\/wp-content\/uploads\/2020\/09\/shure-55sh-ii-e1601485394796-142x300.jpg 142w\" sizes=\"auto, (max-width: 10px) 100vw, 10px\" \/> <em>DAZN\/DF1: <\/em>Michael Seyberth<\/p>\n\n\n\n<hr class=\"wp-block-separator is-style-default\"\/>\n\n\n\n<p><strong>Die Analyse<\/strong><\/p>\n\n\n\n<p>Am letzten Spieltag werden wie gewohnt alle Spiele zeitgleich angepfiffen. Dieses Jahr geht es zwar anders als letztes Jahr nicht mehr in jedem Spiel um etwas &#8211; mit Blick auf den Abstiegskampf und den Kampf um Europa steht doch einiges auf dem Programm. Sky \u00fcbertr\u00e4gt alle neune und meldet sich ab 13.30 Uhr aus dem Studio. Mit Britta Hofmann, Didi Hamann und Erik Meijer \u00fcbernimmt die \u00fcbliche Crew. <\/p>\n\n\n\n<p>Mit Blick auf die Einzelspiele starten wir in Leverkusen &#8211; Ehre, wem Ehre geb\u00fchrt. Sebastian Hellmann und Lothar Matth\u00e4us melden sich wie schon vor zwei Jahren am letzten Spieltag aus der Bay-Arena. Damals zum Rudi V\u00f6ller Abschied und dieses Mal zur Meisterzeremonie. F\u00fcr den Gast aus Augsburg gibt es zudem noch theoretische Chancen aufs internationale Gesch\u00e4ft &#8211; daf\u00fcr m\u00fcssten sie allerdings Leverkusens 50-Spiele-Serie brechen. Kommentiert wird die Meisterfeier von Martin Gro\u00df. <\/p>\n\n\n\n<p>Nun aber zum Abstiegskampf: <\/p>\n\n\n\n<p>Der 1. FC K\u00f6ln ist zu Gast in Heidenheim (die ebenfalls noch Chancen auf Europa haben) und braucht nach dem Irrsinn der letzten Woche fast schon das n\u00e4chste Wunder, um sich zumindest in die Relegation zu retten. Ein Sieg und eine gleichzeitige Niederlage von Union wird ben\u00f6tigt &#8211; dazu muss auch in Sachen Tordifferenz ein bisschen was aufgeholt werden. Wolff Fuss meldet sich erstmals als Kommentator aus der Voith-Arena und verfolgt das Schicksalsspiel der K\u00f6lner &#8211; vor zwei Wochen war er ja bereits beim Glanzparadentrip in Heidenheim. Apropos Glanzparade: Mit Thomas Wagner ist ein weiteres Ensemblemitglied in Heidenheim und geht auf Stimmenfang. Union Berlin muss wie bereits erl\u00e4utert sowohl nach hinten schauen, k\u00f6nnte allerdings mit einem eigenen Sieg noch direkt die Klasse halten. Zu Gast in K\u00f6penick ist der SC Freiburg beim letzten Spiel von Streich, der wiederum mit einem Remis Platz acht (reicht f\u00fcr die Conference League im Falle eines Leverkusener Pokalsiegs) sicher haben und auch noch Chancen auf Platz sieben haben. Michael Leopold f\u00fchrt die Interviews und Kai Dittmann kommentiert zum zweiten Mal in dieser Spielzeit aus der alten F\u00f6rsterei. Mainz 05 hat unter Bo Henriksen eine irre Serie hingelegt und hat den Klassenerhalt dank der Tordifferenz mit einem Remis in Wolfsburg sicher (Union wird nicht mit 12 Toren gewinnen) &#8211; f\u00fcr die W\u00f6lfe geht es &#8222;nur noch&#8220; um einen einstelligen Tabellenplatz. Stefan Hempel ist wie gewohnt am letzten Spieltag mal wieder in der Bundesliga im Einsatz, da es abends kein Zweitligatopspiel gibt und geht auf Stimmenfang, w\u00e4hrend Oliver Seidler die 90 Minuten kommentiert. Auch dem VfL Bochum reicht ein Punkt in Bremen, um den direkten Klassenerhalt aus eigener Kraft zu schaffen. Auch hier sei allerdings zu beachten, dass auch die Bremer mit einem Sieg noch Platz acht erobern k\u00f6nnten. Mit Torsten Kunde und Jens Westen meldet sich die Nord-Crew von der Weser. <\/p>\n\n\n\n<p>Zwischen Frankfurt und Hoffenheim geht es um die theoretische Chance um die Champions League, da der sechste Tabellenplatz einen Champions League Platz bringt, wenn Dortmund als Tabellenf\u00fcnfter (was bereits klar ist) die Champions League gewinnt (was sich dann in knapp zwei Wochen entscheidet). Die Frankfurter haben dabei alles in der eigenen Hand &#8211; ihnen reicht ein Punkt gegen Leipzig. Klaus Veltman als Kommentator \u00fcberrascht dabei weniger in Hessen &#8211; Karsten Petrzika wiederum hat mich im ersten Moment regional gesehen ein wenig \u00fcberrascht. Die Hoffenheimer wiederum haben die Bayern zu Gast und brauchen einen Sieg um erstens die Chance auf Platz sechs zu wahren und zweitens den siebten Platz zu sichern. Patrick Wasserziehr geht auf Stimmenfang &#8211; m\u00f6glicherweise l\u00f6st Thomas Tuchel ja seine Wettschulden ein (falls nicht schon Off-Cam passiert). Kommentator der Partie ist Roland Evers &#8211; nicht zum ersten Mal bei den Bayern am letzten Spieltag. <\/p>\n\n\n\n<p>Zwei Spiele fehlen noch: Die Stuttgarter empfangen Borussia M\u00f6nchengladbach und k\u00f6nnten bei einem Sieg und gleichzeitiger Niederlage der Bayern die Vizemeisterschaft holen. Nele Schenker f\u00fchrt dabei die Interviews und Toni Tomic begleitet die 90 Minuten. Bei Dortmund gegen Darmstadt kommt mal wieder die goldene Ananas ins Spiel &#8211; Max Zielke und Marcus Lindemann sind im Signal Iduna Park beim letzten Heimspiel von Marco Reus. <\/p>\n\n\n\n<p>Fehlt noch das sch\u00f6nste Event des Jahres &#8211; die Neunerkonferenz: Der gro\u00dfe Fokus liegt nat\u00fcrlich auf dem Abstiegskampf. Frank Buschmann k\u00fcmmert sich dabei wie in der Vorwoche um die K\u00f6lner, Jonas Friedrich schaut auf die Berliner beim letzten Spiel von Streich und Schmiso &amp; Hansi K\u00fcpper auf die Mainzer in Wolfsburg bzw. die Bochumer in Bremen, die ja wie gesagt jeweils nur noch einen Punkt brauchen. Beim Kampf um die Champions League-Chance sind die Protagonisten Markus Gaupp (Frankfurt-Leipzig) und Markus G\u00f6tz (Hoffenheim-Bayern). Ansonsten begleitet Marcel Meinert die Partie in Dortmund und Jogi Hebel k\u00fcmmert sich wie in der Vorsaison in der Neunerkonferenz um die Gladbacher. Komplettiert wird das Nonett von Hannes Herrmann beim letzten Spiel der Leverkusener in der Bundesliga.<\/p>\n\n\n\n<p><strong>Wer holt sich die Felge?<\/strong><\/p>\n\n\n\n<p>Zur selben Ansto\u00dfzeit gibt es dann in Liga zwei das gleiche Prozedere in der 2.Bundesliga. Sky meldet sich ab 14.30Uhr mit einer Stunde Vorlauf aus dem Studio mit Yannick Erkenbrecher und Torsten Mattuschka. <\/p>\n\n\n\n<p>Wirklich relevant sind dann nur noch drei Spiele &#8211; zwischen St.Pauli und Kiel (Gratulation zum Aufstieg) geht es im Fernduell um die Felge und zwischen Wiesbaden und Rostock gegen den Abstieg bzw. um die Relegation. Besonders brisant ist es dabei in Wiesbaden, da hier Pauli zu Gast sein wird. Aus Wiesbaden meldet sich Max Zielke als Field-Reporter, w\u00e4hrend Hannes Herrmann die 90 Minuten kommentiert. Holstein Kiel wiederum gastiert in Hannover beim letzten Zweitligaspiel f\u00fcr mindestens ein Jahr. Hartmut von Kameke geht auf Stimmenfang, w\u00e4hrend Marcus Lindemann &#8211; auch kein h\u00e4ufiger Gast im Unterhaus &#8211; die 90 Minuten kommentiert. Fehlt noch die Partie von Hansa Rostock gegen den SC Paderborn &#8211; die &#8222;Kogge&#8220; braucht f\u00fcr die Relegation einen eigenen Sieg und eine gleichzeitige Niederlage von Wiesbaden. Stefan Hempel reist aus Wolfsburg an und f\u00fchrt die Interviews, w\u00e4hrend Martin Gro\u00df dann die Partie kommentiert. <\/p>\n\n\n\n<p>Neben diesen drei Partien werden zudem noch zwei weitere Spiele aus dem Stadion kommentiert. Bei der Relegations-Generalprobe empf\u00e4ngt dabei D\u00fcsseldorf den 1.FC Magdeburg und beim HSV ist der 1.FC N\u00fcrnberg zu Gast. Torsten Kunde bzw. Oliver Seidler melden sich aus dem Volkspark bzw. aus der Merkur Spiel-Arena. Die weiteren vier Spiele werden alle aus M\u00fcnchen kommentiert, zumindest gibt es aber \u00fcberall Field-Reporter.<\/p>\n\n\n\n<p>In der Konferenz ist &#8211; fast schon eine Tradition in dieser Rechteperiode &#8211; Wolff Fuss mit dabei, er schaut dabei auf Wiesbaden und Pauli. Bei den weiteren relevanten Spielen \u00fcbernehmen Jonas Friedrich (Hannover-Kiel) und Hansi K\u00fcpper (Rostock-Paderborn). F\u00fcr Markus G\u00f6tz &amp; Marcel Meinert gibt es die Konferenz-Doppelschicht und Veltman, Schmitz, Schr\u00f6ter und Stra\u00dfburger komplettieren.<\/p>\n\n\n\n<p><strong>Fernduell um den Aufstieg in Liga drei<\/strong><\/p>\n\n\n\n<p>In der 3.Liga liegt der volle Fokus auf dem Fernduell um den Aufstieg zwischen M\u00fcnster und Regensburg. Dabei haben die Preu\u00dfen beim Heimspiel gegen Unterhaching alles in der eigenen Hand. Christian Stra\u00dfburger begleitet die Partie, die \u00fcbrigens auch im WDR zu sehen sein wird. Der Jahn wiederum empf\u00e4ngt die Saarbr\u00fccker, die ja lange selbst noch vom Aufstieg getr\u00e4umt haben &#8211; nun geht es f\u00fcr die Saarl\u00e4nder &#8222;nur&#8220; noch um Platz vier, der ja einen Startplatz f\u00fcr den DFB Pokal bedeutet. Julian Engelhard (Magenta Sport) bzw. Flo Eckl (BR) kommentieren.<\/p>\n\n\n\n<p>In der Frauen Bundesliga geht es am Pfingstmontag nur noch um Tabellenpl\u00e4tze. Sowohl DAZN als auch Magenta Sport bieten dabei eine Konferenz an und die Partie der Pokalsiegerinnen aus Wolfsburg l\u00e4uft zudem im FreeTV bei Sport1.<\/p>\n\n\n\n<p>In der Premier League ist vor dem letzten Spieltag die Meisterfrage noch offen, doch der Fokus liegt bei Sky auf dem letzten Spiel von J\u00fcrgen Klopp. Ab 16Uhr melden sich Sebastian Hellmann und Mladen Petric aus dem Studio, w\u00e4hrend sich Florian Schmidt-Sommerfeld, Thomas Hitzlsperger und Raphael Honigstein aus Anfield melden. Schmiso und Hitzlsperger werden dabei auch die 90 Minuten kommentieren. Die Meisterschaft entscheidet sich zwischen ManCity und Arsenal. Durch die Meisterkonferenz f\u00fchrt Toni Tomic, w\u00e4hrend Uli Hebel (City) und Jogi Hebel (Arsenal) die Einzelspiele \u00fcbertragen. <\/p>\n\n\n\n<p>Nun lassen wir die Spiele beginnen, am Montag meldet sich dann Tim u.a. mit dem Europa League Finale. Bis dahin, habt ein sch\u00f6nes Pfingstwochenende!<\/p>\n","protected":false},"excerpt":{"rendered":"<p>an den beiden vergangenen Dienstagen ver\u00f6ffentlichten RTL und MagentaTV ihre Teams und Konzepte f\u00fcr die EM 2024. Dabei war ich (Nico) vergangenen Dienstag bei einer gemeinsamen Pressekonferenz der beiden Sender dabei und gebe euch wie gewohnt eine Zusammenfassung \u00fcber die Teams und auch \u00fcber weitere Inhalte aus der PK. MagentaTV MagentaTV \u00fcbertr\u00e4gt wie bereits bei [&hellip;]<\/p>\n","protected":false},"author":16,"featured_media":0,"comment_status":"open","ping_status":"open","sticky":false,"template":"","format":"standard","meta":{"footnotes":""},"categories":[424],"tags":[],"class_list":["post-17816","post","type-post","status-publish","format-standard","hentry","category-bundesliga-und-co"],"_links":{"self":[{"href":"https:\/\/kommentatorenblog.de\/index.php?rest_route=\/wp\/v2\/posts\/17816","targetHints":{"allow":["GET"]}}],"collection":[{"href":"https:\/\/kommentatorenblog.de\/index.php?rest_route=\/wp\/v2\/posts"}],"about":[{"href":"https:\/\/kommentatorenblog.de\/index.php?rest_route=\/wp\/v2\/types\/post"}],"author":[{"embeddable":true,"href":"https:\/\/kommentatorenblog.de\/index.php?rest_route=\/wp\/v2\/users\/16"}],"replies":[{"embeddable":true,"href":"https:\/\/kommentatorenblog.de\/index.php?rest_route=%2Fwp%2Fv2%2Fcomments&post=17816"}],"version-history":[{"count":36,"href":"https:\/\/kommentatorenblog.de\/index.php?rest_route=\/wp\/v2\/posts\/17816\/revisions"}],"predecessor-version":[{"id":17932,"href":"https:\/\/kommentatorenblog.de\/index.php?rest_route=\/wp\/v2\/posts\/17816\/revisions\/17932"}],"wp:attachment":[{"href":"https:\/\/kommentatorenblog.de\/index.php?rest_route=%2Fwp%2Fv2%2Fmedia&parent=17816"}],"wp:term":[{"taxonomy":"category","embeddable":true,"href":"https:\/\/kommentatorenblog.de\/index.php?rest_route=%2Fwp%2Fv2%2Fcategories&post=17816"},{"taxonomy":"post_tag","embeddable":true,"href":"https:\/\/kommentatorenblog.de\/index.php?rest_route=%2Fwp%2Fv2%2Ftags&post=17816"}],"curies":[{"name":"wp","href":"https:\/\/api.w.org\/{rel}","templated":true}]}}