{"id":17926,"date":"2024-05-21T12:45:46","date_gmt":"2024-05-21T11:45:46","guid":{"rendered":"http:\/\/kommentatorenblog.de\/?p=17926"},"modified":"2024-05-25T18:32:49","modified_gmt":"2024-05-25T17:32:49","slug":"1426-endspurt","status":"publish","type":"post","link":"https:\/\/kommentatorenblog.de\/?p=17926","title":{"rendered":"1426 \u2013 Endspurt"},"content":{"rendered":"\n<p><strong>N&#8217;Abend allerseits!<\/strong><\/p>\n\n\n\n<p>Die Saison neigt sich so langsam aber sicher dem Ende zu. Auf uns wartet noch das EL- und ECL-Finale, nat\u00fcrlich Dortmund gegen Real und auch der FCK kann als zweiter Zweitligist nach Hannover 96 den DFB-Pokal gewinnen. All das erwartet uns in den n\u00e4chsten Wochen, bevor sich der Blick dann schon wieder auf das n\u00e4chste Gro\u00dfereignis richtet, die EM steht vor der T\u00fcr, dass Personal haben wir bereits vorgestellt. <\/p>\n\n\n\n<p>Aber der Gro\u00dfteil der Spiele ist durch und damit wird es auch bei den \u00fcbertragenden Sendern etwas ruhiger. Mein Fazit zur Saison 23\/24: Sky wie gewohnt mit stabilen und gut produzierten \u00dcbertragungen. Lediglich beim Topspiel w\u00fcrde ich mir als Zuschauer etwas mehr Abwechslung, vor allem auf der Kommentatorenposition, w\u00fcnschen. Die Berichterstattung in Liga 2 wurde aus meiner Sicht stark verbessert. Die Moderation aus dem Stadion sowie Field-Reporter an allen Schaupl\u00e4tzen werten die \u00dcbertragungen auf. Trotzdem fehlt mir die original-Konferenz in Liga 2 und es gibt einfach keine Alternative, die kosteng\u00fcnstiger ist und nur ann\u00e4hernd an das Konferenzfeeling herankommt. , auch das <\/p>\n\n\n\n<p>DAZN: Das alte Problem, es wird hier jede Woche diskutiert aber es ist einfach Fakt, zu viele Spiele der Bundesliga kommen aus der Box. Mich pers\u00f6nlich \u00fcberzeugt das starke Konzept mit den Co-Kommentatoren nach wie vor. Allerdings finde ich die massive Crosspromo f\u00fcr andere DAZN-Inhalte sehr st\u00f6rend. Ist nat\u00fcrlich eine h\u00f6chst subjektive Meinung. <\/p>\n\n\n\n<p>Ansonsten habe ich in dieser Saison keine Zeit gefunden, andere Ligen oder Sport\u00fcbertragungen zu verfolgen. Was war denn euer sportliches Highlight in dieser Saison? Schreibt es gern mal in die Kommentare, w\u00fcrde mich interessieren. <\/p>\n\n\n\n<p>Und jetzt rein in <\/p>\n\n\n\n<p><em><strong>Die Ansetzungen vom 21. Mai 2024 bis zum 23. Mai 2024 <\/strong><\/em><\/p>\n\n\n\n<hr class=\"wp-block-separator\"\/>\n\n\n\n<p><strong>Europa League Finale (RTL\/RTL+)<\/strong><\/p>\n\n\n\n<p><span style=\"text-decoration: underline;\">Mittwoch, 22. Mai 2024 ab 20.15 Uhr<\/span><\/p>\n\n\n\n<p><em><strong>Atalanta Bergamo \u2013 Bayer 04 Leverkusen (21.00 Uhr)<\/strong><\/em><br>RTL: <img loading=\"lazy\" decoding=\"async\" width=\"10\" height=\"21\" class=\"wp-image-3656\" style=\"width: 10px;\" src=\"http:\/\/kommentatorenblog.de\/wp-content\/uploads\/2020\/09\/shure-55sh-ii-e1601485394796.jpg\" alt=\"\" srcset=\"https:\/\/kommentatorenblog.de\/wp-content\/uploads\/2020\/09\/shure-55sh-ii-e1601485394796.jpg 415w, https:\/\/kommentatorenblog.de\/wp-content\/uploads\/2020\/09\/shure-55sh-ii-e1601485394796-142x300.jpg 142w\" sizes=\"auto, (max-width: 10px) 100vw, 10px\" \/> Marco Hagemann; Steffen Freund <br>Moderation (RTL): Laura Papendick; Experte: Lothar Matth\u00e4us <\/p>\n\n\n\n<p>RTL+: <img loading=\"lazy\" decoding=\"async\" width=\"10\" height=\"21\" class=\"wp-image-3656\" style=\"width: 10px;\" src=\"http:\/\/kommentatorenblog.de\/wp-content\/uploads\/2020\/09\/shure-55sh-ii-e1601485394796.jpg\" alt=\"\" srcset=\"https:\/\/kommentatorenblog.de\/wp-content\/uploads\/2020\/09\/shure-55sh-ii-e1601485394796.jpg 415w, https:\/\/kommentatorenblog.de\/wp-content\/uploads\/2020\/09\/shure-55sh-ii-e1601485394796-142x300.jpg 142w\" sizes=\"auto, (max-width: 10px) 100vw, 10px\" \/> Robby Hunke; Patrick Helmes <br>Moderation (RTL+): Anna Kraft; Experte: Felix Kroos<\/p>\n\n\n\n<p>Field-Reporter: Felix G\u00f6rner und Christoph K\u00fcppers<\/p>\n\n\n\n<hr class=\"wp-block-separator\"\/>\n\n\n\n<p><strong>Bundesliga Relegation, Hinspiel (SAT.1\/Sky)<\/strong><\/p>\n\n\n\n<p><span style=\"text-decoration: underline;\">Donnerstag, 23. Mai 2024 ab 19.50 Uhr(Sat1), bzw. ab 20.00 (Sky)<\/span><\/p>\n\n\n\n<p><strong><em>VfL Bochum \u2013 Fortuna D\u00fcsseldorf (20.30 Uhr)<\/em><\/strong><br>Sat.1: <img loading=\"lazy\" decoding=\"async\" width=\"10\" height=\"21\" class=\"wp-image-3656\" style=\"width: 10px;\" src=\"http:\/\/kommentatorenblog.de\/wp-content\/uploads\/2020\/09\/shure-55sh-ii-e1601485394796.jpg\" alt=\"\" srcset=\"https:\/\/kommentatorenblog.de\/wp-content\/uploads\/2020\/09\/shure-55sh-ii-e1601485394796.jpg 415w, https:\/\/kommentatorenblog.de\/wp-content\/uploads\/2020\/09\/shure-55sh-ii-e1601485394796-142x300.jpg 142w\" sizes=\"auto, (max-width: 10px) 100vw, 10px\" \/> Wolff Fuss, Field-Reporterin: Andrea Kaiser<br>Moderation (Sat.1): Matthias Opdenh\u00f6vel, Experte: Stefan Kuntz<\/p>\n\n\n\n<p>Sky: <img loading=\"lazy\" decoding=\"async\" width=\"10\" height=\"21\" class=\"wp-image-3656\" style=\"width: 10px;\" src=\"http:\/\/kommentatorenblog.de\/wp-content\/uploads\/2020\/09\/shure-55sh-ii-e1601485394796.jpg\" alt=\"\" srcset=\"https:\/\/kommentatorenblog.de\/wp-content\/uploads\/2020\/09\/shure-55sh-ii-e1601485394796.jpg 415w, https:\/\/kommentatorenblog.de\/wp-content\/uploads\/2020\/09\/shure-55sh-ii-e1601485394796-142x300.jpg 142w\" sizes=\"auto, (max-width: 10px) 100vw, 10px\" \/> Oliver Seidler, Field-Reporter: Yannick Erkenbrecher<br>Moderation (Sky): Britta Hofmann<\/p>\n\n\n\n<p><strong>Testspiele (Sky)<\/strong><\/p>\n\n\n\n<p><span style=\"text-decoration: underline;\">Dienstag, 21. Mai 2024 ab 17.55 Uhr<\/span><\/p>\n\n\n\n<p><em><strong>FC Alsbach \u2013 Eintracht Frankfurt (18.00 Uhr)<\/strong><\/em><br><img loading=\"lazy\" decoding=\"async\" width=\"10\" height=\"21\" class=\"wp-image-3656\" style=\"width: 10px;\" src=\"http:\/\/kommentatorenblog.de\/wp-content\/uploads\/2020\/09\/shure-55sh-ii-e1601485394796.jpg\" alt=\"\" srcset=\"https:\/\/kommentatorenblog.de\/wp-content\/uploads\/2020\/09\/shure-55sh-ii-e1601485394796.jpg 415w, https:\/\/kommentatorenblog.de\/wp-content\/uploads\/2020\/09\/shure-55sh-ii-e1601485394796-142x300.jpg 142w\" sizes=\"auto, (max-width: 10px) 100vw, 10px\" \/>tba <\/p>\n\n\n\n<p><span style=\"text-decoration: underline;\">Mittwoch, 22. Mai 2024 ab 17.55 Uhr<\/span><\/p>\n\n\n\n<p><em><strong>VfL Germania 1894 \u2013 Eintracht Frankfurt (18.00 Uhr)<\/strong><\/em><br><img loading=\"lazy\" decoding=\"async\" width=\"10\" height=\"21\" class=\"wp-image-3656\" style=\"width: 10px;\" src=\"http:\/\/kommentatorenblog.de\/wp-content\/uploads\/2020\/09\/shure-55sh-ii-e1601485394796.jpg\" alt=\"\" srcset=\"https:\/\/kommentatorenblog.de\/wp-content\/uploads\/2020\/09\/shure-55sh-ii-e1601485394796.jpg 415w, https:\/\/kommentatorenblog.de\/wp-content\/uploads\/2020\/09\/shure-55sh-ii-e1601485394796-142x300.jpg 142w\" sizes=\"auto, (max-width: 10px) 100vw, 10px\" \/>tba <\/p>\n\n\n\n<p><strong>Eredivisie, Europa-Playoffs, Halbfinale (Sportdigital FUSSBALL)<\/strong><\/p>\n\n\n\n<p><span style=\"text-decoration: underline;\">Donnerstag, 23. Mai 2024<\/span><\/p>\n\n\n\n<p><em><span><b>NEC Nijmegen \u2013 Go Ahead E<\/b><\/span><strong>agles (18.45 Uhr)<\/strong><\/em><br><img loading=\"lazy\" decoding=\"async\" width=\"10\" height=\"21\" class=\"wp-image-3656\" style=\"width: 10px;\" src=\"http:\/\/kommentatorenblog.de\/wp-content\/uploads\/2020\/09\/shure-55sh-ii-e1601485394796.jpg\" alt=\"\" srcset=\"https:\/\/kommentatorenblog.de\/wp-content\/uploads\/2020\/09\/shure-55sh-ii-e1601485394796.jpg 415w, https:\/\/kommentatorenblog.de\/wp-content\/uploads\/2020\/09\/shure-55sh-ii-e1601485394796-142x300.jpg 142w\" sizes=\"auto, (max-width: 10px) 100vw, 10px\" \/> Jonathan Dreier<\/p>\n\n\n\n<p><em><strong>FC Utrecht \u2013 Sparta Rotterdam (21.00 Uhr)<\/strong><\/em><br><img loading=\"lazy\" decoding=\"async\" width=\"10\" height=\"21\" class=\"wp-image-3656\" style=\"width: 10px;\" src=\"http:\/\/kommentatorenblog.de\/wp-content\/uploads\/2020\/09\/shure-55sh-ii-e1601485394796.jpg\" alt=\"\" srcset=\"https:\/\/kommentatorenblog.de\/wp-content\/uploads\/2020\/09\/shure-55sh-ii-e1601485394796.jpg 415w, https:\/\/kommentatorenblog.de\/wp-content\/uploads\/2020\/09\/shure-55sh-ii-e1601485394796-142x300.jpg 142w\" sizes=\"auto, (max-width: 10px) 100vw, 10px\" \/> Martin Hahn<br><\/p>\n\n\n\n<p><strong>Saudi Pro League, 33. Spieltag (DAZN\/DF1)<\/strong><\/p>\n\n\n\n<p><span style=\"text-decoration: underline;\">Donnerstag, 23. Mai 2024 <\/span><\/p>\n\n\n\n<p><em><strong>Al-Hilal \u2013 Al-Tai (20.00 Uhr)<\/strong><\/em><br><img loading=\"lazy\" decoding=\"async\" width=\"10\" height=\"21\" class=\"wp-image-3656\" style=\"width: 10px;\" src=\"http:\/\/kommentatorenblog.de\/wp-content\/uploads\/2020\/09\/shure-55sh-ii-e1601485394796.jpg\" alt=\"\" srcset=\"https:\/\/kommentatorenblog.de\/wp-content\/uploads\/2020\/09\/shure-55sh-ii-e1601485394796.jpg 415w, https:\/\/kommentatorenblog.de\/wp-content\/uploads\/2020\/09\/shure-55sh-ii-e1601485394796-142x300.jpg 142w\" sizes=\"auto, (max-width: 10px) 100vw, 10px\" \/> Michael Seyberth <br><\/p>\n\n\n\n<p><strong><em>Die Analyse: <\/em><\/strong><\/p>\n\n\n\n<p>Sieht jetzt noch ziemlich mager aus, da noch nicht alle Infos feststehen bzw. kommuniziert sind. Erwartbares Personal beim Finale in Dublin. Mehr folgt in K\u00fcrze! <\/p>\n","protected":false},"excerpt":{"rendered":"<p>N&#8217;Abend allerseits! Die Saison neigt sich so langsam aber sicher dem Ende zu. Auf uns wartet noch das EL- und ECL-Finale, nat\u00fcrlich Dortmund gegen Real und auch der FCK kann als zweiter Zweitligist nach Hannover 96 den DFB-Pokal gewinnen. All das erwartet uns in den n\u00e4chsten Wochen, bevor sich der Blick dann schon wieder auf [&hellip;]<\/p>\n","protected":false},"author":13,"featured_media":0,"comment_status":"open","ping_status":"open","sticky":false,"template":"","format":"standard","meta":{"footnotes":""},"categories":[425,429],"tags":[517,13,42,695,75,31,43,634,162,138,656,306,22,151,107],"class_list":["post-17926","post","type-post","status-publish","format-standard","hentry","category-champions-league-und-co","category-diverses","tag-anna-kraft","tag-dazn","tag-europa-league","tag-felix-kroos","tag-laura-papendick","tag-lothar-matthaeus","tag-marco-hagemann","tag-michael-seyberth","tag-robby-hunke","tag-rtl","tag-rtl-2","tag-sat-1","tag-sky","tag-steffen-freund","tag-wolff-fuss"],"_links":{"self":[{"href":"https:\/\/kommentatorenblog.de\/index.php?rest_route=\/wp\/v2\/posts\/17926","targetHints":{"allow":["GET"]}}],"collection":[{"href":"https:\/\/kommentatorenblog.de\/index.php?rest_route=\/wp\/v2\/posts"}],"about":[{"href":"https:\/\/kommentatorenblog.de\/index.php?rest_route=\/wp\/v2\/types\/post"}],"author":[{"embeddable":true,"href":"https:\/\/kommentatorenblog.de\/index.php?rest_route=\/wp\/v2\/users\/13"}],"replies":[{"embeddable":true,"href":"https:\/\/kommentatorenblog.de\/index.php?rest_route=%2Fwp%2Fv2%2Fcomments&post=17926"}],"version-history":[{"count":12,"href":"https:\/\/kommentatorenblog.de\/index.php?rest_route=\/wp\/v2\/posts\/17926\/revisions"}],"predecessor-version":[{"id":18002,"href":"https:\/\/kommentatorenblog.de\/index.php?rest_route=\/wp\/v2\/posts\/17926\/revisions\/18002"}],"wp:attachment":[{"href":"https:\/\/kommentatorenblog.de\/index.php?rest_route=%2Fwp%2Fv2%2Fmedia&parent=17926"}],"wp:term":[{"taxonomy":"category","embeddable":true,"href":"https:\/\/kommentatorenblog.de\/index.php?rest_route=%2Fwp%2Fv2%2Fcategories&post=17926"},{"taxonomy":"post_tag","embeddable":true,"href":"https:\/\/kommentatorenblog.de\/index.php?rest_route=%2Fwp%2Fv2%2Ftags&post=17926"}],"curies":[{"name":"wp","href":"https:\/\/api.w.org\/{rel}","templated":true}]}}