{"id":18025,"date":"2024-06-10T16:13:52","date_gmt":"2024-06-10T15:13:52","guid":{"rendered":"https:\/\/kommentatorenblog.de\/?p=18025"},"modified":"2024-06-16T01:31:18","modified_gmt":"2024-06-16T00:31:18","slug":"1431-euro-2024-die-tv-teams","status":"publish","type":"post","link":"https:\/\/kommentatorenblog.de\/?p=18025","title":{"rendered":"1431 &#8211; Euro 2024 &#8211; die TV- Teams"},"content":{"rendered":"\n<p>N&#8217;Abend allerseits,<br>die EM im eigenen Land steht unmittelbar bevor, und deshalb geben wir euch hier nochmal einen Blick, wer bei welchem Sender zum Einsatz kommen wird:<\/p>\n\n\n\n<p><strong>Das Personal der Europameisterschaft 2024<\/strong><\/p>\n\n\n\n<p class=\"has-vivid-cyan-blue-background-color has-background\"><strong>ARD &#8211; Team<\/strong>                                                                                    <strong><em>Sportschau live<\/em><\/strong><\/p>\n\n\n\n<figure class=\"wp-block-image size-full\"><img loading=\"lazy\" decoding=\"async\" width=\"960\" height=\"534\" src=\"https:\/\/kommentatorenblog.de\/wp-content\/uploads\/2024\/04\/image.png\" alt=\"\" class=\"wp-image-17537\" srcset=\"https:\/\/kommentatorenblog.de\/wp-content\/uploads\/2024\/04\/image.png 960w, https:\/\/kommentatorenblog.de\/wp-content\/uploads\/2024\/04\/image-300x167.png 300w, https:\/\/kommentatorenblog.de\/wp-content\/uploads\/2024\/04\/image-768x427.png 768w\" sizes=\"auto, (max-width: 960px) 100vw, 960px\" \/><figcaption>Das Moderations- und Expertenteam der ARD f\u00fcr die EM 2024. \u00a9 WDR\/Annika Fu\u00dfwinkel\/Sebastian Arlt<\/figcaption><\/figure>\n\n\n\n<p class=\"has-vivid-cyan-blue-color has-text-color\"><strong>ARD &#8211; TV<\/strong><\/p>\n\n\n\n<p class=\"has-black-color has-text-color\"><em>Moderation:&nbsp;<\/em>Alexander Bommes &amp; Esther Sedlaczek<br><em>Experten- Team: <\/em>Bastian Schweinsteiger, Almuth Schult, Thomas Broich &amp; Thomas Hitzlsperger<br><em>Schiedsrichter- Experte<\/em>n- <em>Team<\/em>: Lutz Wagner und Bibiana Steinhaus- Webb<br><em>Kommentator\/in:&nbsp;<\/em>Tom Bartels, Christina Graf und Gerd Gottlob<br><em>DFB- Quartier:<\/em>&nbsp;Lea Wagner<br><em>Field- Reporter\/in:<\/em> Julia Scharf, Janna Betten, Ben Wozny, Claus Lufen &amp; Lea Wagner<br><em>EM- Kneipenquiz:<\/em> Stephanie M\u00fcller- Spirra, Malte V\u00f6lz, Arnd Zeigler<br><em>Reporter\/in unterwegs<\/em>: Lisa Tellers, Anna Kl\u00e4r &amp; Uri Zahavi<\/p>\n\n\n\n<p class=\"has-vivid-cyan-blue-color has-text-color\"><strong>ARD- H\u00f6rfunk (Radiowellen\/Netcast)<\/strong><\/p>\n\n\n\n<p><em>Moderation (Netcast):\u00a0<\/em>Anne Hilt, Julia Kleine &amp; Constantin Kleine<br><em>Kommentator\/in:\u00a0<\/em>Michael Augustin, Stephanie Bazcyk, Holger Dahl, Martina Knief, Armin Lehmann, Jens J\u00f6rg Rieck, Andre Siems, Jan Wochner u.v.m.<br><em>DFB- Quartier:<\/em>\u00a0Julia B\u00fcchler; Anne van Eickels &amp; Martin Roschitz (Reporter\/in)<br><em>EM- Podcast<\/em>: Tobias Sch\u00e4fer, Jens Walbrodt &amp; Anne Hilt<\/p>\n\n\n\n<p class=\"has-luminous-vivid-orange-background-color has-background\"><strong>ZDF &#8211; Team<\/strong>                                                                                    <strong><em>sportstudio live<\/em><\/strong><\/p>\n\n\n\n<figure class=\"wp-block-gallery has-nested-images columns-default is-cropped wp-block-gallery-1 is-layout-flex wp-block-gallery-is-layout-flex\">\n<figure class=\"wp-block-image size-large\"><img loading=\"lazy\" decoding=\"async\" width=\"1920\" height=\"1281\" data-id=\"17565\" src=\"http:\/\/kommentatorenblog.de\/wp-content\/uploads\/2024\/04\/89752-1-13.jpg\" alt=\"\" class=\"wp-image-17565\" srcset=\"https:\/\/kommentatorenblog.de\/wp-content\/uploads\/2024\/04\/89752-1-13.jpg 1920w, https:\/\/kommentatorenblog.de\/wp-content\/uploads\/2024\/04\/89752-1-13-300x200.jpg 300w, https:\/\/kommentatorenblog.de\/wp-content\/uploads\/2024\/04\/89752-1-13-1024x683.jpg 1024w, https:\/\/kommentatorenblog.de\/wp-content\/uploads\/2024\/04\/89752-1-13-768x512.jpg 768w, https:\/\/kommentatorenblog.de\/wp-content\/uploads\/2024\/04\/89752-1-13-1536x1025.jpg 1536w, https:\/\/kommentatorenblog.de\/wp-content\/uploads\/2024\/04\/89752-1-13-272x182.jpg 272w\" sizes=\"auto, (max-width: 1920px) 100vw, 1920px\" \/><figcaption>Oliver Schmidt \u00a9 ZDF\/NOI CREW<\/figcaption><\/figure>\n\n\n\n<figure class=\"wp-block-image size-large\"><img loading=\"lazy\" decoding=\"async\" width=\"1920\" height=\"1281\" data-id=\"17564\" src=\"http:\/\/kommentatorenblog.de\/wp-content\/uploads\/2024\/04\/89752-1-8.jpg\" alt=\"\" class=\"wp-image-17564\" srcset=\"https:\/\/kommentatorenblog.de\/wp-content\/uploads\/2024\/04\/89752-1-8.jpg 1920w, https:\/\/kommentatorenblog.de\/wp-content\/uploads\/2024\/04\/89752-1-8-300x200.jpg 300w, https:\/\/kommentatorenblog.de\/wp-content\/uploads\/2024\/04\/89752-1-8-1024x683.jpg 1024w, https:\/\/kommentatorenblog.de\/wp-content\/uploads\/2024\/04\/89752-1-8-768x512.jpg 768w, https:\/\/kommentatorenblog.de\/wp-content\/uploads\/2024\/04\/89752-1-8-1536x1025.jpg 1536w, https:\/\/kommentatorenblog.de\/wp-content\/uploads\/2024\/04\/89752-1-8-272x182.jpg 272w\" sizes=\"auto, (max-width: 1920px) 100vw, 1920px\" \/><figcaption>Claudia Neumann \u00a9 ZDF\/NOI CREW<\/figcaption><\/figure>\n\n\n\n<figure class=\"wp-block-image size-large\"><img loading=\"lazy\" decoding=\"async\" width=\"1920\" height=\"1281\" data-id=\"17566\" src=\"http:\/\/kommentatorenblog.de\/wp-content\/uploads\/2024\/04\/89752-1-3.jpg\" alt=\"\" class=\"wp-image-17566\" srcset=\"https:\/\/kommentatorenblog.de\/wp-content\/uploads\/2024\/04\/89752-1-3.jpg 1920w, https:\/\/kommentatorenblog.de\/wp-content\/uploads\/2024\/04\/89752-1-3-300x200.jpg 300w, https:\/\/kommentatorenblog.de\/wp-content\/uploads\/2024\/04\/89752-1-3-1024x683.jpg 1024w, https:\/\/kommentatorenblog.de\/wp-content\/uploads\/2024\/04\/89752-1-3-768x512.jpg 768w, https:\/\/kommentatorenblog.de\/wp-content\/uploads\/2024\/04\/89752-1-3-1536x1025.jpg 1536w, https:\/\/kommentatorenblog.de\/wp-content\/uploads\/2024\/04\/89752-1-3-272x182.jpg 272w\" sizes=\"auto, (max-width: 1920px) 100vw, 1920px\" \/><figcaption>Martin Schneider \u00a9 ZDF\/NOI CREW<\/figcaption><\/figure>\n<\/figure>\n\n\n\n<figure class=\"wp-block-gallery has-nested-images columns-default is-cropped wp-block-gallery-2 is-layout-flex wp-block-gallery-is-layout-flex\">\n<figure class=\"wp-block-image size-large\"><img loading=\"lazy\" decoding=\"async\" width=\"1920\" height=\"1440\" data-id=\"17559\" src=\"http:\/\/kommentatorenblog.de\/wp-content\/uploads\/2024\/04\/48525-11-1.jpg\" alt=\"\" class=\"wp-image-17559\" srcset=\"https:\/\/kommentatorenblog.de\/wp-content\/uploads\/2024\/04\/48525-11-1.jpg 1920w, https:\/\/kommentatorenblog.de\/wp-content\/uploads\/2024\/04\/48525-11-1-300x225.jpg 300w, https:\/\/kommentatorenblog.de\/wp-content\/uploads\/2024\/04\/48525-11-1-1024x768.jpg 1024w, https:\/\/kommentatorenblog.de\/wp-content\/uploads\/2024\/04\/48525-11-1-768x576.jpg 768w, https:\/\/kommentatorenblog.de\/wp-content\/uploads\/2024\/04\/48525-11-1-1536x1152.jpg 1536w\" sizes=\"auto, (max-width: 1920px) 100vw, 1920px\" \/><figcaption>Jochen Breyer \u00a9 ZDF\/Felix Schmitt<\/figcaption><\/figure>\n\n\n\n<figure class=\"wp-block-image size-large\"><img loading=\"lazy\" decoding=\"async\" width=\"1920\" height=\"1440\" data-id=\"17560\" src=\"http:\/\/kommentatorenblog.de\/wp-content\/uploads\/2024\/04\/35195-20-3.jpg\" alt=\"\" class=\"wp-image-17560\" srcset=\"https:\/\/kommentatorenblog.de\/wp-content\/uploads\/2024\/04\/35195-20-3.jpg 1920w, https:\/\/kommentatorenblog.de\/wp-content\/uploads\/2024\/04\/35195-20-3-300x225.jpg 300w, https:\/\/kommentatorenblog.de\/wp-content\/uploads\/2024\/04\/35195-20-3-1024x768.jpg 1024w, https:\/\/kommentatorenblog.de\/wp-content\/uploads\/2024\/04\/35195-20-3-768x576.jpg 768w, https:\/\/kommentatorenblog.de\/wp-content\/uploads\/2024\/04\/35195-20-3-1536x1152.jpg 1536w\" sizes=\"auto, (max-width: 1920px) 100vw, 1920px\" \/><figcaption>Katrin M\u00fcller-Hohenstein \u00a9 ZDF\/Felix Schmitt<\/figcaption><\/figure>\n<\/figure>\n\n\n\n<p class=\"has-black-color has-text-color\"><em>Moderation:&nbsp;<\/em>Jochen Breyer und Katrin M\u00fcller- Hohenstein<br><em>Experten- Team:<\/em> Christoph Kramer &amp; Per Mertesacker; Ren\u00e9 Adler (moma\/mima)<br><em>Schiedsrichter- Experte<\/em>: Manuel Gr\u00e4fe<br><em>G\u00e4ste<\/em>: Friederike Kromp, Laura Freigang &amp; Kathrin Lehmann<br><em>Kommentator\/in:&nbsp;<\/em>Oliver Schmidt, Claudia Neumann &amp; Martin Schneider<br><em>Co- Kommentator<\/em>: Hanno Balitsch, Moritz Volz<br><em>DFB- Quartier:<\/em>&nbsp;Sven Voss (Moderation), Amelie Stiefvatter (Schalten), Boris B\u00fcchler, Nils Kaben &amp; Johanna R\u00fcdiger (Reporter\/in)<br><em>Field- Reporter\/in<\/em>: Florian Zschiedrich, Lena Kesting &amp; Thomas Skulski<br><em>Social- Team<\/em>: Franziska M\u00fcllers<\/p>\n\n\n\n<p class=\"has-pale-pink-background-color has-background\"><strong>Magenta TV- Team<\/strong><\/p>\n\n\n\n<figure class=\"wp-block-gallery has-nested-images columns-default is-cropped wp-block-gallery-3 is-layout-flex wp-block-gallery-is-layout-flex\">\n<figure class=\"wp-block-image size-thumbnail\"><img loading=\"lazy\" decoding=\"async\" width=\"1080\" height=\"1080\" data-id=\"17842\" src=\"http:\/\/kommentatorenblog.de\/wp-content\/uploads\/2024\/05\/mods_em24_140524.jpg\" alt=\"\" class=\"wp-image-17842\" srcset=\"https:\/\/kommentatorenblog.de\/wp-content\/uploads\/2024\/05\/mods_em24_140524.jpg 1080w, https:\/\/kommentatorenblog.de\/wp-content\/uploads\/2024\/05\/mods_em24_140524-300x300.jpg 300w, https:\/\/kommentatorenblog.de\/wp-content\/uploads\/2024\/05\/mods_em24_140524-1024x1024.jpg 1024w, https:\/\/kommentatorenblog.de\/wp-content\/uploads\/2024\/05\/mods_em24_140524-150x150.jpg 150w, https:\/\/kommentatorenblog.de\/wp-content\/uploads\/2024\/05\/mods_em24_140524-768x768.jpg 768w\" sizes=\"auto, (max-width: 1080px) 100vw, 1080px\" \/><figcaption>Das Moderationsteam von MagentaTV f\u00fcr die EM 2024. \u00a9 MagentaTV\/Mataracan<br><\/figcaption><\/figure>\n<\/figure>\n\n\n\n<p class=\"has-black-color has-text-color\"><em>Moderation:&nbsp;<\/em>Johannes B. Kerner, Laura Wontorra &amp; Sascha Bandermann<br><em><em>Experten- Team:<\/em><\/em> Michael Ballack, Tabea Kemme, Shkodran Mustafi, Tim Borowski, Owen Hargreaves, Robin Gosens &amp; Lothar Matth\u00e4us<br><em>Schiedsrichter- Experte<\/em>: Patrick Ittrich<br><em>Kommentator\/in:&nbsp;<\/em>Wolff Fuss, Christian Stra\u00dfburger, Christina Rann, Jonas Friedrich, Jan Platte, Marco Hagemann, Markus H\u00f6hner, Alexander Klich &amp; Benni Zander<br><em>DFB- Quartier:<\/em>&nbsp;Thomas Wagner<br><em>Field- Reporter\/in<\/em>: Thomas Wagner, Anna Kraft, Ruth Hofmann &amp; Anna Sara Lange<br><em>Reporterinnen unterwegs<\/em>: Stefanie Blochwitz &amp; Kamila Benschop<br><em>Social- Team<\/em>: Paul Fischer, Ann- Sophie Kimmel &amp; Conan Furlong<br><em>Late-Night-Show:<\/em> Fahri Yardim &amp; Jonas Hector<\/p>\n\n\n\n<p class=\"has-pale-pink-color has-text-color\">Taktik- Kanal<\/p>\n\n\n\n<p><em>Moderation<\/em>: Jan Henkel<br><em>Experten<\/em>: Tim Borowski, Shkodran Mustafi &amp; Manuel Baum<br><em>Kommentatoren<\/em>: Benni Zander &amp; Jan Platte<\/p>\n\n\n\n<p class=\"has-pale-pink-color has-text-color\">Reaction Show<\/p>\n\n\n\n<p>G\u00e4ste: Nico Heymer, Christoph Kr\u00f6ger, Niklas Levinsohn (Calcio Berlin); Fabian Reese, Bastian Oczipka, Marcel &amp; Pascal Gurk<\/p>\n\n\n\n<p class=\"has-black-color has-vivid-red-background-color has-text-color has-background has-medium-font-size\"><strong>RTL- Team*<\/strong> <\/p>\n\n\n\n<figure class=\"wp-block-image size-large\"><img loading=\"lazy\" decoding=\"async\" width=\"1024\" height=\"576\" src=\"https:\/\/kommentatorenblog.de\/wp-content\/uploads\/2024\/05\/meldung_1714654244457.xml_-1024x576.jpg\" alt=\"\" class=\"wp-image-17875\" srcset=\"https:\/\/kommentatorenblog.de\/wp-content\/uploads\/2024\/05\/meldung_1714654244457.xml_-1024x576.jpg 1024w, https:\/\/kommentatorenblog.de\/wp-content\/uploads\/2024\/05\/meldung_1714654244457.xml_-300x169.jpg 300w, https:\/\/kommentatorenblog.de\/wp-content\/uploads\/2024\/05\/meldung_1714654244457.xml_-768x432.jpg 768w, https:\/\/kommentatorenblog.de\/wp-content\/uploads\/2024\/05\/meldung_1714654244457.xml_.jpg 1150w\" sizes=\"auto, (max-width: 1024px) 100vw, 1024px\" \/><figcaption>V.l.: Jan Henkel, Jana Wosnitza, Thomas Wagner, Laura Papendick, Michael Ballack, Shkodran Mustafi, Wolff-Christoph Fuss, Florian K\u00f6nig, Anna-Sara Lange, Laura Wontorra, Steffen Freund, Lothar Matth\u00e4us, Marco Hagemann und Anna Kraft \u00a9 RTL\/ Guido Engels<\/figcaption><\/figure>\n\n\n\n<p><em>Moderation:&nbsp;<\/em>Johannes B. Kerner &amp; Laura Wontorra (Studio), Florian K\u00f6nig &amp; Laura Papendick (Stadion)<br><em>Expert<\/em>e: Lothar Matth\u00e4us (Stadion), siehe Magenta (Studio)<br><em>Kommentator:&nbsp;<\/em>Wolff Fuss &amp; Marco Hagemann<br><em>Co- Kommentator<\/em>: Steffen Freund<br><em>DFB- Quartier:<\/em>&nbsp;Thomas Wagner<br><em>Field- Reporterin:<\/em>&nbsp;Jana Wosnitza, Anna Kraft, Anna Sara Lange &amp; Laura Papendick<br><em>RTL EM-Studio:<\/em> Elton &amp; Thomas Helmer, Jan K\u00f6ppen &amp; Stefan Effenberg<\/p>\n\n\n\n<p style=\"font-size:14px\">*im Rahmen einer Kooperation \u00fcbernimmt RTL das Programm von Magenta, vereinzelt erg\u00e4nzt um eigenes Personal. Dadurch k\u00f6nnte zus\u00e4tzlich zu den genannten Personen weiteres Magenta- Personal zum Einsatz kommen. Gleiches gilt f\u00fcr RTL- Personal.<\/p>\n\n\n\n<p style=\"font-size:15px\"><em>&#8212; es kann zu \u00c4nderungen \/  Erg\u00e4nzungen bei den Teams kommen \/ kein Anspruch auf Vollst\u00e4ndigkeit &#8212;<\/em><\/p>\n\n\n\n<hr class=\"wp-block-separator\"\/>\n\n\n\n<p>Die Telekom hatte sich \u00fcberraschend die TV- Rechte f\u00fcr die Heim- Europameisterschaft gesichert, durch Sublizenzen an ARD und ZDF (je 17 Spiele) sowie RTL (12 Spiele) diese aber Gro\u00dfteils ins Free TV verkauft, f\u00fcnf Spiele laufen exklusiv bei Magenta TV.<\/p>\n\n\n\n<p><strong>Das Wichtigste im Kurz- \u00dcberblick<\/strong><\/p>\n\n\n\n<p class=\"has-black-color has-text-color\">Die ARD sendet diesmal komplett aus dem Stadion und verzichtet auf ein eigenes Studio. Pro Spiel werden immer zwei Experten eingesetzt, eine\/r analysiert, der\/ die andere co- kommentiert die Partie. Die Rollen werden, mit Ausnahme von Schweinsteiger, immer gewechselt. Im Vergleich zur letzten Euro kommentiert Graf anstelle von Na\u00df.<br>Im H\u00f6rfunkt bietet die Sportschau erstmals neben Einblendungen im Radio auch Vollreportagen aller 51 Spiele als Netcast auf sportschau.de\/ in der ARD Audiothek an. Alle deutschen Spiele werden als Vollreportagen bei den ARD- Infowellen zu h\u00f6ren sein, dazu soll es hier, vor allem in den Abendstunden weitere Vollreportagen geben (z.B.: Spanien- Italien bei BR24)<\/p>\n\n\n\n<p>ARD-H\u00f6rfunksender mit <strong>regelm\u00e4\u00dfigen <\/strong>Live-\u00dcbertragungen von der UEFA EURO 2024:<\/p>\n\n\n\n<ul class=\"wp-block-list\"><li><strong>BR<\/strong>: BR24<\/li><li><strong>HR<\/strong>: HR1, HR Info<\/li><li><strong>MDR<\/strong>: MDR Aktuell<\/li><li><strong>NDR<\/strong>: NDR 2, NDR Info<\/li><li><strong>RBB<\/strong>: RBB24 Inforadio<\/li><li><strong>Radio Bremen<\/strong>: Bremen Eins<\/li><li><strong>SR<\/strong>: SR3<\/li><li><strong>SWR<\/strong>: SWR 1, SWR Aktuell<\/li><li><strong>WDR<\/strong>: WDR 2, WDR Event (alle Vollreportagen)<\/li><\/ul>\n\n\n\n<p>Das ZDF moderiert aus einem Studio in Berlin, wo sich Breyer und M\u00fcller- Hohenstein abwechseln. Nach R\u00e9thys Renteneintritt reduziert sich das Kommentatoren- Team um eine Person, Oliver Schmidt ist dabei die Nummer 1 und \u00fcbernimmt das Er\u00f6ffnungsspiel. Wie bei der ARD gibt es alle Partien auch mit Audiodeskription.<\/p>\n\n\n\n<p>RTL und die Telekom haben f\u00fcr die Euro eine Kooperation gestartet, RTL \u00fcbernimmt bei seinen Spielen das Programm von Magenta, setzt u.a. mit Steffen Freund aber auch eigenes Personal ein. Die Moderation im Studio \u00fcbernehmen Johannes B. Kerner und Laura Wontorra, w\u00e4hrend Hagemann und Fuss die RTL- Spiele bei beiden Sendern kommentieren werden. Diese Spiele, aber auch alle anderen Magenta- Spiele werden aus dem Stadion kommentiert, selbiges gilt nat\u00fcrlich auch f\u00fcr die \u00dcbertragungen von ARD und ZDF.<\/p>\n\n\n\n<p>Magenta bietet dar\u00fcber hinaus am letzten Spieltag Konferenzen an, ebenso wird es wieder einen Taktik- Kanal und eine Reaction- Show geben.<\/p>\n\n\n\n<p>Euch reichen die Informationen zu den EM- Teams noch nicht, dann schaut gerne in die Beitr\u00e4ge rein, wo wir euch die Teams von <a href=\"https:\/\/kommentatorenblog.de\/?p=17517\">ARD und ZDF<\/a> sowie von <a href=\"https:\/\/kommentatorenblog.de\/?p=17816\">Magenta und RTL <\/a>vorgestellt haben, auf unserem <a href=\"https:\/\/www.instagram.com\/kommentatorenblog.de\/\">Instagram- Kanal<\/a> findet ihr dazu auch nochmal eine \u00dcbersicht zu allen EM- Teams und nat\u00fcrlich auch die aktuellen Ansetzungen in unserer Story. Ansonsten k\u00f6nnt ihr auch bei unserem Kooperationspartner Screentime Sport reinh\u00f6ren, der sich in schon mehreren Ausgaben der EM &#8211; \u00dcbertragung gewidmet hat:<\/p>\n\n\n\n<figure class=\"wp-block-embed is-type-rich is-provider-spotify wp-block-embed-spotify wp-embed-aspect-21-9 wp-has-aspect-ratio\"><div class=\"wp-block-embed__wrapper\">\n<iframe title=\"Spotify Embed: EURO 2024 auch bei Magenta Sport\" style=\"border-radius: 12px\" width=\"100%\" height=\"152\" frameborder=\"0\" allowfullscreen allow=\"autoplay; clipboard-write; encrypted-media; fullscreen; picture-in-picture\" loading=\"lazy\" src=\"https:\/\/open.spotify.com\/embed\/episode\/2GpkgfL5ReW9HHHYzzmq5r?si=bBloGgFQScGoMmvWfpj_8w&#038;utm_source=oembed\"><\/iframe>\n<\/div><\/figure>\n\n\n\n<hr class=\"wp-block-separator\"\/>\n\n\n\n<p><strong>Die Ansetzungen vom 11. Juni 2024 bis 13. Juni2024<\/strong><\/p>\n\n\n\n<hr class=\"wp-block-separator\"\/>\n\n\n\n<p><strong>L\u00e4nderspiele, Freundschaftsspiele<\/strong><\/p>\n\n\n\n<hr class=\"wp-block-separator\"\/>\n\n\n\n<p><strong>CAF WM-Qualifikation 2026 (sportdigital)<\/strong><\/p>\n\n\n\n<p><span style=\"text-decoration: underline;\">Dienstag, 11. Juni 2024<\/span><\/p>\n\n\n\n<p><strong><em>Kenia &#8211; Elfenbeink\u00fcste (15.00 Uhr)<\/em><\/strong><\/p>\n\n\n\n<p><img loading=\"lazy\" decoding=\"async\" width=\"10\" height=\"21\" class=\"wp-image-3656\" style=\"width: 10px;\" src=\"http:\/\/kommentatorenblog.de\/wp-content\/uploads\/2020\/09\/shure-55sh-ii-e1601485394796.jpg\" alt=\"\" srcset=\"https:\/\/kommentatorenblog.de\/wp-content\/uploads\/2020\/09\/shure-55sh-ii-e1601485394796.jpg 415w, https:\/\/kommentatorenblog.de\/wp-content\/uploads\/2020\/09\/shure-55sh-ii-e1601485394796-142x300.jpg 142w\" sizes=\"auto, (max-width: 10px) 100vw, 10px\" \/> Marvin Kirsch<\/p>\n\n\n\n<p><strong><em>S\u00fcdafrika &#8211; Simbabwe <\/em><\/strong><em><strong>(18.00 Uhr)<\/strong><\/em><\/p>\n\n\n\n<p><img loading=\"lazy\" decoding=\"async\" width=\"10\" height=\"21\" class=\"wp-image-3656\" style=\"width: 10px;\" src=\"http:\/\/kommentatorenblog.de\/wp-content\/uploads\/2020\/09\/shure-55sh-ii-e1601485394796.jpg\" alt=\"\" srcset=\"https:\/\/kommentatorenblog.de\/wp-content\/uploads\/2020\/09\/shure-55sh-ii-e1601485394796.jpg 415w, https:\/\/kommentatorenblog.de\/wp-content\/uploads\/2020\/09\/shure-55sh-ii-e1601485394796-142x300.jpg 142w\" sizes=\"auto, (max-width: 10px) 100vw, 10px\" \/> Martin Hahn<\/p>\n\n\n\n<p><em><strong>Republik Kongo &#8211; Marokko (21.00 Uhr)<\/strong><\/em><\/p>\n\n\n\n<p><img loading=\"lazy\" decoding=\"async\" width=\"10\" height=\"21\" class=\"wp-image-3656\" style=\"width: 10px;\" src=\"http:\/\/kommentatorenblog.de\/wp-content\/uploads\/2020\/09\/shure-55sh-ii-e1601485394796.jpg\" alt=\"\" srcset=\"https:\/\/kommentatorenblog.de\/wp-content\/uploads\/2020\/09\/shure-55sh-ii-e1601485394796.jpg 415w, https:\/\/kommentatorenblog.de\/wp-content\/uploads\/2020\/09\/shure-55sh-ii-e1601485394796-142x300.jpg 142w\" sizes=\"auto, (max-width: 10px) 100vw, 10px\" \/> Jonathan Dreier<\/p>\n\n\n\n<p><strong>Liga Profesional (sportdigital)<\/strong><\/p>\n\n\n\n<p><span style=\"text-decoration: underline;\">Donnerstag, 13. Juni 2024<\/span><\/p>\n\n\n\n<p><strong><em>Deportivo Riestra &#8211; CA River Plate (20.00 Uhr)<\/em><\/strong><\/p>\n\n\n\n<p><img loading=\"lazy\" decoding=\"async\" width=\"10\" height=\"21\" class=\"wp-image-3656\" style=\"width: 10px;\" src=\"http:\/\/kommentatorenblog.de\/wp-content\/uploads\/2020\/09\/shure-55sh-ii-e1601485394796.jpg\" alt=\"\" srcset=\"https:\/\/kommentatorenblog.de\/wp-content\/uploads\/2020\/09\/shure-55sh-ii-e1601485394796.jpg 415w, https:\/\/kommentatorenblog.de\/wp-content\/uploads\/2020\/09\/shure-55sh-ii-e1601485394796-142x300.jpg 142w\" sizes=\"auto, (max-width: 10px) 100vw, 10px\" \/> Arne Malsch<\/p>\n\n\n\n<hr class=\"wp-block-separator\"\/>\n\n\n\n<hr class=\"wp-block-separator\"\/>\n\n\n\n<p>Am Donnerstag meldet sich Nico an der Stelle mit dem Er\u00f6ffnungsspiel der Heim- EM und nat\u00fcrlich auch allen weiteren Spielen des ersten Gruppenspieltags.<br>Aufgrund der EM passen wir unser Ver\u00f6ffentlichungsschema leicht an und orientieren uns an den Spieltagen, den \u00fcbern\u00e4chsten Beitrag gibt es dadurch dann am Dienstag (18.06) von Hannes.<br>Damit w\u00fcnsche ich euch allen eine sch\u00f6ne Europameisterschaft, dass es ein Fest f\u00fcr alle Menschen wird!<\/p>\n","protected":false},"excerpt":{"rendered":"<p>N&#8217;Abend allerseits,die EM im eigenen Land steht unmittelbar bevor, und deshalb geben wir euch hier nochmal einen Blick, wer bei welchem Sender zum Einsatz kommen wird: Das Personal der Europameisterschaft 2024 ARD &#8211; Team Sportschau live ARD &#8211; TV Moderation:&nbsp;Alexander Bommes &amp; Esther SedlaczekExperten- Team: Bastian Schweinsteiger, Almuth Schult, Thomas Broich &amp; Thomas HitzlspergerSchiedsrichter- Experten- [&hellip;]<\/p>\n","protected":false},"author":10,"featured_media":0,"comment_status":"open","ping_status":"open","sticky":false,"template":"","format":"standard","meta":{"footnotes":""},"categories":[1132,426],"tags":[246,949,548,920,867,404,1136,517,1122,1060,925,19,1115,1120,617,263,1146,355,490,21,1134,240,35,615,657,544,1127,36,636,1125,1144,512,97,1129,1142,148,908,830,1140,272,540,1118,543,1145,48,770,723,774,1138,804,39,960,520,69,1143,507,605,1117,248,489,737,50,1139,75,44,909,935,787,31,1080,9,893,1135,488,1112,1130,43,67,649,1137,38,1119,581,383,500,1111,1126,1128,733,109,1121,1131,561,1124,161,84,1141,138,76,12,1087,666,1114,68,135,151,620,575,710,639,247,595,891,351,33,836,395,273,734,107,37],"class_list":["post-18025","post","type-post","status-publish","format-standard","hentry","category-em-2024","category-laenderspiele","tag-alexander-bommes","tag-alexander-klich-2","tag-almuth-schult","tag-amelie-stiefvatter","tag-andre-siems","tag-ann-sophie-kimmel","tag-anna-klaer","tag-anna-kraft","tag-anna-sara-lange","tag-anne-hilt","tag-anne-van-eickels","tag-ard","tag-ard-hoerfunk","tag-armin-lehmann","tag-arnd-zeigler","tag-arne-malsch","tag-bastian-oczipka","tag-bastian-schweinsteiger","tag-ben-wozny","tag-benni-zander","tag-bibiana-steinhaus-webb","tag-boris-buechler","tag-christian-strassburger","tag-christina-graf","tag-christina-rann","tag-christoph-kramer","tag-christoph-kroeger","tag-claudia-neumann","tag-claus-lufen","tag-conan-furlong","tag-elton","tag-em-2024","tag-esther-sedlaczek","tag-fabian-reese","tag-fahri-yardim","tag-florian-koenig","tag-florian-zschiedrich","tag-franziska-muellers","tag-friederike-kromp","tag-gerd-gottlob","tag-hanno-balitsch","tag-holger-dahl","tag-jan-henkel","tag-jan-koeppen","tag-jan-platte","tag-jan-wochner","tag-jana-wosnitza","tag-janna-betten","tag-jens-walbrodt","tag-jens-joerg-rieck","tag-jochen-breyer","tag-johanna-ruediger","tag-johannes-b-kerner","tag-jonas-friedrich","tag-jonas-hector","tag-jonathan-dreier","tag-julia-buechler","tag-julia-kleine","tag-julia-scharf","tag-kamila-benschop","tag-kathrin-lehmann","tag-katrin-mueller-hohenstein","tag-laura-freigang","tag-laura-papendick","tag-laura-wontorra","tag-lea-wagner","tag-lena-kesting","tag-lisa-tellers","tag-lothar-matthaeus","tag-lutz-wagner","tag-magenta-sport","tag-magenta-tv","tag-malte-voelz","tag-manuel-baum","tag-manuel-graefe","tag-marcel-gurk","tag-marco-hagemann","tag-markus-hoehner","tag-martin-hahn","tag-martin-roschitz","tag-martin-schneider","tag-martina-knief","tag-marvin-kirsch","tag-michael-augustin","tag-michael-ballack","tag-moritz-volz","tag-nico-heymer","tag-niklas-levinsohn","tag-nils-kaben","tag-oliver-schmidt","tag-owen-hagreaves","tag-pascal-gurk","tag-patrick-ittrich","tag-paul-fischer","tag-per-mertesacker","tag-rene-adler","tag-robin-gosens","tag-rtl","tag-ruth-hofmann","tag-sascha-bandermann","tag-shkodran-mustafi","tag-sportschau","tag-sportstudio","tag-stefan-effenberg","tag-stefanie-blochwitz","tag-steffen-freund","tag-stephanie-baczyk","tag-stephanie-mueller-spirra","tag-sven-voss","tag-tabea-kemme","tag-thomas-broich","tag-thomas-helmer","tag-thomas-hitzlsperger","tag-thomas-skulski","tag-thomas-wagner","tag-tim-borowski","tag-tobi-schaefer","tag-tom-bartels","tag-uri-zahavi","tag-wolff-fuss","tag-zdf"],"_links":{"self":[{"href":"https:\/\/kommentatorenblog.de\/index.php?rest_route=\/wp\/v2\/posts\/18025","targetHints":{"allow":["GET"]}}],"collection":[{"href":"https:\/\/kommentatorenblog.de\/index.php?rest_route=\/wp\/v2\/posts"}],"about":[{"href":"https:\/\/kommentatorenblog.de\/index.php?rest_route=\/wp\/v2\/types\/post"}],"author":[{"embeddable":true,"href":"https:\/\/kommentatorenblog.de\/index.php?rest_route=\/wp\/v2\/users\/10"}],"replies":[{"embeddable":true,"href":"https:\/\/kommentatorenblog.de\/index.php?rest_route=%2Fwp%2Fv2%2Fcomments&post=18025"}],"version-history":[{"count":50,"href":"https:\/\/kommentatorenblog.de\/index.php?rest_route=\/wp\/v2\/posts\/18025\/revisions"}],"predecessor-version":[{"id":18178,"href":"https:\/\/kommentatorenblog.de\/index.php?rest_route=\/wp\/v2\/posts\/18025\/revisions\/18178"}],"wp:attachment":[{"href":"https:\/\/kommentatorenblog.de\/index.php?rest_route=%2Fwp%2Fv2%2Fmedia&parent=18025"}],"wp:term":[{"taxonomy":"category","embeddable":true,"href":"https:\/\/kommentatorenblog.de\/index.php?rest_route=%2Fwp%2Fv2%2Fcategories&post=18025"},{"taxonomy":"post_tag","embeddable":true,"href":"https:\/\/kommentatorenblog.de\/index.php?rest_route=%2Fwp%2Fv2%2Ftags&post=18025"}],"curies":[{"name":"wp","href":"https:\/\/api.w.org\/{rel}","templated":true}]}}